{"id":1073,"date":"2019-03-18T10:55:06","date_gmt":"2019-03-18T10:55:06","guid":{"rendered":"https:\/\/www.mydemenageur.com\/blog\/?p=1073"},"modified":"2024-09-14T13:03:08","modified_gmt":"2024-09-14T13:03:08","slug":"transporter-frigo","status":"publish","type":"post","link":"https:\/\/www.mydemenageur.com\/blog\/transporter-frigo\/","title":{"rendered":"Comment transporter et d\u00e9m\u00e9nager un frigo ? Peut-on le coucher ?\ufeff"},"content":{"rendered":"<p>Vous <strong>d\u00e9m\u00e9nagez<\/strong> et vous ne savez pas <strong>comment d\u00e9placer et <a href=\"https:\/\/www.mydemenageur.com\/aide-demenagement\/demenagement-frigo\">transporter votre frigo<\/a><\/strong> ? Vous souhaitez <strong>changer de frigo<\/strong> et ne savez pas comment le <strong>manipuler<\/strong> ? Vous vous demandez s&rsquo;il est possible de <strong>coucher un frigo<\/strong> ? En effet, il faut faire tr\u00e8s attention lorsque l\u2019on <strong>d\u00e9place un frigo<\/strong> et qu\u2019on l\u2019installe chez soi. Cet <strong>\u00e9lectrom\u00e9nager<\/strong> est <strong>lourd<\/strong> et <strong>fragile<\/strong>, attention au <strong>liquide frigorig\u00e8ne<\/strong> ! Pour ceux qui changent de logement, voici un petit guide sur la marche \u00e0 suivre :<\/p>\n<figure><img decoding=\"async\" src=\"https:\/\/www.mydemenageur.com\/blog\/wp-content\/uploads\/2019\/03\/frigo-1.jpg\" alt=\"Conseils d\u00e9m\u00e9nagement : transport, m\u00e9nage, d\u00e9marches, r\u00e9parations\" width=\"680\" height=\"680\" \/><figcaption>Ahhh les frigos&#8230; Un \u00e9l\u00e9ment souvent imposant \u00e0 d\u00e9m\u00e9nager<\/figcaption><\/figure>\n<div id=\"ez-toc-container\" class=\"ez-toc-v2_0_82_2 counter-hierarchy ez-toc-counter ez-toc-custom ez-toc-container-direction\">\n<div class=\"ez-toc-title-container\">\n<p class=\"ez-toc-title\" style=\"cursor:inherit\">Ce que vous allez apprendre<\/p>\n<span class=\"ez-toc-title-toggle\"><\/span><\/div>\n<nav><ul class='ez-toc-list ez-toc-list-level-1 ' ><li class='ez-toc-page-1 ez-toc-heading-level-2'><a class=\"ez-toc-link ez-toc-heading-1\" href=\"https:\/\/www.mydemenageur.com\/blog\/transporter-frigo\/#avant-de-demenager-le-frigo\" >Avant de d\u00e9m\u00e9nager le frigo<\/a><\/li><li class='ez-toc-page-1 ez-toc-heading-level-2'><a class=\"ez-toc-link ez-toc-heading-2\" href=\"https:\/\/www.mydemenageur.com\/blog\/transporter-frigo\/#porter-un-frigo-sans-se-blesser\" >Porter un frigo sans se blesser<\/a><\/li><li class='ez-toc-page-1 ez-toc-heading-level-2'><a class=\"ez-toc-link ez-toc-heading-3\" href=\"https:\/\/www.mydemenageur.com\/blog\/transporter-frigo\/#les-differents-types-de-refrigerateurs-et-leurs-mesures\" >Les diff\u00e9rents types de r\u00e9frig\u00e9rateurs et leurs mesures<\/a><ul class='ez-toc-list-level-3' ><li class='ez-toc-heading-level-3'><a class=\"ez-toc-link ez-toc-heading-4\" href=\"https:\/\/www.mydemenageur.com\/blog\/transporter-frigo\/#le-table-top\" >Le Table top<\/a><\/li><li class='ez-toc-page-1 ez-toc-heading-level-3'><a class=\"ez-toc-link ez-toc-heading-5\" href=\"https:\/\/www.mydemenageur.com\/blog\/transporter-frigo\/#le-classique\" >Le classique<\/a><\/li><li class='ez-toc-page-1 ez-toc-heading-level-3'><a class=\"ez-toc-link ez-toc-heading-6\" href=\"https:\/\/www.mydemenageur.com\/blog\/transporter-frigo\/#le-combine-refrigerateur-congelateur\" >Le combin\u00e9 r\u00e9frig\u00e9rateur cong\u00e9lateur<\/a><\/li><li class='ez-toc-page-1 ez-toc-heading-level-3'><a class=\"ez-toc-link ez-toc-heading-7\" href=\"https:\/\/www.mydemenageur.com\/blog\/transporter-frigo\/#le-refrigerateur-americain\" >Le r\u00e9frig\u00e9rateur am\u00e9ricain<\/a><\/li><li class='ez-toc-page-1 ez-toc-heading-level-3'><a class=\"ez-toc-link ez-toc-heading-8\" href=\"https:\/\/www.mydemenageur.com\/blog\/transporter-frigo\/#le-refrigerateur-cube-ou-mini-bar\" >Le r\u00e9frig\u00e9rateur Cube ou mini-bar<\/a><\/li><li class='ez-toc-page-1 ez-toc-heading-level-3'><a class=\"ez-toc-link ez-toc-heading-9\" href=\"https:\/\/www.mydemenageur.com\/blog\/transporter-frigo\/#le-refrigerateur-encastrable\" >Le r\u00e9frig\u00e9rateur encastrable<\/a><\/li><\/ul><\/li><li class='ez-toc-page-1 ez-toc-heading-level-2'><a class=\"ez-toc-link ez-toc-heading-10\" href=\"https:\/\/www.mydemenageur.com\/blog\/transporter-frigo\/#de-quelle-maniere-transporter-mon-frigo-sans-risques\" >De quelle mani\u00e8re transporter mon frigo sans risques ?<\/a><\/li><li class='ez-toc-page-1 ez-toc-heading-level-2'><a class=\"ez-toc-link ez-toc-heading-11\" href=\"https:\/\/www.mydemenageur.com\/blog\/transporter-frigo\/#verifier-le-bon-fonctionnement-apres-le-demenagement\" >V\u00e9rifier le bon fonctionnement apr\u00e8s le d\u00e9m\u00e9nagement<\/a><\/li><li class='ez-toc-page-1 ez-toc-heading-level-2'><a class=\"ez-toc-link ez-toc-heading-12\" href=\"https:\/\/www.mydemenageur.com\/blog\/transporter-frigo\/#pourquoi-ne-faut-il-pas-coucher-votre-frigo\" >Pourquoi ne faut-il pas coucher votre frigo ?<\/a><\/li><li class='ez-toc-page-1 ez-toc-heading-level-2'><a class=\"ez-toc-link ez-toc-heading-13\" href=\"https:\/\/www.mydemenageur.com\/blog\/transporter-frigo\/#est-il-possible-de-quand-meme-transporter-un-frigo-couche\" >Est-il possible de quand m\u00eame transporter un frigo couch\u00e9 ?<\/a><\/li><li class='ez-toc-page-1 ez-toc-heading-level-2'><a class=\"ez-toc-link ez-toc-heading-14\" href=\"https:\/\/www.mydemenageur.com\/blog\/transporter-frigo\/#comment-se-debarrasser-de-son-frigo\" >Comment se d\u00e9barrasser de son frigo ?<\/a><ul class='ez-toc-list-level-3' ><li class='ez-toc-heading-level-3'><a class=\"ez-toc-link ez-toc-heading-15\" href=\"https:\/\/www.mydemenageur.com\/blog\/transporter-frigo\/#le-vendre-ou-le-donner\" >Le vendre ou le donner !<\/a><\/li><li class='ez-toc-page-1 ez-toc-heading-level-3'><a class=\"ez-toc-link ez-toc-heading-16\" href=\"https:\/\/www.mydemenageur.com\/blog\/transporter-frigo\/#le-rapporter-en-magasin\" >Le rapporter en magasin<\/a><\/li><li class='ez-toc-page-1 ez-toc-heading-level-3'><a class=\"ez-toc-link ez-toc-heading-17\" href=\"https:\/\/www.mydemenageur.com\/blog\/transporter-frigo\/#lamener-a-la-dechetterie\" >L\u2019amener \u00e0 la d\u00e9chetterie<\/a><\/li><\/ul><\/li><\/ul><\/nav><\/div>\n<h2><span class=\"ez-toc-section\" id=\"avant-de-demenager-le-frigo\"><\/span>Avant de d\u00e9m\u00e9nager le frigo<span class=\"ez-toc-section-end\"><\/span><\/h2>\n<p>Avant de faire quoi que ce soit, mesurez ses dimensions pour \u00eatre s\u00fbr.e de savoir s\u2019il passera la porte d\u2019entr\u00e9e et s&rsquo;il sera adapt\u00e9 \u00e0 l\u2019endroit o\u00f9 vous le placerez.<\/p>\n<p>Une fois fait, voici comment proc\u00e9der :<\/p>\n<ol>\n<li><strong>D\u00e9branchez votre r\u00e9frig\u00e9rateur<\/strong> la nuit avant le d\u00e9m\u00e9nagement ou quelques jours avant.<\/li>\n<li><strong>Videz-le<\/strong>. Pour le vider vous pouvez commencer plusieurs jours \u00e0 l\u2019avance en consommant la nourriture qui s\u2019y trouve et en veillant \u00e0 ne pas en rajouter dedans.<\/li>\n<li><strong>D\u00e9givrez-le<\/strong>. \u00c9teignez-le ou d\u00e9branchez-le. Lors du d\u00e9givrage, mettez une serviette au sol pour qu\u2019elle absorbe l\u2019eau qui d\u00e9coule du frigo. Cette \u00e9tape dure en g\u00e9n\u00e9ral 5 heures.<\/li>\n<li><strong>Nettoyez votre frigo<\/strong>. En g\u00e9n\u00e9ral, ce n&rsquo;est qu&rsquo;apr\u00e8s l\u2019avoir vid\u00e9 et d\u00e9givr\u00e9 que vous r\u00e9aliserez \u00e0 quel point votre frigo n\u2019\u00e9tait pas si propre que \u00e7a ! Vous pouvez le nettoyer de diverses fa\u00e7ons, l\u2019une d\u2019elles \u00e9tant de remplir un r\u00e9cipient avec 50% de vinaigre blanc et 50% d\u2019eau ti\u00e8de. Apr\u00e8s l\u2019avoir lav\u00e9, n\u2019oubliez pas de l\u2019essuyer avec un chiffon propre.<\/li>\n<li><strong>S\u00e9curisez-le<\/strong>. Une fois votre frigo vide, propre et sec, pensez \u00e0 fixer avec du ruban adh\u00e9sif ou \u00e0 retirer les diff\u00e9rents \u00e9l\u00e9ments internes qui le composent : \u00e9tag\u00e8res, tiroirs, bacs, etc. Puis fixez la porte \u00e0 l\u2019aide d\u2019une sangle ou d&rsquo;un tendeur par exemple pour \u00e9viter qu\u2019elle ne s\u2019ouvre durant le transport.<\/li>\n<\/ol>\n<h2><span class=\"ez-toc-section\" id=\"porter-un-frigo-sans-se-blesser\"><\/span>Porter un frigo sans se blesser<span class=\"ez-toc-section-end\"><\/span><\/h2>\n<p>Le frigo est un \u00e9l\u00e9ment lourd et encombrant \u00e0 d\u00e9m\u00e9nager. Il est conseill\u00e9 d&rsquo;\u00eatre accompagn\u00e9 pour porter le frigo et de ne pas le d\u00e9placer seul. Pour rejoindre le camion de d\u00e9m\u00e9nagement, vous pouvez au maximum utiliser du mat\u00e9riel de transport comme un diable ou un chariot pour faire \u00ab\u00a0rouler\u00a0\u00bb le frigo et \u00e9viter de le porter.<\/p>\n<p>Ces \u00e9quipements vous resserviront forc\u00e9ment, mais vous pouvez choisir un mod\u00e8le pliable pour limiter l&rsquo;espace de stockage n\u00e9cessaire.<\/p>\n<h2><span class=\"ez-toc-section\" id=\"les-differents-types-de-refrigerateurs-et-leurs-mesures\"><\/span>Les diff\u00e9rents types de r\u00e9frig\u00e9rateurs et leurs mesures<span class=\"ez-toc-section-end\"><\/span><\/h2>\n<h3><span class=\"ez-toc-section\" id=\"le-table-top\"><\/span>Le Table top<span class=\"ez-toc-section-end\"><\/span><\/h3>\n<figure><img decoding=\"async\" src=\"https:\/\/www.mydemenageur.com\/blog\/wp-content\/uploads\/2019\/03\/table-top.jpg\" alt=\"table top\" width=\"680\" height=\"510\" \/><figcaption>Un Table top est plut\u00f4t facile \u00e0 d\u00e9m\u00e9nager<\/figcaption><\/figure>\n<p>Le plus petit des r\u00e9frig\u00e9rateurs. Sa capacit\u00e9 est de 200L en g\u00e9n\u00e9ral avec une hauteur d\u2019environ 85 cm et une largeur entre 40 et 60 cm. Il peut contenir un conservateur (freezer).<\/p>\n<p>Il ne prend pas beaucoup de place lors d&rsquo;un d\u00e9m\u00e9nagement, on peut m\u00eame y d\u00e9poser des choses dessus.<\/p>\n<p>Il rentre dans un petit utilitaire de type Berlingo.<\/p>\n<h3><span class=\"ez-toc-section\" id=\"le-classique\"><\/span>Le classique<span class=\"ez-toc-section-end\"><\/span><\/h3>\n<p>Plus grand, sa capacit\u00e9 peut aller de 200 \u00e0 400L. Ce mod\u00e8le a les dimensions standards d\u2019un r\u00e9frig\u00e9rateur : une hauteur jusqu\u2019\u00e0 200 cm, une largeur de 46 \u00e0 66 cm. Il poss\u00e8de en g\u00e9n\u00e9ral soit un conservateur (2 ou 3 \u00e9toiles) ou un cong\u00e9lateur (4 \u00e9toiles).<\/p>\n<p>Il faut le transporter debout avec un utilitaire suffisamment spacieux (Jumper, Boxer, Ducato&#8230;).<\/p>\n\n<h3><span class=\"ez-toc-section\" id=\"le-combine-refrigerateur-congelateur\"><\/span>Le combin\u00e9 r\u00e9frig\u00e9rateur cong\u00e9lateur<span class=\"ez-toc-section-end\"><\/span><\/h3>\n<p>Il dispose d\u2019une partie d\u00e9di\u00e9e au cong\u00e9lateur lui-m\u00eame qui se trouve soit en haut de l\u2019appareil, soit en bas. La capacit\u00e9 du cong\u00e9lateur peut varier de 30 \u00e0 120 L tandis que celle du r\u00e9frig\u00e9rateur de 60 \u00e0 260 L. Sa hauteur est g\u00e9n\u00e9ralement de 200 cm, sa largeur de 60 cm, et sa profondeur de 70 cm.<\/p>\n<p>Il faut un utilitaire assez grand pour pouvoir le transporter debout.<\/p>\n<h3><span class=\"ez-toc-section\" id=\"le-refrigerateur-americain\"><\/span>Le r\u00e9frig\u00e9rateur am\u00e9ricain<span class=\"ez-toc-section-end\"><\/span><\/h3>\n<p>C\u2019est le plus grand mod\u00e8le avec ses deux portes en fa\u00e7ade : un c\u00f4t\u00e9 cong\u00e9lateur et un c\u00f4t\u00e9 r\u00e9frig\u00e9rateur. Du c\u00f4t\u00e9 cong\u00e9lateur, il y a aussi un distributeur de gla\u00e7ons, de glace pil\u00e9e et d\u2019eau fra\u00eeche. La capacit\u00e9 du cong\u00e9lateur varie de 130 \u00e0 290 L et celle du r\u00e9frig\u00e9rateur de 320 \u00e0 450 L. Sa hauteur varie entre 170 et 190 cm, sa largeur entre 90 et 100 cm et sa profondeur de 70 \u00e0 90 cm.<\/p>\n<p>Sa taille imposante et son poids non moins imposant en font un frigo un peu plus difficile \u00e0 man\u0153uvrer mais sur le principe c&rsquo;est la m\u00eame chose que les autres : il doit voyager debout ou avec un angle minimum de 45\u00b0.<\/p>\n<h3><span class=\"ez-toc-section\" id=\"le-refrigerateur-cube-ou-mini-bar\"><\/span>Le r\u00e9frig\u00e9rateur Cube ou mini-bar<span class=\"ez-toc-section-end\"><\/span><\/h3>\n<p>Le plus petit, avec une capacit\u00e9 allant de 20 \u00e0 60 L, que l\u2019on peut utiliser lorsqu&rsquo;on a tr\u00e8s peu d\u2019espace. Il y a une version portable qui permet de l\u2019emmener en camping par exemple.<\/p>\n<p>Celui-l\u00e0 est facile \u00e0 transporter. Il ne d\u00e9passe g\u00e9n\u00e9ralement pas les 50 cm de hauteur donc on peut m\u00eame le faire voyager en voiture. Toujours avec un angle minimum de 45\u00b0.<\/p>\n<h3><span class=\"ez-toc-section\" id=\"le-refrigerateur-encastrable\"><\/span>Le r\u00e9frig\u00e9rateur encastrable<span class=\"ez-toc-section-end\"><\/span><\/h3>\n<figure><img decoding=\"async\" src=\"https:\/\/www.mydemenageur.com\/blog\/wp-content\/uploads\/2019\/03\/mini-refrigerateur.jpg\" alt=\"R\u00e9frig\u00e9rateur encastrable\" \/><figcaption>Cr\u00e9dit photo : Andr\u00e9-Pierre Bodson<\/figcaption><\/figure>\n<p>Gr\u00e2ce \u00e0 sa petite taille avec une hauteur entre 42 et 124 cm, sa largeur entre 40 et 53 cm et sa profondeur entre 36 et 53 cm, il se case partout dans votre cuisine ! Sur un plan de table, dans un meuble de cuisine ou encore sous un plan de travail.<\/p>\n<p>S&rsquo;il est de petite taille, pas de probl\u00e8me une voiture peut faire l&rsquo;affaire. Un peu plus grand, il faut encore une fois faire attention \u00e0 ce qu&rsquo;il puisse <strong>tenir debout<\/strong>.<\/p>\n<h2><span class=\"ez-toc-section\" id=\"de-quelle-maniere-transporter-mon-frigo-sans-risques\"><\/span>De quelle mani\u00e8re transporter mon frigo sans risques ?<span class=\"ez-toc-section-end\"><\/span><\/h2>\n<ol>\n<li>Que le frigo soit neuf ou non, <strong>ne JAMAIS mettre le r\u00e9frig\u00e9rateur \u00e0 l\u2019horizontal<\/strong>, car cela risquerait de l\u2019ab\u00eemer de mani\u00e8re irr\u00e9m\u00e9diable. Il faut le transporter en position verticale ou le plus verticalement possible.<\/li>\n<li>Faire en sorte que le <strong>moteur reste vers le bas<\/strong> lorsque vous le transportez.<\/li>\n<li><strong>Utiliser un diable pour le soulever et le d\u00e9placer<\/strong>, cela lui permettra de ne jamais d\u00e9passer un angle de 45\u00b0.<\/li>\n<li>S&rsquo;il n&rsquo;y a pas d&rsquo;ascenseur et qu&rsquo;il n&rsquo;y a pas d&rsquo;autre choix que de porter le frigo dans les escaliers, transportez-le \u00e0 deux. La personne qui descend en premier attrape les deux pieds de devant et la deuxi\u00e8me personne porte la partie arri\u00e8re haute. De cette fa\u00e7on le transport n&rsquo;est pas trop difficile et le frigo est maintenu \u00e0 une inclinaison suffisamment \u00e9lev\u00e9e.<\/li>\n<li>Le mettre dans un camion \u00e9quip\u00e9 d\u2019une rampe par exemple et le caler entre d\u2019autres meubles ou appareils \u00e9lectrom\u00e9nagers pour \u00e9viter qu\u2019il ne bouge durant le trajet. Penser aussi \u00e0 utiliser des sangles pour bien le bloquer.<\/li>\n<li>Faire appel \u00e0 des sp\u00e9cialistes si les \u00e9tapes pr\u00e9c\u00e9dentes vous paraissent difficiles. N\u2019oubliez pas que c\u2019est un objet lourd et malgr\u00e9 tout fragile. Des sp\u00e9cialistes seront plus \u00e0 m\u00eame de limiter les risques li\u00e9s aux transports ou au d\u00e9m\u00e9nagement du frigo.<\/li>\n<\/ol>\n<h2><span class=\"ez-toc-section\" id=\"verifier-le-bon-fonctionnement-apres-le-demenagement\"><\/span>V\u00e9rifier le bon fonctionnement apr\u00e8s le d\u00e9m\u00e9nagement<span class=\"ez-toc-section-end\"><\/span><\/h2>\n<p>Une fois que vous avez d\u00e9m\u00e9nag\u00e9 votre r\u00e9frig\u00e9rateur, assurez-vous de suivre ces \u00e9tapes pour v\u00e9rifier qu&rsquo;il fonctionne correctement :<\/p>\n<ul>\n<li><strong>Laissez-le reposer<\/strong> : apr\u00e8s avoir d\u00e9plac\u00e9 le frigo, laissez-le reposer debout pendant plusieurs heures (g\u00e9n\u00e9ralement entre 2 et 6 heures) avant de le rebrancher. Cela permet au liquide frigorig\u00e8ne de se stabiliser \u00e0 l\u2019int\u00e9rieur du circuit.<\/li>\n<li><strong>V\u00e9rifiez la temp\u00e9rature<\/strong> : attendez quelques heures apr\u00e8s avoir rebranch\u00e9 le frigo pour v\u00e9rifier si la temp\u00e9rature atteint les niveaux corrects. La temp\u00e9rature id\u00e9ale dans le r\u00e9frig\u00e9rateur est de 4\u00b0C et dans le cong\u00e9lateur de -18\u00b0C.<\/li>\n<li><strong>Inspectez le moteur<\/strong> : \u00e9coutez si le moteur fonctionne correctement sans bruits anormaux. Si vous entendez des sons inhabituels, cela pourrait indiquer un probl\u00e8me suite au d\u00e9m\u00e9nagement.<\/li>\n<\/ul>\n<h2><span class=\"ez-toc-section\" id=\"pourquoi-ne-faut-il-pas-coucher-votre-frigo\"><\/span>Pourquoi ne faut-il pas coucher votre frigo ?<span class=\"ez-toc-section-end\"><\/span><\/h2>\n<p>Il est d\u00e9conseill\u00e9 de coucher un frigo, le fluide r\u00e9frig\u00e9rant pourrait remonter dans les tubes loin du compresseur ce qui pourrait endommager partiellement votre frigo. Si une fuite survenait, le frigo serait totalement \u00e0 changer et la toxicit\u00e9 pour l&rsquo;humain vous met en danger. Vous l&rsquo;aurez compris, il faut l&rsquo;\u00e9viter \u00e0 tout prix.<\/p>\n<h2><span class=\"ez-toc-section\" id=\"est-il-possible-de-quand-meme-transporter-un-frigo-couche\"><\/span>Est-il possible de quand m\u00eame transporter un frigo couch\u00e9 ?<span class=\"ez-toc-section-end\"><\/span><\/h2>\n<p>Si vous n&rsquo;avez vraiment pas le choix parce que le camion est trop bas par exemple, une fois arriv\u00e9 \u00e0 destination, le frigo devrait alors \u00eatre laiss\u00e9 \u00e0 reposer en position debout pendant 3 heures minimum sans le brancher.<\/p>\n<p>S&rsquo;il a \u00e9t\u00e9 en position allong\u00e9e pendant plus d&rsquo;un jour alors attendez 24 heures en position debout avant de le rebrancher.<\/p>\n<h2><span class=\"ez-toc-section\" id=\"comment-se-debarrasser-de-son-frigo\"><\/span>Comment se d\u00e9barrasser de son frigo ?<span class=\"ez-toc-section-end\"><\/span><\/h2>\n<h3><span class=\"ez-toc-section\" id=\"le-vendre-ou-le-donner\"><\/span>Le vendre ou le donner !<span class=\"ez-toc-section-end\"><\/span><\/h3>\n<p>Votre frigo fonctionne plut\u00f4t bien, mais vous avez besoin de changement ? Alors pensez \u00e0 le vendre en ligne, sur les places de march\u00e9 de Facebook, LeBonCoin ou d\u2019autres sites.<\/p>\n<p>Ou si vous vous sentez g\u00e9n\u00e9reux alors faites-en don \u00e0 des associations telles que EMMA\u00dcS, la croix-rouge, ou des Ressourceries. Votre geste peut en aider d\u2019autres dans le besoin !<\/p>\n<h3><span class=\"ez-toc-section\" id=\"le-rapporter-en-magasin\"><\/span>Le rapporter en magasin<span class=\"ez-toc-section-end\"><\/span><\/h3>\n<p>Vous en achetez un nouveau ? Alors rapportez l\u2019ancien dans le magasin o\u00f9 vous faites votre nouvel achat. Si votre nouveau frigo vous est livr\u00e9, les livreurs sont normalement dans l&rsquo;obligation de reprendre votre ancien r\u00e9frig\u00e9rateur (et m\u00eame vos autres appareils \u00e9lectrom\u00e9nagers sans obligation d&rsquo;achat depuis 2014).<\/p>\n<h3><span class=\"ez-toc-section\" id=\"lamener-a-la-dechetterie\"><\/span>L\u2019amener \u00e0 la d\u00e9chetterie<span class=\"ez-toc-section-end\"><\/span><\/h3>\n<figure><img decoding=\"async\" src=\"https:\/\/www.mydemenageur.com\/blog\/wp-content\/uploads\/2019\/03\/jeter-frigo.jpg\" alt=\"frigo \u00e0 la d\u00e9cheterie\" \/><figcaption>Cr\u00e9dit photo : Andr\u00e9-Pierre Bodson<\/figcaption><\/figure>\n<p>Si ce dernier est hors service, alors nous vous conseillons de l\u2019apporter dans une d\u00e9chetterie ou bien dans des parcs \u00e0 conteneurs de votre commune ou de la commune la plus proche qui en poss\u00e8de.<\/p>\n<p>Les d\u00e9chetteries \u00ab recyclage garanti Eco-syst\u00e8mes \u00bb s&rsquo;occupent de les d\u00e9polluer et de les recycler.<\/p>\n","protected":false},"excerpt":{"rendered":"<p>Vous d\u00e9m\u00e9nagez et vous ne savez pas comment d\u00e9placer et transporter votre frigo ? Vous souhaitez changer de frigo et<\/p>\n","protected":false},"author":11,"featured_media":21714,"comment_status":"closed","ping_status":"closed","sticky":false,"template":"","format":"standard","meta":{"_lmt_disableupdate":"no","_lmt_disable":"no","footnotes":""},"categories":[106,125],"tags":[],"yoast_head":"<!-- This site is optimized with the Yoast SEO Premium plugin v24.2 (Yoast SEO v24.5) - https:\/\/yoast.com\/wordpress\/plugins\/seo\/ -->\n<title>Comment transporter un frigo ? Peut-on le coucher ?\ufeff<\/title>\n<meta name=\"description\" content=\"D\u00e9couvrez comment d\u00e9m\u00e9nager et transporter votre frigo en toute s\u00e9curit\u00e9 et facilement gr\u00e2ce \u00e0 notre guide.\" \/>\n<meta name=\"robots\" content=\"index, follow, max-snippet:-1, max-image-preview:large, max-video-preview:-1\" \/>\n<link rel=\"canonical\" href=\"https:\/\/www.mydemenageur.com\/blog\/transporter-frigo\/\" \/>\n<meta property=\"og:locale\" content=\"fr_FR\" \/>\n<meta property=\"og:type\" content=\"article\" \/>\n<meta property=\"og:title\" content=\"Comment transporter et d\u00e9m\u00e9nager un frigo ? Peut-on le coucher ?\ufeff\" \/>\n<meta property=\"og:description\" content=\"D\u00e9couvrez comment d\u00e9m\u00e9nager et transporter votre frigo en toute s\u00e9curit\u00e9 et facilement gr\u00e2ce \u00e0 notre guide.\" \/>\n<meta property=\"og:url\" content=\"https:\/\/www.mydemenageur.com\/blog\/transporter-frigo\/\" \/>\n<meta property=\"og:site_name\" content=\"MyDemenageur\" \/>\n<meta property=\"article:publisher\" content=\"https:\/\/www.facebook.com\/mydemenageur\" \/>\n<meta property=\"article:published_time\" content=\"2019-03-18T10:55:06+00:00\" \/>\n<meta property=\"article:modified_time\" content=\"2024-09-14T13:03:08+00:00\" \/>\n<meta property=\"og:image\" content=\"https:\/\/www.mydemenageur.com\/blog\/wp-content\/uploads\/2019\/03\/transporter-demenager-frigo.jpeg\" \/>\n\t<meta property=\"og:image:width\" content=\"1000\" \/>\n\t<meta property=\"og:image:height\" content=\"666\" \/>\n\t<meta property=\"og:image:type\" content=\"image\/jpeg\" \/>\n<meta name=\"author\" content=\"Mathilde\" \/>\n<meta name=\"twitter:card\" content=\"summary_large_image\" \/>\n<meta name=\"twitter:creator\" content=\"@mydemenageur\" \/>\n<meta name=\"twitter:site\" content=\"@mydemenageur\" \/>\n<meta name=\"twitter:label1\" content=\"\u00c9crit par\" \/>\n\t<meta name=\"twitter:data1\" content=\"Mathilde\" \/>\n\t<meta name=\"twitter:label2\" content=\"Dur\u00e9e de lecture estim\u00e9e\" \/>\n\t<meta name=\"twitter:data2\" content=\"9 minutes\" \/>\n<script type=\"application\/ld+json\" class=\"yoast-schema-graph\">{\"@context\":\"https:\/\/schema.org\",\"@graph\":[{\"@type\":\"Article\",\"@id\":\"https:\/\/www.mydemenageur.com\/blog\/transporter-frigo\/#article\",\"isPartOf\":{\"@id\":\"https:\/\/www.mydemenageur.com\/blog\/transporter-frigo\/\"},\"author\":{\"name\":\"Mathilde\",\"@id\":\"https:\/\/www.mydemenageur.com\/blog\/#\/schema\/person\/4540dc333c2e7dc790f0f7bcd5b99569\"},\"headline\":\"Comment transporter et d\u00e9m\u00e9nager un frigo ? Peut-on le coucher ?\ufeff\",\"datePublished\":\"2019-03-18T10:55:06+00:00\",\"dateModified\":\"2024-09-14T13:03:08+00:00\",\"mainEntityOfPage\":{\"@id\":\"https:\/\/www.mydemenageur.com\/blog\/transporter-frigo\/\"},\"wordCount\":1713,\"publisher\":{\"@id\":\"https:\/\/www.mydemenageur.com\/blog\/#organization\"},\"image\":{\"@id\":\"https:\/\/www.mydemenageur.com\/blog\/transporter-frigo\/#primaryimage\"},\"thumbnailUrl\":\"https:\/\/www.mydemenageur.com\/blog\/wp-content\/uploads\/2019\/03\/transporter-demenager-frigo.jpeg\",\"articleSection\":[\"D\u00e9m\u00e9nagement\",\"Frigo\"],\"inLanguage\":\"fr-FR\"},{\"@type\":\"WebPage\",\"@id\":\"https:\/\/www.mydemenageur.com\/blog\/transporter-frigo\/\",\"url\":\"https:\/\/www.mydemenageur.com\/blog\/transporter-frigo\/\",\"name\":\"Comment transporter un frigo ? Peut-on le coucher ?\ufeff\",\"isPartOf\":{\"@id\":\"https:\/\/www.mydemenageur.com\/blog\/#website\"},\"primaryImageOfPage\":{\"@id\":\"https:\/\/www.mydemenageur.com\/blog\/transporter-frigo\/#primaryimage\"},\"image\":{\"@id\":\"https:\/\/www.mydemenageur.com\/blog\/transporter-frigo\/#primaryimage\"},\"thumbnailUrl\":\"https:\/\/www.mydemenageur.com\/blog\/wp-content\/uploads\/2019\/03\/transporter-demenager-frigo.jpeg\",\"datePublished\":\"2019-03-18T10:55:06+00:00\",\"dateModified\":\"2024-09-14T13:03:08+00:00\",\"description\":\"D\u00e9couvrez comment d\u00e9m\u00e9nager et transporter votre frigo en toute s\u00e9curit\u00e9 et facilement gr\u00e2ce \u00e0 notre guide.\",\"breadcrumb\":{\"@id\":\"https:\/\/www.mydemenageur.com\/blog\/transporter-frigo\/#breadcrumb\"},\"inLanguage\":\"fr-FR\",\"potentialAction\":[{\"@type\":\"ReadAction\",\"target\":[\"https:\/\/www.mydemenageur.com\/blog\/transporter-frigo\/\"]}]},{\"@type\":\"ImageObject\",\"inLanguage\":\"fr-FR\",\"@id\":\"https:\/\/www.mydemenageur.com\/blog\/transporter-frigo\/#primaryimage\",\"url\":\"https:\/\/www.mydemenageur.com\/blog\/wp-content\/uploads\/2019\/03\/transporter-demenager-frigo.jpeg\",\"contentUrl\":\"https:\/\/www.mydemenageur.com\/blog\/wp-content\/uploads\/2019\/03\/transporter-demenager-frigo.jpeg\",\"width\":1000,\"height\":666,\"caption\":\"Comment transporter et d\u00e9m\u00e9nager un frigo ? Peut-on le coucher ?\ufeff\"},{\"@type\":\"BreadcrumbList\",\"@id\":\"https:\/\/www.mydemenageur.com\/blog\/transporter-frigo\/#breadcrumb\",\"itemListElement\":[{\"@type\":\"ListItem\",\"position\":1,\"name\":\"Accueil\",\"item\":\"https:\/\/www.mydemenageur.com\/blog\/\"},{\"@type\":\"ListItem\",\"position\":2,\"name\":\"D\u00e9m\u00e9nagement\",\"item\":\"https:\/\/www.mydemenageur.com\/blog\/categorie\/transport\/\"},{\"@type\":\"ListItem\",\"position\":3,\"name\":\"Frigo\",\"item\":\"https:\/\/www.mydemenageur.com\/blog\/categorie\/transport\/frigo\/\"},{\"@type\":\"ListItem\",\"position\":4,\"name\":\"Comment transporter et d\u00e9m\u00e9nager un frigo ? Peut-on le coucher ?\ufeff\"}]},{\"@type\":\"WebSite\",\"@id\":\"https:\/\/www.mydemenageur.com\/blog\/#website\",\"url\":\"https:\/\/www.mydemenageur.com\/blog\/\",\"name\":\"MyDemenageur\",\"description\":\"Conseils d\u00e9m\u00e9ngement entre particuliers et d\u00e9m\u00e9nagement professionnel\",\"publisher\":{\"@id\":\"https:\/\/www.mydemenageur.com\/blog\/#organization\"},\"potentialAction\":[{\"@type\":\"SearchAction\",\"target\":{\"@type\":\"EntryPoint\",\"urlTemplate\":\"https:\/\/www.mydemenageur.com\/blog\/?s={search_term_string}\"},\"query-input\":{\"@type\":\"PropertyValueSpecification\",\"valueRequired\":true,\"valueName\":\"search_term_string\"}}],\"inLanguage\":\"fr-FR\"},{\"@type\":\"Organization\",\"@id\":\"https:\/\/www.mydemenageur.com\/blog\/#organization\",\"name\":\"MyDemenageur.com\",\"url\":\"https:\/\/www.mydemenageur.com\/blog\/\",\"logo\":{\"@type\":\"ImageObject\",\"inLanguage\":\"fr-FR\",\"@id\":\"https:\/\/www.mydemenageur.com\/blog\/#\/schema\/logo\/image\/\",\"url\":\"https:\/\/www.mydemenageur.com\/blog\/wp-content\/uploads\/2022\/05\/MyDemenageur_Symbol.jpg\",\"contentUrl\":\"https:\/\/www.mydemenageur.com\/blog\/wp-content\/uploads\/2022\/05\/MyDemenageur_Symbol.jpg\",\"width\":878,\"height\":877,\"caption\":\"MyDemenageur.com\"},\"image\":{\"@id\":\"https:\/\/www.mydemenageur.com\/blog\/#\/schema\/logo\/image\/\"},\"sameAs\":[\"https:\/\/www.facebook.com\/mydemenageur\",\"https:\/\/x.com\/mydemenageur\",\"https:\/\/www.pinterest.fr\/mydemenageur\/\"]},{\"@type\":\"Person\",\"@id\":\"https:\/\/www.mydemenageur.com\/blog\/#\/schema\/person\/4540dc333c2e7dc790f0f7bcd5b99569\",\"name\":\"Mathilde\",\"image\":{\"@type\":\"ImageObject\",\"inLanguage\":\"fr-FR\",\"@id\":\"https:\/\/www.mydemenageur.com\/blog\/#\/schema\/person\/image\/\",\"url\":\"https:\/\/secure.gravatar.com\/avatar\/abde069f6f70261ee6ecea93e0437d77?s=96&#038;r=g\",\"contentUrl\":\"https:\/\/secure.gravatar.com\/avatar\/abde069f6f70261ee6ecea93e0437d77?s=96&#038;r=g\",\"caption\":\"Mathilde\"},\"description\":\"L'harmonie des couleurs et des objets m'a toujours fascin\u00e9e, transformant chaque pi\u00e8ce en un lieu unique et agr\u00e9able \u00e0 vivre. Sur MyDemenageur, vous trouverez non seulement des inspirations personnelles, mais aussi des informations r\u00e9centes sur le monde de la d\u00e9coration, les projets de maison, le d\u00e9m\u00e9nagement et les travaux.\",\"url\":\"https:\/\/www.mydemenageur.com\/blog\/author\/mathilde\/\"}]}<\/script>\n<!-- \/ Yoast SEO Premium plugin. -->","yoast_head_json":{"title":"Comment transporter un frigo ? Peut-on le coucher ?\ufeff","description":"D\u00e9couvrez comment d\u00e9m\u00e9nager et transporter votre frigo en toute s\u00e9curit\u00e9 et facilement gr\u00e2ce \u00e0 notre guide.","robots":{"index":"index","follow":"follow","max-snippet":"max-snippet:-1","max-image-preview":"max-image-preview:large","max-video-preview":"max-video-preview:-1"},"canonical":"https:\/\/www.mydemenageur.com\/blog\/transporter-frigo\/","og_locale":"fr_FR","og_type":"article","og_title":"Comment transporter et d\u00e9m\u00e9nager un frigo ? Peut-on le coucher ?\ufeff","og_description":"D\u00e9couvrez comment d\u00e9m\u00e9nager et transporter votre frigo en toute s\u00e9curit\u00e9 et facilement gr\u00e2ce \u00e0 notre guide.","og_url":"https:\/\/www.mydemenageur.com\/blog\/transporter-frigo\/","og_site_name":"MyDemenageur","article_publisher":"https:\/\/www.facebook.com\/mydemenageur","article_published_time":"2019-03-18T10:55:06+00:00","article_modified_time":"2024-09-14T13:03:08+00:00","og_image":[{"width":1000,"height":666,"url":"https:\/\/www.mydemenageur.com\/blog\/wp-content\/uploads\/2019\/03\/transporter-demenager-frigo.jpeg","type":"image\/jpeg"}],"author":"Mathilde","twitter_card":"summary_large_image","twitter_creator":"@mydemenageur","twitter_site":"@mydemenageur","twitter_misc":{"\u00c9crit par":"Mathilde","Dur\u00e9e de lecture estim\u00e9e":"9 minutes"},"schema":{"@context":"https:\/\/schema.org","@graph":[{"@type":"Article","@id":"https:\/\/www.mydemenageur.com\/blog\/transporter-frigo\/#article","isPartOf":{"@id":"https:\/\/www.mydemenageur.com\/blog\/transporter-frigo\/"},"author":{"name":"Mathilde","@id":"https:\/\/www.mydemenageur.com\/blog\/#\/schema\/person\/4540dc333c2e7dc790f0f7bcd5b99569"},"headline":"Comment transporter et d\u00e9m\u00e9nager un frigo ? Peut-on le coucher ?\ufeff","datePublished":"2019-03-18T10:55:06+00:00","dateModified":"2024-09-14T13:03:08+00:00","mainEntityOfPage":{"@id":"https:\/\/www.mydemenageur.com\/blog\/transporter-frigo\/"},"wordCount":1713,"publisher":{"@id":"https:\/\/www.mydemenageur.com\/blog\/#organization"},"image":{"@id":"https:\/\/www.mydemenageur.com\/blog\/transporter-frigo\/#primaryimage"},"thumbnailUrl":"https:\/\/www.mydemenageur.com\/blog\/wp-content\/uploads\/2019\/03\/transporter-demenager-frigo.jpeg","articleSection":["D\u00e9m\u00e9nagement","Frigo"],"inLanguage":"fr-FR"},{"@type":"WebPage","@id":"https:\/\/www.mydemenageur.com\/blog\/transporter-frigo\/","url":"https:\/\/www.mydemenageur.com\/blog\/transporter-frigo\/","name":"Comment transporter un frigo ? Peut-on le coucher ?\ufeff","isPartOf":{"@id":"https:\/\/www.mydemenageur.com\/blog\/#website"},"primaryImageOfPage":{"@id":"https:\/\/www.mydemenageur.com\/blog\/transporter-frigo\/#primaryimage"},"image":{"@id":"https:\/\/www.mydemenageur.com\/blog\/transporter-frigo\/#primaryimage"},"thumbnailUrl":"https:\/\/www.mydemenageur.com\/blog\/wp-content\/uploads\/2019\/03\/transporter-demenager-frigo.jpeg","datePublished":"2019-03-18T10:55:06+00:00","dateModified":"2024-09-14T13:03:08+00:00","description":"D\u00e9couvrez comment d\u00e9m\u00e9nager et transporter votre frigo en toute s\u00e9curit\u00e9 et facilement gr\u00e2ce \u00e0 notre guide.","breadcrumb":{"@id":"https:\/\/www.mydemenageur.com\/blog\/transporter-frigo\/#breadcrumb"},"inLanguage":"fr-FR","potentialAction":[{"@type":"ReadAction","target":["https:\/\/www.mydemenageur.com\/blog\/transporter-frigo\/"]}]},{"@type":"ImageObject","inLanguage":"fr-FR","@id":"https:\/\/www.mydemenageur.com\/blog\/transporter-frigo\/#primaryimage","url":"https:\/\/www.mydemenageur.com\/blog\/wp-content\/uploads\/2019\/03\/transporter-demenager-frigo.jpeg","contentUrl":"https:\/\/www.mydemenageur.com\/blog\/wp-content\/uploads\/2019\/03\/transporter-demenager-frigo.jpeg","width":1000,"height":666,"caption":"Comment transporter et d\u00e9m\u00e9nager un frigo ? Peut-on le coucher ?\ufeff"},{"@type":"BreadcrumbList","@id":"https:\/\/www.mydemenageur.com\/blog\/transporter-frigo\/#breadcrumb","itemListElement":[{"@type":"ListItem","position":1,"name":"Accueil","item":"https:\/\/www.mydemenageur.com\/blog\/"},{"@type":"ListItem","position":2,"name":"D\u00e9m\u00e9nagement","item":"https:\/\/www.mydemenageur.com\/blog\/categorie\/transport\/"},{"@type":"ListItem","position":3,"name":"Frigo","item":"https:\/\/www.mydemenageur.com\/blog\/categorie\/transport\/frigo\/"},{"@type":"ListItem","position":4,"name":"Comment transporter et d\u00e9m\u00e9nager un frigo ? Peut-on le coucher ?\ufeff"}]},{"@type":"WebSite","@id":"https:\/\/www.mydemenageur.com\/blog\/#website","url":"https:\/\/www.mydemenageur.com\/blog\/","name":"MyDemenageur","description":"Conseils d\u00e9m\u00e9ngement entre particuliers et d\u00e9m\u00e9nagement professionnel","publisher":{"@id":"https:\/\/www.mydemenageur.com\/blog\/#organization"},"potentialAction":[{"@type":"SearchAction","target":{"@type":"EntryPoint","urlTemplate":"https:\/\/www.mydemenageur.com\/blog\/?s={search_term_string}"},"query-input":{"@type":"PropertyValueSpecification","valueRequired":true,"valueName":"search_term_string"}}],"inLanguage":"fr-FR"},{"@type":"Organization","@id":"https:\/\/www.mydemenageur.com\/blog\/#organization","name":"MyDemenageur.com","url":"https:\/\/www.mydemenageur.com\/blog\/","logo":{"@type":"ImageObject","inLanguage":"fr-FR","@id":"https:\/\/www.mydemenageur.com\/blog\/#\/schema\/logo\/image\/","url":"https:\/\/www.mydemenageur.com\/blog\/wp-content\/uploads\/2022\/05\/MyDemenageur_Symbol.jpg","contentUrl":"https:\/\/www.mydemenageur.com\/blog\/wp-content\/uploads\/2022\/05\/MyDemenageur_Symbol.jpg","width":878,"height":877,"caption":"MyDemenageur.com"},"image":{"@id":"https:\/\/www.mydemenageur.com\/blog\/#\/schema\/logo\/image\/"},"sameAs":["https:\/\/www.facebook.com\/mydemenageur","https:\/\/x.com\/mydemenageur","https:\/\/www.pinterest.fr\/mydemenageur\/"]},{"@type":"Person","@id":"https:\/\/www.mydemenageur.com\/blog\/#\/schema\/person\/4540dc333c2e7dc790f0f7bcd5b99569","name":"Mathilde","image":{"@type":"ImageObject","inLanguage":"fr-FR","@id":"https:\/\/www.mydemenageur.com\/blog\/#\/schema\/person\/image\/","url":"https:\/\/secure.gravatar.com\/avatar\/abde069f6f70261ee6ecea93e0437d77?s=96&#038;r=g","contentUrl":"https:\/\/secure.gravatar.com\/avatar\/abde069f6f70261ee6ecea93e0437d77?s=96&#038;r=g","caption":"Mathilde"},"description":"L'harmonie des couleurs et des objets m'a toujours fascin\u00e9e, transformant chaque pi\u00e8ce en un lieu unique et agr\u00e9able \u00e0 vivre. Sur MyDemenageur, vous trouverez non seulement des inspirations personnelles, mais aussi des informations r\u00e9centes sur le monde de la d\u00e9coration, les projets de maison, le d\u00e9m\u00e9nagement et les travaux.","url":"https:\/\/www.mydemenageur.com\/blog\/author\/mathilde\/"}]}},"modified_by":"MyDemenageur","_links":{"self":[{"href":"https:\/\/www.mydemenageur.com\/blog\/wp-json\/wp\/v2\/posts\/1073"}],"collection":[{"href":"https:\/\/www.mydemenageur.com\/blog\/wp-json\/wp\/v2\/posts"}],"about":[{"href":"https:\/\/www.mydemenageur.com\/blog\/wp-json\/wp\/v2\/types\/post"}],"author":[{"embeddable":true,"href":"https:\/\/www.mydemenageur.com\/blog\/wp-json\/wp\/v2\/users\/11"}],"replies":[{"embeddable":true,"href":"https:\/\/www.mydemenageur.com\/blog\/wp-json\/wp\/v2\/comments?post=1073"}],"version-history":[{"count":0,"href":"https:\/\/www.mydemenageur.com\/blog\/wp-json\/wp\/v2\/posts\/1073\/revisions"}],"wp:featuredmedia":[{"embeddable":true,"href":"https:\/\/www.mydemenageur.com\/blog\/wp-json\/wp\/v2\/media\/21714"}],"wp:attachment":[{"href":"https:\/\/www.mydemenageur.com\/blog\/wp-json\/wp\/v2\/media?parent=1073"}],"wp:term":[{"taxonomy":"category","embeddable":true,"href":"https:\/\/www.mydemenageur.com\/blog\/wp-json\/wp\/v2\/categories?post=1073"},{"taxonomy":"post_tag","embeddable":true,"href":"https:\/\/www.mydemenageur.com\/blog\/wp-json\/wp\/v2\/tags?post=1073"}],"curies":[{"name":"wp","href":"https:\/\/api.w.org\/{rel}","templated":true}]}}