{"id":1309,"date":"2019-07-03T10:32:05","date_gmt":"2019-07-03T10:32:05","guid":{"rendered":"https:\/\/www.mydemenageur.com\/blog\/?p=1309"},"modified":"2022-03-25T15:38:37","modified_gmt":"2022-03-25T15:38:37","slug":"recycler-cartons-demenagement","status":"publish","type":"post","link":"https:\/\/www.mydemenageur.com\/blog\/recycler-cartons-demenagement\/","title":{"rendered":"9 id\u00e9es pour recycler intelligemment vos cartons de d\u00e9m\u00e9nagement"},"content":{"rendered":"<section class=\"wpb-content-wrapper\"><p>[vc_row full_width=\u00a0\u00bbstretch_row\u00a0\u00bb css=\u00a0\u00bb.vc_custom_1535103143553{margin-bottom: 8vh !important;padding-top: 15vh !important;padding-bottom: 15vh !important;background-image: url(https:\/\/www.mydemenageur.com\/blog\/wp-content\/uploads\/2021\/09\/wood-categories-bg-1.jpg) !important;background-position: center !important;background-repeat: no-repeat !important;background-size: cover !important;}\u00a0\u00bb][vc_column css=\u00a0\u00bb.vc_custom_1483881698339{padding-top: 0px !important;}\u00a0\u00bb]\t\t\t<link rel=\"stylesheet\" id=\"wd-section-title-css\" href=\"https:\/\/www.mydemenageur.com\/blog\/wp-content\/themes\/woodmart\/css\/parts\/el-section-title.min.css?ver=6.5.4\" type=\"text\/css\" media=\"all\" \/> \t\t\t\t\t\t<link rel=\"stylesheet\" id=\"wd-mod-highlighted-text-css\" href=\"https:\/\/www.mydemenageur.com\/blog\/wp-content\/themes\/woodmart\/css\/parts\/mod-highlighted-text.min.css?ver=6.5.4\" type=\"text\/css\" media=\"all\" \/> \t\t\t\n\t\t<div id=\"wd-61376ca56af13\" class=\"title-wrapper wd-wpb set-mb-s reset-last-child  wd-rs-61376ca56af13 wd-title-color-default wd-title-style-default text-center vc_custom_1631022252097 wd-underline-colored\">\n\t\t\t\t\t\t\t<div class=\"title-subtitle  subtitle-color-default font-default subtitle-style-default wd-font-weight- wd-fontsize-xs\">Mise en relation simple pour \u00e9changer vos cartons de d\u00e9m\u00e9nagement et votre \u00e9quipement de d\u00e9m\u00e9nagement entre particulier (scotch, papier bulles, etc.)<\/div>\n\t\t\t\n\t\t\t<div class=\"liner-continer\">\n\t\t\t\t<div id=\"ez-toc-container\" class=\"ez-toc-v2_0_82_2 counter-hierarchy ez-toc-counter ez-toc-custom ez-toc-container-direction\">\n<div class=\"ez-toc-title-container\">\n<p class=\"ez-toc-title\" style=\"cursor:inherit\">Ce que vous allez apprendre<\/p>\n<span class=\"ez-toc-title-toggle\"><\/span><\/div>\n<nav><ul class='ez-toc-list ez-toc-list-level-1 ' ><ul class='ez-toc-list-level-4' ><li class='ez-toc-heading-level-4'><ul class='ez-toc-list-level-4' ><li class='ez-toc-heading-level-4'><a class=\"ez-toc-link ez-toc-heading-1\" href=\"https:\/\/www.mydemenageur.com\/blog\/recycler-cartons-demenagement\/#premiere-plateforme-dechange-ou-de-vente-de-cartons-de-demenagement-deja-utilises\" >Premi\u00e8re plateforme d&rsquo;\u00e9change ou de vente de cartons de d\u00e9m\u00e9nagement d\u00e9j\u00e0 utilis\u00e9s !<\/a><\/li><\/ul><\/li><\/ul><\/li><li class='ez-toc-page-1 ez-toc-heading-level-2'><a class=\"ez-toc-link ez-toc-heading-2\" href=\"https:\/\/www.mydemenageur.com\/blog\/recycler-cartons-demenagement\/#utilisez-vos-cartons-pour-stocker\" >Utilisez vos cartons pour stocker<\/a><\/li><li class='ez-toc-page-1 ez-toc-heading-level-2'><a class=\"ez-toc-link ez-toc-heading-3\" href=\"https:\/\/www.mydemenageur.com\/blog\/recycler-cartons-demenagement\/#gardez-vos-cartons-pour-un-prochain-demenagement\" >Gardez vos cartons pour un prochain d\u00e9m\u00e9nagement<\/a><\/li><li class='ez-toc-page-1 ez-toc-heading-level-2'><a class=\"ez-toc-link ez-toc-heading-4\" href=\"https:\/\/www.mydemenageur.com\/blog\/recycler-cartons-demenagement\/#offrez-vos-cartons-a-vos-voisins\" >Offrez vos cartons \u00e0 vos voisins<\/a><\/li><li class='ez-toc-page-1 ez-toc-heading-level-2'><a class=\"ez-toc-link ez-toc-heading-5\" href=\"https:\/\/www.mydemenageur.com\/blog\/recycler-cartons-demenagement\/#donnez-vos-cartons-sur-une-plateforme-de-don-en-ligne\" >Donnez vos cartons sur une plateforme de don en ligne<\/a><\/li><li class='ez-toc-page-1 ez-toc-heading-level-2'><a class=\"ez-toc-link ez-toc-heading-6\" href=\"https:\/\/www.mydemenageur.com\/blog\/recycler-cartons-demenagement\/#donnez-vos-cartons-aux-collectivites-associations\" >Donnez vos cartons aux collectivit\u00e9s \/ associations<\/a><\/li><li class='ez-toc-page-1 ez-toc-heading-level-2'><a class=\"ez-toc-link ez-toc-heading-7\" href=\"https:\/\/www.mydemenageur.com\/blog\/recycler-cartons-demenagement\/#montez-une-cabane-en-cartons-pour-les-enfants\" >Montez une cabane en cartons pour les enfants<\/a><\/li><li class='ez-toc-page-1 ez-toc-heading-level-2'><a class=\"ez-toc-link ez-toc-heading-8\" href=\"https:\/\/www.mydemenageur.com\/blog\/recycler-cartons-demenagement\/#faites-une-cabane-en-carton-pour-vos-animaux-de-compagnie\" >Faites une cabane en carton pour vos animaux de compagnie<\/a><\/li><li class='ez-toc-page-1 ez-toc-heading-level-2'><a class=\"ez-toc-link ez-toc-heading-9\" href=\"https:\/\/www.mydemenageur.com\/blog\/recycler-cartons-demenagement\/#transformez-vos-cartons-en-objets-de-decoration\" >Transformez vos cartons en objets de d\u00e9coration<\/a><\/li><li class='ez-toc-page-1 ez-toc-heading-level-2'><a class=\"ez-toc-link ez-toc-heading-10\" href=\"https:\/\/www.mydemenageur.com\/blog\/recycler-cartons-demenagement\/#jetez-vos-cartons\" >Jetez vos cartons<\/a><\/li><\/ul><\/nav><\/div>\n<h4 class=\"woodmart-title-container title  wd-font-weight- wd-fontsize-xxl\" ><span class=\"ez-toc-section\" id=\"premiere-plateforme-dechange-ou-de-vente-de-cartons-de-demenagement-deja-utilises\"><\/span>Premi\u00e8re plateforme d&rsquo;\u00e9change ou de vente de cartons de d\u00e9m\u00e9nagement d\u00e9j\u00e0 utilis\u00e9s !<span class=\"ez-toc-section-end\"><\/span><\/h4>\n\t\t\t\t\t\t\t<\/div>\n\t\t\t\n\t\t\t\n\t\t\t\n\t\t<\/div>\n\t\t\n\t\t[vc_empty_space height=\u00a0\u00bb15&Prime;]<div id=\"wd-61376caf996cc\" class=\" wd-rs-61376caf996cc  wd-button-wrapper text-center\"><a href=\"https:\/\/www.mydemenageur.com\/echange-cartons\" title=\"\" class=\"btn btn-color-primary btn-style-round btn-style-rectangle btn-size-default\">Besoin de cartons de d\u00e9m\u00e9nagement ?<\/a><\/div>[\/vc_column][\/vc_row][vc_row][vc_column][vc_column_text woodmart_inline=\u00a0\u00bbno\u00a0\u00bb text_larger=\u00a0\u00bbno\u00a0\u00bb]Apr\u00e8s un d\u00e9m\u00e9nagement, on se retrouve bien souvent submerg\u00e9.e de cartons devenus un peu trop encombrants. Comment se d\u00e9barrasser de ces cartons usag\u00e9s ? Il est souvent possible de leur donner une deuxi\u00e8me vie. Voici la <a href=\"\/blog\/demarches-autorisations\/\">d\u00e9marche \u00e0 suivre<\/a> pour les recycler au mieux.<\/p>\n<h2><span class=\"ez-toc-section\" id=\"utilisez-vos-cartons-pour-stocker\"><\/span>Utilisez vos cartons pour stocker<span class=\"ez-toc-section-end\"><\/span><\/h2>\n<p>Apr\u00e8s votre d\u00e9m\u00e9nagement, une fois que vous avez termin\u00e9 de tout d\u00e9baller, les cartons peuvent faire office de <strong>bo\u00eete de stockage de long terme<\/strong>.<\/p>\n<p>Il y a forc\u00e9ment des choses dont vous aurez besoin moins souvent que d&rsquo;autres. <strong>Inscrivez au marqueur<\/strong> sur le carton ce que le carton contient et mettez-le de c\u00f4t\u00e9. Si les affaires n\u2019ont pas \u00e9t\u00e9 sorties du carton au moment de votre prochain d\u00e9m\u00e9nagement, c\u2019est peut-\u00eatre signe qu\u2019il faut vendre ou donner son contenu plut\u00f4t que de le d\u00e9m\u00e9nager encore une fois.<\/p>\n<h2><span class=\"ez-toc-section\" id=\"gardez-vos-cartons-pour-un-prochain-demenagement\"><\/span>Gardez vos cartons pour un prochain d\u00e9m\u00e9nagement<span class=\"ez-toc-section-end\"><\/span><\/h2>\n<div id=\"attachment_1313\" style=\"width: 690px\" class=\"wp-caption alignnone\"><img decoding=\"async\" aria-describedby=\"caption-attachment-1313\" class=\"size-full wp-image-1313\" src=\"https:\/\/www.mydemenageur.com\/blog\/wp-content\/uploads\/2019\/06\/cartons-applatis.jpg\" alt=\"cartons pli\u00e9s\" width=\"680\" height=\"453\" srcset=\"https:\/\/www.mydemenageur.com\/blog\/wp-content\/uploads\/2019\/06\/cartons-applatis.jpg 680w, https:\/\/www.mydemenageur.com\/blog\/wp-content\/uploads\/2019\/06\/cartons-applatis-300x200.jpg 300w\" sizes=\"(max-width: 680px) 100vw, 680px\" \/><p id=\"caption-attachment-1313\" class=\"wp-caption-text\">Pliez vos cartons et gardez-les dans un coin. Ca va forc\u00e9ment servir \u00e0 un moment donn\u00e9.<\/p><\/div>\n<p>Faites-le tri et <strong>gardez seulement les cartons les plus propres et les plus costauds<\/strong>.<br \/>\nAplatissez-les et mettez-les de c\u00f4t\u00e9.<\/p>\n<p>M\u00eame si vous ne les utilisez pas, il y a des chances que des amis, des proches ou des coll\u00e8gues d\u00e9m\u00e9nagent bient\u00f4t.<\/p>\n<h2><span class=\"ez-toc-section\" id=\"offrez-vos-cartons-a-vos-voisins\"><\/span>Offrez vos cartons \u00e0 vos voisins<span class=\"ez-toc-section-end\"><\/span><\/h2>\n<p>Certes vous ne connaissez pas forc\u00e9ment encore vos nouveaux voisins, mais votre immeuble a peut-\u00eatre un concierge qui sait d\u00e9j\u00e0 que quelqu\u2019un de l\u2019immeuble va d\u00e9m\u00e9nager.<br \/>\nVous pouvez aussi <strong>poster un message sur le tableau des petites annonces<\/strong> de votre immeuble ou \u00e0 la boulangerie du coin s\u2019il en existe un.<\/p>\n<h2><span class=\"ez-toc-section\" id=\"donnez-vos-cartons-sur-une-plateforme-de-don-en-ligne\"><\/span>Donnez vos cartons sur une plateforme de don en ligne<span class=\"ez-toc-section-end\"><\/span><\/h2>\n<div id=\"attachment_1314\" style=\"width: 690px\" class=\"wp-caption alignnone\"><img decoding=\"async\" aria-describedby=\"caption-attachment-1314\" class=\"wp-image-1314 size-full\" src=\"https:\/\/www.mydemenageur.com\/blog\/wp-content\/uploads\/2019\/06\/echange-cartons-gratuits.jpg\" alt=\"trouver des cartons gratuits\" width=\"680\" height=\"386\" srcset=\"https:\/\/www.mydemenageur.com\/blog\/wp-content\/uploads\/2019\/06\/echange-cartons-gratuits.jpg 680w, https:\/\/www.mydemenageur.com\/blog\/wp-content\/uploads\/2019\/06\/echange-cartons-gratuits-300x170.jpg 300w\" sizes=\"(max-width: 680px) 100vw, 680px\" \/><p id=\"caption-attachment-1314\" class=\"wp-caption-text\">Des gens qui d\u00e9m\u00e9nagent bient\u00f4t ont forc\u00e9ment aussi besoin de cartons et ils peuvent vous en d\u00e9barrasser<\/p><\/div>\n<p>S\u2019il ne vous est pas possible de vous d\u00e9barrassez de vos cartons directement dans la vie r\u00e9elle, internet pourra peut-\u00eatre vous aider.<br \/>\nMyDemenageur a cr\u00e9\u00e9 une <a href=\"https:\/\/www.mydemenageur.com\/aide-demenagement\/echange-cartons\/\">plateforme d\u2019\u00e9change de cartons d\u00e9m\u00e9nagement gratuite<\/a> bas\u00e9e sur un syst\u00e8me de petites annonces qui permet de <strong>donner vos cartons \u00e0 des gens qui habitent pr\u00e8s de chez vous<\/strong>.<\/p>\n<p>Vous d\u00e9posez une petite annonce en indiquant le nombre de cartons que vous avez et leurs tailles. Puis les gens int\u00e9ress\u00e9s par vos cartons vous contactent en direct. Il ne vous reste plus qu\u2019\u00e0 vous arranger pour trouver une date et une heure pour r\u00e9cup\u00e9rer les cartons.<br \/>\nId\u00e9al, puisque vous n\u2019avez m\u00eame pas \u00e0 vous d\u00e9placer. On vient chercher les cartons directement chez vous.<\/p>\n<p>En g\u00e9n\u00e9ral, les cartons offerts sur cette plateforme d\u2019\u00e9change partent tr\u00e8s vite.<\/p>\n<h2><span class=\"ez-toc-section\" id=\"donnez-vos-cartons-aux-collectivites-associations\"><\/span>Donnez vos cartons aux collectivit\u00e9s \/ associations<span class=\"ez-toc-section-end\"><\/span><\/h2>\n<p>Si vous souhaitez absolument donner vos cartons et ne pas les recycler, il est toujours possible de les c\u00e9der \u00e0 des <strong>collectivit\u00e9s<\/strong> comme \u00e0 <strong>l\u2019\u00e9cole du coin, au centre de loisirs de votre ville, \u00e0 la biblioth\u00e8que<\/strong> ou \u00e0 des<strong> associations caritatives<\/strong> par exemple.<br \/>\nCes organisations sont la plupart du temps ravies de r\u00e9cup\u00e9rer des cartons.<\/p>\n<h2><span class=\"ez-toc-section\" id=\"montez-une-cabane-en-cartons-pour-les-enfants\"><\/span>Montez une cabane en cartons pour les enfants<span class=\"ez-toc-section-end\"><\/span><\/h2>\n<p>Voil\u00e0 une activit\u00e9 qui devrait plaire \u00e0 vos enfants et un bon moyen pour recycler vos cartons.<br \/>\nMunissez vous d\u2019une paire de ciseaux, de scotch, de feutres et de peinture et <strong>inventez le ch\u00e2teau de leurs r\u00eaves<\/strong> !<\/p>\n<p>Connaissez-vous les fameux DIY (Do It Yourself, en fran\u00e7ais \u201cfaites-le vous-m\u00eame\u201d) qui envahissent nos \u00e9crans ?<\/p>\n<p>Il s\u2019agit de tutos vous expliquant comment <strong>faire de belles cr\u00e9ations par vous m\u00eame<\/strong> et qui plaisent \u00e9norm\u00e9ment aux enfants. Ici un ch\u00e2teau miniature et ici un chalet taille r\u00e9el.<br \/>\nYoutube regorge de tutoriels tr\u00e8s bien expliqu\u00e9s pour faire des cabanes ou des labyrinthes en carton. Certains ont m\u00eame invent\u00e9 des escapes games directement chez eux dans leur maison.<br \/>\nUne fa\u00e7on fun et ludique de recycler ses cartons de d\u00e9m\u00e9nagement.<\/p>\n<h2><span class=\"ez-toc-section\" id=\"faites-une-cabane-en-carton-pour-vos-animaux-de-compagnie\"><\/span>Faites une cabane en carton pour vos animaux de compagnie<span class=\"ez-toc-section-end\"><\/span><\/h2>\n<p><iframe title=\"How to make Amazing Kitten Cat Pet House from Cardboard\" width=\"500\" height=\"281\" src=\"https:\/\/www.youtube.com\/embed\/8G_WxegAwZo?list=PLMuQ3f8TuaSEONbcKTSaFFM8lRAATuwvo\" frameborder=\"0\" allow=\"accelerometer; autoplay; clipboard-write; encrypted-media; gyroscope; picture-in-picture; web-share\" referrerpolicy=\"strict-origin-when-cross-origin\" allowfullscreen><\/iframe><\/p>\n<p>Si vous poss\u00e9dez des animaux, un chat, un cochon d\u2019inde ou un hamster par exemple, et que vous aimez bricoler, il existe aussi sur internet <strong>une quantit\u00e9 impressionnante de tutoriels vous proposant de cr\u00e9er diverses choses<\/strong>.<br \/>\nDe la cabane de luxe au grattoir, vous trouverez de quoi faire de votre animal de compagnie la plus heureuse des cr\u00e9atures.<br \/>\nDeux trois coups de peinture et de cutter, un peu de bricolage et c\u2019est dans la bo\u00eete !<\/p>\n<h2><span class=\"ez-toc-section\" id=\"transformez-vos-cartons-en-objets-de-decoration\"><\/span>Transformez vos cartons en objets de d\u00e9coration<span class=\"ez-toc-section-end\"><\/span><\/h2>\n<div style=\"padding: 16px;\">\n<p>Vous pouvez aussi vous lancer dans la confection d\u2019objets de d\u00e9coration en cartons afin de personnaliser votre nouveau logement.<br \/>\nVous pouvez transformer vos petits cartons en <strong>cartes de v\u0153ux, cartes de remerciements, en \u00e9tiquettes, en dessous de verres<\/strong>\u2026<br \/>\nDes petites cr\u00e9ations simples et qui vous seront utiles au quotidien et que vous pourrez m\u00eame offrir.<\/p>\n<\/div>\n<h2><span class=\"ez-toc-section\" id=\"jetez-vos-cartons\"><\/span>Jetez vos cartons<span class=\"ez-toc-section-end\"><\/span><\/h2>\n<p>C\u2019est la solution de facilit\u00e9 pour ceux qui ne veulent pas s&#8217;emb\u00eater. La moins \u00e9colo aussi.<br \/>\n<strong>Mais o\u00f9 jeter vos cartons de d\u00e9m\u00e9nagement exactement ?<\/strong><br \/>\nQue cela soit \u00e0 Paris ou en province, la <strong>d\u00e9ch\u00e8terie<\/strong> la plus proche de chez vous vous en d\u00e9barrassera.<br \/>\nVous pouvez aussi directement jeter vos cartons aux poubelles. Pensez alors \u00e0 les recycler, faites attention \u00e0 les jeter dans la bonne poubelle, la <strong>poubelle jaune<\/strong> pour le recyclage du carton, papier, plastique, conserves&#8230;<br \/>\nPensez bien \u00e0 les aplatir au pr\u00e9alable.<\/p>\n<div id=\"attachment_1316\" style=\"width: 450px\" class=\"wp-caption alignnone\"><img decoding=\"async\" aria-describedby=\"caption-attachment-1316\" class=\"size-full wp-image-1316\" src=\"https:\/\/www.mydemenageur.com\/blog\/wp-content\/uploads\/2019\/06\/poubelle-jaune.jpg\" alt=\"poubelle jaune\" width=\"440\" height=\"543\" srcset=\"https:\/\/www.mydemenageur.com\/blog\/wp-content\/uploads\/2019\/06\/poubelle-jaune.jpg 440w, https:\/\/www.mydemenageur.com\/blog\/wp-content\/uploads\/2019\/06\/poubelle-jaune-243x300.jpg 243w\" sizes=\"(max-width: 440px) 100vw, 440px\" \/><p id=\"caption-attachment-1316\" class=\"wp-caption-text\">Pour vos cartons, c&rsquo;est direction la poubelle jaune<\/p><\/div>\n<p>[\/vc_column_text][\/vc_column][\/vc_row]<\/p>\n<\/section>","protected":false},"excerpt":{"rendered":"<p>[vc_row full_width=\u00a0\u00bbstretch_row\u00a0\u00bb css=\u00a0\u00bb.vc_custom_1535103143553{margin-bottom: 8vh !important;padding-top: 15vh !important;padding-bottom: 15vh !important;background-image: url(https:\/\/www.mydemenageur.com\/blog\/wp-content\/uploads\/2021\/09\/wood-categories-bg-1.jpg) !important;background-position: center !important;background-repeat: no-repeat !important;background-size: cover !important;}\u00a0\u00bb][vc_column css=\u00a0\u00bb.vc_custom_1483881698339{padding-top: 0px !important;}\u00a0\u00bb][vc_empty_space<\/p>\n","protected":false},"author":11,"featured_media":1318,"comment_status":"closed","ping_status":"closed","sticky":false,"template":"","format":"standard","meta":{"_lmt_disableupdate":"","_lmt_disable":"","footnotes":""},"categories":[105,23],"tags":[],"yoast_head":"<!-- This site is optimized with the Yoast SEO Premium plugin v24.2 (Yoast SEO v24.5) - https:\/\/yoast.com\/wordpress\/plugins\/seo\/ -->\n<title>9 id\u00e9es pour recycler intelligemment vos cartons de d\u00e9m\u00e9nagement<\/title>\n<meta name=\"description\" content=\"Votre d\u00e9m\u00e9nagement est termin\u00e9, d\u00e9couvrez nos solutions pour recycler intelligemment tous les cartons qui vous ont servi \u00e0 d\u00e9m\u00e9nager.\" \/>\n<meta name=\"robots\" content=\"index, follow, max-snippet:-1, max-image-preview:large, max-video-preview:-1\" \/>\n<link rel=\"canonical\" href=\"https:\/\/www.mydemenageur.com\/blog\/recycler-cartons-demenagement\/\" \/>\n<meta property=\"og:locale\" content=\"fr_FR\" \/>\n<meta property=\"og:type\" content=\"article\" \/>\n<meta property=\"og:title\" content=\"9 id\u00e9es pour recycler intelligemment vos cartons de d\u00e9m\u00e9nagement\" \/>\n<meta property=\"og:description\" content=\"Votre d\u00e9m\u00e9nagement est termin\u00e9, d\u00e9couvrez nos solutions pour recycler intelligemment tous les cartons qui vous ont servi \u00e0 d\u00e9m\u00e9nager.\" \/>\n<meta property=\"og:url\" content=\"https:\/\/www.mydemenageur.com\/blog\/recycler-cartons-demenagement\/\" \/>\n<meta property=\"og:site_name\" content=\"MyDemenageur\" \/>\n<meta property=\"article:publisher\" content=\"https:\/\/www.facebook.com\/mydemenageur\" \/>\n<meta property=\"article:published_time\" content=\"2019-07-03T10:32:05+00:00\" \/>\n<meta property=\"article:modified_time\" content=\"2022-03-25T15:38:37+00:00\" \/>\n<meta property=\"og:image\" content=\"https:\/\/www.mydemenageur.com\/blog\/wp-content\/uploads\/2019\/06\/carton-vide.jpg\" \/>\n\t<meta property=\"og:image:width\" content=\"680\" \/>\n\t<meta property=\"og:image:height\" content=\"639\" \/>\n\t<meta property=\"og:image:type\" content=\"image\/jpeg\" \/>\n<meta name=\"author\" content=\"Mathilde\" \/>\n<meta name=\"twitter:card\" content=\"summary_large_image\" \/>\n<meta name=\"twitter:creator\" content=\"@mydemenageur\" \/>\n<meta name=\"twitter:site\" content=\"@mydemenageur\" \/>\n<meta name=\"twitter:label1\" content=\"\u00c9crit par\" \/>\n\t<meta name=\"twitter:data1\" content=\"Mathilde\" \/>\n\t<meta name=\"twitter:label2\" content=\"Dur\u00e9e de lecture estim\u00e9e\" \/>\n\t<meta name=\"twitter:data2\" content=\"5 minutes\" \/>\n<script type=\"application\/ld+json\" class=\"yoast-schema-graph\">{\"@context\":\"https:\/\/schema.org\",\"@graph\":[{\"@type\":\"Article\",\"@id\":\"https:\/\/www.mydemenageur.com\/blog\/recycler-cartons-demenagement\/#article\",\"isPartOf\":{\"@id\":\"https:\/\/www.mydemenageur.com\/blog\/recycler-cartons-demenagement\/\"},\"author\":{\"name\":\"Mathilde\",\"@id\":\"https:\/\/www.mydemenageur.com\/blog\/#\/schema\/person\/4540dc333c2e7dc790f0f7bcd5b99569\"},\"headline\":\"9 id\u00e9es pour recycler intelligemment vos cartons de d\u00e9m\u00e9nagement\",\"datePublished\":\"2019-07-03T10:32:05+00:00\",\"dateModified\":\"2022-03-25T15:38:37+00:00\",\"mainEntityOfPage\":{\"@id\":\"https:\/\/www.mydemenageur.com\/blog\/recycler-cartons-demenagement\/\"},\"wordCount\":1193,\"publisher\":{\"@id\":\"https:\/\/www.mydemenageur.com\/blog\/#organization\"},\"image\":{\"@id\":\"https:\/\/www.mydemenageur.com\/blog\/recycler-cartons-demenagement\/#primaryimage\"},\"thumbnailUrl\":\"https:\/\/www.mydemenageur.com\/blog\/wp-content\/uploads\/2019\/06\/carton-vide.jpg\",\"articleSection\":[\"D\u00e9marches et autorisations\",\"M\u00e9nage\"],\"inLanguage\":\"fr-FR\"},{\"@type\":\"WebPage\",\"@id\":\"https:\/\/www.mydemenageur.com\/blog\/recycler-cartons-demenagement\/\",\"url\":\"https:\/\/www.mydemenageur.com\/blog\/recycler-cartons-demenagement\/\",\"name\":\"9 id\u00e9es pour recycler intelligemment vos cartons de d\u00e9m\u00e9nagement\",\"isPartOf\":{\"@id\":\"https:\/\/www.mydemenageur.com\/blog\/#website\"},\"primaryImageOfPage\":{\"@id\":\"https:\/\/www.mydemenageur.com\/blog\/recycler-cartons-demenagement\/#primaryimage\"},\"image\":{\"@id\":\"https:\/\/www.mydemenageur.com\/blog\/recycler-cartons-demenagement\/#primaryimage\"},\"thumbnailUrl\":\"https:\/\/www.mydemenageur.com\/blog\/wp-content\/uploads\/2019\/06\/carton-vide.jpg\",\"datePublished\":\"2019-07-03T10:32:05+00:00\",\"dateModified\":\"2022-03-25T15:38:37+00:00\",\"description\":\"Votre d\u00e9m\u00e9nagement est termin\u00e9, d\u00e9couvrez nos solutions pour recycler intelligemment tous les cartons qui vous ont servi \u00e0 d\u00e9m\u00e9nager.\",\"breadcrumb\":{\"@id\":\"https:\/\/www.mydemenageur.com\/blog\/recycler-cartons-demenagement\/#breadcrumb\"},\"inLanguage\":\"fr-FR\",\"potentialAction\":[{\"@type\":\"ReadAction\",\"target\":[\"https:\/\/www.mydemenageur.com\/blog\/recycler-cartons-demenagement\/\"]}]},{\"@type\":\"ImageObject\",\"inLanguage\":\"fr-FR\",\"@id\":\"https:\/\/www.mydemenageur.com\/blog\/recycler-cartons-demenagement\/#primaryimage\",\"url\":\"https:\/\/www.mydemenageur.com\/blog\/wp-content\/uploads\/2019\/06\/carton-vide.jpg\",\"contentUrl\":\"https:\/\/www.mydemenageur.com\/blog\/wp-content\/uploads\/2019\/06\/carton-vide.jpg\",\"width\":680,\"height\":639,\"caption\":\"Comment donner une seconde vie \u00e0 vos cartons ?\"},{\"@type\":\"BreadcrumbList\",\"@id\":\"https:\/\/www.mydemenageur.com\/blog\/recycler-cartons-demenagement\/#breadcrumb\",\"itemListElement\":[{\"@type\":\"ListItem\",\"position\":1,\"name\":\"Accueil\",\"item\":\"https:\/\/www.mydemenageur.com\/blog\/\"},{\"@type\":\"ListItem\",\"position\":2,\"name\":\"D\u00e9marches et autorisations\",\"item\":\"https:\/\/www.mydemenageur.com\/blog\/categorie\/demarches\/\"},{\"@type\":\"ListItem\",\"position\":3,\"name\":\"9 id\u00e9es pour recycler intelligemment vos cartons de d\u00e9m\u00e9nagement\"}]},{\"@type\":\"WebSite\",\"@id\":\"https:\/\/www.mydemenageur.com\/blog\/#website\",\"url\":\"https:\/\/www.mydemenageur.com\/blog\/\",\"name\":\"MyDemenageur\",\"description\":\"Conseils d\u00e9m\u00e9ngement entre particuliers et d\u00e9m\u00e9nagement professionnel\",\"publisher\":{\"@id\":\"https:\/\/www.mydemenageur.com\/blog\/#organization\"},\"potentialAction\":[{\"@type\":\"SearchAction\",\"target\":{\"@type\":\"EntryPoint\",\"urlTemplate\":\"https:\/\/www.mydemenageur.com\/blog\/?s={search_term_string}\"},\"query-input\":{\"@type\":\"PropertyValueSpecification\",\"valueRequired\":true,\"valueName\":\"search_term_string\"}}],\"inLanguage\":\"fr-FR\"},{\"@type\":\"Organization\",\"@id\":\"https:\/\/www.mydemenageur.com\/blog\/#organization\",\"name\":\"MyDemenageur.com\",\"url\":\"https:\/\/www.mydemenageur.com\/blog\/\",\"logo\":{\"@type\":\"ImageObject\",\"inLanguage\":\"fr-FR\",\"@id\":\"https:\/\/www.mydemenageur.com\/blog\/#\/schema\/logo\/image\/\",\"url\":\"https:\/\/www.mydemenageur.com\/blog\/wp-content\/uploads\/2022\/05\/MyDemenageur_Symbol.jpg\",\"contentUrl\":\"https:\/\/www.mydemenageur.com\/blog\/wp-content\/uploads\/2022\/05\/MyDemenageur_Symbol.jpg\",\"width\":878,\"height\":877,\"caption\":\"MyDemenageur.com\"},\"image\":{\"@id\":\"https:\/\/www.mydemenageur.com\/blog\/#\/schema\/logo\/image\/\"},\"sameAs\":[\"https:\/\/www.facebook.com\/mydemenageur\",\"https:\/\/x.com\/mydemenageur\",\"https:\/\/www.pinterest.fr\/mydemenageur\/\"]},{\"@type\":\"Person\",\"@id\":\"https:\/\/www.mydemenageur.com\/blog\/#\/schema\/person\/4540dc333c2e7dc790f0f7bcd5b99569\",\"name\":\"Mathilde\",\"image\":{\"@type\":\"ImageObject\",\"inLanguage\":\"fr-FR\",\"@id\":\"https:\/\/www.mydemenageur.com\/blog\/#\/schema\/person\/image\/\",\"url\":\"https:\/\/secure.gravatar.com\/avatar\/abde069f6f70261ee6ecea93e0437d77?s=96&#038;r=g\",\"contentUrl\":\"https:\/\/secure.gravatar.com\/avatar\/abde069f6f70261ee6ecea93e0437d77?s=96&#038;r=g\",\"caption\":\"Mathilde\"},\"description\":\"L'harmonie des couleurs et des objets m'a toujours fascin\u00e9e, transformant chaque pi\u00e8ce en un lieu unique et agr\u00e9able \u00e0 vivre. Sur MyDemenageur, vous trouverez non seulement des inspirations personnelles, mais aussi des informations r\u00e9centes sur le monde de la d\u00e9coration, les projets de maison, le d\u00e9m\u00e9nagement et les travaux.\",\"url\":\"https:\/\/www.mydemenageur.com\/blog\/author\/mathilde\/\"}]}<\/script>\n<!-- \/ Yoast SEO Premium plugin. -->","yoast_head_json":{"title":"9 id\u00e9es pour recycler intelligemment vos cartons de d\u00e9m\u00e9nagement","description":"Votre d\u00e9m\u00e9nagement est termin\u00e9, d\u00e9couvrez nos solutions pour recycler intelligemment tous les cartons qui vous ont servi \u00e0 d\u00e9m\u00e9nager.","robots":{"index":"index","follow":"follow","max-snippet":"max-snippet:-1","max-image-preview":"max-image-preview:large","max-video-preview":"max-video-preview:-1"},"canonical":"https:\/\/www.mydemenageur.com\/blog\/recycler-cartons-demenagement\/","og_locale":"fr_FR","og_type":"article","og_title":"9 id\u00e9es pour recycler intelligemment vos cartons de d\u00e9m\u00e9nagement","og_description":"Votre d\u00e9m\u00e9nagement est termin\u00e9, d\u00e9couvrez nos solutions pour recycler intelligemment tous les cartons qui vous ont servi \u00e0 d\u00e9m\u00e9nager.","og_url":"https:\/\/www.mydemenageur.com\/blog\/recycler-cartons-demenagement\/","og_site_name":"MyDemenageur","article_publisher":"https:\/\/www.facebook.com\/mydemenageur","article_published_time":"2019-07-03T10:32:05+00:00","article_modified_time":"2022-03-25T15:38:37+00:00","og_image":[{"width":680,"height":639,"url":"https:\/\/www.mydemenageur.com\/blog\/wp-content\/uploads\/2019\/06\/carton-vide.jpg","type":"image\/jpeg"}],"author":"Mathilde","twitter_card":"summary_large_image","twitter_creator":"@mydemenageur","twitter_site":"@mydemenageur","twitter_misc":{"\u00c9crit par":"Mathilde","Dur\u00e9e de lecture estim\u00e9e":"5 minutes"},"schema":{"@context":"https:\/\/schema.org","@graph":[{"@type":"Article","@id":"https:\/\/www.mydemenageur.com\/blog\/recycler-cartons-demenagement\/#article","isPartOf":{"@id":"https:\/\/www.mydemenageur.com\/blog\/recycler-cartons-demenagement\/"},"author":{"name":"Mathilde","@id":"https:\/\/www.mydemenageur.com\/blog\/#\/schema\/person\/4540dc333c2e7dc790f0f7bcd5b99569"},"headline":"9 id\u00e9es pour recycler intelligemment vos cartons de d\u00e9m\u00e9nagement","datePublished":"2019-07-03T10:32:05+00:00","dateModified":"2022-03-25T15:38:37+00:00","mainEntityOfPage":{"@id":"https:\/\/www.mydemenageur.com\/blog\/recycler-cartons-demenagement\/"},"wordCount":1193,"publisher":{"@id":"https:\/\/www.mydemenageur.com\/blog\/#organization"},"image":{"@id":"https:\/\/www.mydemenageur.com\/blog\/recycler-cartons-demenagement\/#primaryimage"},"thumbnailUrl":"https:\/\/www.mydemenageur.com\/blog\/wp-content\/uploads\/2019\/06\/carton-vide.jpg","articleSection":["D\u00e9marches et autorisations","M\u00e9nage"],"inLanguage":"fr-FR"},{"@type":"WebPage","@id":"https:\/\/www.mydemenageur.com\/blog\/recycler-cartons-demenagement\/","url":"https:\/\/www.mydemenageur.com\/blog\/recycler-cartons-demenagement\/","name":"9 id\u00e9es pour recycler intelligemment vos cartons de d\u00e9m\u00e9nagement","isPartOf":{"@id":"https:\/\/www.mydemenageur.com\/blog\/#website"},"primaryImageOfPage":{"@id":"https:\/\/www.mydemenageur.com\/blog\/recycler-cartons-demenagement\/#primaryimage"},"image":{"@id":"https:\/\/www.mydemenageur.com\/blog\/recycler-cartons-demenagement\/#primaryimage"},"thumbnailUrl":"https:\/\/www.mydemenageur.com\/blog\/wp-content\/uploads\/2019\/06\/carton-vide.jpg","datePublished":"2019-07-03T10:32:05+00:00","dateModified":"2022-03-25T15:38:37+00:00","description":"Votre d\u00e9m\u00e9nagement est termin\u00e9, d\u00e9couvrez nos solutions pour recycler intelligemment tous les cartons qui vous ont servi \u00e0 d\u00e9m\u00e9nager.","breadcrumb":{"@id":"https:\/\/www.mydemenageur.com\/blog\/recycler-cartons-demenagement\/#breadcrumb"},"inLanguage":"fr-FR","potentialAction":[{"@type":"ReadAction","target":["https:\/\/www.mydemenageur.com\/blog\/recycler-cartons-demenagement\/"]}]},{"@type":"ImageObject","inLanguage":"fr-FR","@id":"https:\/\/www.mydemenageur.com\/blog\/recycler-cartons-demenagement\/#primaryimage","url":"https:\/\/www.mydemenageur.com\/blog\/wp-content\/uploads\/2019\/06\/carton-vide.jpg","contentUrl":"https:\/\/www.mydemenageur.com\/blog\/wp-content\/uploads\/2019\/06\/carton-vide.jpg","width":680,"height":639,"caption":"Comment donner une seconde vie \u00e0 vos cartons ?"},{"@type":"BreadcrumbList","@id":"https:\/\/www.mydemenageur.com\/blog\/recycler-cartons-demenagement\/#breadcrumb","itemListElement":[{"@type":"ListItem","position":1,"name":"Accueil","item":"https:\/\/www.mydemenageur.com\/blog\/"},{"@type":"ListItem","position":2,"name":"D\u00e9marches et autorisations","item":"https:\/\/www.mydemenageur.com\/blog\/categorie\/demarches\/"},{"@type":"ListItem","position":3,"name":"9 id\u00e9es pour recycler intelligemment vos cartons de d\u00e9m\u00e9nagement"}]},{"@type":"WebSite","@id":"https:\/\/www.mydemenageur.com\/blog\/#website","url":"https:\/\/www.mydemenageur.com\/blog\/","name":"MyDemenageur","description":"Conseils d\u00e9m\u00e9ngement entre particuliers et d\u00e9m\u00e9nagement professionnel","publisher":{"@id":"https:\/\/www.mydemenageur.com\/blog\/#organization"},"potentialAction":[{"@type":"SearchAction","target":{"@type":"EntryPoint","urlTemplate":"https:\/\/www.mydemenageur.com\/blog\/?s={search_term_string}"},"query-input":{"@type":"PropertyValueSpecification","valueRequired":true,"valueName":"search_term_string"}}],"inLanguage":"fr-FR"},{"@type":"Organization","@id":"https:\/\/www.mydemenageur.com\/blog\/#organization","name":"MyDemenageur.com","url":"https:\/\/www.mydemenageur.com\/blog\/","logo":{"@type":"ImageObject","inLanguage":"fr-FR","@id":"https:\/\/www.mydemenageur.com\/blog\/#\/schema\/logo\/image\/","url":"https:\/\/www.mydemenageur.com\/blog\/wp-content\/uploads\/2022\/05\/MyDemenageur_Symbol.jpg","contentUrl":"https:\/\/www.mydemenageur.com\/blog\/wp-content\/uploads\/2022\/05\/MyDemenageur_Symbol.jpg","width":878,"height":877,"caption":"MyDemenageur.com"},"image":{"@id":"https:\/\/www.mydemenageur.com\/blog\/#\/schema\/logo\/image\/"},"sameAs":["https:\/\/www.facebook.com\/mydemenageur","https:\/\/x.com\/mydemenageur","https:\/\/www.pinterest.fr\/mydemenageur\/"]},{"@type":"Person","@id":"https:\/\/www.mydemenageur.com\/blog\/#\/schema\/person\/4540dc333c2e7dc790f0f7bcd5b99569","name":"Mathilde","image":{"@type":"ImageObject","inLanguage":"fr-FR","@id":"https:\/\/www.mydemenageur.com\/blog\/#\/schema\/person\/image\/","url":"https:\/\/secure.gravatar.com\/avatar\/abde069f6f70261ee6ecea93e0437d77?s=96&#038;r=g","contentUrl":"https:\/\/secure.gravatar.com\/avatar\/abde069f6f70261ee6ecea93e0437d77?s=96&#038;r=g","caption":"Mathilde"},"description":"L'harmonie des couleurs et des objets m'a toujours fascin\u00e9e, transformant chaque pi\u00e8ce en un lieu unique et agr\u00e9able \u00e0 vivre. Sur MyDemenageur, vous trouverez non seulement des inspirations personnelles, mais aussi des informations r\u00e9centes sur le monde de la d\u00e9coration, les projets de maison, le d\u00e9m\u00e9nagement et les travaux.","url":"https:\/\/www.mydemenageur.com\/blog\/author\/mathilde\/"}]}},"modified_by":"MyDemenageur","_links":{"self":[{"href":"https:\/\/www.mydemenageur.com\/blog\/wp-json\/wp\/v2\/posts\/1309"}],"collection":[{"href":"https:\/\/www.mydemenageur.com\/blog\/wp-json\/wp\/v2\/posts"}],"about":[{"href":"https:\/\/www.mydemenageur.com\/blog\/wp-json\/wp\/v2\/types\/post"}],"author":[{"embeddable":true,"href":"https:\/\/www.mydemenageur.com\/blog\/wp-json\/wp\/v2\/users\/11"}],"replies":[{"embeddable":true,"href":"https:\/\/www.mydemenageur.com\/blog\/wp-json\/wp\/v2\/comments?post=1309"}],"version-history":[{"count":0,"href":"https:\/\/www.mydemenageur.com\/blog\/wp-json\/wp\/v2\/posts\/1309\/revisions"}],"wp:featuredmedia":[{"embeddable":true,"href":"https:\/\/www.mydemenageur.com\/blog\/wp-json\/wp\/v2\/media\/1318"}],"wp:attachment":[{"href":"https:\/\/www.mydemenageur.com\/blog\/wp-json\/wp\/v2\/media?parent=1309"}],"wp:term":[{"taxonomy":"category","embeddable":true,"href":"https:\/\/www.mydemenageur.com\/blog\/wp-json\/wp\/v2\/categories?post=1309"},{"taxonomy":"post_tag","embeddable":true,"href":"https:\/\/www.mydemenageur.com\/blog\/wp-json\/wp\/v2\/tags?post=1309"}],"curies":[{"name":"wp","href":"https:\/\/api.w.org\/{rel}","templated":true}]}}