{"id":1371,"date":"2019-07-31T16:03:20","date_gmt":"2019-07-31T16:03:20","guid":{"rendered":"https:\/\/www.mydemenageur.com\/blog\/?p=1371"},"modified":"2021-12-14T18:28:11","modified_gmt":"2021-12-14T18:28:11","slug":"demenagement-monte-meuble","status":"publish","type":"post","link":"https:\/\/www.mydemenageur.com\/blog\/demenagement-monte-meuble\/","title":{"rendered":"[Guide] Louer un monte-meuble pour d\u00e9m\u00e9nager : quand, comment et combien \u00e7a co\u00fbte ?"},"content":{"rendered":"<p>Vous n&rsquo;y avez peut-\u00eatre jamais pens\u00e9, mais la location d\u2019un monte-meuble pour votre <a href=\"https:\/\/www.mydemenageur.com\/blog\/transport\/\">d\u00e9m\u00e9nagement<\/a> peut s&rsquo;av\u00e9rer \u00eatre un choix judicieux tant pour le gain de temps que pour le portefeuille. Explications.<br \/>\nVoici le guide ultime du monte-meuble en d\u00e9m\u00e9nagement, une location de monte-meuble, oui, mais quand, comment, combien co\u00fbte une location en g\u00e9n\u00e9rale, \u00e0 quel moment l&rsquo;utiliser.<\/p>\n<p><img decoding=\"async\" class=\"wp-image-1373 size-full\" src=\"https:\/\/www.mydemenageur.com\/blog\/wp-content\/uploads\/2019\/07\/demenager-monte-meuble.jpg\" alt=\"demenager avec un monte meuble\" width=\"680\" height=\"495\" srcset=\"https:\/\/www.mydemenageur.com\/blog\/wp-content\/uploads\/2019\/07\/demenager-monte-meuble.jpg 680w, https:\/\/www.mydemenageur.com\/blog\/wp-content\/uploads\/2019\/07\/demenager-monte-meuble-300x218.jpg 300w\" sizes=\"(max-width: 680px) 100vw, 680px\" \/><\/p>\n<p>D\u00e9m\u00e9nager avec un monte-meuble peut se r\u00e9v\u00e9ler pratique, rapide et m\u00eame \u00e9conomique !<div id=\"ez-toc-container\" class=\"ez-toc-v2_0_82_2 counter-hierarchy ez-toc-counter ez-toc-custom ez-toc-container-direction\">\n<div class=\"ez-toc-title-container\">\n<p class=\"ez-toc-title\" style=\"cursor:inherit\">Ce que vous allez apprendre<\/p>\n<span class=\"ez-toc-title-toggle\"><\/span><\/div>\n<nav><ul class='ez-toc-list ez-toc-list-level-1 ' ><li class='ez-toc-page-1 ez-toc-heading-level-2'><a class=\"ez-toc-link ez-toc-heading-1\" href=\"https:\/\/www.mydemenageur.com\/blog\/demenagement-monte-meuble\/#dans-quels-cas-utiliser-un-monte-meuble\" >Dans quels cas utiliser un monte-meuble ?<\/a><ul class='ez-toc-list-level-3' ><li class='ez-toc-heading-level-3'><a class=\"ez-toc-link ez-toc-heading-2\" href=\"https:\/\/www.mydemenageur.com\/blog\/demenagement-monte-meuble\/#pour-gagner-du-temps\" >Pour gagner du temps<\/a><\/li><li class='ez-toc-page-1 ez-toc-heading-level-3'><a class=\"ez-toc-link ez-toc-heading-3\" href=\"https:\/\/www.mydemenageur.com\/blog\/demenagement-monte-meuble\/#pour-transporter-des-objets-tres-volumineux-ou-tres-lourds\" >Pour transporter des objets tr\u00e8s volumineux ou tr\u00e8s lourds<\/a><\/li><li class='ez-toc-page-1 ez-toc-heading-level-3'><a class=\"ez-toc-link ez-toc-heading-4\" href=\"https:\/\/www.mydemenageur.com\/blog\/demenagement-monte-meuble\/#pour-les-grands-demenagements-avec-beaucoup-de-meubles\" >Pour les grands d\u00e9m\u00e9nagements avec beaucoup de meubles<\/a><\/li><li class='ez-toc-page-1 ez-toc-heading-level-3'><a class=\"ez-toc-link ez-toc-heading-5\" href=\"https:\/\/www.mydemenageur.com\/blog\/demenagement-monte-meuble\/#pour-transporter-des-objets-dont-lacces-nest-pas-possible-autrement\" >Pour transporter des objets dont l\u2019acc\u00e8s n\u2019est pas possible autrement<\/a><\/li><li class='ez-toc-page-1 ez-toc-heading-level-3'><a class=\"ez-toc-link ez-toc-heading-6\" href=\"https:\/\/www.mydemenageur.com\/blog\/demenagement-monte-meuble\/#pour-eviter-les-rayures-et-autres-bosses\" >Pour \u00e9viter les rayures et autres bosses<\/a><\/li><li class='ez-toc-page-1 ez-toc-heading-level-3'><a class=\"ez-toc-link ez-toc-heading-7\" href=\"https:\/\/www.mydemenageur.com\/blog\/demenagement-monte-meuble\/#pour-economiser-de-la-main-doeuvre\" >Pour \u00e9conomiser de la main d\u2019\u0153uvre<\/a><\/li><li class='ez-toc-page-1 ez-toc-heading-level-3'><a class=\"ez-toc-link ez-toc-heading-8\" href=\"https:\/\/www.mydemenageur.com\/blog\/demenagement-monte-meuble\/#pour-economiser-les-forces-de-la-main-doeuvre\" >Pour \u00e9conomiser les forces de la main d\u2019\u0153uvre<\/a><\/li><\/ul><\/li><li class='ez-toc-page-1 ez-toc-heading-level-2'><a class=\"ez-toc-link ez-toc-heading-9\" href=\"https:\/\/www.mydemenageur.com\/blog\/demenagement-monte-meuble\/#comment-louer-et-utiliser-un-monte-meuble\" >Comment louer et utiliser un monte-meuble ?<\/a><\/li><li class='ez-toc-page-1 ez-toc-heading-level-2'><a class=\"ez-toc-link ez-toc-heading-10\" href=\"https:\/\/www.mydemenageur.com\/blog\/demenagement-monte-meuble\/#combien-coute-la-location-dun-monte-meuble\" >Combien co\u00fbte la location d\u2019un monte-meuble ?<\/a><\/li><li class='ez-toc-page-1 ez-toc-heading-level-2'><a class=\"ez-toc-link ez-toc-heading-11\" href=\"https:\/\/www.mydemenageur.com\/blog\/demenagement-monte-meuble\/#stationnement-du-monte-meuble\" >Stationnement du monte-meuble<\/a><\/li><li class='ez-toc-page-1 ez-toc-heading-level-2'><a class=\"ez-toc-link ez-toc-heading-12\" href=\"https:\/\/www.mydemenageur.com\/blog\/demenagement-monte-meuble\/#un-dernier-conseil-prevenez-votre-voisinage\" >Un dernier conseil : pr\u00e9venez votre voisinage<\/a><\/li><\/ul><\/nav><\/div>\n<h2><span class=\"ez-toc-section\" id=\"dans-quels-cas-utiliser-un-monte-meuble\"><\/span>Dans quels cas utiliser un monte-meuble ?<span class=\"ez-toc-section-end\"><\/span><\/h2>\n<h3><span class=\"ez-toc-section\" id=\"pour-gagner-du-temps\"><\/span>Pour gagner du temps<span class=\"ez-toc-section-end\"><\/span><\/h3>\n<p>Soyons franc, un d\u00e9m\u00e9nagement ne se fait jamais sans <strong>stress<\/strong> et sans <strong>contraintes<\/strong>.<br \/>\nS\u2019il s\u2019agit d\u2019une contrainte li\u00e9e au temps disponible pour effectuer ce dernier (urgence pour le travail, location de v\u00e9hicule bient\u00f4t expir\u00e9e, vous ne voulez pas ennuyer les proches 2 jours de suite, etc&#8230;), la location d\u2019un monte-meuble peut s\u2019av\u00e9rer tr\u00e8s utile.<br \/>\nVous <strong>gagnerez \u00e9norm\u00e9ment de temps<\/strong> en utilisant cet engin, plut\u00f4t qu\u2019en descendant et montant les \u00e9tages avec chaque meuble jusqu&rsquo;\u00e0 votre nouveau chez vous.<br \/>\nPlus il y a d\u2019\u00e9tages, plus c\u2019est rentable !<br \/>\nCertains d\u00e9m\u00e9nageurs chevronn\u00e9s recommandent d\u2019utiliser un monte-meuble <strong>au dessus de 2 \u00e9tages sans ascenseur<\/strong>.<\/p>\n<div id=\"attachment_1376\" style=\"width: 690px\" class=\"wp-caption alignnone\"><img decoding=\"async\" aria-describedby=\"caption-attachment-1376\" class=\"size-full wp-image-1376\" src=\"https:\/\/www.mydemenageur.com\/blog\/wp-content\/uploads\/2019\/07\/monte-meuble-haut.jpg\" alt=\"monte meubles\" width=\"680\" height=\"560\" srcset=\"https:\/\/www.mydemenageur.com\/blog\/wp-content\/uploads\/2019\/07\/monte-meuble-haut.jpg 680w, https:\/\/www.mydemenageur.com\/blog\/wp-content\/uploads\/2019\/07\/monte-meuble-haut-300x247.jpg 300w\" sizes=\"(max-width: 680px) 100vw, 680px\" \/><p id=\"caption-attachment-1376\" class=\"wp-caption-text\">Id\u00e9al pour aller jusqu&rsquo;au 4\u00e8me \u00e9tage vous avouerez<\/p><\/div>\n<p>Exemples :<\/p>\n<ul>\n<li>Un camion de 20m3 (environ 40m2) peut \u00eatre charg\u00e9 en 1 heure<\/li>\n<li>Un camion de 55m3 (environ 100m2) peut \u00eatre charg\u00e9 en 4 heures<\/li>\n<\/ul>\n<p>La majorit\u00e9 montent jusqu\u2019au 6\u00e8me ou 7\u00e8me \u00e9tage.<br \/>\nCertains mod\u00e8les permettent de monter encore plus haut.<\/p>\n<h3><span class=\"ez-toc-section\" id=\"pour-transporter-des-objets-tres-volumineux-ou-tres-lourds\"><\/span>Pour transporter des objets tr\u00e8s volumineux ou tr\u00e8s lourds<span class=\"ez-toc-section-end\"><\/span><\/h3>\n<div id=\"attachment_1374\" style=\"width: 690px\" class=\"wp-caption alignnone\"><img decoding=\"async\" aria-describedby=\"caption-attachment-1374\" class=\"size-full wp-image-1374\" src=\"https:\/\/www.mydemenageur.com\/blog\/wp-content\/uploads\/2019\/07\/demenager-piano.jpg\" alt=\"demenager piano\" width=\"680\" height=\"390\" srcset=\"https:\/\/www.mydemenageur.com\/blog\/wp-content\/uploads\/2019\/07\/demenager-piano.jpg 680w, https:\/\/www.mydemenageur.com\/blog\/wp-content\/uploads\/2019\/07\/demenager-piano-300x172.jpg 300w\" sizes=\"(max-width: 680px) 100vw, 680px\" \/><p id=\"caption-attachment-1374\" class=\"wp-caption-text\">Un monte-meuble est VRAIMENT utile pour d\u00e9m\u00e9nager un piano. C&rsquo;est parfois m\u00eame la seule solution.<\/p><\/div>\n<p>Le monte-meuble peut \u00eatre d\u2019une grande aide pour transporter des objets <strong>tr\u00e8s volumineux et tr\u00e8s lourds<\/strong> : frigo am\u00e9ricain, piano droit, piano \u00e0 queue, billard, coffre-fort, armoire normande, grand canap\u00e9, jacuzzi\u2026<br \/>\nL\u00e0 o\u00f9 m\u00eame les professionnels peinent \u00e0 la t\u00e2che (portage avec des sangles ou \u00e0 4), il faut savoir s\u2019avouer vaincu et ne pas courir au drame&#8230;<\/p>\n<h3><span class=\"ez-toc-section\" id=\"pour-les-grands-demenagements-avec-beaucoup-de-meubles\"><\/span>Pour les grands d\u00e9m\u00e9nagements avec beaucoup de meubles<span class=\"ez-toc-section-end\"><\/span><\/h3>\n<p>Si en plus d\u2019\u00eatre press\u00e9 par le temps vous avez beaucoup d\u2019affaires et <strong>beaucoup de meubles lourds \u00e0 d\u00e9placer<\/strong>, la location d\u2018un monte-meuble est vraiment une option \u00e0 consid\u00e9rer.<br \/>\nVous pourrez le rentabiliser, en \u00e9conomisant du temps (et donc de l\u2019argent) mais \u00e9galement de l\u2019\u00e9nergie (les forces et dos des proches ou des d\u00e9m\u00e9nageurs).<\/p>\n<h3><span class=\"ez-toc-section\" id=\"pour-transporter-des-objets-dont-lacces-nest-pas-possible-autrement\"><\/span>Pour transporter des objets dont l\u2019acc\u00e8s n\u2019est pas possible autrement<span class=\"ez-toc-section-end\"><\/span><\/h3>\n<div style=\"width: 487px\" class=\"wp-caption alignnone\"><img decoding=\"async\" class=\"\" src=\"https:\/\/media.giphy.com\/media\/3nfqWYzKrDHEI\/giphy.gif\" width=\"477\" height=\"350\" \/><p class=\"wp-caption-text\">Ross, oubli ! On t&rsquo;a d\u00e9j\u00e0 dit que \u00e7a passait pas !<\/p><\/div>\n<p>Que vous d\u00e9m\u00e9nagiez ou emm\u00e9nagiez en appartement ou en maison, il n\u2019est pas dit que la totalit\u00e9 de vos meubles puissent <strong>franchir tous les couloirs ou m\u00eame l\u2019ascenseur<\/strong>.<br \/>\nIl est imp\u00e9ratif de <strong>prendre les mesures<\/strong> et de s\u2019en assurer avant votre d\u00e9m\u00e9nagement.<br \/>\nDans le cas contraire, l\u2019utilisation devient indispensable.<\/p>\n<h3><span class=\"ez-toc-section\" id=\"pour-eviter-les-rayures-et-autres-bosses\"><\/span>Pour \u00e9viter les rayures et autres bosses<span class=\"ez-toc-section-end\"><\/span><\/h3>\n<p>S\u2019il n\u2019y a pas besoin de passer votre frigo am\u00e9ricain dans tous les couloirs de votre logement et de l\u2019immeuble, ni de le forcer \u00e0 rentrer dans l\u2019ascenseur, alors pas de risque de rayure ni de bosse, que cela soit sur le frigo ou sur les murs.<br \/>\nLe monte-meuble garantit la<strong> s\u00fbret\u00e9 de vos meubles<\/strong>, du camion jusqu&rsquo;\u00e0 l\u2019int\u00e9rieur et vice versa.<br \/>\nIl en est de m\u00eame avec les parquets. La manipulation d\u2019objets volumineux peut facilement les rayer et les ab\u00eemer. Surtout si on les tra\u00eene ou si on essaie de les faire rouler.<\/p>\n<h3><span class=\"ez-toc-section\" id=\"pour-economiser-de-la-main-doeuvre\"><\/span>Pour \u00e9conomiser de la main d\u2019\u0153uvre<span class=\"ez-toc-section-end\"><\/span><\/h3>\n<p>Le monte-meuble est aussi un bon moyen de \u201ccompenser\u201d de la main d\u2019\u0153uvre qui pourrait \u00eatre manquante.<br \/>\nEn effet, vous aurez besoin de moins d\u2019amis et de moins de \u201cgros bras\u201d. Cela peut permettre aussi de <a href=\"https:\/\/www.mydemenageur.com\/blog\/astuces-baisse-prix-demenagement\/\">r\u00e9duire les frais de votre d\u00e9m\u00e9nagement<\/a>.<\/p>\n<h3><span class=\"ez-toc-section\" id=\"pour-economiser-les-forces-de-la-main-doeuvre\"><\/span>Pour \u00e9conomiser les forces de la main d\u2019\u0153uvre<span class=\"ez-toc-section-end\"><\/span><\/h3>\n<div style=\"width: 544px\" class=\"wp-caption alignnone\"><img decoding=\"async\" class=\"\" src=\"https:\/\/media.giphy.com\/media\/axu6dFuca4HKM\/giphy.gif\" alt=\"Conseils d\u00e9m\u00e9nagement : transport, m\u00e9nage, d\u00e9marches, r\u00e9parations\" width=\"534\" height=\"254\" \/><p class=\"wp-caption-text\">Yessss ! Pas besoin de porter la machine \u00e0 laver sur 4 \u00e9tages !!<\/p><\/div>\n<p>Les proches qui vous aident ne sont pas trop costauds ou ils ne savent pas trop <a href=\"https:\/\/www.mydemenageur.com\/blog\/transporter-frigo\/\">comment transporter un frigo<\/a> ou une <a href=\"https:\/\/www.mydemenageur.com\/blog\/demenager-machine-a-laver\/\">machine \u00e0 laver<\/a> ?<br \/>\nAlors la location pour <strong>soulager le dos<\/strong> de tout le monde est peut-\u00eatre la bonne id\u00e9e.<br \/>\nVos proches vous en remercieront !<\/p>\n<h2><span class=\"ez-toc-section\" id=\"comment-louer-et-utiliser-un-monte-meuble\"><\/span>Comment louer et utiliser un monte-meuble ?<span class=\"ez-toc-section-end\"><\/span><\/h2>\n<p><b>Option 1 :\u00a0 Le monte-meuble fait partie de votre formule d\u00e9m\u00e9nagement<\/b><\/p>\n<div id=\"attachment_1375\" style=\"width: 690px\" class=\"wp-caption alignnone\"><img decoding=\"async\" aria-describedby=\"caption-attachment-1375\" class=\"size-full wp-image-1375\" src=\"https:\/\/www.mydemenageur.com\/blog\/wp-content\/uploads\/2019\/07\/monte-meuble-toulouse.jpg\" alt=\"monte meuble toulouse\" width=\"680\" height=\"661\" srcset=\"https:\/\/www.mydemenageur.com\/blog\/wp-content\/uploads\/2019\/07\/monte-meuble-toulouse.jpg 680w, https:\/\/www.mydemenageur.com\/blog\/wp-content\/uploads\/2019\/07\/monte-meuble-toulouse-300x292.jpg 300w\" sizes=\"(max-width: 680px) 100vw, 680px\" \/><p id=\"caption-attachment-1375\" class=\"wp-caption-text\">Le monte-meuble est souvent propos\u00e9 en option par les d\u00e9m\u00e9nageurs professionnels<\/p><\/div>\n<p>Bien souvent, lorsque vous souhaitez utiliser, le prix de sa location est <strong>incluse dans les frais<\/strong> du d\u00e9m\u00e9nageur professionnel s\u2019occupant de votre d\u00e9m\u00e9nagement.<\/p>\n<p><b>Option 2 : Vous louez le monte-meuble vous-m\u00eame<\/b><\/p>\n<div id=\"attachment_1378\" style=\"width: 410px\" class=\"wp-caption alignnone\"><img decoding=\"async\" aria-describedby=\"caption-attachment-1378\" class=\"size-full wp-image-1378\" src=\"https:\/\/www.mydemenageur.com\/blog\/wp-content\/uploads\/2019\/07\/monte-meuble-kiloutou.jpg\" alt=\"monte meuble kiloutou\" width=\"400\" height=\"400\" srcset=\"https:\/\/www.mydemenageur.com\/blog\/wp-content\/uploads\/2019\/07\/monte-meuble-kiloutou.jpg 400w, https:\/\/www.mydemenageur.com\/blog\/wp-content\/uploads\/2019\/07\/monte-meuble-kiloutou-300x300.jpg 300w, https:\/\/www.mydemenageur.com\/blog\/wp-content\/uploads\/2019\/07\/monte-meuble-kiloutou-150x150.jpg 150w\" sizes=\"(max-width: 400px) 100vw, 400px\" \/><p id=\"caption-attachment-1378\" class=\"wp-caption-text\">Monte-meuble disponible \u00e0 la location chez Kiloutou<\/p><\/div>\n<p>Il vous est tout \u00e0 fait possible de <strong>louer l\u2019engin par vos propres moyens<\/strong>, sans passer par une entreprise de d\u00e9m\u00e9nagement. Kiloutou propose notamment cette option.<br \/>\nSachez cependant que selon les appareils, il vous faudra poss\u00e9der le permis E et \/ ou avoir un v\u00e9hicule \u00e9quip\u00e9 d\u2019un attelage remorque pour d\u00e9placer le monte-meuble.<\/p>\n<p><b>Option 3 : Louer un monte-meuble avec son technicien<\/b><br \/>\nLa solution interm\u00e9diaire (que nous recommandons) est de <strong>louer un monte-meuble avec son technicien<\/strong> aupr\u00e8s d\u2019une soci\u00e9t\u00e9 de location sp\u00e9cialis\u00e9e dans les monte-meubles ou aupr\u00e8s d\u2019une entreprise de d\u00e9m\u00e9nagement (si elle en poss\u00e8de un ou propose d\u2019en louer un pour vous).<br \/>\nUn monte-meuble est une machine complexe pouvant s&rsquo;av\u00e9rer dangereuse si mal manipul\u00e9e.<br \/>\nLe technicien se charge donc d&rsquo;amener le monte-meuble ou le monte-charge sur les lieux du d\u00e9m\u00e9nagement, de le monter, de l\u2019installer, de s\u00e9curiser le p\u00e9rim\u00e8tre et de vous conseiller dans son utilisation. Il s\u2019occupe de toutes les manipulations pour faire monter et descendre la plate-forme.<br \/>\nDe votre c\u00f4t\u00e9, vous n\u2019avez plus qu\u2019\u00e0 charger et d\u00e9charger le monte-meuble, puis <a href=\"https:\/\/www.mydemenageur.com\/blog\/chargement-camion-demenagement\/\">charger \/ d\u00e9charger votre camion de d\u00e9m\u00e9nagement<\/a>.<\/p>\n<h2><span class=\"ez-toc-section\" id=\"combien-coute-la-location-dun-monte-meuble\"><\/span>Combien co\u00fbte la location d\u2019un monte-meuble ?<span class=\"ez-toc-section-end\"><\/span><\/h2>\n<p>La location d\u2019un monte-meuble co\u00fbte aux alentours de <strong>150\u20ac \u00e0 220\u20ac la demi-journ\u00e9e<\/strong>.<br \/>\nMais cela reste tr\u00e8s arbitraire. La location d\u2019un monte-meuble \u00e0 Paris peut co\u00fbter un peu plus ch\u00e8re. Nous vous invitons \u00e0 comparer plusieurs devis d\u2019entreprises de location.<br \/>\nLa location d\u2019un monte-meuble s\u2019effectue g\u00e9n\u00e9ralement par demi-journ\u00e9e, mais elle peut s&rsquo;effectuer aussi pour un seul article, comme un piano par exemple. Certaines entreprises proposent une formule \u201c1 objet\u201d pour un tarif un peu plus avantageux aux alentours de 100\u20ac.<br \/>\nMais vous l\u2019aurez compris, plus vous avez d\u2019objets \u00e0 d\u00e9charger et\/ou charger, plus de temps il vous faudra.<br \/>\nA la journ\u00e9e, le tarif de la location peut co\u00fbter <strong>entre 300 et 400\u20ac<\/strong>.<br \/>\nNote : ces tarifs incluent la pr\u00e9sence du technicien monte-meuble.<\/p>\n<p>Exemple 1 : <strong>Estimation du <a href=\"https:\/\/www.mydemenageur.com\/blog\/prix-dun-demenagement-exemples-et-fourchettes-de-tarifs\/\">prix d\u2019un d\u00e9m\u00e9nagement<\/a> de 20m3 (environ 40 ~ 50m2) dans la m\u00eame ville incluant chargement et d\u00e9chargement avec et sans monte-meuble.<\/strong><\/p>\n<table>\n<tbody>\n<tr>\n<td><\/td>\n<td>Sans monte-meuble<\/td>\n<td>Avec monte-meuble<\/td>\n<\/tr>\n<tr>\n<td>Temps total n\u00e9cessaire<\/td>\n<td>7 h<\/td>\n<td>3 h<\/td>\n<\/tr>\n<tr>\n<td>Nombre de Gros Bras<\/td>\n<td>3 (\u00e0 15\u20ac\/h)<\/td>\n<td>2 (\u00e0 15\u20ac\/h)<\/td>\n<\/tr>\n<tr>\n<td>Prix main d\u2019\u0153uvre<\/td>\n<td>315 \u20ac<\/td>\n<td>90 \u20ac<\/td>\n<\/tr>\n<tr>\n<td>Prix du monte-meuble<\/td>\n<td>&#8211;<\/td>\n<td>200 \u20ac (la demi-journ\u00e9e)<\/td>\n<\/tr>\n<tr>\n<td>Prix location camion 20m3<\/td>\n<td>80 \u20ac (24h)<\/td>\n<td>80 \u20ac (24h)<\/td>\n<\/tr>\n<tr>\n<td><strong>Prix total<\/strong><\/td>\n<td><strong>385 \u20ac<\/strong><\/td>\n<td><strong>360 \u20ac<\/strong><\/td>\n<\/tr>\n<\/tbody>\n<\/table>\n<p>Exemple 2 : <strong>Estimation du prix d\u2019un d\u00e9m\u00e9nagement de 55m3 (environ 100m2) dans la m\u00eame ville incluant chargement et d\u00e9chargement avec et sans monte-meuble.<\/strong><\/p>\n<table>\n<tbody>\n<tr>\n<td><\/td>\n<td>Sans monte-meuble<\/td>\n<td>Avec monte-meuble<\/td>\n<\/tr>\n<tr>\n<td>Temps total n\u00e9cessaire<\/td>\n<td>16 h<\/td>\n<td>8 h<\/td>\n<\/tr>\n<tr>\n<td>Nombre de Gros Bras<\/td>\n<td>4 (\u00e0 15\u20ac\/h)<\/td>\n<td>4 (\u00e0 15\u20ac\/h)<\/td>\n<\/tr>\n<tr>\n<td>Prix main d\u2019\u0153uvre<\/td>\n<td>960 \u20ac<\/td>\n<td>480 \u20ac (la journ\u00e9e)<\/td>\n<\/tr>\n<tr>\n<td>Prix du monte-meuble<\/td>\n<td>&#8211;<\/td>\n<td>350 \u20ac<\/td>\n<\/tr>\n<tr>\n<td>Prix location camion 20m3<\/td>\n<td>145 \u20ac (48h)<\/td>\n<td>80 \u20ac (24h)<\/td>\n<\/tr>\n<tr>\n<td><strong>Prix total<\/strong><\/td>\n<td><strong>1105 \u20ac<\/strong><\/td>\n<td><strong>910 \u20ac<\/strong><\/td>\n<\/tr>\n<\/tbody>\n<\/table>\n<p>Dans les exemples ci-dessus, on imagine que vous payez les Gros Bras 15\u20ac\/h (ce qui semble \u00eatre plus ou moins une moyenne sur la plateforme).<\/p>\n<h2><span class=\"ez-toc-section\" id=\"stationnement-du-monte-meuble\"><\/span>Stationnement du monte-meuble<span class=\"ez-toc-section-end\"><\/span><\/h2>\n<p>Avant de faire les d\u00e9marches de location, il est imp\u00e9ratif que vous contactiez le commissariat ou la mairie de votre ville pour obtenir une<strong> autorisation de stationnement<\/strong> (au moins 2 semaines \u00e0 l\u2019avance).<br \/>\nIl vous faudra en g\u00e9n\u00e9ral 2 places automobiles pour l&rsquo;installer.<br \/>\nCe service peut d&rsquo;ailleurs \u00eatre propos\u00e9 par le loueur.<\/p>\n<h2><span class=\"ez-toc-section\" id=\"un-dernier-conseil-prevenez-votre-voisinage\"><\/span>Un dernier conseil : pr\u00e9venez votre voisinage<span class=\"ez-toc-section-end\"><\/span><\/h2>\n<p>Si l\u2019utilisation peut causer une g\u00eane \u00e9ventuelle (place de parking, fen\u00eatre encombr\u00e9e pendant plusieurs heures, bruit&#8230;)\u00a0 <strong>pr\u00e9venir en amont vos voisins<\/strong> peut \u00eatre une bonne id\u00e9e afin d\u2019\u00e9viter toutes situations conflictuelles.<\/p>\n","protected":false},"excerpt":{"rendered":"<p>Vous n&rsquo;y avez peut-\u00eatre jamais pens\u00e9, mais la location d\u2019un monte-meuble pour votre d\u00e9m\u00e9nagement peut s&rsquo;av\u00e9rer \u00eatre un choix judicieux<\/p>\n","protected":false},"author":11,"featured_media":1373,"comment_status":"closed","ping_status":"closed","sticky":false,"template":"","format":"standard","meta":{"_lmt_disableupdate":"","_lmt_disable":"","footnotes":""},"categories":[106],"tags":[],"yoast_head":"<!-- This site is optimized with the Yoast SEO Premium plugin v24.2 (Yoast SEO v24.5) - https:\/\/yoast.com\/wordpress\/plugins\/seo\/ -->\n<title>[Guide] Quand louer un monte-meuble pour d\u00e9m\u00e9nager ? A quel prix ?<\/title>\n<meta name=\"description\" content=\"Comment choisir un monte-meuble pour d\u00e9m\u00e9nager : les choses \u00e0 savoir, quand, comment et combien co\u00fbte une location de monte-meuble ?\" \/>\n<meta name=\"robots\" content=\"index, follow, max-snippet:-1, max-image-preview:large, max-video-preview:-1\" \/>\n<link rel=\"canonical\" href=\"https:\/\/www.mydemenageur.com\/blog\/demenagement-monte-meuble\/\" \/>\n<meta property=\"og:locale\" content=\"fr_FR\" \/>\n<meta property=\"og:type\" content=\"article\" \/>\n<meta property=\"og:title\" content=\"[Guide] Louer un monte-meuble pour d\u00e9m\u00e9nager : quand, comment et combien \u00e7a co\u00fbte ?\" \/>\n<meta property=\"og:description\" content=\"Comment choisir un monte-meuble pour d\u00e9m\u00e9nager : les choses \u00e0 savoir, quand, comment et combien co\u00fbte une location de monte-meuble ?\" \/>\n<meta property=\"og:url\" content=\"https:\/\/www.mydemenageur.com\/blog\/demenagement-monte-meuble\/\" \/>\n<meta property=\"og:site_name\" content=\"MyDemenageur\" \/>\n<meta property=\"article:publisher\" content=\"https:\/\/www.facebook.com\/mydemenageur\" \/>\n<meta property=\"article:published_time\" content=\"2019-07-31T16:03:20+00:00\" \/>\n<meta property=\"article:modified_time\" content=\"2021-12-14T18:28:11+00:00\" \/>\n<meta property=\"og:image\" content=\"https:\/\/www.mydemenageur.com\/blog\/wp-content\/uploads\/2019\/07\/demenager-monte-meuble.jpg\" \/>\n\t<meta property=\"og:image:width\" content=\"680\" \/>\n\t<meta property=\"og:image:height\" content=\"495\" \/>\n\t<meta property=\"og:image:type\" content=\"image\/jpeg\" \/>\n<meta name=\"author\" content=\"Mathilde\" \/>\n<meta name=\"twitter:card\" content=\"summary_large_image\" \/>\n<meta name=\"twitter:creator\" content=\"@mydemenageur\" \/>\n<meta name=\"twitter:site\" content=\"@mydemenageur\" \/>\n<meta name=\"twitter:label1\" content=\"\u00c9crit par\" \/>\n\t<meta name=\"twitter:data1\" content=\"Mathilde\" \/>\n\t<meta name=\"twitter:label2\" content=\"Dur\u00e9e de lecture estim\u00e9e\" \/>\n\t<meta name=\"twitter:data2\" content=\"7 minutes\" \/>\n<script type=\"application\/ld+json\" class=\"yoast-schema-graph\">{\"@context\":\"https:\/\/schema.org\",\"@graph\":[{\"@type\":\"Article\",\"@id\":\"https:\/\/www.mydemenageur.com\/blog\/demenagement-monte-meuble\/#article\",\"isPartOf\":{\"@id\":\"https:\/\/www.mydemenageur.com\/blog\/demenagement-monte-meuble\/\"},\"author\":{\"name\":\"Mathilde\",\"@id\":\"https:\/\/www.mydemenageur.com\/blog\/#\/schema\/person\/4540dc333c2e7dc790f0f7bcd5b99569\"},\"headline\":\"[Guide] Louer un monte-meuble pour d\u00e9m\u00e9nager : quand, comment et combien \u00e7a co\u00fbte ?\",\"datePublished\":\"2019-07-31T16:03:20+00:00\",\"dateModified\":\"2021-12-14T18:28:11+00:00\",\"mainEntityOfPage\":{\"@id\":\"https:\/\/www.mydemenageur.com\/blog\/demenagement-monte-meuble\/\"},\"wordCount\":1476,\"publisher\":{\"@id\":\"https:\/\/www.mydemenageur.com\/blog\/#organization\"},\"image\":{\"@id\":\"https:\/\/www.mydemenageur.com\/blog\/demenagement-monte-meuble\/#primaryimage\"},\"thumbnailUrl\":\"https:\/\/www.mydemenageur.com\/blog\/wp-content\/uploads\/2019\/07\/demenager-monte-meuble.jpg\",\"articleSection\":[\"D\u00e9m\u00e9nagement\"],\"inLanguage\":\"fr-FR\"},{\"@type\":\"WebPage\",\"@id\":\"https:\/\/www.mydemenageur.com\/blog\/demenagement-monte-meuble\/\",\"url\":\"https:\/\/www.mydemenageur.com\/blog\/demenagement-monte-meuble\/\",\"name\":\"[Guide] Quand louer un monte-meuble pour d\u00e9m\u00e9nager ? A quel prix ?\",\"isPartOf\":{\"@id\":\"https:\/\/www.mydemenageur.com\/blog\/#website\"},\"primaryImageOfPage\":{\"@id\":\"https:\/\/www.mydemenageur.com\/blog\/demenagement-monte-meuble\/#primaryimage\"},\"image\":{\"@id\":\"https:\/\/www.mydemenageur.com\/blog\/demenagement-monte-meuble\/#primaryimage\"},\"thumbnailUrl\":\"https:\/\/www.mydemenageur.com\/blog\/wp-content\/uploads\/2019\/07\/demenager-monte-meuble.jpg\",\"datePublished\":\"2019-07-31T16:03:20+00:00\",\"dateModified\":\"2021-12-14T18:28:11+00:00\",\"description\":\"Comment choisir un monte-meuble pour d\u00e9m\u00e9nager : les choses \u00e0 savoir, quand, comment et combien co\u00fbte une location de monte-meuble ?\",\"breadcrumb\":{\"@id\":\"https:\/\/www.mydemenageur.com\/blog\/demenagement-monte-meuble\/#breadcrumb\"},\"inLanguage\":\"fr-FR\",\"potentialAction\":[{\"@type\":\"ReadAction\",\"target\":[\"https:\/\/www.mydemenageur.com\/blog\/demenagement-monte-meuble\/\"]}]},{\"@type\":\"ImageObject\",\"inLanguage\":\"fr-FR\",\"@id\":\"https:\/\/www.mydemenageur.com\/blog\/demenagement-monte-meuble\/#primaryimage\",\"url\":\"https:\/\/www.mydemenageur.com\/blog\/wp-content\/uploads\/2019\/07\/demenager-monte-meuble.jpg\",\"contentUrl\":\"https:\/\/www.mydemenageur.com\/blog\/wp-content\/uploads\/2019\/07\/demenager-monte-meuble.jpg\",\"width\":680,\"height\":495,\"caption\":\"demenager avec un monte meuble\"},{\"@type\":\"BreadcrumbList\",\"@id\":\"https:\/\/www.mydemenageur.com\/blog\/demenagement-monte-meuble\/#breadcrumb\",\"itemListElement\":[{\"@type\":\"ListItem\",\"position\":1,\"name\":\"Accueil\",\"item\":\"https:\/\/www.mydemenageur.com\/blog\/\"},{\"@type\":\"ListItem\",\"position\":2,\"name\":\"D\u00e9m\u00e9nagement\",\"item\":\"https:\/\/www.mydemenageur.com\/blog\/categorie\/transport\/\"},{\"@type\":\"ListItem\",\"position\":3,\"name\":\"[Guide] Louer un monte-meuble pour d\u00e9m\u00e9nager : quand, comment et combien \u00e7a co\u00fbte ?\"}]},{\"@type\":\"WebSite\",\"@id\":\"https:\/\/www.mydemenageur.com\/blog\/#website\",\"url\":\"https:\/\/www.mydemenageur.com\/blog\/\",\"name\":\"MyDemenageur\",\"description\":\"Conseils d\u00e9m\u00e9ngement entre particuliers et d\u00e9m\u00e9nagement professionnel\",\"publisher\":{\"@id\":\"https:\/\/www.mydemenageur.com\/blog\/#organization\"},\"potentialAction\":[{\"@type\":\"SearchAction\",\"target\":{\"@type\":\"EntryPoint\",\"urlTemplate\":\"https:\/\/www.mydemenageur.com\/blog\/?s={search_term_string}\"},\"query-input\":{\"@type\":\"PropertyValueSpecification\",\"valueRequired\":true,\"valueName\":\"search_term_string\"}}],\"inLanguage\":\"fr-FR\"},{\"@type\":\"Organization\",\"@id\":\"https:\/\/www.mydemenageur.com\/blog\/#organization\",\"name\":\"MyDemenageur.com\",\"url\":\"https:\/\/www.mydemenageur.com\/blog\/\",\"logo\":{\"@type\":\"ImageObject\",\"inLanguage\":\"fr-FR\",\"@id\":\"https:\/\/www.mydemenageur.com\/blog\/#\/schema\/logo\/image\/\",\"url\":\"https:\/\/www.mydemenageur.com\/blog\/wp-content\/uploads\/2022\/05\/MyDemenageur_Symbol.jpg\",\"contentUrl\":\"https:\/\/www.mydemenageur.com\/blog\/wp-content\/uploads\/2022\/05\/MyDemenageur_Symbol.jpg\",\"width\":878,\"height\":877,\"caption\":\"MyDemenageur.com\"},\"image\":{\"@id\":\"https:\/\/www.mydemenageur.com\/blog\/#\/schema\/logo\/image\/\"},\"sameAs\":[\"https:\/\/www.facebook.com\/mydemenageur\",\"https:\/\/x.com\/mydemenageur\",\"https:\/\/www.pinterest.fr\/mydemenageur\/\"]},{\"@type\":\"Person\",\"@id\":\"https:\/\/www.mydemenageur.com\/blog\/#\/schema\/person\/4540dc333c2e7dc790f0f7bcd5b99569\",\"name\":\"Mathilde\",\"image\":{\"@type\":\"ImageObject\",\"inLanguage\":\"fr-FR\",\"@id\":\"https:\/\/www.mydemenageur.com\/blog\/#\/schema\/person\/image\/\",\"url\":\"https:\/\/secure.gravatar.com\/avatar\/abde069f6f70261ee6ecea93e0437d77?s=96&#038;r=g\",\"contentUrl\":\"https:\/\/secure.gravatar.com\/avatar\/abde069f6f70261ee6ecea93e0437d77?s=96&#038;r=g\",\"caption\":\"Mathilde\"},\"description\":\"L'harmonie des couleurs et des objets m'a toujours fascin\u00e9e, transformant chaque pi\u00e8ce en un lieu unique et agr\u00e9able \u00e0 vivre. Sur MyDemenageur, vous trouverez non seulement des inspirations personnelles, mais aussi des informations r\u00e9centes sur le monde de la d\u00e9coration, les projets de maison, le d\u00e9m\u00e9nagement et les travaux.\",\"url\":\"https:\/\/www.mydemenageur.com\/blog\/author\/mathilde\/\"}]}<\/script>\n<!-- \/ Yoast SEO Premium plugin. -->","yoast_head_json":{"title":"[Guide] Quand louer un monte-meuble pour d\u00e9m\u00e9nager ? A quel prix ?","description":"Comment choisir un monte-meuble pour d\u00e9m\u00e9nager : les choses \u00e0 savoir, quand, comment et combien co\u00fbte une location de monte-meuble ?","robots":{"index":"index","follow":"follow","max-snippet":"max-snippet:-1","max-image-preview":"max-image-preview:large","max-video-preview":"max-video-preview:-1"},"canonical":"https:\/\/www.mydemenageur.com\/blog\/demenagement-monte-meuble\/","og_locale":"fr_FR","og_type":"article","og_title":"[Guide] Louer un monte-meuble pour d\u00e9m\u00e9nager : quand, comment et combien \u00e7a co\u00fbte ?","og_description":"Comment choisir un monte-meuble pour d\u00e9m\u00e9nager : les choses \u00e0 savoir, quand, comment et combien co\u00fbte une location de monte-meuble ?","og_url":"https:\/\/www.mydemenageur.com\/blog\/demenagement-monte-meuble\/","og_site_name":"MyDemenageur","article_publisher":"https:\/\/www.facebook.com\/mydemenageur","article_published_time":"2019-07-31T16:03:20+00:00","article_modified_time":"2021-12-14T18:28:11+00:00","og_image":[{"width":680,"height":495,"url":"https:\/\/www.mydemenageur.com\/blog\/wp-content\/uploads\/2019\/07\/demenager-monte-meuble.jpg","type":"image\/jpeg"}],"author":"Mathilde","twitter_card":"summary_large_image","twitter_creator":"@mydemenageur","twitter_site":"@mydemenageur","twitter_misc":{"\u00c9crit par":"Mathilde","Dur\u00e9e de lecture estim\u00e9e":"7 minutes"},"schema":{"@context":"https:\/\/schema.org","@graph":[{"@type":"Article","@id":"https:\/\/www.mydemenageur.com\/blog\/demenagement-monte-meuble\/#article","isPartOf":{"@id":"https:\/\/www.mydemenageur.com\/blog\/demenagement-monte-meuble\/"},"author":{"name":"Mathilde","@id":"https:\/\/www.mydemenageur.com\/blog\/#\/schema\/person\/4540dc333c2e7dc790f0f7bcd5b99569"},"headline":"[Guide] Louer un monte-meuble pour d\u00e9m\u00e9nager : quand, comment et combien \u00e7a co\u00fbte ?","datePublished":"2019-07-31T16:03:20+00:00","dateModified":"2021-12-14T18:28:11+00:00","mainEntityOfPage":{"@id":"https:\/\/www.mydemenageur.com\/blog\/demenagement-monte-meuble\/"},"wordCount":1476,"publisher":{"@id":"https:\/\/www.mydemenageur.com\/blog\/#organization"},"image":{"@id":"https:\/\/www.mydemenageur.com\/blog\/demenagement-monte-meuble\/#primaryimage"},"thumbnailUrl":"https:\/\/www.mydemenageur.com\/blog\/wp-content\/uploads\/2019\/07\/demenager-monte-meuble.jpg","articleSection":["D\u00e9m\u00e9nagement"],"inLanguage":"fr-FR"},{"@type":"WebPage","@id":"https:\/\/www.mydemenageur.com\/blog\/demenagement-monte-meuble\/","url":"https:\/\/www.mydemenageur.com\/blog\/demenagement-monte-meuble\/","name":"[Guide] Quand louer un monte-meuble pour d\u00e9m\u00e9nager ? A quel prix ?","isPartOf":{"@id":"https:\/\/www.mydemenageur.com\/blog\/#website"},"primaryImageOfPage":{"@id":"https:\/\/www.mydemenageur.com\/blog\/demenagement-monte-meuble\/#primaryimage"},"image":{"@id":"https:\/\/www.mydemenageur.com\/blog\/demenagement-monte-meuble\/#primaryimage"},"thumbnailUrl":"https:\/\/www.mydemenageur.com\/blog\/wp-content\/uploads\/2019\/07\/demenager-monte-meuble.jpg","datePublished":"2019-07-31T16:03:20+00:00","dateModified":"2021-12-14T18:28:11+00:00","description":"Comment choisir un monte-meuble pour d\u00e9m\u00e9nager : les choses \u00e0 savoir, quand, comment et combien co\u00fbte une location de monte-meuble ?","breadcrumb":{"@id":"https:\/\/www.mydemenageur.com\/blog\/demenagement-monte-meuble\/#breadcrumb"},"inLanguage":"fr-FR","potentialAction":[{"@type":"ReadAction","target":["https:\/\/www.mydemenageur.com\/blog\/demenagement-monte-meuble\/"]}]},{"@type":"ImageObject","inLanguage":"fr-FR","@id":"https:\/\/www.mydemenageur.com\/blog\/demenagement-monte-meuble\/#primaryimage","url":"https:\/\/www.mydemenageur.com\/blog\/wp-content\/uploads\/2019\/07\/demenager-monte-meuble.jpg","contentUrl":"https:\/\/www.mydemenageur.com\/blog\/wp-content\/uploads\/2019\/07\/demenager-monte-meuble.jpg","width":680,"height":495,"caption":"demenager avec un monte meuble"},{"@type":"BreadcrumbList","@id":"https:\/\/www.mydemenageur.com\/blog\/demenagement-monte-meuble\/#breadcrumb","itemListElement":[{"@type":"ListItem","position":1,"name":"Accueil","item":"https:\/\/www.mydemenageur.com\/blog\/"},{"@type":"ListItem","position":2,"name":"D\u00e9m\u00e9nagement","item":"https:\/\/www.mydemenageur.com\/blog\/categorie\/transport\/"},{"@type":"ListItem","position":3,"name":"[Guide] Louer un monte-meuble pour d\u00e9m\u00e9nager : quand, comment et combien \u00e7a co\u00fbte ?"}]},{"@type":"WebSite","@id":"https:\/\/www.mydemenageur.com\/blog\/#website","url":"https:\/\/www.mydemenageur.com\/blog\/","name":"MyDemenageur","description":"Conseils d\u00e9m\u00e9ngement entre particuliers et d\u00e9m\u00e9nagement professionnel","publisher":{"@id":"https:\/\/www.mydemenageur.com\/blog\/#organization"},"potentialAction":[{"@type":"SearchAction","target":{"@type":"EntryPoint","urlTemplate":"https:\/\/www.mydemenageur.com\/blog\/?s={search_term_string}"},"query-input":{"@type":"PropertyValueSpecification","valueRequired":true,"valueName":"search_term_string"}}],"inLanguage":"fr-FR"},{"@type":"Organization","@id":"https:\/\/www.mydemenageur.com\/blog\/#organization","name":"MyDemenageur.com","url":"https:\/\/www.mydemenageur.com\/blog\/","logo":{"@type":"ImageObject","inLanguage":"fr-FR","@id":"https:\/\/www.mydemenageur.com\/blog\/#\/schema\/logo\/image\/","url":"https:\/\/www.mydemenageur.com\/blog\/wp-content\/uploads\/2022\/05\/MyDemenageur_Symbol.jpg","contentUrl":"https:\/\/www.mydemenageur.com\/blog\/wp-content\/uploads\/2022\/05\/MyDemenageur_Symbol.jpg","width":878,"height":877,"caption":"MyDemenageur.com"},"image":{"@id":"https:\/\/www.mydemenageur.com\/blog\/#\/schema\/logo\/image\/"},"sameAs":["https:\/\/www.facebook.com\/mydemenageur","https:\/\/x.com\/mydemenageur","https:\/\/www.pinterest.fr\/mydemenageur\/"]},{"@type":"Person","@id":"https:\/\/www.mydemenageur.com\/blog\/#\/schema\/person\/4540dc333c2e7dc790f0f7bcd5b99569","name":"Mathilde","image":{"@type":"ImageObject","inLanguage":"fr-FR","@id":"https:\/\/www.mydemenageur.com\/blog\/#\/schema\/person\/image\/","url":"https:\/\/secure.gravatar.com\/avatar\/abde069f6f70261ee6ecea93e0437d77?s=96&#038;r=g","contentUrl":"https:\/\/secure.gravatar.com\/avatar\/abde069f6f70261ee6ecea93e0437d77?s=96&#038;r=g","caption":"Mathilde"},"description":"L'harmonie des couleurs et des objets m'a toujours fascin\u00e9e, transformant chaque pi\u00e8ce en un lieu unique et agr\u00e9able \u00e0 vivre. Sur MyDemenageur, vous trouverez non seulement des inspirations personnelles, mais aussi des informations r\u00e9centes sur le monde de la d\u00e9coration, les projets de maison, le d\u00e9m\u00e9nagement et les travaux.","url":"https:\/\/www.mydemenageur.com\/blog\/author\/mathilde\/"}]}},"modified_by":"MyDemenageur","_links":{"self":[{"href":"https:\/\/www.mydemenageur.com\/blog\/wp-json\/wp\/v2\/posts\/1371"}],"collection":[{"href":"https:\/\/www.mydemenageur.com\/blog\/wp-json\/wp\/v2\/posts"}],"about":[{"href":"https:\/\/www.mydemenageur.com\/blog\/wp-json\/wp\/v2\/types\/post"}],"author":[{"embeddable":true,"href":"https:\/\/www.mydemenageur.com\/blog\/wp-json\/wp\/v2\/users\/11"}],"replies":[{"embeddable":true,"href":"https:\/\/www.mydemenageur.com\/blog\/wp-json\/wp\/v2\/comments?post=1371"}],"version-history":[{"count":0,"href":"https:\/\/www.mydemenageur.com\/blog\/wp-json\/wp\/v2\/posts\/1371\/revisions"}],"wp:featuredmedia":[{"embeddable":true,"href":"https:\/\/www.mydemenageur.com\/blog\/wp-json\/wp\/v2\/media\/1373"}],"wp:attachment":[{"href":"https:\/\/www.mydemenageur.com\/blog\/wp-json\/wp\/v2\/media?parent=1371"}],"wp:term":[{"taxonomy":"category","embeddable":true,"href":"https:\/\/www.mydemenageur.com\/blog\/wp-json\/wp\/v2\/categories?post=1371"},{"taxonomy":"post_tag","embeddable":true,"href":"https:\/\/www.mydemenageur.com\/blog\/wp-json\/wp\/v2\/tags?post=1371"}],"curies":[{"name":"wp","href":"https:\/\/api.w.org\/{rel}","templated":true}]}}