{"id":1410,"date":"2019-08-19T19:06:45","date_gmt":"2019-08-19T19:06:45","guid":{"rendered":"https:\/\/www.mydemenageur.com\/blog\/?p=1410"},"modified":"2021-12-16T15:12:27","modified_gmt":"2021-12-16T15:12:27","slug":"conge-demenagement","status":"publish","type":"post","link":"https:\/\/www.mydemenageur.com\/blog\/conge-demenagement\/","title":{"rendered":"Le cong\u00e9 d\u00e9m\u00e9nagement : qui est concern\u00e9 ?"},"content":{"rendered":"<p>Vous n\u2019avez pas le choix et vous devez d\u00e9m\u00e9nager en semaine ? Mais en semaine, vous travaillez\u2026 Vous est-il possible de poser un cong\u00e9 d\u00e9m\u00e9nagement ? Celui-ci est-il pris en charge par votre employeur ? Nous vous expliquons les <a href=\"\/blog\/demarches-autorisations\/\">r\u00e8gles \u00e0 suivre<\/a> pour profiter d&rsquo;un cong\u00e9 d\u00e9m\u00e9nagement.<\/p>\n<div class=\"btn-wrapper\"><a class=\"btn\" href=\"https:\/\/www.mydemenageur.com\/blog\/devis\/?utm_source=blog&amp;utm_medium=content&amp;utm_campaign=cta_in_post&amp;utm_content=devis_1_heure\" type=\"button\">Demander un devis de d\u00e9m\u00e9nagement ou de l&rsquo;aide<\/a><\/div>\n<p><!--more--><\/p>\n<div id=\"attachment_1431\" style=\"width: 690px\" class=\"wp-caption alignnone\"><img decoding=\"async\" aria-describedby=\"caption-attachment-1431\" class=\"wp-image-1431 size-full\" src=\"https:\/\/www.mydemenageur.com\/blog\/wp-content\/uploads\/2019\/08\/demenagement-urbain.jpg\" alt=\"conges demenagement\" width=\"680\" height=\"383\" srcset=\"https:\/\/www.mydemenageur.com\/blog\/wp-content\/uploads\/2019\/08\/demenagement-urbain.jpg 680w, https:\/\/www.mydemenageur.com\/blog\/wp-content\/uploads\/2019\/08\/demenagement-urbain-300x169.jpg 300w\" sizes=\"(max-width: 680px) 100vw, 680px\" \/><p id=\"caption-attachment-1431\" class=\"wp-caption-text\">Le cong\u00e9 d\u00e9m\u00e9nagement c&rsquo;est peut-\u00eatre pour vous&#8230;<\/p><\/div>\n<div id=\"ez-toc-container\" class=\"ez-toc-v2_0_82_2 counter-hierarchy ez-toc-counter ez-toc-custom ez-toc-container-direction\">\n<div class=\"ez-toc-title-container\">\n<p class=\"ez-toc-title\" style=\"cursor:inherit\">Ce que vous allez apprendre<\/p>\n<span class=\"ez-toc-title-toggle\"><\/span><\/div>\n<nav><ul class='ez-toc-list ez-toc-list-level-1 ' ><li class='ez-toc-page-1 ez-toc-heading-level-2'><a class=\"ez-toc-link ez-toc-heading-1\" href=\"https:\/\/www.mydemenageur.com\/blog\/conge-demenagement\/#pour-faire-simple%e2%80%a6\" >Pour faire simple&#8230;<\/a><\/li><li class='ez-toc-page-1 ez-toc-heading-level-2'><a class=\"ez-toc-link ez-toc-heading-2\" href=\"https:\/\/www.mydemenageur.com\/blog\/conge-demenagement\/#dans-la-fonction-publique\" >Dans la fonction publique<\/a><\/li><li class='ez-toc-page-1 ez-toc-heading-level-2'><a class=\"ez-toc-link ez-toc-heading-3\" href=\"https:\/\/www.mydemenageur.com\/blog\/conge-demenagement\/#dans-le-secteur-prive\" >Dans le secteur priv\u00e9<\/a><\/li><li class='ez-toc-page-1 ez-toc-heading-level-2'><a class=\"ez-toc-link ez-toc-heading-4\" href=\"https:\/\/www.mydemenageur.com\/blog\/conge-demenagement\/#lemployeur-peut-il-refuser-un-conge-demenagement\" >L\u2019employeur peut-il refuser un cong\u00e9 d\u00e9m\u00e9nagement ?<\/a><\/li><li class='ez-toc-page-1 ez-toc-heading-level-2'><a class=\"ez-toc-link ez-toc-heading-5\" href=\"https:\/\/www.mydemenageur.com\/blog\/conge-demenagement\/#que-faire-sans-conge-demenagement\" >Que faire sans cong\u00e9 d\u00e9m\u00e9nagement ?<\/a><\/li><li class='ez-toc-page-1 ez-toc-heading-level-2'><a class=\"ez-toc-link ez-toc-heading-6\" href=\"https:\/\/www.mydemenageur.com\/blog\/conge-demenagement\/#combien-de-temps-a-lavance-faut-il-deposer-le-conge\" >Combien de temps \u00e0 l&rsquo;avance faut-il d\u00e9poser le cong\u00e9 ?<\/a><\/li><li class='ez-toc-page-1 ez-toc-heading-level-2'><a class=\"ez-toc-link ez-toc-heading-7\" href=\"https:\/\/www.mydemenageur.com\/blog\/conge-demenagement\/#qui-peut-beneficier-dune-prime-au-demenagement\" >Qui peut b\u00e9n\u00e9ficier d\u2019une prime au d\u00e9m\u00e9nagement ?<\/a><\/li><\/ul><\/nav><\/div>\n<h2><span class=\"ez-toc-section\" id=\"pour-faire-simple%e2%80%a6\"><\/span>Pour faire simple&#8230;<span class=\"ez-toc-section-end\"><\/span><\/h2>\n<p>Le code de travail n\u2019inclut pas de cong\u00e9 sp\u00e9cialement r\u00e9serv\u00e9 pour le d\u00e9m\u00e9nagement. C\u2019est-\u00e0-dire que la solution la plus simple serait de prendre une simple journ\u00e9e de cong\u00e9 afin de d\u00e9m\u00e9nager, mais cela serait d\u00e9duit des 5 semaines de cong\u00e9s annuels.<br \/>\nCependant, il y a un espoir. En effet, il existe des solutions pour sauvegarder vos 5 semaines de cong\u00e9s pay\u00e9s, mais elles varient selon la fonction publique et le secteur priv\u00e9.<\/p>\n<h2><span class=\"ez-toc-section\" id=\"dans-la-fonction-publique\"><\/span>Dans la fonction publique<span class=\"ez-toc-section-end\"><\/span><\/h2>\n<p>Comme mentionn\u00e9 pr\u00e9c\u00e9demment, il n\u2019existe pas de cong\u00e9 d\u00e9m\u00e9nagement dans le code du travail.<br \/>\nCependant, les fonctionnaires peuvent obtenir certaines autorisations d\u2019absence dans le cadre d\u2019un d\u00e9m\u00e9nagement.<br \/>\nCela d\u00e9pend du r\u00e8glement des cong\u00e9s et des absences : renseignez vous aupr\u00e8s de votre service des ressources humaines.<br \/>\nIl s&rsquo;agit d&rsquo;autorisations sp\u00e9ciales d&rsquo;absence, entre 1 et 3 jours, qui ne sont pas automatiquement accord\u00e9es : il est important d&rsquo;avertir bien \u00e0 l&rsquo;avance votre administration et votre hi\u00e9rarchie pour que votre autorisation d&rsquo;absence ne soit pas refus\u00e9e \u00ab\u00a0pour raison de service\u00a0\u00bb.<\/p>\n<h2><span class=\"ez-toc-section\" id=\"dans-le-secteur-prive\"><\/span>Dans le secteur priv\u00e9<span class=\"ez-toc-section-end\"><\/span><\/h2>\n<p>Dans le secteur priv\u00e9, le processus est diff\u00e9rent : tout tourne autour des conventions collectives.<br \/>\nCertaines conventions collectives vous permettront d\u2019obtenir jusqu\u2019\u00e0 deux jours de cong\u00e9 pour d\u00e9m\u00e9nagement.<br \/>\nVous n&rsquo;\u00eates par certain.e de conna\u00eetre \u00e0 quelle convention collective se rattache votre entreprise ? Jetez un coup d\u2019\u0153il \u00e0 votre contrat de travail, cette information y figurera.<br \/>\nUne fois que vous savez de quelle convention collective votre entreprise d\u00e9pend, vous pouvez faire une petite recherche sur le site gouvernementale LegiFrance et lire votre convention collective.<br \/>\nSinon vous pouvez aussi vous adressez au service Ressources Humaines de votre entreprise pour plus de renseignements sur la convention collective ainsi que vos droits concernant les cong\u00e9s d\u00e9m\u00e9nagement.<br \/>\nIl vous sera surement n\u00e9cessaire de fournir certaines pi\u00e8ces justifiant votre d\u00e9m\u00e9nagement aupr\u00e8s de votre employeur, comme un justificatif de changement d\u2019adresse.<br \/>\nIl est important de noter qu\u2019il est n\u00e9cessaire de d\u00e9m\u00e9nager dans les 12 mois suivant la demande de cong\u00e9s, sous peine de perdre ce cong\u00e9 et de ne pas pouvoir en reprendre un second avant 12 autres mois.<\/p>\n<h2><span class=\"ez-toc-section\" id=\"lemployeur-peut-il-refuser-un-conge-demenagement\"><\/span>L\u2019employeur peut-il refuser un cong\u00e9 d\u00e9m\u00e9nagement ?<span class=\"ez-toc-section-end\"><\/span><\/h2>\n<div id=\"attachment_1430\" style=\"width: 690px\" class=\"wp-caption alignnone\"><img decoding=\"async\" aria-describedby=\"caption-attachment-1430\" class=\"wp-image-1430 size-full\" src=\"https:\/\/www.mydemenageur.com\/blog\/wp-content\/uploads\/2019\/08\/employeur.jpg\" alt=\"employeur et demenagement\" width=\"680\" height=\"479\" srcset=\"https:\/\/www.mydemenageur.com\/blog\/wp-content\/uploads\/2019\/08\/employeur.jpg 680w, https:\/\/www.mydemenageur.com\/blog\/wp-content\/uploads\/2019\/08\/employeur-300x211.jpg 300w\" sizes=\"(max-width: 680px) 100vw, 680px\" \/><p id=\"caption-attachment-1430\" class=\"wp-caption-text\">Il va falloir caresser le chef dans le sens du poil !<\/p><\/div>\n<p>Oui, l\u2019employeur peut parfaitement se permettre de refuser votre demande de cong\u00e9s d\u00e9m\u00e9nagement, les conventions collectives n\u2019emp\u00eachent pas ce cas de figure.<br \/>\nNous recommandons fortement d\u2019accompagner votre demande de cong\u00e9s d\u2019arguments afin de maximiser la probabilit\u00e9 que votre employeur vous l\u2019accorde.<br \/>\nVoici quelques uns que vous pourriez utiliser :<\/p>\n<ul>\n<li>Si votre nouvelle adresse est plus proche de votre lieu de travail, n\u2019h\u00e9sitez pas \u00e0 le mentionner. Votre employeur peut y voir des avantages. Par exemple, une plus grande proximit\u00e9 du lieu de travail peut limiter les retards, ou am\u00e9liorer votre bien-\u00eatre et votre motivation.<\/li>\n<li>Si le d\u00e9m\u00e9nagement est d\u00fb \u00e0 des probl\u00e8mes personnels, tels que des soucis de famille, il faut le pr\u00e9ciser.<\/li>\n<li>Mentionnez votre loyaut\u00e9 \u00e0 l\u2019entreprise, le bon travail que vous avez pu fournir au fil des ann\u00e9es, votre d\u00e9termination \u00e0 poursuivre ce bon travail, et le fait que votre d\u00e9m\u00e9nagement puisse contribuer \u00e0 cela.<\/li>\n<li>Un argument tr\u00e8s convaincant peut \u00eatre de proposer de rattraper les heures effectives perdues. Notez qu\u2019il est n\u00e9cessaire d\u2019\u00e9voquer cette \u00e9ventualit\u00e9 avec d\u00e9termination, plut\u00f4t que de laisser clairement comprendre qu\u2019il vous arrangerait nettement plus de ne pas avoir \u00e0 rattraper vos heures.<\/li>\n<\/ul>\n<p>Dans le cadre d\u2019un transfert, il n\u2019y a pas trop de souci \u00e0 se faire, votre employeur vous accordera tr\u00e8s s\u00fbrement un cong\u00e9 pay\u00e9 pour effectuer votre d\u00e9m\u00e9nagement.<br \/>\nUn autre conseil pour augmenter vos chances d&rsquo;obtenir votre cong\u00e9 d\u00e9m\u00e9nagement : si cela est possible, ne choisissez pas une date o\u00f9 l&rsquo;activit\u00e9 de l&rsquo;entreprise est tr\u00e8s forte ou au contraire o\u00f9 tout le monde est en vacances. Dans le premier cas, votre employeur aura besoin de vous, dans le second vous serez difficile \u00e0 remplacer !<\/p>\n<h2><span class=\"ez-toc-section\" id=\"que-faire-sans-conge-demenagement\"><\/span>Que faire sans cong\u00e9 d\u00e9m\u00e9nagement ?<span class=\"ez-toc-section-end\"><\/span><\/h2>\n<p>Si, malgr\u00e9 tout, il ne vous est pas possible d\u2019obtenir de cong\u00e9 d\u00e9m\u00e9nagement, alors il vous est bien s\u00fbr toujours possible de :<\/p>\n<ul>\n<li><strong>d\u00e9m\u00e9nager le week-end<\/strong> (ou pendant vos jours de repos)<\/li>\n<li><strong>prendre un cong\u00e9 pay\u00e9<\/strong> (en accord avec votre entreprise)<\/li>\n<li><strong>prendre un cong\u00e9 sans solde<\/strong> (toujours en accord avec votre entreprise) si vous ne voulez pas puiser dans vos cong\u00e9s pay\u00e9s<\/li>\n<\/ul>\n<h2><span class=\"ez-toc-section\" id=\"combien-de-temps-a-lavance-faut-il-deposer-le-conge\"><\/span>Combien de temps \u00e0 l&rsquo;avance faut-il d\u00e9poser le cong\u00e9 ?<span class=\"ez-toc-section-end\"><\/span><\/h2>\n<p>Bien \u00e9videmment, le plus t\u00f4t le mieux. Personne n\u2019aime \u00eatre pr\u00e9venu au dernier moment, surtout pour quelqu\u2019un ayant beaucoup de responsabilit\u00e9s.<br \/>\nVous \u00eates plut\u00f4t libre concernant cela, mais pensez vraiment \u00e0 faire votre demande le plus t\u00f4t possible. Au moins un ou deux mois \u00e0 l\u2019avance.<\/p>\n<div style=\"width: 490px\" class=\"wp-caption alignnone\"><img decoding=\"async\" src=\"https:\/\/media.giphy.com\/media\/13zsHptDEHdy4p5SdJ\/giphy.gif\" alt=\"Conseils d\u00e9m\u00e9nagement : transport, m\u00e9nage, d\u00e9marches, r\u00e9parations\" width=\"480\" height=\"270\" \/><p class=\"wp-caption-text\">Non, le cong\u00e9 d\u00e9m\u00e9nagement n&rsquo;est pas fait pour \u00e7a !<\/p><\/div>\n<p>Notez cependant qu\u2019il vous faudra un certain laps de temps avant d\u2019obtenir les documents justifiant votre d\u00e9m\u00e9nagement, et que vous avez besoin de les fournir \u00e0 votre employeur au moment de la demande de cong\u00e9s. Donnez-vous au moins deux semaines pour obtenir ces documents.<br \/>\nDans le cas d\u2019un d\u00e9m\u00e9nagement d\u2019urgence suite \u00e0 des probl\u00e8mes familiaux, il vous sera bien s\u00fbr impossible de vous procurer les documents et de faire votre demande en avance. Mais votre employeur devrait tout de m\u00eame \u00eatre empathique et vous l\u2019accorder.<br \/>\nPour ce qui est du meilleur jour pour poser son cong\u00e9, la fin de semaine est pr\u00e9f\u00e9rable (coucou vendredi !), afin de pouvoir b\u00e9n\u00e9ficier du week-end pour vous installer en toute tranquillit\u00e9 sur plusieurs jours.<\/p>\n<h2><span class=\"ez-toc-section\" id=\"qui-peut-beneficier-dune-prime-au-demenagement\"><\/span>Qui peut b\u00e9n\u00e9ficier d\u2019une prime au d\u00e9m\u00e9nagement ?<span class=\"ez-toc-section-end\"><\/span><\/h2>\n<div id=\"attachment_1429\" style=\"width: 310px\" class=\"wp-caption alignnone\"><img decoding=\"async\" aria-describedby=\"caption-attachment-1429\" class=\"wp-image-1429 size-medium\" src=\"https:\/\/www.mydemenageur.com\/blog\/wp-content\/uploads\/2019\/08\/caf-logo-300x141.jpg\" alt=\"aide demenagement caf\" width=\"300\" height=\"141\" srcset=\"https:\/\/www.mydemenageur.com\/blog\/wp-content\/uploads\/2019\/08\/caf-logo-300x141.jpg 300w, https:\/\/www.mydemenageur.com\/blog\/wp-content\/uploads\/2019\/08\/caf-logo.jpg 680w\" sizes=\"(max-width: 300px) 100vw, 300px\" \/><p id=\"caption-attachment-1429\" class=\"wp-caption-text\">La CAF accorde une prime au d\u00e9m\u00e9nagement dans certaines conditions<\/p><\/div>\n<p>Les aides au d\u00e9m\u00e9nagement vers\u00e9es par la CAF (Caisse d\u2019Allocations Familiales) ou par la MSA (Mutualit\u00e9 sociale agricole) ne concernent que les familles avec 3 enfants \u00e0 charge (n\u00e9s ou \u00e0 na\u00eetre) ou plus.<br \/>\nLes d\u00e9penses engag\u00e9es pour le d\u00e9m\u00e9nagement peuvent \u00eatre prises en charge (dans une certaine limite).<br \/>\nLe montant maximum de la prime s\u2019\u00e9l\u00e8ve \u00e0 991,58 \u20ac pour 3 enfants en 2019.<br \/>\nSi vous \u00eates \u00e9ligible pour cette aide au d\u00e9m\u00e9nagement, il vous faudra garder vos factures (d\u00e9m\u00e9nageur professionnel, location de camion, &#8230;) faire votre demande dans un d\u00e9lais maximum de 6 mois apr\u00e8s votre d\u00e9m\u00e9nagement.<br \/>\nPour plus d\u2019informations sur la prime de d\u00e9m\u00e9nagement le site du Service Public.<br \/>\nRenseignez-vous aussi aupr\u00e8s de votre employeur : il cotise peut-\u00eatre \u00e0 une caisse d&rsquo;action sociale ou dispose d&rsquo;un comit\u00e9 d&rsquo;entreprise. Parfois, des aides financi\u00e8res sont accord\u00e9es pour votre d\u00e9m\u00e9nagement.<\/p>\n","protected":false},"excerpt":{"rendered":"<p>Vous n\u2019avez pas le choix et vous devez d\u00e9m\u00e9nager en semaine ? Mais en semaine, vous travaillez\u2026 Vous est-il possible<\/p>\n","protected":false},"author":11,"featured_media":1431,"comment_status":"closed","ping_status":"closed","sticky":false,"template":"","format":"standard","meta":{"_lmt_disableupdate":"","_lmt_disable":"","footnotes":""},"categories":[105],"tags":[],"yoast_head":"<!-- This site is optimized with the Yoast SEO Premium plugin v24.2 (Yoast SEO v24.5) - https:\/\/yoast.com\/wordpress\/plugins\/seo\/ -->\n<title>Le cong\u00e9 d\u00e9m\u00e9nagement : qui est concern\u00e9 ? Nos explications<\/title>\n<meta name=\"description\" content=\"Est il possible d&#039;obtenir un cong\u00e9 sp\u00e9cifique pour faire son d\u00e9m\u00e9nagement ? D\u00e9couvrez ici toutes les informations n\u00e9cessaires \u00e0 ce sujet.\" \/>\n<meta name=\"robots\" content=\"index, follow, max-snippet:-1, max-image-preview:large, max-video-preview:-1\" \/>\n<link rel=\"canonical\" href=\"https:\/\/www.mydemenageur.com\/blog\/conge-demenagement\/\" \/>\n<meta property=\"og:locale\" content=\"fr_FR\" \/>\n<meta property=\"og:type\" content=\"article\" \/>\n<meta property=\"og:title\" content=\"Le cong\u00e9 d\u00e9m\u00e9nagement : qui est concern\u00e9 ?\" \/>\n<meta property=\"og:description\" content=\"Est il possible d&#039;obtenir un cong\u00e9 sp\u00e9cifique pour faire son d\u00e9m\u00e9nagement ? D\u00e9couvrez ici toutes les informations n\u00e9cessaires \u00e0 ce sujet.\" \/>\n<meta property=\"og:url\" content=\"https:\/\/www.mydemenageur.com\/blog\/conge-demenagement\/\" \/>\n<meta property=\"og:site_name\" content=\"MyDemenageur\" \/>\n<meta property=\"article:publisher\" content=\"https:\/\/www.facebook.com\/mydemenageur\" \/>\n<meta property=\"article:published_time\" content=\"2019-08-19T19:06:45+00:00\" \/>\n<meta property=\"article:modified_time\" content=\"2021-12-16T15:12:27+00:00\" \/>\n<meta property=\"og:image\" content=\"https:\/\/www.mydemenageur.com\/blog\/wp-content\/uploads\/2019\/08\/demenagement-urbain.jpg\" \/>\n\t<meta property=\"og:image:width\" content=\"680\" \/>\n\t<meta property=\"og:image:height\" content=\"383\" \/>\n\t<meta property=\"og:image:type\" content=\"image\/jpeg\" \/>\n<meta name=\"author\" content=\"Mathilde\" \/>\n<meta name=\"twitter:card\" content=\"summary_large_image\" \/>\n<meta name=\"twitter:title\" content=\"Le cong\u00e9 d\u00e9m\u00e9nagement : qui est concern\u00e9 ?\" \/>\n<meta name=\"twitter:creator\" content=\"@mydemenageur\" \/>\n<meta name=\"twitter:site\" content=\"@mydemenageur\" \/>\n<meta name=\"twitter:label1\" content=\"\u00c9crit par\" \/>\n\t<meta name=\"twitter:data1\" content=\"Mathilde\" \/>\n\t<meta name=\"twitter:label2\" content=\"Dur\u00e9e de lecture estim\u00e9e\" \/>\n\t<meta name=\"twitter:data2\" content=\"6 minutes\" \/>\n<script type=\"application\/ld+json\" class=\"yoast-schema-graph\">{\"@context\":\"https:\/\/schema.org\",\"@graph\":[{\"@type\":\"Article\",\"@id\":\"https:\/\/www.mydemenageur.com\/blog\/conge-demenagement\/#article\",\"isPartOf\":{\"@id\":\"https:\/\/www.mydemenageur.com\/blog\/conge-demenagement\/\"},\"author\":{\"name\":\"Mathilde\",\"@id\":\"https:\/\/www.mydemenageur.com\/blog\/#\/schema\/person\/4540dc333c2e7dc790f0f7bcd5b99569\"},\"headline\":\"Le cong\u00e9 d\u00e9m\u00e9nagement : qui est concern\u00e9 ?\",\"datePublished\":\"2019-08-19T19:06:45+00:00\",\"dateModified\":\"2021-12-16T15:12:27+00:00\",\"mainEntityOfPage\":{\"@id\":\"https:\/\/www.mydemenageur.com\/blog\/conge-demenagement\/\"},\"wordCount\":1293,\"publisher\":{\"@id\":\"https:\/\/www.mydemenageur.com\/blog\/#organization\"},\"image\":{\"@id\":\"https:\/\/www.mydemenageur.com\/blog\/conge-demenagement\/#primaryimage\"},\"thumbnailUrl\":\"https:\/\/www.mydemenageur.com\/blog\/wp-content\/uploads\/2019\/08\/demenagement-urbain.jpg\",\"articleSection\":[\"D\u00e9marches et autorisations\"],\"inLanguage\":\"fr-FR\"},{\"@type\":\"WebPage\",\"@id\":\"https:\/\/www.mydemenageur.com\/blog\/conge-demenagement\/\",\"url\":\"https:\/\/www.mydemenageur.com\/blog\/conge-demenagement\/\",\"name\":\"Le cong\u00e9 d\u00e9m\u00e9nagement : qui est concern\u00e9 ? Nos explications\",\"isPartOf\":{\"@id\":\"https:\/\/www.mydemenageur.com\/blog\/#website\"},\"primaryImageOfPage\":{\"@id\":\"https:\/\/www.mydemenageur.com\/blog\/conge-demenagement\/#primaryimage\"},\"image\":{\"@id\":\"https:\/\/www.mydemenageur.com\/blog\/conge-demenagement\/#primaryimage\"},\"thumbnailUrl\":\"https:\/\/www.mydemenageur.com\/blog\/wp-content\/uploads\/2019\/08\/demenagement-urbain.jpg\",\"datePublished\":\"2019-08-19T19:06:45+00:00\",\"dateModified\":\"2021-12-16T15:12:27+00:00\",\"description\":\"Est il possible d'obtenir un cong\u00e9 sp\u00e9cifique pour faire son d\u00e9m\u00e9nagement ? D\u00e9couvrez ici toutes les informations n\u00e9cessaires \u00e0 ce sujet.\",\"breadcrumb\":{\"@id\":\"https:\/\/www.mydemenageur.com\/blog\/conge-demenagement\/#breadcrumb\"},\"inLanguage\":\"fr-FR\",\"potentialAction\":[{\"@type\":\"ReadAction\",\"target\":[\"https:\/\/www.mydemenageur.com\/blog\/conge-demenagement\/\"]}]},{\"@type\":\"ImageObject\",\"inLanguage\":\"fr-FR\",\"@id\":\"https:\/\/www.mydemenageur.com\/blog\/conge-demenagement\/#primaryimage\",\"url\":\"https:\/\/www.mydemenageur.com\/blog\/wp-content\/uploads\/2019\/08\/demenagement-urbain.jpg\",\"contentUrl\":\"https:\/\/www.mydemenageur.com\/blog\/wp-content\/uploads\/2019\/08\/demenagement-urbain.jpg\",\"width\":680,\"height\":383,\"caption\":\"conges demenagement\"},{\"@type\":\"BreadcrumbList\",\"@id\":\"https:\/\/www.mydemenageur.com\/blog\/conge-demenagement\/#breadcrumb\",\"itemListElement\":[{\"@type\":\"ListItem\",\"position\":1,\"name\":\"Accueil\",\"item\":\"https:\/\/www.mydemenageur.com\/blog\/\"},{\"@type\":\"ListItem\",\"position\":2,\"name\":\"D\u00e9marches et autorisations\",\"item\":\"https:\/\/www.mydemenageur.com\/blog\/categorie\/demarches\/\"},{\"@type\":\"ListItem\",\"position\":3,\"name\":\"Le cong\u00e9 d\u00e9m\u00e9nagement : qui est concern\u00e9 ?\"}]},{\"@type\":\"WebSite\",\"@id\":\"https:\/\/www.mydemenageur.com\/blog\/#website\",\"url\":\"https:\/\/www.mydemenageur.com\/blog\/\",\"name\":\"MyDemenageur\",\"description\":\"Conseils d\u00e9m\u00e9ngement entre particuliers et d\u00e9m\u00e9nagement professionnel\",\"publisher\":{\"@id\":\"https:\/\/www.mydemenageur.com\/blog\/#organization\"},\"potentialAction\":[{\"@type\":\"SearchAction\",\"target\":{\"@type\":\"EntryPoint\",\"urlTemplate\":\"https:\/\/www.mydemenageur.com\/blog\/?s={search_term_string}\"},\"query-input\":{\"@type\":\"PropertyValueSpecification\",\"valueRequired\":true,\"valueName\":\"search_term_string\"}}],\"inLanguage\":\"fr-FR\"},{\"@type\":\"Organization\",\"@id\":\"https:\/\/www.mydemenageur.com\/blog\/#organization\",\"name\":\"MyDemenageur.com\",\"url\":\"https:\/\/www.mydemenageur.com\/blog\/\",\"logo\":{\"@type\":\"ImageObject\",\"inLanguage\":\"fr-FR\",\"@id\":\"https:\/\/www.mydemenageur.com\/blog\/#\/schema\/logo\/image\/\",\"url\":\"https:\/\/www.mydemenageur.com\/blog\/wp-content\/uploads\/2022\/05\/MyDemenageur_Symbol.jpg\",\"contentUrl\":\"https:\/\/www.mydemenageur.com\/blog\/wp-content\/uploads\/2022\/05\/MyDemenageur_Symbol.jpg\",\"width\":878,\"height\":877,\"caption\":\"MyDemenageur.com\"},\"image\":{\"@id\":\"https:\/\/www.mydemenageur.com\/blog\/#\/schema\/logo\/image\/\"},\"sameAs\":[\"https:\/\/www.facebook.com\/mydemenageur\",\"https:\/\/x.com\/mydemenageur\",\"https:\/\/www.pinterest.fr\/mydemenageur\/\"]},{\"@type\":\"Person\",\"@id\":\"https:\/\/www.mydemenageur.com\/blog\/#\/schema\/person\/4540dc333c2e7dc790f0f7bcd5b99569\",\"name\":\"Mathilde\",\"image\":{\"@type\":\"ImageObject\",\"inLanguage\":\"fr-FR\",\"@id\":\"https:\/\/www.mydemenageur.com\/blog\/#\/schema\/person\/image\/\",\"url\":\"https:\/\/secure.gravatar.com\/avatar\/abde069f6f70261ee6ecea93e0437d77?s=96&#038;r=g\",\"contentUrl\":\"https:\/\/secure.gravatar.com\/avatar\/abde069f6f70261ee6ecea93e0437d77?s=96&#038;r=g\",\"caption\":\"Mathilde\"},\"description\":\"L'harmonie des couleurs et des objets m'a toujours fascin\u00e9e, transformant chaque pi\u00e8ce en un lieu unique et agr\u00e9able \u00e0 vivre. Sur MyDemenageur, vous trouverez non seulement des inspirations personnelles, mais aussi des informations r\u00e9centes sur le monde de la d\u00e9coration, les projets de maison, le d\u00e9m\u00e9nagement et les travaux.\",\"url\":\"https:\/\/www.mydemenageur.com\/blog\/author\/mathilde\/\"}]}<\/script>\n<!-- \/ Yoast SEO Premium plugin. -->","yoast_head_json":{"title":"Le cong\u00e9 d\u00e9m\u00e9nagement : qui est concern\u00e9 ? Nos explications","description":"Est il possible d'obtenir un cong\u00e9 sp\u00e9cifique pour faire son d\u00e9m\u00e9nagement ? D\u00e9couvrez ici toutes les informations n\u00e9cessaires \u00e0 ce sujet.","robots":{"index":"index","follow":"follow","max-snippet":"max-snippet:-1","max-image-preview":"max-image-preview:large","max-video-preview":"max-video-preview:-1"},"canonical":"https:\/\/www.mydemenageur.com\/blog\/conge-demenagement\/","og_locale":"fr_FR","og_type":"article","og_title":"Le cong\u00e9 d\u00e9m\u00e9nagement : qui est concern\u00e9 ?","og_description":"Est il possible d'obtenir un cong\u00e9 sp\u00e9cifique pour faire son d\u00e9m\u00e9nagement ? D\u00e9couvrez ici toutes les informations n\u00e9cessaires \u00e0 ce sujet.","og_url":"https:\/\/www.mydemenageur.com\/blog\/conge-demenagement\/","og_site_name":"MyDemenageur","article_publisher":"https:\/\/www.facebook.com\/mydemenageur","article_published_time":"2019-08-19T19:06:45+00:00","article_modified_time":"2021-12-16T15:12:27+00:00","og_image":[{"width":680,"height":383,"url":"https:\/\/www.mydemenageur.com\/blog\/wp-content\/uploads\/2019\/08\/demenagement-urbain.jpg","type":"image\/jpeg"}],"author":"Mathilde","twitter_card":"summary_large_image","twitter_title":"Le cong\u00e9 d\u00e9m\u00e9nagement : qui est concern\u00e9 ?","twitter_creator":"@mydemenageur","twitter_site":"@mydemenageur","twitter_misc":{"\u00c9crit par":"Mathilde","Dur\u00e9e de lecture estim\u00e9e":"6 minutes"},"schema":{"@context":"https:\/\/schema.org","@graph":[{"@type":"Article","@id":"https:\/\/www.mydemenageur.com\/blog\/conge-demenagement\/#article","isPartOf":{"@id":"https:\/\/www.mydemenageur.com\/blog\/conge-demenagement\/"},"author":{"name":"Mathilde","@id":"https:\/\/www.mydemenageur.com\/blog\/#\/schema\/person\/4540dc333c2e7dc790f0f7bcd5b99569"},"headline":"Le cong\u00e9 d\u00e9m\u00e9nagement : qui est concern\u00e9 ?","datePublished":"2019-08-19T19:06:45+00:00","dateModified":"2021-12-16T15:12:27+00:00","mainEntityOfPage":{"@id":"https:\/\/www.mydemenageur.com\/blog\/conge-demenagement\/"},"wordCount":1293,"publisher":{"@id":"https:\/\/www.mydemenageur.com\/blog\/#organization"},"image":{"@id":"https:\/\/www.mydemenageur.com\/blog\/conge-demenagement\/#primaryimage"},"thumbnailUrl":"https:\/\/www.mydemenageur.com\/blog\/wp-content\/uploads\/2019\/08\/demenagement-urbain.jpg","articleSection":["D\u00e9marches et autorisations"],"inLanguage":"fr-FR"},{"@type":"WebPage","@id":"https:\/\/www.mydemenageur.com\/blog\/conge-demenagement\/","url":"https:\/\/www.mydemenageur.com\/blog\/conge-demenagement\/","name":"Le cong\u00e9 d\u00e9m\u00e9nagement : qui est concern\u00e9 ? Nos explications","isPartOf":{"@id":"https:\/\/www.mydemenageur.com\/blog\/#website"},"primaryImageOfPage":{"@id":"https:\/\/www.mydemenageur.com\/blog\/conge-demenagement\/#primaryimage"},"image":{"@id":"https:\/\/www.mydemenageur.com\/blog\/conge-demenagement\/#primaryimage"},"thumbnailUrl":"https:\/\/www.mydemenageur.com\/blog\/wp-content\/uploads\/2019\/08\/demenagement-urbain.jpg","datePublished":"2019-08-19T19:06:45+00:00","dateModified":"2021-12-16T15:12:27+00:00","description":"Est il possible d'obtenir un cong\u00e9 sp\u00e9cifique pour faire son d\u00e9m\u00e9nagement ? D\u00e9couvrez ici toutes les informations n\u00e9cessaires \u00e0 ce sujet.","breadcrumb":{"@id":"https:\/\/www.mydemenageur.com\/blog\/conge-demenagement\/#breadcrumb"},"inLanguage":"fr-FR","potentialAction":[{"@type":"ReadAction","target":["https:\/\/www.mydemenageur.com\/blog\/conge-demenagement\/"]}]},{"@type":"ImageObject","inLanguage":"fr-FR","@id":"https:\/\/www.mydemenageur.com\/blog\/conge-demenagement\/#primaryimage","url":"https:\/\/www.mydemenageur.com\/blog\/wp-content\/uploads\/2019\/08\/demenagement-urbain.jpg","contentUrl":"https:\/\/www.mydemenageur.com\/blog\/wp-content\/uploads\/2019\/08\/demenagement-urbain.jpg","width":680,"height":383,"caption":"conges demenagement"},{"@type":"BreadcrumbList","@id":"https:\/\/www.mydemenageur.com\/blog\/conge-demenagement\/#breadcrumb","itemListElement":[{"@type":"ListItem","position":1,"name":"Accueil","item":"https:\/\/www.mydemenageur.com\/blog\/"},{"@type":"ListItem","position":2,"name":"D\u00e9marches et autorisations","item":"https:\/\/www.mydemenageur.com\/blog\/categorie\/demarches\/"},{"@type":"ListItem","position":3,"name":"Le cong\u00e9 d\u00e9m\u00e9nagement : qui est concern\u00e9 ?"}]},{"@type":"WebSite","@id":"https:\/\/www.mydemenageur.com\/blog\/#website","url":"https:\/\/www.mydemenageur.com\/blog\/","name":"MyDemenageur","description":"Conseils d\u00e9m\u00e9ngement entre particuliers et d\u00e9m\u00e9nagement professionnel","publisher":{"@id":"https:\/\/www.mydemenageur.com\/blog\/#organization"},"potentialAction":[{"@type":"SearchAction","target":{"@type":"EntryPoint","urlTemplate":"https:\/\/www.mydemenageur.com\/blog\/?s={search_term_string}"},"query-input":{"@type":"PropertyValueSpecification","valueRequired":true,"valueName":"search_term_string"}}],"inLanguage":"fr-FR"},{"@type":"Organization","@id":"https:\/\/www.mydemenageur.com\/blog\/#organization","name":"MyDemenageur.com","url":"https:\/\/www.mydemenageur.com\/blog\/","logo":{"@type":"ImageObject","inLanguage":"fr-FR","@id":"https:\/\/www.mydemenageur.com\/blog\/#\/schema\/logo\/image\/","url":"https:\/\/www.mydemenageur.com\/blog\/wp-content\/uploads\/2022\/05\/MyDemenageur_Symbol.jpg","contentUrl":"https:\/\/www.mydemenageur.com\/blog\/wp-content\/uploads\/2022\/05\/MyDemenageur_Symbol.jpg","width":878,"height":877,"caption":"MyDemenageur.com"},"image":{"@id":"https:\/\/www.mydemenageur.com\/blog\/#\/schema\/logo\/image\/"},"sameAs":["https:\/\/www.facebook.com\/mydemenageur","https:\/\/x.com\/mydemenageur","https:\/\/www.pinterest.fr\/mydemenageur\/"]},{"@type":"Person","@id":"https:\/\/www.mydemenageur.com\/blog\/#\/schema\/person\/4540dc333c2e7dc790f0f7bcd5b99569","name":"Mathilde","image":{"@type":"ImageObject","inLanguage":"fr-FR","@id":"https:\/\/www.mydemenageur.com\/blog\/#\/schema\/person\/image\/","url":"https:\/\/secure.gravatar.com\/avatar\/abde069f6f70261ee6ecea93e0437d77?s=96&#038;r=g","contentUrl":"https:\/\/secure.gravatar.com\/avatar\/abde069f6f70261ee6ecea93e0437d77?s=96&#038;r=g","caption":"Mathilde"},"description":"L'harmonie des couleurs et des objets m'a toujours fascin\u00e9e, transformant chaque pi\u00e8ce en un lieu unique et agr\u00e9able \u00e0 vivre. Sur MyDemenageur, vous trouverez non seulement des inspirations personnelles, mais aussi des informations r\u00e9centes sur le monde de la d\u00e9coration, les projets de maison, le d\u00e9m\u00e9nagement et les travaux.","url":"https:\/\/www.mydemenageur.com\/blog\/author\/mathilde\/"}]}},"modified_by":"MyDemenageur","_links":{"self":[{"href":"https:\/\/www.mydemenageur.com\/blog\/wp-json\/wp\/v2\/posts\/1410"}],"collection":[{"href":"https:\/\/www.mydemenageur.com\/blog\/wp-json\/wp\/v2\/posts"}],"about":[{"href":"https:\/\/www.mydemenageur.com\/blog\/wp-json\/wp\/v2\/types\/post"}],"author":[{"embeddable":true,"href":"https:\/\/www.mydemenageur.com\/blog\/wp-json\/wp\/v2\/users\/11"}],"replies":[{"embeddable":true,"href":"https:\/\/www.mydemenageur.com\/blog\/wp-json\/wp\/v2\/comments?post=1410"}],"version-history":[{"count":0,"href":"https:\/\/www.mydemenageur.com\/blog\/wp-json\/wp\/v2\/posts\/1410\/revisions"}],"wp:featuredmedia":[{"embeddable":true,"href":"https:\/\/www.mydemenageur.com\/blog\/wp-json\/wp\/v2\/media\/1431"}],"wp:attachment":[{"href":"https:\/\/www.mydemenageur.com\/blog\/wp-json\/wp\/v2\/media?parent=1410"}],"wp:term":[{"taxonomy":"category","embeddable":true,"href":"https:\/\/www.mydemenageur.com\/blog\/wp-json\/wp\/v2\/categories?post=1410"},{"taxonomy":"post_tag","embeddable":true,"href":"https:\/\/www.mydemenageur.com\/blog\/wp-json\/wp\/v2\/tags?post=1410"}],"curies":[{"name":"wp","href":"https:\/\/api.w.org\/{rel}","templated":true}]}}