{"id":1457,"date":"2019-09-11T16:08:59","date_gmt":"2019-09-11T16:08:59","guid":{"rendered":"https:\/\/www.mydemenageur.com\/blog\/?p=1457"},"modified":"2021-08-27T07:37:44","modified_gmt":"2021-08-27T07:37:44","slug":"interview-melody","status":"publish","type":"post","link":"https:\/\/www.mydemenageur.com\/blog\/interview-melody\/","title":{"rendered":"T\u00e9moignage de M\u00e9lody apr\u00e8s ses 2 d\u00e9m\u00e9nagements en 2018 et 2019"},"content":{"rendered":"<p>Aujourd&rsquo;hui nous avons interview\u00e9 M\u00e9lody, une internaute qui vient d&rsquo;achever son 2\u00e8me d\u00e9m\u00e9nagement avec <a href=\"\/blog\/services\/\">MyDemenageur<\/a>. Nous lui avons pos\u00e9 quelques questions pour savoir comment c&rsquo;\u00e9tait pass\u00e9 ses d\u00e9m\u00e9nagements. Elle nous donne son avis !<\/p>\n<p><b><img decoding=\"async\" class=\" wp-image-1458 alignleft\" src=\"https:\/\/www.mydemenageur.com\/blog\/wp-content\/uploads\/2019\/09\/melody-utilisatrice.jpg\" alt=\"avis sur mydemenageur de melody\" width=\"225\" height=\"183\" \/>MyDemenageur : Bonjour M\u00e9lody ! Comment avez-vous eu l\u2019id\u00e9e de faire appel \u00e0 des Gros Bras MyDemenageur pour votre d\u00e9m\u00e9nagement et pourquoi ?\u00a0<\/b><br \/>\nM\u00e9lody : Quand j&rsquo;ai d\u00e9m\u00e9nag\u00e9 la premi\u00e8re fois avec MyDemenageur en 2018, je vivais dans une grande maison de 115m<span class=\"jsx-3826740032 diff-chunk diff-chunk-inserted\">\u00b2<\/span>. Personne n&rsquo;\u00e9tait disponible pour m&rsquo;aider et les tarifs des d\u00e9m\u00e9nageurs professionnels \u00e9taient vraiment exorbitants, plus de 800 \u20ac pour le mois cher.<br \/>\nMa m\u00e8re m&rsquo;a sugg\u00e9r\u00e9 de regarder sur internet si des gens ne proposaient pas leurs services pour un co\u00fbt inf\u00e9rieur. Elle en avait entendu parler par une amie. J&rsquo;ai cherch\u00e9 et MyDemenageur m&rsquo;a paru \u00eatre la solution pour moi.<br \/>\n<b>Parlez-nous de votre d\u00e9m\u00e9nagement. Quelle \u00e9tait la surface \u00e0 d\u00e9m\u00e9nager et pour aller o\u00f9 ? <\/b><b>De combien de Gros Bras aviez-vous estim\u00e9 avoir besoin ?<\/b><br \/>\nJ&rsquo;ai publi\u00e9 une annonce sans trop savoir de combien d&rsquo;aide j&rsquo;allais avoir besoin. Je pensais que \u00e7a allait me prendre au moins la journ\u00e9e car la maison \u00e9tait grande. Je d\u00e9m\u00e9nageais dans la m\u00eame ville mais le futur logement \u00e9tait au 4\u00e8me \u00e9tage, source de stress suppl\u00e9mentaire.<br \/>\n<b>Avez-vous re\u00e7u beaucoup de propositions ? <\/b><br \/>\nJ&rsquo;ai tr\u00e8s vite eu beaucoup de r\u00e9ponses, certains des Gros Bras m&rsquo;en ont conseill\u00e9 d&rsquo;autres avec qui ils avaient d\u00e9j\u00e0 travaill\u00e9 et qu&rsquo;ils savaient \u00eatre efficace. En quelques jours j&rsquo;ai eu les 4 gros bras souhait\u00e9s, c&rsquo;\u00e9tait parfait.<br \/>\n<b>Comment avez-vous choisi les gros bras et quels ont \u00e9t\u00e9 vos crit\u00e8res de s\u00e9lection ?\u00a0<\/b><br \/>\nJe n&rsquo;ai pas s\u00e9lectionn\u00e9 de profils en particulier, j&rsquo;ai pris tout ceux qui se sont propos\u00e9s, je pr\u00e9f\u00e8re que ce soit rapide quitte \u00e0 embaucher plus de Gros Bras !<br \/>\n<b>Comment s\u2019est pass\u00e9 le jour J ?<\/b><br \/>\nLe <a href=\"https:\/\/www.mydemenageur.com\/blog\/jour-de-demenagement-garder-a-portee-de-main\/\">jour du d\u00e9m\u00e9nagement<\/a>, tous sont arriv\u00e9s \u00e0 l&rsquo;heure, un est m\u00eame venu avec un ami, j&rsquo;avais des bras suppl\u00e9mentaires pour le m\u00eame prix ! Ils ont tout de suite pris les choses en main et le camion a \u00e9t\u00e9 tr\u00e8s vite charg\u00e9, en 1h30 \u00e0 peine.<br \/>\nPour la 2\u00e8me partie et les 4 \u00e9tages, ils ont vraiment assur\u00e9 aussi. J&rsquo;ai voulu aider, ils m&rsquo;en ont emp\u00each\u00e9 ! Ils n&rsquo;ont vraiment pas rechign\u00e9 \u00e0 la t\u00e2che \u00e0 tel point que quand ils m&rsquo;ont dit \u00ab\u00a0c&rsquo;est fini, le camion est vide\u00a0\u00bb je n&rsquo;y croyais pas !<br \/>\nJe les ai pay\u00e9s, je n&rsquo;avais pas trop demand\u00e9 les tarifs de chacun. Ils demandent en moyenne 15 \u20ac de l&rsquo;heure, ce jour l\u00e0 j&rsquo;ai donc pay\u00e9 180 \u20ac pour un d\u00e9m\u00e9nagement achev\u00e9 en 3h30 de temps, un vrai soulagement !<br \/>\nC&rsquo;est donc tout naturellement que quand j&rsquo;ai d\u00e9cid\u00e9 de d\u00e9m\u00e9nager \u00e0 nouveau cette ann\u00e9e, j&rsquo;ai fait appel \u00e0 eux. J&rsquo;\u00e9tais contente de revoir les m\u00eames t\u00eates, <a href=\"https:\/\/www.mydemenageur.com\/aide-demenagement\/profil\/id\/24163\/suedois-courtois-et-avenant-vous-aide-a-demenager-a-brest\">Mattias<\/a> et <a href=\"https:\/\/www.mydemenageur.com\/aide-demenagement\/profil\/id\/50288\/gros-bras-sympa-pour-vous-aider-a-demenager-sur-brest-et-sa-region\">Ganbat<\/a>, ces deux-l\u00e0 travaillent tr\u00e8s bien ensemble, ils sont tr\u00e8s organis\u00e9s et m\u00e9ticuleux.<br \/>\n<b>Un d\u00e9m\u00e9nagement peut parfois \u00eatre stressant. Il y a beaucoup de choses \u00e0 g\u00e9rer et si en plus on doit compter sur des \u00ab\u00a0inconnus\u00a0\u00bb pour un coup de main, \u00e7a peut ajouter une couche de stress. Est-ce que \u00e7a n&rsquo;a pas \u00e9t\u00e9 un probl\u00e8me pour vous ?<\/b><br \/>\nJe n&rsquo;avais pas vraiment d&rsquo;appr\u00e9hension \u00e0 faire appel \u00e0 des inconnus car je n&rsquo;avais vraiment pas le choix et que la plupart avaient d\u00e9j\u00e0 des avis positifs.<br \/>\n<b>\u00cates-vous normalement adepte de ces pratiques de consommation collaborative ?\u00a0<\/b><br \/>\nJe n&rsquo;\u00e9tais pas forc\u00e9ment adepte de ce genre de plate-forme mais suite \u00e0 \u00e7a j&rsquo;ai renouvel\u00e9 l&rsquo;exp\u00e9rience en embauchant de l&rsquo;aide pour des petits travaux chez moi.<br \/>\n<b>Allez-vous continuer \u00e0 utiliser la plateforme ?<\/b><br \/>\nIl est certain que d\u00e9sormais pour chaque futur d\u00e9m\u00e9nagement (esp\u00e9rons qu&rsquo;il n&rsquo;y ait pas de sit\u00f4t !) je ferai appel \u00e0 MyDemenageur, m\u00eame si j&rsquo;ai des amis pour m&rsquo;aider, un ou deux Gros Bras sont une aide pr\u00e9cieuse. Rien que pour <a href=\"https:\/\/www.mydemenageur.com\/blog\/chargement-camion-demenagement\/\">agencer un camion<\/a>, on sent qu&rsquo;ils ont l&rsquo;habitude.<br \/>\nPour comparer, mon conjoint qui a d\u00e9m\u00e9nag\u00e9 juste avant avait beaucoup moins de meubles que moi, il avait un camion de 17m3 contre 22m3 pour moi. Eh bien juste avec l&rsquo;aide de ses amis, en rdc contre 4\u00e8me \u00e9tage pour moi, il a mis plus de temps \u00e0 d\u00e9m\u00e9nager que moi ! Car ses amis ont beau \u00eatre pleins de bonne volont\u00e9, chacun venait poser au camion sans vraiment prendre le temps de tout agencer correctement.<br \/>\nDonc je recommande vivement MyDemenageur \u00e0 tout le monde, je mets des avis chaque fois aux vaillants Gros Bras car c&rsquo;est ce qui m&rsquo;a rassur\u00e9e au d\u00e9part.<br \/>\nJe souhaite une longue vie \u00e0 MyDemenageur en esp\u00e9rant que le site aidera de nombreuses personnes comme il m&rsquo;a aid\u00e9.<\/p>\n","protected":false},"excerpt":{"rendered":"<p>Aujourd&rsquo;hui nous avons interview\u00e9 M\u00e9lody, une internaute qui vient d&rsquo;achever son 2\u00e8me d\u00e9m\u00e9nagement avec MyDemenageur. Nous lui avons pos\u00e9 quelques<\/p>\n","protected":false},"author":11,"featured_media":21708,"comment_status":"closed","ping_status":"closed","sticky":false,"template":"","format":"standard","meta":{"_lmt_disableupdate":"","_lmt_disable":"","footnotes":""},"categories":[21],"tags":[107],"yoast_head":"<!-- This site is optimized with the Yoast SEO Premium plugin v24.2 (Yoast SEO v24.5) - https:\/\/yoast.com\/wordpress\/plugins\/seo\/ -->\n<title>Avis de M\u00e9lody \u00e0 propos de MyDemenageur (2 d\u00e9m\u00e9nagements d\u00e9j\u00e0 !)<\/title>\n<meta name=\"description\" content=\"D\u00e9couvrez le t\u00e9moignage et l&#039;avis de M\u00e9lody, qui a d\u00e9j\u00e0 eu recours aux services de My Demenageur pour deux d\u00e9m\u00e9nagements en 2018 et 2019 !\" \/>\n<meta name=\"robots\" content=\"index, follow, max-snippet:-1, max-image-preview:large, max-video-preview:-1\" \/>\n<link rel=\"canonical\" href=\"https:\/\/www.mydemenageur.com\/blog\/interview-melody\/\" \/>\n<meta property=\"og:locale\" content=\"fr_FR\" \/>\n<meta property=\"og:type\" content=\"article\" \/>\n<meta property=\"og:title\" content=\"T\u00e9moignage de M\u00e9lody \u00e0 propos de MyDemenageur apr\u00e8s ses 2 d\u00e9m\u00e9nagements en 2018 et 2019\" \/>\n<meta property=\"og:description\" content=\"Aujourd&#039;hui nous avons interview\u00e9 M\u00e9lody, une internaute qui vient d&#039;achever son 2eme d\u00e9m\u00e9nagement avec MyDemenageur. Nous lui avons pos\u00e9 quelques questions pour savoir comment c&#039;\u00e9tait pass\u00e9 ses d\u00e9m\u00e9nagements en vrai.\" \/>\n<meta property=\"og:url\" content=\"https:\/\/www.mydemenageur.com\/blog\/interview-melody\/\" \/>\n<meta property=\"og:site_name\" content=\"MyDemenageur\" \/>\n<meta property=\"article:publisher\" content=\"https:\/\/www.facebook.com\/mydemenageur\" \/>\n<meta property=\"article:published_time\" content=\"2019-09-11T16:08:59+00:00\" \/>\n<meta property=\"article:modified_time\" content=\"2021-08-27T07:37:44+00:00\" \/>\n<meta property=\"og:image\" content=\"https:\/\/www.mydemenageur.com\/blog\/wp-content\/uploads\/2019\/09\/melody-utilisatrice.jpg\" \/>\n\t<meta property=\"og:image:width\" content=\"300\" \/>\n\t<meta property=\"og:image:height\" content=\"244\" \/>\n\t<meta property=\"og:image:type\" content=\"image\/jpeg\" \/>\n<meta name=\"author\" content=\"Mathilde\" \/>\n<meta name=\"twitter:card\" content=\"summary_large_image\" \/>\n<meta name=\"twitter:title\" content=\"T\u00e9moignage de M\u00e9lody apr\u00e8s ses 2 d\u00e9m\u00e9nagements en 2018 et 2019\" \/>\n<meta name=\"twitter:creator\" content=\"@mydemenageur\" \/>\n<meta name=\"twitter:site\" content=\"@mydemenageur\" \/>\n<meta name=\"twitter:label1\" content=\"\u00c9crit par\" \/>\n\t<meta name=\"twitter:data1\" content=\"Mathilde\" \/>\n\t<meta name=\"twitter:label2\" content=\"Dur\u00e9e de lecture estim\u00e9e\" \/>\n\t<meta name=\"twitter:data2\" content=\"4 minutes\" \/>\n<script type=\"application\/ld+json\" class=\"yoast-schema-graph\">{\"@context\":\"https:\/\/schema.org\",\"@graph\":[{\"@type\":\"Article\",\"@id\":\"https:\/\/www.mydemenageur.com\/blog\/interview-melody\/#article\",\"isPartOf\":{\"@id\":\"https:\/\/www.mydemenageur.com\/blog\/interview-melody\/\"},\"author\":{\"name\":\"Mathilde\",\"@id\":\"https:\/\/www.mydemenageur.com\/blog\/#\/schema\/person\/4540dc333c2e7dc790f0f7bcd5b99569\"},\"headline\":\"T\u00e9moignage de M\u00e9lody apr\u00e8s ses 2 d\u00e9m\u00e9nagements en 2018 et 2019\",\"datePublished\":\"2019-09-11T16:08:59+00:00\",\"dateModified\":\"2021-08-27T07:37:44+00:00\",\"mainEntityOfPage\":{\"@id\":\"https:\/\/www.mydemenageur.com\/blog\/interview-melody\/\"},\"wordCount\":877,\"publisher\":{\"@id\":\"https:\/\/www.mydemenageur.com\/blog\/#organization\"},\"image\":{\"@id\":\"https:\/\/www.mydemenageur.com\/blog\/interview-melody\/#primaryimage\"},\"thumbnailUrl\":\"https:\/\/www.mydemenageur.com\/blog\/wp-content\/uploads\/2019\/09\/interview-melody.jpeg\",\"keywords\":[\"Avis\"],\"articleSection\":[\"MyDemenageur\"],\"inLanguage\":\"fr-FR\"},{\"@type\":\"WebPage\",\"@id\":\"https:\/\/www.mydemenageur.com\/blog\/interview-melody\/\",\"url\":\"https:\/\/www.mydemenageur.com\/blog\/interview-melody\/\",\"name\":\"Avis de M\u00e9lody \u00e0 propos de MyDemenageur (2 d\u00e9m\u00e9nagements d\u00e9j\u00e0 !)\",\"isPartOf\":{\"@id\":\"https:\/\/www.mydemenageur.com\/blog\/#website\"},\"primaryImageOfPage\":{\"@id\":\"https:\/\/www.mydemenageur.com\/blog\/interview-melody\/#primaryimage\"},\"image\":{\"@id\":\"https:\/\/www.mydemenageur.com\/blog\/interview-melody\/#primaryimage\"},\"thumbnailUrl\":\"https:\/\/www.mydemenageur.com\/blog\/wp-content\/uploads\/2019\/09\/interview-melody.jpeg\",\"datePublished\":\"2019-09-11T16:08:59+00:00\",\"dateModified\":\"2021-08-27T07:37:44+00:00\",\"description\":\"D\u00e9couvrez le t\u00e9moignage et l'avis de M\u00e9lody, qui a d\u00e9j\u00e0 eu recours aux services de My Demenageur pour deux d\u00e9m\u00e9nagements en 2018 et 2019 !\",\"breadcrumb\":{\"@id\":\"https:\/\/www.mydemenageur.com\/blog\/interview-melody\/#breadcrumb\"},\"inLanguage\":\"fr-FR\",\"potentialAction\":[{\"@type\":\"ReadAction\",\"target\":[\"https:\/\/www.mydemenageur.com\/blog\/interview-melody\/\"]}]},{\"@type\":\"ImageObject\",\"inLanguage\":\"fr-FR\",\"@id\":\"https:\/\/www.mydemenageur.com\/blog\/interview-melody\/#primaryimage\",\"url\":\"https:\/\/www.mydemenageur.com\/blog\/wp-content\/uploads\/2019\/09\/interview-melody.jpeg\",\"contentUrl\":\"https:\/\/www.mydemenageur.com\/blog\/wp-content\/uploads\/2019\/09\/interview-melody.jpeg\",\"width\":1000,\"height\":666,\"caption\":\"T\u00e9moignage de M\u00e9lody apr\u00e8s ses 2 d\u00e9m\u00e9nagements en 2018 et 2019\"},{\"@type\":\"BreadcrumbList\",\"@id\":\"https:\/\/www.mydemenageur.com\/blog\/interview-melody\/#breadcrumb\",\"itemListElement\":[{\"@type\":\"ListItem\",\"position\":1,\"name\":\"Accueil\",\"item\":\"https:\/\/www.mydemenageur.com\/blog\/\"},{\"@type\":\"ListItem\",\"position\":2,\"name\":\"MyDemenageur\",\"item\":\"https:\/\/www.mydemenageur.com\/blog\/categorie\/demenagement\/\"},{\"@type\":\"ListItem\",\"position\":3,\"name\":\"T\u00e9moignage de M\u00e9lody apr\u00e8s ses 2 d\u00e9m\u00e9nagements en 2018 et 2019\"}]},{\"@type\":\"WebSite\",\"@id\":\"https:\/\/www.mydemenageur.com\/blog\/#website\",\"url\":\"https:\/\/www.mydemenageur.com\/blog\/\",\"name\":\"MyDemenageur\",\"description\":\"Conseils d\u00e9m\u00e9ngement entre particuliers et d\u00e9m\u00e9nagement professionnel\",\"publisher\":{\"@id\":\"https:\/\/www.mydemenageur.com\/blog\/#organization\"},\"potentialAction\":[{\"@type\":\"SearchAction\",\"target\":{\"@type\":\"EntryPoint\",\"urlTemplate\":\"https:\/\/www.mydemenageur.com\/blog\/?s={search_term_string}\"},\"query-input\":{\"@type\":\"PropertyValueSpecification\",\"valueRequired\":true,\"valueName\":\"search_term_string\"}}],\"inLanguage\":\"fr-FR\"},{\"@type\":\"Organization\",\"@id\":\"https:\/\/www.mydemenageur.com\/blog\/#organization\",\"name\":\"MyDemenageur.com\",\"url\":\"https:\/\/www.mydemenageur.com\/blog\/\",\"logo\":{\"@type\":\"ImageObject\",\"inLanguage\":\"fr-FR\",\"@id\":\"https:\/\/www.mydemenageur.com\/blog\/#\/schema\/logo\/image\/\",\"url\":\"https:\/\/www.mydemenageur.com\/blog\/wp-content\/uploads\/2022\/05\/MyDemenageur_Symbol.jpg\",\"contentUrl\":\"https:\/\/www.mydemenageur.com\/blog\/wp-content\/uploads\/2022\/05\/MyDemenageur_Symbol.jpg\",\"width\":878,\"height\":877,\"caption\":\"MyDemenageur.com\"},\"image\":{\"@id\":\"https:\/\/www.mydemenageur.com\/blog\/#\/schema\/logo\/image\/\"},\"sameAs\":[\"https:\/\/www.facebook.com\/mydemenageur\",\"https:\/\/x.com\/mydemenageur\",\"https:\/\/www.pinterest.fr\/mydemenageur\/\"]},{\"@type\":\"Person\",\"@id\":\"https:\/\/www.mydemenageur.com\/blog\/#\/schema\/person\/4540dc333c2e7dc790f0f7bcd5b99569\",\"name\":\"Mathilde\",\"image\":{\"@type\":\"ImageObject\",\"inLanguage\":\"fr-FR\",\"@id\":\"https:\/\/www.mydemenageur.com\/blog\/#\/schema\/person\/image\/\",\"url\":\"https:\/\/secure.gravatar.com\/avatar\/abde069f6f70261ee6ecea93e0437d77?s=96&#038;r=g\",\"contentUrl\":\"https:\/\/secure.gravatar.com\/avatar\/abde069f6f70261ee6ecea93e0437d77?s=96&#038;r=g\",\"caption\":\"Mathilde\"},\"description\":\"L'harmonie des couleurs et des objets m'a toujours fascin\u00e9e, transformant chaque pi\u00e8ce en un lieu unique et agr\u00e9able \u00e0 vivre. Sur MyDemenageur, vous trouverez non seulement des inspirations personnelles, mais aussi des informations r\u00e9centes sur le monde de la d\u00e9coration, les projets de maison, le d\u00e9m\u00e9nagement et les travaux.\",\"url\":\"https:\/\/www.mydemenageur.com\/blog\/author\/mathilde\/\"}]}<\/script>\n<!-- \/ Yoast SEO Premium plugin. -->","yoast_head_json":{"title":"Avis de M\u00e9lody \u00e0 propos de MyDemenageur (2 d\u00e9m\u00e9nagements d\u00e9j\u00e0 !)","description":"D\u00e9couvrez le t\u00e9moignage et l'avis de M\u00e9lody, qui a d\u00e9j\u00e0 eu recours aux services de My Demenageur pour deux d\u00e9m\u00e9nagements en 2018 et 2019 !","robots":{"index":"index","follow":"follow","max-snippet":"max-snippet:-1","max-image-preview":"max-image-preview:large","max-video-preview":"max-video-preview:-1"},"canonical":"https:\/\/www.mydemenageur.com\/blog\/interview-melody\/","og_locale":"fr_FR","og_type":"article","og_title":"T\u00e9moignage de M\u00e9lody \u00e0 propos de MyDemenageur apr\u00e8s ses 2 d\u00e9m\u00e9nagements en 2018 et 2019","og_description":"Aujourd'hui nous avons interview\u00e9 M\u00e9lody, une internaute qui vient d'achever son 2eme d\u00e9m\u00e9nagement avec MyDemenageur. Nous lui avons pos\u00e9 quelques questions pour savoir comment c'\u00e9tait pass\u00e9 ses d\u00e9m\u00e9nagements en vrai.","og_url":"https:\/\/www.mydemenageur.com\/blog\/interview-melody\/","og_site_name":"MyDemenageur","article_publisher":"https:\/\/www.facebook.com\/mydemenageur","article_published_time":"2019-09-11T16:08:59+00:00","article_modified_time":"2021-08-27T07:37:44+00:00","og_image":[{"width":300,"height":244,"url":"https:\/\/www.mydemenageur.com\/blog\/wp-content\/uploads\/2019\/09\/melody-utilisatrice.jpg","type":"image\/jpeg"}],"author":"Mathilde","twitter_card":"summary_large_image","twitter_title":"T\u00e9moignage de M\u00e9lody apr\u00e8s ses 2 d\u00e9m\u00e9nagements en 2018 et 2019","twitter_creator":"@mydemenageur","twitter_site":"@mydemenageur","twitter_misc":{"\u00c9crit par":"Mathilde","Dur\u00e9e de lecture estim\u00e9e":"4 minutes"},"schema":{"@context":"https:\/\/schema.org","@graph":[{"@type":"Article","@id":"https:\/\/www.mydemenageur.com\/blog\/interview-melody\/#article","isPartOf":{"@id":"https:\/\/www.mydemenageur.com\/blog\/interview-melody\/"},"author":{"name":"Mathilde","@id":"https:\/\/www.mydemenageur.com\/blog\/#\/schema\/person\/4540dc333c2e7dc790f0f7bcd5b99569"},"headline":"T\u00e9moignage de M\u00e9lody apr\u00e8s ses 2 d\u00e9m\u00e9nagements en 2018 et 2019","datePublished":"2019-09-11T16:08:59+00:00","dateModified":"2021-08-27T07:37:44+00:00","mainEntityOfPage":{"@id":"https:\/\/www.mydemenageur.com\/blog\/interview-melody\/"},"wordCount":877,"publisher":{"@id":"https:\/\/www.mydemenageur.com\/blog\/#organization"},"image":{"@id":"https:\/\/www.mydemenageur.com\/blog\/interview-melody\/#primaryimage"},"thumbnailUrl":"https:\/\/www.mydemenageur.com\/blog\/wp-content\/uploads\/2019\/09\/interview-melody.jpeg","keywords":["Avis"],"articleSection":["MyDemenageur"],"inLanguage":"fr-FR"},{"@type":"WebPage","@id":"https:\/\/www.mydemenageur.com\/blog\/interview-melody\/","url":"https:\/\/www.mydemenageur.com\/blog\/interview-melody\/","name":"Avis de M\u00e9lody \u00e0 propos de MyDemenageur (2 d\u00e9m\u00e9nagements d\u00e9j\u00e0 !)","isPartOf":{"@id":"https:\/\/www.mydemenageur.com\/blog\/#website"},"primaryImageOfPage":{"@id":"https:\/\/www.mydemenageur.com\/blog\/interview-melody\/#primaryimage"},"image":{"@id":"https:\/\/www.mydemenageur.com\/blog\/interview-melody\/#primaryimage"},"thumbnailUrl":"https:\/\/www.mydemenageur.com\/blog\/wp-content\/uploads\/2019\/09\/interview-melody.jpeg","datePublished":"2019-09-11T16:08:59+00:00","dateModified":"2021-08-27T07:37:44+00:00","description":"D\u00e9couvrez le t\u00e9moignage et l'avis de M\u00e9lody, qui a d\u00e9j\u00e0 eu recours aux services de My Demenageur pour deux d\u00e9m\u00e9nagements en 2018 et 2019 !","breadcrumb":{"@id":"https:\/\/www.mydemenageur.com\/blog\/interview-melody\/#breadcrumb"},"inLanguage":"fr-FR","potentialAction":[{"@type":"ReadAction","target":["https:\/\/www.mydemenageur.com\/blog\/interview-melody\/"]}]},{"@type":"ImageObject","inLanguage":"fr-FR","@id":"https:\/\/www.mydemenageur.com\/blog\/interview-melody\/#primaryimage","url":"https:\/\/www.mydemenageur.com\/blog\/wp-content\/uploads\/2019\/09\/interview-melody.jpeg","contentUrl":"https:\/\/www.mydemenageur.com\/blog\/wp-content\/uploads\/2019\/09\/interview-melody.jpeg","width":1000,"height":666,"caption":"T\u00e9moignage de M\u00e9lody apr\u00e8s ses 2 d\u00e9m\u00e9nagements en 2018 et 2019"},{"@type":"BreadcrumbList","@id":"https:\/\/www.mydemenageur.com\/blog\/interview-melody\/#breadcrumb","itemListElement":[{"@type":"ListItem","position":1,"name":"Accueil","item":"https:\/\/www.mydemenageur.com\/blog\/"},{"@type":"ListItem","position":2,"name":"MyDemenageur","item":"https:\/\/www.mydemenageur.com\/blog\/categorie\/demenagement\/"},{"@type":"ListItem","position":3,"name":"T\u00e9moignage de M\u00e9lody apr\u00e8s ses 2 d\u00e9m\u00e9nagements en 2018 et 2019"}]},{"@type":"WebSite","@id":"https:\/\/www.mydemenageur.com\/blog\/#website","url":"https:\/\/www.mydemenageur.com\/blog\/","name":"MyDemenageur","description":"Conseils d\u00e9m\u00e9ngement entre particuliers et d\u00e9m\u00e9nagement professionnel","publisher":{"@id":"https:\/\/www.mydemenageur.com\/blog\/#organization"},"potentialAction":[{"@type":"SearchAction","target":{"@type":"EntryPoint","urlTemplate":"https:\/\/www.mydemenageur.com\/blog\/?s={search_term_string}"},"query-input":{"@type":"PropertyValueSpecification","valueRequired":true,"valueName":"search_term_string"}}],"inLanguage":"fr-FR"},{"@type":"Organization","@id":"https:\/\/www.mydemenageur.com\/blog\/#organization","name":"MyDemenageur.com","url":"https:\/\/www.mydemenageur.com\/blog\/","logo":{"@type":"ImageObject","inLanguage":"fr-FR","@id":"https:\/\/www.mydemenageur.com\/blog\/#\/schema\/logo\/image\/","url":"https:\/\/www.mydemenageur.com\/blog\/wp-content\/uploads\/2022\/05\/MyDemenageur_Symbol.jpg","contentUrl":"https:\/\/www.mydemenageur.com\/blog\/wp-content\/uploads\/2022\/05\/MyDemenageur_Symbol.jpg","width":878,"height":877,"caption":"MyDemenageur.com"},"image":{"@id":"https:\/\/www.mydemenageur.com\/blog\/#\/schema\/logo\/image\/"},"sameAs":["https:\/\/www.facebook.com\/mydemenageur","https:\/\/x.com\/mydemenageur","https:\/\/www.pinterest.fr\/mydemenageur\/"]},{"@type":"Person","@id":"https:\/\/www.mydemenageur.com\/blog\/#\/schema\/person\/4540dc333c2e7dc790f0f7bcd5b99569","name":"Mathilde","image":{"@type":"ImageObject","inLanguage":"fr-FR","@id":"https:\/\/www.mydemenageur.com\/blog\/#\/schema\/person\/image\/","url":"https:\/\/secure.gravatar.com\/avatar\/abde069f6f70261ee6ecea93e0437d77?s=96&#038;r=g","contentUrl":"https:\/\/secure.gravatar.com\/avatar\/abde069f6f70261ee6ecea93e0437d77?s=96&#038;r=g","caption":"Mathilde"},"description":"L'harmonie des couleurs et des objets m'a toujours fascin\u00e9e, transformant chaque pi\u00e8ce en un lieu unique et agr\u00e9able \u00e0 vivre. Sur MyDemenageur, vous trouverez non seulement des inspirations personnelles, mais aussi des informations r\u00e9centes sur le monde de la d\u00e9coration, les projets de maison, le d\u00e9m\u00e9nagement et les travaux.","url":"https:\/\/www.mydemenageur.com\/blog\/author\/mathilde\/"}]}},"modified_by":"fabien","_links":{"self":[{"href":"https:\/\/www.mydemenageur.com\/blog\/wp-json\/wp\/v2\/posts\/1457"}],"collection":[{"href":"https:\/\/www.mydemenageur.com\/blog\/wp-json\/wp\/v2\/posts"}],"about":[{"href":"https:\/\/www.mydemenageur.com\/blog\/wp-json\/wp\/v2\/types\/post"}],"author":[{"embeddable":true,"href":"https:\/\/www.mydemenageur.com\/blog\/wp-json\/wp\/v2\/users\/11"}],"replies":[{"embeddable":true,"href":"https:\/\/www.mydemenageur.com\/blog\/wp-json\/wp\/v2\/comments?post=1457"}],"version-history":[{"count":0,"href":"https:\/\/www.mydemenageur.com\/blog\/wp-json\/wp\/v2\/posts\/1457\/revisions"}],"wp:featuredmedia":[{"embeddable":true,"href":"https:\/\/www.mydemenageur.com\/blog\/wp-json\/wp\/v2\/media\/21708"}],"wp:attachment":[{"href":"https:\/\/www.mydemenageur.com\/blog\/wp-json\/wp\/v2\/media?parent=1457"}],"wp:term":[{"taxonomy":"category","embeddable":true,"href":"https:\/\/www.mydemenageur.com\/blog\/wp-json\/wp\/v2\/categories?post=1457"},{"taxonomy":"post_tag","embeddable":true,"href":"https:\/\/www.mydemenageur.com\/blog\/wp-json\/wp\/v2\/tags?post=1457"}],"curies":[{"name":"wp","href":"https:\/\/api.w.org\/{rel}","templated":true}]}}