{"id":1495,"date":"2019-10-02T18:10:18","date_gmt":"2019-10-02T18:10:18","guid":{"rendered":"https:\/\/www.mydemenageur.com\/blog\/?p=1495"},"modified":"2024-09-14T13:09:24","modified_gmt":"2024-09-14T13:09:24","slug":"petit-demenagement","status":"publish","type":"post","link":"https:\/\/www.mydemenageur.com\/blog\/petit-demenagement\/","title":{"rendered":"6 astuces pour minimiser les co\u00fbts d\u2019un petit d\u00e9m\u00e9nagement (et le faire pour moins de 100\u20ac)"},"content":{"rendered":"<p>Dans ce guide du petit <a href=\"\/blog\/argent\/\">d\u00e9m\u00e9nagement pas cher<\/a>, nous allons vous r\u00e9v\u00e9ler toutes nos astuces qui vous feront \u00e9conomiser un maximum.<\/p>\n<div class=\"btn-wrapper\"><a class=\"btn\" href=\"https:\/\/www.mydemenageur.com\/blog\/devis\/?utm_source=blog&amp;utm_medium=content&amp;utm_campaign=cta_in_post&amp;utm_content=devis_1_heure\" type=\"button\">Demander un devis de d\u00e9m\u00e9nagement ou de l&rsquo;aide<\/a><\/div>\n<div id=\"attachment_1500\" style=\"width: 690px\" class=\"wp-caption alignnone\"><img decoding=\"async\" aria-describedby=\"caption-attachment-1500\" class=\"size-full wp-image-1500\" src=\"https:\/\/www.mydemenageur.com\/blog\/wp-content\/uploads\/2019\/10\/petit-demenagement.jpg\" alt=\"petit demenagement\" width=\"680\" height=\"608\" srcset=\"https:\/\/www.mydemenageur.com\/blog\/wp-content\/uploads\/2019\/10\/petit-demenagement.jpg 680w, https:\/\/www.mydemenageur.com\/blog\/wp-content\/uploads\/2019\/10\/petit-demenagement-300x268.jpg 300w\" sizes=\"(max-width: 680px) 100vw, 680px\" \/><p id=\"caption-attachment-1500\" class=\"wp-caption-text\">Pas grand chose \u00e0 d\u00e9m\u00e9nager ? On vous explique comment d\u00e9penser le moins possible<\/p><\/div>\n<div id=\"ez-toc-container\" class=\"ez-toc-v2_0_82_2 counter-hierarchy ez-toc-counter ez-toc-custom ez-toc-container-direction\">\n<div class=\"ez-toc-title-container\">\n<p class=\"ez-toc-title\" style=\"cursor:inherit\">Ce que vous allez apprendre<\/p>\n<span class=\"ez-toc-title-toggle\"><\/span><\/div>\n<nav><ul class='ez-toc-list ez-toc-list-level-1 ' ><li class='ez-toc-page-1 ez-toc-heading-level-2'><a class=\"ez-toc-link ez-toc-heading-1\" href=\"https:\/\/www.mydemenageur.com\/blog\/petit-demenagement\/#quest-ce-quun-petit-demenagement\" >Qu\u2019est-ce qu\u2019un petit d\u00e9m\u00e9nagement ?<\/a><\/li><li class='ez-toc-page-1 ez-toc-heading-level-2'><a class=\"ez-toc-link ez-toc-heading-2\" href=\"https:\/\/www.mydemenageur.com\/blog\/petit-demenagement\/#1-evitez-les-demenageurs-professionnels\" >1) \u00c9vitez les d\u00e9m\u00e9nageurs professionnels<\/a><\/li><li class='ez-toc-page-1 ez-toc-heading-level-2'><a class=\"ez-toc-link ez-toc-heading-3\" href=\"https:\/\/www.mydemenageur.com\/blog\/petit-demenagement\/#2-prevoyez-vos-dates-intelligemment\" >2) Pr\u00e9voyez vos dates intelligemment<\/a><ul class='ez-toc-list-level-3' ><li class='ez-toc-heading-level-3'><a class=\"ez-toc-link ez-toc-heading-4\" href=\"https:\/\/www.mydemenageur.com\/blog\/petit-demenagement\/#selon-la-saison\" >Selon la saison<\/a><\/li><li class='ez-toc-page-1 ez-toc-heading-level-3'><a class=\"ez-toc-link ez-toc-heading-5\" href=\"https:\/\/www.mydemenageur.com\/blog\/petit-demenagement\/#selon-le-jour-de-la-semaine\" >Selon le jour de la semaine<\/a><\/li><\/ul><\/li><li class='ez-toc-page-1 ez-toc-heading-level-2'><a class=\"ez-toc-link ez-toc-heading-6\" href=\"https:\/\/www.mydemenageur.com\/blog\/petit-demenagement\/#3-renseignez-vous-sur-les-aides-sociales-disponibles\" >3) Renseignez-vous sur les aides sociales disponibles<\/a><\/li><li class='ez-toc-page-1 ez-toc-heading-level-2'><a class=\"ez-toc-link ez-toc-heading-7\" href=\"https:\/\/www.mydemenageur.com\/blog\/petit-demenagement\/#4-procurez-vous-des-cartons-gratuits\" >4) Procurez-vous des cartons gratuits<\/a><\/li><li class='ez-toc-page-1 ez-toc-heading-level-2'><a class=\"ez-toc-link ez-toc-heading-8\" href=\"https:\/\/www.mydemenageur.com\/blog\/petit-demenagement\/#5-reservez-une-camionnette-au-meilleur-prix\" >5) R\u00e9servez une camionnette au meilleur prix<\/a><ul class='ez-toc-list-level-3' ><li class='ez-toc-heading-level-3'><a class=\"ez-toc-link ez-toc-heading-9\" href=\"https:\/\/www.mydemenageur.com\/blog\/petit-demenagement\/#la-location-entre-particuliers\" >La location entre particuliers<\/a><\/li><li class='ez-toc-page-1 ez-toc-heading-level-3'><a class=\"ez-toc-link ez-toc-heading-10\" href=\"https:\/\/www.mydemenageur.com\/blog\/petit-demenagement\/#la-location-de-nuit\" >La location de nuit<\/a><\/li><li class='ez-toc-page-1 ez-toc-heading-level-3'><a class=\"ez-toc-link ez-toc-heading-11\" href=\"https:\/\/www.mydemenageur.com\/blog\/petit-demenagement\/#la-location-demi-journee\" >La location demi-journ\u00e9e<\/a><\/li><li class='ez-toc-page-1 ez-toc-heading-level-3'><a class=\"ez-toc-link ez-toc-heading-12\" href=\"https:\/\/www.mydemenageur.com\/blog\/petit-demenagement\/#la-location-a-lheure\" >La location \u00e0 l\u2019heure<\/a><\/li><li class='ez-toc-page-1 ez-toc-heading-level-3'><a class=\"ez-toc-link ez-toc-heading-13\" href=\"https:\/\/www.mydemenageur.com\/blog\/petit-demenagement\/#les-loueurs-classiques\" >Les loueurs classiques<\/a><\/li><li class='ez-toc-page-1 ez-toc-heading-level-3'><a class=\"ez-toc-link ez-toc-heading-14\" href=\"https:\/\/www.mydemenageur.com\/blog\/petit-demenagement\/#a-surveiller-lors-de-la-location\" >A surveiller lors de la location<\/a><\/li><\/ul><\/li><li class='ez-toc-page-1 ez-toc-heading-level-2'><a class=\"ez-toc-link ez-toc-heading-15\" href=\"https:\/\/www.mydemenageur.com\/blog\/petit-demenagement\/#6-transportez-vos-cartons-sans-louer-de-vehicule\" >6) Transportez vos cartons sans louer de v\u00e9hicule<\/a><\/li><li class='ez-toc-page-1 ez-toc-heading-level-2'><a class=\"ez-toc-link ez-toc-heading-16\" href=\"https:\/\/www.mydemenageur.com\/blog\/petit-demenagement\/#faq\" >FAQ<\/a><ul class='ez-toc-list-level-3' ><li class='ez-toc-heading-level-3'><a class=\"ez-toc-link ez-toc-heading-17\" href=\"https:\/\/www.mydemenageur.com\/blog\/petit-demenagement\/#combien-coute-un-petit-demenagement\" >Combien co\u00fbte un petit d\u00e9m\u00e9nagement ?<\/a><\/li><li class='ez-toc-page-1 ez-toc-heading-level-3'><a class=\"ez-toc-link ez-toc-heading-18\" href=\"https:\/\/www.mydemenageur.com\/blog\/petit-demenagement\/#combien-de-personnes-sont-necessaires-pour-faire-un-petit-demenagement\" >Combien de personnes sont n\u00e9cessaires pour faire un petit d\u00e9m\u00e9nagement ?<\/a><\/li><li class='ez-toc-page-1 ez-toc-heading-level-3'><a class=\"ez-toc-link ez-toc-heading-19\" href=\"https:\/\/www.mydemenageur.com\/blog\/petit-demenagement\/#quel-type-de-camionnette-louer-pour-un-petit-demenagement\" >Quel type de camionnette louer pour un petit d\u00e9m\u00e9nagement ?<\/a><\/li><\/ul><\/li><\/ul><\/nav><\/div>\n<h2><span class=\"ez-toc-section\" id=\"quest-ce-quun-petit-demenagement\"><\/span>Qu\u2019est-ce qu\u2019un petit d\u00e9m\u00e9nagement ?<span class=\"ez-toc-section-end\"><\/span><\/h2>\n<p>Avant toute chose, clarifions cette question.<br \/>\nPar petit d\u00e9m\u00e9nagement, nous entendons :<\/p>\n<ul>\n<li>Un volume \u00e0 d\u00e9m\u00e9nager inf\u00e9rieur \u00e0 10m<sup>3<\/sup> (donc pour une surface souvent inf\u00e9rieure \u00e0 30m<sup>2<\/sup>)<\/li>\n<li>Une distance \u00e0 parcourir courte (pas plus de 100 km)<\/li>\n<li>Pas de gros encombrants de type piano, billard, coffre fort, etc.<\/li>\n<\/ul>\n<p>Cela concerne donc majoritairement des studios et petits appartements de type T1 ou T2. Les logements peuvent \u00eatre meubl\u00e9s ou non.<\/p>\n<h2><span class=\"ez-toc-section\" id=\"1-evitez-les-demenageurs-professionnels\"><\/span>1) \u00c9vitez les d\u00e9m\u00e9nageurs professionnels<span class=\"ez-toc-section-end\"><\/span><\/h2>\n<div id=\"attachment_1502\" style=\"width: 690px\" class=\"wp-caption alignnone\"><img decoding=\"async\" aria-describedby=\"caption-attachment-1502\" class=\"size-full wp-image-1502\" src=\"https:\/\/www.mydemenageur.com\/blog\/wp-content\/uploads\/2019\/10\/demenageurs-pros.jpg\" alt=\"d\u00e9m\u00e9nageurs professionnels\" width=\"680\" height=\"489\" srcset=\"https:\/\/www.mydemenageur.com\/blog\/wp-content\/uploads\/2019\/10\/demenageurs-pros.jpg 680w, https:\/\/www.mydemenageur.com\/blog\/wp-content\/uploads\/2019\/10\/demenageurs-pros-300x216.jpg 300w\" sizes=\"(max-width: 680px) 100vw, 680px\" \/><p id=\"caption-attachment-1502\" class=\"wp-caption-text\">Les d\u00e9m\u00e9nageurs professionnels se r\u00e9v\u00e8lent \u00eatre une option on\u00e9reuse pour les petits d\u00e9m\u00e9nagements<\/p><\/div>\n<p>M\u00eame pour un petit volume, la facture peut vite s\u2019\u00e9lever \u00e0 <strong>plusieurs centaines d\u2019euros<\/strong> (m\u00eame en basse saison) si vous d\u00e9cidez d\u2019utiliser les services d&rsquo;une <a href=\"https:\/\/www.mydemenageur.com\/blog\/entreprise-de-demenagement\/\">soci\u00e9t\u00e9 de d\u00e9m\u00e9nagement.<\/a><br \/>\nDonc \u00e0 moins que vous n\u2019ayez un piano \u00e0 transporter, que vous habitiez au 8\u00e8me \u00e9tage et que l\u2019ascenseur soit en panne ou que vous ne d\u00e9m\u00e9nagiez \u00e0 l\u2019autre bout du pays, nous recommandons que vous fassiez votre<strong> d\u00e9m\u00e9nagement par vous-m\u00eame<\/strong>.<br \/>\n<b>D\u00e9m\u00e9nager \u201cseul\u201d<\/b> n\u2019a pas grand chose de compliqu\u00e9. Alors contactez vos amis et votre famille pour leur <b>demander de l\u2019aide<\/b>. M\u00eame en leur payant des pizzas et des bi\u00e8res en retour, vous <b>\u00e9conomiserez <\/b>tout de m\u00eame une <b>somme cons\u00e9quente<\/b>.<\/p>\n<h2><span class=\"ez-toc-section\" id=\"2-prevoyez-vos-dates-intelligemment\"><\/span>2) Pr\u00e9voyez vos dates intelligemment<span class=\"ez-toc-section-end\"><\/span><\/h2>\n<div id=\"attachment_1504\" style=\"width: 690px\" class=\"wp-caption alignnone\"><img decoding=\"async\" aria-describedby=\"caption-attachment-1504\" class=\"size-full wp-image-1504\" src=\"https:\/\/www.mydemenageur.com\/blog\/wp-content\/uploads\/2019\/10\/calendrier.jpg\" alt=\"Conseils d\u00e9m\u00e9nagement : transport, m\u00e9nage, d\u00e9marches, r\u00e9parations\" width=\"680\" height=\"453\" srcset=\"https:\/\/www.mydemenageur.com\/blog\/wp-content\/uploads\/2019\/10\/calendrier.jpg 680w, https:\/\/www.mydemenageur.com\/blog\/wp-content\/uploads\/2019\/10\/calendrier-300x200.jpg 300w\" sizes=\"(max-width: 680px) 100vw, 680px\" \/><p id=\"caption-attachment-1504\" class=\"wp-caption-text\">Si vous avez le luxe de pouvoir choisir votre date de d\u00e9m\u00e9nagement, vous ferez surement des \u00e9conomies<\/p><\/div>\n<h3><span class=\"ez-toc-section\" id=\"selon-la-saison\"><\/span>Selon la saison<span class=\"ez-toc-section-end\"><\/span><\/h3>\n<p>Les <b>saisons <\/b>dictent les <b>variations de prix<\/b> dans bien des domaines, et celui du d\u00e9m\u00e9nagement n\u2019\u00e9chappe pas \u00e0 la r\u00e8gle.<br \/>\nLe moment de l\u2019ann\u00e9e <b>\u00e0 \u00e9viter<\/b> si vous le pouvez : l\u2019<b>\u00e9t\u00e9<\/b>.<br \/>\nEn effet, entre les mutations professionnelles et les vacances scolaires, c\u2019est l\u2019\u00e9t\u00e9 qui enregistre <b>le plus de demandes<\/b>. Plus particuli\u00e8rement juillet et ao\u00fbt.<br \/>\nQui dit plus de demandes dit aussi <b>prix plus chers<\/b> ! Cela se ressentira surtout sur la facture de location du camion de d\u00e9m\u00e9nagement et sur les devis des d\u00e9m\u00e9nageurs professionnels si vous d\u00e9cidez tout de m\u00eame de tenter cette approche.<br \/>\nSi vous recherchez les prix les moins chers, <b>privil\u00e9giez plut\u00f4t les saisons basses<\/b> au d\u00e9but de l\u2019ann\u00e9e de <b>Janvier \u00e0 Mars<\/b> ou d&rsquo;<b>Octobre \u00e0 Novembre<\/b>.<br \/>\nEt <b>\u00e9vitez les vacances scolaires de mani\u00e8re g\u00e9n\u00e9rale<\/b>, les prix seront plus \u00e9lev\u00e9s pendant ces p\u00e9riodes.<br \/>\nIl en va de m\u00eame pour chaque fin de mois. Il y a souvent un petit pic de demandes, les contrats de location et de travail commen\u00e7ant souvent le 1er du mois.<\/p>\n<h3><span class=\"ez-toc-section\" id=\"selon-le-jour-de-la-semaine\"><\/span>Selon le jour de la semaine<span class=\"ez-toc-section-end\"><\/span><\/h3>\n<p>Ce qui est \u00e0 <b>\u00e9viter<\/b> id\u00e9alement, c\u2019est le <b>week-end<\/b>.<br \/>\nCette fois-ci n\u00e9anmoins, vous n\u2019aurez peut-\u00eatre pas le luxe de l\u2019\u00e9viter, trouver un coup de main des proches en semaine pourrait <span class=\"jsx-3826740032 diff-chunk diff-chunk-removed\">en effet <\/span>s\u2019av\u00e9rer ardu (dans ce cas il est toujours possible de faire appel \u00e0 des <a href=\"https:\/\/www.mydemenageur.com\/\">gros bras de notre plateforme<\/a>).<\/p>\n<h2><span class=\"ez-toc-section\" id=\"3-renseignez-vous-sur-les-aides-sociales-disponibles\"><\/span>3) Renseignez-vous sur les aides sociales disponibles<span class=\"ez-toc-section-end\"><\/span><\/h2>\n<p>Vous ne le saviez peut-\u00eatre pas mais il existe plusieurs <b>aides sociales<\/b> dont vous pourriez profiter si vous remplissez les conditions.<br \/>\nDans le cas d\u2019un <a href=\"https:\/\/www.mydemenageur.com\/blog\/prix-dun-demenagement-exemples-et-fourchettes-de-tarifs\/\"><b>d\u00e9m\u00e9nagement professionnel<\/b><\/a>, votre <b>employeur <\/b>peut \u00eatre amen\u00e9 \u00e0 payer une partie, ou la totalit\u00e9 du processus, gr\u00e2ce \u00e0 l\u2019<a href=\"https:\/\/www.urssaf.fr\/portail\/home\/employeur\/calculer-les-cotisations\/les-elements-a-prendre-en-compte\/les-frais-professionnels\/la-mobilite.html\">aide \u00e0 la mobilit\u00e9<\/a>.<br \/>\nToujours dans ce th\u00e8me, <a href=\"https:\/\/www.pole-emploi.fr\/candidat\/aide-a-la-mobilite-@\/article.jspz?id=61634\">P\u00f4le Emploi<\/a> peut \u00e9galement vous aider si vous \u00eates en situation de <b>retour \u00e0 l\u2019emploi<\/b>. L\u2019aide pr\u00e9voit <b>3 axes <\/b>:<\/p>\n<ul>\n<li>La <b>mobilit\u00e9 <\/b>: <b>20 centimes par kilom\u00e8tre<\/b> en voiture sont rembours\u00e9s, des <b>bons SNCF<\/b> sont offerts.<\/li>\n<li>Les <b>repas <\/b>: <b>6 euros<\/b> par jour.<\/li>\n<li>L\u2019<b>h\u00e9bergement<\/b> : <b>30 euros <\/b>la nuit<\/li>\n<\/ul>\n<p>L\u2019aide \u00e0 l\u2019emploi du P\u00f4le Emploi est <b>plafonn\u00e9e <\/b>\u00e0 <b>5000 euros l\u2019ann\u00e9e<\/b>.<br \/>\nEn cas de besoin d&rsquo;un d\u00e9m\u00e9nagement pas cher : <a href=\"https:\/\/www.mydemenageur.com\/blog\/guide-demenager-pas-cher\/\">cliquer ici<\/a><\/p>\n<h2><span class=\"ez-toc-section\" id=\"4-procurez-vous-des-cartons-gratuits\"><\/span>4) Procurez-vous des cartons gratuits<span class=\"ez-toc-section-end\"><\/span><\/h2>\n<div id=\"attachment_1497\" style=\"width: 690px\" class=\"wp-caption alignnone\"><img decoding=\"async\" aria-describedby=\"caption-attachment-1497\" class=\"size-full wp-image-1497\" src=\"https:\/\/www.mydemenageur.com\/blog\/wp-content\/uploads\/2019\/10\/carton-ricard.jpg\" alt=\"carton ricard usag\u00e9\" width=\"680\" height=\"645\" srcset=\"https:\/\/www.mydemenageur.com\/blog\/wp-content\/uploads\/2019\/10\/carton-ricard.jpg 680w, https:\/\/www.mydemenageur.com\/blog\/wp-content\/uploads\/2019\/10\/carton-ricard-300x285.jpg 300w\" sizes=\"(max-width: 680px) 100vw, 680px\" \/><p id=\"caption-attachment-1497\" class=\"wp-caption-text\">Tout type de carton est bon \u00e0 r\u00e9cup\u00e9rer <span class=\"emoji\">?<\/span><\/p><\/div>\n<p>Ha les <b>cartons<\/b>\u2026 quelle que soit la taille du d\u00e9m\u00e9nagement, vous n\u2019y \u00e9chapperez pas.<br \/>\nPlut\u00f4t que de payer des dizaines d\u2019euros dans des cartons neufs, vous pourriez vous en <a href=\"https:\/\/www.mydemenageur.com\/blog\/cartons-gratuits\/\">procurer gratuitement<\/a> (en plus, c\u2019est \u00e9colo).<br \/>\nEn effet, des <b>grandes surfaces<\/b> aux <b>petits commer\u00e7ants<\/b>, toutes ces entreprises re\u00e7oivent et jettent un nombre astronomique de cartons.<br \/>\nEssayez d\u2019en contacter quelques-uns pour leur <b>demander de vous en mettre de c\u00f4t\u00e9<\/b> plut\u00f4t que de les jeter. Vous n\u2019avez rien \u00e0 perdre, alors allez-y !<br \/>\nAttention n\u00e9anmoins \u00e0 vous assurer que <b>la taille, la<\/b> <b>qualit\u00e9 <\/b>et l\u2019<b>\u00e9tat<\/b> des cartons soient <b>satisfaisants<\/b>.<br \/>\nSinon, vous pouvez \u00e9galement essayer d\u2019en r\u00e9cup\u00e9rer chez des particuliers qui habitent pr\u00e8s de chez vous et qui viennent juste de d\u00e9m\u00e9nager sur notre <a href=\"https:\/\/www.mydemenageur.com\/aide-demenagement\/echange-cartons\/\">plateforme d\u2019\u00e9change de cartons gratuits<\/a>.<\/p>\n<h2><span class=\"ez-toc-section\" id=\"5-reservez-une-camionnette-au-meilleur-prix\"><\/span>5) R\u00e9servez une camionnette au meilleur prix<span class=\"ez-toc-section-end\"><\/span><\/h2>\n<div id=\"attachment_1498\" style=\"width: 690px\" class=\"wp-caption alignnone\"><img decoding=\"async\" aria-describedby=\"caption-attachment-1498\" class=\"wp-image-1498 size-full\" src=\"https:\/\/www.mydemenageur.com\/blog\/wp-content\/uploads\/2019\/10\/ADA-iveco-daily.jpg\" alt=\"utilitaire demenagement\" width=\"680\" height=\"431\" srcset=\"https:\/\/www.mydemenageur.com\/blog\/wp-content\/uploads\/2019\/10\/ADA-iveco-daily.jpg 680w, https:\/\/www.mydemenageur.com\/blog\/wp-content\/uploads\/2019\/10\/ADA-iveco-daily-300x190.jpg 300w\" sizes=\"(max-width: 680px) 100vw, 680px\" \/><p id=\"caption-attachment-1498\" class=\"wp-caption-text\">A moins de ne pas avoir de meuble, vous n&rsquo;\u00e9charperez pas \u00e0 la location de camionnette ! (Cr\u00e9dit photo : BarnCas <a href=\"https:\/\/commons.wikimedia.org\/wiki\/File:2013_ADA_Iveco_Daily_(side).jpg\" target=\"_blank\" rel=\"noopener noreferrer\">via Wikimedia Commons<\/a>)<\/p><\/div>\n<p>C\u2019est dans la location du camion de d\u00e9m\u00e9nagement que se situe le gros du <strong>budget d\u2019un petit d\u00e9m\u00e9nagement<\/strong>.<\/p>\n<h3><span class=\"ez-toc-section\" id=\"la-location-entre-particuliers\"><\/span>La location entre particuliers<span class=\"ez-toc-section-end\"><\/span><\/h3>\n<p>Les tarifs de location entre particuliers sont assez int\u00e9ressants, en moyenne <strong>20~40% moins chers<\/strong> que les loueurs classiques.<br \/>\nDes sites comme<a href=\"https:\/\/fr.getaround.com\" target=\"_blank\" rel=\"noopener noreferrer\"> Drivy<\/a> et<a href=\"https:\/\/www.ouicar.fr\" target=\"_blank\" rel=\"noopener noreferrer\"> OuiCar<\/a> proposent par exemple de louer un utilitaire de 3 \u00e0 12m<sup>3<\/sup> pour une fourchette de prix allant de 37 \u00e0 70 \u20ac la journ\u00e9e (assurance incluse).<\/p>\n<h3><span class=\"ez-toc-section\" id=\"la-location-de-nuit\"><\/span>La location de nuit<span class=\"ez-toc-section-end\"><\/span><\/h3>\n<p>Pour vous permettre de faire des \u00e9conomies, certaines agences tels qu\u2019Europcar proposent des locations d\u2019utilitaires de nuit (de 18h \u00e0 8h le lendemain). A partir de 29\u20ac la nuit (surcharge de 15\u20ac pour Paris).<\/p>\n<h3><span class=\"ez-toc-section\" id=\"la-location-demi-journee\"><\/span>La location demi-journ\u00e9e<span class=\"ez-toc-section-end\"><\/span><\/h3>\n<p>Si vous avez vraiment un petit volume et que la distance est courte, sachez que Sixt vous propose de <a href=\"https:\/\/www.sixt.fr\/php\/reservation\/topoffer_details\/fr\/L\/ij5-fr_33215?osp=topoffer_list%7CForfait%205%20heures\" target=\"_blank\" rel=\"noopener noreferrer\">louer un utilitaire pour 5h<\/a>. A partir de 21\u20ac pour un utilitaire de 10m<sup>3<\/sup> mais l\u2019offre n\u2019est pas valable dans toutes les agences, ni le samedi et selon les stocks disponibles.<\/p>\n<h3><span class=\"ez-toc-section\" id=\"la-location-a-lheure\"><\/span>La location \u00e0 l\u2019heure<span class=\"ez-toc-section-end\"><\/span><\/h3>\n<p>Vous \u00eates du genre super express ?<\/p>\n<ul>\n<li>L\u2019offre <a href=\"http:\/\/www.ada.fr\/offre\/Offre_9-euros.html\" target=\"_blank\" rel=\"noopener noreferrer\">ADA Malin<\/a> vous propose de louer un utilitaire \u00e0 l\u2019heure. C\u2019est 19\u20ac la premi\u00e8re heure puis 7\u20ac l\u2019heure suppl\u00e9mentaire. Le prix inclut le carburant et l\u2019assurance.<\/li>\n<li>Renault Mobility propose des v\u00e9hicules utilitaires de type Trafic\/Master (de 5 \u00e0 8m<sup>3<\/sup>) pour 9\u20ac de l&rsquo;heure en journ\u00e9e et 7\u20ac de l&rsquo;heure la nuit. Le prix inclut 100km de carburant et l&rsquo;assurance. Il suffit de t\u00e9l\u00e9charger l&rsquo;application et ins\u00e9rer vos donn\u00e9es pour r\u00e9server un v\u00e9hicule.<\/li>\n<\/ul>\n<h3><span class=\"ez-toc-section\" id=\"les-loueurs-classiques\"><\/span>Les loueurs classiques<span class=\"ez-toc-section-end\"><\/span><\/h3>\n<p>Sinon, vous pouvez toujours vous tourner vers une <b>entreprise professionnelle de location <\/b>de v\u00e9hicules utilitaires.<br \/>\nPour trouver les <b>meilleurs offres<\/b>, utilisez ce <a href=\"https:\/\/www.mydemenageur.com\/comparateur\/utilitaires\">comparateur de prix d\u2019utilitaires<\/a>. En g\u00e9n\u00e9ral vous pouvez vous en sortir pour 40~50\u20ac la journ\u00e9e pour un utilitaire de 10m<sup>3<\/sup>.<br \/>\nEssayez de rendre le v\u00e9hicule <b>dans la journ\u00e9e <\/b>pour ne pas payer plus.<\/p>\n<h3><span class=\"ez-toc-section\" id=\"a-surveiller-lors-de-la-location\"><\/span>A surveiller lors de la location<span class=\"ez-toc-section-end\"><\/span><\/h3>\n<p>Quel que soit le choix sur lequel vous vous portez, gardez n\u00e9anmoins \u00e0 l\u2019esprit de <b>bien lire<\/b> les <b>conditions du contrat de location<\/b> pour \u00e9viter les mauvaises surprises (surtaxe pour les jeunes conducteurs, assurances, essence, etc).<br \/>\nSoyez \u00e9galement <b>attentif <\/b>pendant l\u2019<b>\u00e9tat des lieux<\/b> du v\u00e9hicule (prenez des photos du v\u00e9hicule), mieux vaut pr\u00e9venir que gu\u00e9rir.<br \/>\nEt bien s\u00fbr, v\u00e9rifiez que les <b>dimensions du v\u00e9hicule<\/b> suffisent \u00e0 faire rentrer vos <b>meubles <\/b>en les <b>mesurant <\/b>au pr\u00e9alable. Notamment si vous avez un <a href=\"https:\/\/www.mydemenageur.com\/blog\/transporter-frigo\/\">grand frigo \u00e0 transporter<\/a>, il est pr\u00e9f\u00e9rable de ne pas le coucher.<\/p>\n<h2><span class=\"ez-toc-section\" id=\"6-transportez-vos-cartons-sans-louer-de-vehicule\"><\/span>6) Transportez vos cartons sans louer de v\u00e9hicule<span class=\"ez-toc-section-end\"><\/span><\/h2>\n<div id=\"attachment_1499\" style=\"width: 690px\" class=\"wp-caption alignnone\"><img decoding=\"async\" aria-describedby=\"caption-attachment-1499\" class=\"size-full wp-image-1499\" src=\"https:\/\/www.mydemenageur.com\/blog\/wp-content\/uploads\/2019\/10\/voiture-surchargee.jpg\" alt=\"voiture surcharg\u00e9e\" width=\"680\" height=\"431\" srcset=\"https:\/\/www.mydemenageur.com\/blog\/wp-content\/uploads\/2019\/10\/voiture-surchargee.jpg 680w, https:\/\/www.mydemenageur.com\/blog\/wp-content\/uploads\/2019\/10\/voiture-surchargee-300x190.jpg 300w\" sizes=\"(max-width: 680px) 100vw, 680px\" \/><p id=\"caption-attachment-1499\" class=\"wp-caption-text\">En voiture d&rsquo;accord, mais attention quand m\u00eame&#8230;<\/p><\/div>\n<p>Si vous n\u2019avez <b>pas besoin<\/b> de d\u00e9m\u00e9nager avec vos <b>meubles<\/b> ni votre <b>\u00e9lectrom\u00e9nager<\/b>, alors pourquoi s\u2019encombrer d\u2019une camionnette ? Une <b>voiture <\/b>suffira largement.<br \/>\nVous pouvez d\u00e9m\u00e9nager tous <b>vos cartons<\/b> le m\u00eame jour en faisant des <b>allers-retours<\/b>, \u00e0 condition de ne pas d\u00e9m\u00e9nager trop loin bien s\u00fbr.<\/p>\n<h2><span class=\"ez-toc-section\" id=\"faq\"><\/span>FAQ<span class=\"ez-toc-section-end\"><\/span><\/h2>\n<h3><span class=\"ez-toc-section\" id=\"combien-coute-un-petit-demenagement\"><\/span>Combien co\u00fbte un petit d\u00e9m\u00e9nagement ?<span class=\"ez-toc-section-end\"><\/span><\/h3>\n<ul>\n<li>Avec des professionnels pour un volume de 10m<sup>3<\/sup> (environ 30m<sup>2<\/sup>) dans la m\u00eame ville : \u00e0 partir de 400 \u00e0 500 \u20ac.<br \/>\nNB : la formule (\u00e9conomique, standard, luxe), le nombre d\u2019\u00e9tages sans ascenseur et d\u2019objets encombrants peuvent faire grimper le montant de la facture.<\/li>\n<li>D\u00e9m\u00e9nager seul un volume de 10m<sup>3<\/sup> (environ 30m<sup>2<\/sup>) dans la m\u00eame ville : \u00e0 partir de 40~50 \u20ac.<br \/>\nSoit le prix de la location d\u2019un utilitaire \u00e0 la demi-journ\u00e9e (21\u20ac) + essence (3\u20ac) + pizzas\/boissons pour 2 amis (25\u20ac)<\/li>\n<\/ul>\n<h3><span class=\"ez-toc-section\" id=\"combien-de-personnes-sont-necessaires-pour-faire-un-petit-demenagement\"><\/span>Combien de personnes sont n\u00e9cessaires pour faire un petit d\u00e9m\u00e9nagement ?<span class=\"ez-toc-section-end\"><\/span><\/h3>\n<p>Id\u00e9alement, il faut au moins \u00eatre 2, notamment s\u2019il y a de l\u2019\u00e9lectrom\u00e9nager et des meubles \u00e0 transporter.<br \/>\nBien que techniquement il soit possible de <a href=\"https:\/\/www.mydemenageur.com\/blog\/demenager-machine-a-laver\/\" target=\"_blank\" rel=\"noopener noreferrer\">transporter une machine \u00e0 laver<\/a> et un frigo par soi-m\u00eame avec un diable (en rez-de-chauss\u00e9e ou avec un ascenseur et avec un camion avec hayon), il est largement pr\u00e9f\u00e9rable qu\u2019une autre personne soit pr\u00e9sente pour aider \u00e0 porter le plus lourd et le plus encombrant.<br \/>\nA 3 personnes, c\u2019est le mieux : 2 personnes portent et 1 personne <a href=\"https:\/\/www.mydemenageur.com\/blog\/chargement-camion-demenagement\/\" target=\"_blank\" rel=\"noopener noreferrer\">organise et charge le camion<\/a>.<\/p>\n<h3><span class=\"ez-toc-section\" id=\"quel-type-de-camionnette-louer-pour-un-petit-demenagement\"><\/span>Quel type de camionnette louer pour un petit d\u00e9m\u00e9nagement ?<span class=\"ez-toc-section-end\"><\/span><\/h3>\n<ul>\n<li>Si vous avez des meubles hauts (une grande armoire par exemple) ou un grand r\u00e9frig\u00e9rateur \u00e0 d\u00e9m\u00e9nager, alors il vous faudra un utilitaire avec une hauteur utile de 1.90m au minimum.<br \/>\nExemples : Iveco Daily 11m<sup>3<\/sup>, Peugeot Boxer 10m<sup>3<\/sup>\u2026<\/li>\n<li>Si vous n\u2019avez que des cartons et petits meubles, vous pouvez vous contenter d\u2019un petit fourgon de 3 ou 6m<sup>3<\/sup> moins on\u00e9reux \u00e0 louer.<br \/>\nExemples : Renault Kangoo ou Citro\u00ebn Berlingo 3m<sup>3<\/sup>, Renault Trafic 6m<sup>3<\/sup>&#8230;<\/li>\n<\/ul>\n<p>Ce type d\u2019utilitaires se conduit avec le Permis B.<\/p>\n","protected":false},"excerpt":{"rendered":"<p>Dans ce guide du petit d\u00e9m\u00e9nagement pas cher, nous allons vous r\u00e9v\u00e9ler toutes nos astuces qui vous feront \u00e9conomiser un<\/p>\n","protected":false},"author":11,"featured_media":1500,"comment_status":"closed","ping_status":"closed","sticky":false,"template":"","format":"standard","meta":{"_lmt_disableupdate":"no","_lmt_disable":"no","footnotes":""},"categories":[101,106],"tags":[109,117],"yoast_head":"<!-- This site is optimized with the Yoast SEO Premium plugin v24.2 (Yoast SEO v24.5) - https:\/\/yoast.com\/wordpress\/plugins\/seo\/ -->\n<title>6 astuces pour minimiser les co\u00fbts d\u2019un petit d\u00e9m\u00e9nagement<\/title>\n<meta name=\"description\" content=\"Toutes nos astuces pour minimiser et optimiser le co\u00fbt et l&#039;organisation d&#039;un petit d\u00e9m\u00e9nagement, avec des pros ou par vous m\u00eame.\" \/>\n<meta name=\"robots\" content=\"index, follow, max-snippet:-1, max-image-preview:large, max-video-preview:-1\" \/>\n<link rel=\"canonical\" href=\"https:\/\/www.mydemenageur.com\/blog\/petit-demenagement\/\" \/>\n<meta property=\"og:locale\" content=\"fr_FR\" \/>\n<meta property=\"og:type\" content=\"article\" \/>\n<meta property=\"og:title\" content=\"6 astuces pour minimiser les co\u00fbts d\u2019un petit d\u00e9m\u00e9nagement (et le faire pour moins de 100\u20ac)\" \/>\n<meta property=\"og:description\" content=\"Toutes nos astuces pour minimiser et optimiser le co\u00fbt et l&#039;organisation d&#039;un petit d\u00e9m\u00e9nagement, avec des pros ou par vous m\u00eame.\" \/>\n<meta property=\"og:url\" content=\"https:\/\/www.mydemenageur.com\/blog\/petit-demenagement\/\" \/>\n<meta property=\"og:site_name\" content=\"MyDemenageur\" \/>\n<meta property=\"article:publisher\" content=\"https:\/\/www.facebook.com\/mydemenageur\" \/>\n<meta property=\"article:published_time\" content=\"2019-10-02T18:10:18+00:00\" \/>\n<meta property=\"article:modified_time\" content=\"2024-09-14T13:09:24+00:00\" \/>\n<meta property=\"og:image\" content=\"https:\/\/www.mydemenageur.com\/blog\/wp-content\/uploads\/2019\/10\/petit-demenagement.jpg\" \/>\n\t<meta property=\"og:image:width\" content=\"680\" \/>\n\t<meta property=\"og:image:height\" content=\"608\" \/>\n\t<meta property=\"og:image:type\" content=\"image\/jpeg\" \/>\n<meta name=\"author\" content=\"Mathilde\" \/>\n<meta name=\"twitter:card\" content=\"summary_large_image\" \/>\n<meta name=\"twitter:title\" content=\"6 astuces pour minimiser les co\u00fbts d\u2019un petit d\u00e9m\u00e9nagement (et le faire pour moins de 100\u20ac)\" \/>\n<meta name=\"twitter:creator\" content=\"@mydemenageur\" \/>\n<meta name=\"twitter:site\" content=\"@mydemenageur\" \/>\n<meta name=\"twitter:label1\" content=\"\u00c9crit par\" \/>\n\t<meta name=\"twitter:data1\" content=\"Mathilde\" \/>\n\t<meta name=\"twitter:label2\" content=\"Dur\u00e9e de lecture estim\u00e9e\" \/>\n\t<meta name=\"twitter:data2\" content=\"10 minutes\" \/>\n<script type=\"application\/ld+json\" class=\"yoast-schema-graph\">{\"@context\":\"https:\/\/schema.org\",\"@graph\":[{\"@type\":\"Article\",\"@id\":\"https:\/\/www.mydemenageur.com\/blog\/petit-demenagement\/#article\",\"isPartOf\":{\"@id\":\"https:\/\/www.mydemenageur.com\/blog\/petit-demenagement\/\"},\"author\":{\"name\":\"Mathilde\",\"@id\":\"https:\/\/www.mydemenageur.com\/blog\/#\/schema\/person\/4540dc333c2e7dc790f0f7bcd5b99569\"},\"headline\":\"6 astuces pour minimiser les co\u00fbts d\u2019un petit d\u00e9m\u00e9nagement (et le faire pour moins de 100\u20ac)\",\"datePublished\":\"2019-10-02T18:10:18+00:00\",\"dateModified\":\"2024-09-14T13:09:24+00:00\",\"mainEntityOfPage\":{\"@id\":\"https:\/\/www.mydemenageur.com\/blog\/petit-demenagement\/\"},\"wordCount\":1743,\"publisher\":{\"@id\":\"https:\/\/www.mydemenageur.com\/blog\/#organization\"},\"image\":{\"@id\":\"https:\/\/www.mydemenageur.com\/blog\/petit-demenagement\/#primaryimage\"},\"thumbnailUrl\":\"https:\/\/www.mydemenageur.com\/blog\/wp-content\/uploads\/2019\/10\/petit-demenagement.jpg\",\"keywords\":[\"Co\u00fbt\",\"pas cher\"],\"articleSection\":[\"Argent\",\"D\u00e9m\u00e9nagement\"],\"inLanguage\":\"fr-FR\"},{\"@type\":\"WebPage\",\"@id\":\"https:\/\/www.mydemenageur.com\/blog\/petit-demenagement\/\",\"url\":\"https:\/\/www.mydemenageur.com\/blog\/petit-demenagement\/\",\"name\":\"6 astuces pour minimiser les co\u00fbts d\u2019un petit d\u00e9m\u00e9nagement\",\"isPartOf\":{\"@id\":\"https:\/\/www.mydemenageur.com\/blog\/#website\"},\"primaryImageOfPage\":{\"@id\":\"https:\/\/www.mydemenageur.com\/blog\/petit-demenagement\/#primaryimage\"},\"image\":{\"@id\":\"https:\/\/www.mydemenageur.com\/blog\/petit-demenagement\/#primaryimage\"},\"thumbnailUrl\":\"https:\/\/www.mydemenageur.com\/blog\/wp-content\/uploads\/2019\/10\/petit-demenagement.jpg\",\"datePublished\":\"2019-10-02T18:10:18+00:00\",\"dateModified\":\"2024-09-14T13:09:24+00:00\",\"description\":\"Toutes nos astuces pour minimiser et optimiser le co\u00fbt et l'organisation d'un petit d\u00e9m\u00e9nagement, avec des pros ou par vous m\u00eame.\",\"breadcrumb\":{\"@id\":\"https:\/\/www.mydemenageur.com\/blog\/petit-demenagement\/#breadcrumb\"},\"inLanguage\":\"fr-FR\",\"potentialAction\":[{\"@type\":\"ReadAction\",\"target\":[\"https:\/\/www.mydemenageur.com\/blog\/petit-demenagement\/\"]}]},{\"@type\":\"ImageObject\",\"inLanguage\":\"fr-FR\",\"@id\":\"https:\/\/www.mydemenageur.com\/blog\/petit-demenagement\/#primaryimage\",\"url\":\"https:\/\/www.mydemenageur.com\/blog\/wp-content\/uploads\/2019\/10\/petit-demenagement.jpg\",\"contentUrl\":\"https:\/\/www.mydemenageur.com\/blog\/wp-content\/uploads\/2019\/10\/petit-demenagement.jpg\",\"width\":680,\"height\":608,\"caption\":\"Pas grand chose \u00e0 d\u00e9m\u00e9nager ? On vous explique comment d\u00e9penser le moins possible\"},{\"@type\":\"BreadcrumbList\",\"@id\":\"https:\/\/www.mydemenageur.com\/blog\/petit-demenagement\/#breadcrumb\",\"itemListElement\":[{\"@type\":\"ListItem\",\"position\":1,\"name\":\"Accueil\",\"item\":\"https:\/\/www.mydemenageur.com\/blog\/\"},{\"@type\":\"ListItem\",\"position\":2,\"name\":\"Argent\",\"item\":\"https:\/\/www.mydemenageur.com\/blog\/categorie\/argent\/\"},{\"@type\":\"ListItem\",\"position\":3,\"name\":\"6 astuces pour minimiser les co\u00fbts d\u2019un petit d\u00e9m\u00e9nagement (et le faire pour moins de 100\u20ac)\"}]},{\"@type\":\"WebSite\",\"@id\":\"https:\/\/www.mydemenageur.com\/blog\/#website\",\"url\":\"https:\/\/www.mydemenageur.com\/blog\/\",\"name\":\"MyDemenageur\",\"description\":\"Conseils d\u00e9m\u00e9ngement entre particuliers et d\u00e9m\u00e9nagement professionnel\",\"publisher\":{\"@id\":\"https:\/\/www.mydemenageur.com\/blog\/#organization\"},\"potentialAction\":[{\"@type\":\"SearchAction\",\"target\":{\"@type\":\"EntryPoint\",\"urlTemplate\":\"https:\/\/www.mydemenageur.com\/blog\/?s={search_term_string}\"},\"query-input\":{\"@type\":\"PropertyValueSpecification\",\"valueRequired\":true,\"valueName\":\"search_term_string\"}}],\"inLanguage\":\"fr-FR\"},{\"@type\":\"Organization\",\"@id\":\"https:\/\/www.mydemenageur.com\/blog\/#organization\",\"name\":\"MyDemenageur.com\",\"url\":\"https:\/\/www.mydemenageur.com\/blog\/\",\"logo\":{\"@type\":\"ImageObject\",\"inLanguage\":\"fr-FR\",\"@id\":\"https:\/\/www.mydemenageur.com\/blog\/#\/schema\/logo\/image\/\",\"url\":\"https:\/\/www.mydemenageur.com\/blog\/wp-content\/uploads\/2022\/05\/MyDemenageur_Symbol.jpg\",\"contentUrl\":\"https:\/\/www.mydemenageur.com\/blog\/wp-content\/uploads\/2022\/05\/MyDemenageur_Symbol.jpg\",\"width\":878,\"height\":877,\"caption\":\"MyDemenageur.com\"},\"image\":{\"@id\":\"https:\/\/www.mydemenageur.com\/blog\/#\/schema\/logo\/image\/\"},\"sameAs\":[\"https:\/\/www.facebook.com\/mydemenageur\",\"https:\/\/x.com\/mydemenageur\",\"https:\/\/www.pinterest.fr\/mydemenageur\/\"]},{\"@type\":\"Person\",\"@id\":\"https:\/\/www.mydemenageur.com\/blog\/#\/schema\/person\/4540dc333c2e7dc790f0f7bcd5b99569\",\"name\":\"Mathilde\",\"image\":{\"@type\":\"ImageObject\",\"inLanguage\":\"fr-FR\",\"@id\":\"https:\/\/www.mydemenageur.com\/blog\/#\/schema\/person\/image\/\",\"url\":\"https:\/\/secure.gravatar.com\/avatar\/abde069f6f70261ee6ecea93e0437d77?s=96&#038;r=g\",\"contentUrl\":\"https:\/\/secure.gravatar.com\/avatar\/abde069f6f70261ee6ecea93e0437d77?s=96&#038;r=g\",\"caption\":\"Mathilde\"},\"description\":\"L'harmonie des couleurs et des objets m'a toujours fascin\u00e9e, transformant chaque pi\u00e8ce en un lieu unique et agr\u00e9able \u00e0 vivre. Sur MyDemenageur, vous trouverez non seulement des inspirations personnelles, mais aussi des informations r\u00e9centes sur le monde de la d\u00e9coration, les projets de maison, le d\u00e9m\u00e9nagement et les travaux.\",\"url\":\"https:\/\/www.mydemenageur.com\/blog\/author\/mathilde\/\"}]}<\/script>\n<!-- \/ Yoast SEO Premium plugin. -->","yoast_head_json":{"title":"6 astuces pour minimiser les co\u00fbts d\u2019un petit d\u00e9m\u00e9nagement","description":"Toutes nos astuces pour minimiser et optimiser le co\u00fbt et l'organisation d'un petit d\u00e9m\u00e9nagement, avec des pros ou par vous m\u00eame.","robots":{"index":"index","follow":"follow","max-snippet":"max-snippet:-1","max-image-preview":"max-image-preview:large","max-video-preview":"max-video-preview:-1"},"canonical":"https:\/\/www.mydemenageur.com\/blog\/petit-demenagement\/","og_locale":"fr_FR","og_type":"article","og_title":"6 astuces pour minimiser les co\u00fbts d\u2019un petit d\u00e9m\u00e9nagement (et le faire pour moins de 100\u20ac)","og_description":"Toutes nos astuces pour minimiser et optimiser le co\u00fbt et l'organisation d'un petit d\u00e9m\u00e9nagement, avec des pros ou par vous m\u00eame.","og_url":"https:\/\/www.mydemenageur.com\/blog\/petit-demenagement\/","og_site_name":"MyDemenageur","article_publisher":"https:\/\/www.facebook.com\/mydemenageur","article_published_time":"2019-10-02T18:10:18+00:00","article_modified_time":"2024-09-14T13:09:24+00:00","og_image":[{"width":680,"height":608,"url":"https:\/\/www.mydemenageur.com\/blog\/wp-content\/uploads\/2019\/10\/petit-demenagement.jpg","type":"image\/jpeg"}],"author":"Mathilde","twitter_card":"summary_large_image","twitter_title":"6 astuces pour minimiser les co\u00fbts d\u2019un petit d\u00e9m\u00e9nagement (et le faire pour moins de 100\u20ac)","twitter_creator":"@mydemenageur","twitter_site":"@mydemenageur","twitter_misc":{"\u00c9crit par":"Mathilde","Dur\u00e9e de lecture estim\u00e9e":"10 minutes"},"schema":{"@context":"https:\/\/schema.org","@graph":[{"@type":"Article","@id":"https:\/\/www.mydemenageur.com\/blog\/petit-demenagement\/#article","isPartOf":{"@id":"https:\/\/www.mydemenageur.com\/blog\/petit-demenagement\/"},"author":{"name":"Mathilde","@id":"https:\/\/www.mydemenageur.com\/blog\/#\/schema\/person\/4540dc333c2e7dc790f0f7bcd5b99569"},"headline":"6 astuces pour minimiser les co\u00fbts d\u2019un petit d\u00e9m\u00e9nagement (et le faire pour moins de 100\u20ac)","datePublished":"2019-10-02T18:10:18+00:00","dateModified":"2024-09-14T13:09:24+00:00","mainEntityOfPage":{"@id":"https:\/\/www.mydemenageur.com\/blog\/petit-demenagement\/"},"wordCount":1743,"publisher":{"@id":"https:\/\/www.mydemenageur.com\/blog\/#organization"},"image":{"@id":"https:\/\/www.mydemenageur.com\/blog\/petit-demenagement\/#primaryimage"},"thumbnailUrl":"https:\/\/www.mydemenageur.com\/blog\/wp-content\/uploads\/2019\/10\/petit-demenagement.jpg","keywords":["Co\u00fbt","pas cher"],"articleSection":["Argent","D\u00e9m\u00e9nagement"],"inLanguage":"fr-FR"},{"@type":"WebPage","@id":"https:\/\/www.mydemenageur.com\/blog\/petit-demenagement\/","url":"https:\/\/www.mydemenageur.com\/blog\/petit-demenagement\/","name":"6 astuces pour minimiser les co\u00fbts d\u2019un petit d\u00e9m\u00e9nagement","isPartOf":{"@id":"https:\/\/www.mydemenageur.com\/blog\/#website"},"primaryImageOfPage":{"@id":"https:\/\/www.mydemenageur.com\/blog\/petit-demenagement\/#primaryimage"},"image":{"@id":"https:\/\/www.mydemenageur.com\/blog\/petit-demenagement\/#primaryimage"},"thumbnailUrl":"https:\/\/www.mydemenageur.com\/blog\/wp-content\/uploads\/2019\/10\/petit-demenagement.jpg","datePublished":"2019-10-02T18:10:18+00:00","dateModified":"2024-09-14T13:09:24+00:00","description":"Toutes nos astuces pour minimiser et optimiser le co\u00fbt et l'organisation d'un petit d\u00e9m\u00e9nagement, avec des pros ou par vous m\u00eame.","breadcrumb":{"@id":"https:\/\/www.mydemenageur.com\/blog\/petit-demenagement\/#breadcrumb"},"inLanguage":"fr-FR","potentialAction":[{"@type":"ReadAction","target":["https:\/\/www.mydemenageur.com\/blog\/petit-demenagement\/"]}]},{"@type":"ImageObject","inLanguage":"fr-FR","@id":"https:\/\/www.mydemenageur.com\/blog\/petit-demenagement\/#primaryimage","url":"https:\/\/www.mydemenageur.com\/blog\/wp-content\/uploads\/2019\/10\/petit-demenagement.jpg","contentUrl":"https:\/\/www.mydemenageur.com\/blog\/wp-content\/uploads\/2019\/10\/petit-demenagement.jpg","width":680,"height":608,"caption":"Pas grand chose \u00e0 d\u00e9m\u00e9nager ? On vous explique comment d\u00e9penser le moins possible"},{"@type":"BreadcrumbList","@id":"https:\/\/www.mydemenageur.com\/blog\/petit-demenagement\/#breadcrumb","itemListElement":[{"@type":"ListItem","position":1,"name":"Accueil","item":"https:\/\/www.mydemenageur.com\/blog\/"},{"@type":"ListItem","position":2,"name":"Argent","item":"https:\/\/www.mydemenageur.com\/blog\/categorie\/argent\/"},{"@type":"ListItem","position":3,"name":"6 astuces pour minimiser les co\u00fbts d\u2019un petit d\u00e9m\u00e9nagement (et le faire pour moins de 100\u20ac)"}]},{"@type":"WebSite","@id":"https:\/\/www.mydemenageur.com\/blog\/#website","url":"https:\/\/www.mydemenageur.com\/blog\/","name":"MyDemenageur","description":"Conseils d\u00e9m\u00e9ngement entre particuliers et d\u00e9m\u00e9nagement professionnel","publisher":{"@id":"https:\/\/www.mydemenageur.com\/blog\/#organization"},"potentialAction":[{"@type":"SearchAction","target":{"@type":"EntryPoint","urlTemplate":"https:\/\/www.mydemenageur.com\/blog\/?s={search_term_string}"},"query-input":{"@type":"PropertyValueSpecification","valueRequired":true,"valueName":"search_term_string"}}],"inLanguage":"fr-FR"},{"@type":"Organization","@id":"https:\/\/www.mydemenageur.com\/blog\/#organization","name":"MyDemenageur.com","url":"https:\/\/www.mydemenageur.com\/blog\/","logo":{"@type":"ImageObject","inLanguage":"fr-FR","@id":"https:\/\/www.mydemenageur.com\/blog\/#\/schema\/logo\/image\/","url":"https:\/\/www.mydemenageur.com\/blog\/wp-content\/uploads\/2022\/05\/MyDemenageur_Symbol.jpg","contentUrl":"https:\/\/www.mydemenageur.com\/blog\/wp-content\/uploads\/2022\/05\/MyDemenageur_Symbol.jpg","width":878,"height":877,"caption":"MyDemenageur.com"},"image":{"@id":"https:\/\/www.mydemenageur.com\/blog\/#\/schema\/logo\/image\/"},"sameAs":["https:\/\/www.facebook.com\/mydemenageur","https:\/\/x.com\/mydemenageur","https:\/\/www.pinterest.fr\/mydemenageur\/"]},{"@type":"Person","@id":"https:\/\/www.mydemenageur.com\/blog\/#\/schema\/person\/4540dc333c2e7dc790f0f7bcd5b99569","name":"Mathilde","image":{"@type":"ImageObject","inLanguage":"fr-FR","@id":"https:\/\/www.mydemenageur.com\/blog\/#\/schema\/person\/image\/","url":"https:\/\/secure.gravatar.com\/avatar\/abde069f6f70261ee6ecea93e0437d77?s=96&#038;r=g","contentUrl":"https:\/\/secure.gravatar.com\/avatar\/abde069f6f70261ee6ecea93e0437d77?s=96&#038;r=g","caption":"Mathilde"},"description":"L'harmonie des couleurs et des objets m'a toujours fascin\u00e9e, transformant chaque pi\u00e8ce en un lieu unique et agr\u00e9able \u00e0 vivre. Sur MyDemenageur, vous trouverez non seulement des inspirations personnelles, mais aussi des informations r\u00e9centes sur le monde de la d\u00e9coration, les projets de maison, le d\u00e9m\u00e9nagement et les travaux.","url":"https:\/\/www.mydemenageur.com\/blog\/author\/mathilde\/"}]}},"modified_by":"MyDemenageur","_links":{"self":[{"href":"https:\/\/www.mydemenageur.com\/blog\/wp-json\/wp\/v2\/posts\/1495"}],"collection":[{"href":"https:\/\/www.mydemenageur.com\/blog\/wp-json\/wp\/v2\/posts"}],"about":[{"href":"https:\/\/www.mydemenageur.com\/blog\/wp-json\/wp\/v2\/types\/post"}],"author":[{"embeddable":true,"href":"https:\/\/www.mydemenageur.com\/blog\/wp-json\/wp\/v2\/users\/11"}],"replies":[{"embeddable":true,"href":"https:\/\/www.mydemenageur.com\/blog\/wp-json\/wp\/v2\/comments?post=1495"}],"version-history":[{"count":0,"href":"https:\/\/www.mydemenageur.com\/blog\/wp-json\/wp\/v2\/posts\/1495\/revisions"}],"wp:featuredmedia":[{"embeddable":true,"href":"https:\/\/www.mydemenageur.com\/blog\/wp-json\/wp\/v2\/media\/1500"}],"wp:attachment":[{"href":"https:\/\/www.mydemenageur.com\/blog\/wp-json\/wp\/v2\/media?parent=1495"}],"wp:term":[{"taxonomy":"category","embeddable":true,"href":"https:\/\/www.mydemenageur.com\/blog\/wp-json\/wp\/v2\/categories?post=1495"},{"taxonomy":"post_tag","embeddable":true,"href":"https:\/\/www.mydemenageur.com\/blog\/wp-json\/wp\/v2\/tags?post=1495"}],"curies":[{"name":"wp","href":"https:\/\/api.w.org\/{rel}","templated":true}]}}