{"id":153,"date":"2014-03-21T16:14:31","date_gmt":"2014-03-21T16:14:31","guid":{"rendered":"http:\/\/www.mydemenageur.com\/blog\/?p=153"},"modified":"2021-08-27T07:41:10","modified_gmt":"2021-08-27T07:41:10","slug":"mydemenageur-dans-la-quotidienne-sur-france-5","status":"publish","type":"post","link":"https:\/\/www.mydemenageur.com\/blog\/mydemenageur-dans-la-quotidienne-sur-france-5\/","title":{"rendered":"MyDemenageur dans La Quotidienne sur France 5"},"content":{"rendered":"<p>Hier <a href=\"\/blog\/services\/\">MyDemenageur<\/a> passait pour la premi\u00e8re fois \u00e0 la t\u00e9l\u00e9vision. Youhou ! C&rsquo;\u00e9tait dans La Quotidienne, \u00e9mission quotidienne sur France 5 aux alentours de midi. Un petit \u00e9v\u00e8nement qui, on l&rsquo;esp\u00e8re, en appellera bien d&rsquo;autres.<\/p>\n<p>Si vous l&rsquo;avez manqu\u00e9, voici la vid\u00e9o :<br \/>\n<iframe src=\"\/\/www.youtube.com\/embed\/LWxAJRDHwCM?rel=0\" width=\"560\" height=\"315\" frameborder=\"0\" allowfullscreen=\"allowfullscreen\"><\/iframe><\/p>\n","protected":false},"excerpt":{"rendered":"<p>Hier MyDemenageur passait pour la premi\u00e8re fois \u00e0 la t\u00e9l\u00e9vision. Youhou ! C&rsquo;\u00e9tait dans La Quotidienne, \u00e9mission quotidienne sur France<\/p>\n","protected":false},"author":11,"featured_media":158,"comment_status":"open","ping_status":"open","sticky":false,"template":"","format":"standard","meta":{"_lmt_disableupdate":"","_lmt_disable":"","footnotes":""},"categories":[21],"tags":[113],"yoast_head":"<!-- This site is optimized with the Yoast SEO Premium plugin v24.2 (Yoast SEO v24.5) - https:\/\/yoast.com\/wordpress\/plugins\/seo\/ -->\n<title>MyDemenageur dans La Quotidienne sur France 5<\/title>\n<meta name=\"description\" content=\"On parle de MyDemenageur. Retrouvez le reportage diffus\u00e9 dans le magazine France 5 &quot;La Quotidienne&quot; de mars 2014.\" \/>\n<meta name=\"robots\" content=\"index, follow, max-snippet:-1, max-image-preview:large, max-video-preview:-1\" \/>\n<link rel=\"canonical\" href=\"https:\/\/www.mydemenageur.com\/blog\/mydemenageur-dans-la-quotidienne-sur-france-5\/\" \/>\n<meta property=\"og:locale\" content=\"fr_FR\" \/>\n<meta property=\"og:type\" content=\"article\" \/>\n<meta property=\"og:title\" content=\"MyDemenageur dans La Quotidienne sur France 5\" \/>\n<meta property=\"og:description\" content=\"On parle de MyDemenageur. Retrouvez le reportage diffus\u00e9 dans le magazine France 5 &quot;La Quotidienne&quot; de mars 2014.\" \/>\n<meta property=\"og:url\" content=\"https:\/\/www.mydemenageur.com\/blog\/mydemenageur-dans-la-quotidienne-sur-france-5\/\" \/>\n<meta property=\"og:site_name\" content=\"MyDemenageur\" \/>\n<meta property=\"article:publisher\" content=\"https:\/\/www.facebook.com\/mydemenageur\" \/>\n<meta property=\"article:published_time\" content=\"2014-03-21T16:14:31+00:00\" \/>\n<meta property=\"article:modified_time\" content=\"2021-08-27T07:41:10+00:00\" \/>\n<meta property=\"og:image\" content=\"https:\/\/www.mydemenageur.com\/blog\/wp-content\/uploads\/2014\/03\/Capture.jpg\" \/>\n\t<meta property=\"og:image:width\" content=\"558\" \/>\n\t<meta property=\"og:image:height\" content=\"314\" \/>\n\t<meta property=\"og:image:type\" content=\"image\/jpeg\" \/>\n<meta name=\"author\" content=\"Mathilde\" \/>\n<meta name=\"twitter:card\" content=\"summary_large_image\" \/>\n<meta name=\"twitter:creator\" content=\"@mydemenageur\" \/>\n<meta name=\"twitter:site\" content=\"@mydemenageur\" \/>\n<meta name=\"twitter:label1\" content=\"\u00c9crit par\" \/>\n\t<meta name=\"twitter:data1\" content=\"Mathilde\" \/>\n<script type=\"application\/ld+json\" class=\"yoast-schema-graph\">{\"@context\":\"https:\/\/schema.org\",\"@graph\":[{\"@type\":\"Article\",\"@id\":\"https:\/\/www.mydemenageur.com\/blog\/mydemenageur-dans-la-quotidienne-sur-france-5\/#article\",\"isPartOf\":{\"@id\":\"https:\/\/www.mydemenageur.com\/blog\/mydemenageur-dans-la-quotidienne-sur-france-5\/\"},\"author\":{\"name\":\"Mathilde\",\"@id\":\"https:\/\/www.mydemenageur.com\/blog\/#\/schema\/person\/4540dc333c2e7dc790f0f7bcd5b99569\"},\"headline\":\"MyDemenageur dans La Quotidienne sur France 5\",\"datePublished\":\"2014-03-21T16:14:31+00:00\",\"dateModified\":\"2021-08-27T07:41:10+00:00\",\"mainEntityOfPage\":{\"@id\":\"https:\/\/www.mydemenageur.com\/blog\/mydemenageur-dans-la-quotidienne-sur-france-5\/\"},\"wordCount\":55,\"commentCount\":0,\"publisher\":{\"@id\":\"https:\/\/www.mydemenageur.com\/blog\/#organization\"},\"image\":{\"@id\":\"https:\/\/www.mydemenageur.com\/blog\/mydemenageur-dans-la-quotidienne-sur-france-5\/#primaryimage\"},\"thumbnailUrl\":\"https:\/\/www.mydemenageur.com\/blog\/wp-content\/uploads\/2014\/03\/Capture.jpg\",\"keywords\":[\"Presse\"],\"articleSection\":[\"MyDemenageur\"],\"inLanguage\":\"fr-FR\",\"potentialAction\":[{\"@type\":\"CommentAction\",\"name\":\"Comment\",\"target\":[\"https:\/\/www.mydemenageur.com\/blog\/mydemenageur-dans-la-quotidienne-sur-france-5\/#respond\"]}]},{\"@type\":\"WebPage\",\"@id\":\"https:\/\/www.mydemenageur.com\/blog\/mydemenageur-dans-la-quotidienne-sur-france-5\/\",\"url\":\"https:\/\/www.mydemenageur.com\/blog\/mydemenageur-dans-la-quotidienne-sur-france-5\/\",\"name\":\"MyDemenageur dans La Quotidienne sur France 5\",\"isPartOf\":{\"@id\":\"https:\/\/www.mydemenageur.com\/blog\/#website\"},\"primaryImageOfPage\":{\"@id\":\"https:\/\/www.mydemenageur.com\/blog\/mydemenageur-dans-la-quotidienne-sur-france-5\/#primaryimage\"},\"image\":{\"@id\":\"https:\/\/www.mydemenageur.com\/blog\/mydemenageur-dans-la-quotidienne-sur-france-5\/#primaryimage\"},\"thumbnailUrl\":\"https:\/\/www.mydemenageur.com\/blog\/wp-content\/uploads\/2014\/03\/Capture.jpg\",\"datePublished\":\"2014-03-21T16:14:31+00:00\",\"dateModified\":\"2021-08-27T07:41:10+00:00\",\"description\":\"On parle de MyDemenageur. Retrouvez le reportage diffus\u00e9 dans le magazine France 5 \\\"La Quotidienne\\\" de mars 2014.\",\"breadcrumb\":{\"@id\":\"https:\/\/www.mydemenageur.com\/blog\/mydemenageur-dans-la-quotidienne-sur-france-5\/#breadcrumb\"},\"inLanguage\":\"fr-FR\",\"potentialAction\":[{\"@type\":\"ReadAction\",\"target\":[\"https:\/\/www.mydemenageur.com\/blog\/mydemenageur-dans-la-quotidienne-sur-france-5\/\"]}]},{\"@type\":\"ImageObject\",\"inLanguage\":\"fr-FR\",\"@id\":\"https:\/\/www.mydemenageur.com\/blog\/mydemenageur-dans-la-quotidienne-sur-france-5\/#primaryimage\",\"url\":\"https:\/\/www.mydemenageur.com\/blog\/wp-content\/uploads\/2014\/03\/Capture.jpg\",\"contentUrl\":\"https:\/\/www.mydemenageur.com\/blog\/wp-content\/uploads\/2014\/03\/Capture.jpg\",\"width\":558,\"height\":314,\"caption\":\"MyDemenageur sur France 5 dans La Quotidienne\"},{\"@type\":\"BreadcrumbList\",\"@id\":\"https:\/\/www.mydemenageur.com\/blog\/mydemenageur-dans-la-quotidienne-sur-france-5\/#breadcrumb\",\"itemListElement\":[{\"@type\":\"ListItem\",\"position\":1,\"name\":\"Accueil\",\"item\":\"https:\/\/www.mydemenageur.com\/blog\/\"},{\"@type\":\"ListItem\",\"position\":2,\"name\":\"MyDemenageur\",\"item\":\"https:\/\/www.mydemenageur.com\/blog\/categorie\/demenagement\/\"},{\"@type\":\"ListItem\",\"position\":3,\"name\":\"MyDemenageur dans La Quotidienne sur France 5\"}]},{\"@type\":\"WebSite\",\"@id\":\"https:\/\/www.mydemenageur.com\/blog\/#website\",\"url\":\"https:\/\/www.mydemenageur.com\/blog\/\",\"name\":\"MyDemenageur\",\"description\":\"Conseils d\u00e9m\u00e9ngement entre particuliers et d\u00e9m\u00e9nagement professionnel\",\"publisher\":{\"@id\":\"https:\/\/www.mydemenageur.com\/blog\/#organization\"},\"potentialAction\":[{\"@type\":\"SearchAction\",\"target\":{\"@type\":\"EntryPoint\",\"urlTemplate\":\"https:\/\/www.mydemenageur.com\/blog\/?s={search_term_string}\"},\"query-input\":{\"@type\":\"PropertyValueSpecification\",\"valueRequired\":true,\"valueName\":\"search_term_string\"}}],\"inLanguage\":\"fr-FR\"},{\"@type\":\"Organization\",\"@id\":\"https:\/\/www.mydemenageur.com\/blog\/#organization\",\"name\":\"MyDemenageur.com\",\"url\":\"https:\/\/www.mydemenageur.com\/blog\/\",\"logo\":{\"@type\":\"ImageObject\",\"inLanguage\":\"fr-FR\",\"@id\":\"https:\/\/www.mydemenageur.com\/blog\/#\/schema\/logo\/image\/\",\"url\":\"https:\/\/www.mydemenageur.com\/blog\/wp-content\/uploads\/2022\/05\/MyDemenageur_Symbol.jpg\",\"contentUrl\":\"https:\/\/www.mydemenageur.com\/blog\/wp-content\/uploads\/2022\/05\/MyDemenageur_Symbol.jpg\",\"width\":878,\"height\":877,\"caption\":\"MyDemenageur.com\"},\"image\":{\"@id\":\"https:\/\/www.mydemenageur.com\/blog\/#\/schema\/logo\/image\/\"},\"sameAs\":[\"https:\/\/www.facebook.com\/mydemenageur\",\"https:\/\/x.com\/mydemenageur\",\"https:\/\/www.pinterest.fr\/mydemenageur\/\"]},{\"@type\":\"Person\",\"@id\":\"https:\/\/www.mydemenageur.com\/blog\/#\/schema\/person\/4540dc333c2e7dc790f0f7bcd5b99569\",\"name\":\"Mathilde\",\"image\":{\"@type\":\"ImageObject\",\"inLanguage\":\"fr-FR\",\"@id\":\"https:\/\/www.mydemenageur.com\/blog\/#\/schema\/person\/image\/\",\"url\":\"https:\/\/secure.gravatar.com\/avatar\/abde069f6f70261ee6ecea93e0437d77?s=96&#038;r=g\",\"contentUrl\":\"https:\/\/secure.gravatar.com\/avatar\/abde069f6f70261ee6ecea93e0437d77?s=96&#038;r=g\",\"caption\":\"Mathilde\"},\"description\":\"L'harmonie des couleurs et des objets m'a toujours fascin\u00e9e, transformant chaque pi\u00e8ce en un lieu unique et agr\u00e9able \u00e0 vivre. Sur MyDemenageur, vous trouverez non seulement des inspirations personnelles, mais aussi des informations r\u00e9centes sur le monde de la d\u00e9coration, les projets de maison, le d\u00e9m\u00e9nagement et les travaux.\",\"url\":\"https:\/\/www.mydemenageur.com\/blog\/author\/mathilde\/\"}]}<\/script>\n<!-- \/ Yoast SEO Premium plugin. -->","yoast_head_json":{"title":"MyDemenageur dans La Quotidienne sur France 5","description":"On parle de MyDemenageur. Retrouvez le reportage diffus\u00e9 dans le magazine France 5 \"La Quotidienne\" de mars 2014.","robots":{"index":"index","follow":"follow","max-snippet":"max-snippet:-1","max-image-preview":"max-image-preview:large","max-video-preview":"max-video-preview:-1"},"canonical":"https:\/\/www.mydemenageur.com\/blog\/mydemenageur-dans-la-quotidienne-sur-france-5\/","og_locale":"fr_FR","og_type":"article","og_title":"MyDemenageur dans La Quotidienne sur France 5","og_description":"On parle de MyDemenageur. Retrouvez le reportage diffus\u00e9 dans le magazine France 5 \"La Quotidienne\" de mars 2014.","og_url":"https:\/\/www.mydemenageur.com\/blog\/mydemenageur-dans-la-quotidienne-sur-france-5\/","og_site_name":"MyDemenageur","article_publisher":"https:\/\/www.facebook.com\/mydemenageur","article_published_time":"2014-03-21T16:14:31+00:00","article_modified_time":"2021-08-27T07:41:10+00:00","og_image":[{"width":558,"height":314,"url":"https:\/\/www.mydemenageur.com\/blog\/wp-content\/uploads\/2014\/03\/Capture.jpg","type":"image\/jpeg"}],"author":"Mathilde","twitter_card":"summary_large_image","twitter_creator":"@mydemenageur","twitter_site":"@mydemenageur","twitter_misc":{"\u00c9crit par":"Mathilde"},"schema":{"@context":"https:\/\/schema.org","@graph":[{"@type":"Article","@id":"https:\/\/www.mydemenageur.com\/blog\/mydemenageur-dans-la-quotidienne-sur-france-5\/#article","isPartOf":{"@id":"https:\/\/www.mydemenageur.com\/blog\/mydemenageur-dans-la-quotidienne-sur-france-5\/"},"author":{"name":"Mathilde","@id":"https:\/\/www.mydemenageur.com\/blog\/#\/schema\/person\/4540dc333c2e7dc790f0f7bcd5b99569"},"headline":"MyDemenageur dans La Quotidienne sur France 5","datePublished":"2014-03-21T16:14:31+00:00","dateModified":"2021-08-27T07:41:10+00:00","mainEntityOfPage":{"@id":"https:\/\/www.mydemenageur.com\/blog\/mydemenageur-dans-la-quotidienne-sur-france-5\/"},"wordCount":55,"commentCount":0,"publisher":{"@id":"https:\/\/www.mydemenageur.com\/blog\/#organization"},"image":{"@id":"https:\/\/www.mydemenageur.com\/blog\/mydemenageur-dans-la-quotidienne-sur-france-5\/#primaryimage"},"thumbnailUrl":"https:\/\/www.mydemenageur.com\/blog\/wp-content\/uploads\/2014\/03\/Capture.jpg","keywords":["Presse"],"articleSection":["MyDemenageur"],"inLanguage":"fr-FR","potentialAction":[{"@type":"CommentAction","name":"Comment","target":["https:\/\/www.mydemenageur.com\/blog\/mydemenageur-dans-la-quotidienne-sur-france-5\/#respond"]}]},{"@type":"WebPage","@id":"https:\/\/www.mydemenageur.com\/blog\/mydemenageur-dans-la-quotidienne-sur-france-5\/","url":"https:\/\/www.mydemenageur.com\/blog\/mydemenageur-dans-la-quotidienne-sur-france-5\/","name":"MyDemenageur dans La Quotidienne sur France 5","isPartOf":{"@id":"https:\/\/www.mydemenageur.com\/blog\/#website"},"primaryImageOfPage":{"@id":"https:\/\/www.mydemenageur.com\/blog\/mydemenageur-dans-la-quotidienne-sur-france-5\/#primaryimage"},"image":{"@id":"https:\/\/www.mydemenageur.com\/blog\/mydemenageur-dans-la-quotidienne-sur-france-5\/#primaryimage"},"thumbnailUrl":"https:\/\/www.mydemenageur.com\/blog\/wp-content\/uploads\/2014\/03\/Capture.jpg","datePublished":"2014-03-21T16:14:31+00:00","dateModified":"2021-08-27T07:41:10+00:00","description":"On parle de MyDemenageur. Retrouvez le reportage diffus\u00e9 dans le magazine France 5 \"La Quotidienne\" de mars 2014.","breadcrumb":{"@id":"https:\/\/www.mydemenageur.com\/blog\/mydemenageur-dans-la-quotidienne-sur-france-5\/#breadcrumb"},"inLanguage":"fr-FR","potentialAction":[{"@type":"ReadAction","target":["https:\/\/www.mydemenageur.com\/blog\/mydemenageur-dans-la-quotidienne-sur-france-5\/"]}]},{"@type":"ImageObject","inLanguage":"fr-FR","@id":"https:\/\/www.mydemenageur.com\/blog\/mydemenageur-dans-la-quotidienne-sur-france-5\/#primaryimage","url":"https:\/\/www.mydemenageur.com\/blog\/wp-content\/uploads\/2014\/03\/Capture.jpg","contentUrl":"https:\/\/www.mydemenageur.com\/blog\/wp-content\/uploads\/2014\/03\/Capture.jpg","width":558,"height":314,"caption":"MyDemenageur sur France 5 dans La Quotidienne"},{"@type":"BreadcrumbList","@id":"https:\/\/www.mydemenageur.com\/blog\/mydemenageur-dans-la-quotidienne-sur-france-5\/#breadcrumb","itemListElement":[{"@type":"ListItem","position":1,"name":"Accueil","item":"https:\/\/www.mydemenageur.com\/blog\/"},{"@type":"ListItem","position":2,"name":"MyDemenageur","item":"https:\/\/www.mydemenageur.com\/blog\/categorie\/demenagement\/"},{"@type":"ListItem","position":3,"name":"MyDemenageur dans La Quotidienne sur France 5"}]},{"@type":"WebSite","@id":"https:\/\/www.mydemenageur.com\/blog\/#website","url":"https:\/\/www.mydemenageur.com\/blog\/","name":"MyDemenageur","description":"Conseils d\u00e9m\u00e9ngement entre particuliers et d\u00e9m\u00e9nagement professionnel","publisher":{"@id":"https:\/\/www.mydemenageur.com\/blog\/#organization"},"potentialAction":[{"@type":"SearchAction","target":{"@type":"EntryPoint","urlTemplate":"https:\/\/www.mydemenageur.com\/blog\/?s={search_term_string}"},"query-input":{"@type":"PropertyValueSpecification","valueRequired":true,"valueName":"search_term_string"}}],"inLanguage":"fr-FR"},{"@type":"Organization","@id":"https:\/\/www.mydemenageur.com\/blog\/#organization","name":"MyDemenageur.com","url":"https:\/\/www.mydemenageur.com\/blog\/","logo":{"@type":"ImageObject","inLanguage":"fr-FR","@id":"https:\/\/www.mydemenageur.com\/blog\/#\/schema\/logo\/image\/","url":"https:\/\/www.mydemenageur.com\/blog\/wp-content\/uploads\/2022\/05\/MyDemenageur_Symbol.jpg","contentUrl":"https:\/\/www.mydemenageur.com\/blog\/wp-content\/uploads\/2022\/05\/MyDemenageur_Symbol.jpg","width":878,"height":877,"caption":"MyDemenageur.com"},"image":{"@id":"https:\/\/www.mydemenageur.com\/blog\/#\/schema\/logo\/image\/"},"sameAs":["https:\/\/www.facebook.com\/mydemenageur","https:\/\/x.com\/mydemenageur","https:\/\/www.pinterest.fr\/mydemenageur\/"]},{"@type":"Person","@id":"https:\/\/www.mydemenageur.com\/blog\/#\/schema\/person\/4540dc333c2e7dc790f0f7bcd5b99569","name":"Mathilde","image":{"@type":"ImageObject","inLanguage":"fr-FR","@id":"https:\/\/www.mydemenageur.com\/blog\/#\/schema\/person\/image\/","url":"https:\/\/secure.gravatar.com\/avatar\/abde069f6f70261ee6ecea93e0437d77?s=96&#038;r=g","contentUrl":"https:\/\/secure.gravatar.com\/avatar\/abde069f6f70261ee6ecea93e0437d77?s=96&#038;r=g","caption":"Mathilde"},"description":"L'harmonie des couleurs et des objets m'a toujours fascin\u00e9e, transformant chaque pi\u00e8ce en un lieu unique et agr\u00e9able \u00e0 vivre. Sur MyDemenageur, vous trouverez non seulement des inspirations personnelles, mais aussi des informations r\u00e9centes sur le monde de la d\u00e9coration, les projets de maison, le d\u00e9m\u00e9nagement et les travaux.","url":"https:\/\/www.mydemenageur.com\/blog\/author\/mathilde\/"}]}},"modified_by":"fabien","_links":{"self":[{"href":"https:\/\/www.mydemenageur.com\/blog\/wp-json\/wp\/v2\/posts\/153"}],"collection":[{"href":"https:\/\/www.mydemenageur.com\/blog\/wp-json\/wp\/v2\/posts"}],"about":[{"href":"https:\/\/www.mydemenageur.com\/blog\/wp-json\/wp\/v2\/types\/post"}],"author":[{"embeddable":true,"href":"https:\/\/www.mydemenageur.com\/blog\/wp-json\/wp\/v2\/users\/11"}],"replies":[{"embeddable":true,"href":"https:\/\/www.mydemenageur.com\/blog\/wp-json\/wp\/v2\/comments?post=153"}],"version-history":[{"count":0,"href":"https:\/\/www.mydemenageur.com\/blog\/wp-json\/wp\/v2\/posts\/153\/revisions"}],"wp:featuredmedia":[{"embeddable":true,"href":"https:\/\/www.mydemenageur.com\/blog\/wp-json\/wp\/v2\/media\/158"}],"wp:attachment":[{"href":"https:\/\/www.mydemenageur.com\/blog\/wp-json\/wp\/v2\/media?parent=153"}],"wp:term":[{"taxonomy":"category","embeddable":true,"href":"https:\/\/www.mydemenageur.com\/blog\/wp-json\/wp\/v2\/categories?post=153"},{"taxonomy":"post_tag","embeddable":true,"href":"https:\/\/www.mydemenageur.com\/blog\/wp-json\/wp\/v2\/tags?post=153"}],"curies":[{"name":"wp","href":"https:\/\/api.w.org\/{rel}","templated":true}]}}