{"id":1589,"date":"2020-03-20T17:58:33","date_gmt":"2020-03-20T17:58:33","guid":{"rendered":"https:\/\/www.mydemenageur.com\/blog\/?p=1589"},"modified":"2024-09-15T02:20:45","modified_gmt":"2024-09-15T00:20:45","slug":"coronavirus-et-demenagement-est-il-encore-possible-de-demenager","status":"publish","type":"post","link":"https:\/\/www.mydemenageur.com\/blog\/coronavirus-et-demenagement-est-il-encore-possible-de-demenager\/","title":{"rendered":"Coronavirus et d\u00e9m\u00e9nagement : est-il encore possible de d\u00e9m\u00e9nager ?"},"content":{"rendered":"<p>Mars 2020. <strong>La France conna\u00eet actuellement une crise sanitaire<\/strong> des plus importantes. Afin de lutter contre la propagation du virus Covid-19 (coronavirus), de nombreuses <a href=\"\/blog\/demarches-autorisations\/\">mesures<\/a> ont \u00e9t\u00e9 prises et parmi elles, le confinement de toute personne. Mais alors que ces restrictions de grandes ampleurs chamboulent notre quotidien, certaines questions restent en suspens, et parmi elles, celle des d\u00e9m\u00e9nagements.<\/p>\n<div class=\"btn-wrapper\"><a class=\"btn\" href=\"https:\/\/www.mydemenageur.com\/blog\/devis\/?utm_source=blog&amp;utm_medium=content&amp;utm_campaign=cta_in_post&amp;utm_content=devis_1_heure\" type=\"button\">Demander un devis de d\u00e9m\u00e9nagement ou de l&rsquo;aide<\/a><\/div>\n<p><!--more--><br \/>\nLes d\u00e9m\u00e9nagements ne se d\u00e9cident jamais \u00e0 la derni\u00e8re minute, et bon nombre d&rsquo;individus se retrouvent d\u00e9sempar\u00e9s face \u00e0 la situation. Les d\u00e9m\u00e9nagements, sont-ils autoris\u00e9s par le gouvernement ? Y a-t-il des <strong>gestes \u00ab\u00a0barri\u00e8res\u00a0\u00bb \u00e0 respecter<\/strong> ou d\u2019\u00e9ventuelles conditions levant les interdictions ? Afin de r\u00e9pondre \u00e0 ces interrogations, nous allons tenter, dans ces quelques lignes \u00e0 venir, de vous apporter toutes les informations n\u00e9cessaires.<\/p>\n<p><img decoding=\"async\" class=\"size-full wp-image-856 aligncenter\" src=\"https:\/\/www.mydemenageur.com\/blog\/wp-content\/uploads\/2018\/03\/demenageurs-professionnels-thumb.jpg\" alt=\"demenageurs pro\" width=\"330\" height=\"330\" srcset=\"https:\/\/www.mydemenageur.com\/blog\/wp-content\/uploads\/2018\/03\/demenageurs-professionnels-thumb.jpg 330w, https:\/\/www.mydemenageur.com\/blog\/wp-content\/uploads\/2018\/03\/demenageurs-professionnels-thumb-300x300.jpg 300w, https:\/\/www.mydemenageur.com\/blog\/wp-content\/uploads\/2018\/03\/demenageurs-professionnels-thumb-150x150.jpg 150w\" sizes=\"(max-width: 330px) 100vw, 330px\" \/><\/p>\n<div id=\"ez-toc-container\" class=\"ez-toc-v2_0_82_2 counter-hierarchy ez-toc-counter ez-toc-custom ez-toc-container-direction\">\n<div class=\"ez-toc-title-container\">\n<p class=\"ez-toc-title\" style=\"cursor:inherit\">Ce que vous allez apprendre<\/p>\n<span class=\"ez-toc-title-toggle\"><\/span><\/div>\n<nav><ul class='ez-toc-list ez-toc-list-level-1 ' ><li class='ez-toc-page-1 ez-toc-heading-level-2'><a class=\"ez-toc-link ez-toc-heading-1\" href=\"https:\/\/www.mydemenageur.com\/blog\/coronavirus-et-demenagement-est-il-encore-possible-de-demenager\/#coronavirus-%e2%80%93-peut-on-demenager-durant-le-confinement\" >Coronavirus &#8211; Peut-on d\u00e9m\u00e9nager durant le confinement ?<\/a><\/li><li class='ez-toc-page-1 ez-toc-heading-level-2'><a class=\"ez-toc-link ez-toc-heading-2\" href=\"https:\/\/www.mydemenageur.com\/blog\/coronavirus-et-demenagement-est-il-encore-possible-de-demenager\/#lattestation-de-deplacement-est-elle-obligatoire\" >L&rsquo;attestation de d\u00e9placement, est-elle obligatoire ?<\/a><\/li><li class='ez-toc-page-1 ez-toc-heading-level-2'><a class=\"ez-toc-link ez-toc-heading-3\" href=\"https:\/\/www.mydemenageur.com\/blog\/coronavirus-et-demenagement-est-il-encore-possible-de-demenager\/#quelles-sont-les-protections-a-respecter-en-cas-de-demenagement\" >Quelles sont les protections \u00e0 respecter en cas de d\u00e9m\u00e9nagement ?<\/a><\/li><\/ul><\/nav><\/div>\n<h2><span class=\"ez-toc-section\" id=\"coronavirus-%e2%80%93-peut-on-demenager-durant-le-confinement\"><\/span>Coronavirus &#8211; Peut-on d\u00e9m\u00e9nager durant le confinement ?<span class=\"ez-toc-section-end\"><\/span><\/h2>\n<p>Si les choses peuvent encore changer, aujourd&rsquo;hui<strong> oui, il est autoris\u00e9 de d\u00e9m\u00e9nager<\/strong>. Cependant, cela se limite \u00e0 des conditions particuli\u00e8res et \u00e0 des besoins stricts. Le minist\u00e8re le pr\u00e9cise, \u00ab\u00a0<i>les d\u00e9m\u00e9nagements doivent \u00eatre limit\u00e9s aux besoins stricts, par exemple, en cas de fin de bail<\/i>\u00ab\u00a0. Auquel cas, le locataire, soumis \u00e0 une date butoir pour quitter son logement, se verra dans l&rsquo;obligation de changer de domicile et donc \u00ab\u00a0d&rsquo;enfreindre\u00a0\u00bb les limitations de d\u00e9placement.<\/p>\n<p>Concernant les autres cas de figure, il est scrupuleusement indiqu\u00e9 que toute date de d\u00e9part planifi\u00e9e avec le propri\u00e9taire ou avec les futurs acqu\u00e9reurs de votre logement doit \u00eatre report\u00e9e. <strong>La quarantaine repr\u00e9sente \u00ab\u00a0un cas de force majeure\u00a0\u00bb<\/strong> et permet donc de reconduire l&rsquo;\u00e9tat des lieux aupr\u00e8s de votre bailleur ou de l&rsquo;agence immobili\u00e8re, et ce, sans aucune p\u00e9nalit\u00e9.<br \/>\nEn cas de vente ou d&rsquo;achat immobilier, bien qu&rsquo;aucune directive stricte n&rsquo;ait \u00e9t\u00e9 donn\u00e9e, il semble \u00eatre de bon sens que de reporter \u00e9galement les dates de signature de contrat, ainsi que celle de prise de possession.<\/p>\n<p>Concernant les situations dans lesquelles les particuliers se verraient \u00eatre dans l&rsquo;obligation de r\u00e9gler deux loyers dans le m\u00eame temps, il est conseill\u00e9 d&rsquo;<strong>\u00e9tablir un accord \u00e0 l&rsquo;amiable entre les diff\u00e9rentes parties<\/strong>, la situation actuelle n&rsquo;\u00e9tant pas propice au respect des r\u00e9glementations habituelles.<br \/>\nN&rsquo;oublions pas que dans le contexte pr\u00e9sent,<strong> il est vivement recommand\u00e9 de diff\u00e9rer la date de sortie ou d&rsquo;entr\u00e9e dans un lieu<\/strong> en accord avec le\/les propri\u00e9taires.<br \/>\n<img decoding=\"async\" class=\"wp-image-1590 aligncenter\" src=\"https:\/\/www.mydemenageur.com\/blog\/wp-content\/uploads\/2020\/03\/cover-r4x3w1000-5e5fc2725e88b-f23d9e36f6e0c38d2b1121a43e44b24d6c3f56bf-jpg.jpg\" alt=\"Coronavirus et d\u00e9m\u00e9nagement : est-il encore possible de d\u00e9m\u00e9nager ? \" width=\"442\" height=\"331\" srcset=\"https:\/\/www.mydemenageur.com\/blog\/wp-content\/uploads\/2020\/03\/cover-r4x3w1000-5e5fc2725e88b-f23d9e36f6e0c38d2b1121a43e44b24d6c3f56bf-jpg.jpg 680w, https:\/\/www.mydemenageur.com\/blog\/wp-content\/uploads\/2020\/03\/cover-r4x3w1000-5e5fc2725e88b-f23d9e36f6e0c38d2b1121a43e44b24d6c3f56bf-jpg-300x225.jpg 300w\" sizes=\"(max-width: 442px) 100vw, 442px\" \/><\/p>\n<h2><span class=\"ez-toc-section\" id=\"lattestation-de-deplacement-est-elle-obligatoire\"><\/span>L&rsquo;attestation de d\u00e9placement, est-elle obligatoire ?<span class=\"ez-toc-section-end\"><\/span><\/h2>\n<p>Oui, <strong>cette attestation doit \u00eatre en votre possession<\/strong> pour tout d\u00e9placement. Les d\u00e9m\u00e9nagements ne d\u00e9rogent alors pas \u00e0 la r\u00e8gle. Afin de respecter les directives, il vous sera demand\u00e9 de vous munir de cette attestation coch\u00e9e \u00e0 la case des d\u00e9placements imp\u00e9ratifs. \u00c9galement, et dans le but de justifier votre circulation, accompagnez cette derni\u00e8re d&rsquo;<strong>une preuve de la date de fin de bail<\/strong>, voire, d&rsquo;une attestation sur l&rsquo;honneur suppl\u00e9mentaire indiquant la raison de votre pr\u00e9sence, \u00e0 savoir votre d\u00e9m\u00e9nagement, sans omettre de pr\u00e9ciser l&rsquo;adresse de votre ancien logement, ainsi que celle de votre future habitation.<\/p>\n<p>En cas de manquement \u00e0 la r\u00e8gle ou de non-pr\u00e9sentation de ces documents, toute personne sera sanctionn\u00e9e par <strong>une amende de 135\u20ac<\/strong> (major\u00e9e \u00e0 375\u20ac).<\/p>\n<h2><span class=\"ez-toc-section\" id=\"quelles-sont-les-protections-a-respecter-en-cas-de-demenagement\"><\/span>Quelles sont les protections \u00e0 respecter en cas de d\u00e9m\u00e9nagement ?<span class=\"ez-toc-section-end\"><\/span><\/h2>\n<p>Vous n&rsquo;avez d&rsquo;autres solutions que de d\u00e9m\u00e9nager malgr\u00e9 les mesures de confinement ? Dans ce cas, il vous faudra <strong>respecter les gestes barri\u00e8res pour vous\u00a0<\/strong><span style=\"color: #000000;\"><span style=\"caret-color: #000000;\"><b>prot\u00e9ger du Coronavirus<\/b><\/span><\/span>, et pour cela, rappelons ces derni\u00e8res :<\/p>\n<ul>\n<li><strong>Lavez-vous les mains<\/strong> autant que possible \u00e0 l&rsquo;eau et au savon ou, \u00e0 d\u00e9faut, au gel hydroalcoolique ;<\/li>\n<li><strong>Toussez ou<\/strong> <strong>\u00e9ternuez dans votre coude<\/strong> de fa\u00e7on \u00e0 couvrir votre nez et votre bouche ;<\/li>\n<li><strong>\u00c9vitez de vous toucher le visage<\/strong>, en particulier le nez et la bouche ;<\/li>\n<li><strong>Mouchez-vous dans un mouchoir<\/strong> \u00e0 usage unique ;<\/li>\n<li><strong>Gardez vos distances<\/strong> avec tout autre individu en respectant un espace d&rsquo;un m\u00e8tre au minimum.<\/li>\n<\/ul>\n<p><img decoding=\"async\" class=\"wp-image-1591 aligncenter\" src=\"https:\/\/www.mydemenageur.com\/blog\/wp-content\/uploads\/2020\/03\/corona-header-vers-gov.jpg\" alt=\"Gestes barri\u00e8re Covid-19\" width=\"525\" height=\"251\" srcset=\"https:\/\/www.mydemenageur.com\/blog\/wp-content\/uploads\/2020\/03\/corona-header-vers-gov.jpg 680w, https:\/\/www.mydemenageur.com\/blog\/wp-content\/uploads\/2020\/03\/corona-header-vers-gov-300x143.jpg 300w\" sizes=\"(max-width: 525px) 100vw, 525px\" \/><br \/>\nBien \u00e9videmment, la mesure principale \u00e9tant de <strong>rester chez soi<\/strong>, il semble compliqu\u00e9 de respecter celle-ci dans les conditions d&rsquo;un d\u00e9m\u00e9nagement. De plus, et dans un souci de respecter au maximum les mesures actuelles, il est pr\u00e9f\u00e9rable d&rsquo;entreprendre le d\u00e9m\u00e9nagement de fa\u00e7on autonome (les rassemblements familiaux ou amicaux \u00e9tant interdits), et de porter des gants.<br \/>\nRappelons que les mesures provisoires peuvent \u00eatre durcies dans les semaines \u00e0 venir, et qu&rsquo;<strong>en raison de l&rsquo;\u00e9pid\u00e9mie de coronavirus<\/strong>, la tr\u00eave hivernale est repouss\u00e9e au 31 mai 2020, celle-ci emp\u00eachant les expulsions locatives.<\/p>\n<p><strong><em>Vos projets demeurent \u2026. Ils ne sont que report\u00e9s \u2026<\/em><\/strong><\/p>\n<p>Si vous planifiez un projet de d\u00e9m\u00e9nagement <strong>dans les prochains mois<\/strong>, n\u2019h\u00e9sitez pas \u00e0 demander <a href=\"https:\/\/www.mydemenageur.com\/formules\/inscription-prestataire\">un devis sur notre site avec les gros bras.<\/a><\/p>\n<p>Cela vous permettra de <strong>planifier votre d\u00e9m\u00e9nagement en amont<\/strong>. Si vous \u00eates fragilis\u00e9es essay\u00e9 notre solution My-jugaad.eu<\/p>\n","protected":false},"excerpt":{"rendered":"<p>Mars 2020. La France conna\u00eet actuellement une crise sanitaire des plus importantes. Afin de lutter contre la propagation du virus<\/p>\n","protected":false},"author":11,"featured_media":21703,"comment_status":"closed","ping_status":"closed","sticky":false,"template":"","format":"standard","meta":{"_lmt_disableupdate":"no","_lmt_disable":"no","footnotes":""},"categories":[105],"tags":[],"yoast_head":"<!-- This site is optimized with the Yoast SEO Premium plugin v24.2 (Yoast SEO v24.5) - https:\/\/yoast.com\/wordpress\/plugins\/seo\/ -->\n<title>Coronavirus et d\u00e9m\u00e9nagement : est-il encore possible de d\u00e9m\u00e9nager ?<\/title>\n<meta name=\"description\" content=\"Peut-on d\u00e9m\u00e9nager durant le confinement du au coronavirus ? Si les choses peuvent encore changer, aujourd&#039;hui oui, il est autoris\u00e9 de d\u00e9m\u00e9nager. Cependant..\" \/>\n<meta name=\"robots\" content=\"index, follow, max-snippet:-1, max-image-preview:large, max-video-preview:-1\" \/>\n<link rel=\"canonical\" href=\"https:\/\/www.mydemenageur.com\/blog\/coronavirus-et-demenagement-est-il-encore-possible-de-demenager\/\" \/>\n<meta property=\"og:locale\" content=\"fr_FR\" \/>\n<meta property=\"og:type\" content=\"article\" \/>\n<meta property=\"og:title\" content=\"Coronavirus et d\u00e9m\u00e9nagement : est-il encore possible de d\u00e9m\u00e9nager ?\" \/>\n<meta property=\"og:description\" content=\"Peut-on d\u00e9m\u00e9nager durant le confinement du au coronavirus ? Si les choses peuvent encore changer, aujourd&#039;hui oui, il est autoris\u00e9 de d\u00e9m\u00e9nager. Cependant..\" \/>\n<meta property=\"og:url\" content=\"https:\/\/www.mydemenageur.com\/blog\/coronavirus-et-demenagement-est-il-encore-possible-de-demenager\/\" \/>\n<meta property=\"og:site_name\" content=\"MyDemenageur\" \/>\n<meta property=\"article:publisher\" content=\"https:\/\/www.facebook.com\/mydemenageur\" \/>\n<meta property=\"article:published_time\" content=\"2020-03-20T17:58:33+00:00\" \/>\n<meta property=\"article:modified_time\" content=\"2024-09-15T00:20:45+00:00\" \/>\n<meta property=\"og:image\" content=\"https:\/\/www.mydemenageur.com\/blog\/wp-content\/uploads\/2020\/03\/coronavirus-et-demenagement-est-il-encore-possible-de-demenager.jpeg\" \/>\n\t<meta property=\"og:image:width\" content=\"1000\" \/>\n\t<meta property=\"og:image:height\" content=\"666\" \/>\n\t<meta property=\"og:image:type\" content=\"image\/jpeg\" \/>\n<meta name=\"author\" content=\"Mathilde\" \/>\n<meta name=\"twitter:card\" content=\"summary_large_image\" \/>\n<meta name=\"twitter:creator\" content=\"@mydemenageur\" \/>\n<meta name=\"twitter:site\" content=\"@mydemenageur\" \/>\n<meta name=\"twitter:label1\" content=\"\u00c9crit par\" \/>\n\t<meta name=\"twitter:data1\" content=\"Mathilde\" \/>\n\t<meta name=\"twitter:label2\" content=\"Dur\u00e9e de lecture estim\u00e9e\" \/>\n\t<meta name=\"twitter:data2\" content=\"5 minutes\" \/>\n<script type=\"application\/ld+json\" class=\"yoast-schema-graph\">{\"@context\":\"https:\/\/schema.org\",\"@graph\":[{\"@type\":\"Article\",\"@id\":\"https:\/\/www.mydemenageur.com\/blog\/coronavirus-et-demenagement-est-il-encore-possible-de-demenager\/#article\",\"isPartOf\":{\"@id\":\"https:\/\/www.mydemenageur.com\/blog\/coronavirus-et-demenagement-est-il-encore-possible-de-demenager\/\"},\"author\":{\"name\":\"Mathilde\",\"@id\":\"https:\/\/www.mydemenageur.com\/blog\/#\/schema\/person\/4540dc333c2e7dc790f0f7bcd5b99569\"},\"headline\":\"Coronavirus et d\u00e9m\u00e9nagement : est-il encore possible de d\u00e9m\u00e9nager ?\",\"datePublished\":\"2020-03-20T17:58:33+00:00\",\"dateModified\":\"2024-09-15T00:20:45+00:00\",\"mainEntityOfPage\":{\"@id\":\"https:\/\/www.mydemenageur.com\/blog\/coronavirus-et-demenagement-est-il-encore-possible-de-demenager\/\"},\"wordCount\":861,\"publisher\":{\"@id\":\"https:\/\/www.mydemenageur.com\/blog\/#organization\"},\"image\":{\"@id\":\"https:\/\/www.mydemenageur.com\/blog\/coronavirus-et-demenagement-est-il-encore-possible-de-demenager\/#primaryimage\"},\"thumbnailUrl\":\"https:\/\/www.mydemenageur.com\/blog\/wp-content\/uploads\/2020\/03\/coronavirus-et-demenagement-est-il-encore-possible-de-demenager.jpeg\",\"articleSection\":[\"D\u00e9marches et autorisations\"],\"inLanguage\":\"fr-FR\"},{\"@type\":\"WebPage\",\"@id\":\"https:\/\/www.mydemenageur.com\/blog\/coronavirus-et-demenagement-est-il-encore-possible-de-demenager\/\",\"url\":\"https:\/\/www.mydemenageur.com\/blog\/coronavirus-et-demenagement-est-il-encore-possible-de-demenager\/\",\"name\":\"Coronavirus et d\u00e9m\u00e9nagement : est-il encore possible de d\u00e9m\u00e9nager ?\",\"isPartOf\":{\"@id\":\"https:\/\/www.mydemenageur.com\/blog\/#website\"},\"primaryImageOfPage\":{\"@id\":\"https:\/\/www.mydemenageur.com\/blog\/coronavirus-et-demenagement-est-il-encore-possible-de-demenager\/#primaryimage\"},\"image\":{\"@id\":\"https:\/\/www.mydemenageur.com\/blog\/coronavirus-et-demenagement-est-il-encore-possible-de-demenager\/#primaryimage\"},\"thumbnailUrl\":\"https:\/\/www.mydemenageur.com\/blog\/wp-content\/uploads\/2020\/03\/coronavirus-et-demenagement-est-il-encore-possible-de-demenager.jpeg\",\"datePublished\":\"2020-03-20T17:58:33+00:00\",\"dateModified\":\"2024-09-15T00:20:45+00:00\",\"description\":\"Peut-on d\u00e9m\u00e9nager durant le confinement du au coronavirus ? Si les choses peuvent encore changer, aujourd'hui oui, il est autoris\u00e9 de d\u00e9m\u00e9nager. Cependant..\",\"breadcrumb\":{\"@id\":\"https:\/\/www.mydemenageur.com\/blog\/coronavirus-et-demenagement-est-il-encore-possible-de-demenager\/#breadcrumb\"},\"inLanguage\":\"fr-FR\",\"potentialAction\":[{\"@type\":\"ReadAction\",\"target\":[\"https:\/\/www.mydemenageur.com\/blog\/coronavirus-et-demenagement-est-il-encore-possible-de-demenager\/\"]}]},{\"@type\":\"ImageObject\",\"inLanguage\":\"fr-FR\",\"@id\":\"https:\/\/www.mydemenageur.com\/blog\/coronavirus-et-demenagement-est-il-encore-possible-de-demenager\/#primaryimage\",\"url\":\"https:\/\/www.mydemenageur.com\/blog\/wp-content\/uploads\/2020\/03\/coronavirus-et-demenagement-est-il-encore-possible-de-demenager.jpeg\",\"contentUrl\":\"https:\/\/www.mydemenageur.com\/blog\/wp-content\/uploads\/2020\/03\/coronavirus-et-demenagement-est-il-encore-possible-de-demenager.jpeg\",\"width\":1000,\"height\":666,\"caption\":\"Coronavirus et d\u00e9m\u00e9nagement : est-il encore possible de d\u00e9m\u00e9nager ?\"},{\"@type\":\"BreadcrumbList\",\"@id\":\"https:\/\/www.mydemenageur.com\/blog\/coronavirus-et-demenagement-est-il-encore-possible-de-demenager\/#breadcrumb\",\"itemListElement\":[{\"@type\":\"ListItem\",\"position\":1,\"name\":\"Accueil\",\"item\":\"https:\/\/www.mydemenageur.com\/blog\/\"},{\"@type\":\"ListItem\",\"position\":2,\"name\":\"D\u00e9marches et autorisations\",\"item\":\"https:\/\/www.mydemenageur.com\/blog\/categorie\/demarches\/\"},{\"@type\":\"ListItem\",\"position\":3,\"name\":\"Coronavirus et d\u00e9m\u00e9nagement : est-il encore possible de d\u00e9m\u00e9nager ?\"}]},{\"@type\":\"WebSite\",\"@id\":\"https:\/\/www.mydemenageur.com\/blog\/#website\",\"url\":\"https:\/\/www.mydemenageur.com\/blog\/\",\"name\":\"MyDemenageur\",\"description\":\"Conseils d\u00e9m\u00e9ngement entre particuliers et d\u00e9m\u00e9nagement professionnel\",\"publisher\":{\"@id\":\"https:\/\/www.mydemenageur.com\/blog\/#organization\"},\"potentialAction\":[{\"@type\":\"SearchAction\",\"target\":{\"@type\":\"EntryPoint\",\"urlTemplate\":\"https:\/\/www.mydemenageur.com\/blog\/?s={search_term_string}\"},\"query-input\":{\"@type\":\"PropertyValueSpecification\",\"valueRequired\":true,\"valueName\":\"search_term_string\"}}],\"inLanguage\":\"fr-FR\"},{\"@type\":\"Organization\",\"@id\":\"https:\/\/www.mydemenageur.com\/blog\/#organization\",\"name\":\"MyDemenageur.com\",\"url\":\"https:\/\/www.mydemenageur.com\/blog\/\",\"logo\":{\"@type\":\"ImageObject\",\"inLanguage\":\"fr-FR\",\"@id\":\"https:\/\/www.mydemenageur.com\/blog\/#\/schema\/logo\/image\/\",\"url\":\"https:\/\/www.mydemenageur.com\/blog\/wp-content\/uploads\/2022\/05\/MyDemenageur_Symbol.jpg\",\"contentUrl\":\"https:\/\/www.mydemenageur.com\/blog\/wp-content\/uploads\/2022\/05\/MyDemenageur_Symbol.jpg\",\"width\":878,\"height\":877,\"caption\":\"MyDemenageur.com\"},\"image\":{\"@id\":\"https:\/\/www.mydemenageur.com\/blog\/#\/schema\/logo\/image\/\"},\"sameAs\":[\"https:\/\/www.facebook.com\/mydemenageur\",\"https:\/\/x.com\/mydemenageur\",\"https:\/\/www.pinterest.fr\/mydemenageur\/\"]},{\"@type\":\"Person\",\"@id\":\"https:\/\/www.mydemenageur.com\/blog\/#\/schema\/person\/4540dc333c2e7dc790f0f7bcd5b99569\",\"name\":\"Mathilde\",\"image\":{\"@type\":\"ImageObject\",\"inLanguage\":\"fr-FR\",\"@id\":\"https:\/\/www.mydemenageur.com\/blog\/#\/schema\/person\/image\/\",\"url\":\"https:\/\/secure.gravatar.com\/avatar\/abde069f6f70261ee6ecea93e0437d77?s=96&#038;r=g\",\"contentUrl\":\"https:\/\/secure.gravatar.com\/avatar\/abde069f6f70261ee6ecea93e0437d77?s=96&#038;r=g\",\"caption\":\"Mathilde\"},\"description\":\"L'harmonie des couleurs et des objets m'a toujours fascin\u00e9e, transformant chaque pi\u00e8ce en un lieu unique et agr\u00e9able \u00e0 vivre. Sur MyDemenageur, vous trouverez non seulement des inspirations personnelles, mais aussi des informations r\u00e9centes sur le monde de la d\u00e9coration, les projets de maison, le d\u00e9m\u00e9nagement et les travaux.\",\"url\":\"https:\/\/www.mydemenageur.com\/blog\/author\/mathilde\/\"}]}<\/script>\n<!-- \/ Yoast SEO Premium plugin. -->","yoast_head_json":{"title":"Coronavirus et d\u00e9m\u00e9nagement : est-il encore possible de d\u00e9m\u00e9nager ?","description":"Peut-on d\u00e9m\u00e9nager durant le confinement du au coronavirus ? Si les choses peuvent encore changer, aujourd'hui oui, il est autoris\u00e9 de d\u00e9m\u00e9nager. Cependant..","robots":{"index":"index","follow":"follow","max-snippet":"max-snippet:-1","max-image-preview":"max-image-preview:large","max-video-preview":"max-video-preview:-1"},"canonical":"https:\/\/www.mydemenageur.com\/blog\/coronavirus-et-demenagement-est-il-encore-possible-de-demenager\/","og_locale":"fr_FR","og_type":"article","og_title":"Coronavirus et d\u00e9m\u00e9nagement : est-il encore possible de d\u00e9m\u00e9nager ?","og_description":"Peut-on d\u00e9m\u00e9nager durant le confinement du au coronavirus ? Si les choses peuvent encore changer, aujourd'hui oui, il est autoris\u00e9 de d\u00e9m\u00e9nager. Cependant..","og_url":"https:\/\/www.mydemenageur.com\/blog\/coronavirus-et-demenagement-est-il-encore-possible-de-demenager\/","og_site_name":"MyDemenageur","article_publisher":"https:\/\/www.facebook.com\/mydemenageur","article_published_time":"2020-03-20T17:58:33+00:00","article_modified_time":"2024-09-15T00:20:45+00:00","og_image":[{"width":1000,"height":666,"url":"https:\/\/www.mydemenageur.com\/blog\/wp-content\/uploads\/2020\/03\/coronavirus-et-demenagement-est-il-encore-possible-de-demenager.jpeg","type":"image\/jpeg"}],"author":"Mathilde","twitter_card":"summary_large_image","twitter_creator":"@mydemenageur","twitter_site":"@mydemenageur","twitter_misc":{"\u00c9crit par":"Mathilde","Dur\u00e9e de lecture estim\u00e9e":"5 minutes"},"schema":{"@context":"https:\/\/schema.org","@graph":[{"@type":"Article","@id":"https:\/\/www.mydemenageur.com\/blog\/coronavirus-et-demenagement-est-il-encore-possible-de-demenager\/#article","isPartOf":{"@id":"https:\/\/www.mydemenageur.com\/blog\/coronavirus-et-demenagement-est-il-encore-possible-de-demenager\/"},"author":{"name":"Mathilde","@id":"https:\/\/www.mydemenageur.com\/blog\/#\/schema\/person\/4540dc333c2e7dc790f0f7bcd5b99569"},"headline":"Coronavirus et d\u00e9m\u00e9nagement : est-il encore possible de d\u00e9m\u00e9nager ?","datePublished":"2020-03-20T17:58:33+00:00","dateModified":"2024-09-15T00:20:45+00:00","mainEntityOfPage":{"@id":"https:\/\/www.mydemenageur.com\/blog\/coronavirus-et-demenagement-est-il-encore-possible-de-demenager\/"},"wordCount":861,"publisher":{"@id":"https:\/\/www.mydemenageur.com\/blog\/#organization"},"image":{"@id":"https:\/\/www.mydemenageur.com\/blog\/coronavirus-et-demenagement-est-il-encore-possible-de-demenager\/#primaryimage"},"thumbnailUrl":"https:\/\/www.mydemenageur.com\/blog\/wp-content\/uploads\/2020\/03\/coronavirus-et-demenagement-est-il-encore-possible-de-demenager.jpeg","articleSection":["D\u00e9marches et autorisations"],"inLanguage":"fr-FR"},{"@type":"WebPage","@id":"https:\/\/www.mydemenageur.com\/blog\/coronavirus-et-demenagement-est-il-encore-possible-de-demenager\/","url":"https:\/\/www.mydemenageur.com\/blog\/coronavirus-et-demenagement-est-il-encore-possible-de-demenager\/","name":"Coronavirus et d\u00e9m\u00e9nagement : est-il encore possible de d\u00e9m\u00e9nager ?","isPartOf":{"@id":"https:\/\/www.mydemenageur.com\/blog\/#website"},"primaryImageOfPage":{"@id":"https:\/\/www.mydemenageur.com\/blog\/coronavirus-et-demenagement-est-il-encore-possible-de-demenager\/#primaryimage"},"image":{"@id":"https:\/\/www.mydemenageur.com\/blog\/coronavirus-et-demenagement-est-il-encore-possible-de-demenager\/#primaryimage"},"thumbnailUrl":"https:\/\/www.mydemenageur.com\/blog\/wp-content\/uploads\/2020\/03\/coronavirus-et-demenagement-est-il-encore-possible-de-demenager.jpeg","datePublished":"2020-03-20T17:58:33+00:00","dateModified":"2024-09-15T00:20:45+00:00","description":"Peut-on d\u00e9m\u00e9nager durant le confinement du au coronavirus ? Si les choses peuvent encore changer, aujourd'hui oui, il est autoris\u00e9 de d\u00e9m\u00e9nager. Cependant..","breadcrumb":{"@id":"https:\/\/www.mydemenageur.com\/blog\/coronavirus-et-demenagement-est-il-encore-possible-de-demenager\/#breadcrumb"},"inLanguage":"fr-FR","potentialAction":[{"@type":"ReadAction","target":["https:\/\/www.mydemenageur.com\/blog\/coronavirus-et-demenagement-est-il-encore-possible-de-demenager\/"]}]},{"@type":"ImageObject","inLanguage":"fr-FR","@id":"https:\/\/www.mydemenageur.com\/blog\/coronavirus-et-demenagement-est-il-encore-possible-de-demenager\/#primaryimage","url":"https:\/\/www.mydemenageur.com\/blog\/wp-content\/uploads\/2020\/03\/coronavirus-et-demenagement-est-il-encore-possible-de-demenager.jpeg","contentUrl":"https:\/\/www.mydemenageur.com\/blog\/wp-content\/uploads\/2020\/03\/coronavirus-et-demenagement-est-il-encore-possible-de-demenager.jpeg","width":1000,"height":666,"caption":"Coronavirus et d\u00e9m\u00e9nagement : est-il encore possible de d\u00e9m\u00e9nager ?"},{"@type":"BreadcrumbList","@id":"https:\/\/www.mydemenageur.com\/blog\/coronavirus-et-demenagement-est-il-encore-possible-de-demenager\/#breadcrumb","itemListElement":[{"@type":"ListItem","position":1,"name":"Accueil","item":"https:\/\/www.mydemenageur.com\/blog\/"},{"@type":"ListItem","position":2,"name":"D\u00e9marches et autorisations","item":"https:\/\/www.mydemenageur.com\/blog\/categorie\/demarches\/"},{"@type":"ListItem","position":3,"name":"Coronavirus et d\u00e9m\u00e9nagement : est-il encore possible de d\u00e9m\u00e9nager ?"}]},{"@type":"WebSite","@id":"https:\/\/www.mydemenageur.com\/blog\/#website","url":"https:\/\/www.mydemenageur.com\/blog\/","name":"MyDemenageur","description":"Conseils d\u00e9m\u00e9ngement entre particuliers et d\u00e9m\u00e9nagement professionnel","publisher":{"@id":"https:\/\/www.mydemenageur.com\/blog\/#organization"},"potentialAction":[{"@type":"SearchAction","target":{"@type":"EntryPoint","urlTemplate":"https:\/\/www.mydemenageur.com\/blog\/?s={search_term_string}"},"query-input":{"@type":"PropertyValueSpecification","valueRequired":true,"valueName":"search_term_string"}}],"inLanguage":"fr-FR"},{"@type":"Organization","@id":"https:\/\/www.mydemenageur.com\/blog\/#organization","name":"MyDemenageur.com","url":"https:\/\/www.mydemenageur.com\/blog\/","logo":{"@type":"ImageObject","inLanguage":"fr-FR","@id":"https:\/\/www.mydemenageur.com\/blog\/#\/schema\/logo\/image\/","url":"https:\/\/www.mydemenageur.com\/blog\/wp-content\/uploads\/2022\/05\/MyDemenageur_Symbol.jpg","contentUrl":"https:\/\/www.mydemenageur.com\/blog\/wp-content\/uploads\/2022\/05\/MyDemenageur_Symbol.jpg","width":878,"height":877,"caption":"MyDemenageur.com"},"image":{"@id":"https:\/\/www.mydemenageur.com\/blog\/#\/schema\/logo\/image\/"},"sameAs":["https:\/\/www.facebook.com\/mydemenageur","https:\/\/x.com\/mydemenageur","https:\/\/www.pinterest.fr\/mydemenageur\/"]},{"@type":"Person","@id":"https:\/\/www.mydemenageur.com\/blog\/#\/schema\/person\/4540dc333c2e7dc790f0f7bcd5b99569","name":"Mathilde","image":{"@type":"ImageObject","inLanguage":"fr-FR","@id":"https:\/\/www.mydemenageur.com\/blog\/#\/schema\/person\/image\/","url":"https:\/\/secure.gravatar.com\/avatar\/abde069f6f70261ee6ecea93e0437d77?s=96&#038;r=g","contentUrl":"https:\/\/secure.gravatar.com\/avatar\/abde069f6f70261ee6ecea93e0437d77?s=96&#038;r=g","caption":"Mathilde"},"description":"L'harmonie des couleurs et des objets m'a toujours fascin\u00e9e, transformant chaque pi\u00e8ce en un lieu unique et agr\u00e9able \u00e0 vivre. Sur MyDemenageur, vous trouverez non seulement des inspirations personnelles, mais aussi des informations r\u00e9centes sur le monde de la d\u00e9coration, les projets de maison, le d\u00e9m\u00e9nagement et les travaux.","url":"https:\/\/www.mydemenageur.com\/blog\/author\/mathilde\/"}]}},"modified_by":"MyDemenageur","_links":{"self":[{"href":"https:\/\/www.mydemenageur.com\/blog\/wp-json\/wp\/v2\/posts\/1589"}],"collection":[{"href":"https:\/\/www.mydemenageur.com\/blog\/wp-json\/wp\/v2\/posts"}],"about":[{"href":"https:\/\/www.mydemenageur.com\/blog\/wp-json\/wp\/v2\/types\/post"}],"author":[{"embeddable":true,"href":"https:\/\/www.mydemenageur.com\/blog\/wp-json\/wp\/v2\/users\/11"}],"replies":[{"embeddable":true,"href":"https:\/\/www.mydemenageur.com\/blog\/wp-json\/wp\/v2\/comments?post=1589"}],"version-history":[{"count":0,"href":"https:\/\/www.mydemenageur.com\/blog\/wp-json\/wp\/v2\/posts\/1589\/revisions"}],"wp:featuredmedia":[{"embeddable":true,"href":"https:\/\/www.mydemenageur.com\/blog\/wp-json\/wp\/v2\/media\/21703"}],"wp:attachment":[{"href":"https:\/\/www.mydemenageur.com\/blog\/wp-json\/wp\/v2\/media?parent=1589"}],"wp:term":[{"taxonomy":"category","embeddable":true,"href":"https:\/\/www.mydemenageur.com\/blog\/wp-json\/wp\/v2\/categories?post=1589"},{"taxonomy":"post_tag","embeddable":true,"href":"https:\/\/www.mydemenageur.com\/blog\/wp-json\/wp\/v2\/tags?post=1589"}],"curies":[{"name":"wp","href":"https:\/\/api.w.org\/{rel}","templated":true}]}}