{"id":16197,"date":"2016-11-29T21:34:17","date_gmt":"2016-11-29T21:34:17","guid":{"rendered":"https:\/\/www.mydemenageur.com\/blog\/?p=16197"},"modified":"2023-11-06T14:46:26","modified_gmt":"2023-11-06T14:46:26","slug":"stockage-meuble-demenagement-garde-meuble","status":"publish","type":"post","link":"https:\/\/www.mydemenageur.com\/blog\/stockage-meuble-demenagement-garde-meuble\/","title":{"rendered":"Garde meuble ou comment stocker ses meubles lors d\u2019un d\u00e9m\u00e9nagement ?"},"content":{"rendered":"<p><img decoding=\"async\" class=\"aligncenter wp-image-18318 size-large\" src=\"https:\/\/www.mydemenageur.com\/blog\/wp-content\/uploads\/2016\/11\/photo-avec-trop-de-meuble-a\u0300-stocker-1024x263.jpg\" alt=\"photo avec trop de meuble a\u0300 stocker\" width=\"1024\" height=\"263\" srcset=\"https:\/\/www.mydemenageur.com\/blog\/wp-content\/uploads\/2016\/11\/photo-avec-trop-de-meuble-a\u0300-stocker-1024x263.jpg 1024w, https:\/\/www.mydemenageur.com\/blog\/wp-content\/uploads\/2016\/11\/photo-avec-trop-de-meuble-a\u0300-stocker-300x77.jpg 300w, https:\/\/www.mydemenageur.com\/blog\/wp-content\/uploads\/2016\/11\/photo-avec-trop-de-meuble-a\u0300-stocker-768x197.jpg 768w, https:\/\/www.mydemenageur.com\/blog\/wp-content\/uploads\/2016\/11\/photo-avec-trop-de-meuble-a\u0300-stocker.jpg 1400w\" sizes=\"(max-width: 1024px) 100vw, 1024px\" \/><em>Mise \u00e0 jour novembre 2023<\/em><\/p>\n<p>Nombreux sont les fran\u00e7ais \u00e0 <strong>d\u00e9m\u00e9nager<\/strong> pour un <strong>logement<\/strong> <strong>moins spacieux<\/strong> ou \u00e0 r\u00e9aliser des <strong>travaux<\/strong> dans leur <strong>nouveau logement<\/strong>, ces deux cas de figure n\u00e9cessitent d&rsquo;<strong>entreposer ses meubles<\/strong> et <strong>affaires<\/strong> dans un <strong>lieu s\u00e9curis\u00e9<\/strong>. Un <strong>garde-meuble<\/strong> ou un <strong>box<\/strong> sont des <strong>solutions<\/strong> plus ou moins temporaire, qui peuvent vous <strong>solutionner<\/strong> un <strong>probl\u00e8me d&rsquo;espace<\/strong>. Le co\u00fbt du stockage peut \u00eatre d\u00e9courageant, m\u00eame si aujourd&rsquo;hui <strong>plusieurs solutions<\/strong> sont envisageable pour <strong>toutes les bourses<\/strong>. Nous allons vous aider \u00e0 trouver votre <strong>garde meuble en fonction du type de d\u00e9p\u00f4t qui vous correspond<\/strong> :<\/p>\n<div id=\"ez-toc-container\" class=\"ez-toc-v2_0_82_2 counter-hierarchy ez-toc-counter ez-toc-custom ez-toc-container-direction\">\n<div class=\"ez-toc-title-container\">\n<p class=\"ez-toc-title\" style=\"cursor:inherit\">Ce que vous allez apprendre<\/p>\n<span class=\"ez-toc-title-toggle\"><\/span><\/div>\n<nav><ul class='ez-toc-list ez-toc-list-level-1 ' ><li class='ez-toc-page-1 ez-toc-heading-level-2'><a class=\"ez-toc-link ez-toc-heading-1\" href=\"https:\/\/www.mydemenageur.com\/blog\/stockage-meuble-demenagement-garde-meuble\/#le-garde-meuble-traditionnel-les-demenageurs-se-chargent-de-tout\" >Le garde meuble traditionnel : les d\u00e9m\u00e9nageurs se chargent de tout\u00a0<\/a><\/li><li class='ez-toc-page-1 ez-toc-heading-level-2'><a class=\"ez-toc-link ez-toc-heading-2\" href=\"https:\/\/www.mydemenageur.com\/blog\/stockage-meuble-demenagement-garde-meuble\/#le-centre-de-self-stockage-vous-etes-libres-dacceder-a-vos-affaires\" >Le centre de self-stockage : vous \u00eates libres d\u2019acc\u00e9der \u00e0 vos affaires\u00a0<\/a><\/li><li class='ez-toc-page-1 ez-toc-heading-level-2'><a class=\"ez-toc-link ez-toc-heading-3\" href=\"https:\/\/www.mydemenageur.com\/blog\/stockage-meuble-demenagement-garde-meuble\/#les-avantages-dun-garde-meuble-et-dun-centre-de-self-stockage\" >Les avantages d&rsquo;un garde-meuble et d&rsquo;un centre de self-stockage<\/a><\/li><li class='ez-toc-page-1 ez-toc-heading-level-2'><a class=\"ez-toc-link ez-toc-heading-4\" href=\"https:\/\/www.mydemenageur.com\/blog\/stockage-meuble-demenagement-garde-meuble\/#le-garde-meuble-entre-particuliers-une-alternative-moins-couteuse\" >Le garde meuble entre particuliers, une alternative moins couteuse<\/a><\/li><\/ul><\/nav><\/div>\n<h2><span class=\"ez-toc-section\" id=\"le-garde-meuble-traditionnel-les-demenageurs-se-chargent-de-tout\"><\/span><span style=\"font-size: 0.7em;\">Le garde meuble traditionnel : les d\u00e9m\u00e9nageurs se chargent de tout\u00a0<\/span><span class=\"ez-toc-section-end\"><\/span><\/h2>\n<p>Le <strong>garde meuble<\/strong> vous permet de stocker dans un box, en bois la plupart du temps, meubles et autres objets de valeur <a href=\"https:\/\/www.mydemenageur.com\/blog\/stocker-affaires-tour-du-monde\/\">pour une dur\u00e9e plus ou moins longue<\/a>. Souvent d\u00e9tenus par les d\u00e9m\u00e9nageurs, ce sont eux-m\u00eames qui s\u2019assurent du d\u00e9p\u00f4t de vos affaires dans le box que vous avez r\u00e9serv\u00e9.<br \/>\nPetit b\u00e9mol : vous ne disposez pas d\u2019un acc\u00e8s libre \u00e0 votre box, il vous faut prendre rendez-vous avec votre centre pour planifier de son ouverture qui engendre des frais de manutention.<\/p>\n<h2><span class=\"ez-toc-section\" id=\"le-centre-de-self-stockage-vous-etes-libres-dacceder-a-vos-affaires\"><\/span><span style=\"font-size: 0.7em;\">Le centre de self-stockage : vous \u00eates libres d\u2019acc\u00e9der \u00e0 vos affaires\u00a0<\/span><span class=\"ez-toc-section-end\"><\/span><\/h2>\n<p><a href=\"https:\/\/www.mydemenageur.com\/blog\/centres-de-self-stockage-demenagement\/\" target=\"_blank\" rel=\"noopener noreferrer\">Les centres de self-stockage<\/a>, qui se d\u00e9veloppent de plus en plus au d\u00e9triment des garde meubles traditionnels, offrent un avantage suppl\u00e9mentaire : un acc\u00e8s permanent \u00e0 vos affaires. Vous disposez d\u2019une cl\u00e9 ou d\u2019un code pour acc\u00e9der par vous-m\u00eame \u00e0 vos biens stock\u00e9s sur les heures d\u2019ouverture de votre centre. Vous avez en charge toutes les op\u00e9rations : d\u00e9p\u00f4t des meubles, am\u00e9nagement du rangement, etc.<\/p>\n<h2><span class=\"ez-toc-section\" id=\"les-avantages-dun-garde-meuble-et-dun-centre-de-self-stockage\"><\/span><span style=\"font-size: 0.8em;\">Les avantages d&rsquo;un garde-meuble et d&rsquo;un centre de self-stockage<\/span><span class=\"ez-toc-section-end\"><\/span><\/h2>\n<p>L\u2019un des principaux avantages d\u2019un <a href=\"\/blog\/stockage-garde-meuble\/\">garde meuble<\/a> ou d\u2019un centre de self-stockage est le niveau de s\u00e9curit\u00e9 \u00e9lev\u00e9. Syst\u00e8me de vid\u00e9o surveillance voire de gardiennage pour certains lieux, votre box est en lieu s\u00fbr. Autre avantage, la salubrit\u00e9 des lieux. Les box sont ventil\u00e9s, \u00e9tanches et parfois m\u00eame chauff\u00e9s.<br \/>\nLe petit + : certains centres proposent sur place une boutique de conditionnement et d\u2019emballage pour vous procurer le mat\u00e9riel n\u00e9cessaire au stockage et au rangement de vos affaires : cartons, scotch, protections bulles, \u00e9tiquetage, etc.<br \/>\nMais ces solutions restent souvent hors de prix et repr\u00e9sentent un r\u00e9el co\u00fbt suppl\u00e9mentaire pour votre d\u00e9m\u00e9nagement. De plus ces centres se trouvent en p\u00e9riph\u00e9ries et souvent \u00e0 plusieurs kilom\u00e8tres de votre domicile. Quand on conna\u00eet la source de stress que repr\u00e9sente d\u00e9j\u00e0 un d\u00e9m\u00e9nagement, pourquoi faire compliqu\u00e9 quand on peut faire simple.<\/p>\n<h2><span class=\"ez-toc-section\" id=\"le-garde-meuble-entre-particuliers-une-alternative-moins-couteuse\"><\/span><span style=\"font-size: 0.7em;\">Le garde meuble entre particuliers, une alternative moins couteuse<\/span><span class=\"ez-toc-section-end\"><\/span><\/h2>\n<p>Le <a href=\"https:\/\/www.mydemenageur.com\/blog\/interview-costockage\/\">costockage<\/a> vous en avez d\u00e9j\u00e0 entendu parler ? C\u2019est simple, c\u2019est la possibilit\u00e9 de louer l\u2019espace d\u2019un particulier : une cave, un garage, un grenier, une chambre inoccup\u00e9e\u2026 et d\u2019\u00e9conomiser jusqu\u2019\u00e0 60% sur le prix d\u2019un centre professionnel. Ce garde meuble nouvelle g\u00e9n\u00e9ration vous permet de stocker vos biens \u00e0 proximit\u00e9 de votre nouveau logement. Le site permet de r\u00e9aliser en quelques clics seulement la r\u00e9servation de votre box directement en ligne.<br \/>\nEt question s\u00e9curit\u00e9 ? Ces services en ligne propose les m\u00eames garanties qu\u2019un centre professionnel.<\/p>\n<p>&nbsp;<\/p>\n<p>Voil\u00e0, vous y voyez d\u00e9sormais plus clair dans les solutions de stockage de meubles qui s&rsquo;offrent \u00e0 vous lors d&rsquo;un d\u00e9m\u00e9nagement. Il va de soi qu&rsquo;il est pr\u00e9f\u00e9rable de pr\u00e9voir et de trouver son garde meuble lors de la <a style=\"color: #fba38b;\" href=\"https:\/\/www.mydemenageur.com\/blog\/transport\/\" target=\"_blank\" rel=\"noopener noreferrer\">pr\u00e9paration au d\u00e9m\u00e9nagement<\/a>, plut\u00f4t qu&rsquo;en arrivant dans le nouveaux logement.<\/p>\n","protected":false},"excerpt":{"rendered":"<p>Mise \u00e0 jour novembre 2023 Nombreux sont les fran\u00e7ais \u00e0 d\u00e9m\u00e9nager pour un logement moins spacieux ou \u00e0 r\u00e9aliser des<\/p>\n","protected":false},"author":11,"featured_media":21767,"comment_status":"closed","ping_status":"open","sticky":false,"template":"","format":"standard","meta":{"_lmt_disableupdate":"","_lmt_disable":"","footnotes":""},"categories":[111],"tags":[],"yoast_head":"<!-- This site is optimized with the Yoast SEO Premium plugin v24.2 (Yoast SEO v24.5) - https:\/\/yoast.com\/wordpress\/plugins\/seo\/ -->\n<title>Comment stocker ses meubles lors d&#039;un d\u00e9m\u00e9nagement ? - Helpy<\/title>\n<meta name=\"description\" content=\"Entre 2 appartements, il faut parfois faire des travaux de d\u00e9m\u00e9nagement. Comment peut on stocker ses meubles ? Et que valent les gardes meubles ?\" \/>\n<meta name=\"robots\" content=\"index, follow, max-snippet:-1, max-image-preview:large, max-video-preview:-1\" \/>\n<link rel=\"canonical\" href=\"https:\/\/www.mydemenageur.com\/blog\/stockage-meuble-demenagement-garde-meuble\/\" \/>\n<meta property=\"og:locale\" content=\"fr_FR\" \/>\n<meta property=\"og:type\" content=\"article\" \/>\n<meta property=\"og:title\" content=\"Garde meuble ou comment stocker ses meubles lors d\u2019un d\u00e9m\u00e9nagement ?\" \/>\n<meta property=\"og:description\" content=\"Entre 2 appartements, il faut parfois faire des travaux de d\u00e9m\u00e9nagement. Comment peut on stocker ses meubles ? Et que valent les gardes meubles ?\" \/>\n<meta property=\"og:url\" content=\"https:\/\/www.mydemenageur.com\/blog\/stockage-meuble-demenagement-garde-meuble\/\" \/>\n<meta property=\"og:site_name\" content=\"MyDemenageur\" \/>\n<meta property=\"article:publisher\" content=\"https:\/\/www.facebook.com\/mydemenageur\" \/>\n<meta property=\"article:published_time\" content=\"2016-11-29T21:34:17+00:00\" \/>\n<meta property=\"article:modified_time\" content=\"2023-11-06T14:46:26+00:00\" \/>\n<meta property=\"og:image\" content=\"https:\/\/www.mydemenageur.com\/blog\/wp-content\/uploads\/2016\/11\/stockage-meuble-demenagement-garde-meuble.jpeg\" \/>\n\t<meta property=\"og:image:width\" content=\"1000\" \/>\n\t<meta property=\"og:image:height\" content=\"666\" \/>\n\t<meta property=\"og:image:type\" content=\"image\/jpeg\" \/>\n<meta name=\"author\" content=\"Mathilde\" \/>\n<meta name=\"twitter:card\" content=\"summary_large_image\" \/>\n<meta name=\"twitter:creator\" content=\"@mydemenageur\" \/>\n<meta name=\"twitter:site\" content=\"@mydemenageur\" \/>\n<meta name=\"twitter:label1\" content=\"\u00c9crit par\" \/>\n\t<meta name=\"twitter:data1\" content=\"Mathilde\" \/>\n\t<meta name=\"twitter:label2\" content=\"Dur\u00e9e de lecture estim\u00e9e\" \/>\n\t<meta name=\"twitter:data2\" content=\"4 minutes\" \/>\n<script type=\"application\/ld+json\" class=\"yoast-schema-graph\">{\"@context\":\"https:\/\/schema.org\",\"@graph\":[{\"@type\":\"Article\",\"@id\":\"https:\/\/www.mydemenageur.com\/blog\/stockage-meuble-demenagement-garde-meuble\/#article\",\"isPartOf\":{\"@id\":\"https:\/\/www.mydemenageur.com\/blog\/stockage-meuble-demenagement-garde-meuble\/\"},\"author\":{\"name\":\"Mathilde\",\"@id\":\"https:\/\/www.mydemenageur.com\/blog\/#\/schema\/person\/4540dc333c2e7dc790f0f7bcd5b99569\"},\"headline\":\"Garde meuble ou comment stocker ses meubles lors d\u2019un d\u00e9m\u00e9nagement ?\",\"datePublished\":\"2016-11-29T21:34:17+00:00\",\"dateModified\":\"2023-11-06T14:46:26+00:00\",\"mainEntityOfPage\":{\"@id\":\"https:\/\/www.mydemenageur.com\/blog\/stockage-meuble-demenagement-garde-meuble\/\"},\"wordCount\":652,\"publisher\":{\"@id\":\"https:\/\/www.mydemenageur.com\/blog\/#organization\"},\"image\":{\"@id\":\"https:\/\/www.mydemenageur.com\/blog\/stockage-meuble-demenagement-garde-meuble\/#primaryimage\"},\"thumbnailUrl\":\"https:\/\/www.mydemenageur.com\/blog\/wp-content\/uploads\/2016\/11\/stockage-meuble-demenagement-garde-meuble.jpeg\",\"articleSection\":[\"Stockage\"],\"inLanguage\":\"fr-FR\"},{\"@type\":\"WebPage\",\"@id\":\"https:\/\/www.mydemenageur.com\/blog\/stockage-meuble-demenagement-garde-meuble\/\",\"url\":\"https:\/\/www.mydemenageur.com\/blog\/stockage-meuble-demenagement-garde-meuble\/\",\"name\":\"Comment stocker ses meubles lors d'un d\u00e9m\u00e9nagement ? - Helpy\",\"isPartOf\":{\"@id\":\"https:\/\/www.mydemenageur.com\/blog\/#website\"},\"primaryImageOfPage\":{\"@id\":\"https:\/\/www.mydemenageur.com\/blog\/stockage-meuble-demenagement-garde-meuble\/#primaryimage\"},\"image\":{\"@id\":\"https:\/\/www.mydemenageur.com\/blog\/stockage-meuble-demenagement-garde-meuble\/#primaryimage\"},\"thumbnailUrl\":\"https:\/\/www.mydemenageur.com\/blog\/wp-content\/uploads\/2016\/11\/stockage-meuble-demenagement-garde-meuble.jpeg\",\"datePublished\":\"2016-11-29T21:34:17+00:00\",\"dateModified\":\"2023-11-06T14:46:26+00:00\",\"description\":\"Entre 2 appartements, il faut parfois faire des travaux de d\u00e9m\u00e9nagement. Comment peut on stocker ses meubles ? Et que valent les gardes meubles ?\",\"breadcrumb\":{\"@id\":\"https:\/\/www.mydemenageur.com\/blog\/stockage-meuble-demenagement-garde-meuble\/#breadcrumb\"},\"inLanguage\":\"fr-FR\",\"potentialAction\":[{\"@type\":\"ReadAction\",\"target\":[\"https:\/\/www.mydemenageur.com\/blog\/stockage-meuble-demenagement-garde-meuble\/\"]}]},{\"@type\":\"ImageObject\",\"inLanguage\":\"fr-FR\",\"@id\":\"https:\/\/www.mydemenageur.com\/blog\/stockage-meuble-demenagement-garde-meuble\/#primaryimage\",\"url\":\"https:\/\/www.mydemenageur.com\/blog\/wp-content\/uploads\/2016\/11\/stockage-meuble-demenagement-garde-meuble.jpeg\",\"contentUrl\":\"https:\/\/www.mydemenageur.com\/blog\/wp-content\/uploads\/2016\/11\/stockage-meuble-demenagement-garde-meuble.jpeg\",\"width\":1000,\"height\":666,\"caption\":\"Garde meuble ou comment stocker ses meubles lors d\u2019un d\u00e9m\u00e9nagement ?\"},{\"@type\":\"BreadcrumbList\",\"@id\":\"https:\/\/www.mydemenageur.com\/blog\/stockage-meuble-demenagement-garde-meuble\/#breadcrumb\",\"itemListElement\":[{\"@type\":\"ListItem\",\"position\":1,\"name\":\"Accueil\",\"item\":\"https:\/\/www.mydemenageur.com\/blog\/\"},{\"@type\":\"ListItem\",\"position\":2,\"name\":\"Stockage\",\"item\":\"https:\/\/www.mydemenageur.com\/blog\/categorie\/stockage\/\"},{\"@type\":\"ListItem\",\"position\":3,\"name\":\"Garde meuble ou comment stocker ses meubles lors d\u2019un d\u00e9m\u00e9nagement ?\"}]},{\"@type\":\"WebSite\",\"@id\":\"https:\/\/www.mydemenageur.com\/blog\/#website\",\"url\":\"https:\/\/www.mydemenageur.com\/blog\/\",\"name\":\"MyDemenageur\",\"description\":\"Conseils d\u00e9m\u00e9ngement entre particuliers et d\u00e9m\u00e9nagement professionnel\",\"publisher\":{\"@id\":\"https:\/\/www.mydemenageur.com\/blog\/#organization\"},\"potentialAction\":[{\"@type\":\"SearchAction\",\"target\":{\"@type\":\"EntryPoint\",\"urlTemplate\":\"https:\/\/www.mydemenageur.com\/blog\/?s={search_term_string}\"},\"query-input\":{\"@type\":\"PropertyValueSpecification\",\"valueRequired\":true,\"valueName\":\"search_term_string\"}}],\"inLanguage\":\"fr-FR\"},{\"@type\":\"Organization\",\"@id\":\"https:\/\/www.mydemenageur.com\/blog\/#organization\",\"name\":\"MyDemenageur.com\",\"url\":\"https:\/\/www.mydemenageur.com\/blog\/\",\"logo\":{\"@type\":\"ImageObject\",\"inLanguage\":\"fr-FR\",\"@id\":\"https:\/\/www.mydemenageur.com\/blog\/#\/schema\/logo\/image\/\",\"url\":\"https:\/\/www.mydemenageur.com\/blog\/wp-content\/uploads\/2022\/05\/MyDemenageur_Symbol.jpg\",\"contentUrl\":\"https:\/\/www.mydemenageur.com\/blog\/wp-content\/uploads\/2022\/05\/MyDemenageur_Symbol.jpg\",\"width\":878,\"height\":877,\"caption\":\"MyDemenageur.com\"},\"image\":{\"@id\":\"https:\/\/www.mydemenageur.com\/blog\/#\/schema\/logo\/image\/\"},\"sameAs\":[\"https:\/\/www.facebook.com\/mydemenageur\",\"https:\/\/x.com\/mydemenageur\",\"https:\/\/www.pinterest.fr\/mydemenageur\/\"]},{\"@type\":\"Person\",\"@id\":\"https:\/\/www.mydemenageur.com\/blog\/#\/schema\/person\/4540dc333c2e7dc790f0f7bcd5b99569\",\"name\":\"Mathilde\",\"image\":{\"@type\":\"ImageObject\",\"inLanguage\":\"fr-FR\",\"@id\":\"https:\/\/www.mydemenageur.com\/blog\/#\/schema\/person\/image\/\",\"url\":\"https:\/\/secure.gravatar.com\/avatar\/abde069f6f70261ee6ecea93e0437d77?s=96&#038;r=g\",\"contentUrl\":\"https:\/\/secure.gravatar.com\/avatar\/abde069f6f70261ee6ecea93e0437d77?s=96&#038;r=g\",\"caption\":\"Mathilde\"},\"description\":\"L'harmonie des couleurs et des objets m'a toujours fascin\u00e9e, transformant chaque pi\u00e8ce en un lieu unique et agr\u00e9able \u00e0 vivre. Sur MyDemenageur, vous trouverez non seulement des inspirations personnelles, mais aussi des informations r\u00e9centes sur le monde de la d\u00e9coration, les projets de maison, le d\u00e9m\u00e9nagement et les travaux.\",\"url\":\"https:\/\/www.mydemenageur.com\/blog\/author\/mathilde\/\"}]}<\/script>\n<!-- \/ Yoast SEO Premium plugin. -->","yoast_head_json":{"title":"Comment stocker ses meubles lors d'un d\u00e9m\u00e9nagement ? - Helpy","description":"Entre 2 appartements, il faut parfois faire des travaux de d\u00e9m\u00e9nagement. Comment peut on stocker ses meubles ? Et que valent les gardes meubles ?","robots":{"index":"index","follow":"follow","max-snippet":"max-snippet:-1","max-image-preview":"max-image-preview:large","max-video-preview":"max-video-preview:-1"},"canonical":"https:\/\/www.mydemenageur.com\/blog\/stockage-meuble-demenagement-garde-meuble\/","og_locale":"fr_FR","og_type":"article","og_title":"Garde meuble ou comment stocker ses meubles lors d\u2019un d\u00e9m\u00e9nagement ?","og_description":"Entre 2 appartements, il faut parfois faire des travaux de d\u00e9m\u00e9nagement. Comment peut on stocker ses meubles ? Et que valent les gardes meubles ?","og_url":"https:\/\/www.mydemenageur.com\/blog\/stockage-meuble-demenagement-garde-meuble\/","og_site_name":"MyDemenageur","article_publisher":"https:\/\/www.facebook.com\/mydemenageur","article_published_time":"2016-11-29T21:34:17+00:00","article_modified_time":"2023-11-06T14:46:26+00:00","og_image":[{"width":1000,"height":666,"url":"https:\/\/www.mydemenageur.com\/blog\/wp-content\/uploads\/2016\/11\/stockage-meuble-demenagement-garde-meuble.jpeg","type":"image\/jpeg"}],"author":"Mathilde","twitter_card":"summary_large_image","twitter_creator":"@mydemenageur","twitter_site":"@mydemenageur","twitter_misc":{"\u00c9crit par":"Mathilde","Dur\u00e9e de lecture estim\u00e9e":"4 minutes"},"schema":{"@context":"https:\/\/schema.org","@graph":[{"@type":"Article","@id":"https:\/\/www.mydemenageur.com\/blog\/stockage-meuble-demenagement-garde-meuble\/#article","isPartOf":{"@id":"https:\/\/www.mydemenageur.com\/blog\/stockage-meuble-demenagement-garde-meuble\/"},"author":{"name":"Mathilde","@id":"https:\/\/www.mydemenageur.com\/blog\/#\/schema\/person\/4540dc333c2e7dc790f0f7bcd5b99569"},"headline":"Garde meuble ou comment stocker ses meubles lors d\u2019un d\u00e9m\u00e9nagement ?","datePublished":"2016-11-29T21:34:17+00:00","dateModified":"2023-11-06T14:46:26+00:00","mainEntityOfPage":{"@id":"https:\/\/www.mydemenageur.com\/blog\/stockage-meuble-demenagement-garde-meuble\/"},"wordCount":652,"publisher":{"@id":"https:\/\/www.mydemenageur.com\/blog\/#organization"},"image":{"@id":"https:\/\/www.mydemenageur.com\/blog\/stockage-meuble-demenagement-garde-meuble\/#primaryimage"},"thumbnailUrl":"https:\/\/www.mydemenageur.com\/blog\/wp-content\/uploads\/2016\/11\/stockage-meuble-demenagement-garde-meuble.jpeg","articleSection":["Stockage"],"inLanguage":"fr-FR"},{"@type":"WebPage","@id":"https:\/\/www.mydemenageur.com\/blog\/stockage-meuble-demenagement-garde-meuble\/","url":"https:\/\/www.mydemenageur.com\/blog\/stockage-meuble-demenagement-garde-meuble\/","name":"Comment stocker ses meubles lors d'un d\u00e9m\u00e9nagement ? - Helpy","isPartOf":{"@id":"https:\/\/www.mydemenageur.com\/blog\/#website"},"primaryImageOfPage":{"@id":"https:\/\/www.mydemenageur.com\/blog\/stockage-meuble-demenagement-garde-meuble\/#primaryimage"},"image":{"@id":"https:\/\/www.mydemenageur.com\/blog\/stockage-meuble-demenagement-garde-meuble\/#primaryimage"},"thumbnailUrl":"https:\/\/www.mydemenageur.com\/blog\/wp-content\/uploads\/2016\/11\/stockage-meuble-demenagement-garde-meuble.jpeg","datePublished":"2016-11-29T21:34:17+00:00","dateModified":"2023-11-06T14:46:26+00:00","description":"Entre 2 appartements, il faut parfois faire des travaux de d\u00e9m\u00e9nagement. Comment peut on stocker ses meubles ? Et que valent les gardes meubles ?","breadcrumb":{"@id":"https:\/\/www.mydemenageur.com\/blog\/stockage-meuble-demenagement-garde-meuble\/#breadcrumb"},"inLanguage":"fr-FR","potentialAction":[{"@type":"ReadAction","target":["https:\/\/www.mydemenageur.com\/blog\/stockage-meuble-demenagement-garde-meuble\/"]}]},{"@type":"ImageObject","inLanguage":"fr-FR","@id":"https:\/\/www.mydemenageur.com\/blog\/stockage-meuble-demenagement-garde-meuble\/#primaryimage","url":"https:\/\/www.mydemenageur.com\/blog\/wp-content\/uploads\/2016\/11\/stockage-meuble-demenagement-garde-meuble.jpeg","contentUrl":"https:\/\/www.mydemenageur.com\/blog\/wp-content\/uploads\/2016\/11\/stockage-meuble-demenagement-garde-meuble.jpeg","width":1000,"height":666,"caption":"Garde meuble ou comment stocker ses meubles lors d\u2019un d\u00e9m\u00e9nagement ?"},{"@type":"BreadcrumbList","@id":"https:\/\/www.mydemenageur.com\/blog\/stockage-meuble-demenagement-garde-meuble\/#breadcrumb","itemListElement":[{"@type":"ListItem","position":1,"name":"Accueil","item":"https:\/\/www.mydemenageur.com\/blog\/"},{"@type":"ListItem","position":2,"name":"Stockage","item":"https:\/\/www.mydemenageur.com\/blog\/categorie\/stockage\/"},{"@type":"ListItem","position":3,"name":"Garde meuble ou comment stocker ses meubles lors d\u2019un d\u00e9m\u00e9nagement ?"}]},{"@type":"WebSite","@id":"https:\/\/www.mydemenageur.com\/blog\/#website","url":"https:\/\/www.mydemenageur.com\/blog\/","name":"MyDemenageur","description":"Conseils d\u00e9m\u00e9ngement entre particuliers et d\u00e9m\u00e9nagement professionnel","publisher":{"@id":"https:\/\/www.mydemenageur.com\/blog\/#organization"},"potentialAction":[{"@type":"SearchAction","target":{"@type":"EntryPoint","urlTemplate":"https:\/\/www.mydemenageur.com\/blog\/?s={search_term_string}"},"query-input":{"@type":"PropertyValueSpecification","valueRequired":true,"valueName":"search_term_string"}}],"inLanguage":"fr-FR"},{"@type":"Organization","@id":"https:\/\/www.mydemenageur.com\/blog\/#organization","name":"MyDemenageur.com","url":"https:\/\/www.mydemenageur.com\/blog\/","logo":{"@type":"ImageObject","inLanguage":"fr-FR","@id":"https:\/\/www.mydemenageur.com\/blog\/#\/schema\/logo\/image\/","url":"https:\/\/www.mydemenageur.com\/blog\/wp-content\/uploads\/2022\/05\/MyDemenageur_Symbol.jpg","contentUrl":"https:\/\/www.mydemenageur.com\/blog\/wp-content\/uploads\/2022\/05\/MyDemenageur_Symbol.jpg","width":878,"height":877,"caption":"MyDemenageur.com"},"image":{"@id":"https:\/\/www.mydemenageur.com\/blog\/#\/schema\/logo\/image\/"},"sameAs":["https:\/\/www.facebook.com\/mydemenageur","https:\/\/x.com\/mydemenageur","https:\/\/www.pinterest.fr\/mydemenageur\/"]},{"@type":"Person","@id":"https:\/\/www.mydemenageur.com\/blog\/#\/schema\/person\/4540dc333c2e7dc790f0f7bcd5b99569","name":"Mathilde","image":{"@type":"ImageObject","inLanguage":"fr-FR","@id":"https:\/\/www.mydemenageur.com\/blog\/#\/schema\/person\/image\/","url":"https:\/\/secure.gravatar.com\/avatar\/abde069f6f70261ee6ecea93e0437d77?s=96&#038;r=g","contentUrl":"https:\/\/secure.gravatar.com\/avatar\/abde069f6f70261ee6ecea93e0437d77?s=96&#038;r=g","caption":"Mathilde"},"description":"L'harmonie des couleurs et des objets m'a toujours fascin\u00e9e, transformant chaque pi\u00e8ce en un lieu unique et agr\u00e9able \u00e0 vivre. Sur MyDemenageur, vous trouverez non seulement des inspirations personnelles, mais aussi des informations r\u00e9centes sur le monde de la d\u00e9coration, les projets de maison, le d\u00e9m\u00e9nagement et les travaux.","url":"https:\/\/www.mydemenageur.com\/blog\/author\/mathilde\/"}]}},"modified_by":"Ma\u00ebl Poullain","_links":{"self":[{"href":"https:\/\/www.mydemenageur.com\/blog\/wp-json\/wp\/v2\/posts\/16197"}],"collection":[{"href":"https:\/\/www.mydemenageur.com\/blog\/wp-json\/wp\/v2\/posts"}],"about":[{"href":"https:\/\/www.mydemenageur.com\/blog\/wp-json\/wp\/v2\/types\/post"}],"author":[{"embeddable":true,"href":"https:\/\/www.mydemenageur.com\/blog\/wp-json\/wp\/v2\/users\/11"}],"replies":[{"embeddable":true,"href":"https:\/\/www.mydemenageur.com\/blog\/wp-json\/wp\/v2\/comments?post=16197"}],"version-history":[{"count":0,"href":"https:\/\/www.mydemenageur.com\/blog\/wp-json\/wp\/v2\/posts\/16197\/revisions"}],"wp:featuredmedia":[{"embeddable":true,"href":"https:\/\/www.mydemenageur.com\/blog\/wp-json\/wp\/v2\/media\/21767"}],"wp:attachment":[{"href":"https:\/\/www.mydemenageur.com\/blog\/wp-json\/wp\/v2\/media?parent=16197"}],"wp:term":[{"taxonomy":"category","embeddable":true,"href":"https:\/\/www.mydemenageur.com\/blog\/wp-json\/wp\/v2\/categories?post=16197"},{"taxonomy":"post_tag","embeddable":true,"href":"https:\/\/www.mydemenageur.com\/blog\/wp-json\/wp\/v2\/tags?post=16197"}],"curies":[{"name":"wp","href":"https:\/\/api.w.org\/{rel}","templated":true}]}}