{"id":1698,"date":"2020-06-30T11:11:58","date_gmt":"2020-06-30T11:11:58","guid":{"rendered":"https:\/\/www.mydemenageur.com\/blog\/?p=1698"},"modified":"2024-09-16T13:53:13","modified_gmt":"2024-09-16T11:53:13","slug":"personnes-agees-comment-bien-les-accompagner-dans-leur-demenagement","status":"publish","type":"post","link":"https:\/\/www.mydemenageur.com\/blog\/personnes-agees-comment-bien-les-accompagner-dans-leur-demenagement\/","title":{"rendered":"Comment accompagner les personnes \u00e2g\u00e9es dans leur d\u00e9m\u00e9nagement ?"},"content":{"rendered":"<p>Tous ceux qui ont d\u00e9j\u00e0 d\u00e9m\u00e9nag\u00e9 en conviendront, un d\u00e9m\u00e9nagement peut entra\u00eener beaucoup de stress s\u2019il n\u2019est pas correctement pr\u00e9par\u00e9. Ce stress est encore plus intense pour les personnes \u00e2g\u00e9es, qu\u2019elle d\u00e9m\u00e9nage pour se rapprocher de sa famille ou encore en raison d\u2019une perte d\u2019autonomie. Voici quelques conseils pour <a href=\"\/blog\/demarches-autorisations\/\">organiser<\/a> au mieux ce grand changement dans la vie d\u2019un senior.<\/p>\n<div id=\"ez-toc-container\" class=\"ez-toc-v2_0_82_2 counter-hierarchy ez-toc-counter ez-toc-custom ez-toc-container-direction\">\n<div class=\"ez-toc-title-container\">\n<p class=\"ez-toc-title\" style=\"cursor:inherit\">Ce que vous allez apprendre<\/p>\n<span class=\"ez-toc-title-toggle\"><\/span><\/div>\n<nav><ul class='ez-toc-list ez-toc-list-level-1 ' ><li class='ez-toc-page-1 ez-toc-heading-level-2'><a class=\"ez-toc-link ez-toc-heading-1\" href=\"https:\/\/www.mydemenageur.com\/blog\/personnes-agees-comment-bien-les-accompagner-dans-leur-demenagement\/#se-preparer-mentalement\" >Se pr\u00e9parer mentalement<\/a><\/li><li class='ez-toc-page-1 ez-toc-heading-level-2'><a class=\"ez-toc-link ez-toc-heading-2\" href=\"https:\/\/www.mydemenageur.com\/blog\/personnes-agees-comment-bien-les-accompagner-dans-leur-demenagement\/#faire-le-tri\" >Faire le tri<\/a><\/li><li class='ez-toc-page-1 ez-toc-heading-level-2'><a class=\"ez-toc-link ez-toc-heading-3\" href=\"https:\/\/www.mydemenageur.com\/blog\/personnes-agees-comment-bien-les-accompagner-dans-leur-demenagement\/#preparer-les-cartons\" >Pr\u00e9parer les cartons<\/a><\/li><li class='ez-toc-page-1 ez-toc-heading-level-2'><a class=\"ez-toc-link ez-toc-heading-4\" href=\"https:\/\/www.mydemenageur.com\/blog\/personnes-agees-comment-bien-les-accompagner-dans-leur-demenagement\/#organiser-le-transport\" >Organiser le transport<\/a><\/li><li class='ez-toc-page-1 ez-toc-heading-level-2'><a class=\"ez-toc-link ez-toc-heading-5\" href=\"https:\/\/www.mydemenageur.com\/blog\/personnes-agees-comment-bien-les-accompagner-dans-leur-demenagement\/#etudier-les-solutions-de-financement\" >Etudier les solutions de financement<\/a><\/li><li class='ez-toc-page-1 ez-toc-heading-level-2'><a class=\"ez-toc-link ez-toc-heading-6\" href=\"https:\/\/www.mydemenageur.com\/blog\/personnes-agees-comment-bien-les-accompagner-dans-leur-demenagement\/#se-faire-aider-quand-vous-etes-une-personne-agee\" >Se faire aider quand vous \u00eates une personne \u00e2g\u00e9e<\/a><\/li><li class='ez-toc-page-1 ez-toc-heading-level-2'><a class=\"ez-toc-link ez-toc-heading-7\" href=\"https:\/\/www.mydemenageur.com\/blog\/personnes-agees-comment-bien-les-accompagner-dans-leur-demenagement\/#regler-les-formalites-administratives\" >R\u00e9gler les formalit\u00e9s administratives<\/a><\/li><li class='ez-toc-page-1 ez-toc-heading-level-2'><a class=\"ez-toc-link ez-toc-heading-8\" href=\"https:\/\/www.mydemenageur.com\/blog\/personnes-agees-comment-bien-les-accompagner-dans-leur-demenagement\/#prendre-ses-marques-pour-personne-agee\" >Prendre ses marques pour personne \u00e2g\u00e9e<\/a><\/li><\/ul><\/nav><\/div>\n<h2><span class=\"ez-toc-section\" id=\"se-preparer-mentalement\"><\/span>Se pr\u00e9parer mentalement<span class=\"ez-toc-section-end\"><\/span><\/h2>\n<p>Pour qu\u2019un d\u00e9m\u00e9nagement se d\u00e9roule dans les meilleures conditions, il est important de le pr\u00e9parer, tant d\u2019un point de vue mental que pratique. Il n\u2019est en effet pas facile pour une personne \u00e2g\u00e9e de d\u00e9m\u00e9nager, particuli\u00e8rement si elle y est oblig\u00e9e pour int\u00e9grer un logement plus adapt\u00e9, ou encore un Ehpad en raison d\u2019une perte d\u2019autonomie.<br \/>\nLorsqu\u2019elle d\u00e9m\u00e9nage, la personne \u00e2g\u00e9e quitte le lieu de vie dans lequel elle a ses rep\u00e8res, ses habitudes et ses souvenirs. Ainsi, il est essentiel d\u2019\u00e9couter ses craintes et de la rassurer en soulignant les aspects positifs du d\u00e9m\u00e9nagement. Il s\u2019agit de s\u2019y prendre suffisamment longtemps \u00e0 l\u2019avance afin de laisser au senior le temps de se pr\u00e9parer mentalement \u00e0 ce grand bouleversement. Vous pourrez l\u2019y aider en l\u2019impliquant en fonction de ses capacit\u00e9s dans les diff\u00e9rentes \u00e9tapes du d\u00e9m\u00e9nagement.<br \/>\n<img decoding=\"async\" src=\"https:\/\/www.mydemenageur.com\/blog\/wp-content\/uploads\/2020\/06\/Campagne-ulule-_-on-a-besoin-de-vous.png\" alt=\"Conseils d\u00e9m\u00e9nagement : transport, m\u00e9nage, d\u00e9marches, r\u00e9parations\" width=\"450\" height=\"450\" \/><\/p>\n<h2><span class=\"ez-toc-section\" id=\"faire-le-tri\"><\/span>Faire le tri<span class=\"ez-toc-section-end\"><\/span><\/h2>\n<p>Afin de limiter le volume du d\u00e9m\u00e9nagement, il est imp\u00e9ratif de faire du tri. En effet, inutile de d\u00e9m\u00e9nager de vieux meubles ou des bibelots qui ne trouveront plus leur place dans le nouvel int\u00e9rieur de votre proche. Il s\u2019agit de distinguer ce qu\u2019il souhaite emporter dans sa nouvelle habitation, de ce qu\u2019il souhaite vendre, donner ou jeter.<br \/>\nCette \u00e9tape peut \u00eatre douloureuse pour une personne \u00e2g\u00e9e, c\u2019est pourquoi il est essentiel de ne pas la brusquer en la laissant choisir ce dont elle souhaite se s\u00e9parer. Il sera parfois plus facile pour elle de donner ses affaires \u00e0 quelqu\u2019un de son entourage ou \u00e0 une \u0153uvre caritative afin qu\u2019elles puissent trouver une nouvelle vie.<br \/>\n<img decoding=\"async\" src=\"https:\/\/www.mydemenageur.com\/blog\/wp-content\/uploads\/2020\/06\/35-e1593160058512.png\" alt=\"Dame perdu\" width=\"750\" height=\"500\" \/><\/p>\n<h2><span class=\"ez-toc-section\" id=\"preparer-les-cartons\"><\/span>Pr\u00e9parer les cartons<span class=\"ez-toc-section-end\"><\/span><\/h2>\n<p>Afin de faciliter le d\u00e9m\u00e9nagement et de le rendre plus rapide et moins \u00e9prouvant, il s\u2019agit de pr\u00e9parer les cartons m\u00e9thodiquement.<br \/>\nCommencez ainsi par emballer la d\u00e9coration (cadres, bibelots, etc.) ainsi que les affaires dont votre proche ne se servira pas durant les jours pr\u00e9c\u00e9dant le d\u00e9m\u00e9nagement. Proc\u00e9dez ensuite pi\u00e8ce par pi\u00e8ce et veillez \u00e0 indiquer sur chaque carton ce qu\u2019il contient ainsi que sa destination dans le futur logement de votre proche.<\/p>\n<h2><span class=\"ez-toc-section\" id=\"organiser-le-transport\"><\/span>Organiser le transport<span class=\"ez-toc-section-end\"><\/span><\/h2>\n<p>Lorsque vous aurez une estimation plus pr\u00e9cise du nombre de cartons \u00e0 d\u00e9m\u00e9nager, il s\u2019agira de d\u00e9terminer le type de v\u00e9hicule n\u00e9cessaire \u00e0 leur transport. Si vous ne disposez pas d\u2019un v\u00e9hicule adapt\u00e9 \u00e0 un d\u00e9m\u00e9nagement et pour autant que le volume de d\u00e9m\u00e9nagement le permette, l\u2019une des solutions les plus \u00e9conomiques consiste \u00e0 louer un utilitaire. Afin de b\u00e9n\u00e9ficier du tarif le moins cher, il est essentiel de <a href=\"https:\/\/www.mydemenageur.com\/comparateur\/utilitaires\">comparer le prix des transports<\/a>. De plus, si votre proche d\u00e9m\u00e9nage en ville, pensez \u00e0 r\u00e9server une place de stationnement devant sa nouvelle habitation.<br \/>\n<img decoding=\"async\" class=\"alignnone\" src=\"https:\/\/www.mydemenageur.com\/blog\/wp-content\/uploads\/2019\/10\/demenageurs-pros.jpg\" alt=\"d\u00e9m\u00e9nageurs professionnels\" width=\"680\" height=\"489\" \/><\/p>\n<h2><span class=\"ez-toc-section\" id=\"etudier-les-solutions-de-financement\"><\/span>Etudier les solutions de financement<span class=\"ez-toc-section-end\"><\/span><\/h2>\n<p>Afin de limiter le co\u00fbt du d\u00e9m\u00e9nagement, sachez qu\u2019il existe certaines aides pour les seniors souhaitant d\u00e9m\u00e9nager. Par cons\u00e9quent, pensez \u00e0 vous renseigner aupr\u00e8s de la caisse de retraite de votre proche afin de savoir si il est \u00e9ligible pour une allocation de d\u00e9m\u00e9nagement. Si cela n\u2019est pas suffisant, sachez qu\u2019il est possible de contracter un <a href=\"https:\/\/www.topcompare.be\/fr\/pret\">pr\u00eat<\/a> afin de financer un d\u00e9m\u00e9nagement.<\/p>\n<h2><span class=\"ez-toc-section\" id=\"se-faire-aider-quand-vous-etes-une-personne-agee\"><\/span><span id=\"p15\">Se faire aider quand vous \u00eates une personne \u00e2g\u00e9e<\/span><span class=\"ez-toc-section-end\"><\/span><\/h2>\n<p>D\u00e9m\u00e9nager tout seul est un v\u00e9ritable d\u00e9fi, particuli\u00e8rement lorsque l\u2019on n\u2019est pas en mesure de porter des charges lourdes. Certaines personnes \u00e2g\u00e9es isol\u00e9es ne disposent pas n\u00e9cessairement d\u2019une dizaine de bras pour les aider le jour du d\u00e9m\u00e9nagement, et engager des d\u00e9m\u00e9nageurs professionnels peut vite devenir un gouffre financier.<br \/>\nPour \u00e9viter de d\u00e9penser des centaines d\u2019euros, il vous suffit de publier une annonce afin de <a href=\"https:\/\/www.mydemenageur.com\/blog\/devis\/?utm_source=blog&amp;utm_medium=content&amp;utm_campaign=cta_in_post&amp;utm_content=devis_1_heure\">trouver des gros bras <\/a>disponibles pr\u00e8s de chez vous. En plus de vous aider \u00e0 faire vos cartons, \u00e0 les charger, les d\u00e9charger ou encore \u00e0 monter et d\u00e9monter vos meubles, votre proche rencontrera d\u00e9j\u00e0 des gens de son quartier, ce qui facilitera son int\u00e9gration.<\/p>\n<h2><span class=\"ez-toc-section\" id=\"regler-les-formalites-administratives\"><\/span>R\u00e9gler les formalit\u00e9s administratives<span class=\"ez-toc-section-end\"><\/span><\/h2>\n<p>Plusieurs <a href=\"https:\/\/www.mydemenageur.com\/blog\/pret-immobilier-demenagement\/#more-1663\">d\u00e9marches administratives<\/a> doivent \u00eatre r\u00e9alis\u00e9es lorsque l\u2019on d\u00e9m\u00e9nage. Celles-ci peuvent \u00eatre source de stress pour une personne \u00e2g\u00e9e. Votre proche appr\u00e9ciera tr\u00e8s certainement votre aide pr\u00e9cieuse afin de v\u00e9rifier qu\u2019aucune \u00e9tape n\u2019a \u00e9t\u00e9 oubli\u00e9e.<br \/>\nVeillez par exemple \u00e0 r\u00e9silier ou transf\u00e9rer les abonnements et contrats souscrits aupr\u00e8s des diff\u00e9rents fournisseurs, tels que l\u2019abonnement \u00e0 un journal, les contrats d\u2019\u00e9nergie, de t\u00e9l\u00e9communication ou d\u2019assurances (assurance habitation, etc.). Informez \u00e9galement du changement d\u2019adresse les diff\u00e9rents organismes susceptibles d\u2019entrer en contact avec votre proche (La Poste, banque, caisse de retraite, caisse de s\u00e9curit\u00e9 sociale, imp\u00f4ts, CAF, etc.). La plupart de ces d\u00e9marches peuvent \u00eatre faites facilement sur internet. Enfin, n\u2019oubliez pas d\u2019aider le senior \u00e0 communiquer sa nouvelle adresse \u00e0 ses proches afin qu\u2019ils puissent lui \u00e9crire.<\/p>\n<h2><span class=\"ez-toc-section\" id=\"prendre-ses-marques-pour-personne-agee\"><\/span>Prendre ses marques pour personne \u00e2g\u00e9e<span class=\"ez-toc-section-end\"><\/span><\/h2>\n<p>Afin de faciliter la transition dans sa nouvelle vie, prenez le temps de faire le tour du quartier avec votre proche et de rep\u00e9rer les diff\u00e9rents commerces (supermarch\u00e9, boulangerie, banque, etc.). Pr\u00e9sentez-vous \u00e9galement aux voisins afin d\u2019\u00e9tablir un premier contact, ils pourront peut-\u00eatre veiller sur votre proche en votre absence ou lui rendre quelques services.<br \/>\nSi vous avez besoin d\u2019aide pour mettre en \u0153uvre ces diff\u00e9rentes \u00e9tapes, tournez-vous vers <a href=\"https:\/\/my-jugaad.eu\/\">My-Jugaad<\/a>. Ce service d\u2019assistance 100% personnalis\u00e9 aide les personnes fragilis\u00e9es pour un d\u00e9m\u00e9nagement tout en douceur.<br \/>\n<img decoding=\"async\" src=\"https:\/\/www.mydemenageur.com\/blog\/wp-content\/uploads\/2020\/06\/Ajouter-un-sous-titre.png\" alt=\"Comment \u00eatre accomapgn\u00e9 pour votre d\u00e9m\u00e9nagement ou vide-logement \" width=\"300\" height=\"250\" \/><\/p>\n","protected":false},"excerpt":{"rendered":"<p>Tous ceux qui ont d\u00e9j\u00e0 d\u00e9m\u00e9nag\u00e9 en conviendront, un d\u00e9m\u00e9nagement peut entra\u00eener beaucoup de stress s\u2019il n\u2019est pas correctement pr\u00e9par\u00e9.<\/p>\n","protected":false},"author":11,"featured_media":1708,"comment_status":"closed","ping_status":"closed","sticky":false,"template":"","format":"standard","meta":{"_lmt_disableupdate":"no","_lmt_disable":"no","footnotes":""},"categories":[105],"tags":[],"yoast_head":"<!-- This site is optimized with the Yoast SEO Premium plugin v24.2 (Yoast SEO v24.5) - https:\/\/yoast.com\/wordpress\/plugins\/seo\/ -->\n<title>Comment accompagner les personnes \u00e2g\u00e9es dans leur d\u00e9m\u00e9nagement ?<\/title>\n<meta name=\"description\" content=\"D\u00e9m\u00e9nager : une \u00e9tape \u00e9prouvante dans la vie d&#039;un s\u00e9nior. Pour aider au mieux les personnes \u00e2g\u00e9es ou les aidnts, voici nos 8 astuces !\" \/>\n<meta name=\"robots\" content=\"index, follow, max-snippet:-1, max-image-preview:large, max-video-preview:-1\" \/>\n<link rel=\"canonical\" href=\"https:\/\/www.mydemenageur.com\/blog\/personnes-agees-comment-bien-les-accompagner-dans-leur-demenagement\/\" \/>\n<meta property=\"og:locale\" content=\"fr_FR\" \/>\n<meta property=\"og:type\" content=\"article\" \/>\n<meta property=\"og:title\" content=\"Comment accompagner les personnes \u00e2g\u00e9es dans leur d\u00e9m\u00e9nagement ?\" \/>\n<meta property=\"og:description\" content=\"D\u00e9m\u00e9nager : une \u00e9tape \u00e9prouvante dans la vie d&#039;un s\u00e9nior. Pour aider au mieux les personnes \u00e2g\u00e9es ou les aidnts, voici nos 8 astuces !\" \/>\n<meta property=\"og:url\" content=\"https:\/\/www.mydemenageur.com\/blog\/personnes-agees-comment-bien-les-accompagner-dans-leur-demenagement\/\" \/>\n<meta property=\"og:site_name\" content=\"MyDemenageur\" \/>\n<meta property=\"article:publisher\" content=\"https:\/\/www.facebook.com\/mydemenageur\" \/>\n<meta property=\"article:published_time\" content=\"2020-06-30T11:11:58+00:00\" \/>\n<meta property=\"article:modified_time\" content=\"2024-09-16T11:53:13+00:00\" \/>\n<meta property=\"og:image\" content=\"https:\/\/www.mydemenageur.com\/blog\/wp-content\/uploads\/2020\/06\/imagine-maison.jpg\" \/>\n\t<meta property=\"og:image:width\" content=\"680\" \/>\n\t<meta property=\"og:image:height\" content=\"481\" \/>\n\t<meta property=\"og:image:type\" content=\"image\/jpeg\" \/>\n<meta name=\"author\" content=\"Mathilde\" \/>\n<meta name=\"twitter:card\" content=\"summary_large_image\" \/>\n<meta name=\"twitter:creator\" content=\"@mydemenageur\" \/>\n<meta name=\"twitter:site\" content=\"@mydemenageur\" \/>\n<meta name=\"twitter:label1\" content=\"\u00c9crit par\" \/>\n\t<meta name=\"twitter:data1\" content=\"Mathilde\" \/>\n\t<meta name=\"twitter:label2\" content=\"Dur\u00e9e de lecture estim\u00e9e\" \/>\n\t<meta name=\"twitter:data2\" content=\"6 minutes\" \/>\n<script type=\"application\/ld+json\" class=\"yoast-schema-graph\">{\"@context\":\"https:\/\/schema.org\",\"@graph\":[{\"@type\":\"Article\",\"@id\":\"https:\/\/www.mydemenageur.com\/blog\/personnes-agees-comment-bien-les-accompagner-dans-leur-demenagement\/#article\",\"isPartOf\":{\"@id\":\"https:\/\/www.mydemenageur.com\/blog\/personnes-agees-comment-bien-les-accompagner-dans-leur-demenagement\/\"},\"author\":{\"name\":\"Mathilde\",\"@id\":\"https:\/\/www.mydemenageur.com\/blog\/#\/schema\/person\/4540dc333c2e7dc790f0f7bcd5b99569\"},\"headline\":\"Comment accompagner les personnes \u00e2g\u00e9es dans leur d\u00e9m\u00e9nagement ?\",\"datePublished\":\"2020-06-30T11:11:58+00:00\",\"dateModified\":\"2024-09-16T11:53:13+00:00\",\"mainEntityOfPage\":{\"@id\":\"https:\/\/www.mydemenageur.com\/blog\/personnes-agees-comment-bien-les-accompagner-dans-leur-demenagement\/\"},\"wordCount\":1069,\"publisher\":{\"@id\":\"https:\/\/www.mydemenageur.com\/blog\/#organization\"},\"image\":{\"@id\":\"https:\/\/www.mydemenageur.com\/blog\/personnes-agees-comment-bien-les-accompagner-dans-leur-demenagement\/#primaryimage\"},\"thumbnailUrl\":\"https:\/\/www.mydemenageur.com\/blog\/wp-content\/uploads\/2020\/06\/imagine-maison.jpg\",\"articleSection\":[\"D\u00e9marches et autorisations\"],\"inLanguage\":\"fr-FR\"},{\"@type\":\"WebPage\",\"@id\":\"https:\/\/www.mydemenageur.com\/blog\/personnes-agees-comment-bien-les-accompagner-dans-leur-demenagement\/\",\"url\":\"https:\/\/www.mydemenageur.com\/blog\/personnes-agees-comment-bien-les-accompagner-dans-leur-demenagement\/\",\"name\":\"Comment accompagner les personnes \u00e2g\u00e9es dans leur d\u00e9m\u00e9nagement ?\",\"isPartOf\":{\"@id\":\"https:\/\/www.mydemenageur.com\/blog\/#website\"},\"primaryImageOfPage\":{\"@id\":\"https:\/\/www.mydemenageur.com\/blog\/personnes-agees-comment-bien-les-accompagner-dans-leur-demenagement\/#primaryimage\"},\"image\":{\"@id\":\"https:\/\/www.mydemenageur.com\/blog\/personnes-agees-comment-bien-les-accompagner-dans-leur-demenagement\/#primaryimage\"},\"thumbnailUrl\":\"https:\/\/www.mydemenageur.com\/blog\/wp-content\/uploads\/2020\/06\/imagine-maison.jpg\",\"datePublished\":\"2020-06-30T11:11:58+00:00\",\"dateModified\":\"2024-09-16T11:53:13+00:00\",\"description\":\"D\u00e9m\u00e9nager : une \u00e9tape \u00e9prouvante dans la vie d'un s\u00e9nior. Pour aider au mieux les personnes \u00e2g\u00e9es ou les aidnts, voici nos 8 astuces !\",\"breadcrumb\":{\"@id\":\"https:\/\/www.mydemenageur.com\/blog\/personnes-agees-comment-bien-les-accompagner-dans-leur-demenagement\/#breadcrumb\"},\"inLanguage\":\"fr-FR\",\"potentialAction\":[{\"@type\":\"ReadAction\",\"target\":[\"https:\/\/www.mydemenageur.com\/blog\/personnes-agees-comment-bien-les-accompagner-dans-leur-demenagement\/\"]}]},{\"@type\":\"ImageObject\",\"inLanguage\":\"fr-FR\",\"@id\":\"https:\/\/www.mydemenageur.com\/blog\/personnes-agees-comment-bien-les-accompagner-dans-leur-demenagement\/#primaryimage\",\"url\":\"https:\/\/www.mydemenageur.com\/blog\/wp-content\/uploads\/2020\/06\/imagine-maison.jpg\",\"contentUrl\":\"https:\/\/www.mydemenageur.com\/blog\/wp-content\/uploads\/2020\/06\/imagine-maison.jpg\",\"width\":680,\"height\":481,\"caption\":\"D\u00e9m\u00e9nagement de seniors, comment faire ?\"},{\"@type\":\"BreadcrumbList\",\"@id\":\"https:\/\/www.mydemenageur.com\/blog\/personnes-agees-comment-bien-les-accompagner-dans-leur-demenagement\/#breadcrumb\",\"itemListElement\":[{\"@type\":\"ListItem\",\"position\":1,\"name\":\"Accueil\",\"item\":\"https:\/\/www.mydemenageur.com\/blog\/\"},{\"@type\":\"ListItem\",\"position\":2,\"name\":\"D\u00e9marches et autorisations\",\"item\":\"https:\/\/www.mydemenageur.com\/blog\/categorie\/demarches\/\"},{\"@type\":\"ListItem\",\"position\":3,\"name\":\"Comment accompagner les personnes \u00e2g\u00e9es dans leur d\u00e9m\u00e9nagement ?\"}]},{\"@type\":\"WebSite\",\"@id\":\"https:\/\/www.mydemenageur.com\/blog\/#website\",\"url\":\"https:\/\/www.mydemenageur.com\/blog\/\",\"name\":\"MyDemenageur\",\"description\":\"Conseils d\u00e9m\u00e9ngement entre particuliers et d\u00e9m\u00e9nagement professionnel\",\"publisher\":{\"@id\":\"https:\/\/www.mydemenageur.com\/blog\/#organization\"},\"potentialAction\":[{\"@type\":\"SearchAction\",\"target\":{\"@type\":\"EntryPoint\",\"urlTemplate\":\"https:\/\/www.mydemenageur.com\/blog\/?s={search_term_string}\"},\"query-input\":{\"@type\":\"PropertyValueSpecification\",\"valueRequired\":true,\"valueName\":\"search_term_string\"}}],\"inLanguage\":\"fr-FR\"},{\"@type\":\"Organization\",\"@id\":\"https:\/\/www.mydemenageur.com\/blog\/#organization\",\"name\":\"MyDemenageur.com\",\"url\":\"https:\/\/www.mydemenageur.com\/blog\/\",\"logo\":{\"@type\":\"ImageObject\",\"inLanguage\":\"fr-FR\",\"@id\":\"https:\/\/www.mydemenageur.com\/blog\/#\/schema\/logo\/image\/\",\"url\":\"https:\/\/www.mydemenageur.com\/blog\/wp-content\/uploads\/2022\/05\/MyDemenageur_Symbol.jpg\",\"contentUrl\":\"https:\/\/www.mydemenageur.com\/blog\/wp-content\/uploads\/2022\/05\/MyDemenageur_Symbol.jpg\",\"width\":878,\"height\":877,\"caption\":\"MyDemenageur.com\"},\"image\":{\"@id\":\"https:\/\/www.mydemenageur.com\/blog\/#\/schema\/logo\/image\/\"},\"sameAs\":[\"https:\/\/www.facebook.com\/mydemenageur\",\"https:\/\/x.com\/mydemenageur\",\"https:\/\/www.pinterest.fr\/mydemenageur\/\"]},{\"@type\":\"Person\",\"@id\":\"https:\/\/www.mydemenageur.com\/blog\/#\/schema\/person\/4540dc333c2e7dc790f0f7bcd5b99569\",\"name\":\"Mathilde\",\"image\":{\"@type\":\"ImageObject\",\"inLanguage\":\"fr-FR\",\"@id\":\"https:\/\/www.mydemenageur.com\/blog\/#\/schema\/person\/image\/\",\"url\":\"https:\/\/secure.gravatar.com\/avatar\/abde069f6f70261ee6ecea93e0437d77?s=96&#038;r=g\",\"contentUrl\":\"https:\/\/secure.gravatar.com\/avatar\/abde069f6f70261ee6ecea93e0437d77?s=96&#038;r=g\",\"caption\":\"Mathilde\"},\"description\":\"L'harmonie des couleurs et des objets m'a toujours fascin\u00e9e, transformant chaque pi\u00e8ce en un lieu unique et agr\u00e9able \u00e0 vivre. Sur MyDemenageur, vous trouverez non seulement des inspirations personnelles, mais aussi des informations r\u00e9centes sur le monde de la d\u00e9coration, les projets de maison, le d\u00e9m\u00e9nagement et les travaux.\",\"url\":\"https:\/\/www.mydemenageur.com\/blog\/author\/mathilde\/\"}]}<\/script>\n<!-- \/ Yoast SEO Premium plugin. -->","yoast_head_json":{"title":"Comment accompagner les personnes \u00e2g\u00e9es dans leur d\u00e9m\u00e9nagement ?","description":"D\u00e9m\u00e9nager : une \u00e9tape \u00e9prouvante dans la vie d'un s\u00e9nior. Pour aider au mieux les personnes \u00e2g\u00e9es ou les aidnts, voici nos 8 astuces !","robots":{"index":"index","follow":"follow","max-snippet":"max-snippet:-1","max-image-preview":"max-image-preview:large","max-video-preview":"max-video-preview:-1"},"canonical":"https:\/\/www.mydemenageur.com\/blog\/personnes-agees-comment-bien-les-accompagner-dans-leur-demenagement\/","og_locale":"fr_FR","og_type":"article","og_title":"Comment accompagner les personnes \u00e2g\u00e9es dans leur d\u00e9m\u00e9nagement ?","og_description":"D\u00e9m\u00e9nager : une \u00e9tape \u00e9prouvante dans la vie d'un s\u00e9nior. Pour aider au mieux les personnes \u00e2g\u00e9es ou les aidnts, voici nos 8 astuces !","og_url":"https:\/\/www.mydemenageur.com\/blog\/personnes-agees-comment-bien-les-accompagner-dans-leur-demenagement\/","og_site_name":"MyDemenageur","article_publisher":"https:\/\/www.facebook.com\/mydemenageur","article_published_time":"2020-06-30T11:11:58+00:00","article_modified_time":"2024-09-16T11:53:13+00:00","og_image":[{"width":680,"height":481,"url":"https:\/\/www.mydemenageur.com\/blog\/wp-content\/uploads\/2020\/06\/imagine-maison.jpg","type":"image\/jpeg"}],"author":"Mathilde","twitter_card":"summary_large_image","twitter_creator":"@mydemenageur","twitter_site":"@mydemenageur","twitter_misc":{"\u00c9crit par":"Mathilde","Dur\u00e9e de lecture estim\u00e9e":"6 minutes"},"schema":{"@context":"https:\/\/schema.org","@graph":[{"@type":"Article","@id":"https:\/\/www.mydemenageur.com\/blog\/personnes-agees-comment-bien-les-accompagner-dans-leur-demenagement\/#article","isPartOf":{"@id":"https:\/\/www.mydemenageur.com\/blog\/personnes-agees-comment-bien-les-accompagner-dans-leur-demenagement\/"},"author":{"name":"Mathilde","@id":"https:\/\/www.mydemenageur.com\/blog\/#\/schema\/person\/4540dc333c2e7dc790f0f7bcd5b99569"},"headline":"Comment accompagner les personnes \u00e2g\u00e9es dans leur d\u00e9m\u00e9nagement ?","datePublished":"2020-06-30T11:11:58+00:00","dateModified":"2024-09-16T11:53:13+00:00","mainEntityOfPage":{"@id":"https:\/\/www.mydemenageur.com\/blog\/personnes-agees-comment-bien-les-accompagner-dans-leur-demenagement\/"},"wordCount":1069,"publisher":{"@id":"https:\/\/www.mydemenageur.com\/blog\/#organization"},"image":{"@id":"https:\/\/www.mydemenageur.com\/blog\/personnes-agees-comment-bien-les-accompagner-dans-leur-demenagement\/#primaryimage"},"thumbnailUrl":"https:\/\/www.mydemenageur.com\/blog\/wp-content\/uploads\/2020\/06\/imagine-maison.jpg","articleSection":["D\u00e9marches et autorisations"],"inLanguage":"fr-FR"},{"@type":"WebPage","@id":"https:\/\/www.mydemenageur.com\/blog\/personnes-agees-comment-bien-les-accompagner-dans-leur-demenagement\/","url":"https:\/\/www.mydemenageur.com\/blog\/personnes-agees-comment-bien-les-accompagner-dans-leur-demenagement\/","name":"Comment accompagner les personnes \u00e2g\u00e9es dans leur d\u00e9m\u00e9nagement ?","isPartOf":{"@id":"https:\/\/www.mydemenageur.com\/blog\/#website"},"primaryImageOfPage":{"@id":"https:\/\/www.mydemenageur.com\/blog\/personnes-agees-comment-bien-les-accompagner-dans-leur-demenagement\/#primaryimage"},"image":{"@id":"https:\/\/www.mydemenageur.com\/blog\/personnes-agees-comment-bien-les-accompagner-dans-leur-demenagement\/#primaryimage"},"thumbnailUrl":"https:\/\/www.mydemenageur.com\/blog\/wp-content\/uploads\/2020\/06\/imagine-maison.jpg","datePublished":"2020-06-30T11:11:58+00:00","dateModified":"2024-09-16T11:53:13+00:00","description":"D\u00e9m\u00e9nager : une \u00e9tape \u00e9prouvante dans la vie d'un s\u00e9nior. Pour aider au mieux les personnes \u00e2g\u00e9es ou les aidnts, voici nos 8 astuces !","breadcrumb":{"@id":"https:\/\/www.mydemenageur.com\/blog\/personnes-agees-comment-bien-les-accompagner-dans-leur-demenagement\/#breadcrumb"},"inLanguage":"fr-FR","potentialAction":[{"@type":"ReadAction","target":["https:\/\/www.mydemenageur.com\/blog\/personnes-agees-comment-bien-les-accompagner-dans-leur-demenagement\/"]}]},{"@type":"ImageObject","inLanguage":"fr-FR","@id":"https:\/\/www.mydemenageur.com\/blog\/personnes-agees-comment-bien-les-accompagner-dans-leur-demenagement\/#primaryimage","url":"https:\/\/www.mydemenageur.com\/blog\/wp-content\/uploads\/2020\/06\/imagine-maison.jpg","contentUrl":"https:\/\/www.mydemenageur.com\/blog\/wp-content\/uploads\/2020\/06\/imagine-maison.jpg","width":680,"height":481,"caption":"D\u00e9m\u00e9nagement de seniors, comment faire ?"},{"@type":"BreadcrumbList","@id":"https:\/\/www.mydemenageur.com\/blog\/personnes-agees-comment-bien-les-accompagner-dans-leur-demenagement\/#breadcrumb","itemListElement":[{"@type":"ListItem","position":1,"name":"Accueil","item":"https:\/\/www.mydemenageur.com\/blog\/"},{"@type":"ListItem","position":2,"name":"D\u00e9marches et autorisations","item":"https:\/\/www.mydemenageur.com\/blog\/categorie\/demarches\/"},{"@type":"ListItem","position":3,"name":"Comment accompagner les personnes \u00e2g\u00e9es dans leur d\u00e9m\u00e9nagement ?"}]},{"@type":"WebSite","@id":"https:\/\/www.mydemenageur.com\/blog\/#website","url":"https:\/\/www.mydemenageur.com\/blog\/","name":"MyDemenageur","description":"Conseils d\u00e9m\u00e9ngement entre particuliers et d\u00e9m\u00e9nagement professionnel","publisher":{"@id":"https:\/\/www.mydemenageur.com\/blog\/#organization"},"potentialAction":[{"@type":"SearchAction","target":{"@type":"EntryPoint","urlTemplate":"https:\/\/www.mydemenageur.com\/blog\/?s={search_term_string}"},"query-input":{"@type":"PropertyValueSpecification","valueRequired":true,"valueName":"search_term_string"}}],"inLanguage":"fr-FR"},{"@type":"Organization","@id":"https:\/\/www.mydemenageur.com\/blog\/#organization","name":"MyDemenageur.com","url":"https:\/\/www.mydemenageur.com\/blog\/","logo":{"@type":"ImageObject","inLanguage":"fr-FR","@id":"https:\/\/www.mydemenageur.com\/blog\/#\/schema\/logo\/image\/","url":"https:\/\/www.mydemenageur.com\/blog\/wp-content\/uploads\/2022\/05\/MyDemenageur_Symbol.jpg","contentUrl":"https:\/\/www.mydemenageur.com\/blog\/wp-content\/uploads\/2022\/05\/MyDemenageur_Symbol.jpg","width":878,"height":877,"caption":"MyDemenageur.com"},"image":{"@id":"https:\/\/www.mydemenageur.com\/blog\/#\/schema\/logo\/image\/"},"sameAs":["https:\/\/www.facebook.com\/mydemenageur","https:\/\/x.com\/mydemenageur","https:\/\/www.pinterest.fr\/mydemenageur\/"]},{"@type":"Person","@id":"https:\/\/www.mydemenageur.com\/blog\/#\/schema\/person\/4540dc333c2e7dc790f0f7bcd5b99569","name":"Mathilde","image":{"@type":"ImageObject","inLanguage":"fr-FR","@id":"https:\/\/www.mydemenageur.com\/blog\/#\/schema\/person\/image\/","url":"https:\/\/secure.gravatar.com\/avatar\/abde069f6f70261ee6ecea93e0437d77?s=96&#038;r=g","contentUrl":"https:\/\/secure.gravatar.com\/avatar\/abde069f6f70261ee6ecea93e0437d77?s=96&#038;r=g","caption":"Mathilde"},"description":"L'harmonie des couleurs et des objets m'a toujours fascin\u00e9e, transformant chaque pi\u00e8ce en un lieu unique et agr\u00e9able \u00e0 vivre. Sur MyDemenageur, vous trouverez non seulement des inspirations personnelles, mais aussi des informations r\u00e9centes sur le monde de la d\u00e9coration, les projets de maison, le d\u00e9m\u00e9nagement et les travaux.","url":"https:\/\/www.mydemenageur.com\/blog\/author\/mathilde\/"}]}},"modified_by":"MyDemenageur","_links":{"self":[{"href":"https:\/\/www.mydemenageur.com\/blog\/wp-json\/wp\/v2\/posts\/1698"}],"collection":[{"href":"https:\/\/www.mydemenageur.com\/blog\/wp-json\/wp\/v2\/posts"}],"about":[{"href":"https:\/\/www.mydemenageur.com\/blog\/wp-json\/wp\/v2\/types\/post"}],"author":[{"embeddable":true,"href":"https:\/\/www.mydemenageur.com\/blog\/wp-json\/wp\/v2\/users\/11"}],"replies":[{"embeddable":true,"href":"https:\/\/www.mydemenageur.com\/blog\/wp-json\/wp\/v2\/comments?post=1698"}],"version-history":[{"count":0,"href":"https:\/\/www.mydemenageur.com\/blog\/wp-json\/wp\/v2\/posts\/1698\/revisions"}],"wp:featuredmedia":[{"embeddable":true,"href":"https:\/\/www.mydemenageur.com\/blog\/wp-json\/wp\/v2\/media\/1708"}],"wp:attachment":[{"href":"https:\/\/www.mydemenageur.com\/blog\/wp-json\/wp\/v2\/media?parent=1698"}],"wp:term":[{"taxonomy":"category","embeddable":true,"href":"https:\/\/www.mydemenageur.com\/blog\/wp-json\/wp\/v2\/categories?post=1698"},{"taxonomy":"post_tag","embeddable":true,"href":"https:\/\/www.mydemenageur.com\/blog\/wp-json\/wp\/v2\/tags?post=1698"}],"curies":[{"name":"wp","href":"https:\/\/api.w.org\/{rel}","templated":true}]}}