{"id":1720,"date":"2020-09-11T08:21:48","date_gmt":"2020-09-11T08:21:48","guid":{"rendered":"https:\/\/www.mydemenageur.com\/blog\/?p=1720"},"modified":"2022-01-28T15:44:47","modified_gmt":"2022-01-28T15:44:47","slug":"louer-un-utilitaire-et-demenager-en-temps-de-covid-19-une-evolution-previsible","status":"publish","type":"post","link":"https:\/\/www.mydemenageur.com\/blog\/louer-un-utilitaire-et-demenager-en-temps-de-covid-19-une-evolution-previsible\/","title":{"rendered":"Louer un utilitaire et d\u00e9m\u00e9nager en temps de Covid-19, une \u00e9volution pr\u00e9visible !"},"content":{"rendered":"<p style=\"text-align: left;\">En 2020, comme au cours des autres ann\u00e9es, l\u2019\u00e9t\u00e9 concentre une grande partie des\u00a0<a href=\"https:\/\/www.mydemenageur.com\/blog\/transport\/\">d\u00e9m\u00e9nagements<\/a> en France. Confinement oblige \u00e0 cause du Covid-19, un effet de report a pu \u00eatre constat\u00e9 en cet\u00a0\u00e9t\u00e9 2020. En outre, louer un utilitaire <a href=\"https:\/\/www.mydemenageur.com\/blog\/coronavirus-et-demenagement-est-il-encore-possible-de-demenager\/\">pour d\u00e9m\u00e9nager<\/a> pourrait devenir une recherche\u00a0courante au vu des d\u00e9cisions prises au cours de ce confinement. Pourtant, la situation sanitaire impose aussi de respecter de nouvelles r\u00e8gles et de se conformer \u00e0 des prescriptions de base.<\/p>\n<p style=\"text-align: left;\"><img decoding=\"async\" class=\"size-full wp-image-1727 aligncenter\" src=\"https:\/\/www.mydemenageur.com\/blog\/wp-content\/uploads\/2020\/09\/1445009283-demenagement.jpg\" alt=\"d\u00e9m\u00e9nager et louer un v\u00e9hicule\" width=\"425\" height=\"282\" srcset=\"https:\/\/www.mydemenageur.com\/blog\/wp-content\/uploads\/2020\/09\/1445009283-demenagement.jpg 425w, https:\/\/www.mydemenageur.com\/blog\/wp-content\/uploads\/2020\/09\/1445009283-demenagement-300x199.jpg 300w\" sizes=\"(max-width: 425px) 100vw, 425px\" \/><\/p>\n<div id=\"ez-toc-container\" class=\"ez-toc-v2_0_82_2 counter-hierarchy ez-toc-counter ez-toc-custom ez-toc-container-direction\">\n<div class=\"ez-toc-title-container\">\n<p class=\"ez-toc-title\" style=\"cursor:inherit\">Ce que vous allez apprendre<\/p>\n<span class=\"ez-toc-title-toggle\"><\/span><\/div>\n<nav><ul class='ez-toc-list ez-toc-list-level-1 ' ><li class='ez-toc-page-1 ez-toc-heading-level-2'><a class=\"ez-toc-link ez-toc-heading-1\" href=\"https:\/\/www.mydemenageur.com\/blog\/louer-un-utilitaire-et-demenager-en-temps-de-covid-19-une-evolution-previsible\/#demenager-en-periode-de-crise-sanitaire-de-nouvelles-habitudes-a-prendre\" >D\u00e9m\u00e9nager en p\u00e9riode de crise sanitaire, de\u00a0nouvelles habitudes \u00e0 prendre<\/a><\/li><li class='ez-toc-page-1 ez-toc-heading-level-2'><a class=\"ez-toc-link ez-toc-heading-2\" href=\"https:\/\/www.mydemenageur.com\/blog\/louer-un-utilitaire-et-demenager-en-temps-de-covid-19-une-evolution-previsible\/#louer-un-utilitaire-en-toute-securite-un-rappel-des-regles-de-bon-sens\" >Louer un utilitaire en toute s\u00e9curit\u00e9, un rappel des\u00a0r\u00e8gles de bon sens<\/a><\/li><\/ul><\/nav><\/div>\n<h2><span class=\"ez-toc-section\" id=\"demenager-en-periode-de-crise-sanitaire-de-nouvelles-habitudes-a-prendre\"><\/span>D\u00e9m\u00e9nager en p\u00e9riode de crise sanitaire, de\u00a0nouvelles habitudes \u00e0 prendre<span class=\"ez-toc-section-end\"><\/span><\/h2>\n<p>Au cours du confinement, les d\u00e9placements, jug\u00e9s non essentiels, \u00e9taient interdits, et tr\u00e8s rapidement, le gouvernement interdisait m\u00eame, le recours \u00e0 des soci\u00e9t\u00e9s de d\u00e9m\u00e9nagement\u00a0(d\u00e9cision du 1 er avril 2020).<\/p>\n<p>Depuis le d\u00e9but du d\u00e9confinement, les possibilit\u00e9s de pouvoir\u00a0changer de lieu d\u2019habitation ont peu \u00e0 peu repris leurs droits. Avec ou sans l\u2019assistance de\u00a0professionnels, d\u00e9m\u00e9nager est donc d\u00e9sormais possible, m\u00eame si de nouvelles r\u00e8gles se sont\u00a0impos\u00e9es, notamment pour des raisons sanitaires et pour \u00e9viter la propagation incontr\u00f4l\u00e9e\u00a0du coronavirus.<br \/>\n<a href=\"https:\/\/www.mydemenageur.com\/blog\/demenagement-longue-distance\/\">Les soci\u00e9t\u00e9s de d\u00e9m\u00e9nagement<\/a> ont instaur\u00e9 des protocoles sanitaires, en conformit\u00e9 avec les normes l\u00e9gales et les prescriptions des autorit\u00e9s sanitaires. En revanche, ben que les conseils se multiplient, il n\u2019existe pas de guide officiel pour d\u00e9m\u00e9nager par ses propres moyens en p\u00e9riode de Covid-19.<br \/>\n<img decoding=\"async\" class=\"size-full wp-image-1498 aligncenter\" src=\"https:\/\/www.mydemenageur.com\/blog\/wp-content\/uploads\/2019\/10\/ADA-iveco-daily.jpg\" alt=\"utilitaire demenagement\" width=\"680\" height=\"431\" srcset=\"https:\/\/www.mydemenageur.com\/blog\/wp-content\/uploads\/2019\/10\/ADA-iveco-daily.jpg 680w, https:\/\/www.mydemenageur.com\/blog\/wp-content\/uploads\/2019\/10\/ADA-iveco-daily-300x190.jpg 300w\" sizes=\"(max-width: 680px) 100vw, 680px\" \/><\/p>\n<h2><span class=\"ez-toc-section\" id=\"louer-un-utilitaire-en-toute-securite-un-rappel-des-regles-de-bon-sens\"><\/span>Louer un utilitaire en toute s\u00e9curit\u00e9, un rappel des\u00a0r\u00e8gles de bon sens<span class=\"ez-toc-section-end\"><\/span><\/h2>\n<p>Les candidats au d\u00e9m\u00e9nagement sont nombreux en ce second semestre 2020. De nombreux\u00a0d\u00e9m\u00e9nagements n\u2019ont pas pu \u00eatre r\u00e9alis\u00e9s suite \u00e0 cette crise sanitaire, et d\u00e9sormais chacun\u00a0veut acc\u00e9l\u00e9rer la proc\u00e9dure. <a href=\"https:\/\/www.mydemenageur.com\/blog\/chargement-camion-demenagement\/\">Louer un utilitaire<\/a> constitue, dans la tr\u00e8s grande majorit\u00e9 des\u00a0cas (tout le monde ne connait pas le propri\u00e9taire d\u2019un camion ou d\u2019une camionnette), la\u00a0premi\u00e8re \u00e9tape. En la mati\u00e8re, les fondamentaux n\u2019ont gu\u00e8re \u00e9volu\u00e9, puisqu\u2019un des\u00a0premiers crit\u00e8res pris en compte par celles et ceux, qui veulent organiser leur\u00a0d\u00e9m\u00e9nagement, reste le prix de cette location utilitaire. Le recours \u00e0 un comparateur de\u00a0location utilitaire reste toujours l\u2019option \u00e0 privil\u00e9gier pour b\u00e9n\u00e9ficier des meilleures\u00a0opportunit\u00e9s.<\/p>\n<p>Que ce soit aupr\u00e8s d\u2019un <a href=\"https:\/\/www.mydemenageur.com\/blog\/profils-confiance\/\">particulier<\/a> ou aupr\u00e8s d\u2019une agence reconnue dans la location de v\u00e9hicules, cette r\u00e9servation doit toujours reposer sur le choix d\u2019un camion de d\u00e9m\u00e9nagement adapt\u00e9 \u00e0 ses besoins, mais implique aussi le respect des gestes barri\u00e8res<br \/>\n(port du masque, distanciation sociale, \u2026). En revanche, cette crise sanitaire impose aussi de\u00a0nouvelles obligations et devoirs tant pour le loueur que pour le client :<\/p>\n<ul>\n<li>Les camions sont nettoy\u00e9s et d\u00e9sinfect\u00e9s entre chaque location (habitacle, poste de<br \/>\nconduite, \u2026)<\/li>\n<li>Au cours de la location, il appartient au client de veiller au respect des r\u00e8gles de base,<br \/>\n\u00e0 savoir :<\/p>\n<ul>\n<li style=\"list-style-type: none;\">\n<ul>\n<li>Le lavage des mains r\u00e9guliers,<\/li>\n<li>Le port du masque lorsque la cabine du camion de d\u00e9m\u00e9nagement est occup\u00e9e par plusieurs personnes,<\/li>\n<li>L\u2019utilisation de gel hydroalcoolique pendant les op\u00e9rations de manutention.<\/li>\n<\/ul>\n<\/li>\n<\/ul>\n<\/li>\n<\/ul>\n<p>D\u00e9m\u00e9nager emp\u00eache bien souvent le respect de la distanciation n\u00e9cessaire \u00e0 la protection contre le virus. L\u2019utilisation de gants mais aussi d\u2019une visi\u00e8re (le port du masque pouvant \u00eatre p\u00e9nible pour la manutention de charges lourdes) sont recommand\u00e9es.<\/p>\n<p>Le march\u00e9 de la <a href=\"https:\/\/www.mydemenageur.com\/blog\/location-utilitaire-entre-particuliers\/\">location utilitaire<\/a> a retrouv\u00e9 des\u00a0couleurs apr\u00e8s le d\u00e9confinement.<\/p>\n<p>Emp\u00each\u00e9s de d\u00e9placements pendant de longues semaines, les fran\u00e7aises et les Fran\u00e7ais ont\u00a0retrouv\u00e9 le chemin de la location d\u2019utilitaires, notamment pour d\u00e9m\u00e9nager. Il faut dire, que\u00a0le confinement a initi\u00e9 de nombreux projets de reconversion chez de nombreux habitants de\u00a0grandes m\u00e9tropoles. Ces derniers ont en effet pris conscience, qu\u2019ils pouvaient effectuer\u00a0leur travail depuis n\u2019importe quel domicile, et les envies de campagne et\/ou de grands\u00a0espaces se fait fortement ressentir chez les cadres franciliens ou lyonnais notamment.<br \/>\nD\u00e8s la fin du d\u00e9confinement, le 11 mai 2020, le march\u00e9 de la location d\u2019utilitaires a connu une explosion de son activit\u00e9 avec une croissance de plus de 550 % par rapport au mois pr\u00e9c\u00e9dent. L\u2019analyse de cette location de v\u00e9hicules utilitaires en France atteste que la n\u00e9cessit\u00e9 de trouver un camion ou une camionnette reste une pr\u00e9occupation fr\u00e9quente dans la population.<\/p>\n<p>Les prochains mois devraient confirmer ou infirmer cette tendance \u00e9voqu\u00e9e ci-dessus, et on devrait rapidement savoir si cette envie de d\u00e9m\u00e9nager se traduit dans les chiffres de la location d\u2019utilitaires.<\/p>\n","protected":false},"excerpt":{"rendered":"<p>En 2020, comme au cours des autres ann\u00e9es, l\u2019\u00e9t\u00e9 concentre une grande partie des\u00a0d\u00e9m\u00e9nagements en France. Confinement oblige \u00e0 cause<\/p>\n","protected":false},"author":11,"featured_media":1498,"comment_status":"closed","ping_status":"closed","sticky":false,"template":"","format":"standard","meta":{"_lmt_disableupdate":"","_lmt_disable":"","footnotes":""},"categories":[106],"tags":[],"yoast_head":"<!-- This site is optimized with the Yoast SEO Premium plugin v24.2 (Yoast SEO v24.5) - https:\/\/yoast.com\/wordpress\/plugins\/seo\/ -->\n<title>Louer un utilitaire et d\u00e9m\u00e9nager en temps de Covid-19, une \u00e9volution pr\u00e9visible !<\/title>\n<meta name=\"description\" content=\"Avec le confinement, le march\u00e9 de la location d\u2019utilitaires en France a connu un arr\u00eat brutal. Aujourd\u2019hui, louer un utilitaire est redevenu possible bien qu\u2019il faille respecter de nouvelles r\u00e8gles.\" \/>\n<meta name=\"robots\" content=\"index, follow, max-snippet:-1, max-image-preview:large, max-video-preview:-1\" \/>\n<link rel=\"canonical\" href=\"https:\/\/www.mydemenageur.com\/blog\/louer-un-utilitaire-et-demenager-en-temps-de-covid-19-une-evolution-previsible\/\" \/>\n<meta property=\"og:locale\" content=\"fr_FR\" \/>\n<meta property=\"og:type\" content=\"article\" \/>\n<meta property=\"og:title\" content=\"Louer un utilitaire et d\u00e9m\u00e9nager en temps de Covid-19, une \u00e9volution pr\u00e9visible !\" \/>\n<meta property=\"og:description\" content=\"Avec le confinement, le march\u00e9 de la location d\u2019utilitaires en France a connu un arr\u00eat brutal. Aujourd\u2019hui, louer un utilitaire est redevenu possible bien qu\u2019il faille respecter de nouvelles r\u00e8gles.\" \/>\n<meta property=\"og:url\" content=\"https:\/\/www.mydemenageur.com\/blog\/louer-un-utilitaire-et-demenager-en-temps-de-covid-19-une-evolution-previsible\/\" \/>\n<meta property=\"og:site_name\" content=\"MyDemenageur\" \/>\n<meta property=\"article:publisher\" content=\"https:\/\/www.facebook.com\/mydemenageur\" \/>\n<meta property=\"article:published_time\" content=\"2020-09-11T08:21:48+00:00\" \/>\n<meta property=\"article:modified_time\" content=\"2022-01-28T15:44:47+00:00\" \/>\n<meta property=\"og:image\" content=\"https:\/\/www.mydemenageur.com\/blog\/wp-content\/uploads\/2019\/10\/ADA-iveco-daily.jpg\" \/>\n\t<meta property=\"og:image:width\" content=\"680\" \/>\n\t<meta property=\"og:image:height\" content=\"431\" \/>\n\t<meta property=\"og:image:type\" content=\"image\/jpeg\" \/>\n<meta name=\"author\" content=\"Mathilde\" \/>\n<meta name=\"twitter:card\" content=\"summary_large_image\" \/>\n<meta name=\"twitter:creator\" content=\"@mydemenageur\" \/>\n<meta name=\"twitter:site\" content=\"@mydemenageur\" \/>\n<meta name=\"twitter:label1\" content=\"\u00c9crit par\" \/>\n\t<meta name=\"twitter:data1\" content=\"Mathilde\" \/>\n\t<meta name=\"twitter:label2\" content=\"Dur\u00e9e de lecture estim\u00e9e\" \/>\n\t<meta name=\"twitter:data2\" content=\"4 minutes\" \/>\n<script type=\"application\/ld+json\" class=\"yoast-schema-graph\">{\"@context\":\"https:\/\/schema.org\",\"@graph\":[{\"@type\":\"Article\",\"@id\":\"https:\/\/www.mydemenageur.com\/blog\/louer-un-utilitaire-et-demenager-en-temps-de-covid-19-une-evolution-previsible\/#article\",\"isPartOf\":{\"@id\":\"https:\/\/www.mydemenageur.com\/blog\/louer-un-utilitaire-et-demenager-en-temps-de-covid-19-une-evolution-previsible\/\"},\"author\":{\"name\":\"Mathilde\",\"@id\":\"https:\/\/www.mydemenageur.com\/blog\/#\/schema\/person\/4540dc333c2e7dc790f0f7bcd5b99569\"},\"headline\":\"Louer un utilitaire et d\u00e9m\u00e9nager en temps de Covid-19, une \u00e9volution pr\u00e9visible !\",\"datePublished\":\"2020-09-11T08:21:48+00:00\",\"dateModified\":\"2022-01-28T15:44:47+00:00\",\"mainEntityOfPage\":{\"@id\":\"https:\/\/www.mydemenageur.com\/blog\/louer-un-utilitaire-et-demenager-en-temps-de-covid-19-une-evolution-previsible\/\"},\"wordCount\":810,\"publisher\":{\"@id\":\"https:\/\/www.mydemenageur.com\/blog\/#organization\"},\"image\":{\"@id\":\"https:\/\/www.mydemenageur.com\/blog\/louer-un-utilitaire-et-demenager-en-temps-de-covid-19-une-evolution-previsible\/#primaryimage\"},\"thumbnailUrl\":\"https:\/\/www.mydemenageur.com\/blog\/wp-content\/uploads\/2019\/10\/ADA-iveco-daily.jpg\",\"articleSection\":[\"D\u00e9m\u00e9nagement\"],\"inLanguage\":\"fr-FR\"},{\"@type\":\"WebPage\",\"@id\":\"https:\/\/www.mydemenageur.com\/blog\/louer-un-utilitaire-et-demenager-en-temps-de-covid-19-une-evolution-previsible\/\",\"url\":\"https:\/\/www.mydemenageur.com\/blog\/louer-un-utilitaire-et-demenager-en-temps-de-covid-19-une-evolution-previsible\/\",\"name\":\"Louer un utilitaire et d\u00e9m\u00e9nager en temps de Covid-19, une \u00e9volution pr\u00e9visible !\",\"isPartOf\":{\"@id\":\"https:\/\/www.mydemenageur.com\/blog\/#website\"},\"primaryImageOfPage\":{\"@id\":\"https:\/\/www.mydemenageur.com\/blog\/louer-un-utilitaire-et-demenager-en-temps-de-covid-19-une-evolution-previsible\/#primaryimage\"},\"image\":{\"@id\":\"https:\/\/www.mydemenageur.com\/blog\/louer-un-utilitaire-et-demenager-en-temps-de-covid-19-une-evolution-previsible\/#primaryimage\"},\"thumbnailUrl\":\"https:\/\/www.mydemenageur.com\/blog\/wp-content\/uploads\/2019\/10\/ADA-iveco-daily.jpg\",\"datePublished\":\"2020-09-11T08:21:48+00:00\",\"dateModified\":\"2022-01-28T15:44:47+00:00\",\"description\":\"Avec le confinement, le march\u00e9 de la location d\u2019utilitaires en France a connu un arr\u00eat brutal. Aujourd\u2019hui, louer un utilitaire est redevenu possible bien qu\u2019il faille respecter de nouvelles r\u00e8gles.\",\"breadcrumb\":{\"@id\":\"https:\/\/www.mydemenageur.com\/blog\/louer-un-utilitaire-et-demenager-en-temps-de-covid-19-une-evolution-previsible\/#breadcrumb\"},\"inLanguage\":\"fr-FR\",\"potentialAction\":[{\"@type\":\"ReadAction\",\"target\":[\"https:\/\/www.mydemenageur.com\/blog\/louer-un-utilitaire-et-demenager-en-temps-de-covid-19-une-evolution-previsible\/\"]}]},{\"@type\":\"ImageObject\",\"inLanguage\":\"fr-FR\",\"@id\":\"https:\/\/www.mydemenageur.com\/blog\/louer-un-utilitaire-et-demenager-en-temps-de-covid-19-une-evolution-previsible\/#primaryimage\",\"url\":\"https:\/\/www.mydemenageur.com\/blog\/wp-content\/uploads\/2019\/10\/ADA-iveco-daily.jpg\",\"contentUrl\":\"https:\/\/www.mydemenageur.com\/blog\/wp-content\/uploads\/2019\/10\/ADA-iveco-daily.jpg\",\"width\":680,\"height\":431,\"caption\":\"utilitaire demenagement\"},{\"@type\":\"BreadcrumbList\",\"@id\":\"https:\/\/www.mydemenageur.com\/blog\/louer-un-utilitaire-et-demenager-en-temps-de-covid-19-une-evolution-previsible\/#breadcrumb\",\"itemListElement\":[{\"@type\":\"ListItem\",\"position\":1,\"name\":\"Accueil\",\"item\":\"https:\/\/www.mydemenageur.com\/blog\/\"},{\"@type\":\"ListItem\",\"position\":2,\"name\":\"D\u00e9m\u00e9nagement\",\"item\":\"https:\/\/www.mydemenageur.com\/blog\/categorie\/transport\/\"},{\"@type\":\"ListItem\",\"position\":3,\"name\":\"Louer un utilitaire et d\u00e9m\u00e9nager en temps de Covid-19, une \u00e9volution pr\u00e9visible !\"}]},{\"@type\":\"WebSite\",\"@id\":\"https:\/\/www.mydemenageur.com\/blog\/#website\",\"url\":\"https:\/\/www.mydemenageur.com\/blog\/\",\"name\":\"MyDemenageur\",\"description\":\"Conseils d\u00e9m\u00e9ngement entre particuliers et d\u00e9m\u00e9nagement professionnel\",\"publisher\":{\"@id\":\"https:\/\/www.mydemenageur.com\/blog\/#organization\"},\"potentialAction\":[{\"@type\":\"SearchAction\",\"target\":{\"@type\":\"EntryPoint\",\"urlTemplate\":\"https:\/\/www.mydemenageur.com\/blog\/?s={search_term_string}\"},\"query-input\":{\"@type\":\"PropertyValueSpecification\",\"valueRequired\":true,\"valueName\":\"search_term_string\"}}],\"inLanguage\":\"fr-FR\"},{\"@type\":\"Organization\",\"@id\":\"https:\/\/www.mydemenageur.com\/blog\/#organization\",\"name\":\"MyDemenageur.com\",\"url\":\"https:\/\/www.mydemenageur.com\/blog\/\",\"logo\":{\"@type\":\"ImageObject\",\"inLanguage\":\"fr-FR\",\"@id\":\"https:\/\/www.mydemenageur.com\/blog\/#\/schema\/logo\/image\/\",\"url\":\"https:\/\/www.mydemenageur.com\/blog\/wp-content\/uploads\/2022\/05\/MyDemenageur_Symbol.jpg\",\"contentUrl\":\"https:\/\/www.mydemenageur.com\/blog\/wp-content\/uploads\/2022\/05\/MyDemenageur_Symbol.jpg\",\"width\":878,\"height\":877,\"caption\":\"MyDemenageur.com\"},\"image\":{\"@id\":\"https:\/\/www.mydemenageur.com\/blog\/#\/schema\/logo\/image\/\"},\"sameAs\":[\"https:\/\/www.facebook.com\/mydemenageur\",\"https:\/\/x.com\/mydemenageur\",\"https:\/\/www.pinterest.fr\/mydemenageur\/\"]},{\"@type\":\"Person\",\"@id\":\"https:\/\/www.mydemenageur.com\/blog\/#\/schema\/person\/4540dc333c2e7dc790f0f7bcd5b99569\",\"name\":\"Mathilde\",\"image\":{\"@type\":\"ImageObject\",\"inLanguage\":\"fr-FR\",\"@id\":\"https:\/\/www.mydemenageur.com\/blog\/#\/schema\/person\/image\/\",\"url\":\"https:\/\/secure.gravatar.com\/avatar\/abde069f6f70261ee6ecea93e0437d77?s=96&#038;r=g\",\"contentUrl\":\"https:\/\/secure.gravatar.com\/avatar\/abde069f6f70261ee6ecea93e0437d77?s=96&#038;r=g\",\"caption\":\"Mathilde\"},\"description\":\"L'harmonie des couleurs et des objets m'a toujours fascin\u00e9e, transformant chaque pi\u00e8ce en un lieu unique et agr\u00e9able \u00e0 vivre. Sur MyDemenageur, vous trouverez non seulement des inspirations personnelles, mais aussi des informations r\u00e9centes sur le monde de la d\u00e9coration, les projets de maison, le d\u00e9m\u00e9nagement et les travaux.\",\"url\":\"https:\/\/www.mydemenageur.com\/blog\/author\/mathilde\/\"}]}<\/script>\n<!-- \/ Yoast SEO Premium plugin. -->","yoast_head_json":{"title":"Louer un utilitaire et d\u00e9m\u00e9nager en temps de Covid-19, une \u00e9volution pr\u00e9visible !","description":"Avec le confinement, le march\u00e9 de la location d\u2019utilitaires en France a connu un arr\u00eat brutal. Aujourd\u2019hui, louer un utilitaire est redevenu possible bien qu\u2019il faille respecter de nouvelles r\u00e8gles.","robots":{"index":"index","follow":"follow","max-snippet":"max-snippet:-1","max-image-preview":"max-image-preview:large","max-video-preview":"max-video-preview:-1"},"canonical":"https:\/\/www.mydemenageur.com\/blog\/louer-un-utilitaire-et-demenager-en-temps-de-covid-19-une-evolution-previsible\/","og_locale":"fr_FR","og_type":"article","og_title":"Louer un utilitaire et d\u00e9m\u00e9nager en temps de Covid-19, une \u00e9volution pr\u00e9visible !","og_description":"Avec le confinement, le march\u00e9 de la location d\u2019utilitaires en France a connu un arr\u00eat brutal. Aujourd\u2019hui, louer un utilitaire est redevenu possible bien qu\u2019il faille respecter de nouvelles r\u00e8gles.","og_url":"https:\/\/www.mydemenageur.com\/blog\/louer-un-utilitaire-et-demenager-en-temps-de-covid-19-une-evolution-previsible\/","og_site_name":"MyDemenageur","article_publisher":"https:\/\/www.facebook.com\/mydemenageur","article_published_time":"2020-09-11T08:21:48+00:00","article_modified_time":"2022-01-28T15:44:47+00:00","og_image":[{"width":680,"height":431,"url":"https:\/\/www.mydemenageur.com\/blog\/wp-content\/uploads\/2019\/10\/ADA-iveco-daily.jpg","type":"image\/jpeg"}],"author":"Mathilde","twitter_card":"summary_large_image","twitter_creator":"@mydemenageur","twitter_site":"@mydemenageur","twitter_misc":{"\u00c9crit par":"Mathilde","Dur\u00e9e de lecture estim\u00e9e":"4 minutes"},"schema":{"@context":"https:\/\/schema.org","@graph":[{"@type":"Article","@id":"https:\/\/www.mydemenageur.com\/blog\/louer-un-utilitaire-et-demenager-en-temps-de-covid-19-une-evolution-previsible\/#article","isPartOf":{"@id":"https:\/\/www.mydemenageur.com\/blog\/louer-un-utilitaire-et-demenager-en-temps-de-covid-19-une-evolution-previsible\/"},"author":{"name":"Mathilde","@id":"https:\/\/www.mydemenageur.com\/blog\/#\/schema\/person\/4540dc333c2e7dc790f0f7bcd5b99569"},"headline":"Louer un utilitaire et d\u00e9m\u00e9nager en temps de Covid-19, une \u00e9volution pr\u00e9visible !","datePublished":"2020-09-11T08:21:48+00:00","dateModified":"2022-01-28T15:44:47+00:00","mainEntityOfPage":{"@id":"https:\/\/www.mydemenageur.com\/blog\/louer-un-utilitaire-et-demenager-en-temps-de-covid-19-une-evolution-previsible\/"},"wordCount":810,"publisher":{"@id":"https:\/\/www.mydemenageur.com\/blog\/#organization"},"image":{"@id":"https:\/\/www.mydemenageur.com\/blog\/louer-un-utilitaire-et-demenager-en-temps-de-covid-19-une-evolution-previsible\/#primaryimage"},"thumbnailUrl":"https:\/\/www.mydemenageur.com\/blog\/wp-content\/uploads\/2019\/10\/ADA-iveco-daily.jpg","articleSection":["D\u00e9m\u00e9nagement"],"inLanguage":"fr-FR"},{"@type":"WebPage","@id":"https:\/\/www.mydemenageur.com\/blog\/louer-un-utilitaire-et-demenager-en-temps-de-covid-19-une-evolution-previsible\/","url":"https:\/\/www.mydemenageur.com\/blog\/louer-un-utilitaire-et-demenager-en-temps-de-covid-19-une-evolution-previsible\/","name":"Louer un utilitaire et d\u00e9m\u00e9nager en temps de Covid-19, une \u00e9volution pr\u00e9visible !","isPartOf":{"@id":"https:\/\/www.mydemenageur.com\/blog\/#website"},"primaryImageOfPage":{"@id":"https:\/\/www.mydemenageur.com\/blog\/louer-un-utilitaire-et-demenager-en-temps-de-covid-19-une-evolution-previsible\/#primaryimage"},"image":{"@id":"https:\/\/www.mydemenageur.com\/blog\/louer-un-utilitaire-et-demenager-en-temps-de-covid-19-une-evolution-previsible\/#primaryimage"},"thumbnailUrl":"https:\/\/www.mydemenageur.com\/blog\/wp-content\/uploads\/2019\/10\/ADA-iveco-daily.jpg","datePublished":"2020-09-11T08:21:48+00:00","dateModified":"2022-01-28T15:44:47+00:00","description":"Avec le confinement, le march\u00e9 de la location d\u2019utilitaires en France a connu un arr\u00eat brutal. Aujourd\u2019hui, louer un utilitaire est redevenu possible bien qu\u2019il faille respecter de nouvelles r\u00e8gles.","breadcrumb":{"@id":"https:\/\/www.mydemenageur.com\/blog\/louer-un-utilitaire-et-demenager-en-temps-de-covid-19-une-evolution-previsible\/#breadcrumb"},"inLanguage":"fr-FR","potentialAction":[{"@type":"ReadAction","target":["https:\/\/www.mydemenageur.com\/blog\/louer-un-utilitaire-et-demenager-en-temps-de-covid-19-une-evolution-previsible\/"]}]},{"@type":"ImageObject","inLanguage":"fr-FR","@id":"https:\/\/www.mydemenageur.com\/blog\/louer-un-utilitaire-et-demenager-en-temps-de-covid-19-une-evolution-previsible\/#primaryimage","url":"https:\/\/www.mydemenageur.com\/blog\/wp-content\/uploads\/2019\/10\/ADA-iveco-daily.jpg","contentUrl":"https:\/\/www.mydemenageur.com\/blog\/wp-content\/uploads\/2019\/10\/ADA-iveco-daily.jpg","width":680,"height":431,"caption":"utilitaire demenagement"},{"@type":"BreadcrumbList","@id":"https:\/\/www.mydemenageur.com\/blog\/louer-un-utilitaire-et-demenager-en-temps-de-covid-19-une-evolution-previsible\/#breadcrumb","itemListElement":[{"@type":"ListItem","position":1,"name":"Accueil","item":"https:\/\/www.mydemenageur.com\/blog\/"},{"@type":"ListItem","position":2,"name":"D\u00e9m\u00e9nagement","item":"https:\/\/www.mydemenageur.com\/blog\/categorie\/transport\/"},{"@type":"ListItem","position":3,"name":"Louer un utilitaire et d\u00e9m\u00e9nager en temps de Covid-19, une \u00e9volution pr\u00e9visible !"}]},{"@type":"WebSite","@id":"https:\/\/www.mydemenageur.com\/blog\/#website","url":"https:\/\/www.mydemenageur.com\/blog\/","name":"MyDemenageur","description":"Conseils d\u00e9m\u00e9ngement entre particuliers et d\u00e9m\u00e9nagement professionnel","publisher":{"@id":"https:\/\/www.mydemenageur.com\/blog\/#organization"},"potentialAction":[{"@type":"SearchAction","target":{"@type":"EntryPoint","urlTemplate":"https:\/\/www.mydemenageur.com\/blog\/?s={search_term_string}"},"query-input":{"@type":"PropertyValueSpecification","valueRequired":true,"valueName":"search_term_string"}}],"inLanguage":"fr-FR"},{"@type":"Organization","@id":"https:\/\/www.mydemenageur.com\/blog\/#organization","name":"MyDemenageur.com","url":"https:\/\/www.mydemenageur.com\/blog\/","logo":{"@type":"ImageObject","inLanguage":"fr-FR","@id":"https:\/\/www.mydemenageur.com\/blog\/#\/schema\/logo\/image\/","url":"https:\/\/www.mydemenageur.com\/blog\/wp-content\/uploads\/2022\/05\/MyDemenageur_Symbol.jpg","contentUrl":"https:\/\/www.mydemenageur.com\/blog\/wp-content\/uploads\/2022\/05\/MyDemenageur_Symbol.jpg","width":878,"height":877,"caption":"MyDemenageur.com"},"image":{"@id":"https:\/\/www.mydemenageur.com\/blog\/#\/schema\/logo\/image\/"},"sameAs":["https:\/\/www.facebook.com\/mydemenageur","https:\/\/x.com\/mydemenageur","https:\/\/www.pinterest.fr\/mydemenageur\/"]},{"@type":"Person","@id":"https:\/\/www.mydemenageur.com\/blog\/#\/schema\/person\/4540dc333c2e7dc790f0f7bcd5b99569","name":"Mathilde","image":{"@type":"ImageObject","inLanguage":"fr-FR","@id":"https:\/\/www.mydemenageur.com\/blog\/#\/schema\/person\/image\/","url":"https:\/\/secure.gravatar.com\/avatar\/abde069f6f70261ee6ecea93e0437d77?s=96&#038;r=g","contentUrl":"https:\/\/secure.gravatar.com\/avatar\/abde069f6f70261ee6ecea93e0437d77?s=96&#038;r=g","caption":"Mathilde"},"description":"L'harmonie des couleurs et des objets m'a toujours fascin\u00e9e, transformant chaque pi\u00e8ce en un lieu unique et agr\u00e9able \u00e0 vivre. Sur MyDemenageur, vous trouverez non seulement des inspirations personnelles, mais aussi des informations r\u00e9centes sur le monde de la d\u00e9coration, les projets de maison, le d\u00e9m\u00e9nagement et les travaux.","url":"https:\/\/www.mydemenageur.com\/blog\/author\/mathilde\/"}]}},"modified_by":"MyDemenageur","_links":{"self":[{"href":"https:\/\/www.mydemenageur.com\/blog\/wp-json\/wp\/v2\/posts\/1720"}],"collection":[{"href":"https:\/\/www.mydemenageur.com\/blog\/wp-json\/wp\/v2\/posts"}],"about":[{"href":"https:\/\/www.mydemenageur.com\/blog\/wp-json\/wp\/v2\/types\/post"}],"author":[{"embeddable":true,"href":"https:\/\/www.mydemenageur.com\/blog\/wp-json\/wp\/v2\/users\/11"}],"replies":[{"embeddable":true,"href":"https:\/\/www.mydemenageur.com\/blog\/wp-json\/wp\/v2\/comments?post=1720"}],"version-history":[{"count":0,"href":"https:\/\/www.mydemenageur.com\/blog\/wp-json\/wp\/v2\/posts\/1720\/revisions"}],"wp:featuredmedia":[{"embeddable":true,"href":"https:\/\/www.mydemenageur.com\/blog\/wp-json\/wp\/v2\/media\/1498"}],"wp:attachment":[{"href":"https:\/\/www.mydemenageur.com\/blog\/wp-json\/wp\/v2\/media?parent=1720"}],"wp:term":[{"taxonomy":"category","embeddable":true,"href":"https:\/\/www.mydemenageur.com\/blog\/wp-json\/wp\/v2\/categories?post=1720"},{"taxonomy":"post_tag","embeddable":true,"href":"https:\/\/www.mydemenageur.com\/blog\/wp-json\/wp\/v2\/tags?post=1720"}],"curies":[{"name":"wp","href":"https:\/\/api.w.org\/{rel}","templated":true}]}}