{"id":1736,"date":"2020-10-29T13:00:23","date_gmt":"2020-10-29T13:00:23","guid":{"rendered":"https:\/\/www.mydemenageur.com\/blog\/?p=1736"},"modified":"2021-08-27T07:49:51","modified_gmt":"2021-08-27T07:49:51","slug":"demenager-dans-un-appartement-plus-petit","status":"publish","type":"post","link":"https:\/\/www.mydemenageur.com\/blog\/demenager-dans-un-appartement-plus-petit\/","title":{"rendered":"D\u00e9m\u00e9nager dans un appartement plus petit"},"content":{"rendered":"<p>Pour de multiples raisons, vous pouvez \u00eatre amen\u00e9 \u00e0 <a href=\"\/blog\/logement\/\">emm\u00e9nager dans un logement<\/a> plus petit que le pr\u00e9c\u00e9dent. Par exemple, c\u2019est souvent le cas lorsque l\u2019on passe d\u2019une maison de campagne \u00e0 un appartement en ville. Si vous \u00eates dans cette situation, vous devez vous poser les bonnes questions pour que cette transition soit r\u00e9ussie : Comment organiser efficacement ce changement de vie et faire le tri pour garder l\u2019essentiel ? D\u00e9couvrez d\u00e8s maintenant toutes les r\u00e9ponses dans cet article.<!--more--><\/p>\n<div id=\"ez-toc-container\" class=\"ez-toc-v2_0_82_2 counter-hierarchy ez-toc-counter ez-toc-custom ez-toc-container-direction\">\n<div class=\"ez-toc-title-container\">\n<p class=\"ez-toc-title\" style=\"cursor:inherit\">Ce que vous allez apprendre<\/p>\n<span class=\"ez-toc-title-toggle\"><\/span><\/div>\n<nav><ul class='ez-toc-list ez-toc-list-level-1 ' ><li class='ez-toc-page-1 ez-toc-heading-level-2'><a class=\"ez-toc-link ez-toc-heading-1\" href=\"https:\/\/www.mydemenageur.com\/blog\/demenager-dans-un-appartement-plus-petit\/#anticipez-votre-demenagement-sur-le-long-terme\" >Anticipez votre d\u00e9m\u00e9nagement sur le long terme<\/a><\/li><li class='ez-toc-page-1 ez-toc-heading-level-2'><a class=\"ez-toc-link ez-toc-heading-2\" href=\"https:\/\/www.mydemenageur.com\/blog\/demenager-dans-un-appartement-plus-petit\/#desencombrez-en-ne-gardant-que-lessentiel\" >D\u00e9sencombrez en ne gardant que l\u2019essentiel<\/a><\/li><li class='ez-toc-page-1 ez-toc-heading-level-2'><a class=\"ez-toc-link ez-toc-heading-3\" href=\"https:\/\/www.mydemenageur.com\/blog\/demenager-dans-un-appartement-plus-petit\/#stockez-ce-que-vous-souhaitez-garder\" >Stockez ce que vous souhaitez garder<\/a><\/li><\/ul><\/nav><\/div>\n<h2><span class=\"ez-toc-section\" id=\"anticipez-votre-demenagement-sur-le-long-terme\"><\/span>Anticipez votre d\u00e9m\u00e9nagement sur le long terme<span class=\"ez-toc-section-end\"><\/span><\/h2>\n<p>Vous avez trouv\u00e9 votre nouveau logement et connaissez d\u00e9j\u00e0 la date du d\u00e9m\u00e9nagement\u00a0? Vous pouvez d\u00e8s \u00e0 pr\u00e9sent commencer \u00e0 vous organiser pour <a href=\"https:\/\/www.mydemenageur.com\/blog\/jour-de-demenagement-garder-a-portee-de-main\/\">pr\u00e9parer votre emm\u00e9nagement<\/a> dans un appartement de plus petite surface. La premi\u00e8re \u00e9tape revient \u00e0 faire l\u2019inventaire de toutes les affaires que vous poss\u00e9dez et \u00e0 les r\u00e9partir sous forme de listes, cela vous permettra de mieux visualiser l\u2019ensemble de vos biens et faire le tri de mani\u00e8re efficace.\u00a0 Pour vous aider, voici un exemple de listes que vous pouvez utiliser :<\/p>\n<ul>\n<li>Les meubles et objets fonctionnels que vous souhaitez conserver pour votre nouveau logement\u00a0;<\/li>\n<li>Les biens que vous souhaitez conserver et stocker quelque part\u00a0;<\/li>\n<li>Les meubles ou les affaires que vous comptez vendre,<\/li>\n<li>Les objets que vous pr\u00e9f\u00e9rez donner\u00a0;<\/li>\n<li>Les objets cass\u00e9s ou hors d\u2019usage\u00a0 que vous souhaitez jeter ;<\/li>\n<\/ul>\n<p>Pour vous faciliter la t\u00e2che, vous pouvez d\u2019ailleurs commencer par le plus rapide\u00a0: \u00e9valuer ce que vous allez mettre \u00e0 la poubelle en tenant compte du tri s\u00e9lectif. La seconde \u00e9tape revient \u00e0 mettre en place ce que vous aviez pr\u00e9vu pour chaque liste\u00a0: contactez vos proches ou des associations comme Emma\u00fcs pour savoir s\u2019ils sont int\u00e9ress\u00e9s par les meubles ou les objets que vous envisagez de c\u00e9der, inscrivez-vous \u00e0 des vide-greniers ou publiez en ligne sur des sites comme Le Bon coin les biens que vous voulez vendre, etc.<\/p>\n<h2><span class=\"ez-toc-section\" id=\"desencombrez-en-ne-gardant-que-lessentiel\"><\/span>D\u00e9sencombrez en ne gardant que l\u2019essentiel<span class=\"ez-toc-section-end\"><\/span><\/h2>\n<p>Afin de ne pas <a href=\"https:\/\/www.mydemenageur.com\/blog\/comment-vider-une-maison-avant-un-demenagement\/\">encombrer votre futur domicile<\/a>, prenez le plan de votre futur logement et \u00e9valuez d\u2019abord sa surface dans les moindres d\u00e9tails\u00a0:<\/p>\n<ul>\n<li>Superficie de chaque pi\u00e8ce\u00a0;<\/li>\n<li>Hauteur sous plafond\u00a0;<\/li>\n<li>Angles\u00a0;<\/li>\n<li>Pr\u00e9sence d\u2019ouvertures (portes ou fen\u00eatres)\u00a0;<\/li>\n<li>Etc.<\/li>\n<\/ul>\n<p>Commencez par les objets volumineux\u00a0: il vous faudra peut-\u00eatre dire adieu \u00e0 votre canap\u00e9 ou votre frigo et trouver des mod\u00e8les de plus petite taille qui s\u2019adaptent mieux \u00e0 votre futur int\u00e9rieur. V\u00e9rifiez \u00e9galement bien la pr\u00e9sence des prises dans votre nouveau logement\u00a0: leur emplacement doit \u00eatre accessible pour votre \u00e9lectrom\u00e9nager.<br \/>\nGarder l\u2019essentiel signifie aussi conserver ce qui a pour vous une valeur sentimentale. Faites des compromis, mais gardez tout de m\u00eame ce qui vous est cher dans la mesure du possible\u00a0: vous trouverez toujours de la place pour une lampe, une collection de livres ou un service de vaisselle. Et lorsque vous avez bien en t\u00eate les meubles et objets dont vous souhaitez vous d\u00e9faire, pensez \u00e0 les remplacer par du mobilier fonctionnel qui vous permettra d\u2019optimiser l\u2019espace de rangement dans votre nouveau logement\u00a0: par exemple un lit dot\u00e9 de tiroirs de rangement, un fauteuil-lit ou une table qui poss\u00e8de une rallonge.<\/p>\n<h2><span class=\"ez-toc-section\" id=\"stockez-ce-que-vous-souhaitez-garder\"><\/span>Stockez ce que vous souhaitez garder<span class=\"ez-toc-section-end\"><\/span><\/h2>\n<p>Il est possible qu\u2019apr\u00e8s ces \u00e9tapes de tri, il vous reste quelques meubles et objets que vous voulez garder m\u00eame s\u2019ils ne pourront pas trouver leur place dans votre appartement de plus petite surface. Votre nouveau logement dispose n\u00e9anmoins peut-\u00eatre d\u2019un espace de stockage (grand placard, cave, garage&#8230;) que vous pourrez utiliser pour <a href=\"https:\/\/www.mydemenageur.com\/blog\/interview-costockage\/\">entreposer des affaires<\/a> non indispensables au quotidien ou dont vous n\u2019avez pas pu vous d\u00e9faire en raison de leur aspect sentimental. Dans ce cas, il sera toujours temps de refaire le tri plus tard. L\u00e0 encore, vous pouvez faire des compromis\u00a0: en pr\u00eatant \u00e0 un proche ce service de vaisselle que vous aimez tant par exemple, ou en louant votre v\u00e9lo \u00e0 un voisin qui en a besoin pour aller travailler. Une bonne fa\u00e7on de se montrer solidaire tout en gardant vos affaires.<br \/>\nSi votre logement ne dispose pas de suffisamment d\u2019espaces de rangement, vous pouvez peut-\u00eatre investir le garage ou la cave d\u2019un proche qui ne l\u2019utilise pas. Enfin, il est possible de gagner quelques m\u00e8tres carr\u00e9s en louant un box ou un garde-meuble aupr\u00e8s d\u2019une entreprise qui vous proposera une surface sur mesure en fonction de vos besoins. C\u2019est notamment le cas de L\u2019entreprise Une Pi\u00e8ce en Plus propose ainsi de multiples solutions de <a href=\"https:\/\/www.unepieceenplus.com\/self-stockage-garde-meuble\/ile-de-france\/\">stockage en \u00cele-de-France<\/a>.<\/p>\n","protected":false},"excerpt":{"rendered":"<p>Pour de multiples raisons, vous pouvez \u00eatre amen\u00e9 \u00e0 emm\u00e9nager dans un logement plus petit que le pr\u00e9c\u00e9dent. Par exemple,<\/p>\n","protected":false},"author":11,"featured_media":1707,"comment_status":"closed","ping_status":"closed","sticky":false,"template":"","format":"standard","meta":{"_lmt_disableupdate":"","_lmt_disable":"","footnotes":""},"categories":[102],"tags":[],"yoast_head":"<!-- This site is optimized with the Yoast SEO Premium plugin v24.2 (Yoast SEO v24.5) - https:\/\/yoast.com\/wordpress\/plugins\/seo\/ -->\n<title>D\u00e9m\u00e9nager dans un appartement plus petit<\/title>\n<meta name=\"description\" content=\"Astuces pour d\u00e9m\u00e9nager dans un appartement plus petit! Il n\u2019est pas \u00e9vident de passer d\u2019un lieu de vie spacieux \u00e0 un un lieu de vie r\u00e9duit.\" \/>\n<meta name=\"robots\" content=\"index, follow, max-snippet:-1, max-image-preview:large, max-video-preview:-1\" \/>\n<link rel=\"canonical\" href=\"https:\/\/www.mydemenageur.com\/blog\/demenager-dans-un-appartement-plus-petit\/\" \/>\n<meta property=\"og:locale\" content=\"fr_FR\" \/>\n<meta property=\"og:type\" content=\"article\" \/>\n<meta property=\"og:title\" content=\"D\u00e9m\u00e9nager dans un appartement plus petit\" \/>\n<meta property=\"og:description\" content=\"Astuces pour d\u00e9m\u00e9nager dans un appartement plus petit! Il n\u2019est pas \u00e9vident de passer d\u2019un lieu de vie spacieux \u00e0 un un lieu de vie r\u00e9duit.\" \/>\n<meta property=\"og:url\" content=\"https:\/\/www.mydemenageur.com\/blog\/demenager-dans-un-appartement-plus-petit\/\" \/>\n<meta property=\"og:site_name\" content=\"MyDemenageur\" \/>\n<meta property=\"article:publisher\" content=\"https:\/\/www.facebook.com\/mydemenageur\" \/>\n<meta property=\"article:published_time\" content=\"2020-10-29T13:00:23+00:00\" \/>\n<meta property=\"article:modified_time\" content=\"2021-08-27T07:49:51+00:00\" \/>\n<meta property=\"og:image\" content=\"https:\/\/www.mydemenageur.com\/blog\/wp-content\/uploads\/2020\/06\/16.png\" \/>\n\t<meta property=\"og:image:width\" content=\"680\" \/>\n\t<meta property=\"og:image:height\" content=\"453\" \/>\n\t<meta property=\"og:image:type\" content=\"image\/png\" \/>\n<meta name=\"author\" content=\"Mathilde\" \/>\n<meta name=\"twitter:card\" content=\"summary_large_image\" \/>\n<meta name=\"twitter:title\" content=\"D\u00e9m\u00e9nager dans un appartement plus petit\" \/>\n<meta name=\"twitter:image\" content=\"https:\/\/www.mydemenageur.com\/blog\/wp-content\/uploads\/2020\/06\/16.png\" \/>\n<meta name=\"twitter:creator\" content=\"@mydemenageur\" \/>\n<meta name=\"twitter:site\" content=\"@mydemenageur\" \/>\n<meta name=\"twitter:label1\" content=\"\u00c9crit par\" \/>\n\t<meta name=\"twitter:data1\" content=\"Mathilde\" \/>\n\t<meta name=\"twitter:label2\" content=\"Dur\u00e9e de lecture estim\u00e9e\" \/>\n\t<meta name=\"twitter:data2\" content=\"4 minutes\" \/>\n<script type=\"application\/ld+json\" class=\"yoast-schema-graph\">{\"@context\":\"https:\/\/schema.org\",\"@graph\":[{\"@type\":\"Article\",\"@id\":\"https:\/\/www.mydemenageur.com\/blog\/demenager-dans-un-appartement-plus-petit\/#article\",\"isPartOf\":{\"@id\":\"https:\/\/www.mydemenageur.com\/blog\/demenager-dans-un-appartement-plus-petit\/\"},\"author\":{\"name\":\"Mathilde\",\"@id\":\"https:\/\/www.mydemenageur.com\/blog\/#\/schema\/person\/4540dc333c2e7dc790f0f7bcd5b99569\"},\"headline\":\"D\u00e9m\u00e9nager dans un appartement plus petit\",\"datePublished\":\"2020-10-29T13:00:23+00:00\",\"dateModified\":\"2021-08-27T07:49:51+00:00\",\"mainEntityOfPage\":{\"@id\":\"https:\/\/www.mydemenageur.com\/blog\/demenager-dans-un-appartement-plus-petit\/\"},\"wordCount\":800,\"publisher\":{\"@id\":\"https:\/\/www.mydemenageur.com\/blog\/#organization\"},\"image\":{\"@id\":\"https:\/\/www.mydemenageur.com\/blog\/demenager-dans-un-appartement-plus-petit\/#primaryimage\"},\"thumbnailUrl\":\"https:\/\/www.mydemenageur.com\/blog\/wp-content\/uploads\/2020\/06\/16.png\",\"articleSection\":[\"Logement\"],\"inLanguage\":\"fr-FR\"},{\"@type\":\"WebPage\",\"@id\":\"https:\/\/www.mydemenageur.com\/blog\/demenager-dans-un-appartement-plus-petit\/\",\"url\":\"https:\/\/www.mydemenageur.com\/blog\/demenager-dans-un-appartement-plus-petit\/\",\"name\":\"D\u00e9m\u00e9nager dans un appartement plus petit\",\"isPartOf\":{\"@id\":\"https:\/\/www.mydemenageur.com\/blog\/#website\"},\"primaryImageOfPage\":{\"@id\":\"https:\/\/www.mydemenageur.com\/blog\/demenager-dans-un-appartement-plus-petit\/#primaryimage\"},\"image\":{\"@id\":\"https:\/\/www.mydemenageur.com\/blog\/demenager-dans-un-appartement-plus-petit\/#primaryimage\"},\"thumbnailUrl\":\"https:\/\/www.mydemenageur.com\/blog\/wp-content\/uploads\/2020\/06\/16.png\",\"datePublished\":\"2020-10-29T13:00:23+00:00\",\"dateModified\":\"2021-08-27T07:49:51+00:00\",\"description\":\"Astuces pour d\u00e9m\u00e9nager dans un appartement plus petit! Il n\u2019est pas \u00e9vident de passer d\u2019un lieu de vie spacieux \u00e0 un un lieu de vie r\u00e9duit.\",\"breadcrumb\":{\"@id\":\"https:\/\/www.mydemenageur.com\/blog\/demenager-dans-un-appartement-plus-petit\/#breadcrumb\"},\"inLanguage\":\"fr-FR\",\"potentialAction\":[{\"@type\":\"ReadAction\",\"target\":[\"https:\/\/www.mydemenageur.com\/blog\/demenager-dans-un-appartement-plus-petit\/\"]}]},{\"@type\":\"ImageObject\",\"inLanguage\":\"fr-FR\",\"@id\":\"https:\/\/www.mydemenageur.com\/blog\/demenager-dans-un-appartement-plus-petit\/#primaryimage\",\"url\":\"https:\/\/www.mydemenageur.com\/blog\/wp-content\/uploads\/2020\/06\/16.png\",\"contentUrl\":\"https:\/\/www.mydemenageur.com\/blog\/wp-content\/uploads\/2020\/06\/16.png\",\"width\":680,\"height\":453,\"caption\":\"d\u00e9m\u00e9nager dans un appartement plus petit, quoi faire ?\"},{\"@type\":\"BreadcrumbList\",\"@id\":\"https:\/\/www.mydemenageur.com\/blog\/demenager-dans-un-appartement-plus-petit\/#breadcrumb\",\"itemListElement\":[{\"@type\":\"ListItem\",\"position\":1,\"name\":\"Accueil\",\"item\":\"https:\/\/www.mydemenageur.com\/blog\/\"},{\"@type\":\"ListItem\",\"position\":2,\"name\":\"Logement\",\"item\":\"https:\/\/www.mydemenageur.com\/blog\/categorie\/logement\/\"},{\"@type\":\"ListItem\",\"position\":3,\"name\":\"D\u00e9m\u00e9nager dans un appartement plus petit\"}]},{\"@type\":\"WebSite\",\"@id\":\"https:\/\/www.mydemenageur.com\/blog\/#website\",\"url\":\"https:\/\/www.mydemenageur.com\/blog\/\",\"name\":\"MyDemenageur\",\"description\":\"Conseils d\u00e9m\u00e9ngement entre particuliers et d\u00e9m\u00e9nagement professionnel\",\"publisher\":{\"@id\":\"https:\/\/www.mydemenageur.com\/blog\/#organization\"},\"potentialAction\":[{\"@type\":\"SearchAction\",\"target\":{\"@type\":\"EntryPoint\",\"urlTemplate\":\"https:\/\/www.mydemenageur.com\/blog\/?s={search_term_string}\"},\"query-input\":{\"@type\":\"PropertyValueSpecification\",\"valueRequired\":true,\"valueName\":\"search_term_string\"}}],\"inLanguage\":\"fr-FR\"},{\"@type\":\"Organization\",\"@id\":\"https:\/\/www.mydemenageur.com\/blog\/#organization\",\"name\":\"MyDemenageur.com\",\"url\":\"https:\/\/www.mydemenageur.com\/blog\/\",\"logo\":{\"@type\":\"ImageObject\",\"inLanguage\":\"fr-FR\",\"@id\":\"https:\/\/www.mydemenageur.com\/blog\/#\/schema\/logo\/image\/\",\"url\":\"https:\/\/www.mydemenageur.com\/blog\/wp-content\/uploads\/2022\/05\/MyDemenageur_Symbol.jpg\",\"contentUrl\":\"https:\/\/www.mydemenageur.com\/blog\/wp-content\/uploads\/2022\/05\/MyDemenageur_Symbol.jpg\",\"width\":878,\"height\":877,\"caption\":\"MyDemenageur.com\"},\"image\":{\"@id\":\"https:\/\/www.mydemenageur.com\/blog\/#\/schema\/logo\/image\/\"},\"sameAs\":[\"https:\/\/www.facebook.com\/mydemenageur\",\"https:\/\/x.com\/mydemenageur\",\"https:\/\/www.pinterest.fr\/mydemenageur\/\"]},{\"@type\":\"Person\",\"@id\":\"https:\/\/www.mydemenageur.com\/blog\/#\/schema\/person\/4540dc333c2e7dc790f0f7bcd5b99569\",\"name\":\"Mathilde\",\"image\":{\"@type\":\"ImageObject\",\"inLanguage\":\"fr-FR\",\"@id\":\"https:\/\/www.mydemenageur.com\/blog\/#\/schema\/person\/image\/\",\"url\":\"https:\/\/secure.gravatar.com\/avatar\/abde069f6f70261ee6ecea93e0437d77?s=96&#038;r=g\",\"contentUrl\":\"https:\/\/secure.gravatar.com\/avatar\/abde069f6f70261ee6ecea93e0437d77?s=96&#038;r=g\",\"caption\":\"Mathilde\"},\"description\":\"L'harmonie des couleurs et des objets m'a toujours fascin\u00e9e, transformant chaque pi\u00e8ce en un lieu unique et agr\u00e9able \u00e0 vivre. Sur MyDemenageur, vous trouverez non seulement des inspirations personnelles, mais aussi des informations r\u00e9centes sur le monde de la d\u00e9coration, les projets de maison, le d\u00e9m\u00e9nagement et les travaux.\",\"url\":\"https:\/\/www.mydemenageur.com\/blog\/author\/mathilde\/\"}]}<\/script>\n<!-- \/ Yoast SEO Premium plugin. -->","yoast_head_json":{"title":"D\u00e9m\u00e9nager dans un appartement plus petit","description":"Astuces pour d\u00e9m\u00e9nager dans un appartement plus petit! Il n\u2019est pas \u00e9vident de passer d\u2019un lieu de vie spacieux \u00e0 un un lieu de vie r\u00e9duit.","robots":{"index":"index","follow":"follow","max-snippet":"max-snippet:-1","max-image-preview":"max-image-preview:large","max-video-preview":"max-video-preview:-1"},"canonical":"https:\/\/www.mydemenageur.com\/blog\/demenager-dans-un-appartement-plus-petit\/","og_locale":"fr_FR","og_type":"article","og_title":"D\u00e9m\u00e9nager dans un appartement plus petit","og_description":"Astuces pour d\u00e9m\u00e9nager dans un appartement plus petit! Il n\u2019est pas \u00e9vident de passer d\u2019un lieu de vie spacieux \u00e0 un un lieu de vie r\u00e9duit.","og_url":"https:\/\/www.mydemenageur.com\/blog\/demenager-dans-un-appartement-plus-petit\/","og_site_name":"MyDemenageur","article_publisher":"https:\/\/www.facebook.com\/mydemenageur","article_published_time":"2020-10-29T13:00:23+00:00","article_modified_time":"2021-08-27T07:49:51+00:00","og_image":[{"width":680,"height":453,"url":"https:\/\/www.mydemenageur.com\/blog\/wp-content\/uploads\/2020\/06\/16.png","type":"image\/png"}],"author":"Mathilde","twitter_card":"summary_large_image","twitter_title":"D\u00e9m\u00e9nager dans un appartement plus petit","twitter_image":"https:\/\/www.mydemenageur.com\/blog\/wp-content\/uploads\/2020\/06\/16.png","twitter_creator":"@mydemenageur","twitter_site":"@mydemenageur","twitter_misc":{"\u00c9crit par":"Mathilde","Dur\u00e9e de lecture estim\u00e9e":"4 minutes"},"schema":{"@context":"https:\/\/schema.org","@graph":[{"@type":"Article","@id":"https:\/\/www.mydemenageur.com\/blog\/demenager-dans-un-appartement-plus-petit\/#article","isPartOf":{"@id":"https:\/\/www.mydemenageur.com\/blog\/demenager-dans-un-appartement-plus-petit\/"},"author":{"name":"Mathilde","@id":"https:\/\/www.mydemenageur.com\/blog\/#\/schema\/person\/4540dc333c2e7dc790f0f7bcd5b99569"},"headline":"D\u00e9m\u00e9nager dans un appartement plus petit","datePublished":"2020-10-29T13:00:23+00:00","dateModified":"2021-08-27T07:49:51+00:00","mainEntityOfPage":{"@id":"https:\/\/www.mydemenageur.com\/blog\/demenager-dans-un-appartement-plus-petit\/"},"wordCount":800,"publisher":{"@id":"https:\/\/www.mydemenageur.com\/blog\/#organization"},"image":{"@id":"https:\/\/www.mydemenageur.com\/blog\/demenager-dans-un-appartement-plus-petit\/#primaryimage"},"thumbnailUrl":"https:\/\/www.mydemenageur.com\/blog\/wp-content\/uploads\/2020\/06\/16.png","articleSection":["Logement"],"inLanguage":"fr-FR"},{"@type":"WebPage","@id":"https:\/\/www.mydemenageur.com\/blog\/demenager-dans-un-appartement-plus-petit\/","url":"https:\/\/www.mydemenageur.com\/blog\/demenager-dans-un-appartement-plus-petit\/","name":"D\u00e9m\u00e9nager dans un appartement plus petit","isPartOf":{"@id":"https:\/\/www.mydemenageur.com\/blog\/#website"},"primaryImageOfPage":{"@id":"https:\/\/www.mydemenageur.com\/blog\/demenager-dans-un-appartement-plus-petit\/#primaryimage"},"image":{"@id":"https:\/\/www.mydemenageur.com\/blog\/demenager-dans-un-appartement-plus-petit\/#primaryimage"},"thumbnailUrl":"https:\/\/www.mydemenageur.com\/blog\/wp-content\/uploads\/2020\/06\/16.png","datePublished":"2020-10-29T13:00:23+00:00","dateModified":"2021-08-27T07:49:51+00:00","description":"Astuces pour d\u00e9m\u00e9nager dans un appartement plus petit! Il n\u2019est pas \u00e9vident de passer d\u2019un lieu de vie spacieux \u00e0 un un lieu de vie r\u00e9duit.","breadcrumb":{"@id":"https:\/\/www.mydemenageur.com\/blog\/demenager-dans-un-appartement-plus-petit\/#breadcrumb"},"inLanguage":"fr-FR","potentialAction":[{"@type":"ReadAction","target":["https:\/\/www.mydemenageur.com\/blog\/demenager-dans-un-appartement-plus-petit\/"]}]},{"@type":"ImageObject","inLanguage":"fr-FR","@id":"https:\/\/www.mydemenageur.com\/blog\/demenager-dans-un-appartement-plus-petit\/#primaryimage","url":"https:\/\/www.mydemenageur.com\/blog\/wp-content\/uploads\/2020\/06\/16.png","contentUrl":"https:\/\/www.mydemenageur.com\/blog\/wp-content\/uploads\/2020\/06\/16.png","width":680,"height":453,"caption":"d\u00e9m\u00e9nager dans un appartement plus petit, quoi faire ?"},{"@type":"BreadcrumbList","@id":"https:\/\/www.mydemenageur.com\/blog\/demenager-dans-un-appartement-plus-petit\/#breadcrumb","itemListElement":[{"@type":"ListItem","position":1,"name":"Accueil","item":"https:\/\/www.mydemenageur.com\/blog\/"},{"@type":"ListItem","position":2,"name":"Logement","item":"https:\/\/www.mydemenageur.com\/blog\/categorie\/logement\/"},{"@type":"ListItem","position":3,"name":"D\u00e9m\u00e9nager dans un appartement plus petit"}]},{"@type":"WebSite","@id":"https:\/\/www.mydemenageur.com\/blog\/#website","url":"https:\/\/www.mydemenageur.com\/blog\/","name":"MyDemenageur","description":"Conseils d\u00e9m\u00e9ngement entre particuliers et d\u00e9m\u00e9nagement professionnel","publisher":{"@id":"https:\/\/www.mydemenageur.com\/blog\/#organization"},"potentialAction":[{"@type":"SearchAction","target":{"@type":"EntryPoint","urlTemplate":"https:\/\/www.mydemenageur.com\/blog\/?s={search_term_string}"},"query-input":{"@type":"PropertyValueSpecification","valueRequired":true,"valueName":"search_term_string"}}],"inLanguage":"fr-FR"},{"@type":"Organization","@id":"https:\/\/www.mydemenageur.com\/blog\/#organization","name":"MyDemenageur.com","url":"https:\/\/www.mydemenageur.com\/blog\/","logo":{"@type":"ImageObject","inLanguage":"fr-FR","@id":"https:\/\/www.mydemenageur.com\/blog\/#\/schema\/logo\/image\/","url":"https:\/\/www.mydemenageur.com\/blog\/wp-content\/uploads\/2022\/05\/MyDemenageur_Symbol.jpg","contentUrl":"https:\/\/www.mydemenageur.com\/blog\/wp-content\/uploads\/2022\/05\/MyDemenageur_Symbol.jpg","width":878,"height":877,"caption":"MyDemenageur.com"},"image":{"@id":"https:\/\/www.mydemenageur.com\/blog\/#\/schema\/logo\/image\/"},"sameAs":["https:\/\/www.facebook.com\/mydemenageur","https:\/\/x.com\/mydemenageur","https:\/\/www.pinterest.fr\/mydemenageur\/"]},{"@type":"Person","@id":"https:\/\/www.mydemenageur.com\/blog\/#\/schema\/person\/4540dc333c2e7dc790f0f7bcd5b99569","name":"Mathilde","image":{"@type":"ImageObject","inLanguage":"fr-FR","@id":"https:\/\/www.mydemenageur.com\/blog\/#\/schema\/person\/image\/","url":"https:\/\/secure.gravatar.com\/avatar\/abde069f6f70261ee6ecea93e0437d77?s=96&#038;r=g","contentUrl":"https:\/\/secure.gravatar.com\/avatar\/abde069f6f70261ee6ecea93e0437d77?s=96&#038;r=g","caption":"Mathilde"},"description":"L'harmonie des couleurs et des objets m'a toujours fascin\u00e9e, transformant chaque pi\u00e8ce en un lieu unique et agr\u00e9able \u00e0 vivre. Sur MyDemenageur, vous trouverez non seulement des inspirations personnelles, mais aussi des informations r\u00e9centes sur le monde de la d\u00e9coration, les projets de maison, le d\u00e9m\u00e9nagement et les travaux.","url":"https:\/\/www.mydemenageur.com\/blog\/author\/mathilde\/"}]}},"modified_by":"fabien","_links":{"self":[{"href":"https:\/\/www.mydemenageur.com\/blog\/wp-json\/wp\/v2\/posts\/1736"}],"collection":[{"href":"https:\/\/www.mydemenageur.com\/blog\/wp-json\/wp\/v2\/posts"}],"about":[{"href":"https:\/\/www.mydemenageur.com\/blog\/wp-json\/wp\/v2\/types\/post"}],"author":[{"embeddable":true,"href":"https:\/\/www.mydemenageur.com\/blog\/wp-json\/wp\/v2\/users\/11"}],"replies":[{"embeddable":true,"href":"https:\/\/www.mydemenageur.com\/blog\/wp-json\/wp\/v2\/comments?post=1736"}],"version-history":[{"count":0,"href":"https:\/\/www.mydemenageur.com\/blog\/wp-json\/wp\/v2\/posts\/1736\/revisions"}],"wp:featuredmedia":[{"embeddable":true,"href":"https:\/\/www.mydemenageur.com\/blog\/wp-json\/wp\/v2\/media\/1707"}],"wp:attachment":[{"href":"https:\/\/www.mydemenageur.com\/blog\/wp-json\/wp\/v2\/media?parent=1736"}],"wp:term":[{"taxonomy":"category","embeddable":true,"href":"https:\/\/www.mydemenageur.com\/blog\/wp-json\/wp\/v2\/categories?post=1736"},{"taxonomy":"post_tag","embeddable":true,"href":"https:\/\/www.mydemenageur.com\/blog\/wp-json\/wp\/v2\/tags?post=1736"}],"curies":[{"name":"wp","href":"https:\/\/api.w.org\/{rel}","templated":true}]}}