{"id":193,"date":"2014-07-22T07:55:10","date_gmt":"2014-07-22T07:55:10","guid":{"rendered":"http:\/\/www.mydemenageur.com\/blog\/?p=193"},"modified":"2021-08-27T07:40:46","modified_gmt":"2021-08-27T07:40:46","slug":"mydemenageur-sur-france-2-au-jt-13h","status":"publish","type":"post","link":"https:\/\/www.mydemenageur.com\/blog\/mydemenageur-sur-france-2-au-jt-13h\/","title":{"rendered":"MyDemenageur cit\u00e9 sur France 2 au JT de 13h"},"content":{"rendered":"<p>Hier <a href=\"\/blog\/services\/\">MyDemenageur<\/a> \u00e9tait mentionn\u00e9 sur France 2 au JT de 13h dans un reportage d\u00e9di\u00e9 aux bons plans du d\u00e9m\u00e9nagement. Merci aux journalistes de France 2 ! Pour revoir ce moment bref mais intense (!), voici le lien pour revoir la vid\u00e9o (apparition \u00e0 28:35).<br \/>\n<!--more--><a href=\"https:\/\/www.francetvinfo.fr\/replay-jt\/france-2\/13-heures\/jt-de-13h-du-lundi-21-juillet-2014_647139.html\" target=\"_blank\" rel=\"noopener noreferrer\"><img decoding=\"async\" class=\"alignnone size-full wp-image-194\" src=\"\/\/www.mydemenageur.com\/blog\/wp-content\/uploads\/2014\/07\/france2-jt13h.jpg\" alt=\"mydemenageur sur france2 au jt de 13h\" width=\"600\" height=\"344\" srcset=\"https:\/\/www.mydemenageur.com\/blog\/wp-content\/uploads\/2014\/07\/france2-jt13h.jpg 600w, https:\/\/www.mydemenageur.com\/blog\/wp-content\/uploads\/2014\/07\/france2-jt13h-300x172.jpg 300w\" sizes=\"(max-width: 600px) 100vw, 600px\" \/><\/a><br \/>\n<a href=\"https:\/\/www.francetvinfo.fr\/replay-jt\/france-2\/13-heures\/jt-de-13h-du-lundi-21-juillet-2014_647139.html\" target=\"_blank\" rel=\"noopener noreferrer\">https:\/\/www.francetvinfo.fr\/replay-jt\/france-2\/13-heures\/jt-de-13h-du-lundi-21-juillet-2014_647139.html<\/a><\/p>\n","protected":false},"excerpt":{"rendered":"<p>Hier MyDemenageur \u00e9tait mentionn\u00e9 sur France 2 au JT de 13h dans un reportage d\u00e9di\u00e9 aux bons plans du d\u00e9m\u00e9nagement.<\/p>\n","protected":false},"author":11,"featured_media":194,"comment_status":"open","ping_status":"open","sticky":false,"template":"","format":"standard","meta":{"_lmt_disableupdate":"","_lmt_disable":"","footnotes":""},"categories":[21],"tags":[113],"yoast_head":"<!-- This site is optimized with the Yoast SEO Premium plugin v24.2 (Yoast SEO v24.5) - https:\/\/yoast.com\/wordpress\/plugins\/seo\/ -->\n<title>MyDemenageur cit\u00e9 sur France 2 au JT de 13h<\/title>\n<meta name=\"description\" content=\"D\u00e9couvrez le reportage de France 2 sur le d\u00e9m\u00e9nagement collaboratif, vous avez besoin d&#039;aide pour votre de d\u00e9m\u00e9nagement ?\" \/>\n<meta name=\"robots\" content=\"index, follow, max-snippet:-1, max-image-preview:large, max-video-preview:-1\" \/>\n<link rel=\"canonical\" href=\"https:\/\/www.mydemenageur.com\/blog\/mydemenageur-sur-france-2-au-jt-13h\/\" \/>\n<meta property=\"og:locale\" content=\"fr_FR\" \/>\n<meta property=\"og:type\" content=\"article\" \/>\n<meta property=\"og:title\" content=\"MyDemenageur cit\u00e9 sur France 2 au JT de 13h\" \/>\n<meta property=\"og:description\" content=\"D\u00e9couvrez le reportage de France 2 sur le d\u00e9m\u00e9nagement collaboratif, vous avez besoin d&#039;aide pour votre de d\u00e9m\u00e9nagement ?\" \/>\n<meta property=\"og:url\" content=\"https:\/\/www.mydemenageur.com\/blog\/mydemenageur-sur-france-2-au-jt-13h\/\" \/>\n<meta property=\"og:site_name\" content=\"MyDemenageur\" \/>\n<meta property=\"article:publisher\" content=\"https:\/\/www.facebook.com\/mydemenageur\" \/>\n<meta property=\"article:published_time\" content=\"2014-07-22T07:55:10+00:00\" \/>\n<meta property=\"article:modified_time\" content=\"2021-08-27T07:40:46+00:00\" \/>\n<meta property=\"og:image\" content=\"https:\/\/www.mydemenageur.com\/blog\/wp-content\/uploads\/2014\/07\/france2-jt13h.jpg\" \/>\n\t<meta property=\"og:image:width\" content=\"600\" \/>\n\t<meta property=\"og:image:height\" content=\"344\" \/>\n\t<meta property=\"og:image:type\" content=\"image\/jpeg\" \/>\n<meta name=\"author\" content=\"Mathilde\" \/>\n<meta name=\"twitter:card\" content=\"summary_large_image\" \/>\n<meta name=\"twitter:creator\" content=\"@mydemenageur\" \/>\n<meta name=\"twitter:site\" content=\"@mydemenageur\" \/>\n<meta name=\"twitter:label1\" content=\"\u00c9crit par\" \/>\n\t<meta name=\"twitter:data1\" content=\"Mathilde\" \/>\n<script type=\"application\/ld+json\" class=\"yoast-schema-graph\">{\"@context\":\"https:\/\/schema.org\",\"@graph\":[{\"@type\":\"Article\",\"@id\":\"https:\/\/www.mydemenageur.com\/blog\/mydemenageur-sur-france-2-au-jt-13h\/#article\",\"isPartOf\":{\"@id\":\"https:\/\/www.mydemenageur.com\/blog\/mydemenageur-sur-france-2-au-jt-13h\/\"},\"author\":{\"name\":\"Mathilde\",\"@id\":\"https:\/\/www.mydemenageur.com\/blog\/#\/schema\/person\/4540dc333c2e7dc790f0f7bcd5b99569\"},\"headline\":\"MyDemenageur cit\u00e9 sur France 2 au JT de 13h\",\"datePublished\":\"2014-07-22T07:55:10+00:00\",\"dateModified\":\"2021-08-27T07:40:46+00:00\",\"mainEntityOfPage\":{\"@id\":\"https:\/\/www.mydemenageur.com\/blog\/mydemenageur-sur-france-2-au-jt-13h\/\"},\"wordCount\":62,\"commentCount\":0,\"publisher\":{\"@id\":\"https:\/\/www.mydemenageur.com\/blog\/#organization\"},\"image\":{\"@id\":\"https:\/\/www.mydemenageur.com\/blog\/mydemenageur-sur-france-2-au-jt-13h\/#primaryimage\"},\"thumbnailUrl\":\"https:\/\/www.mydemenageur.com\/blog\/wp-content\/uploads\/2014\/07\/france2-jt13h.jpg\",\"keywords\":[\"Presse\"],\"articleSection\":[\"MyDemenageur\"],\"inLanguage\":\"fr-FR\",\"potentialAction\":[{\"@type\":\"CommentAction\",\"name\":\"Comment\",\"target\":[\"https:\/\/www.mydemenageur.com\/blog\/mydemenageur-sur-france-2-au-jt-13h\/#respond\"]}]},{\"@type\":\"WebPage\",\"@id\":\"https:\/\/www.mydemenageur.com\/blog\/mydemenageur-sur-france-2-au-jt-13h\/\",\"url\":\"https:\/\/www.mydemenageur.com\/blog\/mydemenageur-sur-france-2-au-jt-13h\/\",\"name\":\"MyDemenageur cit\u00e9 sur France 2 au JT de 13h\",\"isPartOf\":{\"@id\":\"https:\/\/www.mydemenageur.com\/blog\/#website\"},\"primaryImageOfPage\":{\"@id\":\"https:\/\/www.mydemenageur.com\/blog\/mydemenageur-sur-france-2-au-jt-13h\/#primaryimage\"},\"image\":{\"@id\":\"https:\/\/www.mydemenageur.com\/blog\/mydemenageur-sur-france-2-au-jt-13h\/#primaryimage\"},\"thumbnailUrl\":\"https:\/\/www.mydemenageur.com\/blog\/wp-content\/uploads\/2014\/07\/france2-jt13h.jpg\",\"datePublished\":\"2014-07-22T07:55:10+00:00\",\"dateModified\":\"2021-08-27T07:40:46+00:00\",\"description\":\"D\u00e9couvrez le reportage de France 2 sur le d\u00e9m\u00e9nagement collaboratif, vous avez besoin d'aide pour votre de d\u00e9m\u00e9nagement ?\",\"breadcrumb\":{\"@id\":\"https:\/\/www.mydemenageur.com\/blog\/mydemenageur-sur-france-2-au-jt-13h\/#breadcrumb\"},\"inLanguage\":\"fr-FR\",\"potentialAction\":[{\"@type\":\"ReadAction\",\"target\":[\"https:\/\/www.mydemenageur.com\/blog\/mydemenageur-sur-france-2-au-jt-13h\/\"]}]},{\"@type\":\"ImageObject\",\"inLanguage\":\"fr-FR\",\"@id\":\"https:\/\/www.mydemenageur.com\/blog\/mydemenageur-sur-france-2-au-jt-13h\/#primaryimage\",\"url\":\"https:\/\/www.mydemenageur.com\/blog\/wp-content\/uploads\/2014\/07\/france2-jt13h.jpg\",\"contentUrl\":\"https:\/\/www.mydemenageur.com\/blog\/wp-content\/uploads\/2014\/07\/france2-jt13h.jpg\",\"width\":600,\"height\":344,\"caption\":\"MyDemenageur sur france2 au jt de 13h\"},{\"@type\":\"BreadcrumbList\",\"@id\":\"https:\/\/www.mydemenageur.com\/blog\/mydemenageur-sur-france-2-au-jt-13h\/#breadcrumb\",\"itemListElement\":[{\"@type\":\"ListItem\",\"position\":1,\"name\":\"Accueil\",\"item\":\"https:\/\/www.mydemenageur.com\/blog\/\"},{\"@type\":\"ListItem\",\"position\":2,\"name\":\"MyDemenageur\",\"item\":\"https:\/\/www.mydemenageur.com\/blog\/categorie\/demenagement\/\"},{\"@type\":\"ListItem\",\"position\":3,\"name\":\"MyDemenageur cit\u00e9 sur France 2 au JT de 13h\"}]},{\"@type\":\"WebSite\",\"@id\":\"https:\/\/www.mydemenageur.com\/blog\/#website\",\"url\":\"https:\/\/www.mydemenageur.com\/blog\/\",\"name\":\"MyDemenageur\",\"description\":\"Conseils d\u00e9m\u00e9ngement entre particuliers et d\u00e9m\u00e9nagement professionnel\",\"publisher\":{\"@id\":\"https:\/\/www.mydemenageur.com\/blog\/#organization\"},\"potentialAction\":[{\"@type\":\"SearchAction\",\"target\":{\"@type\":\"EntryPoint\",\"urlTemplate\":\"https:\/\/www.mydemenageur.com\/blog\/?s={search_term_string}\"},\"query-input\":{\"@type\":\"PropertyValueSpecification\",\"valueRequired\":true,\"valueName\":\"search_term_string\"}}],\"inLanguage\":\"fr-FR\"},{\"@type\":\"Organization\",\"@id\":\"https:\/\/www.mydemenageur.com\/blog\/#organization\",\"name\":\"MyDemenageur.com\",\"url\":\"https:\/\/www.mydemenageur.com\/blog\/\",\"logo\":{\"@type\":\"ImageObject\",\"inLanguage\":\"fr-FR\",\"@id\":\"https:\/\/www.mydemenageur.com\/blog\/#\/schema\/logo\/image\/\",\"url\":\"https:\/\/www.mydemenageur.com\/blog\/wp-content\/uploads\/2022\/05\/MyDemenageur_Symbol.jpg\",\"contentUrl\":\"https:\/\/www.mydemenageur.com\/blog\/wp-content\/uploads\/2022\/05\/MyDemenageur_Symbol.jpg\",\"width\":878,\"height\":877,\"caption\":\"MyDemenageur.com\"},\"image\":{\"@id\":\"https:\/\/www.mydemenageur.com\/blog\/#\/schema\/logo\/image\/\"},\"sameAs\":[\"https:\/\/www.facebook.com\/mydemenageur\",\"https:\/\/x.com\/mydemenageur\",\"https:\/\/www.pinterest.fr\/mydemenageur\/\"]},{\"@type\":\"Person\",\"@id\":\"https:\/\/www.mydemenageur.com\/blog\/#\/schema\/person\/4540dc333c2e7dc790f0f7bcd5b99569\",\"name\":\"Mathilde\",\"image\":{\"@type\":\"ImageObject\",\"inLanguage\":\"fr-FR\",\"@id\":\"https:\/\/www.mydemenageur.com\/blog\/#\/schema\/person\/image\/\",\"url\":\"https:\/\/secure.gravatar.com\/avatar\/abde069f6f70261ee6ecea93e0437d77?s=96&#038;r=g\",\"contentUrl\":\"https:\/\/secure.gravatar.com\/avatar\/abde069f6f70261ee6ecea93e0437d77?s=96&#038;r=g\",\"caption\":\"Mathilde\"},\"description\":\"L'harmonie des couleurs et des objets m'a toujours fascin\u00e9e, transformant chaque pi\u00e8ce en un lieu unique et agr\u00e9able \u00e0 vivre. Sur MyDemenageur, vous trouverez non seulement des inspirations personnelles, mais aussi des informations r\u00e9centes sur le monde de la d\u00e9coration, les projets de maison, le d\u00e9m\u00e9nagement et les travaux.\",\"url\":\"https:\/\/www.mydemenageur.com\/blog\/author\/mathilde\/\"}]}<\/script>\n<!-- \/ Yoast SEO Premium plugin. -->","yoast_head_json":{"title":"MyDemenageur cit\u00e9 sur France 2 au JT de 13h","description":"D\u00e9couvrez le reportage de France 2 sur le d\u00e9m\u00e9nagement collaboratif, vous avez besoin d'aide pour votre de d\u00e9m\u00e9nagement ?","robots":{"index":"index","follow":"follow","max-snippet":"max-snippet:-1","max-image-preview":"max-image-preview:large","max-video-preview":"max-video-preview:-1"},"canonical":"https:\/\/www.mydemenageur.com\/blog\/mydemenageur-sur-france-2-au-jt-13h\/","og_locale":"fr_FR","og_type":"article","og_title":"MyDemenageur cit\u00e9 sur France 2 au JT de 13h","og_description":"D\u00e9couvrez le reportage de France 2 sur le d\u00e9m\u00e9nagement collaboratif, vous avez besoin d'aide pour votre de d\u00e9m\u00e9nagement ?","og_url":"https:\/\/www.mydemenageur.com\/blog\/mydemenageur-sur-france-2-au-jt-13h\/","og_site_name":"MyDemenageur","article_publisher":"https:\/\/www.facebook.com\/mydemenageur","article_published_time":"2014-07-22T07:55:10+00:00","article_modified_time":"2021-08-27T07:40:46+00:00","og_image":[{"width":600,"height":344,"url":"https:\/\/www.mydemenageur.com\/blog\/wp-content\/uploads\/2014\/07\/france2-jt13h.jpg","type":"image\/jpeg"}],"author":"Mathilde","twitter_card":"summary_large_image","twitter_creator":"@mydemenageur","twitter_site":"@mydemenageur","twitter_misc":{"\u00c9crit par":"Mathilde"},"schema":{"@context":"https:\/\/schema.org","@graph":[{"@type":"Article","@id":"https:\/\/www.mydemenageur.com\/blog\/mydemenageur-sur-france-2-au-jt-13h\/#article","isPartOf":{"@id":"https:\/\/www.mydemenageur.com\/blog\/mydemenageur-sur-france-2-au-jt-13h\/"},"author":{"name":"Mathilde","@id":"https:\/\/www.mydemenageur.com\/blog\/#\/schema\/person\/4540dc333c2e7dc790f0f7bcd5b99569"},"headline":"MyDemenageur cit\u00e9 sur France 2 au JT de 13h","datePublished":"2014-07-22T07:55:10+00:00","dateModified":"2021-08-27T07:40:46+00:00","mainEntityOfPage":{"@id":"https:\/\/www.mydemenageur.com\/blog\/mydemenageur-sur-france-2-au-jt-13h\/"},"wordCount":62,"commentCount":0,"publisher":{"@id":"https:\/\/www.mydemenageur.com\/blog\/#organization"},"image":{"@id":"https:\/\/www.mydemenageur.com\/blog\/mydemenageur-sur-france-2-au-jt-13h\/#primaryimage"},"thumbnailUrl":"https:\/\/www.mydemenageur.com\/blog\/wp-content\/uploads\/2014\/07\/france2-jt13h.jpg","keywords":["Presse"],"articleSection":["MyDemenageur"],"inLanguage":"fr-FR","potentialAction":[{"@type":"CommentAction","name":"Comment","target":["https:\/\/www.mydemenageur.com\/blog\/mydemenageur-sur-france-2-au-jt-13h\/#respond"]}]},{"@type":"WebPage","@id":"https:\/\/www.mydemenageur.com\/blog\/mydemenageur-sur-france-2-au-jt-13h\/","url":"https:\/\/www.mydemenageur.com\/blog\/mydemenageur-sur-france-2-au-jt-13h\/","name":"MyDemenageur cit\u00e9 sur France 2 au JT de 13h","isPartOf":{"@id":"https:\/\/www.mydemenageur.com\/blog\/#website"},"primaryImageOfPage":{"@id":"https:\/\/www.mydemenageur.com\/blog\/mydemenageur-sur-france-2-au-jt-13h\/#primaryimage"},"image":{"@id":"https:\/\/www.mydemenageur.com\/blog\/mydemenageur-sur-france-2-au-jt-13h\/#primaryimage"},"thumbnailUrl":"https:\/\/www.mydemenageur.com\/blog\/wp-content\/uploads\/2014\/07\/france2-jt13h.jpg","datePublished":"2014-07-22T07:55:10+00:00","dateModified":"2021-08-27T07:40:46+00:00","description":"D\u00e9couvrez le reportage de France 2 sur le d\u00e9m\u00e9nagement collaboratif, vous avez besoin d'aide pour votre de d\u00e9m\u00e9nagement ?","breadcrumb":{"@id":"https:\/\/www.mydemenageur.com\/blog\/mydemenageur-sur-france-2-au-jt-13h\/#breadcrumb"},"inLanguage":"fr-FR","potentialAction":[{"@type":"ReadAction","target":["https:\/\/www.mydemenageur.com\/blog\/mydemenageur-sur-france-2-au-jt-13h\/"]}]},{"@type":"ImageObject","inLanguage":"fr-FR","@id":"https:\/\/www.mydemenageur.com\/blog\/mydemenageur-sur-france-2-au-jt-13h\/#primaryimage","url":"https:\/\/www.mydemenageur.com\/blog\/wp-content\/uploads\/2014\/07\/france2-jt13h.jpg","contentUrl":"https:\/\/www.mydemenageur.com\/blog\/wp-content\/uploads\/2014\/07\/france2-jt13h.jpg","width":600,"height":344,"caption":"MyDemenageur sur france2 au jt de 13h"},{"@type":"BreadcrumbList","@id":"https:\/\/www.mydemenageur.com\/blog\/mydemenageur-sur-france-2-au-jt-13h\/#breadcrumb","itemListElement":[{"@type":"ListItem","position":1,"name":"Accueil","item":"https:\/\/www.mydemenageur.com\/blog\/"},{"@type":"ListItem","position":2,"name":"MyDemenageur","item":"https:\/\/www.mydemenageur.com\/blog\/categorie\/demenagement\/"},{"@type":"ListItem","position":3,"name":"MyDemenageur cit\u00e9 sur France 2 au JT de 13h"}]},{"@type":"WebSite","@id":"https:\/\/www.mydemenageur.com\/blog\/#website","url":"https:\/\/www.mydemenageur.com\/blog\/","name":"MyDemenageur","description":"Conseils d\u00e9m\u00e9ngement entre particuliers et d\u00e9m\u00e9nagement professionnel","publisher":{"@id":"https:\/\/www.mydemenageur.com\/blog\/#organization"},"potentialAction":[{"@type":"SearchAction","target":{"@type":"EntryPoint","urlTemplate":"https:\/\/www.mydemenageur.com\/blog\/?s={search_term_string}"},"query-input":{"@type":"PropertyValueSpecification","valueRequired":true,"valueName":"search_term_string"}}],"inLanguage":"fr-FR"},{"@type":"Organization","@id":"https:\/\/www.mydemenageur.com\/blog\/#organization","name":"MyDemenageur.com","url":"https:\/\/www.mydemenageur.com\/blog\/","logo":{"@type":"ImageObject","inLanguage":"fr-FR","@id":"https:\/\/www.mydemenageur.com\/blog\/#\/schema\/logo\/image\/","url":"https:\/\/www.mydemenageur.com\/blog\/wp-content\/uploads\/2022\/05\/MyDemenageur_Symbol.jpg","contentUrl":"https:\/\/www.mydemenageur.com\/blog\/wp-content\/uploads\/2022\/05\/MyDemenageur_Symbol.jpg","width":878,"height":877,"caption":"MyDemenageur.com"},"image":{"@id":"https:\/\/www.mydemenageur.com\/blog\/#\/schema\/logo\/image\/"},"sameAs":["https:\/\/www.facebook.com\/mydemenageur","https:\/\/x.com\/mydemenageur","https:\/\/www.pinterest.fr\/mydemenageur\/"]},{"@type":"Person","@id":"https:\/\/www.mydemenageur.com\/blog\/#\/schema\/person\/4540dc333c2e7dc790f0f7bcd5b99569","name":"Mathilde","image":{"@type":"ImageObject","inLanguage":"fr-FR","@id":"https:\/\/www.mydemenageur.com\/blog\/#\/schema\/person\/image\/","url":"https:\/\/secure.gravatar.com\/avatar\/abde069f6f70261ee6ecea93e0437d77?s=96&#038;r=g","contentUrl":"https:\/\/secure.gravatar.com\/avatar\/abde069f6f70261ee6ecea93e0437d77?s=96&#038;r=g","caption":"Mathilde"},"description":"L'harmonie des couleurs et des objets m'a toujours fascin\u00e9e, transformant chaque pi\u00e8ce en un lieu unique et agr\u00e9able \u00e0 vivre. Sur MyDemenageur, vous trouverez non seulement des inspirations personnelles, mais aussi des informations r\u00e9centes sur le monde de la d\u00e9coration, les projets de maison, le d\u00e9m\u00e9nagement et les travaux.","url":"https:\/\/www.mydemenageur.com\/blog\/author\/mathilde\/"}]}},"modified_by":"fabien","_links":{"self":[{"href":"https:\/\/www.mydemenageur.com\/blog\/wp-json\/wp\/v2\/posts\/193"}],"collection":[{"href":"https:\/\/www.mydemenageur.com\/blog\/wp-json\/wp\/v2\/posts"}],"about":[{"href":"https:\/\/www.mydemenageur.com\/blog\/wp-json\/wp\/v2\/types\/post"}],"author":[{"embeddable":true,"href":"https:\/\/www.mydemenageur.com\/blog\/wp-json\/wp\/v2\/users\/11"}],"replies":[{"embeddable":true,"href":"https:\/\/www.mydemenageur.com\/blog\/wp-json\/wp\/v2\/comments?post=193"}],"version-history":[{"count":0,"href":"https:\/\/www.mydemenageur.com\/blog\/wp-json\/wp\/v2\/posts\/193\/revisions"}],"wp:featuredmedia":[{"embeddable":true,"href":"https:\/\/www.mydemenageur.com\/blog\/wp-json\/wp\/v2\/media\/194"}],"wp:attachment":[{"href":"https:\/\/www.mydemenageur.com\/blog\/wp-json\/wp\/v2\/media?parent=193"}],"wp:term":[{"taxonomy":"category","embeddable":true,"href":"https:\/\/www.mydemenageur.com\/blog\/wp-json\/wp\/v2\/categories?post=193"},{"taxonomy":"post_tag","embeddable":true,"href":"https:\/\/www.mydemenageur.com\/blog\/wp-json\/wp\/v2\/tags?post=193"}],"curies":[{"name":"wp","href":"https:\/\/api.w.org\/{rel}","templated":true}]}}