{"id":198,"date":"2014-07-25T13:26:29","date_gmt":"2014-07-25T13:26:29","guid":{"rendered":"http:\/\/www.mydemenageur.com\/blog\/?p=198"},"modified":"2021-08-27T07:40:45","modified_gmt":"2021-08-27T07:40:45","slug":"interview-mydemenageur-sur-idfm-98fm-radio-enghien","status":"publish","type":"post","link":"https:\/\/www.mydemenageur.com\/blog\/interview-mydemenageur-sur-idfm-98fm-radio-enghien\/","title":{"rendered":"Interview MyDemenageur sur idFM 98.0FM &#8211; Radio Enghien"},"content":{"rendered":"<p>Jeudi 24 juillet 2014 \u00e0 12h30, <a href=\"\/blog\/services\/\">MyDemenageur<\/a> \u00e9tait au micro de idFM Radio Enghien. Marion a r\u00e9pondu aux questions de la journaliste Julia Suares pendant pas loin de 5 minutes. Vous pouvez d\u00e9couvrir ou red\u00e9couvrir l&rsquo;interview dans cet article.<\/p>\n<div class=\"btn-wrapper\"><a class=\"btn\" href=\"https:\/\/www.mydemenageur.com\/blog\/devis\/?utm_source=blog&amp;utm_medium=content&amp;utm_campaign=cta_in_post&amp;utm_content=devis_1_heure\" type=\"button\">Demander un devis de d\u00e9m\u00e9nagement ou de l&rsquo;aide<\/a><\/div>\n<p><!--more--><\/p>\n<!--[if lt IE 9]><script>document.createElement('audio');<\/script><![endif]-->\n<audio class=\"wp-audio-shortcode\" id=\"audio-198-1\" preload=\"none\" style=\"width: 100%;\" controls=\"controls\"><source type=\"audio\/mpeg\" src=\"https:\/\/www.mydemenageur.com\/blog\/wp-content\/uploads\/2014\/07\/interview_radio.mp3?_=1\" \/><a href=\"https:\/\/www.mydemenageur.com\/blog\/wp-content\/uploads\/2014\/07\/interview_radio.mp3\">https:\/\/www.mydemenageur.com\/blog\/wp-content\/uploads\/2014\/07\/interview_radio.mp3<\/a><\/audio>\n<p><small>\u00c9couter le mp3 de l&rsquo;interview<\/small><br \/>\n<strong><a href=\"https:\/\/www.mydemenageur.com\/blog\/wp-content\/uploads\/2014\/07\/idFMEnghien.jpg\"><img decoding=\"async\" class=\" wp-image-201 alignleft\" src=\"\/\/www.mydemenageur.com\/blog\/wp-content\/uploads\/2014\/07\/idFMEnghien.jpg\" alt=\"idFM Radio Enghien\" width=\"162\" height=\"162\" srcset=\"https:\/\/www.mydemenageur.com\/blog\/wp-content\/uploads\/2014\/07\/idFMEnghien.jpg 252w, https:\/\/www.mydemenageur.com\/blog\/wp-content\/uploads\/2014\/07\/idFMEnghien-150x150.jpg 150w\" sizes=\"(max-width: 162px) 100vw, 162px\" \/><\/a>idFM Radio Enghien<\/strong> (<a href=\"https:\/\/www.idfm98.fr\" target=\"_blank\" rel=\"noopener noreferrer\">www.idfm98.fr<\/a>) : On le sait d\u00e9m\u00e9nager est souvent un calvaire. Engager des professionnels revient souvent trop cher et d\u00e9m\u00e9nager avec des amis n&rsquo;est pas forc\u00e9ment une solution tr\u00e8s fiable. MyDemenageur est une plateforme qui met \u00e0 votre disposition des profils de particuliers de votre r\u00e9gion qui se proposent pour vous aider \u00e0 d\u00e9m\u00e9nager. Marion Weber associ\u00e9e au projet de cr\u00e9ation du site aux c\u00f4t\u00e9s de Dorian Touly le cr\u00e9ateur, est avec nous par t\u00e9l\u00e9phone. Elle r\u00e9pond aux questions de Julia Suares.<br \/>\n<strong>Julia Suares (idFM)<\/strong> : Marion Weber, bonjour !<br \/>\n<strong>Marion Weber (MyDemenageur)<\/strong> : Bonjour !<br \/>\n<strong>JS :<\/strong> Alors concr\u00e8tement, est-ce que vous pouvez nous dire ce que c&rsquo;est le site <a href=\"https:\/\/www.mydemenageur.com\/\">mydemenageur.com<\/a> ?<br \/>\n<strong>MW :<\/strong> Alors concr\u00e8tement c&rsquo;est un site qui met en relation des personnes qui souhaitent d\u00e9m\u00e9nager et qui n&rsquo;ont, pour une raison ou pour une autre, pas les moyens d&rsquo;engager des professionnels ou pas d&rsquo;aides. Et de l&rsquo;autre c\u00f4t\u00e9, des particuliers qui se proposent de les aider moyennant une compensation financi\u00e8re ou toute autre forme de r\u00e9mun\u00e9ration, un \u00e9change de service par exemple, voil\u00e0 tout simplement.<br \/>\n<strong>JS :<\/strong> Donc tout le monde peut participer ?<br \/>\n<strong>MW :<\/strong> Tout le monde peut participer oui, ce n&rsquo;est pas parce qu&rsquo;on est pas tr\u00e8s fort et qu&rsquo;on ne peut pas porter des gros cartons qu&rsquo;on ne peut pas aider, on peut aussi\u00a0 porter des petites choses, conduire le camion, mettre en cartons&#8230; il y a beaucoup de choses \u00e0 faire et on peut se proposer d&rsquo;aider pour tout.<br \/>\n<strong>JS :<\/strong> Si moi j&rsquo;ai envie de me porter volontaire pour un d\u00e9m\u00e9nagement, qu&rsquo;est-ce que je dois faire ?<br \/>\n<strong>MW<\/strong> : Alors vous allez sur le site mydemenageur.com, vous vous inscrivez, c&rsquo;est gratuit, vous cr\u00e9ez ce qu&rsquo;on appelle un profil gros bras, o\u00f9 vous rentrez vos coordonn\u00e9es si vous souhaitez les publier et vous contactez directement les personnes qui ont pass\u00e9 des annonces. Ou bien les personnes qui ont l&rsquo;intention de d\u00e9m\u00e9nager peuvent vous contacter directement.<br \/>\n<strong>JS :<\/strong> Donc m\u00eame si je n&rsquo;ai pas de gros bras je peux participer on est d&rsquo;accord ?<br \/>\n<strong>MW :<\/strong> M\u00eame si vous n&rsquo;avez pas de gros bras oui \ud83d\ude42<br \/>\n<strong>JS :<\/strong> Et donc il n&rsquo;y a pas d&rsquo;\u00e9valuation des participants ?<br \/>\n<strong>MW :<\/strong> Alors si tout \u00e0 fait, \u00e0 la fin de votre d\u00e9m\u00e9nagement, les personnes qui ont d\u00e9m\u00e9nager peuvent laisser une \u00e9valuation des gros bras sur le site, pour donner des informations pour pouvoir faire passer le message aux autres utilisateurs.<br \/>\n<strong>JS :<\/strong> Et au niveau de la r\u00e9mun\u00e9ration, c&rsquo;est la personne qui a besoin du service de d\u00e9m\u00e9nagement qui fixe un prix ou le site internet ? Comment ca se passe ?<br \/>\n<strong>MW :<\/strong> Alors ca d\u00e9pend, nous ne nous occupons pas du tout de la r\u00e9mun\u00e9ration, c&rsquo;est quelque chose qui est en n\u00e9gociation entre les particuliers. Soit le gros bras a donn\u00e9 un montant, soit c&rsquo;est dans l&rsquo;annonce, le particulier qui souhaite d\u00e9m\u00e9nager dit combien il est pr\u00eat \u00e0 mettre, et en fait ils s&rsquo;arrangent entre eux. Mais sinon comme je le disais, il y a d&rsquo;autres formes de r\u00e9mun\u00e9ration comme l&rsquo;\u00e9change de service.<br \/>\n<strong>JS :<\/strong> Donc vous avez fond\u00e9 ce site aux c\u00f4t\u00e9s de Dorian Touly, comment vous est venue l&rsquo;id\u00e9e de mydemenageur.com ?<br \/>\n<strong>MW :<\/strong> En fait c&rsquo;est Dorian qui a eu cette id\u00e9e, parce qu&rsquo;il a eu un jour envie d&rsquo;arrondir ces fins de mois tout simplement, et comme il avait d\u00e9j\u00e0 \u00e9t\u00e9 livreur pour un supermarch\u00e9, il s&rsquo;est dit qu&rsquo;il ferait bien quelque chose dans ce style l\u00e0 (aider des gens \u00e0 porter des meubles, machines \u00e0 laver etc.), et en fait il s&rsquo;est rendu compte que ca n&rsquo;existait pas. Il n&rsquo;y a aucun site qui propose uniquement des offres de d\u00e9m\u00e9nagement. Vous avez des sites de petites annonces qui ont des rubriques aide au d\u00e9m\u00e9nagement mais ca n&rsquo;est pas quelque chose de tr\u00e8s pr\u00e9cis, du coup il s&rsquo;est dit que c&rsquo;\u00e9tait l&rsquo;occasion de monter quelque chose de tr\u00e8s simple surtout que cela n&rsquo;existait pas ailleurs.<br \/>\n<strong>JS :<\/strong> En ce moment ce genre de plateforme collaborative marche tr\u00e8s tr\u00e8s bien, est-ce que c&rsquo;est le cas pour votre site aussi ?<br \/>\n<strong>MW :<\/strong> Effectivement ca marche bien. Bon, ca n&rsquo;a qu&rsquo;un an, ca a \u00e9t\u00e9 cr\u00e9e en juillet 2013, mais effectivement on a d\u00e9j\u00e0 800 annonces de d\u00e9m\u00e9nagement qui ont \u00e9t\u00e9 post\u00e9es sur le site en un an alors qu&rsquo;on \u00e9tait pas du tout connu. On s&rsquo;est fait connaitre surtout gr\u00e2ce aux m\u00e9dias et aux r\u00e9seaux sociaux, et on a d\u00e9j\u00e0 aujourd&rsquo;hui 500 profils de gros bras \u00e0 peu pr\u00e8s dans toutes les r\u00e9gions de France avec une majorit\u00e9 en Ile de France.<br \/>\n<strong>JS :<\/strong> Oui donc vous \u00eates vraiment bas\u00e9 sur toute la France, pas seulement l&rsquo;Ile de France ?<br \/>\n<strong>MW :<\/strong> Toute la France exactement, mais c&rsquo;est vrai qu&rsquo;aujourd&rsquo;hui les personnes qui d\u00e9m\u00e9nagent et les personnes qui aident \u00e0 d\u00e9m\u00e9nager sont pour un bon tiers en Ile de France.<br \/>\n<strong>JS :<\/strong> Vous avez d&rsquo;autres projets \u00e0 l&rsquo;avenir pour votre site ?<br \/>\n<strong>MW :<\/strong> D&rsquo;abord il faut attendre qu&rsquo;il y ai suffisamment de gens qui participent, il faut attendre qu&rsquo;il monte encore un peu, mais effectivement on voudrait proposer d&rsquo;autres services qui cette fois pourraient \u00eatre payants ou sponsoris\u00e9s d&rsquo;une mani\u00e8re ou d&rsquo;une autre, que ca soit l\u00e0 pour le coup des services d&rsquo;achats ou d&rsquo;aides plus pr\u00e9cises&#8230; voil\u00e0, des tas d&rsquo;autres services qu&rsquo;on pourrait proposer en plus.<br \/>\n<strong>JS :<\/strong> D&rsquo;accord, merci beaucoup Marion Weber d&rsquo;avoir r\u00e9pondu \u00e0 notre invitation.<\/p>\n","protected":false},"excerpt":{"rendered":"<p>Jeudi 24 juillet 2014 \u00e0 12h30, MyDemenageur \u00e9tait au micro de idFM Radio Enghien. Marion a r\u00e9pondu aux questions de<\/p>\n","protected":false},"author":11,"featured_media":22513,"comment_status":"open","ping_status":"open","sticky":false,"template":"","format":"standard","meta":{"_lmt_disableupdate":"","_lmt_disable":"","footnotes":""},"categories":[21],"tags":[113],"yoast_head":"<!-- This site is optimized with the Yoast SEO Premium plugin v24.2 (Yoast SEO v24.5) - https:\/\/yoast.com\/wordpress\/plugins\/seo\/ -->\n<title>Interview MyDemenageur sur idFM 98.0FM - Radio Enghien<\/title>\n<meta name=\"description\" content=\"D\u00e9couvrez notre interview sur Radio Enghien, pour pr\u00e9senter Mydemenageur et nos gros bras pour votre aide au d\u00e9m\u00e9nagement.\" \/>\n<meta name=\"robots\" content=\"index, follow, max-snippet:-1, max-image-preview:large, max-video-preview:-1\" \/>\n<link rel=\"canonical\" href=\"https:\/\/www.mydemenageur.com\/blog\/interview-mydemenageur-sur-idfm-98fm-radio-enghien\/\" \/>\n<meta property=\"og:locale\" content=\"fr_FR\" \/>\n<meta property=\"og:type\" content=\"article\" \/>\n<meta property=\"og:title\" content=\"Interview MyDemenageur sur idFM 98.0FM - Radio Enghien\" \/>\n<meta property=\"og:description\" content=\"D\u00e9couvrez notre interview sur Radio Enghien, pour pr\u00e9senter Mydemenageur et nos gros bras pour votre aide au d\u00e9m\u00e9nagement.\" \/>\n<meta property=\"og:url\" content=\"https:\/\/www.mydemenageur.com\/blog\/interview-mydemenageur-sur-idfm-98fm-radio-enghien\/\" \/>\n<meta property=\"og:site_name\" content=\"MyDemenageur\" \/>\n<meta property=\"article:publisher\" content=\"https:\/\/www.facebook.com\/mydemenageur\" \/>\n<meta property=\"article:published_time\" content=\"2014-07-25T13:26:29+00:00\" \/>\n<meta property=\"article:modified_time\" content=\"2021-08-27T07:40:45+00:00\" \/>\n<meta property=\"og:image\" content=\"https:\/\/www.mydemenageur.com\/blog\/wp-content\/uploads\/2014\/07\/interview-mydemenageur-sur-idfm-98fm-radio-enghien.jpeg\" \/>\n\t<meta property=\"og:image:width\" content=\"1000\" \/>\n\t<meta property=\"og:image:height\" content=\"666\" \/>\n\t<meta property=\"og:image:type\" content=\"image\/jpeg\" \/>\n<meta name=\"author\" content=\"Mathilde\" \/>\n<meta name=\"twitter:card\" content=\"summary_large_image\" \/>\n<meta name=\"twitter:creator\" content=\"@mydemenageur\" \/>\n<meta name=\"twitter:site\" content=\"@mydemenageur\" \/>\n<meta name=\"twitter:label1\" content=\"\u00c9crit par\" \/>\n\t<meta name=\"twitter:data1\" content=\"Mathilde\" \/>\n\t<meta name=\"twitter:label2\" content=\"Dur\u00e9e de lecture estim\u00e9e\" \/>\n\t<meta name=\"twitter:data2\" content=\"5 minutes\" \/>\n<script type=\"application\/ld+json\" class=\"yoast-schema-graph\">{\"@context\":\"https:\/\/schema.org\",\"@graph\":[{\"@type\":\"Article\",\"@id\":\"https:\/\/www.mydemenageur.com\/blog\/interview-mydemenageur-sur-idfm-98fm-radio-enghien\/#article\",\"isPartOf\":{\"@id\":\"https:\/\/www.mydemenageur.com\/blog\/interview-mydemenageur-sur-idfm-98fm-radio-enghien\/\"},\"author\":{\"name\":\"Mathilde\",\"@id\":\"https:\/\/www.mydemenageur.com\/blog\/#\/schema\/person\/4540dc333c2e7dc790f0f7bcd5b99569\"},\"headline\":\"Interview MyDemenageur sur idFM 98.0FM &#8211; Radio Enghien\",\"datePublished\":\"2014-07-25T13:26:29+00:00\",\"dateModified\":\"2021-08-27T07:40:45+00:00\",\"mainEntityOfPage\":{\"@id\":\"https:\/\/www.mydemenageur.com\/blog\/interview-mydemenageur-sur-idfm-98fm-radio-enghien\/\"},\"wordCount\":1085,\"commentCount\":0,\"publisher\":{\"@id\":\"https:\/\/www.mydemenageur.com\/blog\/#organization\"},\"image\":{\"@id\":\"https:\/\/www.mydemenageur.com\/blog\/interview-mydemenageur-sur-idfm-98fm-radio-enghien\/#primaryimage\"},\"thumbnailUrl\":\"https:\/\/www.mydemenageur.com\/blog\/wp-content\/uploads\/2014\/07\/interview-mydemenageur-sur-idfm-98fm-radio-enghien.jpeg\",\"keywords\":[\"Presse\"],\"articleSection\":[\"MyDemenageur\"],\"inLanguage\":\"fr-FR\",\"potentialAction\":[{\"@type\":\"CommentAction\",\"name\":\"Comment\",\"target\":[\"https:\/\/www.mydemenageur.com\/blog\/interview-mydemenageur-sur-idfm-98fm-radio-enghien\/#respond\"]}]},{\"@type\":\"WebPage\",\"@id\":\"https:\/\/www.mydemenageur.com\/blog\/interview-mydemenageur-sur-idfm-98fm-radio-enghien\/\",\"url\":\"https:\/\/www.mydemenageur.com\/blog\/interview-mydemenageur-sur-idfm-98fm-radio-enghien\/\",\"name\":\"Interview MyDemenageur sur idFM 98.0FM - Radio Enghien\",\"isPartOf\":{\"@id\":\"https:\/\/www.mydemenageur.com\/blog\/#website\"},\"primaryImageOfPage\":{\"@id\":\"https:\/\/www.mydemenageur.com\/blog\/interview-mydemenageur-sur-idfm-98fm-radio-enghien\/#primaryimage\"},\"image\":{\"@id\":\"https:\/\/www.mydemenageur.com\/blog\/interview-mydemenageur-sur-idfm-98fm-radio-enghien\/#primaryimage\"},\"thumbnailUrl\":\"https:\/\/www.mydemenageur.com\/blog\/wp-content\/uploads\/2014\/07\/interview-mydemenageur-sur-idfm-98fm-radio-enghien.jpeg\",\"datePublished\":\"2014-07-25T13:26:29+00:00\",\"dateModified\":\"2021-08-27T07:40:45+00:00\",\"description\":\"D\u00e9couvrez notre interview sur Radio Enghien, pour pr\u00e9senter Mydemenageur et nos gros bras pour votre aide au d\u00e9m\u00e9nagement.\",\"breadcrumb\":{\"@id\":\"https:\/\/www.mydemenageur.com\/blog\/interview-mydemenageur-sur-idfm-98fm-radio-enghien\/#breadcrumb\"},\"inLanguage\":\"fr-FR\",\"potentialAction\":[{\"@type\":\"ReadAction\",\"target\":[\"https:\/\/www.mydemenageur.com\/blog\/interview-mydemenageur-sur-idfm-98fm-radio-enghien\/\"]}]},{\"@type\":\"ImageObject\",\"inLanguage\":\"fr-FR\",\"@id\":\"https:\/\/www.mydemenageur.com\/blog\/interview-mydemenageur-sur-idfm-98fm-radio-enghien\/#primaryimage\",\"url\":\"https:\/\/www.mydemenageur.com\/blog\/wp-content\/uploads\/2014\/07\/interview-mydemenageur-sur-idfm-98fm-radio-enghien.jpeg\",\"contentUrl\":\"https:\/\/www.mydemenageur.com\/blog\/wp-content\/uploads\/2014\/07\/interview-mydemenageur-sur-idfm-98fm-radio-enghien.jpeg\",\"width\":1000,\"height\":666,\"caption\":\"Interview MyDemenageur sur idFM 98.0FM - Radio Enghien\"},{\"@type\":\"BreadcrumbList\",\"@id\":\"https:\/\/www.mydemenageur.com\/blog\/interview-mydemenageur-sur-idfm-98fm-radio-enghien\/#breadcrumb\",\"itemListElement\":[{\"@type\":\"ListItem\",\"position\":1,\"name\":\"Accueil\",\"item\":\"https:\/\/www.mydemenageur.com\/blog\/\"},{\"@type\":\"ListItem\",\"position\":2,\"name\":\"MyDemenageur\",\"item\":\"https:\/\/www.mydemenageur.com\/blog\/categorie\/demenagement\/\"},{\"@type\":\"ListItem\",\"position\":3,\"name\":\"Interview MyDemenageur sur idFM 98.0FM &#8211; Radio Enghien\"}]},{\"@type\":\"WebSite\",\"@id\":\"https:\/\/www.mydemenageur.com\/blog\/#website\",\"url\":\"https:\/\/www.mydemenageur.com\/blog\/\",\"name\":\"MyDemenageur\",\"description\":\"Conseils d\u00e9m\u00e9ngement entre particuliers et d\u00e9m\u00e9nagement professionnel\",\"publisher\":{\"@id\":\"https:\/\/www.mydemenageur.com\/blog\/#organization\"},\"potentialAction\":[{\"@type\":\"SearchAction\",\"target\":{\"@type\":\"EntryPoint\",\"urlTemplate\":\"https:\/\/www.mydemenageur.com\/blog\/?s={search_term_string}\"},\"query-input\":{\"@type\":\"PropertyValueSpecification\",\"valueRequired\":true,\"valueName\":\"search_term_string\"}}],\"inLanguage\":\"fr-FR\"},{\"@type\":\"Organization\",\"@id\":\"https:\/\/www.mydemenageur.com\/blog\/#organization\",\"name\":\"MyDemenageur.com\",\"url\":\"https:\/\/www.mydemenageur.com\/blog\/\",\"logo\":{\"@type\":\"ImageObject\",\"inLanguage\":\"fr-FR\",\"@id\":\"https:\/\/www.mydemenageur.com\/blog\/#\/schema\/logo\/image\/\",\"url\":\"https:\/\/www.mydemenageur.com\/blog\/wp-content\/uploads\/2022\/05\/MyDemenageur_Symbol.jpg\",\"contentUrl\":\"https:\/\/www.mydemenageur.com\/blog\/wp-content\/uploads\/2022\/05\/MyDemenageur_Symbol.jpg\",\"width\":878,\"height\":877,\"caption\":\"MyDemenageur.com\"},\"image\":{\"@id\":\"https:\/\/www.mydemenageur.com\/blog\/#\/schema\/logo\/image\/\"},\"sameAs\":[\"https:\/\/www.facebook.com\/mydemenageur\",\"https:\/\/x.com\/mydemenageur\",\"https:\/\/www.pinterest.fr\/mydemenageur\/\"]},{\"@type\":\"Person\",\"@id\":\"https:\/\/www.mydemenageur.com\/blog\/#\/schema\/person\/4540dc333c2e7dc790f0f7bcd5b99569\",\"name\":\"Mathilde\",\"image\":{\"@type\":\"ImageObject\",\"inLanguage\":\"fr-FR\",\"@id\":\"https:\/\/www.mydemenageur.com\/blog\/#\/schema\/person\/image\/\",\"url\":\"https:\/\/secure.gravatar.com\/avatar\/abde069f6f70261ee6ecea93e0437d77?s=96&#038;r=g\",\"contentUrl\":\"https:\/\/secure.gravatar.com\/avatar\/abde069f6f70261ee6ecea93e0437d77?s=96&#038;r=g\",\"caption\":\"Mathilde\"},\"description\":\"L'harmonie des couleurs et des objets m'a toujours fascin\u00e9e, transformant chaque pi\u00e8ce en un lieu unique et agr\u00e9able \u00e0 vivre. Sur MyDemenageur, vous trouverez non seulement des inspirations personnelles, mais aussi des informations r\u00e9centes sur le monde de la d\u00e9coration, les projets de maison, le d\u00e9m\u00e9nagement et les travaux.\",\"url\":\"https:\/\/www.mydemenageur.com\/blog\/author\/mathilde\/\"}]}<\/script>\n<!-- \/ Yoast SEO Premium plugin. -->","yoast_head_json":{"title":"Interview MyDemenageur sur idFM 98.0FM - Radio Enghien","description":"D\u00e9couvrez notre interview sur Radio Enghien, pour pr\u00e9senter Mydemenageur et nos gros bras pour votre aide au d\u00e9m\u00e9nagement.","robots":{"index":"index","follow":"follow","max-snippet":"max-snippet:-1","max-image-preview":"max-image-preview:large","max-video-preview":"max-video-preview:-1"},"canonical":"https:\/\/www.mydemenageur.com\/blog\/interview-mydemenageur-sur-idfm-98fm-radio-enghien\/","og_locale":"fr_FR","og_type":"article","og_title":"Interview MyDemenageur sur idFM 98.0FM - Radio Enghien","og_description":"D\u00e9couvrez notre interview sur Radio Enghien, pour pr\u00e9senter Mydemenageur et nos gros bras pour votre aide au d\u00e9m\u00e9nagement.","og_url":"https:\/\/www.mydemenageur.com\/blog\/interview-mydemenageur-sur-idfm-98fm-radio-enghien\/","og_site_name":"MyDemenageur","article_publisher":"https:\/\/www.facebook.com\/mydemenageur","article_published_time":"2014-07-25T13:26:29+00:00","article_modified_time":"2021-08-27T07:40:45+00:00","og_image":[{"width":1000,"height":666,"url":"https:\/\/www.mydemenageur.com\/blog\/wp-content\/uploads\/2014\/07\/interview-mydemenageur-sur-idfm-98fm-radio-enghien.jpeg","type":"image\/jpeg"}],"author":"Mathilde","twitter_card":"summary_large_image","twitter_creator":"@mydemenageur","twitter_site":"@mydemenageur","twitter_misc":{"\u00c9crit par":"Mathilde","Dur\u00e9e de lecture estim\u00e9e":"5 minutes"},"schema":{"@context":"https:\/\/schema.org","@graph":[{"@type":"Article","@id":"https:\/\/www.mydemenageur.com\/blog\/interview-mydemenageur-sur-idfm-98fm-radio-enghien\/#article","isPartOf":{"@id":"https:\/\/www.mydemenageur.com\/blog\/interview-mydemenageur-sur-idfm-98fm-radio-enghien\/"},"author":{"name":"Mathilde","@id":"https:\/\/www.mydemenageur.com\/blog\/#\/schema\/person\/4540dc333c2e7dc790f0f7bcd5b99569"},"headline":"Interview MyDemenageur sur idFM 98.0FM &#8211; Radio Enghien","datePublished":"2014-07-25T13:26:29+00:00","dateModified":"2021-08-27T07:40:45+00:00","mainEntityOfPage":{"@id":"https:\/\/www.mydemenageur.com\/blog\/interview-mydemenageur-sur-idfm-98fm-radio-enghien\/"},"wordCount":1085,"commentCount":0,"publisher":{"@id":"https:\/\/www.mydemenageur.com\/blog\/#organization"},"image":{"@id":"https:\/\/www.mydemenageur.com\/blog\/interview-mydemenageur-sur-idfm-98fm-radio-enghien\/#primaryimage"},"thumbnailUrl":"https:\/\/www.mydemenageur.com\/blog\/wp-content\/uploads\/2014\/07\/interview-mydemenageur-sur-idfm-98fm-radio-enghien.jpeg","keywords":["Presse"],"articleSection":["MyDemenageur"],"inLanguage":"fr-FR","potentialAction":[{"@type":"CommentAction","name":"Comment","target":["https:\/\/www.mydemenageur.com\/blog\/interview-mydemenageur-sur-idfm-98fm-radio-enghien\/#respond"]}]},{"@type":"WebPage","@id":"https:\/\/www.mydemenageur.com\/blog\/interview-mydemenageur-sur-idfm-98fm-radio-enghien\/","url":"https:\/\/www.mydemenageur.com\/blog\/interview-mydemenageur-sur-idfm-98fm-radio-enghien\/","name":"Interview MyDemenageur sur idFM 98.0FM - Radio Enghien","isPartOf":{"@id":"https:\/\/www.mydemenageur.com\/blog\/#website"},"primaryImageOfPage":{"@id":"https:\/\/www.mydemenageur.com\/blog\/interview-mydemenageur-sur-idfm-98fm-radio-enghien\/#primaryimage"},"image":{"@id":"https:\/\/www.mydemenageur.com\/blog\/interview-mydemenageur-sur-idfm-98fm-radio-enghien\/#primaryimage"},"thumbnailUrl":"https:\/\/www.mydemenageur.com\/blog\/wp-content\/uploads\/2014\/07\/interview-mydemenageur-sur-idfm-98fm-radio-enghien.jpeg","datePublished":"2014-07-25T13:26:29+00:00","dateModified":"2021-08-27T07:40:45+00:00","description":"D\u00e9couvrez notre interview sur Radio Enghien, pour pr\u00e9senter Mydemenageur et nos gros bras pour votre aide au d\u00e9m\u00e9nagement.","breadcrumb":{"@id":"https:\/\/www.mydemenageur.com\/blog\/interview-mydemenageur-sur-idfm-98fm-radio-enghien\/#breadcrumb"},"inLanguage":"fr-FR","potentialAction":[{"@type":"ReadAction","target":["https:\/\/www.mydemenageur.com\/blog\/interview-mydemenageur-sur-idfm-98fm-radio-enghien\/"]}]},{"@type":"ImageObject","inLanguage":"fr-FR","@id":"https:\/\/www.mydemenageur.com\/blog\/interview-mydemenageur-sur-idfm-98fm-radio-enghien\/#primaryimage","url":"https:\/\/www.mydemenageur.com\/blog\/wp-content\/uploads\/2014\/07\/interview-mydemenageur-sur-idfm-98fm-radio-enghien.jpeg","contentUrl":"https:\/\/www.mydemenageur.com\/blog\/wp-content\/uploads\/2014\/07\/interview-mydemenageur-sur-idfm-98fm-radio-enghien.jpeg","width":1000,"height":666,"caption":"Interview MyDemenageur sur idFM 98.0FM - Radio Enghien"},{"@type":"BreadcrumbList","@id":"https:\/\/www.mydemenageur.com\/blog\/interview-mydemenageur-sur-idfm-98fm-radio-enghien\/#breadcrumb","itemListElement":[{"@type":"ListItem","position":1,"name":"Accueil","item":"https:\/\/www.mydemenageur.com\/blog\/"},{"@type":"ListItem","position":2,"name":"MyDemenageur","item":"https:\/\/www.mydemenageur.com\/blog\/categorie\/demenagement\/"},{"@type":"ListItem","position":3,"name":"Interview MyDemenageur sur idFM 98.0FM &#8211; Radio Enghien"}]},{"@type":"WebSite","@id":"https:\/\/www.mydemenageur.com\/blog\/#website","url":"https:\/\/www.mydemenageur.com\/blog\/","name":"MyDemenageur","description":"Conseils d\u00e9m\u00e9ngement entre particuliers et d\u00e9m\u00e9nagement professionnel","publisher":{"@id":"https:\/\/www.mydemenageur.com\/blog\/#organization"},"potentialAction":[{"@type":"SearchAction","target":{"@type":"EntryPoint","urlTemplate":"https:\/\/www.mydemenageur.com\/blog\/?s={search_term_string}"},"query-input":{"@type":"PropertyValueSpecification","valueRequired":true,"valueName":"search_term_string"}}],"inLanguage":"fr-FR"},{"@type":"Organization","@id":"https:\/\/www.mydemenageur.com\/blog\/#organization","name":"MyDemenageur.com","url":"https:\/\/www.mydemenageur.com\/blog\/","logo":{"@type":"ImageObject","inLanguage":"fr-FR","@id":"https:\/\/www.mydemenageur.com\/blog\/#\/schema\/logo\/image\/","url":"https:\/\/www.mydemenageur.com\/blog\/wp-content\/uploads\/2022\/05\/MyDemenageur_Symbol.jpg","contentUrl":"https:\/\/www.mydemenageur.com\/blog\/wp-content\/uploads\/2022\/05\/MyDemenageur_Symbol.jpg","width":878,"height":877,"caption":"MyDemenageur.com"},"image":{"@id":"https:\/\/www.mydemenageur.com\/blog\/#\/schema\/logo\/image\/"},"sameAs":["https:\/\/www.facebook.com\/mydemenageur","https:\/\/x.com\/mydemenageur","https:\/\/www.pinterest.fr\/mydemenageur\/"]},{"@type":"Person","@id":"https:\/\/www.mydemenageur.com\/blog\/#\/schema\/person\/4540dc333c2e7dc790f0f7bcd5b99569","name":"Mathilde","image":{"@type":"ImageObject","inLanguage":"fr-FR","@id":"https:\/\/www.mydemenageur.com\/blog\/#\/schema\/person\/image\/","url":"https:\/\/secure.gravatar.com\/avatar\/abde069f6f70261ee6ecea93e0437d77?s=96&#038;r=g","contentUrl":"https:\/\/secure.gravatar.com\/avatar\/abde069f6f70261ee6ecea93e0437d77?s=96&#038;r=g","caption":"Mathilde"},"description":"L'harmonie des couleurs et des objets m'a toujours fascin\u00e9e, transformant chaque pi\u00e8ce en un lieu unique et agr\u00e9able \u00e0 vivre. Sur MyDemenageur, vous trouverez non seulement des inspirations personnelles, mais aussi des informations r\u00e9centes sur le monde de la d\u00e9coration, les projets de maison, le d\u00e9m\u00e9nagement et les travaux.","url":"https:\/\/www.mydemenageur.com\/blog\/author\/mathilde\/"}]}},"modified_by":"fabien","_links":{"self":[{"href":"https:\/\/www.mydemenageur.com\/blog\/wp-json\/wp\/v2\/posts\/198"}],"collection":[{"href":"https:\/\/www.mydemenageur.com\/blog\/wp-json\/wp\/v2\/posts"}],"about":[{"href":"https:\/\/www.mydemenageur.com\/blog\/wp-json\/wp\/v2\/types\/post"}],"author":[{"embeddable":true,"href":"https:\/\/www.mydemenageur.com\/blog\/wp-json\/wp\/v2\/users\/11"}],"replies":[{"embeddable":true,"href":"https:\/\/www.mydemenageur.com\/blog\/wp-json\/wp\/v2\/comments?post=198"}],"version-history":[{"count":0,"href":"https:\/\/www.mydemenageur.com\/blog\/wp-json\/wp\/v2\/posts\/198\/revisions"}],"wp:featuredmedia":[{"embeddable":true,"href":"https:\/\/www.mydemenageur.com\/blog\/wp-json\/wp\/v2\/media\/22513"}],"wp:attachment":[{"href":"https:\/\/www.mydemenageur.com\/blog\/wp-json\/wp\/v2\/media?parent=198"}],"wp:term":[{"taxonomy":"category","embeddable":true,"href":"https:\/\/www.mydemenageur.com\/blog\/wp-json\/wp\/v2\/categories?post=198"},{"taxonomy":"post_tag","embeddable":true,"href":"https:\/\/www.mydemenageur.com\/blog\/wp-json\/wp\/v2\/tags?post=198"}],"curies":[{"name":"wp","href":"https:\/\/api.w.org\/{rel}","templated":true}]}}