{"id":20041,"date":"2015-03-16T10:35:41","date_gmt":"2015-03-16T10:35:41","guid":{"rendered":"https:\/\/www.mydemenageur.com\/blog\/?p=638"},"modified":"2021-08-27T07:44:51","modified_gmt":"2021-08-27T07:44:51","slug":"la-consommation-collaborative-comme-createur-de-lien-social-le-come-back-du-lien-social","status":"publish","type":"post","link":"https:\/\/www.mydemenageur.com\/blog\/la-consommation-collaborative-comme-createur-de-lien-social-le-come-back-du-lien-social\/","title":{"rendered":"La consommation collaborative comme cr\u00e9ateur de lien social : Le \u00ab\u00a0come back\u00a0\u00bb du lien social"},"content":{"rendered":"<p>Il est important de rappeler que <a title=\"La croissance de la consommation collaborative\" href=\"https:\/\/www.mydemenageur.com\/blog\/consommation-collaborative\/\" target=\"_blank\" rel=\"noopener noreferrer\">la croissance de la consommation collaborative<\/a> et son succ\u00e8s ces derni\u00e8res ann\u00e9es sont dues \u00e0 plusieurs facteurs concomitants.<\/p>\n<p>Tout d&rsquo;abord, il y a bien s\u00fbr la raison \u00e9conomique, nous faisons face en Europe \u00e0 une crise profonde, et comme dans beaucoup de pays europ\u00e9ens, <a href=\"https:\/\/www.mydemenageur.com\/blog\/economiser-de-largent-avec-la-consommation-collaborative-laccord-gagnant-gagnant\/\" target=\"_blank\" rel=\"noopener noreferrer\">les Fran\u00e7ais cherchent \u00e0 r\u00e9duire leurs frais<\/a> au maximum.<\/p>\n<p>Le mod\u00e8le \u00e9conomique traditionnel montrant ses lismites, beaucoup de personnes recherchent \u00e9galement de nouvelles formes de consommation, \u00e9quitable, plus juste, respectant l&rsquo;environnement.<br \/>\nAussi, Internet et le boom des smartphones, nous permettent d&rsquo;\u00eatre aujourd&rsquo;hui hyper-connect\u00e9s, ce qui ouvre la possibilit\u00e9 de cr\u00e9er des places de march\u00e9 de produits, de services sans aucun interm\u00e9diaire.<\/p>\n<p>Outre ces facteurs incontournables, un autre, plus ou moins inattendu, s&rsquo;impose doucement : le renforcement du lien social. L&rsquo;\u00e9conomie collaborative et ses communaut\u00e9s s&rsquo;inscrit \u00e0 contre-courant de l&rsquo;individualisation inh\u00e9rente \u00e0 la soci\u00e9t\u00e9 de consommation. La consommation collaborative comme cr\u00e9ateur de lien social : voil\u00e0 qui ach\u00e8ve de convaincre les consommateurs en qu\u00eate de sens et qui s\u00e9duit les nouveaux arrivants dans l&rsquo;\u00e9conomie collaborative.<\/p>\n<div id=\"ez-toc-container\" class=\"ez-toc-v2_0_82_2 counter-hierarchy ez-toc-counter ez-toc-custom ez-toc-container-direction\">\n<div class=\"ez-toc-title-container\">\n<p class=\"ez-toc-title\" style=\"cursor:inherit\">Ce que vous allez apprendre<\/p>\n<span class=\"ez-toc-title-toggle\"><\/span><\/div>\n<nav><ul class='ez-toc-list ez-toc-list-level-1 ' ><li class='ez-toc-page-1 ez-toc-heading-level-2'><a class=\"ez-toc-link ez-toc-heading-1\" href=\"https:\/\/www.mydemenageur.com\/blog\/la-consommation-collaborative-comme-createur-de-lien-social-le-come-back-du-lien-social\/#un-moyen-de-re-creer-du-lien-social\" >Un moyen de re-cr\u00e9er du lien social<\/a><\/li><li class='ez-toc-page-1 ez-toc-heading-level-2'><a class=\"ez-toc-link ez-toc-heading-2\" href=\"https:\/\/www.mydemenageur.com\/blog\/la-consommation-collaborative-comme-createur-de-lien-social-le-come-back-du-lien-social\/#pas-de-confiance-pas-de-transaction\" >Pas de confiance, pas de transaction.<\/a><\/li><\/ul><\/nav><\/div>\n<h2><span class=\"ez-toc-section\" id=\"un-moyen-de-re-creer-du-lien-social\"><\/span>Un moyen de re-cr\u00e9er du lien social<span class=\"ez-toc-section-end\"><\/span><\/h2>\n<p>Le besoin de revitaliser le lien social appara\u00eet comme une source non n\u00e9gligeable de motivation \u00e0 participer \u00e0 l&rsquo;\u00e9conomie collaborative, 89% des urbains (source Liligo) consid\u00e8rent que la consommation collaborative est un moyen de favoriser le lien social.<br \/>\nCovoiturage avec Blablacar, location de voiture entre particulier avec Drivy, plateforme d\u2019achats group\u00e9s au producteur avec Laruchequiditoui, location d\u2019espace de stockage avec Costockage, location d\u2019appartements avec Airbnb ou Sejourning, \u00e9change de maison avec Knok, coworking avec Bureuaxapartager, etc.. Le point commun de toutes ces initiatives collaboratives est Internet : on se connecte en ligne, mais on partage des exp\u00e9riences dans la vraie vie.<\/p>\n<p>Aujourd\u2019hui, la recherche de lien social, qui \u00e9tait promis \u00e0 la disparition par la soci\u00e9t\u00e9 de consommation et l\u2019 individualisme, refait surface, et c\u2019est cette dimension sociale qui explique aussi le succ\u00e8s des plateformes de consommation collaborative.<br \/>\nL&rsquo;utilisateur existe au sein de ces communaut\u00e9s, son aptitude \u00e0 aider son prochain et participer est valoris\u00e9e.<\/p>\n<p>Ce qui lui vaut la reconnaissance sociale de sa communaut\u00e9. Le syst\u00e8me de notation Ebay a amorc\u00e9 la pompe et fait des \u00e9mules. Ces syst\u00e8mes de r\u00e9putation sont d\u00e9sormais bien au point, les acteurs de chaque communaut\u00e9 se notent, la confiance entre particuliers qui ne se connaissent pas s&rsquo;installe ainsi de plus en plus.<\/p>\n<p>La consommation collaborative c\u2019est avant tout des communaut\u00e9s de confiance , et c\u2019est seulement cette confiance qui rend possible l\u2019 interaction.<\/p>\n<h2><span class=\"ez-toc-section\" id=\"pas-de-confiance-pas-de-transaction\"><\/span>Pas de confiance, pas de transaction.<span class=\"ez-toc-section-end\"><\/span><\/h2>\n<p><a href=\"https:\/\/www.mydemenageur.com\/blog\/wp-content\/uploads\/2015\/03\/Rachel_bostman.jpg\"><img decoding=\"async\" src=\"https:\/\/www.mydemenageur.com\/blog\/wp-content\/uploads\/2015\/03\/Rachel_bostman.jpg\" alt=\"Rachel bostman\" width=\"280\" height=\"327\" \/><\/a><a href=\"https:\/\/www.ted.com\/talks\/rachel_botsman_the_case_for_collaborative_consumption?language=fr\" target=\"_blank\" rel=\"noopener noreferrer\">Rachel Botsman<\/a>, auteur avec Roo Rogers en 2010 de \u201cCe qui est \u00e0 moi est \u00e0 vous : la mont\u00e9e de la consommation collaborative\u201d nous explique que :<br \/>\n\u00ab Notre participation \u00e0 des plateformes communautaires et aux r\u00e9seaux sociaux d\u00e9finis la fa\u00e7on dont nous nous exprimons &#8230; Nous quittons la culture de l\u2019hyper-individualisme pour la culture du partage. C\u2019est ce que nous pouvons appeler la transition de la culture du \u201cmoi\u201d \u00e0 la culture du \u201cnous\u201d \u00bb.<\/p>\n<p>La soci\u00e9t\u00e9 de consommation pousse \u00e0 l\u2019individualisme, un individualisme auto-aliment\u00e9 par le mode de croissance. Cette culture du soi et de la possession est encourag\u00e9e dans le but de faire consommer toujours plus.<\/p>\n<p>L\u2019int\u00e9r\u00eat d\u2019un fabricant d\u2019objets quelconque est bien que chacun poss\u00e8de ses propres produits et sans doute pas que ceux-ci soient mutualis\u00e9s \u00e0 tout un quartier.<br \/>\nIl en a r\u00e9sult\u00e9, au cours de ces derni\u00e8res d\u00e9cennies, un repli sur soi, un isolement progressif, m\u00eame chez les citadins pourtant entour\u00e9s de milliers d\u2019autres personnes : Une \u00e9rosion progressive du lien social.<\/p>\n<p>Mais gr\u00e2ce \u00e0 l\u2019\u00e9conomie collaborative, le concept m\u00eame de \u00ab\u00a0voisin\u00a0\u00bb est en train de changer.<br \/>\nAuparavant pr\u00e9sent\u00e9 par les publicitaires comme la personne qui vit de l\u2019autre cot\u00e9 du palier et avec qui on ne s\u2019entend pas forc\u00e9ment.<\/p>\n<p>Le voisinage n\u2019est plus d\u00e9sormais une concept g\u00e9ographique mais plut\u00f4t un syst\u00e8me de valeurs communes qui transforme tous les utilisateurs du m\u00eame service en \u201cbon voisin\u201d potentiel.<\/p>\n","protected":false},"excerpt":{"rendered":"<p>Il est important de rappeler que la croissance de la consommation collaborative et son succ\u00e8s ces derni\u00e8res ann\u00e9es sont dues<\/p>\n","protected":false},"author":11,"featured_media":22454,"comment_status":"closed","ping_status":"closed","sticky":false,"template":"","format":"standard","meta":{"_lmt_disableupdate":"","_lmt_disable":"","footnotes":""},"categories":[101],"tags":[118],"yoast_head":"<!-- This site is optimized with the Yoast SEO Premium plugin v24.2 (Yoast SEO v24.5) - https:\/\/yoast.com\/wordpress\/plugins\/seo\/ -->\n<title>La consommation collaborative comme cr\u00e9ateur de lien social<\/title>\n<meta name=\"description\" content=\"La consommation collaborative comme cr\u00e9ateur de lien social : voil\u00e0 qui ach\u00e8ve de convaincre les consommateurs en qu\u00eate de sens et s\u00e9duit les autres .\" \/>\n<meta name=\"robots\" content=\"index, follow, max-snippet:-1, max-image-preview:large, max-video-preview:-1\" \/>\n<link rel=\"canonical\" href=\"https:\/\/www.mydemenageur.com\/blog\/la-consommation-collaborative-comme-createur-de-lien-social-le-come-back-du-lien-social\/\" \/>\n<meta property=\"og:locale\" content=\"fr_FR\" \/>\n<meta property=\"og:type\" content=\"article\" \/>\n<meta property=\"og:title\" content=\"La consommation collaborative comme cr\u00e9ateur de lien social : Le &quot;come back&quot; du lien social\" \/>\n<meta property=\"og:description\" content=\"La consommation collaborative comme cr\u00e9ateur de lien social : voil\u00e0 qui ach\u00e8ve de convaincre les consommateurs en qu\u00eate de sens et s\u00e9duit les autres .\" \/>\n<meta property=\"og:url\" content=\"https:\/\/www.mydemenageur.com\/blog\/la-consommation-collaborative-comme-createur-de-lien-social-le-come-back-du-lien-social\/\" \/>\n<meta property=\"og:site_name\" content=\"MyDemenageur\" \/>\n<meta property=\"article:publisher\" content=\"https:\/\/www.facebook.com\/mydemenageur\" \/>\n<meta property=\"article:published_time\" content=\"2015-03-16T10:35:41+00:00\" \/>\n<meta property=\"article:modified_time\" content=\"2021-08-27T07:44:51+00:00\" \/>\n<meta property=\"og:image\" content=\"https:\/\/www.mydemenageur.com\/blog\/wp-content\/uploads\/2015\/03\/la-consommation-collaborative-comme-createur-de-lien-social-le-come-back-du-lien-social.jpeg\" \/>\n\t<meta property=\"og:image:width\" content=\"1000\" \/>\n\t<meta property=\"og:image:height\" content=\"666\" \/>\n\t<meta property=\"og:image:type\" content=\"image\/jpeg\" \/>\n<meta name=\"author\" content=\"Mathilde\" \/>\n<meta name=\"twitter:card\" content=\"summary_large_image\" \/>\n<meta name=\"twitter:creator\" content=\"@mydemenageur\" \/>\n<meta name=\"twitter:site\" content=\"@mydemenageur\" \/>\n<meta name=\"twitter:label1\" content=\"\u00c9crit par\" \/>\n\t<meta name=\"twitter:data1\" content=\"Mathilde\" \/>\n\t<meta name=\"twitter:label2\" content=\"Dur\u00e9e de lecture estim\u00e9e\" \/>\n\t<meta name=\"twitter:data2\" content=\"4 minutes\" \/>\n<script type=\"application\/ld+json\" class=\"yoast-schema-graph\">{\"@context\":\"https:\/\/schema.org\",\"@graph\":[{\"@type\":\"Article\",\"@id\":\"https:\/\/www.mydemenageur.com\/blog\/la-consommation-collaborative-comme-createur-de-lien-social-le-come-back-du-lien-social\/#article\",\"isPartOf\":{\"@id\":\"https:\/\/www.mydemenageur.com\/blog\/la-consommation-collaborative-comme-createur-de-lien-social-le-come-back-du-lien-social\/\"},\"author\":{\"name\":\"Mathilde\",\"@id\":\"https:\/\/www.mydemenageur.com\/blog\/#\/schema\/person\/4540dc333c2e7dc790f0f7bcd5b99569\"},\"headline\":\"La consommation collaborative comme cr\u00e9ateur de lien social : Le \u00ab\u00a0come back\u00a0\u00bb du lien social\",\"datePublished\":\"2015-03-16T10:35:41+00:00\",\"dateModified\":\"2021-08-27T07:44:51+00:00\",\"mainEntityOfPage\":{\"@id\":\"https:\/\/www.mydemenageur.com\/blog\/la-consommation-collaborative-comme-createur-de-lien-social-le-come-back-du-lien-social\/\"},\"wordCount\":725,\"publisher\":{\"@id\":\"https:\/\/www.mydemenageur.com\/blog\/#organization\"},\"image\":{\"@id\":\"https:\/\/www.mydemenageur.com\/blog\/la-consommation-collaborative-comme-createur-de-lien-social-le-come-back-du-lien-social\/#primaryimage\"},\"thumbnailUrl\":\"https:\/\/www.mydemenageur.com\/blog\/wp-content\/uploads\/2015\/03\/la-consommation-collaborative-comme-createur-de-lien-social-le-come-back-du-lien-social.jpeg\",\"keywords\":[\"economie\"],\"articleSection\":[\"Argent\"],\"inLanguage\":\"fr-FR\"},{\"@type\":\"WebPage\",\"@id\":\"https:\/\/www.mydemenageur.com\/blog\/la-consommation-collaborative-comme-createur-de-lien-social-le-come-back-du-lien-social\/\",\"url\":\"https:\/\/www.mydemenageur.com\/blog\/la-consommation-collaborative-comme-createur-de-lien-social-le-come-back-du-lien-social\/\",\"name\":\"La consommation collaborative comme cr\u00e9ateur de lien social\",\"isPartOf\":{\"@id\":\"https:\/\/www.mydemenageur.com\/blog\/#website\"},\"primaryImageOfPage\":{\"@id\":\"https:\/\/www.mydemenageur.com\/blog\/la-consommation-collaborative-comme-createur-de-lien-social-le-come-back-du-lien-social\/#primaryimage\"},\"image\":{\"@id\":\"https:\/\/www.mydemenageur.com\/blog\/la-consommation-collaborative-comme-createur-de-lien-social-le-come-back-du-lien-social\/#primaryimage\"},\"thumbnailUrl\":\"https:\/\/www.mydemenageur.com\/blog\/wp-content\/uploads\/2015\/03\/la-consommation-collaborative-comme-createur-de-lien-social-le-come-back-du-lien-social.jpeg\",\"datePublished\":\"2015-03-16T10:35:41+00:00\",\"dateModified\":\"2021-08-27T07:44:51+00:00\",\"description\":\"La consommation collaborative comme cr\u00e9ateur de lien social : voil\u00e0 qui ach\u00e8ve de convaincre les consommateurs en qu\u00eate de sens et s\u00e9duit les autres .\",\"breadcrumb\":{\"@id\":\"https:\/\/www.mydemenageur.com\/blog\/la-consommation-collaborative-comme-createur-de-lien-social-le-come-back-du-lien-social\/#breadcrumb\"},\"inLanguage\":\"fr-FR\",\"potentialAction\":[{\"@type\":\"ReadAction\",\"target\":[\"https:\/\/www.mydemenageur.com\/blog\/la-consommation-collaborative-comme-createur-de-lien-social-le-come-back-du-lien-social\/\"]}]},{\"@type\":\"ImageObject\",\"inLanguage\":\"fr-FR\",\"@id\":\"https:\/\/www.mydemenageur.com\/blog\/la-consommation-collaborative-comme-createur-de-lien-social-le-come-back-du-lien-social\/#primaryimage\",\"url\":\"https:\/\/www.mydemenageur.com\/blog\/wp-content\/uploads\/2015\/03\/la-consommation-collaborative-comme-createur-de-lien-social-le-come-back-du-lien-social.jpeg\",\"contentUrl\":\"https:\/\/www.mydemenageur.com\/blog\/wp-content\/uploads\/2015\/03\/la-consommation-collaborative-comme-createur-de-lien-social-le-come-back-du-lien-social.jpeg\",\"width\":1000,\"height\":666,\"caption\":\"La consommation collaborative comme cr\u00e9ateur de lien social : Le \\\"come back\\\" du lien social\"},{\"@type\":\"BreadcrumbList\",\"@id\":\"https:\/\/www.mydemenageur.com\/blog\/la-consommation-collaborative-comme-createur-de-lien-social-le-come-back-du-lien-social\/#breadcrumb\",\"itemListElement\":[{\"@type\":\"ListItem\",\"position\":1,\"name\":\"Accueil\",\"item\":\"https:\/\/www.mydemenageur.com\/blog\/\"},{\"@type\":\"ListItem\",\"position\":2,\"name\":\"Argent\",\"item\":\"https:\/\/www.mydemenageur.com\/blog\/categorie\/argent\/\"},{\"@type\":\"ListItem\",\"position\":3,\"name\":\"La consommation collaborative comme cr\u00e9ateur de lien social : Le \u00ab\u00a0come back\u00a0\u00bb du lien social\"}]},{\"@type\":\"WebSite\",\"@id\":\"https:\/\/www.mydemenageur.com\/blog\/#website\",\"url\":\"https:\/\/www.mydemenageur.com\/blog\/\",\"name\":\"MyDemenageur\",\"description\":\"Conseils d\u00e9m\u00e9ngement entre particuliers et d\u00e9m\u00e9nagement professionnel\",\"publisher\":{\"@id\":\"https:\/\/www.mydemenageur.com\/blog\/#organization\"},\"potentialAction\":[{\"@type\":\"SearchAction\",\"target\":{\"@type\":\"EntryPoint\",\"urlTemplate\":\"https:\/\/www.mydemenageur.com\/blog\/?s={search_term_string}\"},\"query-input\":{\"@type\":\"PropertyValueSpecification\",\"valueRequired\":true,\"valueName\":\"search_term_string\"}}],\"inLanguage\":\"fr-FR\"},{\"@type\":\"Organization\",\"@id\":\"https:\/\/www.mydemenageur.com\/blog\/#organization\",\"name\":\"MyDemenageur.com\",\"url\":\"https:\/\/www.mydemenageur.com\/blog\/\",\"logo\":{\"@type\":\"ImageObject\",\"inLanguage\":\"fr-FR\",\"@id\":\"https:\/\/www.mydemenageur.com\/blog\/#\/schema\/logo\/image\/\",\"url\":\"https:\/\/www.mydemenageur.com\/blog\/wp-content\/uploads\/2022\/05\/MyDemenageur_Symbol.jpg\",\"contentUrl\":\"https:\/\/www.mydemenageur.com\/blog\/wp-content\/uploads\/2022\/05\/MyDemenageur_Symbol.jpg\",\"width\":878,\"height\":877,\"caption\":\"MyDemenageur.com\"},\"image\":{\"@id\":\"https:\/\/www.mydemenageur.com\/blog\/#\/schema\/logo\/image\/\"},\"sameAs\":[\"https:\/\/www.facebook.com\/mydemenageur\",\"https:\/\/x.com\/mydemenageur\",\"https:\/\/www.pinterest.fr\/mydemenageur\/\"]},{\"@type\":\"Person\",\"@id\":\"https:\/\/www.mydemenageur.com\/blog\/#\/schema\/person\/4540dc333c2e7dc790f0f7bcd5b99569\",\"name\":\"Mathilde\",\"image\":{\"@type\":\"ImageObject\",\"inLanguage\":\"fr-FR\",\"@id\":\"https:\/\/www.mydemenageur.com\/blog\/#\/schema\/person\/image\/\",\"url\":\"https:\/\/secure.gravatar.com\/avatar\/abde069f6f70261ee6ecea93e0437d77?s=96&#038;r=g\",\"contentUrl\":\"https:\/\/secure.gravatar.com\/avatar\/abde069f6f70261ee6ecea93e0437d77?s=96&#038;r=g\",\"caption\":\"Mathilde\"},\"description\":\"L'harmonie des couleurs et des objets m'a toujours fascin\u00e9e, transformant chaque pi\u00e8ce en un lieu unique et agr\u00e9able \u00e0 vivre. Sur MyDemenageur, vous trouverez non seulement des inspirations personnelles, mais aussi des informations r\u00e9centes sur le monde de la d\u00e9coration, les projets de maison, le d\u00e9m\u00e9nagement et les travaux.\",\"url\":\"https:\/\/www.mydemenageur.com\/blog\/author\/mathilde\/\"}]}<\/script>\n<!-- \/ Yoast SEO Premium plugin. -->","yoast_head_json":{"title":"La consommation collaborative comme cr\u00e9ateur de lien social","description":"La consommation collaborative comme cr\u00e9ateur de lien social : voil\u00e0 qui ach\u00e8ve de convaincre les consommateurs en qu\u00eate de sens et s\u00e9duit les autres .","robots":{"index":"index","follow":"follow","max-snippet":"max-snippet:-1","max-image-preview":"max-image-preview:large","max-video-preview":"max-video-preview:-1"},"canonical":"https:\/\/www.mydemenageur.com\/blog\/la-consommation-collaborative-comme-createur-de-lien-social-le-come-back-du-lien-social\/","og_locale":"fr_FR","og_type":"article","og_title":"La consommation collaborative comme cr\u00e9ateur de lien social : Le \"come back\" du lien social","og_description":"La consommation collaborative comme cr\u00e9ateur de lien social : voil\u00e0 qui ach\u00e8ve de convaincre les consommateurs en qu\u00eate de sens et s\u00e9duit les autres .","og_url":"https:\/\/www.mydemenageur.com\/blog\/la-consommation-collaborative-comme-createur-de-lien-social-le-come-back-du-lien-social\/","og_site_name":"MyDemenageur","article_publisher":"https:\/\/www.facebook.com\/mydemenageur","article_published_time":"2015-03-16T10:35:41+00:00","article_modified_time":"2021-08-27T07:44:51+00:00","og_image":[{"width":1000,"height":666,"url":"https:\/\/www.mydemenageur.com\/blog\/wp-content\/uploads\/2015\/03\/la-consommation-collaborative-comme-createur-de-lien-social-le-come-back-du-lien-social.jpeg","type":"image\/jpeg"}],"author":"Mathilde","twitter_card":"summary_large_image","twitter_creator":"@mydemenageur","twitter_site":"@mydemenageur","twitter_misc":{"\u00c9crit par":"Mathilde","Dur\u00e9e de lecture estim\u00e9e":"4 minutes"},"schema":{"@context":"https:\/\/schema.org","@graph":[{"@type":"Article","@id":"https:\/\/www.mydemenageur.com\/blog\/la-consommation-collaborative-comme-createur-de-lien-social-le-come-back-du-lien-social\/#article","isPartOf":{"@id":"https:\/\/www.mydemenageur.com\/blog\/la-consommation-collaborative-comme-createur-de-lien-social-le-come-back-du-lien-social\/"},"author":{"name":"Mathilde","@id":"https:\/\/www.mydemenageur.com\/blog\/#\/schema\/person\/4540dc333c2e7dc790f0f7bcd5b99569"},"headline":"La consommation collaborative comme cr\u00e9ateur de lien social : Le \u00ab\u00a0come back\u00a0\u00bb du lien social","datePublished":"2015-03-16T10:35:41+00:00","dateModified":"2021-08-27T07:44:51+00:00","mainEntityOfPage":{"@id":"https:\/\/www.mydemenageur.com\/blog\/la-consommation-collaborative-comme-createur-de-lien-social-le-come-back-du-lien-social\/"},"wordCount":725,"publisher":{"@id":"https:\/\/www.mydemenageur.com\/blog\/#organization"},"image":{"@id":"https:\/\/www.mydemenageur.com\/blog\/la-consommation-collaborative-comme-createur-de-lien-social-le-come-back-du-lien-social\/#primaryimage"},"thumbnailUrl":"https:\/\/www.mydemenageur.com\/blog\/wp-content\/uploads\/2015\/03\/la-consommation-collaborative-comme-createur-de-lien-social-le-come-back-du-lien-social.jpeg","keywords":["economie"],"articleSection":["Argent"],"inLanguage":"fr-FR"},{"@type":"WebPage","@id":"https:\/\/www.mydemenageur.com\/blog\/la-consommation-collaborative-comme-createur-de-lien-social-le-come-back-du-lien-social\/","url":"https:\/\/www.mydemenageur.com\/blog\/la-consommation-collaborative-comme-createur-de-lien-social-le-come-back-du-lien-social\/","name":"La consommation collaborative comme cr\u00e9ateur de lien social","isPartOf":{"@id":"https:\/\/www.mydemenageur.com\/blog\/#website"},"primaryImageOfPage":{"@id":"https:\/\/www.mydemenageur.com\/blog\/la-consommation-collaborative-comme-createur-de-lien-social-le-come-back-du-lien-social\/#primaryimage"},"image":{"@id":"https:\/\/www.mydemenageur.com\/blog\/la-consommation-collaborative-comme-createur-de-lien-social-le-come-back-du-lien-social\/#primaryimage"},"thumbnailUrl":"https:\/\/www.mydemenageur.com\/blog\/wp-content\/uploads\/2015\/03\/la-consommation-collaborative-comme-createur-de-lien-social-le-come-back-du-lien-social.jpeg","datePublished":"2015-03-16T10:35:41+00:00","dateModified":"2021-08-27T07:44:51+00:00","description":"La consommation collaborative comme cr\u00e9ateur de lien social : voil\u00e0 qui ach\u00e8ve de convaincre les consommateurs en qu\u00eate de sens et s\u00e9duit les autres .","breadcrumb":{"@id":"https:\/\/www.mydemenageur.com\/blog\/la-consommation-collaborative-comme-createur-de-lien-social-le-come-back-du-lien-social\/#breadcrumb"},"inLanguage":"fr-FR","potentialAction":[{"@type":"ReadAction","target":["https:\/\/www.mydemenageur.com\/blog\/la-consommation-collaborative-comme-createur-de-lien-social-le-come-back-du-lien-social\/"]}]},{"@type":"ImageObject","inLanguage":"fr-FR","@id":"https:\/\/www.mydemenageur.com\/blog\/la-consommation-collaborative-comme-createur-de-lien-social-le-come-back-du-lien-social\/#primaryimage","url":"https:\/\/www.mydemenageur.com\/blog\/wp-content\/uploads\/2015\/03\/la-consommation-collaborative-comme-createur-de-lien-social-le-come-back-du-lien-social.jpeg","contentUrl":"https:\/\/www.mydemenageur.com\/blog\/wp-content\/uploads\/2015\/03\/la-consommation-collaborative-comme-createur-de-lien-social-le-come-back-du-lien-social.jpeg","width":1000,"height":666,"caption":"La consommation collaborative comme cr\u00e9ateur de lien social : Le \"come back\" du lien social"},{"@type":"BreadcrumbList","@id":"https:\/\/www.mydemenageur.com\/blog\/la-consommation-collaborative-comme-createur-de-lien-social-le-come-back-du-lien-social\/#breadcrumb","itemListElement":[{"@type":"ListItem","position":1,"name":"Accueil","item":"https:\/\/www.mydemenageur.com\/blog\/"},{"@type":"ListItem","position":2,"name":"Argent","item":"https:\/\/www.mydemenageur.com\/blog\/categorie\/argent\/"},{"@type":"ListItem","position":3,"name":"La consommation collaborative comme cr\u00e9ateur de lien social : Le \u00ab\u00a0come back\u00a0\u00bb du lien social"}]},{"@type":"WebSite","@id":"https:\/\/www.mydemenageur.com\/blog\/#website","url":"https:\/\/www.mydemenageur.com\/blog\/","name":"MyDemenageur","description":"Conseils d\u00e9m\u00e9ngement entre particuliers et d\u00e9m\u00e9nagement professionnel","publisher":{"@id":"https:\/\/www.mydemenageur.com\/blog\/#organization"},"potentialAction":[{"@type":"SearchAction","target":{"@type":"EntryPoint","urlTemplate":"https:\/\/www.mydemenageur.com\/blog\/?s={search_term_string}"},"query-input":{"@type":"PropertyValueSpecification","valueRequired":true,"valueName":"search_term_string"}}],"inLanguage":"fr-FR"},{"@type":"Organization","@id":"https:\/\/www.mydemenageur.com\/blog\/#organization","name":"MyDemenageur.com","url":"https:\/\/www.mydemenageur.com\/blog\/","logo":{"@type":"ImageObject","inLanguage":"fr-FR","@id":"https:\/\/www.mydemenageur.com\/blog\/#\/schema\/logo\/image\/","url":"https:\/\/www.mydemenageur.com\/blog\/wp-content\/uploads\/2022\/05\/MyDemenageur_Symbol.jpg","contentUrl":"https:\/\/www.mydemenageur.com\/blog\/wp-content\/uploads\/2022\/05\/MyDemenageur_Symbol.jpg","width":878,"height":877,"caption":"MyDemenageur.com"},"image":{"@id":"https:\/\/www.mydemenageur.com\/blog\/#\/schema\/logo\/image\/"},"sameAs":["https:\/\/www.facebook.com\/mydemenageur","https:\/\/x.com\/mydemenageur","https:\/\/www.pinterest.fr\/mydemenageur\/"]},{"@type":"Person","@id":"https:\/\/www.mydemenageur.com\/blog\/#\/schema\/person\/4540dc333c2e7dc790f0f7bcd5b99569","name":"Mathilde","image":{"@type":"ImageObject","inLanguage":"fr-FR","@id":"https:\/\/www.mydemenageur.com\/blog\/#\/schema\/person\/image\/","url":"https:\/\/secure.gravatar.com\/avatar\/abde069f6f70261ee6ecea93e0437d77?s=96&#038;r=g","contentUrl":"https:\/\/secure.gravatar.com\/avatar\/abde069f6f70261ee6ecea93e0437d77?s=96&#038;r=g","caption":"Mathilde"},"description":"L'harmonie des couleurs et des objets m'a toujours fascin\u00e9e, transformant chaque pi\u00e8ce en un lieu unique et agr\u00e9able \u00e0 vivre. Sur MyDemenageur, vous trouverez non seulement des inspirations personnelles, mais aussi des informations r\u00e9centes sur le monde de la d\u00e9coration, les projets de maison, le d\u00e9m\u00e9nagement et les travaux.","url":"https:\/\/www.mydemenageur.com\/blog\/author\/mathilde\/"}]}},"modified_by":"fabien","_links":{"self":[{"href":"https:\/\/www.mydemenageur.com\/blog\/wp-json\/wp\/v2\/posts\/20041"}],"collection":[{"href":"https:\/\/www.mydemenageur.com\/blog\/wp-json\/wp\/v2\/posts"}],"about":[{"href":"https:\/\/www.mydemenageur.com\/blog\/wp-json\/wp\/v2\/types\/post"}],"author":[{"embeddable":true,"href":"https:\/\/www.mydemenageur.com\/blog\/wp-json\/wp\/v2\/users\/11"}],"replies":[{"embeddable":true,"href":"https:\/\/www.mydemenageur.com\/blog\/wp-json\/wp\/v2\/comments?post=20041"}],"version-history":[{"count":0,"href":"https:\/\/www.mydemenageur.com\/blog\/wp-json\/wp\/v2\/posts\/20041\/revisions"}],"wp:featuredmedia":[{"embeddable":true,"href":"https:\/\/www.mydemenageur.com\/blog\/wp-json\/wp\/v2\/media\/22454"}],"wp:attachment":[{"href":"https:\/\/www.mydemenageur.com\/blog\/wp-json\/wp\/v2\/media?parent=20041"}],"wp:term":[{"taxonomy":"category","embeddable":true,"href":"https:\/\/www.mydemenageur.com\/blog\/wp-json\/wp\/v2\/categories?post=20041"},{"taxonomy":"post_tag","embeddable":true,"href":"https:\/\/www.mydemenageur.com\/blog\/wp-json\/wp\/v2\/tags?post=20041"}],"curies":[{"name":"wp","href":"https:\/\/api.w.org\/{rel}","templated":true}]}}