{"id":2215,"date":"2021-01-08T11:00:33","date_gmt":"2021-01-08T11:00:33","guid":{"rendered":"https:\/\/www.mydemenageur.com\/blog\/?p=2215"},"modified":"2024-09-16T13:51:41","modified_gmt":"2024-09-16T11:51:41","slug":"comment-demenager-une-oeuvre-dart","status":"publish","type":"post","link":"https:\/\/www.mydemenageur.com\/blog\/comment-demenager-une-oeuvre-dart\/","title":{"rendered":"Comment d\u00e9m\u00e9nager une \u0153uvre d&rsquo;art ?"},"content":{"rendered":"<p>Si le transport des mobiliers et d\u2019autres effets personnels peut \u00eatre r\u00e9alis\u00e9 sans probl\u00e8me, <strong>d\u00e9m\u00e9nager une \u0153uvre d\u2019art<\/strong> est beaucoup plus complexe. Fragile et pr\u00e9cieuse, elle ne doit en aucun cas subir une d\u00e9gradation et ce, qu\u2019il s\u2019agisse d\u2019un tableau ou d\u2019une sculpture. Au travers de cet article, suivez tous nos conseils pour <a href=\"https:\/\/www.mydemenageur.com\/blog\/transport\/\">d\u00e9m\u00e9nager<\/a> vos \u0153uvres d\u2019art sans risque.<\/p>\n<div id=\"ez-toc-container\" class=\"ez-toc-v2_0_82_2 counter-hierarchy ez-toc-counter ez-toc-custom ez-toc-container-direction\">\n<div class=\"ez-toc-title-container\">\n<p class=\"ez-toc-title\" style=\"cursor:inherit\">Ce que vous allez apprendre<\/p>\n<span class=\"ez-toc-title-toggle\"><\/span><\/div>\n<nav><ul class='ez-toc-list ez-toc-list-level-1 ' ><li class='ez-toc-page-1 ez-toc-heading-level-2'><a class=\"ez-toc-link ez-toc-heading-1\" href=\"https:\/\/www.mydemenageur.com\/blog\/comment-demenager-une-oeuvre-dart\/#limportance-des-equipements-de-protection\" >L\u2019importance des \u00e9quipements de protection<\/a><\/li><li class='ez-toc-page-1 ez-toc-heading-level-2'><a class=\"ez-toc-link ez-toc-heading-2\" href=\"https:\/\/www.mydemenageur.com\/blog\/comment-demenager-une-oeuvre-dart\/#faire-appel-a-des-professionnels\" >Faire appel \u00e0 des professionnels<\/a><\/li><li class='ez-toc-page-1 ez-toc-heading-level-2'><a class=\"ez-toc-link ez-toc-heading-3\" href=\"https:\/\/www.mydemenageur.com\/blog\/comment-demenager-une-oeuvre-dart\/#lassurance-une-necessite\" >L\u2019assurance\u00a0: une n\u00e9cessit\u00e9<\/a><\/li><\/ul><\/nav><\/div>\n<h2><span class=\"ez-toc-section\" id=\"limportance-des-equipements-de-protection\"><\/span>L\u2019importance des \u00e9quipements de protection<span class=\"ez-toc-section-end\"><\/span><\/h2>\n<div>Une \u0153uvre d\u2019art n\u2019est pas seulement un objet fragile. Elle peut tout aussi bien \u00eatre lourde et volumineuse. Raison qui explique pourquoi face aux nombreuses manipulations qu\u2019elle subit au cours d\u2019un d\u00e9m\u00e9nagement, il y a de forts risques qu\u2019elle se raye ou se casse. Et m\u00eame si des r\u00e9parations sont possibles \u00e0 r\u00e9aliser, elle perdra quand m\u00eame sa valeur initiale. Ainsi, il est important de faire preuve de finesse lors du maniement de ces ouvrages pr\u00e9cieux. Il est \u00e9galement imp\u00e9ratif d\u2019avoir recours \u00e0 des \u00e9quipements qui sauront assurer leur protection. A ce titre, l\u2019utilisation d\u2019emballage r\u00e9sistant aux chocs, \u00e0 l\u2019humidit\u00e9, aux d\u00e9formations et aux perforations est de mise. Un syst\u00e8me de calage et de rembourrage interne tel que du papier \u00e0 bulle doit aussi \u00eatre au rendez-vous.<br \/>\n<img decoding=\"async\" class=\"alignnone wp-image-2279 size-full\" title=\"Tableaux d'arts prot\u00e9g\u00e9s par caisses de bois\" src=\"https:\/\/www.mydemenageur.com\/blog\/wp-content\/uploads\/2021\/01\/Transport-doeuvre-dart.jpg\" alt=\"emballage transport \u0153uvre d'art\" width=\"680\" height=\"430\" srcset=\"https:\/\/www.mydemenageur.com\/blog\/wp-content\/uploads\/2021\/01\/Transport-doeuvre-dart.jpg 680w, https:\/\/www.mydemenageur.com\/blog\/wp-content\/uploads\/2021\/01\/Transport-doeuvre-dart-300x190.jpg 300w\" sizes=\"(max-width: 680px) 100vw, 680px\" \/><\/p>\n<h2><span class=\"ez-toc-section\" id=\"faire-appel-a-des-professionnels\"><\/span>Faire appel \u00e0 des professionnels<span class=\"ez-toc-section-end\"><\/span><\/h2>\n<p>Si vous pouvez vous charger seul de l\u2019emballage de vos \u0153uvres d\u2019art, leur transport n\u00e9cessitera une intervention professionnelle. La raison est que le d\u00e9placement va imposer l\u2019usage de mat\u00e9riels sp\u00e9cifiques dont seuls les professionnels pourront disposer. Et en mati\u00e8re de moyens n\u00e9cessaires pour la manutention, vous trouverez\u00a0: une flotte de v\u00e9hicules adapt\u00e9s aux diff\u00e9rentes tailles et volumes des \u0153uvres d\u2019art, des monte-charges et des chariots \u00e9l\u00e9vateurs.<br \/>\nPour s\u00e9lectionner une entreprise de d\u00e9m\u00e9nagement, vous pouvez vous rendre sur des plateformes d\u00e9di\u00e9es. Basez-vous sur leur r\u00e9f\u00e9rence afin de savoir si les prestations offertes sont \u00e0 la hauteur de vos attentes et que l\u2019expertise ne manque pas.<\/p>\n<h2><span class=\"ez-toc-section\" id=\"lassurance-une-necessite\"><\/span>L\u2019assurance\u00a0: une n\u00e9cessit\u00e9<span class=\"ez-toc-section-end\"><\/span><\/h2>\n<p>M\u00eame si vous avez l\u2019intention de prendre toutes les pr\u00e9cautions requises, sachez qu\u2019un incident peut tr\u00e8s vite arriver. D\u2019autant plus que vous ne pourrez pas pr\u00e9voir toutes les \u00e9ventualit\u00e9s. Alors il vaut mieux \u00eatre pr\u00e9voyant et avoir l\u2019esprit tranquille en <a href=\"https:\/\/www.mydemenageur.com\/blog\/assurances-demenagement\/\">contractant une assurance<\/a> pour <strong>d\u00e9m\u00e9nager une \u0153uvre d\u2019art<\/strong>. Elle va couvrir tous les risques li\u00e9s au transport et \u00e0 la manipulation.<br \/>\nDes compagnies g\u00e9n\u00e9ralistes peuvent proposer ce genre de services. Alors, n\u2019h\u00e9sitez pas \u00e0 vous informer aupr\u00e8s de votre assureur pour en savoir plus \u00e0 ce sujet. Dans l\u2019optique o\u00f9 ce ne sera pas le cas avec la v\u00f4tre, il faudra se rendre aupr\u00e8s d\u2019une assurance sp\u00e9cialis\u00e9e dans le domaine.<\/p>\n","protected":false},"excerpt":{"rendered":"<p>Si le transport des mobiliers et d\u2019autres effets personnels peut \u00eatre r\u00e9alis\u00e9 sans probl\u00e8me, d\u00e9m\u00e9nager une \u0153uvre d\u2019art est beaucoup<\/p>\n","protected":false},"author":11,"featured_media":21649,"comment_status":"closed","ping_status":"closed","sticky":false,"template":"","format":"standard","meta":{"_lmt_disableupdate":"no","_lmt_disable":"no","footnotes":""},"categories":[106],"tags":[],"yoast_head":"<!-- This site is optimized with the Yoast SEO Premium plugin v24.2 (Yoast SEO v24.5) - https:\/\/yoast.com\/wordpress\/plugins\/seo\/ -->\n<title>Comment d\u00e9m\u00e9nager une \u0153uvre d&#039;art ?<\/title>\n<meta name=\"description\" content=\"D\u00e9m\u00e9nager une \u0153uvre d\u2019art est une situation d\u00e9licate n\u00e9cessitant souvent une prise en charge professionnelle.\" \/>\n<meta name=\"robots\" content=\"index, follow, max-snippet:-1, max-image-preview:large, max-video-preview:-1\" \/>\n<link rel=\"canonical\" href=\"https:\/\/www.mydemenageur.com\/blog\/comment-demenager-une-oeuvre-dart\/\" \/>\n<meta property=\"og:locale\" content=\"fr_FR\" \/>\n<meta property=\"og:type\" content=\"article\" \/>\n<meta property=\"og:title\" content=\"Comment d\u00e9m\u00e9nager une \u0153uvre d&#039;art ?\" \/>\n<meta property=\"og:description\" content=\"D\u00e9m\u00e9nager une \u0153uvre d\u2019art est une situation d\u00e9licate n\u00e9cessitant souvent une prise en charge professionnelle.\" \/>\n<meta property=\"og:url\" content=\"https:\/\/www.mydemenageur.com\/blog\/comment-demenager-une-oeuvre-dart\/\" \/>\n<meta property=\"og:site_name\" content=\"MyDemenageur\" \/>\n<meta property=\"article:publisher\" content=\"https:\/\/www.facebook.com\/mydemenageur\" \/>\n<meta property=\"article:published_time\" content=\"2021-01-08T11:00:33+00:00\" \/>\n<meta property=\"article:modified_time\" content=\"2024-09-16T11:51:41+00:00\" \/>\n<meta property=\"og:image\" content=\"https:\/\/www.mydemenageur.com\/blog\/wp-content\/uploads\/2021\/01\/comment-demenager-une-oeuvre-dart.jpeg\" \/>\n\t<meta property=\"og:image:width\" content=\"1000\" \/>\n\t<meta property=\"og:image:height\" content=\"666\" \/>\n\t<meta property=\"og:image:type\" content=\"image\/jpeg\" \/>\n<meta name=\"author\" content=\"Mathilde\" \/>\n<meta name=\"twitter:card\" content=\"summary_large_image\" \/>\n<meta name=\"twitter:creator\" content=\"@mydemenageur\" \/>\n<meta name=\"twitter:site\" content=\"@mydemenageur\" \/>\n<meta name=\"twitter:label1\" content=\"\u00c9crit par\" \/>\n\t<meta name=\"twitter:data1\" content=\"Mathilde\" \/>\n\t<meta name=\"twitter:label2\" content=\"Dur\u00e9e de lecture estim\u00e9e\" \/>\n\t<meta name=\"twitter:data2\" content=\"3 minutes\" \/>\n<script type=\"application\/ld+json\" class=\"yoast-schema-graph\">{\"@context\":\"https:\/\/schema.org\",\"@graph\":[{\"@type\":\"Article\",\"@id\":\"https:\/\/www.mydemenageur.com\/blog\/comment-demenager-une-oeuvre-dart\/#article\",\"isPartOf\":{\"@id\":\"https:\/\/www.mydemenageur.com\/blog\/comment-demenager-une-oeuvre-dart\/\"},\"author\":{\"name\":\"Mathilde\",\"@id\":\"https:\/\/www.mydemenageur.com\/blog\/#\/schema\/person\/4540dc333c2e7dc790f0f7bcd5b99569\"},\"headline\":\"Comment d\u00e9m\u00e9nager une \u0153uvre d&rsquo;art ?\",\"datePublished\":\"2021-01-08T11:00:33+00:00\",\"dateModified\":\"2024-09-16T11:51:41+00:00\",\"mainEntityOfPage\":{\"@id\":\"https:\/\/www.mydemenageur.com\/blog\/comment-demenager-une-oeuvre-dart\/\"},\"wordCount\":497,\"publisher\":{\"@id\":\"https:\/\/www.mydemenageur.com\/blog\/#organization\"},\"image\":{\"@id\":\"https:\/\/www.mydemenageur.com\/blog\/comment-demenager-une-oeuvre-dart\/#primaryimage\"},\"thumbnailUrl\":\"https:\/\/www.mydemenageur.com\/blog\/wp-content\/uploads\/2021\/01\/comment-demenager-une-oeuvre-dart.jpeg\",\"articleSection\":[\"D\u00e9m\u00e9nagement\"],\"inLanguage\":\"fr-FR\"},{\"@type\":\"WebPage\",\"@id\":\"https:\/\/www.mydemenageur.com\/blog\/comment-demenager-une-oeuvre-dart\/\",\"url\":\"https:\/\/www.mydemenageur.com\/blog\/comment-demenager-une-oeuvre-dart\/\",\"name\":\"Comment d\u00e9m\u00e9nager une \u0153uvre d'art ?\",\"isPartOf\":{\"@id\":\"https:\/\/www.mydemenageur.com\/blog\/#website\"},\"primaryImageOfPage\":{\"@id\":\"https:\/\/www.mydemenageur.com\/blog\/comment-demenager-une-oeuvre-dart\/#primaryimage\"},\"image\":{\"@id\":\"https:\/\/www.mydemenageur.com\/blog\/comment-demenager-une-oeuvre-dart\/#primaryimage\"},\"thumbnailUrl\":\"https:\/\/www.mydemenageur.com\/blog\/wp-content\/uploads\/2021\/01\/comment-demenager-une-oeuvre-dart.jpeg\",\"datePublished\":\"2021-01-08T11:00:33+00:00\",\"dateModified\":\"2024-09-16T11:51:41+00:00\",\"description\":\"D\u00e9m\u00e9nager une \u0153uvre d\u2019art est une situation d\u00e9licate n\u00e9cessitant souvent une prise en charge professionnelle.\",\"breadcrumb\":{\"@id\":\"https:\/\/www.mydemenageur.com\/blog\/comment-demenager-une-oeuvre-dart\/#breadcrumb\"},\"inLanguage\":\"fr-FR\",\"potentialAction\":[{\"@type\":\"ReadAction\",\"target\":[\"https:\/\/www.mydemenageur.com\/blog\/comment-demenager-une-oeuvre-dart\/\"]}]},{\"@type\":\"ImageObject\",\"inLanguage\":\"fr-FR\",\"@id\":\"https:\/\/www.mydemenageur.com\/blog\/comment-demenager-une-oeuvre-dart\/#primaryimage\",\"url\":\"https:\/\/www.mydemenageur.com\/blog\/wp-content\/uploads\/2021\/01\/comment-demenager-une-oeuvre-dart.jpeg\",\"contentUrl\":\"https:\/\/www.mydemenageur.com\/blog\/wp-content\/uploads\/2021\/01\/comment-demenager-une-oeuvre-dart.jpeg\",\"width\":1000,\"height\":666,\"caption\":\"Comment d\u00e9m\u00e9nager une \u0153uvre d'art ?\"},{\"@type\":\"BreadcrumbList\",\"@id\":\"https:\/\/www.mydemenageur.com\/blog\/comment-demenager-une-oeuvre-dart\/#breadcrumb\",\"itemListElement\":[{\"@type\":\"ListItem\",\"position\":1,\"name\":\"Accueil\",\"item\":\"https:\/\/www.mydemenageur.com\/blog\/\"},{\"@type\":\"ListItem\",\"position\":2,\"name\":\"D\u00e9m\u00e9nagement\",\"item\":\"https:\/\/www.mydemenageur.com\/blog\/categorie\/transport\/\"},{\"@type\":\"ListItem\",\"position\":3,\"name\":\"Comment d\u00e9m\u00e9nager une \u0153uvre d&rsquo;art ?\"}]},{\"@type\":\"WebSite\",\"@id\":\"https:\/\/www.mydemenageur.com\/blog\/#website\",\"url\":\"https:\/\/www.mydemenageur.com\/blog\/\",\"name\":\"MyDemenageur\",\"description\":\"Conseils d\u00e9m\u00e9ngement entre particuliers et d\u00e9m\u00e9nagement professionnel\",\"publisher\":{\"@id\":\"https:\/\/www.mydemenageur.com\/blog\/#organization\"},\"potentialAction\":[{\"@type\":\"SearchAction\",\"target\":{\"@type\":\"EntryPoint\",\"urlTemplate\":\"https:\/\/www.mydemenageur.com\/blog\/?s={search_term_string}\"},\"query-input\":{\"@type\":\"PropertyValueSpecification\",\"valueRequired\":true,\"valueName\":\"search_term_string\"}}],\"inLanguage\":\"fr-FR\"},{\"@type\":\"Organization\",\"@id\":\"https:\/\/www.mydemenageur.com\/blog\/#organization\",\"name\":\"MyDemenageur.com\",\"url\":\"https:\/\/www.mydemenageur.com\/blog\/\",\"logo\":{\"@type\":\"ImageObject\",\"inLanguage\":\"fr-FR\",\"@id\":\"https:\/\/www.mydemenageur.com\/blog\/#\/schema\/logo\/image\/\",\"url\":\"https:\/\/www.mydemenageur.com\/blog\/wp-content\/uploads\/2022\/05\/MyDemenageur_Symbol.jpg\",\"contentUrl\":\"https:\/\/www.mydemenageur.com\/blog\/wp-content\/uploads\/2022\/05\/MyDemenageur_Symbol.jpg\",\"width\":878,\"height\":877,\"caption\":\"MyDemenageur.com\"},\"image\":{\"@id\":\"https:\/\/www.mydemenageur.com\/blog\/#\/schema\/logo\/image\/\"},\"sameAs\":[\"https:\/\/www.facebook.com\/mydemenageur\",\"https:\/\/x.com\/mydemenageur\",\"https:\/\/www.pinterest.fr\/mydemenageur\/\"]},{\"@type\":\"Person\",\"@id\":\"https:\/\/www.mydemenageur.com\/blog\/#\/schema\/person\/4540dc333c2e7dc790f0f7bcd5b99569\",\"name\":\"Mathilde\",\"image\":{\"@type\":\"ImageObject\",\"inLanguage\":\"fr-FR\",\"@id\":\"https:\/\/www.mydemenageur.com\/blog\/#\/schema\/person\/image\/\",\"url\":\"https:\/\/secure.gravatar.com\/avatar\/abde069f6f70261ee6ecea93e0437d77?s=96&#038;r=g\",\"contentUrl\":\"https:\/\/secure.gravatar.com\/avatar\/abde069f6f70261ee6ecea93e0437d77?s=96&#038;r=g\",\"caption\":\"Mathilde\"},\"description\":\"L'harmonie des couleurs et des objets m'a toujours fascin\u00e9e, transformant chaque pi\u00e8ce en un lieu unique et agr\u00e9able \u00e0 vivre. Sur MyDemenageur, vous trouverez non seulement des inspirations personnelles, mais aussi des informations r\u00e9centes sur le monde de la d\u00e9coration, les projets de maison, le d\u00e9m\u00e9nagement et les travaux.\",\"url\":\"https:\/\/www.mydemenageur.com\/blog\/author\/mathilde\/\"}]}<\/script>\n<!-- \/ Yoast SEO Premium plugin. -->","yoast_head_json":{"title":"Comment d\u00e9m\u00e9nager une \u0153uvre d'art ?","description":"D\u00e9m\u00e9nager une \u0153uvre d\u2019art est une situation d\u00e9licate n\u00e9cessitant souvent une prise en charge professionnelle.","robots":{"index":"index","follow":"follow","max-snippet":"max-snippet:-1","max-image-preview":"max-image-preview:large","max-video-preview":"max-video-preview:-1"},"canonical":"https:\/\/www.mydemenageur.com\/blog\/comment-demenager-une-oeuvre-dart\/","og_locale":"fr_FR","og_type":"article","og_title":"Comment d\u00e9m\u00e9nager une \u0153uvre d'art ?","og_description":"D\u00e9m\u00e9nager une \u0153uvre d\u2019art est une situation d\u00e9licate n\u00e9cessitant souvent une prise en charge professionnelle.","og_url":"https:\/\/www.mydemenageur.com\/blog\/comment-demenager-une-oeuvre-dart\/","og_site_name":"MyDemenageur","article_publisher":"https:\/\/www.facebook.com\/mydemenageur","article_published_time":"2021-01-08T11:00:33+00:00","article_modified_time":"2024-09-16T11:51:41+00:00","og_image":[{"width":1000,"height":666,"url":"https:\/\/www.mydemenageur.com\/blog\/wp-content\/uploads\/2021\/01\/comment-demenager-une-oeuvre-dart.jpeg","type":"image\/jpeg"}],"author":"Mathilde","twitter_card":"summary_large_image","twitter_creator":"@mydemenageur","twitter_site":"@mydemenageur","twitter_misc":{"\u00c9crit par":"Mathilde","Dur\u00e9e de lecture estim\u00e9e":"3 minutes"},"schema":{"@context":"https:\/\/schema.org","@graph":[{"@type":"Article","@id":"https:\/\/www.mydemenageur.com\/blog\/comment-demenager-une-oeuvre-dart\/#article","isPartOf":{"@id":"https:\/\/www.mydemenageur.com\/blog\/comment-demenager-une-oeuvre-dart\/"},"author":{"name":"Mathilde","@id":"https:\/\/www.mydemenageur.com\/blog\/#\/schema\/person\/4540dc333c2e7dc790f0f7bcd5b99569"},"headline":"Comment d\u00e9m\u00e9nager une \u0153uvre d&rsquo;art ?","datePublished":"2021-01-08T11:00:33+00:00","dateModified":"2024-09-16T11:51:41+00:00","mainEntityOfPage":{"@id":"https:\/\/www.mydemenageur.com\/blog\/comment-demenager-une-oeuvre-dart\/"},"wordCount":497,"publisher":{"@id":"https:\/\/www.mydemenageur.com\/blog\/#organization"},"image":{"@id":"https:\/\/www.mydemenageur.com\/blog\/comment-demenager-une-oeuvre-dart\/#primaryimage"},"thumbnailUrl":"https:\/\/www.mydemenageur.com\/blog\/wp-content\/uploads\/2021\/01\/comment-demenager-une-oeuvre-dart.jpeg","articleSection":["D\u00e9m\u00e9nagement"],"inLanguage":"fr-FR"},{"@type":"WebPage","@id":"https:\/\/www.mydemenageur.com\/blog\/comment-demenager-une-oeuvre-dart\/","url":"https:\/\/www.mydemenageur.com\/blog\/comment-demenager-une-oeuvre-dart\/","name":"Comment d\u00e9m\u00e9nager une \u0153uvre d'art ?","isPartOf":{"@id":"https:\/\/www.mydemenageur.com\/blog\/#website"},"primaryImageOfPage":{"@id":"https:\/\/www.mydemenageur.com\/blog\/comment-demenager-une-oeuvre-dart\/#primaryimage"},"image":{"@id":"https:\/\/www.mydemenageur.com\/blog\/comment-demenager-une-oeuvre-dart\/#primaryimage"},"thumbnailUrl":"https:\/\/www.mydemenageur.com\/blog\/wp-content\/uploads\/2021\/01\/comment-demenager-une-oeuvre-dart.jpeg","datePublished":"2021-01-08T11:00:33+00:00","dateModified":"2024-09-16T11:51:41+00:00","description":"D\u00e9m\u00e9nager une \u0153uvre d\u2019art est une situation d\u00e9licate n\u00e9cessitant souvent une prise en charge professionnelle.","breadcrumb":{"@id":"https:\/\/www.mydemenageur.com\/blog\/comment-demenager-une-oeuvre-dart\/#breadcrumb"},"inLanguage":"fr-FR","potentialAction":[{"@type":"ReadAction","target":["https:\/\/www.mydemenageur.com\/blog\/comment-demenager-une-oeuvre-dart\/"]}]},{"@type":"ImageObject","inLanguage":"fr-FR","@id":"https:\/\/www.mydemenageur.com\/blog\/comment-demenager-une-oeuvre-dart\/#primaryimage","url":"https:\/\/www.mydemenageur.com\/blog\/wp-content\/uploads\/2021\/01\/comment-demenager-une-oeuvre-dart.jpeg","contentUrl":"https:\/\/www.mydemenageur.com\/blog\/wp-content\/uploads\/2021\/01\/comment-demenager-une-oeuvre-dart.jpeg","width":1000,"height":666,"caption":"Comment d\u00e9m\u00e9nager une \u0153uvre d'art ?"},{"@type":"BreadcrumbList","@id":"https:\/\/www.mydemenageur.com\/blog\/comment-demenager-une-oeuvre-dart\/#breadcrumb","itemListElement":[{"@type":"ListItem","position":1,"name":"Accueil","item":"https:\/\/www.mydemenageur.com\/blog\/"},{"@type":"ListItem","position":2,"name":"D\u00e9m\u00e9nagement","item":"https:\/\/www.mydemenageur.com\/blog\/categorie\/transport\/"},{"@type":"ListItem","position":3,"name":"Comment d\u00e9m\u00e9nager une \u0153uvre d&rsquo;art ?"}]},{"@type":"WebSite","@id":"https:\/\/www.mydemenageur.com\/blog\/#website","url":"https:\/\/www.mydemenageur.com\/blog\/","name":"MyDemenageur","description":"Conseils d\u00e9m\u00e9ngement entre particuliers et d\u00e9m\u00e9nagement professionnel","publisher":{"@id":"https:\/\/www.mydemenageur.com\/blog\/#organization"},"potentialAction":[{"@type":"SearchAction","target":{"@type":"EntryPoint","urlTemplate":"https:\/\/www.mydemenageur.com\/blog\/?s={search_term_string}"},"query-input":{"@type":"PropertyValueSpecification","valueRequired":true,"valueName":"search_term_string"}}],"inLanguage":"fr-FR"},{"@type":"Organization","@id":"https:\/\/www.mydemenageur.com\/blog\/#organization","name":"MyDemenageur.com","url":"https:\/\/www.mydemenageur.com\/blog\/","logo":{"@type":"ImageObject","inLanguage":"fr-FR","@id":"https:\/\/www.mydemenageur.com\/blog\/#\/schema\/logo\/image\/","url":"https:\/\/www.mydemenageur.com\/blog\/wp-content\/uploads\/2022\/05\/MyDemenageur_Symbol.jpg","contentUrl":"https:\/\/www.mydemenageur.com\/blog\/wp-content\/uploads\/2022\/05\/MyDemenageur_Symbol.jpg","width":878,"height":877,"caption":"MyDemenageur.com"},"image":{"@id":"https:\/\/www.mydemenageur.com\/blog\/#\/schema\/logo\/image\/"},"sameAs":["https:\/\/www.facebook.com\/mydemenageur","https:\/\/x.com\/mydemenageur","https:\/\/www.pinterest.fr\/mydemenageur\/"]},{"@type":"Person","@id":"https:\/\/www.mydemenageur.com\/blog\/#\/schema\/person\/4540dc333c2e7dc790f0f7bcd5b99569","name":"Mathilde","image":{"@type":"ImageObject","inLanguage":"fr-FR","@id":"https:\/\/www.mydemenageur.com\/blog\/#\/schema\/person\/image\/","url":"https:\/\/secure.gravatar.com\/avatar\/abde069f6f70261ee6ecea93e0437d77?s=96&#038;r=g","contentUrl":"https:\/\/secure.gravatar.com\/avatar\/abde069f6f70261ee6ecea93e0437d77?s=96&#038;r=g","caption":"Mathilde"},"description":"L'harmonie des couleurs et des objets m'a toujours fascin\u00e9e, transformant chaque pi\u00e8ce en un lieu unique et agr\u00e9able \u00e0 vivre. Sur MyDemenageur, vous trouverez non seulement des inspirations personnelles, mais aussi des informations r\u00e9centes sur le monde de la d\u00e9coration, les projets de maison, le d\u00e9m\u00e9nagement et les travaux.","url":"https:\/\/www.mydemenageur.com\/blog\/author\/mathilde\/"}]}},"modified_by":"MyDemenageur","_links":{"self":[{"href":"https:\/\/www.mydemenageur.com\/blog\/wp-json\/wp\/v2\/posts\/2215"}],"collection":[{"href":"https:\/\/www.mydemenageur.com\/blog\/wp-json\/wp\/v2\/posts"}],"about":[{"href":"https:\/\/www.mydemenageur.com\/blog\/wp-json\/wp\/v2\/types\/post"}],"author":[{"embeddable":true,"href":"https:\/\/www.mydemenageur.com\/blog\/wp-json\/wp\/v2\/users\/11"}],"replies":[{"embeddable":true,"href":"https:\/\/www.mydemenageur.com\/blog\/wp-json\/wp\/v2\/comments?post=2215"}],"version-history":[{"count":0,"href":"https:\/\/www.mydemenageur.com\/blog\/wp-json\/wp\/v2\/posts\/2215\/revisions"}],"wp:featuredmedia":[{"embeddable":true,"href":"https:\/\/www.mydemenageur.com\/blog\/wp-json\/wp\/v2\/media\/21649"}],"wp:attachment":[{"href":"https:\/\/www.mydemenageur.com\/blog\/wp-json\/wp\/v2\/media?parent=2215"}],"wp:term":[{"taxonomy":"category","embeddable":true,"href":"https:\/\/www.mydemenageur.com\/blog\/wp-json\/wp\/v2\/categories?post=2215"},{"taxonomy":"post_tag","embeddable":true,"href":"https:\/\/www.mydemenageur.com\/blog\/wp-json\/wp\/v2\/tags?post=2215"}],"curies":[{"name":"wp","href":"https:\/\/api.w.org\/{rel}","templated":true}]}}