{"id":22239,"date":"2021-06-18T13:34:05","date_gmt":"2021-06-18T13:34:05","guid":{"rendered":"https:\/\/www.mydemenageur.com\/blog\/?p=22239"},"modified":"2021-08-27T07:36:53","modified_gmt":"2021-08-27T07:36:53","slug":"consommation-collaborative","status":"publish","type":"post","link":"https:\/\/www.mydemenageur.com\/blog\/consommation-collaborative\/","title":{"rendered":"Consommation collaborative"},"content":{"rendered":"<p>La <strong>consommation collaborative<\/strong> est une nouvelle tendance de l\u2019\u00e9conomie qui vous permet de <a href=\"\/blog\/argent\/\">d\u00e9m\u00e9nager moins cher<\/a>. MyDemenageur facilite votre d\u00e9m\u00e9nagement : le coup de main \u00e0 la demande.<\/p>\n<div id=\"ez-toc-container\" class=\"ez-toc-v2_0_82_2 counter-hierarchy ez-toc-counter ez-toc-custom ez-toc-container-direction\">\n<div class=\"ez-toc-title-container\">\n<p class=\"ez-toc-title\" style=\"cursor:inherit\">Ce que vous allez apprendre<\/p>\n<span class=\"ez-toc-title-toggle\"><\/span><\/div>\n<nav><ul class='ez-toc-list ez-toc-list-level-1 ' ><li class='ez-toc-page-1 ez-toc-heading-level-2'><a class=\"ez-toc-link ez-toc-heading-1\" href=\"https:\/\/www.mydemenageur.com\/blog\/consommation-collaborative\/#le-guide-de-la-consommation-collaborative\" >Le Guide de la consommation collaborative<\/a><\/li><li class='ez-toc-page-1 ez-toc-heading-level-2'><a class=\"ez-toc-link ez-toc-heading-2\" href=\"https:\/\/www.mydemenageur.com\/blog\/consommation-collaborative\/#consultez-la-ici\" >Consultez-la ici<\/a><\/li><\/ul><\/nav><\/div>\n<h2><span class=\"ez-toc-section\" id=\"le-guide-de-la-consommation-collaborative\"><\/span>Le Guide de la consommation collaborative<span class=\"ez-toc-section-end\"><\/span><\/h2>\n<p>Louer, partager, \u00e9changer un bien, ou ses comp\u00e9tences, c\u2019est le principe de la \u00ab consommation collaborative \u00bb, le mod\u00e8le \u00e9conomique bas\u00e9 sur le partage et l\u2019un des \u00ab<strong>10 concepts qui vont changer le monde<\/strong>\u00bb selon le magazine TIME.<\/p>\n<p><strong>R\u00e9diger ce livre blanc<\/strong>\u00a0sur la consommation colaborative nous est apparu progressivement comme une \u00e9vidence. Depuis plus de 2 ans que nous travaillons sur le projet MyDemenageur, nous avons eu \u00e0 nous int\u00e9resser et analyser ce nouveau syst\u00e8me \u00e9conomique qui a, au court de cette m\u00eame p\u00e9riode, a connu un franc succ\u00e8s.<\/p>\n<p><strong>La consommation colaborative nous a passion\u00e9<\/strong>, \u00e9tudiant ses origines, suivant son d\u00e9veloppement \u00e0 travers les diff\u00e9rents pays dans lesquels nous d\u00e9veloppons\u00a0notre service; nous avons pu \u00e9voluer dans l\u2019\u00e9cosyst\u00e8me de cette \u00e9conomie collaborative, non seulement en France, mais aussi en Espagne, au Br\u00e9sil, en Italie, etc.. s\u2019entretenir avec les principaux acteurs locaux de la consommation collaborative.<\/p>\n<p>Apr\u00e8s avoir beaucoup \u00e9tudi\u00e9 l\u2019\u00e9conomie collaborative et beaucoup \u00e9crit sur le sujet, nous avons d\u00e9cid\u00e9 de structurer notre r\u00e9flexion et partager notre exp\u00e9rience avec ce livre blanc.<\/p>\n<p><iframe src=\"\/\/www.slideshare.net\/slideshow\/embed_code\/44380136\" width=\"600\" height=\"501\" frameborder=\"0\" marginwidth=\"0\" marginheight=\"0\" scrolling=\"no\" allowfullscreen=\"allowfullscreen\" data-mce-fragment=\"1\"> <\/iframe><\/p>\n<h2><span class=\"ez-toc-section\" id=\"consultez-la-ici\"><\/span>Consultez-la ici<span class=\"ez-toc-section-end\"><\/span><\/h2>\n<p>Afin d\u2019avoir une vue d\u2019ensemble\u00a0de l\u2019\u00e9cosyst\u00e8me fran\u00e7ais de la consommation collaborative qui se d\u00e9veloppe de plus en plus , nous avons r\u00e9alis\u00e9 une liste d\u00e9taill\u00e9e par cat\u00e9gories des 200 initiatives\u00a0de la consommation collaborative en France.<\/p>\n<p>Vous pouvez aussi retrouver tous nos articles sur la consommation collaborative :<\/p>\n<ul>\n<li><a href=\"https:\/\/www.mydemenageur.com\/blog\/consommation-collaborative-introduction-a-economie-collaborative\/\" target=\"_blank\" rel=\"noopener noreferrer\">Qu\u2019est-ce que la consommation collaborative? Introduction \u00e0 l\u2019\u00e9conomie collaborative<\/a><\/li>\n<li><a title=\"https:\/\/www.mydemenageur.com\/blog\/economiser-de-largent-avec-la-consommation-collaborative-laccord-gagnant-gagnant\/\" href=\"https:\/\/www.mydemenageur.com\/blog\/economiser-de-largent-avec-la-consommation-collaborative-laccord-gagnant-gagnant\/\" target=\"_blank\" rel=\"noopener noreferrer\">Economiser de l\u2019argent avec la consommation collaborative : l\u2019accord gagnant-gagnant<\/a><\/li>\n<li><a title=\"https:\/\/www.mydemenageur.com\/blog\/la-consommation-collaborative-comme-createur-de-lien-social-le-come-back-du-lien-social\/\" href=\"https:\/\/www.mydemenageur.com\/blog\/la-consommation-collaborative-comme-createur-de-lien-social-le-come-back-du-lien-social\/\" target=\"_blank\" rel=\"noopener noreferrer\">La consommation collaborative comme cr\u00e9ateur de lien social : Le \u00ab come back \u00bb du lien social<\/a><\/li>\n<li><a title=\"https:\/\/www.mydemenageur.com\/blog\/consommation-collaborative-comme-modele-ecologique-le-come-back-du-bon-sens\/\" href=\"https:\/\/www.mydemenageur.com\/blog\/consommation-collaborative-comme-modele-ecologique-le-come-back-du-bon-sens\/\" target=\"_blank\" rel=\"noopener noreferrer\">La consommation collaborative comme mod\u00e8le \u00e9cologique : Le \u00ab come back \u00bb du bon sens<\/a><\/li>\n<li><a title=\"https:\/\/www.mydemenageur.com\/blog\/ascension-de-la-consommation-collaborative-quid-de-economie-traditionnelle\/\" href=\"https:\/\/www.mydemenageur.com\/blog\/ascension-de-la-consommation-collaborative-quid-de-economie-traditionnelle\/\" target=\"_blank\" rel=\"noopener noreferrer\">L\u2019ascension de la consommation collaborative, QUID de l\u2019\u00e9conomie traditionnelle ?<\/a><\/li>\n<li><a title=\"https:\/\/www.mydemenageur.com\/blog\/interviews-consommation-collaborative-rencontre-avec-hugo-allary-de-trampolinn\/\" href=\"https:\/\/www.mydemenageur.com\/blog\/ascension-de-la-consommation-collaborative-quid-de-economie-traditionnelle\/\" target=\"_blank\" rel=\"noopener noreferrer\">Interviews \u00ab\u00a0consommation collaborative\u00a0\u00bb : Rencontre avec Hugo Allary de Trampolinn<\/a><\/li>\n<li><a title=\"https:\/\/www.mydemenageur.com\/blog\/interviews-consommation-collaborative-rencontre-avec-magali-boisseau-becerril-de-bedycasa\/\" href=\"https:\/\/www.mydemenageur.com\/blog\/ascension-de-la-consommation-collaborative-quid-de-economie-traditionnelle\/\" target=\"_blank\" rel=\"noopener noreferrer\">Interviews \u00ab\u00a0consommation collaborative\u00a0\u00bb : Rencontre avec Magali Boisseau Becerril de BedyCasa<\/a><\/li>\n<li><a title=\"https:\/\/www.mydemenageur.com\/blog\/interviews-consommation-collaborative-rencontre-avec-loly-garrido-de-gudog\/\" href=\"https:\/\/www.mydemenageur.com\/blog\/ascension-de-la-consommation-collaborative-quid-de-economie-traditionnelle\/\" target=\"_blank\" rel=\"noopener noreferrer\">Interviews \u00ab\u00a0consommation collaborative\u00a0\u00bb : Rencontre avec Loly Garrido de Gudog<\/a><\/li>\n<li><a title=\"https:\/\/www.mydemenageur.com\/blog\/interviews-consommation-collaborative-rencontre-avec-stephane-millet-de-guidelikeyou\/\" href=\"https:\/\/www.mydemenageur.com\/blog\/ascension-de-la-consommation-collaborative-quid-de-economie-traditionnelle\/\" target=\"_blank\" rel=\"noopener noreferrer\">Interviews \u00ab\u00a0consommation collaborative\u00a0\u00bb : Rencontre avec St\u00e9phane Millet de GuideLikeYou<\/a><\/li>\n<li><a title=\"https:\/\/www.mydemenageur.com\/blog\/interviews-consommation-collaborative-rencontre-avec-edouard-gorioux-de-clickandboat\/\" href=\"https:\/\/www.mydemenageur.com\/blog\/ascension-de-la-consommation-collaborative-quid-de-economie-traditionnelle\/\" target=\"_blank\" rel=\"noopener noreferrer\">Interviews \u00ab\u00a0consommation collaborative\u00a0\u00bb : Rencontre avec Edouard Gorioux de ClickAndBoat<\/a><\/li>\n<li><a title=\"https:\/\/www.mydemenageur.com\/blog\/interviews-consommation-collaborative-rencontre-avec-laure-courty-de-jestocke\/\" href=\"https:\/\/www.mydemenageur.com\/blog\/ascension-de-la-consommation-collaborative-quid-de-economie-traditionnelle\/\" target=\"_blank\" rel=\"noopener noreferrer\">Interviews \u00ab\u00a0consommation collaborative\u00a0\u00bb : Rencontre avec Laure Courty de Jestocke.com<\/a><\/li>\n<li><a title=\"https:\/\/www.mydemenageur.com\/blog\/interviews-consommation-collaborative-rencontre-avec-alexandre-dana-de-livementor\/\" href=\"https:\/\/www.mydemenageur.com\/blog\/ascension-de-la-consommation-collaborative-quid-de-economie-traditionnelle\/\" target=\"_blank\" rel=\"noopener noreferrer\">Interviews \u00ab\u00a0consommation collaborative\u00a0\u00bb : Rencontre avec Alexandre Dana de Livementor<\/a><\/li>\n<\/ul>\n","protected":false},"excerpt":{"rendered":"<p>La consommation collaborative est une nouvelle tendance de l\u2019\u00e9conomie qui vous permet de d\u00e9m\u00e9nager moins cher. MyDemenageur facilite votre d\u00e9m\u00e9nagement<\/p>\n","protected":false},"author":11,"featured_media":22241,"comment_status":"closed","ping_status":"closed","sticky":false,"template":"","format":"standard","meta":{"_lmt_disableupdate":"","_lmt_disable":"","footnotes":""},"categories":[101],"tags":[118],"yoast_head":"<!-- This site is optimized with the Yoast SEO Premium plugin v24.2 (Yoast SEO v24.5) - https:\/\/yoast.com\/wordpress\/plugins\/seo\/ -->\n<title>Consommation collaborative<\/title>\n<meta name=\"description\" content=\"%\" \/>\n<meta name=\"robots\" content=\"index, follow, max-snippet:-1, max-image-preview:large, max-video-preview:-1\" \/>\n<link rel=\"canonical\" href=\"https:\/\/www.mydemenageur.com\/blog\/consommation-collaborative\/\" \/>\n<meta property=\"og:locale\" content=\"fr_FR\" \/>\n<meta property=\"og:type\" content=\"article\" \/>\n<meta property=\"og:title\" content=\"Consommation collaborative\" \/>\n<meta property=\"og:description\" content=\"%\" \/>\n<meta property=\"og:url\" content=\"https:\/\/www.mydemenageur.com\/blog\/consommation-collaborative\/\" \/>\n<meta property=\"og:site_name\" content=\"MyDemenageur\" \/>\n<meta property=\"article:publisher\" content=\"https:\/\/www.facebook.com\/mydemenageur\" \/>\n<meta property=\"article:published_time\" content=\"2021-06-18T13:34:05+00:00\" \/>\n<meta property=\"article:modified_time\" content=\"2021-08-27T07:36:53+00:00\" \/>\n<meta property=\"og:image\" content=\"https:\/\/www.mydemenageur.com\/blog\/wp-content\/uploads\/2021\/06\/consommation-collaborative.jpeg\" \/>\n\t<meta property=\"og:image:width\" content=\"1000\" \/>\n\t<meta property=\"og:image:height\" content=\"666\" \/>\n\t<meta property=\"og:image:type\" content=\"image\/jpeg\" \/>\n<meta name=\"author\" content=\"Mathilde\" \/>\n<meta name=\"twitter:card\" content=\"summary_large_image\" \/>\n<meta name=\"twitter:creator\" content=\"@mydemenageur\" \/>\n<meta name=\"twitter:site\" content=\"@mydemenageur\" \/>\n<meta name=\"twitter:label1\" content=\"\u00c9crit par\" \/>\n\t<meta name=\"twitter:data1\" content=\"Mathilde\" \/>\n\t<meta name=\"twitter:label2\" content=\"Dur\u00e9e de lecture estim\u00e9e\" \/>\n\t<meta name=\"twitter:data2\" content=\"2 minutes\" \/>\n<script type=\"application\/ld+json\" class=\"yoast-schema-graph\">{\"@context\":\"https:\/\/schema.org\",\"@graph\":[{\"@type\":\"Article\",\"@id\":\"https:\/\/www.mydemenageur.com\/blog\/consommation-collaborative\/#article\",\"isPartOf\":{\"@id\":\"https:\/\/www.mydemenageur.com\/blog\/consommation-collaborative\/\"},\"author\":{\"name\":\"Mathilde\",\"@id\":\"https:\/\/www.mydemenageur.com\/blog\/#\/schema\/person\/4540dc333c2e7dc790f0f7bcd5b99569\"},\"headline\":\"Consommation collaborative\",\"datePublished\":\"2021-06-18T13:34:05+00:00\",\"dateModified\":\"2021-08-27T07:36:53+00:00\",\"mainEntityOfPage\":{\"@id\":\"https:\/\/www.mydemenageur.com\/blog\/consommation-collaborative\/\"},\"wordCount\":412,\"publisher\":{\"@id\":\"https:\/\/www.mydemenageur.com\/blog\/#organization\"},\"image\":{\"@id\":\"https:\/\/www.mydemenageur.com\/blog\/consommation-collaborative\/#primaryimage\"},\"thumbnailUrl\":\"https:\/\/www.mydemenageur.com\/blog\/wp-content\/uploads\/2021\/06\/consommation-collaborative.jpeg\",\"keywords\":[\"economie\"],\"articleSection\":[\"Argent\"],\"inLanguage\":\"fr-FR\"},{\"@type\":\"WebPage\",\"@id\":\"https:\/\/www.mydemenageur.com\/blog\/consommation-collaborative\/\",\"url\":\"https:\/\/www.mydemenageur.com\/blog\/consommation-collaborative\/\",\"name\":\"Consommation collaborative\",\"isPartOf\":{\"@id\":\"https:\/\/www.mydemenageur.com\/blog\/#website\"},\"primaryImageOfPage\":{\"@id\":\"https:\/\/www.mydemenageur.com\/blog\/consommation-collaborative\/#primaryimage\"},\"image\":{\"@id\":\"https:\/\/www.mydemenageur.com\/blog\/consommation-collaborative\/#primaryimage\"},\"thumbnailUrl\":\"https:\/\/www.mydemenageur.com\/blog\/wp-content\/uploads\/2021\/06\/consommation-collaborative.jpeg\",\"datePublished\":\"2021-06-18T13:34:05+00:00\",\"dateModified\":\"2021-08-27T07:36:53+00:00\",\"description\":\"%\",\"breadcrumb\":{\"@id\":\"https:\/\/www.mydemenageur.com\/blog\/consommation-collaborative\/#breadcrumb\"},\"inLanguage\":\"fr-FR\",\"potentialAction\":[{\"@type\":\"ReadAction\",\"target\":[\"https:\/\/www.mydemenageur.com\/blog\/consommation-collaborative\/\"]}]},{\"@type\":\"ImageObject\",\"inLanguage\":\"fr-FR\",\"@id\":\"https:\/\/www.mydemenageur.com\/blog\/consommation-collaborative\/#primaryimage\",\"url\":\"https:\/\/www.mydemenageur.com\/blog\/wp-content\/uploads\/2021\/06\/consommation-collaborative.jpeg\",\"contentUrl\":\"https:\/\/www.mydemenageur.com\/blog\/wp-content\/uploads\/2021\/06\/consommation-collaborative.jpeg\",\"width\":1000,\"height\":666,\"caption\":\"Consommation collaborative\"},{\"@type\":\"BreadcrumbList\",\"@id\":\"https:\/\/www.mydemenageur.com\/blog\/consommation-collaborative\/#breadcrumb\",\"itemListElement\":[{\"@type\":\"ListItem\",\"position\":1,\"name\":\"Accueil\",\"item\":\"https:\/\/www.mydemenageur.com\/blog\/\"},{\"@type\":\"ListItem\",\"position\":2,\"name\":\"Argent\",\"item\":\"https:\/\/www.mydemenageur.com\/blog\/categorie\/argent\/\"},{\"@type\":\"ListItem\",\"position\":3,\"name\":\"Consommation collaborative\"}]},{\"@type\":\"WebSite\",\"@id\":\"https:\/\/www.mydemenageur.com\/blog\/#website\",\"url\":\"https:\/\/www.mydemenageur.com\/blog\/\",\"name\":\"MyDemenageur\",\"description\":\"Conseils d\u00e9m\u00e9ngement entre particuliers et d\u00e9m\u00e9nagement professionnel\",\"publisher\":{\"@id\":\"https:\/\/www.mydemenageur.com\/blog\/#organization\"},\"potentialAction\":[{\"@type\":\"SearchAction\",\"target\":{\"@type\":\"EntryPoint\",\"urlTemplate\":\"https:\/\/www.mydemenageur.com\/blog\/?s={search_term_string}\"},\"query-input\":{\"@type\":\"PropertyValueSpecification\",\"valueRequired\":true,\"valueName\":\"search_term_string\"}}],\"inLanguage\":\"fr-FR\"},{\"@type\":\"Organization\",\"@id\":\"https:\/\/www.mydemenageur.com\/blog\/#organization\",\"name\":\"MyDemenageur.com\",\"url\":\"https:\/\/www.mydemenageur.com\/blog\/\",\"logo\":{\"@type\":\"ImageObject\",\"inLanguage\":\"fr-FR\",\"@id\":\"https:\/\/www.mydemenageur.com\/blog\/#\/schema\/logo\/image\/\",\"url\":\"https:\/\/www.mydemenageur.com\/blog\/wp-content\/uploads\/2022\/05\/MyDemenageur_Symbol.jpg\",\"contentUrl\":\"https:\/\/www.mydemenageur.com\/blog\/wp-content\/uploads\/2022\/05\/MyDemenageur_Symbol.jpg\",\"width\":878,\"height\":877,\"caption\":\"MyDemenageur.com\"},\"image\":{\"@id\":\"https:\/\/www.mydemenageur.com\/blog\/#\/schema\/logo\/image\/\"},\"sameAs\":[\"https:\/\/www.facebook.com\/mydemenageur\",\"https:\/\/x.com\/mydemenageur\",\"https:\/\/www.pinterest.fr\/mydemenageur\/\"]},{\"@type\":\"Person\",\"@id\":\"https:\/\/www.mydemenageur.com\/blog\/#\/schema\/person\/4540dc333c2e7dc790f0f7bcd5b99569\",\"name\":\"Mathilde\",\"image\":{\"@type\":\"ImageObject\",\"inLanguage\":\"fr-FR\",\"@id\":\"https:\/\/www.mydemenageur.com\/blog\/#\/schema\/person\/image\/\",\"url\":\"https:\/\/secure.gravatar.com\/avatar\/abde069f6f70261ee6ecea93e0437d77?s=96&#038;r=g\",\"contentUrl\":\"https:\/\/secure.gravatar.com\/avatar\/abde069f6f70261ee6ecea93e0437d77?s=96&#038;r=g\",\"caption\":\"Mathilde\"},\"description\":\"L'harmonie des couleurs et des objets m'a toujours fascin\u00e9e, transformant chaque pi\u00e8ce en un lieu unique et agr\u00e9able \u00e0 vivre. Sur MyDemenageur, vous trouverez non seulement des inspirations personnelles, mais aussi des informations r\u00e9centes sur le monde de la d\u00e9coration, les projets de maison, le d\u00e9m\u00e9nagement et les travaux.\",\"url\":\"https:\/\/www.mydemenageur.com\/blog\/author\/mathilde\/\"}]}<\/script>\n<!-- \/ Yoast SEO Premium plugin. -->","yoast_head_json":{"title":"Consommation collaborative","description":"%","robots":{"index":"index","follow":"follow","max-snippet":"max-snippet:-1","max-image-preview":"max-image-preview:large","max-video-preview":"max-video-preview:-1"},"canonical":"https:\/\/www.mydemenageur.com\/blog\/consommation-collaborative\/","og_locale":"fr_FR","og_type":"article","og_title":"Consommation collaborative","og_description":"%","og_url":"https:\/\/www.mydemenageur.com\/blog\/consommation-collaborative\/","og_site_name":"MyDemenageur","article_publisher":"https:\/\/www.facebook.com\/mydemenageur","article_published_time":"2021-06-18T13:34:05+00:00","article_modified_time":"2021-08-27T07:36:53+00:00","og_image":[{"width":1000,"height":666,"url":"https:\/\/www.mydemenageur.com\/blog\/wp-content\/uploads\/2021\/06\/consommation-collaborative.jpeg","type":"image\/jpeg"}],"author":"Mathilde","twitter_card":"summary_large_image","twitter_creator":"@mydemenageur","twitter_site":"@mydemenageur","twitter_misc":{"\u00c9crit par":"Mathilde","Dur\u00e9e de lecture estim\u00e9e":"2 minutes"},"schema":{"@context":"https:\/\/schema.org","@graph":[{"@type":"Article","@id":"https:\/\/www.mydemenageur.com\/blog\/consommation-collaborative\/#article","isPartOf":{"@id":"https:\/\/www.mydemenageur.com\/blog\/consommation-collaborative\/"},"author":{"name":"Mathilde","@id":"https:\/\/www.mydemenageur.com\/blog\/#\/schema\/person\/4540dc333c2e7dc790f0f7bcd5b99569"},"headline":"Consommation collaborative","datePublished":"2021-06-18T13:34:05+00:00","dateModified":"2021-08-27T07:36:53+00:00","mainEntityOfPage":{"@id":"https:\/\/www.mydemenageur.com\/blog\/consommation-collaborative\/"},"wordCount":412,"publisher":{"@id":"https:\/\/www.mydemenageur.com\/blog\/#organization"},"image":{"@id":"https:\/\/www.mydemenageur.com\/blog\/consommation-collaborative\/#primaryimage"},"thumbnailUrl":"https:\/\/www.mydemenageur.com\/blog\/wp-content\/uploads\/2021\/06\/consommation-collaborative.jpeg","keywords":["economie"],"articleSection":["Argent"],"inLanguage":"fr-FR"},{"@type":"WebPage","@id":"https:\/\/www.mydemenageur.com\/blog\/consommation-collaborative\/","url":"https:\/\/www.mydemenageur.com\/blog\/consommation-collaborative\/","name":"Consommation collaborative","isPartOf":{"@id":"https:\/\/www.mydemenageur.com\/blog\/#website"},"primaryImageOfPage":{"@id":"https:\/\/www.mydemenageur.com\/blog\/consommation-collaborative\/#primaryimage"},"image":{"@id":"https:\/\/www.mydemenageur.com\/blog\/consommation-collaborative\/#primaryimage"},"thumbnailUrl":"https:\/\/www.mydemenageur.com\/blog\/wp-content\/uploads\/2021\/06\/consommation-collaborative.jpeg","datePublished":"2021-06-18T13:34:05+00:00","dateModified":"2021-08-27T07:36:53+00:00","description":"%","breadcrumb":{"@id":"https:\/\/www.mydemenageur.com\/blog\/consommation-collaborative\/#breadcrumb"},"inLanguage":"fr-FR","potentialAction":[{"@type":"ReadAction","target":["https:\/\/www.mydemenageur.com\/blog\/consommation-collaborative\/"]}]},{"@type":"ImageObject","inLanguage":"fr-FR","@id":"https:\/\/www.mydemenageur.com\/blog\/consommation-collaborative\/#primaryimage","url":"https:\/\/www.mydemenageur.com\/blog\/wp-content\/uploads\/2021\/06\/consommation-collaborative.jpeg","contentUrl":"https:\/\/www.mydemenageur.com\/blog\/wp-content\/uploads\/2021\/06\/consommation-collaborative.jpeg","width":1000,"height":666,"caption":"Consommation collaborative"},{"@type":"BreadcrumbList","@id":"https:\/\/www.mydemenageur.com\/blog\/consommation-collaborative\/#breadcrumb","itemListElement":[{"@type":"ListItem","position":1,"name":"Accueil","item":"https:\/\/www.mydemenageur.com\/blog\/"},{"@type":"ListItem","position":2,"name":"Argent","item":"https:\/\/www.mydemenageur.com\/blog\/categorie\/argent\/"},{"@type":"ListItem","position":3,"name":"Consommation collaborative"}]},{"@type":"WebSite","@id":"https:\/\/www.mydemenageur.com\/blog\/#website","url":"https:\/\/www.mydemenageur.com\/blog\/","name":"MyDemenageur","description":"Conseils d\u00e9m\u00e9ngement entre particuliers et d\u00e9m\u00e9nagement professionnel","publisher":{"@id":"https:\/\/www.mydemenageur.com\/blog\/#organization"},"potentialAction":[{"@type":"SearchAction","target":{"@type":"EntryPoint","urlTemplate":"https:\/\/www.mydemenageur.com\/blog\/?s={search_term_string}"},"query-input":{"@type":"PropertyValueSpecification","valueRequired":true,"valueName":"search_term_string"}}],"inLanguage":"fr-FR"},{"@type":"Organization","@id":"https:\/\/www.mydemenageur.com\/blog\/#organization","name":"MyDemenageur.com","url":"https:\/\/www.mydemenageur.com\/blog\/","logo":{"@type":"ImageObject","inLanguage":"fr-FR","@id":"https:\/\/www.mydemenageur.com\/blog\/#\/schema\/logo\/image\/","url":"https:\/\/www.mydemenageur.com\/blog\/wp-content\/uploads\/2022\/05\/MyDemenageur_Symbol.jpg","contentUrl":"https:\/\/www.mydemenageur.com\/blog\/wp-content\/uploads\/2022\/05\/MyDemenageur_Symbol.jpg","width":878,"height":877,"caption":"MyDemenageur.com"},"image":{"@id":"https:\/\/www.mydemenageur.com\/blog\/#\/schema\/logo\/image\/"},"sameAs":["https:\/\/www.facebook.com\/mydemenageur","https:\/\/x.com\/mydemenageur","https:\/\/www.pinterest.fr\/mydemenageur\/"]},{"@type":"Person","@id":"https:\/\/www.mydemenageur.com\/blog\/#\/schema\/person\/4540dc333c2e7dc790f0f7bcd5b99569","name":"Mathilde","image":{"@type":"ImageObject","inLanguage":"fr-FR","@id":"https:\/\/www.mydemenageur.com\/blog\/#\/schema\/person\/image\/","url":"https:\/\/secure.gravatar.com\/avatar\/abde069f6f70261ee6ecea93e0437d77?s=96&#038;r=g","contentUrl":"https:\/\/secure.gravatar.com\/avatar\/abde069f6f70261ee6ecea93e0437d77?s=96&#038;r=g","caption":"Mathilde"},"description":"L'harmonie des couleurs et des objets m'a toujours fascin\u00e9e, transformant chaque pi\u00e8ce en un lieu unique et agr\u00e9able \u00e0 vivre. Sur MyDemenageur, vous trouverez non seulement des inspirations personnelles, mais aussi des informations r\u00e9centes sur le monde de la d\u00e9coration, les projets de maison, le d\u00e9m\u00e9nagement et les travaux.","url":"https:\/\/www.mydemenageur.com\/blog\/author\/mathilde\/"}]}},"modified_by":"fabien","_links":{"self":[{"href":"https:\/\/www.mydemenageur.com\/blog\/wp-json\/wp\/v2\/posts\/22239"}],"collection":[{"href":"https:\/\/www.mydemenageur.com\/blog\/wp-json\/wp\/v2\/posts"}],"about":[{"href":"https:\/\/www.mydemenageur.com\/blog\/wp-json\/wp\/v2\/types\/post"}],"author":[{"embeddable":true,"href":"https:\/\/www.mydemenageur.com\/blog\/wp-json\/wp\/v2\/users\/11"}],"replies":[{"embeddable":true,"href":"https:\/\/www.mydemenageur.com\/blog\/wp-json\/wp\/v2\/comments?post=22239"}],"version-history":[{"count":0,"href":"https:\/\/www.mydemenageur.com\/blog\/wp-json\/wp\/v2\/posts\/22239\/revisions"}],"wp:featuredmedia":[{"embeddable":true,"href":"https:\/\/www.mydemenageur.com\/blog\/wp-json\/wp\/v2\/media\/22241"}],"wp:attachment":[{"href":"https:\/\/www.mydemenageur.com\/blog\/wp-json\/wp\/v2\/media?parent=22239"}],"wp:term":[{"taxonomy":"category","embeddable":true,"href":"https:\/\/www.mydemenageur.com\/blog\/wp-json\/wp\/v2\/categories?post=22239"},{"taxonomy":"post_tag","embeddable":true,"href":"https:\/\/www.mydemenageur.com\/blog\/wp-json\/wp\/v2\/tags?post=22239"}],"curies":[{"name":"wp","href":"https:\/\/api.w.org\/{rel}","templated":true}]}}