{"id":2270,"date":"2021-01-12T08:00:36","date_gmt":"2021-01-12T08:00:36","guid":{"rendered":"https:\/\/www.mydemenageur.com\/blog\/?p=2270"},"modified":"2022-05-03T09:51:02","modified_gmt":"2022-05-03T09:51:02","slug":"les-artistes-qui-re-donne-une-seconde-vie-a-nos-vieux-meubles","status":"publish","type":"post","link":"https:\/\/www.mydemenageur.com\/blog\/les-artistes-qui-re-donne-une-seconde-vie-a-nos-vieux-meubles\/","title":{"rendered":"Les artistes qui redonnent une seconde vie \u00e0 nos vieux meubles"},"content":{"rendered":"<p>L\u2019un des aspects les plus d\u00e9cri\u00e9s de la soci\u00e9t\u00e9 de consommation est la r\u00e9action qui consiste \u00e0 consommer puis jeter. Agir ainsi vis-\u00e0-vis des meubles est co\u00fbteux puisqu\u2019il faut en acheter d\u2019autres et rel\u00e8ve du gaspillage. Cela nourrit l\u2019accumulation des d\u00e9chets et contribue \u00e0 la d\u00e9gradation de l\u2019environnement. C\u2019est la raison pour laquelle il est pr\u00e9f\u00e9rable de faire appel aux artistes qui donnent une <strong><a href=\"\/blog\/bricolage\/\">seconde vie \u00e0 nos vieux meubles<\/a>.<\/strong><\/p>\n<p>Pourquoi restaurer nos vieux meubles\u00a0?<\/p>\n<p><img decoding=\"async\" class=\"alignnone wp-image-2324\" title=\"photo d'un homme qui restaure un fauteuil\" src=\"https:\/\/www.mydemenageur.com\/blog\/wp-content\/uploads\/2021\/03\/pexels-photo-5095274.jpeg\" alt=\"photo d'un homme qui restaure un fauteuil\" width=\"434\" height=\"651\" srcset=\"https:\/\/www.mydemenageur.com\/blog\/wp-content\/uploads\/2021\/03\/pexels-photo-5095274.jpeg 867w, https:\/\/www.mydemenageur.com\/blog\/wp-content\/uploads\/2021\/03\/pexels-photo-5095274-200x300.jpeg 200w, https:\/\/www.mydemenageur.com\/blog\/wp-content\/uploads\/2021\/03\/pexels-photo-5095274-683x1024.jpeg 683w, https:\/\/www.mydemenageur.com\/blog\/wp-content\/uploads\/2021\/03\/pexels-photo-5095274-768x1152.jpeg 768w\" sizes=\"(max-width: 434px) 100vw, 434px\" \/><br \/>\nIl existe plusieurs raisons de donner une nouvelle vie \u00e0 vos meubles anciens.<\/p>\n<div id=\"ez-toc-container\" class=\"ez-toc-v2_0_82_2 counter-hierarchy ez-toc-counter ez-toc-custom ez-toc-container-direction\">\n<div class=\"ez-toc-title-container\">\n<p class=\"ez-toc-title\" style=\"cursor:inherit\">Ce que vous allez apprendre<\/p>\n<span class=\"ez-toc-title-toggle\"><\/span><\/div>\n<nav><ul class='ez-toc-list ez-toc-list-level-1 ' ><ul class='ez-toc-list-level-3' ><li class='ez-toc-heading-level-3'><a class=\"ez-toc-link ez-toc-heading-1\" href=\"https:\/\/www.mydemenageur.com\/blog\/les-artistes-qui-re-donne-une-seconde-vie-a-nos-vieux-meubles\/#nostalgie-et-beaute\" >Nostalgie et beaut\u00e9<\/a><\/li><li class='ez-toc-page-1 ez-toc-heading-level-3'><a class=\"ez-toc-link ez-toc-heading-2\" href=\"https:\/\/www.mydemenageur.com\/blog\/les-artistes-qui-re-donne-une-seconde-vie-a-nos-vieux-meubles\/#faire-des-economies-et-reduire-les-impacts-environnementaux\" >Faire des \u00e9conomies et r\u00e9duire les impacts environnementaux<\/a><\/li><li class='ez-toc-page-1 ez-toc-heading-level-3'><a class=\"ez-toc-link ez-toc-heading-3\" href=\"https:\/\/www.mydemenageur.com\/blog\/les-artistes-qui-re-donne-une-seconde-vie-a-nos-vieux-meubles\/#adaptez-vos-vieux-meubles-a-vos-projets\" >Adaptez vos vieux meubles \u00e0 vos projets<\/a><\/li><\/ul><\/li><li class='ez-toc-page-1 ez-toc-heading-level-2'><a class=\"ez-toc-link ez-toc-heading-4\" href=\"https:\/\/www.mydemenageur.com\/blog\/les-artistes-qui-re-donne-une-seconde-vie-a-nos-vieux-meubles\/#quelques-suggestions\" >Quelques suggestions<\/a><ul class='ez-toc-list-level-3' ><li class='ez-toc-heading-level-3'><a class=\"ez-toc-link ez-toc-heading-5\" href=\"https:\/\/www.mydemenageur.com\/blog\/les-artistes-qui-re-donne-une-seconde-vie-a-nos-vieux-meubles\/#des-idees-parfois-tres-simples\" >Des id\u00e9es parfois tr\u00e8s simples<\/a><\/li><li class='ez-toc-page-1 ez-toc-heading-level-3'><a class=\"ez-toc-link ez-toc-heading-6\" href=\"https:\/\/www.mydemenageur.com\/blog\/les-artistes-qui-re-donne-une-seconde-vie-a-nos-vieux-meubles\/#vos-gouts-et-votre-projet-bien-evidemment\" >Vos go\u00fbts et votre projet bien \u00e9videmment<\/a><\/li><li class='ez-toc-page-1 ez-toc-heading-level-3'><a class=\"ez-toc-link ez-toc-heading-7\" href=\"https:\/\/www.mydemenageur.com\/blog\/les-artistes-qui-re-donne-une-seconde-vie-a-nos-vieux-meubles\/#recommandations-pratiques\" >Recommandations pratiques<\/a><\/li><\/ul><\/li><\/ul><\/nav><\/div>\n<h3><span class=\"ez-toc-section\" id=\"nostalgie-et-beaute\"><\/span>Nostalgie et beaut\u00e9<span class=\"ez-toc-section-end\"><\/span><\/h3>\n<p>C\u2019est l\u2019attachement que l\u2019on voue \u00e0 ses vieux meubles qui leur conf\u00e8re leur valeur. Ils font partie de votre patrimoine personnel indiff\u00e9remment du b\u00e9n\u00e9fice financier que vous pourriez tirer de leur vente. Ils ont une v\u00e9ritable force po\u00e9tique, comme l\u2019avait sugg\u00e9r\u00e9 Charles Baudelaire qui imaginait dans L\u2019invitation au voyage que\u00a0:<br \/>\n\u2018\u2019Des meubles luisants,<br \/>\nPolis par les ans,<br \/>\nD\u00e9coreraient notre chambre\u2019\u2019<br \/>\nVous vous \u00eates certainement accoutum\u00e9s \u00e0 la pr\u00e9sence de ces meubles dans votre d\u00e9cor familier. Il peut s\u2019agir d\u2019une biblioth\u00e8que, d\u2019une armoire, d\u2019une table ou d\u2019un coffre que vous assimilez inconsciemment peut-\u00eatre \u00e0 la culture, \u00e0 vos plus beaux atours, \u00e0 la convivialit\u00e9 ou \u00e0 des tr\u00e9sors imaginaires.<br \/>\nA fortiori vos vieux meubles peuvent avoir une haute valeur marchande si vous en avez h\u00e9rit\u00e9 ou les avez retrouv\u00e9 au fond de votre grenier. Un meuble artisanal fabriqu\u00e9 avant 1914, respire encore le XIX\u00e8me si\u00e8cle, et peut trouver facilement acqu\u00e9reur, \u00e0 condition d\u2019\u00eatre en bon \u00e9tat.<br \/>\nSeul un artiste pourra lui rendre vie, comme il le ferait avec les objets que l\u2019on trouve dans les mus\u00e9es.<\/p>\n<h3><span class=\"ez-toc-section\" id=\"faire-des-economies-et-reduire-les-impacts-environnementaux\"><\/span>Faire des \u00e9conomies et r\u00e9duire les impacts environnementaux<span class=\"ez-toc-section-end\"><\/span><\/h3>\n<p>Le go\u00fbt de l\u2019ancien peut se marier tr\u00e8s ais\u00e9ment \u00e0 la volont\u00e9 tr\u00e8s rationnelle de r\u00e9aliser des \u00e9conomies. Vous conserverez bien mieux vos vieux meubles en les confiant \u00e0 des artistes qui sauront les restaurer. Cela leur \u00e9vitera de s\u2019effondrer et s\u00e9curisera votre foyer\u00a0: imaginez qu\u2019une \u00e9tag\u00e8re de votre biblioth\u00e8que s\u2019\u00e9croule en m\u00eame temps que vos livres anciens, ou pire encore, la table de votre salle \u00e0 manger pendant votre repas.<br \/>\nRecourir \u00e0 un artiste vous permettra d\u2019utiliser voire d\u2019am\u00e9liorer un meuble que vous aurez achet\u00e9 \u00e0 un brocanteur. Cela vous aidera \u00e0 garnir votre int\u00e9rieur \u00e0 des prix modiques.<br \/>\nEn restaurant vos vieux meubles vous contribuerez \u00e0 la pr\u00e9servation de l\u2019environnement. Vous \u00e9viterez les gaspillages et participerez au fonctionnement de l\u2019\u00e9conomie locale ainsi qu\u2019au d\u00e9veloppement durable.<\/p>\n<h3><span class=\"ez-toc-section\" id=\"adaptez-vos-vieux-meubles-a-vos-projets\"><\/span>Adaptez vos vieux meubles \u00e0 vos projets<span class=\"ez-toc-section-end\"><\/span><\/h3>\n<p>Un artiste saura naturellement adapter votre ameublement \u00e0 vos go\u00fbts ; \u00e0 votre foyer et \u00e0 l\u2019ensemble de vos projets. Ils pourront apporter une apparence vintage \u00e0 votre int\u00e9rieur et vous pourrez les utiliser pour am\u00e9nager votre logis, une chambre d\u2019ami voire un restaurant ou un caf\u00e9.<br \/>\nUn artiste adaptera vos vieux meubles \u00e0 votre style, qu\u2019il soit traditionnel ou moderne, que vous habitiez en ville ou \u00e0 la campagne.<\/p>\n<h2><span class=\"ez-toc-section\" id=\"quelques-suggestions\"><\/span>Quelques suggestions<span class=\"ez-toc-section-end\"><\/span><\/h2>\n<h3><span class=\"ez-toc-section\" id=\"des-idees-parfois-tres-simples\"><\/span>Des id\u00e9es parfois tr\u00e8s simples<span class=\"ez-toc-section-end\"><\/span><\/h3>\n<p>Un artiste de talent saura r\u00e9nover vos meubles et les personnaliser en faisant appel \u00e0 des proc\u00e9d\u00e9s tr\u00e8s simples\u00a0: l\u2019application d\u2019une couche de peinture, d\u2019un tissu imprim\u00e9, l\u2019ajout de quelques planches de bois suffisent parfois \u00e0 r\u00e9nover votre ameublement et \u00e0 leur conf\u00e9rer une nouvelle jeunesse. Il suffit parfois de changer les pieds d\u2019une table ou d\u2019une armoire pour transformer votre int\u00e9rieur.<br \/>\nIl est important que l\u2019artiste vous conseille pour int\u00e9grer vos meubles dans une d\u00e9coration d\u2019ensemble. La proximit\u00e9 d\u2019un luminaire rehaussera certains meubles.<\/p>\n<h3><span class=\"ez-toc-section\" id=\"vos-gouts-et-votre-projet-bien-evidemment\"><\/span>Vos go\u00fbts et votre projet bien \u00e9videmment<span class=\"ez-toc-section-end\"><\/span><\/h3>\n<p>Vous pouvez naturellement demander \u00e0 un artisan de dessiner ou de tracer des illusions d\u2019optique ou des formes g\u00e9om\u00e9triques. Il est \u00e9galement possible de peintre des motifs exotiques, conformes aux traditions de votre r\u00e9gion ou plus modernes dans le genre design, Bauhaus et plus g\u00e9n\u00e9ralement dans la philosophie des arts appliqu\u00e9s. Le go\u00fbt boh\u00e8me ou vintage est particuli\u00e8rement r\u00e9pandu. N\u2019h\u00e9sitez pas \u00e0 m\u00ealer les genres anciens et modernes et \u00e0 chercher de l&rsquo;inspiration sur internet.<br \/>\nSi votre meuble est destin\u00e9 \u00e0 une chambre d\u2019enfant, il est conseill\u00e9 de varier les couleurs douces et les dessins animaliers.<br \/>\n<img decoding=\"async\" class=\"alignnone wp-image-2323\" src=\"https:\/\/www.mydemenageur.com\/blog\/wp-content\/uploads\/2021\/03\/pexels-photo-6157282.jpeg\" alt=\"Conseils d\u00e9m\u00e9nagement : transport, m\u00e9nage, d\u00e9marches, r\u00e9parations\" width=\"361\" height=\"542\" srcset=\"https:\/\/www.mydemenageur.com\/blog\/wp-content\/uploads\/2021\/03\/pexels-photo-6157282.jpeg 680w, https:\/\/www.mydemenageur.com\/blog\/wp-content\/uploads\/2021\/03\/pexels-photo-6157282-200x300.jpeg 200w\" sizes=\"(max-width: 361px) 100vw, 361px\" \/><\/p>\n<h3><span class=\"ez-toc-section\" id=\"recommandations-pratiques\"><\/span>Recommandations pratiques<span class=\"ez-toc-section-end\"><\/span><\/h3>\n<p>Sollicitez un devis gratuit en adressant par courriel le d\u00e9tail de votre projet, des films et des photos de vos meubles. Vous pourrez, le cas \u00e9ch\u00e9ant, profiter d\u2019un prix de gros voire d\u2019un \u00e9ch\u00e9ancier. C\u2019est particuli\u00e8rement utile si vous \u00eates familier des brocantes.<br \/>\nN\u2019h\u00e9sitez pas \u00e0 demander conseil \u00e0 votre artisan. Il vous guidera dans vos choix. Certains ateliers incluent dans leurs services, le transport de vos meubles au sein d\u2019une r\u00e9gion ou d\u2019une aire urbaine. Sinon, n&rsquo;h\u00e9sitez pas \u00e0 <a href=\"https:\/\/www.mydemenageur.com\/aide-demenagement\">demander de l&rsquo;aide<\/a> pour transporter vos meubles jusqu&rsquo;\u00e0 son d\u00e9p\u00f4t.<br \/>\nFaites-vous une id\u00e9e de la qualit\u00e9 du travail de votre artisan en jetant un \u0153il sur la presse locale, sur son site ou son blog.<\/p>\n","protected":false},"excerpt":{"rendered":"<p>L\u2019un des aspects les plus d\u00e9cri\u00e9s de la soci\u00e9t\u00e9 de consommation est la r\u00e9action qui consiste \u00e0 consommer puis jeter.<\/p>\n","protected":false},"author":11,"featured_media":21640,"comment_status":"closed","ping_status":"closed","sticky":false,"template":"","format":"standard","meta":{"_lmt_disableupdate":"","_lmt_disable":"","footnotes":""},"categories":[22],"tags":[110],"yoast_head":"<!-- This site is optimized with the Yoast SEO Premium plugin v24.2 (Yoast SEO v24.5) - https:\/\/yoast.com\/wordpress\/plugins\/seo\/ -->\n<title>Des artistes pour donner une seconde vie \u00e0 nos vieux meubles<\/title>\n<meta name=\"description\" content=\"Donnez une seconde vie \u00e0 vos vieux meubles en faisant appel \u00e0 un artiste ou \u00e0 un artisan. Venez vous informez ici d\u00e8s maintenant.\" \/>\n<meta name=\"robots\" content=\"index, follow, max-snippet:-1, max-image-preview:large, max-video-preview:-1\" \/>\n<link rel=\"canonical\" href=\"https:\/\/www.mydemenageur.com\/blog\/les-artistes-qui-re-donne-une-seconde-vie-a-nos-vieux-meubles\/\" \/>\n<meta property=\"og:locale\" content=\"fr_FR\" \/>\n<meta property=\"og:type\" content=\"article\" \/>\n<meta property=\"og:title\" content=\"Les artistes qui redonnent une seconde vie \u00e0 nos vieux meubles\" \/>\n<meta property=\"og:description\" content=\"Donnez une seconde vie \u00e0 vos vieux meubles en faisant appel \u00e0 un artiste ou \u00e0 un artisan. Venez vous informez ici d\u00e8s maintenant.\" \/>\n<meta property=\"og:url\" content=\"https:\/\/www.mydemenageur.com\/blog\/les-artistes-qui-re-donne-une-seconde-vie-a-nos-vieux-meubles\/\" \/>\n<meta property=\"og:site_name\" content=\"MyDemenageur\" \/>\n<meta property=\"article:publisher\" content=\"https:\/\/www.facebook.com\/mydemenageur\" \/>\n<meta property=\"article:published_time\" content=\"2021-01-12T08:00:36+00:00\" \/>\n<meta property=\"article:modified_time\" content=\"2022-05-03T09:51:02+00:00\" \/>\n<meta property=\"og:image\" content=\"https:\/\/www.mydemenageur.com\/blog\/wp-content\/uploads\/2021\/01\/les-artistes-qui-re-donne-une-seconde-vie-a-nos-vieux-meubles.jpeg\" \/>\n\t<meta property=\"og:image:width\" content=\"1000\" \/>\n\t<meta property=\"og:image:height\" content=\"666\" \/>\n\t<meta property=\"og:image:type\" content=\"image\/jpeg\" \/>\n<meta name=\"author\" content=\"Mathilde\" \/>\n<meta name=\"twitter:card\" content=\"summary_large_image\" \/>\n<meta name=\"twitter:creator\" content=\"@mydemenageur\" \/>\n<meta name=\"twitter:site\" content=\"@mydemenageur\" \/>\n<meta name=\"twitter:label1\" content=\"\u00c9crit par\" \/>\n\t<meta name=\"twitter:data1\" content=\"Mathilde\" \/>\n\t<meta name=\"twitter:label2\" content=\"Dur\u00e9e de lecture estim\u00e9e\" \/>\n\t<meta name=\"twitter:data2\" content=\"4 minutes\" \/>\n<script type=\"application\/ld+json\" class=\"yoast-schema-graph\">{\"@context\":\"https:\/\/schema.org\",\"@graph\":[{\"@type\":\"Article\",\"@id\":\"https:\/\/www.mydemenageur.com\/blog\/les-artistes-qui-re-donne-une-seconde-vie-a-nos-vieux-meubles\/#article\",\"isPartOf\":{\"@id\":\"https:\/\/www.mydemenageur.com\/blog\/les-artistes-qui-re-donne-une-seconde-vie-a-nos-vieux-meubles\/\"},\"author\":{\"name\":\"Mathilde\",\"@id\":\"https:\/\/www.mydemenageur.com\/blog\/#\/schema\/person\/4540dc333c2e7dc790f0f7bcd5b99569\"},\"headline\":\"Les artistes qui redonnent une seconde vie \u00e0 nos vieux meubles\",\"datePublished\":\"2021-01-12T08:00:36+00:00\",\"dateModified\":\"2022-05-03T09:51:02+00:00\",\"mainEntityOfPage\":{\"@id\":\"https:\/\/www.mydemenageur.com\/blog\/les-artistes-qui-re-donne-une-seconde-vie-a-nos-vieux-meubles\/\"},\"wordCount\":893,\"publisher\":{\"@id\":\"https:\/\/www.mydemenageur.com\/blog\/#organization\"},\"image\":{\"@id\":\"https:\/\/www.mydemenageur.com\/blog\/les-artistes-qui-re-donne-une-seconde-vie-a-nos-vieux-meubles\/#primaryimage\"},\"thumbnailUrl\":\"https:\/\/www.mydemenageur.com\/blog\/wp-content\/uploads\/2021\/01\/les-artistes-qui-re-donne-une-seconde-vie-a-nos-vieux-meubles.jpeg\",\"keywords\":[\"Meuble\"],\"articleSection\":[\"Bricolage\"],\"inLanguage\":\"fr-FR\"},{\"@type\":\"WebPage\",\"@id\":\"https:\/\/www.mydemenageur.com\/blog\/les-artistes-qui-re-donne-une-seconde-vie-a-nos-vieux-meubles\/\",\"url\":\"https:\/\/www.mydemenageur.com\/blog\/les-artistes-qui-re-donne-une-seconde-vie-a-nos-vieux-meubles\/\",\"name\":\"Des artistes pour donner une seconde vie \u00e0 nos vieux meubles\",\"isPartOf\":{\"@id\":\"https:\/\/www.mydemenageur.com\/blog\/#website\"},\"primaryImageOfPage\":{\"@id\":\"https:\/\/www.mydemenageur.com\/blog\/les-artistes-qui-re-donne-une-seconde-vie-a-nos-vieux-meubles\/#primaryimage\"},\"image\":{\"@id\":\"https:\/\/www.mydemenageur.com\/blog\/les-artistes-qui-re-donne-une-seconde-vie-a-nos-vieux-meubles\/#primaryimage\"},\"thumbnailUrl\":\"https:\/\/www.mydemenageur.com\/blog\/wp-content\/uploads\/2021\/01\/les-artistes-qui-re-donne-une-seconde-vie-a-nos-vieux-meubles.jpeg\",\"datePublished\":\"2021-01-12T08:00:36+00:00\",\"dateModified\":\"2022-05-03T09:51:02+00:00\",\"description\":\"Donnez une seconde vie \u00e0 vos vieux meubles en faisant appel \u00e0 un artiste ou \u00e0 un artisan. Venez vous informez ici d\u00e8s maintenant.\",\"breadcrumb\":{\"@id\":\"https:\/\/www.mydemenageur.com\/blog\/les-artistes-qui-re-donne-une-seconde-vie-a-nos-vieux-meubles\/#breadcrumb\"},\"inLanguage\":\"fr-FR\",\"potentialAction\":[{\"@type\":\"ReadAction\",\"target\":[\"https:\/\/www.mydemenageur.com\/blog\/les-artistes-qui-re-donne-une-seconde-vie-a-nos-vieux-meubles\/\"]}]},{\"@type\":\"ImageObject\",\"inLanguage\":\"fr-FR\",\"@id\":\"https:\/\/www.mydemenageur.com\/blog\/les-artistes-qui-re-donne-une-seconde-vie-a-nos-vieux-meubles\/#primaryimage\",\"url\":\"https:\/\/www.mydemenageur.com\/blog\/wp-content\/uploads\/2021\/01\/les-artistes-qui-re-donne-une-seconde-vie-a-nos-vieux-meubles.jpeg\",\"contentUrl\":\"https:\/\/www.mydemenageur.com\/blog\/wp-content\/uploads\/2021\/01\/les-artistes-qui-re-donne-une-seconde-vie-a-nos-vieux-meubles.jpeg\",\"width\":1000,\"height\":666,\"caption\":\"Les artistes qui redonnent une seconde vie \u00e0 nos vieux meubles\"},{\"@type\":\"BreadcrumbList\",\"@id\":\"https:\/\/www.mydemenageur.com\/blog\/les-artistes-qui-re-donne-une-seconde-vie-a-nos-vieux-meubles\/#breadcrumb\",\"itemListElement\":[{\"@type\":\"ListItem\",\"position\":1,\"name\":\"Accueil\",\"item\":\"https:\/\/www.mydemenageur.com\/blog\/\"},{\"@type\":\"ListItem\",\"position\":2,\"name\":\"Bricolage\",\"item\":\"https:\/\/www.mydemenageur.com\/blog\/categorie\/bricolage\/\"},{\"@type\":\"ListItem\",\"position\":3,\"name\":\"Les artistes qui redonnent une seconde vie \u00e0 nos vieux meubles\"}]},{\"@type\":\"WebSite\",\"@id\":\"https:\/\/www.mydemenageur.com\/blog\/#website\",\"url\":\"https:\/\/www.mydemenageur.com\/blog\/\",\"name\":\"MyDemenageur\",\"description\":\"Conseils d\u00e9m\u00e9ngement entre particuliers et d\u00e9m\u00e9nagement professionnel\",\"publisher\":{\"@id\":\"https:\/\/www.mydemenageur.com\/blog\/#organization\"},\"potentialAction\":[{\"@type\":\"SearchAction\",\"target\":{\"@type\":\"EntryPoint\",\"urlTemplate\":\"https:\/\/www.mydemenageur.com\/blog\/?s={search_term_string}\"},\"query-input\":{\"@type\":\"PropertyValueSpecification\",\"valueRequired\":true,\"valueName\":\"search_term_string\"}}],\"inLanguage\":\"fr-FR\"},{\"@type\":\"Organization\",\"@id\":\"https:\/\/www.mydemenageur.com\/blog\/#organization\",\"name\":\"MyDemenageur.com\",\"url\":\"https:\/\/www.mydemenageur.com\/blog\/\",\"logo\":{\"@type\":\"ImageObject\",\"inLanguage\":\"fr-FR\",\"@id\":\"https:\/\/www.mydemenageur.com\/blog\/#\/schema\/logo\/image\/\",\"url\":\"https:\/\/www.mydemenageur.com\/blog\/wp-content\/uploads\/2022\/05\/MyDemenageur_Symbol.jpg\",\"contentUrl\":\"https:\/\/www.mydemenageur.com\/blog\/wp-content\/uploads\/2022\/05\/MyDemenageur_Symbol.jpg\",\"width\":878,\"height\":877,\"caption\":\"MyDemenageur.com\"},\"image\":{\"@id\":\"https:\/\/www.mydemenageur.com\/blog\/#\/schema\/logo\/image\/\"},\"sameAs\":[\"https:\/\/www.facebook.com\/mydemenageur\",\"https:\/\/x.com\/mydemenageur\",\"https:\/\/www.pinterest.fr\/mydemenageur\/\"]},{\"@type\":\"Person\",\"@id\":\"https:\/\/www.mydemenageur.com\/blog\/#\/schema\/person\/4540dc333c2e7dc790f0f7bcd5b99569\",\"name\":\"Mathilde\",\"image\":{\"@type\":\"ImageObject\",\"inLanguage\":\"fr-FR\",\"@id\":\"https:\/\/www.mydemenageur.com\/blog\/#\/schema\/person\/image\/\",\"url\":\"https:\/\/secure.gravatar.com\/avatar\/abde069f6f70261ee6ecea93e0437d77?s=96&#038;r=g\",\"contentUrl\":\"https:\/\/secure.gravatar.com\/avatar\/abde069f6f70261ee6ecea93e0437d77?s=96&#038;r=g\",\"caption\":\"Mathilde\"},\"description\":\"L'harmonie des couleurs et des objets m'a toujours fascin\u00e9e, transformant chaque pi\u00e8ce en un lieu unique et agr\u00e9able \u00e0 vivre. Sur MyDemenageur, vous trouverez non seulement des inspirations personnelles, mais aussi des informations r\u00e9centes sur le monde de la d\u00e9coration, les projets de maison, le d\u00e9m\u00e9nagement et les travaux.\",\"url\":\"https:\/\/www.mydemenageur.com\/blog\/author\/mathilde\/\"}]}<\/script>\n<!-- \/ Yoast SEO Premium plugin. -->","yoast_head_json":{"title":"Des artistes pour donner une seconde vie \u00e0 nos vieux meubles","description":"Donnez une seconde vie \u00e0 vos vieux meubles en faisant appel \u00e0 un artiste ou \u00e0 un artisan. Venez vous informez ici d\u00e8s maintenant.","robots":{"index":"index","follow":"follow","max-snippet":"max-snippet:-1","max-image-preview":"max-image-preview:large","max-video-preview":"max-video-preview:-1"},"canonical":"https:\/\/www.mydemenageur.com\/blog\/les-artistes-qui-re-donne-une-seconde-vie-a-nos-vieux-meubles\/","og_locale":"fr_FR","og_type":"article","og_title":"Les artistes qui redonnent une seconde vie \u00e0 nos vieux meubles","og_description":"Donnez une seconde vie \u00e0 vos vieux meubles en faisant appel \u00e0 un artiste ou \u00e0 un artisan. Venez vous informez ici d\u00e8s maintenant.","og_url":"https:\/\/www.mydemenageur.com\/blog\/les-artistes-qui-re-donne-une-seconde-vie-a-nos-vieux-meubles\/","og_site_name":"MyDemenageur","article_publisher":"https:\/\/www.facebook.com\/mydemenageur","article_published_time":"2021-01-12T08:00:36+00:00","article_modified_time":"2022-05-03T09:51:02+00:00","og_image":[{"width":1000,"height":666,"url":"https:\/\/www.mydemenageur.com\/blog\/wp-content\/uploads\/2021\/01\/les-artistes-qui-re-donne-une-seconde-vie-a-nos-vieux-meubles.jpeg","type":"image\/jpeg"}],"author":"Mathilde","twitter_card":"summary_large_image","twitter_creator":"@mydemenageur","twitter_site":"@mydemenageur","twitter_misc":{"\u00c9crit par":"Mathilde","Dur\u00e9e de lecture estim\u00e9e":"4 minutes"},"schema":{"@context":"https:\/\/schema.org","@graph":[{"@type":"Article","@id":"https:\/\/www.mydemenageur.com\/blog\/les-artistes-qui-re-donne-une-seconde-vie-a-nos-vieux-meubles\/#article","isPartOf":{"@id":"https:\/\/www.mydemenageur.com\/blog\/les-artistes-qui-re-donne-une-seconde-vie-a-nos-vieux-meubles\/"},"author":{"name":"Mathilde","@id":"https:\/\/www.mydemenageur.com\/blog\/#\/schema\/person\/4540dc333c2e7dc790f0f7bcd5b99569"},"headline":"Les artistes qui redonnent une seconde vie \u00e0 nos vieux meubles","datePublished":"2021-01-12T08:00:36+00:00","dateModified":"2022-05-03T09:51:02+00:00","mainEntityOfPage":{"@id":"https:\/\/www.mydemenageur.com\/blog\/les-artistes-qui-re-donne-une-seconde-vie-a-nos-vieux-meubles\/"},"wordCount":893,"publisher":{"@id":"https:\/\/www.mydemenageur.com\/blog\/#organization"},"image":{"@id":"https:\/\/www.mydemenageur.com\/blog\/les-artistes-qui-re-donne-une-seconde-vie-a-nos-vieux-meubles\/#primaryimage"},"thumbnailUrl":"https:\/\/www.mydemenageur.com\/blog\/wp-content\/uploads\/2021\/01\/les-artistes-qui-re-donne-une-seconde-vie-a-nos-vieux-meubles.jpeg","keywords":["Meuble"],"articleSection":["Bricolage"],"inLanguage":"fr-FR"},{"@type":"WebPage","@id":"https:\/\/www.mydemenageur.com\/blog\/les-artistes-qui-re-donne-une-seconde-vie-a-nos-vieux-meubles\/","url":"https:\/\/www.mydemenageur.com\/blog\/les-artistes-qui-re-donne-une-seconde-vie-a-nos-vieux-meubles\/","name":"Des artistes pour donner une seconde vie \u00e0 nos vieux meubles","isPartOf":{"@id":"https:\/\/www.mydemenageur.com\/blog\/#website"},"primaryImageOfPage":{"@id":"https:\/\/www.mydemenageur.com\/blog\/les-artistes-qui-re-donne-une-seconde-vie-a-nos-vieux-meubles\/#primaryimage"},"image":{"@id":"https:\/\/www.mydemenageur.com\/blog\/les-artistes-qui-re-donne-une-seconde-vie-a-nos-vieux-meubles\/#primaryimage"},"thumbnailUrl":"https:\/\/www.mydemenageur.com\/blog\/wp-content\/uploads\/2021\/01\/les-artistes-qui-re-donne-une-seconde-vie-a-nos-vieux-meubles.jpeg","datePublished":"2021-01-12T08:00:36+00:00","dateModified":"2022-05-03T09:51:02+00:00","description":"Donnez une seconde vie \u00e0 vos vieux meubles en faisant appel \u00e0 un artiste ou \u00e0 un artisan. Venez vous informez ici d\u00e8s maintenant.","breadcrumb":{"@id":"https:\/\/www.mydemenageur.com\/blog\/les-artistes-qui-re-donne-une-seconde-vie-a-nos-vieux-meubles\/#breadcrumb"},"inLanguage":"fr-FR","potentialAction":[{"@type":"ReadAction","target":["https:\/\/www.mydemenageur.com\/blog\/les-artistes-qui-re-donne-une-seconde-vie-a-nos-vieux-meubles\/"]}]},{"@type":"ImageObject","inLanguage":"fr-FR","@id":"https:\/\/www.mydemenageur.com\/blog\/les-artistes-qui-re-donne-une-seconde-vie-a-nos-vieux-meubles\/#primaryimage","url":"https:\/\/www.mydemenageur.com\/blog\/wp-content\/uploads\/2021\/01\/les-artistes-qui-re-donne-une-seconde-vie-a-nos-vieux-meubles.jpeg","contentUrl":"https:\/\/www.mydemenageur.com\/blog\/wp-content\/uploads\/2021\/01\/les-artistes-qui-re-donne-une-seconde-vie-a-nos-vieux-meubles.jpeg","width":1000,"height":666,"caption":"Les artistes qui redonnent une seconde vie \u00e0 nos vieux meubles"},{"@type":"BreadcrumbList","@id":"https:\/\/www.mydemenageur.com\/blog\/les-artistes-qui-re-donne-une-seconde-vie-a-nos-vieux-meubles\/#breadcrumb","itemListElement":[{"@type":"ListItem","position":1,"name":"Accueil","item":"https:\/\/www.mydemenageur.com\/blog\/"},{"@type":"ListItem","position":2,"name":"Bricolage","item":"https:\/\/www.mydemenageur.com\/blog\/categorie\/bricolage\/"},{"@type":"ListItem","position":3,"name":"Les artistes qui redonnent une seconde vie \u00e0 nos vieux meubles"}]},{"@type":"WebSite","@id":"https:\/\/www.mydemenageur.com\/blog\/#website","url":"https:\/\/www.mydemenageur.com\/blog\/","name":"MyDemenageur","description":"Conseils d\u00e9m\u00e9ngement entre particuliers et d\u00e9m\u00e9nagement professionnel","publisher":{"@id":"https:\/\/www.mydemenageur.com\/blog\/#organization"},"potentialAction":[{"@type":"SearchAction","target":{"@type":"EntryPoint","urlTemplate":"https:\/\/www.mydemenageur.com\/blog\/?s={search_term_string}"},"query-input":{"@type":"PropertyValueSpecification","valueRequired":true,"valueName":"search_term_string"}}],"inLanguage":"fr-FR"},{"@type":"Organization","@id":"https:\/\/www.mydemenageur.com\/blog\/#organization","name":"MyDemenageur.com","url":"https:\/\/www.mydemenageur.com\/blog\/","logo":{"@type":"ImageObject","inLanguage":"fr-FR","@id":"https:\/\/www.mydemenageur.com\/blog\/#\/schema\/logo\/image\/","url":"https:\/\/www.mydemenageur.com\/blog\/wp-content\/uploads\/2022\/05\/MyDemenageur_Symbol.jpg","contentUrl":"https:\/\/www.mydemenageur.com\/blog\/wp-content\/uploads\/2022\/05\/MyDemenageur_Symbol.jpg","width":878,"height":877,"caption":"MyDemenageur.com"},"image":{"@id":"https:\/\/www.mydemenageur.com\/blog\/#\/schema\/logo\/image\/"},"sameAs":["https:\/\/www.facebook.com\/mydemenageur","https:\/\/x.com\/mydemenageur","https:\/\/www.pinterest.fr\/mydemenageur\/"]},{"@type":"Person","@id":"https:\/\/www.mydemenageur.com\/blog\/#\/schema\/person\/4540dc333c2e7dc790f0f7bcd5b99569","name":"Mathilde","image":{"@type":"ImageObject","inLanguage":"fr-FR","@id":"https:\/\/www.mydemenageur.com\/blog\/#\/schema\/person\/image\/","url":"https:\/\/secure.gravatar.com\/avatar\/abde069f6f70261ee6ecea93e0437d77?s=96&#038;r=g","contentUrl":"https:\/\/secure.gravatar.com\/avatar\/abde069f6f70261ee6ecea93e0437d77?s=96&#038;r=g","caption":"Mathilde"},"description":"L'harmonie des couleurs et des objets m'a toujours fascin\u00e9e, transformant chaque pi\u00e8ce en un lieu unique et agr\u00e9able \u00e0 vivre. Sur MyDemenageur, vous trouverez non seulement des inspirations personnelles, mais aussi des informations r\u00e9centes sur le monde de la d\u00e9coration, les projets de maison, le d\u00e9m\u00e9nagement et les travaux.","url":"https:\/\/www.mydemenageur.com\/blog\/author\/mathilde\/"}]}},"modified_by":"MyDemenageur","_links":{"self":[{"href":"https:\/\/www.mydemenageur.com\/blog\/wp-json\/wp\/v2\/posts\/2270"}],"collection":[{"href":"https:\/\/www.mydemenageur.com\/blog\/wp-json\/wp\/v2\/posts"}],"about":[{"href":"https:\/\/www.mydemenageur.com\/blog\/wp-json\/wp\/v2\/types\/post"}],"author":[{"embeddable":true,"href":"https:\/\/www.mydemenageur.com\/blog\/wp-json\/wp\/v2\/users\/11"}],"replies":[{"embeddable":true,"href":"https:\/\/www.mydemenageur.com\/blog\/wp-json\/wp\/v2\/comments?post=2270"}],"version-history":[{"count":0,"href":"https:\/\/www.mydemenageur.com\/blog\/wp-json\/wp\/v2\/posts\/2270\/revisions"}],"wp:featuredmedia":[{"embeddable":true,"href":"https:\/\/www.mydemenageur.com\/blog\/wp-json\/wp\/v2\/media\/21640"}],"wp:attachment":[{"href":"https:\/\/www.mydemenageur.com\/blog\/wp-json\/wp\/v2\/media?parent=2270"}],"wp:term":[{"taxonomy":"category","embeddable":true,"href":"https:\/\/www.mydemenageur.com\/blog\/wp-json\/wp\/v2\/categories?post=2270"},{"taxonomy":"post_tag","embeddable":true,"href":"https:\/\/www.mydemenageur.com\/blog\/wp-json\/wp\/v2\/tags?post=2270"}],"curies":[{"name":"wp","href":"https:\/\/api.w.org\/{rel}","templated":true}]}}