{"id":23024,"date":"2021-08-18T18:05:58","date_gmt":"2021-08-18T18:05:58","guid":{"rendered":"https:\/\/www.mydemenageur.com\/blog\/?p=23024"},"modified":"2024-09-14T21:28:41","modified_gmt":"2024-09-14T21:28:41","slug":"tout-savoir-avant-de-venir-vivre-a-limoges","status":"publish","type":"post","link":"https:\/\/www.mydemenageur.com\/blog\/tout-savoir-avant-de-venir-vivre-a-limoges\/","title":{"rendered":"Vivre \u00e0 Limoges (Haute-Vienne) : les choses \u00e0 savoir avant de s\u2019y installer"},"content":{"rendered":"<p>Limoges est une ville de 132 175 habitants situ\u00e9e en r\u00e9gion Nouvelle-Aquitaine, dans le Grand Sud-ouest de la France. Elle est la pr\u00e9fecture de la Haute-Vienne et chef-lieu de Limousin. D\u00e9couvrez notre article pour tout savoir avant de venir <a href=\"https:\/\/www.mydemenageur.com\/blog\/logement\/\">vivre \u00e0 Limoges<\/a>.<\/p>\n<div id=\"ez-toc-container\" class=\"ez-toc-v2_0_82_2 counter-hierarchy ez-toc-counter ez-toc-custom ez-toc-container-direction\">\n<div class=\"ez-toc-title-container\">\n<p class=\"ez-toc-title\" style=\"cursor:inherit\">Ce que vous allez apprendre<\/p>\n<span class=\"ez-toc-title-toggle\"><\/span><\/div>\n<nav><ul class='ez-toc-list ez-toc-list-level-1 ' ><li class='ez-toc-page-1 ez-toc-heading-level-2'><a class=\"ez-toc-link ez-toc-heading-1\" href=\"https:\/\/www.mydemenageur.com\/blog\/tout-savoir-avant-de-venir-vivre-a-limoges\/#un-demenageur-a-limoges-moins-cher\" >Un d\u00e9m\u00e9nageur \u00e0 Limoges moins cher<\/a><\/li><li class='ez-toc-page-1 ez-toc-heading-level-2'><a class=\"ez-toc-link ez-toc-heading-2\" href=\"https:\/\/www.mydemenageur.com\/blog\/tout-savoir-avant-de-venir-vivre-a-limoges\/#vivre-a-limoges-les-choses-a-savoir\" >Vivre \u00e0 Limoges, les choses \u00e0 savoir<\/a><ul class='ez-toc-list-level-3' ><li class='ez-toc-heading-level-3'><a class=\"ez-toc-link ez-toc-heading-3\" href=\"https:\/\/www.mydemenageur.com\/blog\/tout-savoir-avant-de-venir-vivre-a-limoges\/#pourquoi-vivre-a-limoges\" >Pourquoi vivre \u00e0 Limoges ?<\/a><\/li><li class='ez-toc-page-1 ez-toc-heading-level-3'><a class=\"ez-toc-link ez-toc-heading-4\" href=\"https:\/\/www.mydemenageur.com\/blog\/tout-savoir-avant-de-venir-vivre-a-limoges\/#dans-quel-quartier-fait-il-bon-vivre-a-limoges\" >Dans quel quartier fait-il bon vivre \u00e0 Limoges ?<\/a><\/li><li class='ez-toc-page-1 ez-toc-heading-level-3'><a class=\"ez-toc-link ez-toc-heading-5\" href=\"https:\/\/www.mydemenageur.com\/blog\/tout-savoir-avant-de-venir-vivre-a-limoges\/#le-centre-ville\" >Le centre-ville<\/a><\/li><li class='ez-toc-page-1 ez-toc-heading-level-3'><a class=\"ez-toc-link ez-toc-heading-6\" href=\"https:\/\/www.mydemenageur.com\/blog\/tout-savoir-avant-de-venir-vivre-a-limoges\/#les-emailleurs\" >Les Emailleurs<\/a><\/li><li class='ez-toc-page-1 ez-toc-heading-level-3'><a class=\"ez-toc-link ez-toc-heading-7\" href=\"https:\/\/www.mydemenageur.com\/blog\/tout-savoir-avant-de-venir-vivre-a-limoges\/#les-benedictins\" >Les B\u00e9n\u00e9dictins<\/a><\/li><li class='ez-toc-page-1 ez-toc-heading-level-3'><a class=\"ez-toc-link ez-toc-heading-8\" href=\"https:\/\/www.mydemenageur.com\/blog\/tout-savoir-avant-de-venir-vivre-a-limoges\/#ester-technopole\" >Ester Technopole<\/a><\/li><li class='ez-toc-page-1 ez-toc-heading-level-3'><a class=\"ez-toc-link ez-toc-heading-9\" href=\"https:\/\/www.mydemenageur.com\/blog\/tout-savoir-avant-de-venir-vivre-a-limoges\/#sainte-claire\" >Sainte-Claire<\/a><\/li><li class='ez-toc-page-1 ez-toc-heading-level-3'><a class=\"ez-toc-link ez-toc-heading-10\" href=\"https:\/\/www.mydemenageur.com\/blog\/tout-savoir-avant-de-venir-vivre-a-limoges\/#le-quartier-des-carmes\" >Le quartier des Carmes<\/a><\/li><\/ul><\/li><li class='ez-toc-page-1 ez-toc-heading-level-2'><a class=\"ez-toc-link ez-toc-heading-11\" href=\"https:\/\/www.mydemenageur.com\/blog\/tout-savoir-avant-de-venir-vivre-a-limoges\/#que-visiter-a-limoges\" >Que visiter \u00e0 Limoges ?<\/a><ul class='ez-toc-list-level-3' ><li class='ez-toc-heading-level-3'><a class=\"ez-toc-link ez-toc-heading-12\" href=\"https:\/\/www.mydemenageur.com\/blog\/tout-savoir-avant-de-venir-vivre-a-limoges\/#gare-de-limoges-benedictins\" >Gare de Limoges B\u00e9n\u00e9dictins<\/a><\/li><li class='ez-toc-page-1 ez-toc-heading-level-3'><a class=\"ez-toc-link ez-toc-heading-13\" href=\"https:\/\/www.mydemenageur.com\/blog\/tout-savoir-avant-de-venir-vivre-a-limoges\/#le-musee-adrien-dubouche\" >Le mus\u00e9e Adrien Dubouch\u00e9<\/a><\/li><li class='ez-toc-page-1 ez-toc-heading-level-3'><a class=\"ez-toc-link ez-toc-heading-14\" href=\"https:\/\/www.mydemenageur.com\/blog\/tout-savoir-avant-de-venir-vivre-a-limoges\/#les-jardins-de-leveche\" >Les jardins de l\u2019Ev\u00each\u00e9<\/a><\/li><li class='ez-toc-page-1 ez-toc-heading-level-3'><a class=\"ez-toc-link ez-toc-heading-15\" href=\"https:\/\/www.mydemenageur.com\/blog\/tout-savoir-avant-de-venir-vivre-a-limoges\/#les-ponts-saint-etienne-et-saint-martial\" >Les ponts Saint-Etienne et Saint-Martial<\/a><\/li><li class='ez-toc-page-1 ez-toc-heading-level-3'><a class=\"ez-toc-link ez-toc-heading-16\" href=\"https:\/\/www.mydemenageur.com\/blog\/tout-savoir-avant-de-venir-vivre-a-limoges\/#la-cathedrale-saint-etienne\" >La cath\u00e9drale Saint-Etienne<\/a><\/li><li class='ez-toc-page-1 ez-toc-heading-level-3'><a class=\"ez-toc-link ez-toc-heading-17\" href=\"https:\/\/www.mydemenageur.com\/blog\/tout-savoir-avant-de-venir-vivre-a-limoges\/#le-musee-des-beaux-arts\" >Le mus\u00e9e des Beaux-Arts<\/a><\/li><li class='ez-toc-page-1 ez-toc-heading-level-3'><a class=\"ez-toc-link ez-toc-heading-18\" href=\"https:\/\/www.mydemenageur.com\/blog\/tout-savoir-avant-de-venir-vivre-a-limoges\/#le-quartier-de-la-boucherie\" >Le quartier de la Boucherie<\/a><\/li><\/ul><\/li><li class='ez-toc-page-1 ez-toc-heading-level-2'><a class=\"ez-toc-link ez-toc-heading-19\" href=\"https:\/\/www.mydemenageur.com\/blog\/tout-savoir-avant-de-venir-vivre-a-limoges\/#le-cout-de-la-vie-a-limoges\" >Le co\u00fbt de la vie \u00e0 Limoges<\/a><\/li><li class='ez-toc-page-1 ez-toc-heading-level-2'><a class=\"ez-toc-link ez-toc-heading-20\" href=\"https:\/\/www.mydemenageur.com\/blog\/tout-savoir-avant-de-venir-vivre-a-limoges\/#avis-de-la-redaction\" >Avis de la r\u00e9daction<\/a><ul class='ez-toc-list-level-3' ><li class='ez-toc-heading-level-3'><a class=\"ez-toc-link ez-toc-heading-21\" href=\"https:\/\/www.mydemenageur.com\/blog\/tout-savoir-avant-de-venir-vivre-a-limoges\/#le-guide-pratique-pour-demenager-a-limoges\" >Le guide pratique pour d\u00e9m\u00e9nager \u00e0 Limoges<\/a><\/li><\/ul><\/li><li class='ez-toc-page-1 ez-toc-heading-level-2'><a class=\"ez-toc-link ez-toc-heading-22\" href=\"https:\/\/www.mydemenageur.com\/blog\/tout-savoir-avant-de-venir-vivre-a-limoges\/#conclusion\" >Conclusion<\/a><ul class='ez-toc-list-level-4' ><li class='ez-toc-heading-level-4'><ul class='ez-toc-list-level-4' ><li class='ez-toc-heading-level-4'><a class=\"ez-toc-link ez-toc-heading-23\" href=\"https:\/\/www.mydemenageur.com\/blog\/tout-savoir-avant-de-venir-vivre-a-limoges\/#informations-pratiques-sur-la-ville\" >Informations pratiques sur la ville :<\/a><\/li><\/ul><\/li><\/ul><\/li><\/ul><\/nav><\/div>\n<h2><span class=\"ez-toc-section\" id=\"un-demenageur-a-limoges-moins-cher\"><\/span>Un d\u00e9m\u00e9nageur \u00e0 Limoges moins cher<span class=\"ez-toc-section-end\"><\/span><\/h2>\n<p>L\u2019entreprise Mydemenageur est \u00e0 votre service pour prendre en charge le d\u00e9placement de vos meubles et de vos bagages en vue d\u2019un d\u00e9m\u00e9nagement \u00e0 Limoges. Elle dispose de <a href=\"https:\/\/www.mydemenageur.com\/aide-demenagement\/annuaire\/demenageur\/limoges\">d\u00e9m\u00e9nageur \u00e0 Limoges<\/a>, de gros bras et de pros capables de garantir des services de qualit\u00e9, pour un d\u00e9m\u00e9nagement particulier ou d\u2019entreprise. Les tarifs propos\u00e9s par Mydemenageur sont extr\u00eamement comp\u00e9titifs.<\/p>\n<h2><span class=\"ez-toc-section\" id=\"vivre-a-limoges-les-choses-a-savoir\"><\/span>Vivre \u00e0 Limoges, les choses \u00e0 savoir<span class=\"ez-toc-section-end\"><\/span><\/h2>\n<p>Limoges est une ville r\u00e9put\u00e9e pour ses maisons \u00e0 colombage, ses mus\u00e9es, ses \u00e9difices historiques et pour sa porcelaine d\u00e9cor\u00e9e. On peut y visiter la gare des B\u00e9n\u00e9dictins ou le mus\u00e9e national Adrien Dubouch\u00e9.<\/p>\n<p><img decoding=\"async\" class=\"alignnone size-full wp-image-24198\" src=\"https:\/\/www.mydemenageur.com\/blog\/wp-content\/uploads\/2021\/08\/vivre-limoges.jpg\" alt=\"vivre limoges\" width=\"1280\" height=\"560\" srcset=\"https:\/\/www.mydemenageur.com\/blog\/wp-content\/uploads\/2021\/08\/vivre-limoges.jpg 1280w, https:\/\/www.mydemenageur.com\/blog\/wp-content\/uploads\/2021\/08\/vivre-limoges-300x131.jpg 300w, https:\/\/www.mydemenageur.com\/blog\/wp-content\/uploads\/2021\/08\/vivre-limoges-1200x525.jpg 1200w, https:\/\/www.mydemenageur.com\/blog\/wp-content\/uploads\/2021\/08\/vivre-limoges-768x336.jpg 768w\" sizes=\"(max-width: 1280px) 100vw, 1280px\" \/><\/p>\n<h3><span class=\"ez-toc-section\" id=\"pourquoi-vivre-a-limoges\"><\/span>Pourquoi vivre \u00e0 Limoges ?<span class=\"ez-toc-section-end\"><\/span><\/h3>\n<p>Limoges est une ville qui se distingue avant tout par le calme et la s\u00e9curit\u00e9 qui y r\u00e8gne. Avec une faible densit\u00e9 d\u2019\u00e0 peine 1685 habitants par kilom\u00e8tre carr\u00e9, la cit\u00e9 respire contrairement \u00e0 certaines m\u00e9tropoles comme Lyon o\u00f9 ce chiffre exc\u00e8de les 10 000 personnes par km2. Limoges affiche par ailleurs un taux de criminalit\u00e9 des plus faibles, on s\u2019y sent en excellente s\u00e9curit\u00e9.<\/p>\n<p>De taille humaine, cette agglom\u00e9ration est parfaite pour ceux qui souhaitent se retirer des tumultueuses m\u00e9tropoles, tr\u00e8s anxiog\u00e8nes et d\u00e9primantes, tout en b\u00e9n\u00e9ficiant d\u2019un milieu urbain.<\/p>\n<p>Se promener dans la gare des B\u00e9n\u00e9dictins est un moment de d\u00e9tente, et permet de d\u00e9couvrir de magnifiques architectures. Cette construction qui d\u00e9voile un m\u00e9lange de plusieurs styles architecturaux est pris\u00e9e pour son campanile et sa coupole.<\/p>\n<p>Une promenade dans le quartier de la boucherie vous plonge dans le Moyen-\u00c2ge, gr\u00e2ce aux rues et aux fa\u00e7ades \u00e0 colombages de cet endroit. Ce lieu renferme aussi la chapelle Saint-Aur\u00e9lien qui honore le patron des bouchers.<\/p>\n<p>La cath\u00e9drale Saint-\u00c9tienne et jardins de l&rsquo;\u00c9v\u00each\u00e9 est un \u00e9difice religieux de style gothique construit pendant 600 ans. Situ\u00e9 au centre du quartier historique, ce b\u00e2timent se trouve \u00e0 proximit\u00e9 des jardins de l\u2019\u00c9v\u00each\u00e9, un espace vert qui pr\u00e9sente diff\u00e9rents styles de jardins.<\/p>\n<p>Tous ces monuments et \u00e9difices t\u00e9moignent du patrimoine culturel de la ville, si bien qu\u2019elle fut class\u00e9e dans le r\u00e9seau national parmi les 181 villes d\u2019art et d\u2019histoire, pr\u00e9cieux label propre aux villes historiques.<\/p>\n<p>Le modeste nombre d\u2019habitants pr\u00e9sents au sein de Limoges pr\u00e9sente d\u2019autres avantages que le calme et la s\u00e9curit\u00e9; en effet, les prix de l\u2019immobilier y sont par exemple \u00e9tonnamment bas. Idem pour le taux de ch\u00f4mage, les entreprises n\u2019ayant pas de peine \u00e0 embaucher un si petit nombre.<\/p>\n<h3><span class=\"ez-toc-section\" id=\"dans-quel-quartier-fait-il-bon-vivre-a-limoges\"><\/span>Dans quel quartier fait-il bon vivre \u00e0 Limoges ?<span class=\"ez-toc-section-end\"><\/span><\/h3>\n<p>Les quartiers de Limoges disposent chacun de leurs propres caract\u00e9ristiques. Toutefois, il existe des secteurs \u00e0 privil\u00e9gier si vous souhaitez bien vivre \u00e0 Limoges, qu\u2019il faudra s\u00e9lectionner selon vos besoins et vos moyens. Nous vous pr\u00e9sentons ici les quartiers les plus c\u00e9l\u00e8bres de la ville.<\/p>\n<h3><span class=\"ez-toc-section\" id=\"le-centre-ville\"><\/span>Le centre-ville<span class=\"ez-toc-section-end\"><\/span><\/h3>\n<p>Le centre-ville de Limoges est compos\u00e9 des quartiers de la Cit\u00e9, le Ch\u00e2teau, de la gare et de place Carnot. Cet endroit renferme de rues pi\u00e9tonnes, de commerces, restaurants, th\u00e9\u00e2tres et un riche patrimoine architectural. Ici, la population est h\u00e9t\u00e9rog\u00e8ne, on y trouve des familles, des couples, des \u00e9tudiants et des retrait\u00e9s. C\u2019est logiquement le quartier le plus attractif, mais aussi le plus on\u00e9reux, notamment du point de vue des prix de l\u2019immobilier.<\/p>\n<h3><span class=\"ez-toc-section\" id=\"les-emailleurs\"><\/span>Les Emailleurs<span class=\"ez-toc-section-end\"><\/span><\/h3>\n<p>Le quartier des \u00c9mailleurs est le quartier r\u00e9sidentiel de la commune. Il d\u00e9voile une grande animation et est habit\u00e9 \u00e0 68% par des locataires. On y trouve notamment une forte densit\u00e9 de commerces.<\/p>\n<h3><span class=\"ez-toc-section\" id=\"les-benedictins\"><\/span>Les B\u00e9n\u00e9dictins<span class=\"ez-toc-section-end\"><\/span><\/h3>\n<p>Le quartier des B\u00e9n\u00e9dictins \u2013 Montplaisir se trouve \u00e0 l\u2019est de la ville. Calme, ce lieu est d\u00e9di\u00e9 aux personnes \u00e0 la recherche de tranquillit\u00e9, notamment les familles. La majeure partie de la population qui s\u2019y trouve sont des locataires.<\/p>\n<h3><span class=\"ez-toc-section\" id=\"ester-technopole\"><\/span>Ester Technopole<span class=\"ez-toc-section-end\"><\/span><\/h3>\n<p>Ce quartier se situe au nord est du centre-ville, un peu en p\u00e9riph\u00e9rie. Il est \u00e0 proximit\u00e9 de la gare et dispose d\u2019un grand parc de plus de 250 hectares. D\u2019ailleurs, il se distingue en particulier par les nombreux espaces verts qu\u2019il abrite. Les habitants r\u00e9sident principalement dans des b\u00e2timents publics et universitaires. Parmi la population, on trouve pas moins de 34 000 salari\u00e9s.<\/p>\n<h3><span class=\"ez-toc-section\" id=\"sainte-claire\"><\/span>Sainte-Claire<span class=\"ez-toc-section-end\"><\/span><\/h3>\n<p>Direction l\u2019ouest de la ville o\u00f9 se trouve ce secteur non loin des facult\u00e9s de m\u00e9decine et de lettres. \u00c9galement \u00e0 proximit\u00e9 du CHU de la ville, ce quartier est une zone hospitali\u00e8re o\u00f9 plus de 10 000 personnes sont employ\u00e9es. Sainte-Claire est \u00e9galement compos\u00e9e d\u2019une grande population \u00e9tudiante.<\/p>\n<h3><span class=\"ez-toc-section\" id=\"le-quartier-des-carmes\"><\/span>Le quartier des Carmes<span class=\"ez-toc-section-end\"><\/span><\/h3>\n<p>C\u2019est un quartier bourgeois abritant beaucoup de jolies maisons. Il est riche en jardins et autres espaces verts, ainsi qu\u2019en \u00e9tablissements scolaires, notamment des lyc\u00e9es. Il s\u2019agit d\u2019un secteur tr\u00e8s vivant, dans lequel il est possible de faire son march\u00e9 dans la douce et charmante place des Carmes. Les prix de l\u2019immobilier y sont les plus \u00e9lev\u00e9s de la ville apr\u00e8s l\u2019hyper centre.<\/p>\n<p><a href=\"https:\/\/youtube.com\/shorts\/kwLoCbFmr_4?feature=share\">https:\/\/youtube.com\/shorts\/kwLoCbFmr_4?feature=share<\/a><\/p>\n<h2><span class=\"ez-toc-section\" id=\"que-visiter-a-limoges\"><\/span>Que visiter \u00e0 Limoges ?<span class=\"ez-toc-section-end\"><\/span><\/h2>\n<p>Afin de d\u00e9couvrir l\u2019identit\u00e9 de la ville rouge, il est int\u00e9ressant de d\u00e9couvrir quelques-uns des lieux et monuments qui forment son patrimoine historique et culturel. Les endroits suivants vous permettront de mieux conna\u00eetre Limoges.<\/p>\n<h3><span class=\"ez-toc-section\" id=\"gare-de-limoges-benedictins\"><\/span>Gare de Limoges B\u00e9n\u00e9dictins<span class=\"ez-toc-section-end\"><\/span><\/h3>\n<p>Le moins que l\u2019on puisse dire, c\u2019est que la gare de Limoges n\u2019est pas comme les autres. En descendant du train, on peut admirer la magnificence de son architecture, avec sa majestueuse coupole et son campanile qui domine les lieux. Les nombreux vitraux permettent un \u00e9clairage de fond en comble de ce somptueux b\u00e2timent dont l\u2019inauguration remonte \u00e0 1929. L\u2019\u00e9difice fut introduit \u00e0 la liste de Monuments Historiques de France en 1975, sous la pr\u00e9sidence de Val\u00e9ry Giscard d\u2019Estaing.<\/p>\n<h3><span class=\"ez-toc-section\" id=\"le-musee-adrien-dubouche\"><\/span>Le mus\u00e9e Adrien Dubouch\u00e9<span class=\"ez-toc-section-end\"><\/span><\/h3>\n<p>Limoges, c\u2019est un grand savoir-faire dans le domaine de la porcelaine. Le mus\u00e9e Adrien Dubouch\u00e9 promeut \u00e0 l\u2019\u00e9chelle internationale l\u2019histoire de la c\u00e9ramique et de son utilisation par l\u2019humain, de l\u2019Antiquit\u00e9 jusqu\u2019\u00e0 nos jours. A travers les plus de 5000 pi\u00e8ces expos\u00e9es, vous y d\u00e9couvrirez son \u00e9volution \u00e0 travers les si\u00e8cles. Associ\u00e9 depuis 2012 au mus\u00e9e de S\u00e8vres, ils forment \u00e0 deux la Cit\u00e9 de la C\u00e9ramique, o\u00f9 sont r\u00e9guli\u00e8rement expos\u00e9es de nouvelles pi\u00e8ces.<\/p>\n<h3><span class=\"ez-toc-section\" id=\"les-jardins-de-leveche\"><\/span>Les jardins de l\u2019Ev\u00each\u00e9<span class=\"ez-toc-section-end\"><\/span><\/h3>\n<p>La ville de Limoges est, comme nous l\u2019avons dit, une r\u00e9gion riche en espaces verts, et les jardins de l\u2019Ev\u00each\u00e9 en sont le symbole. Surplombant la Vienne, cette surface de verdure admirablement dessin\u00e9e et entretenue, ne cesse d\u2019impressionner les visiteurs, avec ses nombreuses all\u00e9es aux bords desquelles se diss\u00e9minent plus de 3000 plantes. L\u2019architecture et la coupe parfaite de la verdure constituent un v\u00e9ritable vestige o\u00f9 l\u2019on peut fl\u00e2ner, mais aussi en apprendre plus sur les plantes et leurs vertus, ainsi que sur l\u2019\u00e9cologie. Inaugur\u00e9 en 1956, ce parc est accessible gratuitement tout au long de l\u2019ann\u00e9e, entre 8h et 21h.<\/p>\n<h3><span class=\"ez-toc-section\" id=\"les-ponts-saint-etienne-et-saint-martial\"><\/span>Les ponts Saint-Etienne et Saint-Martial<span class=\"ez-toc-section-end\"><\/span><\/h3>\n<p>C\u2019est l\u2019histoire de deux ponts m\u00e9di\u00e9vaux joignant les deux bords de la Vienne, et qui se c\u00f4toient depuis maintenant huit si\u00e8cles. Class\u00e9s monuments historiques depuis le tout d\u00e9but du 19 \u00e8me si\u00e8cle, une promenade en traversant ces ponts joliment construits vous permet de vous lib\u00e9rer l\u2019esprit, en laissant votre regard se perdre dans les eaux de la Vienne ou dans la flore avoisinante. Le pont Saint-Etienne est aujourd\u2019hui devenu enti\u00e8rement pi\u00e9ton.<\/p>\n<h3><span class=\"ez-toc-section\" id=\"la-cathedrale-saint-etienne\"><\/span>La cath\u00e9drale Saint-Etienne<span class=\"ez-toc-section-end\"><\/span><\/h3>\n<p>En France, un \u00e9difice religieux catholique a toujours une longue histoire derri\u00e8re lui. La cath\u00e9drale Saint-Etienne de Limoges fut b\u00e2tie sur l\u2019immense p\u00e9riode de six si\u00e8cles, entre le 13 \u00e8me et le 19 \u00e8me. Lorsque l\u2019on remonte les bords de la Vienne pour lui rendre visite, on comprend pourquoi sa construction fut si longue. Cet \u00e9difice de style gothique, domin\u00e9 par une majestueuse nef, est tout simplement un bijou d\u2019une rare beaut\u00e9.<\/p>\n<h3><span class=\"ez-toc-section\" id=\"le-musee-des-beaux-arts\"><\/span>Le mus\u00e9e des Beaux-Arts<span class=\"ez-toc-section-end\"><\/span><\/h3>\n<p>\u00c9galement d\u00e9sign\u00e9 sous l\u2019appellation de mus\u00e9e de l\u2019Ev\u00each\u00e9 en raison de sa proximit\u00e9 avec les jardins qui portent le m\u00eame nom, le mus\u00e9e des Beaux-Arts de Limoges abrite l\u2019ancien palais episcopal. Le contenu de ce mus\u00e9e nous raconte, \u00e0 travers fresques, peintures et sculptures, l\u2019histoire de Limoges. Des expositions spectaculaires dans un \u00e9tablissement charmant et attractif, qui comporte \u00e9galement quelques antiquit\u00e9s \u00e9gyptiennes.<\/p>\n<h3><span class=\"ez-toc-section\" id=\"le-quartier-de-la-boucherie\"><\/span>Le quartier de la Boucherie<span class=\"ez-toc-section-end\"><\/span><\/h3>\n<p>Vous \u00eates un grand consommateur de viande ? Ce quartier sera pour vous un jardin d\u2019Eden. Partez \u00e0 la d\u00e9couverte de la gastronomie limousine dans ses nombreux commerces, principalement compos\u00e9s de bouchers ! A chaque troisi\u00e8me vendredi du mois d\u2019octobre se tient la frairie des petits ventres dans ce secteur, une f\u00eate gastronomique o\u00f9 l\u2019on d\u00e9couvre \u00e0 chaque fois de d\u00e9licieuses recettes locales. Cet \u00e9v\u00e9nement, pr\u00e9sent depuis plus de 40 ans, fait le bonheur des papilles gustatives limougeaudes chaque ann\u00e9e.<\/p>\n<p>En dehors de cet \u00e9v\u00e8nement, rendez-vous place de la Motte ou encore \u00e0 la chapelle Saint-Aur\u00e9lien, o\u00f9 l\u2019on trouve la cr\u00e8me des bouchers de la ville.<\/p>\n<h2><span class=\"ez-toc-section\" id=\"le-cout-de-la-vie-a-limoges\"><\/span>Le co\u00fbt de la vie \u00e0 Limoges<span class=\"ez-toc-section-end\"><\/span><\/h2>\n<p>Limoges \u00e9tant une petite ville, on peut facilement en d\u00e9duire que le co\u00fbt de la vie devrait y \u00eatre moins \u00e9lev\u00e9 que dans le reste de la France. En effet, des statistiques stipulent que la vie \u00e0 Limoges serait inf\u00e9rieur \u00e0 la moyenne nationale de 11 %, et de 35 % pour les prix de l\u2019immobilier, diff\u00e9rence consid\u00e9rable.<\/p>\n<p><img decoding=\"async\" class=\"alignnone size-full wp-image-24199\" src=\"https:\/\/www.mydemenageur.com\/blog\/wp-content\/uploads\/2021\/08\/la-cathedrale-saint-etienne-de-limoges.jpg\" alt=\"cathedrale saint etienne limoges\" width=\"1280\" height=\"848\" srcset=\"https:\/\/www.mydemenageur.com\/blog\/wp-content\/uploads\/2021\/08\/la-cathedrale-saint-etienne-de-limoges.jpg 1280w, https:\/\/www.mydemenageur.com\/blog\/wp-content\/uploads\/2021\/08\/la-cathedrale-saint-etienne-de-limoges-300x199.jpg 300w, https:\/\/www.mydemenageur.com\/blog\/wp-content\/uploads\/2021\/08\/la-cathedrale-saint-etienne-de-limoges-1024x678.jpg 1024w, https:\/\/www.mydemenageur.com\/blog\/wp-content\/uploads\/2021\/08\/la-cathedrale-saint-etienne-de-limoges-768x509.jpg 768w\" sizes=\"(max-width: 1280px) 100vw, 1280px\" \/><\/p>\n<p>Pour conna\u00eetre les d\u00e9penses plus en d\u00e9tail et leur comparatif avec la moyenne en France, vous pouvez consulter le tableau suivant.<\/p>\n<table>\n<tbody>\n<tr>\n<td><\/td>\n<td>Limoges<\/td>\n<td>France<\/td>\n<\/tr>\n<tr>\n<td>Location en centre-ville<\/td>\n<td>667<\/td>\n<td>1241<\/td>\n<\/tr>\n<tr>\n<td>Location hors centre-ville<\/td>\n<td>584<\/td>\n<td>960<\/td>\n<\/tr>\n<tr>\n<td>Prix m2 centre-ville<\/td>\n<td>2100<\/td>\n<td>5088<\/td>\n<\/tr>\n<tr>\n<td>Prix m2 hors centre-ville<\/td>\n<td>1400<\/td>\n<td>3715<\/td>\n<\/tr>\n<tr>\n<td>D\u00eener restaurant (par personne)<\/td>\n<td>20<\/td>\n<td>25<\/td>\n<\/tr>\n<tr>\n<td>Essence (litre)<\/td>\n<td>1,5<\/td>\n<td>1,47<\/td>\n<\/tr>\n<tr>\n<td>Prise en charge taxi<\/td>\n<td>2<\/td>\n<td>2,6<\/td>\n<\/tr>\n<tr>\n<td>Ticket de cin\u00e9ma<\/td>\n<td>10<\/td>\n<td>10<\/td>\n<\/tr>\n<tr>\n<td>Salaire net<\/td>\n<td>2089<\/td>\n<td>2448<\/td>\n<\/tr>\n<\/tbody>\n<\/table>\n<h2><span class=\"ez-toc-section\" id=\"avis-de-la-redaction\"><\/span>Avis de la r\u00e9daction<span class=\"ez-toc-section-end\"><\/span><\/h2>\n<p>Limoges se pr\u00e9sente clairement comme une ville id\u00e9ale pour ceux qui souhaitent avoir une vie simple mais conviviale, aux antipodes de l\u2019anxi\u00e9t\u00e9 des grandes villes. Son faible nombre d&rsquo;habitants, sa petite surface en font un lieu charmant, calme et tranquille. S\u00e9curit\u00e9 et plein emploi sont \u00e9galement des garanties propos\u00e9es par la ville.<\/p>\n<p>L\u2019activit\u00e9 culturelle et les animations y sont n\u00e9anmoins peu pr\u00e9sentes, la ville rouge ne conviendrait certainement pas aux f\u00eatards et ceux qui aiment les grands mouvements.<\/p>\n<h3><span class=\"ez-toc-section\" id=\"le-guide-pratique-pour-demenager-a-limoges\"><\/span>Le guide pratique pour d\u00e9m\u00e9nager \u00e0 Limoges<span class=\"ez-toc-section-end\"><\/span><\/h3>\n<p>Vous voulez vous installer \u00e0 Limoges et vous \u00eates \u00e0 la recherche d\u2019un d\u00e9m\u00e9nageur pour vous aider. Vous avez le choix entre contacter des gros bras ou avoir recours aux services des professionnels.<\/p>\n<p>Les avantages des gros bras pour le d\u00e9m\u00e9nagement :<\/p>\n<ul>\n<li>Ils proposent des prix tr\u00e8s attractifs<\/li>\n<li>Ils sont accueillants et permettent de se faire de nouveaux amis<\/li>\n<li>Les gros bras n\u2019interviennent que lorsque vous leur demandez. Vous n\u2019avez donc pas pression pour d\u00e9m\u00e9nager<\/li>\n<\/ul>\n<p>Les avantages des d\u00e9m\u00e9nageurs professionnels :<\/p>\n<ul>\n<li>Vous b\u00e9n\u00e9ficiez des services des agents qualifi\u00e9s et exp\u00e9riment\u00e9s pour le conditionnement, le rangement et le transport de vos affaires<\/li>\n<li>Les services sont rapides et fiables<\/li>\n<li>Vous b\u00e9n\u00e9ficiez d\u2019un d\u00e9dommagement en cas de casse<\/li>\n<\/ul>\n<h2><span class=\"ez-toc-section\" id=\"conclusion\"><\/span>Conclusion<span class=\"ez-toc-section-end\"><\/span><\/h2>\n<p>Les informations recueillies au sujet de Limoges devraient vous donner une id\u00e9e du cadre de vie que la ville a \u00e0 offrir. Vous connaissez les atouts de la ville, les activit\u00e9s \u00e0 y faire, ainsi que le calme et la s\u00e9curit\u00e9 qui la caract\u00e9risent. Si vous d\u00e9cidez de vous y installer, vous pouvez choisir parmi les quartiers que nous vous avons recommand\u00e9s.<\/p>\n<p>Les \u00e9quipes de gros bras et de pros de l\u2019entreprise Mydemenageur se feront une joie de transporter vos meubles depuis votre position jusqu\u2019\u00e0 Limoges en toute s\u00e9curit\u00e9. Les demandes de devis sont trait\u00e9es sous un d\u00e9lai de 24 heures au maximum.<\/p>\n<h4><span class=\"ez-toc-section\" id=\"informations-pratiques-sur-la-ville\"><\/span>Informations pratiques sur la ville :<span class=\"ez-toc-section-end\"><\/span><\/h4>\n<p>Mairie :<\/p>\n<ul>\n<li>Adresse : 9, place L\u00e9on-Betoulle, 87031 Limoges Cedex 1 \u00a0 Contacts : \u00a0 T\u00e9l : 05 55 45 60 00\u00a0 \u00a0 \u00a0 \u00a0 \u00a0 \u00a0 \u00a0 \u00a0 \u00a0 \u00a0 \u00a0 \u00a0 \u00a0 \u00a0 Fax : 05 55 32 11 87<\/li>\n<li>E-mail : lemaire@ville-limoges.fr<\/li>\n<li>Site Web : http:\/\/www.ville-limoges.fr<\/li>\n<li>Horaire\u00a0 : lundi au vendredi : de 08h30 \u00e0 12h30 et de 13h30 \u00e0 17h00, samedi : de 09h00 \u00e0 12h00<\/li>\n<\/ul>\n<p>CHU<\/p>\n<ul>\n<li>Adresse : 2 Avenue Martin Luther King, 87000 Limoges<\/li>\n<li>Tel : 05 55 05 55 55<\/li>\n<\/ul>\n<p>Commissariat central<\/p>\n<ul>\n<li>Adresse : 84 Avenue Emile Labussi\u00e8re, 87100 Limoges, France<\/li>\n<li>T\u00e9l. : 05 55 14 30 00<\/li>\n<\/ul>\n","protected":false},"excerpt":{"rendered":"<p>Limoges est une ville de 132 175 habitants situ\u00e9e en r\u00e9gion Nouvelle-Aquitaine, dans le Grand Sud-ouest de la France. Elle<\/p>\n","protected":false},"author":11,"featured_media":24199,"comment_status":"closed","ping_status":"closed","sticky":false,"template":"","format":"standard","meta":{"_lmt_disableupdate":"no","_lmt_disable":"no","footnotes":""},"categories":[102],"tags":[],"yoast_head":"<!-- This site is optimized with the Yoast SEO Premium plugin v24.2 (Yoast SEO v24.5) - https:\/\/yoast.com\/wordpress\/plugins\/seo\/ -->\n<title>Vivre \u00e0 Limoges : Tout savoir avant de s\u2019y installer<\/title>\n<meta name=\"description\" content=\"Avant de venir vivre \u00e0 Limoges, d\u00e9couvrez tout sur une petite ville du d\u00e9partement de la Haute-Vienne, en r\u00e9gion de Nouvelle Aquitaine.\" \/>\n<meta name=\"robots\" content=\"index, follow, max-snippet:-1, max-image-preview:large, max-video-preview:-1\" \/>\n<link rel=\"canonical\" href=\"https:\/\/www.mydemenageur.com\/blog\/tout-savoir-avant-de-venir-vivre-a-limoges\/\" \/>\n<meta property=\"og:locale\" content=\"fr_FR\" \/>\n<meta property=\"og:type\" content=\"article\" \/>\n<meta property=\"og:title\" content=\"Vivre \u00e0 Limoges (Haute-Vienne) : les choses \u00e0 savoir avant de s\u2019y installer\" \/>\n<meta property=\"og:description\" content=\"Avant de venir vivre \u00e0 Limoges, d\u00e9couvrez tout sur une petite ville du d\u00e9partement de la Haute-Vienne, en r\u00e9gion de Nouvelle Aquitaine.\" \/>\n<meta property=\"og:url\" content=\"https:\/\/www.mydemenageur.com\/blog\/tout-savoir-avant-de-venir-vivre-a-limoges\/\" \/>\n<meta property=\"og:site_name\" content=\"MyDemenageur\" \/>\n<meta property=\"article:publisher\" content=\"https:\/\/www.facebook.com\/mydemenageur\" \/>\n<meta property=\"article:published_time\" content=\"2021-08-18T18:05:58+00:00\" \/>\n<meta property=\"article:modified_time\" content=\"2024-09-14T21:28:41+00:00\" \/>\n<meta property=\"og:image\" content=\"https:\/\/www.mydemenageur.com\/blog\/wp-content\/uploads\/2021\/08\/la-cathedrale-saint-etienne-de-limoges.jpg\" \/>\n\t<meta property=\"og:image:width\" content=\"1280\" \/>\n\t<meta property=\"og:image:height\" content=\"848\" \/>\n\t<meta property=\"og:image:type\" content=\"image\/jpeg\" \/>\n<meta name=\"author\" content=\"Mathilde\" \/>\n<meta name=\"twitter:card\" content=\"summary_large_image\" \/>\n<meta name=\"twitter:creator\" content=\"@mydemenageur\" \/>\n<meta name=\"twitter:site\" content=\"@mydemenageur\" \/>\n<meta name=\"twitter:label1\" content=\"\u00c9crit par\" \/>\n\t<meta name=\"twitter:data1\" content=\"Mathilde\" \/>\n\t<meta name=\"twitter:label2\" content=\"Dur\u00e9e de lecture estim\u00e9e\" \/>\n\t<meta name=\"twitter:data2\" content=\"11 minutes\" \/>\n<script type=\"application\/ld+json\" class=\"yoast-schema-graph\">{\"@context\":\"https:\/\/schema.org\",\"@graph\":[{\"@type\":\"Article\",\"@id\":\"https:\/\/www.mydemenageur.com\/blog\/tout-savoir-avant-de-venir-vivre-a-limoges\/#article\",\"isPartOf\":{\"@id\":\"https:\/\/www.mydemenageur.com\/blog\/tout-savoir-avant-de-venir-vivre-a-limoges\/\"},\"author\":{\"name\":\"Mathilde\",\"@id\":\"https:\/\/www.mydemenageur.com\/blog\/#\/schema\/person\/4540dc333c2e7dc790f0f7bcd5b99569\"},\"headline\":\"Vivre \u00e0 Limoges (Haute-Vienne) : les choses \u00e0 savoir avant de s\u2019y installer\",\"datePublished\":\"2021-08-18T18:05:58+00:00\",\"dateModified\":\"2024-09-14T21:28:41+00:00\",\"mainEntityOfPage\":{\"@id\":\"https:\/\/www.mydemenageur.com\/blog\/tout-savoir-avant-de-venir-vivre-a-limoges\/\"},\"wordCount\":2179,\"publisher\":{\"@id\":\"https:\/\/www.mydemenageur.com\/blog\/#organization\"},\"image\":{\"@id\":\"https:\/\/www.mydemenageur.com\/blog\/tout-savoir-avant-de-venir-vivre-a-limoges\/#primaryimage\"},\"thumbnailUrl\":\"https:\/\/www.mydemenageur.com\/blog\/wp-content\/uploads\/2021\/08\/la-cathedrale-saint-etienne-de-limoges.jpg\",\"articleSection\":[\"Logement\"],\"inLanguage\":\"fr-FR\"},{\"@type\":\"WebPage\",\"@id\":\"https:\/\/www.mydemenageur.com\/blog\/tout-savoir-avant-de-venir-vivre-a-limoges\/\",\"url\":\"https:\/\/www.mydemenageur.com\/blog\/tout-savoir-avant-de-venir-vivre-a-limoges\/\",\"name\":\"Vivre \u00e0 Limoges : Tout savoir avant de s\u2019y installer\",\"isPartOf\":{\"@id\":\"https:\/\/www.mydemenageur.com\/blog\/#website\"},\"primaryImageOfPage\":{\"@id\":\"https:\/\/www.mydemenageur.com\/blog\/tout-savoir-avant-de-venir-vivre-a-limoges\/#primaryimage\"},\"image\":{\"@id\":\"https:\/\/www.mydemenageur.com\/blog\/tout-savoir-avant-de-venir-vivre-a-limoges\/#primaryimage\"},\"thumbnailUrl\":\"https:\/\/www.mydemenageur.com\/blog\/wp-content\/uploads\/2021\/08\/la-cathedrale-saint-etienne-de-limoges.jpg\",\"datePublished\":\"2021-08-18T18:05:58+00:00\",\"dateModified\":\"2024-09-14T21:28:41+00:00\",\"description\":\"Avant de venir vivre \u00e0 Limoges, d\u00e9couvrez tout sur une petite ville du d\u00e9partement de la Haute-Vienne, en r\u00e9gion de Nouvelle Aquitaine.\",\"breadcrumb\":{\"@id\":\"https:\/\/www.mydemenageur.com\/blog\/tout-savoir-avant-de-venir-vivre-a-limoges\/#breadcrumb\"},\"inLanguage\":\"fr-FR\",\"potentialAction\":[{\"@type\":\"ReadAction\",\"target\":[\"https:\/\/www.mydemenageur.com\/blog\/tout-savoir-avant-de-venir-vivre-a-limoges\/\"]}]},{\"@type\":\"ImageObject\",\"inLanguage\":\"fr-FR\",\"@id\":\"https:\/\/www.mydemenageur.com\/blog\/tout-savoir-avant-de-venir-vivre-a-limoges\/#primaryimage\",\"url\":\"https:\/\/www.mydemenageur.com\/blog\/wp-content\/uploads\/2021\/08\/la-cathedrale-saint-etienne-de-limoges.jpg\",\"contentUrl\":\"https:\/\/www.mydemenageur.com\/blog\/wp-content\/uploads\/2021\/08\/la-cathedrale-saint-etienne-de-limoges.jpg\",\"width\":1280,\"height\":848,\"caption\":\"cathedrale saint etienne limoges\"},{\"@type\":\"BreadcrumbList\",\"@id\":\"https:\/\/www.mydemenageur.com\/blog\/tout-savoir-avant-de-venir-vivre-a-limoges\/#breadcrumb\",\"itemListElement\":[{\"@type\":\"ListItem\",\"position\":1,\"name\":\"Accueil\",\"item\":\"https:\/\/www.mydemenageur.com\/blog\/\"},{\"@type\":\"ListItem\",\"position\":2,\"name\":\"Logement\",\"item\":\"https:\/\/www.mydemenageur.com\/blog\/categorie\/logement\/\"},{\"@type\":\"ListItem\",\"position\":3,\"name\":\"Vivre \u00e0 Limoges (Haute-Vienne) : les choses \u00e0 savoir avant de s\u2019y installer\"}]},{\"@type\":\"WebSite\",\"@id\":\"https:\/\/www.mydemenageur.com\/blog\/#website\",\"url\":\"https:\/\/www.mydemenageur.com\/blog\/\",\"name\":\"MyDemenageur\",\"description\":\"Conseils d\u00e9m\u00e9ngement entre particuliers et d\u00e9m\u00e9nagement professionnel\",\"publisher\":{\"@id\":\"https:\/\/www.mydemenageur.com\/blog\/#organization\"},\"potentialAction\":[{\"@type\":\"SearchAction\",\"target\":{\"@type\":\"EntryPoint\",\"urlTemplate\":\"https:\/\/www.mydemenageur.com\/blog\/?s={search_term_string}\"},\"query-input\":{\"@type\":\"PropertyValueSpecification\",\"valueRequired\":true,\"valueName\":\"search_term_string\"}}],\"inLanguage\":\"fr-FR\"},{\"@type\":\"Organization\",\"@id\":\"https:\/\/www.mydemenageur.com\/blog\/#organization\",\"name\":\"MyDemenageur.com\",\"url\":\"https:\/\/www.mydemenageur.com\/blog\/\",\"logo\":{\"@type\":\"ImageObject\",\"inLanguage\":\"fr-FR\",\"@id\":\"https:\/\/www.mydemenageur.com\/blog\/#\/schema\/logo\/image\/\",\"url\":\"https:\/\/www.mydemenageur.com\/blog\/wp-content\/uploads\/2022\/05\/MyDemenageur_Symbol.jpg\",\"contentUrl\":\"https:\/\/www.mydemenageur.com\/blog\/wp-content\/uploads\/2022\/05\/MyDemenageur_Symbol.jpg\",\"width\":878,\"height\":877,\"caption\":\"MyDemenageur.com\"},\"image\":{\"@id\":\"https:\/\/www.mydemenageur.com\/blog\/#\/schema\/logo\/image\/\"},\"sameAs\":[\"https:\/\/www.facebook.com\/mydemenageur\",\"https:\/\/x.com\/mydemenageur\",\"https:\/\/www.pinterest.fr\/mydemenageur\/\"]},{\"@type\":\"Person\",\"@id\":\"https:\/\/www.mydemenageur.com\/blog\/#\/schema\/person\/4540dc333c2e7dc790f0f7bcd5b99569\",\"name\":\"Mathilde\",\"image\":{\"@type\":\"ImageObject\",\"inLanguage\":\"fr-FR\",\"@id\":\"https:\/\/www.mydemenageur.com\/blog\/#\/schema\/person\/image\/\",\"url\":\"https:\/\/secure.gravatar.com\/avatar\/abde069f6f70261ee6ecea93e0437d77?s=96&#038;r=g\",\"contentUrl\":\"https:\/\/secure.gravatar.com\/avatar\/abde069f6f70261ee6ecea93e0437d77?s=96&#038;r=g\",\"caption\":\"Mathilde\"},\"description\":\"L'harmonie des couleurs et des objets m'a toujours fascin\u00e9e, transformant chaque pi\u00e8ce en un lieu unique et agr\u00e9able \u00e0 vivre. Sur MyDemenageur, vous trouverez non seulement des inspirations personnelles, mais aussi des informations r\u00e9centes sur le monde de la d\u00e9coration, les projets de maison, le d\u00e9m\u00e9nagement et les travaux.\",\"url\":\"https:\/\/www.mydemenageur.com\/blog\/author\/mathilde\/\"}]}<\/script>\n<!-- \/ Yoast SEO Premium plugin. -->","yoast_head_json":{"title":"Vivre \u00e0 Limoges : Tout savoir avant de s\u2019y installer","description":"Avant de venir vivre \u00e0 Limoges, d\u00e9couvrez tout sur une petite ville du d\u00e9partement de la Haute-Vienne, en r\u00e9gion de Nouvelle Aquitaine.","robots":{"index":"index","follow":"follow","max-snippet":"max-snippet:-1","max-image-preview":"max-image-preview:large","max-video-preview":"max-video-preview:-1"},"canonical":"https:\/\/www.mydemenageur.com\/blog\/tout-savoir-avant-de-venir-vivre-a-limoges\/","og_locale":"fr_FR","og_type":"article","og_title":"Vivre \u00e0 Limoges (Haute-Vienne) : les choses \u00e0 savoir avant de s\u2019y installer","og_description":"Avant de venir vivre \u00e0 Limoges, d\u00e9couvrez tout sur une petite ville du d\u00e9partement de la Haute-Vienne, en r\u00e9gion de Nouvelle Aquitaine.","og_url":"https:\/\/www.mydemenageur.com\/blog\/tout-savoir-avant-de-venir-vivre-a-limoges\/","og_site_name":"MyDemenageur","article_publisher":"https:\/\/www.facebook.com\/mydemenageur","article_published_time":"2021-08-18T18:05:58+00:00","article_modified_time":"2024-09-14T21:28:41+00:00","og_image":[{"width":1280,"height":848,"url":"https:\/\/www.mydemenageur.com\/blog\/wp-content\/uploads\/2021\/08\/la-cathedrale-saint-etienne-de-limoges.jpg","type":"image\/jpeg"}],"author":"Mathilde","twitter_card":"summary_large_image","twitter_creator":"@mydemenageur","twitter_site":"@mydemenageur","twitter_misc":{"\u00c9crit par":"Mathilde","Dur\u00e9e de lecture estim\u00e9e":"11 minutes"},"schema":{"@context":"https:\/\/schema.org","@graph":[{"@type":"Article","@id":"https:\/\/www.mydemenageur.com\/blog\/tout-savoir-avant-de-venir-vivre-a-limoges\/#article","isPartOf":{"@id":"https:\/\/www.mydemenageur.com\/blog\/tout-savoir-avant-de-venir-vivre-a-limoges\/"},"author":{"name":"Mathilde","@id":"https:\/\/www.mydemenageur.com\/blog\/#\/schema\/person\/4540dc333c2e7dc790f0f7bcd5b99569"},"headline":"Vivre \u00e0 Limoges (Haute-Vienne) : les choses \u00e0 savoir avant de s\u2019y installer","datePublished":"2021-08-18T18:05:58+00:00","dateModified":"2024-09-14T21:28:41+00:00","mainEntityOfPage":{"@id":"https:\/\/www.mydemenageur.com\/blog\/tout-savoir-avant-de-venir-vivre-a-limoges\/"},"wordCount":2179,"publisher":{"@id":"https:\/\/www.mydemenageur.com\/blog\/#organization"},"image":{"@id":"https:\/\/www.mydemenageur.com\/blog\/tout-savoir-avant-de-venir-vivre-a-limoges\/#primaryimage"},"thumbnailUrl":"https:\/\/www.mydemenageur.com\/blog\/wp-content\/uploads\/2021\/08\/la-cathedrale-saint-etienne-de-limoges.jpg","articleSection":["Logement"],"inLanguage":"fr-FR"},{"@type":"WebPage","@id":"https:\/\/www.mydemenageur.com\/blog\/tout-savoir-avant-de-venir-vivre-a-limoges\/","url":"https:\/\/www.mydemenageur.com\/blog\/tout-savoir-avant-de-venir-vivre-a-limoges\/","name":"Vivre \u00e0 Limoges : Tout savoir avant de s\u2019y installer","isPartOf":{"@id":"https:\/\/www.mydemenageur.com\/blog\/#website"},"primaryImageOfPage":{"@id":"https:\/\/www.mydemenageur.com\/blog\/tout-savoir-avant-de-venir-vivre-a-limoges\/#primaryimage"},"image":{"@id":"https:\/\/www.mydemenageur.com\/blog\/tout-savoir-avant-de-venir-vivre-a-limoges\/#primaryimage"},"thumbnailUrl":"https:\/\/www.mydemenageur.com\/blog\/wp-content\/uploads\/2021\/08\/la-cathedrale-saint-etienne-de-limoges.jpg","datePublished":"2021-08-18T18:05:58+00:00","dateModified":"2024-09-14T21:28:41+00:00","description":"Avant de venir vivre \u00e0 Limoges, d\u00e9couvrez tout sur une petite ville du d\u00e9partement de la Haute-Vienne, en r\u00e9gion de Nouvelle Aquitaine.","breadcrumb":{"@id":"https:\/\/www.mydemenageur.com\/blog\/tout-savoir-avant-de-venir-vivre-a-limoges\/#breadcrumb"},"inLanguage":"fr-FR","potentialAction":[{"@type":"ReadAction","target":["https:\/\/www.mydemenageur.com\/blog\/tout-savoir-avant-de-venir-vivre-a-limoges\/"]}]},{"@type":"ImageObject","inLanguage":"fr-FR","@id":"https:\/\/www.mydemenageur.com\/blog\/tout-savoir-avant-de-venir-vivre-a-limoges\/#primaryimage","url":"https:\/\/www.mydemenageur.com\/blog\/wp-content\/uploads\/2021\/08\/la-cathedrale-saint-etienne-de-limoges.jpg","contentUrl":"https:\/\/www.mydemenageur.com\/blog\/wp-content\/uploads\/2021\/08\/la-cathedrale-saint-etienne-de-limoges.jpg","width":1280,"height":848,"caption":"cathedrale saint etienne limoges"},{"@type":"BreadcrumbList","@id":"https:\/\/www.mydemenageur.com\/blog\/tout-savoir-avant-de-venir-vivre-a-limoges\/#breadcrumb","itemListElement":[{"@type":"ListItem","position":1,"name":"Accueil","item":"https:\/\/www.mydemenageur.com\/blog\/"},{"@type":"ListItem","position":2,"name":"Logement","item":"https:\/\/www.mydemenageur.com\/blog\/categorie\/logement\/"},{"@type":"ListItem","position":3,"name":"Vivre \u00e0 Limoges (Haute-Vienne) : les choses \u00e0 savoir avant de s\u2019y installer"}]},{"@type":"WebSite","@id":"https:\/\/www.mydemenageur.com\/blog\/#website","url":"https:\/\/www.mydemenageur.com\/blog\/","name":"MyDemenageur","description":"Conseils d\u00e9m\u00e9ngement entre particuliers et d\u00e9m\u00e9nagement professionnel","publisher":{"@id":"https:\/\/www.mydemenageur.com\/blog\/#organization"},"potentialAction":[{"@type":"SearchAction","target":{"@type":"EntryPoint","urlTemplate":"https:\/\/www.mydemenageur.com\/blog\/?s={search_term_string}"},"query-input":{"@type":"PropertyValueSpecification","valueRequired":true,"valueName":"search_term_string"}}],"inLanguage":"fr-FR"},{"@type":"Organization","@id":"https:\/\/www.mydemenageur.com\/blog\/#organization","name":"MyDemenageur.com","url":"https:\/\/www.mydemenageur.com\/blog\/","logo":{"@type":"ImageObject","inLanguage":"fr-FR","@id":"https:\/\/www.mydemenageur.com\/blog\/#\/schema\/logo\/image\/","url":"https:\/\/www.mydemenageur.com\/blog\/wp-content\/uploads\/2022\/05\/MyDemenageur_Symbol.jpg","contentUrl":"https:\/\/www.mydemenageur.com\/blog\/wp-content\/uploads\/2022\/05\/MyDemenageur_Symbol.jpg","width":878,"height":877,"caption":"MyDemenageur.com"},"image":{"@id":"https:\/\/www.mydemenageur.com\/blog\/#\/schema\/logo\/image\/"},"sameAs":["https:\/\/www.facebook.com\/mydemenageur","https:\/\/x.com\/mydemenageur","https:\/\/www.pinterest.fr\/mydemenageur\/"]},{"@type":"Person","@id":"https:\/\/www.mydemenageur.com\/blog\/#\/schema\/person\/4540dc333c2e7dc790f0f7bcd5b99569","name":"Mathilde","image":{"@type":"ImageObject","inLanguage":"fr-FR","@id":"https:\/\/www.mydemenageur.com\/blog\/#\/schema\/person\/image\/","url":"https:\/\/secure.gravatar.com\/avatar\/abde069f6f70261ee6ecea93e0437d77?s=96&#038;r=g","contentUrl":"https:\/\/secure.gravatar.com\/avatar\/abde069f6f70261ee6ecea93e0437d77?s=96&#038;r=g","caption":"Mathilde"},"description":"L'harmonie des couleurs et des objets m'a toujours fascin\u00e9e, transformant chaque pi\u00e8ce en un lieu unique et agr\u00e9able \u00e0 vivre. Sur MyDemenageur, vous trouverez non seulement des inspirations personnelles, mais aussi des informations r\u00e9centes sur le monde de la d\u00e9coration, les projets de maison, le d\u00e9m\u00e9nagement et les travaux.","url":"https:\/\/www.mydemenageur.com\/blog\/author\/mathilde\/"}]}},"modified_by":"MyDemenageur","_links":{"self":[{"href":"https:\/\/www.mydemenageur.com\/blog\/wp-json\/wp\/v2\/posts\/23024"}],"collection":[{"href":"https:\/\/www.mydemenageur.com\/blog\/wp-json\/wp\/v2\/posts"}],"about":[{"href":"https:\/\/www.mydemenageur.com\/blog\/wp-json\/wp\/v2\/types\/post"}],"author":[{"embeddable":true,"href":"https:\/\/www.mydemenageur.com\/blog\/wp-json\/wp\/v2\/users\/11"}],"replies":[{"embeddable":true,"href":"https:\/\/www.mydemenageur.com\/blog\/wp-json\/wp\/v2\/comments?post=23024"}],"version-history":[{"count":0,"href":"https:\/\/www.mydemenageur.com\/blog\/wp-json\/wp\/v2\/posts\/23024\/revisions"}],"wp:featuredmedia":[{"embeddable":true,"href":"https:\/\/www.mydemenageur.com\/blog\/wp-json\/wp\/v2\/media\/24199"}],"wp:attachment":[{"href":"https:\/\/www.mydemenageur.com\/blog\/wp-json\/wp\/v2\/media?parent=23024"}],"wp:term":[{"taxonomy":"category","embeddable":true,"href":"https:\/\/www.mydemenageur.com\/blog\/wp-json\/wp\/v2\/categories?post=23024"},{"taxonomy":"post_tag","embeddable":true,"href":"https:\/\/www.mydemenageur.com\/blog\/wp-json\/wp\/v2\/tags?post=23024"}],"curies":[{"name":"wp","href":"https:\/\/api.w.org\/{rel}","templated":true}]}}