{"id":23035,"date":"2021-08-18T17:34:59","date_gmt":"2021-08-18T17:34:59","guid":{"rendered":"https:\/\/www.mydemenageur.com\/blog\/?p=23035"},"modified":"2024-09-16T10:15:48","modified_gmt":"2024-09-16T08:15:48","slug":"tout-savoir-avant-de-venir-vivre-a-metz","status":"publish","type":"post","link":"https:\/\/www.mydemenageur.com\/blog\/tout-savoir-avant-de-venir-vivre-a-metz\/","title":{"rendered":"Vivre \u00e0 Metz (Moselle) : les choses \u00e0 savoir avant de s\u2019y installer"},"content":{"rendered":"<p>Metz est une ville fran\u00e7aise situ\u00e9e en r\u00e9gion Grand Est, dans le d\u00e9partement de la Moselle. Cette commune localis\u00e9e dans le nord-est du pays h\u00e9berge une population de 116 429 habitants. Les personnes qui souhaitent se rendre dans cette cit\u00e9 peuvent choisir entre le train, le covoiturage et le bus. D\u00e9couvrez notre article pour tout savoir avant de <a href=\"https:\/\/www.mydemenageur.com\/blog\/logement\/\">venir vivre \u00e0 Metz.<\/a><\/p>\n<div id=\"ez-toc-container\" class=\"ez-toc-v2_0_82_2 counter-hierarchy ez-toc-counter ez-toc-custom ez-toc-container-direction\">\n<div class=\"ez-toc-title-container\">\n<p class=\"ez-toc-title\" style=\"cursor:inherit\">Ce que vous allez apprendre<\/p>\n<span class=\"ez-toc-title-toggle\"><\/span><\/div>\n<nav><ul class='ez-toc-list ez-toc-list-level-1 ' ><li class='ez-toc-page-1 ez-toc-heading-level-2'><a class=\"ez-toc-link ez-toc-heading-1\" href=\"https:\/\/www.mydemenageur.com\/blog\/tout-savoir-avant-de-venir-vivre-a-metz\/#un-demenageur-a-metz-moins-cher\" >Un d\u00e9m\u00e9nageur \u00e0 Metz moins cher<\/a><\/li><li class='ez-toc-page-1 ez-toc-heading-level-2'><a class=\"ez-toc-link ez-toc-heading-2\" href=\"https:\/\/www.mydemenageur.com\/blog\/tout-savoir-avant-de-venir-vivre-a-metz\/#vivre-a-metz-les-choses-a-savoir\" >Vivre \u00e0 Metz, les choses \u00e0 savoir<\/a><ul class='ez-toc-list-level-3' ><li class='ez-toc-heading-level-3'><a class=\"ez-toc-link ez-toc-heading-3\" href=\"https:\/\/www.mydemenageur.com\/blog\/tout-savoir-avant-de-venir-vivre-a-metz\/#pourquoi-vivre-a-metz\" >Pourquoi vivre \u00e0 Metz ?<\/a><\/li><li class='ez-toc-page-1 ez-toc-heading-level-3'><a class=\"ez-toc-link ez-toc-heading-4\" href=\"https:\/\/www.mydemenageur.com\/blog\/tout-savoir-avant-de-venir-vivre-a-metz\/#dans-quel-quartier-fait-il-bon-vivre-a-metz\" >Dans quel quartier fait-il bon vivre \u00e0 Metz ?<\/a><\/li><li class='ez-toc-page-1 ez-toc-heading-level-3'><a class=\"ez-toc-link ez-toc-heading-5\" href=\"https:\/\/www.mydemenageur.com\/blog\/tout-savoir-avant-de-venir-vivre-a-metz\/#le-centre-ville\" >Le centre-ville<\/a><\/li><li class='ez-toc-page-1 ez-toc-heading-level-3'><a class=\"ez-toc-link ez-toc-heading-6\" href=\"https:\/\/www.mydemenageur.com\/blog\/tout-savoir-avant-de-venir-vivre-a-metz\/#le-quartier-des-iles\" >Le quartier des \u00eeles<\/a><\/li><li class='ez-toc-page-1 ez-toc-heading-level-3'><a class=\"ez-toc-link ez-toc-heading-7\" href=\"https:\/\/www.mydemenageur.com\/blog\/tout-savoir-avant-de-venir-vivre-a-metz\/#plantiere-queuleu\" >Planti\u00e8re-Queuleu<\/a><\/li><li class='ez-toc-page-1 ez-toc-heading-level-3'><a class=\"ez-toc-link ez-toc-heading-8\" href=\"https:\/\/www.mydemenageur.com\/blog\/tout-savoir-avant-de-venir-vivre-a-metz\/#sainte-croix\" >Sainte-Croix<\/a><\/li><li class='ez-toc-page-1 ez-toc-heading-level-3'><a class=\"ez-toc-link ez-toc-heading-9\" href=\"https:\/\/www.mydemenageur.com\/blog\/tout-savoir-avant-de-venir-vivre-a-metz\/#la-nouvelle-ville\" >La nouvelle ville<\/a><\/li><li class='ez-toc-page-1 ez-toc-heading-level-3'><a class=\"ez-toc-link ez-toc-heading-10\" href=\"https:\/\/www.mydemenageur.com\/blog\/tout-savoir-avant-de-venir-vivre-a-metz\/#la-peripherie-messine\" >La p\u00e9riph\u00e9rie messine<\/a><\/li><\/ul><\/li><li class='ez-toc-page-1 ez-toc-heading-level-2'><a class=\"ez-toc-link ez-toc-heading-11\" href=\"https:\/\/www.mydemenageur.com\/blog\/tout-savoir-avant-de-venir-vivre-a-metz\/#les-lieux-a-visiter-a-metz\" >Les lieux \u00e0 visiter \u00e0 Metz<\/a><ul class='ez-toc-list-level-3' ><li class='ez-toc-heading-level-3'><a class=\"ez-toc-link ez-toc-heading-12\" href=\"https:\/\/www.mydemenageur.com\/blog\/tout-savoir-avant-de-venir-vivre-a-metz\/#le-centre-pompidou-metz\" >Le centre Pompidou-Metz<\/a><\/li><li class='ez-toc-page-1 ez-toc-heading-level-3'><a class=\"ez-toc-link ez-toc-heading-13\" href=\"https:\/\/www.mydemenageur.com\/blog\/tout-savoir-avant-de-venir-vivre-a-metz\/#le-musee-de-la-cour-dor\" >Le mus\u00e9e de la cour d\u2019Or<\/a><\/li><li class='ez-toc-page-1 ez-toc-heading-level-3'><a class=\"ez-toc-link ez-toc-heading-14\" href=\"https:\/\/www.mydemenageur.com\/blog\/tout-savoir-avant-de-venir-vivre-a-metz\/#le-temple-neuf\" >Le Temple Neuf<\/a><\/li><li class='ez-toc-page-1 ez-toc-heading-level-3'><a class=\"ez-toc-link ez-toc-heading-15\" href=\"https:\/\/www.mydemenageur.com\/blog\/tout-savoir-avant-de-venir-vivre-a-metz\/#lavenue-foch\" >L\u2019Avenue Foch<\/a><\/li><li class='ez-toc-page-1 ez-toc-heading-level-3'><a class=\"ez-toc-link ez-toc-heading-16\" href=\"https:\/\/www.mydemenageur.com\/blog\/tout-savoir-avant-de-venir-vivre-a-metz\/#la-porte-de-allemands\" >La porte de Allemands<\/a><\/li><li class='ez-toc-page-1 ez-toc-heading-level-3'><a class=\"ez-toc-link ez-toc-heading-17\" href=\"https:\/\/www.mydemenageur.com\/blog\/tout-savoir-avant-de-venir-vivre-a-metz\/#la-cathedrale-saint-etienne\" >La cath\u00e9drale Saint-Etienne<\/a><\/li><\/ul><\/li><li class='ez-toc-page-1 ez-toc-heading-level-2'><a class=\"ez-toc-link ez-toc-heading-18\" href=\"https:\/\/www.mydemenageur.com\/blog\/tout-savoir-avant-de-venir-vivre-a-metz\/#activites-a-pratiquer-a-metz\" >Activit\u00e9s \u00e0 pratiquer \u00e0 Metz<\/a><ul class='ez-toc-list-level-3' ><li class='ez-toc-heading-level-3'><a class=\"ez-toc-link ez-toc-heading-19\" href=\"https:\/\/www.mydemenageur.com\/blog\/tout-savoir-avant-de-venir-vivre-a-metz\/#flaner-dans-les-parcs-et-jardins-de-la-ville\" >Fl\u00e2ner dans les parcs et jardins de la ville<\/a><\/li><li class='ez-toc-page-1 ez-toc-heading-level-3'><a class=\"ez-toc-link ez-toc-heading-20\" href=\"https:\/\/www.mydemenageur.com\/blog\/tout-savoir-avant-de-venir-vivre-a-metz\/#les-promenades-en-bateau\" >Les promenades en bateau<\/a><\/li><li class='ez-toc-page-1 ez-toc-heading-level-3'><a class=\"ez-toc-link ez-toc-heading-21\" href=\"https:\/\/www.mydemenageur.com\/blog\/tout-savoir-avant-de-venir-vivre-a-metz\/#les-animations-de-lopera-theatre\" >Les animations de l\u2019op\u00e9ra th\u00e9\u00e2tre<\/a><\/li><\/ul><\/li><li class='ez-toc-page-1 ez-toc-heading-level-2'><a class=\"ez-toc-link ez-toc-heading-22\" href=\"https:\/\/www.mydemenageur.com\/blog\/tout-savoir-avant-de-venir-vivre-a-metz\/#le-cout-de-la-vie-a-metz\" >Le co\u00fbt de la vie \u00e0 Metz<\/a><\/li><li class='ez-toc-page-1 ez-toc-heading-level-2'><a class=\"ez-toc-link ez-toc-heading-23\" href=\"https:\/\/www.mydemenageur.com\/blog\/tout-savoir-avant-de-venir-vivre-a-metz\/#avis-de-la-redaction\" >Avis de la r\u00e9daction<\/a><ul class='ez-toc-list-level-4' ><li class='ez-toc-heading-level-4'><ul class='ez-toc-list-level-4' ><li class='ez-toc-heading-level-4'><a class=\"ez-toc-link ez-toc-heading-24\" href=\"https:\/\/www.mydemenageur.com\/blog\/tout-savoir-avant-de-venir-vivre-a-metz\/#informations-pratiques-sur-la-ville\" >Informations pratiques sur la ville :<\/a><\/li><\/ul><\/li><\/ul><\/li><\/ul><\/nav><\/div>\n<h2><span class=\"ez-toc-section\" id=\"un-demenageur-a-metz-moins-cher\"><\/span>Un d\u00e9m\u00e9nageur \u00e0 Metz moins cher<span class=\"ez-toc-section-end\"><\/span><\/h2>\n<p><a href=\"https:\/\/www.mydemenageur.com\/aide-demenagement\/annuaire\/demenageur\/metz\">L&rsquo;entreprise Mydemenageur propose ses services<\/a> aux particuliers et aux professionnels qui souhaitent s\u2019installer dans une nouvelle ville. Leurs \u00e9quipes de sp\u00e9cialistes compos\u00e9es de gros bras et de pros exp\u00e9riment\u00e9s peuvent prendre en charge votre d\u00e9m\u00e9nagement \u00e0 Metz dans les meilleures conditions. Leur mission est de fournir des prestations de qualit\u00e9 pour des tarifs loin d\u2019\u00eatre exorbitants.<\/p>\n<h2><span class=\"ez-toc-section\" id=\"vivre-a-metz-les-choses-a-savoir\"><\/span>Vivre \u00e0 Metz, les choses \u00e0 savoir<span class=\"ez-toc-section-end\"><\/span><\/h2>\n<p>La ville de Metz est \u00e0 la fois un espace naturel et culturel. Elle h\u00e9berge de vastes jardins et des promenades ombrag\u00e9es, ainsi que de superbes \u0153uvres architecturales, dont la cath\u00e9drale gothique.<\/p>\n<p><img decoding=\"async\" class=\"alignnone size-full wp-image-24192\" src=\"https:\/\/www.mydemenageur.com\/blog\/wp-content\/uploads\/2021\/08\/moselle-metz-vie.jpg\" alt=\"moselle metz vie\" width=\"1200\" height=\"800\" srcset=\"https:\/\/www.mydemenageur.com\/blog\/wp-content\/uploads\/2021\/08\/moselle-metz-vie.jpg 1200w, https:\/\/www.mydemenageur.com\/blog\/wp-content\/uploads\/2021\/08\/moselle-metz-vie-300x200.jpg 300w, https:\/\/www.mydemenageur.com\/blog\/wp-content\/uploads\/2021\/08\/moselle-metz-vie-768x512.jpg 768w\" sizes=\"(max-width: 1200px) 100vw, 1200px\" \/><\/p>\n<h3><span class=\"ez-toc-section\" id=\"pourquoi-vivre-a-metz\"><\/span>Pourquoi vivre \u00e0 Metz ?<span class=\"ez-toc-section-end\"><\/span><\/h3>\n<p>Metz est une ville dot\u00e9e d\u2019un patrimoine historique riche et diversifi\u00e9. L\u2019architecture de ses diff\u00e9rents monuments est impressionnante et attire de nombreux visiteurs qui viennent les admirer. Le temple Neuf, \u00e0 titre d\u2019exemple, est un des monuments incontournables de la ville. Cette \u0153uvre construite selon le style architectural des cath\u00e9drales rh\u00e9nanes de Spire et Worms est dat\u00e9e du XXe si\u00e8cle, et se trouve au c\u0153ur d\u2019un vaste jardin dans lequel on peut admirer diverses fleurs.<\/p>\n<p>Le centre Pompidou-Metz est un \u00e9difice pris\u00e9 pour son toit ondul\u00e9 et pour sa collection d\u2019\u0153uvres d&rsquo;art moderne et contemporain.<\/p>\n<p>Le mus\u00e9e de la cour d\u2019or renferme de riches collections d\u2019\u0153uvres arch\u00e9ologiques et m\u00e9di\u00e9vales. La visite de la galerie des Beaux-arts permet d\u2019admirer les \u0153uvres de Mons\u00f9 Desiderio.<\/p>\n<p><strong>Metz est aussi la ville de la nature<\/strong>, de la verdure comme en t\u00e9moignent ses nombreux parcs et jardins, recouvrant pr\u00e8s de 45 % du territoire de la commune. Plus de 540 hectares de flore et d\u2019espaces naturels qui lui ont valu d\u2019\u00eatre sur le podium des villes les plus vertes de France en 2020, occupant la troisi\u00e8me place. Le port de plaisance fluvial, au bord de la Moselle, est labellis\u00e9 \u201cPavillon Bleu\u201d d\u2019Europe, et propose des croisi\u00e8res charmantes le long de 36 kilom\u00e8tres de cours d\u2019eau.<\/p>\n<p>Le d\u00e9veloppement de la ville a permis la restauration et la cr\u00e9ation de nombreux quartiers, ainsi qu\u2019un d\u00e9veloppement g\u00e9n\u00e9ral de l\u2019urbanisme. Metz poss\u00e8de aujourd\u2019hui plus de 90 kilom\u00e8tres de pistes cyclables, caract\u00e9ristique qui va de pair avec sa richesse en espaces naturels.<\/p>\n<p>Enfin, la ville de Metz est aussi une r\u00e9gion o\u00f9 le d\u00e9veloppement \u00e9conomique et technologique bat son plein; en t\u00e9moigne le label dont elle dispose, \u201cFrench Tech\u201d.<\/p>\n<h3><span class=\"ez-toc-section\" id=\"dans-quel-quartier-fait-il-bon-vivre-a-metz\"><\/span>Dans quel quartier fait-il bon vivre \u00e0 Metz ?<span class=\"ez-toc-section-end\"><\/span><\/h3>\n<p>Le plan de la ville de Metz est d\u00e9coup\u00e9 en quatorze quartiers diff\u00e9rents. Pour vous y installer, voici quelques secteurs que nous vous recommandons, \u00e0 choisir en fonction de vos besoins et de vos moyens.<\/p>\n<p><img decoding=\"async\" class=\"alignnone size-full wp-image-24191\" src=\"https:\/\/www.mydemenageur.com\/blog\/wp-content\/uploads\/2021\/08\/vie-metz.jpg\" alt=\"vie metz\" width=\"1470\" height=\"824\" srcset=\"https:\/\/www.mydemenageur.com\/blog\/wp-content\/uploads\/2021\/08\/vie-metz.jpg 1470w, https:\/\/www.mydemenageur.com\/blog\/wp-content\/uploads\/2021\/08\/vie-metz-300x168.jpg 300w, https:\/\/www.mydemenageur.com\/blog\/wp-content\/uploads\/2021\/08\/vie-metz-1200x673.jpg 1200w, https:\/\/www.mydemenageur.com\/blog\/wp-content\/uploads\/2021\/08\/vie-metz-768x430.jpg 768w\" sizes=\"(max-width: 1470px) 100vw, 1470px\" \/><\/p>\n<h3><span class=\"ez-toc-section\" id=\"le-centre-ville\"><\/span>Le centre-ville<span class=\"ez-toc-section-end\"><\/span><\/h3>\n<p>C\u2019est naturellement le c\u0153ur de la ville qui est le plus anim\u00e9 tout au long de l\u2019ann\u00e9e et qui dispose des meilleures commodit\u00e9s. Les 52 000 m\u00e8tres carr\u00e9s de ce secteur ont quasiment tous \u00e9t\u00e9 pi\u00e9tonnis\u00e9s, vous pourrez donc fl\u00e2ner n\u2019importe o\u00f9 \u00e0 vos heures perdues, visiter les commerces, vous d\u00e9tendre sur les terrasses de caf\u00e9, etc. S\u2019il est tr\u00e8s attractif, les prix de l\u2019immobilier y sont tout de m\u00eame assez \u00e9lev\u00e9s, et ne sont pas \u00e0 la port\u00e9e de tout le monde.<\/p>\n<h3><span class=\"ez-toc-section\" id=\"le-quartier-des-iles\"><\/span>Le quartier des \u00eeles<span class=\"ez-toc-section-end\"><\/span><\/h3>\n<p>Situ\u00e9 en bordure de Moselle, le quartier des \u00eeles est habit\u00e9 par de nombreux \u00e9tudiants, en raison de l\u2019universit\u00e9 qu\u2019il abrite. Ce lieu situ\u00e9 \u00e0 proximit\u00e9 l\u2019hyper-centre, h\u00e9berge le Moyen Pont ou le pont Saint-Georges, des endroits \u00e0 partir desquels on peut b\u00e9n\u00e9ficier d\u2019une vue imprenable sur la ville.<\/p>\n<h3><span class=\"ez-toc-section\" id=\"plantiere-queuleu\"><\/span>Planti\u00e8re-Queuleu<span class=\"ez-toc-section-end\"><\/span><\/h3>\n<p>Planti\u00e8re-Queuleu est un quartier r\u00e9sidentiel qui renferme un \u00e9coquartier : des C\u00f4teaux de la Seille. Il est pris\u00e9 par la population active, car il se trouve \u00e0 proximit\u00e9 du Technopole Grigy, qui accueille plus de 230 entreprises, dans lesquelles sont employ\u00e9es 4000 personnes. Ce quartier est bord\u00e9 par la Seille et les jardins Jean-Marie Pelt.<\/p>\n<h3><span class=\"ez-toc-section\" id=\"sainte-croix\"><\/span>Sainte-Croix<span class=\"ez-toc-section-end\"><\/span><\/h3>\n<p>Sainte-Croix est un quartier recommand\u00e9 aux personnes qui aiment les endroits tranquilles et charmants. Il est pris\u00e9 pour ses petites ruelles et pour les nombreuses boutiques d\u2019antiquaires, les bouquinistes ou les mus\u00e9es et b\u00e2timents culturels qu\u2019il renferme.<\/p>\n<h3><span class=\"ez-toc-section\" id=\"la-nouvelle-ville\"><\/span>La nouvelle ville<span class=\"ez-toc-section-end\"><\/span><\/h3>\n<p>Le quartier de la nouvelle ville est particuli\u00e8rement int\u00e9ressant en raison de sa proximit\u00e9 avec la gare. Il se distingue par ses jolies maisons c\u00f4t\u00e9 nord, dot\u00e9es pour la plupart de jardins champ\u00eatres, et par la partie sud, beaucoup moins r\u00e9sidentielle ; o\u00f9 sont multipli\u00e9s les bureaux et des \u00e9tablissements administratifs. Les prix de l\u2019immobilier y sont \u00e9lev\u00e9s, \u00e0 l\u2019image du centre-ville.<\/p>\n<h3><span class=\"ez-toc-section\" id=\"la-peripherie-messine\"><\/span>La p\u00e9riph\u00e9rie messine<span class=\"ez-toc-section-end\"><\/span><\/h3>\n<p>Pour ceux d\u2019entre eux qui auront un budget relativement limit\u00e9 en ce qui concerne l\u2019immobilier, il existe des quartiers en p\u00e9riph\u00e9rie o\u00f9 les prix de l\u2019immobilier sont bas.<\/p>\n<p>C\u2019est par exemple le cas du quartier de Devant-les-Ponts, au nord de la Moselle, du Ban-Saint-Martin, ou encore de la Patrotte-Metz-Nord, o\u00f9 il est possible de trouver des offres immobilier \u00e0 moins de 1300 euros le m\u00e8tre carr\u00e9, et qui poss\u00e8de un acc\u00e8s direct \u00e0 l&rsquo;Autoroute A31.<\/p>\n<h2><span class=\"ez-toc-section\" id=\"les-lieux-a-visiter-a-metz\"><\/span>Les lieux \u00e0 visiter \u00e0 Metz<span class=\"ez-toc-section-end\"><\/span><\/h2>\n<p>En vous installant \u00e0 Metz, vous aurez l\u2019occasion de d\u00e9couvrir la ville, ses charmes, son histoire. Pour ce faire, nous vous pr\u00e9sentons ici quelques sites et monuments incontournables qu\u2019il faut visiter lorsqu\u2019on est citoyen messin.<\/p>\n<p><img decoding=\"async\" class=\"alignnone size-full wp-image-24193\" src=\"https:\/\/www.mydemenageur.com\/blog\/wp-content\/uploads\/2021\/08\/escapade-metz.jpg\" alt=\"escapade metz\" width=\"2000\" height=\"1190\" srcset=\"https:\/\/www.mydemenageur.com\/blog\/wp-content\/uploads\/2021\/08\/escapade-metz.jpg 2000w, https:\/\/www.mydemenageur.com\/blog\/wp-content\/uploads\/2021\/08\/escapade-metz-300x179.jpg 300w, https:\/\/www.mydemenageur.com\/blog\/wp-content\/uploads\/2021\/08\/escapade-metz-1024x609.jpg 1024w, https:\/\/www.mydemenageur.com\/blog\/wp-content\/uploads\/2021\/08\/escapade-metz-768x457.jpg 768w, https:\/\/www.mydemenageur.com\/blog\/wp-content\/uploads\/2021\/08\/escapade-metz-1536x914.jpg 1536w\" sizes=\"(max-width: 2000px) 100vw, 2000px\" \/><\/p>\n<h3><span class=\"ez-toc-section\" id=\"le-centre-pompidou-metz\"><\/span>Le centre Pompidou-Metz<span class=\"ez-toc-section-end\"><\/span><\/h3>\n<p>Situ\u00e9 au sein du quartier de la nouvelle ville, la visite de ce b\u00e2timent \u00e0 l\u2019architecture moderne est un must lorsqu\u2019on se rend \u00e0 Metz ! Ce v\u00e9ritable chef-d&rsquo;\u0153uvre de l\u2019art contemporain a ouvert ses portes en 2010, et poss\u00e8de un to\u00eet audacieusement con\u00e7u, domin\u00e9 par une barre de 77 m\u00e8tres de haut au bout de laquelle flotte un drapeau de la France. A l\u2019int\u00e9rieur, d\u2019innombrables expositions temporaires vous montrent le nec plus ultra de ce qui se fait dans le monde de l\u2019art contemporain.<\/p>\n<h3><span class=\"ez-toc-section\" id=\"le-musee-de-la-cour-dor\"><\/span>Le mus\u00e9e de la cour d\u2019Or<span class=\"ez-toc-section-end\"><\/span><\/h3>\n<p>Le nom donn\u00e9 \u00e0 ce mus\u00e9e provient du palais des rois d\u2019Austrasie, qui si\u00e9geait jadis \u00e0 Metz. L\u2019\u00e9tablissement regroupe diverses sortes d\u2019artefacts, dont une section est d\u00e9di\u00e9e \u00e0 l\u2019arch\u00e9ologie, une autre \u00e0 l\u2019architecture et une derni\u00e8re aux peintures, situ\u00e9e dans la galerie des Beaux-Arts. Les expositions de ce mus\u00e9e s\u2019\u00e9talent sur des si\u00e8cles et des si\u00e8cles, et permettent de d\u00e9couvrir l\u2019histoire de la ville sous tous ses aspects ; dans toutes ses \u00e9poques.<\/p>\n<h3><span class=\"ez-toc-section\" id=\"le-temple-neuf\"><\/span>Le Temple Neuf<span class=\"ez-toc-section-end\"><\/span><\/h3>\n<p>Cet \u00e9difice religieux, bien qu\u2019il semble pr\u00e9senter un style d\u2019architecture typiquement m\u00e9di\u00e9val, n\u2019a en r\u00e9alit\u00e9 \u00e9t\u00e9 construit qu\u2019au tout d\u00e9but du XXe si\u00e8cle. Situ\u00e9 dans le Jardin des Amours, il constitue une sorte de musoir dans la Moselle, apr\u00e8s lequel se s\u00e9parent deux cours d\u2019eau. A la tomb\u00e9e de la nuit, le Temple Neuf s\u2019illumine de toutes parts, et se refl\u00e8te admirablement dans les eaux de la rivi\u00e8re.<\/p>\n<h3><span class=\"ez-toc-section\" id=\"lavenue-foch\"><\/span>L\u2019Avenue Foch<span class=\"ez-toc-section-end\"><\/span><\/h3>\n<p>Vous prendrez beaucoup de plaisir \u00e0 vous d\u00e9tendre et profiter de l\u2019atmosph\u00e8re placide de ce qui fut autrefois l\u2019all\u00e9e cavali\u00e8re. Aujourd\u2019hui convertie en petit parc tout \u00e0 fait charmant, l\u2019Avenue Foch se situe \u00e0 proximit\u00e9 de constructions datant du si\u00e8cle dernier, au c\u0153ur de la vieille ville. C\u2019est le m\u00e9lange parfait entre espace vert et paysage urbain.<\/p>\n<h3><span class=\"ez-toc-section\" id=\"la-porte-de-allemands\"><\/span>La porte de Allemands<span class=\"ez-toc-section-end\"><\/span><\/h3>\n<p>Les amateurs de ch\u00e2teaux forts appr\u00e9cieront la visite de ce merveilleux monument dont le nom renvoie aux chevaliers teutoniques de l\u2019\u00e9poque ; qui fond\u00e8rent un h\u00f4pital \u00e0 proximit\u00e9. Cette forteresse constituait autrefois l\u2019un des principaux remparts de la r\u00e9gion, et servait de porte d\u2019entr\u00e9e au sein de la ville, tout en faisant office de pont au niveau de la rivi\u00e8re de la Seille. C\u2019est le rempart le mieux conserv\u00e9 de nos jours au sein de la ville. Profitez de cette chance pour y d\u00e9couvrir le style architectural de l\u2019\u00e9poque m\u00e9di\u00e9vale.<\/p>\n<h3><span class=\"ez-toc-section\" id=\"la-cathedrale-saint-etienne\"><\/span>La cath\u00e9drale Saint-Etienne<span class=\"ez-toc-section-end\"><\/span><\/h3>\n<p>Non, la cath\u00e9drale Saint-Etienne ne se trouve pas \u00e0 Saint-Etienne. Cet \u00e9difice, construit entre le douzi\u00e8me et le seizi\u00e8me si\u00e8cle, est une jointure entre deux \u00e9glises. Il impressionne par son style architectural minutieusement d\u00e9cor\u00e9, ainsi que par la taille de sa nef, haute de quarante deux m\u00e8tres. Ses nombreux vitraux, recouvrant \u00e0 eux seuls une surface de plus de 6500 m\u00e8tres carr\u00e9s, ont valu \u00e0 ce monument le sobriquet de lanterne de Dieu. Ce travail aussi impressionnant que laborieux ; a n\u00e9cessit\u00e9 la contribution et la collaboration de nombreux artistes et architectes.<\/p>\n<h2><span class=\"ez-toc-section\" id=\"activites-a-pratiquer-a-metz\"><\/span>Activit\u00e9s \u00e0 pratiquer \u00e0 Metz<span class=\"ez-toc-section-end\"><\/span><\/h2>\n<p>La ville de Metz se pr\u00eate \u00e0 de nombreuses activit\u00e9s int\u00e9ressantes. Outre les visites de palais et monuments historiques. Pour vous d\u00e9tendre, vous divertir et vivre de bons moments ; voici un certain nombre d\u2019activit\u00e9s qui pourraient vous int\u00e9resser au sein de la ville de lumi\u00e8re.<\/p>\n<p><img decoding=\"async\" class=\"alignnone size-full wp-image-24190\" src=\"https:\/\/www.mydemenageur.com\/blog\/wp-content\/uploads\/2021\/08\/metz-centre-ville.jpg\" alt=\"metz centre vile\" width=\"1280\" height=\"720\" srcset=\"https:\/\/www.mydemenageur.com\/blog\/wp-content\/uploads\/2021\/08\/metz-centre-ville.jpg 1280w, https:\/\/www.mydemenageur.com\/blog\/wp-content\/uploads\/2021\/08\/metz-centre-ville-300x169.jpg 300w, https:\/\/www.mydemenageur.com\/blog\/wp-content\/uploads\/2021\/08\/metz-centre-ville-1024x576.jpg 1024w, https:\/\/www.mydemenageur.com\/blog\/wp-content\/uploads\/2021\/08\/metz-centre-ville-768x432.jpg 768w\" sizes=\"(max-width: 1280px) 100vw, 1280px\" \/><\/p>\n<h3><span class=\"ez-toc-section\" id=\"flaner-dans-les-parcs-et-jardins-de-la-ville\"><\/span>Fl\u00e2ner dans les parcs et jardins de la ville<span class=\"ez-toc-section-end\"><\/span><\/h3>\n<p>Metz, c\u2019est pr\u00e8s de 50 m\u00b2 de verdure par habitant. Les espaces verts en tous genres foisonnent dans la ville, vous en trouverez dans tous les recoins. Vous pouvez d\u00e9ambuler dans le jardin botanique, ou celui de l&rsquo;esplanade, qui offre des paysages de verdure absolument magnifiques. Le parc de la Seille, le plan d\u2019eau, les Tanneurs, sont autant d\u2019autres espaces propices \u00e0 la d\u00e9tente, o\u00f9 l\u2019on peut pique-niquer, s\u2019allonger sur l\u2019herbe, et jouer avec ses enfants.<\/p>\n<h3><span class=\"ez-toc-section\" id=\"les-promenades-en-bateau\"><\/span>Les promenades en bateau<span class=\"ez-toc-section-end\"><\/span><\/h3>\n<p>La Moselle est une rivi\u00e8re aux paysages \u00e9poustouflants. Vous pouvez la visiter de fond en comble en vous rendant au port de plaisance de la ville et en r\u00e9servant une place pour une croisi\u00e8re ! En journ\u00e9e ou de nuit ; vous y appr\u00e9cierez les ponts, les maisons avoisinantes, les jolis sentiers en bordure, et une faune et une flore \u00e9patantes.<\/p>\n<p><iframe title=\"Vous d\u00e9m\u00e9nagez \u00e0 Metz? \u26ea\" width=\"500\" height=\"281\" src=\"https:\/\/www.youtube.com\/embed\/Wq4DqEOv7KQ?feature=oembed\" frameborder=\"0\" allow=\"accelerometer; autoplay; clipboard-write; encrypted-media; gyroscope; picture-in-picture; web-share\" referrerpolicy=\"strict-origin-when-cross-origin\" allowfullscreen><\/iframe><\/p>\n<h3><span class=\"ez-toc-section\" id=\"les-animations-de-lopera-theatre\"><\/span>Les animations de l\u2019op\u00e9ra th\u00e9\u00e2tre<span class=\"ez-toc-section-end\"><\/span><\/h3>\n<p>Ce b\u00e2timent dont l\u2019inauguration date de 1752 propose encore aujourd\u2019hui de nombreuses animations. Pi\u00e8ces th\u00e9\u00e2trales ou chant d\u2019op\u00e9ra, vous appr\u00e9cierez autant la beaut\u00e9 des lieux que les \u00e9v\u00e9nements eux-m\u00eames. Sur les diff\u00e9rentes th\u00e9matiques propos\u00e9es, r\u00e9server votre place pour celle qui vous int\u00e9resse le plus. Le mieux est d\u2019y aller en couple ou avec des amis. Parfois, m\u00eame les enfants peuvent y trouver leur compte !<\/p>\n<h2><span class=\"ez-toc-section\" id=\"le-cout-de-la-vie-a-metz\"><\/span>Le co\u00fbt de la vie \u00e0 Metz<span class=\"ez-toc-section-end\"><\/span><\/h2>\n<p>En comparaison avec la moyenne du pays, vivre \u00e0 Metz co\u00fbterait 5 % moins cher. Cela signifie que la ville s&rsquo;inscrit \u00e0 peu pr\u00e8s dans la moyenne nationale en ce qui concerne les d\u00e9penses quotidiennes. Cela dit, ce chiffre \u00e9tant quelque peu abstrait ; voici un tableau comparatif qui permet d\u2019avoir une meilleure id\u00e9e du co\u00fbt de la vie \u00e0 Metz.<\/p>\n<h2><span class=\"ez-toc-section\" id=\"avis-de-la-redaction\"><\/span>Avis de la r\u00e9daction<span class=\"ez-toc-section-end\"><\/span><\/h2>\n<p>Metz est une ville o\u00f9 l\u2019on peut facilement se plaire, pour peu qu\u2019on sache appr\u00e9cier le calme, la nature, les fleuves ainsi que les constructions du moyen-\u00e2ge. Si en revanche vous \u00eates \u00e0 la recherche d\u2019une m\u00e9tropole tr\u00e8s rythm\u00e9e par les animations et la vie mondaine, il est pr\u00e9f\u00e9rable de chercher ailleurs. Pareillement, Metz ne figure pas parmi les villes les moins ch\u00e8res du pays, elle s\u2019inscrit l\u00e9g\u00e8rement en dessous de la moyenne nationale.<\/p>\n<h4><span class=\"ez-toc-section\" id=\"informations-pratiques-sur-la-ville\"><\/span>Informations pratiques sur la ville :<span class=\"ez-toc-section-end\"><\/span><\/h4>\n<ul>\n<li>Mairie<\/li>\n<\/ul>\n<p>Adresse : 1 place d&rsquo;Armes-Jacques-Fran\u00e7ois-Blondel \u00a0 Contacts :<\/p>\n<p>T\u00e9l : 08 00 89 18 91<\/p>\n<p>Fax : 03 87 55 52 77<\/p>\n<p>Site Web : http:\/\/metz.fr<\/p>\n<ul>\n<li>CHR<\/li>\n<\/ul>\n<p>Adresse : 1, All\u00e9e du Ch\u00e2teau 57530 Ars-Laquenexy<\/p>\n<p>57085 Metz cedex 03<\/p>\n<p>Tel : 03 87 55 31 31<\/p>\n<p>Fax : 03 87 55 39 88<\/p>\n<p>Courriel : dg-secretariat@chr-metz-thionville.fr<\/p>\n<p>http:\/\/www.chr-metz-thionville.fr<\/p>\n<ul>\n<li>Commissariat<\/li>\n<\/ul>\n<p>Adresse : 45 Rue Belle-Isle, 57000 Metz<\/p>\n<p>T\u00e9l. : 03 87 16 17 17<\/p>\n","protected":false},"excerpt":{"rendered":"<p>Metz est une ville fran\u00e7aise situ\u00e9e en r\u00e9gion Grand Est, dans le d\u00e9partement de la Moselle. Cette commune localis\u00e9e dans<\/p>\n","protected":false},"author":11,"featured_media":24193,"comment_status":"closed","ping_status":"closed","sticky":false,"template":"","format":"standard","meta":{"_lmt_disableupdate":"no","_lmt_disable":"no","footnotes":""},"categories":[102],"tags":[],"yoast_head":"<!-- This site is optimized with the Yoast SEO Premium plugin v24.2 (Yoast SEO v24.5) - https:\/\/yoast.com\/wordpress\/plugins\/seo\/ -->\n<title>Vivre \u00e0 Metz (Moselle) : ce que vous devez savoir<\/title>\n<meta name=\"description\" content=\"Metz, en Moselle, caract\u00e9rise par ses larges espaces verts, et figure parmi les 3 premi\u00e8res villes vertes du pays.\" \/>\n<meta name=\"robots\" content=\"index, follow, max-snippet:-1, max-image-preview:large, max-video-preview:-1\" \/>\n<link rel=\"canonical\" href=\"https:\/\/www.mydemenageur.com\/blog\/tout-savoir-avant-de-venir-vivre-a-metz\/\" \/>\n<meta property=\"og:locale\" content=\"fr_FR\" \/>\n<meta property=\"og:type\" content=\"article\" \/>\n<meta property=\"og:title\" content=\"Vivre \u00e0 Metz (Moselle) : les choses \u00e0 savoir avant de s\u2019y installer\" \/>\n<meta property=\"og:description\" content=\"Metz, en Moselle, caract\u00e9rise par ses larges espaces verts, et figure parmi les 3 premi\u00e8res villes vertes du pays.\" \/>\n<meta property=\"og:url\" content=\"https:\/\/www.mydemenageur.com\/blog\/tout-savoir-avant-de-venir-vivre-a-metz\/\" \/>\n<meta property=\"og:site_name\" content=\"MyDemenageur\" \/>\n<meta property=\"article:publisher\" content=\"https:\/\/www.facebook.com\/mydemenageur\" \/>\n<meta property=\"article:published_time\" content=\"2021-08-18T17:34:59+00:00\" \/>\n<meta property=\"article:modified_time\" content=\"2024-09-16T08:15:48+00:00\" \/>\n<meta property=\"og:image\" content=\"https:\/\/www.mydemenageur.com\/blog\/wp-content\/uploads\/2021\/08\/escapade-metz.jpg\" \/>\n\t<meta property=\"og:image:width\" content=\"2000\" \/>\n\t<meta property=\"og:image:height\" content=\"1190\" \/>\n\t<meta property=\"og:image:type\" content=\"image\/jpeg\" \/>\n<meta name=\"author\" content=\"Mathilde\" \/>\n<meta name=\"twitter:card\" content=\"summary_large_image\" \/>\n<meta name=\"twitter:creator\" content=\"@mydemenageur\" \/>\n<meta name=\"twitter:site\" content=\"@mydemenageur\" \/>\n<meta name=\"twitter:label1\" content=\"\u00c9crit par\" \/>\n\t<meta name=\"twitter:data1\" content=\"Mathilde\" \/>\n\t<meta name=\"twitter:label2\" content=\"Dur\u00e9e de lecture estim\u00e9e\" \/>\n\t<meta name=\"twitter:data2\" content=\"11 minutes\" \/>\n<script type=\"application\/ld+json\" class=\"yoast-schema-graph\">{\"@context\":\"https:\/\/schema.org\",\"@graph\":[{\"@type\":\"Article\",\"@id\":\"https:\/\/www.mydemenageur.com\/blog\/tout-savoir-avant-de-venir-vivre-a-metz\/#article\",\"isPartOf\":{\"@id\":\"https:\/\/www.mydemenageur.com\/blog\/tout-savoir-avant-de-venir-vivre-a-metz\/\"},\"author\":{\"name\":\"Mathilde\",\"@id\":\"https:\/\/www.mydemenageur.com\/blog\/#\/schema\/person\/4540dc333c2e7dc790f0f7bcd5b99569\"},\"headline\":\"Vivre \u00e0 Metz (Moselle) : les choses \u00e0 savoir avant de s\u2019y installer\",\"datePublished\":\"2021-08-18T17:34:59+00:00\",\"dateModified\":\"2024-09-16T08:15:48+00:00\",\"mainEntityOfPage\":{\"@id\":\"https:\/\/www.mydemenageur.com\/blog\/tout-savoir-avant-de-venir-vivre-a-metz\/\"},\"wordCount\":2085,\"publisher\":{\"@id\":\"https:\/\/www.mydemenageur.com\/blog\/#organization\"},\"image\":{\"@id\":\"https:\/\/www.mydemenageur.com\/blog\/tout-savoir-avant-de-venir-vivre-a-metz\/#primaryimage\"},\"thumbnailUrl\":\"https:\/\/www.mydemenageur.com\/blog\/wp-content\/uploads\/2021\/08\/escapade-metz.jpg\",\"articleSection\":[\"Logement\"],\"inLanguage\":\"fr-FR\"},{\"@type\":\"WebPage\",\"@id\":\"https:\/\/www.mydemenageur.com\/blog\/tout-savoir-avant-de-venir-vivre-a-metz\/\",\"url\":\"https:\/\/www.mydemenageur.com\/blog\/tout-savoir-avant-de-venir-vivre-a-metz\/\",\"name\":\"Vivre \u00e0 Metz (Moselle) : ce que vous devez savoir\",\"isPartOf\":{\"@id\":\"https:\/\/www.mydemenageur.com\/blog\/#website\"},\"primaryImageOfPage\":{\"@id\":\"https:\/\/www.mydemenageur.com\/blog\/tout-savoir-avant-de-venir-vivre-a-metz\/#primaryimage\"},\"image\":{\"@id\":\"https:\/\/www.mydemenageur.com\/blog\/tout-savoir-avant-de-venir-vivre-a-metz\/#primaryimage\"},\"thumbnailUrl\":\"https:\/\/www.mydemenageur.com\/blog\/wp-content\/uploads\/2021\/08\/escapade-metz.jpg\",\"datePublished\":\"2021-08-18T17:34:59+00:00\",\"dateModified\":\"2024-09-16T08:15:48+00:00\",\"description\":\"Metz, en Moselle, caract\u00e9rise par ses larges espaces verts, et figure parmi les 3 premi\u00e8res villes vertes du pays.\",\"breadcrumb\":{\"@id\":\"https:\/\/www.mydemenageur.com\/blog\/tout-savoir-avant-de-venir-vivre-a-metz\/#breadcrumb\"},\"inLanguage\":\"fr-FR\",\"potentialAction\":[{\"@type\":\"ReadAction\",\"target\":[\"https:\/\/www.mydemenageur.com\/blog\/tout-savoir-avant-de-venir-vivre-a-metz\/\"]}]},{\"@type\":\"ImageObject\",\"inLanguage\":\"fr-FR\",\"@id\":\"https:\/\/www.mydemenageur.com\/blog\/tout-savoir-avant-de-venir-vivre-a-metz\/#primaryimage\",\"url\":\"https:\/\/www.mydemenageur.com\/blog\/wp-content\/uploads\/2021\/08\/escapade-metz.jpg\",\"contentUrl\":\"https:\/\/www.mydemenageur.com\/blog\/wp-content\/uploads\/2021\/08\/escapade-metz.jpg\",\"width\":2000,\"height\":1190,\"caption\":\"escapade metz\"},{\"@type\":\"BreadcrumbList\",\"@id\":\"https:\/\/www.mydemenageur.com\/blog\/tout-savoir-avant-de-venir-vivre-a-metz\/#breadcrumb\",\"itemListElement\":[{\"@type\":\"ListItem\",\"position\":1,\"name\":\"Accueil\",\"item\":\"https:\/\/www.mydemenageur.com\/blog\/\"},{\"@type\":\"ListItem\",\"position\":2,\"name\":\"Logement\",\"item\":\"https:\/\/www.mydemenageur.com\/blog\/categorie\/logement\/\"},{\"@type\":\"ListItem\",\"position\":3,\"name\":\"Vivre \u00e0 Metz (Moselle) : les choses \u00e0 savoir avant de s\u2019y installer\"}]},{\"@type\":\"WebSite\",\"@id\":\"https:\/\/www.mydemenageur.com\/blog\/#website\",\"url\":\"https:\/\/www.mydemenageur.com\/blog\/\",\"name\":\"MyDemenageur\",\"description\":\"Conseils d\u00e9m\u00e9ngement entre particuliers et d\u00e9m\u00e9nagement professionnel\",\"publisher\":{\"@id\":\"https:\/\/www.mydemenageur.com\/blog\/#organization\"},\"potentialAction\":[{\"@type\":\"SearchAction\",\"target\":{\"@type\":\"EntryPoint\",\"urlTemplate\":\"https:\/\/www.mydemenageur.com\/blog\/?s={search_term_string}\"},\"query-input\":{\"@type\":\"PropertyValueSpecification\",\"valueRequired\":true,\"valueName\":\"search_term_string\"}}],\"inLanguage\":\"fr-FR\"},{\"@type\":\"Organization\",\"@id\":\"https:\/\/www.mydemenageur.com\/blog\/#organization\",\"name\":\"MyDemenageur.com\",\"url\":\"https:\/\/www.mydemenageur.com\/blog\/\",\"logo\":{\"@type\":\"ImageObject\",\"inLanguage\":\"fr-FR\",\"@id\":\"https:\/\/www.mydemenageur.com\/blog\/#\/schema\/logo\/image\/\",\"url\":\"https:\/\/www.mydemenageur.com\/blog\/wp-content\/uploads\/2022\/05\/MyDemenageur_Symbol.jpg\",\"contentUrl\":\"https:\/\/www.mydemenageur.com\/blog\/wp-content\/uploads\/2022\/05\/MyDemenageur_Symbol.jpg\",\"width\":878,\"height\":877,\"caption\":\"MyDemenageur.com\"},\"image\":{\"@id\":\"https:\/\/www.mydemenageur.com\/blog\/#\/schema\/logo\/image\/\"},\"sameAs\":[\"https:\/\/www.facebook.com\/mydemenageur\",\"https:\/\/x.com\/mydemenageur\",\"https:\/\/www.pinterest.fr\/mydemenageur\/\"]},{\"@type\":\"Person\",\"@id\":\"https:\/\/www.mydemenageur.com\/blog\/#\/schema\/person\/4540dc333c2e7dc790f0f7bcd5b99569\",\"name\":\"Mathilde\",\"image\":{\"@type\":\"ImageObject\",\"inLanguage\":\"fr-FR\",\"@id\":\"https:\/\/www.mydemenageur.com\/blog\/#\/schema\/person\/image\/\",\"url\":\"https:\/\/secure.gravatar.com\/avatar\/abde069f6f70261ee6ecea93e0437d77?s=96&#038;r=g\",\"contentUrl\":\"https:\/\/secure.gravatar.com\/avatar\/abde069f6f70261ee6ecea93e0437d77?s=96&#038;r=g\",\"caption\":\"Mathilde\"},\"description\":\"L'harmonie des couleurs et des objets m'a toujours fascin\u00e9e, transformant chaque pi\u00e8ce en un lieu unique et agr\u00e9able \u00e0 vivre. Sur MyDemenageur, vous trouverez non seulement des inspirations personnelles, mais aussi des informations r\u00e9centes sur le monde de la d\u00e9coration, les projets de maison, le d\u00e9m\u00e9nagement et les travaux.\",\"url\":\"https:\/\/www.mydemenageur.com\/blog\/author\/mathilde\/\"}]}<\/script>\n<!-- \/ Yoast SEO Premium plugin. -->","yoast_head_json":{"title":"Vivre \u00e0 Metz (Moselle) : ce que vous devez savoir","description":"Metz, en Moselle, caract\u00e9rise par ses larges espaces verts, et figure parmi les 3 premi\u00e8res villes vertes du pays.","robots":{"index":"index","follow":"follow","max-snippet":"max-snippet:-1","max-image-preview":"max-image-preview:large","max-video-preview":"max-video-preview:-1"},"canonical":"https:\/\/www.mydemenageur.com\/blog\/tout-savoir-avant-de-venir-vivre-a-metz\/","og_locale":"fr_FR","og_type":"article","og_title":"Vivre \u00e0 Metz (Moselle) : les choses \u00e0 savoir avant de s\u2019y installer","og_description":"Metz, en Moselle, caract\u00e9rise par ses larges espaces verts, et figure parmi les 3 premi\u00e8res villes vertes du pays.","og_url":"https:\/\/www.mydemenageur.com\/blog\/tout-savoir-avant-de-venir-vivre-a-metz\/","og_site_name":"MyDemenageur","article_publisher":"https:\/\/www.facebook.com\/mydemenageur","article_published_time":"2021-08-18T17:34:59+00:00","article_modified_time":"2024-09-16T08:15:48+00:00","og_image":[{"width":2000,"height":1190,"url":"https:\/\/www.mydemenageur.com\/blog\/wp-content\/uploads\/2021\/08\/escapade-metz.jpg","type":"image\/jpeg"}],"author":"Mathilde","twitter_card":"summary_large_image","twitter_creator":"@mydemenageur","twitter_site":"@mydemenageur","twitter_misc":{"\u00c9crit par":"Mathilde","Dur\u00e9e de lecture estim\u00e9e":"11 minutes"},"schema":{"@context":"https:\/\/schema.org","@graph":[{"@type":"Article","@id":"https:\/\/www.mydemenageur.com\/blog\/tout-savoir-avant-de-venir-vivre-a-metz\/#article","isPartOf":{"@id":"https:\/\/www.mydemenageur.com\/blog\/tout-savoir-avant-de-venir-vivre-a-metz\/"},"author":{"name":"Mathilde","@id":"https:\/\/www.mydemenageur.com\/blog\/#\/schema\/person\/4540dc333c2e7dc790f0f7bcd5b99569"},"headline":"Vivre \u00e0 Metz (Moselle) : les choses \u00e0 savoir avant de s\u2019y installer","datePublished":"2021-08-18T17:34:59+00:00","dateModified":"2024-09-16T08:15:48+00:00","mainEntityOfPage":{"@id":"https:\/\/www.mydemenageur.com\/blog\/tout-savoir-avant-de-venir-vivre-a-metz\/"},"wordCount":2085,"publisher":{"@id":"https:\/\/www.mydemenageur.com\/blog\/#organization"},"image":{"@id":"https:\/\/www.mydemenageur.com\/blog\/tout-savoir-avant-de-venir-vivre-a-metz\/#primaryimage"},"thumbnailUrl":"https:\/\/www.mydemenageur.com\/blog\/wp-content\/uploads\/2021\/08\/escapade-metz.jpg","articleSection":["Logement"],"inLanguage":"fr-FR"},{"@type":"WebPage","@id":"https:\/\/www.mydemenageur.com\/blog\/tout-savoir-avant-de-venir-vivre-a-metz\/","url":"https:\/\/www.mydemenageur.com\/blog\/tout-savoir-avant-de-venir-vivre-a-metz\/","name":"Vivre \u00e0 Metz (Moselle) : ce que vous devez savoir","isPartOf":{"@id":"https:\/\/www.mydemenageur.com\/blog\/#website"},"primaryImageOfPage":{"@id":"https:\/\/www.mydemenageur.com\/blog\/tout-savoir-avant-de-venir-vivre-a-metz\/#primaryimage"},"image":{"@id":"https:\/\/www.mydemenageur.com\/blog\/tout-savoir-avant-de-venir-vivre-a-metz\/#primaryimage"},"thumbnailUrl":"https:\/\/www.mydemenageur.com\/blog\/wp-content\/uploads\/2021\/08\/escapade-metz.jpg","datePublished":"2021-08-18T17:34:59+00:00","dateModified":"2024-09-16T08:15:48+00:00","description":"Metz, en Moselle, caract\u00e9rise par ses larges espaces verts, et figure parmi les 3 premi\u00e8res villes vertes du pays.","breadcrumb":{"@id":"https:\/\/www.mydemenageur.com\/blog\/tout-savoir-avant-de-venir-vivre-a-metz\/#breadcrumb"},"inLanguage":"fr-FR","potentialAction":[{"@type":"ReadAction","target":["https:\/\/www.mydemenageur.com\/blog\/tout-savoir-avant-de-venir-vivre-a-metz\/"]}]},{"@type":"ImageObject","inLanguage":"fr-FR","@id":"https:\/\/www.mydemenageur.com\/blog\/tout-savoir-avant-de-venir-vivre-a-metz\/#primaryimage","url":"https:\/\/www.mydemenageur.com\/blog\/wp-content\/uploads\/2021\/08\/escapade-metz.jpg","contentUrl":"https:\/\/www.mydemenageur.com\/blog\/wp-content\/uploads\/2021\/08\/escapade-metz.jpg","width":2000,"height":1190,"caption":"escapade metz"},{"@type":"BreadcrumbList","@id":"https:\/\/www.mydemenageur.com\/blog\/tout-savoir-avant-de-venir-vivre-a-metz\/#breadcrumb","itemListElement":[{"@type":"ListItem","position":1,"name":"Accueil","item":"https:\/\/www.mydemenageur.com\/blog\/"},{"@type":"ListItem","position":2,"name":"Logement","item":"https:\/\/www.mydemenageur.com\/blog\/categorie\/logement\/"},{"@type":"ListItem","position":3,"name":"Vivre \u00e0 Metz (Moselle) : les choses \u00e0 savoir avant de s\u2019y installer"}]},{"@type":"WebSite","@id":"https:\/\/www.mydemenageur.com\/blog\/#website","url":"https:\/\/www.mydemenageur.com\/blog\/","name":"MyDemenageur","description":"Conseils d\u00e9m\u00e9ngement entre particuliers et d\u00e9m\u00e9nagement professionnel","publisher":{"@id":"https:\/\/www.mydemenageur.com\/blog\/#organization"},"potentialAction":[{"@type":"SearchAction","target":{"@type":"EntryPoint","urlTemplate":"https:\/\/www.mydemenageur.com\/blog\/?s={search_term_string}"},"query-input":{"@type":"PropertyValueSpecification","valueRequired":true,"valueName":"search_term_string"}}],"inLanguage":"fr-FR"},{"@type":"Organization","@id":"https:\/\/www.mydemenageur.com\/blog\/#organization","name":"MyDemenageur.com","url":"https:\/\/www.mydemenageur.com\/blog\/","logo":{"@type":"ImageObject","inLanguage":"fr-FR","@id":"https:\/\/www.mydemenageur.com\/blog\/#\/schema\/logo\/image\/","url":"https:\/\/www.mydemenageur.com\/blog\/wp-content\/uploads\/2022\/05\/MyDemenageur_Symbol.jpg","contentUrl":"https:\/\/www.mydemenageur.com\/blog\/wp-content\/uploads\/2022\/05\/MyDemenageur_Symbol.jpg","width":878,"height":877,"caption":"MyDemenageur.com"},"image":{"@id":"https:\/\/www.mydemenageur.com\/blog\/#\/schema\/logo\/image\/"},"sameAs":["https:\/\/www.facebook.com\/mydemenageur","https:\/\/x.com\/mydemenageur","https:\/\/www.pinterest.fr\/mydemenageur\/"]},{"@type":"Person","@id":"https:\/\/www.mydemenageur.com\/blog\/#\/schema\/person\/4540dc333c2e7dc790f0f7bcd5b99569","name":"Mathilde","image":{"@type":"ImageObject","inLanguage":"fr-FR","@id":"https:\/\/www.mydemenageur.com\/blog\/#\/schema\/person\/image\/","url":"https:\/\/secure.gravatar.com\/avatar\/abde069f6f70261ee6ecea93e0437d77?s=96&#038;r=g","contentUrl":"https:\/\/secure.gravatar.com\/avatar\/abde069f6f70261ee6ecea93e0437d77?s=96&#038;r=g","caption":"Mathilde"},"description":"L'harmonie des couleurs et des objets m'a toujours fascin\u00e9e, transformant chaque pi\u00e8ce en un lieu unique et agr\u00e9able \u00e0 vivre. Sur MyDemenageur, vous trouverez non seulement des inspirations personnelles, mais aussi des informations r\u00e9centes sur le monde de la d\u00e9coration, les projets de maison, le d\u00e9m\u00e9nagement et les travaux.","url":"https:\/\/www.mydemenageur.com\/blog\/author\/mathilde\/"}]}},"modified_by":"MyDemenageur","_links":{"self":[{"href":"https:\/\/www.mydemenageur.com\/blog\/wp-json\/wp\/v2\/posts\/23035"}],"collection":[{"href":"https:\/\/www.mydemenageur.com\/blog\/wp-json\/wp\/v2\/posts"}],"about":[{"href":"https:\/\/www.mydemenageur.com\/blog\/wp-json\/wp\/v2\/types\/post"}],"author":[{"embeddable":true,"href":"https:\/\/www.mydemenageur.com\/blog\/wp-json\/wp\/v2\/users\/11"}],"replies":[{"embeddable":true,"href":"https:\/\/www.mydemenageur.com\/blog\/wp-json\/wp\/v2\/comments?post=23035"}],"version-history":[{"count":0,"href":"https:\/\/www.mydemenageur.com\/blog\/wp-json\/wp\/v2\/posts\/23035\/revisions"}],"wp:featuredmedia":[{"embeddable":true,"href":"https:\/\/www.mydemenageur.com\/blog\/wp-json\/wp\/v2\/media\/24193"}],"wp:attachment":[{"href":"https:\/\/www.mydemenageur.com\/blog\/wp-json\/wp\/v2\/media?parent=23035"}],"wp:term":[{"taxonomy":"category","embeddable":true,"href":"https:\/\/www.mydemenageur.com\/blog\/wp-json\/wp\/v2\/categories?post=23035"},{"taxonomy":"post_tag","embeddable":true,"href":"https:\/\/www.mydemenageur.com\/blog\/wp-json\/wp\/v2\/tags?post=23035"}],"curies":[{"name":"wp","href":"https:\/\/api.w.org\/{rel}","templated":true}]}}