{"id":23098,"date":"2021-08-18T16:59:07","date_gmt":"2021-08-18T16:59:07","guid":{"rendered":"https:\/\/www.mydemenageur.com\/blog\/?p=23098"},"modified":"2024-09-15T00:54:28","modified_gmt":"2024-09-14T22:54:28","slug":"tout-savoir-avant-de-venir-vivre-a-calais","status":"publish","type":"post","link":"https:\/\/www.mydemenageur.com\/blog\/tout-savoir-avant-de-venir-vivre-a-calais\/","title":{"rendered":"Vivre \u00e0 Calais : les choses \u00e0 savoir avant de s\u2019y installer"},"content":{"rendered":"<p>Calais est une commune du Pas-de-Calais en r\u00e9gion Hauts-de-France. Avec ses 73 911 habitants, la ville est la plus peupl\u00e9e du d\u00e9partement. Son port, le plus important de France pour le transport de passagers, et le tunnel sous la Manche, en font la principale ville fran\u00e7aise de liaison avec la Grande-Bretagne. Calais est \u00e9galement sur le trajet de plusieurs autoroutes. La commune est desservie par des bus, des autocars et le train qui font la liaison avec les villes voisines. <b>D\u00e9couvrez notre article pour tout savoir avant de venir vivre \u00e0 Calais.<\/b><\/p>\n<div id=\"ez-toc-container\" class=\"ez-toc-v2_0_82_2 counter-hierarchy ez-toc-counter ez-toc-custom ez-toc-container-direction\">\n<div class=\"ez-toc-title-container\">\n<p class=\"ez-toc-title\" style=\"cursor:inherit\">Ce que vous allez apprendre<\/p>\n<span class=\"ez-toc-title-toggle\"><\/span><\/div>\n<nav><ul class='ez-toc-list ez-toc-list-level-1 ' ><li class='ez-toc-page-1 ez-toc-heading-level-2'><a class=\"ez-toc-link ez-toc-heading-1\" href=\"https:\/\/www.mydemenageur.com\/blog\/tout-savoir-avant-de-venir-vivre-a-calais\/#vivre-a-calais-les-choses-a-savoir\" >Vivre \u00e0 Calais, les choses \u00e0 savoir<\/a><\/li><li class='ez-toc-page-1 ez-toc-heading-level-2'><a class=\"ez-toc-link ez-toc-heading-2\" href=\"https:\/\/www.mydemenageur.com\/blog\/tout-savoir-avant-de-venir-vivre-a-calais\/#pourquoi-vivre-a-calais\" >Pourquoi vivre \u00e0 Calais ?<\/a><ul class='ez-toc-list-level-3' ><li class='ez-toc-heading-level-3'><a class=\"ez-toc-link ez-toc-heading-3\" href=\"https:\/\/www.mydemenageur.com\/blog\/tout-savoir-avant-de-venir-vivre-a-calais\/#calais-une-station-balneaire-avant-tout\" >Calais, une station baln\u00e9aire avant tout<\/a><\/li><li class='ez-toc-page-1 ez-toc-heading-level-3'><a class=\"ez-toc-link ez-toc-heading-4\" href=\"https:\/\/www.mydemenageur.com\/blog\/tout-savoir-avant-de-venir-vivre-a-calais\/#lactivite-culturelle-a-calais\" >L&rsquo;activit\u00e9 culturelle \u00e0 Calais<\/a><\/li><li class='ez-toc-page-1 ez-toc-heading-level-3'><a class=\"ez-toc-link ez-toc-heading-5\" href=\"https:\/\/www.mydemenageur.com\/blog\/tout-savoir-avant-de-venir-vivre-a-calais\/#dans-quel-quartier-fait-il-bon-vivre-a-calais\" >Dans quel quartier fait-il bon vivre \u00e0 Calais ?<\/a><\/li><li class='ez-toc-page-1 ez-toc-heading-level-3'><a class=\"ez-toc-link ez-toc-heading-6\" href=\"https:\/\/www.mydemenageur.com\/blog\/tout-savoir-avant-de-venir-vivre-a-calais\/#le-centre-historique\" >Le centre historique<\/a><\/li><li class='ez-toc-page-1 ez-toc-heading-level-3'><a class=\"ez-toc-link ez-toc-heading-7\" href=\"https:\/\/www.mydemenageur.com\/blog\/tout-savoir-avant-de-venir-vivre-a-calais\/#le-centre-ville-moderne\" >Le centre-ville moderne<\/a><ul class='ez-toc-list-level-4' ><li class='ez-toc-heading-level-4'><a class=\"ez-toc-link ez-toc-heading-8\" href=\"https:\/\/www.mydemenageur.com\/blog\/tout-savoir-avant-de-venir-vivre-a-calais\/#sangatte\" >Sangatte<\/a><\/li><\/ul><\/li><\/ul><\/li><li class='ez-toc-page-1 ez-toc-heading-level-2'><a class=\"ez-toc-link ez-toc-heading-9\" href=\"https:\/\/www.mydemenageur.com\/blog\/tout-savoir-avant-de-venir-vivre-a-calais\/#que-visiter-a-calais\" >Que visiter \u00e0 Calais ?<\/a><ul class='ez-toc-list-level-3' ><li class='ez-toc-heading-level-3'><a class=\"ez-toc-link ez-toc-heading-10\" href=\"https:\/\/www.mydemenageur.com\/blog\/tout-savoir-avant-de-venir-vivre-a-calais\/#lhotel-de-ville\" >L\u2019h\u00f4tel de ville<\/a><\/li><li class='ez-toc-page-1 ez-toc-heading-level-3'><a class=\"ez-toc-link ez-toc-heading-11\" href=\"https:\/\/www.mydemenageur.com\/blog\/tout-savoir-avant-de-venir-vivre-a-calais\/#le-parc-richelieu\" >Le parc Richelieu<\/a><\/li><li class='ez-toc-page-1 ez-toc-heading-level-3'><a class=\"ez-toc-link ez-toc-heading-12\" href=\"https:\/\/www.mydemenageur.com\/blog\/tout-savoir-avant-de-venir-vivre-a-calais\/#le-musee-des-beaux-arts\" >Le Mus\u00e9e des Beaux Arts<\/a><\/li><\/ul><\/li><li class='ez-toc-page-1 ez-toc-heading-level-2'><a class=\"ez-toc-link ez-toc-heading-13\" href=\"https:\/\/www.mydemenageur.com\/blog\/tout-savoir-avant-de-venir-vivre-a-calais\/#le-cout-de-la-vie-a-calais\" >Le co\u00fbt de la vie \u00e0 Calais<\/a><\/li><li class='ez-toc-page-1 ez-toc-heading-level-2'><a class=\"ez-toc-link ez-toc-heading-14\" href=\"https:\/\/www.mydemenageur.com\/blog\/tout-savoir-avant-de-venir-vivre-a-calais\/#avis-de-la-redaction\" >Avis de la r\u00e9daction<\/a><\/li><li class='ez-toc-page-1 ez-toc-heading-level-2'><a class=\"ez-toc-link ez-toc-heading-15\" href=\"https:\/\/www.mydemenageur.com\/blog\/tout-savoir-avant-de-venir-vivre-a-calais\/#un-demenageur-a-calais-moins-cher\" >Un d\u00e9m\u00e9nageur \u00e0 Calais moins cher<\/a><ul class='ez-toc-list-level-3' ><li class='ez-toc-heading-level-3'><a class=\"ez-toc-link ez-toc-heading-16\" href=\"https:\/\/www.mydemenageur.com\/blog\/tout-savoir-avant-de-venir-vivre-a-calais\/#le-guide-pratique-pour-demenager-a-calais\" >Le guide pratique pour d\u00e9m\u00e9nager \u00e0 Calais<\/a><\/li><\/ul><\/li><li class='ez-toc-page-1 ez-toc-heading-level-2'><a class=\"ez-toc-link ez-toc-heading-17\" href=\"https:\/\/www.mydemenageur.com\/blog\/tout-savoir-avant-de-venir-vivre-a-calais\/#conclusion\" >Conclusion<\/a><ul class='ez-toc-list-level-4' ><li class='ez-toc-heading-level-4'><ul class='ez-toc-list-level-4' ><li class='ez-toc-heading-level-4'><a class=\"ez-toc-link ez-toc-heading-18\" href=\"https:\/\/www.mydemenageur.com\/blog\/tout-savoir-avant-de-venir-vivre-a-calais\/#informations-pratiques-sur-la-ville\" >Informations pratiques sur la ville :<\/a><\/li><\/ul><\/li><\/ul><\/li><\/ul><\/nav><\/div>\n<h2><span class=\"ez-toc-section\" id=\"vivre-a-calais-les-choses-a-savoir\"><\/span>Vivre \u00e0 Calais, les choses \u00e0 savoir<span class=\"ez-toc-section-end\"><\/span><\/h2>\n<p>Calais abrite des endroits o\u00f9 on peut passer de bons moments seul, en famille ou entre amis. La ville regorge de nombreux monuments historiques qui font le bonheur des amateurs d\u2019histoire, des mus\u00e9es qu\u2019appr\u00e9cient les passionn\u00e9s d\u2019art et un littoral pour se d\u00e9tendre sous le soleil en bordure de mer.<\/p>\n<h2><span class=\"ez-toc-section\" id=\"pourquoi-vivre-a-calais\"><\/span>Pourquoi vivre \u00e0 Calais ?<span class=\"ez-toc-section-end\"><\/span><\/h2>\n<p>Calais est s\u00e9par\u00e9e de la Grande-Bretagne par la Manche et s\u2019\u00e9tend au milieu d\u2019un beau paysage finissant en bordure de mer. Principal point de passage des ferries entre la France et l&rsquo;Angleterre, la ville est constamment berc\u00e9e par les vents marins, alimentant une atmosph\u00e8re de douceur sur la commune. Sa vieille ville, Calais-Nord, se trouve sur une \u00eele artificielle cern\u00e9e de canaux. Son h\u00f4tel de ville impressionnante accueille un beffroi haut de pr\u00e8s de 80 m\u00e8tres, donnant une superbe vue sur la ville. La c\u00e9l\u00e8bre statue en bronze de Rodin, Les Bourgeois de Calais sont entre autres curiosit\u00e9s qui agr\u00e9mentent le s\u00e9jour dans cette ville.<\/p>\n<p>Les Bourgeois de Calais est une des \u0153uvres les plus c\u00e9l\u00e8bres de Rodin. Le premier exemplaire de cet ouvrage command\u00e9 par la ville de Calais a \u00e9t\u00e9 inaugur\u00e9 en 1895. La tour du Guet est un des plus anciens monuments de Calais, qui serait une des nombreuses tours \u00e0 feu b\u00e2ties par Charlemagne au IXe si\u00e8cle pour prot\u00e9ger le littoral des invasions normandes. <b>L\u2019\u00e9glise Notre-Dame de Calais<\/b> construite entre les XIVe et XVIe si\u00e8cles est class\u00e9e au titre des monuments historiques depuis 1913.<\/p>\n<h3><span class=\"ez-toc-section\" id=\"calais-une-station-balneaire-avant-tout\"><\/span>Calais, une station baln\u00e9aire avant tout<span class=\"ez-toc-section-end\"><\/span><\/h3>\n<p>Ayant rompu quelque temps avec sa position de station baln\u00e9aire attractive vis-\u00e0-vis des touristes, voil\u00e0 que Calais reprend du poil de la b\u00eate depuis peu. La politique de la ville visant \u00e0 la redresser sur tous les plans fonctionne, du moins de ce point de vue. Le grand site des deux caps, labellis\u00e9 Grand site de France, est un exemple frappant de la beaut\u00e9 des c\u00f4tes calaisiennes. Le littoral de Calais couvre au total plus d\u2019une vingtaine de kilom\u00e8tres de la c\u00f4te d\u2019Opale, qui prend son point de d\u00e9part depuis la Picardie. Ainsi, la ville est riche en belles plages, et dispose de falaises \u00e0 couper le souffle. Ce paysage s\u2019\u00e9tend jusqu\u2019aux communes avoisinantes \u00e0 l\u2019image de Touquet Paris-plage non loin.<\/p>\n<p><img decoding=\"async\" class=\"alignnone size-full wp-image-27535\" src=\"https:\/\/www.mydemenageur.com\/blog\/wp-content\/uploads\/2021\/08\/station-balenaire-calais.jpg\" alt=\"station balneaire calais\" width=\"1350\" height=\"759\" srcset=\"https:\/\/www.mydemenageur.com\/blog\/wp-content\/uploads\/2021\/08\/station-balenaire-calais.jpg 1350w, https:\/\/www.mydemenageur.com\/blog\/wp-content\/uploads\/2021\/08\/station-balenaire-calais-300x169.jpg 300w, https:\/\/www.mydemenageur.com\/blog\/wp-content\/uploads\/2021\/08\/station-balenaire-calais-1024x576.jpg 1024w, https:\/\/www.mydemenageur.com\/blog\/wp-content\/uploads\/2021\/08\/station-balenaire-calais-768x432.jpg 768w\" sizes=\"(max-width: 1350px) 100vw, 1350px\" \/>La proximit\u00e9 de la Manche sur les c\u00f4tes de Calais permet aussi \u00e0 la ville d\u2019organiser des activit\u00e9s nautiques pour divertir ses habitants. De la simple baignade \u00e0 la croisi\u00e8re en passant par la planche \u00e0 voile, le ski nautique et autres, le choix est large.<\/p>\n<h3><span class=\"ez-toc-section\" id=\"lactivite-culturelle-a-calais\"><\/span>L&rsquo;activit\u00e9 culturelle \u00e0 Calais<span class=\"ez-toc-section-end\"><\/span><\/h3>\n<p>En outre, l\u2019activit\u00e9 culturelle \u00e0 Calais n\u2019est, elle aussi, pas en reste. En t\u00e9moigne le conservatoire de musique \u00e0 rayonnement d\u00e9partemental, qui n\u2019a de cesse d\u2019initier des jeunes au quatri\u00e8me art. L\u2019\u00e9cole d\u2019art du Calaisis peut en dire autant du c\u00f4t\u00e9 de la peinture, du dessin ou encore de la sculpture. Les cin\u00e9mas, \u00e0 l\u2019image de celui de l\u2019Alhambra, permettent aux calaisiens de passer de belles soir\u00e9es en face du grand \u00e9cran. Enfin, le th\u00e9\u00e2tre lui aussi est mis \u00e0 l\u2019honneur, le Centre G\u00e9rard Philippe ou encore le Grand Th\u00e9\u00e2tre de Calais en sont les piliers.<\/p>\n<p>A l\u2019image du Nord-Pas-De-Calais et des r\u00e9gions du nord en g\u00e9n\u00e9ral, la ville fait constamment l\u2019objet de projets et de programmes visant \u00e0 d\u00e9velopper son infrastructure et son \u00e9conomie. Calais est donc en constant d\u00e9veloppement, et reste une ville prometteuse.<\/p>\n<h3><span class=\"ez-toc-section\" id=\"dans-quel-quartier-fait-il-bon-vivre-a-calais\"><\/span>Dans quel quartier fait-il bon vivre \u00e0 Calais ?<span class=\"ez-toc-section-end\"><\/span><\/h3>\n<p>La ville de Calais se compose de plusieurs quartiers parmi lesquels certains sont demand\u00e9s. Pour bien choisir le secteur de votre destination, nous vous pr\u00e9sentons ci-dessous une liste des quartiers les plus connus au sein de la ville.<\/p>\n<h3><span class=\"ez-toc-section\" id=\"le-centre-historique\"><\/span>Le centre historique<span class=\"ez-toc-section-end\"><\/span><\/h3>\n<p>Le centre historique de la ville de Calais s\u2019\u00e9tend sur une presqu\u2019\u00eele artificielle, un endroit id\u00e9al pour appr\u00e9cier les charmes de la ville. On y trouve de nombreux b\u00e2timents historiques dont la Tour du Guet, le Phare de Calais et le c\u00e9l\u00e8bre Mus\u00e9e des Beaux-Arts contenant des collections de Rodin. Il est le porte voix de l\u2019identit\u00e9 calaisienne, \u00e0 travers tous ces monuments et infrastructures culturels et historiques.<\/p>\n<h3><span class=\"ez-toc-section\" id=\"le-centre-ville-moderne\"><\/span>Le centre-ville moderne<span class=\"ez-toc-section-end\"><\/span><\/h3>\n<p>Le secteur bourgeois (centre-ville moderne), tr\u00e8s anim\u00e9, abrite de nombreux magasins, des bars et discoth\u00e8ques, un ensemble d\u2019h\u00f4tels et des logements en location, des appartements confortables disponibles toute l\u2019ann\u00e9e via les plateformes locatives. Il est donc de nature plus anim\u00e9e et festive que le centre historique et convient mieux aux personnes qui aiment le mouvement.<\/p>\n<p><img decoding=\"async\" class=\"alignnone size-full wp-image-27537\" src=\"https:\/\/www.mydemenageur.com\/blog\/wp-content\/uploads\/2021\/08\/centre-ville-calais.jpg\" alt=\"centre ville calais\" width=\"1350\" height=\"759\" srcset=\"https:\/\/www.mydemenageur.com\/blog\/wp-content\/uploads\/2021\/08\/centre-ville-calais.jpg 1350w, https:\/\/www.mydemenageur.com\/blog\/wp-content\/uploads\/2021\/08\/centre-ville-calais-300x169.jpg 300w, https:\/\/www.mydemenageur.com\/blog\/wp-content\/uploads\/2021\/08\/centre-ville-calais-1024x576.jpg 1024w, https:\/\/www.mydemenageur.com\/blog\/wp-content\/uploads\/2021\/08\/centre-ville-calais-768x432.jpg 768w\" sizes=\"(max-width: 1350px) 100vw, 1350px\" \/><\/p>\n<h4><span class=\"ez-toc-section\" id=\"sangatte\"><\/span>Sangatte<span class=\"ez-toc-section-end\"><\/span><\/h4>\n<p>La bourgade Sangatte, \u00e0 l\u2019ouest de la ville, abrite une longue plage de sable fin et de dunes bordant le littoral jusqu\u2019aux falaises du Cap Blanc-Nez. Les friands d\u2019activit\u00e9s nautiques peuvent y pratiquer le char \u00e0 voile, le kitesurf, le cerf-volant, la plong\u00e9e, la randonn\u00e9e sur des chemins balis\u00e9s sillonnant les dunes.<\/p>\n<h2><span class=\"ez-toc-section\" id=\"que-visiter-a-calais\"><\/span>Que visiter \u00e0 Calais ?<span class=\"ez-toc-section-end\"><\/span><\/h2>\n<p>Ville du nord de la France, Calais dispose de nombreux sites permettant de d\u00e9couvrir son identit\u00e9. Entre paysages naturels, \u00e9tablissements culturels et monuments historiques, voici une liste non exhaustive des lieux incontournables de la ville.<\/p>\n<h3><span class=\"ez-toc-section\" id=\"lhotel-de-ville\"><\/span>L\u2019h\u00f4tel de ville<span class=\"ez-toc-section-end\"><\/span><\/h3>\n<p>L\u2019h\u00f4tel de ville de Calais est assez particulier et diff\u00e9rent des autres. Grand b\u00e2timent de couleur brique et muni d\u2019un to\u00eet bleu marine, cette demeure ancestrale est srumont\u00e9e d\u2019un majestueux beffroi. Ce dernier fait tant sa sp\u00e9cificit\u00e9 que son charme. Construit et fa\u00e7onn\u00e9 selon un style architectural fait de m\u00e9lange entre renaissance et n\u00e9o flamand, il se situe sur la place du soldat inconnu. Par ailleurs, le b\u00e2timent est entour\u00e9 de merveilleux jardins que l\u2019on ne se lasse pas d\u2019admirer.<\/p>\n<h3><span class=\"ez-toc-section\" id=\"le-parc-richelieu\"><\/span>Le parc Richelieu<span class=\"ez-toc-section-end\"><\/span><\/h3>\n<p>Les statues du g\u00e9n\u00e9ral De Gaulle et de Winston Churchill vous accueillent \u00e0 l\u2019entr\u00e9e de ce jardin. Elles sont l&rsquo;\u0153uvre de Patrick Berthaud, grand sculpteur fran\u00e7ais. Le parc Richelieu, situ\u00e9 place du Mar\u00e9chal Foch, fut cr\u00e9\u00e9 en 1862, avant qu\u2019il ne soit modifi\u00e9 pr\u00e8s d\u2019un si\u00e8cle plus tard. Les bombardements de la guerre de 1940 ont caus\u00e9 quelques d\u00e9g\u00e2ts, notamment sur le Monument aux Morts, en hommage aux soldats de la Premi\u00e8re Guerre mondiale. Mais il fut r\u00e9nov\u00e9 quelque temps apr\u00e8s.<\/p>\n<h3><span class=\"ez-toc-section\" id=\"le-musee-des-beaux-arts\"><\/span>Le Mus\u00e9e des Beaux Arts<span class=\"ez-toc-section-end\"><\/span><\/h3>\n<p>Dirigeons-nous juste en face du parc Richelieu, o\u00f9 tr\u00f4ne le mus\u00e9e des Beaux Arts de la ville. Collections permanentes et temporaires se succ\u00e8dent dans cet \u00e9tablissement, traitant de diff\u00e9rents styles d\u2019arts. Du classique au contemporain, on retrouve une panoplie d\u2019exposition assez disparate. On retrouve m\u00eame des expositions ayant trait au street art, ainsi que des photographies du XXI\u00e8me si\u00e8cle. Une salle est enti\u00e8rement d\u00e9di\u00e9e \u00e0 Auguste Rodin, l\u2019un des plus grands sculpteurs de l\u2019histoire de France. Et pour cause, son monument \u201cLes 6 bourgeois de Calais\u201d se trouve en ville. On peut y admirer ses sculptures, mais aussi comprendre sa vie, et le sens profond de ses \u0153uvres majeures.<\/p>\n<p>En outre, un petit atelier est mis \u00e0 disposition de chacun, pouvant laisser exprimer l\u2019\u00e2me de potentiels artistes en herbe. La visite totale du mus\u00e9e peut durer en moyenne une heure et demie.<\/p>\n<h2><span class=\"ez-toc-section\" id=\"le-cout-de-la-vie-a-calais\"><\/span>Le co\u00fbt de la vie \u00e0 Calais<span class=\"ez-toc-section-end\"><\/span><\/h2>\n<p>La question se pose \u00e0 pr\u00e9sent de savoir ce qu\u2019il en co\u00fbte d\u2019habiter au sein de la principale commune du Pas-de-Calais. En d\u00e9pit des nombreux atouts que pr\u00e9sente la ville, les chiffres indiquent que Calais est moins ch\u00e8re que la moyenne des communes en France. Et cette diff\u00e9rence se chiffrerait \u00e0 9%. Cela dit, le revenu calaisien moyen est inf\u00e9rieur \u00e0 la moyenne du pays, et ce de pr\u00e8s de 20%. Pour avoir plus de pr\u00e9cision \u00e0 ce sujet, vous pouvez consulter le tableau comparatif ci-dessous. Il s\u2019agit d\u2019une s\u00e9lection de certains biens et services faisant partie du quotidien. La moyenne des prix de ces derniers est compar\u00e9e entre Calais et la France.<\/p>\n<table>\n<tbody>\n<tr>\n<td><\/td>\n<td>Calais<\/td>\n<td>France<\/td>\n<\/tr>\n<tr>\n<td>Location en centre-ville<\/td>\n<td>937<\/td>\n<td>1241<\/td>\n<\/tr>\n<tr>\n<td>Location hors centre-ville<\/td>\n<td>835<\/td>\n<td>960<\/td>\n<\/tr>\n<tr>\n<td>Prix m2 centre-ville<\/td>\n<td>2500<\/td>\n<td>5088<\/td>\n<\/tr>\n<tr>\n<td>Prix m2 hors centre-ville<\/td>\n<td>1949<\/td>\n<td>3715<\/td>\n<\/tr>\n<tr>\n<td>D\u00eener restaurant (par personne)<\/td>\n<td>15<\/td>\n<td>25<\/td>\n<\/tr>\n<tr>\n<td>Essence (litre)<\/td>\n<td>1,5<\/td>\n<td>1,47<\/td>\n<\/tr>\n<tr>\n<td>Prise en charge taxi<\/td>\n<td>5,7<\/td>\n<td>2,6<\/td>\n<\/tr>\n<tr>\n<td>Ticket de cin\u00e9ma<\/td>\n<td>9,5<\/td>\n<td>10<\/td>\n<\/tr>\n<tr>\n<td>Salaire net<\/td>\n<td>1990<\/td>\n<td>2448<\/td>\n<\/tr>\n<\/tbody>\n<\/table>\n<h2><span class=\"ez-toc-section\" id=\"avis-de-la-redaction\"><\/span>Avis de la r\u00e9daction<span class=\"ez-toc-section-end\"><\/span><\/h2>\n<p>La ville de Calais a de quoi s\u00e9duire, \u00e0 travers son patrimoine historique, mais aussi de par sa position g\u00e9ographique. Riche en jolies plages et falaises, Calais s\u00e9duit les visiteurs, et attire m\u00eame de nouveaux habitants. Habitants qui pourront \u00e9galement jouir de l\u2019activit\u00e9 culturelle de la ville, o\u00f9 plusieurs arts sont pris en consid\u00e9ration et d\u00e9velopp\u00e9s. Par ailleurs, il n\u2019est pas co\u00fbteux d\u2019habiter Calais. Les prix de l\u2019immobilier sont bien plus abordables que bon nombre d\u2019autres communes avoisinantes, et m\u00eame plus loin. M\u00eame s\u2019il est vrai que Calais n\u2019occupe que la 42 \u00e8me place des villes et villages o\u00f9 il fait bon vivre (ce qui reste tout de m\u00eame un bon score), elle est \u00e0 la hauteur pour des exigences financi\u00e8res aussi petites.<\/p>\n<h2><span class=\"ez-toc-section\" id=\"un-demenageur-a-calais-moins-cher\"><\/span>Un d\u00e9m\u00e9nageur \u00e0 Calais moins cher<span class=\"ez-toc-section-end\"><\/span><\/h2>\n<p>Mydemenageur se met \u00e0 votre disposition pour vous fournir des \u00e9quipes de <a href=\"https:\/\/www.mydemenageur.com\/aide-demenagement\/annuaire\/demenageur\/calais\">d\u00e9m\u00e9nageur \u00e0 Calais<\/a> ou de professionnels du d\u00e9m\u00e9nagement. Le personnel employ\u00e9 est digne des services les plus qualitatifs en mati\u00e8re de <a href=\"https:\/\/www.mydemenageur.com\/blog\/logement\/\">d\u00e9m\u00e9nagement<\/a>, et prend en charge le transfert de toutes vos affaires \u00e0 Calais. Pour b\u00e9n\u00e9ficier de ces services, vous pouvez contacter d\u00e8s \u00e0 pr\u00e9sent l\u2019\u00e9quipe de Mydemenageur. Votre demande sera trait\u00e9e dans un court d\u00e9lai, n\u2019exc\u00e9dant pas les 24 heures.<\/p>\n<p><img decoding=\"async\" class=\"alignnone size-full wp-image-27536\" src=\"https:\/\/www.mydemenageur.com\/blog\/wp-content\/uploads\/2021\/08\/ville-calais.jpg\" alt=\"ville calais\" width=\"1350\" height=\"759\" srcset=\"https:\/\/www.mydemenageur.com\/blog\/wp-content\/uploads\/2021\/08\/ville-calais.jpg 1350w, https:\/\/www.mydemenageur.com\/blog\/wp-content\/uploads\/2021\/08\/ville-calais-300x169.jpg 300w, https:\/\/www.mydemenageur.com\/blog\/wp-content\/uploads\/2021\/08\/ville-calais-1024x576.jpg 1024w, https:\/\/www.mydemenageur.com\/blog\/wp-content\/uploads\/2021\/08\/ville-calais-768x432.jpg 768w\" sizes=\"(max-width: 1350px) 100vw, 1350px\" \/><\/p>\n<h3><span class=\"ez-toc-section\" id=\"le-guide-pratique-pour-demenager-a-calais\"><\/span>Le guide pratique pour d\u00e9m\u00e9nager \u00e0 Calais<span class=\"ez-toc-section-end\"><\/span><\/h3>\n<p>Des gros bras ou des d\u00e9m\u00e9nageurs professionnels sont pr\u00eats \u00e0 vous accompagner dans votre projet de d\u00e9m\u00e9nagement \u00e0 Calais. Quel que soit votre choix, vous b\u00e9n\u00e9ficiez de certains avantages.<\/p>\n<p>Les avantages du d\u00e9m\u00e9nagement avec les gros bras :<\/p>\n<ul>\n<li>Service moins cher<\/li>\n<li>D\u00e9m\u00e9nagement effectu\u00e9 selon votre emploi de temps (pas de contrainte de d\u00e9lai)<\/li>\n<\/ul>\n<p>Les avantages du d\u00e9m\u00e9nagement avec les pros :<\/p>\n<ul>\n<li>Le professionnel s\u2019occupe du mat\u00e9riel pour l\u2019emballage, le transport des meubles et objets fragiles<\/li>\n<li>Des \u00e9quipements adapt\u00e9s, des cartons sp\u00e9ciaux, des housses et emballages sur mesure sont utilis\u00e9s pour les objets fragiles et de grande valeur<\/li>\n<\/ul>\n<h2><span class=\"ez-toc-section\" id=\"conclusion\"><\/span>Conclusion<span class=\"ez-toc-section-end\"><\/span><\/h2>\n<p>Voil\u00e0 que vous avez en main l\u2019ensemble des informations les plus importantes au sujet de Calais. Vous devriez \u00eatre \u00e0 m\u00eame, \u00e0 partir de ces derni\u00e8res, de choisir de vous y installer ou non. Quoiqu\u2019il en soit, les \u00e9quipes de Mydemenageur n\u2019attendent que vous et restent \u00e0 votre enti\u00e8re disposition. Vous n\u2019avez qu\u2019\u00e0 formuler une demande de devis pour recevoir votre r\u00e9ponse sous 24 heures. Outre la qualit\u00e9 de service, la comp\u00e9titivit\u00e9 des prix sera \u00e9galement au rendez-vous !<\/p>\n<h4><span class=\"ez-toc-section\" id=\"informations-pratiques-sur-la-ville\"><\/span>Informations pratiques sur la ville :<span class=\"ez-toc-section-end\"><\/span><\/h4>\n<ul>\n<li>Mairie<\/li>\n<\/ul>\n<p>Adresse : Place du Soldat Inconnu, 62100 Calais, France T\u00e9l\u00e9phone : +33 3 21 46 62 00<\/p>\n<ul>\n<li>CHR<\/li>\n<\/ul>\n<p>Adresse : 1601 Boulevard des Justes, 62100 Calais, France<\/p>\n<p>T\u00e9l\u00e9phone : +33 3 21 46 33 33<\/p>\n<ul>\n<li>Commissariat central<\/li>\n<\/ul>\n<p>Adresse : 15 Place de Lorraine, 62100 Calais, France<\/p>\n<p>T\u00e9l\u00e9phone : +33 3 21 19 13 17<\/p>\n","protected":false},"excerpt":{"rendered":"<p>Calais est une commune du Pas-de-Calais en r\u00e9gion Hauts-de-France. Avec ses 73 911 habitants, la ville est la plus peupl\u00e9e<\/p>\n","protected":false},"author":11,"featured_media":24584,"comment_status":"closed","ping_status":"closed","sticky":false,"template":"","format":"standard","meta":{"_lmt_disableupdate":"no","_lmt_disable":"no","footnotes":""},"categories":[102],"tags":[],"yoast_head":"<!-- This site is optimized with the Yoast SEO Premium plugin v24.2 (Yoast SEO v24.5) - https:\/\/yoast.com\/wordpress\/plugins\/seo\/ -->\n<title>Vivre \u00e0 Calais : les choses \u00e0 savoir avant de s\u2019y installer<\/title>\n<meta name=\"description\" content=\"Vivre \u00e0 Calais, une ville en r\u00e9gion Hauts-de-France, peut \u00eatre une excellente id\u00e9e. Cependant, voici ce que vous devez savoir.\" \/>\n<meta name=\"robots\" content=\"index, follow, max-snippet:-1, max-image-preview:large, max-video-preview:-1\" \/>\n<link rel=\"canonical\" href=\"https:\/\/www.mydemenageur.com\/blog\/tout-savoir-avant-de-venir-vivre-a-calais\/\" \/>\n<meta property=\"og:locale\" content=\"fr_FR\" \/>\n<meta property=\"og:type\" content=\"article\" \/>\n<meta property=\"og:title\" content=\"Vivre \u00e0 Calais : les choses \u00e0 savoir avant de s\u2019y installer\" \/>\n<meta property=\"og:description\" content=\"Vivre \u00e0 Calais, une ville en r\u00e9gion Hauts-de-France, peut \u00eatre une excellente id\u00e9e. Cependant, voici ce que vous devez savoir.\" \/>\n<meta property=\"og:url\" content=\"https:\/\/www.mydemenageur.com\/blog\/tout-savoir-avant-de-venir-vivre-a-calais\/\" \/>\n<meta property=\"og:site_name\" content=\"MyDemenageur\" \/>\n<meta property=\"article:publisher\" content=\"https:\/\/www.facebook.com\/mydemenageur\" \/>\n<meta property=\"article:published_time\" content=\"2021-08-18T16:59:07+00:00\" \/>\n<meta property=\"article:modified_time\" content=\"2024-09-14T22:54:28+00:00\" \/>\n<meta property=\"og:image\" content=\"https:\/\/www.mydemenageur.com\/blog\/wp-content\/uploads\/2021\/08\/alexis-mette-q-rWJ3kw6i8-unsplash.jpg\" \/>\n\t<meta property=\"og:image:width\" content=\"2500\" \/>\n\t<meta property=\"og:image:height\" content=\"1875\" \/>\n\t<meta property=\"og:image:type\" content=\"image\/jpeg\" \/>\n<meta name=\"author\" content=\"Mathilde\" \/>\n<meta name=\"twitter:card\" content=\"summary_large_image\" \/>\n<meta name=\"twitter:creator\" content=\"@mydemenageur\" \/>\n<meta name=\"twitter:site\" content=\"@mydemenageur\" \/>\n<meta name=\"twitter:label1\" content=\"\u00c9crit par\" \/>\n\t<meta name=\"twitter:data1\" content=\"Mathilde\" \/>\n\t<meta name=\"twitter:label2\" content=\"Dur\u00e9e de lecture estim\u00e9e\" \/>\n\t<meta name=\"twitter:data2\" content=\"11 minutes\" \/>\n<script type=\"application\/ld+json\" class=\"yoast-schema-graph\">{\"@context\":\"https:\/\/schema.org\",\"@graph\":[{\"@type\":\"Article\",\"@id\":\"https:\/\/www.mydemenageur.com\/blog\/tout-savoir-avant-de-venir-vivre-a-calais\/#article\",\"isPartOf\":{\"@id\":\"https:\/\/www.mydemenageur.com\/blog\/tout-savoir-avant-de-venir-vivre-a-calais\/\"},\"author\":{\"name\":\"Mathilde\",\"@id\":\"https:\/\/www.mydemenageur.com\/blog\/#\/schema\/person\/4540dc333c2e7dc790f0f7bcd5b99569\"},\"headline\":\"Vivre \u00e0 Calais : les choses \u00e0 savoir avant de s\u2019y installer\",\"datePublished\":\"2021-08-18T16:59:07+00:00\",\"dateModified\":\"2024-09-14T22:54:28+00:00\",\"mainEntityOfPage\":{\"@id\":\"https:\/\/www.mydemenageur.com\/blog\/tout-savoir-avant-de-venir-vivre-a-calais\/\"},\"wordCount\":2005,\"publisher\":{\"@id\":\"https:\/\/www.mydemenageur.com\/blog\/#organization\"},\"image\":{\"@id\":\"https:\/\/www.mydemenageur.com\/blog\/tout-savoir-avant-de-venir-vivre-a-calais\/#primaryimage\"},\"thumbnailUrl\":\"https:\/\/www.mydemenageur.com\/blog\/wp-content\/uploads\/2021\/08\/alexis-mette-q-rWJ3kw6i8-unsplash.jpg\",\"articleSection\":[\"Logement\"],\"inLanguage\":\"fr-FR\"},{\"@type\":\"WebPage\",\"@id\":\"https:\/\/www.mydemenageur.com\/blog\/tout-savoir-avant-de-venir-vivre-a-calais\/\",\"url\":\"https:\/\/www.mydemenageur.com\/blog\/tout-savoir-avant-de-venir-vivre-a-calais\/\",\"name\":\"Vivre \u00e0 Calais : les choses \u00e0 savoir avant de s\u2019y installer\",\"isPartOf\":{\"@id\":\"https:\/\/www.mydemenageur.com\/blog\/#website\"},\"primaryImageOfPage\":{\"@id\":\"https:\/\/www.mydemenageur.com\/blog\/tout-savoir-avant-de-venir-vivre-a-calais\/#primaryimage\"},\"image\":{\"@id\":\"https:\/\/www.mydemenageur.com\/blog\/tout-savoir-avant-de-venir-vivre-a-calais\/#primaryimage\"},\"thumbnailUrl\":\"https:\/\/www.mydemenageur.com\/blog\/wp-content\/uploads\/2021\/08\/alexis-mette-q-rWJ3kw6i8-unsplash.jpg\",\"datePublished\":\"2021-08-18T16:59:07+00:00\",\"dateModified\":\"2024-09-14T22:54:28+00:00\",\"description\":\"Vivre \u00e0 Calais, une ville en r\u00e9gion Hauts-de-France, peut \u00eatre une excellente id\u00e9e. Cependant, voici ce que vous devez savoir.\",\"breadcrumb\":{\"@id\":\"https:\/\/www.mydemenageur.com\/blog\/tout-savoir-avant-de-venir-vivre-a-calais\/#breadcrumb\"},\"inLanguage\":\"fr-FR\",\"potentialAction\":[{\"@type\":\"ReadAction\",\"target\":[\"https:\/\/www.mydemenageur.com\/blog\/tout-savoir-avant-de-venir-vivre-a-calais\/\"]}]},{\"@type\":\"ImageObject\",\"inLanguage\":\"fr-FR\",\"@id\":\"https:\/\/www.mydemenageur.com\/blog\/tout-savoir-avant-de-venir-vivre-a-calais\/#primaryimage\",\"url\":\"https:\/\/www.mydemenageur.com\/blog\/wp-content\/uploads\/2021\/08\/alexis-mette-q-rWJ3kw6i8-unsplash.jpg\",\"contentUrl\":\"https:\/\/www.mydemenageur.com\/blog\/wp-content\/uploads\/2021\/08\/alexis-mette-q-rWJ3kw6i8-unsplash.jpg\",\"width\":2500,\"height\":1875,\"caption\":\"Calais, France\"},{\"@type\":\"BreadcrumbList\",\"@id\":\"https:\/\/www.mydemenageur.com\/blog\/tout-savoir-avant-de-venir-vivre-a-calais\/#breadcrumb\",\"itemListElement\":[{\"@type\":\"ListItem\",\"position\":1,\"name\":\"Accueil\",\"item\":\"https:\/\/www.mydemenageur.com\/blog\/\"},{\"@type\":\"ListItem\",\"position\":2,\"name\":\"Logement\",\"item\":\"https:\/\/www.mydemenageur.com\/blog\/categorie\/logement\/\"},{\"@type\":\"ListItem\",\"position\":3,\"name\":\"Vivre \u00e0 Calais : les choses \u00e0 savoir avant de s\u2019y installer\"}]},{\"@type\":\"WebSite\",\"@id\":\"https:\/\/www.mydemenageur.com\/blog\/#website\",\"url\":\"https:\/\/www.mydemenageur.com\/blog\/\",\"name\":\"MyDemenageur\",\"description\":\"Conseils d\u00e9m\u00e9ngement entre particuliers et d\u00e9m\u00e9nagement professionnel\",\"publisher\":{\"@id\":\"https:\/\/www.mydemenageur.com\/blog\/#organization\"},\"potentialAction\":[{\"@type\":\"SearchAction\",\"target\":{\"@type\":\"EntryPoint\",\"urlTemplate\":\"https:\/\/www.mydemenageur.com\/blog\/?s={search_term_string}\"},\"query-input\":{\"@type\":\"PropertyValueSpecification\",\"valueRequired\":true,\"valueName\":\"search_term_string\"}}],\"inLanguage\":\"fr-FR\"},{\"@type\":\"Organization\",\"@id\":\"https:\/\/www.mydemenageur.com\/blog\/#organization\",\"name\":\"MyDemenageur.com\",\"url\":\"https:\/\/www.mydemenageur.com\/blog\/\",\"logo\":{\"@type\":\"ImageObject\",\"inLanguage\":\"fr-FR\",\"@id\":\"https:\/\/www.mydemenageur.com\/blog\/#\/schema\/logo\/image\/\",\"url\":\"https:\/\/www.mydemenageur.com\/blog\/wp-content\/uploads\/2022\/05\/MyDemenageur_Symbol.jpg\",\"contentUrl\":\"https:\/\/www.mydemenageur.com\/blog\/wp-content\/uploads\/2022\/05\/MyDemenageur_Symbol.jpg\",\"width\":878,\"height\":877,\"caption\":\"MyDemenageur.com\"},\"image\":{\"@id\":\"https:\/\/www.mydemenageur.com\/blog\/#\/schema\/logo\/image\/\"},\"sameAs\":[\"https:\/\/www.facebook.com\/mydemenageur\",\"https:\/\/x.com\/mydemenageur\",\"https:\/\/www.pinterest.fr\/mydemenageur\/\"]},{\"@type\":\"Person\",\"@id\":\"https:\/\/www.mydemenageur.com\/blog\/#\/schema\/person\/4540dc333c2e7dc790f0f7bcd5b99569\",\"name\":\"Mathilde\",\"image\":{\"@type\":\"ImageObject\",\"inLanguage\":\"fr-FR\",\"@id\":\"https:\/\/www.mydemenageur.com\/blog\/#\/schema\/person\/image\/\",\"url\":\"https:\/\/secure.gravatar.com\/avatar\/abde069f6f70261ee6ecea93e0437d77?s=96&#038;r=g\",\"contentUrl\":\"https:\/\/secure.gravatar.com\/avatar\/abde069f6f70261ee6ecea93e0437d77?s=96&#038;r=g\",\"caption\":\"Mathilde\"},\"description\":\"L'harmonie des couleurs et des objets m'a toujours fascin\u00e9e, transformant chaque pi\u00e8ce en un lieu unique et agr\u00e9able \u00e0 vivre. Sur MyDemenageur, vous trouverez non seulement des inspirations personnelles, mais aussi des informations r\u00e9centes sur le monde de la d\u00e9coration, les projets de maison, le d\u00e9m\u00e9nagement et les travaux.\",\"url\":\"https:\/\/www.mydemenageur.com\/blog\/author\/mathilde\/\"}]}<\/script>\n<!-- \/ Yoast SEO Premium plugin. -->","yoast_head_json":{"title":"Vivre \u00e0 Calais : les choses \u00e0 savoir avant de s\u2019y installer","description":"Vivre \u00e0 Calais, une ville en r\u00e9gion Hauts-de-France, peut \u00eatre une excellente id\u00e9e. Cependant, voici ce que vous devez savoir.","robots":{"index":"index","follow":"follow","max-snippet":"max-snippet:-1","max-image-preview":"max-image-preview:large","max-video-preview":"max-video-preview:-1"},"canonical":"https:\/\/www.mydemenageur.com\/blog\/tout-savoir-avant-de-venir-vivre-a-calais\/","og_locale":"fr_FR","og_type":"article","og_title":"Vivre \u00e0 Calais : les choses \u00e0 savoir avant de s\u2019y installer","og_description":"Vivre \u00e0 Calais, une ville en r\u00e9gion Hauts-de-France, peut \u00eatre une excellente id\u00e9e. Cependant, voici ce que vous devez savoir.","og_url":"https:\/\/www.mydemenageur.com\/blog\/tout-savoir-avant-de-venir-vivre-a-calais\/","og_site_name":"MyDemenageur","article_publisher":"https:\/\/www.facebook.com\/mydemenageur","article_published_time":"2021-08-18T16:59:07+00:00","article_modified_time":"2024-09-14T22:54:28+00:00","og_image":[{"width":2500,"height":1875,"url":"https:\/\/www.mydemenageur.com\/blog\/wp-content\/uploads\/2021\/08\/alexis-mette-q-rWJ3kw6i8-unsplash.jpg","type":"image\/jpeg"}],"author":"Mathilde","twitter_card":"summary_large_image","twitter_creator":"@mydemenageur","twitter_site":"@mydemenageur","twitter_misc":{"\u00c9crit par":"Mathilde","Dur\u00e9e de lecture estim\u00e9e":"11 minutes"},"schema":{"@context":"https:\/\/schema.org","@graph":[{"@type":"Article","@id":"https:\/\/www.mydemenageur.com\/blog\/tout-savoir-avant-de-venir-vivre-a-calais\/#article","isPartOf":{"@id":"https:\/\/www.mydemenageur.com\/blog\/tout-savoir-avant-de-venir-vivre-a-calais\/"},"author":{"name":"Mathilde","@id":"https:\/\/www.mydemenageur.com\/blog\/#\/schema\/person\/4540dc333c2e7dc790f0f7bcd5b99569"},"headline":"Vivre \u00e0 Calais : les choses \u00e0 savoir avant de s\u2019y installer","datePublished":"2021-08-18T16:59:07+00:00","dateModified":"2024-09-14T22:54:28+00:00","mainEntityOfPage":{"@id":"https:\/\/www.mydemenageur.com\/blog\/tout-savoir-avant-de-venir-vivre-a-calais\/"},"wordCount":2005,"publisher":{"@id":"https:\/\/www.mydemenageur.com\/blog\/#organization"},"image":{"@id":"https:\/\/www.mydemenageur.com\/blog\/tout-savoir-avant-de-venir-vivre-a-calais\/#primaryimage"},"thumbnailUrl":"https:\/\/www.mydemenageur.com\/blog\/wp-content\/uploads\/2021\/08\/alexis-mette-q-rWJ3kw6i8-unsplash.jpg","articleSection":["Logement"],"inLanguage":"fr-FR"},{"@type":"WebPage","@id":"https:\/\/www.mydemenageur.com\/blog\/tout-savoir-avant-de-venir-vivre-a-calais\/","url":"https:\/\/www.mydemenageur.com\/blog\/tout-savoir-avant-de-venir-vivre-a-calais\/","name":"Vivre \u00e0 Calais : les choses \u00e0 savoir avant de s\u2019y installer","isPartOf":{"@id":"https:\/\/www.mydemenageur.com\/blog\/#website"},"primaryImageOfPage":{"@id":"https:\/\/www.mydemenageur.com\/blog\/tout-savoir-avant-de-venir-vivre-a-calais\/#primaryimage"},"image":{"@id":"https:\/\/www.mydemenageur.com\/blog\/tout-savoir-avant-de-venir-vivre-a-calais\/#primaryimage"},"thumbnailUrl":"https:\/\/www.mydemenageur.com\/blog\/wp-content\/uploads\/2021\/08\/alexis-mette-q-rWJ3kw6i8-unsplash.jpg","datePublished":"2021-08-18T16:59:07+00:00","dateModified":"2024-09-14T22:54:28+00:00","description":"Vivre \u00e0 Calais, une ville en r\u00e9gion Hauts-de-France, peut \u00eatre une excellente id\u00e9e. Cependant, voici ce que vous devez savoir.","breadcrumb":{"@id":"https:\/\/www.mydemenageur.com\/blog\/tout-savoir-avant-de-venir-vivre-a-calais\/#breadcrumb"},"inLanguage":"fr-FR","potentialAction":[{"@type":"ReadAction","target":["https:\/\/www.mydemenageur.com\/blog\/tout-savoir-avant-de-venir-vivre-a-calais\/"]}]},{"@type":"ImageObject","inLanguage":"fr-FR","@id":"https:\/\/www.mydemenageur.com\/blog\/tout-savoir-avant-de-venir-vivre-a-calais\/#primaryimage","url":"https:\/\/www.mydemenageur.com\/blog\/wp-content\/uploads\/2021\/08\/alexis-mette-q-rWJ3kw6i8-unsplash.jpg","contentUrl":"https:\/\/www.mydemenageur.com\/blog\/wp-content\/uploads\/2021\/08\/alexis-mette-q-rWJ3kw6i8-unsplash.jpg","width":2500,"height":1875,"caption":"Calais, France"},{"@type":"BreadcrumbList","@id":"https:\/\/www.mydemenageur.com\/blog\/tout-savoir-avant-de-venir-vivre-a-calais\/#breadcrumb","itemListElement":[{"@type":"ListItem","position":1,"name":"Accueil","item":"https:\/\/www.mydemenageur.com\/blog\/"},{"@type":"ListItem","position":2,"name":"Logement","item":"https:\/\/www.mydemenageur.com\/blog\/categorie\/logement\/"},{"@type":"ListItem","position":3,"name":"Vivre \u00e0 Calais : les choses \u00e0 savoir avant de s\u2019y installer"}]},{"@type":"WebSite","@id":"https:\/\/www.mydemenageur.com\/blog\/#website","url":"https:\/\/www.mydemenageur.com\/blog\/","name":"MyDemenageur","description":"Conseils d\u00e9m\u00e9ngement entre particuliers et d\u00e9m\u00e9nagement professionnel","publisher":{"@id":"https:\/\/www.mydemenageur.com\/blog\/#organization"},"potentialAction":[{"@type":"SearchAction","target":{"@type":"EntryPoint","urlTemplate":"https:\/\/www.mydemenageur.com\/blog\/?s={search_term_string}"},"query-input":{"@type":"PropertyValueSpecification","valueRequired":true,"valueName":"search_term_string"}}],"inLanguage":"fr-FR"},{"@type":"Organization","@id":"https:\/\/www.mydemenageur.com\/blog\/#organization","name":"MyDemenageur.com","url":"https:\/\/www.mydemenageur.com\/blog\/","logo":{"@type":"ImageObject","inLanguage":"fr-FR","@id":"https:\/\/www.mydemenageur.com\/blog\/#\/schema\/logo\/image\/","url":"https:\/\/www.mydemenageur.com\/blog\/wp-content\/uploads\/2022\/05\/MyDemenageur_Symbol.jpg","contentUrl":"https:\/\/www.mydemenageur.com\/blog\/wp-content\/uploads\/2022\/05\/MyDemenageur_Symbol.jpg","width":878,"height":877,"caption":"MyDemenageur.com"},"image":{"@id":"https:\/\/www.mydemenageur.com\/blog\/#\/schema\/logo\/image\/"},"sameAs":["https:\/\/www.facebook.com\/mydemenageur","https:\/\/x.com\/mydemenageur","https:\/\/www.pinterest.fr\/mydemenageur\/"]},{"@type":"Person","@id":"https:\/\/www.mydemenageur.com\/blog\/#\/schema\/person\/4540dc333c2e7dc790f0f7bcd5b99569","name":"Mathilde","image":{"@type":"ImageObject","inLanguage":"fr-FR","@id":"https:\/\/www.mydemenageur.com\/blog\/#\/schema\/person\/image\/","url":"https:\/\/secure.gravatar.com\/avatar\/abde069f6f70261ee6ecea93e0437d77?s=96&#038;r=g","contentUrl":"https:\/\/secure.gravatar.com\/avatar\/abde069f6f70261ee6ecea93e0437d77?s=96&#038;r=g","caption":"Mathilde"},"description":"L'harmonie des couleurs et des objets m'a toujours fascin\u00e9e, transformant chaque pi\u00e8ce en un lieu unique et agr\u00e9able \u00e0 vivre. Sur MyDemenageur, vous trouverez non seulement des inspirations personnelles, mais aussi des informations r\u00e9centes sur le monde de la d\u00e9coration, les projets de maison, le d\u00e9m\u00e9nagement et les travaux.","url":"https:\/\/www.mydemenageur.com\/blog\/author\/mathilde\/"}]}},"modified_by":"MyDemenageur","_links":{"self":[{"href":"https:\/\/www.mydemenageur.com\/blog\/wp-json\/wp\/v2\/posts\/23098"}],"collection":[{"href":"https:\/\/www.mydemenageur.com\/blog\/wp-json\/wp\/v2\/posts"}],"about":[{"href":"https:\/\/www.mydemenageur.com\/blog\/wp-json\/wp\/v2\/types\/post"}],"author":[{"embeddable":true,"href":"https:\/\/www.mydemenageur.com\/blog\/wp-json\/wp\/v2\/users\/11"}],"replies":[{"embeddable":true,"href":"https:\/\/www.mydemenageur.com\/blog\/wp-json\/wp\/v2\/comments?post=23098"}],"version-history":[{"count":0,"href":"https:\/\/www.mydemenageur.com\/blog\/wp-json\/wp\/v2\/posts\/23098\/revisions"}],"wp:featuredmedia":[{"embeddable":true,"href":"https:\/\/www.mydemenageur.com\/blog\/wp-json\/wp\/v2\/media\/24584"}],"wp:attachment":[{"href":"https:\/\/www.mydemenageur.com\/blog\/wp-json\/wp\/v2\/media?parent=23098"}],"wp:term":[{"taxonomy":"category","embeddable":true,"href":"https:\/\/www.mydemenageur.com\/blog\/wp-json\/wp\/v2\/categories?post=23098"},{"taxonomy":"post_tag","embeddable":true,"href":"https:\/\/www.mydemenageur.com\/blog\/wp-json\/wp\/v2\/tags?post=23098"}],"curies":[{"name":"wp","href":"https:\/\/api.w.org\/{rel}","templated":true}]}}