{"id":233,"date":"2014-10-07T06:15:24","date_gmt":"2014-10-07T06:15:24","guid":{"rendered":"http:\/\/www.mydemenageur.com\/blog\/?p=233"},"modified":"2021-08-27T07:40:45","modified_gmt":"2021-08-27T07:40:45","slug":"temoignage-oliv-particulier-ayant-fait-appel-a-des-gros-bras","status":"publish","type":"post","link":"https:\/\/www.mydemenageur.com\/blog\/temoignage-oliv-particulier-ayant-fait-appel-a-des-gros-bras\/","title":{"rendered":"T\u00e9moignage d&rsquo;Oliv, un particulier ayant fait appel \u00e0 des gros bras"},"content":{"rendered":"<p>Aujourd&rsquo;hui c&rsquo;est <i>Oliv<\/i>, un particulier qui a utilis\u00e9 le site pour faire appel \u00e0 des gros bras, qui a accept\u00e9 de se pr\u00eater au jeu des questions-r\u00e9ponses de notre rubrique <a href=\"\/blog\/services\/\">t\u00e9moignage<\/a>.<\/p>\n<p><strong><img decoding=\"async\" class=\"alignleft wp-image-236 size-full\" src=\"\/\/www.mydemenageur.com\/blog\/wp-content\/uploads\/2014\/10\/olivier120.jpg\" alt=\"oliv un particulier\" width=\"120\" height=\"137\" \/><\/strong><b>MyDemenageur : Bonjour Oliv, tu as r\u00e9cemment fait appel \u00e0 des gros bras sur MyDemenageur pour ton d\u00e9m\u00e9nagement de Paris \u00e0 Dunkerque. Pour se mettre un peu en situation, peux-tu nous dire exactement ce qui t&rsquo;as d\u00e9cid\u00e9 \u00e0 utiliser l&rsquo;aide de particuliers pour ton d\u00e9m\u00e9nagement ?<\/b><\/p>\n<div class=\"btn-wrapper\">Oliv : Nous d\u00e9m\u00e9nagions mi-ao\u00fbt, tous les potes ou presque \u00e9taient en vacances et ne pouvaient pas nous aider. Nous avions un budget r\u00e9duit, et ayant entendu parler de MyDemenageur, j&rsquo;ai post\u00e9 une annonce.<\/div>\n<div class=\"btn-wrapper\"><b>Comment es-tu entr\u00e9 en contact avec les gros bras ?<\/b><\/div>\n<div class=\"btn-wrapper\">Oliv : Suite \u00e0 l&rsquo;annonce post\u00e9e, j&rsquo;ai eu des r\u00e9ponses de gros bras. J&rsquo;ai lu leurs messages qui donnent d\u00e9j\u00e0 une id\u00e9e sur eux, puis en cliquant sur leurs profils, j&rsquo;ai pu voir les avis qu&rsquo;ils avaient sur le site. Puis j&rsquo;ai contact\u00e9 d&rsquo;abord par email, puis au t\u00e9l\u00e9phone pour certains avec qui les d\u00e9tails \u00e9taient plus compliqu\u00e9s.<\/div>\n<div class=\"btn-wrapper\"><b>Quelle \u00e9tait la surface \u00e0 d\u00e9m\u00e9nager ? De combien de gros bras avais-tu estim\u00e9 avoir besoin ? Pour quels types de services ?<\/b><\/div>\n<div class=\"btn-wrapper\">Oliv : Nous avions besoin de vider un appartement de 65 m2. Nous avions pr\u00e9vu 2 ou 3 gros bras. Mais l&rsquo;un s&rsquo;est bless\u00e9 2 jours avant le d\u00e9m\u00e9nagement. Au final, deux sont venus (<a class=\"yiv9078243459\" href=\"https:\/\/www.mydemenageur.com\/aide-demenagement\/profil\/id\/1500\/antoine-propose-ses-gros-bras-en-ile-de-france-7j-7\" target=\"_blank\" rel=\"nofollow noopener noreferrer\">antoine-tzatchev<\/a> et <a class=\"yiv9078243459\" href=\"https:\/\/www.mydemenageur.com\/aide-demenagement\/profil\/id\/495\/je-vous-aide-a-demenager\" target=\"_blank\" rel=\"nofollow noopener noreferrer\">joe86<\/a>), mais tellement efficaces que nous avons fini le chargement dans les temps. Ils ont du coup r\u00e9cup\u00e9r\u00e9 l&rsquo;argent de celui qui n&rsquo;est pas venu.<br \/>\n<b>As-tu re\u00e7u beaucoup de propositions ? Comment as-tu choisi les gros bras et quels ont \u00e9t\u00e9 tes crit\u00e8res de s\u00e9lection ?<\/b><br \/>\nOliv : J&rsquo;ai re\u00e7u 4 ou 5 r\u00e9ponses dans l&rsquo;heure o\u00f9 j&rsquo;ai post\u00e9 l&rsquo;annonce. Au fil des jours j&rsquo;ai d\u00fb recevoir 6 ou 7 autres propositions.<br class=\"yiv9078243459\" \/>Mes crit\u00e8res de s\u00e9lection :<br class=\"yiv9078243459\" \/>1 &#8211; les mail re\u00e7us.<br class=\"yiv9078243459\" \/>2 &#8211; les avis pr\u00e9sents sur le site<br class=\"yiv9078243459\" \/>3 &#8211; contact t\u00e9l\u00e9phonique.<br \/>\n<b>Le jour J s&rsquo;est-il bien d\u00e9roul\u00e9 ? Es-tu satisfait du coup de main fourni et de l&rsquo;\u00e9tat d&rsquo;esprit des gros bras ?<\/b><br \/>\nOliv : Le jour J s&rsquo;est parfaitement d\u00e9roul\u00e9. Les deux gros bras ont fait le boulot de 4, nous \u00e9tions 5 adultes et deux enfants en tout.<br \/>\n<b>Globalement l&rsquo;exp\u00e9rience est-elle positive ? Es-tu normalement un habitu\u00e9 de ces pratiques de consommation collaborative ?<br \/>\nRecommanderais-tu mydemenageur.com \u00e0 des amis ?<\/b><br \/>\nOliv : Je ne suis pas encore un habitu\u00e9 de ces pratiques, mais cette exp\u00e9rience m&rsquo;a donn\u00e9 envie de le devenir. L&rsquo;exp\u00e9rience \u00e9tait donc tr\u00e8s positive.<br \/>\nJe recommanderais le site \u00e0 des amis en leur pr\u00e9cisant de prendre quelques pr\u00e9cautions tout de m\u00eame (s&rsquo;assurer de la fiabilit\u00e9 des gros bras en \u00e9pluchant leurs profils, bien se renseigner aupr\u00e8s de son assurance en cas de p\u00e9pin, &#8230;).<br \/>\n<b>Derni\u00e8re question, serais-tu pr\u00eat \u00e0 devenir \u00e0 ton tour \u00ab\u00a0gros bras\u00a0\u00bb sur le site et \u00e0 donner un coup de main occasionnel \u00e0 de nouveaux voisins ?<\/b><br \/>\nOliv : Dans l&rsquo;absolu, oui je serais pr\u00eat \u00e0 le devenir, mais ayant un emploi du temps tr\u00e8s charg\u00e9 par ailleurs, ce serait un coup de chance que je sois disponible pour le faire \ud83d\ude42<br \/>\n<b>Merci Oliv d&rsquo;avoir gentillement r\u00e9pondu aux questions de MyDemenageur !<\/b><\/div>\n","protected":false},"excerpt":{"rendered":"<p>Aujourd&rsquo;hui c&rsquo;est Oliv, un particulier qui a utilis\u00e9 le site pour faire appel \u00e0 des gros bras, qui a accept\u00e9<\/p>\n","protected":false},"author":11,"featured_media":22510,"comment_status":"open","ping_status":"open","sticky":false,"template":"","format":"standard","meta":{"_lmt_disableupdate":"","_lmt_disable":"","footnotes":""},"categories":[21],"tags":[107],"yoast_head":"<!-- This site is optimized with the Yoast SEO Premium plugin v24.2 (Yoast SEO v24.5) - https:\/\/yoast.com\/wordpress\/plugins\/seo\/ -->\n<title>T\u00e9moignage d&#039;Oliv, un particulier ayant fait appel \u00e0 des gros bras<\/title>\n<meta name=\"description\" content=\"Retrouvez le t\u00e9moignage de Oliv qui a eu la chance de pouvoir faire appel \u00e0 des &quot;gros bras&quot; pour son d\u00e9m\u00e9nagement de Paris \u00e0 Dunkerque.\" \/>\n<meta name=\"robots\" content=\"index, follow, max-snippet:-1, max-image-preview:large, max-video-preview:-1\" \/>\n<link rel=\"canonical\" href=\"https:\/\/www.mydemenageur.com\/blog\/temoignage-oliv-particulier-ayant-fait-appel-a-des-gros-bras\/\" \/>\n<meta property=\"og:locale\" content=\"fr_FR\" \/>\n<meta property=\"og:type\" content=\"article\" \/>\n<meta property=\"og:title\" content=\"T\u00e9moignage d&#039;Oliv, un particulier ayant fait appel \u00e0 des gros bras\" \/>\n<meta property=\"og:description\" content=\"Retrouvez le t\u00e9moignage de Oliv qui a eu la chance de pouvoir faire appel \u00e0 des &quot;gros bras&quot; pour son d\u00e9m\u00e9nagement de Paris \u00e0 Dunkerque.\" \/>\n<meta property=\"og:url\" content=\"https:\/\/www.mydemenageur.com\/blog\/temoignage-oliv-particulier-ayant-fait-appel-a-des-gros-bras\/\" \/>\n<meta property=\"og:site_name\" content=\"MyDemenageur\" \/>\n<meta property=\"article:publisher\" content=\"https:\/\/www.facebook.com\/mydemenageur\" \/>\n<meta property=\"article:published_time\" content=\"2014-10-07T06:15:24+00:00\" \/>\n<meta property=\"article:modified_time\" content=\"2021-08-27T07:40:45+00:00\" \/>\n<meta property=\"og:image\" content=\"https:\/\/www.mydemenageur.com\/blog\/wp-content\/uploads\/2014\/10\/olivier-mydemenageur.jpeg\" \/>\n\t<meta property=\"og:image:width\" content=\"1000\" \/>\n\t<meta property=\"og:image:height\" content=\"666\" \/>\n\t<meta property=\"og:image:type\" content=\"image\/jpeg\" \/>\n<meta name=\"author\" content=\"Mathilde\" \/>\n<meta name=\"twitter:card\" content=\"summary_large_image\" \/>\n<meta name=\"twitter:creator\" content=\"@mydemenageur\" \/>\n<meta name=\"twitter:site\" content=\"@mydemenageur\" \/>\n<meta name=\"twitter:label1\" content=\"\u00c9crit par\" \/>\n\t<meta name=\"twitter:data1\" content=\"Mathilde\" \/>\n\t<meta name=\"twitter:label2\" content=\"Dur\u00e9e de lecture estim\u00e9e\" \/>\n\t<meta name=\"twitter:data2\" content=\"3 minutes\" \/>\n<script type=\"application\/ld+json\" class=\"yoast-schema-graph\">{\"@context\":\"https:\/\/schema.org\",\"@graph\":[{\"@type\":\"Article\",\"@id\":\"https:\/\/www.mydemenageur.com\/blog\/temoignage-oliv-particulier-ayant-fait-appel-a-des-gros-bras\/#article\",\"isPartOf\":{\"@id\":\"https:\/\/www.mydemenageur.com\/blog\/temoignage-oliv-particulier-ayant-fait-appel-a-des-gros-bras\/\"},\"author\":{\"name\":\"Mathilde\",\"@id\":\"https:\/\/www.mydemenageur.com\/blog\/#\/schema\/person\/4540dc333c2e7dc790f0f7bcd5b99569\"},\"headline\":\"T\u00e9moignage d&rsquo;Oliv, un particulier ayant fait appel \u00e0 des gros bras\",\"datePublished\":\"2014-10-07T06:15:24+00:00\",\"dateModified\":\"2021-08-27T07:40:45+00:00\",\"mainEntityOfPage\":{\"@id\":\"https:\/\/www.mydemenageur.com\/blog\/temoignage-oliv-particulier-ayant-fait-appel-a-des-gros-bras\/\"},\"wordCount\":590,\"commentCount\":0,\"publisher\":{\"@id\":\"https:\/\/www.mydemenageur.com\/blog\/#organization\"},\"image\":{\"@id\":\"https:\/\/www.mydemenageur.com\/blog\/temoignage-oliv-particulier-ayant-fait-appel-a-des-gros-bras\/#primaryimage\"},\"thumbnailUrl\":\"https:\/\/www.mydemenageur.com\/blog\/wp-content\/uploads\/2014\/10\/olivier-mydemenageur.jpeg\",\"keywords\":[\"Avis\"],\"articleSection\":[\"MyDemenageur\"],\"inLanguage\":\"fr-FR\",\"potentialAction\":[{\"@type\":\"CommentAction\",\"name\":\"Comment\",\"target\":[\"https:\/\/www.mydemenageur.com\/blog\/temoignage-oliv-particulier-ayant-fait-appel-a-des-gros-bras\/#respond\"]}]},{\"@type\":\"WebPage\",\"@id\":\"https:\/\/www.mydemenageur.com\/blog\/temoignage-oliv-particulier-ayant-fait-appel-a-des-gros-bras\/\",\"url\":\"https:\/\/www.mydemenageur.com\/blog\/temoignage-oliv-particulier-ayant-fait-appel-a-des-gros-bras\/\",\"name\":\"T\u00e9moignage d'Oliv, un particulier ayant fait appel \u00e0 des gros bras\",\"isPartOf\":{\"@id\":\"https:\/\/www.mydemenageur.com\/blog\/#website\"},\"primaryImageOfPage\":{\"@id\":\"https:\/\/www.mydemenageur.com\/blog\/temoignage-oliv-particulier-ayant-fait-appel-a-des-gros-bras\/#primaryimage\"},\"image\":{\"@id\":\"https:\/\/www.mydemenageur.com\/blog\/temoignage-oliv-particulier-ayant-fait-appel-a-des-gros-bras\/#primaryimage\"},\"thumbnailUrl\":\"https:\/\/www.mydemenageur.com\/blog\/wp-content\/uploads\/2014\/10\/olivier-mydemenageur.jpeg\",\"datePublished\":\"2014-10-07T06:15:24+00:00\",\"dateModified\":\"2021-08-27T07:40:45+00:00\",\"description\":\"Retrouvez le t\u00e9moignage de Oliv qui a eu la chance de pouvoir faire appel \u00e0 des \\\"gros bras\\\" pour son d\u00e9m\u00e9nagement de Paris \u00e0 Dunkerque.\",\"breadcrumb\":{\"@id\":\"https:\/\/www.mydemenageur.com\/blog\/temoignage-oliv-particulier-ayant-fait-appel-a-des-gros-bras\/#breadcrumb\"},\"inLanguage\":\"fr-FR\",\"potentialAction\":[{\"@type\":\"ReadAction\",\"target\":[\"https:\/\/www.mydemenageur.com\/blog\/temoignage-oliv-particulier-ayant-fait-appel-a-des-gros-bras\/\"]}]},{\"@type\":\"ImageObject\",\"inLanguage\":\"fr-FR\",\"@id\":\"https:\/\/www.mydemenageur.com\/blog\/temoignage-oliv-particulier-ayant-fait-appel-a-des-gros-bras\/#primaryimage\",\"url\":\"https:\/\/www.mydemenageur.com\/blog\/wp-content\/uploads\/2014\/10\/olivier-mydemenageur.jpeg\",\"contentUrl\":\"https:\/\/www.mydemenageur.com\/blog\/wp-content\/uploads\/2014\/10\/olivier-mydemenageur.jpeg\",\"width\":1000,\"height\":666,\"caption\":\"T\u00e9moignage d'Oliv, un particulier ayant fait appel \u00e0 des gros bras\"},{\"@type\":\"BreadcrumbList\",\"@id\":\"https:\/\/www.mydemenageur.com\/blog\/temoignage-oliv-particulier-ayant-fait-appel-a-des-gros-bras\/#breadcrumb\",\"itemListElement\":[{\"@type\":\"ListItem\",\"position\":1,\"name\":\"Accueil\",\"item\":\"https:\/\/www.mydemenageur.com\/blog\/\"},{\"@type\":\"ListItem\",\"position\":2,\"name\":\"MyDemenageur\",\"item\":\"https:\/\/www.mydemenageur.com\/blog\/categorie\/demenagement\/\"},{\"@type\":\"ListItem\",\"position\":3,\"name\":\"T\u00e9moignage d&rsquo;Oliv, un particulier ayant fait appel \u00e0 des gros bras\"}]},{\"@type\":\"WebSite\",\"@id\":\"https:\/\/www.mydemenageur.com\/blog\/#website\",\"url\":\"https:\/\/www.mydemenageur.com\/blog\/\",\"name\":\"MyDemenageur\",\"description\":\"Conseils d\u00e9m\u00e9ngement entre particuliers et d\u00e9m\u00e9nagement professionnel\",\"publisher\":{\"@id\":\"https:\/\/www.mydemenageur.com\/blog\/#organization\"},\"potentialAction\":[{\"@type\":\"SearchAction\",\"target\":{\"@type\":\"EntryPoint\",\"urlTemplate\":\"https:\/\/www.mydemenageur.com\/blog\/?s={search_term_string}\"},\"query-input\":{\"@type\":\"PropertyValueSpecification\",\"valueRequired\":true,\"valueName\":\"search_term_string\"}}],\"inLanguage\":\"fr-FR\"},{\"@type\":\"Organization\",\"@id\":\"https:\/\/www.mydemenageur.com\/blog\/#organization\",\"name\":\"MyDemenageur.com\",\"url\":\"https:\/\/www.mydemenageur.com\/blog\/\",\"logo\":{\"@type\":\"ImageObject\",\"inLanguage\":\"fr-FR\",\"@id\":\"https:\/\/www.mydemenageur.com\/blog\/#\/schema\/logo\/image\/\",\"url\":\"https:\/\/www.mydemenageur.com\/blog\/wp-content\/uploads\/2022\/05\/MyDemenageur_Symbol.jpg\",\"contentUrl\":\"https:\/\/www.mydemenageur.com\/blog\/wp-content\/uploads\/2022\/05\/MyDemenageur_Symbol.jpg\",\"width\":878,\"height\":877,\"caption\":\"MyDemenageur.com\"},\"image\":{\"@id\":\"https:\/\/www.mydemenageur.com\/blog\/#\/schema\/logo\/image\/\"},\"sameAs\":[\"https:\/\/www.facebook.com\/mydemenageur\",\"https:\/\/x.com\/mydemenageur\",\"https:\/\/www.pinterest.fr\/mydemenageur\/\"]},{\"@type\":\"Person\",\"@id\":\"https:\/\/www.mydemenageur.com\/blog\/#\/schema\/person\/4540dc333c2e7dc790f0f7bcd5b99569\",\"name\":\"Mathilde\",\"image\":{\"@type\":\"ImageObject\",\"inLanguage\":\"fr-FR\",\"@id\":\"https:\/\/www.mydemenageur.com\/blog\/#\/schema\/person\/image\/\",\"url\":\"https:\/\/secure.gravatar.com\/avatar\/abde069f6f70261ee6ecea93e0437d77?s=96&#038;r=g\",\"contentUrl\":\"https:\/\/secure.gravatar.com\/avatar\/abde069f6f70261ee6ecea93e0437d77?s=96&#038;r=g\",\"caption\":\"Mathilde\"},\"description\":\"L'harmonie des couleurs et des objets m'a toujours fascin\u00e9e, transformant chaque pi\u00e8ce en un lieu unique et agr\u00e9able \u00e0 vivre. Sur MyDemenageur, vous trouverez non seulement des inspirations personnelles, mais aussi des informations r\u00e9centes sur le monde de la d\u00e9coration, les projets de maison, le d\u00e9m\u00e9nagement et les travaux.\",\"url\":\"https:\/\/www.mydemenageur.com\/blog\/author\/mathilde\/\"}]}<\/script>\n<!-- \/ Yoast SEO Premium plugin. -->","yoast_head_json":{"title":"T\u00e9moignage d'Oliv, un particulier ayant fait appel \u00e0 des gros bras","description":"Retrouvez le t\u00e9moignage de Oliv qui a eu la chance de pouvoir faire appel \u00e0 des \"gros bras\" pour son d\u00e9m\u00e9nagement de Paris \u00e0 Dunkerque.","robots":{"index":"index","follow":"follow","max-snippet":"max-snippet:-1","max-image-preview":"max-image-preview:large","max-video-preview":"max-video-preview:-1"},"canonical":"https:\/\/www.mydemenageur.com\/blog\/temoignage-oliv-particulier-ayant-fait-appel-a-des-gros-bras\/","og_locale":"fr_FR","og_type":"article","og_title":"T\u00e9moignage d'Oliv, un particulier ayant fait appel \u00e0 des gros bras","og_description":"Retrouvez le t\u00e9moignage de Oliv qui a eu la chance de pouvoir faire appel \u00e0 des \"gros bras\" pour son d\u00e9m\u00e9nagement de Paris \u00e0 Dunkerque.","og_url":"https:\/\/www.mydemenageur.com\/blog\/temoignage-oliv-particulier-ayant-fait-appel-a-des-gros-bras\/","og_site_name":"MyDemenageur","article_publisher":"https:\/\/www.facebook.com\/mydemenageur","article_published_time":"2014-10-07T06:15:24+00:00","article_modified_time":"2021-08-27T07:40:45+00:00","og_image":[{"width":1000,"height":666,"url":"https:\/\/www.mydemenageur.com\/blog\/wp-content\/uploads\/2014\/10\/olivier-mydemenageur.jpeg","type":"image\/jpeg"}],"author":"Mathilde","twitter_card":"summary_large_image","twitter_creator":"@mydemenageur","twitter_site":"@mydemenageur","twitter_misc":{"\u00c9crit par":"Mathilde","Dur\u00e9e de lecture estim\u00e9e":"3 minutes"},"schema":{"@context":"https:\/\/schema.org","@graph":[{"@type":"Article","@id":"https:\/\/www.mydemenageur.com\/blog\/temoignage-oliv-particulier-ayant-fait-appel-a-des-gros-bras\/#article","isPartOf":{"@id":"https:\/\/www.mydemenageur.com\/blog\/temoignage-oliv-particulier-ayant-fait-appel-a-des-gros-bras\/"},"author":{"name":"Mathilde","@id":"https:\/\/www.mydemenageur.com\/blog\/#\/schema\/person\/4540dc333c2e7dc790f0f7bcd5b99569"},"headline":"T\u00e9moignage d&rsquo;Oliv, un particulier ayant fait appel \u00e0 des gros bras","datePublished":"2014-10-07T06:15:24+00:00","dateModified":"2021-08-27T07:40:45+00:00","mainEntityOfPage":{"@id":"https:\/\/www.mydemenageur.com\/blog\/temoignage-oliv-particulier-ayant-fait-appel-a-des-gros-bras\/"},"wordCount":590,"commentCount":0,"publisher":{"@id":"https:\/\/www.mydemenageur.com\/blog\/#organization"},"image":{"@id":"https:\/\/www.mydemenageur.com\/blog\/temoignage-oliv-particulier-ayant-fait-appel-a-des-gros-bras\/#primaryimage"},"thumbnailUrl":"https:\/\/www.mydemenageur.com\/blog\/wp-content\/uploads\/2014\/10\/olivier-mydemenageur.jpeg","keywords":["Avis"],"articleSection":["MyDemenageur"],"inLanguage":"fr-FR","potentialAction":[{"@type":"CommentAction","name":"Comment","target":["https:\/\/www.mydemenageur.com\/blog\/temoignage-oliv-particulier-ayant-fait-appel-a-des-gros-bras\/#respond"]}]},{"@type":"WebPage","@id":"https:\/\/www.mydemenageur.com\/blog\/temoignage-oliv-particulier-ayant-fait-appel-a-des-gros-bras\/","url":"https:\/\/www.mydemenageur.com\/blog\/temoignage-oliv-particulier-ayant-fait-appel-a-des-gros-bras\/","name":"T\u00e9moignage d'Oliv, un particulier ayant fait appel \u00e0 des gros bras","isPartOf":{"@id":"https:\/\/www.mydemenageur.com\/blog\/#website"},"primaryImageOfPage":{"@id":"https:\/\/www.mydemenageur.com\/blog\/temoignage-oliv-particulier-ayant-fait-appel-a-des-gros-bras\/#primaryimage"},"image":{"@id":"https:\/\/www.mydemenageur.com\/blog\/temoignage-oliv-particulier-ayant-fait-appel-a-des-gros-bras\/#primaryimage"},"thumbnailUrl":"https:\/\/www.mydemenageur.com\/blog\/wp-content\/uploads\/2014\/10\/olivier-mydemenageur.jpeg","datePublished":"2014-10-07T06:15:24+00:00","dateModified":"2021-08-27T07:40:45+00:00","description":"Retrouvez le t\u00e9moignage de Oliv qui a eu la chance de pouvoir faire appel \u00e0 des \"gros bras\" pour son d\u00e9m\u00e9nagement de Paris \u00e0 Dunkerque.","breadcrumb":{"@id":"https:\/\/www.mydemenageur.com\/blog\/temoignage-oliv-particulier-ayant-fait-appel-a-des-gros-bras\/#breadcrumb"},"inLanguage":"fr-FR","potentialAction":[{"@type":"ReadAction","target":["https:\/\/www.mydemenageur.com\/blog\/temoignage-oliv-particulier-ayant-fait-appel-a-des-gros-bras\/"]}]},{"@type":"ImageObject","inLanguage":"fr-FR","@id":"https:\/\/www.mydemenageur.com\/blog\/temoignage-oliv-particulier-ayant-fait-appel-a-des-gros-bras\/#primaryimage","url":"https:\/\/www.mydemenageur.com\/blog\/wp-content\/uploads\/2014\/10\/olivier-mydemenageur.jpeg","contentUrl":"https:\/\/www.mydemenageur.com\/blog\/wp-content\/uploads\/2014\/10\/olivier-mydemenageur.jpeg","width":1000,"height":666,"caption":"T\u00e9moignage d'Oliv, un particulier ayant fait appel \u00e0 des gros bras"},{"@type":"BreadcrumbList","@id":"https:\/\/www.mydemenageur.com\/blog\/temoignage-oliv-particulier-ayant-fait-appel-a-des-gros-bras\/#breadcrumb","itemListElement":[{"@type":"ListItem","position":1,"name":"Accueil","item":"https:\/\/www.mydemenageur.com\/blog\/"},{"@type":"ListItem","position":2,"name":"MyDemenageur","item":"https:\/\/www.mydemenageur.com\/blog\/categorie\/demenagement\/"},{"@type":"ListItem","position":3,"name":"T\u00e9moignage d&rsquo;Oliv, un particulier ayant fait appel \u00e0 des gros bras"}]},{"@type":"WebSite","@id":"https:\/\/www.mydemenageur.com\/blog\/#website","url":"https:\/\/www.mydemenageur.com\/blog\/","name":"MyDemenageur","description":"Conseils d\u00e9m\u00e9ngement entre particuliers et d\u00e9m\u00e9nagement professionnel","publisher":{"@id":"https:\/\/www.mydemenageur.com\/blog\/#organization"},"potentialAction":[{"@type":"SearchAction","target":{"@type":"EntryPoint","urlTemplate":"https:\/\/www.mydemenageur.com\/blog\/?s={search_term_string}"},"query-input":{"@type":"PropertyValueSpecification","valueRequired":true,"valueName":"search_term_string"}}],"inLanguage":"fr-FR"},{"@type":"Organization","@id":"https:\/\/www.mydemenageur.com\/blog\/#organization","name":"MyDemenageur.com","url":"https:\/\/www.mydemenageur.com\/blog\/","logo":{"@type":"ImageObject","inLanguage":"fr-FR","@id":"https:\/\/www.mydemenageur.com\/blog\/#\/schema\/logo\/image\/","url":"https:\/\/www.mydemenageur.com\/blog\/wp-content\/uploads\/2022\/05\/MyDemenageur_Symbol.jpg","contentUrl":"https:\/\/www.mydemenageur.com\/blog\/wp-content\/uploads\/2022\/05\/MyDemenageur_Symbol.jpg","width":878,"height":877,"caption":"MyDemenageur.com"},"image":{"@id":"https:\/\/www.mydemenageur.com\/blog\/#\/schema\/logo\/image\/"},"sameAs":["https:\/\/www.facebook.com\/mydemenageur","https:\/\/x.com\/mydemenageur","https:\/\/www.pinterest.fr\/mydemenageur\/"]},{"@type":"Person","@id":"https:\/\/www.mydemenageur.com\/blog\/#\/schema\/person\/4540dc333c2e7dc790f0f7bcd5b99569","name":"Mathilde","image":{"@type":"ImageObject","inLanguage":"fr-FR","@id":"https:\/\/www.mydemenageur.com\/blog\/#\/schema\/person\/image\/","url":"https:\/\/secure.gravatar.com\/avatar\/abde069f6f70261ee6ecea93e0437d77?s=96&#038;r=g","contentUrl":"https:\/\/secure.gravatar.com\/avatar\/abde069f6f70261ee6ecea93e0437d77?s=96&#038;r=g","caption":"Mathilde"},"description":"L'harmonie des couleurs et des objets m'a toujours fascin\u00e9e, transformant chaque pi\u00e8ce en un lieu unique et agr\u00e9able \u00e0 vivre. Sur MyDemenageur, vous trouverez non seulement des inspirations personnelles, mais aussi des informations r\u00e9centes sur le monde de la d\u00e9coration, les projets de maison, le d\u00e9m\u00e9nagement et les travaux.","url":"https:\/\/www.mydemenageur.com\/blog\/author\/mathilde\/"}]}},"modified_by":"fabien","_links":{"self":[{"href":"https:\/\/www.mydemenageur.com\/blog\/wp-json\/wp\/v2\/posts\/233"}],"collection":[{"href":"https:\/\/www.mydemenageur.com\/blog\/wp-json\/wp\/v2\/posts"}],"about":[{"href":"https:\/\/www.mydemenageur.com\/blog\/wp-json\/wp\/v2\/types\/post"}],"author":[{"embeddable":true,"href":"https:\/\/www.mydemenageur.com\/blog\/wp-json\/wp\/v2\/users\/11"}],"replies":[{"embeddable":true,"href":"https:\/\/www.mydemenageur.com\/blog\/wp-json\/wp\/v2\/comments?post=233"}],"version-history":[{"count":0,"href":"https:\/\/www.mydemenageur.com\/blog\/wp-json\/wp\/v2\/posts\/233\/revisions"}],"wp:featuredmedia":[{"embeddable":true,"href":"https:\/\/www.mydemenageur.com\/blog\/wp-json\/wp\/v2\/media\/22510"}],"wp:attachment":[{"href":"https:\/\/www.mydemenageur.com\/blog\/wp-json\/wp\/v2\/media?parent=233"}],"wp:term":[{"taxonomy":"category","embeddable":true,"href":"https:\/\/www.mydemenageur.com\/blog\/wp-json\/wp\/v2\/categories?post=233"},{"taxonomy":"post_tag","embeddable":true,"href":"https:\/\/www.mydemenageur.com\/blog\/wp-json\/wp\/v2\/tags?post=233"}],"curies":[{"name":"wp","href":"https:\/\/api.w.org\/{rel}","templated":true}]}}