{"id":2333,"date":"2021-01-13T17:30:42","date_gmt":"2021-01-13T17:30:42","guid":{"rendered":"https:\/\/www.mydemenageur.com\/blog\/?p=2333"},"modified":"2024-09-15T01:27:36","modified_gmt":"2024-09-14T23:27:36","slug":"vivre-a-rennes","status":"publish","type":"post","link":"https:\/\/www.mydemenageur.com\/blog\/vivre-a-rennes\/","title":{"rendered":"Vivre \u00e0 Rennes (Ille-et-Vilaine) : ce qu\u2019il faut savoir avant d\u2019y emm\u00e9nager"},"content":{"rendered":"<p>Rennes, la capitale bretonne, a de tout temps \u00e9t\u00e9 une ville pl\u00e9biscit\u00e9e, tant par les \u00e9tudiants que les jeunes actifs, les vieux et les moins vieux. Elle est \u00e9galement r\u00e9guli\u00e8rement en t\u00eate des classements des villes o\u00f9 il fait bon <a href=\"https:\/\/www.mydemenageur.com\/blog\/logement\/\">vivre en France<\/a>.<\/p>\n<div id=\"ez-toc-container\" class=\"ez-toc-v2_0_82_2 counter-hierarchy ez-toc-counter ez-toc-custom ez-toc-container-direction\">\n<div class=\"ez-toc-title-container\">\n<p class=\"ez-toc-title\" style=\"cursor:inherit\">Ce que vous allez apprendre<\/p>\n<span class=\"ez-toc-title-toggle\"><\/span><\/div>\n<nav><ul class='ez-toc-list ez-toc-list-level-1 ' ><ul class='ez-toc-list-level-3' ><li class='ez-toc-heading-level-3'><a class=\"ez-toc-link ez-toc-heading-1\" href=\"https:\/\/www.mydemenageur.com\/blog\/vivre-a-rennes\/#vivre-a-rennes\" >Vivre \u00e0 Rennes<\/a><\/li><li class='ez-toc-page-1 ez-toc-heading-level-3'><a class=\"ez-toc-link ez-toc-heading-2\" href=\"https:\/\/www.mydemenageur.com\/blog\/vivre-a-rennes\/#pourquoi-vivre-a-rennes\" >Pourquoi vivre \u00e0 Rennes ?<\/a><\/li><li class='ez-toc-page-1 ez-toc-heading-level-3'><a class=\"ez-toc-link ez-toc-heading-3\" href=\"https:\/\/www.mydemenageur.com\/blog\/vivre-a-rennes\/#rennes-une-ville-detudiants-avant-tout\" >Rennes, une ville d&rsquo;\u00e9tudiants avant tout<\/a><\/li><\/ul><\/li><li class='ez-toc-page-1 ez-toc-heading-level-2'><a class=\"ez-toc-link ez-toc-heading-4\" href=\"https:\/\/www.mydemenageur.com\/blog\/vivre-a-rennes\/#dans-quel-quartier-fait-il-bon-vivre\" >Dans quel quartier fait-il bon vivre?<\/a><ul class='ez-toc-list-level-3' ><li class='ez-toc-heading-level-3'><a class=\"ez-toc-link ez-toc-heading-5\" href=\"https:\/\/www.mydemenageur.com\/blog\/vivre-a-rennes\/#le-centre-ville\" >Le centre ville<\/a><\/li><li class='ez-toc-page-1 ez-toc-heading-level-3'><a class=\"ez-toc-link ez-toc-heading-6\" href=\"https:\/\/www.mydemenageur.com\/blog\/vivre-a-rennes\/#maurepas\" >Maurepas<\/a><\/li><li class='ez-toc-page-1 ez-toc-heading-level-3'><a class=\"ez-toc-link ez-toc-heading-7\" href=\"https:\/\/www.mydemenageur.com\/blog\/vivre-a-rennes\/#villejean-et-beauregard\" >Villejean et Beauregard<\/a><\/li><li class='ez-toc-page-1 ez-toc-heading-level-3'><a class=\"ez-toc-link ez-toc-heading-8\" href=\"https:\/\/www.mydemenageur.com\/blog\/vivre-a-rennes\/#saint-martin\" >Saint Martin<\/a><\/li><li class='ez-toc-page-1 ez-toc-heading-level-3'><a class=\"ez-toc-link ez-toc-heading-9\" href=\"https:\/\/www.mydemenageur.com\/blog\/vivre-a-rennes\/#quartiers-des-universites\" >Quartiers des Universit\u00e9s<\/a><\/li><li class='ez-toc-page-1 ez-toc-heading-level-3'><a class=\"ez-toc-link ez-toc-heading-10\" href=\"https:\/\/www.mydemenageur.com\/blog\/vivre-a-rennes\/#saint-jacques\" >Saint-Jacques<\/a><\/li><\/ul><\/li><li class='ez-toc-page-1 ez-toc-heading-level-2'><a class=\"ez-toc-link ez-toc-heading-11\" href=\"https:\/\/www.mydemenageur.com\/blog\/vivre-a-rennes\/#que-faire-a-rennes\" >Que faire \u00e0 Rennes ?<\/a><ul class='ez-toc-list-level-3' ><li class='ez-toc-heading-level-3'><a class=\"ez-toc-link ez-toc-heading-12\" href=\"https:\/\/www.mydemenageur.com\/blog\/vivre-a-rennes\/#decouvrir-la-gastronomie-locale\" >D\u00e9couvrir la gastronomie locale<\/a><\/li><li class='ez-toc-page-1 ez-toc-heading-level-3'><a class=\"ez-toc-link ez-toc-heading-13\" href=\"https:\/\/www.mydemenageur.com\/blog\/vivre-a-rennes\/#visiter-la-cathedrale-saint-pierre\" >Visiter la cath\u00e9drale Saint-Pierre<\/a><\/li><li class='ez-toc-page-1 ez-toc-heading-level-3'><a class=\"ez-toc-link ez-toc-heading-14\" href=\"https:\/\/www.mydemenageur.com\/blog\/vivre-a-rennes\/#les-portes-mordelaises\" >Les portes mordelaises<\/a><\/li><li class='ez-toc-page-1 ez-toc-heading-level-3'><a class=\"ez-toc-link ez-toc-heading-15\" href=\"https:\/\/www.mydemenageur.com\/blog\/vivre-a-rennes\/#se-rendre-a-la-place-des-lices\" >Se rendre \u00e0 la place des Lices<\/a><\/li><li class='ez-toc-page-1 ez-toc-heading-level-3'><a class=\"ez-toc-link ez-toc-heading-16\" href=\"https:\/\/www.mydemenageur.com\/blog\/vivre-a-rennes\/#lopera\" >L\u2019Op\u00e9ra<\/a><\/li><li class='ez-toc-page-1 ez-toc-heading-level-3'><a class=\"ez-toc-link ez-toc-heading-17\" href=\"https:\/\/www.mydemenageur.com\/blog\/vivre-a-rennes\/#flaner-dans-les-parcs-et-jardins-du-thabor\" >Fl\u00e2ner dans les parcs et jardins du Thabor<\/a><\/li><\/ul><\/li><li class='ez-toc-page-1 ez-toc-heading-level-2'><a class=\"ez-toc-link ez-toc-heading-18\" href=\"https:\/\/www.mydemenageur.com\/blog\/vivre-a-rennes\/#cout-de-la-vie-a-rennes\" >Co\u00fbt de la vie \u00e0 Rennes<\/a><\/li><li class='ez-toc-page-1 ez-toc-heading-level-2'><a class=\"ez-toc-link ez-toc-heading-19\" href=\"https:\/\/www.mydemenageur.com\/blog\/vivre-a-rennes\/#avis-de-la-redaction\" >Avis de la r\u00e9daction<\/a><\/li><li class='ez-toc-page-1 ez-toc-heading-level-2'><a class=\"ez-toc-link ez-toc-heading-20\" href=\"https:\/\/www.mydemenageur.com\/blog\/vivre-a-rennes\/#conclusion\" >Conclusion<\/a><\/li><li class='ez-toc-page-1 ez-toc-heading-level-2'><a class=\"ez-toc-link ez-toc-heading-21\" href=\"https:\/\/www.mydemenageur.com\/blog\/vivre-a-rennes\/#le-guide-pratique-pour-demenager-a-rennes\" >Le guide pratique pour d\u00e9m\u00e9nager \u00e0 Rennes<\/a><\/li><\/ul><\/nav><\/div>\n<h3><span class=\"ez-toc-section\" id=\"vivre-a-rennes\"><\/span>Vivre \u00e0 Rennes<span class=\"ez-toc-section-end\"><\/span><\/h3>\n<p>Rennes est une ville o\u00f9 se m\u00ealent <a href=\"https:\/\/www.mydemenageur.com\/blog\/job-etudiant-petit-boulot\/\">\u00e9tudiants et jeunes actifs<\/a>, familles et retrait\u00e9s. Chacune de ces populations trouvera forc\u00e9ment le quartier qui lui convient le plus. M\u00eame si la plupart des secteurs sont \u00e9galement tout \u00e0 fait cosmopolites.<\/p>\n<h3><span class=\"ez-toc-section\" id=\"pourquoi-vivre-a-rennes\"><\/span>Pourquoi vivre \u00e0 Rennes ?<span class=\"ez-toc-section-end\"><\/span><\/h3>\n<p>C\u00f4t\u00e9 <b>patrimoine historique<\/b>, la ville est pourvue de nombreux endroits atypiques, comme les maisons \u00e0 colombages des petites ruelles pav\u00e9es du Chapitre, de la Palette et du Saint-Sauveur. La Cath\u00e9drale, l\u2019Op\u00e9ra et l\u2019H\u00f4tel de Ville sont \u00e9galement des monuments incontournables de la m\u00e9tropole.<\/p>\n<p>Rennes jouit aussi de certains <b>espaces verts<\/b> comme le parc de Thabor. Mais surtout, si vous avez la chance de pouvoir vous d\u00e9placer facilement, il vous faudra \u00e0 tout prix vous rendre dans <b>la for\u00eat de Broc\u00e9liande<\/b>, remplie de l\u00e9gendes et de myst\u00e8res.<\/p>\n<p><img decoding=\"async\" class=\"alignnone size-full wp-image-24742\" src=\"https:\/\/www.mydemenageur.com\/blog\/wp-content\/uploads\/2021\/01\/vivre-a-rennes.jpg\" alt=\"vivre a rennes\" width=\"1440\" height=\"740\" srcset=\"https:\/\/www.mydemenageur.com\/blog\/wp-content\/uploads\/2021\/01\/vivre-a-rennes.jpg 1440w, https:\/\/www.mydemenageur.com\/blog\/wp-content\/uploads\/2021\/01\/vivre-a-rennes-300x154.jpg 300w, https:\/\/www.mydemenageur.com\/blog\/wp-content\/uploads\/2021\/01\/vivre-a-rennes-1024x526.jpg 1024w, https:\/\/www.mydemenageur.com\/blog\/wp-content\/uploads\/2021\/01\/vivre-a-rennes-768x395.jpg 768w\" sizes=\"(max-width: 1440px) 100vw, 1440px\" \/><\/p>\n<p><b>Le march\u00e9 du travail rennais<\/b> est tr\u00e8s dynamique et la ville jouit d\u2019un taux de ch\u00f4mage relativement bas par rapport \u00e0 d\u2019autres grandes villes du territoire fran\u00e7ais. Rennes et la r\u00e9gion de Bretagne dans sa globalit\u00e9 forment un bassin d\u2019emploi dynamique mais \u00e9galement tout \u00e0 fait diversifi\u00e9. Quasiment tous les secteurs d\u2019activit\u00e9s sont repr\u00e9sent\u00e9s; le centre ville accueille notamment de nombreux commerces et 18 centres commerciaux d\u2019envergure.<\/p>\n<p>Le tissu \u00e9conomique y est dense et on y trouve de grandes entreprises comme Ouest France, Samsic, Legris Industries\u2026 Mais \u00e9galement de plus petites, qui emploient n\u00e9anmoins un nombre consid\u00e9rables de personnes. Parmi les secteurs les plus repr\u00e9sent\u00e9s on trouve les domaines du transport, de l\u2019automobile, les secteurs du num\u00e9rique et de la communication ou de la sant\u00e9. Au total, ce sont plus de 32 000 entreprises qui forment l\u2019\u00e9conomie rennaise, employant autour de 300 000 t\u00eates.<\/p>\n<h3><span class=\"ez-toc-section\" id=\"rennes-une-ville-detudiants-avant-tout\"><\/span>Rennes, une ville d&rsquo;\u00e9tudiants avant tout<span class=\"ez-toc-section-end\"><\/span><\/h3>\n<p>Rennes figure, depuis des ann\u00e9es, <b>dans le Top 10 des villes \u00e9tudiantes<\/b> et cela gr\u00e2ce \u00e0 ses deux campus r\u00e9put\u00e9s (Rennes 1 et Rennes 2). Elle jouit aussi d\u2019un grand nombre d\u2019\u00e9coles sup\u00e9rieures (des \u00e9coles de commerce, Sciences Po\u2026). La tr\u00e8s grande majorit\u00e9 des \u00e9tudiants, qui viennent du monde entier et de tout le territoire fran\u00e7ais, et qui choisissent d\u2019y faire leur parcours ressortent en g\u00e9n\u00e9ral satisfaits de leur exp\u00e9rience dans la capitale bretonne. La ville abrite pr\u00e8s de 70 000 \u00e9tudiants chaque ann\u00e9e, chiffre consid\u00e9rable.<\/p>\n<p>La ville de Rennes offre \u00e9galement un <b>cadre de vie tr\u00e8s agr\u00e9able<\/b> \u00e0 ceux qui ont la chance d\u2019y habiter, si bien qu\u2019en 2018, elle figurait en t\u00eate du classement des villes fran\u00e7aises o\u00f9 il fait bon vivre. Il faut dire que les \u00e9tablissements culturels ne manquent pas, \u00e0 l\u2019image de l\u2019Op\u00e9ra de la ville, de l\u2019Espace des Sciences, du mus\u00e9e des Beaux-Arts ou encore le centre des congr\u00e8s, qui se tient au niveau de l\u2019ancien couvent des jacobins.<\/p>\n<p>De m\u00eame, Rennes est r\u00e9guli\u00e8rement <b>rythm\u00e9e par des festivals<\/b> et autres \u00e9v\u00e9nements culturels, les Trans Musicales et les Tomb\u00e9es de la Nuit en sont des exemples. \u00c9quip\u00e9e de 4 terrains de golf, de la piscine Saint-Georges et d\u2019autres infrastructures sportives, on a beaucoup d&rsquo;occasions de s\u2019exercer physiquement \u00e0 Rennes, y compris en se promenant dans la nature environnante, \u00e0 pied ou en v\u00e9lo.<\/p>\n<h2><span class=\"ez-toc-section\" id=\"dans-quel-quartier-fait-il-bon-vivre\"><\/span>Dans quel quartier fait-il bon vivre?<span class=\"ez-toc-section-end\"><\/span><\/h2>\n<p>Le plan de ville de Rennes se subdivise en plusieurs quartiers qui pr\u00e9sentent diff\u00e9rentes caract\u00e9ristiques. Ici, nous vous en proposons certains des plus connus, qu\u2019il est conseill\u00e9 de privil\u00e9gier lors de la recherche d\u2019un nouveau domicile.<\/p>\n<h3><span class=\"ez-toc-section\" id=\"le-centre-ville\"><\/span>Le centre ville<span class=\"ez-toc-section-end\"><\/span><\/h3>\n<p>Le centre historique de Rennes est r\u00e9put\u00e9 pour ses <b>jolies maisons \u00e0 colombages<\/b>, comme sur la place du Champ Jacquet, mais \u00e9galement pour ses rues festives. Il est n\u00e9anmoins tr\u00e8s largement appr\u00e9ci\u00e9 de toutes les populations : \u00e9tudiants, jeunes actifs en famille ou seul\u2026<\/p>\n<p><img decoding=\"async\" class=\"size-full wp-image-24741\" src=\"https:\/\/www.mydemenageur.com\/blog\/wp-content\/uploads\/2021\/01\/Rennes-ville.jpg\" alt=\"rennes ville\" width=\"1200\" height=\"800\" srcset=\"https:\/\/www.mydemenageur.com\/blog\/wp-content\/uploads\/2021\/01\/Rennes-ville.jpg 1200w, https:\/\/www.mydemenageur.com\/blog\/wp-content\/uploads\/2021\/01\/Rennes-ville-300x200.jpg 300w, https:\/\/www.mydemenageur.com\/blog\/wp-content\/uploads\/2021\/01\/Rennes-ville-768x512.jpg 768w\" sizes=\"(max-width: 1200px) 100vw, 1200px\" \/><\/p>\n<p>Comme tous les centres villes, celui de la m\u00e9tropole rennaise n&rsquo;\u00e9chappe pas aux grandes transformations. Les modifications vont faire la part belle aux pi\u00e9tons et aux v\u00e9los notamment. La deuxi\u00e8me ligne de m\u00e9tro va \u00e9galement changer les habitudes des Rennais et probablement diminuer le nombre de voitures pr\u00e9sentes dans le quartier, ce qui le rendra toujours plus agr\u00e9able.<\/p>\n<h3><span class=\"ez-toc-section\" id=\"maurepas\"><\/span>Maurepas<span class=\"ez-toc-section-end\"><\/span><\/h3>\n<p>C\u2019est un quartier situ\u00e9 au nord de la ville, bord\u00e9 \u00e0 l\u2019ouest par le canal Saint-Martin. C\u2019est une zone o\u00f9 il fait plut\u00f4t bon vivre, on y trouve notamment des centres commerciaux, mais aussi beaucoup d\u2019espaces verts, ainsi qu\u2019une piscine et une patinoire. Les <b>prix de l\u2019immobilier, bien moins chers<\/b> que dans les quartiers plus hupp\u00e9s, attirent les populations aux revenus moyens.<\/p>\n<h3><span class=\"ez-toc-section\" id=\"villejean-et-beauregard\"><\/span>Villejean et Beauregard<span class=\"ez-toc-section-end\"><\/span><\/h3>\n<p>Situ\u00e9s au nord-ouest de la ville, ce sont les <b>quartiers privil\u00e9gi\u00e9s par les familles<\/b>. Ils offrent toutes les infrastructures scolaires n\u00e9cessaires. De l\u2019\u00e9cole maternelle au lyc\u00e9e. On trouve \u00e9galement une population plus \u00e2g\u00e9e attir\u00e9e par un cadre calme.<\/p>\n<h3><span class=\"ez-toc-section\" id=\"saint-martin\"><\/span>Saint Martin<span class=\"ez-toc-section-end\"><\/span><\/h3>\n<p>Il s\u2019agit d\u2019un des secteurs les plus tendances de la ville. On y trouve en <b>majorit\u00e9 de jeunes cadres<\/b>, qui viennent saisir les nombreuses opportunit\u00e9s d\u2019emplois qu\u2019offre ce quartier. Le nord du quartier abrite une zone industrielle o\u00f9 se concentrent les activit\u00e9s \u00e9conomiques. Tandis que dans sa partie sud, on ne trouve quasiment que des logements.<\/p>\n<h3><span class=\"ez-toc-section\" id=\"quartiers-des-universites\"><\/span>Quartiers des Universit\u00e9s<span class=\"ez-toc-section-end\"><\/span><\/h3>\n<p>Comme nous l\u2019avons pr\u00e9cis\u00e9 plus haut, la ville de Rennes est r\u00e9put\u00e9e pour ses nombreuses \u00e9coles. C&rsquo;est pourquoi, nous regroupons ici les quartiers proches des deux campus et des grandes \u00e9coles. Forc\u00e9ment pris\u00e9s par les \u00e9tudiants, ces secteurs offrent des loyers modestes. Ils sont choisis \u00e9galement pour la proximit\u00e9 qu\u2019ils offrent avec les <a href=\"https:\/\/www.mydemenageur.com\/blog\/site-de-colocs-gratuit\/\">campus universitaires<\/a> et les grandes \u00e9coles. Il s\u2019agit des quartiers <b>Thabor, Alphonse Gu\u00e9rin et Saint H\u00e9lier<\/b> notamment.<\/p>\n<p>Ces secteurs sont \u00e9galement r\u00e9sidentiels et attirent aussi les retrait\u00e9s. L\u2019est de la capitale bretonne est \u00e9galement choisi ; tels les quartiers de <b>Beaulieu, Longs-Champs et Jeanne d\u2019Arc<\/b>. Ces secteurs jouissent aussi de nombreuses infrastructures, notamment sportives. Les jeunes actifs appr\u00e9cient aussi ces endroits.<\/p>\n<h3><span class=\"ez-toc-section\" id=\"saint-jacques\"><\/span>Saint-Jacques<span class=\"ez-toc-section-end\"><\/span><\/h3>\n<p>Le quartier Saint-Jacques est situ\u00e9 dans <b>la p\u00e9riph\u00e9rie rennaise<\/b>. Il se situe \u00e0 proximit\u00e9 de l\u2019a\u00e9roport, et propose un milieu riche en verdure, et caract\u00e9ris\u00e9 par un calme apaisant (si ce n\u2019est le bruit des avions de temps \u00e0 autre). De plus, la ligne B du m\u00e9tro permet de se d\u00e9placer facilement en direction du centre-ville et des autres quartiers.<\/p>\n<h2><span class=\"ez-toc-section\" id=\"que-faire-a-rennes\"><\/span>Que faire \u00e0 Rennes ?<span class=\"ez-toc-section-end\"><\/span><\/h2>\n<p>Rennes est connue comme \u00e9tant la capitale de la culture bretonne. Afin de d\u00e9couvrir cette derni\u00e8re, et en savoir plus sur l\u2019identit\u00e9 de la ville, voici quelques activit\u00e9s que nous vous conseillons d\u2019essayer d\u00e8s votre arriv\u00e9e \u00e0 Rennes, ainsi qu\u2019un certain nombre de lieux \u00e0 visiter.<\/p>\n<h3><span class=\"ez-toc-section\" id=\"decouvrir-la-gastronomie-locale\"><\/span>D\u00e9couvrir la gastronomie locale<span class=\"ez-toc-section-end\"><\/span><\/h3>\n<p>N\u2019oubliez pas d&rsquo;aller manger une galette saucisses en regardant un match de foot dans un des nombreux bars de la ville. La gastronomie locale est sans surprise tr\u00e8s centr\u00e9e sur les sp\u00e9cialit\u00e9s bretonnes. Vous trouverez dans la ville de nombreuses cr\u00eaperies mais \u00e9galement des restaurants offrant des plats \u00e0 base de poisson et surtout de nombreux bars o\u00f9 les Rennais aiment se retrouver pour faire la f\u00eate.<\/p>\n<h3><span class=\"ez-toc-section\" id=\"visiter-la-cathedrale-saint-pierre\"><\/span>Visiter la cath\u00e9drale Saint-Pierre<span class=\"ez-toc-section-end\"><\/span><\/h3>\n<p>Cet \u00e9difice religieux fut construit au seizi\u00e8me si\u00e8cle, et figure dans la liste des monuments historiques de France. Situ\u00e9e en plein c\u0153ur de la ville, on peut apercevoir au loin ses tours, culminant \u00e0 une hauteur de 50 m\u00e8tres. L\u2019histoire de la cath\u00e9drale Saint-Pierre de Rennes est li\u00e9e aux anciens ducs de Bretagne qui venaient s\u2019y faire couronner, et m\u00eame si le vestige est aujourd\u2019hui sensiblement diff\u00e9rent de l\u2019original, puisqu\u2019il a subi au fil des si\u00e8cles de nombreuses modifications et r\u00e9novations, il demeure n\u00e9anmoins un incontournable \u00e0 visiter \u00e0 Rennes. Vous serez \u00e9blouis, \u00e0 la fois par son architecture ext\u00e9rieure que par les d\u00e9cors inimitables \u00e0 l\u2019int\u00e9rieur.<\/p>\n<h3><span class=\"ez-toc-section\" id=\"les-portes-mordelaises\"><\/span>Les portes mordelaises<span class=\"ez-toc-section-end\"><\/span><\/h3>\n<p>Les portes mordelaises constituent l\u2019un des monuments les plus anciens du pays puisqu\u2019elles furent \u00e9rig\u00e9es vers l\u2019an\u2026 300 de notre \u00e8re ! Soit avant m\u00eame l\u2019apparition du royaume de France, ce qui est d\u00e9j\u00e0 fort impressionnant. Il faut pr\u00e9ciser cependant que ces portes ont \u00e9t\u00e9 reconstruites au XV \u00e8me si\u00e8cle, et qu\u2019elles prirent le surnom de \u201cPorte Royale\u201d, puisque c\u2019est par ici que les ducs de Bretagne passaient pour aller se faire couronner au niveau de la cath\u00e9drale Saint-Pierre. Situ\u00e9es derri\u00e8re un pont-levis, ces portes constituaient autrefois le point d\u2019entr\u00e9e de la ville, et furent construites autant \u00e0 des fins d\u00e9fensives que pour impressionner.<\/p>\n<h3><span class=\"ez-toc-section\" id=\"se-rendre-a-la-place-des-lices\"><\/span>Se rendre \u00e0 la place des Lices<span class=\"ez-toc-section-end\"><\/span><\/h3>\n<p>La place des Lices \u00e0 Rennes est entour\u00e9e par son c\u00f4t\u00e9 nord d\u2019h\u00f4tels particuliers datant du 17 \u00e8me si\u00e8cle et par des halles m\u00e9talliques du c\u00f4t\u00e9 sud. Elle est particuli\u00e8rement c\u00e9l\u00e8bre pour le march\u00e9 hebdomadaire qu\u2019elle abrite tous les samedis, que l\u2019on d\u00e9signe sous le nom de march\u00e9 des Lices. Ce dernier se tient r\u00e9guli\u00e8rement depuis 1622, c\u2019est donc un v\u00e9ritable symbole de la tradition \u00e0 Rennes. Consid\u00e9r\u00e9 comme l\u2019un des plus gros march\u00e9s de France, il expose, \u00e0 travers d\u2019interminables \u00e9tals ; des fruits et des l\u00e9gumes cultiv\u00e9s par les agriculteurs de la r\u00e9gion.<\/p>\n<p>Les odeurs \u00e9manant de ces \u00e9ventaires procurent \u00e0 cette place un charme unique, et l\u2019occasion pour vous de vous ravitailler en bonne nourriture.<\/p>\n<h3><span class=\"ez-toc-section\" id=\"lopera\"><\/span>L\u2019Op\u00e9ra<span class=\"ez-toc-section-end\"><\/span><\/h3>\n<p>Inaugur\u00e9 en face de l\u2019H\u00f4tel de Ville au XVIII \u00e8me si\u00e8cle par les travaux de Charles Millardet ; l\u2019Op\u00e9ra de Rennes impressionne avant tout par son architecture pour le moins originale. La rotondit\u00e9 de cet \u00e9difice que l\u2019on nomma \u00e0 ses d\u00e9buts \u201cle Th\u00e9\u00e2tre\u201d n\u2019est pas sans susciter l\u2019attention des visiteurs qui passent par le coin. Il faut dire que le b\u00e2timent impressionne tout autant par son int\u00e9rieur ; notamment \u00e0 travers les 44 marches \u00e0 gravir pour y acc\u00e9der. L\u2019Op\u00e9ra de Rennes, en plus d\u2019\u00eatre un lieu culturel o\u00f9 l\u2019on peut appr\u00e9cier des spectacles musicaux et autres, fait office de monument.<\/p>\n<p><img decoding=\"async\" class=\"alignnone size-full wp-image-24740\" src=\"https:\/\/www.mydemenageur.com\/blog\/wp-content\/uploads\/2021\/01\/opera-rennes.jpeg\" alt=\"opera rennes\" width=\"1280\" height=\"853\" srcset=\"https:\/\/www.mydemenageur.com\/blog\/wp-content\/uploads\/2021\/01\/opera-rennes.jpeg 1280w, https:\/\/www.mydemenageur.com\/blog\/wp-content\/uploads\/2021\/01\/opera-rennes-300x200.jpeg 300w, https:\/\/www.mydemenageur.com\/blog\/wp-content\/uploads\/2021\/01\/opera-rennes-1024x682.jpeg 1024w, https:\/\/www.mydemenageur.com\/blog\/wp-content\/uploads\/2021\/01\/opera-rennes-768x512.jpeg 768w\" sizes=\"(max-width: 1280px) 100vw, 1280px\" \/><\/p>\n<h3><span class=\"ez-toc-section\" id=\"flaner-dans-les-parcs-et-jardins-du-thabor\"><\/span>Fl\u00e2ner dans les parcs et jardins du Thabor<span class=\"ez-toc-section-end\"><\/span><\/h3>\n<p>Il n\u2019est pas pensable de parler de la ville de Rennes sans citer au moins un de ses nombreux espaces verts, et notamment celui du Thabor, le plus notoire de la commune. Le Thabor est un v\u00e9ritable th\u00e9\u00e2tre de verdure abritant des merveilles, o\u00f9 l\u2019on ne se lasse jamais de musarder, \u00e0 la d\u00e9couverte de nouvelles esp\u00e8ces de flore. Cette surface de plus de 10 hectares sert de lieu de d\u00e9tente \u00e0 la population rennaise, au milieu de jardins fran\u00e7ais, anglais, de fontaines et d\u2019une faune fascinante, essentiellement compos\u00e9e d\u2019oiseaux en tout genre dans une grande voli\u00e8re. On y trouve \u00e9galement une roseraie o\u00f9 reposent plus de 2000 vari\u00e9t\u00e9s !<\/p>\n<h2><span class=\"ez-toc-section\" id=\"cout-de-la-vie-a-rennes\"><\/span>Co\u00fbt de la vie \u00e0 Rennes<span class=\"ez-toc-section-end\"><\/span><\/h2>\n<p>Le co\u00fbt de la vie au sein d\u2019une ville est un crit\u00e8re des plus importants qu\u2019il faut prendre en compte lorsque l\u2019on souhaite y emm\u00e9nager. Rennes est une ville accessible au regard des autres communes fran\u00e7aises, puisqu\u2019elle est environ 8 % moins ch\u00e8re que la moyenne dans le reste du pays ! Mieux encore, dans le secteur de l\u2019immobilier, qui repr\u00e9sente le plus gros des d\u00e9penses pour un m\u00e9nage, cette diff\u00e9rence grimpe \u00e0 23 %. Pour une commune qui figure r\u00e9guli\u00e8rement dans les premi\u00e8res places des villes o\u00f9 il fait bon vivre, autant dire que le rapport qualit\u00e9\/prix est exceptionnel.<\/p>\n<p>Question salaires, les revenus des Rennais sont l\u00e9g\u00e8rement inf\u00e9rieurs \u00e0 la moyenne nationale. Afin de conna\u00eetre plus de d\u00e9tails sur les d\u00e9penses quotidiennes \u00e0 Rennes et leur comparaison avec la moyenne des villes fran\u00e7aises, vous pouvez consulter le tableau suivant.<\/p>\n<table>\n<tbody>\n<tr>\n<td><\/td>\n<td>Rennes<\/td>\n<td>France<\/td>\n<\/tr>\n<tr>\n<td>Location en centre-ville<\/td>\n<td>900<\/td>\n<td>1241<\/td>\n<\/tr>\n<tr>\n<td>Location hors centre-ville<\/td>\n<td>763<\/td>\n<td>960<\/td>\n<\/tr>\n<tr>\n<td>Prix m2 centre-ville<\/td>\n<td>3500<\/td>\n<td>5088<\/td>\n<\/tr>\n<tr>\n<td>Prix m2 hors centre-ville<\/td>\n<td>2500<\/td>\n<td>3715<\/td>\n<\/tr>\n<tr>\n<td>D\u00eener restaurant (par personne)<\/td>\n<td>20<\/td>\n<td>25<\/td>\n<\/tr>\n<tr>\n<td>Essence (litre)<\/td>\n<td>1,4<\/td>\n<td>1,47<\/td>\n<\/tr>\n<tr>\n<td>Prise en charge taxi<\/td>\n<td>4,5<\/td>\n<td>2,6<\/td>\n<\/tr>\n<tr>\n<td>Ticket de cin\u00e9ma<\/td>\n<td>10<\/td>\n<td>10<\/td>\n<\/tr>\n<tr>\n<td>Salaire net<\/td>\n<td>2366<\/td>\n<td>2448<\/td>\n<\/tr>\n<\/tbody>\n<\/table>\n<h2><span class=\"ez-toc-section\" id=\"avis-de-la-redaction\"><\/span>Avis de la r\u00e9daction<span class=\"ez-toc-section-end\"><\/span><\/h2>\n<p>Rennes est une ville qui propose un cadre de vie agr\u00e9able \u00e0 ses habitants, comme en t\u00e9moigne sa premi\u00e8re place au classement des villes o\u00f9 il fait bon vivre en France, en 2018.<\/p>\n<p>Dot\u00e9e d\u2019un riche patrimoine historique et culturel, il y a de quoi faire en ville, entre visite de monuments et participation \u00e0 des \u00e9v\u00e9nements culturels et autres festivals. C\u2019est une ville dot\u00e9e de plusieurs infrastructures sportives, et riche en espaces verts. Rennes permet donc \u00e0 ses habitants d\u2019avoir acc\u00e8s \u00e0 plusieurs types d\u2019activit\u00e9s, et \u00e0 de nombreux espaces de d\u00e9tente. De m\u00eame, la ville est largement accessible par rapport aux autres communes du m\u00eame calibre. Plus particuli\u00e8rement, au niveau de l\u2019immobilier, bien que les revenus moyens soient l\u00e9g\u00e8rement bas.<\/p>\n<p>Toutefois, il faut garder \u00e0 l\u2019esprit que pour les personnes \u00e0 la recherche d\u2019une ville tr\u00e8s anim\u00e9e, Rennes n\u2019est pas \u00e0 la hauteur des m\u00e9tropoles comme Lyon, Paris et autres.<\/p>\n<h2><span class=\"ez-toc-section\" id=\"conclusion\"><\/span>Conclusion<span class=\"ez-toc-section-end\"><\/span><\/h2>\n<p>Vous \u00eates bien d\u00e9cid\u00e9 \u00e0 vous installer dans la r\u00e9gion rennaise ? Il ne vous reste plus qu\u2019\u00e0 bien vous pr\u00e9parer, maintenant que vous connaissez les caract\u00e9ristiques principales de la ville. Pour cela vous pouvez commencer par contacter la ville afin de savoir si des d\u00e9marches n\u00e9cessaires sont \u00e0 pr\u00e9voir. Vous pourrez r\u00e9server une place pour votre camion de d\u00e9m\u00e9nagement par exemple. Le site de la mairie vous renseignera \u00e9galement sur les diff\u00e9rents services dont vous pourrez avoir besoin (\u00e9coles, cr\u00e8ches, poubelles\u2026).<\/p>\n<p>Vous pourrez \u00e9galement contacter les <a href=\"https:\/\/www.mydemenageur.com\/aide-demenagement\/ville\/nom\/rennes\">\u00e9quipes de Mydemenageur \u00e0 Rennes<\/a> pour vous aider le jour J. Ils connaissent bien la ville et sont exp\u00e9riment\u00e9s dans leur domaine, garantissant un transport rapide et efficace de toutes vos affaires.<\/p>\n<h2><span class=\"ez-toc-section\" id=\"le-guide-pratique-pour-demenager-a-rennes\"><\/span>Le guide pratique pour d\u00e9m\u00e9nager \u00e0 Rennes<span class=\"ez-toc-section-end\"><\/span><\/h2>\n<p>Les gros bras et les professionnels sont les deux types de services de d\u00e9m\u00e9nagement propos\u00e9s aux personnes qui veulent d\u00e9m\u00e9nager \u00e0 Annecy. Notons que chacun de ses services poss\u00e8de ses avantages.<\/p>\n<p>Pourquoi contacter les gros bras ?<\/p>\n<ul>\n<li>Ils sont parfaits pour les petits d\u00e9m\u00e9nagements et proposent des tarifs tr\u00e8s abordables<\/li>\n<li>Ils vous offrent la possibilit\u00e9 d\u2019organiser votre d\u00e9m\u00e9nagement en fonction de votre disponibilit\u00e9. Vous n\u2019avez donc aucune pression<\/li>\n<\/ul>\n<p>Pourquoi avoir recours aux services professionnels ?<\/p>\n<ul>\n<li>Ils sont tr\u00e8s exp\u00e9riment\u00e9s et travaillent avec professionnalisme (cartons sp\u00e9ciaux, v\u00e9hicules de transport)<\/li>\n<li>Ils vous remboursent en cas de casse d\u2019objets fragiles<\/li>\n<li>Nos professionnels s\u2019occupent totalement de votre d\u00e9m\u00e9nagement, vous ne fournissez aucun effort<\/li>\n<\/ul>\n","protected":false},"excerpt":{"rendered":"<p>Rennes, la capitale bretonne, a de tout temps \u00e9t\u00e9 une ville pl\u00e9biscit\u00e9e, tant par les \u00e9tudiants que les jeunes actifs,<\/p>\n","protected":false},"author":11,"featured_media":2339,"comment_status":"closed","ping_status":"closed","sticky":false,"template":"","format":"standard","meta":{"_lmt_disableupdate":"no","_lmt_disable":"no","footnotes":""},"categories":[102],"tags":[],"yoast_head":"<!-- This site is optimized with the Yoast SEO Premium plugin v24.2 (Yoast SEO v24.5) - https:\/\/yoast.com\/wordpress\/plugins\/seo\/ -->\n<title>Vivre \u00e0 Rennes (Ille-et-Vilaine) : ce qu\u2019il faut savoir avant d\u2019y emm\u00e9nager<\/title>\n<meta name=\"description\" content=\"Avant de Vivre \u00e0 Rennes, une ville du nord-ouest de la France, voici tout ce que vous devez savoir concernant la ville.\" \/>\n<meta name=\"robots\" content=\"index, follow, max-snippet:-1, max-image-preview:large, max-video-preview:-1\" \/>\n<link rel=\"canonical\" href=\"https:\/\/www.mydemenageur.com\/blog\/vivre-a-rennes\/\" \/>\n<meta property=\"og:locale\" content=\"fr_FR\" \/>\n<meta property=\"og:type\" content=\"article\" \/>\n<meta property=\"og:title\" content=\"Vivre \u00e0 Rennes (Ille-et-Vilaine) : ce qu\u2019il faut savoir avant d\u2019y emm\u00e9nager\" \/>\n<meta property=\"og:description\" content=\"Avant de Vivre \u00e0 Rennes, une ville du nord-ouest de la France, voici tout ce que vous devez savoir concernant la ville.\" \/>\n<meta property=\"og:url\" content=\"https:\/\/www.mydemenageur.com\/blog\/vivre-a-rennes\/\" \/>\n<meta property=\"og:site_name\" content=\"MyDemenageur\" \/>\n<meta property=\"article:publisher\" content=\"https:\/\/www.facebook.com\/mydemenageur\" \/>\n<meta property=\"article:published_time\" content=\"2021-01-13T17:30:42+00:00\" \/>\n<meta property=\"article:modified_time\" content=\"2024-09-14T23:27:36+00:00\" \/>\n<meta property=\"og:image\" content=\"https:\/\/www.mydemenageur.com\/blog\/wp-content\/uploads\/2021\/01\/AdobeStock_108798210-960x640-1.jpg\" \/>\n\t<meta property=\"og:image:width\" content=\"680\" \/>\n\t<meta property=\"og:image:height\" content=\"453\" \/>\n\t<meta property=\"og:image:type\" content=\"image\/jpeg\" \/>\n<meta name=\"author\" content=\"Mathilde\" \/>\n<meta name=\"twitter:card\" content=\"summary_large_image\" \/>\n<meta name=\"twitter:creator\" content=\"@mydemenageur\" \/>\n<meta name=\"twitter:site\" content=\"@mydemenageur\" \/>\n<meta name=\"twitter:label1\" content=\"\u00c9crit par\" \/>\n\t<meta name=\"twitter:data1\" content=\"Mathilde\" \/>\n\t<meta name=\"twitter:label2\" content=\"Dur\u00e9e de lecture estim\u00e9e\" \/>\n\t<meta name=\"twitter:data2\" content=\"13 minutes\" \/>\n<script type=\"application\/ld+json\" class=\"yoast-schema-graph\">{\"@context\":\"https:\/\/schema.org\",\"@graph\":[{\"@type\":\"Article\",\"@id\":\"https:\/\/www.mydemenageur.com\/blog\/vivre-a-rennes\/#article\",\"isPartOf\":{\"@id\":\"https:\/\/www.mydemenageur.com\/blog\/vivre-a-rennes\/\"},\"author\":{\"name\":\"Mathilde\",\"@id\":\"https:\/\/www.mydemenageur.com\/blog\/#\/schema\/person\/4540dc333c2e7dc790f0f7bcd5b99569\"},\"headline\":\"Vivre \u00e0 Rennes (Ille-et-Vilaine) : ce qu\u2019il faut savoir avant d\u2019y emm\u00e9nager\",\"datePublished\":\"2021-01-13T17:30:42+00:00\",\"dateModified\":\"2024-09-14T23:27:36+00:00\",\"mainEntityOfPage\":{\"@id\":\"https:\/\/www.mydemenageur.com\/blog\/vivre-a-rennes\/\"},\"wordCount\":2574,\"publisher\":{\"@id\":\"https:\/\/www.mydemenageur.com\/blog\/#organization\"},\"image\":{\"@id\":\"https:\/\/www.mydemenageur.com\/blog\/vivre-a-rennes\/#primaryimage\"},\"thumbnailUrl\":\"https:\/\/www.mydemenageur.com\/blog\/wp-content\/uploads\/2021\/01\/AdobeStock_108798210-960x640-1.jpg\",\"articleSection\":[\"Logement\"],\"inLanguage\":\"fr-FR\"},{\"@type\":\"WebPage\",\"@id\":\"https:\/\/www.mydemenageur.com\/blog\/vivre-a-rennes\/\",\"url\":\"https:\/\/www.mydemenageur.com\/blog\/vivre-a-rennes\/\",\"name\":\"Vivre \u00e0 Rennes (Ille-et-Vilaine) : ce qu\u2019il faut savoir avant d\u2019y emm\u00e9nager\",\"isPartOf\":{\"@id\":\"https:\/\/www.mydemenageur.com\/blog\/#website\"},\"primaryImageOfPage\":{\"@id\":\"https:\/\/www.mydemenageur.com\/blog\/vivre-a-rennes\/#primaryimage\"},\"image\":{\"@id\":\"https:\/\/www.mydemenageur.com\/blog\/vivre-a-rennes\/#primaryimage\"},\"thumbnailUrl\":\"https:\/\/www.mydemenageur.com\/blog\/wp-content\/uploads\/2021\/01\/AdobeStock_108798210-960x640-1.jpg\",\"datePublished\":\"2021-01-13T17:30:42+00:00\",\"dateModified\":\"2024-09-14T23:27:36+00:00\",\"description\":\"Avant de Vivre \u00e0 Rennes, une ville du nord-ouest de la France, voici tout ce que vous devez savoir concernant la ville.\",\"breadcrumb\":{\"@id\":\"https:\/\/www.mydemenageur.com\/blog\/vivre-a-rennes\/#breadcrumb\"},\"inLanguage\":\"fr-FR\",\"potentialAction\":[{\"@type\":\"ReadAction\",\"target\":[\"https:\/\/www.mydemenageur.com\/blog\/vivre-a-rennes\/\"]}]},{\"@type\":\"ImageObject\",\"inLanguage\":\"fr-FR\",\"@id\":\"https:\/\/www.mydemenageur.com\/blog\/vivre-a-rennes\/#primaryimage\",\"url\":\"https:\/\/www.mydemenageur.com\/blog\/wp-content\/uploads\/2021\/01\/AdobeStock_108798210-960x640-1.jpg\",\"contentUrl\":\"https:\/\/www.mydemenageur.com\/blog\/wp-content\/uploads\/2021\/01\/AdobeStock_108798210-960x640-1.jpg\",\"width\":680,\"height\":453,\"caption\":\"Place plum' ou Place Plumereau \u00e0 Tours\"},{\"@type\":\"BreadcrumbList\",\"@id\":\"https:\/\/www.mydemenageur.com\/blog\/vivre-a-rennes\/#breadcrumb\",\"itemListElement\":[{\"@type\":\"ListItem\",\"position\":1,\"name\":\"Accueil\",\"item\":\"https:\/\/www.mydemenageur.com\/blog\/\"},{\"@type\":\"ListItem\",\"position\":2,\"name\":\"Logement\",\"item\":\"https:\/\/www.mydemenageur.com\/blog\/categorie\/logement\/\"},{\"@type\":\"ListItem\",\"position\":3,\"name\":\"Vivre \u00e0 Rennes (Ille-et-Vilaine) : ce qu\u2019il faut savoir avant d\u2019y emm\u00e9nager\"}]},{\"@type\":\"WebSite\",\"@id\":\"https:\/\/www.mydemenageur.com\/blog\/#website\",\"url\":\"https:\/\/www.mydemenageur.com\/blog\/\",\"name\":\"MyDemenageur\",\"description\":\"Conseils d\u00e9m\u00e9ngement entre particuliers et d\u00e9m\u00e9nagement professionnel\",\"publisher\":{\"@id\":\"https:\/\/www.mydemenageur.com\/blog\/#organization\"},\"potentialAction\":[{\"@type\":\"SearchAction\",\"target\":{\"@type\":\"EntryPoint\",\"urlTemplate\":\"https:\/\/www.mydemenageur.com\/blog\/?s={search_term_string}\"},\"query-input\":{\"@type\":\"PropertyValueSpecification\",\"valueRequired\":true,\"valueName\":\"search_term_string\"}}],\"inLanguage\":\"fr-FR\"},{\"@type\":\"Organization\",\"@id\":\"https:\/\/www.mydemenageur.com\/blog\/#organization\",\"name\":\"MyDemenageur.com\",\"url\":\"https:\/\/www.mydemenageur.com\/blog\/\",\"logo\":{\"@type\":\"ImageObject\",\"inLanguage\":\"fr-FR\",\"@id\":\"https:\/\/www.mydemenageur.com\/blog\/#\/schema\/logo\/image\/\",\"url\":\"https:\/\/www.mydemenageur.com\/blog\/wp-content\/uploads\/2022\/05\/MyDemenageur_Symbol.jpg\",\"contentUrl\":\"https:\/\/www.mydemenageur.com\/blog\/wp-content\/uploads\/2022\/05\/MyDemenageur_Symbol.jpg\",\"width\":878,\"height\":877,\"caption\":\"MyDemenageur.com\"},\"image\":{\"@id\":\"https:\/\/www.mydemenageur.com\/blog\/#\/schema\/logo\/image\/\"},\"sameAs\":[\"https:\/\/www.facebook.com\/mydemenageur\",\"https:\/\/x.com\/mydemenageur\",\"https:\/\/www.pinterest.fr\/mydemenageur\/\"]},{\"@type\":\"Person\",\"@id\":\"https:\/\/www.mydemenageur.com\/blog\/#\/schema\/person\/4540dc333c2e7dc790f0f7bcd5b99569\",\"name\":\"Mathilde\",\"image\":{\"@type\":\"ImageObject\",\"inLanguage\":\"fr-FR\",\"@id\":\"https:\/\/www.mydemenageur.com\/blog\/#\/schema\/person\/image\/\",\"url\":\"https:\/\/secure.gravatar.com\/avatar\/abde069f6f70261ee6ecea93e0437d77?s=96&#038;r=g\",\"contentUrl\":\"https:\/\/secure.gravatar.com\/avatar\/abde069f6f70261ee6ecea93e0437d77?s=96&#038;r=g\",\"caption\":\"Mathilde\"},\"description\":\"L'harmonie des couleurs et des objets m'a toujours fascin\u00e9e, transformant chaque pi\u00e8ce en un lieu unique et agr\u00e9able \u00e0 vivre. Sur MyDemenageur, vous trouverez non seulement des inspirations personnelles, mais aussi des informations r\u00e9centes sur le monde de la d\u00e9coration, les projets de maison, le d\u00e9m\u00e9nagement et les travaux.\",\"url\":\"https:\/\/www.mydemenageur.com\/blog\/author\/mathilde\/\"}]}<\/script>\n<!-- \/ Yoast SEO Premium plugin. -->","yoast_head_json":{"title":"Vivre \u00e0 Rennes (Ille-et-Vilaine) : ce qu\u2019il faut savoir avant d\u2019y emm\u00e9nager","description":"Avant de Vivre \u00e0 Rennes, une ville du nord-ouest de la France, voici tout ce que vous devez savoir concernant la ville.","robots":{"index":"index","follow":"follow","max-snippet":"max-snippet:-1","max-image-preview":"max-image-preview:large","max-video-preview":"max-video-preview:-1"},"canonical":"https:\/\/www.mydemenageur.com\/blog\/vivre-a-rennes\/","og_locale":"fr_FR","og_type":"article","og_title":"Vivre \u00e0 Rennes (Ille-et-Vilaine) : ce qu\u2019il faut savoir avant d\u2019y emm\u00e9nager","og_description":"Avant de Vivre \u00e0 Rennes, une ville du nord-ouest de la France, voici tout ce que vous devez savoir concernant la ville.","og_url":"https:\/\/www.mydemenageur.com\/blog\/vivre-a-rennes\/","og_site_name":"MyDemenageur","article_publisher":"https:\/\/www.facebook.com\/mydemenageur","article_published_time":"2021-01-13T17:30:42+00:00","article_modified_time":"2024-09-14T23:27:36+00:00","og_image":[{"width":680,"height":453,"url":"https:\/\/www.mydemenageur.com\/blog\/wp-content\/uploads\/2021\/01\/AdobeStock_108798210-960x640-1.jpg","type":"image\/jpeg"}],"author":"Mathilde","twitter_card":"summary_large_image","twitter_creator":"@mydemenageur","twitter_site":"@mydemenageur","twitter_misc":{"\u00c9crit par":"Mathilde","Dur\u00e9e de lecture estim\u00e9e":"13 minutes"},"schema":{"@context":"https:\/\/schema.org","@graph":[{"@type":"Article","@id":"https:\/\/www.mydemenageur.com\/blog\/vivre-a-rennes\/#article","isPartOf":{"@id":"https:\/\/www.mydemenageur.com\/blog\/vivre-a-rennes\/"},"author":{"name":"Mathilde","@id":"https:\/\/www.mydemenageur.com\/blog\/#\/schema\/person\/4540dc333c2e7dc790f0f7bcd5b99569"},"headline":"Vivre \u00e0 Rennes (Ille-et-Vilaine) : ce qu\u2019il faut savoir avant d\u2019y emm\u00e9nager","datePublished":"2021-01-13T17:30:42+00:00","dateModified":"2024-09-14T23:27:36+00:00","mainEntityOfPage":{"@id":"https:\/\/www.mydemenageur.com\/blog\/vivre-a-rennes\/"},"wordCount":2574,"publisher":{"@id":"https:\/\/www.mydemenageur.com\/blog\/#organization"},"image":{"@id":"https:\/\/www.mydemenageur.com\/blog\/vivre-a-rennes\/#primaryimage"},"thumbnailUrl":"https:\/\/www.mydemenageur.com\/blog\/wp-content\/uploads\/2021\/01\/AdobeStock_108798210-960x640-1.jpg","articleSection":["Logement"],"inLanguage":"fr-FR"},{"@type":"WebPage","@id":"https:\/\/www.mydemenageur.com\/blog\/vivre-a-rennes\/","url":"https:\/\/www.mydemenageur.com\/blog\/vivre-a-rennes\/","name":"Vivre \u00e0 Rennes (Ille-et-Vilaine) : ce qu\u2019il faut savoir avant d\u2019y emm\u00e9nager","isPartOf":{"@id":"https:\/\/www.mydemenageur.com\/blog\/#website"},"primaryImageOfPage":{"@id":"https:\/\/www.mydemenageur.com\/blog\/vivre-a-rennes\/#primaryimage"},"image":{"@id":"https:\/\/www.mydemenageur.com\/blog\/vivre-a-rennes\/#primaryimage"},"thumbnailUrl":"https:\/\/www.mydemenageur.com\/blog\/wp-content\/uploads\/2021\/01\/AdobeStock_108798210-960x640-1.jpg","datePublished":"2021-01-13T17:30:42+00:00","dateModified":"2024-09-14T23:27:36+00:00","description":"Avant de Vivre \u00e0 Rennes, une ville du nord-ouest de la France, voici tout ce que vous devez savoir concernant la ville.","breadcrumb":{"@id":"https:\/\/www.mydemenageur.com\/blog\/vivre-a-rennes\/#breadcrumb"},"inLanguage":"fr-FR","potentialAction":[{"@type":"ReadAction","target":["https:\/\/www.mydemenageur.com\/blog\/vivre-a-rennes\/"]}]},{"@type":"ImageObject","inLanguage":"fr-FR","@id":"https:\/\/www.mydemenageur.com\/blog\/vivre-a-rennes\/#primaryimage","url":"https:\/\/www.mydemenageur.com\/blog\/wp-content\/uploads\/2021\/01\/AdobeStock_108798210-960x640-1.jpg","contentUrl":"https:\/\/www.mydemenageur.com\/blog\/wp-content\/uploads\/2021\/01\/AdobeStock_108798210-960x640-1.jpg","width":680,"height":453,"caption":"Place plum' ou Place Plumereau \u00e0 Tours"},{"@type":"BreadcrumbList","@id":"https:\/\/www.mydemenageur.com\/blog\/vivre-a-rennes\/#breadcrumb","itemListElement":[{"@type":"ListItem","position":1,"name":"Accueil","item":"https:\/\/www.mydemenageur.com\/blog\/"},{"@type":"ListItem","position":2,"name":"Logement","item":"https:\/\/www.mydemenageur.com\/blog\/categorie\/logement\/"},{"@type":"ListItem","position":3,"name":"Vivre \u00e0 Rennes (Ille-et-Vilaine) : ce qu\u2019il faut savoir avant d\u2019y emm\u00e9nager"}]},{"@type":"WebSite","@id":"https:\/\/www.mydemenageur.com\/blog\/#website","url":"https:\/\/www.mydemenageur.com\/blog\/","name":"MyDemenageur","description":"Conseils d\u00e9m\u00e9ngement entre particuliers et d\u00e9m\u00e9nagement professionnel","publisher":{"@id":"https:\/\/www.mydemenageur.com\/blog\/#organization"},"potentialAction":[{"@type":"SearchAction","target":{"@type":"EntryPoint","urlTemplate":"https:\/\/www.mydemenageur.com\/blog\/?s={search_term_string}"},"query-input":{"@type":"PropertyValueSpecification","valueRequired":true,"valueName":"search_term_string"}}],"inLanguage":"fr-FR"},{"@type":"Organization","@id":"https:\/\/www.mydemenageur.com\/blog\/#organization","name":"MyDemenageur.com","url":"https:\/\/www.mydemenageur.com\/blog\/","logo":{"@type":"ImageObject","inLanguage":"fr-FR","@id":"https:\/\/www.mydemenageur.com\/blog\/#\/schema\/logo\/image\/","url":"https:\/\/www.mydemenageur.com\/blog\/wp-content\/uploads\/2022\/05\/MyDemenageur_Symbol.jpg","contentUrl":"https:\/\/www.mydemenageur.com\/blog\/wp-content\/uploads\/2022\/05\/MyDemenageur_Symbol.jpg","width":878,"height":877,"caption":"MyDemenageur.com"},"image":{"@id":"https:\/\/www.mydemenageur.com\/blog\/#\/schema\/logo\/image\/"},"sameAs":["https:\/\/www.facebook.com\/mydemenageur","https:\/\/x.com\/mydemenageur","https:\/\/www.pinterest.fr\/mydemenageur\/"]},{"@type":"Person","@id":"https:\/\/www.mydemenageur.com\/blog\/#\/schema\/person\/4540dc333c2e7dc790f0f7bcd5b99569","name":"Mathilde","image":{"@type":"ImageObject","inLanguage":"fr-FR","@id":"https:\/\/www.mydemenageur.com\/blog\/#\/schema\/person\/image\/","url":"https:\/\/secure.gravatar.com\/avatar\/abde069f6f70261ee6ecea93e0437d77?s=96&#038;r=g","contentUrl":"https:\/\/secure.gravatar.com\/avatar\/abde069f6f70261ee6ecea93e0437d77?s=96&#038;r=g","caption":"Mathilde"},"description":"L'harmonie des couleurs et des objets m'a toujours fascin\u00e9e, transformant chaque pi\u00e8ce en un lieu unique et agr\u00e9able \u00e0 vivre. Sur MyDemenageur, vous trouverez non seulement des inspirations personnelles, mais aussi des informations r\u00e9centes sur le monde de la d\u00e9coration, les projets de maison, le d\u00e9m\u00e9nagement et les travaux.","url":"https:\/\/www.mydemenageur.com\/blog\/author\/mathilde\/"}]}},"modified_by":"MyDemenageur","_links":{"self":[{"href":"https:\/\/www.mydemenageur.com\/blog\/wp-json\/wp\/v2\/posts\/2333"}],"collection":[{"href":"https:\/\/www.mydemenageur.com\/blog\/wp-json\/wp\/v2\/posts"}],"about":[{"href":"https:\/\/www.mydemenageur.com\/blog\/wp-json\/wp\/v2\/types\/post"}],"author":[{"embeddable":true,"href":"https:\/\/www.mydemenageur.com\/blog\/wp-json\/wp\/v2\/users\/11"}],"replies":[{"embeddable":true,"href":"https:\/\/www.mydemenageur.com\/blog\/wp-json\/wp\/v2\/comments?post=2333"}],"version-history":[{"count":0,"href":"https:\/\/www.mydemenageur.com\/blog\/wp-json\/wp\/v2\/posts\/2333\/revisions"}],"wp:featuredmedia":[{"embeddable":true,"href":"https:\/\/www.mydemenageur.com\/blog\/wp-json\/wp\/v2\/media\/2339"}],"wp:attachment":[{"href":"https:\/\/www.mydemenageur.com\/blog\/wp-json\/wp\/v2\/media?parent=2333"}],"wp:term":[{"taxonomy":"category","embeddable":true,"href":"https:\/\/www.mydemenageur.com\/blog\/wp-json\/wp\/v2\/categories?post=2333"},{"taxonomy":"post_tag","embeddable":true,"href":"https:\/\/www.mydemenageur.com\/blog\/wp-json\/wp\/v2\/tags?post=2333"}],"curies":[{"name":"wp","href":"https:\/\/api.w.org\/{rel}","templated":true}]}}