{"id":23408,"date":"2021-08-25T09:28:00","date_gmt":"2021-08-25T09:28:00","guid":{"rendered":"https:\/\/www.mydemenageur.com\/blog\/?p=23408"},"modified":"2022-09-23T09:35:52","modified_gmt":"2022-09-23T09:35:52","slug":"ils-parlent-de-mydemenageur","status":"publish","type":"post","link":"https:\/\/www.mydemenageur.com\/blog\/ils-parlent-de-mydemenageur\/","title":{"rendered":"Ils parlent de Mydemenageur"},"content":{"rendered":"<p>Ils parlent de nous dans la presse. Presse. Radio. TV. Web.<\/p>\n<h2>D\u00e9couvrez Mydemenageur dans la presse !<\/h2>\n<table border=\"0\" width=\"100%\">\n<tbody>\n<tr>\n<td valign=\"top\" width=\"100\"><\/td>\n<td width=\"10\"><\/td>\n<td valign=\"top\">16\/07\/2018 : Le Figaro<br \/>\n<a href=\"https:\/\/etudiant.lefigaro.fr\/article\/trois-sites-internet-pour-demenager-pas-cher_80e110f0-88f2-11e8-af74-36cf2d08f424\/\" target=\"_blank\" rel=\"noopener\">Trois sites internet pour d\u00e9m\u00e9nager pas cher<\/a><\/td>\n<\/tr>\n<tr>\n<td height=\"30\"><\/td>\n<\/tr>\n<tr>\n<td valign=\"top\" width=\"100\"><\/td>\n<td width=\"10\"><\/td>\n<td valign=\"top\">07\/06\/2018 : Le T\u00e9l\u00e9gramme<br \/>\n<a href=\"https:\/\/www.letelegramme.fr\/soir\/demenagement-comment-payer-moins-cher-07-06-2018-11985708.php\" target=\"_blank\" rel=\"noopener\">D\u00e9m\u00e9nagement. Comment payer moins cher ?<\/a><\/td>\n<\/tr>\n<tr>\n<td height=\"30\"><\/td>\n<\/tr>\n<tr>\n<td valign=\"top\" width=\"100\"><\/td>\n<td width=\"10\"><\/td>\n<td valign=\"top\">09\/11\/2017 : Planet.fr<br \/>\n<a href=\"https:\/\/www.planet.fr\/dossiers-high-tech-demenagement-ces-8-applis-qui-changent-la-vie.1458060.1508.html\" target=\"_blank\" rel=\"noopener\">D\u00e9m\u00e9nagement : ces 8 applis qui changent la vie !<\/a><\/td>\n<\/tr>\n<tr>\n<td height=\"30\"><\/td>\n<\/tr>\n<tr>\n<td valign=\"top\" width=\"100\"><\/td>\n<td width=\"10\"><\/td>\n<td valign=\"top\">19\/10\/2017 : L&rsquo;Etudiant (Trendy)<br \/>\n<a href=\"https:\/\/www.letudiant.fr\/trendy\/vie-etudiante\/logement\/le-guide-du-demenagement-sans-se-faire-suer.html\" target=\"_blank\" rel=\"noopener\">Le guide du d\u00e9m\u00e9nagement sans se faire suer<\/a><\/td>\n<\/tr>\n<tr>\n<td height=\"30\"><\/td>\n<\/tr>\n<tr>\n<td valign=\"top\" width=\"100\"><\/td>\n<td width=\"10\"><\/td>\n<td valign=\"top\">28\/09\/2017 : L&rsquo;Yonne R\u00e9publicaine<br \/>\n<a href=\"https:\/\/www.lyonne.fr\/joigny\/vie-pratique-consommation\/2017\/09\/28\/de-nombreux-services-meconnus-permettent-danticiper-au-mieux-un-changement-de-residence_12568400.html\" target=\"_blank\" rel=\"noopener\">De nombreux services m\u00e9connus permettent d\u2019anticiper au mieux un changement de r\u00e9sidence<\/a><\/td>\n<\/tr>\n<tr>\n<td height=\"30\"><\/td>\n<\/tr>\n<tr>\n<td valign=\"top\" width=\"100\"><\/td>\n<td width=\"10\"><\/td>\n<td valign=\"top\">25\/09\/2017 : Forbes<br \/>\n<a href=\"https:\/\/www.forbes.fr\/technologie\/ces-sites-qui-digitalisent-les-services-de-demenagement\/\" target=\"_blank\" rel=\"noopener\">Ces Sites Qui Digitalisent Les Services De D\u00e9m\u00e9nagement<\/a><\/td>\n<\/tr>\n<tr>\n<td height=\"30\"><\/td>\n<\/tr>\n<tr>\n<td valign=\"top\" width=\"100\"><\/td>\n<td width=\"10\"><\/td>\n<td valign=\"top\">18\/09\/2017 : Kombini<br \/>\n<a href=\"https:\/\/www.konbini.com\/fr\/inspiration-2\/demenagement-ces-start-up-vont-vous-changer-la-vie\/\" target=\"_blank\" rel=\"noopener\">D\u00e9m\u00e9nagement 2.0 : ces start-up vont vous changer la vie<\/a><\/td>\n<\/tr>\n<tr>\n<td height=\"30\"><\/td>\n<\/tr>\n<tr>\n<td valign=\"top\" width=\"100\"><\/td>\n<td width=\"10\"><\/td>\n<td valign=\"top\">15\/09\/2017 : 20 Minutes<br \/>\n<a href=\"https:\/\/www.20minutes.fr\/magazine\/astuces-demenagement\/on-vous-dit-tout\/comment-motiver-ses-amis-a-vous-aider-a-demenager-6819\/\" target=\"_blank\" rel=\"noopener\">Comment motiver ses amis \u00e0 vous aider \u00e0 d\u00e9m\u00e9nager<\/a><\/td>\n<\/tr>\n<tr>\n<td height=\"30\"><\/td>\n<\/tr>\n<tr>\n<td valign=\"top\" width=\"100\"><\/td>\n<td width=\"10\"><\/td>\n<td valign=\"top\">03\/09\/2017 : L&rsquo;Est R\u00e9publicain<br \/>\n<a href=\"https:\/\/www.estrepublicain.fr\/actualite\/2017\/09\/03\/en-plus-du-jardin-du-logement-ou-de-la-voiture-il-existe-une-ribambelle-de-biens-qui-peuvent-etre\" target=\"_blank\" rel=\"noopener\">En plus du jardin, du logement ou de la voiture, il existe une ribambelle de biens qui peuvent \u00eatre partag\u00e9s entre particuliers<\/a><\/td>\n<\/tr>\n<tr>\n<td height=\"30\"><\/td>\n<\/tr>\n<tr>\n<td valign=\"top\" width=\"100\"><\/td>\n<td width=\"10\"><\/td>\n<td valign=\"top\">22\/08\/2017 : Ouest France<br \/>\n<a href=\"https:\/\/www.ouest-france.fr\/economie\/entreprises\/collaboratif-velo-le-secteur-du-demenagement-se-diversifie-5199831\" target=\"_blank\" rel=\"noopener\">Collaboratif, \u00e0 v\u00e9lo&#8230; Le secteur du d\u00e9m\u00e9nagement se diversifie<\/a><\/td>\n<\/tr>\n<tr>\n<td height=\"30\"><\/td>\n<\/tr>\n<tr>\n<td valign=\"top\" width=\"100\"><\/td>\n<td width=\"10\"><\/td>\n<td valign=\"top\">12\/06\/2017 : Le Journal Du Net<br \/>\n<a href=\"https:\/\/www.journaldunet.com\/economie\/immobilier\/1195082-les-start-up-qui-digitalisent-le-demenagement\/1195196-jobbing-demenagement\" target=\"_blank\" rel=\"noopener\">Les sites de jobbing sp\u00e9cialis\u00e9s dans le d\u00e9m\u00e9nagement<\/a><\/td>\n<\/tr>\n<tr>\n<td height=\"30\"><\/td>\n<\/tr>\n<tr>\n<td valign=\"top\" width=\"100\"><\/td>\n<td width=\"10\"><\/td>\n<td valign=\"top\">02\/06\/2017 : Les Furets<br \/>\n<a href=\"https:\/\/www.lesfurets.com\/assurance-habitation\/actualites\/mydemenageur\" target=\"_blank\" rel=\"noopener\">Et si vous faisiez appel \u00e0 des particuliers pour vous aider \u00e0 d\u00e9m\u00e9nager ?<\/a><\/td>\n<\/tr>\n<tr>\n<td height=\"30\"><\/td>\n<\/tr>\n<tr>\n<td valign=\"top\" width=\"100\"><\/td>\n<td width=\"10\"><\/td>\n<td valign=\"top\">18\/04\/2017 : YouMakeMeShare<br \/>\n<a href=\"https:\/\/www.youmakemeshare.fr\/demenagement-collaboratif-mydemenageur-en-6-questions\/\" target=\"_blank\" rel=\"noopener\">D\u00e9m\u00e9nagement collaboratif \u2013 MyDemenageur en 6 questions<\/a><\/td>\n<\/tr>\n<tr>\n<td height=\"30\"><\/td>\n<\/tr>\n<tr>\n<td valign=\"top\" width=\"100\"><\/td>\n<td width=\"10\"><\/td>\n<td valign=\"top\">04\/04\/2017 : Maison A Part<br \/>\n<a href=\"https:\/\/www.maisonapart.com\/edito\/immobilier-logement\/demenager\/demenager-pas-cher---l-option-gagnante-du-particip-11508.php\" target=\"_blank\" rel=\"noopener\">D\u00e9m\u00e9nagement participatif : mode d&#8217;emploi<\/a><\/td>\n<\/tr>\n<tr>\n<td height=\"30\"><\/td>\n<\/tr>\n<tr>\n<td valign=\"top\" width=\"100\"><\/td>\n<td width=\"10\"><\/td>\n<td valign=\"top\">04\/01\/2017 : Pleine Vie<br \/>\n<a href=\"https:\/\/www.pleinevie.fr\/article\/internet-3-sites-malins-pour-vous-simplifier-la-vie-17138\" target=\"_blank\" rel=\"noopener\">3 sites malins pour vous simplifier la vie !<\/a><\/td>\n<\/tr>\n<tr>\n<td height=\"30\"><\/td>\n<\/tr>\n<tr>\n<td valign=\"top\" width=\"100\"><\/td>\n<td width=\"10\"><\/td>\n<td valign=\"top\">08\/09\/2016 : France 3 Auvergne Rh\u00f4ne-Alpes<br \/>\n<a href=\"https:\/\/france3-regions.francetvinfo.fr\/rhone-alpes\/demenagement-collaboratif-zoom-sur-le-site-muscle-mydemenageurcom-1080789.html\" target=\"_blank\" rel=\"noopener\">D\u00e9m\u00e9nagement collaboratif : zoom sur le site muscl\u00e9 MyDemenageur.com<\/a><iframe class=\"iframevus\" src=\"https:\/\/embedftv-a.akamaihd.net\/e476dbabdd85003ae607da077943f366\" frameborder=\"0\" scrolling=\"no\" allowfullscreen=\"allowfullscreen\" data-mce-fragment=\"1\"><\/iframe><\/td>\n<\/tr>\n<tr>\n<td height=\"30\"><\/td>\n<\/tr>\n<tr>\n<td valign=\"top\" width=\"100\"><\/td>\n<td width=\"10\"><\/td>\n<td valign=\"top\">08\/09\/2016 : Maddyness<br \/>\nD\u00e9m\u00e9nager sans effort (et sans vider son PEL) ? Rien de plus facile avec ces 5 startups !<\/td>\n<\/tr>\n<tr>\n<td height=\"30\"><\/td>\n<\/tr>\n<tr>\n<td valign=\"top\" width=\"100\"><\/td>\n<td width=\"10\"><\/td>\n<td valign=\"top\">03\/08\/2016 : Elle<br \/>\nSujet : Partir sans gal\u00e9rer<\/td>\n<\/tr>\n<tr>\n<td height=\"30\"><\/td>\n<\/tr>\n<tr>\n<td valign=\"top\" width=\"100\"><\/td>\n<td width=\"10\"><\/td>\n<td valign=\"top\">26\/06\/2016 : BFM Business<br \/>\n<a href=\"https:\/\/bfmbusiness.bfmtv.com\/entreprise\/louer-les-bras-de-particuliers-pour-demenager-993278.html\" target=\"_blank\" rel=\"noopener\">Ces start-up vous aident \u00e0 louer les bras de particuliers pour d\u00e9m\u00e9nager<\/a><\/td>\n<\/tr>\n<tr>\n<td height=\"30\"><\/td>\n<\/tr>\n<tr>\n<td valign=\"top\" width=\"100\"><\/td>\n<td width=\"10\"><\/td>\n<td valign=\"top\">14\/06\/2016 : 20 Minutes<br \/>\n<a href=\"https:\/\/www.20minutes.fr\/magazine\/economie-collaborative\/services-collaboratif\/le-demenagement-se-met-au-collaboratif-210665\/\" target=\"_blank\" rel=\"noopener\">Le d\u00e9m\u00e9nagement se met au collaboratif<\/a><\/td>\n<\/tr>\n<tr>\n<td height=\"30\"><\/td>\n<\/tr>\n<tr>\n<td valign=\"top\" width=\"100\"><\/td>\n<td width=\"10\"><\/td>\n<td valign=\"top\">10\/05\/2016 : Capital<br \/>\n<a href=\"https:\/\/www.capital.fr\/carriere-management\/entreprendre\/creation-d-entreprise\/creer-un-nouveau-business-avec-un-vieux-metier-1126666\" target=\"_blank\" rel=\"noopener\">Cr\u00e9er un nouveau business avec un vieux m\u00e9tier<\/a><\/td>\n<\/tr>\n<tr>\n<td height=\"30\"><\/td>\n<\/tr>\n<tr>\n<td valign=\"top\" width=\"100\"><\/td>\n<td width=\"10\"><\/td>\n<td valign=\"top\">03\/05\/2016 : La Voix de l&rsquo;Etudiant<br \/>\nL&rsquo;Etudiant Mag \u2013 N11 \u2013 Mai &#8211; Juin 2016 (Page 20)<\/td>\n<\/tr>\n<tr>\n<td height=\"30\"><\/td>\n<\/tr>\n<tr>\n<td valign=\"top\" width=\"100\"><\/td>\n<td width=\"10\"><\/td>\n<td valign=\"top\">23\/03\/2016 : Influencia<br \/>\n<a href=\"https:\/\/www.influencia.net\/fr\/actualites\/tendance,tendances,comment-emballer-client-plein-demenagement,6186.html\" target=\"_blank\" rel=\"noopener\">Comment emballer son client en plein d\u00e9m\u00e9nagement<\/a><\/td>\n<\/tr>\n<tr>\n<td height=\"30\"><\/td>\n<\/tr>\n<tr>\n<td valign=\"top\" width=\"100\"><\/td>\n<td width=\"10\"><\/td>\n<td valign=\"top\">09\/03\/2016 : Moverbay<br \/>\nD\u00e9m\u00e9nager seul<\/td>\n<\/tr>\n<tr>\n<td height=\"30\"><\/td>\n<\/tr>\n<tr>\n<td valign=\"top\" width=\"100\"><\/td>\n<td width=\"10\"><\/td>\n<td valign=\"top\">04\/10\/2015 : Drivy<br \/>\n<a href=\"https:\/\/blog.drivy.com\/2015\/09\/29\/nos-bons-plans-demenagement\/\" target=\"_blank\" rel=\"noopener\">Nos bons plans d\u00e9m\u00e9nagement<\/a><\/td>\n<\/tr>\n<tr>\n<td height=\"30\"><\/td>\n<\/tr>\n<tr>\n<td valign=\"top\" width=\"100\"><\/td>\n<td width=\"10\"><\/td>\n<td valign=\"top\">29\/09\/2015 : Sun Radio<br \/>\n<a href=\"https:\/\/www.lesonunique.com\/content\/le-co-d-m-nagement-le-vent-en-poupe-53105\" target=\"_blank\" rel=\"noopener\">Le co-d\u00e9m\u00e9nagement a le vent en poupe<\/a><\/td>\n<\/tr>\n<tr>\n<td height=\"30\"><\/td>\n<\/tr>\n<tr>\n<td valign=\"top\" width=\"100\"><\/td>\n<td width=\"10\"><\/td>\n<td valign=\"top\">08\/08\/2015 : RMC<br \/>\n<a href=\"https:\/\/rmc.bfmtv.com\/mediaplayer\/audio\/rmc-0808-votre-maison-9h-10h-232867.html\" target=\"_blank\" rel=\"noopener\">Emission \u00ab\u00a0Votre Maison\u00a0\u00bb &#8211; Sp\u00e9ciale d\u00e9m\u00e9nagement<\/a>\u00a0(passage \u00e0 26:40)<\/td>\n<\/tr>\n<tr>\n<td height=\"30\"><\/td>\n<\/tr>\n<tr>\n<td valign=\"top\" width=\"100\"><\/td>\n<td width=\"10\"><\/td>\n<td valign=\"top\">30\/07\/2015 : Le Parisien<br \/>\nSujet : Nos astuces pour d\u00e9m\u00e9nager malin<\/td>\n<\/tr>\n<tr>\n<td height=\"30\"><\/td>\n<\/tr>\n<tr>\n<td valign=\"top\" width=\"100\"><\/td>\n<td width=\"10\"><\/td>\n<td valign=\"top\">09\/07\/2015 : France 2 &#8211; JT de 20h<br \/>\n<a href=\"https:\/\/www.mydemenageur.com\/blog\/mydemenageur-reportage-20h-france-2\/\" target=\"_blank\" rel=\"noopener\">D\u00e9m\u00e9nager en groupe pour payer moins<\/a><\/td>\n<\/tr>\n<tr>\n<td height=\"30\"><\/td>\n<\/tr>\n<tr>\n<td valign=\"top\" width=\"100\"><\/td>\n<td width=\"10\"><\/td>\n<td valign=\"top\">28\/06\/2015 : Topito<br \/>\n<a href=\"https:\/\/www.topito.com\/top-services-particuliers-consommation-collective\" target=\"_blank\" rel=\"noopener\">Top 16 des nouveaux services entre particuliers, parce que le plus important c\u2019est le vivre-ensemble<\/a><\/td>\n<\/tr>\n<tr>\n<td height=\"30\"><\/td>\n<\/tr>\n<tr>\n<td valign=\"top\" width=\"100\"><\/td>\n<td width=\"10\"><\/td>\n<td valign=\"top\">18\/06\/2015 : Maison \u00e0 part<br \/>\n<a href=\"https:\/\/www.maisonapart.com\/edito\/immobilier-logement\/demenager\/demenagement---ces-nouveaux-services-qui-vous-faci-10096.php?page=5\" target=\"_blank\" rel=\"noopener\">D\u00e9m\u00e9nagement : ces nouveaux services qui vous facilitent la vie<\/a><\/td>\n<\/tr>\n<tr>\n<td height=\"30\"><\/td>\n<\/tr>\n<tr>\n<td valign=\"top\" width=\"100\"><\/td>\n<td width=\"10\"><\/td>\n<td valign=\"top\">16\/06\/2015 : Ouest France<br \/>\nCinq sites et applis pour d\u00e9m\u00e9nager \u00e0 bas prix<\/td>\n<\/tr>\n<tr>\n<td height=\"30\"><\/td>\n<\/tr>\n<tr>\n<td valign=\"top\" width=\"100\"><\/td>\n<td width=\"10\"><\/td>\n<td valign=\"top\">24\/04\/2015 : Hello D\u00e9m\u00e9nagement<br \/>\nD\u00e9m\u00e9nager seul<\/td>\n<\/tr>\n<tr>\n<td height=\"30\"><\/td>\n<\/tr>\n<tr>\n<td valign=\"top\" width=\"100\"><\/td>\n<td width=\"10\"><\/td>\n<td valign=\"top\">03\/04\/2015 : Easy Propri\u00e9tare<br \/>\nD\u00e9m\u00e9nager sans stress : votre r\u00e9troplanning !<\/td>\n<\/tr>\n<tr>\n<td height=\"30\"><\/td>\n<\/tr>\n<tr>\n<td valign=\"top\" width=\"100\"><\/td>\n<td width=\"10\"><\/td>\n<td valign=\"top\">24\/02\/2015 : Radins.com<br \/>\n<a href=\"https:\/\/www.radins.com\/gratuits\/reductions\/demenager-pas-cher-demenagement-collaboratif-2-0-54499.html\" target=\"_blank\" rel=\"noopener\">D\u00e9m\u00e9nager pas cher: le d\u00e9m\u00e9nagement collaboratif 2.0<\/a><\/td>\n<\/tr>\n<tr>\n<td height=\"30\"><\/td>\n<\/tr>\n<tr>\n<td valign=\"top\" width=\"100\"><\/td>\n<td width=\"10\"><\/td>\n<td valign=\"top\">24\/02\/2015 : Surfandbiz<br \/>\nMyD\u00e9m\u00e9nageur, le site participatif pour le d\u00e9m\u00e9nagement<\/td>\n<\/tr>\n<tr>\n<td height=\"30\"><\/td>\n<\/tr>\n<tr>\n<td valign=\"top\" width=\"100\"><\/td>\n<td width=\"10\"><\/td>\n<td valign=\"top\">22\/02\/2015 : Magazine Avantages<\/td>\n<\/tr>\n<tr>\n<td height=\"30\"><\/td>\n<\/tr>\n<tr>\n<td valign=\"top\" width=\"100\"><\/td>\n<td width=\"10\"><\/td>\n<td valign=\"top\">16\/02\/2015 : France Bleu<br \/>\n<a href=\"https:\/\/www.mydemenageur.com\/blog\/interview-france-bleu\/\" target=\"_blank\" rel=\"noopener\">Interview de MyDemenageur sur France Bleu<\/a><\/td>\n<\/tr>\n<tr>\n<td height=\"30\"><\/td>\n<\/tr>\n<tr>\n<td valign=\"top\" width=\"100\"><\/td>\n<td width=\"10\"><\/td>\n<td valign=\"top\">03\/02\/2015 : Lorraine Num\u00e9rique<br \/>\nD\u00e9m\u00e9nager en ligne<\/td>\n<\/tr>\n<tr>\n<td height=\"30\"><\/td>\n<\/tr>\n<tr>\n<td valign=\"top\" width=\"100\"><\/td>\n<td width=\"10\"><\/td>\n<td valign=\"top\">03\/02\/2015 : R\u00e9publicain Lorrain &#8211; Interview du fondateur de MyDemenageur<br \/>\n<a href=\"https:\/\/www.republicain-lorrain.fr\/moselle\/2015\/02\/04\/une-roue-de-secours-quand-les-amis-ne-repondent-plus\" target=\"_blank\" rel=\"noopener\">Une roue de secours quand les amis ne r\u00e9pondent plus<\/a><\/td>\n<\/tr>\n<tr>\n<td height=\"30\"><\/td>\n<\/tr>\n<tr>\n<td valign=\"top\" width=\"100\"><\/td>\n<td width=\"10\"><\/td>\n<td valign=\"top\">30\/01\/2015 : Maddyness<br \/>\n#Veille : 4 startups \u00e0 d\u00e9couvrir ce week-end : Worldcraze, Travel Wifi, Bluewall et MyDemenageur<\/td>\n<\/tr>\n<tr>\n<td height=\"30\"><\/td>\n<\/tr>\n<tr>\n<td valign=\"top\" width=\"100\"><\/td>\n<td width=\"10\"><\/td>\n<td valign=\"top\">28\/12\/2014 : Recupe.net<br \/>\nFiche MyDemenageur.com<\/td>\n<\/tr>\n<tr>\n<td height=\"30\"><\/td>\n<\/tr>\n<tr>\n<td valign=\"top\" width=\"100\"><\/td>\n<td width=\"10\"><\/td>\n<td valign=\"top\">22\/12\/2014 : Essentiel Sant\u00e9 Magazine<br \/>\n<a href=\"https:\/\/www.essentiel-sante-magazine.fr\/le-magazine\/articles-parus\/consommation-collaborative\" target=\"_blank\" rel=\"noopener\">Vous avez dit \u00ab consommation collaborative \u00bb ?<\/a><\/td>\n<\/tr>\n<tr>\n<td height=\"30\"><\/td>\n<\/tr>\n<tr>\n<td valign=\"top\" width=\"100\"><\/td>\n<td width=\"10\"><\/td>\n<td valign=\"top\">22\/12\/2014 : France 4 : On n&rsquo;est plus des pigeons<br \/>\n<a href=\"https:\/\/www.france4.fr\/emissions\/on-n-est-plus-des-pigeons\/enquete\/my-demenageur-muscle-l-entraide-entre-particuliers_282819\" target=\"_blank\" rel=\"noopener\">\u00ab\u00a0My Demenageur\u00a0\u00bb muscle l&rsquo;entraide entre particuliers<\/a><\/td>\n<\/tr>\n<tr>\n<td height=\"30\"><\/td>\n<\/tr>\n<tr>\n<td valign=\"top\" width=\"100\"><\/td>\n<td width=\"10\"><\/td>\n<td valign=\"top\">24\/11\/2014 : Paris Friendly<br \/>\n<a href=\"https:\/\/www.paris-friendly.fr\/gagner-argent-demenagement-pres-chez-soi.html\" target=\"_blank\" rel=\"noopener\">Aider pour des d\u00e9m\u00e9nagements contre r\u00e9mun\u00e9ration<\/a><\/td>\n<\/tr>\n<tr>\n<td height=\"30\"><\/td>\n<\/tr>\n<tr>\n<td valign=\"top\" width=\"100\"><\/td>\n<td width=\"10\"><\/td>\n<td valign=\"top\">13\/10\/2014 : ReussirMaVie.net<br \/>\n<a href=\"https:\/\/www.reussirmavie.net\/Demenager-sans-stress-les-bons-plans-etudiants_a2089.html\" target=\"_blank\" rel=\"noopener\">D\u00e9m\u00e9nager sans stress : les bons plans \u00e9tudiants<\/a><\/td>\n<\/tr>\n<tr>\n<td height=\"30\"><\/td>\n<\/tr>\n<tr>\n<td valign=\"top\" width=\"100\"><\/td>\n<td width=\"10\"><\/td>\n<td valign=\"top\">07\/09\/2014 : CCI Strasbourg et Bas Rhin &#8211; blog Jeunesentreprises<br \/>\nTrouver un coup de main<\/td>\n<\/tr>\n<tr>\n<td height=\"30\"><\/td>\n<\/tr>\n<tr>\n<td valign=\"top\" width=\"100\"><\/td>\n<td width=\"10\"><\/td>\n<td valign=\"top\">28\/08\/2014 : L&rsquo;Etudiant<br \/>\n<a href=\"https:\/\/www.letudiant.fr\/trendy\/deco\/chez-moi\/premier-appart-10-astuces-pour-demenager-facile-grace-au-web.html\" target=\"_blank\" rel=\"noopener\">Premier appart : 10 astuces pour d\u00e9m\u00e9nager facile gr\u00e2ce au Web<\/a><\/td>\n<\/tr>\n<tr>\n<td height=\"30\"><\/td>\n<\/tr>\n<tr>\n<td valign=\"top\" width=\"100\"><\/td>\n<td width=\"10\"><\/td>\n<td valign=\"top\">15\/08\/2014 : Movilab<br \/>\n<a href=\"https:\/\/movilab.org\/index.php?title=Habitat_Partag%C3%A9\" target=\"_blank\" rel=\"noopener\">Wiki \u00ab\u00a0incubation de modes de vie durables in vivo\u00a0\u00bb &gt; Habitat partag\u00e9<\/a><\/td>\n<\/tr>\n<tr>\n<td height=\"30\"><\/td>\n<\/tr>\n<tr>\n<td valign=\"top\" width=\"100\"><\/td>\n<td width=\"10\"><\/td>\n<td valign=\"top\">08\/08\/2014 : ShareAnnuaire<br \/>\nFiche MyDemenageur<\/td>\n<\/tr>\n<tr>\n<td height=\"30\"><\/td>\n<\/tr>\n<tr>\n<td valign=\"top\" width=\"100\"><\/td>\n<td width=\"10\"><\/td>\n<td valign=\"top\">24\/07\/2014 : idFM 98FM radio Enghien<br \/>\n<a href=\"https:\/\/www.mydemenageur.com\/blog\/interview-mydemenageur-sur-idfm-98fm-radio-enghien\/\" target=\"_blank\" rel=\"noopener\">Interview de MyDemenageur (5 minutes)<\/a><\/td>\n<\/tr>\n<tr>\n<td height=\"30\"><\/td>\n<\/tr>\n<tr>\n<td valign=\"top\" width=\"100\"><\/td>\n<td width=\"10\"><\/td>\n<td valign=\"top\">21\/07\/2014 : France 2 &#8211; JT de 13h<br \/>\n<a href=\"https:\/\/www.mydemenageur.com\/blog\/mydemenageur-sur-france-2-au-jt-13h\/\" target=\"_blank\" rel=\"noopener\">Les bons plans du d\u00e9m\u00e9nagement<\/a><\/td>\n<\/tr>\n<tr>\n<td height=\"30\"><\/td>\n<\/tr>\n<tr>\n<td valign=\"top\" width=\"100\"><\/td>\n<td width=\"10\"><\/td>\n<td valign=\"top\">12\/07\/2014 : Modulobox<br \/>\n<a href=\"https:\/\/www.modulobox.fr\/blog\/les-adresses-utiles-pour-vous-aider-dans-votre-demenagement\/\" target=\"_blank\" rel=\"noopener\">Les adresses utiles pour vous aider dans votre d\u00e9m\u00e9nagement<\/a><\/td>\n<\/tr>\n<tr>\n<td height=\"30\"><\/td>\n<\/tr>\n<tr>\n<td valign=\"top\" width=\"100\"><\/td>\n<td width=\"10\"><\/td>\n<td valign=\"top\">23\/06\/2014 : CarOcar<br \/>\n<a href=\"https:\/\/www.caraocar.com\/nos-billets-humeur\/au-secours-je-demenage-et-je-n-ai-qu-une-petite-voiture\" target=\"_blank\" rel=\"noopener\">Au secours, je d\u00e9m\u00e9nage et je n&rsquo;ai qu&rsquo;une petite voiture !<\/a><\/td>\n<\/tr>\n<tr>\n<td height=\"30\"><\/td>\n<\/tr>\n<tr>\n<td valign=\"top\" width=\"100\"><\/td>\n<td width=\"10\"><\/td>\n<td valign=\"top\">21\/06\/2014 : Institut Veblen<br \/>\nDe nouvelles formes de partage : la solidarit\u00e9 au del\u00e0 de l\u2019\u00e9conomie collaborative<\/td>\n<\/tr>\n<tr>\n<td height=\"30\"><\/td>\n<\/tr>\n<tr>\n<td valign=\"top\" width=\"100\"><\/td>\n<td width=\"10\"><\/td>\n<td valign=\"top\">03\/06\/2014 : Oui Stock<br \/>\n<a href=\"https:\/\/blog.ouistock.fr\/demenagement-etudiant-les-bons-plans\/\" target=\"_blank\" rel=\"noopener\">D\u00e9m\u00e9nagement \u00e9tudiant : les bons plans<\/a><\/td>\n<\/tr>\n<tr>\n<td height=\"30\"><\/td>\n<\/tr>\n<tr>\n<td valign=\"top\" width=\"100\"><\/td>\n<td width=\"10\"><\/td>\n<td valign=\"top\">15\/05\/2014 : Femme Actuelle<br \/>\n<a href=\"https:\/\/www.femmeactuelle.fr\/actu\/vie-pratique\/demenagement-aide-01819\" target=\"_blank\" rel=\"noopener\">D\u00e9m\u00e9nagement : une aide pour mon installation<\/a><\/td>\n<\/tr>\n<tr>\n<td height=\"30\"><\/td>\n<\/tr>\n<tr>\n<td valign=\"top\" width=\"100\"><\/td>\n<td width=\"10\"><\/td>\n<td valign=\"top\">15\/04\/2014 : Location-etudiant.fr<br \/>\n<a href=\"https:\/\/www.location-etudiant.fr\/actualites\/Demenager-pas-cher-le-demenagement-collaboratif-85.php\" target=\"_blank\" rel=\"noopener\">D\u00e9m\u00e9nager pas cher: le d\u00e9m\u00e9nagement collaboratif<\/a><\/td>\n<\/tr>\n<tr>\n<td height=\"30\"><\/td>\n<\/tr>\n<tr>\n<td valign=\"top\" width=\"100\"><\/td>\n<td width=\"10\"><\/td>\n<td valign=\"top\">02\/04\/2014 : Kideaz<br \/>\nD\u00e9m\u00e9nagez pour pas un rond !<\/td>\n<\/tr>\n<tr>\n<td height=\"30\"><\/td>\n<\/tr>\n<tr>\n<td valign=\"top\" width=\"100\"><\/td>\n<td width=\"10\"><\/td>\n<td valign=\"top\">20\/03\/2014 : \u00ab\u00a0La Quotidienne\u00a0\u00bb &#8211; France 5<br \/>\n<a href=\"https:\/\/www.france5.fr\/emissions\/la-quotidienne\/a-la-une\/demenager-moins-cher-quand-l-union-fait-la-force_220331\" target=\"_blank\" rel=\"noopener\">D\u00e9m\u00e9nager moins cher : quand l&rsquo;union fait la force<\/a><iframe class=\"iframevus\" src=\"https:\/\/www.youtube.com\/embed\/LWxAJRDHwCM?rel=0\" frameborder=\"0\" allowfullscreen=\"allowfullscreen\" data-mce-fragment=\"1\"><\/iframe><\/td>\n<\/tr>\n<tr>\n<td height=\"30\"><\/td>\n<\/tr>\n<tr>\n<td valign=\"top\" width=\"100\"><\/td>\n<td width=\"10\"><\/td>\n<td valign=\"top\">13\/03\/2014 : Chef d&rsquo;entreprise.com<br \/>\n<a href=\"https:\/\/www.chefdentreprise.com\/Thematique\/vente-marketing-communication-1027\/Tribunes\/leconomie-collaborative-menace-ou-opportunite-234605.htm\" target=\"_blank\" rel=\"noopener\">L\u2019\u00e9conomie collaborative : menace ou opportunit\u00e9 ?<\/a><\/td>\n<\/tr>\n<tr>\n<td height=\"30\"><\/td>\n<\/tr>\n<tr>\n<td valign=\"top\" width=\"100\"><\/td>\n<td width=\"10\"><\/td>\n<td valign=\"top\">07\/03\/2014 : PetitsBudgets.com<br \/>\nUn d\u00e9m\u00e9nagement en perspective ? Peur des corv\u00e9es qui vous attendent ? Connaissez-vous le d\u00e9m\u00e9nagement collaboratif ?<\/td>\n<\/tr>\n<tr>\n<td height=\"30\"><\/td>\n<\/tr>\n<tr>\n<td valign=\"top\" width=\"100\"><\/td>\n<td width=\"10\"><\/td>\n<td valign=\"top\">03\/02\/2014 : Startup365<br \/>\n<a href=\"https:\/\/www.startup365.fr\/mydemenageur\/\" target=\"_blank\" rel=\"noopener\">MyDemenageur, Startup du jour<\/a><\/td>\n<\/tr>\n<tr>\n<td height=\"30\"><\/td>\n<\/tr>\n<tr>\n<td valign=\"top\" width=\"100\"><\/td>\n<td width=\"10\"><\/td>\n<td valign=\"top\">30\/12\/2013 : Bons Plans Etudiant<br \/>\nPour d\u00e9m\u00e9nager pas cher, d\u00e9m\u00e9nagez entre \u00e9tudiants<\/td>\n<\/tr>\n<tr>\n<td height=\"30\"><\/td>\n<\/tr>\n<tr>\n<td valign=\"top\" width=\"100\"><\/td>\n<td width=\"10\"><\/td>\n<td valign=\"top\">23\/12\/2013 : Economie Magazine<br \/>\n<a href=\"https:\/\/economiemagazine.fr\/entreprises\/mydemenageur-ou-larrivee-des-demenagements-entre-particuliers\" target=\"_blank\" rel=\"noopener\">MyDemenageur, ou l\u2019arriv\u00e9e des d\u00e9m\u00e9nagements entre particuliers<\/a><\/td>\n<\/tr>\n<tr>\n<td height=\"30\"><\/td>\n<\/tr>\n<tr>\n<td valign=\"top\" width=\"100\"><\/td>\n<td width=\"10\"><\/td>\n<td valign=\"top\">18\/12\/2013 : Le blog de la Consommation Collaborative<br \/>\nMyDemenageur : des bras et des copains<\/td>\n<\/tr>\n<tr>\n<td height=\"30\"><\/td>\n<\/tr>\n<tr>\n<td valign=\"top\" width=\"100\"><\/td>\n<td width=\"10\"><\/td>\n<td valign=\"top\">17\/12\/2013 : Emploi.org<br \/>\n<a href=\"https:\/\/www.emploi.org\/fr\/sites-petits-jobs\/sites-jobs\" target=\"_blank\" rel=\"noopener\">Cat\u00e9gorie \u00ab\u00a0Chercher un petit job\u00a0\u00bb<\/a><\/td>\n<\/tr>\n<tr>\n<td height=\"30\"><\/td>\n<\/tr>\n<tr>\n<td valign=\"top\" width=\"100\"><\/td>\n<td width=\"10\"><\/td>\n<td valign=\"top\">26\/11\/2013 : Blog de Clic and Walk<br \/>\nUn Facebook pour vous aider \u00e0 d\u00e9m\u00e9nager<\/td>\n<\/tr>\n<tr>\n<td height=\"30\"><\/td>\n<\/tr>\n<tr>\n<td valign=\"top\" width=\"100\"><\/td>\n<td width=\"10\"><\/td>\n<td valign=\"top\">18\/11\/2013 : BonjourId\u00e9e<br \/>\n<a href=\"https:\/\/bonjouridee.com\/my-demenageur\/\" target=\"_blank\" rel=\"noopener\">Fiche Startup de MyDemenageur<\/a><\/td>\n<\/tr>\n<tr>\n<td height=\"30\"><\/td>\n<\/tr>\n<tr>\n<td valign=\"top\" width=\"100\"><\/td>\n<td width=\"10\"><\/td>\n<td valign=\"top\">30\/10\/2013 : J&rsquo;aime les startups<br \/>\n<a href=\"https:\/\/www.jaimelesstartups.fr\/mydemenageur\/\" target=\"_blank\" rel=\"noopener\">MyDemenageur : la startup du jour<\/a><\/td>\n<\/tr>\n<tr>\n<td height=\"30\"><\/td>\n<\/tr>\n<tr>\n<td valign=\"top\" width=\"100\"><\/td>\n<td width=\"10\"><\/td>\n<td valign=\"top\">14\/10\/2013 : Ideesdebiz<br \/>\nStartup : Mydemenageur, d\u00e9m\u00e9nager pour pas cher<\/td>\n<\/tr>\n<tr>\n<td height=\"30\"><\/td>\n<\/tr>\n<tr>\n<td valign=\"top\" width=\"100\"><\/td>\n<td width=\"10\"><\/td>\n<td valign=\"top\">07\/10\/2013 : TechRevolutions<br \/>\n<a href=\"https:\/\/www.techrevolutions.fr\/le-demenagement-2-0-ca-existe\" target=\"_blank\" rel=\"noopener\">Le d\u00e9m\u00e9nagement collaboratif 2.0, \u00e7a existe<\/a><\/td>\n<\/tr>\n<tr>\n<td height=\"30\"><\/td>\n<\/tr>\n<tr>\n<td valign=\"top\" width=\"100\"><\/td>\n<td width=\"10\"><\/td>\n<td valign=\"top\">04\/10\/2013 : CommentCaMarche<br \/>\nMyDemenageur.com, le d\u00e9m\u00e9nagement pas cher entre particuliers.<\/td>\n<\/tr>\n<tr>\n<td height=\"30\"><\/td>\n<\/tr>\n<tr>\n<td valign=\"top\" width=\"100\"><\/td>\n<td width=\"10\"><\/td>\n<td valign=\"top\">20\/09\/2013 : Sita Famille<br \/>\nMyDemenageur a la bonne id\u00e9e de mettre les particuliers en relation pour un d\u00e9m\u00e9nagement \u00e0 moindre co\u00fbt.<\/td>\n<\/tr>\n<tr>\n<td height=\"30\"><\/td>\n<\/tr>\n<tr>\n<td valign=\"top\" width=\"100\"><\/td>\n<td width=\"10\"><\/td>\n<td valign=\"top\">10\/09\/2013 : HelloBiz<br \/>\n<a href=\"https:\/\/hellobiz.fr\/plateforme-trouver-particuliers-aide-demenager\/\" target=\"_blank\" rel=\"noopener\">Une plateforme pour trouver des particuliers qui vous aide \u00e0 d\u00e9m\u00e9nager<\/a><\/td>\n<\/tr>\n<\/tbody>\n<\/table>\n","protected":false},"excerpt":{"rendered":"<p>Ils parlent de nous dans la presse. Presse. Radio. TV. Web. D\u00e9couvrez Mydemenageur dans la presse ! 16\/07\/2018 : Le<\/p>\n","protected":false},"author":11,"featured_media":23411,"comment_status":"closed","ping_status":"closed","sticky":false,"template":"","format":"standard","meta":{"_lmt_disableupdate":"","_lmt_disable":"","footnotes":""},"categories":[21],"tags":[112],"yoast_head":"<!-- This site is optimized with the Yoast SEO Premium plugin v24.2 (Yoast SEO v24.5) - https:\/\/yoast.com\/wordpress\/plugins\/seo\/ -->\n<title>Ils parlent de Mydemenageur<\/title>\n<meta name=\"description\" content=\"Il parlent de Mydemenageur, voici les actualit\u00e9s de Mydemenageur dans la presse, Merci \u00e0 la presse de parler de Mydemenageur !\" \/>\n<meta name=\"robots\" content=\"index, follow, max-snippet:-1, max-image-preview:large, max-video-preview:-1\" \/>\n<link rel=\"canonical\" href=\"https:\/\/www.mydemenageur.com\/blog\/ils-parlent-de-mydemenageur\/\" \/>\n<meta property=\"og:locale\" content=\"fr_FR\" \/>\n<meta property=\"og:type\" content=\"article\" \/>\n<meta property=\"og:title\" content=\"Ils parlent de Mydemenageur\" \/>\n<meta property=\"og:description\" content=\"Il parlent de Mydemenageur, voici les actualit\u00e9s de Mydemenageur dans la presse, Merci \u00e0 la presse de parler de Mydemenageur !\" \/>\n<meta property=\"og:url\" content=\"https:\/\/www.mydemenageur.com\/blog\/ils-parlent-de-mydemenageur\/\" \/>\n<meta property=\"og:site_name\" content=\"MyDemenageur\" \/>\n<meta property=\"article:publisher\" content=\"https:\/\/www.facebook.com\/mydemenageur\" \/>\n<meta property=\"article:published_time\" content=\"2021-08-25T09:28:00+00:00\" \/>\n<meta property=\"article:modified_time\" content=\"2022-09-23T09:35:52+00:00\" \/>\n<meta property=\"og:image\" content=\"https:\/\/www.mydemenageur.com\/blog\/wp-content\/uploads\/2021\/08\/vadim-artyukhin-VCUeOYwqKgo-unsplash.jpg\" \/>\n\t<meta property=\"og:image:width\" content=\"427\" \/>\n\t<meta property=\"og:image:height\" content=\"640\" \/>\n\t<meta property=\"og:image:type\" content=\"image\/jpeg\" \/>\n<meta name=\"author\" content=\"Mathilde\" \/>\n<meta name=\"twitter:card\" content=\"summary_large_image\" \/>\n<meta name=\"twitter:creator\" content=\"@mydemenageur\" \/>\n<meta name=\"twitter:site\" content=\"@mydemenageur\" \/>\n<meta name=\"twitter:label1\" content=\"\u00c9crit par\" \/>\n\t<meta name=\"twitter:data1\" content=\"Mathilde\" \/>\n\t<meta name=\"twitter:label2\" content=\"Dur\u00e9e de lecture estim\u00e9e\" \/>\n\t<meta name=\"twitter:data2\" content=\"5 minutes\" \/>\n<script type=\"application\/ld+json\" class=\"yoast-schema-graph\">{\"@context\":\"https:\/\/schema.org\",\"@graph\":[{\"@type\":\"Article\",\"@id\":\"https:\/\/www.mydemenageur.com\/blog\/ils-parlent-de-mydemenageur\/#article\",\"isPartOf\":{\"@id\":\"https:\/\/www.mydemenageur.com\/blog\/ils-parlent-de-mydemenageur\/\"},\"author\":{\"name\":\"Mathilde\",\"@id\":\"https:\/\/www.mydemenageur.com\/blog\/#\/schema\/person\/4540dc333c2e7dc790f0f7bcd5b99569\"},\"headline\":\"Ils parlent de Mydemenageur\",\"datePublished\":\"2021-08-25T09:28:00+00:00\",\"dateModified\":\"2022-09-23T09:35:52+00:00\",\"mainEntityOfPage\":{\"@id\":\"https:\/\/www.mydemenageur.com\/blog\/ils-parlent-de-mydemenageur\/\"},\"wordCount\":888,\"publisher\":{\"@id\":\"https:\/\/www.mydemenageur.com\/blog\/#organization\"},\"image\":{\"@id\":\"https:\/\/www.mydemenageur.com\/blog\/ils-parlent-de-mydemenageur\/#primaryimage\"},\"thumbnailUrl\":\"https:\/\/www.mydemenageur.com\/blog\/wp-content\/uploads\/2021\/08\/vadim-artyukhin-VCUeOYwqKgo-unsplash.jpg\",\"keywords\":[\"Fonctionnement\"],\"articleSection\":[\"MyDemenageur\"],\"inLanguage\":\"fr-FR\"},{\"@type\":\"WebPage\",\"@id\":\"https:\/\/www.mydemenageur.com\/blog\/ils-parlent-de-mydemenageur\/\",\"url\":\"https:\/\/www.mydemenageur.com\/blog\/ils-parlent-de-mydemenageur\/\",\"name\":\"Ils parlent de Mydemenageur\",\"isPartOf\":{\"@id\":\"https:\/\/www.mydemenageur.com\/blog\/#website\"},\"primaryImageOfPage\":{\"@id\":\"https:\/\/www.mydemenageur.com\/blog\/ils-parlent-de-mydemenageur\/#primaryimage\"},\"image\":{\"@id\":\"https:\/\/www.mydemenageur.com\/blog\/ils-parlent-de-mydemenageur\/#primaryimage\"},\"thumbnailUrl\":\"https:\/\/www.mydemenageur.com\/blog\/wp-content\/uploads\/2021\/08\/vadim-artyukhin-VCUeOYwqKgo-unsplash.jpg\",\"datePublished\":\"2021-08-25T09:28:00+00:00\",\"dateModified\":\"2022-09-23T09:35:52+00:00\",\"description\":\"Il parlent de Mydemenageur, voici les actualit\u00e9s de Mydemenageur dans la presse, Merci \u00e0 la presse de parler de Mydemenageur !\",\"breadcrumb\":{\"@id\":\"https:\/\/www.mydemenageur.com\/blog\/ils-parlent-de-mydemenageur\/#breadcrumb\"},\"inLanguage\":\"fr-FR\",\"potentialAction\":[{\"@type\":\"ReadAction\",\"target\":[\"https:\/\/www.mydemenageur.com\/blog\/ils-parlent-de-mydemenageur\/\"]}]},{\"@type\":\"ImageObject\",\"inLanguage\":\"fr-FR\",\"@id\":\"https:\/\/www.mydemenageur.com\/blog\/ils-parlent-de-mydemenageur\/#primaryimage\",\"url\":\"https:\/\/www.mydemenageur.com\/blog\/wp-content\/uploads\/2021\/08\/vadim-artyukhin-VCUeOYwqKgo-unsplash.jpg\",\"contentUrl\":\"https:\/\/www.mydemenageur.com\/blog\/wp-content\/uploads\/2021\/08\/vadim-artyukhin-VCUeOYwqKgo-unsplash.jpg\",\"width\":427,\"height\":640,\"caption\":\"La presse parle de Mydemenageur\"},{\"@type\":\"BreadcrumbList\",\"@id\":\"https:\/\/www.mydemenageur.com\/blog\/ils-parlent-de-mydemenageur\/#breadcrumb\",\"itemListElement\":[{\"@type\":\"ListItem\",\"position\":1,\"name\":\"Accueil\",\"item\":\"https:\/\/www.mydemenageur.com\/blog\/\"},{\"@type\":\"ListItem\",\"position\":2,\"name\":\"MyDemenageur\",\"item\":\"https:\/\/www.mydemenageur.com\/blog\/categorie\/demenagement\/\"},{\"@type\":\"ListItem\",\"position\":3,\"name\":\"Ils parlent de Mydemenageur\"}]},{\"@type\":\"WebSite\",\"@id\":\"https:\/\/www.mydemenageur.com\/blog\/#website\",\"url\":\"https:\/\/www.mydemenageur.com\/blog\/\",\"name\":\"MyDemenageur\",\"description\":\"Conseils d\u00e9m\u00e9ngement entre particuliers et d\u00e9m\u00e9nagement professionnel\",\"publisher\":{\"@id\":\"https:\/\/www.mydemenageur.com\/blog\/#organization\"},\"potentialAction\":[{\"@type\":\"SearchAction\",\"target\":{\"@type\":\"EntryPoint\",\"urlTemplate\":\"https:\/\/www.mydemenageur.com\/blog\/?s={search_term_string}\"},\"query-input\":{\"@type\":\"PropertyValueSpecification\",\"valueRequired\":true,\"valueName\":\"search_term_string\"}}],\"inLanguage\":\"fr-FR\"},{\"@type\":\"Organization\",\"@id\":\"https:\/\/www.mydemenageur.com\/blog\/#organization\",\"name\":\"MyDemenageur.com\",\"url\":\"https:\/\/www.mydemenageur.com\/blog\/\",\"logo\":{\"@type\":\"ImageObject\",\"inLanguage\":\"fr-FR\",\"@id\":\"https:\/\/www.mydemenageur.com\/blog\/#\/schema\/logo\/image\/\",\"url\":\"https:\/\/www.mydemenageur.com\/blog\/wp-content\/uploads\/2022\/05\/MyDemenageur_Symbol.jpg\",\"contentUrl\":\"https:\/\/www.mydemenageur.com\/blog\/wp-content\/uploads\/2022\/05\/MyDemenageur_Symbol.jpg\",\"width\":878,\"height\":877,\"caption\":\"MyDemenageur.com\"},\"image\":{\"@id\":\"https:\/\/www.mydemenageur.com\/blog\/#\/schema\/logo\/image\/\"},\"sameAs\":[\"https:\/\/www.facebook.com\/mydemenageur\",\"https:\/\/x.com\/mydemenageur\",\"https:\/\/www.pinterest.fr\/mydemenageur\/\"]},{\"@type\":\"Person\",\"@id\":\"https:\/\/www.mydemenageur.com\/blog\/#\/schema\/person\/4540dc333c2e7dc790f0f7bcd5b99569\",\"name\":\"Mathilde\",\"image\":{\"@type\":\"ImageObject\",\"inLanguage\":\"fr-FR\",\"@id\":\"https:\/\/www.mydemenageur.com\/blog\/#\/schema\/person\/image\/\",\"url\":\"https:\/\/secure.gravatar.com\/avatar\/abde069f6f70261ee6ecea93e0437d77?s=96&#038;r=g\",\"contentUrl\":\"https:\/\/secure.gravatar.com\/avatar\/abde069f6f70261ee6ecea93e0437d77?s=96&#038;r=g\",\"caption\":\"Mathilde\"},\"description\":\"L'harmonie des couleurs et des objets m'a toujours fascin\u00e9e, transformant chaque pi\u00e8ce en un lieu unique et agr\u00e9able \u00e0 vivre. Sur MyDemenageur, vous trouverez non seulement des inspirations personnelles, mais aussi des informations r\u00e9centes sur le monde de la d\u00e9coration, les projets de maison, le d\u00e9m\u00e9nagement et les travaux.\",\"url\":\"https:\/\/www.mydemenageur.com\/blog\/author\/mathilde\/\"}]}<\/script>\n<!-- \/ Yoast SEO Premium plugin. -->","yoast_head_json":{"title":"Ils parlent de Mydemenageur","description":"Il parlent de Mydemenageur, voici les actualit\u00e9s de Mydemenageur dans la presse, Merci \u00e0 la presse de parler de Mydemenageur !","robots":{"index":"index","follow":"follow","max-snippet":"max-snippet:-1","max-image-preview":"max-image-preview:large","max-video-preview":"max-video-preview:-1"},"canonical":"https:\/\/www.mydemenageur.com\/blog\/ils-parlent-de-mydemenageur\/","og_locale":"fr_FR","og_type":"article","og_title":"Ils parlent de Mydemenageur","og_description":"Il parlent de Mydemenageur, voici les actualit\u00e9s de Mydemenageur dans la presse, Merci \u00e0 la presse de parler de Mydemenageur !","og_url":"https:\/\/www.mydemenageur.com\/blog\/ils-parlent-de-mydemenageur\/","og_site_name":"MyDemenageur","article_publisher":"https:\/\/www.facebook.com\/mydemenageur","article_published_time":"2021-08-25T09:28:00+00:00","article_modified_time":"2022-09-23T09:35:52+00:00","og_image":[{"width":427,"height":640,"url":"https:\/\/www.mydemenageur.com\/blog\/wp-content\/uploads\/2021\/08\/vadim-artyukhin-VCUeOYwqKgo-unsplash.jpg","type":"image\/jpeg"}],"author":"Mathilde","twitter_card":"summary_large_image","twitter_creator":"@mydemenageur","twitter_site":"@mydemenageur","twitter_misc":{"\u00c9crit par":"Mathilde","Dur\u00e9e de lecture estim\u00e9e":"5 minutes"},"schema":{"@context":"https:\/\/schema.org","@graph":[{"@type":"Article","@id":"https:\/\/www.mydemenageur.com\/blog\/ils-parlent-de-mydemenageur\/#article","isPartOf":{"@id":"https:\/\/www.mydemenageur.com\/blog\/ils-parlent-de-mydemenageur\/"},"author":{"name":"Mathilde","@id":"https:\/\/www.mydemenageur.com\/blog\/#\/schema\/person\/4540dc333c2e7dc790f0f7bcd5b99569"},"headline":"Ils parlent de Mydemenageur","datePublished":"2021-08-25T09:28:00+00:00","dateModified":"2022-09-23T09:35:52+00:00","mainEntityOfPage":{"@id":"https:\/\/www.mydemenageur.com\/blog\/ils-parlent-de-mydemenageur\/"},"wordCount":888,"publisher":{"@id":"https:\/\/www.mydemenageur.com\/blog\/#organization"},"image":{"@id":"https:\/\/www.mydemenageur.com\/blog\/ils-parlent-de-mydemenageur\/#primaryimage"},"thumbnailUrl":"https:\/\/www.mydemenageur.com\/blog\/wp-content\/uploads\/2021\/08\/vadim-artyukhin-VCUeOYwqKgo-unsplash.jpg","keywords":["Fonctionnement"],"articleSection":["MyDemenageur"],"inLanguage":"fr-FR"},{"@type":"WebPage","@id":"https:\/\/www.mydemenageur.com\/blog\/ils-parlent-de-mydemenageur\/","url":"https:\/\/www.mydemenageur.com\/blog\/ils-parlent-de-mydemenageur\/","name":"Ils parlent de Mydemenageur","isPartOf":{"@id":"https:\/\/www.mydemenageur.com\/blog\/#website"},"primaryImageOfPage":{"@id":"https:\/\/www.mydemenageur.com\/blog\/ils-parlent-de-mydemenageur\/#primaryimage"},"image":{"@id":"https:\/\/www.mydemenageur.com\/blog\/ils-parlent-de-mydemenageur\/#primaryimage"},"thumbnailUrl":"https:\/\/www.mydemenageur.com\/blog\/wp-content\/uploads\/2021\/08\/vadim-artyukhin-VCUeOYwqKgo-unsplash.jpg","datePublished":"2021-08-25T09:28:00+00:00","dateModified":"2022-09-23T09:35:52+00:00","description":"Il parlent de Mydemenageur, voici les actualit\u00e9s de Mydemenageur dans la presse, Merci \u00e0 la presse de parler de Mydemenageur !","breadcrumb":{"@id":"https:\/\/www.mydemenageur.com\/blog\/ils-parlent-de-mydemenageur\/#breadcrumb"},"inLanguage":"fr-FR","potentialAction":[{"@type":"ReadAction","target":["https:\/\/www.mydemenageur.com\/blog\/ils-parlent-de-mydemenageur\/"]}]},{"@type":"ImageObject","inLanguage":"fr-FR","@id":"https:\/\/www.mydemenageur.com\/blog\/ils-parlent-de-mydemenageur\/#primaryimage","url":"https:\/\/www.mydemenageur.com\/blog\/wp-content\/uploads\/2021\/08\/vadim-artyukhin-VCUeOYwqKgo-unsplash.jpg","contentUrl":"https:\/\/www.mydemenageur.com\/blog\/wp-content\/uploads\/2021\/08\/vadim-artyukhin-VCUeOYwqKgo-unsplash.jpg","width":427,"height":640,"caption":"La presse parle de Mydemenageur"},{"@type":"BreadcrumbList","@id":"https:\/\/www.mydemenageur.com\/blog\/ils-parlent-de-mydemenageur\/#breadcrumb","itemListElement":[{"@type":"ListItem","position":1,"name":"Accueil","item":"https:\/\/www.mydemenageur.com\/blog\/"},{"@type":"ListItem","position":2,"name":"MyDemenageur","item":"https:\/\/www.mydemenageur.com\/blog\/categorie\/demenagement\/"},{"@type":"ListItem","position":3,"name":"Ils parlent de Mydemenageur"}]},{"@type":"WebSite","@id":"https:\/\/www.mydemenageur.com\/blog\/#website","url":"https:\/\/www.mydemenageur.com\/blog\/","name":"MyDemenageur","description":"Conseils d\u00e9m\u00e9ngement entre particuliers et d\u00e9m\u00e9nagement professionnel","publisher":{"@id":"https:\/\/www.mydemenageur.com\/blog\/#organization"},"potentialAction":[{"@type":"SearchAction","target":{"@type":"EntryPoint","urlTemplate":"https:\/\/www.mydemenageur.com\/blog\/?s={search_term_string}"},"query-input":{"@type":"PropertyValueSpecification","valueRequired":true,"valueName":"search_term_string"}}],"inLanguage":"fr-FR"},{"@type":"Organization","@id":"https:\/\/www.mydemenageur.com\/blog\/#organization","name":"MyDemenageur.com","url":"https:\/\/www.mydemenageur.com\/blog\/","logo":{"@type":"ImageObject","inLanguage":"fr-FR","@id":"https:\/\/www.mydemenageur.com\/blog\/#\/schema\/logo\/image\/","url":"https:\/\/www.mydemenageur.com\/blog\/wp-content\/uploads\/2022\/05\/MyDemenageur_Symbol.jpg","contentUrl":"https:\/\/www.mydemenageur.com\/blog\/wp-content\/uploads\/2022\/05\/MyDemenageur_Symbol.jpg","width":878,"height":877,"caption":"MyDemenageur.com"},"image":{"@id":"https:\/\/www.mydemenageur.com\/blog\/#\/schema\/logo\/image\/"},"sameAs":["https:\/\/www.facebook.com\/mydemenageur","https:\/\/x.com\/mydemenageur","https:\/\/www.pinterest.fr\/mydemenageur\/"]},{"@type":"Person","@id":"https:\/\/www.mydemenageur.com\/blog\/#\/schema\/person\/4540dc333c2e7dc790f0f7bcd5b99569","name":"Mathilde","image":{"@type":"ImageObject","inLanguage":"fr-FR","@id":"https:\/\/www.mydemenageur.com\/blog\/#\/schema\/person\/image\/","url":"https:\/\/secure.gravatar.com\/avatar\/abde069f6f70261ee6ecea93e0437d77?s=96&#038;r=g","contentUrl":"https:\/\/secure.gravatar.com\/avatar\/abde069f6f70261ee6ecea93e0437d77?s=96&#038;r=g","caption":"Mathilde"},"description":"L'harmonie des couleurs et des objets m'a toujours fascin\u00e9e, transformant chaque pi\u00e8ce en un lieu unique et agr\u00e9able \u00e0 vivre. Sur MyDemenageur, vous trouverez non seulement des inspirations personnelles, mais aussi des informations r\u00e9centes sur le monde de la d\u00e9coration, les projets de maison, le d\u00e9m\u00e9nagement et les travaux.","url":"https:\/\/www.mydemenageur.com\/blog\/author\/mathilde\/"}]}},"modified_by":"MyDemenageur","_links":{"self":[{"href":"https:\/\/www.mydemenageur.com\/blog\/wp-json\/wp\/v2\/posts\/23408"}],"collection":[{"href":"https:\/\/www.mydemenageur.com\/blog\/wp-json\/wp\/v2\/posts"}],"about":[{"href":"https:\/\/www.mydemenageur.com\/blog\/wp-json\/wp\/v2\/types\/post"}],"author":[{"embeddable":true,"href":"https:\/\/www.mydemenageur.com\/blog\/wp-json\/wp\/v2\/users\/11"}],"replies":[{"embeddable":true,"href":"https:\/\/www.mydemenageur.com\/blog\/wp-json\/wp\/v2\/comments?post=23408"}],"version-history":[{"count":0,"href":"https:\/\/www.mydemenageur.com\/blog\/wp-json\/wp\/v2\/posts\/23408\/revisions"}],"wp:featuredmedia":[{"embeddable":true,"href":"https:\/\/www.mydemenageur.com\/blog\/wp-json\/wp\/v2\/media\/23411"}],"wp:attachment":[{"href":"https:\/\/www.mydemenageur.com\/blog\/wp-json\/wp\/v2\/media?parent=23408"}],"wp:term":[{"taxonomy":"category","embeddable":true,"href":"https:\/\/www.mydemenageur.com\/blog\/wp-json\/wp\/v2\/categories?post=23408"},{"taxonomy":"post_tag","embeddable":true,"href":"https:\/\/www.mydemenageur.com\/blog\/wp-json\/wp\/v2\/tags?post=23408"}],"curies":[{"name":"wp","href":"https:\/\/api.w.org\/{rel}","templated":true}]}}