{"id":23452,"date":"2021-08-25T15:20:03","date_gmt":"2021-08-25T15:20:03","guid":{"rendered":"https:\/\/www.mydemenageur.com\/blog\/?p=23452"},"modified":"2024-09-16T10:52:32","modified_gmt":"2024-09-16T08:52:32","slug":"demenagement-collaboratif","status":"publish","type":"post","link":"https:\/\/www.mydemenageur.com\/blog\/demenagement-collaboratif\/","title":{"rendered":"Comment organiser un d\u00e9m\u00e9nagement collaboratif ?"},"content":{"rendered":"<p>Vous envisagez de d\u00e9m\u00e9nager ? Vous avez trouv\u00e9 un emploi plus stable ou au contraire un lieu paisible pour jouir d\u2019une retraite m\u00e9rit\u00e9e ? Vous rejoignez une r\u00e9gion ou une personne qui vous est ch\u00e8re ? Quelles que soient les raisons qui motivent votre changement de logement, c\u2019est souvent une p\u00e9riode stressante. Comment organiser votre d\u00e9m\u00e9nagement le mieux possible ?<\/p>\n<p>Quelles sont les meilleures solutions pour \u00e9viter l\u2019\u00e9cueil principal, le co\u00fbt d\u2019un d\u00e9m\u00e9nagement parfois exorbitant. Car c\u2019est bien cet aspect qui est souvent le plus important. Parmi les options efficaces pour r\u00e9soudre cet aspect, le d\u00e9m\u00e9nagement collaboratif se positionne en t\u00eate. Qu\u2019est-ce que c\u2019est ? Comment fonctionne-t-il ? Quelles sont les particuliers \u00e0 solliciter et les assurances \u00e0 souscrire pour r\u00e9aliser un projet de ce type dans les meilleures conditions. D\u00e9ballons les secrets d\u2019un <a href=\"https:\/\/www.mydemenageur.com\/blog\/services\/\">d\u00e9m\u00e9nagement collaboratif avec Mydemenageur.com<\/a><\/p>\n<div id=\"ez-toc-container\" class=\"ez-toc-v2_0_82_2 counter-hierarchy ez-toc-counter ez-toc-custom ez-toc-container-direction\">\n<div class=\"ez-toc-title-container\">\n<p class=\"ez-toc-title\" style=\"cursor:inherit\">Ce que vous allez apprendre<\/p>\n<span class=\"ez-toc-title-toggle\"><\/span><\/div>\n<nav><ul class='ez-toc-list ez-toc-list-level-1 ' ><li class='ez-toc-page-1 ez-toc-heading-level-2'><a class=\"ez-toc-link ez-toc-heading-1\" href=\"https:\/\/www.mydemenageur.com\/blog\/demenagement-collaboratif\/#les-principes-du-demenagement-entre-particuliers\" >Les principes du d\u00e9m\u00e9nagement entre particuliers<\/a><\/li><li class='ez-toc-page-1 ez-toc-heading-level-2'><a class=\"ez-toc-link ez-toc-heading-2\" href=\"https:\/\/www.mydemenageur.com\/blog\/demenagement-collaboratif\/#pourquoi-faire-appel-a-un-demenageur-particulier\" >Pourquoi faire appel \u00e0 un d\u00e9m\u00e9nageur particulier ?<\/a><\/li><li class='ez-toc-page-1 ez-toc-heading-level-2'><a class=\"ez-toc-link ez-toc-heading-3\" href=\"https:\/\/www.mydemenageur.com\/blog\/demenagement-collaboratif\/#comment-organiser-les-demarches-administratives\" >Comment organiser les d\u00e9marches administratives ?<\/a><\/li><li class='ez-toc-page-1 ez-toc-heading-level-2'><a class=\"ez-toc-link ez-toc-heading-4\" href=\"https:\/\/www.mydemenageur.com\/blog\/demenagement-collaboratif\/#le-collaboratif-est-il-plus-ecologique\" >Le collaboratif est-il plus \u00e9cologique ?<\/a><\/li><li class='ez-toc-page-1 ez-toc-heading-level-2'><a class=\"ez-toc-link ez-toc-heading-5\" href=\"https:\/\/www.mydemenageur.com\/blog\/demenagement-collaboratif\/#notre-ethique-chez-mydemenageurcom\" >Notre \u00e9thique chez Mydemenageur.com<\/a><\/li><\/ul><\/nav><\/div>\n<h2><span class=\"ez-toc-section\" id=\"les-principes-du-demenagement-entre-particuliers\"><\/span>Les principes du d\u00e9m\u00e9nagement entre particuliers<span class=\"ez-toc-section-end\"><\/span><\/h2>\n<p>Contrairement \u00e0 un d\u00e9m\u00e9nagement organis\u00e9 par une entreprise, le premier atout de ce type de prestation est qu\u2019il s\u2019effectue entre particuliers et dans votre r\u00e9gion. Comment faire ? Il suffit de vous connecter sur une plateforme de d\u00e9m\u00e9nagement participatif ou collaboratif comme Mydemenageur.com qui met en relation des particuliers pr\u00eats \u00e0 offrir leurs services avec des personnes d\u00e9sireuses d\u2019effectuer leur d\u00e9m\u00e9nagement dans des conditions moins on\u00e9reuses mais tout \u00e0 fait encadr\u00e9es. Vous r\u00e9digez votre annonce en stipulant vos besoins, le cubage \u00e9ventuel de vos biens \u00e0 d\u00e9m\u00e9nager, les cartons n\u00e9cessaires ainsi que tout le mat\u00e9riel. Pour r\u00e9aliser ces estimations, des outils sont \u00e0 votre disposition. Vous pr\u00e9cisez \u00e9galement le nombre de particuliers que requiert le transport de vos marchandises ainsi que le v\u00e9hicule pour les transporter. Il se peut que vous ayez \u00e0 r\u00e9server vous-m\u00eame le camion qui servira \u00e0 votre d\u00e9m\u00e9nagement. Dans tous les cas, vous \u00eates guid\u00e9 afin de prendre en charge le mieux possible tous les aspects de votre transfert.<\/p>\n<h2><span class=\"ez-toc-section\" id=\"pourquoi-faire-appel-a-un-demenageur-particulier\"><\/span>Pourquoi faire appel \u00e0 un d\u00e9m\u00e9nageur particulier ?<span class=\"ez-toc-section-end\"><\/span><\/h2>\n<p>Si vous pensez que la comp\u00e9tence de d\u00e9m\u00e9nageurs professionnels avec des entreprises anonymes et souvent tr\u00e8s ch\u00e8res est unique et irrempla\u00e7able, vous ne pourrez pas vous orienter vers ce choix de prestation. En revanche si vous pensez que des particuliers comp\u00e9tents et soucieux, qu\u2019on appelle des gros bras, sont tout \u00e0 fait capables d\u2019effectuer votre transport d\u2019objets pr\u00e9cieux et encombrants avec le maximum de pr\u00e9cautions. Que ces m\u00eames gros bras ont d\u00e9j\u00e0 beaucoup de transports de marchandises, fragiles ou encombrantes \u00e0 leur actif. Que vous pouvez tout \u00e0 fait laisser un commentaire quant \u00e0 leur prestation de fa\u00e7on \u00e0 noter leurs comp\u00e9tences, leur disponibilit\u00e9, leur amabilit\u00e9 sur la plateforme choisie.<\/p>\n<p>Qu\u2019un d\u00e9m\u00e9nagement organis\u00e9 avec des particuliers proches de chez vous est une v\u00e9ritable opportunit\u00e9 pour tisser des liens. Que c\u2019est une occasion pour \u00e9changer, pour vous rapprocher de gros bras qui sont en contact avec des m\u00e9tiers qui sont souvent du b\u00e2timent. Que vous pouvez ainsi p\u00e9n\u00e9trer le tissu social de votre nouveau lieu d\u2019habitation.<\/p>\n<p>Que c\u2019est vous, au premier chef, qui \u00eates d\u00e9cisionnaire. Qu\u2019un professionnel ne doit pas vous proposer des prestations, des dates, bref des conditions qui ne sont pas celles que vous souhaitez mais que finalement, une fois que vous \u00eates li\u00e9 par contrat, vous ne pouvez plus refuser.<\/p>\n<p>Que le co\u00fbt d\u2019un transport de vos biens ne doit pas vous mettre \u00e0 sec mais au contraire \u00eatre indolore et surtout au juste prix. Vous savez qu\u2019en choisissant ce mod\u00e8le de co-d\u00e9m\u00e9nagement, vous gagnez en moyenne 50 % du prix habituel.<\/p>\n<p>Alors, tous ces arguments montrent que vous \u00eates ouvert au d\u00e9m\u00e9nagement collaboratif et que cette solution est faite pour vous. Il ne vous reste plus qu\u2019\u00e0 trouver la plateforme qui vous permet de vous mettre en relation avec les gros bras que vous choisissez.<\/p>\n<h2><span class=\"ez-toc-section\" id=\"comment-organiser-les-demarches-administratives\"><\/span>Comment organiser les d\u00e9marches administratives ?<span class=\"ez-toc-section-end\"><\/span><\/h2>\n<p>Il est primordial de vous assurer aussi bien pour les biens que vous transportez que pour les d\u00e9marches aupr\u00e8s des municipalit\u00e9s. Si vous encombrez la chauss\u00e9e et emp\u00eachez le passage des riverains, cela peut cr\u00e9er des ennuis, voire des amendes \u00e0 acquitter. Il est important de vous rendre dans la mairie des localit\u00e9s de d\u00e9part et d\u2019arriv\u00e9e de votre d\u00e9m\u00e9nagement afin de faire \u00e9tablir un arr\u00eat\u00e9 qui vous autorise \u00e0 occuper la voie publique durant une journ\u00e9e, voire plus en fonction du volume de votre transport. Ces papiers officiels sont \u00e0 afficher \u00e0 l\u2019endroit du d\u00e9m\u00e9nagement afin d\u2019avertir les riverains. Vous \u00eates ainsi parfaitement couvert pour le cas o\u00f9 un de vos anciens ou futurs voisins viendraient se plaindre du bruit ou de l\u2019encombrement de la voie. Cela vaut \u00e9videmment pour les centres-villes. Si vous habitez dans un lieu un peu excentr\u00e9, o\u00f9 il est plus facile de circuler, de telles dispositions ne sont pas n\u00e9cessaires.<\/p>\n<p>En revanche, n\u2019oubliez pas que vous devez \u00eatre parfaitement assur\u00e9 lors de votre d\u00e9pose des biens dans le camion. Il faut que le logement que vous quittez reste assur\u00e9 jusqu\u2019\u00e0 ce que vous ayez rendu les cl\u00e9s, soit au futur propri\u00e9taire, soit \u00e0 votre ancien bailleur. Pour ce qui est du logement d\u2019accueil, celui dans lequel vous emm\u00e9nagez avec l\u2019aide de vos gros bras, il doit remplir les m\u00eames conditions de s\u00e9curit\u00e9. \u00c0 savoir, il doit \u00eatre assur\u00e9 pour le montant estim\u00e9 de vos biens personnels et en fonction de sa superficie et de son ann\u00e9e de construction. Il est important de faire \u00e9tablir diff\u00e9rents devis aupr\u00e8s des assureurs avant de choisir celui qui vous garantit la meilleure couverture au meilleur tarif.<\/p>\n<p>Pour ce qui est du transport de vos biens depuis votre point de d\u00e9part jusqu\u2019\u00e0 votre nouvel emplacement, il est pr\u00e9f\u00e9rable de contracter une assurance temporaire qui vous couvre pendant le temps de votre transport. Cela repr\u00e9sente une v\u00e9ritable garantie et vous met \u00e0 l\u2019abri d\u2019\u00e9ventuels dommages pendant ce trajet. Il faut toujours \u00e9voquer toutes les situations auxquelles vous \u00eates confront\u00e9 pour mieux les prendre en charge.<\/p>\n<h2><span class=\"ez-toc-section\" id=\"le-collaboratif-est-il-plus-ecologique\"><\/span>Le collaboratif est-il plus \u00e9cologique ?<span class=\"ez-toc-section-end\"><\/span><\/h2>\n<p>En mobilisant des moyens plus proches de chez vous, en employant des cartons recycl\u00e9s et en les recyclant ensuite, en limitant les trajets ainsi que tous les moyens mis en \u0153uvre, votre d\u00e9m\u00e9nagement participatif devient \u00e9galement plus respectueux de l\u2019environnement. Comment ?<\/p>\n<p>Votre annonce mobilise imm\u00e9diatement tous les gros bras qui r\u00e9sident \u00e0 c\u00f4t\u00e9 de chez eux. Vous \u00e9vitez ainsi des trajets superflus et permettez \u00e0 votre \u00e9quipe de gros bras de ne pas perdre de temps pour \u00eatre pr\u00eats \u00e0 vous accompagner le plus rapidement possible.<\/p>\n<p>Vous disposez d\u2019un r\u00e9seau de comp\u00e9tences qui se d\u00e9ploie pour vous \u00e9pauler. Que ce soit pour regrouper tous les cartons, adh\u00e9sif, papier bulle et autres accessoires indispensables pour emballer vos objets pr\u00e9cieux, vos livres et DVD, votre mat\u00e9riel Hifi,\u2026. Les gros bras sont toujours de bon conseil et vous donnent des astuces pour trouver les meilleures locations de v\u00e9hicules, le cas \u00e9ch\u00e9ant ou vous mettent en relation avec un chauffeur de camion \u00e9galement disponible pour prendre en charge votre transport. C\u2019est une \u00e9conomie de moyens qui \u00e0 terme, vous permet d\u2019\u00e9viter des trajets inutiles, des rendez-vous et encore d\u2019autres gaspillages d\u2019\u00e9nergie.<\/p>\n<p>Gr\u00e2ce au d\u00e9m\u00e9nagement participatif, vous \u00eates inform\u00e9 des meilleurs moyens pour recycler des objets dont vous n\u2019avez plus besoin. Vous pouvez \u00e9ventuellement trouver preneur pour certains objets dont vous d\u00e9sirez vous s\u00e9parer.<\/p>\n<p>Tous ces avantages sont des moyens efficaces pour \u00e9conomiser \u00e0 la fois du temps et de l\u2019argent. Votre d\u00e9m\u00e9nagement devient beaucoup plus convivial, vous \u00e9vitez le stress et vos gros bras se chargent de tout, voire de vous faire oublier les soucis de changer de logement. In fine, ce sont moins de stress, moins de paperasses, plus d\u2019\u00e9changes et plus de l\u00e9g\u00e8ret\u00e9 alors qu\u2019un d\u00e9m\u00e9nagement traditionnel est synonyme de contraintes et de perte de temps. Vous verrez les choses avec beaucoup plus d\u2019optimisme en faisant appel \u00e0 des gros bras pr\u00eats \u00e0 vous d\u00e9m\u00e9nager de mani\u00e8re participative.<\/p>\n<h2><span class=\"ez-toc-section\" id=\"notre-ethique-chez-mydemenageurcom\"><\/span>Notre \u00e9thique chez Mydemenageur.com<span class=\"ez-toc-section-end\"><\/span><\/h2>\n<p>Nous sommes une plateforme de mise en relation de particuliers au service des particuliers. D\u2019un c\u00f4t\u00e9, nous mettons en ligne les annonces des particuliers qui ont besoin d\u2019aide et en l\u2019occurrence de gros bras pour les \u00e9pauler au cours de leur d\u00e9m\u00e9nagement. Gr\u00e2ce \u00e0 cette mise en r\u00e9seau, tous les particuliers susceptibles de venir vous apporter leur aide se font conna\u00eetre. C\u2019est alors \u00e0 vous de choisir parmi les profils et les tarifs propos\u00e9s.<\/p>\n<p>En fonction des profils que nous mettons \u00e0 votre disposition et des commentaires des particuliers, vous \u00eates en mesure de vous forger votre opinion. Pour votre emm\u00e9nagement, il vous suffit de proc\u00e9der de la m\u00eame fa\u00e7on pour trouver les gros bras \u00e0 votre mesure. Tout est simple et payable en ligne. Nous vous garantissons la fiabilit\u00e9 de nos gros bras et de toutes nos prestations.<\/p>\n<p>Lorsque vous d\u00e9cidez de r\u00e9aliser votre d\u00e9m\u00e9nagement en mode collaboratif, vous \u00eates certain de trouver les meilleures solutions avec notre plateforme sp\u00e9cialis\u00e9e dans ce secteur. Vous bougez, nous trouvons les gros bras qui vous conviennent. Notre meilleure garantie est sans conteste les retours d\u2019exp\u00e9riences de toutes celles et ceux qui nous ont fait confiance pour organiser et finaliser leur transport de biens personnels en toute tranquillit\u00e9.<\/p>\n<p>Pour le <a href=\"https:\/\/www.mydemenageur.com\/\">d\u00e9m\u00e9nagement collaboratif, avec Mydemenageur.com<\/a>, tout est plus simple.<\/p>\n","protected":false},"excerpt":{"rendered":"<p>Vous envisagez de d\u00e9m\u00e9nager ? Vous avez trouv\u00e9 un emploi plus stable ou au contraire un lieu paisible pour jouir<\/p>\n","protected":false},"author":11,"featured_media":23453,"comment_status":"closed","ping_status":"closed","sticky":false,"template":"","format":"standard","meta":{"_lmt_disableupdate":"no","_lmt_disable":"no","footnotes":""},"categories":[21],"tags":[112],"yoast_head":"<!-- This site is optimized with the Yoast SEO Premium plugin v24.2 (Yoast SEO v24.5) - https:\/\/yoast.com\/wordpress\/plugins\/seo\/ -->\n<title>Comment organiser un d\u00e9m\u00e9nagement collaboratif ?<\/title>\n<meta name=\"description\" content=\"%\" \/>\n<meta name=\"robots\" content=\"index, follow, max-snippet:-1, max-image-preview:large, max-video-preview:-1\" \/>\n<link rel=\"canonical\" href=\"https:\/\/www.mydemenageur.com\/blog\/demenagement-collaboratif\/\" \/>\n<meta property=\"og:locale\" content=\"fr_FR\" \/>\n<meta property=\"og:type\" content=\"article\" \/>\n<meta property=\"og:title\" content=\"Comment organiser un d\u00e9m\u00e9nagement collaboratif ?\" \/>\n<meta property=\"og:description\" content=\"%\" \/>\n<meta property=\"og:url\" content=\"https:\/\/www.mydemenageur.com\/blog\/demenagement-collaboratif\/\" \/>\n<meta property=\"og:site_name\" content=\"MyDemenageur\" \/>\n<meta property=\"article:publisher\" content=\"https:\/\/www.facebook.com\/mydemenageur\" \/>\n<meta property=\"article:published_time\" content=\"2021-08-25T15:20:03+00:00\" \/>\n<meta property=\"article:modified_time\" content=\"2024-09-16T08:52:32+00:00\" \/>\n<meta property=\"og:image\" content=\"https:\/\/www.mydemenageur.com\/blog\/wp-content\/uploads\/2021\/08\/mauro-mora-31-pOduwZGE-unsplash.jpg\" \/>\n\t<meta property=\"og:image:width\" content=\"800\" \/>\n\t<meta property=\"og:image:height\" content=\"533\" \/>\n\t<meta property=\"og:image:type\" content=\"image\/jpeg\" \/>\n<meta name=\"author\" content=\"Mathilde\" \/>\n<meta name=\"twitter:card\" content=\"summary_large_image\" \/>\n<meta name=\"twitter:creator\" content=\"@mydemenageur\" \/>\n<meta name=\"twitter:site\" content=\"@mydemenageur\" \/>\n<meta name=\"twitter:label1\" content=\"\u00c9crit par\" \/>\n\t<meta name=\"twitter:data1\" content=\"Mathilde\" \/>\n\t<meta name=\"twitter:label2\" content=\"Dur\u00e9e de lecture estim\u00e9e\" \/>\n\t<meta name=\"twitter:data2\" content=\"8 minutes\" \/>\n<script type=\"application\/ld+json\" class=\"yoast-schema-graph\">{\"@context\":\"https:\/\/schema.org\",\"@graph\":[{\"@type\":\"Article\",\"@id\":\"https:\/\/www.mydemenageur.com\/blog\/demenagement-collaboratif\/#article\",\"isPartOf\":{\"@id\":\"https:\/\/www.mydemenageur.com\/blog\/demenagement-collaboratif\/\"},\"author\":{\"name\":\"Mathilde\",\"@id\":\"https:\/\/www.mydemenageur.com\/blog\/#\/schema\/person\/4540dc333c2e7dc790f0f7bcd5b99569\"},\"headline\":\"Comment organiser un d\u00e9m\u00e9nagement collaboratif ?\",\"datePublished\":\"2021-08-25T15:20:03+00:00\",\"dateModified\":\"2024-09-16T08:52:32+00:00\",\"mainEntityOfPage\":{\"@id\":\"https:\/\/www.mydemenageur.com\/blog\/demenagement-collaboratif\/\"},\"wordCount\":1671,\"publisher\":{\"@id\":\"https:\/\/www.mydemenageur.com\/blog\/#organization\"},\"image\":{\"@id\":\"https:\/\/www.mydemenageur.com\/blog\/demenagement-collaboratif\/#primaryimage\"},\"thumbnailUrl\":\"https:\/\/www.mydemenageur.com\/blog\/wp-content\/uploads\/2021\/08\/mauro-mora-31-pOduwZGE-unsplash.jpg\",\"keywords\":[\"Fonctionnement\"],\"articleSection\":[\"MyDemenageur\"],\"inLanguage\":\"fr-FR\"},{\"@type\":\"WebPage\",\"@id\":\"https:\/\/www.mydemenageur.com\/blog\/demenagement-collaboratif\/\",\"url\":\"https:\/\/www.mydemenageur.com\/blog\/demenagement-collaboratif\/\",\"name\":\"Comment organiser un d\u00e9m\u00e9nagement collaboratif ?\",\"isPartOf\":{\"@id\":\"https:\/\/www.mydemenageur.com\/blog\/#website\"},\"primaryImageOfPage\":{\"@id\":\"https:\/\/www.mydemenageur.com\/blog\/demenagement-collaboratif\/#primaryimage\"},\"image\":{\"@id\":\"https:\/\/www.mydemenageur.com\/blog\/demenagement-collaboratif\/#primaryimage\"},\"thumbnailUrl\":\"https:\/\/www.mydemenageur.com\/blog\/wp-content\/uploads\/2021\/08\/mauro-mora-31-pOduwZGE-unsplash.jpg\",\"datePublished\":\"2021-08-25T15:20:03+00:00\",\"dateModified\":\"2024-09-16T08:52:32+00:00\",\"description\":\"%\",\"breadcrumb\":{\"@id\":\"https:\/\/www.mydemenageur.com\/blog\/demenagement-collaboratif\/#breadcrumb\"},\"inLanguage\":\"fr-FR\",\"potentialAction\":[{\"@type\":\"ReadAction\",\"target\":[\"https:\/\/www.mydemenageur.com\/blog\/demenagement-collaboratif\/\"]}]},{\"@type\":\"ImageObject\",\"inLanguage\":\"fr-FR\",\"@id\":\"https:\/\/www.mydemenageur.com\/blog\/demenagement-collaboratif\/#primaryimage\",\"url\":\"https:\/\/www.mydemenageur.com\/blog\/wp-content\/uploads\/2021\/08\/mauro-mora-31-pOduwZGE-unsplash.jpg\",\"contentUrl\":\"https:\/\/www.mydemenageur.com\/blog\/wp-content\/uploads\/2021\/08\/mauro-mora-31-pOduwZGE-unsplash.jpg\",\"width\":800,\"height\":533,\"caption\":\"groupe de gens\"},{\"@type\":\"BreadcrumbList\",\"@id\":\"https:\/\/www.mydemenageur.com\/blog\/demenagement-collaboratif\/#breadcrumb\",\"itemListElement\":[{\"@type\":\"ListItem\",\"position\":1,\"name\":\"Accueil\",\"item\":\"https:\/\/www.mydemenageur.com\/blog\/\"},{\"@type\":\"ListItem\",\"position\":2,\"name\":\"MyDemenageur\",\"item\":\"https:\/\/www.mydemenageur.com\/blog\/categorie\/demenagement\/\"},{\"@type\":\"ListItem\",\"position\":3,\"name\":\"Comment organiser un d\u00e9m\u00e9nagement collaboratif ?\"}]},{\"@type\":\"WebSite\",\"@id\":\"https:\/\/www.mydemenageur.com\/blog\/#website\",\"url\":\"https:\/\/www.mydemenageur.com\/blog\/\",\"name\":\"MyDemenageur\",\"description\":\"Conseils d\u00e9m\u00e9ngement entre particuliers et d\u00e9m\u00e9nagement professionnel\",\"publisher\":{\"@id\":\"https:\/\/www.mydemenageur.com\/blog\/#organization\"},\"potentialAction\":[{\"@type\":\"SearchAction\",\"target\":{\"@type\":\"EntryPoint\",\"urlTemplate\":\"https:\/\/www.mydemenageur.com\/blog\/?s={search_term_string}\"},\"query-input\":{\"@type\":\"PropertyValueSpecification\",\"valueRequired\":true,\"valueName\":\"search_term_string\"}}],\"inLanguage\":\"fr-FR\"},{\"@type\":\"Organization\",\"@id\":\"https:\/\/www.mydemenageur.com\/blog\/#organization\",\"name\":\"MyDemenageur.com\",\"url\":\"https:\/\/www.mydemenageur.com\/blog\/\",\"logo\":{\"@type\":\"ImageObject\",\"inLanguage\":\"fr-FR\",\"@id\":\"https:\/\/www.mydemenageur.com\/blog\/#\/schema\/logo\/image\/\",\"url\":\"https:\/\/www.mydemenageur.com\/blog\/wp-content\/uploads\/2022\/05\/MyDemenageur_Symbol.jpg\",\"contentUrl\":\"https:\/\/www.mydemenageur.com\/blog\/wp-content\/uploads\/2022\/05\/MyDemenageur_Symbol.jpg\",\"width\":878,\"height\":877,\"caption\":\"MyDemenageur.com\"},\"image\":{\"@id\":\"https:\/\/www.mydemenageur.com\/blog\/#\/schema\/logo\/image\/\"},\"sameAs\":[\"https:\/\/www.facebook.com\/mydemenageur\",\"https:\/\/x.com\/mydemenageur\",\"https:\/\/www.pinterest.fr\/mydemenageur\/\"]},{\"@type\":\"Person\",\"@id\":\"https:\/\/www.mydemenageur.com\/blog\/#\/schema\/person\/4540dc333c2e7dc790f0f7bcd5b99569\",\"name\":\"Mathilde\",\"image\":{\"@type\":\"ImageObject\",\"inLanguage\":\"fr-FR\",\"@id\":\"https:\/\/www.mydemenageur.com\/blog\/#\/schema\/person\/image\/\",\"url\":\"https:\/\/secure.gravatar.com\/avatar\/abde069f6f70261ee6ecea93e0437d77?s=96&#038;r=g\",\"contentUrl\":\"https:\/\/secure.gravatar.com\/avatar\/abde069f6f70261ee6ecea93e0437d77?s=96&#038;r=g\",\"caption\":\"Mathilde\"},\"description\":\"L'harmonie des couleurs et des objets m'a toujours fascin\u00e9e, transformant chaque pi\u00e8ce en un lieu unique et agr\u00e9able \u00e0 vivre. Sur MyDemenageur, vous trouverez non seulement des inspirations personnelles, mais aussi des informations r\u00e9centes sur le monde de la d\u00e9coration, les projets de maison, le d\u00e9m\u00e9nagement et les travaux.\",\"url\":\"https:\/\/www.mydemenageur.com\/blog\/author\/mathilde\/\"}]}<\/script>\n<!-- \/ Yoast SEO Premium plugin. -->","yoast_head_json":{"title":"Comment organiser un d\u00e9m\u00e9nagement collaboratif ?","description":"%","robots":{"index":"index","follow":"follow","max-snippet":"max-snippet:-1","max-image-preview":"max-image-preview:large","max-video-preview":"max-video-preview:-1"},"canonical":"https:\/\/www.mydemenageur.com\/blog\/demenagement-collaboratif\/","og_locale":"fr_FR","og_type":"article","og_title":"Comment organiser un d\u00e9m\u00e9nagement collaboratif ?","og_description":"%","og_url":"https:\/\/www.mydemenageur.com\/blog\/demenagement-collaboratif\/","og_site_name":"MyDemenageur","article_publisher":"https:\/\/www.facebook.com\/mydemenageur","article_published_time":"2021-08-25T15:20:03+00:00","article_modified_time":"2024-09-16T08:52:32+00:00","og_image":[{"width":800,"height":533,"url":"https:\/\/www.mydemenageur.com\/blog\/wp-content\/uploads\/2021\/08\/mauro-mora-31-pOduwZGE-unsplash.jpg","type":"image\/jpeg"}],"author":"Mathilde","twitter_card":"summary_large_image","twitter_creator":"@mydemenageur","twitter_site":"@mydemenageur","twitter_misc":{"\u00c9crit par":"Mathilde","Dur\u00e9e de lecture estim\u00e9e":"8 minutes"},"schema":{"@context":"https:\/\/schema.org","@graph":[{"@type":"Article","@id":"https:\/\/www.mydemenageur.com\/blog\/demenagement-collaboratif\/#article","isPartOf":{"@id":"https:\/\/www.mydemenageur.com\/blog\/demenagement-collaboratif\/"},"author":{"name":"Mathilde","@id":"https:\/\/www.mydemenageur.com\/blog\/#\/schema\/person\/4540dc333c2e7dc790f0f7bcd5b99569"},"headline":"Comment organiser un d\u00e9m\u00e9nagement collaboratif ?","datePublished":"2021-08-25T15:20:03+00:00","dateModified":"2024-09-16T08:52:32+00:00","mainEntityOfPage":{"@id":"https:\/\/www.mydemenageur.com\/blog\/demenagement-collaboratif\/"},"wordCount":1671,"publisher":{"@id":"https:\/\/www.mydemenageur.com\/blog\/#organization"},"image":{"@id":"https:\/\/www.mydemenageur.com\/blog\/demenagement-collaboratif\/#primaryimage"},"thumbnailUrl":"https:\/\/www.mydemenageur.com\/blog\/wp-content\/uploads\/2021\/08\/mauro-mora-31-pOduwZGE-unsplash.jpg","keywords":["Fonctionnement"],"articleSection":["MyDemenageur"],"inLanguage":"fr-FR"},{"@type":"WebPage","@id":"https:\/\/www.mydemenageur.com\/blog\/demenagement-collaboratif\/","url":"https:\/\/www.mydemenageur.com\/blog\/demenagement-collaboratif\/","name":"Comment organiser un d\u00e9m\u00e9nagement collaboratif ?","isPartOf":{"@id":"https:\/\/www.mydemenageur.com\/blog\/#website"},"primaryImageOfPage":{"@id":"https:\/\/www.mydemenageur.com\/blog\/demenagement-collaboratif\/#primaryimage"},"image":{"@id":"https:\/\/www.mydemenageur.com\/blog\/demenagement-collaboratif\/#primaryimage"},"thumbnailUrl":"https:\/\/www.mydemenageur.com\/blog\/wp-content\/uploads\/2021\/08\/mauro-mora-31-pOduwZGE-unsplash.jpg","datePublished":"2021-08-25T15:20:03+00:00","dateModified":"2024-09-16T08:52:32+00:00","description":"%","breadcrumb":{"@id":"https:\/\/www.mydemenageur.com\/blog\/demenagement-collaboratif\/#breadcrumb"},"inLanguage":"fr-FR","potentialAction":[{"@type":"ReadAction","target":["https:\/\/www.mydemenageur.com\/blog\/demenagement-collaboratif\/"]}]},{"@type":"ImageObject","inLanguage":"fr-FR","@id":"https:\/\/www.mydemenageur.com\/blog\/demenagement-collaboratif\/#primaryimage","url":"https:\/\/www.mydemenageur.com\/blog\/wp-content\/uploads\/2021\/08\/mauro-mora-31-pOduwZGE-unsplash.jpg","contentUrl":"https:\/\/www.mydemenageur.com\/blog\/wp-content\/uploads\/2021\/08\/mauro-mora-31-pOduwZGE-unsplash.jpg","width":800,"height":533,"caption":"groupe de gens"},{"@type":"BreadcrumbList","@id":"https:\/\/www.mydemenageur.com\/blog\/demenagement-collaboratif\/#breadcrumb","itemListElement":[{"@type":"ListItem","position":1,"name":"Accueil","item":"https:\/\/www.mydemenageur.com\/blog\/"},{"@type":"ListItem","position":2,"name":"MyDemenageur","item":"https:\/\/www.mydemenageur.com\/blog\/categorie\/demenagement\/"},{"@type":"ListItem","position":3,"name":"Comment organiser un d\u00e9m\u00e9nagement collaboratif ?"}]},{"@type":"WebSite","@id":"https:\/\/www.mydemenageur.com\/blog\/#website","url":"https:\/\/www.mydemenageur.com\/blog\/","name":"MyDemenageur","description":"Conseils d\u00e9m\u00e9ngement entre particuliers et d\u00e9m\u00e9nagement professionnel","publisher":{"@id":"https:\/\/www.mydemenageur.com\/blog\/#organization"},"potentialAction":[{"@type":"SearchAction","target":{"@type":"EntryPoint","urlTemplate":"https:\/\/www.mydemenageur.com\/blog\/?s={search_term_string}"},"query-input":{"@type":"PropertyValueSpecification","valueRequired":true,"valueName":"search_term_string"}}],"inLanguage":"fr-FR"},{"@type":"Organization","@id":"https:\/\/www.mydemenageur.com\/blog\/#organization","name":"MyDemenageur.com","url":"https:\/\/www.mydemenageur.com\/blog\/","logo":{"@type":"ImageObject","inLanguage":"fr-FR","@id":"https:\/\/www.mydemenageur.com\/blog\/#\/schema\/logo\/image\/","url":"https:\/\/www.mydemenageur.com\/blog\/wp-content\/uploads\/2022\/05\/MyDemenageur_Symbol.jpg","contentUrl":"https:\/\/www.mydemenageur.com\/blog\/wp-content\/uploads\/2022\/05\/MyDemenageur_Symbol.jpg","width":878,"height":877,"caption":"MyDemenageur.com"},"image":{"@id":"https:\/\/www.mydemenageur.com\/blog\/#\/schema\/logo\/image\/"},"sameAs":["https:\/\/www.facebook.com\/mydemenageur","https:\/\/x.com\/mydemenageur","https:\/\/www.pinterest.fr\/mydemenageur\/"]},{"@type":"Person","@id":"https:\/\/www.mydemenageur.com\/blog\/#\/schema\/person\/4540dc333c2e7dc790f0f7bcd5b99569","name":"Mathilde","image":{"@type":"ImageObject","inLanguage":"fr-FR","@id":"https:\/\/www.mydemenageur.com\/blog\/#\/schema\/person\/image\/","url":"https:\/\/secure.gravatar.com\/avatar\/abde069f6f70261ee6ecea93e0437d77?s=96&#038;r=g","contentUrl":"https:\/\/secure.gravatar.com\/avatar\/abde069f6f70261ee6ecea93e0437d77?s=96&#038;r=g","caption":"Mathilde"},"description":"L'harmonie des couleurs et des objets m'a toujours fascin\u00e9e, transformant chaque pi\u00e8ce en un lieu unique et agr\u00e9able \u00e0 vivre. Sur MyDemenageur, vous trouverez non seulement des inspirations personnelles, mais aussi des informations r\u00e9centes sur le monde de la d\u00e9coration, les projets de maison, le d\u00e9m\u00e9nagement et les travaux.","url":"https:\/\/www.mydemenageur.com\/blog\/author\/mathilde\/"}]}},"modified_by":"MyDemenageur","_links":{"self":[{"href":"https:\/\/www.mydemenageur.com\/blog\/wp-json\/wp\/v2\/posts\/23452"}],"collection":[{"href":"https:\/\/www.mydemenageur.com\/blog\/wp-json\/wp\/v2\/posts"}],"about":[{"href":"https:\/\/www.mydemenageur.com\/blog\/wp-json\/wp\/v2\/types\/post"}],"author":[{"embeddable":true,"href":"https:\/\/www.mydemenageur.com\/blog\/wp-json\/wp\/v2\/users\/11"}],"replies":[{"embeddable":true,"href":"https:\/\/www.mydemenageur.com\/blog\/wp-json\/wp\/v2\/comments?post=23452"}],"version-history":[{"count":0,"href":"https:\/\/www.mydemenageur.com\/blog\/wp-json\/wp\/v2\/posts\/23452\/revisions"}],"wp:featuredmedia":[{"embeddable":true,"href":"https:\/\/www.mydemenageur.com\/blog\/wp-json\/wp\/v2\/media\/23453"}],"wp:attachment":[{"href":"https:\/\/www.mydemenageur.com\/blog\/wp-json\/wp\/v2\/media?parent=23452"}],"wp:term":[{"taxonomy":"category","embeddable":true,"href":"https:\/\/www.mydemenageur.com\/blog\/wp-json\/wp\/v2\/categories?post=23452"},{"taxonomy":"post_tag","embeddable":true,"href":"https:\/\/www.mydemenageur.com\/blog\/wp-json\/wp\/v2\/tags?post=23452"}],"curies":[{"name":"wp","href":"https:\/\/api.w.org\/{rel}","templated":true}]}}