{"id":23457,"date":"2021-08-25T15:27:56","date_gmt":"2021-08-25T15:27:56","guid":{"rendered":"https:\/\/www.mydemenageur.com\/blog\/?p=23457"},"modified":"2021-08-27T07:36:53","modified_gmt":"2021-08-27T07:36:53","slug":"periodes-pour-demenager","status":"publish","type":"post","link":"https:\/\/www.mydemenageur.com\/blog\/periodes-pour-demenager\/","title":{"rendered":"Les meilleures p\u00e9riodes pour d\u00e9m\u00e9nager"},"content":{"rendered":"<p>Lorsque l&rsquo;on doit changer de lieu de r\u00e9sidence et que l&rsquo;on appelle une soci\u00e9t\u00e9 de d\u00e9m\u00e9nagement, la facture peut devenir sal\u00e9e avec la main d&rsquo;\u0153uvre n\u00e9cessaire pour l&rsquo;op\u00e9ration et les fournitures indispensables au conditionnement des effets personnel<\/p>\n<p>Vous souhaitez savoir quand d\u00e9m\u00e9nager pour \u00e9viter que la douloureuse n&rsquo;ob\u00e8re votre budget ? Nous vous invitons \u00e0 d\u00e9couvrir nos recommandations sur<a href=\"https:\/\/www.mydemenageur.com\/blog\/demarches-autorisations\/\"> les p\u00e9riodes \u00e0 \u00e9viter pour faire appel \u00e0 une soci\u00e9t\u00e9 de d\u00e9m\u00e9nagement<\/a>, pour en venir sur la ou les p\u00e9riodes qui vous permettront de r\u00e9aliser des \u00e9conomies substantielles.<\/p>\n<div id=\"ez-toc-container\" class=\"ez-toc-v2_0_82_2 counter-hierarchy ez-toc-counter ez-toc-custom ez-toc-container-direction\">\n<div class=\"ez-toc-title-container\">\n<p class=\"ez-toc-title\" style=\"cursor:inherit\">Ce que vous allez apprendre<\/p>\n<span class=\"ez-toc-title-toggle\"><\/span><\/div>\n<nav><ul class='ez-toc-list ez-toc-list-level-1 ' ><li class='ez-toc-page-1 ez-toc-heading-level-2'><a class=\"ez-toc-link ez-toc-heading-1\" href=\"https:\/\/www.mydemenageur.com\/blog\/periodes-pour-demenager\/#les-periodes-tendues-a-eviter-pour-ne-pas-exploser-le-budget-demenagement\" >Les p\u00e9riodes tendues \u00e0 \u00e9viter pour ne pas exploser le budget d\u00e9m\u00e9nagement<\/a><\/li><li class='ez-toc-page-1 ez-toc-heading-level-2'><a class=\"ez-toc-link ez-toc-heading-2\" href=\"https:\/\/www.mydemenageur.com\/blog\/periodes-pour-demenager\/#les-periodes-ou-le-prix-des-demenagements-sont-moins-cher\" >Les p\u00e9riodes o\u00f9 le prix des d\u00e9m\u00e9nagements sont moins cher<\/a><\/li><li class='ez-toc-page-1 ez-toc-heading-level-2'><a class=\"ez-toc-link ez-toc-heading-3\" href=\"https:\/\/www.mydemenageur.com\/blog\/periodes-pour-demenager\/#le-hors-saison\" >Le hors saison<\/a><ul class='ez-toc-list-level-3' ><li class='ez-toc-heading-level-3'><a class=\"ez-toc-link ez-toc-heading-4\" href=\"https:\/\/www.mydemenageur.com\/blog\/periodes-pour-demenager\/#le-plus-calme-pour-un-demenagement\" >Le plus calme pour un d\u00e9m\u00e9nagement<\/a><\/li><\/ul><\/li><\/ul><\/nav><\/div>\n<h2><span class=\"ez-toc-section\" id=\"les-periodes-tendues-a-eviter-pour-ne-pas-exploser-le-budget-demenagement\"><\/span>Les p\u00e9riodes tendues \u00e0 \u00e9viter pour ne pas exploser le budget d\u00e9m\u00e9nagement<span class=\"ez-toc-section-end\"><\/span><\/h2>\n<p>Pour beaucoup de particuliers, le stress li\u00e9 au d\u00e9m\u00e9nagement est accompagn\u00e9 d&rsquo;une crainte de devoir payer une somme cons\u00e9quente pour finaliser le transfert en toute s\u00e9curit\u00e9. S&rsquo;il est possible de faire appel \u00e0 des amis pour un petit d\u00e9m\u00e9nagement, il en est autrement lorsque de gros meubles sont \u00e0 d\u00e9placer, sans oublier les objets fragiles qu&rsquo;il faut manipuler avec pr\u00e9caution.<\/p>\n<p>Pour \u00e9viter de voir les prix s&rsquo;envoler, il est primordial d&rsquo;\u00e9viter les p\u00e9riodes dites \u00ab tendues \u00bb. Parmi ces p\u00e9riodes, notons celle correspondant aux grandes vacances d&rsquo;\u00e9t\u00e9 (de fin juin \u00e0 la premi\u00e8re semaine de septembre). Il s&rsquo;agit vraisemblablement de la p\u00e9riode la plus charg\u00e9e dans la mesure o\u00f9 de nombreuses familles pr\u00e9f\u00e8rent utiliser ces semaines de vacances scolaires pour d\u00e9m\u00e9nager sans influer sur la scolarit\u00e9 des enfants.<\/p>\n<p>Le climat est plus favorable aux d\u00e9m\u00e9nagements et il n&rsquo;est pas rare que les mutations professionnelles aient lieu pendant cette p\u00e9riode. Le prix des d\u00e9m\u00e9nagements est g\u00e9n\u00e9ralement le plus cher pendant ces grandes vacances et si vous souhaitez r\u00e9aliser des \u00e9conomies, c&rsquo;est bel et bien cette p\u00e9riode qu&rsquo;il vous faudra oublier.<\/p>\n<p>Les prix sont \u00e9galement plus chers pendant les autres p\u00e9riodes de vacances scolaires, comme entre fin d\u00e9cembre et d\u00e9but janvier, m\u00eame si le climat est beaucoup moins attrayant pour un d\u00e9m\u00e9nagement. C&rsquo;est aussi pendant cette p\u00e9riode que des foyers optimisent leur fiscalit\u00e9 avec la taxe d&rsquo;habitation du logement que l&rsquo;on paye que si le logement est occup\u00e9 le 1er janvier, m\u00eame si cela est vou\u00e9 \u00e0 disparaitre. En r\u00e8gle g\u00e9n\u00e9rale, il faut \u00e9viter toutes les vacances scolaires pour \u00e9viter que le prix du d\u00e9m\u00e9nagement ne soit pas trop douloureux.<\/p>\n<p>Les week-ends sont aussi \u00e0 \u00e9viter car les entreprises de d\u00e9m\u00e9nagement sont souvent tr\u00e8s sollicit\u00e9es le samedi et le dimanche et n&rsquo;h\u00e9sitent pas \u00e0 augmenter leurs tarifs pour optimiser leurs marges. Il ne faut pas oublier que les entreprises doivent payer une prime \u00e0 leurs employ\u00e9s en cas d&rsquo;activit\u00e9 le week-end.<\/p>\n<p>Enfin, de nombreuses \u00e9tudes montrent que le prix des d\u00e9m\u00e9nagements est l\u00e9g\u00e8rement sup\u00e9rieur pendant les fins de mois (g\u00e9n\u00e9ralement entre le 28 et le 2 du mois suivant).<br \/>\nLe surco\u00fbt d&rsquo;un d\u00e9m\u00e9nagement que vous r\u00e9serveriez pendant une p\u00e9riode dite tendue peut \u00eatre bien sup\u00e9rieur \u00e0 300 \u20ac. S&rsquo;il est parfois impossible d&rsquo;\u00e9viter ces p\u00e9riodes \u00e0 cause de contraintes professionnelles ou personnelles, il est possible dans d&rsquo;autres de d\u00e9caler son d\u00e9m\u00e9nagement ou de le planifier en diff\u00e9rentes \u00e9tapes pour limiter la facture.<\/p>\n<h2><span class=\"ez-toc-section\" id=\"les-periodes-ou-le-prix-des-demenagements-sont-moins-cher\"><\/span>Les p\u00e9riodes o\u00f9 le prix des d\u00e9m\u00e9nagements sont moins cher<span class=\"ez-toc-section-end\"><\/span><\/h2>\n<p>Vous vous posez toujours la question sur quand d\u00e9m\u00e9nager pour \u00e9viter de voir votre porte-monnaie s&rsquo;all\u00e9ger de mani\u00e8re inqui\u00e9tante ? Selon les diff\u00e9rents barom\u00e8tres des sp\u00e9cialistes du d\u00e9m\u00e9nagement, il existe deux p\u00e9riodes o\u00f9 vous pourrez r\u00e9aliser des \u00e9conomies substantielles, si vous \u00eates bien entendu capable de vous organiser \u00e0 bon escient.<\/p>\n<p>La premi\u00e8re p\u00e9riode consiste \u00e0 celle qui s&rsquo;\u00e9tale de mi-septembre \u00e0 mi-octobre. Apr\u00e8s avoir tourn\u00e9 \u00e0 plein r\u00e9gime, de nombreuses soci\u00e9t\u00e9s de d\u00e9m\u00e9nagement se retrouvent avec un carnet de commande plut\u00f4t l\u00e9ger, et du personnel inoccup\u00e9. Afin de limiter la baisse d&rsquo;activit\u00e9 ou d&rsquo;avoir recours \u00e0 des emplois temporaires ou faire appel \u00e0 des int\u00e9rimaires, il n&rsquo;est pas rare que des professionnels du d\u00e9m\u00e9nagement r\u00e9duisent drastiquement les prix justes apr\u00e8s les grandes vacances scolaires.<\/p>\n<h2><span class=\"ez-toc-section\" id=\"le-hors-saison\"><\/span>Le hors saison<span class=\"ez-toc-section-end\"><\/span><\/h2>\n<p>Si vous \u00eates capables de planifier votre d\u00e9m\u00e9nagement en semaine, apr\u00e8s le 15 septembre en \u00e9vitant le samedi ou le dimanche, vous serez \u00e0 m\u00eame de r\u00e9aliser des \u00e9conomies \u00e0 grande \u00e9chelle, parfois aux alentours des 500 \u20ac dans le cas d\u2019un grand d\u00e9m\u00e9nagement. Vous pourrez aussi faire jouer la concurrence et tirer les prix vers le bas, en demandant plusieurs devis. Attention toutefois \u00e0 bien \u00e9valuer vos besoins pendant le d\u00e9m\u00e9nagement et ne pas omettre quelques options ou assurances facultatives qui peuvent s&rsquo;av\u00e9rer bien utiles en cas d&rsquo;al\u00e9as pendant l&rsquo;op\u00e9ration.<\/p>\n<h3><span class=\"ez-toc-section\" id=\"le-plus-calme-pour-un-demenagement\"><\/span>Le plus calme pour un d\u00e9m\u00e9nagement<span class=\"ez-toc-section-end\"><\/span><\/h3>\n<p>L&rsquo;autre p\u00e9riode propice \u00e0 une baisse de prix est celle qui s&rsquo;\u00e9tale du 15 janvier au 15 f\u00e9vrier. Apr\u00e8s un pic d&rsquo;activit\u00e9 en fin d&rsquo;ann\u00e9e, les entreprises sp\u00e9cialis\u00e9es dans le d\u00e9m\u00e9nagement subissent l\u00e0 aussi une baisse d&rsquo;activit\u00e9. C&rsquo;est donc le moment id\u00e9al de r\u00e9aliser une bonne affaire et de jouer sur la concurrence, avec des prix tr\u00e8s int\u00e9ressants en dehors des week-ends. L\u00e0-aussi, n&rsquo;h\u00e9sitez pas \u00e0 n\u00e9gocier pour obtenir une remise encore plus g\u00e9n\u00e9reuse, certains professionnels n&rsquo;h\u00e9sitent pas \u00e0 r\u00e9duire leurs marges pour combler une absence d&rsquo;activit\u00e9 pour leurs personnels.<\/p>\n","protected":false},"excerpt":{"rendered":"<p>Lorsque l&rsquo;on doit changer de lieu de r\u00e9sidence et que l&rsquo;on appelle une soci\u00e9t\u00e9 de d\u00e9m\u00e9nagement, la facture peut devenir<\/p>\n","protected":false},"author":11,"featured_media":23458,"comment_status":"closed","ping_status":"closed","sticky":false,"template":"","format":"standard","meta":{"_lmt_disableupdate":"","_lmt_disable":"","footnotes":""},"categories":[105],"tags":[],"yoast_head":"<!-- This site is optimized with the Yoast SEO Premium plugin v24.2 (Yoast SEO v24.5) - https:\/\/yoast.com\/wordpress\/plugins\/seo\/ -->\n<title>Les meilleures p\u00e9riodes pour d\u00e9m\u00e9nager<\/title>\n<meta name=\"description\" content=\"%\" \/>\n<meta name=\"robots\" content=\"index, follow, max-snippet:-1, max-image-preview:large, max-video-preview:-1\" \/>\n<link rel=\"canonical\" href=\"https:\/\/www.mydemenageur.com\/blog\/periodes-pour-demenager\/\" \/>\n<meta property=\"og:locale\" content=\"fr_FR\" \/>\n<meta property=\"og:type\" content=\"article\" \/>\n<meta property=\"og:title\" content=\"Les meilleures p\u00e9riodes pour d\u00e9m\u00e9nager\" \/>\n<meta property=\"og:description\" content=\"%\" \/>\n<meta property=\"og:url\" content=\"https:\/\/www.mydemenageur.com\/blog\/periodes-pour-demenager\/\" \/>\n<meta property=\"og:site_name\" content=\"MyDemenageur\" \/>\n<meta property=\"article:publisher\" content=\"https:\/\/www.facebook.com\/mydemenageur\" \/>\n<meta property=\"article:published_time\" content=\"2021-08-25T15:27:56+00:00\" \/>\n<meta property=\"article:modified_time\" content=\"2021-08-27T07:36:53+00:00\" \/>\n<meta property=\"og:image\" content=\"https:\/\/www.mydemenageur.com\/blog\/wp-content\/uploads\/2021\/08\/brandable-box-yiU8G1K85AM-unsplash.jpg\" \/>\n\t<meta property=\"og:image:width\" content=\"1000\" \/>\n\t<meta property=\"og:image:height\" content=\"1500\" \/>\n\t<meta property=\"og:image:type\" content=\"image\/jpeg\" \/>\n<meta name=\"author\" content=\"Mathilde\" \/>\n<meta name=\"twitter:card\" content=\"summary_large_image\" \/>\n<meta name=\"twitter:creator\" content=\"@mydemenageur\" \/>\n<meta name=\"twitter:site\" content=\"@mydemenageur\" \/>\n<meta name=\"twitter:label1\" content=\"\u00c9crit par\" \/>\n\t<meta name=\"twitter:data1\" content=\"Mathilde\" \/>\n\t<meta name=\"twitter:label2\" content=\"Dur\u00e9e de lecture estim\u00e9e\" \/>\n\t<meta name=\"twitter:data2\" content=\"5 minutes\" \/>\n<script type=\"application\/ld+json\" class=\"yoast-schema-graph\">{\"@context\":\"https:\/\/schema.org\",\"@graph\":[{\"@type\":\"Article\",\"@id\":\"https:\/\/www.mydemenageur.com\/blog\/periodes-pour-demenager\/#article\",\"isPartOf\":{\"@id\":\"https:\/\/www.mydemenageur.com\/blog\/periodes-pour-demenager\/\"},\"author\":{\"name\":\"Mathilde\",\"@id\":\"https:\/\/www.mydemenageur.com\/blog\/#\/schema\/person\/4540dc333c2e7dc790f0f7bcd5b99569\"},\"headline\":\"Les meilleures p\u00e9riodes pour d\u00e9m\u00e9nager\",\"datePublished\":\"2021-08-25T15:27:56+00:00\",\"dateModified\":\"2021-08-27T07:36:53+00:00\",\"mainEntityOfPage\":{\"@id\":\"https:\/\/www.mydemenageur.com\/blog\/periodes-pour-demenager\/\"},\"wordCount\":982,\"publisher\":{\"@id\":\"https:\/\/www.mydemenageur.com\/blog\/#organization\"},\"image\":{\"@id\":\"https:\/\/www.mydemenageur.com\/blog\/periodes-pour-demenager\/#primaryimage\"},\"thumbnailUrl\":\"https:\/\/www.mydemenageur.com\/blog\/wp-content\/uploads\/2021\/08\/brandable-box-yiU8G1K85AM-unsplash.jpg\",\"articleSection\":[\"D\u00e9marches et autorisations\"],\"inLanguage\":\"fr-FR\"},{\"@type\":\"WebPage\",\"@id\":\"https:\/\/www.mydemenageur.com\/blog\/periodes-pour-demenager\/\",\"url\":\"https:\/\/www.mydemenageur.com\/blog\/periodes-pour-demenager\/\",\"name\":\"Les meilleures p\u00e9riodes pour d\u00e9m\u00e9nager\",\"isPartOf\":{\"@id\":\"https:\/\/www.mydemenageur.com\/blog\/#website\"},\"primaryImageOfPage\":{\"@id\":\"https:\/\/www.mydemenageur.com\/blog\/periodes-pour-demenager\/#primaryimage\"},\"image\":{\"@id\":\"https:\/\/www.mydemenageur.com\/blog\/periodes-pour-demenager\/#primaryimage\"},\"thumbnailUrl\":\"https:\/\/www.mydemenageur.com\/blog\/wp-content\/uploads\/2021\/08\/brandable-box-yiU8G1K85AM-unsplash.jpg\",\"datePublished\":\"2021-08-25T15:27:56+00:00\",\"dateModified\":\"2021-08-27T07:36:53+00:00\",\"description\":\"%\",\"breadcrumb\":{\"@id\":\"https:\/\/www.mydemenageur.com\/blog\/periodes-pour-demenager\/#breadcrumb\"},\"inLanguage\":\"fr-FR\",\"potentialAction\":[{\"@type\":\"ReadAction\",\"target\":[\"https:\/\/www.mydemenageur.com\/blog\/periodes-pour-demenager\/\"]}]},{\"@type\":\"ImageObject\",\"inLanguage\":\"fr-FR\",\"@id\":\"https:\/\/www.mydemenageur.com\/blog\/periodes-pour-demenager\/#primaryimage\",\"url\":\"https:\/\/www.mydemenageur.com\/blog\/wp-content\/uploads\/2021\/08\/brandable-box-yiU8G1K85AM-unsplash.jpg\",\"contentUrl\":\"https:\/\/www.mydemenageur.com\/blog\/wp-content\/uploads\/2021\/08\/brandable-box-yiU8G1K85AM-unsplash.jpg\",\"width\":1000,\"height\":1500,\"caption\":\"periodes-pour-demenager\"},{\"@type\":\"BreadcrumbList\",\"@id\":\"https:\/\/www.mydemenageur.com\/blog\/periodes-pour-demenager\/#breadcrumb\",\"itemListElement\":[{\"@type\":\"ListItem\",\"position\":1,\"name\":\"Accueil\",\"item\":\"https:\/\/www.mydemenageur.com\/blog\/\"},{\"@type\":\"ListItem\",\"position\":2,\"name\":\"D\u00e9marches et autorisations\",\"item\":\"https:\/\/www.mydemenageur.com\/blog\/categorie\/demarches\/\"},{\"@type\":\"ListItem\",\"position\":3,\"name\":\"Les meilleures p\u00e9riodes pour d\u00e9m\u00e9nager\"}]},{\"@type\":\"WebSite\",\"@id\":\"https:\/\/www.mydemenageur.com\/blog\/#website\",\"url\":\"https:\/\/www.mydemenageur.com\/blog\/\",\"name\":\"MyDemenageur\",\"description\":\"Conseils d\u00e9m\u00e9ngement entre particuliers et d\u00e9m\u00e9nagement professionnel\",\"publisher\":{\"@id\":\"https:\/\/www.mydemenageur.com\/blog\/#organization\"},\"potentialAction\":[{\"@type\":\"SearchAction\",\"target\":{\"@type\":\"EntryPoint\",\"urlTemplate\":\"https:\/\/www.mydemenageur.com\/blog\/?s={search_term_string}\"},\"query-input\":{\"@type\":\"PropertyValueSpecification\",\"valueRequired\":true,\"valueName\":\"search_term_string\"}}],\"inLanguage\":\"fr-FR\"},{\"@type\":\"Organization\",\"@id\":\"https:\/\/www.mydemenageur.com\/blog\/#organization\",\"name\":\"MyDemenageur.com\",\"url\":\"https:\/\/www.mydemenageur.com\/blog\/\",\"logo\":{\"@type\":\"ImageObject\",\"inLanguage\":\"fr-FR\",\"@id\":\"https:\/\/www.mydemenageur.com\/blog\/#\/schema\/logo\/image\/\",\"url\":\"https:\/\/www.mydemenageur.com\/blog\/wp-content\/uploads\/2022\/05\/MyDemenageur_Symbol.jpg\",\"contentUrl\":\"https:\/\/www.mydemenageur.com\/blog\/wp-content\/uploads\/2022\/05\/MyDemenageur_Symbol.jpg\",\"width\":878,\"height\":877,\"caption\":\"MyDemenageur.com\"},\"image\":{\"@id\":\"https:\/\/www.mydemenageur.com\/blog\/#\/schema\/logo\/image\/\"},\"sameAs\":[\"https:\/\/www.facebook.com\/mydemenageur\",\"https:\/\/x.com\/mydemenageur\",\"https:\/\/www.pinterest.fr\/mydemenageur\/\"]},{\"@type\":\"Person\",\"@id\":\"https:\/\/www.mydemenageur.com\/blog\/#\/schema\/person\/4540dc333c2e7dc790f0f7bcd5b99569\",\"name\":\"Mathilde\",\"image\":{\"@type\":\"ImageObject\",\"inLanguage\":\"fr-FR\",\"@id\":\"https:\/\/www.mydemenageur.com\/blog\/#\/schema\/person\/image\/\",\"url\":\"https:\/\/secure.gravatar.com\/avatar\/abde069f6f70261ee6ecea93e0437d77?s=96&#038;r=g\",\"contentUrl\":\"https:\/\/secure.gravatar.com\/avatar\/abde069f6f70261ee6ecea93e0437d77?s=96&#038;r=g\",\"caption\":\"Mathilde\"},\"description\":\"L'harmonie des couleurs et des objets m'a toujours fascin\u00e9e, transformant chaque pi\u00e8ce en un lieu unique et agr\u00e9able \u00e0 vivre. Sur MyDemenageur, vous trouverez non seulement des inspirations personnelles, mais aussi des informations r\u00e9centes sur le monde de la d\u00e9coration, les projets de maison, le d\u00e9m\u00e9nagement et les travaux.\",\"url\":\"https:\/\/www.mydemenageur.com\/blog\/author\/mathilde\/\"}]}<\/script>\n<!-- \/ Yoast SEO Premium plugin. -->","yoast_head_json":{"title":"Les meilleures p\u00e9riodes pour d\u00e9m\u00e9nager","description":"%","robots":{"index":"index","follow":"follow","max-snippet":"max-snippet:-1","max-image-preview":"max-image-preview:large","max-video-preview":"max-video-preview:-1"},"canonical":"https:\/\/www.mydemenageur.com\/blog\/periodes-pour-demenager\/","og_locale":"fr_FR","og_type":"article","og_title":"Les meilleures p\u00e9riodes pour d\u00e9m\u00e9nager","og_description":"%","og_url":"https:\/\/www.mydemenageur.com\/blog\/periodes-pour-demenager\/","og_site_name":"MyDemenageur","article_publisher":"https:\/\/www.facebook.com\/mydemenageur","article_published_time":"2021-08-25T15:27:56+00:00","article_modified_time":"2021-08-27T07:36:53+00:00","og_image":[{"width":1000,"height":1500,"url":"https:\/\/www.mydemenageur.com\/blog\/wp-content\/uploads\/2021\/08\/brandable-box-yiU8G1K85AM-unsplash.jpg","type":"image\/jpeg"}],"author":"Mathilde","twitter_card":"summary_large_image","twitter_creator":"@mydemenageur","twitter_site":"@mydemenageur","twitter_misc":{"\u00c9crit par":"Mathilde","Dur\u00e9e de lecture estim\u00e9e":"5 minutes"},"schema":{"@context":"https:\/\/schema.org","@graph":[{"@type":"Article","@id":"https:\/\/www.mydemenageur.com\/blog\/periodes-pour-demenager\/#article","isPartOf":{"@id":"https:\/\/www.mydemenageur.com\/blog\/periodes-pour-demenager\/"},"author":{"name":"Mathilde","@id":"https:\/\/www.mydemenageur.com\/blog\/#\/schema\/person\/4540dc333c2e7dc790f0f7bcd5b99569"},"headline":"Les meilleures p\u00e9riodes pour d\u00e9m\u00e9nager","datePublished":"2021-08-25T15:27:56+00:00","dateModified":"2021-08-27T07:36:53+00:00","mainEntityOfPage":{"@id":"https:\/\/www.mydemenageur.com\/blog\/periodes-pour-demenager\/"},"wordCount":982,"publisher":{"@id":"https:\/\/www.mydemenageur.com\/blog\/#organization"},"image":{"@id":"https:\/\/www.mydemenageur.com\/blog\/periodes-pour-demenager\/#primaryimage"},"thumbnailUrl":"https:\/\/www.mydemenageur.com\/blog\/wp-content\/uploads\/2021\/08\/brandable-box-yiU8G1K85AM-unsplash.jpg","articleSection":["D\u00e9marches et autorisations"],"inLanguage":"fr-FR"},{"@type":"WebPage","@id":"https:\/\/www.mydemenageur.com\/blog\/periodes-pour-demenager\/","url":"https:\/\/www.mydemenageur.com\/blog\/periodes-pour-demenager\/","name":"Les meilleures p\u00e9riodes pour d\u00e9m\u00e9nager","isPartOf":{"@id":"https:\/\/www.mydemenageur.com\/blog\/#website"},"primaryImageOfPage":{"@id":"https:\/\/www.mydemenageur.com\/blog\/periodes-pour-demenager\/#primaryimage"},"image":{"@id":"https:\/\/www.mydemenageur.com\/blog\/periodes-pour-demenager\/#primaryimage"},"thumbnailUrl":"https:\/\/www.mydemenageur.com\/blog\/wp-content\/uploads\/2021\/08\/brandable-box-yiU8G1K85AM-unsplash.jpg","datePublished":"2021-08-25T15:27:56+00:00","dateModified":"2021-08-27T07:36:53+00:00","description":"%","breadcrumb":{"@id":"https:\/\/www.mydemenageur.com\/blog\/periodes-pour-demenager\/#breadcrumb"},"inLanguage":"fr-FR","potentialAction":[{"@type":"ReadAction","target":["https:\/\/www.mydemenageur.com\/blog\/periodes-pour-demenager\/"]}]},{"@type":"ImageObject","inLanguage":"fr-FR","@id":"https:\/\/www.mydemenageur.com\/blog\/periodes-pour-demenager\/#primaryimage","url":"https:\/\/www.mydemenageur.com\/blog\/wp-content\/uploads\/2021\/08\/brandable-box-yiU8G1K85AM-unsplash.jpg","contentUrl":"https:\/\/www.mydemenageur.com\/blog\/wp-content\/uploads\/2021\/08\/brandable-box-yiU8G1K85AM-unsplash.jpg","width":1000,"height":1500,"caption":"periodes-pour-demenager"},{"@type":"BreadcrumbList","@id":"https:\/\/www.mydemenageur.com\/blog\/periodes-pour-demenager\/#breadcrumb","itemListElement":[{"@type":"ListItem","position":1,"name":"Accueil","item":"https:\/\/www.mydemenageur.com\/blog\/"},{"@type":"ListItem","position":2,"name":"D\u00e9marches et autorisations","item":"https:\/\/www.mydemenageur.com\/blog\/categorie\/demarches\/"},{"@type":"ListItem","position":3,"name":"Les meilleures p\u00e9riodes pour d\u00e9m\u00e9nager"}]},{"@type":"WebSite","@id":"https:\/\/www.mydemenageur.com\/blog\/#website","url":"https:\/\/www.mydemenageur.com\/blog\/","name":"MyDemenageur","description":"Conseils d\u00e9m\u00e9ngement entre particuliers et d\u00e9m\u00e9nagement professionnel","publisher":{"@id":"https:\/\/www.mydemenageur.com\/blog\/#organization"},"potentialAction":[{"@type":"SearchAction","target":{"@type":"EntryPoint","urlTemplate":"https:\/\/www.mydemenageur.com\/blog\/?s={search_term_string}"},"query-input":{"@type":"PropertyValueSpecification","valueRequired":true,"valueName":"search_term_string"}}],"inLanguage":"fr-FR"},{"@type":"Organization","@id":"https:\/\/www.mydemenageur.com\/blog\/#organization","name":"MyDemenageur.com","url":"https:\/\/www.mydemenageur.com\/blog\/","logo":{"@type":"ImageObject","inLanguage":"fr-FR","@id":"https:\/\/www.mydemenageur.com\/blog\/#\/schema\/logo\/image\/","url":"https:\/\/www.mydemenageur.com\/blog\/wp-content\/uploads\/2022\/05\/MyDemenageur_Symbol.jpg","contentUrl":"https:\/\/www.mydemenageur.com\/blog\/wp-content\/uploads\/2022\/05\/MyDemenageur_Symbol.jpg","width":878,"height":877,"caption":"MyDemenageur.com"},"image":{"@id":"https:\/\/www.mydemenageur.com\/blog\/#\/schema\/logo\/image\/"},"sameAs":["https:\/\/www.facebook.com\/mydemenageur","https:\/\/x.com\/mydemenageur","https:\/\/www.pinterest.fr\/mydemenageur\/"]},{"@type":"Person","@id":"https:\/\/www.mydemenageur.com\/blog\/#\/schema\/person\/4540dc333c2e7dc790f0f7bcd5b99569","name":"Mathilde","image":{"@type":"ImageObject","inLanguage":"fr-FR","@id":"https:\/\/www.mydemenageur.com\/blog\/#\/schema\/person\/image\/","url":"https:\/\/secure.gravatar.com\/avatar\/abde069f6f70261ee6ecea93e0437d77?s=96&#038;r=g","contentUrl":"https:\/\/secure.gravatar.com\/avatar\/abde069f6f70261ee6ecea93e0437d77?s=96&#038;r=g","caption":"Mathilde"},"description":"L'harmonie des couleurs et des objets m'a toujours fascin\u00e9e, transformant chaque pi\u00e8ce en un lieu unique et agr\u00e9able \u00e0 vivre. Sur MyDemenageur, vous trouverez non seulement des inspirations personnelles, mais aussi des informations r\u00e9centes sur le monde de la d\u00e9coration, les projets de maison, le d\u00e9m\u00e9nagement et les travaux.","url":"https:\/\/www.mydemenageur.com\/blog\/author\/mathilde\/"}]}},"modified_by":"MyDemenageur","_links":{"self":[{"href":"https:\/\/www.mydemenageur.com\/blog\/wp-json\/wp\/v2\/posts\/23457"}],"collection":[{"href":"https:\/\/www.mydemenageur.com\/blog\/wp-json\/wp\/v2\/posts"}],"about":[{"href":"https:\/\/www.mydemenageur.com\/blog\/wp-json\/wp\/v2\/types\/post"}],"author":[{"embeddable":true,"href":"https:\/\/www.mydemenageur.com\/blog\/wp-json\/wp\/v2\/users\/11"}],"replies":[{"embeddable":true,"href":"https:\/\/www.mydemenageur.com\/blog\/wp-json\/wp\/v2\/comments?post=23457"}],"version-history":[{"count":0,"href":"https:\/\/www.mydemenageur.com\/blog\/wp-json\/wp\/v2\/posts\/23457\/revisions"}],"wp:featuredmedia":[{"embeddable":true,"href":"https:\/\/www.mydemenageur.com\/blog\/wp-json\/wp\/v2\/media\/23458"}],"wp:attachment":[{"href":"https:\/\/www.mydemenageur.com\/blog\/wp-json\/wp\/v2\/media?parent=23457"}],"wp:term":[{"taxonomy":"category","embeddable":true,"href":"https:\/\/www.mydemenageur.com\/blog\/wp-json\/wp\/v2\/categories?post=23457"},{"taxonomy":"post_tag","embeddable":true,"href":"https:\/\/www.mydemenageur.com\/blog\/wp-json\/wp\/v2\/tags?post=23457"}],"curies":[{"name":"wp","href":"https:\/\/api.w.org\/{rel}","templated":true}]}}