{"id":23965,"date":"2021-12-06T21:44:44","date_gmt":"2021-12-06T21:44:44","guid":{"rendered":"https:\/\/www.mydemenageur.com\/blog\/?p=23965"},"modified":"2024-09-14T18:32:07","modified_gmt":"2024-09-14T18:32:07","slug":"demenageurs-bretons","status":"publish","type":"post","link":"https:\/\/www.mydemenageur.com\/blog\/demenageurs-bretons\/","title":{"rendered":"Qui sont les d\u00e9m\u00e9nageurs bretons ? Avis et Conseils"},"content":{"rendered":"<p>Avec plus de 1 000 professionnels du d\u00e9m\u00e9nagement, l&rsquo;hexagone est un pays qui facilite consid\u00e9rablement la vie de ses citoyens. En effet, chaque d\u00e9partement r\u00e9pertorie au minimum 5 artisans. Il existe, toutefois, une entreprise qui se d\u00e9marque de l\u2019ensemble de ses prestataires, c\u2019est celle des d\u00e9m\u00e9nageurs bretons. Cr\u00e9\u00e9e depuis 1968, elle est l\u2019une des premi\u00e8res agences de d\u00e9m\u00e9nagement en France. Cet article vous pr\u00e9sente l\u2019entreprise des d\u00e9m\u00e9nageurs bretons, leurs prestations et services :<\/p>\n<div id=\"ez-toc-container\" class=\"ez-toc-v2_0_82_2 counter-hierarchy ez-toc-counter ez-toc-custom ez-toc-container-direction\">\n<div class=\"ez-toc-title-container\">\n<p class=\"ez-toc-title\" style=\"cursor:inherit\">Ce que vous allez apprendre<\/p>\n<span class=\"ez-toc-title-toggle\"><\/span><\/div>\n<nav><ul class='ez-toc-list ez-toc-list-level-1 ' ><li class='ez-toc-page-1 ez-toc-heading-level-2'><a class=\"ez-toc-link ez-toc-heading-1\" href=\"https:\/\/www.mydemenageur.com\/blog\/demenageurs-bretons\/#presentation-de-lentreprise-des-demenageurs-bretons\" >Pr\u00e9sentation de l\u2019entreprise des d\u00e9m\u00e9nageurs bretons<\/a><\/li><li class='ez-toc-page-1 ez-toc-heading-level-2'><a class=\"ez-toc-link ez-toc-heading-2\" href=\"https:\/\/www.mydemenageur.com\/blog\/demenageurs-bretons\/#les-prestations-proposees-par-les-demenageurs-bretons-pour-les-particuliers\" >Les prestations propos\u00e9es par Les d\u00e9m\u00e9nageurs bretons pour les particuliers<\/a><\/li><li class='ez-toc-page-1 ez-toc-heading-level-2'><a class=\"ez-toc-link ez-toc-heading-3\" href=\"https:\/\/www.mydemenageur.com\/blog\/demenageurs-bretons\/#les-prestations-proposees-par-les-demenageurs-bretons-pour-les-professionnels\" >Les prestations propos\u00e9es par Les d\u00e9m\u00e9nageurs bretons pour les professionnels<\/a><ul class='ez-toc-list-level-3' ><li class='ez-toc-heading-level-3'><a class=\"ez-toc-link ez-toc-heading-4\" href=\"https:\/\/www.mydemenageur.com\/blog\/demenageurs-bretons\/#le-transfert-dentreprise\" >Le transfert d\u2019entreprise<\/a><\/li><li class='ez-toc-page-1 ez-toc-heading-level-3'><a class=\"ez-toc-link ez-toc-heading-5\" href=\"https:\/\/www.mydemenageur.com\/blog\/demenageurs-bretons\/#la-mutation-professionnelle\" >La mutation professionnelle<\/a><\/li><li class='ez-toc-page-1 ez-toc-heading-level-3'><a class=\"ez-toc-link ez-toc-heading-6\" href=\"https:\/\/www.mydemenageur.com\/blog\/demenageurs-bretons\/#des-solutions-darchivage\" >Des solutions d\u2019archivage<\/a><\/li><\/ul><\/li><\/ul><\/nav><\/div>\n<h2><span class=\"ez-toc-section\" id=\"presentation-de-lentreprise-des-demenageurs-bretons\"><\/span>Pr\u00e9sentation de l\u2019entreprise des d\u00e9m\u00e9nageurs bretons<span class=\"ez-toc-section-end\"><\/span><\/h2>\n<p>Pr\u00e9sent en France depuis plus de 50 ans, Les d\u00e9m\u00e9nageurs bretons disposent de 150 agences localis\u00e9es sur l\u2019ensemble du territoire. De ce fait, vous pourrez en trouver \u00e0 Paris, Marseille, Bordeaux, Toulouse, Lyon, Nice, Nantes, Montpellier, Strasbourg, Caen, Rennes, Orl\u00e9ans, etc. Depuis 2017, c\u2019est l\u2019unique r\u00e9seau, en France, \u00e0 \u00eatre certifi\u00e9 NF Service. Ce qui fait d\u2019elle, l&rsquo;entreprise ayant une expertise reconnue et certifi\u00e9e dans le domaine, mais aussi l\u2019unique a propos\u00e9 une prestation de haute qualit\u00e9. Il faut ajouter \u00e0 cela qu\u2019elle d\u00e9tient le nombre de prestations le plus \u00e9lev\u00e9 : plus de 50 000 par an.<\/p>\n<h2><span class=\"ez-toc-section\" id=\"les-prestations-proposees-par-les-demenageurs-bretons-pour-les-particuliers\"><\/span>Les prestations propos\u00e9es par Les d\u00e9m\u00e9nageurs bretons pour les particuliers<span class=\"ez-toc-section-end\"><\/span><\/h2>\n<p>Depuis sa cr\u00e9ation, cette entreprise ne cesse d\u2019\u00e9voluer pour r\u00e9pondre aux attentes et aux besoins de tous ses clients. C\u2019est d\u2019ailleurs ce qui lui a d\u00e9j\u00e0 valu d&rsquo;\u00eatre class\u00e9 meilleur prestataire, au niveau national. Face \u00e0 cela, les d\u00e9m\u00e9nageurs proposent diff\u00e9rents services pour les \u00ab\u00a0petits\u00a0\u00bb d\u00e9m\u00e9nagements des particuliers, mais aussi, les <a href=\"https:\/\/www.mydemenageur.com\/blog\/transport\/\">d\u00e9m\u00e9nagements longue distance<\/a>.<\/p>\n<p>Avec une des meilleures r\u00e9putations sur le march\u00e9, Les d\u00e9m\u00e9nageurs bretons garantissent un suivi complet et sur mesure pour le <a href=\"https:\/\/www.mydemenageur.com\/aide-demenagement\/annuaire\/demenageur\">d\u00e9m\u00e9nagement des particuliers<\/a>. Ayant une tr\u00e8s grande exp\u00e9rience, les professionnels ont une connaissance compl\u00e8te des diverses techniques de d\u00e9m\u00e9nagement. Ils sont aptes \u00e0 r\u00e9aliser tout type de projet, mais aussi \u00e0 faire face aux multiples contraintes qui pourraient \u00e9ventuellement entraver le bon d\u00e9roulement du processus de d\u00e9m\u00e9nagement. Il faut ajouter \u00e0 cela, qu\u2019ils proposent des formules pour tous les budgets. De ce fait, vous pouvez y trouver 6 types de prestations diff\u00e9rentes :<\/p>\n<ul>\n<li>le d\u00e9m\u00e9nagement P\u2019tit Dem \u00e0 partir de 300 euros ;<\/li>\n<li>le d\u00e9m\u00e9nagement mobilier \u00e0 partir de 500 euros ;<\/li>\n<li>le d\u00e9m\u00e9nagement \u00e9conomique \u00e0 partir de 700 euros ;<\/li>\n<li>le d\u00e9m\u00e9nagement classique \u00e0 partir de 900 euros ;<\/li>\n<li>le d\u00e9m\u00e9nagement Major \u00e0 partir de 1 100 euros ;<\/li>\n<li>le d\u00e9m\u00e9nagement privil\u00e9gi\u00e9.<\/li>\n<\/ul>\n<p>Chacune de ses prestations est disponible \u00e0 l\u2019heure, ou au forfait. En fonction du type choisi, vous pourrez profiter de :<\/p>\n<ul>\n<li>l&#8217;emballage du mobilier, son transport et son d\u00e9ballage ;<\/li>\n<li>l&#8217;emballage d\u2019objet fragile, leurs transports, ainsi que leur d\u00e9ballage ;<\/li>\n<li>transport des cartons ;<\/li>\n<li>emballage de l\u2019int\u00e9gralit\u00e9 des effets ;<\/li>\n<li>d\u00e9ballage des effets et installations.<\/li>\n<\/ul>\n<p>Il faut savoir aussi qu\u2019il sera possible de profiter de certains services optionnels, tels que :<\/p>\n<ul>\n<li>la livraison \u00e0 domicile de cartons ;<\/li>\n<li>la possibilit\u00e9 de reprendre les emballages utilis\u00e9s ;<\/li>\n<li>un aide-m\u00e9moire ;<\/li>\n<li>service de recherche de logement ;<\/li>\n<li>garde-meuble et self-stockage ;<\/li>\n<li>facilit\u00e9 de paiement.<\/li>\n<\/ul>\n<p>Notez que Les d\u00e9m\u00e9nageurs bretons s&rsquo;adaptent \u00e0 leurs clients. L&rsquo;offre ne se limite pas au d\u00e9m\u00e9nagement uniquement, l&rsquo;entreprise propose aussi un service d\u2019h\u00e9bergement, de nettoyage, de jardinage, de transport de v\u00e9hicule, de relocation, et m\u00eame de garde d\u2019enfant. Vous pourrez profiter d\u2019un transport terrestre, mais aussi maritime, au niveau national et international. De plus, vous pourrez stocker vos effets personnels dans des gardes-meubles ou des self-stockages dans le cas d&rsquo;un d\u00e9m\u00e9nagement international par exemple.<\/p>\n<h2><span class=\"ez-toc-section\" id=\"les-prestations-proposees-par-les-demenageurs-bretons-pour-les-professionnels\"><\/span>Les prestations propos\u00e9es par Les d\u00e9m\u00e9nageurs bretons pour les professionnels<span class=\"ez-toc-section-end\"><\/span><\/h2>\n<p>Les D\u00e9m\u00e9nageurs Bretons proposent trois types de services diff\u00e9rents pour les professionnels :<\/p>\n<h3><span class=\"ez-toc-section\" id=\"le-transfert-dentreprise\"><\/span>Le transfert d\u2019entreprise<span class=\"ez-toc-section-end\"><\/span><\/h3>\n<p>Sp\u00e9cialis\u00e9 dans le transfert de bureaux et objets informatiques, du mat\u00e9riel d\u2019enseignement ainsi que celui de la sant\u00e9 et de la recherche, Les d\u00e9m\u00e9nageurs bretons vous envoient un sp\u00e9cialiste pour l\u2019\u00e9laboration des besoins et la r\u00e9alisation d\u2019un planning de transfert. Par la suite, la soci\u00e9t\u00e9 s\u2019occupe de r\u00e9server les moyens et les autorisations n\u00e9cessaires. Apr\u00e8s cela, des d\u00e9m\u00e9nageurs sp\u00e9cialis\u00e9s vont vous \u00eatre envoy\u00e9s. Ils proc\u00e9deront \u00e0 la protection des locaux, \u00e0 l&#8217;emballage, \u00e0 la protection du mobilier, \u00e0 l\u2019\u00e9tiquetage, au d\u00e9m\u00e9nagement et au chargement du mat\u00e9riel. Ensuite, ils s&rsquo;occuperont du d\u00e9chargement et de l\u2019installation dans les nouveaux locaux. Le service est complet et sur mesure.<\/p>\n<p><iframe title=\"YouTube video player\" src=\"https:\/\/www.youtube.com\/embed\/-Cc9RcGlPZ8\" width=\"560\" height=\"315\" frameborder=\"0\" allowfullscreen=\"allowfullscreen\"><\/iframe><\/p>\n<h3><span class=\"ez-toc-section\" id=\"la-mutation-professionnelle\"><\/span>La mutation professionnelle<span class=\"ez-toc-section-end\"><\/span><\/h3>\n<p>Pour toute soci\u00e9t\u00e9 souhaitant profiter d\u2019une mutation de leur collaborateur, simple et efficace, les d\u00e9m\u00e9nageurs bretons vous proposent des tarifs n\u00e9gociables, une prestation personnalis\u00e9e ainsi qu\u2019une centralisation du service commercial. Vous b\u00e9n\u00e9ficiez d&rsquo;un devis gratuit pour votre projet.<\/p>\n<h3><span class=\"ez-toc-section\" id=\"des-solutions-darchivage\"><\/span>Des solutions d\u2019archivage<span class=\"ez-toc-section-end\"><\/span><\/h3>\n<p>Les d\u00e9m\u00e9nageurs bretons disposent d\u2019un local enti\u00e8rement d\u00e9di\u00e9 \u00e0 l\u2019archivage de vos documents. Ils vous offrent un service tr\u00e8s s\u00e9curis\u00e9 qui emp\u00eache toutes tentatives d\u2019intrusion ou de d\u00e9g\u00e2ts engendr\u00e9s par d\u2019\u00e9ventuels incendies, d&rsquo;humidit\u00e9 ou d\u2019infiltration d\u2019eau et une clause de confidentialit\u00e9 est impos\u00e9e.<\/p>\n<p>Les d\u00e9m\u00e9nageurs bretons repr\u00e9sentent une des plus anciennes soci\u00e9t\u00e9s de d\u00e9m\u00e9nagement en France. Leur renomm\u00e9e n&rsquo;est plus \u00e0 faire et leurs qualit\u00e9s de services convainquent le plus grand nombre chaque ann\u00e9e. La diversit\u00e9 des services offre aux clients un large panel de prestations afin de solutionner toutes probl\u00e9matiques li\u00e9es au d\u00e9m\u00e9nagement. Particulier et professionnel peuvent faire appel aux d\u00e9m\u00e9nageurs bretons pour un d\u00e9m\u00e9nagement en toute tranquillit\u00e9. Bien \u00e9videmment, il reste le prix \u00e0 d\u00e9terminer en fonction de l&rsquo;envergure du projet.<\/p>\n","protected":false},"excerpt":{"rendered":"<p>Avec plus de 1 000 professionnels du d\u00e9m\u00e9nagement, l&rsquo;hexagone est un pays qui facilite consid\u00e9rablement la vie de ses citoyens.<\/p>\n","protected":false},"author":11,"featured_media":24279,"comment_status":"closed","ping_status":"closed","sticky":false,"template":"","format":"standard","meta":{"_lmt_disableupdate":"no","_lmt_disable":"no","footnotes":""},"categories":[106],"tags":[],"yoast_head":"<!-- This site is optimized with the Yoast SEO Premium plugin v24.2 (Yoast SEO v24.5) - https:\/\/yoast.com\/wordpress\/plugins\/seo\/ -->\n<title>Les d\u00e9m\u00e9nageurs bretons : meilleur service de d\u00e9m\u00e9nagement<\/title>\n<meta name=\"description\" content=\"Les d\u00e9m\u00e9nageurs bretons, la r\u00e9f\u00e9rence des soci\u00e9t\u00e9s de d\u00e9m\u00e9nagement en France pour professionnels et particuliers.\" \/>\n<meta name=\"robots\" content=\"index, follow, max-snippet:-1, max-image-preview:large, max-video-preview:-1\" \/>\n<link rel=\"canonical\" href=\"https:\/\/www.mydemenageur.com\/blog\/demenageurs-bretons\/\" \/>\n<meta property=\"og:locale\" content=\"fr_FR\" \/>\n<meta property=\"og:type\" content=\"article\" \/>\n<meta property=\"og:title\" content=\"Qui sont les d\u00e9m\u00e9nageurs bretons ? Avis et Conseils\" \/>\n<meta property=\"og:description\" content=\"Les d\u00e9m\u00e9nageurs bretons, la r\u00e9f\u00e9rence des soci\u00e9t\u00e9s de d\u00e9m\u00e9nagement en France pour professionnels et particuliers.\" \/>\n<meta property=\"og:url\" content=\"https:\/\/www.mydemenageur.com\/blog\/demenageurs-bretons\/\" \/>\n<meta property=\"og:site_name\" content=\"MyDemenageur\" \/>\n<meta property=\"article:publisher\" content=\"https:\/\/www.facebook.com\/mydemenageur\" \/>\n<meta property=\"article:published_time\" content=\"2021-12-06T21:44:44+00:00\" \/>\n<meta property=\"article:modified_time\" content=\"2024-09-14T18:32:07+00:00\" \/>\n<meta property=\"og:image\" content=\"https:\/\/www.mydemenageur.com\/blog\/wp-content\/uploads\/2021\/11\/de\u0301me\u0301nageurs-bretons-.png\" \/>\n\t<meta property=\"og:image:width\" content=\"926\" \/>\n\t<meta property=\"og:image:height\" content=\"609\" \/>\n\t<meta property=\"og:image:type\" content=\"image\/png\" \/>\n<meta name=\"author\" content=\"Mathilde\" \/>\n<meta name=\"twitter:card\" content=\"summary_large_image\" \/>\n<meta name=\"twitter:creator\" content=\"@mydemenageur\" \/>\n<meta name=\"twitter:site\" content=\"@mydemenageur\" \/>\n<meta name=\"twitter:label1\" content=\"\u00c9crit par\" \/>\n\t<meta name=\"twitter:data1\" content=\"Mathilde\" \/>\n\t<meta name=\"twitter:label2\" content=\"Dur\u00e9e de lecture estim\u00e9e\" \/>\n\t<meta name=\"twitter:data2\" content=\"5 minutes\" \/>\n<script type=\"application\/ld+json\" class=\"yoast-schema-graph\">{\"@context\":\"https:\/\/schema.org\",\"@graph\":[{\"@type\":\"Article\",\"@id\":\"https:\/\/www.mydemenageur.com\/blog\/demenageurs-bretons\/#article\",\"isPartOf\":{\"@id\":\"https:\/\/www.mydemenageur.com\/blog\/demenageurs-bretons\/\"},\"author\":{\"name\":\"Mathilde\",\"@id\":\"https:\/\/www.mydemenageur.com\/blog\/#\/schema\/person\/4540dc333c2e7dc790f0f7bcd5b99569\"},\"headline\":\"Qui sont les d\u00e9m\u00e9nageurs bretons ? Avis et Conseils\",\"datePublished\":\"2021-12-06T21:44:44+00:00\",\"dateModified\":\"2024-09-14T18:32:07+00:00\",\"mainEntityOfPage\":{\"@id\":\"https:\/\/www.mydemenageur.com\/blog\/demenageurs-bretons\/\"},\"wordCount\":1009,\"publisher\":{\"@id\":\"https:\/\/www.mydemenageur.com\/blog\/#organization\"},\"image\":{\"@id\":\"https:\/\/www.mydemenageur.com\/blog\/demenageurs-bretons\/#primaryimage\"},\"thumbnailUrl\":\"https:\/\/www.mydemenageur.com\/blog\/wp-content\/uploads\/2021\/11\/de\u0301me\u0301nageurs-bretons-.png\",\"articleSection\":[\"D\u00e9m\u00e9nagement\"],\"inLanguage\":\"fr-FR\"},{\"@type\":\"WebPage\",\"@id\":\"https:\/\/www.mydemenageur.com\/blog\/demenageurs-bretons\/\",\"url\":\"https:\/\/www.mydemenageur.com\/blog\/demenageurs-bretons\/\",\"name\":\"Les d\u00e9m\u00e9nageurs bretons : meilleur service de d\u00e9m\u00e9nagement\",\"isPartOf\":{\"@id\":\"https:\/\/www.mydemenageur.com\/blog\/#website\"},\"primaryImageOfPage\":{\"@id\":\"https:\/\/www.mydemenageur.com\/blog\/demenageurs-bretons\/#primaryimage\"},\"image\":{\"@id\":\"https:\/\/www.mydemenageur.com\/blog\/demenageurs-bretons\/#primaryimage\"},\"thumbnailUrl\":\"https:\/\/www.mydemenageur.com\/blog\/wp-content\/uploads\/2021\/11\/de\u0301me\u0301nageurs-bretons-.png\",\"datePublished\":\"2021-12-06T21:44:44+00:00\",\"dateModified\":\"2024-09-14T18:32:07+00:00\",\"description\":\"Les d\u00e9m\u00e9nageurs bretons, la r\u00e9f\u00e9rence des soci\u00e9t\u00e9s de d\u00e9m\u00e9nagement en France pour professionnels et particuliers.\",\"breadcrumb\":{\"@id\":\"https:\/\/www.mydemenageur.com\/blog\/demenageurs-bretons\/#breadcrumb\"},\"inLanguage\":\"fr-FR\",\"potentialAction\":[{\"@type\":\"ReadAction\",\"target\":[\"https:\/\/www.mydemenageur.com\/blog\/demenageurs-bretons\/\"]}]},{\"@type\":\"ImageObject\",\"inLanguage\":\"fr-FR\",\"@id\":\"https:\/\/www.mydemenageur.com\/blog\/demenageurs-bretons\/#primaryimage\",\"url\":\"https:\/\/www.mydemenageur.com\/blog\/wp-content\/uploads\/2021\/11\/de\u0301me\u0301nageurs-bretons-.png\",\"contentUrl\":\"https:\/\/www.mydemenageur.com\/blog\/wp-content\/uploads\/2021\/11\/de\u0301me\u0301nageurs-bretons-.png\",\"width\":926,\"height\":609,\"caption\":\"Logo de\u0301me\u0301nageurs bretons\"},{\"@type\":\"BreadcrumbList\",\"@id\":\"https:\/\/www.mydemenageur.com\/blog\/demenageurs-bretons\/#breadcrumb\",\"itemListElement\":[{\"@type\":\"ListItem\",\"position\":1,\"name\":\"Accueil\",\"item\":\"https:\/\/www.mydemenageur.com\/blog\/\"},{\"@type\":\"ListItem\",\"position\":2,\"name\":\"D\u00e9m\u00e9nagement\",\"item\":\"https:\/\/www.mydemenageur.com\/blog\/categorie\/transport\/\"},{\"@type\":\"ListItem\",\"position\":3,\"name\":\"Qui sont les d\u00e9m\u00e9nageurs bretons ? Avis et Conseils\"}]},{\"@type\":\"WebSite\",\"@id\":\"https:\/\/www.mydemenageur.com\/blog\/#website\",\"url\":\"https:\/\/www.mydemenageur.com\/blog\/\",\"name\":\"MyDemenageur\",\"description\":\"Conseils d\u00e9m\u00e9ngement entre particuliers et d\u00e9m\u00e9nagement professionnel\",\"publisher\":{\"@id\":\"https:\/\/www.mydemenageur.com\/blog\/#organization\"},\"potentialAction\":[{\"@type\":\"SearchAction\",\"target\":{\"@type\":\"EntryPoint\",\"urlTemplate\":\"https:\/\/www.mydemenageur.com\/blog\/?s={search_term_string}\"},\"query-input\":{\"@type\":\"PropertyValueSpecification\",\"valueRequired\":true,\"valueName\":\"search_term_string\"}}],\"inLanguage\":\"fr-FR\"},{\"@type\":\"Organization\",\"@id\":\"https:\/\/www.mydemenageur.com\/blog\/#organization\",\"name\":\"MyDemenageur.com\",\"url\":\"https:\/\/www.mydemenageur.com\/blog\/\",\"logo\":{\"@type\":\"ImageObject\",\"inLanguage\":\"fr-FR\",\"@id\":\"https:\/\/www.mydemenageur.com\/blog\/#\/schema\/logo\/image\/\",\"url\":\"https:\/\/www.mydemenageur.com\/blog\/wp-content\/uploads\/2022\/05\/MyDemenageur_Symbol.jpg\",\"contentUrl\":\"https:\/\/www.mydemenageur.com\/blog\/wp-content\/uploads\/2022\/05\/MyDemenageur_Symbol.jpg\",\"width\":878,\"height\":877,\"caption\":\"MyDemenageur.com\"},\"image\":{\"@id\":\"https:\/\/www.mydemenageur.com\/blog\/#\/schema\/logo\/image\/\"},\"sameAs\":[\"https:\/\/www.facebook.com\/mydemenageur\",\"https:\/\/x.com\/mydemenageur\",\"https:\/\/www.pinterest.fr\/mydemenageur\/\"]},{\"@type\":\"Person\",\"@id\":\"https:\/\/www.mydemenageur.com\/blog\/#\/schema\/person\/4540dc333c2e7dc790f0f7bcd5b99569\",\"name\":\"Mathilde\",\"image\":{\"@type\":\"ImageObject\",\"inLanguage\":\"fr-FR\",\"@id\":\"https:\/\/www.mydemenageur.com\/blog\/#\/schema\/person\/image\/\",\"url\":\"https:\/\/secure.gravatar.com\/avatar\/abde069f6f70261ee6ecea93e0437d77?s=96&#038;r=g\",\"contentUrl\":\"https:\/\/secure.gravatar.com\/avatar\/abde069f6f70261ee6ecea93e0437d77?s=96&#038;r=g\",\"caption\":\"Mathilde\"},\"description\":\"L'harmonie des couleurs et des objets m'a toujours fascin\u00e9e, transformant chaque pi\u00e8ce en un lieu unique et agr\u00e9able \u00e0 vivre. Sur MyDemenageur, vous trouverez non seulement des inspirations personnelles, mais aussi des informations r\u00e9centes sur le monde de la d\u00e9coration, les projets de maison, le d\u00e9m\u00e9nagement et les travaux.\",\"url\":\"https:\/\/www.mydemenageur.com\/blog\/author\/mathilde\/\"}]}<\/script>\n<!-- \/ Yoast SEO Premium plugin. -->","yoast_head_json":{"title":"Les d\u00e9m\u00e9nageurs bretons : meilleur service de d\u00e9m\u00e9nagement","description":"Les d\u00e9m\u00e9nageurs bretons, la r\u00e9f\u00e9rence des soci\u00e9t\u00e9s de d\u00e9m\u00e9nagement en France pour professionnels et particuliers.","robots":{"index":"index","follow":"follow","max-snippet":"max-snippet:-1","max-image-preview":"max-image-preview:large","max-video-preview":"max-video-preview:-1"},"canonical":"https:\/\/www.mydemenageur.com\/blog\/demenageurs-bretons\/","og_locale":"fr_FR","og_type":"article","og_title":"Qui sont les d\u00e9m\u00e9nageurs bretons ? Avis et Conseils","og_description":"Les d\u00e9m\u00e9nageurs bretons, la r\u00e9f\u00e9rence des soci\u00e9t\u00e9s de d\u00e9m\u00e9nagement en France pour professionnels et particuliers.","og_url":"https:\/\/www.mydemenageur.com\/blog\/demenageurs-bretons\/","og_site_name":"MyDemenageur","article_publisher":"https:\/\/www.facebook.com\/mydemenageur","article_published_time":"2021-12-06T21:44:44+00:00","article_modified_time":"2024-09-14T18:32:07+00:00","og_image":[{"width":926,"height":609,"url":"https:\/\/www.mydemenageur.com\/blog\/wp-content\/uploads\/2021\/11\/de\u0301me\u0301nageurs-bretons-.png","type":"image\/png"}],"author":"Mathilde","twitter_card":"summary_large_image","twitter_creator":"@mydemenageur","twitter_site":"@mydemenageur","twitter_misc":{"\u00c9crit par":"Mathilde","Dur\u00e9e de lecture estim\u00e9e":"5 minutes"},"schema":{"@context":"https:\/\/schema.org","@graph":[{"@type":"Article","@id":"https:\/\/www.mydemenageur.com\/blog\/demenageurs-bretons\/#article","isPartOf":{"@id":"https:\/\/www.mydemenageur.com\/blog\/demenageurs-bretons\/"},"author":{"name":"Mathilde","@id":"https:\/\/www.mydemenageur.com\/blog\/#\/schema\/person\/4540dc333c2e7dc790f0f7bcd5b99569"},"headline":"Qui sont les d\u00e9m\u00e9nageurs bretons ? Avis et Conseils","datePublished":"2021-12-06T21:44:44+00:00","dateModified":"2024-09-14T18:32:07+00:00","mainEntityOfPage":{"@id":"https:\/\/www.mydemenageur.com\/blog\/demenageurs-bretons\/"},"wordCount":1009,"publisher":{"@id":"https:\/\/www.mydemenageur.com\/blog\/#organization"},"image":{"@id":"https:\/\/www.mydemenageur.com\/blog\/demenageurs-bretons\/#primaryimage"},"thumbnailUrl":"https:\/\/www.mydemenageur.com\/blog\/wp-content\/uploads\/2021\/11\/de\u0301me\u0301nageurs-bretons-.png","articleSection":["D\u00e9m\u00e9nagement"],"inLanguage":"fr-FR"},{"@type":"WebPage","@id":"https:\/\/www.mydemenageur.com\/blog\/demenageurs-bretons\/","url":"https:\/\/www.mydemenageur.com\/blog\/demenageurs-bretons\/","name":"Les d\u00e9m\u00e9nageurs bretons : meilleur service de d\u00e9m\u00e9nagement","isPartOf":{"@id":"https:\/\/www.mydemenageur.com\/blog\/#website"},"primaryImageOfPage":{"@id":"https:\/\/www.mydemenageur.com\/blog\/demenageurs-bretons\/#primaryimage"},"image":{"@id":"https:\/\/www.mydemenageur.com\/blog\/demenageurs-bretons\/#primaryimage"},"thumbnailUrl":"https:\/\/www.mydemenageur.com\/blog\/wp-content\/uploads\/2021\/11\/de\u0301me\u0301nageurs-bretons-.png","datePublished":"2021-12-06T21:44:44+00:00","dateModified":"2024-09-14T18:32:07+00:00","description":"Les d\u00e9m\u00e9nageurs bretons, la r\u00e9f\u00e9rence des soci\u00e9t\u00e9s de d\u00e9m\u00e9nagement en France pour professionnels et particuliers.","breadcrumb":{"@id":"https:\/\/www.mydemenageur.com\/blog\/demenageurs-bretons\/#breadcrumb"},"inLanguage":"fr-FR","potentialAction":[{"@type":"ReadAction","target":["https:\/\/www.mydemenageur.com\/blog\/demenageurs-bretons\/"]}]},{"@type":"ImageObject","inLanguage":"fr-FR","@id":"https:\/\/www.mydemenageur.com\/blog\/demenageurs-bretons\/#primaryimage","url":"https:\/\/www.mydemenageur.com\/blog\/wp-content\/uploads\/2021\/11\/de\u0301me\u0301nageurs-bretons-.png","contentUrl":"https:\/\/www.mydemenageur.com\/blog\/wp-content\/uploads\/2021\/11\/de\u0301me\u0301nageurs-bretons-.png","width":926,"height":609,"caption":"Logo de\u0301me\u0301nageurs bretons"},{"@type":"BreadcrumbList","@id":"https:\/\/www.mydemenageur.com\/blog\/demenageurs-bretons\/#breadcrumb","itemListElement":[{"@type":"ListItem","position":1,"name":"Accueil","item":"https:\/\/www.mydemenageur.com\/blog\/"},{"@type":"ListItem","position":2,"name":"D\u00e9m\u00e9nagement","item":"https:\/\/www.mydemenageur.com\/blog\/categorie\/transport\/"},{"@type":"ListItem","position":3,"name":"Qui sont les d\u00e9m\u00e9nageurs bretons ? Avis et Conseils"}]},{"@type":"WebSite","@id":"https:\/\/www.mydemenageur.com\/blog\/#website","url":"https:\/\/www.mydemenageur.com\/blog\/","name":"MyDemenageur","description":"Conseils d\u00e9m\u00e9ngement entre particuliers et d\u00e9m\u00e9nagement professionnel","publisher":{"@id":"https:\/\/www.mydemenageur.com\/blog\/#organization"},"potentialAction":[{"@type":"SearchAction","target":{"@type":"EntryPoint","urlTemplate":"https:\/\/www.mydemenageur.com\/blog\/?s={search_term_string}"},"query-input":{"@type":"PropertyValueSpecification","valueRequired":true,"valueName":"search_term_string"}}],"inLanguage":"fr-FR"},{"@type":"Organization","@id":"https:\/\/www.mydemenageur.com\/blog\/#organization","name":"MyDemenageur.com","url":"https:\/\/www.mydemenageur.com\/blog\/","logo":{"@type":"ImageObject","inLanguage":"fr-FR","@id":"https:\/\/www.mydemenageur.com\/blog\/#\/schema\/logo\/image\/","url":"https:\/\/www.mydemenageur.com\/blog\/wp-content\/uploads\/2022\/05\/MyDemenageur_Symbol.jpg","contentUrl":"https:\/\/www.mydemenageur.com\/blog\/wp-content\/uploads\/2022\/05\/MyDemenageur_Symbol.jpg","width":878,"height":877,"caption":"MyDemenageur.com"},"image":{"@id":"https:\/\/www.mydemenageur.com\/blog\/#\/schema\/logo\/image\/"},"sameAs":["https:\/\/www.facebook.com\/mydemenageur","https:\/\/x.com\/mydemenageur","https:\/\/www.pinterest.fr\/mydemenageur\/"]},{"@type":"Person","@id":"https:\/\/www.mydemenageur.com\/blog\/#\/schema\/person\/4540dc333c2e7dc790f0f7bcd5b99569","name":"Mathilde","image":{"@type":"ImageObject","inLanguage":"fr-FR","@id":"https:\/\/www.mydemenageur.com\/blog\/#\/schema\/person\/image\/","url":"https:\/\/secure.gravatar.com\/avatar\/abde069f6f70261ee6ecea93e0437d77?s=96&#038;r=g","contentUrl":"https:\/\/secure.gravatar.com\/avatar\/abde069f6f70261ee6ecea93e0437d77?s=96&#038;r=g","caption":"Mathilde"},"description":"L'harmonie des couleurs et des objets m'a toujours fascin\u00e9e, transformant chaque pi\u00e8ce en un lieu unique et agr\u00e9able \u00e0 vivre. Sur MyDemenageur, vous trouverez non seulement des inspirations personnelles, mais aussi des informations r\u00e9centes sur le monde de la d\u00e9coration, les projets de maison, le d\u00e9m\u00e9nagement et les travaux.","url":"https:\/\/www.mydemenageur.com\/blog\/author\/mathilde\/"}]}},"modified_by":"MyDemenageur","_links":{"self":[{"href":"https:\/\/www.mydemenageur.com\/blog\/wp-json\/wp\/v2\/posts\/23965"}],"collection":[{"href":"https:\/\/www.mydemenageur.com\/blog\/wp-json\/wp\/v2\/posts"}],"about":[{"href":"https:\/\/www.mydemenageur.com\/blog\/wp-json\/wp\/v2\/types\/post"}],"author":[{"embeddable":true,"href":"https:\/\/www.mydemenageur.com\/blog\/wp-json\/wp\/v2\/users\/11"}],"replies":[{"embeddable":true,"href":"https:\/\/www.mydemenageur.com\/blog\/wp-json\/wp\/v2\/comments?post=23965"}],"version-history":[{"count":0,"href":"https:\/\/www.mydemenageur.com\/blog\/wp-json\/wp\/v2\/posts\/23965\/revisions"}],"wp:featuredmedia":[{"embeddable":true,"href":"https:\/\/www.mydemenageur.com\/blog\/wp-json\/wp\/v2\/media\/24279"}],"wp:attachment":[{"href":"https:\/\/www.mydemenageur.com\/blog\/wp-json\/wp\/v2\/media?parent=23965"}],"wp:term":[{"taxonomy":"category","embeddable":true,"href":"https:\/\/www.mydemenageur.com\/blog\/wp-json\/wp\/v2\/categories?post=23965"},{"taxonomy":"post_tag","embeddable":true,"href":"https:\/\/www.mydemenageur.com\/blog\/wp-json\/wp\/v2\/tags?post=23965"}],"curies":[{"name":"wp","href":"https:\/\/api.w.org\/{rel}","templated":true}]}}