{"id":241,"date":"2025-03-19T13:49:42","date_gmt":"2025-03-19T12:49:42","guid":{"rendered":"http:\/\/www.mydemenageur.com\/blog\/?p=241"},"modified":"2025-03-19T13:50:01","modified_gmt":"2025-03-19T12:50:01","slug":"location-utilitaire-entre-particuliers","status":"publish","type":"post","link":"https:\/\/www.mydemenageur.com\/blog\/location-utilitaire-entre-particuliers\/","title":{"rendered":"Location d&rsquo;utilitaire entre particuliers 30 \u00e0 40% moins cher"},"content":{"rendered":"<p>Vous \u00eates gros bras sur MyDemenageur et vous avez aussi un <a href=\"https:\/\/www.mydemenageur.com\/blog\/transport\/\">utilitaire<\/a> ? Vous cherchez \u00e0 d\u00e9m\u00e9nager en vous faisant aider d\u2019un gros bras, mais vous avez aussi besoin d\u2019une location d\u2019utilitaire pas trop ch\u00e8re ? Cet article va vous int\u00e9resser. Il vous propose une offre \u00e9conomique de location de v\u00e9hicules entre particuliers dans un cadre de confiance convivial, conform\u00e9ment \u00e0 l\u2019art de la consommation collaborative. On y loue des voitures, mais aussi et surtout des v\u00e9hicules utilitaires, ce qui va nous int\u00e9resser pour vos d\u00e9m\u00e9nagements.<\/p>\n<p><img decoding=\"async\" class=\"alignnone size-full wp-image-532\" src=\"\/\/www.mydemenageur.com\/blog\/wp-content\/uploads\/2014\/10\/ouicar_home.jpg\" alt=\"ouicar location de voiture entre particuliers\" width=\"680\" height=\"154\" srcset=\"https:\/\/www.mydemenageur.com\/blog\/wp-content\/uploads\/2014\/10\/ouicar_home.jpg 680w, https:\/\/www.mydemenageur.com\/blog\/wp-content\/uploads\/2014\/10\/ouicar_home-300x68.jpg 300w\" sizes=\"(max-width: 680px) 100vw, 680px\" \/><\/p>\n<div id=\"ez-toc-container\" class=\"ez-toc-v2_0_82_2 counter-hierarchy ez-toc-counter ez-toc-custom ez-toc-container-direction\">\n<div class=\"ez-toc-title-container\">\n<p class=\"ez-toc-title\" style=\"cursor:inherit\">Ce que vous allez apprendre<\/p>\n<span class=\"ez-toc-title-toggle\"><\/span><\/div>\n<nav><ul class='ez-toc-list ez-toc-list-level-1 ' ><li class='ez-toc-page-1 ez-toc-heading-level-2'><a class=\"ez-toc-link ez-toc-heading-1\" href=\"https:\/\/www.mydemenageur.com\/blog\/location-utilitaire-entre-particuliers\/#comment-ca-marche-les-plateformes-de-location-dutilitaire\" >Comment \u00e7a marche les plateformes de location d\u2019utilitaire ?<\/a><\/li><li class='ez-toc-page-1 ez-toc-heading-level-2'><a class=\"ez-toc-link ez-toc-heading-2\" href=\"https:\/\/www.mydemenageur.com\/blog\/location-utilitaire-entre-particuliers\/#les-avantages\" >Les avantages ?<\/a><\/li><li class='ez-toc-page-1 ez-toc-heading-level-2'><a class=\"ez-toc-link ez-toc-heading-3\" href=\"https:\/\/www.mydemenageur.com\/blog\/location-utilitaire-entre-particuliers\/#comment-trouver-une-location-dutilitaire-pas-cher\" >Comment trouver une location d&rsquo;utilitaire pas cher\u00a0?<\/a><\/li><li class='ez-toc-page-1 ez-toc-heading-level-2'><a class=\"ez-toc-link ez-toc-heading-4\" href=\"https:\/\/www.mydemenageur.com\/blog\/location-utilitaire-entre-particuliers\/#qui-peut-louer-un-vehicule-utilitaire-et-pour-quelles-raisons\" >Qui peut louer un v\u00e9hicule utilitaire et pour quelles raisons ?<\/a><\/li><li class='ez-toc-page-1 ez-toc-heading-level-2'><a class=\"ez-toc-link ez-toc-heading-5\" href=\"https:\/\/www.mydemenageur.com\/blog\/location-utilitaire-entre-particuliers\/#pourquoi-louer-un-utilitaire-pour-demenager\" >Pourquoi louer un utilitaire pour d\u00e9m\u00e9nager ?<\/a><\/li><li class='ez-toc-page-1 ez-toc-heading-level-2'><a class=\"ez-toc-link ez-toc-heading-6\" href=\"https:\/\/www.mydemenageur.com\/blog\/location-utilitaire-entre-particuliers\/#quelles-sont-les-formules-pour-louer-un-utilitaire\" >Quelles sont les formules pour louer un utilitaire ?<\/a><\/li><li class='ez-toc-page-1 ez-toc-heading-level-2'><a class=\"ez-toc-link ez-toc-heading-7\" href=\"https:\/\/www.mydemenageur.com\/blog\/location-utilitaire-entre-particuliers\/#quelle-location-utilitaire-choisir\" >Quelle location utilitaire choisir ?<\/a><\/li><li class='ez-toc-page-1 ez-toc-heading-level-2'><a class=\"ez-toc-link ez-toc-heading-8\" href=\"https:\/\/www.mydemenageur.com\/blog\/location-utilitaire-entre-particuliers\/#quel-est-le-prix-dune-location-utilitaire\" >Quel est le prix d\u2019une location utilitaire ?<\/a><\/li><li class='ez-toc-page-1 ez-toc-heading-level-2'><a class=\"ez-toc-link ez-toc-heading-9\" href=\"https:\/\/www.mydemenageur.com\/blog\/location-utilitaire-entre-particuliers\/#que-comprennent-les-tarifs-de-location-et-comment-choisir-loffre-la-plus-attractive\" >Que comprennent les tarifs de location et comment choisir l\u2019offre la plus attractive ?<\/a><\/li><\/ul><\/nav><\/div>\n<h2><span class=\"ez-toc-section\" id=\"comment-ca-marche-les-plateformes-de-location-dutilitaire\"><\/span><strong>Comment \u00e7a marche les plateformes de location d\u2019utilitaire ?<\/strong><span class=\"ez-toc-section-end\"><\/span><\/h2>\n<p><strong>1) Vous \u00eates propri\u00e9taire<\/strong>, rien de plus simple : vous entrez les caract\u00e9ristiques de votre v\u00e9hicule et ses dates de disponibilit\u00e9. Vous pouvez \u00e9galement les modifier directement sur votre mobile gr\u00e2ce aux applications gratuites pour iPhone et Android. Ajoutez l\u2019annonce de votre utilitaire sur votre profil gros bras pour faire d\u2019une pierre deux coups : maximiser vos sources de revenus et nouer des contacts avec vos voisins.<br \/>\n<strong>2) Vous d\u00e9m\u00e9nagez<\/strong>, vous avez trouv\u00e9 de gros bras pour vous aider et vous voulez louer un camion de d\u00e9m\u00e9nagement sans vous ruiner ? C\u2019est tr\u00e8s facile : vous remplissez votre profil sur le site, vous cherchez un utilitaire dans votre p\u00e9rim\u00e8tre et vous voil\u00e0 mis en relation avec le propri\u00e9taire pour convenir d\u2019une prise en main du v\u00e9hicule.<\/p>\n<h2><span class=\"ez-toc-section\" id=\"les-avantages\"><\/span><strong>Les avantages ?<\/strong><span class=\"ez-toc-section-end\"><\/span><\/h2>\n<p>Ils sont nombreux. Tout d&rsquo;abord, le propri\u00e9taire se situe souvent au bout de votre rue. Plus besoin de se d\u00e9placer jusqu&rsquo;\u00e0 une gare ou \u00e0 un a\u00e9roport pour r\u00e9cup\u00e9rer ou rendre votre v\u00e9hicule de location.<br \/>\nAutre point int\u00e9ressant et non n\u00e9gligeable, ce service est en moyenne <a href=\"https:\/\/www.mydemenageur.com\/blog\/location-de-camion-25-solutions\/\"><strong>de 30% \u00e0 40% moins cher<\/strong><\/a> qu&rsquo;un loueur professionnel. Et vous ajoutez un c\u00f4t\u00e9 convivial \u00e0 votre location. Vous n\u2019\u00eates plus un simple num\u00e9ro sur un bon de location !<\/p>\n<p>Dernier point et pas des moindres, toutes les locations sont <strong>couvertes par une assurance MMA<\/strong> qui est incluse dans le prix des locations.<br \/>\nLa prise en main de l\u2019utilitaire est flexible, car c\u2019est vous qui convenez avec le locataire (ou le propri\u00e9taire) de l\u2019heure et de l\u2019endroit du retour du v\u00e9hicule.<br \/>\nBref, une combinaison MyDemenageur + une location d\u2019utilitaire peut s&rsquo;av\u00e9rer tr\u00e8s int\u00e9ressante pour d\u00e9m\u00e9nager \u00e0 moindre co\u00fbt.<\/p>\n<p>Exemple de type de v\u00e9hicule sur ce site : www.ouicar.fr<br \/>\n<img decoding=\"async\" class=\"size-full wp-image-243 aligncenter\" src=\"\/\/www.mydemenageur.com\/blog\/wp-content\/uploads\/2014\/10\/ouicar-annonces-utilitaires.jpg\" alt=\"Annonces d'utilitaires \u00e0 louer entre particuliers\" width=\"680\" height=\"427\" srcset=\"https:\/\/www.mydemenageur.com\/blog\/wp-content\/uploads\/2014\/10\/ouicar-annonces-utilitaires.jpg 680w, https:\/\/www.mydemenageur.com\/blog\/wp-content\/uploads\/2014\/10\/ouicar-annonces-utilitaires-300x188.jpg 300w\" sizes=\"(max-width: 680px) 100vw, 680px\" \/><br \/>\n<small style=\"text-align: center; display: block;\"><\/small><\/p>\n<p><small style=\"text-align: center; display: block;\">Consultation des diff\u00e9rents types de v\u00e9hicules utilitaires disponibles pr\u00e8s de chez vous<\/small><br \/>\n<img decoding=\"async\" class=\"size-full wp-image-244 aligncenter\" src=\"\/\/www.mydemenageur.com\/blog\/wp-content\/uploads\/2014\/10\/ouicar-location-utilitaire-paris.jpg\" alt=\"Fiche de location d'un utilitaire d'un particulier\" width=\"680\" height=\"414\" srcset=\"https:\/\/www.mydemenageur.com\/blog\/wp-content\/uploads\/2014\/10\/ouicar-location-utilitaire-paris.jpg 680w, https:\/\/www.mydemenageur.com\/blog\/wp-content\/uploads\/2014\/10\/ouicar-location-utilitaire-paris-300x183.jpg 300w\" sizes=\"(max-width: 680px) 100vw, 680px\" \/><br \/>\n<small style=\"text-align: center; display: block;\">Fiche de l&rsquo;utilitaire d&rsquo;un particulier qui propose son v\u00e9hicule \u00e0 la location<\/small><\/p>\n<h2><span class=\"ez-toc-section\" id=\"comment-trouver-une-location-dutilitaire-pas-cher\"><\/span>Comment trouver une location d&rsquo;utilitaire pas cher\u00a0?<span class=\"ez-toc-section-end\"><\/span><\/h2>\n<p>Nous avons compar\u00e9 le march\u00e9 et les pratiques des loueurs. Ci-dessous nos conclusions !<\/p>\n<p>Vous cherchez un comparateur de prix entre particuliers, en ligne et bas\u00e9 en France ? Avec le COMPARATEUR LOCATION UTILITAIRE , vous avez toutes les informations pour choisir votre location de v\u00e9hicule entre particuliers \u00e0 des prix tr\u00e8s avantageux. Vous trouverez un large choix d&rsquo;utilitaires disponibles \u00e0 partir d&rsquo;une dur\u00e9e minimale d&rsquo;un jour jusqu&rsquo;\u00e0 plusieurs..<\/p>\n<h2><span class=\"ez-toc-section\" id=\"qui-peut-louer-un-vehicule-utilitaire-et-pour-quelles-raisons\"><\/span>Qui peut louer un v\u00e9hicule utilitaire et pour quelles raisons ?<span class=\"ez-toc-section-end\"><\/span><\/h2>\n<p>Le terme \u00ab\u00a0location de voiture\u00a0\u00bb fait r\u00e9f\u00e9rence \u00e0 la location d&rsquo;une voiture. Ce n&rsquo;est pas la m\u00eame chose que la location d&rsquo;un taxi. Elle peut \u00eatre effectu\u00e9e pour des raisons commerciales, touristiques ou individuelles. Il existe de nombreux types de v\u00e9hicules utilitaires : mini-camions, fourgons, pick up&#8230;. La capacit\u00e9 de transport varie en fonction du v\u00e9hicule utilis\u00e9. Alors que le mini-camion est utilis\u00e9 pour le transport de marchandises et parfois de passagers, l&rsquo;utilitaire, ou pick-up, et le van (ou \u00ab\u00a0people carrier\u00a0\u00bb) peuvent transporter soit plus de personnes qu&rsquo;un mini-camion, soit plus de marchandises.<\/p>\n<h2><span class=\"ez-toc-section\" id=\"pourquoi-louer-un-utilitaire-pour-demenager\"><\/span>Pourquoi louer un utilitaire pour d\u00e9m\u00e9nager ?<span class=\"ez-toc-section-end\"><\/span><\/h2>\n<p>L&rsquo;achat d&rsquo;un fourgon n&rsquo;est pas prohibitif, mais il est plus cher que la location. Les tarifs de location entre particuliers sont moins chers que ceux des agences de location et il n&rsquo;est pas n\u00e9cessaire de signer un contrat ou de verser une avance.<\/p>\n<p>La meilleure fa\u00e7on d&rsquo;\u00e9conomiser sur les frais de d\u00e9m\u00e9nagement !<\/p>\n<h2><span class=\"ez-toc-section\" id=\"quelles-sont-les-formules-pour-louer-un-utilitaire\"><\/span>Quelles sont les formules pour louer un utilitaire ?<span class=\"ez-toc-section-end\"><\/span><\/h2>\n<p>Si vous \u00eates \u00e0 la recherche d&rsquo;un camion de d\u00e9m\u00e9nagement, vous pouvez en louer un de plusieurs fa\u00e7ons. La premi\u00e8re consiste \u00e0 le louer aupr\u00e8s d&rsquo;une entreprise sp\u00e9cialis\u00e9e ou d&rsquo;un particulier.<\/p>\n<p>Quels sont les avantages de recourir aux services d&rsquo;une entreprise sp\u00e9cialis\u00e9e ?<\/p>\n<p>La location d&rsquo;un camion de d\u00e9m\u00e9nagement n&rsquo;est pas gratuite, id\u00e9alement il faut r\u00e9server t\u00f4t pour obtenir un camion. Lorsque vous faites appel aux services d&rsquo;une entreprise sp\u00e9cialis\u00e9e, votre location est assur\u00e9e. Si vous rencontrez des probl\u00e8mes pendant votre d\u00e9m\u00e9nagement, ils sont charg\u00e9s de les r\u00e9soudre.<\/p>\n<p><iframe title=\"Getaround ouicar| pourquoi vous devez louer un utilitaire\" width=\"500\" height=\"281\" src=\"https:\/\/www.youtube.com\/embed\/hamkupfBu9k?feature=oembed\" frameborder=\"0\" allow=\"accelerometer; autoplay; clipboard-write; encrypted-media; gyroscope; picture-in-picture; web-share\" referrerpolicy=\"strict-origin-when-cross-origin\" allowfullscreen><\/iframe><\/p>\n<h2><span class=\"ez-toc-section\" id=\"quelle-location-utilitaire-choisir\"><\/span>Quelle location utilitaire choisir ?<span class=\"ez-toc-section-end\"><\/span><\/h2>\n<p><strong>Type de location utilitaire<\/strong><\/p>\n<ul>\n<li>3 m3<\/li>\n<li>6 m3<\/li>\n<li>9 m3<\/li>\n<li>12 m3<\/li>\n<li>15 m3<\/li>\n<li>20 m3<\/li>\n<\/ul>\n<p><strong>Pour transporter :<\/strong><\/p>\n<ul>\n<li>Des petits meubles<\/li>\n<li>Petit studio<\/li>\n<li>Studio ou un T1<\/li>\n<li>Appartement de 25 m2 environ<\/li>\n<li>Appartement jusqu\u2019\u00e0 30 m2 environ<\/li>\n<li>Appartement jusqu\u2019\u00e0 50 m2<\/li>\n<\/ul>\n<p><strong>Combien de cartons ?<\/strong><\/p>\n<ul>\n<li>40<\/li>\n<li>60<\/li>\n<li>80<\/li>\n<li>100<\/li>\n<li>120<\/li>\n<\/ul>\n<h2><span class=\"ez-toc-section\" id=\"quel-est-le-prix-dune-location-utilitaire\"><\/span>Quel est le prix d\u2019une location utilitaire ?<span class=\"ez-toc-section-end\"><\/span><\/h2>\n<p class=\"p1\">Le tarif moyen d&rsquo;un <a href=\"https:\/\/www.mydemenageur.com\/blog\/demenagement-a-paris\/\">utilitaire \u00e0 Paris<\/a> est de : 99,38 \u20ac\/jour, TVA et assurance locative comprises<\/p>\n<ol>\n<li>Dur\u00e9e de la location : 1 jour<\/li>\n<li>Kilom\u00e9trage : 150 km maximum<\/li>\n<li>Conducteurs : il est pr\u00e9vu que le v\u00e9hicule soit sur la route pendant au moins 4 heures<\/li>\n<\/ol>\n<p>Dans le cas ou vous avez besoin d&rsquo;un camion de d\u00e9m\u00e9nagement, il est fortement conseill\u00e9 de r\u00e9server en avance votre fourgon avant la saison des d\u00e9m\u00e9nagements, car l&rsquo;\u00e9t\u00e9 est une p\u00e9riode tr\u00e8s demander, car, c&rsquo;est la p\u00e9riode ou il y a le plus de d\u00e9m\u00e9nagement.<br \/>\nEn province, le co\u00fbt d&rsquo;une r\u00e9servation en agence est de g\u00e9n\u00e9ralement entre 100 et 200 \u20ac\/camionnette si l&rsquo;agence ou le loueur fournit un camion avec une aide suppl\u00e9mentaire.<\/p>\n<h2><span class=\"ez-toc-section\" id=\"que-comprennent-les-tarifs-de-location-et-comment-choisir-loffre-la-plus-attractive\"><\/span>Que comprennent les tarifs de location et comment choisir l\u2019offre la plus attractive ?<span class=\"ez-toc-section-end\"><\/span><\/h2>\n<p>Le prix de la location est calcul\u00e9 par jours. Louer pour plus d&rsquo;un jour r\u00e9duit consid\u00e9rablement le prix par jour.<\/p>\n<p><strong>Tarifs de location &#8211; exemple :<\/strong><\/p>\n<ul>\n<li>20 m3 : 83 \u20ac \/jour<\/li>\n<li>6 m3 : 51,50 \u20ac \/jour<\/li>\n<li>15 m3 : 63,90 \u20ac<\/li>\n<\/ul>\n<p>La location comprend le camion, ses accessoires (comme la rampe de chargement et les cales), les outils n\u00e9cessaires au transport (cl\u00e9, crics), l&rsquo;assurance en cas de dommages aux personnes ou aux biens, le carburant + 1 chauffeur gratuit.<\/p>\n<p>Si vous avez besoin de 2 heures d&rsquo;aide suppl\u00e9mentaire pendant votre d\u00e9m\u00e9nagement, ce service co\u00fbte 20 \u20ac par heure.<\/p>\n<p style=\"text-align: center;\">Pensez \u00e0 calculer votre volume et le besoin en surface pour conna\u00eetre quelle taille vous avez le plus besoin, car il existe beaucoup de camions avec ou sans hayon, mais la plupart son au diesel ce qui permet de faire une \u00e9conomie de co\u00fbt si vous avez de longues distances \u00e0 faire comme un Paris &gt; Lyon.<\/p>\n","protected":false},"excerpt":{"rendered":"<p>Vous \u00eates gros bras sur MyDemenageur et vous avez aussi un utilitaire ? Vous cherchez \u00e0 d\u00e9m\u00e9nager en vous faisant<\/p>\n","protected":false},"author":11,"featured_media":27513,"comment_status":"open","ping_status":"open","sticky":false,"template":"","format":"standard","meta":{"_lmt_disableupdate":"no","_lmt_disable":"no","footnotes":""},"categories":[106],"tags":[],"yoast_head":"<!-- This site is optimized with the Yoast SEO Premium plugin v24.2 (Yoast SEO v24.5) - https:\/\/yoast.com\/wordpress\/plugins\/seo\/ -->\n<title>Location d&#039;utilitaire entre particuliers 30 \u00e0 40% moins cher<\/title>\n<meta name=\"description\" content=\"D\u00e9couvrez les plateformes de location d&#039;utilitaire entre particuliers. Un indispensable de vos futurs d\u00e9m\u00e9nagements. Nos conseils et avis\" \/>\n<meta name=\"robots\" content=\"index, follow, max-snippet:-1, max-image-preview:large, max-video-preview:-1\" \/>\n<link rel=\"canonical\" href=\"https:\/\/www.mydemenageur.com\/blog\/location-utilitaire-entre-particuliers\/\" \/>\n<meta property=\"og:locale\" content=\"fr_FR\" \/>\n<meta property=\"og:type\" content=\"article\" \/>\n<meta property=\"og:title\" content=\"Location d&#039;utilitaire entre particuliers 30 \u00e0 40% moins cher\" \/>\n<meta property=\"og:description\" content=\"D\u00e9couvrez les plateformes de location d&#039;utilitaire entre particuliers. Un indispensable de vos futurs d\u00e9m\u00e9nagements. Nos conseils et avis\" \/>\n<meta property=\"og:url\" content=\"https:\/\/www.mydemenageur.com\/blog\/location-utilitaire-entre-particuliers\/\" \/>\n<meta property=\"og:site_name\" content=\"MyDemenageur\" \/>\n<meta property=\"article:publisher\" content=\"https:\/\/www.facebook.com\/mydemenageur\" \/>\n<meta property=\"article:published_time\" content=\"2025-03-19T12:49:42+00:00\" \/>\n<meta property=\"article:modified_time\" content=\"2025-03-19T12:50:01+00:00\" \/>\n<meta property=\"og:image\" content=\"https:\/\/www.mydemenageur.com\/blog\/wp-content\/uploads\/2014\/10\/jonathan-ocampo-5o_onRjQJ2g-unsplash.jpg\" \/>\n\t<meta property=\"og:image:width\" content=\"1060\" \/>\n\t<meta property=\"og:image:height\" content=\"1325\" \/>\n\t<meta property=\"og:image:type\" content=\"image\/jpeg\" \/>\n<meta name=\"author\" content=\"Mathilde\" \/>\n<meta name=\"twitter:card\" content=\"summary_large_image\" \/>\n<meta name=\"twitter:creator\" content=\"@mydemenageur\" \/>\n<meta name=\"twitter:site\" content=\"@mydemenageur\" \/>\n<meta name=\"twitter:label1\" content=\"\u00c9crit par\" \/>\n\t<meta name=\"twitter:data1\" content=\"Mathilde\" \/>\n\t<meta name=\"twitter:label2\" content=\"Dur\u00e9e de lecture estim\u00e9e\" \/>\n\t<meta name=\"twitter:data2\" content=\"7 minutes\" \/>\n<script type=\"application\/ld+json\" class=\"yoast-schema-graph\">{\"@context\":\"https:\/\/schema.org\",\"@graph\":[{\"@type\":\"Article\",\"@id\":\"https:\/\/www.mydemenageur.com\/blog\/location-utilitaire-entre-particuliers\/#article\",\"isPartOf\":{\"@id\":\"https:\/\/www.mydemenageur.com\/blog\/location-utilitaire-entre-particuliers\/\"},\"author\":{\"name\":\"Mathilde\",\"@id\":\"https:\/\/www.mydemenageur.com\/blog\/#\/schema\/person\/4540dc333c2e7dc790f0f7bcd5b99569\"},\"headline\":\"Location d&rsquo;utilitaire entre particuliers 30 \u00e0 40% moins cher\",\"datePublished\":\"2025-03-19T12:49:42+00:00\",\"dateModified\":\"2025-03-19T12:50:01+00:00\",\"mainEntityOfPage\":{\"@id\":\"https:\/\/www.mydemenageur.com\/blog\/location-utilitaire-entre-particuliers\/\"},\"wordCount\":1188,\"commentCount\":0,\"publisher\":{\"@id\":\"https:\/\/www.mydemenageur.com\/blog\/#organization\"},\"image\":{\"@id\":\"https:\/\/www.mydemenageur.com\/blog\/location-utilitaire-entre-particuliers\/#primaryimage\"},\"thumbnailUrl\":\"https:\/\/www.mydemenageur.com\/blog\/wp-content\/uploads\/2014\/10\/jonathan-ocampo-5o_onRjQJ2g-unsplash.jpg\",\"articleSection\":[\"D\u00e9m\u00e9nagement\"],\"inLanguage\":\"fr-FR\",\"potentialAction\":[{\"@type\":\"CommentAction\",\"name\":\"Comment\",\"target\":[\"https:\/\/www.mydemenageur.com\/blog\/location-utilitaire-entre-particuliers\/#respond\"]}]},{\"@type\":\"WebPage\",\"@id\":\"https:\/\/www.mydemenageur.com\/blog\/location-utilitaire-entre-particuliers\/\",\"url\":\"https:\/\/www.mydemenageur.com\/blog\/location-utilitaire-entre-particuliers\/\",\"name\":\"Location d'utilitaire entre particuliers 30 \u00e0 40% moins cher\",\"isPartOf\":{\"@id\":\"https:\/\/www.mydemenageur.com\/blog\/#website\"},\"primaryImageOfPage\":{\"@id\":\"https:\/\/www.mydemenageur.com\/blog\/location-utilitaire-entre-particuliers\/#primaryimage\"},\"image\":{\"@id\":\"https:\/\/www.mydemenageur.com\/blog\/location-utilitaire-entre-particuliers\/#primaryimage\"},\"thumbnailUrl\":\"https:\/\/www.mydemenageur.com\/blog\/wp-content\/uploads\/2014\/10\/jonathan-ocampo-5o_onRjQJ2g-unsplash.jpg\",\"datePublished\":\"2025-03-19T12:49:42+00:00\",\"dateModified\":\"2025-03-19T12:50:01+00:00\",\"description\":\"D\u00e9couvrez les plateformes de location d'utilitaire entre particuliers. Un indispensable de vos futurs d\u00e9m\u00e9nagements. Nos conseils et avis\",\"breadcrumb\":{\"@id\":\"https:\/\/www.mydemenageur.com\/blog\/location-utilitaire-entre-particuliers\/#breadcrumb\"},\"inLanguage\":\"fr-FR\",\"potentialAction\":[{\"@type\":\"ReadAction\",\"target\":[\"https:\/\/www.mydemenageur.com\/blog\/location-utilitaire-entre-particuliers\/\"]}]},{\"@type\":\"ImageObject\",\"inLanguage\":\"fr-FR\",\"@id\":\"https:\/\/www.mydemenageur.com\/blog\/location-utilitaire-entre-particuliers\/#primaryimage\",\"url\":\"https:\/\/www.mydemenageur.com\/blog\/wp-content\/uploads\/2014\/10\/jonathan-ocampo-5o_onRjQJ2g-unsplash.jpg\",\"contentUrl\":\"https:\/\/www.mydemenageur.com\/blog\/wp-content\/uploads\/2014\/10\/jonathan-ocampo-5o_onRjQJ2g-unsplash.jpg\",\"width\":1060,\"height\":1325,\"caption\":\"plateforme de location d\u2019utilitaire\"},{\"@type\":\"BreadcrumbList\",\"@id\":\"https:\/\/www.mydemenageur.com\/blog\/location-utilitaire-entre-particuliers\/#breadcrumb\",\"itemListElement\":[{\"@type\":\"ListItem\",\"position\":1,\"name\":\"Accueil\",\"item\":\"https:\/\/www.mydemenageur.com\/blog\/\"},{\"@type\":\"ListItem\",\"position\":2,\"name\":\"D\u00e9m\u00e9nagement\",\"item\":\"https:\/\/www.mydemenageur.com\/blog\/categorie\/transport\/\"},{\"@type\":\"ListItem\",\"position\":3,\"name\":\"Location d&rsquo;utilitaire entre particuliers 30 \u00e0 40% moins cher\"}]},{\"@type\":\"WebSite\",\"@id\":\"https:\/\/www.mydemenageur.com\/blog\/#website\",\"url\":\"https:\/\/www.mydemenageur.com\/blog\/\",\"name\":\"MyDemenageur\",\"description\":\"Conseils d\u00e9m\u00e9ngement entre particuliers et d\u00e9m\u00e9nagement professionnel\",\"publisher\":{\"@id\":\"https:\/\/www.mydemenageur.com\/blog\/#organization\"},\"potentialAction\":[{\"@type\":\"SearchAction\",\"target\":{\"@type\":\"EntryPoint\",\"urlTemplate\":\"https:\/\/www.mydemenageur.com\/blog\/?s={search_term_string}\"},\"query-input\":{\"@type\":\"PropertyValueSpecification\",\"valueRequired\":true,\"valueName\":\"search_term_string\"}}],\"inLanguage\":\"fr-FR\"},{\"@type\":\"Organization\",\"@id\":\"https:\/\/www.mydemenageur.com\/blog\/#organization\",\"name\":\"MyDemenageur.com\",\"url\":\"https:\/\/www.mydemenageur.com\/blog\/\",\"logo\":{\"@type\":\"ImageObject\",\"inLanguage\":\"fr-FR\",\"@id\":\"https:\/\/www.mydemenageur.com\/blog\/#\/schema\/logo\/image\/\",\"url\":\"https:\/\/www.mydemenageur.com\/blog\/wp-content\/uploads\/2022\/05\/MyDemenageur_Symbol.jpg\",\"contentUrl\":\"https:\/\/www.mydemenageur.com\/blog\/wp-content\/uploads\/2022\/05\/MyDemenageur_Symbol.jpg\",\"width\":878,\"height\":877,\"caption\":\"MyDemenageur.com\"},\"image\":{\"@id\":\"https:\/\/www.mydemenageur.com\/blog\/#\/schema\/logo\/image\/\"},\"sameAs\":[\"https:\/\/www.facebook.com\/mydemenageur\",\"https:\/\/x.com\/mydemenageur\",\"https:\/\/www.pinterest.fr\/mydemenageur\/\"]},{\"@type\":\"Person\",\"@id\":\"https:\/\/www.mydemenageur.com\/blog\/#\/schema\/person\/4540dc333c2e7dc790f0f7bcd5b99569\",\"name\":\"Mathilde\",\"image\":{\"@type\":\"ImageObject\",\"inLanguage\":\"fr-FR\",\"@id\":\"https:\/\/www.mydemenageur.com\/blog\/#\/schema\/person\/image\/\",\"url\":\"https:\/\/secure.gravatar.com\/avatar\/abde069f6f70261ee6ecea93e0437d77?s=96&#038;r=g\",\"contentUrl\":\"https:\/\/secure.gravatar.com\/avatar\/abde069f6f70261ee6ecea93e0437d77?s=96&#038;r=g\",\"caption\":\"Mathilde\"},\"description\":\"L'harmonie des couleurs et des objets m'a toujours fascin\u00e9e, transformant chaque pi\u00e8ce en un lieu unique et agr\u00e9able \u00e0 vivre. Sur MyDemenageur, vous trouverez non seulement des inspirations personnelles, mais aussi des informations r\u00e9centes sur le monde de la d\u00e9coration, les projets de maison, le d\u00e9m\u00e9nagement et les travaux.\",\"url\":\"https:\/\/www.mydemenageur.com\/blog\/author\/mathilde\/\"}]}<\/script>\n<!-- \/ Yoast SEO Premium plugin. -->","yoast_head_json":{"title":"Location d'utilitaire entre particuliers 30 \u00e0 40% moins cher","description":"D\u00e9couvrez les plateformes de location d'utilitaire entre particuliers. Un indispensable de vos futurs d\u00e9m\u00e9nagements. Nos conseils et avis","robots":{"index":"index","follow":"follow","max-snippet":"max-snippet:-1","max-image-preview":"max-image-preview:large","max-video-preview":"max-video-preview:-1"},"canonical":"https:\/\/www.mydemenageur.com\/blog\/location-utilitaire-entre-particuliers\/","og_locale":"fr_FR","og_type":"article","og_title":"Location d'utilitaire entre particuliers 30 \u00e0 40% moins cher","og_description":"D\u00e9couvrez les plateformes de location d'utilitaire entre particuliers. Un indispensable de vos futurs d\u00e9m\u00e9nagements. Nos conseils et avis","og_url":"https:\/\/www.mydemenageur.com\/blog\/location-utilitaire-entre-particuliers\/","og_site_name":"MyDemenageur","article_publisher":"https:\/\/www.facebook.com\/mydemenageur","article_published_time":"2025-03-19T12:49:42+00:00","article_modified_time":"2025-03-19T12:50:01+00:00","og_image":[{"width":1060,"height":1325,"url":"https:\/\/www.mydemenageur.com\/blog\/wp-content\/uploads\/2014\/10\/jonathan-ocampo-5o_onRjQJ2g-unsplash.jpg","type":"image\/jpeg"}],"author":"Mathilde","twitter_card":"summary_large_image","twitter_creator":"@mydemenageur","twitter_site":"@mydemenageur","twitter_misc":{"\u00c9crit par":"Mathilde","Dur\u00e9e de lecture estim\u00e9e":"7 minutes"},"schema":{"@context":"https:\/\/schema.org","@graph":[{"@type":"Article","@id":"https:\/\/www.mydemenageur.com\/blog\/location-utilitaire-entre-particuliers\/#article","isPartOf":{"@id":"https:\/\/www.mydemenageur.com\/blog\/location-utilitaire-entre-particuliers\/"},"author":{"name":"Mathilde","@id":"https:\/\/www.mydemenageur.com\/blog\/#\/schema\/person\/4540dc333c2e7dc790f0f7bcd5b99569"},"headline":"Location d&rsquo;utilitaire entre particuliers 30 \u00e0 40% moins cher","datePublished":"2025-03-19T12:49:42+00:00","dateModified":"2025-03-19T12:50:01+00:00","mainEntityOfPage":{"@id":"https:\/\/www.mydemenageur.com\/blog\/location-utilitaire-entre-particuliers\/"},"wordCount":1188,"commentCount":0,"publisher":{"@id":"https:\/\/www.mydemenageur.com\/blog\/#organization"},"image":{"@id":"https:\/\/www.mydemenageur.com\/blog\/location-utilitaire-entre-particuliers\/#primaryimage"},"thumbnailUrl":"https:\/\/www.mydemenageur.com\/blog\/wp-content\/uploads\/2014\/10\/jonathan-ocampo-5o_onRjQJ2g-unsplash.jpg","articleSection":["D\u00e9m\u00e9nagement"],"inLanguage":"fr-FR","potentialAction":[{"@type":"CommentAction","name":"Comment","target":["https:\/\/www.mydemenageur.com\/blog\/location-utilitaire-entre-particuliers\/#respond"]}]},{"@type":"WebPage","@id":"https:\/\/www.mydemenageur.com\/blog\/location-utilitaire-entre-particuliers\/","url":"https:\/\/www.mydemenageur.com\/blog\/location-utilitaire-entre-particuliers\/","name":"Location d'utilitaire entre particuliers 30 \u00e0 40% moins cher","isPartOf":{"@id":"https:\/\/www.mydemenageur.com\/blog\/#website"},"primaryImageOfPage":{"@id":"https:\/\/www.mydemenageur.com\/blog\/location-utilitaire-entre-particuliers\/#primaryimage"},"image":{"@id":"https:\/\/www.mydemenageur.com\/blog\/location-utilitaire-entre-particuliers\/#primaryimage"},"thumbnailUrl":"https:\/\/www.mydemenageur.com\/blog\/wp-content\/uploads\/2014\/10\/jonathan-ocampo-5o_onRjQJ2g-unsplash.jpg","datePublished":"2025-03-19T12:49:42+00:00","dateModified":"2025-03-19T12:50:01+00:00","description":"D\u00e9couvrez les plateformes de location d'utilitaire entre particuliers. Un indispensable de vos futurs d\u00e9m\u00e9nagements. Nos conseils et avis","breadcrumb":{"@id":"https:\/\/www.mydemenageur.com\/blog\/location-utilitaire-entre-particuliers\/#breadcrumb"},"inLanguage":"fr-FR","potentialAction":[{"@type":"ReadAction","target":["https:\/\/www.mydemenageur.com\/blog\/location-utilitaire-entre-particuliers\/"]}]},{"@type":"ImageObject","inLanguage":"fr-FR","@id":"https:\/\/www.mydemenageur.com\/blog\/location-utilitaire-entre-particuliers\/#primaryimage","url":"https:\/\/www.mydemenageur.com\/blog\/wp-content\/uploads\/2014\/10\/jonathan-ocampo-5o_onRjQJ2g-unsplash.jpg","contentUrl":"https:\/\/www.mydemenageur.com\/blog\/wp-content\/uploads\/2014\/10\/jonathan-ocampo-5o_onRjQJ2g-unsplash.jpg","width":1060,"height":1325,"caption":"plateforme de location d\u2019utilitaire"},{"@type":"BreadcrumbList","@id":"https:\/\/www.mydemenageur.com\/blog\/location-utilitaire-entre-particuliers\/#breadcrumb","itemListElement":[{"@type":"ListItem","position":1,"name":"Accueil","item":"https:\/\/www.mydemenageur.com\/blog\/"},{"@type":"ListItem","position":2,"name":"D\u00e9m\u00e9nagement","item":"https:\/\/www.mydemenageur.com\/blog\/categorie\/transport\/"},{"@type":"ListItem","position":3,"name":"Location d&rsquo;utilitaire entre particuliers 30 \u00e0 40% moins cher"}]},{"@type":"WebSite","@id":"https:\/\/www.mydemenageur.com\/blog\/#website","url":"https:\/\/www.mydemenageur.com\/blog\/","name":"MyDemenageur","description":"Conseils d\u00e9m\u00e9ngement entre particuliers et d\u00e9m\u00e9nagement professionnel","publisher":{"@id":"https:\/\/www.mydemenageur.com\/blog\/#organization"},"potentialAction":[{"@type":"SearchAction","target":{"@type":"EntryPoint","urlTemplate":"https:\/\/www.mydemenageur.com\/blog\/?s={search_term_string}"},"query-input":{"@type":"PropertyValueSpecification","valueRequired":true,"valueName":"search_term_string"}}],"inLanguage":"fr-FR"},{"@type":"Organization","@id":"https:\/\/www.mydemenageur.com\/blog\/#organization","name":"MyDemenageur.com","url":"https:\/\/www.mydemenageur.com\/blog\/","logo":{"@type":"ImageObject","inLanguage":"fr-FR","@id":"https:\/\/www.mydemenageur.com\/blog\/#\/schema\/logo\/image\/","url":"https:\/\/www.mydemenageur.com\/blog\/wp-content\/uploads\/2022\/05\/MyDemenageur_Symbol.jpg","contentUrl":"https:\/\/www.mydemenageur.com\/blog\/wp-content\/uploads\/2022\/05\/MyDemenageur_Symbol.jpg","width":878,"height":877,"caption":"MyDemenageur.com"},"image":{"@id":"https:\/\/www.mydemenageur.com\/blog\/#\/schema\/logo\/image\/"},"sameAs":["https:\/\/www.facebook.com\/mydemenageur","https:\/\/x.com\/mydemenageur","https:\/\/www.pinterest.fr\/mydemenageur\/"]},{"@type":"Person","@id":"https:\/\/www.mydemenageur.com\/blog\/#\/schema\/person\/4540dc333c2e7dc790f0f7bcd5b99569","name":"Mathilde","image":{"@type":"ImageObject","inLanguage":"fr-FR","@id":"https:\/\/www.mydemenageur.com\/blog\/#\/schema\/person\/image\/","url":"https:\/\/secure.gravatar.com\/avatar\/abde069f6f70261ee6ecea93e0437d77?s=96&#038;r=g","contentUrl":"https:\/\/secure.gravatar.com\/avatar\/abde069f6f70261ee6ecea93e0437d77?s=96&#038;r=g","caption":"Mathilde"},"description":"L'harmonie des couleurs et des objets m'a toujours fascin\u00e9e, transformant chaque pi\u00e8ce en un lieu unique et agr\u00e9able \u00e0 vivre. Sur MyDemenageur, vous trouverez non seulement des inspirations personnelles, mais aussi des informations r\u00e9centes sur le monde de la d\u00e9coration, les projets de maison, le d\u00e9m\u00e9nagement et les travaux.","url":"https:\/\/www.mydemenageur.com\/blog\/author\/mathilde\/"}]}},"modified_by":"MyDemenageur","_links":{"self":[{"href":"https:\/\/www.mydemenageur.com\/blog\/wp-json\/wp\/v2\/posts\/241"}],"collection":[{"href":"https:\/\/www.mydemenageur.com\/blog\/wp-json\/wp\/v2\/posts"}],"about":[{"href":"https:\/\/www.mydemenageur.com\/blog\/wp-json\/wp\/v2\/types\/post"}],"author":[{"embeddable":true,"href":"https:\/\/www.mydemenageur.com\/blog\/wp-json\/wp\/v2\/users\/11"}],"replies":[{"embeddable":true,"href":"https:\/\/www.mydemenageur.com\/blog\/wp-json\/wp\/v2\/comments?post=241"}],"version-history":[{"count":0,"href":"https:\/\/www.mydemenageur.com\/blog\/wp-json\/wp\/v2\/posts\/241\/revisions"}],"wp:featuredmedia":[{"embeddable":true,"href":"https:\/\/www.mydemenageur.com\/blog\/wp-json\/wp\/v2\/media\/27513"}],"wp:attachment":[{"href":"https:\/\/www.mydemenageur.com\/blog\/wp-json\/wp\/v2\/media?parent=241"}],"wp:term":[{"taxonomy":"category","embeddable":true,"href":"https:\/\/www.mydemenageur.com\/blog\/wp-json\/wp\/v2\/categories?post=241"},{"taxonomy":"post_tag","embeddable":true,"href":"https:\/\/www.mydemenageur.com\/blog\/wp-json\/wp\/v2\/tags?post=241"}],"curies":[{"name":"wp","href":"https:\/\/api.w.org\/{rel}","templated":true}]}}