{"id":24317,"date":"2021-12-11T10:10:17","date_gmt":"2021-12-11T10:10:17","guid":{"rendered":"https:\/\/www.mydemenageur.com\/blog\/?p=24317"},"modified":"2024-09-14T15:23:08","modified_gmt":"2024-09-14T15:23:08","slug":"tout-savoir-sur-le-demenagement-des-fonctionnaires","status":"publish","type":"post","link":"https:\/\/www.mydemenageur.com\/blog\/tout-savoir-sur-le-demenagement-des-fonctionnaires\/","title":{"rendered":"Tout savoir sur le d\u00e9m\u00e9nagement des fonctionnaires ?"},"content":{"rendered":"<p>Le d\u00e9m\u00e9nagement est un projet qui n\u00e9cessite une bonne pr\u00e9paration pour sa r\u00e9ussite. Que vous soyez un particulier, un salari\u00e9 ou une entreprise, il existe de nombreuses d\u00e9marches \u00e0 effectuer avant et apr\u00e8s le d\u00e9m\u00e9nagement. Pour changer de locaux, vous aurez \u00e9galement \u00e0 faire appel \u00e0 des prestataires de services professionnels (d\u00e9m\u00e9nageurs) ou particuliers (amis, proches, gros bras). Tout cela requiert un budget qu&rsquo;il convient aussi de pr\u00e9voir. Toutefois, <a href=\"https:\/\/www.mydemenageur.com\/blog\/demarches-autorisations\/\">les fonctionnaires<\/a> peuvent b\u00e9n\u00e9ficier, dans certaines conditions, d&rsquo;une aide de la part de l&rsquo;\u00c9tat pour leur d\u00e9m\u00e9nagement. D\u00e9couvrez alors d&rsquo;importantes informations sur le d\u00e9m\u00e9nagement des fonctionnaires.<\/p>\n<p><img decoding=\"async\" class=\"aligncenter size-full wp-image-24320\" src=\"https:\/\/www.mydemenageur.com\/blog\/wp-content\/uploads\/2021\/12\/pierre-jarry-vNEyBKD6Exg-unsplash.jpg\" alt=\"Mairie de l'\u00cele de R\u00e9, France\" width=\"2000\" height=\"1333\" srcset=\"https:\/\/www.mydemenageur.com\/blog\/wp-content\/uploads\/2021\/12\/pierre-jarry-vNEyBKD6Exg-unsplash.jpg 2000w, https:\/\/www.mydemenageur.com\/blog\/wp-content\/uploads\/2021\/12\/pierre-jarry-vNEyBKD6Exg-unsplash-300x200.jpg 300w, https:\/\/www.mydemenageur.com\/blog\/wp-content\/uploads\/2021\/12\/pierre-jarry-vNEyBKD6Exg-unsplash-1024x682.jpg 1024w, https:\/\/www.mydemenageur.com\/blog\/wp-content\/uploads\/2021\/12\/pierre-jarry-vNEyBKD6Exg-unsplash-768x512.jpg 768w, https:\/\/www.mydemenageur.com\/blog\/wp-content\/uploads\/2021\/12\/pierre-jarry-vNEyBKD6Exg-unsplash-1536x1024.jpg 1536w\" sizes=\"(max-width: 2000px) 100vw, 2000px\" \/><\/p>\n<div id=\"ez-toc-container\" class=\"ez-toc-v2_0_82_2 counter-hierarchy ez-toc-counter ez-toc-custom ez-toc-container-direction\">\n<div class=\"ez-toc-title-container\">\n<p class=\"ez-toc-title\" style=\"cursor:inherit\">Ce que vous allez apprendre<\/p>\n<span class=\"ez-toc-title-toggle\"><\/span><\/div>\n<nav><ul class='ez-toc-list ez-toc-list-level-1 ' ><li class='ez-toc-page-1 ez-toc-heading-level-2'><a class=\"ez-toc-link ez-toc-heading-1\" href=\"https:\/\/www.mydemenageur.com\/blog\/tout-savoir-sur-le-demenagement-des-fonctionnaires\/#laide-au-demenagement-des-fonctionnaires\" >L&rsquo;aide au d\u00e9m\u00e9nagement des fonctionnaires<\/a><ul class='ez-toc-list-level-3' ><li class='ez-toc-heading-level-3'><a class=\"ez-toc-link ez-toc-heading-2\" href=\"https:\/\/www.mydemenageur.com\/blog\/tout-savoir-sur-le-demenagement-des-fonctionnaires\/#les-conditions-requises-pour-beneficier-de-la-prime\" >Les conditions requises pour b\u00e9n\u00e9ficier de la prime<\/a><\/li><li class='ez-toc-page-1 ez-toc-heading-level-3'><a class=\"ez-toc-link ez-toc-heading-3\" href=\"https:\/\/www.mydemenageur.com\/blog\/tout-savoir-sur-le-demenagement-des-fonctionnaires\/#la-determination-de-la-prime\" >La d\u00e9termination de la prime<\/a><\/li><\/ul><\/li><li class='ez-toc-page-1 ez-toc-heading-level-2'><a class=\"ez-toc-link ez-toc-heading-4\" href=\"https:\/\/www.mydemenageur.com\/blog\/tout-savoir-sur-le-demenagement-des-fonctionnaires\/#dautres-avantages-du-demenagement-des-fonctionnaires\" >D&rsquo;autres avantages du d\u00e9m\u00e9nagement des fonctionnaires<\/a><ul class='ez-toc-list-level-3' ><li class='ez-toc-heading-level-3'><a class=\"ez-toc-link ez-toc-heading-5\" href=\"https:\/\/www.mydemenageur.com\/blog\/tout-savoir-sur-le-demenagement-des-fonctionnaires\/#les-particularites-des-fonctionnaires-de-lenseignement-public\" >Les particularit\u00e9s des fonctionnaires de l&rsquo;enseignement public<\/a><\/li><li class='ez-toc-page-1 ez-toc-heading-level-3'><a class=\"ez-toc-link ez-toc-heading-6\" href=\"https:\/\/www.mydemenageur.com\/blog\/tout-savoir-sur-le-demenagement-des-fonctionnaires\/#lindemnite-temporaire-de-mobilite\" >L&rsquo;indemnit\u00e9 temporaire de mobilit\u00e9<\/a><\/li><li class='ez-toc-page-1 ez-toc-heading-level-3'><a class=\"ez-toc-link ez-toc-heading-7\" href=\"https:\/\/www.mydemenageur.com\/blog\/tout-savoir-sur-le-demenagement-des-fonctionnaires\/#les-autres-primes-possibles\" >Les autres primes possibles<\/a><\/li><\/ul><\/li><li class='ez-toc-page-1 ez-toc-heading-level-2'><a class=\"ez-toc-link ez-toc-heading-8\" href=\"https:\/\/www.mydemenageur.com\/blog\/tout-savoir-sur-le-demenagement-des-fonctionnaires\/#comment-se-faire-le-demenagement-des-fonctionnaires%e2%80%89\" >Comment se faire le d\u00e9m\u00e9nagement des fonctionnaires\u2009?<\/a><ul class='ez-toc-list-level-3' ><li class='ez-toc-heading-level-3'><a class=\"ez-toc-link ez-toc-heading-9\" href=\"https:\/\/www.mydemenageur.com\/blog\/tout-savoir-sur-le-demenagement-des-fonctionnaires\/#le-choix-du-demenageur\" >Le choix du d\u00e9m\u00e9nageur<\/a><\/li><li class='ez-toc-page-1 ez-toc-heading-level-3'><a class=\"ez-toc-link ez-toc-heading-10\" href=\"https:\/\/www.mydemenageur.com\/blog\/tout-savoir-sur-le-demenagement-des-fonctionnaires\/#comment-organiser-son-demenagement%e2%80%89\" >Comment organiser son d\u00e9m\u00e9nagement\u2009?<\/a><\/li><li class='ez-toc-page-1 ez-toc-heading-level-3'><a class=\"ez-toc-link ez-toc-heading-11\" href=\"https:\/\/www.mydemenageur.com\/blog\/tout-savoir-sur-le-demenagement-des-fonctionnaires\/#quelques-conseils-pour-un-demenagement-reussi\" >Quelques conseils pour un d\u00e9m\u00e9nagement r\u00e9ussi<\/a><\/li><\/ul><\/li><\/ul><\/nav><\/div>\n<h2><span class=\"ez-toc-section\" id=\"laide-au-demenagement-des-fonctionnaires\"><\/span>L&rsquo;aide au d\u00e9m\u00e9nagement des fonctionnaires<span class=\"ez-toc-section-end\"><\/span><\/h2>\n<p>Pour les d\u00e9m\u00e9nagements des fonctionnaires et agents contractuels, une aide est souvent accord\u00e9e par l&rsquo;\u00c9tat. Cette derni\u00e8re, accord\u00e9e comme frais de changement de r\u00e9sidence, est attribu\u00e9e dans un cadre administratif.<\/p>\n<p>L&rsquo;aide au d\u00e9m\u00e9nagement des fonctionnaires est d\u00e9termin\u00e9e en fonction de plusieurs param\u00e8tres. Son obtention requiert \u00e9galement le respect de certaines conditions essentielles ainsi que la mise \u00e0 disposition de quelques actes administratifs.<\/p>\n<h3><span class=\"ez-toc-section\" id=\"les-conditions-requises-pour-beneficier-de-la-prime\"><\/span>Les conditions requises pour b\u00e9n\u00e9ficier de la prime<span class=\"ez-toc-section-end\"><\/span><\/h3>\n<p>Si le d\u00e9m\u00e9nageur d\u00e9cide par lui-m\u00eame de changer d&rsquo;adresse, il doit fournir une preuve d&rsquo;occupation d&rsquo;au moins cinq ans de son ancien logement. Dans le cas d&rsquo;une mutation, le pr\u00e9sent d\u00e9lai peut \u00eatre limit\u00e9 \u00e0 trois ans. Pour la demande de la prime, un d\u00e9lai de trois mois minimum avant le d\u00e9m\u00e9nagement ou d&rsquo;un an apr\u00e8s la mutation est \u00e0 respecter.<\/p>\n<p>Aussi, pour b\u00e9n\u00e9ficier de l&rsquo;aide, le fonctionnaire doit \u00eatre en activit\u00e9. Les retrait\u00e9s de la Caisse de Retraite des Agents des Collectivit\u00e9s Locales sont aussi autoris\u00e9s. Ce n&rsquo;est n\u00e9anmoins pas le cas des agents en disponibilit\u00e9. Ceux-ci ne b\u00e9n\u00e9ficient pas de l&rsquo;aide au d\u00e9m\u00e9nagement qui assure le changement d&rsquo;adresse du fonctionnaire et de sa famille.<\/p>\n<h3><span class=\"ez-toc-section\" id=\"la-determination-de-la-prime\"><\/span>La d\u00e9termination de la prime<span class=\"ez-toc-section-end\"><\/span><\/h3>\n<p>Le volume forfaitaire de la prime au d\u00e9chargement se calcule de diverses mani\u00e8res. 14 m\u00e8tres cubes sont consid\u00e9r\u00e9s pour une personne c\u00e9libataire et 22 m\u00e8tres cubes pour un couple mari\u00e9 ou en concubinage. Chaque enfant a aussi droit \u00e0 3,5 m\u00e8tres cubes. Si le VD (volume d\u00e9m\u00e9nag\u00e9 multipli\u00e9 par la distance la plus courte entre les deux r\u00e9sidences) est :<\/p>\n<ul>\n<li>Inf\u00e9rieur ou \u00e9gal \u00e0 5\u2009000 alors l&rsquo;indemnit\u00e9 est de 568,94 euros + (0,18 x VD)\u2009;<\/li>\n<li>Sup\u00e9rieur \u00e0 5\u2009000, l&rsquo;indemnit\u00e9 est de 1\u2009137,88 euros + (0,07 x VD).<\/li>\n<\/ul>\n<p>Dans certains cas, l&rsquo;indemnit\u00e9 forfaitaire peut \u00eatre augment\u00e9e ou diminu\u00e9e de 20 %. Il y a majoration en cas de mutation, de nomination \u00e0 un emploi \u00e0 \u00e9chelon sup\u00e9rieur ou de promotion interne. La prime est \u00e9galement major\u00e9e en cas de r\u00e9int\u00e9gration apr\u00e8s un cong\u00e9 de longue maladie ou lorsque le changement d&rsquo;affectation ne vient pas de la demande du fonctionnaire.<\/p>\n<p>Dans le cas contraire, si le fonctionnaire a demand\u00e9 lui-m\u00eame la mutation ou le changement d&rsquo;affectation, l&rsquo;indemnit\u00e9 est r\u00e9duite. Il en est de m\u00eame pour une r\u00e9int\u00e9gration apr\u00e8s un cong\u00e9 parental ou un d\u00e9tachement \u00e0 l&rsquo;issue d&rsquo;une d\u00e9saffection (les stages sont exclus de cette condition). Enfin, lorsque le fonctionnaire requiert un changement de domicile pour des raisons non sanitaires, la prime est \u00e9galement minor\u00e9e.<\/p>\n<h2><span class=\"ez-toc-section\" id=\"dautres-avantages-du-demenagement-des-fonctionnaires\"><\/span>D&rsquo;autres avantages du d\u00e9m\u00e9nagement des fonctionnaires<span class=\"ez-toc-section-end\"><\/span><\/h2>\n<p>Il existe en r\u00e9alit\u00e9 diff\u00e9rents types d&rsquo;aides au d\u00e9m\u00e9nagement pour les agents de l&rsquo;\u00c9tat. Ces derniers sont r\u00e9gis par des r\u00e9glementations sp\u00e9cifiques que vous pouvez consulter aupr\u00e8s du service des ressources humaines de votre direction. Les fonctionnaires peuvent \u00e9galement se renseigner sur le site officiel de l&rsquo;administration fran\u00e7aise.<\/p>\n<h3><span class=\"ez-toc-section\" id=\"les-particularites-des-fonctionnaires-de-lenseignement-public\"><\/span>Les particularit\u00e9s des fonctionnaires de l&rsquo;enseignement public<span class=\"ez-toc-section-end\"><\/span><\/h3>\n<p>Il existe une indemnit\u00e9 de d\u00e9m\u00e9nagement de l&rsquo;enseignement en France. Cette derni\u00e8re est compos\u00e9e d&rsquo;une part fixe qui couvre le transport du mobilier et d&rsquo;un forfait variable pour d\u00e9dommager le fonctionnaire des frais inh\u00e9rents aux charges du d\u00e9m\u00e9nagement. Pour b\u00e9n\u00e9ficier de cette aide, l&rsquo;enseignant doit adresser une demande d&rsquo;indemnit\u00e9 de d\u00e9m\u00e9nagement sp\u00e9cifique \u00e0 l&rsquo;acad\u00e9mie dont rel\u00e8ve sa nouvelle destination de travail.<\/p>\n<p>La demande d&rsquo;indemnit\u00e9 doit \u00eatre adress\u00e9e neuf mois au plus t\u00f4t avant la prise de poste. Pour avoir gain de cause, il existe quelques conditions \u00e0 respecter. Il faudrait en effet d\u00e9m\u00e9nager pour une r\u00e9sidence principale en compagnie de sa conjointe et de ses enfants. Aussi, il est important d&rsquo;avoir au minimum trois ans d&rsquo;anciennet\u00e9 s&rsquo;il s&rsquo;agit d&rsquo;une premi\u00e8re mutation. Sinon, il faudra attendre cinq ans dans les autres cas.<\/p>\n<h3><span class=\"ez-toc-section\" id=\"lindemnite-temporaire-de-mobilite\"><\/span>L&rsquo;indemnit\u00e9 temporaire de mobilit\u00e9<span class=\"ez-toc-section-end\"><\/span><\/h3>\n<p>Dans l&rsquo;administration, il est possible d&rsquo;obtenir une indemnit\u00e9 temporaire de mobilit\u00e9. La circulaire fixant les conditions sp\u00e9cifiques d&rsquo;attribution de cette derni\u00e8re maintient le montant maximum \u00e0 obtenir \u00e0 10\u2009000 euros. L&rsquo;indemnit\u00e9 temporaire de mobilit\u00e9 s&rsquo;obtient \u00e0 condition que le fonctionnaire remplisse certaines formalit\u00e9s essentielles.<\/p>\n<p>Il faudrait que sa mobilit\u00e9 soit r\u00e9elle et r\u00e9sulte d&rsquo;une difficult\u00e9 de recrutement particuli\u00e8re. L&rsquo;indemnit\u00e9 temporaire de mobilit\u00e9 est g\u00e9n\u00e9ralement vers\u00e9e au fonctionnaire par tranches sur une p\u00e9riode pr\u00e9vue initialement.<\/p>\n<h3><span class=\"ez-toc-section\" id=\"les-autres-primes-possibles\"><\/span>Les autres primes possibles<span class=\"ez-toc-section-end\"><\/span><\/h3>\n<p>Dans certains cas, le fonctionnaire peut recevoir une indemnit\u00e9 de d\u00e9part volontaire ou une prime de restructuration de service pour un d\u00e9m\u00e9nagement. Une indemnit\u00e9 compl\u00e9mentaire en cas d&rsquo;op\u00e9ration de restructuration peut \u00eatre \u00e9galement octroy\u00e9e. Les services publics sont tenus d&rsquo;aviser les agents sur les possibilit\u00e9s disponibles.<\/p>\n<p>Il existe aussi une indemnit\u00e9 pour frais de changement de r\u00e9sidence (IRC) qui est accessible aux fonctionnaires et agents contractuels de l&rsquo;\u00c9tat. Cette derni\u00e8re sert \u00e0 couvrir les frais de transport du fonctionnaire et de sa famille vers leur nouvelle r\u00e9sidence ainsi que l&rsquo;acheminement des bagages.<\/p>\n<p>Le poids des bagages est fix\u00e9 \u00e0 0,6 tonne pour le fonctionnaire\u2009; 0,4 tonne pour le conjoint et 0,2 tonne pour chaque enfant \u00e0 charge. Pour b\u00e9n\u00e9ficier de cette indemnit\u00e9 forfaitaire de d\u00e9m\u00e9nagement, il faudrait que l&rsquo;agent change de r\u00e9sidence pour occuper un poste vacant ou subisse une mutation.<\/p>\n<p>Il en est de m\u00eame lorsque le fonctionnaire reprend son poste apr\u00e8s un cong\u00e9 ou une formation. Toutefois, pour un d\u00e9m\u00e9nagement de couple de fonctionnaires, l&rsquo;indemnit\u00e9 financi\u00e8re n&rsquo;est vers\u00e9e qu&rsquo;\u00e0 l&rsquo;un des conjoints.<\/p>\n<h2><span class=\"ez-toc-section\" id=\"comment-se-faire-le-demenagement-des-fonctionnaires%e2%80%89\"><\/span>Comment se faire le d\u00e9m\u00e9nagement des fonctionnaires\u2009?<span class=\"ez-toc-section-end\"><\/span><\/h2>\n<p>Quelle que soit l&rsquo;administration dans laquelle ils travaillent, les fonctionnaires peuvent b\u00e9n\u00e9ficier de certaines aides financi\u00e8res en cas de changement de domicile. Bien que les primes et indemnit\u00e9s pour mobilit\u00e9 professionnelle serviront \u00e0 couvrir une grande partie des frais de d\u00e9m\u00e9nagement, il est important de s&rsquo;assurer de la bonne tenue de l&rsquo;op\u00e9ration.<\/p>\n<p>Cela aiderait \u00e0 r\u00e9duire au maximum les frais de d\u00e9m\u00e9nagement. Il faudrait n\u00e9anmoins se m\u00e9fier des tarifs au rabais et confier son projet \u00e0 des professionnels s\u00e9rieux. Autrement, vous pouvez effectuer un d\u00e9m\u00e9nagement entre particuliers en recherchant des \u00ab\u2009gros bras\u2009\u00bb qui disposent d&rsquo;une certaine exp\u00e9rience dans le domaine.<\/p>\n<p><iframe title=\"YouTube video player\" src=\"https:\/\/www.youtube.com\/embed\/gG0lEkOPl-A\" width=\"560\" height=\"315\" frameborder=\"0\" allowfullscreen=\"allowfullscreen\"><\/iframe><\/p>\n<h3><span class=\"ez-toc-section\" id=\"le-choix-du-demenageur\"><\/span>Le choix du d\u00e9m\u00e9nageur<span class=\"ez-toc-section-end\"><\/span><\/h3>\n<p>Le d\u00e9m\u00e9nagement est un ensemble de t\u00e2ches tout aussi importantes et n\u00e9cessitant le choix de personnes qualifi\u00e9es et s\u00e9rieuses pour obtenir la finalit\u00e9 d\u00e9sir\u00e9e. Les fonctionnaires \u00e9tant souvent appel\u00e9s \u00e0 d\u00e9m\u00e9nager au cours de leur carri\u00e8re, il leur est important d&rsquo;\u00eatre entour\u00e9s de toutes les garanties.<\/p>\n<p>Ils doivent \u00e9viter les d\u00e9m\u00e9nageurs qui b\u00e2clent le travail pour ne pas avoir \u00e0 g\u00e9rer des situations de mobiliers cass\u00e9s, d&rsquo;objets perdus, de retards et de non-remboursement. Les fonctionnaires peuvent profiter de leurs primes et indemnit\u00e9s pour s\u00e9lectionner un service de haute qualit\u00e9 m\u00eame si ce dernier semble plus on\u00e9reux.<\/p>\n<p>L&rsquo;une des meilleures solutions pour trouver un d\u00e9m\u00e9nageur professionnel consiste \u00e0 recourir \u00e0 un comparateur en ligne. Ainsi, vous pourrez recevoir plusieurs devis gratuits et sans engagement afin d&rsquo;analyser les rapports qualit\u00e9-prix. L&rsquo;option des comparateurs en ligne permet aussi de lister les entreprises locales disponibles pour r\u00e9aliser cette t\u00e2che. Vous pourrez \u00e9galement consulter les avis des clients pour faire un meilleur choix.<\/p>\n<h3><span class=\"ez-toc-section\" id=\"comment-organiser-son-demenagement%e2%80%89\"><\/span>Comment organiser son d\u00e9m\u00e9nagement\u2009?<span class=\"ez-toc-section-end\"><\/span><\/h3>\n<p>Un d\u00e9m\u00e9nagement dans une r\u00e9gion est une d\u00e9cision qui ne s&rsquo;improvise pas. Vous pouvez contacter une entreprise sp\u00e9cialis\u00e9e pour aller plus vite. Un budget cons\u00e9quent est aussi \u00e0 pr\u00e9voir pour la mise en \u0153uvre du projet. Le prix varie essentiellement en fonction du volume, mais inclut \u00e9galement les frais d&rsquo;assurances et de d\u00e9barquement. Quelques recommandations sont \u00e0 suivre pour un d\u00e9m\u00e9nagement efficace.<\/p>\n<p>Vous devez aussi prendre d&rsquo;importantes mesures de s\u00e9curit\u00e9 et mettre si possible des dispositifs d&rsquo;alarme. Le plus important pour r\u00e9ussir un d\u00e9m\u00e9nagement est de bien s&rsquo;organiser en planifiant les actions. Il existe \u00e0 cet effet de nombreuses possibilit\u00e9s qui vous simplifient la t\u00e2che.<\/p>\n<h3><span class=\"ez-toc-section\" id=\"quelques-conseils-pour-un-demenagement-reussi\"><\/span>Quelques conseils pour un d\u00e9m\u00e9nagement r\u00e9ussi<span class=\"ez-toc-section-end\"><\/span><\/h3>\n<p>Si le fonctionnaire d\u00e9sire d\u00e9m\u00e9nager par ses propres moyens (sans faire appel \u00e0 une entreprise sp\u00e9cialis\u00e9e), il doit se fournir en cartons. Ces derniers peuvent \u00eatre sollicit\u00e9s aupr\u00e8s des supermarch\u00e9s, des associations de protection de l&rsquo;environnement et de certains amis ou proches. Que ce soit un d\u00e9m\u00e9nagement entre particuliers ou avec une structure accr\u00e9dit\u00e9e, il est important d&rsquo;\u00e9viter les p\u00e9riodes charg\u00e9es.<\/p>\n<p>Les prix sont plus chers entre mai et septembre, mais aussi pendant les week-ends. Le fonctionnaire peut alors solliciter deux ou trois jours de cong\u00e9 pour faire son d\u00e9m\u00e9nagement en semaine afin de baisser les co\u00fbts. Il doit aussi pr\u00e9parer les cartons en amont et les classer par cat\u00e9gories pour avoir moins de difficult\u00e9s au moment du d\u00e9ballage. Le travail \u00e0 la cha\u00eene est une bonne m\u00e9thode qui limite les risques de fatigue.<\/p>\n<p>Toutefois, les d\u00e9m\u00e9nageurs doivent prendre des pauses quand le besoin se fait ressentir. Pour le stockage avant l&rsquo;am\u00e9nagement dans les nouveaux locaux, vous pouvez demander \u00e0 vos proches si quelqu&rsquo;un a un espace disponible. Autrement, il existe certains sites qui permettent la location de garde-meubles et d&rsquo;autres qui servent \u00e0 trouver des particuliers pr\u00eats \u00e0 aider.<\/p>\n<p>Toujours sur le web, vous trouverez des plateformes collaboratives qui pourraient vous aider \u00e0 trouver un voisin ayant un camion. Faire le vide et g\u00e9rer la paperasse vous permettront de r\u00e9duire le volume \u00e0 d\u00e9m\u00e9nager ainsi que le prix du d\u00e9m\u00e9nagement.<\/p>\n","protected":false},"excerpt":{"rendered":"<p>Le d\u00e9m\u00e9nagement est un projet qui n\u00e9cessite une bonne pr\u00e9paration pour sa r\u00e9ussite. Que vous soyez un particulier, un salari\u00e9<\/p>\n","protected":false},"author":11,"featured_media":24319,"comment_status":"closed","ping_status":"closed","sticky":false,"template":"","format":"standard","meta":{"_lmt_disableupdate":"no","_lmt_disable":"no","footnotes":""},"categories":[105],"tags":[],"yoast_head":"<!-- This site is optimized with the Yoast SEO Premium plugin v24.2 (Yoast SEO v24.5) - https:\/\/yoast.com\/wordpress\/plugins\/seo\/ -->\n<title>Tout savoir sur le d\u00e9m\u00e9nagement des fonctionnaires ?<\/title>\n<meta name=\"description\" content=\"Voici notre guide complet sur le d\u00e9m\u00e9nagement des fonctionnaires, ce que vous devez pr\u00e9voir pour votre mutation.\" \/>\n<meta name=\"robots\" content=\"index, follow, max-snippet:-1, max-image-preview:large, max-video-preview:-1\" \/>\n<link rel=\"canonical\" href=\"https:\/\/www.mydemenageur.com\/blog\/tout-savoir-sur-le-demenagement-des-fonctionnaires\/\" \/>\n<meta property=\"og:locale\" content=\"fr_FR\" \/>\n<meta property=\"og:type\" content=\"article\" \/>\n<meta property=\"og:title\" content=\"Tout savoir sur le d\u00e9m\u00e9nagement des fonctionnaires ?\" \/>\n<meta property=\"og:description\" content=\"Voici notre guide complet sur le d\u00e9m\u00e9nagement des fonctionnaires, ce que vous devez pr\u00e9voir pour votre mutation.\" \/>\n<meta property=\"og:url\" content=\"https:\/\/www.mydemenageur.com\/blog\/tout-savoir-sur-le-demenagement-des-fonctionnaires\/\" \/>\n<meta property=\"og:site_name\" content=\"MyDemenageur\" \/>\n<meta property=\"article:publisher\" content=\"https:\/\/www.facebook.com\/mydemenageur\" \/>\n<meta property=\"article:published_time\" content=\"2021-12-11T10:10:17+00:00\" \/>\n<meta property=\"article:modified_time\" content=\"2024-09-14T15:23:08+00:00\" \/>\n<meta property=\"og:image\" content=\"https:\/\/www.mydemenageur.com\/blog\/wp-content\/uploads\/2021\/12\/tangi-bertin-6me6sOhHF1U-unsplash.jpg\" \/>\n\t<meta property=\"og:image:width\" content=\"2500\" \/>\n\t<meta property=\"og:image:height\" content=\"1322\" \/>\n\t<meta property=\"og:image:type\" content=\"image\/jpeg\" \/>\n<meta name=\"author\" content=\"Mathilde\" \/>\n<meta name=\"twitter:card\" content=\"summary_large_image\" \/>\n<meta name=\"twitter:creator\" content=\"@mydemenageur\" \/>\n<meta name=\"twitter:site\" content=\"@mydemenageur\" \/>\n<meta name=\"twitter:label1\" content=\"\u00c9crit par\" \/>\n\t<meta name=\"twitter:data1\" content=\"Mathilde\" \/>\n\t<meta name=\"twitter:label2\" content=\"Dur\u00e9e de lecture estim\u00e9e\" \/>\n\t<meta name=\"twitter:data2\" content=\"9 minutes\" \/>\n<script type=\"application\/ld+json\" class=\"yoast-schema-graph\">{\"@context\":\"https:\/\/schema.org\",\"@graph\":[{\"@type\":\"Article\",\"@id\":\"https:\/\/www.mydemenageur.com\/blog\/tout-savoir-sur-le-demenagement-des-fonctionnaires\/#article\",\"isPartOf\":{\"@id\":\"https:\/\/www.mydemenageur.com\/blog\/tout-savoir-sur-le-demenagement-des-fonctionnaires\/\"},\"author\":{\"name\":\"Mathilde\",\"@id\":\"https:\/\/www.mydemenageur.com\/blog\/#\/schema\/person\/4540dc333c2e7dc790f0f7bcd5b99569\"},\"headline\":\"Tout savoir sur le d\u00e9m\u00e9nagement des fonctionnaires ?\",\"datePublished\":\"2021-12-11T10:10:17+00:00\",\"dateModified\":\"2024-09-14T15:23:08+00:00\",\"mainEntityOfPage\":{\"@id\":\"https:\/\/www.mydemenageur.com\/blog\/tout-savoir-sur-le-demenagement-des-fonctionnaires\/\"},\"wordCount\":1848,\"publisher\":{\"@id\":\"https:\/\/www.mydemenageur.com\/blog\/#organization\"},\"image\":{\"@id\":\"https:\/\/www.mydemenageur.com\/blog\/tout-savoir-sur-le-demenagement-des-fonctionnaires\/#primaryimage\"},\"thumbnailUrl\":\"https:\/\/www.mydemenageur.com\/blog\/wp-content\/uploads\/2021\/12\/tangi-bertin-6me6sOhHF1U-unsplash.jpg\",\"articleSection\":[\"D\u00e9marches et autorisations\"],\"inLanguage\":\"fr-FR\"},{\"@type\":\"WebPage\",\"@id\":\"https:\/\/www.mydemenageur.com\/blog\/tout-savoir-sur-le-demenagement-des-fonctionnaires\/\",\"url\":\"https:\/\/www.mydemenageur.com\/blog\/tout-savoir-sur-le-demenagement-des-fonctionnaires\/\",\"name\":\"Tout savoir sur le d\u00e9m\u00e9nagement des fonctionnaires ?\",\"isPartOf\":{\"@id\":\"https:\/\/www.mydemenageur.com\/blog\/#website\"},\"primaryImageOfPage\":{\"@id\":\"https:\/\/www.mydemenageur.com\/blog\/tout-savoir-sur-le-demenagement-des-fonctionnaires\/#primaryimage\"},\"image\":{\"@id\":\"https:\/\/www.mydemenageur.com\/blog\/tout-savoir-sur-le-demenagement-des-fonctionnaires\/#primaryimage\"},\"thumbnailUrl\":\"https:\/\/www.mydemenageur.com\/blog\/wp-content\/uploads\/2021\/12\/tangi-bertin-6me6sOhHF1U-unsplash.jpg\",\"datePublished\":\"2021-12-11T10:10:17+00:00\",\"dateModified\":\"2024-09-14T15:23:08+00:00\",\"description\":\"Voici notre guide complet sur le d\u00e9m\u00e9nagement des fonctionnaires, ce que vous devez pr\u00e9voir pour votre mutation.\",\"breadcrumb\":{\"@id\":\"https:\/\/www.mydemenageur.com\/blog\/tout-savoir-sur-le-demenagement-des-fonctionnaires\/#breadcrumb\"},\"inLanguage\":\"fr-FR\",\"potentialAction\":[{\"@type\":\"ReadAction\",\"target\":[\"https:\/\/www.mydemenageur.com\/blog\/tout-savoir-sur-le-demenagement-des-fonctionnaires\/\"]}]},{\"@type\":\"ImageObject\",\"inLanguage\":\"fr-FR\",\"@id\":\"https:\/\/www.mydemenageur.com\/blog\/tout-savoir-sur-le-demenagement-des-fonctionnaires\/#primaryimage\",\"url\":\"https:\/\/www.mydemenageur.com\/blog\/wp-content\/uploads\/2021\/12\/tangi-bertin-6me6sOhHF1U-unsplash.jpg\",\"contentUrl\":\"https:\/\/www.mydemenageur.com\/blog\/wp-content\/uploads\/2021\/12\/tangi-bertin-6me6sOhHF1U-unsplash.jpg\",\"width\":2500,\"height\":1322,\"caption\":\"Bercy berceau des fonctionnaires\"},{\"@type\":\"BreadcrumbList\",\"@id\":\"https:\/\/www.mydemenageur.com\/blog\/tout-savoir-sur-le-demenagement-des-fonctionnaires\/#breadcrumb\",\"itemListElement\":[{\"@type\":\"ListItem\",\"position\":1,\"name\":\"Accueil\",\"item\":\"https:\/\/www.mydemenageur.com\/blog\/\"},{\"@type\":\"ListItem\",\"position\":2,\"name\":\"D\u00e9marches et autorisations\",\"item\":\"https:\/\/www.mydemenageur.com\/blog\/categorie\/demarches\/\"},{\"@type\":\"ListItem\",\"position\":3,\"name\":\"Tout savoir sur le d\u00e9m\u00e9nagement des fonctionnaires ?\"}]},{\"@type\":\"WebSite\",\"@id\":\"https:\/\/www.mydemenageur.com\/blog\/#website\",\"url\":\"https:\/\/www.mydemenageur.com\/blog\/\",\"name\":\"MyDemenageur\",\"description\":\"Conseils d\u00e9m\u00e9ngement entre particuliers et d\u00e9m\u00e9nagement professionnel\",\"publisher\":{\"@id\":\"https:\/\/www.mydemenageur.com\/blog\/#organization\"},\"potentialAction\":[{\"@type\":\"SearchAction\",\"target\":{\"@type\":\"EntryPoint\",\"urlTemplate\":\"https:\/\/www.mydemenageur.com\/blog\/?s={search_term_string}\"},\"query-input\":{\"@type\":\"PropertyValueSpecification\",\"valueRequired\":true,\"valueName\":\"search_term_string\"}}],\"inLanguage\":\"fr-FR\"},{\"@type\":\"Organization\",\"@id\":\"https:\/\/www.mydemenageur.com\/blog\/#organization\",\"name\":\"MyDemenageur.com\",\"url\":\"https:\/\/www.mydemenageur.com\/blog\/\",\"logo\":{\"@type\":\"ImageObject\",\"inLanguage\":\"fr-FR\",\"@id\":\"https:\/\/www.mydemenageur.com\/blog\/#\/schema\/logo\/image\/\",\"url\":\"https:\/\/www.mydemenageur.com\/blog\/wp-content\/uploads\/2022\/05\/MyDemenageur_Symbol.jpg\",\"contentUrl\":\"https:\/\/www.mydemenageur.com\/blog\/wp-content\/uploads\/2022\/05\/MyDemenageur_Symbol.jpg\",\"width\":878,\"height\":877,\"caption\":\"MyDemenageur.com\"},\"image\":{\"@id\":\"https:\/\/www.mydemenageur.com\/blog\/#\/schema\/logo\/image\/\"},\"sameAs\":[\"https:\/\/www.facebook.com\/mydemenageur\",\"https:\/\/x.com\/mydemenageur\",\"https:\/\/www.pinterest.fr\/mydemenageur\/\"]},{\"@type\":\"Person\",\"@id\":\"https:\/\/www.mydemenageur.com\/blog\/#\/schema\/person\/4540dc333c2e7dc790f0f7bcd5b99569\",\"name\":\"Mathilde\",\"image\":{\"@type\":\"ImageObject\",\"inLanguage\":\"fr-FR\",\"@id\":\"https:\/\/www.mydemenageur.com\/blog\/#\/schema\/person\/image\/\",\"url\":\"https:\/\/secure.gravatar.com\/avatar\/abde069f6f70261ee6ecea93e0437d77?s=96&#038;r=g\",\"contentUrl\":\"https:\/\/secure.gravatar.com\/avatar\/abde069f6f70261ee6ecea93e0437d77?s=96&#038;r=g\",\"caption\":\"Mathilde\"},\"description\":\"L'harmonie des couleurs et des objets m'a toujours fascin\u00e9e, transformant chaque pi\u00e8ce en un lieu unique et agr\u00e9able \u00e0 vivre. Sur MyDemenageur, vous trouverez non seulement des inspirations personnelles, mais aussi des informations r\u00e9centes sur le monde de la d\u00e9coration, les projets de maison, le d\u00e9m\u00e9nagement et les travaux.\",\"url\":\"https:\/\/www.mydemenageur.com\/blog\/author\/mathilde\/\"}]}<\/script>\n<!-- \/ Yoast SEO Premium plugin. -->","yoast_head_json":{"title":"Tout savoir sur le d\u00e9m\u00e9nagement des fonctionnaires ?","description":"Voici notre guide complet sur le d\u00e9m\u00e9nagement des fonctionnaires, ce que vous devez pr\u00e9voir pour votre mutation.","robots":{"index":"index","follow":"follow","max-snippet":"max-snippet:-1","max-image-preview":"max-image-preview:large","max-video-preview":"max-video-preview:-1"},"canonical":"https:\/\/www.mydemenageur.com\/blog\/tout-savoir-sur-le-demenagement-des-fonctionnaires\/","og_locale":"fr_FR","og_type":"article","og_title":"Tout savoir sur le d\u00e9m\u00e9nagement des fonctionnaires ?","og_description":"Voici notre guide complet sur le d\u00e9m\u00e9nagement des fonctionnaires, ce que vous devez pr\u00e9voir pour votre mutation.","og_url":"https:\/\/www.mydemenageur.com\/blog\/tout-savoir-sur-le-demenagement-des-fonctionnaires\/","og_site_name":"MyDemenageur","article_publisher":"https:\/\/www.facebook.com\/mydemenageur","article_published_time":"2021-12-11T10:10:17+00:00","article_modified_time":"2024-09-14T15:23:08+00:00","og_image":[{"width":2500,"height":1322,"url":"https:\/\/www.mydemenageur.com\/blog\/wp-content\/uploads\/2021\/12\/tangi-bertin-6me6sOhHF1U-unsplash.jpg","type":"image\/jpeg"}],"author":"Mathilde","twitter_card":"summary_large_image","twitter_creator":"@mydemenageur","twitter_site":"@mydemenageur","twitter_misc":{"\u00c9crit par":"Mathilde","Dur\u00e9e de lecture estim\u00e9e":"9 minutes"},"schema":{"@context":"https:\/\/schema.org","@graph":[{"@type":"Article","@id":"https:\/\/www.mydemenageur.com\/blog\/tout-savoir-sur-le-demenagement-des-fonctionnaires\/#article","isPartOf":{"@id":"https:\/\/www.mydemenageur.com\/blog\/tout-savoir-sur-le-demenagement-des-fonctionnaires\/"},"author":{"name":"Mathilde","@id":"https:\/\/www.mydemenageur.com\/blog\/#\/schema\/person\/4540dc333c2e7dc790f0f7bcd5b99569"},"headline":"Tout savoir sur le d\u00e9m\u00e9nagement des fonctionnaires ?","datePublished":"2021-12-11T10:10:17+00:00","dateModified":"2024-09-14T15:23:08+00:00","mainEntityOfPage":{"@id":"https:\/\/www.mydemenageur.com\/blog\/tout-savoir-sur-le-demenagement-des-fonctionnaires\/"},"wordCount":1848,"publisher":{"@id":"https:\/\/www.mydemenageur.com\/blog\/#organization"},"image":{"@id":"https:\/\/www.mydemenageur.com\/blog\/tout-savoir-sur-le-demenagement-des-fonctionnaires\/#primaryimage"},"thumbnailUrl":"https:\/\/www.mydemenageur.com\/blog\/wp-content\/uploads\/2021\/12\/tangi-bertin-6me6sOhHF1U-unsplash.jpg","articleSection":["D\u00e9marches et autorisations"],"inLanguage":"fr-FR"},{"@type":"WebPage","@id":"https:\/\/www.mydemenageur.com\/blog\/tout-savoir-sur-le-demenagement-des-fonctionnaires\/","url":"https:\/\/www.mydemenageur.com\/blog\/tout-savoir-sur-le-demenagement-des-fonctionnaires\/","name":"Tout savoir sur le d\u00e9m\u00e9nagement des fonctionnaires ?","isPartOf":{"@id":"https:\/\/www.mydemenageur.com\/blog\/#website"},"primaryImageOfPage":{"@id":"https:\/\/www.mydemenageur.com\/blog\/tout-savoir-sur-le-demenagement-des-fonctionnaires\/#primaryimage"},"image":{"@id":"https:\/\/www.mydemenageur.com\/blog\/tout-savoir-sur-le-demenagement-des-fonctionnaires\/#primaryimage"},"thumbnailUrl":"https:\/\/www.mydemenageur.com\/blog\/wp-content\/uploads\/2021\/12\/tangi-bertin-6me6sOhHF1U-unsplash.jpg","datePublished":"2021-12-11T10:10:17+00:00","dateModified":"2024-09-14T15:23:08+00:00","description":"Voici notre guide complet sur le d\u00e9m\u00e9nagement des fonctionnaires, ce que vous devez pr\u00e9voir pour votre mutation.","breadcrumb":{"@id":"https:\/\/www.mydemenageur.com\/blog\/tout-savoir-sur-le-demenagement-des-fonctionnaires\/#breadcrumb"},"inLanguage":"fr-FR","potentialAction":[{"@type":"ReadAction","target":["https:\/\/www.mydemenageur.com\/blog\/tout-savoir-sur-le-demenagement-des-fonctionnaires\/"]}]},{"@type":"ImageObject","inLanguage":"fr-FR","@id":"https:\/\/www.mydemenageur.com\/blog\/tout-savoir-sur-le-demenagement-des-fonctionnaires\/#primaryimage","url":"https:\/\/www.mydemenageur.com\/blog\/wp-content\/uploads\/2021\/12\/tangi-bertin-6me6sOhHF1U-unsplash.jpg","contentUrl":"https:\/\/www.mydemenageur.com\/blog\/wp-content\/uploads\/2021\/12\/tangi-bertin-6me6sOhHF1U-unsplash.jpg","width":2500,"height":1322,"caption":"Bercy berceau des fonctionnaires"},{"@type":"BreadcrumbList","@id":"https:\/\/www.mydemenageur.com\/blog\/tout-savoir-sur-le-demenagement-des-fonctionnaires\/#breadcrumb","itemListElement":[{"@type":"ListItem","position":1,"name":"Accueil","item":"https:\/\/www.mydemenageur.com\/blog\/"},{"@type":"ListItem","position":2,"name":"D\u00e9marches et autorisations","item":"https:\/\/www.mydemenageur.com\/blog\/categorie\/demarches\/"},{"@type":"ListItem","position":3,"name":"Tout savoir sur le d\u00e9m\u00e9nagement des fonctionnaires ?"}]},{"@type":"WebSite","@id":"https:\/\/www.mydemenageur.com\/blog\/#website","url":"https:\/\/www.mydemenageur.com\/blog\/","name":"MyDemenageur","description":"Conseils d\u00e9m\u00e9ngement entre particuliers et d\u00e9m\u00e9nagement professionnel","publisher":{"@id":"https:\/\/www.mydemenageur.com\/blog\/#organization"},"potentialAction":[{"@type":"SearchAction","target":{"@type":"EntryPoint","urlTemplate":"https:\/\/www.mydemenageur.com\/blog\/?s={search_term_string}"},"query-input":{"@type":"PropertyValueSpecification","valueRequired":true,"valueName":"search_term_string"}}],"inLanguage":"fr-FR"},{"@type":"Organization","@id":"https:\/\/www.mydemenageur.com\/blog\/#organization","name":"MyDemenageur.com","url":"https:\/\/www.mydemenageur.com\/blog\/","logo":{"@type":"ImageObject","inLanguage":"fr-FR","@id":"https:\/\/www.mydemenageur.com\/blog\/#\/schema\/logo\/image\/","url":"https:\/\/www.mydemenageur.com\/blog\/wp-content\/uploads\/2022\/05\/MyDemenageur_Symbol.jpg","contentUrl":"https:\/\/www.mydemenageur.com\/blog\/wp-content\/uploads\/2022\/05\/MyDemenageur_Symbol.jpg","width":878,"height":877,"caption":"MyDemenageur.com"},"image":{"@id":"https:\/\/www.mydemenageur.com\/blog\/#\/schema\/logo\/image\/"},"sameAs":["https:\/\/www.facebook.com\/mydemenageur","https:\/\/x.com\/mydemenageur","https:\/\/www.pinterest.fr\/mydemenageur\/"]},{"@type":"Person","@id":"https:\/\/www.mydemenageur.com\/blog\/#\/schema\/person\/4540dc333c2e7dc790f0f7bcd5b99569","name":"Mathilde","image":{"@type":"ImageObject","inLanguage":"fr-FR","@id":"https:\/\/www.mydemenageur.com\/blog\/#\/schema\/person\/image\/","url":"https:\/\/secure.gravatar.com\/avatar\/abde069f6f70261ee6ecea93e0437d77?s=96&#038;r=g","contentUrl":"https:\/\/secure.gravatar.com\/avatar\/abde069f6f70261ee6ecea93e0437d77?s=96&#038;r=g","caption":"Mathilde"},"description":"L'harmonie des couleurs et des objets m'a toujours fascin\u00e9e, transformant chaque pi\u00e8ce en un lieu unique et agr\u00e9able \u00e0 vivre. Sur MyDemenageur, vous trouverez non seulement des inspirations personnelles, mais aussi des informations r\u00e9centes sur le monde de la d\u00e9coration, les projets de maison, le d\u00e9m\u00e9nagement et les travaux.","url":"https:\/\/www.mydemenageur.com\/blog\/author\/mathilde\/"}]}},"modified_by":"MyDemenageur","_links":{"self":[{"href":"https:\/\/www.mydemenageur.com\/blog\/wp-json\/wp\/v2\/posts\/24317"}],"collection":[{"href":"https:\/\/www.mydemenageur.com\/blog\/wp-json\/wp\/v2\/posts"}],"about":[{"href":"https:\/\/www.mydemenageur.com\/blog\/wp-json\/wp\/v2\/types\/post"}],"author":[{"embeddable":true,"href":"https:\/\/www.mydemenageur.com\/blog\/wp-json\/wp\/v2\/users\/11"}],"replies":[{"embeddable":true,"href":"https:\/\/www.mydemenageur.com\/blog\/wp-json\/wp\/v2\/comments?post=24317"}],"version-history":[{"count":0,"href":"https:\/\/www.mydemenageur.com\/blog\/wp-json\/wp\/v2\/posts\/24317\/revisions"}],"wp:featuredmedia":[{"embeddable":true,"href":"https:\/\/www.mydemenageur.com\/blog\/wp-json\/wp\/v2\/media\/24319"}],"wp:attachment":[{"href":"https:\/\/www.mydemenageur.com\/blog\/wp-json\/wp\/v2\/media?parent=24317"}],"wp:term":[{"taxonomy":"category","embeddable":true,"href":"https:\/\/www.mydemenageur.com\/blog\/wp-json\/wp\/v2\/categories?post=24317"},{"taxonomy":"post_tag","embeddable":true,"href":"https:\/\/www.mydemenageur.com\/blog\/wp-json\/wp\/v2\/tags?post=24317"}],"curies":[{"name":"wp","href":"https:\/\/api.w.org\/{rel}","templated":true}]}}