{"id":24347,"date":"2021-12-12T18:01:08","date_gmt":"2021-12-12T18:01:08","guid":{"rendered":"https:\/\/www.mydemenageur.com\/blog\/?p=24347"},"modified":"2024-09-14T15:09:37","modified_gmt":"2024-09-14T15:09:37","slug":"comment-bien-declarer-ses-biens-lors-dun-demenagement","status":"publish","type":"post","link":"https:\/\/www.mydemenageur.com\/blog\/comment-bien-declarer-ses-biens-lors-dun-demenagement\/","title":{"rendered":"Comment bien d\u00e9clarer ses biens lors d&rsquo;un d\u00e9m\u00e9nagement ?"},"content":{"rendered":"<p>Avant, la notion de d\u00e9m\u00e9nagement consistait \u00e0 juste emballer ses affaires et \u00e0 changer de maison. Aujourd&rsquo;hui, il s&rsquo;agit d&rsquo;un concept plus complexe qui se fonde sur quelques \u00e9tapes non n\u00e9gligeables. Au nombre de celles-ci, nous avons la d\u00e9claration des biens d\u00e9m\u00e9nag\u00e9s par le propri\u00e9taire. Afin de <a href=\"https:\/\/www.mydemenageur.com\/blog\/demarches-autorisations\/\">vous aider \u00e0 remplir convenablement<\/a> cette \u00e9tape lors de votre d\u00e9m\u00e9nagement, voici quelques informations utiles.<\/p>\n<div id=\"ez-toc-container\" class=\"ez-toc-v2_0_82_2 counter-hierarchy ez-toc-counter ez-toc-custom ez-toc-container-direction\">\n<div class=\"ez-toc-title-container\">\n<p class=\"ez-toc-title\" style=\"cursor:inherit\">Ce que vous allez apprendre<\/p>\n<span class=\"ez-toc-title-toggle\"><\/span><\/div>\n<nav><ul class='ez-toc-list ez-toc-list-level-1 ' ><li class='ez-toc-page-1 ez-toc-heading-level-2'><a class=\"ez-toc-link ez-toc-heading-1\" href=\"https:\/\/www.mydemenageur.com\/blog\/comment-bien-declarer-ses-biens-lors-dun-demenagement\/#explication-conceptuelle-de-la-declaration-de-valeur\" >Explication conceptuelle de la d\u00e9claration de valeur<\/a><\/li><li class='ez-toc-page-1 ez-toc-heading-level-2'><a class=\"ez-toc-link ez-toc-heading-2\" href=\"https:\/\/www.mydemenageur.com\/blog\/comment-bien-declarer-ses-biens-lors-dun-demenagement\/#utilite-de-la-declaration-de-valeur\" >Utilit\u00e9 de la d\u00e9claration de valeur<\/a><\/li><li class='ez-toc-page-1 ez-toc-heading-level-2'><a class=\"ez-toc-link ez-toc-heading-3\" href=\"https:\/\/www.mydemenageur.com\/blog\/comment-bien-declarer-ses-biens-lors-dun-demenagement\/#les-etapes-delaboration-dune-bonne-declaration-de-valeur\" >Les \u00e9tapes d&rsquo;\u00e9laboration d&rsquo;une bonne d\u00e9claration de valeur<\/a><ul class='ez-toc-list-level-3' ><li class='ez-toc-heading-level-3'><a class=\"ez-toc-link ez-toc-heading-4\" href=\"https:\/\/www.mydemenageur.com\/blog\/comment-bien-declarer-ses-biens-lors-dun-demenagement\/#listage-des-biens\" >Listage des biens<\/a><\/li><li class='ez-toc-page-1 ez-toc-heading-level-3'><a class=\"ez-toc-link ez-toc-heading-5\" href=\"https:\/\/www.mydemenageur.com\/blog\/comment-bien-declarer-ses-biens-lors-dun-demenagement\/#estimation-individuelle-de-la-valeur-des-biens\" >Estimation individuelle de la valeur des biens<\/a><\/li><li class='ez-toc-page-1 ez-toc-heading-level-3'><a class=\"ez-toc-link ez-toc-heading-6\" href=\"https:\/\/www.mydemenageur.com\/blog\/comment-bien-declarer-ses-biens-lors-dun-demenagement\/#estimation-globale-des-biens\" >Estimation globale des biens<\/a><\/li><li class='ez-toc-page-1 ez-toc-heading-level-3'><a class=\"ez-toc-link ez-toc-heading-7\" href=\"https:\/\/www.mydemenageur.com\/blog\/comment-bien-declarer-ses-biens-lors-dun-demenagement\/#formalites-de-forme\" >Formalit\u00e9s de forme<\/a><\/li><\/ul><\/li><li class='ez-toc-page-1 ez-toc-heading-level-2'><a class=\"ez-toc-link ez-toc-heading-8\" href=\"https:\/\/www.mydemenageur.com\/blog\/comment-bien-declarer-ses-biens-lors-dun-demenagement\/#les-conditions-de-viabilite-dune-declaration-de-valeur\" >Les conditions de viabilit\u00e9 d&rsquo;une d\u00e9claration de valeur<\/a><ul class='ez-toc-list-level-3' ><li class='ez-toc-heading-level-3'><a class=\"ez-toc-link ez-toc-heading-9\" href=\"https:\/\/www.mydemenageur.com\/blog\/comment-bien-declarer-ses-biens-lors-dun-demenagement\/#premiere-condition\" >Premi\u00e8re condition<\/a><\/li><li class='ez-toc-page-1 ez-toc-heading-level-3'><a class=\"ez-toc-link ez-toc-heading-10\" href=\"https:\/\/www.mydemenageur.com\/blog\/comment-bien-declarer-ses-biens-lors-dun-demenagement\/#deuxieme-condition\" >Deuxi\u00e8me condition<\/a><\/li><li class='ez-toc-page-1 ez-toc-heading-level-3'><a class=\"ez-toc-link ez-toc-heading-11\" href=\"https:\/\/www.mydemenageur.com\/blog\/comment-bien-declarer-ses-biens-lors-dun-demenagement\/#troisieme-condition\" >Troisi\u00e8me condition<\/a><\/li><\/ul><\/li><li class='ez-toc-page-1 ez-toc-heading-level-2'><a class=\"ez-toc-link ez-toc-heading-12\" href=\"https:\/\/www.mydemenageur.com\/blog\/comment-bien-declarer-ses-biens-lors-dun-demenagement\/#la-demarche-a-suivre-pour-faire-valoir-vos-droits-en-cas-dincident\" >La d\u00e9marche \u00e0 suivre pour faire valoir vos droits en cas d&rsquo;incident<\/a><\/li><\/ul><\/nav><\/div>\n<h2><span class=\"ez-toc-section\" id=\"explication-conceptuelle-de-la-declaration-de-valeur\"><\/span>Explication conceptuelle de la d\u00e9claration de valeur<span class=\"ez-toc-section-end\"><\/span><\/h2>\n<p>Comme nous l&rsquo;avions sp\u00e9cifi\u00e9 plus haut, le d\u00e9m\u00e9nagement est un processus qui consiste \u00e0 quitter un logement donn\u00e9 pour un autre. Hormis les effets personnels transport\u00e9s lors de ce processus, plusieurs biens de valeur tels que les meubles sont d\u00e9plac\u00e9s. Afin d&rsquo;estimer le prix de ces biens, le propri\u00e9taire est tenu, par la loi, de remplir une d\u00e9claration de valeur.<\/p>\n<p>Cette d\u00e9claration de valeur est, en r\u00e9alit\u00e9, un document dans lequel le propri\u00e9taire consigne tous les biens qu&rsquo;il compte d\u00e9placer, suivie de leurs estimations tarifaires. Il faut noter que ces estimations doivent \u00eatre minor\u00e9es par un bar\u00e8me de v\u00e9tust\u00e9, dans le cas des biens anciens.<\/p>\n<h2><span class=\"ez-toc-section\" id=\"utilite-de-la-declaration-de-valeur\"><\/span>Utilit\u00e9 de la d\u00e9claration de valeur<span class=\"ez-toc-section-end\"><\/span><\/h2>\n<p>Pour mesurer l&rsquo;importance que rev\u00eat la d\u00e9claration de valeur, il est n\u00e9cessaire que vous compreniez son contexte d&rsquo;intervention. Pour cela, commencez par remarquer que de nos jours, il est courant de recourir \u00e0 des professionnels du d\u00e9m\u00e9nagement lorsque l&rsquo;on pr\u00e9voit de <a href=\"https:\/\/www.mydemenageur.com\/blog\/demenagement-et-resiliation-de-lassurance-habitation\/\">changer d&rsquo;habitation<\/a>. Cette mani\u00e8re de proc\u00e9der est consid\u00e9r\u00e9e comme la meilleure alternative pour jouir d&rsquo;une bonne expertise en mati\u00e8re de d\u00e9m\u00e9nagement.<\/p>\n<p>En effet, les professionnels du d\u00e9m\u00e9nagement disposent des mat\u00e9riaux adapt\u00e9s \u00e0 l&#8217;emballage et au transport des grandes quantit\u00e9s de biens. Ils permettent au propri\u00e9taire de gagner un temps fou qu&rsquo;il aurait inutilement perdu en faisant les cartons. Son \u00e9nergie est donc pr\u00e9serv\u00e9e pour l&rsquo;accomplissement d&rsquo;autres t\u00e2ches tout aussi importantes.<\/p>\n<p>Outre ces avantages, le recours aux soci\u00e9t\u00e9s de d\u00e9m\u00e9nagement rev\u00eat un aspect tr\u00e8s pratique. Cela est d&rsquo;autant plus effectif, dans la mesure o\u00f9 le transfert des biens s&rsquo;effectue avec plus de rapidit\u00e9 et d&rsquo;efficacit\u00e9. Tout cela, c&rsquo;est sans compter la pr\u00e9caution dont font preuve ces professionnels \u00e0 l&rsquo;\u00e9gard de vos effets.<\/p>\n<p><iframe title=\"YouTube video player\" src=\"https:\/\/www.youtube.com\/embed\/mIcB99K3Nr0\" width=\"560\" height=\"315\" frameborder=\"0\" allowfullscreen=\"allowfullscreen\"><\/iframe><\/p>\n<p>Cependant, nous sommes dans l&rsquo;obligation d&rsquo;attirer votre attention sur certains points li\u00e9s \u00e0 cette pratique. Bien que la d\u00e9l\u00e9gation des t\u00e2ches au cours de votre d\u00e9m\u00e9nagement soit tr\u00e8s attrayante, constatez qu&rsquo;elle peut occasionner certains d\u00e9sagr\u00e9ments. Ces derniers surviennent g\u00e9n\u00e9ralement lorsque dans le cadre de leurs transports, vos biens subissent des d\u00e9g\u00e2ts.<\/p>\n<p>Dans ces cas, la loi pr\u00e9voit de pr\u00e9server vos int\u00e9r\u00eats. C&rsquo;est dans cette logique que l&rsquo;article 133-1 du code du commerce fait cas d&rsquo;une disposition allant dans ce sens. Celle-ci stipule que la responsabilit\u00e9 des dommages inflig\u00e9s \u00e0 vos biens lors du d\u00e9m\u00e9nagement incombe \u00e0 la soci\u00e9t\u00e9 qui en a la charge.<\/p>\n<p>Pour cela, cet article exhorte chaque propri\u00e9taire \u00e0 faire une estimation globale de la valeur de ses biens dans un document. C&rsquo;est ce document appel\u00e9 \u00ab\u2009d\u00e9claration de valeur\u2009\u00bb qui sert de base \u00e0 la soci\u00e9t\u00e9 de d\u00e9m\u00e9nagement, \u00e0 son assurance ou \u00e0 la v\u00f4tre pour le calcul du montant de votre indemnisation en cas d&rsquo;incident. En son absence, vous ne pouvez pr\u00e9tendre \u00e0 aucune indemnit\u00e9 en cas de sinistre.<\/p>\n<p>Au regard de tous ces \u00e9l\u00e9ments, vous pouvez d\u00e9sormais attester de la grande importance de la d\u00e9claration de valeur dans le cadre d&rsquo;un d\u00e9m\u00e9nagement.<\/p>\n<h2><span class=\"ez-toc-section\" id=\"les-etapes-delaboration-dune-bonne-declaration-de-valeur\"><\/span>Les \u00e9tapes d&rsquo;\u00e9laboration d&rsquo;une bonne d\u00e9claration de valeur<span class=\"ez-toc-section-end\"><\/span><\/h2>\n<p>La d\u00e9claration de valeur \u00e9tant un document d&rsquo;une importance capitale, son \u00e9laboration n\u00e9cessite une grande minutie. Pour sa r\u00e9ussite, nous vous conseillons de suivre les \u00e9tapes suivantes.<\/p>\n<h3><span class=\"ez-toc-section\" id=\"listage-des-biens\"><\/span>Listage des biens<span class=\"ez-toc-section-end\"><\/span><\/h3>\n<p>Comme vous l&rsquo;avez sans doute compris, cette \u00e9tape consistera \u00e0 cr\u00e9er une liste exhaustive de vos biens. Il vous faudra trier vos biens, afin de n&rsquo;inscrire sur cette liste que les biens ayant de la valeur. \u00c0 ce niveau, veiller \u00e0 faire la diff\u00e9rence entre les biens ayant une valeur sentimentale pour vous et ceux d\u00e9tenant une r\u00e9elle valeur financi\u00e8re. Par cons\u00e9quent, ne prenez en compte que les biens que vous comptez assurer.<\/p>\n<p>NB : Les monnaies, les pierres pr\u00e9cieuses et les bijoux sont des biens qui ne sont pas pris en compte dans la d\u00e9claration de valeur.<\/p>\n<h3><span class=\"ez-toc-section\" id=\"estimation-individuelle-de-la-valeur-des-biens\"><\/span>Estimation individuelle de la valeur des biens<span class=\"ez-toc-section-end\"><\/span><\/h3>\n<p>Une fois que vous avez une id\u00e9e pr\u00e9cise des biens que vous souhaitez assurer, vous devez passer \u00e0 l&rsquo;\u00e9tape la plus importante de la d\u00e9claration de valeur. Il s&rsquo;agit de la phase qui prend en compte l&rsquo;estimation individuelle du prix de chacun de vos biens. Dans la r\u00e9ussite de cette phase, plusieurs param\u00e8tres entrent en ligne de compte. La plus importante d&rsquo;elle est : la v\u00e9tust\u00e9 du bien.<\/p>\n<p>En effet, il est de notori\u00e9t\u00e9 g\u00e9n\u00e9rale que plus un bien vieillit, plus il voit sa valeur marchande s&rsquo;amoindrir. C&rsquo;est pour cela qu&rsquo;un coefficient de v\u00e9tust\u00e9 doit \u00eatre appliqu\u00e9 \u00e0 tous les biens de votre liste. Ce coefficient est en r\u00e9alit\u00e9 un taux qui part de l&rsquo;anciennet\u00e9 et de l&rsquo;usure de vos biens, pour estimer leurs valeurs actuelles.<\/p>\n<p>Il varie suivant deux informations importantes, que sont : la cat\u00e9gorie du bien et sa dur\u00e9e de vie. C&rsquo;est seulement \u00e0 partir de ces deux informations que vous pourrez d\u00e9terminer le coefficient de v\u00e9tust\u00e9 de tous vos biens. Par exemple, il faut compter en moyenne un taux de v\u00e9tust\u00e9 avoisinant 20 % par an pour les petits appareils \u00e9lectrom\u00e9nagers. Ce taux est \u00e9galement valable pour : les mobiliers de jardin, les \u00e9quipements informatiques, les articles de sport&#8230;<\/p>\n<p>Par contre, le taux de v\u00e9tust\u00e9 annuel assign\u00e9 aux grands appareils \u00e9lectrom\u00e9nagers varie entre 8 % et 10 %. Il en est de m\u00eame pour les meubles (chaise, fauteuil, canap\u00e9, table&#8230;) et les mat\u00e9riels HI-FI. Quant aux voitures, nous vous conseillons de vous r\u00e9f\u00e9rer \u00e0 la valeur de l&rsquo;argus.<\/p>\n<h3><span class=\"ez-toc-section\" id=\"estimation-globale-des-biens\"><\/span>Estimation globale des biens<span class=\"ez-toc-section-end\"><\/span><\/h3>\n<p>Une fois que vous avez estim\u00e9 la valeur individuelle de vos biens, consid\u00e9rez que la plus lourde t\u00e2che de votre d\u00e9claration a \u00e9t\u00e9 accomplie. Effectivement, l&rsquo;\u00e9tape de l&rsquo;estimation globale des biens n&rsquo;est qu&rsquo;une formalit\u00e9. Relativement simple, cette phase consiste \u00e0 faire l&rsquo;addition des valeurs individuelles que vous avez obtenues plus t\u00f4t.<\/p>\n<p>La valeur additionnelle que vous obtiendrez sera consid\u00e9r\u00e9e comme la valeur globale de vos biens. C&rsquo;est elle que vous d\u00e9clarerez \u00e0 <a href=\"https:\/\/www.mydemenageur.com\/blog\/assurances-demenagement\/\">votre assurance d\u00e9m\u00e9nagement<\/a> ou \u00e0 la soci\u00e9t\u00e9 charg\u00e9e de votre d\u00e9m\u00e9nagement.<\/p>\n<h3><span class=\"ez-toc-section\" id=\"formalites-de-forme\"><\/span>Formalit\u00e9s de forme<span class=\"ez-toc-section-end\"><\/span><\/h3>\n<p>Les formalit\u00e9s de forme sont celles li\u00e9es \u00e0 la r\u00e9daction proprement dite de votre d\u00e9claration. Lorsque vous atteignez ce niveau, vous pouvez estimer que votre d\u00e9claration de valeur est d\u00e9j\u00e0 achev\u00e9e. Il faut noter que ces formalit\u00e9s sont d\u00e9risoires. En tout, elle consiste \u00e0 mentionner vos informations personnelles sur le document. Puis, \u00e0 dater et signer le document, pour le rendre valable.<\/p>\n<h2><span class=\"ez-toc-section\" id=\"les-conditions-de-viabilite-dune-declaration-de-valeur\"><\/span>Les conditions de viabilit\u00e9 d&rsquo;une d\u00e9claration de valeur<span class=\"ez-toc-section-end\"><\/span><\/h2>\n<p>Comme tout document qui se vaut, la d\u00e9claration de valeur n&rsquo;est viable que si certaines conditions sont r\u00e9unies. En faisant leur d\u00e9compte, nous finissons par en identifier de trois (3) sortes :<\/p>\n<h3><span class=\"ez-toc-section\" id=\"premiere-condition\"><\/span>Premi\u00e8re condition<span class=\"ez-toc-section-end\"><\/span><\/h3>\n<p>La premi\u00e8re de toutes les conditions est li\u00e9e \u00e0 la r\u00e9daction de la d\u00e9claration. \u00c0 ce niveau, il s&rsquo;agit de v\u00e9rifier que le document a \u00e9t\u00e9 r\u00e9dig\u00e9 en conformit\u00e9 avec les exigences que nous avons cit\u00e9es un peu plus haut. Si telle n&rsquo;est pas le cas, votre d\u00e9claration sera rejet\u00e9e.<\/p>\n<h3><span class=\"ez-toc-section\" id=\"deuxieme-condition\"><\/span>Deuxi\u00e8me condition<span class=\"ez-toc-section-end\"><\/span><\/h3>\n<p>La deuxi\u00e8me condition pour une d\u00e9claration valid\u00e9e est li\u00e9e \u00e0 la date de d\u00e9p\u00f4t de celle-ci. Retenez qu&rsquo;une assurance requiert en moyenne une p\u00e9riode de 48 h pour \u00e9tudier et valider la d\u00e9claration de valeur. Par cons\u00e9quent, vous devez imp\u00e9rativement soumettre votre d\u00e9claration au moins trois (3) jours, soit 72 h avant le d\u00e9m\u00e9nagement.<\/p>\n<p>Le cas contraire \u00e9quivaudrait \u00e0 ce que les dommages survenus durant le d\u00e9m\u00e9nagement soient \u00e0 votre charge, faute d&rsquo;une d\u00e9claration valid\u00e9e \u00e0 temps. Pour plus de pr\u00e9cautions, nous vous conseillons donc de faire le d\u00e9p\u00f4t de votre d\u00e9claration cinq (5) jours avant le d\u00e9m\u00e9nagement.<\/p>\n<h3><span class=\"ez-toc-section\" id=\"troisieme-condition\"><\/span>Troisi\u00e8me condition<span class=\"ez-toc-section-end\"><\/span><\/h3>\n<p>Celle-ci est la derni\u00e8re et elle rev\u00eat une importance capitale. Elle prend en compte les circonstances dans lesquelles votre bien a \u00e9t\u00e9 endommag\u00e9. Il faut noter que suivant ces circonstances, la soci\u00e9t\u00e9 charg\u00e9e de votre d\u00e9m\u00e9nagement peut refuser de vous verser des indemnit\u00e9s. Cela est d\u00fb au fait que ces types de soci\u00e9t\u00e9s ne prennent pas en compte les dommages qu&rsquo;elles estiment hors de leurs champs d&rsquo;action.<\/p>\n<p>Par exemple, nous avons les dommages r\u00e9sultant des \u00e9v\u00e8nements al\u00e9atoires tels que : les mauvaises conditions m\u00e9t\u00e9orologiques, les accidents de route, les vols de camion, les vices internes propres aux biens&#8230; Vous devez donc retenir que votre d\u00e9claration n&rsquo;entrera en vigueur que si les dommages occasionn\u00e9s rel\u00e8vent effectivement du ressort de la soci\u00e9t\u00e9 \u00e0 laquelle vous avez eu recours.<\/p>\n<h2><span class=\"ez-toc-section\" id=\"la-demarche-a-suivre-pour-faire-valoir-vos-droits-en-cas-dincident\"><\/span>La d\u00e9marche \u00e0 suivre pour faire valoir vos droits en cas d&rsquo;incident<span class=\"ez-toc-section-end\"><\/span><\/h2>\n<p>Vos biens ont \u00e9t\u00e9 endommag\u00e9s au cours de votre d\u00e9m\u00e9nagement\u2009? Les conditions de mise en vigueur de votre d\u00e9claration de valeur sont r\u00e9unies\u2009? Alors, sachez que vous \u00eates en droit de r\u00e9clamer des indemnit\u00e9s. Pour ce faire, vous devez suivre la d\u00e9marche suivante.<\/p>\n<p>Primo, vous devez mentionner les d\u00e9g\u00e2ts subis par vos biens sur la lettre de voiture du camion de d\u00e9m\u00e9nagement. Votre action doit \u00eatre pos\u00e9e avant que vous ne signiez la lettre. Si cette phase n&rsquo;est pas respect\u00e9e, il vous sera difficile de prouver les faits plus tard.<\/p>\n<p>Secundo, toutes les anomalies constat\u00e9es lors de d\u00e9ballage de vos effets doivent \u00eatre signal\u00e9es dans les 10 jours qui suivent le d\u00e9m\u00e9nagement. Notez que ces 10 jours int\u00e8grent les jours f\u00e9ri\u00e9s, le samedi et le dimanche.<\/p>\n<p>Tertio, vous devez r\u00e9diger une lettre dans laquelle vous faites cas des dommages constat\u00e9s. \u00c0 cette lettre, vous ajoutez deux pi\u00e8ces jointes : les photos montrant les d\u00e9g\u00e2ts occasionn\u00e9s et les factures originales des biens endommag\u00e9s. L&rsquo;ajout de quelques photos des biens avant le d\u00e9m\u00e9nagement accordera plus de cr\u00e9dits \u00e0 vos dires.<\/p>\n","protected":false},"excerpt":{"rendered":"<p>Avant, la notion de d\u00e9m\u00e9nagement consistait \u00e0 juste emballer ses affaires et \u00e0 changer de maison. Aujourd&rsquo;hui, il s&rsquo;agit d&rsquo;un<\/p>\n","protected":false},"author":11,"featured_media":24349,"comment_status":"closed","ping_status":"closed","sticky":false,"template":"","format":"standard","meta":{"_lmt_disableupdate":"no","_lmt_disable":"no","footnotes":""},"categories":[105],"tags":[],"yoast_head":"<!-- This site is optimized with the Yoast SEO Premium plugin v24.2 (Yoast SEO v24.5) - https:\/\/yoast.com\/wordpress\/plugins\/seo\/ -->\n<title>Comment bien d\u00e9clarer ses biens lors d&#039;un d\u00e9m\u00e9nagement ?<\/title>\n<meta name=\"description\" content=\"D\u00e9clarer ses biens dans un d\u00e9m\u00e9nagement : voici notre guide pour l\u2019organisation de vos biens de valeur lors de votre projet.\" \/>\n<meta name=\"robots\" content=\"index, follow, max-snippet:-1, max-image-preview:large, max-video-preview:-1\" \/>\n<link rel=\"canonical\" href=\"https:\/\/www.mydemenageur.com\/blog\/comment-bien-declarer-ses-biens-lors-dun-demenagement\/\" \/>\n<meta property=\"og:locale\" content=\"fr_FR\" \/>\n<meta property=\"og:type\" content=\"article\" \/>\n<meta property=\"og:title\" content=\"Comment bien d\u00e9clarer ses biens lors d&#039;un d\u00e9m\u00e9nagement ?\" \/>\n<meta property=\"og:description\" content=\"D\u00e9clarer ses biens dans un d\u00e9m\u00e9nagement : voici notre guide pour l\u2019organisation de vos biens de valeur lors de votre projet.\" \/>\n<meta property=\"og:url\" content=\"https:\/\/www.mydemenageur.com\/blog\/comment-bien-declarer-ses-biens-lors-dun-demenagement\/\" \/>\n<meta property=\"og:site_name\" content=\"MyDemenageur\" \/>\n<meta property=\"article:publisher\" content=\"https:\/\/www.facebook.com\/mydemenageur\" \/>\n<meta property=\"article:published_time\" content=\"2021-12-12T18:01:08+00:00\" \/>\n<meta property=\"article:modified_time\" content=\"2024-09-14T15:09:37+00:00\" \/>\n<meta property=\"og:image\" content=\"https:\/\/www.mydemenageur.com\/blog\/wp-content\/uploads\/2021\/12\/windows-fNMsyNX7yL0-unsplash.jpg\" \/>\n\t<meta property=\"og:image:width\" content=\"2500\" \/>\n\t<meta property=\"og:image:height\" content=\"1667\" \/>\n\t<meta property=\"og:image:type\" content=\"image\/jpeg\" \/>\n<meta name=\"author\" content=\"Mathilde\" \/>\n<meta name=\"twitter:card\" content=\"summary_large_image\" \/>\n<meta name=\"twitter:creator\" content=\"@mydemenageur\" \/>\n<meta name=\"twitter:site\" content=\"@mydemenageur\" \/>\n<meta name=\"twitter:label1\" content=\"\u00c9crit par\" \/>\n\t<meta name=\"twitter:data1\" content=\"Mathilde\" \/>\n\t<meta name=\"twitter:label2\" content=\"Dur\u00e9e de lecture estim\u00e9e\" \/>\n\t<meta name=\"twitter:data2\" content=\"9 minutes\" \/>\n<script type=\"application\/ld+json\" class=\"yoast-schema-graph\">{\"@context\":\"https:\/\/schema.org\",\"@graph\":[{\"@type\":\"Article\",\"@id\":\"https:\/\/www.mydemenageur.com\/blog\/comment-bien-declarer-ses-biens-lors-dun-demenagement\/#article\",\"isPartOf\":{\"@id\":\"https:\/\/www.mydemenageur.com\/blog\/comment-bien-declarer-ses-biens-lors-dun-demenagement\/\"},\"author\":{\"name\":\"Mathilde\",\"@id\":\"https:\/\/www.mydemenageur.com\/blog\/#\/schema\/person\/4540dc333c2e7dc790f0f7bcd5b99569\"},\"headline\":\"Comment bien d\u00e9clarer ses biens lors d&rsquo;un d\u00e9m\u00e9nagement ?\",\"datePublished\":\"2021-12-12T18:01:08+00:00\",\"dateModified\":\"2024-09-14T15:09:37+00:00\",\"mainEntityOfPage\":{\"@id\":\"https:\/\/www.mydemenageur.com\/blog\/comment-bien-declarer-ses-biens-lors-dun-demenagement\/\"},\"wordCount\":1849,\"publisher\":{\"@id\":\"https:\/\/www.mydemenageur.com\/blog\/#organization\"},\"image\":{\"@id\":\"https:\/\/www.mydemenageur.com\/blog\/comment-bien-declarer-ses-biens-lors-dun-demenagement\/#primaryimage\"},\"thumbnailUrl\":\"https:\/\/www.mydemenageur.com\/blog\/wp-content\/uploads\/2021\/12\/windows-fNMsyNX7yL0-unsplash.jpg\",\"articleSection\":[\"D\u00e9marches et autorisations\"],\"inLanguage\":\"fr-FR\"},{\"@type\":\"WebPage\",\"@id\":\"https:\/\/www.mydemenageur.com\/blog\/comment-bien-declarer-ses-biens-lors-dun-demenagement\/\",\"url\":\"https:\/\/www.mydemenageur.com\/blog\/comment-bien-declarer-ses-biens-lors-dun-demenagement\/\",\"name\":\"Comment bien d\u00e9clarer ses biens lors d'un d\u00e9m\u00e9nagement ?\",\"isPartOf\":{\"@id\":\"https:\/\/www.mydemenageur.com\/blog\/#website\"},\"primaryImageOfPage\":{\"@id\":\"https:\/\/www.mydemenageur.com\/blog\/comment-bien-declarer-ses-biens-lors-dun-demenagement\/#primaryimage\"},\"image\":{\"@id\":\"https:\/\/www.mydemenageur.com\/blog\/comment-bien-declarer-ses-biens-lors-dun-demenagement\/#primaryimage\"},\"thumbnailUrl\":\"https:\/\/www.mydemenageur.com\/blog\/wp-content\/uploads\/2021\/12\/windows-fNMsyNX7yL0-unsplash.jpg\",\"datePublished\":\"2021-12-12T18:01:08+00:00\",\"dateModified\":\"2024-09-14T15:09:37+00:00\",\"description\":\"D\u00e9clarer ses biens dans un d\u00e9m\u00e9nagement : voici notre guide pour l\u2019organisation de vos biens de valeur lors de votre projet.\",\"breadcrumb\":{\"@id\":\"https:\/\/www.mydemenageur.com\/blog\/comment-bien-declarer-ses-biens-lors-dun-demenagement\/#breadcrumb\"},\"inLanguage\":\"fr-FR\",\"potentialAction\":[{\"@type\":\"ReadAction\",\"target\":[\"https:\/\/www.mydemenageur.com\/blog\/comment-bien-declarer-ses-biens-lors-dun-demenagement\/\"]}]},{\"@type\":\"ImageObject\",\"inLanguage\":\"fr-FR\",\"@id\":\"https:\/\/www.mydemenageur.com\/blog\/comment-bien-declarer-ses-biens-lors-dun-demenagement\/#primaryimage\",\"url\":\"https:\/\/www.mydemenageur.com\/blog\/wp-content\/uploads\/2021\/12\/windows-fNMsyNX7yL0-unsplash.jpg\",\"contentUrl\":\"https:\/\/www.mydemenageur.com\/blog\/wp-content\/uploads\/2021\/12\/windows-fNMsyNX7yL0-unsplash.jpg\",\"width\":2500,\"height\":1667,\"caption\":\"Personne qui d\u00e9clare c'est bien avec son assurance\"},{\"@type\":\"BreadcrumbList\",\"@id\":\"https:\/\/www.mydemenageur.com\/blog\/comment-bien-declarer-ses-biens-lors-dun-demenagement\/#breadcrumb\",\"itemListElement\":[{\"@type\":\"ListItem\",\"position\":1,\"name\":\"Accueil\",\"item\":\"https:\/\/www.mydemenageur.com\/blog\/\"},{\"@type\":\"ListItem\",\"position\":2,\"name\":\"D\u00e9marches et autorisations\",\"item\":\"https:\/\/www.mydemenageur.com\/blog\/categorie\/demarches\/\"},{\"@type\":\"ListItem\",\"position\":3,\"name\":\"Comment bien d\u00e9clarer ses biens lors d&rsquo;un d\u00e9m\u00e9nagement ?\"}]},{\"@type\":\"WebSite\",\"@id\":\"https:\/\/www.mydemenageur.com\/blog\/#website\",\"url\":\"https:\/\/www.mydemenageur.com\/blog\/\",\"name\":\"MyDemenageur\",\"description\":\"Conseils d\u00e9m\u00e9ngement entre particuliers et d\u00e9m\u00e9nagement professionnel\",\"publisher\":{\"@id\":\"https:\/\/www.mydemenageur.com\/blog\/#organization\"},\"potentialAction\":[{\"@type\":\"SearchAction\",\"target\":{\"@type\":\"EntryPoint\",\"urlTemplate\":\"https:\/\/www.mydemenageur.com\/blog\/?s={search_term_string}\"},\"query-input\":{\"@type\":\"PropertyValueSpecification\",\"valueRequired\":true,\"valueName\":\"search_term_string\"}}],\"inLanguage\":\"fr-FR\"},{\"@type\":\"Organization\",\"@id\":\"https:\/\/www.mydemenageur.com\/blog\/#organization\",\"name\":\"MyDemenageur.com\",\"url\":\"https:\/\/www.mydemenageur.com\/blog\/\",\"logo\":{\"@type\":\"ImageObject\",\"inLanguage\":\"fr-FR\",\"@id\":\"https:\/\/www.mydemenageur.com\/blog\/#\/schema\/logo\/image\/\",\"url\":\"https:\/\/www.mydemenageur.com\/blog\/wp-content\/uploads\/2022\/05\/MyDemenageur_Symbol.jpg\",\"contentUrl\":\"https:\/\/www.mydemenageur.com\/blog\/wp-content\/uploads\/2022\/05\/MyDemenageur_Symbol.jpg\",\"width\":878,\"height\":877,\"caption\":\"MyDemenageur.com\"},\"image\":{\"@id\":\"https:\/\/www.mydemenageur.com\/blog\/#\/schema\/logo\/image\/\"},\"sameAs\":[\"https:\/\/www.facebook.com\/mydemenageur\",\"https:\/\/x.com\/mydemenageur\",\"https:\/\/www.pinterest.fr\/mydemenageur\/\"]},{\"@type\":\"Person\",\"@id\":\"https:\/\/www.mydemenageur.com\/blog\/#\/schema\/person\/4540dc333c2e7dc790f0f7bcd5b99569\",\"name\":\"Mathilde\",\"image\":{\"@type\":\"ImageObject\",\"inLanguage\":\"fr-FR\",\"@id\":\"https:\/\/www.mydemenageur.com\/blog\/#\/schema\/person\/image\/\",\"url\":\"https:\/\/secure.gravatar.com\/avatar\/abde069f6f70261ee6ecea93e0437d77?s=96&#038;r=g\",\"contentUrl\":\"https:\/\/secure.gravatar.com\/avatar\/abde069f6f70261ee6ecea93e0437d77?s=96&#038;r=g\",\"caption\":\"Mathilde\"},\"description\":\"L'harmonie des couleurs et des objets m'a toujours fascin\u00e9e, transformant chaque pi\u00e8ce en un lieu unique et agr\u00e9able \u00e0 vivre. Sur MyDemenageur, vous trouverez non seulement des inspirations personnelles, mais aussi des informations r\u00e9centes sur le monde de la d\u00e9coration, les projets de maison, le d\u00e9m\u00e9nagement et les travaux.\",\"url\":\"https:\/\/www.mydemenageur.com\/blog\/author\/mathilde\/\"}]}<\/script>\n<!-- \/ Yoast SEO Premium plugin. -->","yoast_head_json":{"title":"Comment bien d\u00e9clarer ses biens lors d'un d\u00e9m\u00e9nagement ?","description":"D\u00e9clarer ses biens dans un d\u00e9m\u00e9nagement : voici notre guide pour l\u2019organisation de vos biens de valeur lors de votre projet.","robots":{"index":"index","follow":"follow","max-snippet":"max-snippet:-1","max-image-preview":"max-image-preview:large","max-video-preview":"max-video-preview:-1"},"canonical":"https:\/\/www.mydemenageur.com\/blog\/comment-bien-declarer-ses-biens-lors-dun-demenagement\/","og_locale":"fr_FR","og_type":"article","og_title":"Comment bien d\u00e9clarer ses biens lors d'un d\u00e9m\u00e9nagement ?","og_description":"D\u00e9clarer ses biens dans un d\u00e9m\u00e9nagement : voici notre guide pour l\u2019organisation de vos biens de valeur lors de votre projet.","og_url":"https:\/\/www.mydemenageur.com\/blog\/comment-bien-declarer-ses-biens-lors-dun-demenagement\/","og_site_name":"MyDemenageur","article_publisher":"https:\/\/www.facebook.com\/mydemenageur","article_published_time":"2021-12-12T18:01:08+00:00","article_modified_time":"2024-09-14T15:09:37+00:00","og_image":[{"width":2500,"height":1667,"url":"https:\/\/www.mydemenageur.com\/blog\/wp-content\/uploads\/2021\/12\/windows-fNMsyNX7yL0-unsplash.jpg","type":"image\/jpeg"}],"author":"Mathilde","twitter_card":"summary_large_image","twitter_creator":"@mydemenageur","twitter_site":"@mydemenageur","twitter_misc":{"\u00c9crit par":"Mathilde","Dur\u00e9e de lecture estim\u00e9e":"9 minutes"},"schema":{"@context":"https:\/\/schema.org","@graph":[{"@type":"Article","@id":"https:\/\/www.mydemenageur.com\/blog\/comment-bien-declarer-ses-biens-lors-dun-demenagement\/#article","isPartOf":{"@id":"https:\/\/www.mydemenageur.com\/blog\/comment-bien-declarer-ses-biens-lors-dun-demenagement\/"},"author":{"name":"Mathilde","@id":"https:\/\/www.mydemenageur.com\/blog\/#\/schema\/person\/4540dc333c2e7dc790f0f7bcd5b99569"},"headline":"Comment bien d\u00e9clarer ses biens lors d&rsquo;un d\u00e9m\u00e9nagement ?","datePublished":"2021-12-12T18:01:08+00:00","dateModified":"2024-09-14T15:09:37+00:00","mainEntityOfPage":{"@id":"https:\/\/www.mydemenageur.com\/blog\/comment-bien-declarer-ses-biens-lors-dun-demenagement\/"},"wordCount":1849,"publisher":{"@id":"https:\/\/www.mydemenageur.com\/blog\/#organization"},"image":{"@id":"https:\/\/www.mydemenageur.com\/blog\/comment-bien-declarer-ses-biens-lors-dun-demenagement\/#primaryimage"},"thumbnailUrl":"https:\/\/www.mydemenageur.com\/blog\/wp-content\/uploads\/2021\/12\/windows-fNMsyNX7yL0-unsplash.jpg","articleSection":["D\u00e9marches et autorisations"],"inLanguage":"fr-FR"},{"@type":"WebPage","@id":"https:\/\/www.mydemenageur.com\/blog\/comment-bien-declarer-ses-biens-lors-dun-demenagement\/","url":"https:\/\/www.mydemenageur.com\/blog\/comment-bien-declarer-ses-biens-lors-dun-demenagement\/","name":"Comment bien d\u00e9clarer ses biens lors d'un d\u00e9m\u00e9nagement ?","isPartOf":{"@id":"https:\/\/www.mydemenageur.com\/blog\/#website"},"primaryImageOfPage":{"@id":"https:\/\/www.mydemenageur.com\/blog\/comment-bien-declarer-ses-biens-lors-dun-demenagement\/#primaryimage"},"image":{"@id":"https:\/\/www.mydemenageur.com\/blog\/comment-bien-declarer-ses-biens-lors-dun-demenagement\/#primaryimage"},"thumbnailUrl":"https:\/\/www.mydemenageur.com\/blog\/wp-content\/uploads\/2021\/12\/windows-fNMsyNX7yL0-unsplash.jpg","datePublished":"2021-12-12T18:01:08+00:00","dateModified":"2024-09-14T15:09:37+00:00","description":"D\u00e9clarer ses biens dans un d\u00e9m\u00e9nagement : voici notre guide pour l\u2019organisation de vos biens de valeur lors de votre projet.","breadcrumb":{"@id":"https:\/\/www.mydemenageur.com\/blog\/comment-bien-declarer-ses-biens-lors-dun-demenagement\/#breadcrumb"},"inLanguage":"fr-FR","potentialAction":[{"@type":"ReadAction","target":["https:\/\/www.mydemenageur.com\/blog\/comment-bien-declarer-ses-biens-lors-dun-demenagement\/"]}]},{"@type":"ImageObject","inLanguage":"fr-FR","@id":"https:\/\/www.mydemenageur.com\/blog\/comment-bien-declarer-ses-biens-lors-dun-demenagement\/#primaryimage","url":"https:\/\/www.mydemenageur.com\/blog\/wp-content\/uploads\/2021\/12\/windows-fNMsyNX7yL0-unsplash.jpg","contentUrl":"https:\/\/www.mydemenageur.com\/blog\/wp-content\/uploads\/2021\/12\/windows-fNMsyNX7yL0-unsplash.jpg","width":2500,"height":1667,"caption":"Personne qui d\u00e9clare c'est bien avec son assurance"},{"@type":"BreadcrumbList","@id":"https:\/\/www.mydemenageur.com\/blog\/comment-bien-declarer-ses-biens-lors-dun-demenagement\/#breadcrumb","itemListElement":[{"@type":"ListItem","position":1,"name":"Accueil","item":"https:\/\/www.mydemenageur.com\/blog\/"},{"@type":"ListItem","position":2,"name":"D\u00e9marches et autorisations","item":"https:\/\/www.mydemenageur.com\/blog\/categorie\/demarches\/"},{"@type":"ListItem","position":3,"name":"Comment bien d\u00e9clarer ses biens lors d&rsquo;un d\u00e9m\u00e9nagement ?"}]},{"@type":"WebSite","@id":"https:\/\/www.mydemenageur.com\/blog\/#website","url":"https:\/\/www.mydemenageur.com\/blog\/","name":"MyDemenageur","description":"Conseils d\u00e9m\u00e9ngement entre particuliers et d\u00e9m\u00e9nagement professionnel","publisher":{"@id":"https:\/\/www.mydemenageur.com\/blog\/#organization"},"potentialAction":[{"@type":"SearchAction","target":{"@type":"EntryPoint","urlTemplate":"https:\/\/www.mydemenageur.com\/blog\/?s={search_term_string}"},"query-input":{"@type":"PropertyValueSpecification","valueRequired":true,"valueName":"search_term_string"}}],"inLanguage":"fr-FR"},{"@type":"Organization","@id":"https:\/\/www.mydemenageur.com\/blog\/#organization","name":"MyDemenageur.com","url":"https:\/\/www.mydemenageur.com\/blog\/","logo":{"@type":"ImageObject","inLanguage":"fr-FR","@id":"https:\/\/www.mydemenageur.com\/blog\/#\/schema\/logo\/image\/","url":"https:\/\/www.mydemenageur.com\/blog\/wp-content\/uploads\/2022\/05\/MyDemenageur_Symbol.jpg","contentUrl":"https:\/\/www.mydemenageur.com\/blog\/wp-content\/uploads\/2022\/05\/MyDemenageur_Symbol.jpg","width":878,"height":877,"caption":"MyDemenageur.com"},"image":{"@id":"https:\/\/www.mydemenageur.com\/blog\/#\/schema\/logo\/image\/"},"sameAs":["https:\/\/www.facebook.com\/mydemenageur","https:\/\/x.com\/mydemenageur","https:\/\/www.pinterest.fr\/mydemenageur\/"]},{"@type":"Person","@id":"https:\/\/www.mydemenageur.com\/blog\/#\/schema\/person\/4540dc333c2e7dc790f0f7bcd5b99569","name":"Mathilde","image":{"@type":"ImageObject","inLanguage":"fr-FR","@id":"https:\/\/www.mydemenageur.com\/blog\/#\/schema\/person\/image\/","url":"https:\/\/secure.gravatar.com\/avatar\/abde069f6f70261ee6ecea93e0437d77?s=96&#038;r=g","contentUrl":"https:\/\/secure.gravatar.com\/avatar\/abde069f6f70261ee6ecea93e0437d77?s=96&#038;r=g","caption":"Mathilde"},"description":"L'harmonie des couleurs et des objets m'a toujours fascin\u00e9e, transformant chaque pi\u00e8ce en un lieu unique et agr\u00e9able \u00e0 vivre. Sur MyDemenageur, vous trouverez non seulement des inspirations personnelles, mais aussi des informations r\u00e9centes sur le monde de la d\u00e9coration, les projets de maison, le d\u00e9m\u00e9nagement et les travaux.","url":"https:\/\/www.mydemenageur.com\/blog\/author\/mathilde\/"}]}},"modified_by":"MyDemenageur","_links":{"self":[{"href":"https:\/\/www.mydemenageur.com\/blog\/wp-json\/wp\/v2\/posts\/24347"}],"collection":[{"href":"https:\/\/www.mydemenageur.com\/blog\/wp-json\/wp\/v2\/posts"}],"about":[{"href":"https:\/\/www.mydemenageur.com\/blog\/wp-json\/wp\/v2\/types\/post"}],"author":[{"embeddable":true,"href":"https:\/\/www.mydemenageur.com\/blog\/wp-json\/wp\/v2\/users\/11"}],"replies":[{"embeddable":true,"href":"https:\/\/www.mydemenageur.com\/blog\/wp-json\/wp\/v2\/comments?post=24347"}],"version-history":[{"count":0,"href":"https:\/\/www.mydemenageur.com\/blog\/wp-json\/wp\/v2\/posts\/24347\/revisions"}],"wp:featuredmedia":[{"embeddable":true,"href":"https:\/\/www.mydemenageur.com\/blog\/wp-json\/wp\/v2\/media\/24349"}],"wp:attachment":[{"href":"https:\/\/www.mydemenageur.com\/blog\/wp-json\/wp\/v2\/media?parent=24347"}],"wp:term":[{"taxonomy":"category","embeddable":true,"href":"https:\/\/www.mydemenageur.com\/blog\/wp-json\/wp\/v2\/categories?post=24347"},{"taxonomy":"post_tag","embeddable":true,"href":"https:\/\/www.mydemenageur.com\/blog\/wp-json\/wp\/v2\/tags?post=24347"}],"curies":[{"name":"wp","href":"https:\/\/api.w.org\/{rel}","templated":true}]}}