{"id":2485,"date":"2021-03-19T14:23:47","date_gmt":"2021-03-19T14:23:47","guid":{"rendered":"https:\/\/www.mydemenageur.com\/blog\/?p=2485"},"modified":"2024-09-14T15:32:44","modified_gmt":"2024-09-14T15:32:44","slug":"le-demenagement-entre-amis-quelques-conseils","status":"publish","type":"post","link":"https:\/\/www.mydemenageur.com\/blog\/le-demenagement-entre-amis-quelques-conseils\/","title":{"rendered":"Le d\u00e9m\u00e9nagement entre amis : quelques conseils"},"content":{"rendered":"<p>Depuis le deuxi\u00e8me confinement, il est d\u00e9sormais possible de faire appel \u00e0 des amis si vous songez \u00e0 <a href=\"https:\/\/www.mydemenageur.com\/blog\/transport\/\">d\u00e9m\u00e9nager<\/a>. Il est seulement recommand\u00e9 de solliciter 6 personnes maximum selon le minist\u00e8re du Logement. C\u2019est une nouvelle disposition qui est effective depuis le 6 novembre 2020. Il vous faut un acte de vente ou un contrat de bail en guise de pi\u00e8ce justificative tout en cochant la case \u00ab\u00a0motif familial imp\u00e9rieux\u00a0\u00bb sur l\u2019attestation de d\u00e9placement. D\u00e9couvrez dans les lignes qui suivent les conseils \u00e0 prendre en compte lors d\u2019un <strong>d\u00e9m\u00e9nagement entre amis.<\/strong><!--more--><\/p>\n<p><img decoding=\"async\" class=\"alignnone size-full wp-image-2504\" src=\"https:\/\/www.mydemenageur.com\/blog\/wp-content\/uploads\/2021\/03\/couple-emmenager-dans-nouvelle-maison_53876-20668.jpg\" alt=\"couple qui d\u00e9m\u00e9nage\" width=\"626\" height=\"419\" srcset=\"https:\/\/www.mydemenageur.com\/blog\/wp-content\/uploads\/2021\/03\/couple-emmenager-dans-nouvelle-maison_53876-20668.jpg 626w, https:\/\/www.mydemenageur.com\/blog\/wp-content\/uploads\/2021\/03\/couple-emmenager-dans-nouvelle-maison_53876-20668-300x201.jpg 300w\" sizes=\"(max-width: 626px) 100vw, 626px\" \/><\/p>\n<div id=\"ez-toc-container\" class=\"ez-toc-v2_0_82_2 counter-hierarchy ez-toc-counter ez-toc-custom ez-toc-container-direction\">\n<div class=\"ez-toc-title-container\">\n<p class=\"ez-toc-title\" style=\"cursor:inherit\">Ce que vous allez apprendre<\/p>\n<span class=\"ez-toc-title-toggle\"><\/span><\/div>\n<nav><ul class='ez-toc-list ez-toc-list-level-1 ' ><li class='ez-toc-page-1 ez-toc-heading-level-2'><a class=\"ez-toc-link ez-toc-heading-1\" href=\"https:\/\/www.mydemenageur.com\/blog\/le-demenagement-entre-amis-quelques-conseils\/#les-preparatifs-indispensables\" >Les pr\u00e9paratifs indispensables<\/a><ul class='ez-toc-list-level-3' ><li class='ez-toc-heading-level-3'><a class=\"ez-toc-link ez-toc-heading-2\" href=\"https:\/\/www.mydemenageur.com\/blog\/le-demenagement-entre-amis-quelques-conseils\/#reunir-les-equipements-necessaires\" >R\u00e9unir les \u00e9quipements n\u00e9cessaires<\/a><\/li><li class='ez-toc-page-1 ez-toc-heading-level-3'><a class=\"ez-toc-link ez-toc-heading-3\" href=\"https:\/\/www.mydemenageur.com\/blog\/le-demenagement-entre-amis-quelques-conseils\/#emballer-les-affaires-les-moins-utilisees\" >Emballer les affaires les moins utilis\u00e9es<\/a><\/li><\/ul><\/li><li class='ez-toc-page-1 ez-toc-heading-level-2'><a class=\"ez-toc-link ez-toc-heading-4\" href=\"https:\/\/www.mydemenageur.com\/blog\/le-demenagement-entre-amis-quelques-conseils\/#lassurance-pratique-pour-votre-demenagement\" >L\u2019assurance pratique pour votre d\u00e9m\u00e9nagement<\/a><ul class='ez-toc-list-level-3' ><li class='ez-toc-heading-level-3'><a class=\"ez-toc-link ez-toc-heading-5\" href=\"https:\/\/www.mydemenageur.com\/blog\/le-demenagement-entre-amis-quelques-conseils\/#lassurance-multirisque-habitation-mrh\" >L\u2019assurance multirisque habitation (MRH)<\/a><\/li><li class='ez-toc-page-1 ez-toc-heading-level-3'><a class=\"ez-toc-link ez-toc-heading-6\" href=\"https:\/\/www.mydemenageur.com\/blog\/le-demenagement-entre-amis-quelques-conseils\/#la-garantie-responsabilite-civile-rc\" >La garantie Responsabilit\u00e9 civile (RC)<\/a><\/li><li class='ez-toc-page-1 ez-toc-heading-level-3'><a class=\"ez-toc-link ez-toc-heading-7\" href=\"https:\/\/www.mydemenageur.com\/blog\/le-demenagement-entre-amis-quelques-conseils\/#la-garantie-aide-benevole-momentanee\" >La garantie aide b\u00e9n\u00e9vole momentan\u00e9e<\/a><\/li><\/ul><\/li><li class='ez-toc-page-1 ez-toc-heading-level-2'><a class=\"ez-toc-link ez-toc-heading-8\" href=\"https:\/\/www.mydemenageur.com\/blog\/le-demenagement-entre-amis-quelques-conseils\/#le-partage-des-taches-entre-amis\" >Le partage des t\u00e2ches entre amis<\/a><\/li><li class='ez-toc-page-1 ez-toc-heading-level-2'><a class=\"ez-toc-link ez-toc-heading-9\" href=\"https:\/\/www.mydemenageur.com\/blog\/le-demenagement-entre-amis-quelques-conseils\/#le-moyen-pour-remercier-vos-amis\" >Le moyen pour remercier vos amis<\/a><\/li><\/ul><\/nav><\/div>\n<h2><span class=\"ez-toc-section\" id=\"les-preparatifs-indispensables\"><\/span>Les pr\u00e9paratifs indispensables<span class=\"ez-toc-section-end\"><\/span><\/h2>\n<p>Il est conseill\u00e9 de bien vous pr\u00e9parer tant sur le plan mat\u00e9riel que sur le plan physique pour votre d\u00e9m\u00e9nagement.<\/p>\n<h3><span class=\"ez-toc-section\" id=\"reunir-les-equipements-necessaires\"><\/span>R\u00e9unir les \u00e9quipements n\u00e9cessaires<span class=\"ez-toc-section-end\"><\/span><\/h3>\n<p>En effet, prenez bien le temps de r\u00e9unir tous les \u00e9quipements dont vous aurez besoin pour ranger vos affaires. Il s\u2019agit ici des cartons pour emballer vos affaires, des rouleaux adh\u00e9sifs pour fermer les cartons, des rouleaux de papier bulle, des ciseaux et des feutres. Vous aurez \u00e9galement besoin de votre bo\u00eete \u00e0 outils pour d\u00e9monter les meubles. Et pensez \u00e9galement \u00e0 vous munir de croisillons pour ranger vos assiettes et vos verres. Les magasins proposent des kits complets afin de faciliter votre d\u00e9m\u00e9nagement.<br \/>\nPr\u00e9voyez de d\u00e9givrer votre r\u00e9frig\u00e9rateur 4 jours avant le jour J. Cela vous permettra de le nettoyer avant de d\u00e9m\u00e9nager.<\/p>\n<h3><span class=\"ez-toc-section\" id=\"emballer-les-affaires-les-moins-utilisees\"><\/span>Emballer les affaires les moins utilis\u00e9es<span class=\"ez-toc-section-end\"><\/span><\/h3>\n<p>Si vous avez des biens que vous utilisez rarement, vous pouvez les ranger petit \u00e0 petit afin de gagner plus de temps. Gardez uniquement le strict minimum dont vous avez besoin et que vous pourrez facilement emballer le jour J. Indiquez \u00e0 l\u2019aide d\u2019un feutre le contenu de chaque carton et la pi\u00e8ce o\u00f9 il sera d\u00e9pos\u00e9. Cela facilitera votre d\u00e9ballage une fois dans la nouvelle maison. Indiquez \u00e9galement lisiblement si c\u2019est fragile afin d\u2019indiquer \u00e0 vos amis d\u00e9m\u00e9nageurs de bien faire attention lors du d\u00e9m\u00e9nagement. D\u00e9posez vos cartons les plus lourds \u00e0 proximit\u00e9 de la sortie afin qu\u2019ils puissent \u00eatre rang\u00e9s en premier dans le camion le jour J.<\/p>\n<h2><span class=\"ez-toc-section\" id=\"lassurance-pratique-pour-votre-demenagement\"><\/span>L\u2019assurance pratique pour votre d\u00e9m\u00e9nagement<span class=\"ez-toc-section-end\"><\/span><\/h2>\n<p>Au moment de votre d\u00e9m\u00e9nagement, vous avez l\u2019obligation de tenir au courant votre compagnie d\u2019assurance. Il est par ailleurs recommand\u00e9 de <a href=\"https:\/\/www.toutsurmesfinances.com\/assurance\/quelle-assurance-pour-mon-demenagement.html\">consulter le type d\u2019assurance<\/a> qui permettra de couvrir \u00e9galement vos amis lors de votre <strong>d\u00e9m\u00e9nagement entre amis<\/strong>.<\/p>\n<h3><span class=\"ez-toc-section\" id=\"lassurance-multirisque-habitation-mrh\"><\/span>L\u2019assurance multirisque habitation (MRH)<span class=\"ez-toc-section-end\"><\/span><\/h3>\n<p>Il s\u2019agit ici d\u2019une assurance qui vous couvre et prot\u00e8ge votre patrimoine en cas d\u2019accident involontaire ou en cas de sinistre. Sont couverts par l\u2019assurance multirisque habitation les dommages qui peuvent affecter vos biens comme un incendie, un accident de voiture durant le d\u00e9m\u00e9nagement, un cambriolage ou une catastrophe naturelle.<\/p>\n<h3><span class=\"ez-toc-section\" id=\"la-garantie-responsabilite-civile-rc\"><\/span>La garantie Responsabilit\u00e9 civile (RC)<span class=\"ez-toc-section-end\"><\/span><\/h3>\n<p>Les dommages caus\u00e9s \u00e0 un tiers, qu\u2019ils soient corporels ou mat\u00e9riels, seront pris en charge par l\u2019assurance. Avec la Responsabilit\u00e9 civile, vous serez prot\u00e9g\u00e9s de tous types de n\u00e9gligence ou d\u2019accident qui pourrait se pr\u00e9senter lors de votre d\u00e9m\u00e9nagement. Cette assurance est syst\u00e9matiquement incluse dans l\u2019assurance multirisque habitation.<\/p>\n<h3><span class=\"ez-toc-section\" id=\"la-garantie-aide-benevole-momentanee\"><\/span>La garantie aide b\u00e9n\u00e9vole momentan\u00e9e<span class=\"ez-toc-section-end\"><\/span><\/h3>\n<p>Normalement, ce type d\u2019assurance est \u00e9galement inclus dans votre assurance multirisque habitation. Cependant, mieux vaut relire votre contrat d\u2019assurance avant d\u2019engager vos amis pour le d\u00e9m\u00e9nagement afin de v\u00e9rifier si elle y figure. Si c\u2019est le cas, vous serez prot\u00e9g\u00e9 en cas d\u2019accident d\u2019un tiers ou en cas d\u2019accidents involontaires des mat\u00e9riels comme la d\u00e9chirure d\u2019un carton, ou autre.<\/p>\n<h2><span class=\"ez-toc-section\" id=\"le-partage-des-taches-entre-amis\"><\/span>Le partage des t\u00e2ches entre amis<span class=\"ez-toc-section-end\"><\/span><\/h2>\n<p>Une fois que tout est en ordre, r\u00e9partissez les t\u00e2ches afin de mieux organiser votre <strong>d\u00e9m\u00e9nagement entre amis<\/strong>. Comme indiqu\u00e9 par le minist\u00e8re du Logement, 6 personnes maximum sont autoris\u00e9es pour vous aider. De ce fait, pr\u00e9voyez un chauffeur, un coordinateur pour le chargement du camion d\u00e9m\u00e9nageur et des \u00e9quipes pour porter les meubles et appareils \u00e9lectrom\u00e9nagers comme le r\u00e9frig\u00e9rateur ou la gazini\u00e8re, la machine \u00e0 laver ou le lave-vaisselle. Choisissez \u00e9galement une personne pour vous aider dans le d\u00e9placement des cartons et des plantes et autres t\u00e2ches de v\u00e9rification.<br \/>\n<img decoding=\"async\" class=\"alignnone size-full wp-image-2505\" src=\"https:\/\/www.mydemenageur.com\/blog\/wp-content\/uploads\/2021\/03\/amis-boire-biere-manger-pizza_329181-8963.jpg\" alt=\"repas entre amis\" width=\"626\" height=\"417\" srcset=\"https:\/\/www.mydemenageur.com\/blog\/wp-content\/uploads\/2021\/03\/amis-boire-biere-manger-pizza_329181-8963.jpg 626w, https:\/\/www.mydemenageur.com\/blog\/wp-content\/uploads\/2021\/03\/amis-boire-biere-manger-pizza_329181-8963-300x200.jpg 300w\" sizes=\"(max-width: 626px) 100vw, 626px\" \/><\/p>\n<h2><span class=\"ez-toc-section\" id=\"le-moyen-pour-remercier-vos-amis\"><\/span>Le moyen pour remercier vos amis<span class=\"ez-toc-section-end\"><\/span><\/h2>\n<p>Programmez une journ\u00e9e pour effectuer vos courses, afin d\u2019acheter des collations pour vos amis d\u00e9m\u00e9nageurs ainsi que de quoi manger pour le petit d\u00e9jeuner avant le travail. En effet, commencer la journ\u00e9e ensemble autour d\u2019un bon petit d\u00e9jeuner permettra de cr\u00e9er une ambiance plus conviviale entre vous et vos amis. Les collations doivent \u00eatre \u00e0 port\u00e9e de main afin que chacun puisse se servir d\u00e8s qu\u2019il en aura besoin. L\u2019important est de profiter de cette journ\u00e9e ensemble et de faire en sorte que vous passiez un moment de qualit\u00e9 m\u00e9morable entre amis.<br \/>\nUne fois le d\u00e9m\u00e9nagement fini, pr\u00e9voyez une sortie avec vos amis afin de les remercier. C\u2019est tr\u00e8s important si vous songez \u00e0 garder un bon contact avec eux\u00a0! Invitez-les dans un bon restaurant, payez-leur une journ\u00e9e dans un parc d\u2019attractions, ou pourquoi pas passer un week-end entre vous\u00a0? En tout cas, manifestez-leur votre reconnaissance pour le temps qu\u2019ils auront pris pour vous. Et bien s\u00fbr, n\u2019oubliez pas de les inviter \u00e0 votre pendaison de cr\u00e9maill\u00e8re\u00a0!<\/p>\n","protected":false},"excerpt":{"rendered":"<p>Depuis le deuxi\u00e8me confinement, il est d\u00e9sormais possible de faire appel \u00e0 des amis si vous songez \u00e0 d\u00e9m\u00e9nager. Il<\/p>\n","protected":false},"author":11,"featured_media":21542,"comment_status":"closed","ping_status":"closed","sticky":false,"template":"","format":"standard","meta":{"_lmt_disableupdate":"no","_lmt_disable":"no","footnotes":""},"categories":[106],"tags":[],"yoast_head":"<!-- This site is optimized with the Yoast SEO Premium plugin v24.2 (Yoast SEO v24.5) - https:\/\/yoast.com\/wordpress\/plugins\/seo\/ -->\n<title>Le d\u00e9m\u00e9nagement entre amis : quelques conseils<\/title>\n<meta name=\"description\" content=\"Vous souhaitez faire appel \u00e0 vos amis pour d\u00e9m\u00e9nager? Nous vous donnons tous les conseils pour que cela soit une r\u00e9ussite.\" \/>\n<meta name=\"robots\" content=\"index, follow, max-snippet:-1, max-image-preview:large, max-video-preview:-1\" \/>\n<link rel=\"canonical\" href=\"https:\/\/www.mydemenageur.com\/blog\/le-demenagement-entre-amis-quelques-conseils\/\" \/>\n<meta property=\"og:locale\" content=\"fr_FR\" \/>\n<meta property=\"og:type\" content=\"article\" \/>\n<meta property=\"og:title\" content=\"Le d\u00e9m\u00e9nagement entre amis : quelques conseils\" \/>\n<meta property=\"og:description\" content=\"Vous souhaitez faire appel \u00e0 vos amis pour d\u00e9m\u00e9nager? Nous vous donnons tous les conseils pour que cela soit une r\u00e9ussite.\" \/>\n<meta property=\"og:url\" content=\"https:\/\/www.mydemenageur.com\/blog\/le-demenagement-entre-amis-quelques-conseils\/\" \/>\n<meta property=\"og:site_name\" content=\"MyDemenageur\" \/>\n<meta property=\"article:publisher\" content=\"https:\/\/www.facebook.com\/mydemenageur\" \/>\n<meta property=\"article:published_time\" content=\"2021-03-19T14:23:47+00:00\" \/>\n<meta property=\"article:modified_time\" content=\"2024-09-14T15:32:44+00:00\" \/>\n<meta property=\"og:image\" content=\"https:\/\/www.mydemenageur.com\/blog\/wp-content\/uploads\/2021\/03\/conseils-demenagement-amis.jpeg\" \/>\n\t<meta property=\"og:image:width\" content=\"1000\" \/>\n\t<meta property=\"og:image:height\" content=\"666\" \/>\n\t<meta property=\"og:image:type\" content=\"image\/jpeg\" \/>\n<meta name=\"author\" content=\"Mathilde\" \/>\n<meta name=\"twitter:card\" content=\"summary_large_image\" \/>\n<meta name=\"twitter:creator\" content=\"@mydemenageur\" \/>\n<meta name=\"twitter:site\" content=\"@mydemenageur\" \/>\n<meta name=\"twitter:label1\" content=\"\u00c9crit par\" \/>\n\t<meta name=\"twitter:data1\" content=\"Mathilde\" \/>\n\t<meta name=\"twitter:label2\" content=\"Dur\u00e9e de lecture estim\u00e9e\" \/>\n\t<meta name=\"twitter:data2\" content=\"5 minutes\" \/>\n<script type=\"application\/ld+json\" class=\"yoast-schema-graph\">{\"@context\":\"https:\/\/schema.org\",\"@graph\":[{\"@type\":\"Article\",\"@id\":\"https:\/\/www.mydemenageur.com\/blog\/le-demenagement-entre-amis-quelques-conseils\/#article\",\"isPartOf\":{\"@id\":\"https:\/\/www.mydemenageur.com\/blog\/le-demenagement-entre-amis-quelques-conseils\/\"},\"author\":{\"name\":\"Mathilde\",\"@id\":\"https:\/\/www.mydemenageur.com\/blog\/#\/schema\/person\/4540dc333c2e7dc790f0f7bcd5b99569\"},\"headline\":\"Le d\u00e9m\u00e9nagement entre amis : quelques conseils\",\"datePublished\":\"2021-03-19T14:23:47+00:00\",\"dateModified\":\"2024-09-14T15:32:44+00:00\",\"mainEntityOfPage\":{\"@id\":\"https:\/\/www.mydemenageur.com\/blog\/le-demenagement-entre-amis-quelques-conseils\/\"},\"wordCount\":951,\"publisher\":{\"@id\":\"https:\/\/www.mydemenageur.com\/blog\/#organization\"},\"image\":{\"@id\":\"https:\/\/www.mydemenageur.com\/blog\/le-demenagement-entre-amis-quelques-conseils\/#primaryimage\"},\"thumbnailUrl\":\"https:\/\/www.mydemenageur.com\/blog\/wp-content\/uploads\/2021\/03\/conseils-demenagement-amis.jpeg\",\"articleSection\":[\"D\u00e9m\u00e9nagement\"],\"inLanguage\":\"fr-FR\"},{\"@type\":\"WebPage\",\"@id\":\"https:\/\/www.mydemenageur.com\/blog\/le-demenagement-entre-amis-quelques-conseils\/\",\"url\":\"https:\/\/www.mydemenageur.com\/blog\/le-demenagement-entre-amis-quelques-conseils\/\",\"name\":\"Le d\u00e9m\u00e9nagement entre amis : quelques conseils\",\"isPartOf\":{\"@id\":\"https:\/\/www.mydemenageur.com\/blog\/#website\"},\"primaryImageOfPage\":{\"@id\":\"https:\/\/www.mydemenageur.com\/blog\/le-demenagement-entre-amis-quelques-conseils\/#primaryimage\"},\"image\":{\"@id\":\"https:\/\/www.mydemenageur.com\/blog\/le-demenagement-entre-amis-quelques-conseils\/#primaryimage\"},\"thumbnailUrl\":\"https:\/\/www.mydemenageur.com\/blog\/wp-content\/uploads\/2021\/03\/conseils-demenagement-amis.jpeg\",\"datePublished\":\"2021-03-19T14:23:47+00:00\",\"dateModified\":\"2024-09-14T15:32:44+00:00\",\"description\":\"Vous souhaitez faire appel \u00e0 vos amis pour d\u00e9m\u00e9nager? Nous vous donnons tous les conseils pour que cela soit une r\u00e9ussite.\",\"breadcrumb\":{\"@id\":\"https:\/\/www.mydemenageur.com\/blog\/le-demenagement-entre-amis-quelques-conseils\/#breadcrumb\"},\"inLanguage\":\"fr-FR\",\"potentialAction\":[{\"@type\":\"ReadAction\",\"target\":[\"https:\/\/www.mydemenageur.com\/blog\/le-demenagement-entre-amis-quelques-conseils\/\"]}]},{\"@type\":\"ImageObject\",\"inLanguage\":\"fr-FR\",\"@id\":\"https:\/\/www.mydemenageur.com\/blog\/le-demenagement-entre-amis-quelques-conseils\/#primaryimage\",\"url\":\"https:\/\/www.mydemenageur.com\/blog\/wp-content\/uploads\/2021\/03\/conseils-demenagement-amis.jpeg\",\"contentUrl\":\"https:\/\/www.mydemenageur.com\/blog\/wp-content\/uploads\/2021\/03\/conseils-demenagement-amis.jpeg\",\"width\":1000,\"height\":666,\"caption\":\"Le d\u00e9m\u00e9nagement entre amis : quelques conseils\"},{\"@type\":\"BreadcrumbList\",\"@id\":\"https:\/\/www.mydemenageur.com\/blog\/le-demenagement-entre-amis-quelques-conseils\/#breadcrumb\",\"itemListElement\":[{\"@type\":\"ListItem\",\"position\":1,\"name\":\"Accueil\",\"item\":\"https:\/\/www.mydemenageur.com\/blog\/\"},{\"@type\":\"ListItem\",\"position\":2,\"name\":\"D\u00e9m\u00e9nagement\",\"item\":\"https:\/\/www.mydemenageur.com\/blog\/categorie\/transport\/\"},{\"@type\":\"ListItem\",\"position\":3,\"name\":\"Le d\u00e9m\u00e9nagement entre amis : quelques conseils\"}]},{\"@type\":\"WebSite\",\"@id\":\"https:\/\/www.mydemenageur.com\/blog\/#website\",\"url\":\"https:\/\/www.mydemenageur.com\/blog\/\",\"name\":\"MyDemenageur\",\"description\":\"Conseils d\u00e9m\u00e9ngement entre particuliers et d\u00e9m\u00e9nagement professionnel\",\"publisher\":{\"@id\":\"https:\/\/www.mydemenageur.com\/blog\/#organization\"},\"potentialAction\":[{\"@type\":\"SearchAction\",\"target\":{\"@type\":\"EntryPoint\",\"urlTemplate\":\"https:\/\/www.mydemenageur.com\/blog\/?s={search_term_string}\"},\"query-input\":{\"@type\":\"PropertyValueSpecification\",\"valueRequired\":true,\"valueName\":\"search_term_string\"}}],\"inLanguage\":\"fr-FR\"},{\"@type\":\"Organization\",\"@id\":\"https:\/\/www.mydemenageur.com\/blog\/#organization\",\"name\":\"MyDemenageur.com\",\"url\":\"https:\/\/www.mydemenageur.com\/blog\/\",\"logo\":{\"@type\":\"ImageObject\",\"inLanguage\":\"fr-FR\",\"@id\":\"https:\/\/www.mydemenageur.com\/blog\/#\/schema\/logo\/image\/\",\"url\":\"https:\/\/www.mydemenageur.com\/blog\/wp-content\/uploads\/2022\/05\/MyDemenageur_Symbol.jpg\",\"contentUrl\":\"https:\/\/www.mydemenageur.com\/blog\/wp-content\/uploads\/2022\/05\/MyDemenageur_Symbol.jpg\",\"width\":878,\"height\":877,\"caption\":\"MyDemenageur.com\"},\"image\":{\"@id\":\"https:\/\/www.mydemenageur.com\/blog\/#\/schema\/logo\/image\/\"},\"sameAs\":[\"https:\/\/www.facebook.com\/mydemenageur\",\"https:\/\/x.com\/mydemenageur\",\"https:\/\/www.pinterest.fr\/mydemenageur\/\"]},{\"@type\":\"Person\",\"@id\":\"https:\/\/www.mydemenageur.com\/blog\/#\/schema\/person\/4540dc333c2e7dc790f0f7bcd5b99569\",\"name\":\"Mathilde\",\"image\":{\"@type\":\"ImageObject\",\"inLanguage\":\"fr-FR\",\"@id\":\"https:\/\/www.mydemenageur.com\/blog\/#\/schema\/person\/image\/\",\"url\":\"https:\/\/secure.gravatar.com\/avatar\/abde069f6f70261ee6ecea93e0437d77?s=96&#038;r=g\",\"contentUrl\":\"https:\/\/secure.gravatar.com\/avatar\/abde069f6f70261ee6ecea93e0437d77?s=96&#038;r=g\",\"caption\":\"Mathilde\"},\"description\":\"L'harmonie des couleurs et des objets m'a toujours fascin\u00e9e, transformant chaque pi\u00e8ce en un lieu unique et agr\u00e9able \u00e0 vivre. Sur MyDemenageur, vous trouverez non seulement des inspirations personnelles, mais aussi des informations r\u00e9centes sur le monde de la d\u00e9coration, les projets de maison, le d\u00e9m\u00e9nagement et les travaux.\",\"url\":\"https:\/\/www.mydemenageur.com\/blog\/author\/mathilde\/\"}]}<\/script>\n<!-- \/ Yoast SEO Premium plugin. -->","yoast_head_json":{"title":"Le d\u00e9m\u00e9nagement entre amis : quelques conseils","description":"Vous souhaitez faire appel \u00e0 vos amis pour d\u00e9m\u00e9nager? Nous vous donnons tous les conseils pour que cela soit une r\u00e9ussite.","robots":{"index":"index","follow":"follow","max-snippet":"max-snippet:-1","max-image-preview":"max-image-preview:large","max-video-preview":"max-video-preview:-1"},"canonical":"https:\/\/www.mydemenageur.com\/blog\/le-demenagement-entre-amis-quelques-conseils\/","og_locale":"fr_FR","og_type":"article","og_title":"Le d\u00e9m\u00e9nagement entre amis : quelques conseils","og_description":"Vous souhaitez faire appel \u00e0 vos amis pour d\u00e9m\u00e9nager? Nous vous donnons tous les conseils pour que cela soit une r\u00e9ussite.","og_url":"https:\/\/www.mydemenageur.com\/blog\/le-demenagement-entre-amis-quelques-conseils\/","og_site_name":"MyDemenageur","article_publisher":"https:\/\/www.facebook.com\/mydemenageur","article_published_time":"2021-03-19T14:23:47+00:00","article_modified_time":"2024-09-14T15:32:44+00:00","og_image":[{"width":1000,"height":666,"url":"https:\/\/www.mydemenageur.com\/blog\/wp-content\/uploads\/2021\/03\/conseils-demenagement-amis.jpeg","type":"image\/jpeg"}],"author":"Mathilde","twitter_card":"summary_large_image","twitter_creator":"@mydemenageur","twitter_site":"@mydemenageur","twitter_misc":{"\u00c9crit par":"Mathilde","Dur\u00e9e de lecture estim\u00e9e":"5 minutes"},"schema":{"@context":"https:\/\/schema.org","@graph":[{"@type":"Article","@id":"https:\/\/www.mydemenageur.com\/blog\/le-demenagement-entre-amis-quelques-conseils\/#article","isPartOf":{"@id":"https:\/\/www.mydemenageur.com\/blog\/le-demenagement-entre-amis-quelques-conseils\/"},"author":{"name":"Mathilde","@id":"https:\/\/www.mydemenageur.com\/blog\/#\/schema\/person\/4540dc333c2e7dc790f0f7bcd5b99569"},"headline":"Le d\u00e9m\u00e9nagement entre amis : quelques conseils","datePublished":"2021-03-19T14:23:47+00:00","dateModified":"2024-09-14T15:32:44+00:00","mainEntityOfPage":{"@id":"https:\/\/www.mydemenageur.com\/blog\/le-demenagement-entre-amis-quelques-conseils\/"},"wordCount":951,"publisher":{"@id":"https:\/\/www.mydemenageur.com\/blog\/#organization"},"image":{"@id":"https:\/\/www.mydemenageur.com\/blog\/le-demenagement-entre-amis-quelques-conseils\/#primaryimage"},"thumbnailUrl":"https:\/\/www.mydemenageur.com\/blog\/wp-content\/uploads\/2021\/03\/conseils-demenagement-amis.jpeg","articleSection":["D\u00e9m\u00e9nagement"],"inLanguage":"fr-FR"},{"@type":"WebPage","@id":"https:\/\/www.mydemenageur.com\/blog\/le-demenagement-entre-amis-quelques-conseils\/","url":"https:\/\/www.mydemenageur.com\/blog\/le-demenagement-entre-amis-quelques-conseils\/","name":"Le d\u00e9m\u00e9nagement entre amis : quelques conseils","isPartOf":{"@id":"https:\/\/www.mydemenageur.com\/blog\/#website"},"primaryImageOfPage":{"@id":"https:\/\/www.mydemenageur.com\/blog\/le-demenagement-entre-amis-quelques-conseils\/#primaryimage"},"image":{"@id":"https:\/\/www.mydemenageur.com\/blog\/le-demenagement-entre-amis-quelques-conseils\/#primaryimage"},"thumbnailUrl":"https:\/\/www.mydemenageur.com\/blog\/wp-content\/uploads\/2021\/03\/conseils-demenagement-amis.jpeg","datePublished":"2021-03-19T14:23:47+00:00","dateModified":"2024-09-14T15:32:44+00:00","description":"Vous souhaitez faire appel \u00e0 vos amis pour d\u00e9m\u00e9nager? Nous vous donnons tous les conseils pour que cela soit une r\u00e9ussite.","breadcrumb":{"@id":"https:\/\/www.mydemenageur.com\/blog\/le-demenagement-entre-amis-quelques-conseils\/#breadcrumb"},"inLanguage":"fr-FR","potentialAction":[{"@type":"ReadAction","target":["https:\/\/www.mydemenageur.com\/blog\/le-demenagement-entre-amis-quelques-conseils\/"]}]},{"@type":"ImageObject","inLanguage":"fr-FR","@id":"https:\/\/www.mydemenageur.com\/blog\/le-demenagement-entre-amis-quelques-conseils\/#primaryimage","url":"https:\/\/www.mydemenageur.com\/blog\/wp-content\/uploads\/2021\/03\/conseils-demenagement-amis.jpeg","contentUrl":"https:\/\/www.mydemenageur.com\/blog\/wp-content\/uploads\/2021\/03\/conseils-demenagement-amis.jpeg","width":1000,"height":666,"caption":"Le d\u00e9m\u00e9nagement entre amis : quelques conseils"},{"@type":"BreadcrumbList","@id":"https:\/\/www.mydemenageur.com\/blog\/le-demenagement-entre-amis-quelques-conseils\/#breadcrumb","itemListElement":[{"@type":"ListItem","position":1,"name":"Accueil","item":"https:\/\/www.mydemenageur.com\/blog\/"},{"@type":"ListItem","position":2,"name":"D\u00e9m\u00e9nagement","item":"https:\/\/www.mydemenageur.com\/blog\/categorie\/transport\/"},{"@type":"ListItem","position":3,"name":"Le d\u00e9m\u00e9nagement entre amis : quelques conseils"}]},{"@type":"WebSite","@id":"https:\/\/www.mydemenageur.com\/blog\/#website","url":"https:\/\/www.mydemenageur.com\/blog\/","name":"MyDemenageur","description":"Conseils d\u00e9m\u00e9ngement entre particuliers et d\u00e9m\u00e9nagement professionnel","publisher":{"@id":"https:\/\/www.mydemenageur.com\/blog\/#organization"},"potentialAction":[{"@type":"SearchAction","target":{"@type":"EntryPoint","urlTemplate":"https:\/\/www.mydemenageur.com\/blog\/?s={search_term_string}"},"query-input":{"@type":"PropertyValueSpecification","valueRequired":true,"valueName":"search_term_string"}}],"inLanguage":"fr-FR"},{"@type":"Organization","@id":"https:\/\/www.mydemenageur.com\/blog\/#organization","name":"MyDemenageur.com","url":"https:\/\/www.mydemenageur.com\/blog\/","logo":{"@type":"ImageObject","inLanguage":"fr-FR","@id":"https:\/\/www.mydemenageur.com\/blog\/#\/schema\/logo\/image\/","url":"https:\/\/www.mydemenageur.com\/blog\/wp-content\/uploads\/2022\/05\/MyDemenageur_Symbol.jpg","contentUrl":"https:\/\/www.mydemenageur.com\/blog\/wp-content\/uploads\/2022\/05\/MyDemenageur_Symbol.jpg","width":878,"height":877,"caption":"MyDemenageur.com"},"image":{"@id":"https:\/\/www.mydemenageur.com\/blog\/#\/schema\/logo\/image\/"},"sameAs":["https:\/\/www.facebook.com\/mydemenageur","https:\/\/x.com\/mydemenageur","https:\/\/www.pinterest.fr\/mydemenageur\/"]},{"@type":"Person","@id":"https:\/\/www.mydemenageur.com\/blog\/#\/schema\/person\/4540dc333c2e7dc790f0f7bcd5b99569","name":"Mathilde","image":{"@type":"ImageObject","inLanguage":"fr-FR","@id":"https:\/\/www.mydemenageur.com\/blog\/#\/schema\/person\/image\/","url":"https:\/\/secure.gravatar.com\/avatar\/abde069f6f70261ee6ecea93e0437d77?s=96&#038;r=g","contentUrl":"https:\/\/secure.gravatar.com\/avatar\/abde069f6f70261ee6ecea93e0437d77?s=96&#038;r=g","caption":"Mathilde"},"description":"L'harmonie des couleurs et des objets m'a toujours fascin\u00e9e, transformant chaque pi\u00e8ce en un lieu unique et agr\u00e9able \u00e0 vivre. Sur MyDemenageur, vous trouverez non seulement des inspirations personnelles, mais aussi des informations r\u00e9centes sur le monde de la d\u00e9coration, les projets de maison, le d\u00e9m\u00e9nagement et les travaux.","url":"https:\/\/www.mydemenageur.com\/blog\/author\/mathilde\/"}]}},"modified_by":"MyDemenageur","_links":{"self":[{"href":"https:\/\/www.mydemenageur.com\/blog\/wp-json\/wp\/v2\/posts\/2485"}],"collection":[{"href":"https:\/\/www.mydemenageur.com\/blog\/wp-json\/wp\/v2\/posts"}],"about":[{"href":"https:\/\/www.mydemenageur.com\/blog\/wp-json\/wp\/v2\/types\/post"}],"author":[{"embeddable":true,"href":"https:\/\/www.mydemenageur.com\/blog\/wp-json\/wp\/v2\/users\/11"}],"replies":[{"embeddable":true,"href":"https:\/\/www.mydemenageur.com\/blog\/wp-json\/wp\/v2\/comments?post=2485"}],"version-history":[{"count":0,"href":"https:\/\/www.mydemenageur.com\/blog\/wp-json\/wp\/v2\/posts\/2485\/revisions"}],"wp:featuredmedia":[{"embeddable":true,"href":"https:\/\/www.mydemenageur.com\/blog\/wp-json\/wp\/v2\/media\/21542"}],"wp:attachment":[{"href":"https:\/\/www.mydemenageur.com\/blog\/wp-json\/wp\/v2\/media?parent=2485"}],"wp:term":[{"taxonomy":"category","embeddable":true,"href":"https:\/\/www.mydemenageur.com\/blog\/wp-json\/wp\/v2\/categories?post=2485"},{"taxonomy":"post_tag","embeddable":true,"href":"https:\/\/www.mydemenageur.com\/blog\/wp-json\/wp\/v2\/tags?post=2485"}],"curies":[{"name":"wp","href":"https:\/\/api.w.org\/{rel}","templated":true}]}}