{"id":2487,"date":"2021-03-19T14:35:39","date_gmt":"2021-03-19T14:35:39","guid":{"rendered":"https:\/\/www.mydemenageur.com\/blog\/?p=2487"},"modified":"2024-09-14T15:32:33","modified_gmt":"2024-09-14T15:32:33","slug":"preparer-un-demenagement-dans-lurgence","status":"publish","type":"post","link":"https:\/\/www.mydemenageur.com\/blog\/preparer-un-demenagement-dans-lurgence\/","title":{"rendered":"Pr\u00e9parer un d\u00e9m\u00e9nagement dans l&rsquo;urgence"},"content":{"rendered":"<p>Un impr\u00e9vu vous oblige \u00e0 changer de lieu de vie. Que cela soit li\u00e9 \u00e0 votre vie professionnelle ou personnelle, \u00e0 une insalubrit\u00e9 de votre logement actuel suite aux dommages d\u2019un gros sinistre ou d\u2019une catastrophe naturelle, comment y faire face ? Comment <a href=\"\/blog\/demarches-autorisations\/\">pr\u00e9parer un d\u00e9m\u00e9nagement<\/a> dans l\u2019urgence en toute s\u00e9r\u00e9nit\u00e9 malgr\u00e9 un d\u00e9lai tr\u00e8s court ? Choisir la solution optimale en termes d\u2019organisation et de budget suppose d\u2019\u00e9valuer tous les crit\u00e8res \u00e0 prendre en compte. Organiser le tout vous-m\u00eame, faire appel \u00e0 un d\u00e9m\u00e9nageur professionnel ou opter pour la solution interm\u00e9diaire de la location d&rsquo;un box de stockage, chacune de ces solutions a ses avantages. Leur point commun reste les \u00e9tapes \u00e0 respecter et les actions \u00e0 mener pour affronter sans stress un d\u00e9m\u00e9nagement express.<\/p>\n<div class=\"btn-wrapper\"><a class=\"btn\" href=\"https:\/\/www.mydemenageur.com\/blog\/devis\/?utm_source=blog&amp;utm_medium=content&amp;utm_campaign=cta_in_post&amp;utm_content=devis_1_heure\" type=\"button\">Demander un devis de d\u00e9m\u00e9nagement ou de l&rsquo;aide<\/a><\/div>\n<p><!--more--><\/p>\n<p><img decoding=\"async\" class=\"alignnone size-full wp-image-2507\" src=\"https:\/\/www.mydemenageur.com\/blog\/wp-content\/uploads\/2021\/01\/femme-folle-ebouriffe-cheveux-crie-colere-porte-lunettes-tordues_176420-17440.jpg\" alt=\"femme stress\u00e9e\" width=\"626\" height=\"417\" srcset=\"https:\/\/www.mydemenageur.com\/blog\/wp-content\/uploads\/2021\/01\/femme-folle-ebouriffe-cheveux-crie-colere-porte-lunettes-tordues_176420-17440.jpg 626w, https:\/\/www.mydemenageur.com\/blog\/wp-content\/uploads\/2021\/01\/femme-folle-ebouriffe-cheveux-crie-colere-porte-lunettes-tordues_176420-17440-300x200.jpg 300w\" sizes=\"(max-width: 626px) 100vw, 626px\" \/><\/p>\n<div id=\"ez-toc-container\" class=\"ez-toc-v2_0_82_2 counter-hierarchy ez-toc-counter ez-toc-custom ez-toc-container-direction\">\n<div class=\"ez-toc-title-container\">\n<p class=\"ez-toc-title\" style=\"cursor:inherit\">Ce que vous allez apprendre<\/p>\n<span class=\"ez-toc-title-toggle\"><\/span><\/div>\n<nav><ul class='ez-toc-list ez-toc-list-level-1 ' ><li class='ez-toc-page-1 ez-toc-heading-level-2'><a class=\"ez-toc-link ez-toc-heading-1\" href=\"https:\/\/www.mydemenageur.com\/blog\/preparer-un-demenagement-dans-lurgence\/#comment-organiser-un-demenagement-dans-lurgence\" >Comment organiser un d\u00e9m\u00e9nagement dans l\u2019urgence ?<\/a><\/li><li class='ez-toc-page-1 ez-toc-heading-level-2'><a class=\"ez-toc-link ez-toc-heading-2\" href=\"https:\/\/www.mydemenageur.com\/blog\/preparer-un-demenagement-dans-lurgence\/#comment-preparer-un-demenagement-seul\" >Comment pr\u00e9parer un d\u00e9m\u00e9nagement seul ?<\/a><ul class='ez-toc-list-level-3' ><li class='ez-toc-heading-level-3'><a class=\"ez-toc-link ez-toc-heading-3\" href=\"https:\/\/www.mydemenageur.com\/blog\/preparer-un-demenagement-dans-lurgence\/#faire-le-tri\" >Faire le tri<\/a><\/li><li class='ez-toc-page-1 ez-toc-heading-level-3'><a class=\"ez-toc-link ez-toc-heading-4\" href=\"https:\/\/www.mydemenageur.com\/blog\/preparer-un-demenagement-dans-lurgence\/#mettre-en-carton\" >Mettre en carton<\/a><\/li><li class='ez-toc-page-1 ez-toc-heading-level-3'><a class=\"ez-toc-link ez-toc-heading-5\" href=\"https:\/\/www.mydemenageur.com\/blog\/preparer-un-demenagement-dans-lurgence\/#louer-un-vehicule\" >Louer un v\u00e9hicule<\/a><\/li><\/ul><\/li><li class='ez-toc-page-1 ez-toc-heading-level-2'><a class=\"ez-toc-link ez-toc-heading-6\" href=\"https:\/\/www.mydemenageur.com\/blog\/preparer-un-demenagement-dans-lurgence\/#comment-trouver-le-bon-demenageur-professionnel\" >Comment trouver le bon d\u00e9m\u00e9nageur professionnel ?<\/a><\/li><li class='ez-toc-page-1 ez-toc-heading-level-2'><a class=\"ez-toc-link ez-toc-heading-7\" href=\"https:\/\/www.mydemenageur.com\/blog\/preparer-un-demenagement-dans-lurgence\/#la-solution-du-box-de-stockage\" >La solution du box de stockage<\/a><\/li><li class='ez-toc-page-1 ez-toc-heading-level-2'><a class=\"ez-toc-link ez-toc-heading-8\" href=\"https:\/\/www.mydemenageur.com\/blog\/preparer-un-demenagement-dans-lurgence\/#quel-budget-prevoir-pour-un-demenagement-en-urgence\" >Quel budget pr\u00e9voir pour un d\u00e9m\u00e9nagement en urgence ?<\/a><ul class='ez-toc-list-level-3' ><li class='ez-toc-heading-level-3'><a class=\"ez-toc-link ez-toc-heading-9\" href=\"https:\/\/www.mydemenageur.com\/blog\/preparer-un-demenagement-dans-lurgence\/#les-frais-principaux\" >Les frais principaux<\/a><\/li><li class='ez-toc-page-1 ez-toc-heading-level-3'><a class=\"ez-toc-link ez-toc-heading-10\" href=\"https:\/\/www.mydemenageur.com\/blog\/preparer-un-demenagement-dans-lurgence\/#les-couts-annexes\" >Les co\u00fbts annexes<\/a><\/li><\/ul><\/li><\/ul><\/nav><\/div>\n<h2><span class=\"ez-toc-section\" id=\"comment-organiser-un-demenagement-dans-lurgence\"><\/span>Comment organiser un d\u00e9m\u00e9nagement dans l\u2019urgence ?<span class=\"ez-toc-section-end\"><\/span><\/h2>\n<p>Quel que soit le motif de ce changement de lieu de vie, il est n\u00e9cessaire d\u2019\u00e9valuer la situation pour pr\u00e9parer les prochaines \u00e9tapes. R\u00e9pondre \u00e0 ces 4 questions aide \u00e0 choisir les solutions possibles :<\/p>\n<ul>\n<li>le degr\u00e9 d\u2019urgence ;<\/li>\n<li>le budget disponible ;<\/li>\n<li>les ressources en temps et en main d\u2019\u0153uvre ;<\/li>\n<li>le lieu d\u2019emm\u00e9nagement.<\/li>\n<\/ul>\n<p>3 solutions sont envisageables :<\/p>\n<ul>\n<li>le d\u00e9m\u00e9nagement \u00ab maison \u00bb ;<\/li>\n<li>le recours \u00e0 un d\u00e9m\u00e9nageur professionnel ;<\/li>\n<li>la location d\u2019un box de stockage.<\/li>\n<\/ul>\n<h2><span class=\"ez-toc-section\" id=\"comment-preparer-un-demenagement-seul\"><\/span>Comment pr\u00e9parer un d\u00e9m\u00e9nagement seul ?<span class=\"ez-toc-section-end\"><\/span><\/h2>\n<p>La solution du d\u00e9m\u00e9nagement \u00ab maison \u00bb impose une planification des actions. Contraint par la limite de temps et seul ma\u00eetre d&rsquo;\u0153uvre, il est important par cons\u00e9quent de mobiliser l\u2019entourage. En effet, d\u00e9l\u00e9guer \u00e9vite une surcharge de t\u00e2ches d\u2019un d\u00e9m\u00e9nagement dans l\u2019urgence. Trois \u00e9tapes sont incontournables dans ce cas.<\/p>\n<h3><span class=\"ez-toc-section\" id=\"faire-le-tri\"><\/span>Faire le tri<span class=\"ez-toc-section-end\"><\/span><\/h3>\n<p>Faire le tri all\u00e8ge le volume \u00e0 d\u00e9m\u00e9nager, donc la facture. Vous manquez de temps pour vendre sur Internet ? Donnez \u00e0 vos proches ou \u00e0 des associations. Le seul tri qui vous incombe reste celui des papiers administratifs.<\/p>\n<h3><span class=\"ez-toc-section\" id=\"mettre-en-carton\"><\/span>Mettre en carton<span class=\"ez-toc-section-end\"><\/span><\/h3>\n<p>Cette \u00e9tape implique que vous avez command\u00e9 des cartons de qualit\u00e9 et en quantit\u00e9. D\u00e9montez les choses fragiles et empaquetez-les dans des emballages sp\u00e9cifiques.<\/p>\n<h3><span class=\"ez-toc-section\" id=\"louer-un-vehicule\"><\/span>Louer un v\u00e9hicule<span class=\"ez-toc-section-end\"><\/span><\/h3>\n<p>D\u00e8s que vous connaissez le volume \u00e0 d\u00e9m\u00e9nager, r\u00e9servez le v\u00e9hicule utilitaire ad\u00e9quat. Louer un camion en formule \u00ab aller simple \u00bb est plus cher mais \u00e9conomise le trajet retour \u00e0 destination.<\/p>\n<h2><span class=\"ez-toc-section\" id=\"comment-trouver-le-bon-demenageur-professionnel\"><\/span>Comment trouver le bon d\u00e9m\u00e9nageur professionnel ?<span class=\"ez-toc-section-end\"><\/span><\/h2>\n<p>Vous pr\u00e9f\u00e9rez d\u00e9l\u00e9guer \u00e0 un professionnel la prise en charge de votre d\u00e9m\u00e9nagement ? Il est n\u00e9cessaire de suivre les \u00e9tapes suivantes pour s\u00e9lectionner le bon prestataire :<\/p>\n<ul>\n<li>\u00e9valuer le volume de d\u00e9m\u00e9nagement ;<\/li>\n<li>contacter des d\u00e9m\u00e9nageurs pouvant \u00eatre disponibles dans un d\u00e9lai court ;<\/li>\n<li>demander un devis selon le volume, l\u2019acc\u00e8s au logement et les \u00e9quipements n\u00e9cessaires \u00e0 une manutention sp\u00e9cifique ;<\/li>\n<li>faire jouer la concurrence aupr\u00e8s de 5 prestataires diff\u00e9rents.<\/li>\n<\/ul>\n<p>Vous augmentez vos chances de <a href=\"https:\/\/www.mydemenageur.com\/blog\/devis\/?utm_source=blog&amp;utm_medium=content&amp;utm_campaign=cta_in_post&amp;utm_content=devis_1_heure\">trouver une soci\u00e9t\u00e9 de d\u00e9m\u00e9nagement rapidement<\/a> :<\/p>\n<ul>\n<li>si vous \u00eates flexible sur une date de d\u00e9m\u00e9nagement. Les disponibilit\u00e9s sont plus nombreuses en semaine et en saison creuse ;<\/li>\n<li>si votre volume \u00e0 d\u00e9m\u00e9nager n\u2019est pas trop cons\u00e9quent ;<\/li>\n<li>si vous privil\u00e9giez les d\u00e9m\u00e9nageurs r\u00e9gionaux.<\/li>\n<\/ul>\n<p>Avant de signer le devis, il est important de v\u00e9rifier :<\/p>\n<ul>\n<li>l\u2019inscription de la soci\u00e9t\u00e9 \u00e0 la chambre syndicale du d\u00e9m\u00e9nagement ;<\/li>\n<li>les tarifs par rapport au march\u00e9 ;<\/li>\n<li>la r\u00e9putation et les avis des clients.<\/li>\n<\/ul>\n<p><img decoding=\"async\" class=\"alignnone size-full wp-image-2508\" src=\"https:\/\/www.mydemenageur.com\/blog\/wp-content\/uploads\/2021\/03\/jeune-femme-detendue-peau-bronze-assis-posture-lotus-table-ordinateur-portable-documents_197531-4913.jpg\" alt=\"jeune femme en position lotus\" width=\"626\" height=\"417\" srcset=\"https:\/\/www.mydemenageur.com\/blog\/wp-content\/uploads\/2021\/03\/jeune-femme-detendue-peau-bronze-assis-posture-lotus-table-ordinateur-portable-documents_197531-4913.jpg 626w, https:\/\/www.mydemenageur.com\/blog\/wp-content\/uploads\/2021\/03\/jeune-femme-detendue-peau-bronze-assis-posture-lotus-table-ordinateur-portable-documents_197531-4913-300x200.jpg 300w\" sizes=\"(max-width: 626px) 100vw, 626px\" \/><\/p>\n<h2><span class=\"ez-toc-section\" id=\"la-solution-du-box-de-stockage\"><\/span>La solution du box de stockage<span class=\"ez-toc-section-end\"><\/span><\/h2>\n<p>La solution du box de stockage est \u00e0 consid\u00e9rer si vous n\u2019avez pas encore de nouveau logement d\u00e9finitif. Elle a un co\u00fbt mais elle apporte s\u00e9r\u00e9nit\u00e9 en \u00e9vitant un stress suppl\u00e9mentaire. Elle pr\u00e9sente les avantages suivants :<\/p>\n<ul>\n<li>Le garde-meuble permet de conserver les biens \u00e0 l\u2019abri.<\/li>\n<li>Ces espaces de stockage sont s\u00e9curis\u00e9s.<\/li>\n<li>Le lieu de stockage est \u00e0 d\u00e9finir selon vos perspectives.<\/li>\n<\/ul>\n<p>Les m\u00eames consignes de pr\u00e9paration en amont s&rsquo;appliquent : limiter le volume \u00e0 stocker et tout d\u00e9monter. Cela facilitera le transport et all\u00e8gera la facture lors du r\u00e9am\u00e9nagement dans le lieu de vie d\u00e9finitif.<\/p>\n<h2><span class=\"ez-toc-section\" id=\"quel-budget-prevoir-pour-un-demenagement-en-urgence\"><\/span>Quel budget pr\u00e9voir pour un d\u00e9m\u00e9nagement en urgence ?<span class=\"ez-toc-section-end\"><\/span><\/h2>\n<p>Organiser un d\u00e9m\u00e9nagement dans l\u2019urgence implique une attention particuli\u00e8re au budget \u00e0 allouer. Les options de chaque solution impactent la facture et quelques co\u00fbts annexes s\u2019ajoutent pour chiffrer le montant total.<\/p>\n<h3><span class=\"ez-toc-section\" id=\"les-frais-principaux\"><\/span>Les frais principaux<span class=\"ez-toc-section-end\"><\/span><\/h3>\n<ul>\n<li>les frais de mat\u00e9riel : achat de cartons, adh\u00e9sifs, ciseaux, marqueurs, couvertures ;<\/li>\n<li>la prestation du d\u00e9m\u00e9nageur professionnel incluant les frais d\u2019assurance, la sp\u00e9cificit\u00e9 des biens, la manutention particuli\u00e8re, la distance parcourue ;<\/li>\n<li>les frais li\u00e9s au transport : location du v\u00e9hicule utilitaire, essence, p\u00e9ages, stationnement ;<\/li>\n<li>le prix de la location du garde-meuble.<\/li>\n<\/ul>\n<h3><span class=\"ez-toc-section\" id=\"les-couts-annexes\"><\/span>Les co\u00fbts annexes<span class=\"ez-toc-section-end\"><\/span><\/h3>\n<ul>\n<li>les frais de stationnement : les prix varient selon les villes et sont parfois gratuits ;<\/li>\n<li>les frais d\u2019agence immobili\u00e8re : d\u00e9p\u00f4t de garantie, loyer d\u2019avance ;<\/li>\n<li>la mise en service ou transfert du contrat du fournisseur d\u2019\u00e9nergie et internet ;<\/li>\n<li>l\u2019achat de nouveaux \u00e9quipements ou mobiliers ;<\/li>\n<li>la <a href=\"https:\/\/www.laposte.fr\/changement-adresse-demenagement-reexpedition\">r\u00e9exp\u00e9dition du courrier<\/a> ;<\/li>\n<li>les frais de correspondance aux diff\u00e9rentes administrations et services publics ;<\/li>\n<li>la taxe fonci\u00e8re ou taxe d\u2019habitation.<\/li>\n<\/ul>\n<p>Pr\u00e9parer un d\u00e9m\u00e9nagement dans l\u2019urgence exige de l\u2019organisation et de la planification. Malgr\u00e9 tout, prendre le temps d\u2019\u00e9valuer la solution r\u00e9pondant aux crit\u00e8res requis et au budget disponible offre une rapidit\u00e9 d\u2019action. Ces quelques conseils vous \u00e9viteront une bonne dose de stress lors d\u2019un d\u00e9m\u00e9nagement express !<\/p>\n","protected":false},"excerpt":{"rendered":"<p>Un impr\u00e9vu vous oblige \u00e0 changer de lieu de vie. Que cela soit li\u00e9 \u00e0 votre vie professionnelle ou personnelle,<\/p>\n","protected":false},"author":11,"featured_media":21540,"comment_status":"closed","ping_status":"closed","sticky":false,"template":"","format":"standard","meta":{"_lmt_disableupdate":"no","_lmt_disable":"no","footnotes":""},"categories":[105],"tags":[],"yoast_head":"<!-- This site is optimized with the Yoast SEO Premium plugin v24.2 (Yoast SEO v24.5) - https:\/\/yoast.com\/wordpress\/plugins\/seo\/ -->\n<title>Pr\u00e9parer un d\u00e9m\u00e9nagement dans l&#039;urgence<\/title>\n<meta name=\"description\" content=\"Retrouvez tous nos conseils pour pr\u00e9parer un d\u00e9m\u00e9nagement dans l&#039;urgence.\" \/>\n<meta name=\"robots\" content=\"index, follow, max-snippet:-1, max-image-preview:large, max-video-preview:-1\" \/>\n<link rel=\"canonical\" href=\"https:\/\/www.mydemenageur.com\/blog\/preparer-un-demenagement-dans-lurgence\/\" \/>\n<meta property=\"og:locale\" content=\"fr_FR\" \/>\n<meta property=\"og:type\" content=\"article\" \/>\n<meta property=\"og:title\" content=\"Pr\u00e9parer un d\u00e9m\u00e9nagement dans l&#039;urgence\" \/>\n<meta property=\"og:description\" content=\"Retrouvez tous nos conseils pour pr\u00e9parer un d\u00e9m\u00e9nagement dans l&#039;urgence.\" \/>\n<meta property=\"og:url\" content=\"https:\/\/www.mydemenageur.com\/blog\/preparer-un-demenagement-dans-lurgence\/\" \/>\n<meta property=\"og:site_name\" content=\"MyDemenageur\" \/>\n<meta property=\"article:publisher\" content=\"https:\/\/www.facebook.com\/mydemenageur\" \/>\n<meta property=\"article:published_time\" content=\"2021-03-19T14:35:39+00:00\" \/>\n<meta property=\"article:modified_time\" content=\"2024-09-14T15:32:33+00:00\" \/>\n<meta property=\"og:image\" content=\"https:\/\/www.mydemenageur.com\/blog\/wp-content\/uploads\/2021\/03\/preparer-demenagement-urgence.jpeg\" \/>\n\t<meta property=\"og:image:width\" content=\"1000\" \/>\n\t<meta property=\"og:image:height\" content=\"666\" \/>\n\t<meta property=\"og:image:type\" content=\"image\/jpeg\" \/>\n<meta name=\"author\" content=\"Mathilde\" \/>\n<meta name=\"twitter:card\" content=\"summary_large_image\" \/>\n<meta name=\"twitter:creator\" content=\"@mydemenageur\" \/>\n<meta name=\"twitter:site\" content=\"@mydemenageur\" \/>\n<meta name=\"twitter:label1\" content=\"\u00c9crit par\" \/>\n\t<meta name=\"twitter:data1\" content=\"Mathilde\" \/>\n\t<meta name=\"twitter:label2\" content=\"Dur\u00e9e de lecture estim\u00e9e\" \/>\n\t<meta name=\"twitter:data2\" content=\"5 minutes\" \/>\n<script type=\"application\/ld+json\" class=\"yoast-schema-graph\">{\"@context\":\"https:\/\/schema.org\",\"@graph\":[{\"@type\":\"Article\",\"@id\":\"https:\/\/www.mydemenageur.com\/blog\/preparer-un-demenagement-dans-lurgence\/#article\",\"isPartOf\":{\"@id\":\"https:\/\/www.mydemenageur.com\/blog\/preparer-un-demenagement-dans-lurgence\/\"},\"author\":{\"name\":\"Mathilde\",\"@id\":\"https:\/\/www.mydemenageur.com\/blog\/#\/schema\/person\/4540dc333c2e7dc790f0f7bcd5b99569\"},\"headline\":\"Pr\u00e9parer un d\u00e9m\u00e9nagement dans l&rsquo;urgence\",\"datePublished\":\"2021-03-19T14:35:39+00:00\",\"dateModified\":\"2024-09-14T15:32:33+00:00\",\"mainEntityOfPage\":{\"@id\":\"https:\/\/www.mydemenageur.com\/blog\/preparer-un-demenagement-dans-lurgence\/\"},\"wordCount\":970,\"publisher\":{\"@id\":\"https:\/\/www.mydemenageur.com\/blog\/#organization\"},\"image\":{\"@id\":\"https:\/\/www.mydemenageur.com\/blog\/preparer-un-demenagement-dans-lurgence\/#primaryimage\"},\"thumbnailUrl\":\"https:\/\/www.mydemenageur.com\/blog\/wp-content\/uploads\/2021\/03\/preparer-demenagement-urgence.jpeg\",\"articleSection\":[\"D\u00e9marches et autorisations\"],\"inLanguage\":\"fr-FR\"},{\"@type\":\"WebPage\",\"@id\":\"https:\/\/www.mydemenageur.com\/blog\/preparer-un-demenagement-dans-lurgence\/\",\"url\":\"https:\/\/www.mydemenageur.com\/blog\/preparer-un-demenagement-dans-lurgence\/\",\"name\":\"Pr\u00e9parer un d\u00e9m\u00e9nagement dans l'urgence\",\"isPartOf\":{\"@id\":\"https:\/\/www.mydemenageur.com\/blog\/#website\"},\"primaryImageOfPage\":{\"@id\":\"https:\/\/www.mydemenageur.com\/blog\/preparer-un-demenagement-dans-lurgence\/#primaryimage\"},\"image\":{\"@id\":\"https:\/\/www.mydemenageur.com\/blog\/preparer-un-demenagement-dans-lurgence\/#primaryimage\"},\"thumbnailUrl\":\"https:\/\/www.mydemenageur.com\/blog\/wp-content\/uploads\/2021\/03\/preparer-demenagement-urgence.jpeg\",\"datePublished\":\"2021-03-19T14:35:39+00:00\",\"dateModified\":\"2024-09-14T15:32:33+00:00\",\"description\":\"Retrouvez tous nos conseils pour pr\u00e9parer un d\u00e9m\u00e9nagement dans l'urgence.\",\"breadcrumb\":{\"@id\":\"https:\/\/www.mydemenageur.com\/blog\/preparer-un-demenagement-dans-lurgence\/#breadcrumb\"},\"inLanguage\":\"fr-FR\",\"potentialAction\":[{\"@type\":\"ReadAction\",\"target\":[\"https:\/\/www.mydemenageur.com\/blog\/preparer-un-demenagement-dans-lurgence\/\"]}]},{\"@type\":\"ImageObject\",\"inLanguage\":\"fr-FR\",\"@id\":\"https:\/\/www.mydemenageur.com\/blog\/preparer-un-demenagement-dans-lurgence\/#primaryimage\",\"url\":\"https:\/\/www.mydemenageur.com\/blog\/wp-content\/uploads\/2021\/03\/preparer-demenagement-urgence.jpeg\",\"contentUrl\":\"https:\/\/www.mydemenageur.com\/blog\/wp-content\/uploads\/2021\/03\/preparer-demenagement-urgence.jpeg\",\"width\":1000,\"height\":666,\"caption\":\"Comment pr\u00e9parer un d\u00e9m\u00e9nagement dans l'urgence ?\"},{\"@type\":\"BreadcrumbList\",\"@id\":\"https:\/\/www.mydemenageur.com\/blog\/preparer-un-demenagement-dans-lurgence\/#breadcrumb\",\"itemListElement\":[{\"@type\":\"ListItem\",\"position\":1,\"name\":\"Accueil\",\"item\":\"https:\/\/www.mydemenageur.com\/blog\/\"},{\"@type\":\"ListItem\",\"position\":2,\"name\":\"D\u00e9marches et autorisations\",\"item\":\"https:\/\/www.mydemenageur.com\/blog\/categorie\/demarches\/\"},{\"@type\":\"ListItem\",\"position\":3,\"name\":\"Pr\u00e9parer un d\u00e9m\u00e9nagement dans l&rsquo;urgence\"}]},{\"@type\":\"WebSite\",\"@id\":\"https:\/\/www.mydemenageur.com\/blog\/#website\",\"url\":\"https:\/\/www.mydemenageur.com\/blog\/\",\"name\":\"MyDemenageur\",\"description\":\"Conseils d\u00e9m\u00e9ngement entre particuliers et d\u00e9m\u00e9nagement professionnel\",\"publisher\":{\"@id\":\"https:\/\/www.mydemenageur.com\/blog\/#organization\"},\"potentialAction\":[{\"@type\":\"SearchAction\",\"target\":{\"@type\":\"EntryPoint\",\"urlTemplate\":\"https:\/\/www.mydemenageur.com\/blog\/?s={search_term_string}\"},\"query-input\":{\"@type\":\"PropertyValueSpecification\",\"valueRequired\":true,\"valueName\":\"search_term_string\"}}],\"inLanguage\":\"fr-FR\"},{\"@type\":\"Organization\",\"@id\":\"https:\/\/www.mydemenageur.com\/blog\/#organization\",\"name\":\"MyDemenageur.com\",\"url\":\"https:\/\/www.mydemenageur.com\/blog\/\",\"logo\":{\"@type\":\"ImageObject\",\"inLanguage\":\"fr-FR\",\"@id\":\"https:\/\/www.mydemenageur.com\/blog\/#\/schema\/logo\/image\/\",\"url\":\"https:\/\/www.mydemenageur.com\/blog\/wp-content\/uploads\/2022\/05\/MyDemenageur_Symbol.jpg\",\"contentUrl\":\"https:\/\/www.mydemenageur.com\/blog\/wp-content\/uploads\/2022\/05\/MyDemenageur_Symbol.jpg\",\"width\":878,\"height\":877,\"caption\":\"MyDemenageur.com\"},\"image\":{\"@id\":\"https:\/\/www.mydemenageur.com\/blog\/#\/schema\/logo\/image\/\"},\"sameAs\":[\"https:\/\/www.facebook.com\/mydemenageur\",\"https:\/\/x.com\/mydemenageur\",\"https:\/\/www.pinterest.fr\/mydemenageur\/\"]},{\"@type\":\"Person\",\"@id\":\"https:\/\/www.mydemenageur.com\/blog\/#\/schema\/person\/4540dc333c2e7dc790f0f7bcd5b99569\",\"name\":\"Mathilde\",\"image\":{\"@type\":\"ImageObject\",\"inLanguage\":\"fr-FR\",\"@id\":\"https:\/\/www.mydemenageur.com\/blog\/#\/schema\/person\/image\/\",\"url\":\"https:\/\/secure.gravatar.com\/avatar\/abde069f6f70261ee6ecea93e0437d77?s=96&#038;r=g\",\"contentUrl\":\"https:\/\/secure.gravatar.com\/avatar\/abde069f6f70261ee6ecea93e0437d77?s=96&#038;r=g\",\"caption\":\"Mathilde\"},\"description\":\"L'harmonie des couleurs et des objets m'a toujours fascin\u00e9e, transformant chaque pi\u00e8ce en un lieu unique et agr\u00e9able \u00e0 vivre. Sur MyDemenageur, vous trouverez non seulement des inspirations personnelles, mais aussi des informations r\u00e9centes sur le monde de la d\u00e9coration, les projets de maison, le d\u00e9m\u00e9nagement et les travaux.\",\"url\":\"https:\/\/www.mydemenageur.com\/blog\/author\/mathilde\/\"}]}<\/script>\n<!-- \/ Yoast SEO Premium plugin. -->","yoast_head_json":{"title":"Pr\u00e9parer un d\u00e9m\u00e9nagement dans l'urgence","description":"Retrouvez tous nos conseils pour pr\u00e9parer un d\u00e9m\u00e9nagement dans l'urgence.","robots":{"index":"index","follow":"follow","max-snippet":"max-snippet:-1","max-image-preview":"max-image-preview:large","max-video-preview":"max-video-preview:-1"},"canonical":"https:\/\/www.mydemenageur.com\/blog\/preparer-un-demenagement-dans-lurgence\/","og_locale":"fr_FR","og_type":"article","og_title":"Pr\u00e9parer un d\u00e9m\u00e9nagement dans l'urgence","og_description":"Retrouvez tous nos conseils pour pr\u00e9parer un d\u00e9m\u00e9nagement dans l'urgence.","og_url":"https:\/\/www.mydemenageur.com\/blog\/preparer-un-demenagement-dans-lurgence\/","og_site_name":"MyDemenageur","article_publisher":"https:\/\/www.facebook.com\/mydemenageur","article_published_time":"2021-03-19T14:35:39+00:00","article_modified_time":"2024-09-14T15:32:33+00:00","og_image":[{"width":1000,"height":666,"url":"https:\/\/www.mydemenageur.com\/blog\/wp-content\/uploads\/2021\/03\/preparer-demenagement-urgence.jpeg","type":"image\/jpeg"}],"author":"Mathilde","twitter_card":"summary_large_image","twitter_creator":"@mydemenageur","twitter_site":"@mydemenageur","twitter_misc":{"\u00c9crit par":"Mathilde","Dur\u00e9e de lecture estim\u00e9e":"5 minutes"},"schema":{"@context":"https:\/\/schema.org","@graph":[{"@type":"Article","@id":"https:\/\/www.mydemenageur.com\/blog\/preparer-un-demenagement-dans-lurgence\/#article","isPartOf":{"@id":"https:\/\/www.mydemenageur.com\/blog\/preparer-un-demenagement-dans-lurgence\/"},"author":{"name":"Mathilde","@id":"https:\/\/www.mydemenageur.com\/blog\/#\/schema\/person\/4540dc333c2e7dc790f0f7bcd5b99569"},"headline":"Pr\u00e9parer un d\u00e9m\u00e9nagement dans l&rsquo;urgence","datePublished":"2021-03-19T14:35:39+00:00","dateModified":"2024-09-14T15:32:33+00:00","mainEntityOfPage":{"@id":"https:\/\/www.mydemenageur.com\/blog\/preparer-un-demenagement-dans-lurgence\/"},"wordCount":970,"publisher":{"@id":"https:\/\/www.mydemenageur.com\/blog\/#organization"},"image":{"@id":"https:\/\/www.mydemenageur.com\/blog\/preparer-un-demenagement-dans-lurgence\/#primaryimage"},"thumbnailUrl":"https:\/\/www.mydemenageur.com\/blog\/wp-content\/uploads\/2021\/03\/preparer-demenagement-urgence.jpeg","articleSection":["D\u00e9marches et autorisations"],"inLanguage":"fr-FR"},{"@type":"WebPage","@id":"https:\/\/www.mydemenageur.com\/blog\/preparer-un-demenagement-dans-lurgence\/","url":"https:\/\/www.mydemenageur.com\/blog\/preparer-un-demenagement-dans-lurgence\/","name":"Pr\u00e9parer un d\u00e9m\u00e9nagement dans l'urgence","isPartOf":{"@id":"https:\/\/www.mydemenageur.com\/blog\/#website"},"primaryImageOfPage":{"@id":"https:\/\/www.mydemenageur.com\/blog\/preparer-un-demenagement-dans-lurgence\/#primaryimage"},"image":{"@id":"https:\/\/www.mydemenageur.com\/blog\/preparer-un-demenagement-dans-lurgence\/#primaryimage"},"thumbnailUrl":"https:\/\/www.mydemenageur.com\/blog\/wp-content\/uploads\/2021\/03\/preparer-demenagement-urgence.jpeg","datePublished":"2021-03-19T14:35:39+00:00","dateModified":"2024-09-14T15:32:33+00:00","description":"Retrouvez tous nos conseils pour pr\u00e9parer un d\u00e9m\u00e9nagement dans l'urgence.","breadcrumb":{"@id":"https:\/\/www.mydemenageur.com\/blog\/preparer-un-demenagement-dans-lurgence\/#breadcrumb"},"inLanguage":"fr-FR","potentialAction":[{"@type":"ReadAction","target":["https:\/\/www.mydemenageur.com\/blog\/preparer-un-demenagement-dans-lurgence\/"]}]},{"@type":"ImageObject","inLanguage":"fr-FR","@id":"https:\/\/www.mydemenageur.com\/blog\/preparer-un-demenagement-dans-lurgence\/#primaryimage","url":"https:\/\/www.mydemenageur.com\/blog\/wp-content\/uploads\/2021\/03\/preparer-demenagement-urgence.jpeg","contentUrl":"https:\/\/www.mydemenageur.com\/blog\/wp-content\/uploads\/2021\/03\/preparer-demenagement-urgence.jpeg","width":1000,"height":666,"caption":"Comment pr\u00e9parer un d\u00e9m\u00e9nagement dans l'urgence ?"},{"@type":"BreadcrumbList","@id":"https:\/\/www.mydemenageur.com\/blog\/preparer-un-demenagement-dans-lurgence\/#breadcrumb","itemListElement":[{"@type":"ListItem","position":1,"name":"Accueil","item":"https:\/\/www.mydemenageur.com\/blog\/"},{"@type":"ListItem","position":2,"name":"D\u00e9marches et autorisations","item":"https:\/\/www.mydemenageur.com\/blog\/categorie\/demarches\/"},{"@type":"ListItem","position":3,"name":"Pr\u00e9parer un d\u00e9m\u00e9nagement dans l&rsquo;urgence"}]},{"@type":"WebSite","@id":"https:\/\/www.mydemenageur.com\/blog\/#website","url":"https:\/\/www.mydemenageur.com\/blog\/","name":"MyDemenageur","description":"Conseils d\u00e9m\u00e9ngement entre particuliers et d\u00e9m\u00e9nagement professionnel","publisher":{"@id":"https:\/\/www.mydemenageur.com\/blog\/#organization"},"potentialAction":[{"@type":"SearchAction","target":{"@type":"EntryPoint","urlTemplate":"https:\/\/www.mydemenageur.com\/blog\/?s={search_term_string}"},"query-input":{"@type":"PropertyValueSpecification","valueRequired":true,"valueName":"search_term_string"}}],"inLanguage":"fr-FR"},{"@type":"Organization","@id":"https:\/\/www.mydemenageur.com\/blog\/#organization","name":"MyDemenageur.com","url":"https:\/\/www.mydemenageur.com\/blog\/","logo":{"@type":"ImageObject","inLanguage":"fr-FR","@id":"https:\/\/www.mydemenageur.com\/blog\/#\/schema\/logo\/image\/","url":"https:\/\/www.mydemenageur.com\/blog\/wp-content\/uploads\/2022\/05\/MyDemenageur_Symbol.jpg","contentUrl":"https:\/\/www.mydemenageur.com\/blog\/wp-content\/uploads\/2022\/05\/MyDemenageur_Symbol.jpg","width":878,"height":877,"caption":"MyDemenageur.com"},"image":{"@id":"https:\/\/www.mydemenageur.com\/blog\/#\/schema\/logo\/image\/"},"sameAs":["https:\/\/www.facebook.com\/mydemenageur","https:\/\/x.com\/mydemenageur","https:\/\/www.pinterest.fr\/mydemenageur\/"]},{"@type":"Person","@id":"https:\/\/www.mydemenageur.com\/blog\/#\/schema\/person\/4540dc333c2e7dc790f0f7bcd5b99569","name":"Mathilde","image":{"@type":"ImageObject","inLanguage":"fr-FR","@id":"https:\/\/www.mydemenageur.com\/blog\/#\/schema\/person\/image\/","url":"https:\/\/secure.gravatar.com\/avatar\/abde069f6f70261ee6ecea93e0437d77?s=96&#038;r=g","contentUrl":"https:\/\/secure.gravatar.com\/avatar\/abde069f6f70261ee6ecea93e0437d77?s=96&#038;r=g","caption":"Mathilde"},"description":"L'harmonie des couleurs et des objets m'a toujours fascin\u00e9e, transformant chaque pi\u00e8ce en un lieu unique et agr\u00e9able \u00e0 vivre. Sur MyDemenageur, vous trouverez non seulement des inspirations personnelles, mais aussi des informations r\u00e9centes sur le monde de la d\u00e9coration, les projets de maison, le d\u00e9m\u00e9nagement et les travaux.","url":"https:\/\/www.mydemenageur.com\/blog\/author\/mathilde\/"}]}},"modified_by":"MyDemenageur","_links":{"self":[{"href":"https:\/\/www.mydemenageur.com\/blog\/wp-json\/wp\/v2\/posts\/2487"}],"collection":[{"href":"https:\/\/www.mydemenageur.com\/blog\/wp-json\/wp\/v2\/posts"}],"about":[{"href":"https:\/\/www.mydemenageur.com\/blog\/wp-json\/wp\/v2\/types\/post"}],"author":[{"embeddable":true,"href":"https:\/\/www.mydemenageur.com\/blog\/wp-json\/wp\/v2\/users\/11"}],"replies":[{"embeddable":true,"href":"https:\/\/www.mydemenageur.com\/blog\/wp-json\/wp\/v2\/comments?post=2487"}],"version-history":[{"count":0,"href":"https:\/\/www.mydemenageur.com\/blog\/wp-json\/wp\/v2\/posts\/2487\/revisions"}],"wp:featuredmedia":[{"embeddable":true,"href":"https:\/\/www.mydemenageur.com\/blog\/wp-json\/wp\/v2\/media\/21540"}],"wp:attachment":[{"href":"https:\/\/www.mydemenageur.com\/blog\/wp-json\/wp\/v2\/media?parent=2487"}],"wp:term":[{"taxonomy":"category","embeddable":true,"href":"https:\/\/www.mydemenageur.com\/blog\/wp-json\/wp\/v2\/categories?post=2487"},{"taxonomy":"post_tag","embeddable":true,"href":"https:\/\/www.mydemenageur.com\/blog\/wp-json\/wp\/v2\/tags?post=2487"}],"curies":[{"name":"wp","href":"https:\/\/api.w.org\/{rel}","templated":true}]}}