{"id":25481,"date":"2022-01-16T00:00:00","date_gmt":"2022-01-16T00:00:00","guid":{"rendered":"https:\/\/www.mydemenageur.com\/blog\/?p=25481"},"modified":"2022-05-21T10:26:18","modified_gmt":"2022-05-21T10:26:18","slug":"epaisseur-isolation-mur","status":"publish","type":"post","link":"https:\/\/www.mydemenageur.com\/blog\/epaisseur-isolation-mur\/","title":{"rendered":"Quelle est l&rsquo;\u00e9paisseur id\u00e9ale pour une isolation des murs ?"},"content":{"rendered":"<p><strong>Les murs pleins <\/strong>perdent encore plus de chaleur que les murs creux ; la seule fa\u00e7on de r\u00e9duire cette perte de chaleur <a href=\"https:\/\/www.mydemenageur.com\/blog\/isoler-un-mur\">est de les isoler <\/a>par l&rsquo;int\u00e9rieur ou l&rsquo;ext\u00e9rieur. Cela permettra de cr\u00e9er une temp\u00e9rature plus homog\u00e8ne dans votre maison, d&rsquo;\u00e9viter la condensation sur les murs et les plafonds et de r\u00e9duire la quantit\u00e9 de chaleur qui s&rsquo;accumule dans votre maison pendant les p\u00e9riodes de chaleur estivale. Mais quelle est l&rsquo;\u00e9paisseur id\u00e9ale pour une isolation des murs ? Lisez ce qui suit pour le savoir.<\/p>\n<div id=\"ez-toc-container\" class=\"ez-toc-v2_0_82_2 counter-hierarchy ez-toc-counter ez-toc-custom ez-toc-container-direction\">\n<div class=\"ez-toc-title-container\">\n<p class=\"ez-toc-title\" style=\"cursor:inherit\">Ce que vous allez apprendre<\/p>\n<span class=\"ez-toc-title-toggle\"><\/span><\/div>\n<nav><ul class='ez-toc-list ez-toc-list-level-1 ' ><li class='ez-toc-page-1 ez-toc-heading-level-2'><a class=\"ez-toc-link ez-toc-heading-1\" href=\"https:\/\/www.mydemenageur.com\/blog\/epaisseur-isolation-mur\/#isolation-des-murs-quelle-est-la-meilleure-epaisseur-de-lisolant\" >Isolation des murs : quelle est la meilleure \u00e9paisseur de l\u2019isolant ?<\/a><\/li><li class='ez-toc-page-1 ez-toc-heading-level-2'><a class=\"ez-toc-link ez-toc-heading-2\" href=\"https:\/\/www.mydemenageur.com\/blog\/epaisseur-isolation-mur\/#les-materiaux-disolation-des-murs\" >Les mat\u00e9riaux d&rsquo;isolation des murs<\/a><\/li><\/ul><\/nav><\/div>\n<h2><span class=\"ez-toc-section\" id=\"isolation-des-murs-quelle-est-la-meilleure-epaisseur-de-lisolant\"><\/span>Isolation des murs : quelle est la meilleure \u00e9paisseur de l\u2019isolant ?<span class=\"ez-toc-section-end\"><\/span><\/h2>\n<p>Lorsque vous d\u00e9cidez de proc\u00e9der \u00e0<a href=\"https:\/\/www.mydemenageur.com\/blog\/isolation-mur-exterieur-1-euro-2021\"> l&rsquo;isolation de vos parois<\/a>, lors de <strong>travaux de r\u00e9novation<\/strong>, le choix de l&rsquo;\u00e9paisseur du produit utilis\u00e9 est essentiel. En effet, dans tous les cas, vous allez gagner de la superficie sur les murs, ce qui entra\u00eenera une diminution de la surface utile (si vous proc\u00e9dez \u00e0 une isolation de l&rsquo;int\u00e9rieur) ou un agrandissement de la surface au sol de la maison (dans le cas o\u00f9 vous proc\u00e9dez \u00e0 une isolation de l&rsquo;ext\u00e9rieur).<\/p>\n<p>Dans le cas de <strong>travaux d&rsquo;isolation de murs internes<\/strong>, l&rsquo;\u00e9paisseur optimale des mat\u00e9riaux se trouve habituellement entre 12 et 18 cm. Elle d\u00e9pend de la r\u00e9sistance thermique du mat\u00e9riau isolant. En effet, plus le coefficient R est important, plus le produit est r\u00e9sistant.<\/p>\n<p>En effet, plus le coefficient R est important, plus le produit est r\u00e9sistant. De la m\u00eame mani\u00e8re, plus <strong>la couche isolante<\/strong> est importante, plus le coefficient R est haut. Il convient de souligner que deux produits de m\u00eame \u00e9paisseur peuvent pr\u00e9senter des performances distinctes, ceci est li\u00e9 \u00e0 la valeur de la conductivit\u00e9 thermique \u03bb de cet isolant.<\/p>\n<h2><span class=\"ez-toc-section\" id=\"les-materiaux-disolation-des-murs\"><\/span>Les mat\u00e9riaux d&rsquo;isolation des murs<span class=\"ez-toc-section-end\"><\/span><\/h2>\n<p>Les<strong> mat\u00e9riaux utilis\u00e9s pour l&rsquo;isolation<\/strong> peuvent \u00eatre de diff\u00e9rents types. En voici quelques-uns :<\/p>\n<ul>\n<li>Les isolants rigides : panneaux de polystyr\u00e8ne, chevrons, etc. ;<\/li>\n<li><strong>L&rsquo;isolation en mousse<\/strong> : qui est r\u00e9alis\u00e9e \u00e0 l&rsquo;aide de sprays de mousse isolante et de mastics sp\u00e9cialement con\u00e7us \u00e0 cet effet ;<\/li>\n<li>L&rsquo;isolation par soufflage, qui utilise des fibres de cellulose ;<\/li>\n<li>L&rsquo;isolation en feuille ;<\/li>\n<li>L&rsquo;isolation en laine de roche.<\/li>\n<\/ul>\n<p>Pour toute propri\u00e9t\u00e9 dont les cavit\u00e9s ne peuvent \u00eatre combl\u00e9es, <strong>l&rsquo;isolation des murs int\u00e9rieurs<\/strong> est une solution utile. Les surfaces internes des murs seront beaucoup moins sujettes \u00e0 la condensation. Elle peut \u00eatre r\u00e9alis\u00e9e dans certaines pi\u00e8ces et pas dans d&rsquo;autres, selon les besoins.<\/p>\n<p>Contrairement \u00e0 <strong>l&rsquo;isolation des murs ext\u00e9rieurs<\/strong>, elle n&rsquo;a aucun impact sur l&rsquo;apparence de la propri\u00e9t\u00e9. Une fois l&rsquo;installation termin\u00e9e, la temp\u00e9rature int\u00e9rieure s&rsquo;\u00e9l\u00e8vera, quant \u00e0 la consommation d&rsquo;\u00e9nergie et la facture de chauffage, elles seront nettement inf\u00e9rieures.<\/p>\n","protected":false},"excerpt":{"rendered":"<p>Les murs pleins perdent encore plus de chaleur que les murs creux ; la seule fa\u00e7on de r\u00e9duire cette perte<\/p>\n","protected":false},"author":11,"featured_media":28454,"comment_status":"closed","ping_status":"closed","sticky":false,"template":"","format":"standard","meta":{"_lmt_disableupdate":"","_lmt_disable":"","footnotes":""},"categories":[22],"tags":[120],"yoast_head":"<!-- This site is optimized with the Yoast SEO Premium plugin v24.2 (Yoast SEO v24.5) - https:\/\/yoast.com\/wordpress\/plugins\/seo\/ -->\n<title>L&#039;\u00e9paisseur de l&#039;isolation des murs : \u00e0 combien s&#039;\u00e9l\u00e8ve-t-elle ?<\/title>\n<meta name=\"description\" content=\"Quelle est l&#039;\u00e9paisseur id\u00e9ale pour une isolation des murs ? Trouvez aujourd&#039;hui l&#039;isolant adapt\u00e9 \u00e0 votre bien et \u00e0 vos besoins.\" \/>\n<meta name=\"robots\" content=\"index, follow, max-snippet:-1, max-image-preview:large, max-video-preview:-1\" \/>\n<link rel=\"canonical\" href=\"https:\/\/www.mydemenageur.com\/blog\/epaisseur-isolation-mur\/\" \/>\n<meta property=\"og:locale\" content=\"fr_FR\" \/>\n<meta property=\"og:type\" content=\"article\" \/>\n<meta property=\"og:title\" content=\"Quelle est l&#039;\u00e9paisseur id\u00e9ale pour une isolation des murs ?\" \/>\n<meta property=\"og:description\" content=\"Quelle est l&#039;\u00e9paisseur id\u00e9ale pour une isolation des murs ? Trouvez aujourd&#039;hui l&#039;isolant adapt\u00e9 \u00e0 votre bien et \u00e0 vos besoins.\" \/>\n<meta property=\"og:url\" content=\"https:\/\/www.mydemenageur.com\/blog\/epaisseur-isolation-mur\/\" \/>\n<meta property=\"og:site_name\" content=\"MyDemenageur\" \/>\n<meta property=\"article:publisher\" content=\"https:\/\/www.facebook.com\/mydemenageur\" \/>\n<meta property=\"article:published_time\" content=\"2022-01-16T00:00:00+00:00\" \/>\n<meta property=\"article:modified_time\" content=\"2022-05-21T10:26:18+00:00\" \/>\n<meta property=\"og:image\" content=\"https:\/\/www.mydemenageur.com\/blog\/wp-content\/uploads\/2022\/01\/hand-in-gloves-holding-mineral-wool-building-under-construction-wall-insulation-with-rockwool-soft_t20_ynpgJp.jpg\" \/>\n\t<meta property=\"og:image:width\" content=\"1017\" \/>\n\t<meta property=\"og:image:height\" content=\"678\" \/>\n\t<meta property=\"og:image:type\" content=\"image\/jpeg\" \/>\n<meta name=\"author\" content=\"Mathilde\" \/>\n<meta name=\"twitter:card\" content=\"summary_large_image\" \/>\n<meta name=\"twitter:creator\" content=\"@mydemenageur\" \/>\n<meta name=\"twitter:site\" content=\"@mydemenageur\" \/>\n<meta name=\"twitter:label1\" content=\"\u00c9crit par\" \/>\n\t<meta name=\"twitter:data1\" content=\"Mathilde\" \/>\n\t<meta name=\"twitter:label2\" content=\"Dur\u00e9e de lecture estim\u00e9e\" \/>\n\t<meta name=\"twitter:data2\" content=\"2 minutes\" \/>\n<script type=\"application\/ld+json\" class=\"yoast-schema-graph\">{\"@context\":\"https:\/\/schema.org\",\"@graph\":[{\"@type\":\"Article\",\"@id\":\"https:\/\/www.mydemenageur.com\/blog\/epaisseur-isolation-mur\/#article\",\"isPartOf\":{\"@id\":\"https:\/\/www.mydemenageur.com\/blog\/epaisseur-isolation-mur\/\"},\"author\":{\"name\":\"Mathilde\",\"@id\":\"https:\/\/www.mydemenageur.com\/blog\/#\/schema\/person\/4540dc333c2e7dc790f0f7bcd5b99569\"},\"headline\":\"Quelle est l&rsquo;\u00e9paisseur id\u00e9ale pour une isolation des murs ?\",\"datePublished\":\"2022-01-16T00:00:00+00:00\",\"dateModified\":\"2022-05-21T10:26:18+00:00\",\"mainEntityOfPage\":{\"@id\":\"https:\/\/www.mydemenageur.com\/blog\/epaisseur-isolation-mur\/\"},\"wordCount\":495,\"publisher\":{\"@id\":\"https:\/\/www.mydemenageur.com\/blog\/#organization\"},\"image\":{\"@id\":\"https:\/\/www.mydemenageur.com\/blog\/epaisseur-isolation-mur\/#primaryimage\"},\"thumbnailUrl\":\"https:\/\/www.mydemenageur.com\/blog\/wp-content\/uploads\/2022\/01\/hand-in-gloves-holding-mineral-wool-building-under-construction-wall-insulation-with-rockwool-soft_t20_ynpgJp.jpg\",\"keywords\":[\"aide\"],\"articleSection\":[\"Bricolage\"],\"inLanguage\":\"fr-FR\"},{\"@type\":\"WebPage\",\"@id\":\"https:\/\/www.mydemenageur.com\/blog\/epaisseur-isolation-mur\/\",\"url\":\"https:\/\/www.mydemenageur.com\/blog\/epaisseur-isolation-mur\/\",\"name\":\"L'\u00e9paisseur de l'isolation des murs : \u00e0 combien s'\u00e9l\u00e8ve-t-elle ?\",\"isPartOf\":{\"@id\":\"https:\/\/www.mydemenageur.com\/blog\/#website\"},\"primaryImageOfPage\":{\"@id\":\"https:\/\/www.mydemenageur.com\/blog\/epaisseur-isolation-mur\/#primaryimage\"},\"image\":{\"@id\":\"https:\/\/www.mydemenageur.com\/blog\/epaisseur-isolation-mur\/#primaryimage\"},\"thumbnailUrl\":\"https:\/\/www.mydemenageur.com\/blog\/wp-content\/uploads\/2022\/01\/hand-in-gloves-holding-mineral-wool-building-under-construction-wall-insulation-with-rockwool-soft_t20_ynpgJp.jpg\",\"datePublished\":\"2022-01-16T00:00:00+00:00\",\"dateModified\":\"2022-05-21T10:26:18+00:00\",\"description\":\"Quelle est l'\u00e9paisseur id\u00e9ale pour une isolation des murs ? Trouvez aujourd'hui l'isolant adapt\u00e9 \u00e0 votre bien et \u00e0 vos besoins.\",\"breadcrumb\":{\"@id\":\"https:\/\/www.mydemenageur.com\/blog\/epaisseur-isolation-mur\/#breadcrumb\"},\"inLanguage\":\"fr-FR\",\"potentialAction\":[{\"@type\":\"ReadAction\",\"target\":[\"https:\/\/www.mydemenageur.com\/blog\/epaisseur-isolation-mur\/\"]}]},{\"@type\":\"ImageObject\",\"inLanguage\":\"fr-FR\",\"@id\":\"https:\/\/www.mydemenageur.com\/blog\/epaisseur-isolation-mur\/#primaryimage\",\"url\":\"https:\/\/www.mydemenageur.com\/blog\/wp-content\/uploads\/2022\/01\/hand-in-gloves-holding-mineral-wool-building-under-construction-wall-insulation-with-rockwool-soft_t20_ynpgJp.jpg\",\"contentUrl\":\"https:\/\/www.mydemenageur.com\/blog\/wp-content\/uploads\/2022\/01\/hand-in-gloves-holding-mineral-wool-building-under-construction-wall-insulation-with-rockwool-soft_t20_ynpgJp.jpg\",\"width\":1017,\"height\":678,\"caption\":\"isolant\"},{\"@type\":\"BreadcrumbList\",\"@id\":\"https:\/\/www.mydemenageur.com\/blog\/epaisseur-isolation-mur\/#breadcrumb\",\"itemListElement\":[{\"@type\":\"ListItem\",\"position\":1,\"name\":\"Accueil\",\"item\":\"https:\/\/www.mydemenageur.com\/blog\/\"},{\"@type\":\"ListItem\",\"position\":2,\"name\":\"Bricolage\",\"item\":\"https:\/\/www.mydemenageur.com\/blog\/categorie\/bricolage\/\"},{\"@type\":\"ListItem\",\"position\":3,\"name\":\"Quelle est l&rsquo;\u00e9paisseur id\u00e9ale pour une isolation des murs ?\"}]},{\"@type\":\"WebSite\",\"@id\":\"https:\/\/www.mydemenageur.com\/blog\/#website\",\"url\":\"https:\/\/www.mydemenageur.com\/blog\/\",\"name\":\"MyDemenageur\",\"description\":\"Conseils d\u00e9m\u00e9ngement entre particuliers et d\u00e9m\u00e9nagement professionnel\",\"publisher\":{\"@id\":\"https:\/\/www.mydemenageur.com\/blog\/#organization\"},\"potentialAction\":[{\"@type\":\"SearchAction\",\"target\":{\"@type\":\"EntryPoint\",\"urlTemplate\":\"https:\/\/www.mydemenageur.com\/blog\/?s={search_term_string}\"},\"query-input\":{\"@type\":\"PropertyValueSpecification\",\"valueRequired\":true,\"valueName\":\"search_term_string\"}}],\"inLanguage\":\"fr-FR\"},{\"@type\":\"Organization\",\"@id\":\"https:\/\/www.mydemenageur.com\/blog\/#organization\",\"name\":\"MyDemenageur.com\",\"url\":\"https:\/\/www.mydemenageur.com\/blog\/\",\"logo\":{\"@type\":\"ImageObject\",\"inLanguage\":\"fr-FR\",\"@id\":\"https:\/\/www.mydemenageur.com\/blog\/#\/schema\/logo\/image\/\",\"url\":\"https:\/\/www.mydemenageur.com\/blog\/wp-content\/uploads\/2022\/05\/MyDemenageur_Symbol.jpg\",\"contentUrl\":\"https:\/\/www.mydemenageur.com\/blog\/wp-content\/uploads\/2022\/05\/MyDemenageur_Symbol.jpg\",\"width\":878,\"height\":877,\"caption\":\"MyDemenageur.com\"},\"image\":{\"@id\":\"https:\/\/www.mydemenageur.com\/blog\/#\/schema\/logo\/image\/\"},\"sameAs\":[\"https:\/\/www.facebook.com\/mydemenageur\",\"https:\/\/x.com\/mydemenageur\",\"https:\/\/www.pinterest.fr\/mydemenageur\/\"]},{\"@type\":\"Person\",\"@id\":\"https:\/\/www.mydemenageur.com\/blog\/#\/schema\/person\/4540dc333c2e7dc790f0f7bcd5b99569\",\"name\":\"Mathilde\",\"image\":{\"@type\":\"ImageObject\",\"inLanguage\":\"fr-FR\",\"@id\":\"https:\/\/www.mydemenageur.com\/blog\/#\/schema\/person\/image\/\",\"url\":\"https:\/\/secure.gravatar.com\/avatar\/abde069f6f70261ee6ecea93e0437d77?s=96&#038;r=g\",\"contentUrl\":\"https:\/\/secure.gravatar.com\/avatar\/abde069f6f70261ee6ecea93e0437d77?s=96&#038;r=g\",\"caption\":\"Mathilde\"},\"description\":\"L'harmonie des couleurs et des objets m'a toujours fascin\u00e9e, transformant chaque pi\u00e8ce en un lieu unique et agr\u00e9able \u00e0 vivre. Sur MyDemenageur, vous trouverez non seulement des inspirations personnelles, mais aussi des informations r\u00e9centes sur le monde de la d\u00e9coration, les projets de maison, le d\u00e9m\u00e9nagement et les travaux.\",\"url\":\"https:\/\/www.mydemenageur.com\/blog\/author\/mathilde\/\"}]}<\/script>\n<!-- \/ Yoast SEO Premium plugin. -->","yoast_head_json":{"title":"L'\u00e9paisseur de l'isolation des murs : \u00e0 combien s'\u00e9l\u00e8ve-t-elle ?","description":"Quelle est l'\u00e9paisseur id\u00e9ale pour une isolation des murs ? Trouvez aujourd'hui l'isolant adapt\u00e9 \u00e0 votre bien et \u00e0 vos besoins.","robots":{"index":"index","follow":"follow","max-snippet":"max-snippet:-1","max-image-preview":"max-image-preview:large","max-video-preview":"max-video-preview:-1"},"canonical":"https:\/\/www.mydemenageur.com\/blog\/epaisseur-isolation-mur\/","og_locale":"fr_FR","og_type":"article","og_title":"Quelle est l'\u00e9paisseur id\u00e9ale pour une isolation des murs ?","og_description":"Quelle est l'\u00e9paisseur id\u00e9ale pour une isolation des murs ? Trouvez aujourd'hui l'isolant adapt\u00e9 \u00e0 votre bien et \u00e0 vos besoins.","og_url":"https:\/\/www.mydemenageur.com\/blog\/epaisseur-isolation-mur\/","og_site_name":"MyDemenageur","article_publisher":"https:\/\/www.facebook.com\/mydemenageur","article_published_time":"2022-01-16T00:00:00+00:00","article_modified_time":"2022-05-21T10:26:18+00:00","og_image":[{"width":1017,"height":678,"url":"https:\/\/www.mydemenageur.com\/blog\/wp-content\/uploads\/2022\/01\/hand-in-gloves-holding-mineral-wool-building-under-construction-wall-insulation-with-rockwool-soft_t20_ynpgJp.jpg","type":"image\/jpeg"}],"author":"Mathilde","twitter_card":"summary_large_image","twitter_creator":"@mydemenageur","twitter_site":"@mydemenageur","twitter_misc":{"\u00c9crit par":"Mathilde","Dur\u00e9e de lecture estim\u00e9e":"2 minutes"},"schema":{"@context":"https:\/\/schema.org","@graph":[{"@type":"Article","@id":"https:\/\/www.mydemenageur.com\/blog\/epaisseur-isolation-mur\/#article","isPartOf":{"@id":"https:\/\/www.mydemenageur.com\/blog\/epaisseur-isolation-mur\/"},"author":{"name":"Mathilde","@id":"https:\/\/www.mydemenageur.com\/blog\/#\/schema\/person\/4540dc333c2e7dc790f0f7bcd5b99569"},"headline":"Quelle est l&rsquo;\u00e9paisseur id\u00e9ale pour une isolation des murs ?","datePublished":"2022-01-16T00:00:00+00:00","dateModified":"2022-05-21T10:26:18+00:00","mainEntityOfPage":{"@id":"https:\/\/www.mydemenageur.com\/blog\/epaisseur-isolation-mur\/"},"wordCount":495,"publisher":{"@id":"https:\/\/www.mydemenageur.com\/blog\/#organization"},"image":{"@id":"https:\/\/www.mydemenageur.com\/blog\/epaisseur-isolation-mur\/#primaryimage"},"thumbnailUrl":"https:\/\/www.mydemenageur.com\/blog\/wp-content\/uploads\/2022\/01\/hand-in-gloves-holding-mineral-wool-building-under-construction-wall-insulation-with-rockwool-soft_t20_ynpgJp.jpg","keywords":["aide"],"articleSection":["Bricolage"],"inLanguage":"fr-FR"},{"@type":"WebPage","@id":"https:\/\/www.mydemenageur.com\/blog\/epaisseur-isolation-mur\/","url":"https:\/\/www.mydemenageur.com\/blog\/epaisseur-isolation-mur\/","name":"L'\u00e9paisseur de l'isolation des murs : \u00e0 combien s'\u00e9l\u00e8ve-t-elle ?","isPartOf":{"@id":"https:\/\/www.mydemenageur.com\/blog\/#website"},"primaryImageOfPage":{"@id":"https:\/\/www.mydemenageur.com\/blog\/epaisseur-isolation-mur\/#primaryimage"},"image":{"@id":"https:\/\/www.mydemenageur.com\/blog\/epaisseur-isolation-mur\/#primaryimage"},"thumbnailUrl":"https:\/\/www.mydemenageur.com\/blog\/wp-content\/uploads\/2022\/01\/hand-in-gloves-holding-mineral-wool-building-under-construction-wall-insulation-with-rockwool-soft_t20_ynpgJp.jpg","datePublished":"2022-01-16T00:00:00+00:00","dateModified":"2022-05-21T10:26:18+00:00","description":"Quelle est l'\u00e9paisseur id\u00e9ale pour une isolation des murs ? Trouvez aujourd'hui l'isolant adapt\u00e9 \u00e0 votre bien et \u00e0 vos besoins.","breadcrumb":{"@id":"https:\/\/www.mydemenageur.com\/blog\/epaisseur-isolation-mur\/#breadcrumb"},"inLanguage":"fr-FR","potentialAction":[{"@type":"ReadAction","target":["https:\/\/www.mydemenageur.com\/blog\/epaisseur-isolation-mur\/"]}]},{"@type":"ImageObject","inLanguage":"fr-FR","@id":"https:\/\/www.mydemenageur.com\/blog\/epaisseur-isolation-mur\/#primaryimage","url":"https:\/\/www.mydemenageur.com\/blog\/wp-content\/uploads\/2022\/01\/hand-in-gloves-holding-mineral-wool-building-under-construction-wall-insulation-with-rockwool-soft_t20_ynpgJp.jpg","contentUrl":"https:\/\/www.mydemenageur.com\/blog\/wp-content\/uploads\/2022\/01\/hand-in-gloves-holding-mineral-wool-building-under-construction-wall-insulation-with-rockwool-soft_t20_ynpgJp.jpg","width":1017,"height":678,"caption":"isolant"},{"@type":"BreadcrumbList","@id":"https:\/\/www.mydemenageur.com\/blog\/epaisseur-isolation-mur\/#breadcrumb","itemListElement":[{"@type":"ListItem","position":1,"name":"Accueil","item":"https:\/\/www.mydemenageur.com\/blog\/"},{"@type":"ListItem","position":2,"name":"Bricolage","item":"https:\/\/www.mydemenageur.com\/blog\/categorie\/bricolage\/"},{"@type":"ListItem","position":3,"name":"Quelle est l&rsquo;\u00e9paisseur id\u00e9ale pour une isolation des murs ?"}]},{"@type":"WebSite","@id":"https:\/\/www.mydemenageur.com\/blog\/#website","url":"https:\/\/www.mydemenageur.com\/blog\/","name":"MyDemenageur","description":"Conseils d\u00e9m\u00e9ngement entre particuliers et d\u00e9m\u00e9nagement professionnel","publisher":{"@id":"https:\/\/www.mydemenageur.com\/blog\/#organization"},"potentialAction":[{"@type":"SearchAction","target":{"@type":"EntryPoint","urlTemplate":"https:\/\/www.mydemenageur.com\/blog\/?s={search_term_string}"},"query-input":{"@type":"PropertyValueSpecification","valueRequired":true,"valueName":"search_term_string"}}],"inLanguage":"fr-FR"},{"@type":"Organization","@id":"https:\/\/www.mydemenageur.com\/blog\/#organization","name":"MyDemenageur.com","url":"https:\/\/www.mydemenageur.com\/blog\/","logo":{"@type":"ImageObject","inLanguage":"fr-FR","@id":"https:\/\/www.mydemenageur.com\/blog\/#\/schema\/logo\/image\/","url":"https:\/\/www.mydemenageur.com\/blog\/wp-content\/uploads\/2022\/05\/MyDemenageur_Symbol.jpg","contentUrl":"https:\/\/www.mydemenageur.com\/blog\/wp-content\/uploads\/2022\/05\/MyDemenageur_Symbol.jpg","width":878,"height":877,"caption":"MyDemenageur.com"},"image":{"@id":"https:\/\/www.mydemenageur.com\/blog\/#\/schema\/logo\/image\/"},"sameAs":["https:\/\/www.facebook.com\/mydemenageur","https:\/\/x.com\/mydemenageur","https:\/\/www.pinterest.fr\/mydemenageur\/"]},{"@type":"Person","@id":"https:\/\/www.mydemenageur.com\/blog\/#\/schema\/person\/4540dc333c2e7dc790f0f7bcd5b99569","name":"Mathilde","image":{"@type":"ImageObject","inLanguage":"fr-FR","@id":"https:\/\/www.mydemenageur.com\/blog\/#\/schema\/person\/image\/","url":"https:\/\/secure.gravatar.com\/avatar\/abde069f6f70261ee6ecea93e0437d77?s=96&#038;r=g","contentUrl":"https:\/\/secure.gravatar.com\/avatar\/abde069f6f70261ee6ecea93e0437d77?s=96&#038;r=g","caption":"Mathilde"},"description":"L'harmonie des couleurs et des objets m'a toujours fascin\u00e9e, transformant chaque pi\u00e8ce en un lieu unique et agr\u00e9able \u00e0 vivre. Sur MyDemenageur, vous trouverez non seulement des inspirations personnelles, mais aussi des informations r\u00e9centes sur le monde de la d\u00e9coration, les projets de maison, le d\u00e9m\u00e9nagement et les travaux.","url":"https:\/\/www.mydemenageur.com\/blog\/author\/mathilde\/"}]}},"modified_by":"MyDemenageur","_links":{"self":[{"href":"https:\/\/www.mydemenageur.com\/blog\/wp-json\/wp\/v2\/posts\/25481"}],"collection":[{"href":"https:\/\/www.mydemenageur.com\/blog\/wp-json\/wp\/v2\/posts"}],"about":[{"href":"https:\/\/www.mydemenageur.com\/blog\/wp-json\/wp\/v2\/types\/post"}],"author":[{"embeddable":true,"href":"https:\/\/www.mydemenageur.com\/blog\/wp-json\/wp\/v2\/users\/11"}],"replies":[{"embeddable":true,"href":"https:\/\/www.mydemenageur.com\/blog\/wp-json\/wp\/v2\/comments?post=25481"}],"version-history":[{"count":0,"href":"https:\/\/www.mydemenageur.com\/blog\/wp-json\/wp\/v2\/posts\/25481\/revisions"}],"wp:featuredmedia":[{"embeddable":true,"href":"https:\/\/www.mydemenageur.com\/blog\/wp-json\/wp\/v2\/media\/28454"}],"wp:attachment":[{"href":"https:\/\/www.mydemenageur.com\/blog\/wp-json\/wp\/v2\/media?parent=25481"}],"wp:term":[{"taxonomy":"category","embeddable":true,"href":"https:\/\/www.mydemenageur.com\/blog\/wp-json\/wp\/v2\/categories?post=25481"},{"taxonomy":"post_tag","embeddable":true,"href":"https:\/\/www.mydemenageur.com\/blog\/wp-json\/wp\/v2\/tags?post=25481"}],"curies":[{"name":"wp","href":"https:\/\/api.w.org\/{rel}","templated":true}]}}