{"id":25491,"date":"2022-01-18T00:00:00","date_gmt":"2022-01-18T00:00:00","guid":{"rendered":"https:\/\/www.mydemenageur.com\/blog\/?p=25491"},"modified":"2022-05-21T10:26:17","modified_gmt":"2022-05-21T10:26:17","slug":"mur-vegetal-interieur","status":"publish","type":"post","link":"https:\/\/www.mydemenageur.com\/blog\/mur-vegetal-interieur\/","title":{"rendered":"Qu&rsquo;est-ce qu&rsquo;un mur v\u00e9g\u00e9tal int\u00e9rieur ?"},"content":{"rendered":"<p>Qu&rsquo;est-ce que les murs int\u00e9rieurs v\u00e9g\u00e9taux ? Vous en avez peut-\u00eatre entendu parler et les avez consid\u00e9r\u00e9s comme une tendance de plus en mati\u00e8re de <a href=\"https:\/\/www.mydemenageur.com\/blog\/decoration-mur-interieur\"><strong>d\u00e9coration d&rsquo;int\u00e9rieur<\/strong><\/a>. Pourtant, l&rsquo;id\u00e9e remonte aux ann\u00e9es 1930 et il s&rsquo;agit d&rsquo;une science-fiction devenue r\u00e9alit\u00e9 !<\/p>\n<p>Ils suscitent l&rsquo;int\u00e9r\u00eat d&rsquo;entreprises de toutes tailles d\u00e9sireuses de renforcer leurs r\u00e9f\u00e9rences \u00e9cologiques. Ils n&rsquo;int\u00e9ressent plus seulement les<strong> cabinets d&rsquo;architecture <\/strong>qui se disputent les prix de design. Cet article vous fera d\u00e9couvrir ces charmants murs verts en r\u00e9pondant aux questions les plus fr\u00e9quemment pos\u00e9es.<\/p>\n<div id=\"ez-toc-container\" class=\"ez-toc-v2_0_82_2 counter-hierarchy ez-toc-counter ez-toc-custom ez-toc-container-direction\">\n<div class=\"ez-toc-title-container\">\n<p class=\"ez-toc-title\" style=\"cursor:inherit\">Ce que vous allez apprendre<\/p>\n<span class=\"ez-toc-title-toggle\"><\/span><\/div>\n<nav><ul class='ez-toc-list ez-toc-list-level-1 ' ><li class='ez-toc-page-1 ez-toc-heading-level-2'><a class=\"ez-toc-link ez-toc-heading-1\" href=\"https:\/\/www.mydemenageur.com\/blog\/mur-vegetal-interieur\/#quest-ce-quun-mur-vegetal-interieur\" >Qu&rsquo;est-ce qu&rsquo;un mur v\u00e9g\u00e9tal int\u00e9rieur ?<\/a><ul class='ez-toc-list-level-3' ><li class='ez-toc-heading-level-3'><a class=\"ez-toc-link ez-toc-heading-2\" href=\"https:\/\/www.mydemenageur.com\/blog\/mur-vegetal-interieur\/#avantages-des-murs-vegetaux-interieurs\" >Avantages des murs v\u00e9g\u00e9taux int\u00e9rieurs<\/a><\/li><\/ul><\/li><li class='ez-toc-page-1 ez-toc-heading-level-2'><a class=\"ez-toc-link ez-toc-heading-3\" href=\"https:\/\/www.mydemenageur.com\/blog\/mur-vegetal-interieur\/#quel-est-le-processus-de-construction-dun-mur-vegetal-interieur\" >Quel est le processus de construction d&rsquo;un mur v\u00e9g\u00e9tal int\u00e9rieur ?<\/a><\/li><\/ul><\/nav><\/div>\n<h2><span class=\"ez-toc-section\" id=\"quest-ce-quun-mur-vegetal-interieur\"><\/span>Qu&rsquo;est-ce qu&rsquo;un mur v\u00e9g\u00e9tal int\u00e9rieur ?<span class=\"ez-toc-section-end\"><\/span><\/h2>\n<p><strong>Les murs v\u00e9g\u00e9taux int\u00e9rieurs<\/strong> sont constitu\u00e9s de panneaux de plantes cultiv\u00e9es verticalement par hydroponie sur des structures qui peuvent \u00eatre autonomes ou fix\u00e9es aux murs. Les jardins verticaux,<a href=\"https:\/\/www.mydemenageur.com\/blog\/habiller-un-mur\"> les murs verts<\/a> et les murs vivants sont autant de termes utilis\u00e9s pour d\u00e9crire les murs v\u00e9g\u00e9taux.<\/p>\n<h3><span class=\"ez-toc-section\" id=\"avantages-des-murs-vegetaux-interieurs\"><\/span>Avantages des murs v\u00e9g\u00e9taux int\u00e9rieurs<span class=\"ez-toc-section-end\"><\/span><\/h3>\n<p>De nombreuses personnes ignorent que les int\u00e9rieurs peuvent \u00eatre plus contamin\u00e9s que l&rsquo;environnement ext\u00e9rieur en raison des produits chimiques contenus dans les moquettes, les peintures murales et les appareils \u00e9lectroniques. Pour cela, il existe de nombreux avantages \u00e0 avoir un<strong> mur int\u00e9rieur v\u00e9g\u00e9tal <\/strong>dans votre maison, les voici :<\/p>\n<ul>\n<li>Les murs v\u00e9g\u00e9taux peuvent transformer les environnements urbains en quelque chose de naturel et de beau lorsque nous manquons d&rsquo;espaces verts ;<\/li>\n<li>Ils peuvent \u00e9galement contribuer \u00e0 am\u00e9liorer la qualit\u00e9 de l&rsquo;air et la sant\u00e9 de chacun ;<\/li>\n<li>Les murs v\u00e9g\u00e9taux permettent d&rsquo;\u00e9liminer les polluants de l&rsquo;air et de r\u00e9guler la temp\u00e9rature et l&rsquo;humidit\u00e9 ;<\/li>\n<li>Ils contribuent \u00e0 la sant\u00e9 et au bien-\u00eatre des individus qui les entourent tout en servant d&rsquo;attrait pour les lieux de rencontre et de collaboration ;<\/li>\n<li>Les murs v\u00e9g\u00e9taux servent \u00e9galement \u00e0 r\u00e9duire le bruit et offrent des avantages li\u00e9s \u00e0 la conception biophilique, qui est l&rsquo;id\u00e9e que les gens travaillent et se sentent mieux lorsqu&rsquo;ils ont acc\u00e8s \u00e0 la nature sur leur lieu de travail.<\/li>\n<\/ul>\n<p>Les plantes vivantes elles-m\u00eames sont responsables de la fa\u00e7on dont les <strong>avantages des murs v\u00e9g\u00e9taux <\/strong>affectent votre maison. Le dioxyde de carbone et les autres contaminants sont naturellement absorb\u00e9s par les plantes, qui expirent ensuite un nouvel oxyg\u00e8ne propre.<\/p>\n<h2><span class=\"ez-toc-section\" id=\"quel-est-le-processus-de-construction-dun-mur-vegetal-interieur\"><\/span>Quel est le processus de construction d&rsquo;un mur v\u00e9g\u00e9tal int\u00e9rieur ?<span class=\"ez-toc-section-end\"><\/span><\/h2>\n<p>Les murs v\u00e9g\u00e9taux int\u00e9rieurs sont construits de la m\u00eame mani\u00e8re que les murs conventionnels. Ils sont constitu\u00e9s d&rsquo;une ossature dont les sections accueillent les plantes et les fleurs qui composeront le mur vert. Le fonctionnement du syst\u00e8me d\u00e9pend en grande partie du<strong> type de mur v\u00e9g\u00e9tal<\/strong> vert mis en place.<\/p>\n<p>Certains <strong>murs verts<\/strong> contiennent des tuyaux dissimul\u00e9s qui permettent un syst\u00e8me d&rsquo;auto-arrosage, tandis que d&rsquo;autres n\u00e9cessitent un arrosage manuel.<\/p>\n","protected":false},"excerpt":{"rendered":"<p>Qu&rsquo;est-ce que les murs int\u00e9rieurs v\u00e9g\u00e9taux ? Vous en avez peut-\u00eatre entendu parler et les avez consid\u00e9r\u00e9s comme une tendance<\/p>\n","protected":false},"author":11,"featured_media":28458,"comment_status":"closed","ping_status":"closed","sticky":false,"template":"","format":"standard","meta":{"_lmt_disableupdate":"","_lmt_disable":"","footnotes":""},"categories":[22],"tags":[114],"yoast_head":"<!-- This site is optimized with the Yoast SEO Premium plugin v24.2 (Yoast SEO v24.5) - https:\/\/yoast.com\/wordpress\/plugins\/seo\/ -->\n<title>Mur v\u00e9g\u00e9tal int\u00e9rieur : quels sont ses avantages ?<\/title>\n<meta name=\"description\" content=\"Qu&#039;est-ce qu&#039;un mur v\u00e9g\u00e9tal int\u00e9rieur ? Quels sont les avantages d&#039;en poss\u00e9der un ? Comment cr\u00e9er son propre mur v\u00e9g\u00e9tal d&#039;int\u00e9rieur ?\" \/>\n<meta name=\"robots\" content=\"index, follow, max-snippet:-1, max-image-preview:large, max-video-preview:-1\" \/>\n<link rel=\"canonical\" href=\"https:\/\/www.mydemenageur.com\/blog\/mur-vegetal-interieur\/\" \/>\n<meta property=\"og:locale\" content=\"fr_FR\" \/>\n<meta property=\"og:type\" content=\"article\" \/>\n<meta property=\"og:title\" content=\"Qu&#039;est-ce qu&#039;un mur v\u00e9g\u00e9tal int\u00e9rieur ?\" \/>\n<meta property=\"og:description\" content=\"Qu&#039;est-ce qu&#039;un mur v\u00e9g\u00e9tal int\u00e9rieur ? Quels sont les avantages d&#039;en poss\u00e9der un ? Comment cr\u00e9er son propre mur v\u00e9g\u00e9tal d&#039;int\u00e9rieur ?\" \/>\n<meta property=\"og:url\" content=\"https:\/\/www.mydemenageur.com\/blog\/mur-vegetal-interieur\/\" \/>\n<meta property=\"og:site_name\" content=\"MyDemenageur\" \/>\n<meta property=\"article:publisher\" content=\"https:\/\/www.facebook.com\/mydemenageur\" \/>\n<meta property=\"article:published_time\" content=\"2022-01-18T00:00:00+00:00\" \/>\n<meta property=\"article:modified_time\" content=\"2022-05-21T10:26:17+00:00\" \/>\n<meta property=\"og:image\" content=\"https:\/\/www.mydemenageur.com\/blog\/wp-content\/uploads\/2022\/01\/floral-and-green-plants-vertical-garden-pink-orchids-pink-flowers-red-leaves-green-leaves-fern-ferns_t20_mR6nwm.jpg\" \/>\n\t<meta property=\"og:image:width\" content=\"957\" \/>\n\t<meta property=\"og:image:height\" content=\"718\" \/>\n\t<meta property=\"og:image:type\" content=\"image\/jpeg\" \/>\n<meta name=\"author\" content=\"Mathilde\" \/>\n<meta name=\"twitter:card\" content=\"summary_large_image\" \/>\n<meta name=\"twitter:creator\" content=\"@mydemenageur\" \/>\n<meta name=\"twitter:site\" content=\"@mydemenageur\" \/>\n<meta name=\"twitter:label1\" content=\"\u00c9crit par\" \/>\n\t<meta name=\"twitter:data1\" content=\"Mathilde\" \/>\n\t<meta name=\"twitter:label2\" content=\"Dur\u00e9e de lecture estim\u00e9e\" \/>\n\t<meta name=\"twitter:data2\" content=\"2 minutes\" \/>\n<script type=\"application\/ld+json\" class=\"yoast-schema-graph\">{\"@context\":\"https:\/\/schema.org\",\"@graph\":[{\"@type\":\"Article\",\"@id\":\"https:\/\/www.mydemenageur.com\/blog\/mur-vegetal-interieur\/#article\",\"isPartOf\":{\"@id\":\"https:\/\/www.mydemenageur.com\/blog\/mur-vegetal-interieur\/\"},\"author\":{\"name\":\"Mathilde\",\"@id\":\"https:\/\/www.mydemenageur.com\/blog\/#\/schema\/person\/4540dc333c2e7dc790f0f7bcd5b99569\"},\"headline\":\"Qu&rsquo;est-ce qu&rsquo;un mur v\u00e9g\u00e9tal int\u00e9rieur ?\",\"datePublished\":\"2022-01-18T00:00:00+00:00\",\"dateModified\":\"2022-05-21T10:26:17+00:00\",\"mainEntityOfPage\":{\"@id\":\"https:\/\/www.mydemenageur.com\/blog\/mur-vegetal-interieur\/\"},\"wordCount\":528,\"publisher\":{\"@id\":\"https:\/\/www.mydemenageur.com\/blog\/#organization\"},\"image\":{\"@id\":\"https:\/\/www.mydemenageur.com\/blog\/mur-vegetal-interieur\/#primaryimage\"},\"thumbnailUrl\":\"https:\/\/www.mydemenageur.com\/blog\/wp-content\/uploads\/2022\/01\/floral-and-green-plants-vertical-garden-pink-orchids-pink-flowers-red-leaves-green-leaves-fern-ferns_t20_mR6nwm.jpg\",\"keywords\":[\"Am\u00e9nagement\"],\"articleSection\":[\"Bricolage\"],\"inLanguage\":\"fr-FR\"},{\"@type\":\"WebPage\",\"@id\":\"https:\/\/www.mydemenageur.com\/blog\/mur-vegetal-interieur\/\",\"url\":\"https:\/\/www.mydemenageur.com\/blog\/mur-vegetal-interieur\/\",\"name\":\"Mur v\u00e9g\u00e9tal int\u00e9rieur : quels sont ses avantages ?\",\"isPartOf\":{\"@id\":\"https:\/\/www.mydemenageur.com\/blog\/#website\"},\"primaryImageOfPage\":{\"@id\":\"https:\/\/www.mydemenageur.com\/blog\/mur-vegetal-interieur\/#primaryimage\"},\"image\":{\"@id\":\"https:\/\/www.mydemenageur.com\/blog\/mur-vegetal-interieur\/#primaryimage\"},\"thumbnailUrl\":\"https:\/\/www.mydemenageur.com\/blog\/wp-content\/uploads\/2022\/01\/floral-and-green-plants-vertical-garden-pink-orchids-pink-flowers-red-leaves-green-leaves-fern-ferns_t20_mR6nwm.jpg\",\"datePublished\":\"2022-01-18T00:00:00+00:00\",\"dateModified\":\"2022-05-21T10:26:17+00:00\",\"description\":\"Qu'est-ce qu'un mur v\u00e9g\u00e9tal int\u00e9rieur ? Quels sont les avantages d'en poss\u00e9der un ? Comment cr\u00e9er son propre mur v\u00e9g\u00e9tal d'int\u00e9rieur ?\",\"breadcrumb\":{\"@id\":\"https:\/\/www.mydemenageur.com\/blog\/mur-vegetal-interieur\/#breadcrumb\"},\"inLanguage\":\"fr-FR\",\"potentialAction\":[{\"@type\":\"ReadAction\",\"target\":[\"https:\/\/www.mydemenageur.com\/blog\/mur-vegetal-interieur\/\"]}]},{\"@type\":\"ImageObject\",\"inLanguage\":\"fr-FR\",\"@id\":\"https:\/\/www.mydemenageur.com\/blog\/mur-vegetal-interieur\/#primaryimage\",\"url\":\"https:\/\/www.mydemenageur.com\/blog\/wp-content\/uploads\/2022\/01\/floral-and-green-plants-vertical-garden-pink-orchids-pink-flowers-red-leaves-green-leaves-fern-ferns_t20_mR6nwm.jpg\",\"contentUrl\":\"https:\/\/www.mydemenageur.com\/blog\/wp-content\/uploads\/2022\/01\/floral-and-green-plants-vertical-garden-pink-orchids-pink-flowers-red-leaves-green-leaves-fern-ferns_t20_mR6nwm.jpg\",\"width\":957,\"height\":718,\"caption\":\"mur v\u00e9g\u00e9tal\"},{\"@type\":\"BreadcrumbList\",\"@id\":\"https:\/\/www.mydemenageur.com\/blog\/mur-vegetal-interieur\/#breadcrumb\",\"itemListElement\":[{\"@type\":\"ListItem\",\"position\":1,\"name\":\"Accueil\",\"item\":\"https:\/\/www.mydemenageur.com\/blog\/\"},{\"@type\":\"ListItem\",\"position\":2,\"name\":\"Bricolage\",\"item\":\"https:\/\/www.mydemenageur.com\/blog\/categorie\/bricolage\/\"},{\"@type\":\"ListItem\",\"position\":3,\"name\":\"Qu&rsquo;est-ce qu&rsquo;un mur v\u00e9g\u00e9tal int\u00e9rieur ?\"}]},{\"@type\":\"WebSite\",\"@id\":\"https:\/\/www.mydemenageur.com\/blog\/#website\",\"url\":\"https:\/\/www.mydemenageur.com\/blog\/\",\"name\":\"MyDemenageur\",\"description\":\"Conseils d\u00e9m\u00e9ngement entre particuliers et d\u00e9m\u00e9nagement professionnel\",\"publisher\":{\"@id\":\"https:\/\/www.mydemenageur.com\/blog\/#organization\"},\"potentialAction\":[{\"@type\":\"SearchAction\",\"target\":{\"@type\":\"EntryPoint\",\"urlTemplate\":\"https:\/\/www.mydemenageur.com\/blog\/?s={search_term_string}\"},\"query-input\":{\"@type\":\"PropertyValueSpecification\",\"valueRequired\":true,\"valueName\":\"search_term_string\"}}],\"inLanguage\":\"fr-FR\"},{\"@type\":\"Organization\",\"@id\":\"https:\/\/www.mydemenageur.com\/blog\/#organization\",\"name\":\"MyDemenageur.com\",\"url\":\"https:\/\/www.mydemenageur.com\/blog\/\",\"logo\":{\"@type\":\"ImageObject\",\"inLanguage\":\"fr-FR\",\"@id\":\"https:\/\/www.mydemenageur.com\/blog\/#\/schema\/logo\/image\/\",\"url\":\"https:\/\/www.mydemenageur.com\/blog\/wp-content\/uploads\/2022\/05\/MyDemenageur_Symbol.jpg\",\"contentUrl\":\"https:\/\/www.mydemenageur.com\/blog\/wp-content\/uploads\/2022\/05\/MyDemenageur_Symbol.jpg\",\"width\":878,\"height\":877,\"caption\":\"MyDemenageur.com\"},\"image\":{\"@id\":\"https:\/\/www.mydemenageur.com\/blog\/#\/schema\/logo\/image\/\"},\"sameAs\":[\"https:\/\/www.facebook.com\/mydemenageur\",\"https:\/\/x.com\/mydemenageur\",\"https:\/\/www.pinterest.fr\/mydemenageur\/\"]},{\"@type\":\"Person\",\"@id\":\"https:\/\/www.mydemenageur.com\/blog\/#\/schema\/person\/4540dc333c2e7dc790f0f7bcd5b99569\",\"name\":\"Mathilde\",\"image\":{\"@type\":\"ImageObject\",\"inLanguage\":\"fr-FR\",\"@id\":\"https:\/\/www.mydemenageur.com\/blog\/#\/schema\/person\/image\/\",\"url\":\"https:\/\/secure.gravatar.com\/avatar\/abde069f6f70261ee6ecea93e0437d77?s=96&#038;r=g\",\"contentUrl\":\"https:\/\/secure.gravatar.com\/avatar\/abde069f6f70261ee6ecea93e0437d77?s=96&#038;r=g\",\"caption\":\"Mathilde\"},\"description\":\"L'harmonie des couleurs et des objets m'a toujours fascin\u00e9e, transformant chaque pi\u00e8ce en un lieu unique et agr\u00e9able \u00e0 vivre. Sur MyDemenageur, vous trouverez non seulement des inspirations personnelles, mais aussi des informations r\u00e9centes sur le monde de la d\u00e9coration, les projets de maison, le d\u00e9m\u00e9nagement et les travaux.\",\"url\":\"https:\/\/www.mydemenageur.com\/blog\/author\/mathilde\/\"}]}<\/script>\n<!-- \/ Yoast SEO Premium plugin. -->","yoast_head_json":{"title":"Mur v\u00e9g\u00e9tal int\u00e9rieur : quels sont ses avantages ?","description":"Qu'est-ce qu'un mur v\u00e9g\u00e9tal int\u00e9rieur ? Quels sont les avantages d'en poss\u00e9der un ? Comment cr\u00e9er son propre mur v\u00e9g\u00e9tal d'int\u00e9rieur ?","robots":{"index":"index","follow":"follow","max-snippet":"max-snippet:-1","max-image-preview":"max-image-preview:large","max-video-preview":"max-video-preview:-1"},"canonical":"https:\/\/www.mydemenageur.com\/blog\/mur-vegetal-interieur\/","og_locale":"fr_FR","og_type":"article","og_title":"Qu'est-ce qu'un mur v\u00e9g\u00e9tal int\u00e9rieur ?","og_description":"Qu'est-ce qu'un mur v\u00e9g\u00e9tal int\u00e9rieur ? Quels sont les avantages d'en poss\u00e9der un ? Comment cr\u00e9er son propre mur v\u00e9g\u00e9tal d'int\u00e9rieur ?","og_url":"https:\/\/www.mydemenageur.com\/blog\/mur-vegetal-interieur\/","og_site_name":"MyDemenageur","article_publisher":"https:\/\/www.facebook.com\/mydemenageur","article_published_time":"2022-01-18T00:00:00+00:00","article_modified_time":"2022-05-21T10:26:17+00:00","og_image":[{"width":957,"height":718,"url":"https:\/\/www.mydemenageur.com\/blog\/wp-content\/uploads\/2022\/01\/floral-and-green-plants-vertical-garden-pink-orchids-pink-flowers-red-leaves-green-leaves-fern-ferns_t20_mR6nwm.jpg","type":"image\/jpeg"}],"author":"Mathilde","twitter_card":"summary_large_image","twitter_creator":"@mydemenageur","twitter_site":"@mydemenageur","twitter_misc":{"\u00c9crit par":"Mathilde","Dur\u00e9e de lecture estim\u00e9e":"2 minutes"},"schema":{"@context":"https:\/\/schema.org","@graph":[{"@type":"Article","@id":"https:\/\/www.mydemenageur.com\/blog\/mur-vegetal-interieur\/#article","isPartOf":{"@id":"https:\/\/www.mydemenageur.com\/blog\/mur-vegetal-interieur\/"},"author":{"name":"Mathilde","@id":"https:\/\/www.mydemenageur.com\/blog\/#\/schema\/person\/4540dc333c2e7dc790f0f7bcd5b99569"},"headline":"Qu&rsquo;est-ce qu&rsquo;un mur v\u00e9g\u00e9tal int\u00e9rieur ?","datePublished":"2022-01-18T00:00:00+00:00","dateModified":"2022-05-21T10:26:17+00:00","mainEntityOfPage":{"@id":"https:\/\/www.mydemenageur.com\/blog\/mur-vegetal-interieur\/"},"wordCount":528,"publisher":{"@id":"https:\/\/www.mydemenageur.com\/blog\/#organization"},"image":{"@id":"https:\/\/www.mydemenageur.com\/blog\/mur-vegetal-interieur\/#primaryimage"},"thumbnailUrl":"https:\/\/www.mydemenageur.com\/blog\/wp-content\/uploads\/2022\/01\/floral-and-green-plants-vertical-garden-pink-orchids-pink-flowers-red-leaves-green-leaves-fern-ferns_t20_mR6nwm.jpg","keywords":["Am\u00e9nagement"],"articleSection":["Bricolage"],"inLanguage":"fr-FR"},{"@type":"WebPage","@id":"https:\/\/www.mydemenageur.com\/blog\/mur-vegetal-interieur\/","url":"https:\/\/www.mydemenageur.com\/blog\/mur-vegetal-interieur\/","name":"Mur v\u00e9g\u00e9tal int\u00e9rieur : quels sont ses avantages ?","isPartOf":{"@id":"https:\/\/www.mydemenageur.com\/blog\/#website"},"primaryImageOfPage":{"@id":"https:\/\/www.mydemenageur.com\/blog\/mur-vegetal-interieur\/#primaryimage"},"image":{"@id":"https:\/\/www.mydemenageur.com\/blog\/mur-vegetal-interieur\/#primaryimage"},"thumbnailUrl":"https:\/\/www.mydemenageur.com\/blog\/wp-content\/uploads\/2022\/01\/floral-and-green-plants-vertical-garden-pink-orchids-pink-flowers-red-leaves-green-leaves-fern-ferns_t20_mR6nwm.jpg","datePublished":"2022-01-18T00:00:00+00:00","dateModified":"2022-05-21T10:26:17+00:00","description":"Qu'est-ce qu'un mur v\u00e9g\u00e9tal int\u00e9rieur ? Quels sont les avantages d'en poss\u00e9der un ? Comment cr\u00e9er son propre mur v\u00e9g\u00e9tal d'int\u00e9rieur ?","breadcrumb":{"@id":"https:\/\/www.mydemenageur.com\/blog\/mur-vegetal-interieur\/#breadcrumb"},"inLanguage":"fr-FR","potentialAction":[{"@type":"ReadAction","target":["https:\/\/www.mydemenageur.com\/blog\/mur-vegetal-interieur\/"]}]},{"@type":"ImageObject","inLanguage":"fr-FR","@id":"https:\/\/www.mydemenageur.com\/blog\/mur-vegetal-interieur\/#primaryimage","url":"https:\/\/www.mydemenageur.com\/blog\/wp-content\/uploads\/2022\/01\/floral-and-green-plants-vertical-garden-pink-orchids-pink-flowers-red-leaves-green-leaves-fern-ferns_t20_mR6nwm.jpg","contentUrl":"https:\/\/www.mydemenageur.com\/blog\/wp-content\/uploads\/2022\/01\/floral-and-green-plants-vertical-garden-pink-orchids-pink-flowers-red-leaves-green-leaves-fern-ferns_t20_mR6nwm.jpg","width":957,"height":718,"caption":"mur v\u00e9g\u00e9tal"},{"@type":"BreadcrumbList","@id":"https:\/\/www.mydemenageur.com\/blog\/mur-vegetal-interieur\/#breadcrumb","itemListElement":[{"@type":"ListItem","position":1,"name":"Accueil","item":"https:\/\/www.mydemenageur.com\/blog\/"},{"@type":"ListItem","position":2,"name":"Bricolage","item":"https:\/\/www.mydemenageur.com\/blog\/categorie\/bricolage\/"},{"@type":"ListItem","position":3,"name":"Qu&rsquo;est-ce qu&rsquo;un mur v\u00e9g\u00e9tal int\u00e9rieur ?"}]},{"@type":"WebSite","@id":"https:\/\/www.mydemenageur.com\/blog\/#website","url":"https:\/\/www.mydemenageur.com\/blog\/","name":"MyDemenageur","description":"Conseils d\u00e9m\u00e9ngement entre particuliers et d\u00e9m\u00e9nagement professionnel","publisher":{"@id":"https:\/\/www.mydemenageur.com\/blog\/#organization"},"potentialAction":[{"@type":"SearchAction","target":{"@type":"EntryPoint","urlTemplate":"https:\/\/www.mydemenageur.com\/blog\/?s={search_term_string}"},"query-input":{"@type":"PropertyValueSpecification","valueRequired":true,"valueName":"search_term_string"}}],"inLanguage":"fr-FR"},{"@type":"Organization","@id":"https:\/\/www.mydemenageur.com\/blog\/#organization","name":"MyDemenageur.com","url":"https:\/\/www.mydemenageur.com\/blog\/","logo":{"@type":"ImageObject","inLanguage":"fr-FR","@id":"https:\/\/www.mydemenageur.com\/blog\/#\/schema\/logo\/image\/","url":"https:\/\/www.mydemenageur.com\/blog\/wp-content\/uploads\/2022\/05\/MyDemenageur_Symbol.jpg","contentUrl":"https:\/\/www.mydemenageur.com\/blog\/wp-content\/uploads\/2022\/05\/MyDemenageur_Symbol.jpg","width":878,"height":877,"caption":"MyDemenageur.com"},"image":{"@id":"https:\/\/www.mydemenageur.com\/blog\/#\/schema\/logo\/image\/"},"sameAs":["https:\/\/www.facebook.com\/mydemenageur","https:\/\/x.com\/mydemenageur","https:\/\/www.pinterest.fr\/mydemenageur\/"]},{"@type":"Person","@id":"https:\/\/www.mydemenageur.com\/blog\/#\/schema\/person\/4540dc333c2e7dc790f0f7bcd5b99569","name":"Mathilde","image":{"@type":"ImageObject","inLanguage":"fr-FR","@id":"https:\/\/www.mydemenageur.com\/blog\/#\/schema\/person\/image\/","url":"https:\/\/secure.gravatar.com\/avatar\/abde069f6f70261ee6ecea93e0437d77?s=96&#038;r=g","contentUrl":"https:\/\/secure.gravatar.com\/avatar\/abde069f6f70261ee6ecea93e0437d77?s=96&#038;r=g","caption":"Mathilde"},"description":"L'harmonie des couleurs et des objets m'a toujours fascin\u00e9e, transformant chaque pi\u00e8ce en un lieu unique et agr\u00e9able \u00e0 vivre. Sur MyDemenageur, vous trouverez non seulement des inspirations personnelles, mais aussi des informations r\u00e9centes sur le monde de la d\u00e9coration, les projets de maison, le d\u00e9m\u00e9nagement et les travaux.","url":"https:\/\/www.mydemenageur.com\/blog\/author\/mathilde\/"}]}},"modified_by":"MyDemenageur","_links":{"self":[{"href":"https:\/\/www.mydemenageur.com\/blog\/wp-json\/wp\/v2\/posts\/25491"}],"collection":[{"href":"https:\/\/www.mydemenageur.com\/blog\/wp-json\/wp\/v2\/posts"}],"about":[{"href":"https:\/\/www.mydemenageur.com\/blog\/wp-json\/wp\/v2\/types\/post"}],"author":[{"embeddable":true,"href":"https:\/\/www.mydemenageur.com\/blog\/wp-json\/wp\/v2\/users\/11"}],"replies":[{"embeddable":true,"href":"https:\/\/www.mydemenageur.com\/blog\/wp-json\/wp\/v2\/comments?post=25491"}],"version-history":[{"count":0,"href":"https:\/\/www.mydemenageur.com\/blog\/wp-json\/wp\/v2\/posts\/25491\/revisions"}],"wp:featuredmedia":[{"embeddable":true,"href":"https:\/\/www.mydemenageur.com\/blog\/wp-json\/wp\/v2\/media\/28458"}],"wp:attachment":[{"href":"https:\/\/www.mydemenageur.com\/blog\/wp-json\/wp\/v2\/media?parent=25491"}],"wp:term":[{"taxonomy":"category","embeddable":true,"href":"https:\/\/www.mydemenageur.com\/blog\/wp-json\/wp\/v2\/categories?post=25491"},{"taxonomy":"post_tag","embeddable":true,"href":"https:\/\/www.mydemenageur.com\/blog\/wp-json\/wp\/v2\/tags?post=25491"}],"curies":[{"name":"wp","href":"https:\/\/api.w.org\/{rel}","templated":true}]}}