{"id":25965,"date":"2022-01-25T22:16:06","date_gmt":"2022-01-25T22:16:06","guid":{"rendered":"https:\/\/www.mydemenageur.com\/blog\/?p=25965"},"modified":"2023-09-25T13:56:58","modified_gmt":"2023-09-25T13:56:58","slug":"type-de-fenetre","status":"publish","type":"post","link":"https:\/\/www.mydemenageur.com\/blog\/type-de-fenetre\/","title":{"rendered":"Quel est le meilleur type de fen\u00eatre \u00e0 choisir ?"},"content":{"rendered":"<p>Diff\u00e9rents<strong> types de fen\u00eatre<\/strong> existent pour <strong>s\u2019adapter<\/strong> \u00e0 toutes les <strong>architectures<\/strong> et aux <strong>besoins<\/strong> ou <strong>envie<\/strong> des propri\u00e9taires. Le but premier d\u2019une <strong>fen\u00eatre<\/strong> est d\u2019avoir <strong>une ouverture sur l\u2019ext\u00e9rieur,<\/strong> qui va laisser la <strong>lumi\u00e8re<\/strong> p\u00e9n\u00e9trer dans la <strong>pi\u00e8ce<\/strong> et permettre une <strong>a\u00e9ration<\/strong>. Mais l\u2019<strong>esth\u00e9tisme<\/strong> compte beaucoup \u00e9galement. Une <strong>fen\u00eatre<\/strong> peut \u00eatre <strong>horizontale<\/strong>, ou <strong>verticale<\/strong>, <strong>fixe<\/strong>, \u00e0 <strong>battant<\/strong>, en <strong>arc<\/strong>\u2026 et plus encore. Une grande vari\u00e9t\u00e9 d\u2019<strong>ouvertures<\/strong> est disponible et vous devrez aussi choisir le bon <strong>mat\u00e9riau<\/strong> pour <strong>int\u00e9gration<\/strong> et une <strong>isolation<\/strong> optimale. Lisez cet article pour avoir une id\u00e9e du <strong>meilleur type de fen\u00eatre \u00e0 choisir<\/strong> pour votre <strong>logement<\/strong>\u00a0:<\/p>\n<div id=\"ez-toc-container\" class=\"ez-toc-v2_0_82_2 counter-hierarchy ez-toc-counter ez-toc-custom ez-toc-container-direction\">\n<div class=\"ez-toc-title-container\">\n<p class=\"ez-toc-title\" style=\"cursor:inherit\">Ce que vous allez apprendre<\/p>\n<span class=\"ez-toc-title-toggle\"><\/span><\/div>\n<nav><ul class='ez-toc-list ez-toc-list-level-1 ' ><li class='ez-toc-page-1 ez-toc-heading-level-2'><a class=\"ez-toc-link ez-toc-heading-1\" href=\"https:\/\/www.mydemenageur.com\/blog\/type-de-fenetre\/#pourquoi-opter-pour-une-fenetre-en-arc%e2%80%89\" >Pourquoi opter pour une fen\u00eatre en arc\u2009?<\/a><\/li><li class='ez-toc-page-1 ez-toc-heading-level-2'><a class=\"ez-toc-link ez-toc-heading-2\" href=\"https:\/\/www.mydemenageur.com\/blog\/type-de-fenetre\/#les-caracteristiques-dune-fenetre-avec-imposte\" >Les caract\u00e9ristiques d\u2019une fen\u00eatre avec imposte<\/a><\/li><li class='ez-toc-page-1 ez-toc-heading-level-2'><a class=\"ez-toc-link ez-toc-heading-3\" href=\"https:\/\/www.mydemenageur.com\/blog\/type-de-fenetre\/#une-fenetre-rectangulaire-est-elle-plus-esthetique%e2%80%89\" >Une fen\u00eatre rectangulaire est-elle plus esth\u00e9tique\u2009?<\/a><\/li><li class='ez-toc-page-1 ez-toc-heading-level-2'><a class=\"ez-toc-link ez-toc-heading-4\" href=\"https:\/\/www.mydemenageur.com\/blog\/type-de-fenetre\/#lutilite-dune-fenetre-avec-un-oeil-de-boeuf\" >L\u2019utilit\u00e9 d\u2019une fen\u00eatre avec un \u0153il de b\u0153uf<\/a><\/li><li class='ez-toc-page-1 ez-toc-heading-level-2'><a class=\"ez-toc-link ez-toc-heading-5\" href=\"https:\/\/www.mydemenageur.com\/blog\/type-de-fenetre\/#les-avantages-dune-fenetre-cintree\" >Les avantages d\u2019une fen\u00eatre cintr\u00e9e<\/a><\/li><li class='ez-toc-page-1 ez-toc-heading-level-2'><a class=\"ez-toc-link ez-toc-heading-6\" href=\"https:\/\/www.mydemenageur.com\/blog\/type-de-fenetre\/#en-quoi-consiste-une-fenetre-cintree-surbaissee%e2%80%89\" >En quoi consiste une fen\u00eatre cintr\u00e9e surbaiss\u00e9e\u2009?<\/a><\/li><li class='ez-toc-page-1 ez-toc-heading-level-2'><a class=\"ez-toc-link ez-toc-heading-7\" href=\"https:\/\/www.mydemenageur.com\/blog\/type-de-fenetre\/#le-prix-dune-fenetre-de-toit-plat\" >Le prix d\u2019une fen\u00eatre de toit plat<\/a><\/li><li class='ez-toc-page-1 ez-toc-heading-level-2'><a class=\"ez-toc-link ez-toc-heading-8\" href=\"https:\/\/www.mydemenageur.com\/blog\/type-de-fenetre\/#quest-ce-quune-fenetre-3-vantaux%e2%80%89\" >Qu\u2019est-ce qu\u2019une fen\u00eatre 3\u00a0vantaux\u2009?<\/a><\/li><li class='ez-toc-page-1 ez-toc-heading-level-2'><a class=\"ez-toc-link ez-toc-heading-9\" href=\"https:\/\/www.mydemenageur.com\/blog\/type-de-fenetre\/#fenetre-double-vitrage-ou-triple-vitrage\" >Fen\u00eatre double vitrage ou triple vitrage<\/a><\/li><li class='ez-toc-page-1 ez-toc-heading-level-2'><a class=\"ez-toc-link ez-toc-heading-10\" href=\"https:\/\/www.mydemenageur.com\/blog\/type-de-fenetre\/#connaitre-les-differents-encadrements-de-fenetres\" >Connaitre les diff\u00e9rents encadrements de fen\u00eatres<\/a><\/li><\/ul><\/nav><\/div>\n<h2><span class=\"ez-toc-section\" id=\"pourquoi-opter-pour-une-fenetre-en-arc%e2%80%89\"><\/span>Pourquoi opter pour une fen\u00eatre en arc\u2009?<span class=\"ez-toc-section-end\"><\/span><\/h2>\n<p>Une<a href=\"https:\/\/www.mydemenageur.com\/blog\/fenetre-en-arc\"> fen\u00eatre en arc<\/a>, aussi appel\u00e9e <strong>bow-window<\/strong>, ou <strong>fen\u00eatre en baie<\/strong>, est un<strong> atout esth\u00e9tique pour une pi\u00e8ce<\/strong>, sa forme arrondie sur la partie sup\u00e9rieure permet de laisser plus de lumi\u00e8re envahir la pi\u00e8ce, et permet d\u2019att\u00e9nuer les formes rectilignes \u00e0 l\u2019int\u00e9rieur de la pi\u00e8ce. Cet atout de d\u00e9coration se place g\u00e9n\u00e9ralement dans\u00a0:<\/p>\n<ul>\n<li>les salles de s\u00e9jour\u2009;<\/li>\n<li>les v\u00e9randas\u2009;<\/li>\n<li>les terrasses\u2009;<\/li>\n<li>les loggias\u2009;<\/li>\n<li>les entr\u00e9es.<\/li>\n<\/ul>\n<p>Si ce mod\u00e8le de fen\u00eatre n\u2019est pas encore tr\u00e8s r\u00e9pandu en France, ils sont tr\u00e8s r\u00e9pandus au Royaume-Uni. Pour ce qui est de leur pose, elle ne diff\u00e8re <strong>pas forc\u00e9ment des fen\u00eatres standards. <\/strong><\/p>\n<h2><span class=\"ez-toc-section\" id=\"les-caracteristiques-dune-fenetre-avec-imposte\"><\/span>Les caract\u00e9ristiques d\u2019une fen\u00eatre avec imposte<span class=\"ez-toc-section-end\"><\/span><\/h2>\n<p>L\u2019imposte fait r\u00e9f\u00e9rence \u00e0 la <strong>partie sup\u00e9rieure d\u2019une fen\u00eatre<\/strong>, un ch\u00e2ssis, qui s\u2019ajoute au-dessus de celle-ci, afin d\u2019agrandir l\u2019espace vitr\u00e9 et de profiter plus amplement de la lumi\u00e8re du jour, il existe plusieurs trois types de<a href=\"https:\/\/www.mydemenageur.com\/blog\/fenetre-avec-imposte\"> fen\u00eatre avec imposte<\/a>, soit l\u2019imposte ouvrante, l\u2019imposte fixe et l\u2019imposte pleine ouvrante. Cette derni\u00e8re option permet d\u2019<strong>a\u00e9rer la pi\u00e8ce,<\/strong> contrairement aux fixes, qui a pour utilit\u00e9 d\u2019agrandir l\u2019envergure de la fen\u00eatre. Vous pouvez profiter d\u2019une plus grande fen\u00eatre, mais les grandes ouvertures sont plus difficiles \u00e0 poser, et sont g\u00e9n\u00e9ralement moins durables, mais avec l\u2019ajout d\u2019une imposte, vous ajoutez aussi le tenant, <strong>ce qui solidifie la structure,<\/strong> sans oublier l\u2019aspect s\u00e9curit\u00e9.<\/p>\n<p>&nbsp;<\/p>\n<h2><span class=\"ez-toc-section\" id=\"une-fenetre-rectangulaire-est-elle-plus-esthetique%e2%80%89\"><\/span>Une fen\u00eatre rectangulaire est-elle plus esth\u00e9tique\u2009?<span class=\"ez-toc-section-end\"><\/span><\/h2>\n<p>La <a href=\"https:\/\/www.mydemenageur.com\/blog\/fenetre-rectangulaire\">fen\u00eatre rectangulaire<\/a> est le type de fen\u00eatre le plus classique, il s\u2019adapte \u00e0<strong> toutes les architectures<\/strong> et vous permet de choisir le type d\u2019ouverture que vous souhaitez (fixe, battante, \u00e0 soufflet\u2026). Vous avez le choix avec ce type de fen\u00eatre, que \u00e7a soit pour les mat\u00e9riaux, les dimensions, ou encore la pi\u00e8ce o\u00f9 vous souhaitez les installer, vous ne serez pas limit\u00e9 par des contraintes, comme pour d\u2019autres types de fen\u00eatre, qui sont plus compliqu\u00e9s \u00e0 fabriquer et \u00e0 poser. Pour ce qui est du prix, il varie fortement en<strong> fonction des crit\u00e8res<\/strong> cit\u00e9s plus haut, on estime le budget entre 100 et 1\u2009000\u00a0\u20ac, sachant que l\u2019option du sur-mesure est possible, mais sera plus on\u00e9reuse.<\/p>\n<h2><span class=\"ez-toc-section\" id=\"lutilite-dune-fenetre-avec-un-oeil-de-boeuf\"><\/span>L\u2019utilit\u00e9 d\u2019une fen\u00eatre avec un \u0153il de b\u0153uf<span class=\"ez-toc-section-end\"><\/span><\/h2>\n<p>La <a href=\"https:\/\/www.mydemenageur.com\/blog\/fenetre-oeil-de-boeuf\">fen\u00eatre \u0153il de b\u0153uf <\/a>est un type de fen\u00eatre atypique qui, en premier lieu, est apparu sur des bateaux, des sous-marins, ou encore dans l\u2019espace, afin de <strong>limiter la pression<\/strong> exerc\u00e9e sur les parois, ce qui a permis de stabiliser le tout. Cette fen\u00eatre, en plus d\u2019ajouter un <strong>certain cachet \u00e0 la pi\u00e8ce <\/strong>et s\u2019adapte \u00e0 tous les styles, permet de gagner en lumi\u00e8re avec un aspect original et un entretien facile. Sa forme ronde ne n\u00e9cessite pas beaucoup de place, et se <strong>fabrique sur mesure<\/strong> aussi bien en m\u00e9tal, en bois ou en plastique.<\/p>\n<h2><span class=\"ez-toc-section\" id=\"les-avantages-dune-fenetre-cintree\"><\/span>Les avantages d\u2019une fen\u00eatre cintr\u00e9e<span class=\"ez-toc-section-end\"><\/span><\/h2>\n<p><a href=\"https:\/\/www.mydemenageur.com\/blog\/fenetre-cintree\">Une fen\u00eatre cintr\u00e9e<\/a> ne diff\u00e8re d\u2019une fen\u00eatre classique pratiquement que par <strong>sa forme originale, <\/strong>qui d\u00e9coule de l\u2019histoire de la construction, et que l\u2019on retrouve surtout \u00e0 l\u2019\u00e9poque romaine, d\u2019o\u00f9 son appellation de fen\u00eatre romane. On l\u2019appelle aussi<strong> fen\u00eatre anse de panier<\/strong>. On la retrouve de plus en plus dans les habitations modernes pour cr\u00e9er une ambiance baroque ou aust\u00e8re pour les b\u00e2timents sacr\u00e9s, autrefois trop ch\u00e8re \u00e0 cause de l\u2019exigence de sa fabrication et de sa mise en place.<\/p>\n<h2><span class=\"ez-toc-section\" id=\"en-quoi-consiste-une-fenetre-cintree-surbaissee%e2%80%89\"><\/span>En quoi consiste une fen\u00eatre cintr\u00e9e surbaiss\u00e9e\u2009?<span class=\"ez-toc-section-end\"><\/span><\/h2>\n<p>\u00c9l\u00e9gante et authentique, la<a href=\"https:\/\/www.mydemenageur.com\/blog\/fenetre-cintre-surbaisse\"> fen\u00eatre cintr\u00e9e surbaiss\u00e9e<\/a> est une fen\u00eatre dont la forme principale est rectangulaire et <strong>surmont\u00e9e d\u2019un sommet arrondi<\/strong> que l\u2019on peut imbriquer dans n\u2019importe quel type de logement, traditionnel ou moderne. Cette forme esth\u00e9tique offre un charme et un cachet particulier. G\u00e9n\u00e9ralement fabriqu\u00e9e sur mesure, elle poss\u00e8de un ou deux vantaux, et peut \u00eatre dot\u00e9e de plusieurs <strong>types d\u2019ouvertures,<\/strong> soit fixe, basculante, ou encore pivotante. Et pour ce qui est des mat\u00e9riaux de fabrication, la fen\u00eatre cintr\u00e9e surbaiss\u00e9e peut aussi bien \u00eatre en bois, en alu, ou en PVC.<\/p>\n<h2><span class=\"ez-toc-section\" id=\"le-prix-dune-fenetre-de-toit-plat\"><\/span>Le prix d\u2019une fen\u00eatre de toit plat<span class=\"ez-toc-section-end\"><\/span><\/h2>\n<p>De nombreux artisans et soci\u00e9t\u00e9s de menuiserie proposent des solutions pour l\u2019installation de<a href=\"https:\/\/www.mydemenageur.com\/blog\/fenetre-de-toit-plat\"> fen\u00eatre pour un toit plat<\/a>, telles que Velux, ou encore Fekra. Ces fen\u00eatres qui repr\u00e9sentent un v\u00e9ritable puits de lumi\u00e8re pour \u00e9clairer vos combles, elles peuvent \u00eatre motoris\u00e9es ou fixes, et doivent \u00eatre dot\u00e9es d\u2019une excellente r\u00e9sistance et d\u2019une<strong> isolation thermique et phonique<\/strong> performante. De plus, pour plus de s\u00fbret\u00e9, il faut leur ajouter une coupole plastiqu\u00e9e, ainsi <strong>qu\u2019une protection du vitrage. <\/strong><\/p>\n<h2><span class=\"ez-toc-section\" id=\"quest-ce-quune-fenetre-3-vantaux%e2%80%89\"><\/span>Qu\u2019est-ce qu\u2019une fen\u00eatre 3\u00a0vantaux\u2009?<span class=\"ez-toc-section-end\"><\/span><\/h2>\n<p>Pour un gain maximal de<strong> lumi\u00e8re et d\u2019a\u00e9ration<\/strong>, l\u2019id\u00e9al est d\u2019opter pour une grande <a href=\"https:\/\/www.mydemenageur.com\/blog\/fenetre-3-vantaux\">fen\u00eatre avec 3\u00a0vantaux<\/a>, qui se d\u00e9cline en plusieurs types\u00a0:<\/p>\n<ul>\n<li>fixe\u2009;<\/li>\n<li>oscillo-battant\u2009;<\/li>\n<li>battant.<\/li>\n<\/ul>\n<p>Sachant que chaque battant peut s\u2019ouvrir de mani\u00e8re diff\u00e9rente. On installe g\u00e9n\u00e9ralement la fen\u00eatre \u00e0 3\u00a0vantaux dans les <strong>grandes pi\u00e8ces.<\/strong><\/p>\n<h2><span class=\"ez-toc-section\" id=\"fenetre-double-vitrage-ou-triple-vitrage\"><\/span>Fen\u00eatre double vitrage ou triple vitrage<span class=\"ez-toc-section-end\"><\/span><\/h2>\n<p>En mati\u00e8re d\u2019<strong>isolation thermique<\/strong> et <strong>acoustique<\/strong>, le choix du type de vitrage de nos fen\u00eatres joue un r\u00f4le crucial. D\u2019un c\u00f4t\u00e9, nous avons le <a href=\"https:\/\/www.mydemenageur.com\/blog\/fenetre-double-vitrage\/\">double vitrage<\/a>, largement adopt\u00e9 et reconnu pour ses performances en termes d\u2019isolation par rapport aux vitrages simples. Il est constitu\u00e9 de deux panneaux de verre s\u00e9par\u00e9s par une lame d\u2019air ou de gaz rare, offrant une barri\u00e8re efficace contre les d\u00e9perditions de chaleur et les nuisances sonores ext\u00e9rieures. De l\u2019autre, le <a href=\"https:\/\/www.mydemenageur.com\/blog\/fenetre-triple-vitrage\/\">triple vitrage<\/a>, qui, comme son nom l\u2019indique, comprend trois panneaux de verre, promet une isolation encore plus renforc\u00e9e, en particulier dans les r\u00e9gions aux climats extr\u00eames. Cependant, si le triple vitrage offre des performances thermiques sup\u00e9rieures, il est \u00e9galement plus lourd et plus co\u00fbteux. Il est donc moins r\u00e9pandu en France.<\/p>\n<p>Le choix entre ces deux options d\u00e9pendra des besoins sp\u00e9cifiques en mati\u00e8re d\u2019isolation, du budget, mais aussi des contraintes architecturales et structurelles du b\u00e2timent.<\/p>\n<p>&nbsp;<\/p>\n<h2><span class=\"ez-toc-section\" id=\"connaitre-les-differents-encadrements-de-fenetres\"><\/span>Connaitre les diff\u00e9rents encadrements de fen\u00eatres<span class=\"ez-toc-section-end\"><\/span><\/h2>\n<p>L\u2019<a href=\"https:\/\/www.mydemenageur.com\/blog\/encadrement-fenetre\/\">encadrement d\u2019une fen\u00eatre<\/a>, bien plus qu\u2019un simple support pour le vitrage, <strong>joue un r\u00f4le essentiel dans l\u2019esth\u00e9tique, la durabilit\u00e9 et l\u2019efficacit\u00e9 \u00e9nerg\u00e9tique d\u2019une habitation<\/strong>. Les mat\u00e9riaux utilis\u00e9s pour ces cadres varient grandement en fonction des besoins et des pr\u00e9f\u00e9rences. Le bois, traditionnel et chaleureux, offre une isolation naturelle remarquable tout en conf\u00e9rant une touche authentique \u00e0 la maison. L\u2019aluminium, l\u00e9ger et r\u00e9sistant, est appr\u00e9ci\u00e9 pour son design \u00e9pur\u00e9 et sa capacit\u00e9 \u00e0 cr\u00e9er de grands ensembles vitr\u00e9s. Le PVC, quant \u00e0 lui, se d\u00e9marque par sa durabilit\u00e9, son faible co\u00fbt et ses excellentes performances en mati\u00e8re d\u2019isolation thermique. Pour ceux qui souhaitent combiner les avantages de plusieurs mat\u00e9riaux, les <strong>cadres mixtes, comme le bois aluminium<\/strong>, offrent le meilleur des deux mondes, alliant l\u2019\u00e9l\u00e9gance naturelle du bois \u00e0 la r\u00e9sistance de l\u2019aluminium. En fin de compte, le choix de l\u2019encadrement d\u00e9pendra des exigences esth\u00e9tiques, climatiques et surtout budg\u00e9taires de chaque projet.<\/p>\n<p>&nbsp;<\/p>\n<p>Vous l\u2019aurez compris, il y en a pour tous les gouts et tous les budgets. Une fen\u00eatre reste une d\u00e9pense importante, et il convient de choisir une installation qui participe \u00e0 la performance \u00e9nerg\u00e9tique de votre logement.<\/p>\n<p>&nbsp;<\/p>\n","protected":false},"excerpt":{"rendered":"<p>Diff\u00e9rents types de fen\u00eatre existent pour s\u2019adapter \u00e0 toutes les architectures et aux besoins ou envie des propri\u00e9taires. Le but<\/p>\n","protected":false},"author":11,"featured_media":25934,"comment_status":"closed","ping_status":"closed","sticky":false,"template":"","format":"standard","meta":{"_lmt_disableupdate":"","_lmt_disable":"","footnotes":""},"categories":[22],"tags":[114],"yoast_head":"<!-- This site is optimized with the Yoast SEO Premium plugin v24.2 (Yoast SEO v24.5) - https:\/\/yoast.com\/wordpress\/plugins\/seo\/ -->\n<title>Choisir le meilleur type de fen\u00eatre<\/title>\n<meta name=\"description\" content=\"Retrouver ici les meilleurs types de fen\u00eatres pour votre domicile, selon vos envies de d\u00e9coration ou encore d&#039;orientation au soleil.\" \/>\n<meta name=\"robots\" content=\"index, follow, max-snippet:-1, max-image-preview:large, max-video-preview:-1\" \/>\n<link rel=\"canonical\" href=\"https:\/\/www.mydemenageur.com\/blog\/type-de-fenetre\/\" \/>\n<meta property=\"og:locale\" content=\"fr_FR\" \/>\n<meta property=\"og:type\" content=\"article\" \/>\n<meta property=\"og:title\" content=\"Quel est le meilleur type de fen\u00eatre \u00e0 choisir ?\" \/>\n<meta property=\"og:description\" content=\"Retrouver ici les meilleurs types de fen\u00eatres pour votre domicile, selon vos envies de d\u00e9coration ou encore d&#039;orientation au soleil.\" \/>\n<meta property=\"og:url\" content=\"https:\/\/www.mydemenageur.com\/blog\/type-de-fenetre\/\" \/>\n<meta property=\"og:site_name\" content=\"MyDemenageur\" \/>\n<meta property=\"article:publisher\" content=\"https:\/\/www.facebook.com\/mydemenageur\" \/>\n<meta property=\"article:published_time\" content=\"2022-01-25T22:16:06+00:00\" \/>\n<meta property=\"article:modified_time\" content=\"2023-09-25T13:56:58+00:00\" \/>\n<meta property=\"og:image\" content=\"https:\/\/www.mydemenageur.com\/blog\/wp-content\/uploads\/2022\/01\/fe\u0302netre%20en%20automne..jpg\" \/>\n\t<meta property=\"og:image:width\" content=\"816\" \/>\n\t<meta property=\"og:image:height\" content=\"612\" \/>\n\t<meta property=\"og:image:type\" content=\"image\/jpeg\" \/>\n<meta name=\"author\" content=\"Mathilde\" \/>\n<meta name=\"twitter:card\" content=\"summary_large_image\" \/>\n<meta name=\"twitter:creator\" content=\"@mydemenageur\" \/>\n<meta name=\"twitter:site\" content=\"@mydemenageur\" \/>\n<meta name=\"twitter:label1\" content=\"\u00c9crit par\" \/>\n\t<meta name=\"twitter:data1\" content=\"Mathilde\" \/>\n\t<meta name=\"twitter:label2\" content=\"Dur\u00e9e de lecture estim\u00e9e\" \/>\n\t<meta name=\"twitter:data2\" content=\"7 minutes\" \/>\n<script type=\"application\/ld+json\" class=\"yoast-schema-graph\">{\"@context\":\"https:\/\/schema.org\",\"@graph\":[{\"@type\":\"Article\",\"@id\":\"https:\/\/www.mydemenageur.com\/blog\/type-de-fenetre\/#article\",\"isPartOf\":{\"@id\":\"https:\/\/www.mydemenageur.com\/blog\/type-de-fenetre\/\"},\"author\":{\"name\":\"Mathilde\",\"@id\":\"https:\/\/www.mydemenageur.com\/blog\/#\/schema\/person\/4540dc333c2e7dc790f0f7bcd5b99569\"},\"headline\":\"Quel est le meilleur type de fen\u00eatre \u00e0 choisir ?\",\"datePublished\":\"2022-01-25T22:16:06+00:00\",\"dateModified\":\"2023-09-25T13:56:58+00:00\",\"mainEntityOfPage\":{\"@id\":\"https:\/\/www.mydemenageur.com\/blog\/type-de-fenetre\/\"},\"wordCount\":1465,\"publisher\":{\"@id\":\"https:\/\/www.mydemenageur.com\/blog\/#organization\"},\"image\":{\"@id\":\"https:\/\/www.mydemenageur.com\/blog\/type-de-fenetre\/#primaryimage\"},\"thumbnailUrl\":\"https:\/\/www.mydemenageur.com\/blog\/wp-content\/uploads\/2022\/01\/fe\u0302netre en automne..jpg\",\"keywords\":[\"Am\u00e9nagement\"],\"articleSection\":[\"Bricolage\"],\"inLanguage\":\"fr-FR\"},{\"@type\":\"WebPage\",\"@id\":\"https:\/\/www.mydemenageur.com\/blog\/type-de-fenetre\/\",\"url\":\"https:\/\/www.mydemenageur.com\/blog\/type-de-fenetre\/\",\"name\":\"Choisir le meilleur type de fen\u00eatre\",\"isPartOf\":{\"@id\":\"https:\/\/www.mydemenageur.com\/blog\/#website\"},\"primaryImageOfPage\":{\"@id\":\"https:\/\/www.mydemenageur.com\/blog\/type-de-fenetre\/#primaryimage\"},\"image\":{\"@id\":\"https:\/\/www.mydemenageur.com\/blog\/type-de-fenetre\/#primaryimage\"},\"thumbnailUrl\":\"https:\/\/www.mydemenageur.com\/blog\/wp-content\/uploads\/2022\/01\/fe\u0302netre en automne..jpg\",\"datePublished\":\"2022-01-25T22:16:06+00:00\",\"dateModified\":\"2023-09-25T13:56:58+00:00\",\"description\":\"Retrouver ici les meilleurs types de fen\u00eatres pour votre domicile, selon vos envies de d\u00e9coration ou encore d'orientation au soleil.\",\"breadcrumb\":{\"@id\":\"https:\/\/www.mydemenageur.com\/blog\/type-de-fenetre\/#breadcrumb\"},\"inLanguage\":\"fr-FR\",\"potentialAction\":[{\"@type\":\"ReadAction\",\"target\":[\"https:\/\/www.mydemenageur.com\/blog\/type-de-fenetre\/\"]}]},{\"@type\":\"ImageObject\",\"inLanguage\":\"fr-FR\",\"@id\":\"https:\/\/www.mydemenageur.com\/blog\/type-de-fenetre\/#primaryimage\",\"url\":\"https:\/\/www.mydemenageur.com\/blog\/wp-content\/uploads\/2022\/01\/fe\u0302netre en automne..jpg\",\"contentUrl\":\"https:\/\/www.mydemenageur.com\/blog\/wp-content\/uploads\/2022\/01\/fe\u0302netre en automne..jpg\",\"width\":816,\"height\":612,\"caption\":\"fen\u00eatre en automne.\"},{\"@type\":\"BreadcrumbList\",\"@id\":\"https:\/\/www.mydemenageur.com\/blog\/type-de-fenetre\/#breadcrumb\",\"itemListElement\":[{\"@type\":\"ListItem\",\"position\":1,\"name\":\"Accueil\",\"item\":\"https:\/\/www.mydemenageur.com\/blog\/\"},{\"@type\":\"ListItem\",\"position\":2,\"name\":\"Bricolage\",\"item\":\"https:\/\/www.mydemenageur.com\/blog\/categorie\/bricolage\/\"},{\"@type\":\"ListItem\",\"position\":3,\"name\":\"Quel est le meilleur type de fen\u00eatre \u00e0 choisir ?\"}]},{\"@type\":\"WebSite\",\"@id\":\"https:\/\/www.mydemenageur.com\/blog\/#website\",\"url\":\"https:\/\/www.mydemenageur.com\/blog\/\",\"name\":\"MyDemenageur\",\"description\":\"Conseils d\u00e9m\u00e9ngement entre particuliers et d\u00e9m\u00e9nagement professionnel\",\"publisher\":{\"@id\":\"https:\/\/www.mydemenageur.com\/blog\/#organization\"},\"potentialAction\":[{\"@type\":\"SearchAction\",\"target\":{\"@type\":\"EntryPoint\",\"urlTemplate\":\"https:\/\/www.mydemenageur.com\/blog\/?s={search_term_string}\"},\"query-input\":{\"@type\":\"PropertyValueSpecification\",\"valueRequired\":true,\"valueName\":\"search_term_string\"}}],\"inLanguage\":\"fr-FR\"},{\"@type\":\"Organization\",\"@id\":\"https:\/\/www.mydemenageur.com\/blog\/#organization\",\"name\":\"MyDemenageur.com\",\"url\":\"https:\/\/www.mydemenageur.com\/blog\/\",\"logo\":{\"@type\":\"ImageObject\",\"inLanguage\":\"fr-FR\",\"@id\":\"https:\/\/www.mydemenageur.com\/blog\/#\/schema\/logo\/image\/\",\"url\":\"https:\/\/www.mydemenageur.com\/blog\/wp-content\/uploads\/2022\/05\/MyDemenageur_Symbol.jpg\",\"contentUrl\":\"https:\/\/www.mydemenageur.com\/blog\/wp-content\/uploads\/2022\/05\/MyDemenageur_Symbol.jpg\",\"width\":878,\"height\":877,\"caption\":\"MyDemenageur.com\"},\"image\":{\"@id\":\"https:\/\/www.mydemenageur.com\/blog\/#\/schema\/logo\/image\/\"},\"sameAs\":[\"https:\/\/www.facebook.com\/mydemenageur\",\"https:\/\/x.com\/mydemenageur\",\"https:\/\/www.pinterest.fr\/mydemenageur\/\"]},{\"@type\":\"Person\",\"@id\":\"https:\/\/www.mydemenageur.com\/blog\/#\/schema\/person\/4540dc333c2e7dc790f0f7bcd5b99569\",\"name\":\"Mathilde\",\"image\":{\"@type\":\"ImageObject\",\"inLanguage\":\"fr-FR\",\"@id\":\"https:\/\/www.mydemenageur.com\/blog\/#\/schema\/person\/image\/\",\"url\":\"https:\/\/secure.gravatar.com\/avatar\/abde069f6f70261ee6ecea93e0437d77?s=96&#038;r=g\",\"contentUrl\":\"https:\/\/secure.gravatar.com\/avatar\/abde069f6f70261ee6ecea93e0437d77?s=96&#038;r=g\",\"caption\":\"Mathilde\"},\"description\":\"L'harmonie des couleurs et des objets m'a toujours fascin\u00e9e, transformant chaque pi\u00e8ce en un lieu unique et agr\u00e9able \u00e0 vivre. Sur MyDemenageur, vous trouverez non seulement des inspirations personnelles, mais aussi des informations r\u00e9centes sur le monde de la d\u00e9coration, les projets de maison, le d\u00e9m\u00e9nagement et les travaux.\",\"url\":\"https:\/\/www.mydemenageur.com\/blog\/author\/mathilde\/\"}]}<\/script>\n<!-- \/ Yoast SEO Premium plugin. -->","yoast_head_json":{"title":"Choisir le meilleur type de fen\u00eatre","description":"Retrouver ici les meilleurs types de fen\u00eatres pour votre domicile, selon vos envies de d\u00e9coration ou encore d'orientation au soleil.","robots":{"index":"index","follow":"follow","max-snippet":"max-snippet:-1","max-image-preview":"max-image-preview:large","max-video-preview":"max-video-preview:-1"},"canonical":"https:\/\/www.mydemenageur.com\/blog\/type-de-fenetre\/","og_locale":"fr_FR","og_type":"article","og_title":"Quel est le meilleur type de fen\u00eatre \u00e0 choisir ?","og_description":"Retrouver ici les meilleurs types de fen\u00eatres pour votre domicile, selon vos envies de d\u00e9coration ou encore d'orientation au soleil.","og_url":"https:\/\/www.mydemenageur.com\/blog\/type-de-fenetre\/","og_site_name":"MyDemenageur","article_publisher":"https:\/\/www.facebook.com\/mydemenageur","article_published_time":"2022-01-25T22:16:06+00:00","article_modified_time":"2023-09-25T13:56:58+00:00","og_image":[{"width":816,"height":612,"url":"https:\/\/www.mydemenageur.com\/blog\/wp-content\/uploads\/2022\/01\/fe\u0302netre en automne..jpg","type":"image\/jpeg"}],"author":"Mathilde","twitter_card":"summary_large_image","twitter_creator":"@mydemenageur","twitter_site":"@mydemenageur","twitter_misc":{"\u00c9crit par":"Mathilde","Dur\u00e9e de lecture estim\u00e9e":"7 minutes"},"schema":{"@context":"https:\/\/schema.org","@graph":[{"@type":"Article","@id":"https:\/\/www.mydemenageur.com\/blog\/type-de-fenetre\/#article","isPartOf":{"@id":"https:\/\/www.mydemenageur.com\/blog\/type-de-fenetre\/"},"author":{"name":"Mathilde","@id":"https:\/\/www.mydemenageur.com\/blog\/#\/schema\/person\/4540dc333c2e7dc790f0f7bcd5b99569"},"headline":"Quel est le meilleur type de fen\u00eatre \u00e0 choisir ?","datePublished":"2022-01-25T22:16:06+00:00","dateModified":"2023-09-25T13:56:58+00:00","mainEntityOfPage":{"@id":"https:\/\/www.mydemenageur.com\/blog\/type-de-fenetre\/"},"wordCount":1465,"publisher":{"@id":"https:\/\/www.mydemenageur.com\/blog\/#organization"},"image":{"@id":"https:\/\/www.mydemenageur.com\/blog\/type-de-fenetre\/#primaryimage"},"thumbnailUrl":"https:\/\/www.mydemenageur.com\/blog\/wp-content\/uploads\/2022\/01\/fe\u0302netre en automne..jpg","keywords":["Am\u00e9nagement"],"articleSection":["Bricolage"],"inLanguage":"fr-FR"},{"@type":"WebPage","@id":"https:\/\/www.mydemenageur.com\/blog\/type-de-fenetre\/","url":"https:\/\/www.mydemenageur.com\/blog\/type-de-fenetre\/","name":"Choisir le meilleur type de fen\u00eatre","isPartOf":{"@id":"https:\/\/www.mydemenageur.com\/blog\/#website"},"primaryImageOfPage":{"@id":"https:\/\/www.mydemenageur.com\/blog\/type-de-fenetre\/#primaryimage"},"image":{"@id":"https:\/\/www.mydemenageur.com\/blog\/type-de-fenetre\/#primaryimage"},"thumbnailUrl":"https:\/\/www.mydemenageur.com\/blog\/wp-content\/uploads\/2022\/01\/fe\u0302netre en automne..jpg","datePublished":"2022-01-25T22:16:06+00:00","dateModified":"2023-09-25T13:56:58+00:00","description":"Retrouver ici les meilleurs types de fen\u00eatres pour votre domicile, selon vos envies de d\u00e9coration ou encore d'orientation au soleil.","breadcrumb":{"@id":"https:\/\/www.mydemenageur.com\/blog\/type-de-fenetre\/#breadcrumb"},"inLanguage":"fr-FR","potentialAction":[{"@type":"ReadAction","target":["https:\/\/www.mydemenageur.com\/blog\/type-de-fenetre\/"]}]},{"@type":"ImageObject","inLanguage":"fr-FR","@id":"https:\/\/www.mydemenageur.com\/blog\/type-de-fenetre\/#primaryimage","url":"https:\/\/www.mydemenageur.com\/blog\/wp-content\/uploads\/2022\/01\/fe\u0302netre en automne..jpg","contentUrl":"https:\/\/www.mydemenageur.com\/blog\/wp-content\/uploads\/2022\/01\/fe\u0302netre en automne..jpg","width":816,"height":612,"caption":"fen\u00eatre en automne."},{"@type":"BreadcrumbList","@id":"https:\/\/www.mydemenageur.com\/blog\/type-de-fenetre\/#breadcrumb","itemListElement":[{"@type":"ListItem","position":1,"name":"Accueil","item":"https:\/\/www.mydemenageur.com\/blog\/"},{"@type":"ListItem","position":2,"name":"Bricolage","item":"https:\/\/www.mydemenageur.com\/blog\/categorie\/bricolage\/"},{"@type":"ListItem","position":3,"name":"Quel est le meilleur type de fen\u00eatre \u00e0 choisir ?"}]},{"@type":"WebSite","@id":"https:\/\/www.mydemenageur.com\/blog\/#website","url":"https:\/\/www.mydemenageur.com\/blog\/","name":"MyDemenageur","description":"Conseils d\u00e9m\u00e9ngement entre particuliers et d\u00e9m\u00e9nagement professionnel","publisher":{"@id":"https:\/\/www.mydemenageur.com\/blog\/#organization"},"potentialAction":[{"@type":"SearchAction","target":{"@type":"EntryPoint","urlTemplate":"https:\/\/www.mydemenageur.com\/blog\/?s={search_term_string}"},"query-input":{"@type":"PropertyValueSpecification","valueRequired":true,"valueName":"search_term_string"}}],"inLanguage":"fr-FR"},{"@type":"Organization","@id":"https:\/\/www.mydemenageur.com\/blog\/#organization","name":"MyDemenageur.com","url":"https:\/\/www.mydemenageur.com\/blog\/","logo":{"@type":"ImageObject","inLanguage":"fr-FR","@id":"https:\/\/www.mydemenageur.com\/blog\/#\/schema\/logo\/image\/","url":"https:\/\/www.mydemenageur.com\/blog\/wp-content\/uploads\/2022\/05\/MyDemenageur_Symbol.jpg","contentUrl":"https:\/\/www.mydemenageur.com\/blog\/wp-content\/uploads\/2022\/05\/MyDemenageur_Symbol.jpg","width":878,"height":877,"caption":"MyDemenageur.com"},"image":{"@id":"https:\/\/www.mydemenageur.com\/blog\/#\/schema\/logo\/image\/"},"sameAs":["https:\/\/www.facebook.com\/mydemenageur","https:\/\/x.com\/mydemenageur","https:\/\/www.pinterest.fr\/mydemenageur\/"]},{"@type":"Person","@id":"https:\/\/www.mydemenageur.com\/blog\/#\/schema\/person\/4540dc333c2e7dc790f0f7bcd5b99569","name":"Mathilde","image":{"@type":"ImageObject","inLanguage":"fr-FR","@id":"https:\/\/www.mydemenageur.com\/blog\/#\/schema\/person\/image\/","url":"https:\/\/secure.gravatar.com\/avatar\/abde069f6f70261ee6ecea93e0437d77?s=96&#038;r=g","contentUrl":"https:\/\/secure.gravatar.com\/avatar\/abde069f6f70261ee6ecea93e0437d77?s=96&#038;r=g","caption":"Mathilde"},"description":"L'harmonie des couleurs et des objets m'a toujours fascin\u00e9e, transformant chaque pi\u00e8ce en un lieu unique et agr\u00e9able \u00e0 vivre. Sur MyDemenageur, vous trouverez non seulement des inspirations personnelles, mais aussi des informations r\u00e9centes sur le monde de la d\u00e9coration, les projets de maison, le d\u00e9m\u00e9nagement et les travaux.","url":"https:\/\/www.mydemenageur.com\/blog\/author\/mathilde\/"}]}},"modified_by":"Ma\u00ebl Poullain","_links":{"self":[{"href":"https:\/\/www.mydemenageur.com\/blog\/wp-json\/wp\/v2\/posts\/25965"}],"collection":[{"href":"https:\/\/www.mydemenageur.com\/blog\/wp-json\/wp\/v2\/posts"}],"about":[{"href":"https:\/\/www.mydemenageur.com\/blog\/wp-json\/wp\/v2\/types\/post"}],"author":[{"embeddable":true,"href":"https:\/\/www.mydemenageur.com\/blog\/wp-json\/wp\/v2\/users\/11"}],"replies":[{"embeddable":true,"href":"https:\/\/www.mydemenageur.com\/blog\/wp-json\/wp\/v2\/comments?post=25965"}],"version-history":[{"count":0,"href":"https:\/\/www.mydemenageur.com\/blog\/wp-json\/wp\/v2\/posts\/25965\/revisions"}],"wp:featuredmedia":[{"embeddable":true,"href":"https:\/\/www.mydemenageur.com\/blog\/wp-json\/wp\/v2\/media\/25934"}],"wp:attachment":[{"href":"https:\/\/www.mydemenageur.com\/blog\/wp-json\/wp\/v2\/media?parent=25965"}],"wp:term":[{"taxonomy":"category","embeddable":true,"href":"https:\/\/www.mydemenageur.com\/blog\/wp-json\/wp\/v2\/categories?post=25965"},{"taxonomy":"post_tag","embeddable":true,"href":"https:\/\/www.mydemenageur.com\/blog\/wp-json\/wp\/v2\/tags?post=25965"}],"curies":[{"name":"wp","href":"https:\/\/api.w.org\/{rel}","templated":true}]}}