{"id":25969,"date":"2022-01-25T22:13:13","date_gmt":"2022-01-25T22:13:13","guid":{"rendered":"https:\/\/www.mydemenageur.com\/blog\/?p=25969"},"modified":"2022-05-21T10:26:05","modified_gmt":"2022-05-21T10:26:05","slug":"fenetre-oeil-de-boeuf","status":"publish","type":"post","link":"https:\/\/www.mydemenageur.com\/blog\/fenetre-oeil-de-boeuf\/","title":{"rendered":"Qu&rsquo;est-ce que la fen\u00eatre \u0153il de b\u0153uf ?"},"content":{"rendered":"<p>Toujours plus pris\u00e9es en raison de leur c<a href=\"https:\/\/www.mydemenageur.com\/blog\/type-de-fenetre\">onception et de leur style,<\/a> les fen\u00eatres en \u0153il de b\u0153uf, aussi appel\u00e9es<strong> puits de lumi\u00e8re<\/strong>, se r\u00e9v\u00e8lent \u00e0 la fois commodes et originales. Il est toutefois important de contr\u00f4ler la conformit\u00e9 de ce type de fen\u00eatre pour assurer un meilleur confort tant thermique qu&rsquo;acoustique, sans oublier une isolation optimis\u00e9e.<\/p>\n<p>Ce texte vous permet de conna\u00eetre <strong>l&rsquo;\u0153il de b\u0153uf<\/strong> comme vous ne l\u2019avez jamais connu auparavant. Poursuivez donc votre lecture pour en savoir plus.<\/p>\n<div id=\"ez-toc-container\" class=\"ez-toc-v2_0_82_2 counter-hierarchy ez-toc-counter ez-toc-custom ez-toc-container-direction\">\n<div class=\"ez-toc-title-container\">\n<p class=\"ez-toc-title\" style=\"cursor:inherit\">Ce que vous allez apprendre<\/p>\n<span class=\"ez-toc-title-toggle\"><\/span><\/div>\n<nav><ul class='ez-toc-list ez-toc-list-level-1 ' ><li class='ez-toc-page-1 ez-toc-heading-level-2'><a class=\"ez-toc-link ez-toc-heading-1\" href=\"https:\/\/www.mydemenageur.com\/blog\/fenetre-oeil-de-boeuf\/#quest-ce-que-la-fenetre-oeil-de-boeuf%e2%80%af\" >Qu\u2019est-ce que la fen\u00eatre \u0153il de b\u0153uf\u202f?<\/a><\/li><li class='ez-toc-page-1 ez-toc-heading-level-2'><a class=\"ez-toc-link ez-toc-heading-2\" href=\"https:\/\/www.mydemenageur.com\/blog\/fenetre-oeil-de-boeuf\/#les-declinaisons-de-la-fenetre-en-oeil-de-boeuf\" >Les d\u00e9clinaisons de la fen\u00eatre en \u0153il de b\u0153uf<\/a><\/li><\/ul><\/nav><\/div>\n<h2><span class=\"ez-toc-section\" id=\"quest-ce-que-la-fenetre-oeil-de-boeuf%e2%80%af\"><\/span>Qu\u2019est-ce que la fen\u00eatre \u0153il de b\u0153uf\u202f?<span class=\"ez-toc-section-end\"><\/span><\/h2>\n<p><strong>La fen\u00eatre \u0153il de b\u0153uf <\/strong>est un mod\u00e8le rond ou ovale imagin\u00e9 \u00e0 partir des hublots des bateaux. Tr\u00e8s originale, cette derni\u00e8re conf\u00e8re une note personnalis\u00e9e \u00e0 votre maison, tout en offrant un apport de chaleur et de lumi\u00e8re, y compris dans les chambres les plus exigu\u00ebs.<\/p>\n<p>Pour une construction neuve ou en r\u00e9novation, le hublot conjugue \u00e0 la fois esth\u00e9tisme, \u00e9clairage naturel et fonctionnalit\u00e9. En effet, dans une salle de bain par exemple, la<strong> fen\u00eatre ronde<\/strong> repr\u00e9sente un r\u00e9el puits de lumi\u00e8re, tout en limitant la pr\u00e9sence des yeux \u00e9trangers.<\/p>\n<p>D\u00e9clin\u00e9e en de multiples versions et en diff\u00e9rents mat\u00e9riaux, cette <strong>boiserie originale<\/strong> peut \u00eatre adapt\u00e9e \u00e0 volont\u00e9 ! La fen\u00eatre en \u0153il de b\u0153uf requiert peu de surface en raison de son aspect arrondi et de sa dimension modeste.<\/p>\n<p>En revanche, sa mise en place se r\u00e9v\u00e8le un peu plus complexe en comparaison avec une fen\u00eatre traditionnelle. De fait, seul un professionnel de la menuiserie peut <a href=\"https:\/\/www.mydemenageur.com\/blog\/fenetre-rectangulaire\"><strong>installer une fen\u00eatre<\/strong><\/a><strong> \u0153il de b\u0153uf<\/strong> en respectant les r\u00e8gles d&rsquo;\u00e9tanch\u00e9it\u00e9 les plus s\u00e9v\u00e8res.<\/p>\n<p>Il faut savoir que cette installation est r\u00e9alis\u00e9e en applique, \u00e0 fleur de mur. Les relev\u00e9s effectu\u00e9s doivent \u00eatre minutieux, de mani\u00e8re que le hublot satisfasse tous les crit\u00e8res d&rsquo;<strong>isolation thermiqu<\/strong><strong>e<\/strong> et phonique exig\u00e9s (pas de ponts thermiques).<\/p>\n<h2><span class=\"ez-toc-section\" id=\"les-declinaisons-de-la-fenetre-en-oeil-de-boeuf\"><\/span>Les d\u00e9clinaisons de la fen\u00eatre en \u0153il de b\u0153uf<span class=\"ez-toc-section-end\"><\/span><\/h2>\n<p>Les vitrages d&rsquo;une telle fen\u00eatre, si originaux soient-ils, sont maintenus identiquement \u00e0 ceux d&rsquo;une fen\u00eatre conventionnelle. Pour ce qui est de la menuiserie, elle est fonction du mat\u00e9riau retenu : l&rsquo;aluminium, le PVC ou encore le bois (ce dernier, exigeant plus d&rsquo;entretien et de traitement). On distingue plusieurs <strong>mod\u00e8les de fen\u00eatres \u0153il de b\u0153uf<\/strong> :<\/p>\n<ul>\n<li>En fonction du vitrage, il est possible d&rsquo;avoir un simple, deux ou trois vitres ;<\/li>\n<li>Suivant la menuiserie, elle est en PVC, en bois, et en alu ou bois-alu ;<\/li>\n<li>Selon la conception, elle peut comporter un vitrage \u00e0 partie fixe, \u00e0 ouverture, \u00e0 basculement sur un plan horizontal ou vertical, \u00e0 partie variable (partie fixe + partie basculante) ;<\/li>\n<li>Suivant son style, elle peut \u00eatre de type moderne, standard, baroque, contemporain, etc.<\/li>\n<\/ul>\n<p>Les tarifs de ces fen\u00eatres oscillent entre 350 et 1 300 euros. Il faut ajouter \u00e0 ces prix celui de la mise en place qui fluctue entre 200 \u20ac et 500 \u20ac. En revanche, un <strong>\u0153il de b\u0153uf sur-mesure <\/strong>co\u00fbtera toujours davantage qu&rsquo;une fen\u00eatre classique.<\/p>\n<p>Faire le choix de<strong> poser une fen\u00eatre \u0153il de b\u0153uf <\/strong>\u00e0 la maison, c&rsquo;est apporter un petit plus esth\u00e9tique et \u00e9l\u00e9gant qui am\u00e8ne de la lumi\u00e8re et une ambiance chaleureuse, y compris dans une toute petite pi\u00e8ce.<\/p>\n","protected":false},"excerpt":{"rendered":"<p>Toujours plus pris\u00e9es en raison de leur conception et de leur style, les fen\u00eatres en \u0153il de b\u0153uf, aussi appel\u00e9es<\/p>\n","protected":false},"author":11,"featured_media":25938,"comment_status":"closed","ping_status":"closed","sticky":false,"template":"","format":"standard","meta":{"_lmt_disableupdate":"","_lmt_disable":"","footnotes":""},"categories":[22],"tags":[114],"yoast_head":"<!-- This site is optimized with the Yoast SEO Premium plugin v24.2 (Yoast SEO v24.5) - https:\/\/yoast.com\/wordpress\/plugins\/seo\/ -->\n<title>La fen\u00eatre \u0153il de b\u0153uf : quels sont les mod\u00e8les disponibles ?<\/title>\n<meta name=\"description\" content=\"D\u00e9couvrez ce qu&#039;est une fen\u00eatre &quot;oeil de boeuf&quot;. Comment agencer votre fen\u00eatre selon vos envies.\" \/>\n<meta name=\"robots\" content=\"index, follow, max-snippet:-1, max-image-preview:large, max-video-preview:-1\" \/>\n<link rel=\"canonical\" href=\"https:\/\/www.mydemenageur.com\/blog\/fenetre-oeil-de-boeuf\/\" \/>\n<meta property=\"og:locale\" content=\"fr_FR\" \/>\n<meta property=\"og:type\" content=\"article\" \/>\n<meta property=\"og:title\" content=\"Qu&#039;est-ce que la fen\u00eatre \u0153il de b\u0153uf ?\" \/>\n<meta property=\"og:description\" content=\"D\u00e9couvrez ce qu&#039;est une fen\u00eatre &quot;oeil de boeuf&quot;. Comment agencer votre fen\u00eatre selon vos envies.\" \/>\n<meta property=\"og:url\" content=\"https:\/\/www.mydemenageur.com\/blog\/fenetre-oeil-de-boeuf\/\" \/>\n<meta property=\"og:site_name\" content=\"MyDemenageur\" \/>\n<meta property=\"article:publisher\" content=\"https:\/\/www.facebook.com\/mydemenageur\" \/>\n<meta property=\"article:published_time\" content=\"2022-01-25T22:13:13+00:00\" \/>\n<meta property=\"article:modified_time\" content=\"2022-05-21T10:26:05+00:00\" \/>\n<meta property=\"og:image\" content=\"https:\/\/www.mydemenageur.com\/blog\/wp-content\/uploads\/2022\/01\/Fe\u0302netre%20sur%20fond%20jaune.jpg\" \/>\n\t<meta property=\"og:image:width\" content=\"612\" \/>\n\t<meta property=\"og:image:height\" content=\"612\" \/>\n\t<meta property=\"og:image:type\" content=\"image\/jpeg\" \/>\n<meta name=\"author\" content=\"Mathilde\" \/>\n<meta name=\"twitter:card\" content=\"summary_large_image\" \/>\n<meta name=\"twitter:creator\" content=\"@mydemenageur\" \/>\n<meta name=\"twitter:site\" content=\"@mydemenageur\" \/>\n<meta name=\"twitter:label1\" content=\"\u00c9crit par\" \/>\n\t<meta name=\"twitter:data1\" content=\"Mathilde\" \/>\n\t<meta name=\"twitter:label2\" content=\"Dur\u00e9e de lecture estim\u00e9e\" \/>\n\t<meta name=\"twitter:data2\" content=\"3 minutes\" \/>\n<script type=\"application\/ld+json\" class=\"yoast-schema-graph\">{\"@context\":\"https:\/\/schema.org\",\"@graph\":[{\"@type\":\"Article\",\"@id\":\"https:\/\/www.mydemenageur.com\/blog\/fenetre-oeil-de-boeuf\/#article\",\"isPartOf\":{\"@id\":\"https:\/\/www.mydemenageur.com\/blog\/fenetre-oeil-de-boeuf\/\"},\"author\":{\"name\":\"Mathilde\",\"@id\":\"https:\/\/www.mydemenageur.com\/blog\/#\/schema\/person\/4540dc333c2e7dc790f0f7bcd5b99569\"},\"headline\":\"Qu&rsquo;est-ce que la fen\u00eatre \u0153il de b\u0153uf ?\",\"datePublished\":\"2022-01-25T22:13:13+00:00\",\"dateModified\":\"2022-05-21T10:26:05+00:00\",\"mainEntityOfPage\":{\"@id\":\"https:\/\/www.mydemenageur.com\/blog\/fenetre-oeil-de-boeuf\/\"},\"wordCount\":586,\"publisher\":{\"@id\":\"https:\/\/www.mydemenageur.com\/blog\/#organization\"},\"image\":{\"@id\":\"https:\/\/www.mydemenageur.com\/blog\/fenetre-oeil-de-boeuf\/#primaryimage\"},\"thumbnailUrl\":\"https:\/\/www.mydemenageur.com\/blog\/wp-content\/uploads\/2022\/01\/Fe\u0302netre sur fond jaune.jpg\",\"keywords\":[\"Am\u00e9nagement\"],\"articleSection\":[\"Bricolage\"],\"inLanguage\":\"fr-FR\"},{\"@type\":\"WebPage\",\"@id\":\"https:\/\/www.mydemenageur.com\/blog\/fenetre-oeil-de-boeuf\/\",\"url\":\"https:\/\/www.mydemenageur.com\/blog\/fenetre-oeil-de-boeuf\/\",\"name\":\"La fen\u00eatre \u0153il de b\u0153uf : quels sont les mod\u00e8les disponibles ?\",\"isPartOf\":{\"@id\":\"https:\/\/www.mydemenageur.com\/blog\/#website\"},\"primaryImageOfPage\":{\"@id\":\"https:\/\/www.mydemenageur.com\/blog\/fenetre-oeil-de-boeuf\/#primaryimage\"},\"image\":{\"@id\":\"https:\/\/www.mydemenageur.com\/blog\/fenetre-oeil-de-boeuf\/#primaryimage\"},\"thumbnailUrl\":\"https:\/\/www.mydemenageur.com\/blog\/wp-content\/uploads\/2022\/01\/Fe\u0302netre sur fond jaune.jpg\",\"datePublished\":\"2022-01-25T22:13:13+00:00\",\"dateModified\":\"2022-05-21T10:26:05+00:00\",\"description\":\"D\u00e9couvrez ce qu'est une fen\u00eatre \\\"oeil de boeuf\\\". Comment agencer votre fen\u00eatre selon vos envies.\",\"breadcrumb\":{\"@id\":\"https:\/\/www.mydemenageur.com\/blog\/fenetre-oeil-de-boeuf\/#breadcrumb\"},\"inLanguage\":\"fr-FR\",\"potentialAction\":[{\"@type\":\"ReadAction\",\"target\":[\"https:\/\/www.mydemenageur.com\/blog\/fenetre-oeil-de-boeuf\/\"]}]},{\"@type\":\"ImageObject\",\"inLanguage\":\"fr-FR\",\"@id\":\"https:\/\/www.mydemenageur.com\/blog\/fenetre-oeil-de-boeuf\/#primaryimage\",\"url\":\"https:\/\/www.mydemenageur.com\/blog\/wp-content\/uploads\/2022\/01\/Fe\u0302netre sur fond jaune.jpg\",\"contentUrl\":\"https:\/\/www.mydemenageur.com\/blog\/wp-content\/uploads\/2022\/01\/Fe\u0302netre sur fond jaune.jpg\",\"width\":612,\"height\":612,\"caption\":\"Fe\u0302netre sur fond jaune\"},{\"@type\":\"BreadcrumbList\",\"@id\":\"https:\/\/www.mydemenageur.com\/blog\/fenetre-oeil-de-boeuf\/#breadcrumb\",\"itemListElement\":[{\"@type\":\"ListItem\",\"position\":1,\"name\":\"Accueil\",\"item\":\"https:\/\/www.mydemenageur.com\/blog\/\"},{\"@type\":\"ListItem\",\"position\":2,\"name\":\"Bricolage\",\"item\":\"https:\/\/www.mydemenageur.com\/blog\/categorie\/bricolage\/\"},{\"@type\":\"ListItem\",\"position\":3,\"name\":\"Qu&rsquo;est-ce que la fen\u00eatre \u0153il de b\u0153uf ?\"}]},{\"@type\":\"WebSite\",\"@id\":\"https:\/\/www.mydemenageur.com\/blog\/#website\",\"url\":\"https:\/\/www.mydemenageur.com\/blog\/\",\"name\":\"MyDemenageur\",\"description\":\"Conseils d\u00e9m\u00e9ngement entre particuliers et d\u00e9m\u00e9nagement professionnel\",\"publisher\":{\"@id\":\"https:\/\/www.mydemenageur.com\/blog\/#organization\"},\"potentialAction\":[{\"@type\":\"SearchAction\",\"target\":{\"@type\":\"EntryPoint\",\"urlTemplate\":\"https:\/\/www.mydemenageur.com\/blog\/?s={search_term_string}\"},\"query-input\":{\"@type\":\"PropertyValueSpecification\",\"valueRequired\":true,\"valueName\":\"search_term_string\"}}],\"inLanguage\":\"fr-FR\"},{\"@type\":\"Organization\",\"@id\":\"https:\/\/www.mydemenageur.com\/blog\/#organization\",\"name\":\"MyDemenageur.com\",\"url\":\"https:\/\/www.mydemenageur.com\/blog\/\",\"logo\":{\"@type\":\"ImageObject\",\"inLanguage\":\"fr-FR\",\"@id\":\"https:\/\/www.mydemenageur.com\/blog\/#\/schema\/logo\/image\/\",\"url\":\"https:\/\/www.mydemenageur.com\/blog\/wp-content\/uploads\/2022\/05\/MyDemenageur_Symbol.jpg\",\"contentUrl\":\"https:\/\/www.mydemenageur.com\/blog\/wp-content\/uploads\/2022\/05\/MyDemenageur_Symbol.jpg\",\"width\":878,\"height\":877,\"caption\":\"MyDemenageur.com\"},\"image\":{\"@id\":\"https:\/\/www.mydemenageur.com\/blog\/#\/schema\/logo\/image\/\"},\"sameAs\":[\"https:\/\/www.facebook.com\/mydemenageur\",\"https:\/\/x.com\/mydemenageur\",\"https:\/\/www.pinterest.fr\/mydemenageur\/\"]},{\"@type\":\"Person\",\"@id\":\"https:\/\/www.mydemenageur.com\/blog\/#\/schema\/person\/4540dc333c2e7dc790f0f7bcd5b99569\",\"name\":\"Mathilde\",\"image\":{\"@type\":\"ImageObject\",\"inLanguage\":\"fr-FR\",\"@id\":\"https:\/\/www.mydemenageur.com\/blog\/#\/schema\/person\/image\/\",\"url\":\"https:\/\/secure.gravatar.com\/avatar\/abde069f6f70261ee6ecea93e0437d77?s=96&#038;r=g\",\"contentUrl\":\"https:\/\/secure.gravatar.com\/avatar\/abde069f6f70261ee6ecea93e0437d77?s=96&#038;r=g\",\"caption\":\"Mathilde\"},\"description\":\"L'harmonie des couleurs et des objets m'a toujours fascin\u00e9e, transformant chaque pi\u00e8ce en un lieu unique et agr\u00e9able \u00e0 vivre. Sur MyDemenageur, vous trouverez non seulement des inspirations personnelles, mais aussi des informations r\u00e9centes sur le monde de la d\u00e9coration, les projets de maison, le d\u00e9m\u00e9nagement et les travaux.\",\"url\":\"https:\/\/www.mydemenageur.com\/blog\/author\/mathilde\/\"}]}<\/script>\n<!-- \/ Yoast SEO Premium plugin. -->","yoast_head_json":{"title":"La fen\u00eatre \u0153il de b\u0153uf : quels sont les mod\u00e8les disponibles ?","description":"D\u00e9couvrez ce qu'est une fen\u00eatre \"oeil de boeuf\". Comment agencer votre fen\u00eatre selon vos envies.","robots":{"index":"index","follow":"follow","max-snippet":"max-snippet:-1","max-image-preview":"max-image-preview:large","max-video-preview":"max-video-preview:-1"},"canonical":"https:\/\/www.mydemenageur.com\/blog\/fenetre-oeil-de-boeuf\/","og_locale":"fr_FR","og_type":"article","og_title":"Qu'est-ce que la fen\u00eatre \u0153il de b\u0153uf ?","og_description":"D\u00e9couvrez ce qu'est une fen\u00eatre \"oeil de boeuf\". Comment agencer votre fen\u00eatre selon vos envies.","og_url":"https:\/\/www.mydemenageur.com\/blog\/fenetre-oeil-de-boeuf\/","og_site_name":"MyDemenageur","article_publisher":"https:\/\/www.facebook.com\/mydemenageur","article_published_time":"2022-01-25T22:13:13+00:00","article_modified_time":"2022-05-21T10:26:05+00:00","og_image":[{"width":612,"height":612,"url":"https:\/\/www.mydemenageur.com\/blog\/wp-content\/uploads\/2022\/01\/Fe\u0302netre sur fond jaune.jpg","type":"image\/jpeg"}],"author":"Mathilde","twitter_card":"summary_large_image","twitter_creator":"@mydemenageur","twitter_site":"@mydemenageur","twitter_misc":{"\u00c9crit par":"Mathilde","Dur\u00e9e de lecture estim\u00e9e":"3 minutes"},"schema":{"@context":"https:\/\/schema.org","@graph":[{"@type":"Article","@id":"https:\/\/www.mydemenageur.com\/blog\/fenetre-oeil-de-boeuf\/#article","isPartOf":{"@id":"https:\/\/www.mydemenageur.com\/blog\/fenetre-oeil-de-boeuf\/"},"author":{"name":"Mathilde","@id":"https:\/\/www.mydemenageur.com\/blog\/#\/schema\/person\/4540dc333c2e7dc790f0f7bcd5b99569"},"headline":"Qu&rsquo;est-ce que la fen\u00eatre \u0153il de b\u0153uf ?","datePublished":"2022-01-25T22:13:13+00:00","dateModified":"2022-05-21T10:26:05+00:00","mainEntityOfPage":{"@id":"https:\/\/www.mydemenageur.com\/blog\/fenetre-oeil-de-boeuf\/"},"wordCount":586,"publisher":{"@id":"https:\/\/www.mydemenageur.com\/blog\/#organization"},"image":{"@id":"https:\/\/www.mydemenageur.com\/blog\/fenetre-oeil-de-boeuf\/#primaryimage"},"thumbnailUrl":"https:\/\/www.mydemenageur.com\/blog\/wp-content\/uploads\/2022\/01\/Fe\u0302netre sur fond jaune.jpg","keywords":["Am\u00e9nagement"],"articleSection":["Bricolage"],"inLanguage":"fr-FR"},{"@type":"WebPage","@id":"https:\/\/www.mydemenageur.com\/blog\/fenetre-oeil-de-boeuf\/","url":"https:\/\/www.mydemenageur.com\/blog\/fenetre-oeil-de-boeuf\/","name":"La fen\u00eatre \u0153il de b\u0153uf : quels sont les mod\u00e8les disponibles ?","isPartOf":{"@id":"https:\/\/www.mydemenageur.com\/blog\/#website"},"primaryImageOfPage":{"@id":"https:\/\/www.mydemenageur.com\/blog\/fenetre-oeil-de-boeuf\/#primaryimage"},"image":{"@id":"https:\/\/www.mydemenageur.com\/blog\/fenetre-oeil-de-boeuf\/#primaryimage"},"thumbnailUrl":"https:\/\/www.mydemenageur.com\/blog\/wp-content\/uploads\/2022\/01\/Fe\u0302netre sur fond jaune.jpg","datePublished":"2022-01-25T22:13:13+00:00","dateModified":"2022-05-21T10:26:05+00:00","description":"D\u00e9couvrez ce qu'est une fen\u00eatre \"oeil de boeuf\". Comment agencer votre fen\u00eatre selon vos envies.","breadcrumb":{"@id":"https:\/\/www.mydemenageur.com\/blog\/fenetre-oeil-de-boeuf\/#breadcrumb"},"inLanguage":"fr-FR","potentialAction":[{"@type":"ReadAction","target":["https:\/\/www.mydemenageur.com\/blog\/fenetre-oeil-de-boeuf\/"]}]},{"@type":"ImageObject","inLanguage":"fr-FR","@id":"https:\/\/www.mydemenageur.com\/blog\/fenetre-oeil-de-boeuf\/#primaryimage","url":"https:\/\/www.mydemenageur.com\/blog\/wp-content\/uploads\/2022\/01\/Fe\u0302netre sur fond jaune.jpg","contentUrl":"https:\/\/www.mydemenageur.com\/blog\/wp-content\/uploads\/2022\/01\/Fe\u0302netre sur fond jaune.jpg","width":612,"height":612,"caption":"Fe\u0302netre sur fond jaune"},{"@type":"BreadcrumbList","@id":"https:\/\/www.mydemenageur.com\/blog\/fenetre-oeil-de-boeuf\/#breadcrumb","itemListElement":[{"@type":"ListItem","position":1,"name":"Accueil","item":"https:\/\/www.mydemenageur.com\/blog\/"},{"@type":"ListItem","position":2,"name":"Bricolage","item":"https:\/\/www.mydemenageur.com\/blog\/categorie\/bricolage\/"},{"@type":"ListItem","position":3,"name":"Qu&rsquo;est-ce que la fen\u00eatre \u0153il de b\u0153uf ?"}]},{"@type":"WebSite","@id":"https:\/\/www.mydemenageur.com\/blog\/#website","url":"https:\/\/www.mydemenageur.com\/blog\/","name":"MyDemenageur","description":"Conseils d\u00e9m\u00e9ngement entre particuliers et d\u00e9m\u00e9nagement professionnel","publisher":{"@id":"https:\/\/www.mydemenageur.com\/blog\/#organization"},"potentialAction":[{"@type":"SearchAction","target":{"@type":"EntryPoint","urlTemplate":"https:\/\/www.mydemenageur.com\/blog\/?s={search_term_string}"},"query-input":{"@type":"PropertyValueSpecification","valueRequired":true,"valueName":"search_term_string"}}],"inLanguage":"fr-FR"},{"@type":"Organization","@id":"https:\/\/www.mydemenageur.com\/blog\/#organization","name":"MyDemenageur.com","url":"https:\/\/www.mydemenageur.com\/blog\/","logo":{"@type":"ImageObject","inLanguage":"fr-FR","@id":"https:\/\/www.mydemenageur.com\/blog\/#\/schema\/logo\/image\/","url":"https:\/\/www.mydemenageur.com\/blog\/wp-content\/uploads\/2022\/05\/MyDemenageur_Symbol.jpg","contentUrl":"https:\/\/www.mydemenageur.com\/blog\/wp-content\/uploads\/2022\/05\/MyDemenageur_Symbol.jpg","width":878,"height":877,"caption":"MyDemenageur.com"},"image":{"@id":"https:\/\/www.mydemenageur.com\/blog\/#\/schema\/logo\/image\/"},"sameAs":["https:\/\/www.facebook.com\/mydemenageur","https:\/\/x.com\/mydemenageur","https:\/\/www.pinterest.fr\/mydemenageur\/"]},{"@type":"Person","@id":"https:\/\/www.mydemenageur.com\/blog\/#\/schema\/person\/4540dc333c2e7dc790f0f7bcd5b99569","name":"Mathilde","image":{"@type":"ImageObject","inLanguage":"fr-FR","@id":"https:\/\/www.mydemenageur.com\/blog\/#\/schema\/person\/image\/","url":"https:\/\/secure.gravatar.com\/avatar\/abde069f6f70261ee6ecea93e0437d77?s=96&#038;r=g","contentUrl":"https:\/\/secure.gravatar.com\/avatar\/abde069f6f70261ee6ecea93e0437d77?s=96&#038;r=g","caption":"Mathilde"},"description":"L'harmonie des couleurs et des objets m'a toujours fascin\u00e9e, transformant chaque pi\u00e8ce en un lieu unique et agr\u00e9able \u00e0 vivre. Sur MyDemenageur, vous trouverez non seulement des inspirations personnelles, mais aussi des informations r\u00e9centes sur le monde de la d\u00e9coration, les projets de maison, le d\u00e9m\u00e9nagement et les travaux.","url":"https:\/\/www.mydemenageur.com\/blog\/author\/mathilde\/"}]}},"modified_by":"MyDemenageur","_links":{"self":[{"href":"https:\/\/www.mydemenageur.com\/blog\/wp-json\/wp\/v2\/posts\/25969"}],"collection":[{"href":"https:\/\/www.mydemenageur.com\/blog\/wp-json\/wp\/v2\/posts"}],"about":[{"href":"https:\/\/www.mydemenageur.com\/blog\/wp-json\/wp\/v2\/types\/post"}],"author":[{"embeddable":true,"href":"https:\/\/www.mydemenageur.com\/blog\/wp-json\/wp\/v2\/users\/11"}],"replies":[{"embeddable":true,"href":"https:\/\/www.mydemenageur.com\/blog\/wp-json\/wp\/v2\/comments?post=25969"}],"version-history":[{"count":0,"href":"https:\/\/www.mydemenageur.com\/blog\/wp-json\/wp\/v2\/posts\/25969\/revisions"}],"wp:featuredmedia":[{"embeddable":true,"href":"https:\/\/www.mydemenageur.com\/blog\/wp-json\/wp\/v2\/media\/25938"}],"wp:attachment":[{"href":"https:\/\/www.mydemenageur.com\/blog\/wp-json\/wp\/v2\/media?parent=25969"}],"wp:term":[{"taxonomy":"category","embeddable":true,"href":"https:\/\/www.mydemenageur.com\/blog\/wp-json\/wp\/v2\/categories?post=25969"},{"taxonomy":"post_tag","embeddable":true,"href":"https:\/\/www.mydemenageur.com\/blog\/wp-json\/wp\/v2\/tags?post=25969"}],"curies":[{"name":"wp","href":"https:\/\/api.w.org\/{rel}","templated":true}]}}