{"id":25971,"date":"2022-01-28T10:40:51","date_gmt":"2022-01-28T10:40:51","guid":{"rendered":"https:\/\/www.mydemenageur.com\/blog\/?p=25971"},"modified":"2022-05-21T10:24:05","modified_gmt":"2022-05-21T10:24:05","slug":"fenetre-cintre-surbaisse","status":"publish","type":"post","link":"https:\/\/www.mydemenageur.com\/blog\/fenetre-cintre-surbaisse\/","title":{"rendered":"Les crit\u00e8res de choix des fen\u00eatres cintr\u00e9es surbaiss\u00e9es"},"content":{"rendered":"<p>Le style que vous voulez donner \u00e0 la fa\u00e7ade d\u2019une maison d\u00e9pend beaucoup <strong>du type de fen\u00eatres<\/strong> que vous allez y installer. En effet, pour une maison plut\u00f4t traditionnelle et authentique, il vaut mieux opter pour des fen\u00eatres \u00e0 la forme cintr\u00e9e ou<strong> cintr\u00e9e surbaiss\u00e9e.<\/strong> Nous allons justement revenir plus en d\u00e9tails sur cette derni\u00e8re dans l\u2019article qui suit.<\/p>\n<div id=\"ez-toc-container\" class=\"ez-toc-v2_0_82_2 counter-hierarchy ez-toc-counter ez-toc-custom ez-toc-container-direction\">\n<div class=\"ez-toc-title-container\">\n<p class=\"ez-toc-title\" style=\"cursor:inherit\">Ce que vous allez apprendre<\/p>\n<span class=\"ez-toc-title-toggle\"><\/span><\/div>\n<nav><ul class='ez-toc-list ez-toc-list-level-1 ' ><li class='ez-toc-page-1 ez-toc-heading-level-2'><a class=\"ez-toc-link ez-toc-heading-1\" href=\"https:\/\/www.mydemenageur.com\/blog\/fenetre-cintre-surbaisse\/#quest-ce-quune-fenetre-cintree-surbaissee\" >Qu\u2019est-ce qu\u2019une fen\u00eatre cintr\u00e9e surbaiss\u00e9e ?<\/a><\/li><li class='ez-toc-page-1 ez-toc-heading-level-2'><a class=\"ez-toc-link ez-toc-heading-2\" href=\"https:\/\/www.mydemenageur.com\/blog\/fenetre-cintre-surbaisse\/#comment-choisir-ses-fenetres-cintrees-surbaissees\" >Comment choisir ses fen\u00eatres cintr\u00e9es surbaiss\u00e9es ?<\/a><\/li><\/ul><\/nav><\/div>\n<h2><span class=\"ez-toc-section\" id=\"quest-ce-quune-fenetre-cintree-surbaissee\"><\/span>Qu\u2019est-ce qu\u2019une fen\u00eatre cintr\u00e9e surbaiss\u00e9e ?<span class=\"ez-toc-section-end\"><\/span><\/h2>\n<p>Parmi les nombreuses formes et <a href=\"https:\/\/www.mydemenageur.com\/blog\/type-de-fenetre\">types de fen\u00eatres<\/a> qu\u2019il est possible de choisir pour sa maison, il existe bien \u00e9videmment les classiques <a href=\"https:\/\/www.mydemenageur.com\/blog\/fenetre-rectangulaire\">rectangulaires<\/a> ou <a href=\"https:\/\/www.mydemenageur.com\/blog\/fenetre-avec-imposte\">avec imposte<\/a>, mais il existe \u00e9galement des formes un peu plus \u00ab traditionnelles \u00bb, et qui <strong>donneront un cachet et un charme<\/strong> certain \u00e0 votre fa\u00e7ade, il s\u2019agit des formes un peu plus arrondies, comme <a href=\"https:\/\/www.mydemenageur.com\/blog\/fenetre-en-arc\">les arcs<\/a> ou <a href=\"https:\/\/www.mydemenageur.com\/blog\/fenetre-cintree\">les formes cintr\u00e9es<\/a>, comme les fen\u00eatres cintr\u00e9es surbaiss\u00e9es. Avant toute chose, il faut comprendre ce que l\u2019on veut dire par \u00ab cintr\u00e9e surbaiss\u00e9e \u00bb, et bien cette derni\u00e8re d\u00e9signe toutes les fen\u00eatres cintr\u00e9es dont la partie haute a un cintrage compris <strong>entre 100 et 300 mm<\/strong> (en opposition aux mod\u00e8les 100 % cintr\u00e9s, qui eux, sont en demi-lune). Avant de choisir votre mod\u00e8le, il faut savoir qu\u2019il y a quelques adaptations et concessions \u00e0 faire, notamment en termes de placement de rideaux ou de stores, mais aussi en termes de<strong> syst\u00e8mes d\u2019ouverture,<\/strong> car tous ne sont pas compatibles avec ces fen\u00eatres-l\u00e0, il faudra g\u00e9n\u00e9ralement vous contenter d\u2019avoir une fen\u00eatre fixe, pivotante ou battante.<\/p>\n<h2><span class=\"ez-toc-section\" id=\"comment-choisir-ses-fenetres-cintrees-surbaissees\"><\/span>Comment choisir ses fen\u00eatres cintr\u00e9es surbaiss\u00e9es ?<span class=\"ez-toc-section-end\"><\/span><\/h2>\n<p>Comme nous l\u2019avons pr\u00e9c\u00e9demment \u00e9voqu\u00e9, les fen\u00eatres cintr\u00e9es et surbaiss\u00e9es donneront du cachet \u00e0 votre<strong> ext\u00e9rieur et \u00e0 votre int\u00e9rieur. <\/strong>Cependant, il faut tout de m\u00eame prendre le soin de bien choisir le mod\u00e8le selon certains crit\u00e8res, comme par exemple :<\/p>\n<ul>\n<li>Le type de vitrage et de mat\u00e9riaux utilis\u00e9s ;<\/li>\n<li>Le classement AEV (\u00e9tanch\u00e9it\u00e9 air, eau et vent) ;<\/li>\n<li>La qualit\u00e9 de la transmission lumineuse (coefficient) ;<\/li>\n<li>La transmission thermique ;<\/li>\n<li>L\u2019indice d\u2019affaiblissement acoustique ;<\/li>\n<li>Le facteur solaire ;<\/li>\n<li>Les certifications et les labels ;<\/li>\n<li>Le rapport qualit\u00e9 \/ prix.<\/li>\n<\/ul>\n<p>En ce qui concerne le type de vitrage, il est toujours pr\u00e9f\u00e9rable d\u2019opter pour <strong>du double vitrage au minimum,<\/strong> afin de s\u2019assurer d\u2019avoir les meilleures performances d\u2019isolation phonique et thermique, m\u00eame si cela d\u00e9pend bien \u00e9videmment des mat\u00e9riaux choisis pour le cadre. En faisant le devis d\u2019une fen\u00eatre, l\u2019artisan ou l\u2019entreprise doit \u00eatre en mesure de fournir certains chiffres, comme par exemple <strong>le coefficient de transmission thermique<\/strong> qui, plus il sera \u00e9lev\u00e9, plus cela voudra dire que la fen\u00eatre est isolante.<\/p>\n","protected":false},"excerpt":{"rendered":"<p>Le style que vous voulez donner \u00e0 la fa\u00e7ade d\u2019une maison d\u00e9pend beaucoup du type de fen\u00eatres que vous allez<\/p>\n","protected":false},"author":11,"featured_media":25940,"comment_status":"closed","ping_status":"closed","sticky":false,"template":"","format":"standard","meta":{"_lmt_disableupdate":"","_lmt_disable":"","footnotes":""},"categories":[22],"tags":[108],"yoast_head":"<!-- This site is optimized with the Yoast SEO Premium plugin v24.2 (Yoast SEO v24.5) - https:\/\/yoast.com\/wordpress\/plugins\/seo\/ -->\n<title>Les fen\u00eatres cintr\u00e9es surbaiss\u00e9es : bien les choisir<\/title>\n<meta name=\"description\" content=\"Les fen\u00eatres cintr\u00e9es rabaiss\u00e9es comptent parmi l&#039;un des nombreux types de fen\u00eatres pr\u00e9sents sur le march\u00e9.\" \/>\n<meta name=\"robots\" content=\"index, follow, max-snippet:-1, max-image-preview:large, max-video-preview:-1\" \/>\n<link rel=\"canonical\" href=\"https:\/\/www.mydemenageur.com\/blog\/fenetre-cintre-surbaisse\/\" \/>\n<meta property=\"og:locale\" content=\"fr_FR\" \/>\n<meta property=\"og:type\" content=\"article\" \/>\n<meta property=\"og:title\" content=\"Les crit\u00e8res de choix des fen\u00eatres cintr\u00e9es surbaiss\u00e9es\" \/>\n<meta property=\"og:description\" content=\"Les fen\u00eatres cintr\u00e9es rabaiss\u00e9es comptent parmi l&#039;un des nombreux types de fen\u00eatres pr\u00e9sents sur le march\u00e9.\" \/>\n<meta property=\"og:url\" content=\"https:\/\/www.mydemenageur.com\/blog\/fenetre-cintre-surbaisse\/\" \/>\n<meta property=\"og:site_name\" content=\"MyDemenageur\" \/>\n<meta property=\"article:publisher\" content=\"https:\/\/www.facebook.com\/mydemenageur\" \/>\n<meta property=\"article:published_time\" content=\"2022-01-28T10:40:51+00:00\" \/>\n<meta property=\"article:modified_time\" content=\"2022-05-21T10:24:05+00:00\" \/>\n<meta property=\"og:image\" content=\"https:\/\/www.mydemenageur.com\/blog\/wp-content\/uploads\/2022\/01\/Maison%20rouge%20avec%20une%20fe\u0302ntre.jpg\" \/>\n\t<meta property=\"og:image:width\" content=\"604\" \/>\n\t<meta property=\"og:image:height\" content=\"604\" \/>\n\t<meta property=\"og:image:type\" content=\"image\/jpeg\" \/>\n<meta name=\"author\" content=\"Mathilde\" \/>\n<meta name=\"twitter:card\" content=\"summary_large_image\" \/>\n<meta name=\"twitter:creator\" content=\"@mydemenageur\" \/>\n<meta name=\"twitter:site\" content=\"@mydemenageur\" \/>\n<meta name=\"twitter:label1\" content=\"\u00c9crit par\" \/>\n\t<meta name=\"twitter:data1\" content=\"Mathilde\" \/>\n\t<meta name=\"twitter:label2\" content=\"Dur\u00e9e de lecture estim\u00e9e\" \/>\n\t<meta name=\"twitter:data2\" content=\"2 minutes\" \/>\n<script type=\"application\/ld+json\" class=\"yoast-schema-graph\">{\"@context\":\"https:\/\/schema.org\",\"@graph\":[{\"@type\":\"Article\",\"@id\":\"https:\/\/www.mydemenageur.com\/blog\/fenetre-cintre-surbaisse\/#article\",\"isPartOf\":{\"@id\":\"https:\/\/www.mydemenageur.com\/blog\/fenetre-cintre-surbaisse\/\"},\"author\":{\"name\":\"Mathilde\",\"@id\":\"https:\/\/www.mydemenageur.com\/blog\/#\/schema\/person\/4540dc333c2e7dc790f0f7bcd5b99569\"},\"headline\":\"Les crit\u00e8res de choix des fen\u00eatres cintr\u00e9es surbaiss\u00e9es\",\"datePublished\":\"2022-01-28T10:40:51+00:00\",\"dateModified\":\"2022-05-21T10:24:05+00:00\",\"mainEntityOfPage\":{\"@id\":\"https:\/\/www.mydemenageur.com\/blog\/fenetre-cintre-surbaisse\/\"},\"wordCount\":481,\"publisher\":{\"@id\":\"https:\/\/www.mydemenageur.com\/blog\/#organization\"},\"image\":{\"@id\":\"https:\/\/www.mydemenageur.com\/blog\/fenetre-cintre-surbaisse\/#primaryimage\"},\"thumbnailUrl\":\"https:\/\/www.mydemenageur.com\/blog\/wp-content\/uploads\/2022\/01\/Maison rouge avec une fe\u0302ntre.jpg\",\"keywords\":[\"Immobilier\"],\"articleSection\":[\"Bricolage\"],\"inLanguage\":\"fr-FR\"},{\"@type\":\"WebPage\",\"@id\":\"https:\/\/www.mydemenageur.com\/blog\/fenetre-cintre-surbaisse\/\",\"url\":\"https:\/\/www.mydemenageur.com\/blog\/fenetre-cintre-surbaisse\/\",\"name\":\"Les fen\u00eatres cintr\u00e9es surbaiss\u00e9es : bien les choisir\",\"isPartOf\":{\"@id\":\"https:\/\/www.mydemenageur.com\/blog\/#website\"},\"primaryImageOfPage\":{\"@id\":\"https:\/\/www.mydemenageur.com\/blog\/fenetre-cintre-surbaisse\/#primaryimage\"},\"image\":{\"@id\":\"https:\/\/www.mydemenageur.com\/blog\/fenetre-cintre-surbaisse\/#primaryimage\"},\"thumbnailUrl\":\"https:\/\/www.mydemenageur.com\/blog\/wp-content\/uploads\/2022\/01\/Maison rouge avec une fe\u0302ntre.jpg\",\"datePublished\":\"2022-01-28T10:40:51+00:00\",\"dateModified\":\"2022-05-21T10:24:05+00:00\",\"description\":\"Les fen\u00eatres cintr\u00e9es rabaiss\u00e9es comptent parmi l'un des nombreux types de fen\u00eatres pr\u00e9sents sur le march\u00e9.\",\"breadcrumb\":{\"@id\":\"https:\/\/www.mydemenageur.com\/blog\/fenetre-cintre-surbaisse\/#breadcrumb\"},\"inLanguage\":\"fr-FR\",\"potentialAction\":[{\"@type\":\"ReadAction\",\"target\":[\"https:\/\/www.mydemenageur.com\/blog\/fenetre-cintre-surbaisse\/\"]}]},{\"@type\":\"ImageObject\",\"inLanguage\":\"fr-FR\",\"@id\":\"https:\/\/www.mydemenageur.com\/blog\/fenetre-cintre-surbaisse\/#primaryimage\",\"url\":\"https:\/\/www.mydemenageur.com\/blog\/wp-content\/uploads\/2022\/01\/Maison rouge avec une fe\u0302ntre.jpg\",\"contentUrl\":\"https:\/\/www.mydemenageur.com\/blog\/wp-content\/uploads\/2022\/01\/Maison rouge avec une fe\u0302ntre.jpg\",\"width\":604,\"height\":604,\"caption\":\"Maison rouge avec une fen\u00eatre\"},{\"@type\":\"BreadcrumbList\",\"@id\":\"https:\/\/www.mydemenageur.com\/blog\/fenetre-cintre-surbaisse\/#breadcrumb\",\"itemListElement\":[{\"@type\":\"ListItem\",\"position\":1,\"name\":\"Accueil\",\"item\":\"https:\/\/www.mydemenageur.com\/blog\/\"},{\"@type\":\"ListItem\",\"position\":2,\"name\":\"Bricolage\",\"item\":\"https:\/\/www.mydemenageur.com\/blog\/categorie\/bricolage\/\"},{\"@type\":\"ListItem\",\"position\":3,\"name\":\"Les crit\u00e8res de choix des fen\u00eatres cintr\u00e9es surbaiss\u00e9es\"}]},{\"@type\":\"WebSite\",\"@id\":\"https:\/\/www.mydemenageur.com\/blog\/#website\",\"url\":\"https:\/\/www.mydemenageur.com\/blog\/\",\"name\":\"MyDemenageur\",\"description\":\"Conseils d\u00e9m\u00e9ngement entre particuliers et d\u00e9m\u00e9nagement professionnel\",\"publisher\":{\"@id\":\"https:\/\/www.mydemenageur.com\/blog\/#organization\"},\"potentialAction\":[{\"@type\":\"SearchAction\",\"target\":{\"@type\":\"EntryPoint\",\"urlTemplate\":\"https:\/\/www.mydemenageur.com\/blog\/?s={search_term_string}\"},\"query-input\":{\"@type\":\"PropertyValueSpecification\",\"valueRequired\":true,\"valueName\":\"search_term_string\"}}],\"inLanguage\":\"fr-FR\"},{\"@type\":\"Organization\",\"@id\":\"https:\/\/www.mydemenageur.com\/blog\/#organization\",\"name\":\"MyDemenageur.com\",\"url\":\"https:\/\/www.mydemenageur.com\/blog\/\",\"logo\":{\"@type\":\"ImageObject\",\"inLanguage\":\"fr-FR\",\"@id\":\"https:\/\/www.mydemenageur.com\/blog\/#\/schema\/logo\/image\/\",\"url\":\"https:\/\/www.mydemenageur.com\/blog\/wp-content\/uploads\/2022\/05\/MyDemenageur_Symbol.jpg\",\"contentUrl\":\"https:\/\/www.mydemenageur.com\/blog\/wp-content\/uploads\/2022\/05\/MyDemenageur_Symbol.jpg\",\"width\":878,\"height\":877,\"caption\":\"MyDemenageur.com\"},\"image\":{\"@id\":\"https:\/\/www.mydemenageur.com\/blog\/#\/schema\/logo\/image\/\"},\"sameAs\":[\"https:\/\/www.facebook.com\/mydemenageur\",\"https:\/\/x.com\/mydemenageur\",\"https:\/\/www.pinterest.fr\/mydemenageur\/\"]},{\"@type\":\"Person\",\"@id\":\"https:\/\/www.mydemenageur.com\/blog\/#\/schema\/person\/4540dc333c2e7dc790f0f7bcd5b99569\",\"name\":\"Mathilde\",\"image\":{\"@type\":\"ImageObject\",\"inLanguage\":\"fr-FR\",\"@id\":\"https:\/\/www.mydemenageur.com\/blog\/#\/schema\/person\/image\/\",\"url\":\"https:\/\/secure.gravatar.com\/avatar\/abde069f6f70261ee6ecea93e0437d77?s=96&#038;r=g\",\"contentUrl\":\"https:\/\/secure.gravatar.com\/avatar\/abde069f6f70261ee6ecea93e0437d77?s=96&#038;r=g\",\"caption\":\"Mathilde\"},\"description\":\"L'harmonie des couleurs et des objets m'a toujours fascin\u00e9e, transformant chaque pi\u00e8ce en un lieu unique et agr\u00e9able \u00e0 vivre. Sur MyDemenageur, vous trouverez non seulement des inspirations personnelles, mais aussi des informations r\u00e9centes sur le monde de la d\u00e9coration, les projets de maison, le d\u00e9m\u00e9nagement et les travaux.\",\"url\":\"https:\/\/www.mydemenageur.com\/blog\/author\/mathilde\/\"}]}<\/script>\n<!-- \/ Yoast SEO Premium plugin. -->","yoast_head_json":{"title":"Les fen\u00eatres cintr\u00e9es surbaiss\u00e9es : bien les choisir","description":"Les fen\u00eatres cintr\u00e9es rabaiss\u00e9es comptent parmi l'un des nombreux types de fen\u00eatres pr\u00e9sents sur le march\u00e9.","robots":{"index":"index","follow":"follow","max-snippet":"max-snippet:-1","max-image-preview":"max-image-preview:large","max-video-preview":"max-video-preview:-1"},"canonical":"https:\/\/www.mydemenageur.com\/blog\/fenetre-cintre-surbaisse\/","og_locale":"fr_FR","og_type":"article","og_title":"Les crit\u00e8res de choix des fen\u00eatres cintr\u00e9es surbaiss\u00e9es","og_description":"Les fen\u00eatres cintr\u00e9es rabaiss\u00e9es comptent parmi l'un des nombreux types de fen\u00eatres pr\u00e9sents sur le march\u00e9.","og_url":"https:\/\/www.mydemenageur.com\/blog\/fenetre-cintre-surbaisse\/","og_site_name":"MyDemenageur","article_publisher":"https:\/\/www.facebook.com\/mydemenageur","article_published_time":"2022-01-28T10:40:51+00:00","article_modified_time":"2022-05-21T10:24:05+00:00","og_image":[{"width":604,"height":604,"url":"https:\/\/www.mydemenageur.com\/blog\/wp-content\/uploads\/2022\/01\/Maison rouge avec une fe\u0302ntre.jpg","type":"image\/jpeg"}],"author":"Mathilde","twitter_card":"summary_large_image","twitter_creator":"@mydemenageur","twitter_site":"@mydemenageur","twitter_misc":{"\u00c9crit par":"Mathilde","Dur\u00e9e de lecture estim\u00e9e":"2 minutes"},"schema":{"@context":"https:\/\/schema.org","@graph":[{"@type":"Article","@id":"https:\/\/www.mydemenageur.com\/blog\/fenetre-cintre-surbaisse\/#article","isPartOf":{"@id":"https:\/\/www.mydemenageur.com\/blog\/fenetre-cintre-surbaisse\/"},"author":{"name":"Mathilde","@id":"https:\/\/www.mydemenageur.com\/blog\/#\/schema\/person\/4540dc333c2e7dc790f0f7bcd5b99569"},"headline":"Les crit\u00e8res de choix des fen\u00eatres cintr\u00e9es surbaiss\u00e9es","datePublished":"2022-01-28T10:40:51+00:00","dateModified":"2022-05-21T10:24:05+00:00","mainEntityOfPage":{"@id":"https:\/\/www.mydemenageur.com\/blog\/fenetre-cintre-surbaisse\/"},"wordCount":481,"publisher":{"@id":"https:\/\/www.mydemenageur.com\/blog\/#organization"},"image":{"@id":"https:\/\/www.mydemenageur.com\/blog\/fenetre-cintre-surbaisse\/#primaryimage"},"thumbnailUrl":"https:\/\/www.mydemenageur.com\/blog\/wp-content\/uploads\/2022\/01\/Maison rouge avec une fe\u0302ntre.jpg","keywords":["Immobilier"],"articleSection":["Bricolage"],"inLanguage":"fr-FR"},{"@type":"WebPage","@id":"https:\/\/www.mydemenageur.com\/blog\/fenetre-cintre-surbaisse\/","url":"https:\/\/www.mydemenageur.com\/blog\/fenetre-cintre-surbaisse\/","name":"Les fen\u00eatres cintr\u00e9es surbaiss\u00e9es : bien les choisir","isPartOf":{"@id":"https:\/\/www.mydemenageur.com\/blog\/#website"},"primaryImageOfPage":{"@id":"https:\/\/www.mydemenageur.com\/blog\/fenetre-cintre-surbaisse\/#primaryimage"},"image":{"@id":"https:\/\/www.mydemenageur.com\/blog\/fenetre-cintre-surbaisse\/#primaryimage"},"thumbnailUrl":"https:\/\/www.mydemenageur.com\/blog\/wp-content\/uploads\/2022\/01\/Maison rouge avec une fe\u0302ntre.jpg","datePublished":"2022-01-28T10:40:51+00:00","dateModified":"2022-05-21T10:24:05+00:00","description":"Les fen\u00eatres cintr\u00e9es rabaiss\u00e9es comptent parmi l'un des nombreux types de fen\u00eatres pr\u00e9sents sur le march\u00e9.","breadcrumb":{"@id":"https:\/\/www.mydemenageur.com\/blog\/fenetre-cintre-surbaisse\/#breadcrumb"},"inLanguage":"fr-FR","potentialAction":[{"@type":"ReadAction","target":["https:\/\/www.mydemenageur.com\/blog\/fenetre-cintre-surbaisse\/"]}]},{"@type":"ImageObject","inLanguage":"fr-FR","@id":"https:\/\/www.mydemenageur.com\/blog\/fenetre-cintre-surbaisse\/#primaryimage","url":"https:\/\/www.mydemenageur.com\/blog\/wp-content\/uploads\/2022\/01\/Maison rouge avec une fe\u0302ntre.jpg","contentUrl":"https:\/\/www.mydemenageur.com\/blog\/wp-content\/uploads\/2022\/01\/Maison rouge avec une fe\u0302ntre.jpg","width":604,"height":604,"caption":"Maison rouge avec une fen\u00eatre"},{"@type":"BreadcrumbList","@id":"https:\/\/www.mydemenageur.com\/blog\/fenetre-cintre-surbaisse\/#breadcrumb","itemListElement":[{"@type":"ListItem","position":1,"name":"Accueil","item":"https:\/\/www.mydemenageur.com\/blog\/"},{"@type":"ListItem","position":2,"name":"Bricolage","item":"https:\/\/www.mydemenageur.com\/blog\/categorie\/bricolage\/"},{"@type":"ListItem","position":3,"name":"Les crit\u00e8res de choix des fen\u00eatres cintr\u00e9es surbaiss\u00e9es"}]},{"@type":"WebSite","@id":"https:\/\/www.mydemenageur.com\/blog\/#website","url":"https:\/\/www.mydemenageur.com\/blog\/","name":"MyDemenageur","description":"Conseils d\u00e9m\u00e9ngement entre particuliers et d\u00e9m\u00e9nagement professionnel","publisher":{"@id":"https:\/\/www.mydemenageur.com\/blog\/#organization"},"potentialAction":[{"@type":"SearchAction","target":{"@type":"EntryPoint","urlTemplate":"https:\/\/www.mydemenageur.com\/blog\/?s={search_term_string}"},"query-input":{"@type":"PropertyValueSpecification","valueRequired":true,"valueName":"search_term_string"}}],"inLanguage":"fr-FR"},{"@type":"Organization","@id":"https:\/\/www.mydemenageur.com\/blog\/#organization","name":"MyDemenageur.com","url":"https:\/\/www.mydemenageur.com\/blog\/","logo":{"@type":"ImageObject","inLanguage":"fr-FR","@id":"https:\/\/www.mydemenageur.com\/blog\/#\/schema\/logo\/image\/","url":"https:\/\/www.mydemenageur.com\/blog\/wp-content\/uploads\/2022\/05\/MyDemenageur_Symbol.jpg","contentUrl":"https:\/\/www.mydemenageur.com\/blog\/wp-content\/uploads\/2022\/05\/MyDemenageur_Symbol.jpg","width":878,"height":877,"caption":"MyDemenageur.com"},"image":{"@id":"https:\/\/www.mydemenageur.com\/blog\/#\/schema\/logo\/image\/"},"sameAs":["https:\/\/www.facebook.com\/mydemenageur","https:\/\/x.com\/mydemenageur","https:\/\/www.pinterest.fr\/mydemenageur\/"]},{"@type":"Person","@id":"https:\/\/www.mydemenageur.com\/blog\/#\/schema\/person\/4540dc333c2e7dc790f0f7bcd5b99569","name":"Mathilde","image":{"@type":"ImageObject","inLanguage":"fr-FR","@id":"https:\/\/www.mydemenageur.com\/blog\/#\/schema\/person\/image\/","url":"https:\/\/secure.gravatar.com\/avatar\/abde069f6f70261ee6ecea93e0437d77?s=96&#038;r=g","contentUrl":"https:\/\/secure.gravatar.com\/avatar\/abde069f6f70261ee6ecea93e0437d77?s=96&#038;r=g","caption":"Mathilde"},"description":"L'harmonie des couleurs et des objets m'a toujours fascin\u00e9e, transformant chaque pi\u00e8ce en un lieu unique et agr\u00e9able \u00e0 vivre. Sur MyDemenageur, vous trouverez non seulement des inspirations personnelles, mais aussi des informations r\u00e9centes sur le monde de la d\u00e9coration, les projets de maison, le d\u00e9m\u00e9nagement et les travaux.","url":"https:\/\/www.mydemenageur.com\/blog\/author\/mathilde\/"}]}},"modified_by":"MyDemenageur","_links":{"self":[{"href":"https:\/\/www.mydemenageur.com\/blog\/wp-json\/wp\/v2\/posts\/25971"}],"collection":[{"href":"https:\/\/www.mydemenageur.com\/blog\/wp-json\/wp\/v2\/posts"}],"about":[{"href":"https:\/\/www.mydemenageur.com\/blog\/wp-json\/wp\/v2\/types\/post"}],"author":[{"embeddable":true,"href":"https:\/\/www.mydemenageur.com\/blog\/wp-json\/wp\/v2\/users\/11"}],"replies":[{"embeddable":true,"href":"https:\/\/www.mydemenageur.com\/blog\/wp-json\/wp\/v2\/comments?post=25971"}],"version-history":[{"count":0,"href":"https:\/\/www.mydemenageur.com\/blog\/wp-json\/wp\/v2\/posts\/25971\/revisions"}],"wp:featuredmedia":[{"embeddable":true,"href":"https:\/\/www.mydemenageur.com\/blog\/wp-json\/wp\/v2\/media\/25940"}],"wp:attachment":[{"href":"https:\/\/www.mydemenageur.com\/blog\/wp-json\/wp\/v2\/media?parent=25971"}],"wp:term":[{"taxonomy":"category","embeddable":true,"href":"https:\/\/www.mydemenageur.com\/blog\/wp-json\/wp\/v2\/categories?post=25971"},{"taxonomy":"post_tag","embeddable":true,"href":"https:\/\/www.mydemenageur.com\/blog\/wp-json\/wp\/v2\/tags?post=25971"}],"curies":[{"name":"wp","href":"https:\/\/api.w.org\/{rel}","templated":true}]}}