{"id":25972,"date":"2022-01-28T10:40:51","date_gmt":"2022-01-28T10:40:51","guid":{"rendered":"https:\/\/www.mydemenageur.com\/blog\/?p=25972"},"modified":"2022-05-21T10:24:06","modified_gmt":"2022-05-21T10:24:06","slug":"fenetre-de-toit-plat","status":"publish","type":"post","link":"https:\/\/www.mydemenageur.com\/blog\/fenetre-de-toit-plat\/","title":{"rendered":"Quelles sont les caract\u00e9ristiques d\u2019une fen\u00eatre de toit plat ?"},"content":{"rendered":"<p>Les constructions \u00e0 toit plat sont de plus en plus appr\u00e9ci\u00e9es, cependant, elles ne permettent pas l\u2019installation des fen\u00eatres standard. Vous pouvez alors apporter une lumi\u00e8re naturelle \u00e0 vos espaces int\u00e9rieurs gr\u00e2ce \u00e0 une <strong>fen\u00eatre pour toit plat<\/strong>. Ce dernier poss\u00e8de ses propres particularit\u00e9s, prix et fonctionnement. Pour en savoir davantage sur le sujet, lisez ce qui suit.<\/p>\n<div id=\"ez-toc-container\" class=\"ez-toc-v2_0_82_2 counter-hierarchy ez-toc-counter ez-toc-custom ez-toc-container-direction\">\n<div class=\"ez-toc-title-container\">\n<p class=\"ez-toc-title\" style=\"cursor:inherit\">Ce que vous allez apprendre<\/p>\n<span class=\"ez-toc-title-toggle\"><\/span><\/div>\n<nav><ul class='ez-toc-list ez-toc-list-level-1 ' ><li class='ez-toc-page-1 ez-toc-heading-level-2'><a class=\"ez-toc-link ez-toc-heading-1\" href=\"https:\/\/www.mydemenageur.com\/blog\/fenetre-de-toit-plat\/#caracteristiques-des-fenetres-de-toit-plat\" >Caract\u00e9ristiques des fen\u00eatres de toit plat<\/a><\/li><li class='ez-toc-page-1 ez-toc-heading-level-2'><a class=\"ez-toc-link ez-toc-heading-2\" href=\"https:\/\/www.mydemenageur.com\/blog\/fenetre-de-toit-plat\/#quels-sont-les-types-de-vitrage-et-les-specificites-dune-fenetre-de-toit-plat\" >Quels sont les types de vitrage et les sp\u00e9cificit\u00e9s d\u2019une fen\u00eatre de toit plat ?<\/a><\/li><\/ul><\/nav><\/div>\n<h2><span class=\"ez-toc-section\" id=\"caracteristiques-des-fenetres-de-toit-plat\"><\/span>Caract\u00e9ristiques des fen\u00eatres de toit plat<span class=\"ez-toc-section-end\"><\/span><\/h2>\n<p>Il existe plusieurs <a href=\"https:\/\/www.mydemenageur.com\/blog\/type-de-fenetre\">types de fen\u00eatres<\/a>, chacun poss\u00e8de ses propres avantages et inconv\u00e9nients. Qu\u2019il s&rsquo;agisse <a href=\"https:\/\/www.mydemenageur.com\/blog\/fenetre-en-arc\">d\u2019une fen\u00eatre en arc<\/a> pour l\u2019ajout d\u2019un aspect esth\u00e9tique,<a href=\"https:\/\/www.mydemenageur.com\/blog\/fenetre-rectangulaire\"> d&rsquo;une fen\u00eatre rectangulaire<\/a>, d&rsquo;une fen\u00eatre fixe, d&rsquo;<a href=\"https:\/\/www.mydemenageur.com\/blog\/fenetre-avec-imposte\">une <strong>fen\u00eatre avec imposte<\/strong><\/a> ou <a href=\"https:\/\/www.mydemenageur.com\/blog\/fenetre-cintree\">cintr\u00e9e,<\/a> le plus important, c\u2019est de profiter de beaucoup plus de lumi\u00e8re.<br \/>\nLa fen\u00eatre pour toit plat procure en effet, une meilleure source de lumi\u00e8re. Pour les occupants d\u2019un <strong>logement \u00e0 toit plat<\/strong>, cela doit \u00eatre un v\u00e9ritable confort. Elle :<\/p>\n<ul>\n<li>Est caract\u00e9ris\u00e9e par l&rsquo;installation sur un toit \u00e0 pente variante entre 2 et 15\u00b0 ou plat ;<\/li>\n<li>Apporte la lumi\u00e8re tout comme une fen\u00eatre standard ;<\/li>\n<li>Apporte une haute performance en termes d\u2019isolation phonique et thermique ;<\/li>\n<li>Permet la ventilation de la pi\u00e8ce ;<\/li>\n<li>Contient un <strong>dormant compatible avec un toit plat<\/strong>.<\/li>\n<\/ul>\n<p>Le dormant poss\u00e8de des profil\u00e9s sp\u00e9ciaux qui peuvent \u00e9voluer selon la surface vitr\u00e9e et les fabricants. Ils permettent de faciliter la <strong>pose de la fen\u00eatre de toit plat<\/strong>.<\/p>\n<h2><span class=\"ez-toc-section\" id=\"quels-sont-les-types-de-vitrage-et-les-specificites-dune-fenetre-de-toit-plat\"><\/span>Quels sont les types de vitrage et les sp\u00e9cificit\u00e9s d\u2019une fen\u00eatre de toit plat ?<span class=\"ez-toc-section-end\"><\/span><\/h2>\n<p>Vous pouvez trouver une fen\u00eatre de toit plat en plusieurs<strong> types de vitrages <\/strong>tout comme une fen\u00eatre standard. Elle est disponible en :<\/p>\n<ul>\n<li>Vitrage anti-effraction s\u00e9curit\u00e9 ;<\/li>\n<li>Double vitrage ;<\/li>\n<li>Triple vitrage ;<\/li>\n<li>Quadruple vitrage.<\/li>\n<\/ul>\n<p>La fen\u00eatre est \u00e9quip\u00e9e de plusieurs \u00e9l\u00e9ments pour respecter le sommeil de chacun :<\/p>\n<ul>\n<li>Un store int\u00e9rieur manuel ;<\/li>\n<li>Un pare-soleil ext\u00e9rieur pour limiter la surchauffe ;<\/li>\n<li>Un <strong>store int\u00e9rieur \u00e9lectrique<\/strong> ;<\/li>\n<\/ul>\n<p>Vous pouvez trouver les stores dans une vaste gamme de coloris. Vous pouvez \u00e9galement cr\u00e9er une harmonie parfaite avec votre <strong>d\u00e9coration int\u00e9rieure<\/strong>. Pour la pose ou l&rsquo;installation de ce type de fen\u00eatre, demandez l\u2019aide d\u2019un professionnel qualifi\u00e9 dans les fen\u00eatres et les baies vitr\u00e9es ou dans la fen\u00eatre de toit plat, il peut vous aider \u00e0 faire votre choix.<\/p>\n<p>Avec deux positions d&rsquo;ouverture manuelle, le <strong>prix d\u2019une fen\u00eatre de toit plat<\/strong> oscille entre 70 et 90 euros. Un budget sup\u00e9rieur est exig\u00e9 pour un mod\u00e8le plus sophistiqu\u00e9 poss\u00e9dant un d\u00e9tecteur de pluie. Ce budget peut atteindre 300 euros pour seulement des petites dimensions.<\/p>\n","protected":false},"excerpt":{"rendered":"<p>Les constructions \u00e0 toit plat sont de plus en plus appr\u00e9ci\u00e9es, cependant, elles ne permettent pas l\u2019installation des fen\u00eatres standard.<\/p>\n","protected":false},"author":11,"featured_media":25941,"comment_status":"closed","ping_status":"closed","sticky":false,"template":"","format":"standard","meta":{"_lmt_disableupdate":"","_lmt_disable":"","footnotes":""},"categories":[22],"tags":[114],"yoast_head":"<!-- This site is optimized with the Yoast SEO Premium plugin v24.2 (Yoast SEO v24.5) - https:\/\/yoast.com\/wordpress\/plugins\/seo\/ -->\n<title>Fen\u00eatres de toit plat : pour profiter d&#039;une lumi\u00e8re naturelle<\/title>\n<meta name=\"description\" content=\"Fen\u00eatres de toit plat : Avantages et inconv\u00e9nients. Renseignez vous d\u00e8s maintenant sur l&#039;\u00e9paisseur de vos fen\u00eatres de toit.\" \/>\n<meta name=\"robots\" content=\"index, follow, max-snippet:-1, max-image-preview:large, max-video-preview:-1\" \/>\n<link rel=\"canonical\" href=\"https:\/\/www.mydemenageur.com\/blog\/fenetre-de-toit-plat\/\" \/>\n<meta property=\"og:locale\" content=\"fr_FR\" \/>\n<meta property=\"og:type\" content=\"article\" \/>\n<meta property=\"og:title\" content=\"Quelles sont les caract\u00e9ristiques d\u2019une fen\u00eatre de toit plat ?\" \/>\n<meta property=\"og:description\" content=\"Fen\u00eatres de toit plat : Avantages et inconv\u00e9nients. Renseignez vous d\u00e8s maintenant sur l&#039;\u00e9paisseur de vos fen\u00eatres de toit.\" \/>\n<meta property=\"og:url\" content=\"https:\/\/www.mydemenageur.com\/blog\/fenetre-de-toit-plat\/\" \/>\n<meta property=\"og:site_name\" content=\"MyDemenageur\" \/>\n<meta property=\"article:publisher\" content=\"https:\/\/www.facebook.com\/mydemenageur\" \/>\n<meta property=\"article:published_time\" content=\"2022-01-28T10:40:51+00:00\" \/>\n<meta property=\"article:modified_time\" content=\"2022-05-21T10:24:06+00:00\" \/>\n<meta property=\"og:image\" content=\"https:\/\/www.mydemenageur.com\/blog\/wp-content\/uploads\/2022\/01\/Nettoyer%20une%20fe\u0302tre.jpg\" \/>\n\t<meta property=\"og:image:width\" content=\"640\" \/>\n\t<meta property=\"og:image:height\" content=\"427\" \/>\n\t<meta property=\"og:image:type\" content=\"image\/jpeg\" \/>\n<meta name=\"author\" content=\"Mathilde\" \/>\n<meta name=\"twitter:card\" content=\"summary_large_image\" \/>\n<meta name=\"twitter:creator\" content=\"@mydemenageur\" \/>\n<meta name=\"twitter:site\" content=\"@mydemenageur\" \/>\n<meta name=\"twitter:label1\" content=\"\u00c9crit par\" \/>\n\t<meta name=\"twitter:data1\" content=\"Mathilde\" \/>\n\t<meta name=\"twitter:label2\" content=\"Dur\u00e9e de lecture estim\u00e9e\" \/>\n\t<meta name=\"twitter:data2\" content=\"3 minutes\" \/>\n<script type=\"application\/ld+json\" class=\"yoast-schema-graph\">{\"@context\":\"https:\/\/schema.org\",\"@graph\":[{\"@type\":\"Article\",\"@id\":\"https:\/\/www.mydemenageur.com\/blog\/fenetre-de-toit-plat\/#article\",\"isPartOf\":{\"@id\":\"https:\/\/www.mydemenageur.com\/blog\/fenetre-de-toit-plat\/\"},\"author\":{\"name\":\"Mathilde\",\"@id\":\"https:\/\/www.mydemenageur.com\/blog\/#\/schema\/person\/4540dc333c2e7dc790f0f7bcd5b99569\"},\"headline\":\"Quelles sont les caract\u00e9ristiques d\u2019une fen\u00eatre de toit plat ?\",\"datePublished\":\"2022-01-28T10:40:51+00:00\",\"dateModified\":\"2022-05-21T10:24:06+00:00\",\"mainEntityOfPage\":{\"@id\":\"https:\/\/www.mydemenageur.com\/blog\/fenetre-de-toit-plat\/\"},\"wordCount\":469,\"publisher\":{\"@id\":\"https:\/\/www.mydemenageur.com\/blog\/#organization\"},\"image\":{\"@id\":\"https:\/\/www.mydemenageur.com\/blog\/fenetre-de-toit-plat\/#primaryimage\"},\"thumbnailUrl\":\"https:\/\/www.mydemenageur.com\/blog\/wp-content\/uploads\/2022\/01\/Nettoyer une fe\u0302tre.jpg\",\"keywords\":[\"Am\u00e9nagement\"],\"articleSection\":[\"Bricolage\"],\"inLanguage\":\"fr-FR\"},{\"@type\":\"WebPage\",\"@id\":\"https:\/\/www.mydemenageur.com\/blog\/fenetre-de-toit-plat\/\",\"url\":\"https:\/\/www.mydemenageur.com\/blog\/fenetre-de-toit-plat\/\",\"name\":\"Fen\u00eatres de toit plat : pour profiter d'une lumi\u00e8re naturelle\",\"isPartOf\":{\"@id\":\"https:\/\/www.mydemenageur.com\/blog\/#website\"},\"primaryImageOfPage\":{\"@id\":\"https:\/\/www.mydemenageur.com\/blog\/fenetre-de-toit-plat\/#primaryimage\"},\"image\":{\"@id\":\"https:\/\/www.mydemenageur.com\/blog\/fenetre-de-toit-plat\/#primaryimage\"},\"thumbnailUrl\":\"https:\/\/www.mydemenageur.com\/blog\/wp-content\/uploads\/2022\/01\/Nettoyer une fe\u0302tre.jpg\",\"datePublished\":\"2022-01-28T10:40:51+00:00\",\"dateModified\":\"2022-05-21T10:24:06+00:00\",\"description\":\"Fen\u00eatres de toit plat : Avantages et inconv\u00e9nients. Renseignez vous d\u00e8s maintenant sur l'\u00e9paisseur de vos fen\u00eatres de toit.\",\"breadcrumb\":{\"@id\":\"https:\/\/www.mydemenageur.com\/blog\/fenetre-de-toit-plat\/#breadcrumb\"},\"inLanguage\":\"fr-FR\",\"potentialAction\":[{\"@type\":\"ReadAction\",\"target\":[\"https:\/\/www.mydemenageur.com\/blog\/fenetre-de-toit-plat\/\"]}]},{\"@type\":\"ImageObject\",\"inLanguage\":\"fr-FR\",\"@id\":\"https:\/\/www.mydemenageur.com\/blog\/fenetre-de-toit-plat\/#primaryimage\",\"url\":\"https:\/\/www.mydemenageur.com\/blog\/wp-content\/uploads\/2022\/01\/Nettoyer une fe\u0302tre.jpg\",\"contentUrl\":\"https:\/\/www.mydemenageur.com\/blog\/wp-content\/uploads\/2022\/01\/Nettoyer une fe\u0302tre.jpg\",\"width\":640,\"height\":427,\"caption\":\"Nettoyer une fen\u00eatre\"},{\"@type\":\"BreadcrumbList\",\"@id\":\"https:\/\/www.mydemenageur.com\/blog\/fenetre-de-toit-plat\/#breadcrumb\",\"itemListElement\":[{\"@type\":\"ListItem\",\"position\":1,\"name\":\"Accueil\",\"item\":\"https:\/\/www.mydemenageur.com\/blog\/\"},{\"@type\":\"ListItem\",\"position\":2,\"name\":\"Bricolage\",\"item\":\"https:\/\/www.mydemenageur.com\/blog\/categorie\/bricolage\/\"},{\"@type\":\"ListItem\",\"position\":3,\"name\":\"Quelles sont les caract\u00e9ristiques d\u2019une fen\u00eatre de toit plat ?\"}]},{\"@type\":\"WebSite\",\"@id\":\"https:\/\/www.mydemenageur.com\/blog\/#website\",\"url\":\"https:\/\/www.mydemenageur.com\/blog\/\",\"name\":\"MyDemenageur\",\"description\":\"Conseils d\u00e9m\u00e9ngement entre particuliers et d\u00e9m\u00e9nagement professionnel\",\"publisher\":{\"@id\":\"https:\/\/www.mydemenageur.com\/blog\/#organization\"},\"potentialAction\":[{\"@type\":\"SearchAction\",\"target\":{\"@type\":\"EntryPoint\",\"urlTemplate\":\"https:\/\/www.mydemenageur.com\/blog\/?s={search_term_string}\"},\"query-input\":{\"@type\":\"PropertyValueSpecification\",\"valueRequired\":true,\"valueName\":\"search_term_string\"}}],\"inLanguage\":\"fr-FR\"},{\"@type\":\"Organization\",\"@id\":\"https:\/\/www.mydemenageur.com\/blog\/#organization\",\"name\":\"MyDemenageur.com\",\"url\":\"https:\/\/www.mydemenageur.com\/blog\/\",\"logo\":{\"@type\":\"ImageObject\",\"inLanguage\":\"fr-FR\",\"@id\":\"https:\/\/www.mydemenageur.com\/blog\/#\/schema\/logo\/image\/\",\"url\":\"https:\/\/www.mydemenageur.com\/blog\/wp-content\/uploads\/2022\/05\/MyDemenageur_Symbol.jpg\",\"contentUrl\":\"https:\/\/www.mydemenageur.com\/blog\/wp-content\/uploads\/2022\/05\/MyDemenageur_Symbol.jpg\",\"width\":878,\"height\":877,\"caption\":\"MyDemenageur.com\"},\"image\":{\"@id\":\"https:\/\/www.mydemenageur.com\/blog\/#\/schema\/logo\/image\/\"},\"sameAs\":[\"https:\/\/www.facebook.com\/mydemenageur\",\"https:\/\/x.com\/mydemenageur\",\"https:\/\/www.pinterest.fr\/mydemenageur\/\"]},{\"@type\":\"Person\",\"@id\":\"https:\/\/www.mydemenageur.com\/blog\/#\/schema\/person\/4540dc333c2e7dc790f0f7bcd5b99569\",\"name\":\"Mathilde\",\"image\":{\"@type\":\"ImageObject\",\"inLanguage\":\"fr-FR\",\"@id\":\"https:\/\/www.mydemenageur.com\/blog\/#\/schema\/person\/image\/\",\"url\":\"https:\/\/secure.gravatar.com\/avatar\/abde069f6f70261ee6ecea93e0437d77?s=96&#038;r=g\",\"contentUrl\":\"https:\/\/secure.gravatar.com\/avatar\/abde069f6f70261ee6ecea93e0437d77?s=96&#038;r=g\",\"caption\":\"Mathilde\"},\"description\":\"L'harmonie des couleurs et des objets m'a toujours fascin\u00e9e, transformant chaque pi\u00e8ce en un lieu unique et agr\u00e9able \u00e0 vivre. Sur MyDemenageur, vous trouverez non seulement des inspirations personnelles, mais aussi des informations r\u00e9centes sur le monde de la d\u00e9coration, les projets de maison, le d\u00e9m\u00e9nagement et les travaux.\",\"url\":\"https:\/\/www.mydemenageur.com\/blog\/author\/mathilde\/\"}]}<\/script>\n<!-- \/ Yoast SEO Premium plugin. -->","yoast_head_json":{"title":"Fen\u00eatres de toit plat : pour profiter d'une lumi\u00e8re naturelle","description":"Fen\u00eatres de toit plat : Avantages et inconv\u00e9nients. Renseignez vous d\u00e8s maintenant sur l'\u00e9paisseur de vos fen\u00eatres de toit.","robots":{"index":"index","follow":"follow","max-snippet":"max-snippet:-1","max-image-preview":"max-image-preview:large","max-video-preview":"max-video-preview:-1"},"canonical":"https:\/\/www.mydemenageur.com\/blog\/fenetre-de-toit-plat\/","og_locale":"fr_FR","og_type":"article","og_title":"Quelles sont les caract\u00e9ristiques d\u2019une fen\u00eatre de toit plat ?","og_description":"Fen\u00eatres de toit plat : Avantages et inconv\u00e9nients. Renseignez vous d\u00e8s maintenant sur l'\u00e9paisseur de vos fen\u00eatres de toit.","og_url":"https:\/\/www.mydemenageur.com\/blog\/fenetre-de-toit-plat\/","og_site_name":"MyDemenageur","article_publisher":"https:\/\/www.facebook.com\/mydemenageur","article_published_time":"2022-01-28T10:40:51+00:00","article_modified_time":"2022-05-21T10:24:06+00:00","og_image":[{"width":640,"height":427,"url":"https:\/\/www.mydemenageur.com\/blog\/wp-content\/uploads\/2022\/01\/Nettoyer une fe\u0302tre.jpg","type":"image\/jpeg"}],"author":"Mathilde","twitter_card":"summary_large_image","twitter_creator":"@mydemenageur","twitter_site":"@mydemenageur","twitter_misc":{"\u00c9crit par":"Mathilde","Dur\u00e9e de lecture estim\u00e9e":"3 minutes"},"schema":{"@context":"https:\/\/schema.org","@graph":[{"@type":"Article","@id":"https:\/\/www.mydemenageur.com\/blog\/fenetre-de-toit-plat\/#article","isPartOf":{"@id":"https:\/\/www.mydemenageur.com\/blog\/fenetre-de-toit-plat\/"},"author":{"name":"Mathilde","@id":"https:\/\/www.mydemenageur.com\/blog\/#\/schema\/person\/4540dc333c2e7dc790f0f7bcd5b99569"},"headline":"Quelles sont les caract\u00e9ristiques d\u2019une fen\u00eatre de toit plat ?","datePublished":"2022-01-28T10:40:51+00:00","dateModified":"2022-05-21T10:24:06+00:00","mainEntityOfPage":{"@id":"https:\/\/www.mydemenageur.com\/blog\/fenetre-de-toit-plat\/"},"wordCount":469,"publisher":{"@id":"https:\/\/www.mydemenageur.com\/blog\/#organization"},"image":{"@id":"https:\/\/www.mydemenageur.com\/blog\/fenetre-de-toit-plat\/#primaryimage"},"thumbnailUrl":"https:\/\/www.mydemenageur.com\/blog\/wp-content\/uploads\/2022\/01\/Nettoyer une fe\u0302tre.jpg","keywords":["Am\u00e9nagement"],"articleSection":["Bricolage"],"inLanguage":"fr-FR"},{"@type":"WebPage","@id":"https:\/\/www.mydemenageur.com\/blog\/fenetre-de-toit-plat\/","url":"https:\/\/www.mydemenageur.com\/blog\/fenetre-de-toit-plat\/","name":"Fen\u00eatres de toit plat : pour profiter d'une lumi\u00e8re naturelle","isPartOf":{"@id":"https:\/\/www.mydemenageur.com\/blog\/#website"},"primaryImageOfPage":{"@id":"https:\/\/www.mydemenageur.com\/blog\/fenetre-de-toit-plat\/#primaryimage"},"image":{"@id":"https:\/\/www.mydemenageur.com\/blog\/fenetre-de-toit-plat\/#primaryimage"},"thumbnailUrl":"https:\/\/www.mydemenageur.com\/blog\/wp-content\/uploads\/2022\/01\/Nettoyer une fe\u0302tre.jpg","datePublished":"2022-01-28T10:40:51+00:00","dateModified":"2022-05-21T10:24:06+00:00","description":"Fen\u00eatres de toit plat : Avantages et inconv\u00e9nients. Renseignez vous d\u00e8s maintenant sur l'\u00e9paisseur de vos fen\u00eatres de toit.","breadcrumb":{"@id":"https:\/\/www.mydemenageur.com\/blog\/fenetre-de-toit-plat\/#breadcrumb"},"inLanguage":"fr-FR","potentialAction":[{"@type":"ReadAction","target":["https:\/\/www.mydemenageur.com\/blog\/fenetre-de-toit-plat\/"]}]},{"@type":"ImageObject","inLanguage":"fr-FR","@id":"https:\/\/www.mydemenageur.com\/blog\/fenetre-de-toit-plat\/#primaryimage","url":"https:\/\/www.mydemenageur.com\/blog\/wp-content\/uploads\/2022\/01\/Nettoyer une fe\u0302tre.jpg","contentUrl":"https:\/\/www.mydemenageur.com\/blog\/wp-content\/uploads\/2022\/01\/Nettoyer une fe\u0302tre.jpg","width":640,"height":427,"caption":"Nettoyer une fen\u00eatre"},{"@type":"BreadcrumbList","@id":"https:\/\/www.mydemenageur.com\/blog\/fenetre-de-toit-plat\/#breadcrumb","itemListElement":[{"@type":"ListItem","position":1,"name":"Accueil","item":"https:\/\/www.mydemenageur.com\/blog\/"},{"@type":"ListItem","position":2,"name":"Bricolage","item":"https:\/\/www.mydemenageur.com\/blog\/categorie\/bricolage\/"},{"@type":"ListItem","position":3,"name":"Quelles sont les caract\u00e9ristiques d\u2019une fen\u00eatre de toit plat ?"}]},{"@type":"WebSite","@id":"https:\/\/www.mydemenageur.com\/blog\/#website","url":"https:\/\/www.mydemenageur.com\/blog\/","name":"MyDemenageur","description":"Conseils d\u00e9m\u00e9ngement entre particuliers et d\u00e9m\u00e9nagement professionnel","publisher":{"@id":"https:\/\/www.mydemenageur.com\/blog\/#organization"},"potentialAction":[{"@type":"SearchAction","target":{"@type":"EntryPoint","urlTemplate":"https:\/\/www.mydemenageur.com\/blog\/?s={search_term_string}"},"query-input":{"@type":"PropertyValueSpecification","valueRequired":true,"valueName":"search_term_string"}}],"inLanguage":"fr-FR"},{"@type":"Organization","@id":"https:\/\/www.mydemenageur.com\/blog\/#organization","name":"MyDemenageur.com","url":"https:\/\/www.mydemenageur.com\/blog\/","logo":{"@type":"ImageObject","inLanguage":"fr-FR","@id":"https:\/\/www.mydemenageur.com\/blog\/#\/schema\/logo\/image\/","url":"https:\/\/www.mydemenageur.com\/blog\/wp-content\/uploads\/2022\/05\/MyDemenageur_Symbol.jpg","contentUrl":"https:\/\/www.mydemenageur.com\/blog\/wp-content\/uploads\/2022\/05\/MyDemenageur_Symbol.jpg","width":878,"height":877,"caption":"MyDemenageur.com"},"image":{"@id":"https:\/\/www.mydemenageur.com\/blog\/#\/schema\/logo\/image\/"},"sameAs":["https:\/\/www.facebook.com\/mydemenageur","https:\/\/x.com\/mydemenageur","https:\/\/www.pinterest.fr\/mydemenageur\/"]},{"@type":"Person","@id":"https:\/\/www.mydemenageur.com\/blog\/#\/schema\/person\/4540dc333c2e7dc790f0f7bcd5b99569","name":"Mathilde","image":{"@type":"ImageObject","inLanguage":"fr-FR","@id":"https:\/\/www.mydemenageur.com\/blog\/#\/schema\/person\/image\/","url":"https:\/\/secure.gravatar.com\/avatar\/abde069f6f70261ee6ecea93e0437d77?s=96&#038;r=g","contentUrl":"https:\/\/secure.gravatar.com\/avatar\/abde069f6f70261ee6ecea93e0437d77?s=96&#038;r=g","caption":"Mathilde"},"description":"L'harmonie des couleurs et des objets m'a toujours fascin\u00e9e, transformant chaque pi\u00e8ce en un lieu unique et agr\u00e9able \u00e0 vivre. Sur MyDemenageur, vous trouverez non seulement des inspirations personnelles, mais aussi des informations r\u00e9centes sur le monde de la d\u00e9coration, les projets de maison, le d\u00e9m\u00e9nagement et les travaux.","url":"https:\/\/www.mydemenageur.com\/blog\/author\/mathilde\/"}]}},"modified_by":"MyDemenageur","_links":{"self":[{"href":"https:\/\/www.mydemenageur.com\/blog\/wp-json\/wp\/v2\/posts\/25972"}],"collection":[{"href":"https:\/\/www.mydemenageur.com\/blog\/wp-json\/wp\/v2\/posts"}],"about":[{"href":"https:\/\/www.mydemenageur.com\/blog\/wp-json\/wp\/v2\/types\/post"}],"author":[{"embeddable":true,"href":"https:\/\/www.mydemenageur.com\/blog\/wp-json\/wp\/v2\/users\/11"}],"replies":[{"embeddable":true,"href":"https:\/\/www.mydemenageur.com\/blog\/wp-json\/wp\/v2\/comments?post=25972"}],"version-history":[{"count":0,"href":"https:\/\/www.mydemenageur.com\/blog\/wp-json\/wp\/v2\/posts\/25972\/revisions"}],"wp:featuredmedia":[{"embeddable":true,"href":"https:\/\/www.mydemenageur.com\/blog\/wp-json\/wp\/v2\/media\/25941"}],"wp:attachment":[{"href":"https:\/\/www.mydemenageur.com\/blog\/wp-json\/wp\/v2\/media?parent=25972"}],"wp:term":[{"taxonomy":"category","embeddable":true,"href":"https:\/\/www.mydemenageur.com\/blog\/wp-json\/wp\/v2\/categories?post=25972"},{"taxonomy":"post_tag","embeddable":true,"href":"https:\/\/www.mydemenageur.com\/blog\/wp-json\/wp\/v2\/tags?post=25972"}],"curies":[{"name":"wp","href":"https:\/\/api.w.org\/{rel}","templated":true}]}}