{"id":26046,"date":"2022-06-16T22:00:09","date_gmt":"2022-06-16T22:00:09","guid":{"rendered":"https:\/\/www.mydemenageur.com\/blog\/?p=26046"},"modified":"2023-09-14T13:16:51","modified_gmt":"2023-09-14T13:16:51","slug":"maprimerenov","status":"publish","type":"post","link":"https:\/\/www.mydemenageur.com\/blog\/maprimerenov\/","title":{"rendered":"MaPrimeR\u00e9nov : on vous en parle, nos conseils, nos astuces pour b\u00e9n\u00e9ficier de l&rsquo;aide."},"content":{"rendered":"<p>Plusieurs aides sont propos\u00e9es par l\u2019\u00c9tat pour favoriser la r\u00e9novation \u00e9nerg\u00e9tique. Elles sont disponibles pour les bailleurs sociaux et les particuliers. Outre l\u2019aide CEE, l\u2019\u00e9co pr\u00eat \u00e0 taux z\u00e9ro et l\u2019aide Habiter Mieux S\u00e9r\u00e9nit\u00e9, MaPrimeR\u00e9nov est une aide con\u00e7ue pour le financement des projets de <strong>r\u00e9novation \u00e9nerg\u00e9tique<\/strong> dans les habitations.<\/p>\n<p>C\u2019est un remplacement pour le dispositif <strong>Habiter Mieux Agilit\u00e9<\/strong> et le Cr\u00e9dit d&rsquo;imp\u00f4t pour la transition \u00e9nerg\u00e9tique. Pour en savoir plus sur<strong> l&rsquo;aide MaPrimeR\u00e9nov<\/strong>, poursuivez votre lecture.<\/p>\n<div id=\"ez-toc-container\" class=\"ez-toc-v2_0_82_2 counter-hierarchy ez-toc-counter ez-toc-custom ez-toc-container-direction\">\n<div class=\"ez-toc-title-container\">\n<p class=\"ez-toc-title\" style=\"cursor:inherit\">Ce que vous allez apprendre<\/p>\n<span class=\"ez-toc-title-toggle\"><\/span><\/div>\n<nav><ul class='ez-toc-list ez-toc-list-level-1 ' ><li class='ez-toc-page-1 ez-toc-heading-level-2'><a class=\"ez-toc-link ez-toc-heading-1\" href=\"https:\/\/www.mydemenageur.com\/blog\/maprimerenov\/#pourquoi-realiser-des-travaux-de-renovation-energetique\" >Pourquoi r\u00e9aliser des travaux de r\u00e9novation \u00e9nerg\u00e9tique ?<\/a><ul class='ez-toc-list-level-3' ><li class='ez-toc-heading-level-3'><a class=\"ez-toc-link ez-toc-heading-2\" href=\"https:\/\/www.mydemenageur.com\/blog\/maprimerenov\/#le-gain-denergie\" >Le gain d&rsquo;\u00e9nergie<\/a><\/li><li class='ez-toc-page-1 ez-toc-heading-level-3'><a class=\"ez-toc-link ez-toc-heading-3\" href=\"https:\/\/www.mydemenageur.com\/blog\/maprimerenov\/#le-gain-de-confort\" >Le gain de confort<\/a><\/li><li class='ez-toc-page-1 ez-toc-heading-level-3'><a class=\"ez-toc-link ez-toc-heading-4\" href=\"https:\/\/www.mydemenageur.com\/blog\/maprimerenov\/#augmenter-la-valeur-de-lhabitation\" >Augmenter la valeur de l\u2019habitation<\/a><\/li><li class='ez-toc-page-1 ez-toc-heading-level-3'><a class=\"ez-toc-link ez-toc-heading-5\" href=\"https:\/\/www.mydemenageur.com\/blog\/maprimerenov\/#lavantage-financier\" >L\u2019avantage financier<\/a><\/li><\/ul><\/li><li class='ez-toc-page-1 ez-toc-heading-level-2'><a class=\"ez-toc-link ez-toc-heading-6\" href=\"https:\/\/www.mydemenageur.com\/blog\/maprimerenov\/#les-aides-auxquelles-vous-pouvez-pretendre-pour-la-renovation-energetique\" >Les aides auxquelles vous pouvez pr\u00e9tendre pour la r\u00e9novation \u00e9nerg\u00e9tique<\/a><ul class='ez-toc-list-level-3' ><li class='ez-toc-heading-level-3'><a class=\"ez-toc-link ez-toc-heading-7\" href=\"https:\/\/www.mydemenageur.com\/blog\/maprimerenov\/#habiter-mieux-serenite-de-lanah\" >Habiter Mieux S\u00e9r\u00e9nit\u00e9 de l\u2019Anah<\/a><\/li><li class='ez-toc-page-1 ez-toc-heading-level-3'><a class=\"ez-toc-link ez-toc-heading-8\" href=\"https:\/\/www.mydemenageur.com\/blog\/maprimerenov\/#laide-coup-de-pouce-economies-denergie\" >L\u2019aide Coup de pouce \u00e9conomies d&rsquo;\u00e9nergie<\/a><\/li><li class='ez-toc-page-1 ez-toc-heading-level-3'><a class=\"ez-toc-link ez-toc-heading-9\" href=\"https:\/\/www.mydemenageur.com\/blog\/maprimerenov\/#eco-pret-a-taux-zero\" >\u00c9co pr\u00eat \u00e0 taux z\u00e9ro<\/a><\/li><\/ul><\/li><li class='ez-toc-page-1 ez-toc-heading-level-2'><a class=\"ez-toc-link ez-toc-heading-10\" href=\"https:\/\/www.mydemenageur.com\/blog\/maprimerenov\/#quest-ce-que-laide-maprimerenov\" >Qu&rsquo;est-ce que l&rsquo;aide MaPrimeR\u00e9nov ?<\/a><\/li><li class='ez-toc-page-1 ez-toc-heading-level-2'><a class=\"ez-toc-link ez-toc-heading-11\" href=\"https:\/\/www.mydemenageur.com\/blog\/maprimerenov\/#qui-pourra-beneficier-de-la-prime-a-la-renovation-2022\" >Qui pourra b\u00e9n\u00e9ficier de la prime \u00e0 la r\u00e9novation 2022 ?<\/a><ul class='ez-toc-list-level-3' ><li class='ez-toc-heading-level-3'><a class=\"ez-toc-link ez-toc-heading-12\" href=\"https:\/\/www.mydemenageur.com\/blog\/maprimerenov\/#tous-les-revenus-ont-desormais-acces-a-maprimerenov\" >Tous les revenus ont d\u00e9sormais acc\u00e8s \u00e0 MaPrimeRenov.<\/a><\/li><li class='ez-toc-page-1 ez-toc-heading-level-3'><a class=\"ez-toc-link ez-toc-heading-13\" href=\"https:\/\/www.mydemenageur.com\/blog\/maprimerenov\/#quelles-sont-les-autres-conditions-pour-beneficier-de-ma-prime-renov\" >Quelles sont les autres conditions pour b\u00e9n\u00e9ficier de Ma Prime R\u00e9nov ?<\/a><\/li><\/ul><\/li><li class='ez-toc-page-1 ez-toc-heading-level-2'><a class=\"ez-toc-link ez-toc-heading-14\" href=\"https:\/\/www.mydemenageur.com\/blog\/maprimerenov\/#quels-sont-les-travaux-admissibles-a-la-prime-a-la-renovation\" >Quels sont les travaux admissibles \u00e0 la prime \u00e0 la r\u00e9novation ?<\/a><\/li><li class='ez-toc-page-1 ez-toc-heading-level-2'><a class=\"ez-toc-link ez-toc-heading-15\" href=\"https:\/\/www.mydemenageur.com\/blog\/maprimerenov\/#quels-montants-pour-la-maprimerenov-en-2022\" >Quels montants pour la MaPrimeR\u00e9nov en 2022 ?<\/a><ul class='ez-toc-list-level-3' ><li class='ez-toc-heading-level-3'><a class=\"ez-toc-link ez-toc-heading-16\" href=\"https:\/\/www.mydemenageur.com\/blog\/maprimerenov\/#tous-les-montants-sont-actualises-en-fonction-du-type-doperation\" >Tous les montants sont actualis\u00e9s en fonction du type d&rsquo;op\u00e9ration<\/a><\/li><li class='ez-toc-page-1 ez-toc-heading-level-3'><a class=\"ez-toc-link ez-toc-heading-17\" href=\"https:\/\/www.mydemenageur.com\/blog\/maprimerenov\/#des-primes-de-gain-energetique-diversifiees\" >Des primes de gain \u00e9nerg\u00e9tique diversifi\u00e9es<\/a><\/li><li class='ez-toc-page-1 ez-toc-heading-level-3'><a class=\"ez-toc-link ez-toc-heading-18\" href=\"https:\/\/www.mydemenageur.com\/blog\/maprimerenov\/#maprimerenov-copropriete\" >MaPrimeRenov&rsquo; Copropri\u00e9t\u00e9 :<\/a><\/li><\/ul><\/li><li class='ez-toc-page-1 ez-toc-heading-level-2'><a class=\"ez-toc-link ez-toc-heading-19\" href=\"https:\/\/www.mydemenageur.com\/blog\/maprimerenov\/#comment-obtenir-le-maprimerenov-de-lanah\" >Comment obtenir le MaPrimeR\u00e9nov de l&rsquo;ANAH ?<\/a><ul class='ez-toc-list-level-3' ><li class='ez-toc-heading-level-3'><a class=\"ez-toc-link ez-toc-heading-20\" href=\"https:\/\/www.mydemenageur.com\/blog\/maprimerenov\/#quel-contact-ma-prime-renov\" >Quel contact Ma Prime R\u00e9nov&rsquo; ?<\/a><\/li><\/ul><\/li><\/ul><\/nav><\/div>\n<h2><span class=\"ez-toc-section\" id=\"pourquoi-realiser-des-travaux-de-renovation-energetique\"><\/span>Pourquoi r\u00e9aliser des travaux de r\u00e9novation \u00e9nerg\u00e9tique ?<span class=\"ez-toc-section-end\"><\/span><\/h2>\n<p>Les <strong>travaux de r\u00e9novation \u00e9nerg\u00e9tique<\/strong> permettent d\u2019apporter plusieurs avantages. Ces projets sont consid\u00e9r\u00e9s comme un investissement avantageux et rentable.<\/p>\n<h3><span class=\"ez-toc-section\" id=\"le-gain-denergie\"><\/span>Le gain d&rsquo;\u00e9nergie<span class=\"ez-toc-section-end\"><\/span><\/h3>\n<p>Les projets de r\u00e9novation \u00e9nerg\u00e9tique permettent de <strong>baisser la consommation \u00e9nerg\u00e9tique<\/strong> <strong>d\u2019un logement<\/strong>. Autrement dit, vous allez profiter d&rsquo;une meilleure \u00e9conomie d&rsquo;\u00e9nergie sur une longue dur\u00e9e. Par exemple, vous pouvez effectuer des \u00e9conomies \u00e9nerg\u00e9tiques d&rsquo;environ 25 \u00e0 30 % gr\u00e2ce \u00e0 l\u2019isolation des toitures et des combles.<\/p>\n<h3><span class=\"ez-toc-section\" id=\"le-gain-de-confort\"><\/span>Le gain de confort<span class=\"ez-toc-section-end\"><\/span><\/h3>\n<p>Le renforcement et l&rsquo;am\u00e9lioration de la <strong>performance \u00e9nerg\u00e9tique d\u2019un logement<\/strong> sont possibles gr\u00e2ce aux travaux de r\u00e9novation. Ces travaux permettent de limiter les courants d\u2019air, les pertes thermiques et la sensation de froid.<\/p>\n<p>Un autre type de confort est apport\u00e9 par ces<strong> travaux de r\u00e9novation<\/strong>. C\u2019est ce que signifie une isolation thermique.<\/p>\n\n<h3><span class=\"ez-toc-section\" id=\"augmenter-la-valeur-de-lhabitation\"><\/span>Augmenter la valeur de l\u2019habitation<span class=\"ez-toc-section-end\"><\/span><\/h3>\n<p>L\u2019habitation peut gagner en termes de valeur apr\u00e8s une <strong>r\u00e9novation \u00e9nerg\u00e9tique r\u00e9ussie<\/strong>. Cette habitation peut profiter d\u2019une labellisation \u00e9nerg\u00e9tique B ou A.<\/p>\n<h3><span class=\"ez-toc-section\" id=\"lavantage-financier\"><\/span>L\u2019avantage financier<span class=\"ez-toc-section-end\"><\/span><\/h3>\n<p>On peut r\u00e9duire le recours \u00e0 la climatisation et au chauffage si la maison profite d\u2019une <strong>bonne performance \u00e9nerg\u00e9tique<\/strong>. Vous pouvez alors r\u00e9duire vos factures gr\u00e2ce au fait d&rsquo;\u00e9conomiser l&rsquo;\u00e9nergie.<\/p>\n<h2><span class=\"ez-toc-section\" id=\"les-aides-auxquelles-vous-pouvez-pretendre-pour-la-renovation-energetique\"><\/span>Les aides auxquelles vous pouvez pr\u00e9tendre pour la r\u00e9novation \u00e9nerg\u00e9tique<span class=\"ez-toc-section-end\"><\/span><\/h2>\n<p>La r\u00e9alisation de travaux de <strong>r\u00e9novation \u00e9nerg\u00e9tique<\/strong> n\u2019est pas un simple projet. C\u2019est un v\u00e9ritable engagement n\u00e9cessitant un travail sur-mesure et un budget bien planifi\u00e9. Cependant, il faut savoir que plusieurs <a href=\"https:\/\/www.mydemenageur.com\/blog\/aide-renovation-energetique\">aides \u00e0 la r\u00e9novation \u00e9nerg\u00e9tique<\/a> sont disponibles pour vous aider \u00e0 mieux r\u00e9aliser vos travaux en limitant vos d\u00e9penses.<\/p>\n<p>M\u00eame si vous avez obtenu le programme MaPrimeRenov, vous avez encore assez d\u2019argent pour acheter votre maison ? Vous n\u2019avez pas \u00e0 vous en inqui\u00e9ter, il vous suffit de demander le montant dont vous avez besoin pour le r\u00e9aliser. En mati\u00e8re de <a href=\"https:\/\/heero.fr\/prime-eco-energie\/\">prime \u00e9nergie<\/a>, le gouvernement propose plusieurs dispositifs que vous pouvez cumuler entres eux.<\/p>\n<ul>\n<li>La prime CEE <strong>Coup de pouce<\/strong> (selon une enqu\u00eate Ipsos de mai 2021 54% des b\u00e9n\u00e9ficiaires des aides de l&rsquo;Anah ont \u00e9galement re\u00e7u cette prime),<\/li>\n<li>Le ch\u00e8que \u00e9nergie , qui est un coupon \u00e9nergie soumis \u00e0 des conditions de ressources (utilis\u00e9 pour payer les factures de chauffage mais peut aussi servir \u00e0 isoler un logement ou \u00e0 changer une vieille chaudi\u00e8re).<\/li>\n<li>Subventions pour les <strong>collectivit\u00e9s<\/strong><\/li>\n<li>Les aides locales des <strong>associations<\/strong><\/li>\n<li>La <strong>TVA a \u00e9t\u00e9 r\u00e9duite \u00e0 5,<\/strong>5%.<\/li>\n<\/ul>\n<p>Ces modes de financement ciblent les m\u00eames actions de r\u00e9novation que la prime de l&rsquo;Anah. Il s&rsquo;agit de l&rsquo;am\u00e9lioration de la performance \u00e9nerg\u00e9tique d&rsquo;un logement.<\/p>\n<h3><span class=\"ez-toc-section\" id=\"habiter-mieux-serenite-de-lanah\"><\/span>Habiter Mieux S\u00e9r\u00e9nit\u00e9 de l\u2019Anah<span class=\"ez-toc-section-end\"><\/span><\/h3>\n<p>Cette aide est vers\u00e9e par l\u2019Anah. <a href=\"https:\/\/www.mydemenageur.com\/blog\/aide-habiter-mieux-serenite\"><strong>L\u2019aide Habiter Mieux S\u00e9r\u00e9nit\u00e9<\/strong><\/a> est destin\u00e9e aux m\u00e9nages pour la r\u00e9alisation de projets de r\u00e9novation \u00e0 leurs habitations. Le financement est relatif \u00e0 la somme des travaux. L\u2019aide est propos\u00e9e pour :<\/p>\n<ul>\n<li>Les propri\u00e9taires bailleurs ;<\/li>\n<li>Les propri\u00e9taires syndicats de copropri\u00e9taires ;<\/li>\n<li>Les managers ayant des ressources modestes.<\/li>\n<\/ul>\n<h3><span class=\"ez-toc-section\" id=\"laide-coup-de-pouce-economies-denergie\"><\/span>L\u2019aide Coup de pouce \u00e9conomies d&rsquo;\u00e9nergie<span class=\"ez-toc-section-end\"><\/span><\/h3>\n<p><a href=\"https:\/\/www.mydemenageur.com\/blog\/coup-de-pouce-economie-d-energie\">L\u2019aide Coup de pouce \u00e9conomies d&rsquo;\u00e9nergie<\/a> poss\u00e8de un objectif principal qui est le b\u00e9n\u00e9fice des aides importantes pour les travaux et r\u00e9novation. Tous les m\u00e9nages peuvent profiter de cette aide. C&rsquo;est disponible en deux aides : la prime Coup de pouce isolation et la<strong> prime Coup de pouce chauffage<\/strong>.<\/p>\n<h3><span class=\"ez-toc-section\" id=\"eco-pret-a-taux-zero\"><\/span>\u00c9co pr\u00eat \u00e0 taux z\u00e9ro<span class=\"ez-toc-section-end\"><\/span><\/h3>\n<p><a href=\"https:\/\/www.mydemenageur.com\/blog\/eco-pret-a-taux-zero\"><strong>L\u2019\u00e9co pr\u00eat \u00e0 taux z\u00e9ro<\/strong><\/a> permet le financement de la r\u00e9novation \u00e9nerg\u00e9tique d\u2019une habitation sans payer d&rsquo;int\u00e9r\u00eats ou faire d\u2019avance de tr\u00e9sorerie. Cette aide est destin\u00e9e aux :<\/p>\n<ul>\n<li>Soci\u00e9t\u00e9s civiles non concern\u00e9es par l&rsquo;imposition sur les soci\u00e9t\u00e9s poss\u00e9dant au moins un associ\u00e9 comme \u00e9tant une personne physique ;<\/li>\n<li>Bailleur ou propri\u00e9taire occupant.<\/li>\n<\/ul>\n<p><iframe title=\"MaPrimR\u00e9nov 2022, CEE, ECOPTZ : Les aides financi\u00e8res pour la r\u00e9novation de vos fen\u00eatres en 2022\" width=\"500\" height=\"375\" src=\"https:\/\/www.youtube.com\/embed\/OuAuv-uTOzo?feature=oembed\" frameborder=\"0\" allow=\"accelerometer; autoplay; clipboard-write; encrypted-media; gyroscope; picture-in-picture; web-share\" referrerpolicy=\"strict-origin-when-cross-origin\" allowfullscreen><\/iframe><\/p>\n<h2><span class=\"ez-toc-section\" id=\"quest-ce-que-laide-maprimerenov\"><\/span>Qu&rsquo;est-ce que l&rsquo;aide MaPrimeR\u00e9nov ?<span class=\"ez-toc-section-end\"><\/span><\/h2>\n<p>L\u2019\u00c9tat encourage de plus en plus les Fran\u00e7ais \u00e0 diminuer leur <strong>facture d&rsquo;\u00e9nergie<\/strong>. Les travaux de r\u00e9novation \u00e9nerg\u00e9tique sont la solution la plus efficace. Les m\u00e9nages peuvent profiter de plusieurs aides propos\u00e9es par le gouvernement pour soutenir leurs projets.<\/p>\n<p><a href=\"https:\/\/www.mydemenageur.com\/blog\/wp-content\/uploads\/2022\/01\/ma-prime-renov.jpeg\"><img decoding=\"async\" class=\"aligncenter wp-image-28099 size-full\" src=\"https:\/\/www.mydemenageur.com\/blog\/wp-content\/uploads\/2022\/01\/ma-prime-renov.jpeg\" alt=\"ma prime renov\" width=\"880\" height=\"472\" srcset=\"https:\/\/www.mydemenageur.com\/blog\/wp-content\/uploads\/2022\/01\/ma-prime-renov.jpeg 880w, https:\/\/www.mydemenageur.com\/blog\/wp-content\/uploads\/2022\/01\/ma-prime-renov-300x161.jpeg 300w, https:\/\/www.mydemenageur.com\/blog\/wp-content\/uploads\/2022\/01\/ma-prime-renov-768x412.jpeg 768w\" sizes=\"(max-width: 880px) 100vw, 880px\" \/><\/a><\/p>\n<p>La nouvelle <strong>aide vers\u00e9e par l\u2019Anah <\/strong>est MaPrimeR\u00e9nov destin\u00e9e aux occupants processeurs des appartements ou des maisons. Les buts principaux de cette aide sont :<\/p>\n<ul>\n<li>L\u2019am\u00e9lioration du confort des habitations en \u00e9t\u00e9 et en hiver ;<\/li>\n<li>La r\u00e9alisation des \u00e9conomies d\u2019\u00e9nergie et donc baisser les factures ;<\/li>\n<li>La <strong>r\u00e9duction de l&rsquo;impact environnemental<\/strong>.<\/li>\n<\/ul>\n<h2><\/h2>\n<h2 id=\"conditions\"><span class=\"ez-toc-section\" id=\"qui-pourra-beneficier-de-la-prime-a-la-renovation-2022\"><\/span>Qui pourra b\u00e9n\u00e9ficier de la prime \u00e0 la r\u00e9novation 2022 ?<span class=\"ez-toc-section-end\"><\/span><\/h2>\n<p>La nouvelle Prime R\u00e9nov&rsquo; \u00e9tait initialement <strong>ax\u00e9e sur les propri\u00e9taires-occupants<\/strong>. Mais elle a ensuite \u00e9t\u00e9 \u00e9tendue aux propri\u00e9taires et aux copropri\u00e9taires en 2021. Les locataires devront d\u00e9sormais chercher d&rsquo;autres solutions, comme les <strong>certificats d&rsquo;\u00e9conomie d&rsquo;\u00e9nergie<\/strong> (CEE).<\/p>\n<p>Cette nouvelle subvention offre \u00e9galement des travaux moins \u00e9ligibles aux Fran\u00e7ais les plus ais\u00e9s financi\u00e8rement. Les <strong>20% qui ont les revenus les plus \u00e9lev\u00e9s<\/strong>. Ces personnes peuvent obtenir une prime pour les travaux d&rsquo;isolation et de r\u00e9novation g\u00e9n\u00e9rale mais pas pour l&rsquo;installation ou l&rsquo;entretien d&rsquo;un syst\u00e8me de chauffage \u00e0 la biomasse.<\/p>\n<p><iframe title=\"Ma prime r\u00e9nov&#039; : comment \u00e7a marche ? #CONSOMAG\" width=\"500\" height=\"281\" src=\"https:\/\/www.youtube.com\/embed\/ceHPOvY7bKM?feature=oembed\" frameborder=\"0\" allow=\"accelerometer; autoplay; clipboard-write; encrypted-media; gyroscope; picture-in-picture; web-share\" referrerpolicy=\"strict-origin-when-cross-origin\" allowfullscreen><\/iframe><\/p>\n<h3><span class=\"ez-toc-section\" id=\"tous-les-revenus-ont-desormais-acces-a-maprimerenov\"><\/span>Tous les revenus ont d\u00e9sormais acc\u00e8s \u00e0 MaPrimeRenov.<span class=\"ez-toc-section-end\"><\/span><\/h3>\n<p>Cette prime est consid\u00e9r\u00e9e comme un rempla\u00e7ant de deux autres programmes. Elle ne s\u2019ajoute \u00e0 aucun disponible d\u00e9j\u00e0. Elle a remplac\u00e9 l\u2019aide Habiter Mieux Agilit\u00e9 de l\u2019Anah et le Cr\u00e9dit d&rsquo;imp\u00f4t pour <strong>la <\/strong><strong>transition \u00e9nerg\u00e9tique<\/strong>. Les quatre profils de b\u00e9n\u00e9ficiaires depuis le premier janvier :<\/p>\n<ul>\n<li><strong>MaPrimeRenov&rsquo; Bleu :<\/strong> revenus tr\u00e8s modestes (pr\u00e9caires) ;<\/li>\n<li><strong>MaPrimeRenov&rsquo; Jaune<\/strong>: revenu modeste ;<\/li>\n<li><strong>MaPrimeRenov&rsquo; Violet<\/strong>: revenu interm\u00e9diaire ;<\/li>\n<li><strong>MaPrimeRenov&rsquo; Rose<\/strong>: revenu \u00e9lev\u00e9.<\/li>\n<\/ul>\n<p>Le montant de la prime sera plus \u00e9lev\u00e9 si le revenu est plus faible.<\/p>\n<p>La somme de la prime est bonifi\u00e9e si les ressources sont moins importantes. Elle permet le financement de cinq cat\u00e9gories de travaux : l&rsquo;<strong>installation d\u2019un syst\u00e8me de chauffage<\/strong>, l\u2019isolation thermique de parois, l\u2019audit \u00e9nerg\u00e9tique, l&rsquo;am\u00e9lioration de la ventilation.<\/p>\n<h3><span class=\"ez-toc-section\" id=\"quelles-sont-les-autres-conditions-pour-beneficier-de-ma-prime-renov\"><\/span>Quelles sont les autres conditions pour b\u00e9n\u00e9ficier de Ma Prime R\u00e9nov ?<span class=\"ez-toc-section-end\"><\/span><\/h3>\n<p>Faites-vous partie des m\u00e9nages \u00e9ligibles ? Vous devez encore remplir certaines conditions pour pouvoir b\u00e9n\u00e9ficier du <strong>remboursement de vos travaux<\/strong>.<\/p>\n<ul>\n<li>Le logement en question est une <strong>r\u00e9sidence principale<\/strong> qui a \u00e9t\u00e9 occup\u00e9e au maximum huit mois par an.<\/li>\n<li>Les travaux envisag\u00e9s font partie des <strong>op\u00e9rations \u00e9ligibles<\/strong>. Ils respectent des crit\u00e8res techniques (voir la liste ci-dessous).<\/li>\n<li>Une entreprise certifi\u00e9e <strong>RGE<\/strong> (Reconnu Garant de l&rsquo;Environnement) doit r\u00e9aliser la majeure partie des travaux d&rsquo;isolation et de chauffage.<\/li>\n<li>Pour b\u00e9n\u00e9ficier d&rsquo;une aide financi\u00e8re \u00e0 la r\u00e9novation, vous devez suivre une <strong>proc\u00e9dure administrative<\/strong> sp\u00e9cifique. Vous trouverez plus de d\u00e9tails \u00e0 la fin.<\/li>\n<\/ul>\n<h2><span class=\"ez-toc-section\" id=\"quels-sont-les-travaux-admissibles-a-la-prime-a-la-renovation\"><\/span>Quels sont les travaux admissibles \u00e0 la prime \u00e0 la r\u00e9novation ?<span class=\"ez-toc-section-end\"><\/span><\/h2>\n<p>La prime \u00e0 la r\u00e9novation est applicable \u00e0 un <strong>nombre restreint d&rsquo;op\u00e9rations r\u00e9sidentielles<\/strong>. Cela signifie qu&rsquo;elle s&rsquo;applique uniquement aux habitations et non aux bureaux, aux usines ou aux b\u00e2timents agricoles. Ces op\u00e9rations ne sont pas assimilables au cr\u00e9dit d&rsquo;imp\u00f4t. Leur objectif est d&rsquo;am\u00e9liorer la performance \u00e9nerg\u00e9tique et de promouvoir les sources d&rsquo;\u00e9nergie propres.<\/p>\n<blockquote><p>Hausse des prix de l&rsquo;\u00e9nergie, chauffage au fioul de plus en plus d\u00e9cri\u00e9, prochaine interdiction de louer un thermosieve (classe \u00e9nerg\u00e9tique F\/G dans le DPE). Il est temps d&rsquo;agir ! Il est essentiel de r\u00e9duire la consommation d&rsquo;\u00e9nergie.<\/p><\/blockquote>\n<p>Il existe cinq grandes cat\u00e9gories :<\/p>\n<ul>\n<li>L&rsquo;<a href=\"https:\/\/www.mydemenageur.com\/blog\/ma-prime-renov-fenetre\/\"><strong>isolation thermique des parois<\/strong><\/a> (murs, combles et fen\u00eatres).<\/li>\n<li><strong>Installation de syst\u00e8mes de chauffage ou de production d&rsquo;eau chaude<\/strong> (soit tr\u00e8s efficaces comme la condensation, soit \u00e0 \u00e9nergie renouvelable comme le solaire ou la biomasse).<\/li>\n<li><strong>Am\u00e9lioration de la ventilation<\/strong> (ventilation double flux) ;<\/li>\n<li><strong>Audit \u00e9nerg\u00e9tique<\/strong> (bilan et \u00e9valuation du logement pour d\u00e9terminer la source de gaspillage et identifier les possibilit\u00e9s d&rsquo;am\u00e9lioration) ;<\/li>\n<li><strong>R\u00e9novation globale<\/strong> (ensemble de travaux).<\/li>\n<\/ul>\n<p>Il existe une vingtaine d&rsquo;op\u00e9rations \u00e9ligibles. Certaines concernent le logement <strong>individuel<\/strong> (maison ou appartement) ainsi que le logement <strong>collectif<\/strong> (parties communes d&rsquo;un immeuble en copropri\u00e9t\u00e9). D&rsquo;autres sont sp\u00e9cifiques aux r\u00e9sidences individuelles, comme l&rsquo;installation d&rsquo;un po\u00eale. Ce type d&rsquo;appareil n&rsquo;est pas destin\u00e9 \u00e0 chauffer un immeuble entier.<\/p>\n\n<h2 id=\"montants\"><span class=\"ez-toc-section\" id=\"quels-montants-pour-la-maprimerenov-en-2022\"><\/span>Quels montants pour la MaPrimeR\u00e9nov en 2022 ?<span class=\"ez-toc-section-end\"><\/span><\/h2>\n<p>Le bar\u00e8me de la prime \u00e0 la r\u00e9novation varie en fonction du type de travaux r\u00e9alis\u00e9s et des ressources dont dispose le m\u00e9nage (voir le tableau des plafonds de ressources).<\/p>\n<blockquote><p>La MaPrimeR\u00e9nov&rsquo; ne permet pas une prise en charge \u00e0 100 %. En effet, il existe des plafonds : Les m\u00e9nages bleus peuvent obtenir jusqu&rsquo;\u00e0 90% de couverture, les m\u00e9nages jaunes 75%, les m\u00e9nages jaunes 60%, les m\u00e9nages violets 60% et les m\u00e9nages roses 40%. Un soutien suppl\u00e9mentaire des collectivit\u00e9s ou associations locales est n\u00e9cessaire pour augmenter ce financement.<\/p><\/blockquote>\n<p>La prime pour les inserts \u00e0 bois a augment\u00e9 \u00e0 partir de 2021, mais peu de choses ont chang\u00e9. 1 000 personnes suppl\u00e9mentaires sont autoris\u00e9es \u00e0 passer d&rsquo;un chauffage au fioul ou au gaz \u00e0 une pompe \u00e0 chaleur ou une chaudi\u00e8re \u00e0 granul\u00e9s de bois depuis le 15 avril 2022. Cela fait partie du plan R\u00e9silience, mis en place par l&rsquo;\u00c9tat pour faire face \u00e0 la guerre russo-ukrainienne. L&rsquo;objectif est l&rsquo;ind\u00e9pendance \u00e9nerg\u00e9tique et l&rsquo;acc\u00e9l\u00e9ration du remplacement des chaudi\u00e8res \u00e0 \u00e9nergie fossile qui sont presque enti\u00e8rement import\u00e9es.<\/p>\n<h3><span class=\"ez-toc-section\" id=\"tous-les-montants-sont-actualises-en-fonction-du-type-doperation\"><\/span>Tous les montants sont actualis\u00e9s en fonction du type d&rsquo;op\u00e9ration<span class=\"ez-toc-section-end\"><\/span><\/h3>\n<table>\n<tbody>\n<tr>\n<td><strong> <strong>Forfait \u00ab\u00a0MaPrimeRenov\u00a0\u00bb en fonction de la couleur du demandeur<\/strong> <\/strong><\/td>\n<td><strong> <strong>M\u00e9nage bleu<\/strong> <\/strong><\/td>\n<td><strong> <strong>M\u00e9nage jaune<\/strong> <\/strong><\/td>\n<td><strong> <strong>M\u00e9nage violet<\/strong> <\/strong><\/td>\n<td><strong> <strong>M\u00e9nage rose<\/strong> <\/strong><\/td>\n<td><em> <strong> <em><strong>D\u00e9penses maximales autoris\u00e9es (taxes comprises<\/strong><\/em> <\/strong> <\/em> )<\/td>\n<\/tr>\n<tr>\n<td>Chaudi\u00e8res \u00e0 tr\u00e8s haute performance \u00e9nerg\u00e9tique, \u00e0 l&rsquo;exception de celles qui utilisent le fioul comme source d&rsquo;\u00e9nergie (ou \u00e0 partir de janvier <sup>12023<\/sup>)<\/td>\n<td>1 200<\/td>\n<td>800<\/td>\n<td>X<\/td>\n<td>X<\/td>\n<td><em> <em>4 000 <\/em> <\/em><\/td>\n<\/tr>\n<tr>\n<td>Chaudi\u00e8res auto-aliment\u00e9es au bois ou \u00e0 une autre biomasse<\/td>\n<td>11 000<\/td>\n<td>9 000<\/td>\n<td>5 000<\/td>\n<td>X<\/td>\n<td><em> <em>18 000 <\/em> <\/em><\/td>\n<\/tr>\n<tr>\n<td>Chaudi\u00e8res qui chauffent du bois ou d&rsquo;autres biomasses \u00e0 la main<\/td>\n<td>9 000<\/td>\n<td>7 500<\/td>\n<td>4 000<\/td>\n<td>X<\/td>\n<td><em> <em>16 000 <\/em> <\/em><\/td>\n<\/tr>\n<tr>\n<td>Po\u00eales \u00e0 granul\u00e9s, po\u00eales \u00e0 granul\u00e9s<\/td>\n<td>3 000<\/td>\n<td>2 500<\/td>\n<td>1 500<\/td>\n<td>X<\/td>\n<td><em> <em>5 000 <\/em> <\/em><\/td>\n<\/tr>\n<tr>\n<td>Po\u00eales \u00e0 b\u00fbches, po\u00eales \u00e0 b\u00fbches<\/td>\n<td>2 500<\/td>\n<td>2 000<\/td>\n<td>1 000<\/td>\n<td>X<\/td>\n<td><em> <em>4 000 <\/em> <\/em><\/td>\n<\/tr>\n<tr>\n<td>Inserts et foyers ferm\u00e9s<\/td>\n<td>2 500<\/td>\n<td>1 500<\/td>\n<td>800<\/td>\n<td>X<\/td>\n<td><em> <em>4 000 <\/em> <\/em><\/td>\n<\/tr>\n<tr>\n<td>L&rsquo;\u00e9nergie solaire thermique est utilis\u00e9e pour chauffer les \u00e9quipements de production<\/td>\n<td>11 000<\/td>\n<td>9 000<\/td>\n<td>5 000<\/td>\n<td>X<\/td>\n<td><em> <em>16 000 <\/em> <\/em><\/td>\n<\/tr>\n<tr>\n<td>\u00c9quipements de production d&rsquo;eau chaude sanitaire utilisant l&rsquo;\u00e9nergie solaire thermique dans les b\u00e2timents en France m\u00e9tropolitaine<\/td>\n<td>4 000<\/td>\n<td>3 000<\/td>\n<td>2 000<\/td>\n<td>X<\/td>\n<td><em> <em>7 000 <\/em> <\/em><\/td>\n<\/tr>\n<tr>\n<td>L&rsquo;\u00e9nergie solaire thermique est utilis\u00e9e pour chauffer l&rsquo;eau chaude sanitaire dans des b\u00e2timents situ\u00e9s en Guyane, en Martinique et en Guadeloupe.<\/td>\n<td>2 000<\/td>\n<td>1 500<\/td>\n<td>1 000<\/td>\n<td>X<\/td>\n<td><em> <em>2 600 <\/em> <\/em><\/td>\n<\/tr>\n<tr>\n<td>\u00c9quipement de chauffage ou de production d&rsquo;eau chaude sanitaire utilisant des capteurs solaires hybrides thermiques\/\u00e9lectriques \u00e0 circulation de liquide<\/td>\n<td>2 500<\/td>\n<td>2 000<\/td>\n<td>1 000<\/td>\n<td>X<\/td>\n<td><em> <em>4 000 <\/em> <\/em><\/td>\n<\/tr>\n<tr>\n<td>Pompes \u00e0 chaleur g\u00e9othermiques et solaires<\/td>\n<td>11 000<\/td>\n<td>9 000<\/td>\n<td>5 000<\/td>\n<td>X<\/td>\n<td><em> <em>18 000 <\/em> <\/em><\/td>\n<\/tr>\n<tr>\n<td>Pompe \u00e0 chaleur air\/eau<\/td>\n<td>5 000<\/td>\n<td>4 000<\/td>\n<td>3 000<\/td>\n<td>X<\/td>\n<td><em> <em>12 000 <\/em> <\/em><\/td>\n<\/tr>\n<tr>\n<td>Pompes \u00e0 chaleur pour la production d&rsquo;eau chaude sanitaire<\/td>\n<td>1 200<\/td>\n<td>800<\/td>\n<td>400<\/td>\n<td>X<\/td>\n<td><em> <em>3 500 <\/em> <\/em><\/td>\n<\/tr>\n<tr>\n<td>\u00c9quipements de raccordement \u00e0 un r\u00e9seau de chaleur et de froid, ou frais de raccordement<\/td>\n<td>1 200<\/td>\n<td>800<\/td>\n<td>400<\/td>\n<td>X<\/td>\n<td><em> <em>1 800 <\/em> <\/em><\/td>\n<\/tr>\n<tr>\n<td>L&rsquo;enl\u00e8vement d&rsquo;un r\u00e9servoir d&rsquo;huile<\/td>\n<td>1 200<\/td>\n<td>800<\/td>\n<td>400<\/td>\n<td>X<\/td>\n<td><em> <em>4 000 <\/em> <\/em><\/td>\n<\/tr>\n<tr>\n<td>Syst\u00e8mes de ventilation m\u00e9canique double flux, autor\u00e9glables ou hygror\u00e9glables<\/td>\n<td>4 000<\/td>\n<td>3 000<\/td>\n<td>2 000<\/td>\n<td>X<\/td>\n<td><em> <em>6 000 <\/em> <\/em><\/td>\n<\/tr>\n<tr>\n<td>Audit \u00e9nerg\u00e9tique<\/td>\n<td>500<\/td>\n<td>400<\/td>\n<td>300<\/td>\n<td>X<\/td>\n<td><em> <em>800 <\/em> <\/em><\/td>\n<\/tr>\n<tr>\n<td>Parois vitr\u00e9es isol\u00e9es thermiquement<\/td>\n<td>100 \/ \u00e9quipement<\/td>\n<td>80 \/ \u00e9quipement<\/td>\n<td>40 \/ \u00e9quipement<\/td>\n<td>X<\/td>\n<td><em> <em>1 000 \/ \u00e9quipement<\/em> <\/em><\/td>\n<\/tr>\n<tr>\n<td>Isolation des murs par l&rsquo;ext\u00e9rieur<\/td>\n<td>75 \/m2<\/td>\n<td>60 \/m2<\/td>\n<td>40 \/m2<\/td>\n<td>15 \/m2<\/td>\n<td><em> <em>150 \/m2<\/em> <\/em><\/td>\n<\/tr>\n<tr>\n<td>Isolation des murs par l&rsquo;int\u00e9rieur<\/td>\n<td>25 \/m2<\/td>\n<td>20 \/m2<\/td>\n<td>15 \/m2<\/td>\n<td>7 \/m2<\/td>\n<td><em> <em>70 \/m2<\/em> <\/em><\/td>\n<\/tr>\n<tr>\n<td>Isolation des pentes de toit ou des plafonds de grenier<\/td>\n<td>25 \/m2<\/td>\n<td>20 \/m2<\/td>\n<td>15 \/m2<\/td>\n<td>7 \/m2<\/td>\n<td><em> <em>75 \/m2<\/em> <\/em><\/td>\n<\/tr>\n<tr>\n<td>Isolation des toits-terrasses<\/td>\n<td>75 \/m2<\/td>\n<td>60 \/m2<\/td>\n<td>40 \/m2<\/td>\n<td>15 \/m2<\/td>\n<td><em> <em>180 \/m2<\/em> <\/em><\/td>\n<\/tr>\n<tr>\n<td>\u00c9quipements et mat\u00e9riaux de protection des parois vitr\u00e9es ou opaques contre le rayonnement solaire pour les b\u00e2timents situ\u00e9s en Guyane, en Martinique ou \u00e0 Mayotte<\/td>\n<td>25 \/m2<\/td>\n<td>20 \/m2<\/td>\n<td>15 \/m2<\/td>\n<td>X<\/td>\n<td><em> <em>200 \/m2<\/em> <\/em><\/td>\n<\/tr>\n<tr>\n<td>Toitures ventil\u00e9es pour les b\u00e2timents en Guyane, Martinique ou Guadeloupe<\/td>\n<td>75 \/m2<\/td>\n<td>60 \/m2<\/td>\n<td>40 \/m2<\/td>\n<td>15 \/m2<\/td>\n<td><em> <em>110 \/m2<\/em> <\/em><\/td>\n<\/tr>\n<tr>\n<td>Le bardage ventil\u00e9 est destin\u00e9 aux b\u00e2timents situ\u00e9s en Guyane, en Martinique ou en Guadeloupe.<\/td>\n<td>75 \/m2<\/td>\n<td>60 \/m2<\/td>\n<td>40 \/m2<\/td>\n<td>15 \/m2<\/td>\n<td><em> <em>105 \/m2<\/em> <\/em><\/td>\n<\/tr>\n<tr>\n<td>Assistance \u00e0 la gestion de projet<\/td>\n<td>150<\/td>\n<td>150<\/td>\n<td>150<\/td>\n<td>150<\/td>\n<td><em> <em>400 <\/em> <\/em><\/td>\n<\/tr>\n<tr>\n<td>Lot de travaux (r\u00e9novation compl\u00e8te)<\/td>\n<td>15 000<\/td>\n<td>10 500<\/td>\n<td>7 000<\/td>\n<td>3 500<\/td>\n<td><em> <em>50 000 <\/em> <\/em><\/td>\n<\/tr>\n<\/tbody>\n<\/table>\n<p><strong> <strong>T\u00e9l\u00e9charger le<\/strong> <\/strong>tableau de 2022<\/p>\n<h3><span class=\"ez-toc-section\" id=\"des-primes-de-gain-energetique-diversifiees\"><\/span>Des primes de gain \u00e9nerg\u00e9tique diversifi\u00e9es<span class=\"ez-toc-section-end\"><\/span><\/h3>\n<p>L&rsquo;Anah propose des primes permettant d&rsquo;intensifier la lutte contre les probl\u00e8mes \u00e9nerg\u00e9tiques dans les logements class\u00e9s F ou G dans le DPE. Il est possible d&rsquo;obtenir de 500 \u00e0 3000 :<\/p>\n<ul>\n<li>Vous pouvez sortir de la lettre F ou G <strong>(sortie de la passoire thermique<\/strong>), en r\u00e9alisant certains travaux.<\/li>\n<li>Ou bien, en atteignant un niveau <strong>BBC<\/strong> (lettre A ou B).<\/li>\n<\/ul>\n<p>Si le bien est dans une classe F-G ou A-B, les deux bonus peuvent \u00eatre cumul\u00e9s. ).<\/p>\n<h3><span class=\"ez-toc-section\" id=\"maprimerenov-copropriete\"><\/span>MaPrimeRenov&rsquo; Copropri\u00e9t\u00e9 :<span class=\"ez-toc-section-end\"><\/span><\/h3>\n<p>\u00c0 partir de 2021, tous les travaux collectifs seront organis\u00e9s sous une seule offre <strong>MaPrimeRenov&rsquo; Copro<\/strong>. La r\u00e9sidence doit r\u00e9aliser un projet de r\u00e9novation thermique permettant de r\u00e9aliser 35 % d&rsquo;\u00e9conomies d&rsquo;\u00e9nergie. Le montant de la prime est simplement de <strong>25% du co\u00fbt total<\/strong>. Les primes sont \u00e9galement disponibles pour les particuliers.<\/p>\n<p>L&rsquo;accompagnement doit \u00eatre assur\u00e9 par un op\u00e9rateur de ma\u00eetrise d&rsquo;\u0153uvre (AMO), qui prend en charge 30 % du co\u00fbt. Une prime de 3 000 euros par logement est disponible pour les copropri\u00e9t\u00e9s faibles.<\/p>\n<p>Le co\u00fbt des travaux est limit\u00e9 \u00e0 15 000 euros. Un financement maximal de 3 750 euros (25%).<\/p>\n<p>Chaque pi\u00e8ce doit r\u00e9pondre \u00e0 certaines <strong>caract\u00e9ristiques techniques<\/strong>, comme la r\u00e9sistance thermique de l&rsquo;isolation, la performance de la chaudi\u00e8re, etc. Pour plus d&rsquo;informations, contactez un conseiller France Renov&rsquo;, nouveau nom du r\u00e9seau FAIRE en 2022.<\/p>\n<h2 id=\"obtention\"><span class=\"ez-toc-section\" id=\"comment-obtenir-le-maprimerenov-de-lanah\"><\/span>Comment obtenir le MaPrimeR\u00e9nov de l&rsquo;ANAH ?<span class=\"ez-toc-section-end\"><\/span><\/h2>\n<p>Tout se fait en ligne et la proc\u00e9dure est enti\u00e8rement d\u00e9mat\u00e9rialis\u00e9e. Si vous avez v\u00e9rifi\u00e9 toutes les conditions du Ma Prime R\u00e9nov (logement &gt; 15, types de travaux, entreprise RGE), alors voici les \u00e9tapes pour faire la demande par l&rsquo;interm\u00e9diaire d&rsquo;un <strong>agent<\/strong>.<\/p>\n<p>Vous cherchez un mod\u00e8le de simulation du Premier Renouveau. Visitez Simul&rsquo;Aides, un outil gratuit cr\u00e9\u00e9 par l&rsquo;ADEME et le gouvernement. Vous pouvez \u00e9galement v\u00e9rifier votre \u00e9ligibilit\u00e9 \u00e0 d&rsquo;autres dispositifs.<\/p>\n\n<p>L&rsquo;importance de faire cette d\u00e9marche avec soin et de choisir un artisan qualifi\u00e9. <strong>Ne laissez rien au hasard<\/strong> Documents de dossier, normes de travail et ordre des \u00e9tapes. Vous ne pourrez pas b\u00e9n\u00e9ficier de la prime unifi\u00e9e 2022 et vous risquez m\u00eame de vous faire arnaquer. Nous ne voulons voir personne tomber dans cette m\u00e9saventure, et surtout pas les m\u00e9nages en situation de pr\u00e9carit\u00e9 \u00e9nerg\u00e9tique.<\/p>\n<h3><span class=\"ez-toc-section\" id=\"quel-contact-ma-prime-renov\"><\/span>Quel contact Ma Prime R\u00e9nov&rsquo; ?<span class=\"ez-toc-section-end\"><\/span><\/h3>\n<p>Il n&rsquo;y a pas de page de contact sur le site gouvernemental. Il n&rsquo;y a pas de page de contact, pas de formulaire \u00e0 remplir, pas d&rsquo;adresse email pour le grand public, et pas de num\u00e9ro de t\u00e9l\u00e9phone.<\/p>\n<p>Notre blog contient \u00e9galement de nombreux articles sur le sujet. Ils sont mis \u00e0 jour \u00e0 chaque fois qu&rsquo;il y a un nouveau d\u00e9veloppement. N&rsquo;h\u00e9sitez pas \u00e0 les consulter.<\/p>\n<p><strong>Vous avez maintenant toutes les informations n\u00e9cessaires pour r\u00e9duire vos d\u00e9penses<\/strong>, financer votre projet et r\u00e9nover votre maison en respectant votre budget. Gr\u00e2ce \u00e0 la Ma Prime R\u00e9nov&rsquo; de l&rsquo;Anah, vous b\u00e9n\u00e9ficierez d&rsquo;un meilleur confort thermique et d&rsquo;une facture de chauffage r\u00e9duite.<\/p>\n","protected":false},"excerpt":{"rendered":"<p>Plusieurs aides sont propos\u00e9es par l\u2019\u00c9tat pour favoriser la r\u00e9novation \u00e9nerg\u00e9tique. Elles sont disponibles pour les bailleurs sociaux et les<\/p>\n","protected":false},"author":11,"featured_media":28104,"comment_status":"closed","ping_status":"closed","sticky":false,"template":"","format":"standard","meta":{"_lmt_disableupdate":"","_lmt_disable":"","footnotes":""},"categories":[22],"tags":[118],"yoast_head":"<!-- This site is optimized with the Yoast SEO Premium plugin v24.2 (Yoast SEO v24.5) - https:\/\/yoast.com\/wordpress\/plugins\/seo\/ -->\n<title>MaPrimeR\u00e9nov : fiancer les travaux de r\u00e9novation \u00e9nerg\u00e9tique<\/title>\n<meta name=\"description\" content=\"MaPrimeR\u00e9nov comment \u00e7a marche ? voici la suite de notre guide sur la ma prime r\u00e9nov, le sujet brulant du moment !\" \/>\n<meta name=\"robots\" content=\"index, follow, max-snippet:-1, max-image-preview:large, max-video-preview:-1\" \/>\n<link rel=\"canonical\" href=\"https:\/\/www.mydemenageur.com\/blog\/maprimerenov\/\" \/>\n<meta property=\"og:locale\" content=\"fr_FR\" \/>\n<meta property=\"og:type\" content=\"article\" \/>\n<meta property=\"og:title\" content=\"MaPrimeR\u00e9nov : on vous en parle, nos conseils, nos astuces pour b\u00e9n\u00e9ficier de l&#039;aide.\" \/>\n<meta property=\"og:description\" content=\"MaPrimeR\u00e9nov comment \u00e7a marche ? voici la suite de notre guide sur la ma prime r\u00e9nov, le sujet brulant du moment !\" \/>\n<meta property=\"og:url\" content=\"https:\/\/www.mydemenageur.com\/blog\/maprimerenov\/\" \/>\n<meta property=\"og:site_name\" content=\"MyDemenageur\" \/>\n<meta property=\"article:publisher\" content=\"https:\/\/www.facebook.com\/mydemenageur\" \/>\n<meta property=\"article:published_time\" content=\"2022-06-16T22:00:09+00:00\" \/>\n<meta property=\"article:modified_time\" content=\"2023-09-14T13:16:51+00:00\" \/>\n<meta property=\"og:image\" content=\"https:\/\/www.mydemenageur.com\/blog\/wp-content\/uploads\/2022\/01\/house-alternative-energy-renewable-energy-solar-panel-solar-energy-neighborhood-ecology-real-estate_t20_YE0pWW.jpg\" \/>\n\t<meta property=\"og:image:width\" content=\"999\" \/>\n\t<meta property=\"og:image:height\" content=\"562\" \/>\n\t<meta property=\"og:image:type\" content=\"image\/jpeg\" \/>\n<meta name=\"author\" content=\"Mathilde\" \/>\n<meta name=\"twitter:card\" content=\"summary_large_image\" \/>\n<meta name=\"twitter:creator\" content=\"@mydemenageur\" \/>\n<meta name=\"twitter:site\" content=\"@mydemenageur\" \/>\n<meta name=\"twitter:label1\" content=\"\u00c9crit par\" \/>\n\t<meta name=\"twitter:data1\" content=\"Mathilde\" \/>\n\t<meta name=\"twitter:label2\" content=\"Dur\u00e9e de lecture estim\u00e9e\" \/>\n\t<meta name=\"twitter:data2\" content=\"13 minutes\" \/>\n<script type=\"application\/ld+json\" class=\"yoast-schema-graph\">{\"@context\":\"https:\/\/schema.org\",\"@graph\":[{\"@type\":\"Article\",\"@id\":\"https:\/\/www.mydemenageur.com\/blog\/maprimerenov\/#article\",\"isPartOf\":{\"@id\":\"https:\/\/www.mydemenageur.com\/blog\/maprimerenov\/\"},\"author\":{\"name\":\"Mathilde\",\"@id\":\"https:\/\/www.mydemenageur.com\/blog\/#\/schema\/person\/4540dc333c2e7dc790f0f7bcd5b99569\"},\"headline\":\"MaPrimeR\u00e9nov : on vous en parle, nos conseils, nos astuces pour b\u00e9n\u00e9ficier de l&rsquo;aide.\",\"datePublished\":\"2022-06-16T22:00:09+00:00\",\"dateModified\":\"2023-09-14T13:16:51+00:00\",\"mainEntityOfPage\":{\"@id\":\"https:\/\/www.mydemenageur.com\/blog\/maprimerenov\/\"},\"wordCount\":2721,\"publisher\":{\"@id\":\"https:\/\/www.mydemenageur.com\/blog\/#organization\"},\"image\":{\"@id\":\"https:\/\/www.mydemenageur.com\/blog\/maprimerenov\/#primaryimage\"},\"thumbnailUrl\":\"https:\/\/www.mydemenageur.com\/blog\/wp-content\/uploads\/2022\/01\/house-alternative-energy-renewable-energy-solar-panel-solar-energy-neighborhood-ecology-real-estate_t20_YE0pWW.jpg\",\"keywords\":[\"economie\"],\"articleSection\":[\"Bricolage\"],\"inLanguage\":\"fr-FR\"},{\"@type\":\"WebPage\",\"@id\":\"https:\/\/www.mydemenageur.com\/blog\/maprimerenov\/\",\"url\":\"https:\/\/www.mydemenageur.com\/blog\/maprimerenov\/\",\"name\":\"MaPrimeR\u00e9nov : fiancer les travaux de r\u00e9novation \u00e9nerg\u00e9tique\",\"isPartOf\":{\"@id\":\"https:\/\/www.mydemenageur.com\/blog\/#website\"},\"primaryImageOfPage\":{\"@id\":\"https:\/\/www.mydemenageur.com\/blog\/maprimerenov\/#primaryimage\"},\"image\":{\"@id\":\"https:\/\/www.mydemenageur.com\/blog\/maprimerenov\/#primaryimage\"},\"thumbnailUrl\":\"https:\/\/www.mydemenageur.com\/blog\/wp-content\/uploads\/2022\/01\/house-alternative-energy-renewable-energy-solar-panel-solar-energy-neighborhood-ecology-real-estate_t20_YE0pWW.jpg\",\"datePublished\":\"2022-06-16T22:00:09+00:00\",\"dateModified\":\"2023-09-14T13:16:51+00:00\",\"description\":\"MaPrimeR\u00e9nov comment \u00e7a marche ? voici la suite de notre guide sur la ma prime r\u00e9nov, le sujet brulant du moment !\",\"breadcrumb\":{\"@id\":\"https:\/\/www.mydemenageur.com\/blog\/maprimerenov\/#breadcrumb\"},\"inLanguage\":\"fr-FR\",\"potentialAction\":[{\"@type\":\"ReadAction\",\"target\":[\"https:\/\/www.mydemenageur.com\/blog\/maprimerenov\/\"]}]},{\"@type\":\"ImageObject\",\"inLanguage\":\"fr-FR\",\"@id\":\"https:\/\/www.mydemenageur.com\/blog\/maprimerenov\/#primaryimage\",\"url\":\"https:\/\/www.mydemenageur.com\/blog\/wp-content\/uploads\/2022\/01\/house-alternative-energy-renewable-energy-solar-panel-solar-energy-neighborhood-ecology-real-estate_t20_YE0pWW.jpg\",\"contentUrl\":\"https:\/\/www.mydemenageur.com\/blog\/wp-content\/uploads\/2022\/01\/house-alternative-energy-renewable-energy-solar-panel-solar-energy-neighborhood-ecology-real-estate_t20_YE0pWW.jpg\",\"width\":999,\"height\":562,\"caption\":\"maison vue du ciel\"},{\"@type\":\"BreadcrumbList\",\"@id\":\"https:\/\/www.mydemenageur.com\/blog\/maprimerenov\/#breadcrumb\",\"itemListElement\":[{\"@type\":\"ListItem\",\"position\":1,\"name\":\"Accueil\",\"item\":\"https:\/\/www.mydemenageur.com\/blog\/\"},{\"@type\":\"ListItem\",\"position\":2,\"name\":\"Bricolage\",\"item\":\"https:\/\/www.mydemenageur.com\/blog\/categorie\/bricolage\/\"},{\"@type\":\"ListItem\",\"position\":3,\"name\":\"MaPrimeR\u00e9nov : on vous en parle, nos conseils, nos astuces pour b\u00e9n\u00e9ficier de l&#8217;aide.\"}]},{\"@type\":\"WebSite\",\"@id\":\"https:\/\/www.mydemenageur.com\/blog\/#website\",\"url\":\"https:\/\/www.mydemenageur.com\/blog\/\",\"name\":\"MyDemenageur\",\"description\":\"Conseils d\u00e9m\u00e9ngement entre particuliers et d\u00e9m\u00e9nagement professionnel\",\"publisher\":{\"@id\":\"https:\/\/www.mydemenageur.com\/blog\/#organization\"},\"potentialAction\":[{\"@type\":\"SearchAction\",\"target\":{\"@type\":\"EntryPoint\",\"urlTemplate\":\"https:\/\/www.mydemenageur.com\/blog\/?s={search_term_string}\"},\"query-input\":{\"@type\":\"PropertyValueSpecification\",\"valueRequired\":true,\"valueName\":\"search_term_string\"}}],\"inLanguage\":\"fr-FR\"},{\"@type\":\"Organization\",\"@id\":\"https:\/\/www.mydemenageur.com\/blog\/#organization\",\"name\":\"MyDemenageur.com\",\"url\":\"https:\/\/www.mydemenageur.com\/blog\/\",\"logo\":{\"@type\":\"ImageObject\",\"inLanguage\":\"fr-FR\",\"@id\":\"https:\/\/www.mydemenageur.com\/blog\/#\/schema\/logo\/image\/\",\"url\":\"https:\/\/www.mydemenageur.com\/blog\/wp-content\/uploads\/2022\/05\/MyDemenageur_Symbol.jpg\",\"contentUrl\":\"https:\/\/www.mydemenageur.com\/blog\/wp-content\/uploads\/2022\/05\/MyDemenageur_Symbol.jpg\",\"width\":878,\"height\":877,\"caption\":\"MyDemenageur.com\"},\"image\":{\"@id\":\"https:\/\/www.mydemenageur.com\/blog\/#\/schema\/logo\/image\/\"},\"sameAs\":[\"https:\/\/www.facebook.com\/mydemenageur\",\"https:\/\/x.com\/mydemenageur\",\"https:\/\/www.pinterest.fr\/mydemenageur\/\"]},{\"@type\":\"Person\",\"@id\":\"https:\/\/www.mydemenageur.com\/blog\/#\/schema\/person\/4540dc333c2e7dc790f0f7bcd5b99569\",\"name\":\"Mathilde\",\"image\":{\"@type\":\"ImageObject\",\"inLanguage\":\"fr-FR\",\"@id\":\"https:\/\/www.mydemenageur.com\/blog\/#\/schema\/person\/image\/\",\"url\":\"https:\/\/secure.gravatar.com\/avatar\/abde069f6f70261ee6ecea93e0437d77?s=96&#038;r=g\",\"contentUrl\":\"https:\/\/secure.gravatar.com\/avatar\/abde069f6f70261ee6ecea93e0437d77?s=96&#038;r=g\",\"caption\":\"Mathilde\"},\"description\":\"L'harmonie des couleurs et des objets m'a toujours fascin\u00e9e, transformant chaque pi\u00e8ce en un lieu unique et agr\u00e9able \u00e0 vivre. Sur MyDemenageur, vous trouverez non seulement des inspirations personnelles, mais aussi des informations r\u00e9centes sur le monde de la d\u00e9coration, les projets de maison, le d\u00e9m\u00e9nagement et les travaux.\",\"url\":\"https:\/\/www.mydemenageur.com\/blog\/author\/mathilde\/\"}]}<\/script>\n<!-- \/ Yoast SEO Premium plugin. -->","yoast_head_json":{"title":"MaPrimeR\u00e9nov : fiancer les travaux de r\u00e9novation \u00e9nerg\u00e9tique","description":"MaPrimeR\u00e9nov comment \u00e7a marche ? voici la suite de notre guide sur la ma prime r\u00e9nov, le sujet brulant du moment !","robots":{"index":"index","follow":"follow","max-snippet":"max-snippet:-1","max-image-preview":"max-image-preview:large","max-video-preview":"max-video-preview:-1"},"canonical":"https:\/\/www.mydemenageur.com\/blog\/maprimerenov\/","og_locale":"fr_FR","og_type":"article","og_title":"MaPrimeR\u00e9nov : on vous en parle, nos conseils, nos astuces pour b\u00e9n\u00e9ficier de l'aide.","og_description":"MaPrimeR\u00e9nov comment \u00e7a marche ? voici la suite de notre guide sur la ma prime r\u00e9nov, le sujet brulant du moment !","og_url":"https:\/\/www.mydemenageur.com\/blog\/maprimerenov\/","og_site_name":"MyDemenageur","article_publisher":"https:\/\/www.facebook.com\/mydemenageur","article_published_time":"2022-06-16T22:00:09+00:00","article_modified_time":"2023-09-14T13:16:51+00:00","og_image":[{"width":999,"height":562,"url":"https:\/\/www.mydemenageur.com\/blog\/wp-content\/uploads\/2022\/01\/house-alternative-energy-renewable-energy-solar-panel-solar-energy-neighborhood-ecology-real-estate_t20_YE0pWW.jpg","type":"image\/jpeg"}],"author":"Mathilde","twitter_card":"summary_large_image","twitter_creator":"@mydemenageur","twitter_site":"@mydemenageur","twitter_misc":{"\u00c9crit par":"Mathilde","Dur\u00e9e de lecture estim\u00e9e":"13 minutes"},"schema":{"@context":"https:\/\/schema.org","@graph":[{"@type":"Article","@id":"https:\/\/www.mydemenageur.com\/blog\/maprimerenov\/#article","isPartOf":{"@id":"https:\/\/www.mydemenageur.com\/blog\/maprimerenov\/"},"author":{"name":"Mathilde","@id":"https:\/\/www.mydemenageur.com\/blog\/#\/schema\/person\/4540dc333c2e7dc790f0f7bcd5b99569"},"headline":"MaPrimeR\u00e9nov : on vous en parle, nos conseils, nos astuces pour b\u00e9n\u00e9ficier de l&rsquo;aide.","datePublished":"2022-06-16T22:00:09+00:00","dateModified":"2023-09-14T13:16:51+00:00","mainEntityOfPage":{"@id":"https:\/\/www.mydemenageur.com\/blog\/maprimerenov\/"},"wordCount":2721,"publisher":{"@id":"https:\/\/www.mydemenageur.com\/blog\/#organization"},"image":{"@id":"https:\/\/www.mydemenageur.com\/blog\/maprimerenov\/#primaryimage"},"thumbnailUrl":"https:\/\/www.mydemenageur.com\/blog\/wp-content\/uploads\/2022\/01\/house-alternative-energy-renewable-energy-solar-panel-solar-energy-neighborhood-ecology-real-estate_t20_YE0pWW.jpg","keywords":["economie"],"articleSection":["Bricolage"],"inLanguage":"fr-FR"},{"@type":"WebPage","@id":"https:\/\/www.mydemenageur.com\/blog\/maprimerenov\/","url":"https:\/\/www.mydemenageur.com\/blog\/maprimerenov\/","name":"MaPrimeR\u00e9nov : fiancer les travaux de r\u00e9novation \u00e9nerg\u00e9tique","isPartOf":{"@id":"https:\/\/www.mydemenageur.com\/blog\/#website"},"primaryImageOfPage":{"@id":"https:\/\/www.mydemenageur.com\/blog\/maprimerenov\/#primaryimage"},"image":{"@id":"https:\/\/www.mydemenageur.com\/blog\/maprimerenov\/#primaryimage"},"thumbnailUrl":"https:\/\/www.mydemenageur.com\/blog\/wp-content\/uploads\/2022\/01\/house-alternative-energy-renewable-energy-solar-panel-solar-energy-neighborhood-ecology-real-estate_t20_YE0pWW.jpg","datePublished":"2022-06-16T22:00:09+00:00","dateModified":"2023-09-14T13:16:51+00:00","description":"MaPrimeR\u00e9nov comment \u00e7a marche ? voici la suite de notre guide sur la ma prime r\u00e9nov, le sujet brulant du moment !","breadcrumb":{"@id":"https:\/\/www.mydemenageur.com\/blog\/maprimerenov\/#breadcrumb"},"inLanguage":"fr-FR","potentialAction":[{"@type":"ReadAction","target":["https:\/\/www.mydemenageur.com\/blog\/maprimerenov\/"]}]},{"@type":"ImageObject","inLanguage":"fr-FR","@id":"https:\/\/www.mydemenageur.com\/blog\/maprimerenov\/#primaryimage","url":"https:\/\/www.mydemenageur.com\/blog\/wp-content\/uploads\/2022\/01\/house-alternative-energy-renewable-energy-solar-panel-solar-energy-neighborhood-ecology-real-estate_t20_YE0pWW.jpg","contentUrl":"https:\/\/www.mydemenageur.com\/blog\/wp-content\/uploads\/2022\/01\/house-alternative-energy-renewable-energy-solar-panel-solar-energy-neighborhood-ecology-real-estate_t20_YE0pWW.jpg","width":999,"height":562,"caption":"maison vue du ciel"},{"@type":"BreadcrumbList","@id":"https:\/\/www.mydemenageur.com\/blog\/maprimerenov\/#breadcrumb","itemListElement":[{"@type":"ListItem","position":1,"name":"Accueil","item":"https:\/\/www.mydemenageur.com\/blog\/"},{"@type":"ListItem","position":2,"name":"Bricolage","item":"https:\/\/www.mydemenageur.com\/blog\/categorie\/bricolage\/"},{"@type":"ListItem","position":3,"name":"MaPrimeR\u00e9nov : on vous en parle, nos conseils, nos astuces pour b\u00e9n\u00e9ficier de l&#8217;aide."}]},{"@type":"WebSite","@id":"https:\/\/www.mydemenageur.com\/blog\/#website","url":"https:\/\/www.mydemenageur.com\/blog\/","name":"MyDemenageur","description":"Conseils d\u00e9m\u00e9ngement entre particuliers et d\u00e9m\u00e9nagement professionnel","publisher":{"@id":"https:\/\/www.mydemenageur.com\/blog\/#organization"},"potentialAction":[{"@type":"SearchAction","target":{"@type":"EntryPoint","urlTemplate":"https:\/\/www.mydemenageur.com\/blog\/?s={search_term_string}"},"query-input":{"@type":"PropertyValueSpecification","valueRequired":true,"valueName":"search_term_string"}}],"inLanguage":"fr-FR"},{"@type":"Organization","@id":"https:\/\/www.mydemenageur.com\/blog\/#organization","name":"MyDemenageur.com","url":"https:\/\/www.mydemenageur.com\/blog\/","logo":{"@type":"ImageObject","inLanguage":"fr-FR","@id":"https:\/\/www.mydemenageur.com\/blog\/#\/schema\/logo\/image\/","url":"https:\/\/www.mydemenageur.com\/blog\/wp-content\/uploads\/2022\/05\/MyDemenageur_Symbol.jpg","contentUrl":"https:\/\/www.mydemenageur.com\/blog\/wp-content\/uploads\/2022\/05\/MyDemenageur_Symbol.jpg","width":878,"height":877,"caption":"MyDemenageur.com"},"image":{"@id":"https:\/\/www.mydemenageur.com\/blog\/#\/schema\/logo\/image\/"},"sameAs":["https:\/\/www.facebook.com\/mydemenageur","https:\/\/x.com\/mydemenageur","https:\/\/www.pinterest.fr\/mydemenageur\/"]},{"@type":"Person","@id":"https:\/\/www.mydemenageur.com\/blog\/#\/schema\/person\/4540dc333c2e7dc790f0f7bcd5b99569","name":"Mathilde","image":{"@type":"ImageObject","inLanguage":"fr-FR","@id":"https:\/\/www.mydemenageur.com\/blog\/#\/schema\/person\/image\/","url":"https:\/\/secure.gravatar.com\/avatar\/abde069f6f70261ee6ecea93e0437d77?s=96&#038;r=g","contentUrl":"https:\/\/secure.gravatar.com\/avatar\/abde069f6f70261ee6ecea93e0437d77?s=96&#038;r=g","caption":"Mathilde"},"description":"L'harmonie des couleurs et des objets m'a toujours fascin\u00e9e, transformant chaque pi\u00e8ce en un lieu unique et agr\u00e9able \u00e0 vivre. Sur MyDemenageur, vous trouverez non seulement des inspirations personnelles, mais aussi des informations r\u00e9centes sur le monde de la d\u00e9coration, les projets de maison, le d\u00e9m\u00e9nagement et les travaux.","url":"https:\/\/www.mydemenageur.com\/blog\/author\/mathilde\/"}]}},"modified_by":"MyDemenageur","_links":{"self":[{"href":"https:\/\/www.mydemenageur.com\/blog\/wp-json\/wp\/v2\/posts\/26046"}],"collection":[{"href":"https:\/\/www.mydemenageur.com\/blog\/wp-json\/wp\/v2\/posts"}],"about":[{"href":"https:\/\/www.mydemenageur.com\/blog\/wp-json\/wp\/v2\/types\/post"}],"author":[{"embeddable":true,"href":"https:\/\/www.mydemenageur.com\/blog\/wp-json\/wp\/v2\/users\/11"}],"replies":[{"embeddable":true,"href":"https:\/\/www.mydemenageur.com\/blog\/wp-json\/wp\/v2\/comments?post=26046"}],"version-history":[{"count":0,"href":"https:\/\/www.mydemenageur.com\/blog\/wp-json\/wp\/v2\/posts\/26046\/revisions"}],"wp:featuredmedia":[{"embeddable":true,"href":"https:\/\/www.mydemenageur.com\/blog\/wp-json\/wp\/v2\/media\/28104"}],"wp:attachment":[{"href":"https:\/\/www.mydemenageur.com\/blog\/wp-json\/wp\/v2\/media?parent=26046"}],"wp:term":[{"taxonomy":"category","embeddable":true,"href":"https:\/\/www.mydemenageur.com\/blog\/wp-json\/wp\/v2\/categories?post=26046"},{"taxonomy":"post_tag","embeddable":true,"href":"https:\/\/www.mydemenageur.com\/blog\/wp-json\/wp\/v2\/tags?post=26046"}],"curies":[{"name":"wp","href":"https:\/\/api.w.org\/{rel}","templated":true}]}}