{"id":26798,"date":"2022-01-29T00:00:00","date_gmt":"2022-01-29T00:00:00","guid":{"rendered":"https:\/\/www.mydemenageur.com\/blog\/?p=26798"},"modified":"2022-05-21T10:24:05","modified_gmt":"2022-05-21T10:24:05","slug":"veranda-terrasse","status":"publish","type":"post","link":"https:\/\/www.mydemenageur.com\/blog\/veranda-terrasse\/","title":{"rendered":"Quelle v\u00e9randa choisir pour la terrasse ?"},"content":{"rendered":"<p>\u00c0 l\u2019arriv\u00e9e des beaux jours, on s\u2019imagine vite passer un maximum de temps <strong>sur la terrasse, \u00e0 se pr\u00e9lasser<\/strong> au soleil et \u00e0 faire le plein d\u2019air frais. Si vous voulez profiter pleinement de votre terrasse \u00e0 toute heure du jour ou de la nuit, nous vous conseillons d\u2019<strong>y am\u00e9nager une v\u00e9randa<\/strong> pour vous \u00e9viter les changements climatiques et tout al\u00e9a de la nature.<\/p>\n<div id=\"ez-toc-container\" class=\"ez-toc-v2_0_82_2 counter-hierarchy ez-toc-counter ez-toc-custom ez-toc-container-direction\">\n<div class=\"ez-toc-title-container\">\n<p class=\"ez-toc-title\" style=\"cursor:inherit\">Ce que vous allez apprendre<\/p>\n<span class=\"ez-toc-title-toggle\"><\/span><\/div>\n<nav><ul class='ez-toc-list ez-toc-list-level-1 ' ><li class='ez-toc-page-1 ez-toc-heading-level-2'><a class=\"ez-toc-link ez-toc-heading-1\" href=\"https:\/\/www.mydemenageur.com\/blog\/veranda-terrasse\/#les-criteres-de-choix-dune-veranda-pour-terrasse\" >Les crit\u00e8res de choix d&rsquo;une v\u00e9randa pour terrasse<\/a><\/li><li class='ez-toc-page-1 ez-toc-heading-level-2'><a class=\"ez-toc-link ez-toc-heading-2\" href=\"https:\/\/www.mydemenageur.com\/blog\/veranda-terrasse\/#veranda-pour-terrasse-a-ne-pas-confondre-avec-la-pergola\" >V\u00e9randa pour terrasse : \u00e0 ne pas confondre avec la pergola<\/a><\/li><\/ul><\/nav><\/div>\n<h2><span class=\"ez-toc-section\" id=\"les-criteres-de-choix-dune-veranda-pour-terrasse\"><\/span>Les crit\u00e8res de choix d&rsquo;une v\u00e9randa pour terrasse<span class=\"ez-toc-section-end\"><\/span><\/h2>\n<p>Si vous souhaitez couvrir et <a href=\"https:\/\/www.mydemenageur.com\/blog\/amenagement-terrasse\">am\u00e9nager votre terrasse<\/a>, y installer une v\u00e9randa est une bonne id\u00e9e : la terrasse sera couverte et cela vous permettra de <strong>conserver de la fra\u00eecheur<\/strong> quand il fait chaud, et de la chaleur quand il fait frais. Vous pourrez construire votre v\u00e9randa <strong>en diff\u00e9rents mat\u00e9riaux<\/strong> ; toutefois, nous vous recommandons l\u2019aluminium pour un style moderne et tendance. De plus, opter pour l\u2019aluminium comme mat\u00e9riau de base rallonge la dur\u00e9e de vie de votre v\u00e9randa, car il est r\u00e9sistant et ne rouille pas. Aussi, votre v\u00e9randa sera<strong> facile \u00e0 nettoyer<\/strong>. Le seul p\u00e9pin avec l\u2019aluminium est qu\u2019il faut pr\u00e9voir une rupture de pont thermique. Si l\u2019aluminium ne vous tente pas des masses, vous pouvez vous tourner vers les v\u00e9randas en PVC : vous b\u00e9n\u00e9ficiez ainsi d\u2019un excellent rapport qualit\u00e9\/prix, car le PVC est moins cher que beaucoup d\u2019autres mat\u00e9riaux, et est<strong> facilement mall\u00e9able.<\/strong> De ce fait, vous pouvez jouer sur les formes et cr\u00e9er un design \u00e0 votre image. Contrairement \u00e0 l\u2019aluminium, le PVC a <strong>une bonne isolation thermique<\/strong>. Il est \u00e9galement facile \u00e0 entretenir, car il ne demande que de l\u2019eau savonneuse. Si vous pr\u00e9f\u00e9rez vous tourner vers un mat\u00e9riau plus naturel, vous pouvez am\u00e9nager votre v\u00e9randa en bois : cela lui conf\u00e9rera un cachet unique. De plus, le bois est un mat\u00e9riau<strong> r\u00e9sistant et facile \u00e0 r\u00e9parer.<\/strong> Une fois votre choix fait, vous pouvez continuer l\u2019am\u00e9nagement de la terrasse en y apportant d\u2019autres \u00e9l\u00e9ments, comme un <a href=\"https:\/\/www.mydemenageur.com\/blog\/chauffage-terrasse\">chauffage pour terrasse<\/a> ou un <a href=\"https:\/\/www.mydemenageur.com\/blog\/eclairage-exterieur-terrasse\">\u00e9clairage pour ext\u00e9rieur<\/a>.<\/p>\n<h2><span class=\"ez-toc-section\" id=\"veranda-pour-terrasse-a-ne-pas-confondre-avec-la-pergola\"><\/span>V\u00e9randa pour terrasse : \u00e0 ne pas confondre avec la pergola<span class=\"ez-toc-section-end\"><\/span><\/h2>\n<p>Tant la v\u00e9randa que la pergola sont <strong>des zones interm\u00e9diaires<\/strong> qui relient l\u2019int\u00e9rieur de la maison \u00e0 l\u2019ext\u00e9rieur. Ce sont des structures que vous pouvez am\u00e9nager sans n\u00e9cessit\u00e9 de cr\u00e9ation d\u2019appui, et elles peuvent \u00eatre faites avec divers mat\u00e9riaux. N\u00e9anmoins, ces deux structures <strong>restent bien diff\u00e9rentes, <\/strong>et il ne faut pas les confondre. Leurs dissimilitudes r\u00e9sident dans :<\/p>\n<ul>\n<li>Les ouvertures sur les c\u00f4t\u00e9s ;<\/li>\n<li>Le permis de construire ;<\/li>\n<li>L\u2019isolation thermique.<\/li>\n<\/ul>\n<p>Une v\u00e9randa est un espace enti\u00e8rement<strong> clos avec du vitrage<\/strong>. Quant \u00e0 la pergola, elle est couverte d\u2019en haut, mais reste ouverte des deux c\u00f4t\u00e9s. Cette premi\u00e8re diff\u00e9rence est la base de la seconde : la pergola \u00e9tant un espace ouvert, elle ne n\u00e9cessite pas de ventilation. Quant \u00e0 la v\u00e9randa, elle doit avoir une toiture avec <strong>une bonne isolation thermique<\/strong> pour conserver la chaleur et le froid \u00e0 l\u2019int\u00e9rieur, et marquer la diff\u00e9rence de temp\u00e9ratures entre l\u2019int\u00e9rieur et l\u2019ext\u00e9rieur. La troisi\u00e8me et derni\u00e8re distinction est la d\u00e9claration ou le permis de construire : la construction d\u2019une v\u00e9randa requiert <strong>l\u2019obtention d\u2019un permis de construire,<\/strong> tandis que la pergola demande une d\u00e9claration de travaux.<\/p>\n","protected":false},"excerpt":{"rendered":"<p>\u00c0 l\u2019arriv\u00e9e des beaux jours, on s\u2019imagine vite passer un maximum de temps sur la terrasse, \u00e0 se pr\u00e9lasser au<\/p>\n","protected":false},"author":11,"featured_media":26767,"comment_status":"closed","ping_status":"closed","sticky":false,"template":"","format":"standard","meta":{"_lmt_disableupdate":"","_lmt_disable":"","footnotes":""},"categories":[22],"tags":[114],"yoast_head":"<!-- This site is optimized with the Yoast SEO Premium plugin v24.2 (Yoast SEO v24.5) - https:\/\/yoast.com\/wordpress\/plugins\/seo\/ -->\n<title>V\u00e9randa pour terrasse : comment la choisir ?<\/title>\n<meta name=\"description\" content=\"Comment bien choisir la v\u00e9randa pour votre terrasse, comment faire, comment la poser et choisir le bon professionnel\" \/>\n<meta name=\"robots\" content=\"index, follow, max-snippet:-1, max-image-preview:large, max-video-preview:-1\" \/>\n<link rel=\"canonical\" href=\"https:\/\/www.mydemenageur.com\/blog\/veranda-terrasse\/\" \/>\n<meta property=\"og:locale\" content=\"fr_FR\" \/>\n<meta property=\"og:type\" content=\"article\" \/>\n<meta property=\"og:title\" content=\"Quelle v\u00e9randa choisir pour la terrasse ?\" \/>\n<meta property=\"og:description\" content=\"Comment bien choisir la v\u00e9randa pour votre terrasse, comment faire, comment la poser et choisir le bon professionnel\" \/>\n<meta property=\"og:url\" content=\"https:\/\/www.mydemenageur.com\/blog\/veranda-terrasse\/\" \/>\n<meta property=\"og:site_name\" content=\"MyDemenageur\" \/>\n<meta property=\"article:publisher\" content=\"https:\/\/www.facebook.com\/mydemenageur\" \/>\n<meta property=\"article:published_time\" content=\"2022-01-29T00:00:00+00:00\" \/>\n<meta property=\"article:modified_time\" content=\"2022-05-21T10:24:05+00:00\" \/>\n<meta property=\"og:image\" content=\"https:\/\/www.mydemenageur.com\/blog\/wp-content\/uploads\/2022\/01\/a-young-woman-wearing-sunglasses-holding-an-orange-smile-white-teeth-bamboo-hippie-boho-free-people_t20_R0z9zm.jpg\" \/>\n\t<meta property=\"og:image:width\" content=\"1033\" \/>\n\t<meta property=\"og:image:height\" content=\"689\" \/>\n\t<meta property=\"og:image:type\" content=\"image\/jpeg\" \/>\n<meta name=\"author\" content=\"Mathilde\" \/>\n<meta name=\"twitter:card\" content=\"summary_large_image\" \/>\n<meta name=\"twitter:creator\" content=\"@mydemenageur\" \/>\n<meta name=\"twitter:site\" content=\"@mydemenageur\" \/>\n<meta name=\"twitter:label1\" content=\"\u00c9crit par\" \/>\n\t<meta name=\"twitter:data1\" content=\"Mathilde\" \/>\n\t<meta name=\"twitter:label2\" content=\"Dur\u00e9e de lecture estim\u00e9e\" \/>\n\t<meta name=\"twitter:data2\" content=\"3 minutes\" \/>\n<script type=\"application\/ld+json\" class=\"yoast-schema-graph\">{\"@context\":\"https:\/\/schema.org\",\"@graph\":[{\"@type\":\"Article\",\"@id\":\"https:\/\/www.mydemenageur.com\/blog\/veranda-terrasse\/#article\",\"isPartOf\":{\"@id\":\"https:\/\/www.mydemenageur.com\/blog\/veranda-terrasse\/\"},\"author\":{\"name\":\"Mathilde\",\"@id\":\"https:\/\/www.mydemenageur.com\/blog\/#\/schema\/person\/4540dc333c2e7dc790f0f7bcd5b99569\"},\"headline\":\"Quelle v\u00e9randa choisir pour la terrasse ?\",\"datePublished\":\"2022-01-29T00:00:00+00:00\",\"dateModified\":\"2022-05-21T10:24:05+00:00\",\"mainEntityOfPage\":{\"@id\":\"https:\/\/www.mydemenageur.com\/blog\/veranda-terrasse\/\"},\"wordCount\":599,\"publisher\":{\"@id\":\"https:\/\/www.mydemenageur.com\/blog\/#organization\"},\"image\":{\"@id\":\"https:\/\/www.mydemenageur.com\/blog\/veranda-terrasse\/#primaryimage\"},\"thumbnailUrl\":\"https:\/\/www.mydemenageur.com\/blog\/wp-content\/uploads\/2022\/01\/a-young-woman-wearing-sunglasses-holding-an-orange-smile-white-teeth-bamboo-hippie-boho-free-people_t20_R0z9zm.jpg\",\"keywords\":[\"Am\u00e9nagement\"],\"articleSection\":[\"Bricolage\"],\"inLanguage\":\"fr-FR\"},{\"@type\":\"WebPage\",\"@id\":\"https:\/\/www.mydemenageur.com\/blog\/veranda-terrasse\/\",\"url\":\"https:\/\/www.mydemenageur.com\/blog\/veranda-terrasse\/\",\"name\":\"V\u00e9randa pour terrasse : comment la choisir ?\",\"isPartOf\":{\"@id\":\"https:\/\/www.mydemenageur.com\/blog\/#website\"},\"primaryImageOfPage\":{\"@id\":\"https:\/\/www.mydemenageur.com\/blog\/veranda-terrasse\/#primaryimage\"},\"image\":{\"@id\":\"https:\/\/www.mydemenageur.com\/blog\/veranda-terrasse\/#primaryimage\"},\"thumbnailUrl\":\"https:\/\/www.mydemenageur.com\/blog\/wp-content\/uploads\/2022\/01\/a-young-woman-wearing-sunglasses-holding-an-orange-smile-white-teeth-bamboo-hippie-boho-free-people_t20_R0z9zm.jpg\",\"datePublished\":\"2022-01-29T00:00:00+00:00\",\"dateModified\":\"2022-05-21T10:24:05+00:00\",\"description\":\"Comment bien choisir la v\u00e9randa pour votre terrasse, comment faire, comment la poser et choisir le bon professionnel\",\"breadcrumb\":{\"@id\":\"https:\/\/www.mydemenageur.com\/blog\/veranda-terrasse\/#breadcrumb\"},\"inLanguage\":\"fr-FR\",\"potentialAction\":[{\"@type\":\"ReadAction\",\"target\":[\"https:\/\/www.mydemenageur.com\/blog\/veranda-terrasse\/\"]}]},{\"@type\":\"ImageObject\",\"inLanguage\":\"fr-FR\",\"@id\":\"https:\/\/www.mydemenageur.com\/blog\/veranda-terrasse\/#primaryimage\",\"url\":\"https:\/\/www.mydemenageur.com\/blog\/wp-content\/uploads\/2022\/01\/a-young-woman-wearing-sunglasses-holding-an-orange-smile-white-teeth-bamboo-hippie-boho-free-people_t20_R0z9zm.jpg\",\"contentUrl\":\"https:\/\/www.mydemenageur.com\/blog\/wp-content\/uploads\/2022\/01\/a-young-woman-wearing-sunglasses-holding-an-orange-smile-white-teeth-bamboo-hippie-boho-free-people_t20_R0z9zm.jpg\",\"width\":1033,\"height\":689},{\"@type\":\"BreadcrumbList\",\"@id\":\"https:\/\/www.mydemenageur.com\/blog\/veranda-terrasse\/#breadcrumb\",\"itemListElement\":[{\"@type\":\"ListItem\",\"position\":1,\"name\":\"Accueil\",\"item\":\"https:\/\/www.mydemenageur.com\/blog\/\"},{\"@type\":\"ListItem\",\"position\":2,\"name\":\"Bricolage\",\"item\":\"https:\/\/www.mydemenageur.com\/blog\/categorie\/bricolage\/\"},{\"@type\":\"ListItem\",\"position\":3,\"name\":\"Quelle v\u00e9randa choisir pour la terrasse ?\"}]},{\"@type\":\"WebSite\",\"@id\":\"https:\/\/www.mydemenageur.com\/blog\/#website\",\"url\":\"https:\/\/www.mydemenageur.com\/blog\/\",\"name\":\"MyDemenageur\",\"description\":\"Conseils d\u00e9m\u00e9ngement entre particuliers et d\u00e9m\u00e9nagement professionnel\",\"publisher\":{\"@id\":\"https:\/\/www.mydemenageur.com\/blog\/#organization\"},\"potentialAction\":[{\"@type\":\"SearchAction\",\"target\":{\"@type\":\"EntryPoint\",\"urlTemplate\":\"https:\/\/www.mydemenageur.com\/blog\/?s={search_term_string}\"},\"query-input\":{\"@type\":\"PropertyValueSpecification\",\"valueRequired\":true,\"valueName\":\"search_term_string\"}}],\"inLanguage\":\"fr-FR\"},{\"@type\":\"Organization\",\"@id\":\"https:\/\/www.mydemenageur.com\/blog\/#organization\",\"name\":\"MyDemenageur.com\",\"url\":\"https:\/\/www.mydemenageur.com\/blog\/\",\"logo\":{\"@type\":\"ImageObject\",\"inLanguage\":\"fr-FR\",\"@id\":\"https:\/\/www.mydemenageur.com\/blog\/#\/schema\/logo\/image\/\",\"url\":\"https:\/\/www.mydemenageur.com\/blog\/wp-content\/uploads\/2022\/05\/MyDemenageur_Symbol.jpg\",\"contentUrl\":\"https:\/\/www.mydemenageur.com\/blog\/wp-content\/uploads\/2022\/05\/MyDemenageur_Symbol.jpg\",\"width\":878,\"height\":877,\"caption\":\"MyDemenageur.com\"},\"image\":{\"@id\":\"https:\/\/www.mydemenageur.com\/blog\/#\/schema\/logo\/image\/\"},\"sameAs\":[\"https:\/\/www.facebook.com\/mydemenageur\",\"https:\/\/x.com\/mydemenageur\",\"https:\/\/www.pinterest.fr\/mydemenageur\/\"]},{\"@type\":\"Person\",\"@id\":\"https:\/\/www.mydemenageur.com\/blog\/#\/schema\/person\/4540dc333c2e7dc790f0f7bcd5b99569\",\"name\":\"Mathilde\",\"image\":{\"@type\":\"ImageObject\",\"inLanguage\":\"fr-FR\",\"@id\":\"https:\/\/www.mydemenageur.com\/blog\/#\/schema\/person\/image\/\",\"url\":\"https:\/\/secure.gravatar.com\/avatar\/abde069f6f70261ee6ecea93e0437d77?s=96&#038;r=g\",\"contentUrl\":\"https:\/\/secure.gravatar.com\/avatar\/abde069f6f70261ee6ecea93e0437d77?s=96&#038;r=g\",\"caption\":\"Mathilde\"},\"description\":\"L'harmonie des couleurs et des objets m'a toujours fascin\u00e9e, transformant chaque pi\u00e8ce en un lieu unique et agr\u00e9able \u00e0 vivre. Sur MyDemenageur, vous trouverez non seulement des inspirations personnelles, mais aussi des informations r\u00e9centes sur le monde de la d\u00e9coration, les projets de maison, le d\u00e9m\u00e9nagement et les travaux.\",\"url\":\"https:\/\/www.mydemenageur.com\/blog\/author\/mathilde\/\"}]}<\/script>\n<!-- \/ Yoast SEO Premium plugin. -->","yoast_head_json":{"title":"V\u00e9randa pour terrasse : comment la choisir ?","description":"Comment bien choisir la v\u00e9randa pour votre terrasse, comment faire, comment la poser et choisir le bon professionnel","robots":{"index":"index","follow":"follow","max-snippet":"max-snippet:-1","max-image-preview":"max-image-preview:large","max-video-preview":"max-video-preview:-1"},"canonical":"https:\/\/www.mydemenageur.com\/blog\/veranda-terrasse\/","og_locale":"fr_FR","og_type":"article","og_title":"Quelle v\u00e9randa choisir pour la terrasse ?","og_description":"Comment bien choisir la v\u00e9randa pour votre terrasse, comment faire, comment la poser et choisir le bon professionnel","og_url":"https:\/\/www.mydemenageur.com\/blog\/veranda-terrasse\/","og_site_name":"MyDemenageur","article_publisher":"https:\/\/www.facebook.com\/mydemenageur","article_published_time":"2022-01-29T00:00:00+00:00","article_modified_time":"2022-05-21T10:24:05+00:00","og_image":[{"width":1033,"height":689,"url":"https:\/\/www.mydemenageur.com\/blog\/wp-content\/uploads\/2022\/01\/a-young-woman-wearing-sunglasses-holding-an-orange-smile-white-teeth-bamboo-hippie-boho-free-people_t20_R0z9zm.jpg","type":"image\/jpeg"}],"author":"Mathilde","twitter_card":"summary_large_image","twitter_creator":"@mydemenageur","twitter_site":"@mydemenageur","twitter_misc":{"\u00c9crit par":"Mathilde","Dur\u00e9e de lecture estim\u00e9e":"3 minutes"},"schema":{"@context":"https:\/\/schema.org","@graph":[{"@type":"Article","@id":"https:\/\/www.mydemenageur.com\/blog\/veranda-terrasse\/#article","isPartOf":{"@id":"https:\/\/www.mydemenageur.com\/blog\/veranda-terrasse\/"},"author":{"name":"Mathilde","@id":"https:\/\/www.mydemenageur.com\/blog\/#\/schema\/person\/4540dc333c2e7dc790f0f7bcd5b99569"},"headline":"Quelle v\u00e9randa choisir pour la terrasse ?","datePublished":"2022-01-29T00:00:00+00:00","dateModified":"2022-05-21T10:24:05+00:00","mainEntityOfPage":{"@id":"https:\/\/www.mydemenageur.com\/blog\/veranda-terrasse\/"},"wordCount":599,"publisher":{"@id":"https:\/\/www.mydemenageur.com\/blog\/#organization"},"image":{"@id":"https:\/\/www.mydemenageur.com\/blog\/veranda-terrasse\/#primaryimage"},"thumbnailUrl":"https:\/\/www.mydemenageur.com\/blog\/wp-content\/uploads\/2022\/01\/a-young-woman-wearing-sunglasses-holding-an-orange-smile-white-teeth-bamboo-hippie-boho-free-people_t20_R0z9zm.jpg","keywords":["Am\u00e9nagement"],"articleSection":["Bricolage"],"inLanguage":"fr-FR"},{"@type":"WebPage","@id":"https:\/\/www.mydemenageur.com\/blog\/veranda-terrasse\/","url":"https:\/\/www.mydemenageur.com\/blog\/veranda-terrasse\/","name":"V\u00e9randa pour terrasse : comment la choisir ?","isPartOf":{"@id":"https:\/\/www.mydemenageur.com\/blog\/#website"},"primaryImageOfPage":{"@id":"https:\/\/www.mydemenageur.com\/blog\/veranda-terrasse\/#primaryimage"},"image":{"@id":"https:\/\/www.mydemenageur.com\/blog\/veranda-terrasse\/#primaryimage"},"thumbnailUrl":"https:\/\/www.mydemenageur.com\/blog\/wp-content\/uploads\/2022\/01\/a-young-woman-wearing-sunglasses-holding-an-orange-smile-white-teeth-bamboo-hippie-boho-free-people_t20_R0z9zm.jpg","datePublished":"2022-01-29T00:00:00+00:00","dateModified":"2022-05-21T10:24:05+00:00","description":"Comment bien choisir la v\u00e9randa pour votre terrasse, comment faire, comment la poser et choisir le bon professionnel","breadcrumb":{"@id":"https:\/\/www.mydemenageur.com\/blog\/veranda-terrasse\/#breadcrumb"},"inLanguage":"fr-FR","potentialAction":[{"@type":"ReadAction","target":["https:\/\/www.mydemenageur.com\/blog\/veranda-terrasse\/"]}]},{"@type":"ImageObject","inLanguage":"fr-FR","@id":"https:\/\/www.mydemenageur.com\/blog\/veranda-terrasse\/#primaryimage","url":"https:\/\/www.mydemenageur.com\/blog\/wp-content\/uploads\/2022\/01\/a-young-woman-wearing-sunglasses-holding-an-orange-smile-white-teeth-bamboo-hippie-boho-free-people_t20_R0z9zm.jpg","contentUrl":"https:\/\/www.mydemenageur.com\/blog\/wp-content\/uploads\/2022\/01\/a-young-woman-wearing-sunglasses-holding-an-orange-smile-white-teeth-bamboo-hippie-boho-free-people_t20_R0z9zm.jpg","width":1033,"height":689},{"@type":"BreadcrumbList","@id":"https:\/\/www.mydemenageur.com\/blog\/veranda-terrasse\/#breadcrumb","itemListElement":[{"@type":"ListItem","position":1,"name":"Accueil","item":"https:\/\/www.mydemenageur.com\/blog\/"},{"@type":"ListItem","position":2,"name":"Bricolage","item":"https:\/\/www.mydemenageur.com\/blog\/categorie\/bricolage\/"},{"@type":"ListItem","position":3,"name":"Quelle v\u00e9randa choisir pour la terrasse ?"}]},{"@type":"WebSite","@id":"https:\/\/www.mydemenageur.com\/blog\/#website","url":"https:\/\/www.mydemenageur.com\/blog\/","name":"MyDemenageur","description":"Conseils d\u00e9m\u00e9ngement entre particuliers et d\u00e9m\u00e9nagement professionnel","publisher":{"@id":"https:\/\/www.mydemenageur.com\/blog\/#organization"},"potentialAction":[{"@type":"SearchAction","target":{"@type":"EntryPoint","urlTemplate":"https:\/\/www.mydemenageur.com\/blog\/?s={search_term_string}"},"query-input":{"@type":"PropertyValueSpecification","valueRequired":true,"valueName":"search_term_string"}}],"inLanguage":"fr-FR"},{"@type":"Organization","@id":"https:\/\/www.mydemenageur.com\/blog\/#organization","name":"MyDemenageur.com","url":"https:\/\/www.mydemenageur.com\/blog\/","logo":{"@type":"ImageObject","inLanguage":"fr-FR","@id":"https:\/\/www.mydemenageur.com\/blog\/#\/schema\/logo\/image\/","url":"https:\/\/www.mydemenageur.com\/blog\/wp-content\/uploads\/2022\/05\/MyDemenageur_Symbol.jpg","contentUrl":"https:\/\/www.mydemenageur.com\/blog\/wp-content\/uploads\/2022\/05\/MyDemenageur_Symbol.jpg","width":878,"height":877,"caption":"MyDemenageur.com"},"image":{"@id":"https:\/\/www.mydemenageur.com\/blog\/#\/schema\/logo\/image\/"},"sameAs":["https:\/\/www.facebook.com\/mydemenageur","https:\/\/x.com\/mydemenageur","https:\/\/www.pinterest.fr\/mydemenageur\/"]},{"@type":"Person","@id":"https:\/\/www.mydemenageur.com\/blog\/#\/schema\/person\/4540dc333c2e7dc790f0f7bcd5b99569","name":"Mathilde","image":{"@type":"ImageObject","inLanguage":"fr-FR","@id":"https:\/\/www.mydemenageur.com\/blog\/#\/schema\/person\/image\/","url":"https:\/\/secure.gravatar.com\/avatar\/abde069f6f70261ee6ecea93e0437d77?s=96&#038;r=g","contentUrl":"https:\/\/secure.gravatar.com\/avatar\/abde069f6f70261ee6ecea93e0437d77?s=96&#038;r=g","caption":"Mathilde"},"description":"L'harmonie des couleurs et des objets m'a toujours fascin\u00e9e, transformant chaque pi\u00e8ce en un lieu unique et agr\u00e9able \u00e0 vivre. Sur MyDemenageur, vous trouverez non seulement des inspirations personnelles, mais aussi des informations r\u00e9centes sur le monde de la d\u00e9coration, les projets de maison, le d\u00e9m\u00e9nagement et les travaux.","url":"https:\/\/www.mydemenageur.com\/blog\/author\/mathilde\/"}]}},"modified_by":"MyDemenageur","_links":{"self":[{"href":"https:\/\/www.mydemenageur.com\/blog\/wp-json\/wp\/v2\/posts\/26798"}],"collection":[{"href":"https:\/\/www.mydemenageur.com\/blog\/wp-json\/wp\/v2\/posts"}],"about":[{"href":"https:\/\/www.mydemenageur.com\/blog\/wp-json\/wp\/v2\/types\/post"}],"author":[{"embeddable":true,"href":"https:\/\/www.mydemenageur.com\/blog\/wp-json\/wp\/v2\/users\/11"}],"replies":[{"embeddable":true,"href":"https:\/\/www.mydemenageur.com\/blog\/wp-json\/wp\/v2\/comments?post=26798"}],"version-history":[{"count":0,"href":"https:\/\/www.mydemenageur.com\/blog\/wp-json\/wp\/v2\/posts\/26798\/revisions"}],"wp:featuredmedia":[{"embeddable":true,"href":"https:\/\/www.mydemenageur.com\/blog\/wp-json\/wp\/v2\/media\/26767"}],"wp:attachment":[{"href":"https:\/\/www.mydemenageur.com\/blog\/wp-json\/wp\/v2\/media?parent=26798"}],"wp:term":[{"taxonomy":"category","embeddable":true,"href":"https:\/\/www.mydemenageur.com\/blog\/wp-json\/wp\/v2\/categories?post=26798"},{"taxonomy":"post_tag","embeddable":true,"href":"https:\/\/www.mydemenageur.com\/blog\/wp-json\/wp\/v2\/tags?post=26798"}],"curies":[{"name":"wp","href":"https:\/\/api.w.org\/{rel}","templated":true}]}}