{"id":27808,"date":"2022-04-27T10:01:43","date_gmt":"2022-04-27T10:01:43","guid":{"rendered":"https:\/\/www.mydemenageur.com\/blog\/?p=27808"},"modified":"2024-09-14T15:31:34","modified_gmt":"2024-09-14T15:31:34","slug":"local-debarras","status":"publish","type":"post","link":"https:\/\/www.mydemenageur.com\/blog\/local-debarras\/","title":{"rendered":"Comment d\u00e9sencombrer un local d\u00e9barras ?"},"content":{"rendered":"<p>Il arrive que l&rsquo;espace habit\u00e9 soit trop petit pour \u00eatre exploit\u00e9, que ce soit un bureau, une surface de stockage, un garage, un local administratif ou un espace de production. Est-il pour autant n\u00e9cessaire d&rsquo;entamer une longue recherche d&rsquo;un bien locatif ? Certainement pas. <strong>Les services propos\u00e9s par les experts des soci\u00e9t\u00e9s de d\u00e9barras<\/strong> comprennent notamment les d\u00e9placements professionnels, les op\u00e9rations de vente et d&rsquo;achat de biens commerciaux, les fermetures d&rsquo;entreprises et les liquidations judiciaires. De plus, elle s&rsquo;occupe de tout, m\u00eame de la <strong>suppression de certaines de vos archives<\/strong> si n\u00e9cessaire, quelles que soient vos dispositions ou vos limites.<\/p>\n<hr \/>\n<p style=\"text-align: center;\"><span style=\"color: #8142ff;\"><strong>Des experts lib\u00e8rent vos encombrants. Recevez un devis gratuitement en 1 heure !<\/strong><\/span><\/p>\n\n<div id=\"ez-toc-container\" class=\"ez-toc-v2_0_82_2 counter-hierarchy ez-toc-counter ez-toc-custom ez-toc-container-direction\">\n<div class=\"ez-toc-title-container\">\n<p class=\"ez-toc-title\" style=\"cursor:inherit\">Ce que vous allez apprendre<\/p>\n<span class=\"ez-toc-title-toggle\"><\/span><\/div>\n<nav><ul class='ez-toc-list ez-toc-list-level-1 ' ><li class='ez-toc-page-1 ez-toc-heading-level-2'><a class=\"ez-toc-link ez-toc-heading-1\" href=\"https:\/\/www.mydemenageur.com\/blog\/local-debarras\/#quelle-est-la-procedure-a-suivre-pour-faire-appel-a-un-service-de-debarras-des-ordures-menageres\" >Quelle est la proc\u00e9dure \u00e0 suivre pour faire appel \u00e0 un service de d\u00e9barras des ordures m\u00e9nag\u00e8res ?<\/a><\/li><li class='ez-toc-page-1 ez-toc-heading-level-2'><a class=\"ez-toc-link ez-toc-heading-2\" href=\"https:\/\/www.mydemenageur.com\/blog\/local-debarras\/#pourquoi-faire-appel-a-un-service-de-debarras-pour-votre-local\" >Pourquoi faire appel \u00e0 un service de d\u00e9barras pour votre local?<\/a><ul class='ez-toc-list-level-3' ><li class='ez-toc-heading-level-3'><a class=\"ez-toc-link ez-toc-heading-3\" href=\"https:\/\/www.mydemenageur.com\/blog\/local-debarras\/#comment-debarrasser-un-local-contenant-des-meubles-genants\" >Comment d\u00e9barrasser un local contenant des meubles g\u00eanants ?<\/a><\/li><li class='ez-toc-page-1 ez-toc-heading-level-3'><a class=\"ez-toc-link ez-toc-heading-4\" href=\"https:\/\/www.mydemenageur.com\/blog\/local-debarras\/#comment-debarrasser-un-local-contenant-des-appareils-informatiques\" >Comment d\u00e9barrasser un local contenant des appareils informatiques ?<\/a><\/li><li class='ez-toc-page-1 ez-toc-heading-level-3'><a class=\"ez-toc-link ez-toc-heading-5\" href=\"https:\/\/www.mydemenageur.com\/blog\/local-debarras\/#comment-desencombrer-un-local-industriel\" >Comment d\u00e9sencombrer un local industriel ?<\/a><\/li><\/ul><\/li><li class='ez-toc-page-1 ez-toc-heading-level-2'><a class=\"ez-toc-link ez-toc-heading-6\" href=\"https:\/\/www.mydemenageur.com\/blog\/local-debarras\/#quel-est-le-cout-du-debarras-dun-local-dentreprise\" >Quel est le cout du d\u00e9barras d&rsquo;un local d&rsquo;entreprise ?<\/a><\/li><\/ul><\/nav><\/div>\n<h2><span class=\"ez-toc-section\" id=\"quelle-est-la-procedure-a-suivre-pour-faire-appel-a-un-service-de-debarras-des-ordures-menageres\"><\/span>Quelle est la proc\u00e9dure \u00e0 suivre pour faire appel \u00e0 un service de d\u00e9barras des ordures m\u00e9nag\u00e8res ?<span class=\"ez-toc-section-end\"><\/span><\/h2>\n<p>Les compagnies sp\u00e9cialis\u00e9es dans le rangement des d\u00e9barras ont pour objectif de <strong>nettoyer, d\u00e9barrasser, <\/strong>et m\u00eame <strong>ranger les locaux<\/strong>. Que ce soit pour :<\/p>\n<ul>\n<li>Un bureau ;<\/li>\n<li>Un hangar de stockage industriel ;<\/li>\n<li>Une surface de b\u00e2timent commercial ou autre ;<\/li>\n<li>Une <a href=\"https:\/\/www.mydemenageur.com\/blog\/debarras-de-maison\/\">habitation<\/a> ;<\/li>\n<li>Un <a href=\"https:\/\/www.mydemenageur.com\/blog\/debarrassage-de-cave\/\">sous-sol<\/a> ou un garage.<\/li>\n<\/ul>\n<p>Les experts en d\u00e9sencombrement de votre ville, ainsi que dans toute la France, s&rsquo;occupent de tout. Les \u00e9quipes arrivent sur les locaux <strong>apr\u00e8s une prise de contact pour \u00e9valuer l&rsquo;ampleur du d\u00e9sencombrement et d\u00e9terminer la demande de stockage, de nettoyage, de d\u00e9blaiement et de d\u00e9gagemen<\/strong>t.<\/p>\n<p><img decoding=\"async\" class=\"aligncenter wp-image-30550 size-full\" src=\"https:\/\/www.mydemenageur.com\/blog\/wp-content\/uploads\/2022\/04\/debarras-de-logement.jpg\" alt=\"d\u00e9barras d'un local\" width=\"900\" height=\"600\" srcset=\"https:\/\/www.mydemenageur.com\/blog\/wp-content\/uploads\/2022\/04\/debarras-de-logement.jpg 900w, https:\/\/www.mydemenageur.com\/blog\/wp-content\/uploads\/2022\/04\/debarras-de-logement-300x200.jpg 300w, https:\/\/www.mydemenageur.com\/blog\/wp-content\/uploads\/2022\/04\/debarras-de-logement-768x512.jpg 768w\" sizes=\"(max-width: 900px) 100vw, 900px\" \/><\/p>\n<h2><span class=\"ez-toc-section\" id=\"pourquoi-faire-appel-a-un-service-de-debarras-pour-votre-local\"><\/span>Pourquoi faire appel \u00e0 un service de d\u00e9barras pour votre local?<span class=\"ez-toc-section-end\"><\/span><\/h2>\n<p><a href=\"https:\/\/www.mydemenageur.com\/blog\/debarras-services\">Le service de d\u00e9barras<\/a> a pour mission notamment et uniquement de <a href=\"https:\/\/www.mydemenageur.com\/blog\/deblaiement-debarras\/\">vider et d\u00e9barrasser les locaux<\/a> ( offices, magasins, etc.). Que ce soit pour une op\u00e9ration dans le cadre d&rsquo;un projet d&rsquo;<strong>am\u00e9nagement, <\/strong>d&rsquo;une<strong> r\u00e9organisation,<\/strong> de <strong>relocalisation,<\/strong> ainsi que pour des diff\u00e9rentes formes des travaux (apr\u00e8s que les \u00e9tapes aupr\u00e8s de l&rsquo;assurance aient \u00e9t\u00e9 effectu\u00e9es), les d\u00e9sordres seront retir\u00e9s. Selon la composition de ces objets encombrants et par rapport \u00e0 ce qui a \u00e9t\u00e9 d\u00e9termin\u00e9 dans le budget : ils seront <strong>recycl\u00e9s, \u00e9limin\u00e9s ou encore revendus \u00e0 des associations<\/strong>. De plus, en fonction de la disposition des locaux, ainsi que les moyens d&rsquo;acc\u00e8s \u00e0 la surface \u00e0 \u00e9vacuer. En bref, le local que vous souhaitez d\u00e9barrasser serai <strong>vide et bien rang\u00e9<\/strong> touts en<strong> respectant les r\u00e8gles d&rsquo;organisation et d&rsquo;hygi\u00e8ne<\/strong> en vigueur.<\/p>\n<h3><span class=\"ez-toc-section\" id=\"comment-debarrasser-un-local-contenant-des-meubles-genants\"><\/span>Comment d\u00e9barrasser un local contenant des meubles g\u00eanants ?<span class=\"ez-toc-section-end\"><\/span><\/h3>\n<p>Les <a href=\"https:\/\/www.mydemenageur.com\/blog\/debarrassage-de-meuble\/\">gros meubles<\/a> doivent \u00eatre d\u00e9mont\u00e9s avant d&rsquo;\u00eatre stock\u00e9s pour gagner de l&rsquo;espace. Cela implique, entre autres, de d\u00e9monter les t\u00eates de lit, les cadres de lit et les matelas, ainsi que les pieds de table. Les objets doivent \u00eatre maintenus en position verticale vers l&rsquo;arri\u00e8re (\u00e0 l&rsquo;exception des matelas, qui doivent \u00eatre stock\u00e9s \u00e0 plat). Vous pouvez <strong>lib\u00e9rer de l&rsquo;espace au sol en rangeant les meubles \u00e0 la position verticale o\u00f9 bien sur le c\u00f4t\u00e9<\/strong>, notamment comme les t\u00eates de lit. En effet, Si votre table \u00e0 manger n&rsquo;est pas amovible, pensez \u00e0 l&rsquo;utiliser comme \u00e9tag\u00e8re suppl\u00e9mentaire pour les bo\u00eetes empil\u00e9es dans le d\u00e9barras. Pour cela , vous pouvez faire appel aux <a href=\"https:\/\/www.mydemenageur.com\/blog\/contrat-debarras-maison\/\"><strong>entreprises de <\/strong><\/a><strong>d\u00e9barras d&rsquo;objets de gros volumes<\/strong> .<\/p>\n\n<h3><span class=\"ez-toc-section\" id=\"comment-debarrasser-un-local-contenant-des-appareils-informatiques\"><\/span>Comment d\u00e9barrasser un local contenant des appareils informatiques ?<span class=\"ez-toc-section-end\"><\/span><\/h3>\n<p>Votre \u00e9quipement informatique vient d&rsquo;\u00eatre mis \u00e0 niveau et vous ne savez pas comment traiter la question de l&rsquo;\u00e9limination du mat\u00e9riel informatique obsol\u00e8te ? Vous pouvez b\u00e9n\u00e9ficiez des prestations des services d&rsquo;une soci\u00e9t\u00e9 sp\u00e9cialis\u00e9e en d\u00e9barrassage. Cette derni\u00e8re pourra r\u00e9pondre \u00e0 vos demandes en <strong>collectant le mat\u00e9riel informatique obsol\u00e8te, en le transportant vers une d\u00e9charge, en le recyclant ou en le mettant en d\u00e9charge.<\/strong><\/p>\n<h3><span class=\"ez-toc-section\" id=\"comment-desencombrer-un-local-industriel\"><\/span>Comment d\u00e9sencombrer un local industriel ?<span class=\"ez-toc-section-end\"><\/span><\/h3>\n<p>Les \u00e9quipements techniques d\u00e9suets, tout comme les \u00e9quipements de bureau, ont besoin de moyens humains et techniques, de m\u00eame que de <strong>l&rsquo;expertise et du savoir-faire <\/strong>d&rsquo;un expert pour \u00eatre d\u00e9barrass\u00e9s. Les entreprises de d\u00e9blaiement ont la possibilit\u00e9 de g\u00e9rer cette t\u00e2che de d\u00e9sencombrement soit dans le cadre d&rsquo;un changement de mat\u00e9riel, soit apr\u00e8s un arr\u00eat d&rsquo;exploitation, soit lors de la vente d&rsquo;un local, o\u00f9 bien lors d&rsquo;un transfert.<\/p>\n\n<h2><span class=\"ez-toc-section\" id=\"quel-est-le-cout-du-debarras-dun-local-dentreprise\"><\/span>Quel est le cout du d\u00e9barras d&rsquo;un local d&rsquo;entreprise ?<span class=\"ez-toc-section-end\"><\/span><\/h2>\n<p>Quel que soit <strong>le type de d\u00e9barras de propri\u00e9t\u00e9 <\/strong>commerciale dont vous avez besoin : d\u00e9barras d&rsquo;usine, de magasin ou d&rsquo;h\u00f4tel, <a href=\"https:\/\/www.mydemenageur.com\/blog\/debarras-gros-volume\">d\u00e9barras gros volume<\/a> par exemple, les entreprise professionnelles peuvent vous aider. Le service de l&rsquo;environnement fran\u00e7ais et europ\u00e9en a donn\u00e9 l&rsquo;autorisation de se d\u00e9barrasser en toute s\u00e9curit\u00e9 de tous les biens non-dangereux. En outre, la responsabilit\u00e9 civile est enti\u00e8rement assur\u00e9e et la confiance est totale. Enfin, les principales cartes de cr\u00e9dit et de d\u00e9bit sont accept\u00e9es sans frais suppl\u00e9mentaires. Donc, si vous souhaitez proc\u00e9der \u00e0 un d\u00e9barras d&rsquo;entreprise, veuillez bien <strong>prendre contact avec les services comp\u00e9tents <\/strong>et obtenir un <a href=\"https:\/\/www.mydemenageur.com\/blog\/tarif-debarras-appartement\/\">devis gratuit<\/a> et sans engagement de votre part.<br \/>\nLes frais et les tarifs de d\u00e9barras de votre local professionnel sont d\u00e9termin\u00e9s par un certain nombre de facteurs, notamment :<\/p>\n<ul>\n<li>Le volume et la quantit\u00e9 de produits volumineux \u00e0 enlever ;<\/li>\n<li>La facilit\u00e9 d&rsquo;acc\u00e8s de la r\u00e9sidence ( niveau du sol, entr\u00e9e dans la rue, etc.);<\/li>\n<li>La pr\u00e9sence d&rsquo;\u00e9quipements ( une benne, un ascenseur, etc.);<\/li>\n<li>Les options suppl\u00e9mentaires ( moyens de transport particuliers, pi\u00e8ces d&rsquo;antiquit\u00e9s, etc.).<\/li>\n<\/ul>\n","protected":false},"excerpt":{"rendered":"<p>Il arrive que l&rsquo;espace habit\u00e9 soit trop petit pour \u00eatre exploit\u00e9, que ce soit un bureau, une surface de stockage,<\/p>\n","protected":false},"author":11,"featured_media":28001,"comment_status":"closed","ping_status":"closed","sticky":false,"template":"","format":"standard","meta":{"_lmt_disableupdate":"no","_lmt_disable":"no","footnotes":""},"categories":[126],"tags":[],"yoast_head":"<!-- This site is optimized with the Yoast SEO Premium plugin v24.2 (Yoast SEO v24.5) - https:\/\/yoast.com\/wordpress\/plugins\/seo\/ -->\n<title>Local d\u00e9barras \u00e0 vider : services et solutions<\/title>\n<meta name=\"description\" content=\"D\u00e9sencombrer local d\u00e9barras. Tout savoir, processus, conseils et tarifs. Local d&#039;entreprise, meubles g\u00eanants, local industriel.\" \/>\n<meta name=\"robots\" content=\"index, follow, max-snippet:-1, max-image-preview:large, max-video-preview:-1\" \/>\n<link rel=\"canonical\" href=\"https:\/\/www.mydemenageur.com\/blog\/local-debarras\/\" \/>\n<meta property=\"og:locale\" content=\"fr_FR\" \/>\n<meta property=\"og:type\" content=\"article\" \/>\n<meta property=\"og:title\" content=\"Comment d\u00e9sencombrer un local d\u00e9barras ?\" \/>\n<meta property=\"og:description\" content=\"D\u00e9sencombrer local d\u00e9barras. Tout savoir, processus, conseils et tarifs. Local d&#039;entreprise, meubles g\u00eanants, local industriel.\" \/>\n<meta property=\"og:url\" content=\"https:\/\/www.mydemenageur.com\/blog\/local-debarras\/\" \/>\n<meta property=\"og:site_name\" content=\"MyDemenageur\" \/>\n<meta property=\"article:publisher\" content=\"https:\/\/www.facebook.com\/mydemenageur\" \/>\n<meta property=\"article:published_time\" content=\"2022-04-27T10:01:43+00:00\" \/>\n<meta property=\"article:modified_time\" content=\"2024-09-14T15:31:34+00:00\" \/>\n<meta property=\"og:image\" content=\"https:\/\/www.mydemenageur.com\/blog\/wp-content\/uploads\/2022\/03\/p3-8-desancombrer-local-min.jpg\" \/>\n\t<meta property=\"og:image:width\" content=\"1200\" \/>\n\t<meta property=\"og:image:height\" content=\"800\" \/>\n\t<meta property=\"og:image:type\" content=\"image\/jpeg\" \/>\n<meta name=\"author\" content=\"Mathilde\" \/>\n<meta name=\"twitter:card\" content=\"summary_large_image\" \/>\n<meta name=\"twitter:creator\" content=\"@mydemenageur\" \/>\n<meta name=\"twitter:site\" content=\"@mydemenageur\" \/>\n<meta name=\"twitter:label1\" content=\"\u00c9crit par\" \/>\n\t<meta name=\"twitter:data1\" content=\"Mathilde\" \/>\n\t<meta name=\"twitter:label2\" content=\"Dur\u00e9e de lecture estim\u00e9e\" \/>\n\t<meta name=\"twitter:data2\" content=\"5 minutes\" \/>\n<script type=\"application\/ld+json\" class=\"yoast-schema-graph\">{\"@context\":\"https:\/\/schema.org\",\"@graph\":[{\"@type\":\"Article\",\"@id\":\"https:\/\/www.mydemenageur.com\/blog\/local-debarras\/#article\",\"isPartOf\":{\"@id\":\"https:\/\/www.mydemenageur.com\/blog\/local-debarras\/\"},\"author\":{\"name\":\"Mathilde\",\"@id\":\"https:\/\/www.mydemenageur.com\/blog\/#\/schema\/person\/4540dc333c2e7dc790f0f7bcd5b99569\"},\"headline\":\"Comment d\u00e9sencombrer un local d\u00e9barras ?\",\"datePublished\":\"2022-04-27T10:01:43+00:00\",\"dateModified\":\"2024-09-14T15:31:34+00:00\",\"mainEntityOfPage\":{\"@id\":\"https:\/\/www.mydemenageur.com\/blog\/local-debarras\/\"},\"wordCount\":965,\"publisher\":{\"@id\":\"https:\/\/www.mydemenageur.com\/blog\/#organization\"},\"image\":{\"@id\":\"https:\/\/www.mydemenageur.com\/blog\/local-debarras\/#primaryimage\"},\"thumbnailUrl\":\"https:\/\/www.mydemenageur.com\/blog\/wp-content\/uploads\/2022\/03\/p3-8-desancombrer-local-min.jpg\",\"articleSection\":[\"D\u00e9barras\"],\"inLanguage\":\"fr-FR\"},{\"@type\":\"WebPage\",\"@id\":\"https:\/\/www.mydemenageur.com\/blog\/local-debarras\/\",\"url\":\"https:\/\/www.mydemenageur.com\/blog\/local-debarras\/\",\"name\":\"Local d\u00e9barras \u00e0 vider : services et solutions\",\"isPartOf\":{\"@id\":\"https:\/\/www.mydemenageur.com\/blog\/#website\"},\"primaryImageOfPage\":{\"@id\":\"https:\/\/www.mydemenageur.com\/blog\/local-debarras\/#primaryimage\"},\"image\":{\"@id\":\"https:\/\/www.mydemenageur.com\/blog\/local-debarras\/#primaryimage\"},\"thumbnailUrl\":\"https:\/\/www.mydemenageur.com\/blog\/wp-content\/uploads\/2022\/03\/p3-8-desancombrer-local-min.jpg\",\"datePublished\":\"2022-04-27T10:01:43+00:00\",\"dateModified\":\"2024-09-14T15:31:34+00:00\",\"description\":\"D\u00e9sencombrer local d\u00e9barras. Tout savoir, processus, conseils et tarifs. Local d'entreprise, meubles g\u00eanants, local industriel.\",\"breadcrumb\":{\"@id\":\"https:\/\/www.mydemenageur.com\/blog\/local-debarras\/#breadcrumb\"},\"inLanguage\":\"fr-FR\",\"potentialAction\":[{\"@type\":\"ReadAction\",\"target\":[\"https:\/\/www.mydemenageur.com\/blog\/local-debarras\/\"]}]},{\"@type\":\"ImageObject\",\"inLanguage\":\"fr-FR\",\"@id\":\"https:\/\/www.mydemenageur.com\/blog\/local-debarras\/#primaryimage\",\"url\":\"https:\/\/www.mydemenageur.com\/blog\/wp-content\/uploads\/2022\/03\/p3-8-desancombrer-local-min.jpg\",\"contentUrl\":\"https:\/\/www.mydemenageur.com\/blog\/wp-content\/uploads\/2022\/03\/p3-8-desancombrer-local-min.jpg\",\"width\":1200,\"height\":800},{\"@type\":\"BreadcrumbList\",\"@id\":\"https:\/\/www.mydemenageur.com\/blog\/local-debarras\/#breadcrumb\",\"itemListElement\":[{\"@type\":\"ListItem\",\"position\":1,\"name\":\"Accueil\",\"item\":\"https:\/\/www.mydemenageur.com\/blog\/\"},{\"@type\":\"ListItem\",\"position\":2,\"name\":\"D\u00e9m\u00e9nagement\",\"item\":\"https:\/\/www.mydemenageur.com\/blog\/categorie\/transport\/\"},{\"@type\":\"ListItem\",\"position\":3,\"name\":\"D\u00e9barras\",\"item\":\"https:\/\/www.mydemenageur.com\/blog\/categorie\/transport\/debarras\/\"},{\"@type\":\"ListItem\",\"position\":4,\"name\":\"Comment d\u00e9sencombrer un local d\u00e9barras ?\"}]},{\"@type\":\"WebSite\",\"@id\":\"https:\/\/www.mydemenageur.com\/blog\/#website\",\"url\":\"https:\/\/www.mydemenageur.com\/blog\/\",\"name\":\"MyDemenageur\",\"description\":\"Conseils d\u00e9m\u00e9ngement entre particuliers et d\u00e9m\u00e9nagement professionnel\",\"publisher\":{\"@id\":\"https:\/\/www.mydemenageur.com\/blog\/#organization\"},\"potentialAction\":[{\"@type\":\"SearchAction\",\"target\":{\"@type\":\"EntryPoint\",\"urlTemplate\":\"https:\/\/www.mydemenageur.com\/blog\/?s={search_term_string}\"},\"query-input\":{\"@type\":\"PropertyValueSpecification\",\"valueRequired\":true,\"valueName\":\"search_term_string\"}}],\"inLanguage\":\"fr-FR\"},{\"@type\":\"Organization\",\"@id\":\"https:\/\/www.mydemenageur.com\/blog\/#organization\",\"name\":\"MyDemenageur.com\",\"url\":\"https:\/\/www.mydemenageur.com\/blog\/\",\"logo\":{\"@type\":\"ImageObject\",\"inLanguage\":\"fr-FR\",\"@id\":\"https:\/\/www.mydemenageur.com\/blog\/#\/schema\/logo\/image\/\",\"url\":\"https:\/\/www.mydemenageur.com\/blog\/wp-content\/uploads\/2022\/05\/MyDemenageur_Symbol.jpg\",\"contentUrl\":\"https:\/\/www.mydemenageur.com\/blog\/wp-content\/uploads\/2022\/05\/MyDemenageur_Symbol.jpg\",\"width\":878,\"height\":877,\"caption\":\"MyDemenageur.com\"},\"image\":{\"@id\":\"https:\/\/www.mydemenageur.com\/blog\/#\/schema\/logo\/image\/\"},\"sameAs\":[\"https:\/\/www.facebook.com\/mydemenageur\",\"https:\/\/x.com\/mydemenageur\",\"https:\/\/www.pinterest.fr\/mydemenageur\/\"]},{\"@type\":\"Person\",\"@id\":\"https:\/\/www.mydemenageur.com\/blog\/#\/schema\/person\/4540dc333c2e7dc790f0f7bcd5b99569\",\"name\":\"Mathilde\",\"image\":{\"@type\":\"ImageObject\",\"inLanguage\":\"fr-FR\",\"@id\":\"https:\/\/www.mydemenageur.com\/blog\/#\/schema\/person\/image\/\",\"url\":\"https:\/\/secure.gravatar.com\/avatar\/abde069f6f70261ee6ecea93e0437d77?s=96&#038;r=g\",\"contentUrl\":\"https:\/\/secure.gravatar.com\/avatar\/abde069f6f70261ee6ecea93e0437d77?s=96&#038;r=g\",\"caption\":\"Mathilde\"},\"description\":\"L'harmonie des couleurs et des objets m'a toujours fascin\u00e9e, transformant chaque pi\u00e8ce en un lieu unique et agr\u00e9able \u00e0 vivre. Sur MyDemenageur, vous trouverez non seulement des inspirations personnelles, mais aussi des informations r\u00e9centes sur le monde de la d\u00e9coration, les projets de maison, le d\u00e9m\u00e9nagement et les travaux.\",\"url\":\"https:\/\/www.mydemenageur.com\/blog\/author\/mathilde\/\"}]}<\/script>\n<!-- \/ Yoast SEO Premium plugin. -->","yoast_head_json":{"title":"Local d\u00e9barras \u00e0 vider : services et solutions","description":"D\u00e9sencombrer local d\u00e9barras. Tout savoir, processus, conseils et tarifs. Local d'entreprise, meubles g\u00eanants, local industriel.","robots":{"index":"index","follow":"follow","max-snippet":"max-snippet:-1","max-image-preview":"max-image-preview:large","max-video-preview":"max-video-preview:-1"},"canonical":"https:\/\/www.mydemenageur.com\/blog\/local-debarras\/","og_locale":"fr_FR","og_type":"article","og_title":"Comment d\u00e9sencombrer un local d\u00e9barras ?","og_description":"D\u00e9sencombrer local d\u00e9barras. Tout savoir, processus, conseils et tarifs. Local d'entreprise, meubles g\u00eanants, local industriel.","og_url":"https:\/\/www.mydemenageur.com\/blog\/local-debarras\/","og_site_name":"MyDemenageur","article_publisher":"https:\/\/www.facebook.com\/mydemenageur","article_published_time":"2022-04-27T10:01:43+00:00","article_modified_time":"2024-09-14T15:31:34+00:00","og_image":[{"width":1200,"height":800,"url":"https:\/\/www.mydemenageur.com\/blog\/wp-content\/uploads\/2022\/03\/p3-8-desancombrer-local-min.jpg","type":"image\/jpeg"}],"author":"Mathilde","twitter_card":"summary_large_image","twitter_creator":"@mydemenageur","twitter_site":"@mydemenageur","twitter_misc":{"\u00c9crit par":"Mathilde","Dur\u00e9e de lecture estim\u00e9e":"5 minutes"},"schema":{"@context":"https:\/\/schema.org","@graph":[{"@type":"Article","@id":"https:\/\/www.mydemenageur.com\/blog\/local-debarras\/#article","isPartOf":{"@id":"https:\/\/www.mydemenageur.com\/blog\/local-debarras\/"},"author":{"name":"Mathilde","@id":"https:\/\/www.mydemenageur.com\/blog\/#\/schema\/person\/4540dc333c2e7dc790f0f7bcd5b99569"},"headline":"Comment d\u00e9sencombrer un local d\u00e9barras ?","datePublished":"2022-04-27T10:01:43+00:00","dateModified":"2024-09-14T15:31:34+00:00","mainEntityOfPage":{"@id":"https:\/\/www.mydemenageur.com\/blog\/local-debarras\/"},"wordCount":965,"publisher":{"@id":"https:\/\/www.mydemenageur.com\/blog\/#organization"},"image":{"@id":"https:\/\/www.mydemenageur.com\/blog\/local-debarras\/#primaryimage"},"thumbnailUrl":"https:\/\/www.mydemenageur.com\/blog\/wp-content\/uploads\/2022\/03\/p3-8-desancombrer-local-min.jpg","articleSection":["D\u00e9barras"],"inLanguage":"fr-FR"},{"@type":"WebPage","@id":"https:\/\/www.mydemenageur.com\/blog\/local-debarras\/","url":"https:\/\/www.mydemenageur.com\/blog\/local-debarras\/","name":"Local d\u00e9barras \u00e0 vider : services et solutions","isPartOf":{"@id":"https:\/\/www.mydemenageur.com\/blog\/#website"},"primaryImageOfPage":{"@id":"https:\/\/www.mydemenageur.com\/blog\/local-debarras\/#primaryimage"},"image":{"@id":"https:\/\/www.mydemenageur.com\/blog\/local-debarras\/#primaryimage"},"thumbnailUrl":"https:\/\/www.mydemenageur.com\/blog\/wp-content\/uploads\/2022\/03\/p3-8-desancombrer-local-min.jpg","datePublished":"2022-04-27T10:01:43+00:00","dateModified":"2024-09-14T15:31:34+00:00","description":"D\u00e9sencombrer local d\u00e9barras. Tout savoir, processus, conseils et tarifs. Local d'entreprise, meubles g\u00eanants, local industriel.","breadcrumb":{"@id":"https:\/\/www.mydemenageur.com\/blog\/local-debarras\/#breadcrumb"},"inLanguage":"fr-FR","potentialAction":[{"@type":"ReadAction","target":["https:\/\/www.mydemenageur.com\/blog\/local-debarras\/"]}]},{"@type":"ImageObject","inLanguage":"fr-FR","@id":"https:\/\/www.mydemenageur.com\/blog\/local-debarras\/#primaryimage","url":"https:\/\/www.mydemenageur.com\/blog\/wp-content\/uploads\/2022\/03\/p3-8-desancombrer-local-min.jpg","contentUrl":"https:\/\/www.mydemenageur.com\/blog\/wp-content\/uploads\/2022\/03\/p3-8-desancombrer-local-min.jpg","width":1200,"height":800},{"@type":"BreadcrumbList","@id":"https:\/\/www.mydemenageur.com\/blog\/local-debarras\/#breadcrumb","itemListElement":[{"@type":"ListItem","position":1,"name":"Accueil","item":"https:\/\/www.mydemenageur.com\/blog\/"},{"@type":"ListItem","position":2,"name":"D\u00e9m\u00e9nagement","item":"https:\/\/www.mydemenageur.com\/blog\/categorie\/transport\/"},{"@type":"ListItem","position":3,"name":"D\u00e9barras","item":"https:\/\/www.mydemenageur.com\/blog\/categorie\/transport\/debarras\/"},{"@type":"ListItem","position":4,"name":"Comment d\u00e9sencombrer un local d\u00e9barras ?"}]},{"@type":"WebSite","@id":"https:\/\/www.mydemenageur.com\/blog\/#website","url":"https:\/\/www.mydemenageur.com\/blog\/","name":"MyDemenageur","description":"Conseils d\u00e9m\u00e9ngement entre particuliers et d\u00e9m\u00e9nagement professionnel","publisher":{"@id":"https:\/\/www.mydemenageur.com\/blog\/#organization"},"potentialAction":[{"@type":"SearchAction","target":{"@type":"EntryPoint","urlTemplate":"https:\/\/www.mydemenageur.com\/blog\/?s={search_term_string}"},"query-input":{"@type":"PropertyValueSpecification","valueRequired":true,"valueName":"search_term_string"}}],"inLanguage":"fr-FR"},{"@type":"Organization","@id":"https:\/\/www.mydemenageur.com\/blog\/#organization","name":"MyDemenageur.com","url":"https:\/\/www.mydemenageur.com\/blog\/","logo":{"@type":"ImageObject","inLanguage":"fr-FR","@id":"https:\/\/www.mydemenageur.com\/blog\/#\/schema\/logo\/image\/","url":"https:\/\/www.mydemenageur.com\/blog\/wp-content\/uploads\/2022\/05\/MyDemenageur_Symbol.jpg","contentUrl":"https:\/\/www.mydemenageur.com\/blog\/wp-content\/uploads\/2022\/05\/MyDemenageur_Symbol.jpg","width":878,"height":877,"caption":"MyDemenageur.com"},"image":{"@id":"https:\/\/www.mydemenageur.com\/blog\/#\/schema\/logo\/image\/"},"sameAs":["https:\/\/www.facebook.com\/mydemenageur","https:\/\/x.com\/mydemenageur","https:\/\/www.pinterest.fr\/mydemenageur\/"]},{"@type":"Person","@id":"https:\/\/www.mydemenageur.com\/blog\/#\/schema\/person\/4540dc333c2e7dc790f0f7bcd5b99569","name":"Mathilde","image":{"@type":"ImageObject","inLanguage":"fr-FR","@id":"https:\/\/www.mydemenageur.com\/blog\/#\/schema\/person\/image\/","url":"https:\/\/secure.gravatar.com\/avatar\/abde069f6f70261ee6ecea93e0437d77?s=96&#038;r=g","contentUrl":"https:\/\/secure.gravatar.com\/avatar\/abde069f6f70261ee6ecea93e0437d77?s=96&#038;r=g","caption":"Mathilde"},"description":"L'harmonie des couleurs et des objets m'a toujours fascin\u00e9e, transformant chaque pi\u00e8ce en un lieu unique et agr\u00e9able \u00e0 vivre. Sur MyDemenageur, vous trouverez non seulement des inspirations personnelles, mais aussi des informations r\u00e9centes sur le monde de la d\u00e9coration, les projets de maison, le d\u00e9m\u00e9nagement et les travaux.","url":"https:\/\/www.mydemenageur.com\/blog\/author\/mathilde\/"}]}},"modified_by":"MyDemenageur","_links":{"self":[{"href":"https:\/\/www.mydemenageur.com\/blog\/wp-json\/wp\/v2\/posts\/27808"}],"collection":[{"href":"https:\/\/www.mydemenageur.com\/blog\/wp-json\/wp\/v2\/posts"}],"about":[{"href":"https:\/\/www.mydemenageur.com\/blog\/wp-json\/wp\/v2\/types\/post"}],"author":[{"embeddable":true,"href":"https:\/\/www.mydemenageur.com\/blog\/wp-json\/wp\/v2\/users\/11"}],"replies":[{"embeddable":true,"href":"https:\/\/www.mydemenageur.com\/blog\/wp-json\/wp\/v2\/comments?post=27808"}],"version-history":[{"count":0,"href":"https:\/\/www.mydemenageur.com\/blog\/wp-json\/wp\/v2\/posts\/27808\/revisions"}],"wp:featuredmedia":[{"embeddable":true,"href":"https:\/\/www.mydemenageur.com\/blog\/wp-json\/wp\/v2\/media\/28001"}],"wp:attachment":[{"href":"https:\/\/www.mydemenageur.com\/blog\/wp-json\/wp\/v2\/media?parent=27808"}],"wp:term":[{"taxonomy":"category","embeddable":true,"href":"https:\/\/www.mydemenageur.com\/blog\/wp-json\/wp\/v2\/categories?post=27808"},{"taxonomy":"post_tag","embeddable":true,"href":"https:\/\/www.mydemenageur.com\/blog\/wp-json\/wp\/v2\/tags?post=27808"}],"curies":[{"name":"wp","href":"https:\/\/api.w.org\/{rel}","templated":true}]}}