{"id":27817,"date":"2022-04-27T10:01:42","date_gmt":"2022-04-27T10:01:42","guid":{"rendered":"https:\/\/www.mydemenageur.com\/blog\/?p=27817"},"modified":"2024-09-14T13:12:08","modified_gmt":"2024-09-14T13:12:08","slug":"debarras-jardin","status":"publish","type":"post","link":"https:\/\/www.mydemenageur.com\/blog\/debarras-jardin\/","title":{"rendered":"Comment ranger son jardin en 5 \u00e9tapes ?"},"content":{"rendered":"<p><strong>Ranger<\/strong> et <strong>entretenir<\/strong> son <strong>jardin<\/strong> est une activit\u00e9 essentielle pour maintenir un ext\u00e9rieur \u00e0 la fois esth\u00e9tique et fonctionnel. Cependant, face \u00e0 la diversit\u00e9 des <strong>t\u00e2ches<\/strong> \u00e0 accomplir, savoir par o\u00f9 commencer peut \u00eatre un d\u00e9fi. Dans cet article, nous allons vous guider \u00e0 travers un processus en <strong>5 \u00e9tapes simples et efficaces pour organiser et embellir votre jardin<\/strong>. De la taille des plantes \u00e0 la gestion des outils de jardinage, en passant par l&rsquo;am\u00e9nagement des espaces verts et le traitement des d\u00e9chets v\u00e9g\u00e9taux, chaque \u00e9tape a \u00e9t\u00e9 con\u00e7ue pour vous aider \u00e0 optimiser votre espace ext\u00e9rieur. Que vous soyez un jardinier amateur ou un passionn\u00e9 exp\u00e9riment\u00e9, ces conseils pratiques vous permettront de transformer votre jardin en un havre de paix ordonn\u00e9 et accueillant, pr\u00eat \u00e0 \u00eatre appr\u00e9ci\u00e9 tout au long de l&rsquo;ann\u00e9e.<\/p>\n<div id=\"ez-toc-container\" class=\"ez-toc-v2_0_82_2 counter-hierarchy ez-toc-counter ez-toc-custom ez-toc-container-direction\">\n<div class=\"ez-toc-title-container\">\n<p class=\"ez-toc-title\" style=\"cursor:inherit\">Ce que vous allez apprendre<\/p>\n<span class=\"ez-toc-title-toggle\"><\/span><\/div>\n<nav><ul class='ez-toc-list ez-toc-list-level-1 ' ><li class='ez-toc-page-1 ez-toc-heading-level-2'><a class=\"ez-toc-link ez-toc-heading-1\" href=\"https:\/\/www.mydemenageur.com\/blog\/debarras-jardin\/#pourquoi-faire-un-debarras-de-jardin\" >Pourquoi faire un d\u00e9barras de jardin ?<\/a><\/li><li class='ez-toc-page-1 ez-toc-heading-level-2'><a class=\"ez-toc-link ez-toc-heading-2\" href=\"https:\/\/www.mydemenageur.com\/blog\/debarras-jardin\/#5-etapes-pour-un-debarras-de-jardin-facile\" >5 \u00e9tapes pour un d\u00e9barras de jardin facile<\/a><ul class='ez-toc-list-level-3' ><li class='ez-toc-heading-level-3'><a class=\"ez-toc-link ez-toc-heading-3\" href=\"https:\/\/www.mydemenageur.com\/blog\/debarras-jardin\/#debarrassez-vous-des-gros-objets\" >D\u00e9barrassez-vous des gros objets<\/a><\/li><li class='ez-toc-page-1 ez-toc-heading-level-3'><a class=\"ez-toc-link ez-toc-heading-4\" href=\"https:\/\/www.mydemenageur.com\/blog\/debarras-jardin\/#commencer-le-rangement\" >Commencer le rangement<\/a><\/li><li class='ez-toc-page-1 ez-toc-heading-level-3'><a class=\"ez-toc-link ez-toc-heading-5\" href=\"https:\/\/www.mydemenageur.com\/blog\/debarras-jardin\/#debarrassez-vous-de-tous-les-dechets\" >D\u00e9barrassez-vous de tous les d\u00e9chets<\/a><\/li><li class='ez-toc-page-1 ez-toc-heading-level-3'><a class=\"ez-toc-link ez-toc-heading-6\" href=\"https:\/\/www.mydemenageur.com\/blog\/debarras-jardin\/#trier-la-verdure\" >Trier la verdure<\/a><\/li><li class='ez-toc-page-1 ez-toc-heading-level-3'><a class=\"ez-toc-link ez-toc-heading-7\" href=\"https:\/\/www.mydemenageur.com\/blog\/debarras-jardin\/#place-aux-meubles-de-jardin\" >Place aux meubles de jardin<\/a><\/li><\/ul><\/li><li class='ez-toc-page-1 ez-toc-heading-level-2'><a class=\"ez-toc-link ez-toc-heading-8\" href=\"https:\/\/www.mydemenageur.com\/blog\/debarras-jardin\/#conclusion\" >Conclusion<\/a><\/li><\/ul><\/nav><\/div>\n<h2><span class=\"ez-toc-section\" id=\"pourquoi-faire-un-debarras-de-jardin\"><\/span>Pourquoi faire un d\u00e9barras de jardin ?<span class=\"ez-toc-section-end\"><\/span><\/h2>\n<p><strong>Un d\u00e9barras de jardin<\/strong>, comme un <a href=\"https:\/\/www.mydemenageur.com\/blog\/debarras-de-maison\">d\u00e9barras de maison<\/a>, est plus que n\u00e9cessaire pour plusieurs raisons :<\/p>\n<ul>\n<li>Ne pas endommager des objets ou de les perdre ;<\/li>\n<li>Vous pr\u00e9munir du stress, de l&rsquo;anxi\u00e9t\u00e9 et ainsi prot\u00e9ger votre sant\u00e9 mentale ;<\/li>\n<li>\u00c9loigner les \u00e9nergies n\u00e9gatives ;<\/li>\n<li>\u00c9viter des blessures \u00e0 vos enfants.<\/li>\n<\/ul>\n<p>Outre l&rsquo;aspect esth\u00e9tique que rev\u00eatira votre jardin une fois le nettoyage et le <a href=\"https:\/\/www.mydemenageur.com\/aide-demenagement\/debarras-meubles\">d\u00e9sencombrement<\/a> effectu\u00e9, l&rsquo;aspect mentale et spirituel est plus ou moins touch\u00e9. Quoi de plus apaisant et r\u00e9confortant que de rentrer dans son jardin et de voir le gazon vert, propre, pas d&rsquo;objets qui trainent n&rsquo;importe o\u00f9. S&rsquo;asseoir dehors pour prendre le petit-d\u00e9jeuner au soleil, se pr\u00e9lasser sur un fauteuil de jardin inclinable et lire un livre ou simplement jouer avec vos enfants&#8230; Quelle que soit la fa\u00e7on dont vous comptez <strong>profiter de votre jardin<\/strong>, il doit \u00eatre un espace d\u00e9sencombr\u00e9 et utilisable.<\/p>\n<h2><span class=\"ez-toc-section\" id=\"5-etapes-pour-un-debarras-de-jardin-facile\"><\/span>5 \u00e9tapes pour un d\u00e9barras de jardin facile<span class=\"ez-toc-section-end\"><\/span><\/h2>\n<p>Avoir un jardin peut \u00eatre un compl\u00e9ment fantastique \u00e0 votre maison. Voici 5 conseils pour faire le d\u00e9barras de jardin le plus optimal possible.<\/p>\n<h3><span class=\"ez-toc-section\" id=\"debarrassez-vous-des-gros-objets\"><\/span>D\u00e9barrassez-vous des gros objets<span class=\"ez-toc-section-end\"><\/span><\/h3>\n<p><strong>Se d\u00e9barrasser des gros objets<\/strong> est le moyen le plus simple de faire une diff\u00e9rence notable. Identifiez les gros objets dont vous ne voulez plus ou dont vous n&rsquo;avez plus besoin. Vous n&rsquo;\u00eates pas certain de vouloir vous d\u00e9barrasser de quelque chose ? Posez-vous les bonnes questions :<\/p>\n<ul>\n<li>Est-ce que j\u2019en ai vraiment besoin ?<\/li>\n<li>Quand est-ce que j\u2019ai utilis\u00e9 cet objet pour la derni\u00e8re fois ?<\/li>\n<li>Pourrais-je l\u2019utiliser un jour et pourquoi ?<\/li>\n<\/ul>\n<p>Une fois que vous aurez d\u00e9cid\u00e9 des objets dont vous vous d\u00e9barrassez, d\u00e9barrassez-vous-en le plus rapidement possible en les donnant, en les recyclant ou en les jetant.<\/p>\n<h3><span class=\"ez-toc-section\" id=\"commencer-le-rangement\"><\/span>Commencer le rangement<span class=\"ez-toc-section-end\"><\/span><\/h3>\n<p>Faites le tour de votre jardin m\u00e9ticuleusement, en rassemblant les jouets et le mat\u00e9riel, tout ce qui doit \u00eatre rang\u00e9. Si vous avez des enfants qui jouent beaucoup dans le jardin, il vaut la peine d&rsquo;investir dans un coffre \u00e0 jouets auquel ils peuvent acc\u00e9der facilement.<\/p>\n<p>Rangez tout le reste dans l&rsquo;abri ou dans le <strong>coffre de rangement<\/strong>, en gardant les objets que vous utilisez le plus souvent dans un endroit facile d\u2019acc\u00e8s.<\/p>\n<h3><span class=\"ez-toc-section\" id=\"debarrassez-vous-de-tous-les-dechets\"><\/span>D\u00e9barrassez-vous de tous les d\u00e9chets<span class=\"ez-toc-section-end\"><\/span><\/h3>\n<p>Les pots de plantes cass\u00e9s sont inesth\u00e9tiques et ne sont ni utiles ni d\u00e9coratifs ! Rassemblez-les, rangez la terre utilisable dans des sacs et mettez le reste dans <strong>le tas de d\u00e9chets.<\/strong> D\u00e9barrassez-vous de tout ce qui ne peut \u00eatre r\u00e9utilis\u00e9. V\u00e9rifiez que vos jardins avant et arri\u00e8re ne contiennent pas de d\u00e9tritus qui auraient pu \u00eatre emport\u00e9s par le vent depuis la rue, et d\u00e9barrassez-vous des ballons de football ou autres jouets qui sont irr\u00e9parables.<\/p>\n<h3><span class=\"ez-toc-section\" id=\"trier-la-verdure\"><\/span>Trier la verdure<span class=\"ez-toc-section-end\"><\/span><\/h3>\n<p>Une fois que tout est bien rang\u00e9, il devrait \u00eatre plus facile d&rsquo;\u00e9valuer les travaux \u00e0 effectuer sur les plantes et l&rsquo;herbe de votre jardin. Commencez par <strong>tondre l&rsquo;herbe<\/strong> et coupez-la proprement. Ajoutez les plantes ou les fleurs de votre choix pour remplir les bordures ou les pots et ajouter de la couleur \u00e0 votre beau jardin.<\/p>\n<h3><span class=\"ez-toc-section\" id=\"place-aux-meubles-de-jardin\"><\/span>Place aux meubles de jardin<span class=\"ez-toc-section-end\"><\/span><\/h3>\n<p>Si vous avez plusieurs chaises de jardin, n&rsquo;en mettez que pour le nombre de personnes qui s&rsquo;y assoient habituellement ! Gardez le reste bien rang\u00e9 dans un autre endroit, pour les cas o\u00f9 vous recevez des invit\u00e9s. Placez votre<strong> table et vos chaises de jardin<\/strong> dans un endroit ensoleill\u00e9, selon votre pr\u00e9f\u00e9rence, et assurez-vous que les coussins sont propres et secs. Enfin, d\u00e9tendez-vous, profitez de votre jardin et soyez vraiment fier de votre travail !<\/p>\n<p>Comme pour<a href=\"https:\/\/www.mydemenageur.com\/blog\/cout-d-un-debarras-de-maison\"> le co\u00fbt d&rsquo;un d\u00e9barras de maison<\/a>, d\u00e9sencombrer son jardin vous co\u00fbtera du temps et de l&rsquo;argent, mais avec effet de levier incroyable sur le long terme.<\/p>\n<h2><span class=\"ez-toc-section\" id=\"conclusion\"><\/span>Conclusion<span class=\"ez-toc-section-end\"><\/span><\/h2>\n<p>Un travail bien fait n&rsquo;a qu&rsquo;un co\u00fbt, le temps. Accordez-vous le temps de bien faire les choses \u00e0 court terme et vous vous en remercierez chaudement plus tard. Il ne vous en coute rien de passer \u00e0 l&rsquo;action maintenant et de <strong>prendre soin de votre jardin<\/strong>. Prenez le temps de bien faire les choses, car ce n&rsquo;est que comme \u00e7a que vous allez changer votre humeur, votre jardin et aussi attirer une \u00e9nergie positive chez vous. Cela ne d\u00e9pend que de vous.<\/p>\n<p>Vous avez maintenant toutes les cartes en main pour commencer \u00e0 d\u00e9sencombrer votre jardin de la mani\u00e8re la plus optimale possible. A vous de jouer !<\/p>\n","protected":false},"excerpt":{"rendered":"<p>Ranger et entretenir son jardin est une activit\u00e9 essentielle pour maintenir un ext\u00e9rieur \u00e0 la fois esth\u00e9tique et fonctionnel. Cependant,<\/p>\n","protected":false},"author":11,"featured_media":27997,"comment_status":"closed","ping_status":"closed","sticky":false,"template":"","format":"standard","meta":{"_lmt_disableupdate":"no","_lmt_disable":"no","footnotes":""},"categories":[126],"tags":[],"yoast_head":"<!-- This site is optimized with the Yoast SEO Premium plugin v24.2 (Yoast SEO v24.5) - https:\/\/yoast.com\/wordpress\/plugins\/seo\/ -->\n<title>D\u00e9barrasser le jardin de ce qui l&#039;encombre : embellissez l&#039;ext\u00e9rieur<\/title>\n<meta name=\"description\" content=\"Comment ranger son jardin ? Etapes de rangement de jardins. Proc\u00e9dure pour embellir votre jardin en quelques \u00e9tapes.\" \/>\n<meta name=\"robots\" content=\"index, follow, max-snippet:-1, max-image-preview:large, max-video-preview:-1\" \/>\n<link rel=\"canonical\" href=\"https:\/\/www.mydemenageur.com\/blog\/debarras-jardin\/\" \/>\n<meta property=\"og:locale\" content=\"fr_FR\" \/>\n<meta property=\"og:type\" content=\"article\" \/>\n<meta property=\"og:title\" content=\"Comment ranger son jardin en 5 \u00e9tapes ?\" \/>\n<meta property=\"og:description\" content=\"Comment ranger son jardin ? Etapes de rangement de jardins. Proc\u00e9dure pour embellir votre jardin en quelques \u00e9tapes.\" \/>\n<meta property=\"og:url\" content=\"https:\/\/www.mydemenageur.com\/blog\/debarras-jardin\/\" \/>\n<meta property=\"og:site_name\" content=\"MyDemenageur\" \/>\n<meta property=\"article:publisher\" content=\"https:\/\/www.facebook.com\/mydemenageur\" \/>\n<meta property=\"article:published_time\" content=\"2022-04-27T10:01:42+00:00\" \/>\n<meta property=\"article:modified_time\" content=\"2024-09-14T13:12:08+00:00\" \/>\n<meta property=\"og:image\" content=\"https:\/\/www.mydemenageur.com\/blog\/wp-content\/uploads\/2022\/03\/p3-4-jardin-min.jpg\" \/>\n\t<meta property=\"og:image:width\" content=\"1200\" \/>\n\t<meta property=\"og:image:height\" content=\"797\" \/>\n\t<meta property=\"og:image:type\" content=\"image\/jpeg\" \/>\n<meta name=\"author\" content=\"Mathilde\" \/>\n<meta name=\"twitter:card\" content=\"summary_large_image\" \/>\n<meta name=\"twitter:creator\" content=\"@mydemenageur\" \/>\n<meta name=\"twitter:site\" content=\"@mydemenageur\" \/>\n<meta name=\"twitter:label1\" content=\"\u00c9crit par\" \/>\n\t<meta name=\"twitter:data1\" content=\"Mathilde\" \/>\n\t<meta name=\"twitter:label2\" content=\"Dur\u00e9e de lecture estim\u00e9e\" \/>\n\t<meta name=\"twitter:data2\" content=\"5 minutes\" \/>\n<script type=\"application\/ld+json\" class=\"yoast-schema-graph\">{\"@context\":\"https:\/\/schema.org\",\"@graph\":[{\"@type\":\"Article\",\"@id\":\"https:\/\/www.mydemenageur.com\/blog\/debarras-jardin\/#article\",\"isPartOf\":{\"@id\":\"https:\/\/www.mydemenageur.com\/blog\/debarras-jardin\/\"},\"author\":{\"name\":\"Mathilde\",\"@id\":\"https:\/\/www.mydemenageur.com\/blog\/#\/schema\/person\/4540dc333c2e7dc790f0f7bcd5b99569\"},\"headline\":\"Comment ranger son jardin en 5 \u00e9tapes ?\",\"datePublished\":\"2022-04-27T10:01:42+00:00\",\"dateModified\":\"2024-09-14T13:12:08+00:00\",\"mainEntityOfPage\":{\"@id\":\"https:\/\/www.mydemenageur.com\/blog\/debarras-jardin\/\"},\"wordCount\":929,\"publisher\":{\"@id\":\"https:\/\/www.mydemenageur.com\/blog\/#organization\"},\"image\":{\"@id\":\"https:\/\/www.mydemenageur.com\/blog\/debarras-jardin\/#primaryimage\"},\"thumbnailUrl\":\"https:\/\/www.mydemenageur.com\/blog\/wp-content\/uploads\/2022\/03\/p3-4-jardin-min.jpg\",\"articleSection\":[\"D\u00e9barras\"],\"inLanguage\":\"fr-FR\"},{\"@type\":\"WebPage\",\"@id\":\"https:\/\/www.mydemenageur.com\/blog\/debarras-jardin\/\",\"url\":\"https:\/\/www.mydemenageur.com\/blog\/debarras-jardin\/\",\"name\":\"D\u00e9barrasser le jardin de ce qui l'encombre : embellissez l'ext\u00e9rieur\",\"isPartOf\":{\"@id\":\"https:\/\/www.mydemenageur.com\/blog\/#website\"},\"primaryImageOfPage\":{\"@id\":\"https:\/\/www.mydemenageur.com\/blog\/debarras-jardin\/#primaryimage\"},\"image\":{\"@id\":\"https:\/\/www.mydemenageur.com\/blog\/debarras-jardin\/#primaryimage\"},\"thumbnailUrl\":\"https:\/\/www.mydemenageur.com\/blog\/wp-content\/uploads\/2022\/03\/p3-4-jardin-min.jpg\",\"datePublished\":\"2022-04-27T10:01:42+00:00\",\"dateModified\":\"2024-09-14T13:12:08+00:00\",\"description\":\"Comment ranger son jardin ? Etapes de rangement de jardins. Proc\u00e9dure pour embellir votre jardin en quelques \u00e9tapes.\",\"breadcrumb\":{\"@id\":\"https:\/\/www.mydemenageur.com\/blog\/debarras-jardin\/#breadcrumb\"},\"inLanguage\":\"fr-FR\",\"potentialAction\":[{\"@type\":\"ReadAction\",\"target\":[\"https:\/\/www.mydemenageur.com\/blog\/debarras-jardin\/\"]}]},{\"@type\":\"ImageObject\",\"inLanguage\":\"fr-FR\",\"@id\":\"https:\/\/www.mydemenageur.com\/blog\/debarras-jardin\/#primaryimage\",\"url\":\"https:\/\/www.mydemenageur.com\/blog\/wp-content\/uploads\/2022\/03\/p3-4-jardin-min.jpg\",\"contentUrl\":\"https:\/\/www.mydemenageur.com\/blog\/wp-content\/uploads\/2022\/03\/p3-4-jardin-min.jpg\",\"width\":1200,\"height\":797,\"caption\":\"faire son jardin\"},{\"@type\":\"BreadcrumbList\",\"@id\":\"https:\/\/www.mydemenageur.com\/blog\/debarras-jardin\/#breadcrumb\",\"itemListElement\":[{\"@type\":\"ListItem\",\"position\":1,\"name\":\"Accueil\",\"item\":\"https:\/\/www.mydemenageur.com\/blog\/\"},{\"@type\":\"ListItem\",\"position\":2,\"name\":\"D\u00e9m\u00e9nagement\",\"item\":\"https:\/\/www.mydemenageur.com\/blog\/categorie\/transport\/\"},{\"@type\":\"ListItem\",\"position\":3,\"name\":\"D\u00e9barras\",\"item\":\"https:\/\/www.mydemenageur.com\/blog\/categorie\/transport\/debarras\/\"},{\"@type\":\"ListItem\",\"position\":4,\"name\":\"Comment ranger son jardin en 5 \u00e9tapes ?\"}]},{\"@type\":\"WebSite\",\"@id\":\"https:\/\/www.mydemenageur.com\/blog\/#website\",\"url\":\"https:\/\/www.mydemenageur.com\/blog\/\",\"name\":\"MyDemenageur\",\"description\":\"Conseils d\u00e9m\u00e9ngement entre particuliers et d\u00e9m\u00e9nagement professionnel\",\"publisher\":{\"@id\":\"https:\/\/www.mydemenageur.com\/blog\/#organization\"},\"potentialAction\":[{\"@type\":\"SearchAction\",\"target\":{\"@type\":\"EntryPoint\",\"urlTemplate\":\"https:\/\/www.mydemenageur.com\/blog\/?s={search_term_string}\"},\"query-input\":{\"@type\":\"PropertyValueSpecification\",\"valueRequired\":true,\"valueName\":\"search_term_string\"}}],\"inLanguage\":\"fr-FR\"},{\"@type\":\"Organization\",\"@id\":\"https:\/\/www.mydemenageur.com\/blog\/#organization\",\"name\":\"MyDemenageur.com\",\"url\":\"https:\/\/www.mydemenageur.com\/blog\/\",\"logo\":{\"@type\":\"ImageObject\",\"inLanguage\":\"fr-FR\",\"@id\":\"https:\/\/www.mydemenageur.com\/blog\/#\/schema\/logo\/image\/\",\"url\":\"https:\/\/www.mydemenageur.com\/blog\/wp-content\/uploads\/2022\/05\/MyDemenageur_Symbol.jpg\",\"contentUrl\":\"https:\/\/www.mydemenageur.com\/blog\/wp-content\/uploads\/2022\/05\/MyDemenageur_Symbol.jpg\",\"width\":878,\"height\":877,\"caption\":\"MyDemenageur.com\"},\"image\":{\"@id\":\"https:\/\/www.mydemenageur.com\/blog\/#\/schema\/logo\/image\/\"},\"sameAs\":[\"https:\/\/www.facebook.com\/mydemenageur\",\"https:\/\/x.com\/mydemenageur\",\"https:\/\/www.pinterest.fr\/mydemenageur\/\"]},{\"@type\":\"Person\",\"@id\":\"https:\/\/www.mydemenageur.com\/blog\/#\/schema\/person\/4540dc333c2e7dc790f0f7bcd5b99569\",\"name\":\"Mathilde\",\"image\":{\"@type\":\"ImageObject\",\"inLanguage\":\"fr-FR\",\"@id\":\"https:\/\/www.mydemenageur.com\/blog\/#\/schema\/person\/image\/\",\"url\":\"https:\/\/secure.gravatar.com\/avatar\/abde069f6f70261ee6ecea93e0437d77?s=96&#038;r=g\",\"contentUrl\":\"https:\/\/secure.gravatar.com\/avatar\/abde069f6f70261ee6ecea93e0437d77?s=96&#038;r=g\",\"caption\":\"Mathilde\"},\"description\":\"L'harmonie des couleurs et des objets m'a toujours fascin\u00e9e, transformant chaque pi\u00e8ce en un lieu unique et agr\u00e9able \u00e0 vivre. Sur MyDemenageur, vous trouverez non seulement des inspirations personnelles, mais aussi des informations r\u00e9centes sur le monde de la d\u00e9coration, les projets de maison, le d\u00e9m\u00e9nagement et les travaux.\",\"url\":\"https:\/\/www.mydemenageur.com\/blog\/author\/mathilde\/\"}]}<\/script>\n<!-- \/ Yoast SEO Premium plugin. -->","yoast_head_json":{"title":"D\u00e9barrasser le jardin de ce qui l'encombre : embellissez l'ext\u00e9rieur","description":"Comment ranger son jardin ? Etapes de rangement de jardins. Proc\u00e9dure pour embellir votre jardin en quelques \u00e9tapes.","robots":{"index":"index","follow":"follow","max-snippet":"max-snippet:-1","max-image-preview":"max-image-preview:large","max-video-preview":"max-video-preview:-1"},"canonical":"https:\/\/www.mydemenageur.com\/blog\/debarras-jardin\/","og_locale":"fr_FR","og_type":"article","og_title":"Comment ranger son jardin en 5 \u00e9tapes ?","og_description":"Comment ranger son jardin ? Etapes de rangement de jardins. Proc\u00e9dure pour embellir votre jardin en quelques \u00e9tapes.","og_url":"https:\/\/www.mydemenageur.com\/blog\/debarras-jardin\/","og_site_name":"MyDemenageur","article_publisher":"https:\/\/www.facebook.com\/mydemenageur","article_published_time":"2022-04-27T10:01:42+00:00","article_modified_time":"2024-09-14T13:12:08+00:00","og_image":[{"width":1200,"height":797,"url":"https:\/\/www.mydemenageur.com\/blog\/wp-content\/uploads\/2022\/03\/p3-4-jardin-min.jpg","type":"image\/jpeg"}],"author":"Mathilde","twitter_card":"summary_large_image","twitter_creator":"@mydemenageur","twitter_site":"@mydemenageur","twitter_misc":{"\u00c9crit par":"Mathilde","Dur\u00e9e de lecture estim\u00e9e":"5 minutes"},"schema":{"@context":"https:\/\/schema.org","@graph":[{"@type":"Article","@id":"https:\/\/www.mydemenageur.com\/blog\/debarras-jardin\/#article","isPartOf":{"@id":"https:\/\/www.mydemenageur.com\/blog\/debarras-jardin\/"},"author":{"name":"Mathilde","@id":"https:\/\/www.mydemenageur.com\/blog\/#\/schema\/person\/4540dc333c2e7dc790f0f7bcd5b99569"},"headline":"Comment ranger son jardin en 5 \u00e9tapes ?","datePublished":"2022-04-27T10:01:42+00:00","dateModified":"2024-09-14T13:12:08+00:00","mainEntityOfPage":{"@id":"https:\/\/www.mydemenageur.com\/blog\/debarras-jardin\/"},"wordCount":929,"publisher":{"@id":"https:\/\/www.mydemenageur.com\/blog\/#organization"},"image":{"@id":"https:\/\/www.mydemenageur.com\/blog\/debarras-jardin\/#primaryimage"},"thumbnailUrl":"https:\/\/www.mydemenageur.com\/blog\/wp-content\/uploads\/2022\/03\/p3-4-jardin-min.jpg","articleSection":["D\u00e9barras"],"inLanguage":"fr-FR"},{"@type":"WebPage","@id":"https:\/\/www.mydemenageur.com\/blog\/debarras-jardin\/","url":"https:\/\/www.mydemenageur.com\/blog\/debarras-jardin\/","name":"D\u00e9barrasser le jardin de ce qui l'encombre : embellissez l'ext\u00e9rieur","isPartOf":{"@id":"https:\/\/www.mydemenageur.com\/blog\/#website"},"primaryImageOfPage":{"@id":"https:\/\/www.mydemenageur.com\/blog\/debarras-jardin\/#primaryimage"},"image":{"@id":"https:\/\/www.mydemenageur.com\/blog\/debarras-jardin\/#primaryimage"},"thumbnailUrl":"https:\/\/www.mydemenageur.com\/blog\/wp-content\/uploads\/2022\/03\/p3-4-jardin-min.jpg","datePublished":"2022-04-27T10:01:42+00:00","dateModified":"2024-09-14T13:12:08+00:00","description":"Comment ranger son jardin ? Etapes de rangement de jardins. Proc\u00e9dure pour embellir votre jardin en quelques \u00e9tapes.","breadcrumb":{"@id":"https:\/\/www.mydemenageur.com\/blog\/debarras-jardin\/#breadcrumb"},"inLanguage":"fr-FR","potentialAction":[{"@type":"ReadAction","target":["https:\/\/www.mydemenageur.com\/blog\/debarras-jardin\/"]}]},{"@type":"ImageObject","inLanguage":"fr-FR","@id":"https:\/\/www.mydemenageur.com\/blog\/debarras-jardin\/#primaryimage","url":"https:\/\/www.mydemenageur.com\/blog\/wp-content\/uploads\/2022\/03\/p3-4-jardin-min.jpg","contentUrl":"https:\/\/www.mydemenageur.com\/blog\/wp-content\/uploads\/2022\/03\/p3-4-jardin-min.jpg","width":1200,"height":797,"caption":"faire son jardin"},{"@type":"BreadcrumbList","@id":"https:\/\/www.mydemenageur.com\/blog\/debarras-jardin\/#breadcrumb","itemListElement":[{"@type":"ListItem","position":1,"name":"Accueil","item":"https:\/\/www.mydemenageur.com\/blog\/"},{"@type":"ListItem","position":2,"name":"D\u00e9m\u00e9nagement","item":"https:\/\/www.mydemenageur.com\/blog\/categorie\/transport\/"},{"@type":"ListItem","position":3,"name":"D\u00e9barras","item":"https:\/\/www.mydemenageur.com\/blog\/categorie\/transport\/debarras\/"},{"@type":"ListItem","position":4,"name":"Comment ranger son jardin en 5 \u00e9tapes ?"}]},{"@type":"WebSite","@id":"https:\/\/www.mydemenageur.com\/blog\/#website","url":"https:\/\/www.mydemenageur.com\/blog\/","name":"MyDemenageur","description":"Conseils d\u00e9m\u00e9ngement entre particuliers et d\u00e9m\u00e9nagement professionnel","publisher":{"@id":"https:\/\/www.mydemenageur.com\/blog\/#organization"},"potentialAction":[{"@type":"SearchAction","target":{"@type":"EntryPoint","urlTemplate":"https:\/\/www.mydemenageur.com\/blog\/?s={search_term_string}"},"query-input":{"@type":"PropertyValueSpecification","valueRequired":true,"valueName":"search_term_string"}}],"inLanguage":"fr-FR"},{"@type":"Organization","@id":"https:\/\/www.mydemenageur.com\/blog\/#organization","name":"MyDemenageur.com","url":"https:\/\/www.mydemenageur.com\/blog\/","logo":{"@type":"ImageObject","inLanguage":"fr-FR","@id":"https:\/\/www.mydemenageur.com\/blog\/#\/schema\/logo\/image\/","url":"https:\/\/www.mydemenageur.com\/blog\/wp-content\/uploads\/2022\/05\/MyDemenageur_Symbol.jpg","contentUrl":"https:\/\/www.mydemenageur.com\/blog\/wp-content\/uploads\/2022\/05\/MyDemenageur_Symbol.jpg","width":878,"height":877,"caption":"MyDemenageur.com"},"image":{"@id":"https:\/\/www.mydemenageur.com\/blog\/#\/schema\/logo\/image\/"},"sameAs":["https:\/\/www.facebook.com\/mydemenageur","https:\/\/x.com\/mydemenageur","https:\/\/www.pinterest.fr\/mydemenageur\/"]},{"@type":"Person","@id":"https:\/\/www.mydemenageur.com\/blog\/#\/schema\/person\/4540dc333c2e7dc790f0f7bcd5b99569","name":"Mathilde","image":{"@type":"ImageObject","inLanguage":"fr-FR","@id":"https:\/\/www.mydemenageur.com\/blog\/#\/schema\/person\/image\/","url":"https:\/\/secure.gravatar.com\/avatar\/abde069f6f70261ee6ecea93e0437d77?s=96&#038;r=g","contentUrl":"https:\/\/secure.gravatar.com\/avatar\/abde069f6f70261ee6ecea93e0437d77?s=96&#038;r=g","caption":"Mathilde"},"description":"L'harmonie des couleurs et des objets m'a toujours fascin\u00e9e, transformant chaque pi\u00e8ce en un lieu unique et agr\u00e9able \u00e0 vivre. Sur MyDemenageur, vous trouverez non seulement des inspirations personnelles, mais aussi des informations r\u00e9centes sur le monde de la d\u00e9coration, les projets de maison, le d\u00e9m\u00e9nagement et les travaux.","url":"https:\/\/www.mydemenageur.com\/blog\/author\/mathilde\/"}]}},"modified_by":"MyDemenageur","_links":{"self":[{"href":"https:\/\/www.mydemenageur.com\/blog\/wp-json\/wp\/v2\/posts\/27817"}],"collection":[{"href":"https:\/\/www.mydemenageur.com\/blog\/wp-json\/wp\/v2\/posts"}],"about":[{"href":"https:\/\/www.mydemenageur.com\/blog\/wp-json\/wp\/v2\/types\/post"}],"author":[{"embeddable":true,"href":"https:\/\/www.mydemenageur.com\/blog\/wp-json\/wp\/v2\/users\/11"}],"replies":[{"embeddable":true,"href":"https:\/\/www.mydemenageur.com\/blog\/wp-json\/wp\/v2\/comments?post=27817"}],"version-history":[{"count":0,"href":"https:\/\/www.mydemenageur.com\/blog\/wp-json\/wp\/v2\/posts\/27817\/revisions"}],"wp:featuredmedia":[{"embeddable":true,"href":"https:\/\/www.mydemenageur.com\/blog\/wp-json\/wp\/v2\/media\/27997"}],"wp:attachment":[{"href":"https:\/\/www.mydemenageur.com\/blog\/wp-json\/wp\/v2\/media?parent=27817"}],"wp:term":[{"taxonomy":"category","embeddable":true,"href":"https:\/\/www.mydemenageur.com\/blog\/wp-json\/wp\/v2\/categories?post=27817"},{"taxonomy":"post_tag","embeddable":true,"href":"https:\/\/www.mydemenageur.com\/blog\/wp-json\/wp\/v2\/tags?post=27817"}],"curies":[{"name":"wp","href":"https:\/\/api.w.org\/{rel}","templated":true}]}}