{"id":29019,"date":"2022-06-13T07:30:27","date_gmt":"2022-06-13T07:30:27","guid":{"rendered":"https:\/\/www.mydemenageur.com\/blog\/?p=29019"},"modified":"2024-09-14T17:52:06","modified_gmt":"2024-09-14T17:52:06","slug":"mal-de-dos-la-nuit-nos-astuces-pour-choisir-le-bon-oreiller","status":"publish","type":"post","link":"https:\/\/www.mydemenageur.com\/blog\/mal-de-dos-la-nuit-nos-astuces-pour-choisir-le-bon-oreiller\/","title":{"rendered":"Choisir le bon oreiller : nos astuces"},"content":{"rendered":"<p>Nous passons pr\u00e8s d\u2019un tiers de notre vie \u00e0 dormir. C\u2019est un moment essentiel qui permet \u00e0 notre corps et \u00e0 notre esprit de se r\u00e9g\u00e9n\u00e9rer, de r\u00e9cup\u00e9rer des efforts de la journ\u00e9e et de se pr\u00e9parer pour le lendemain. Cependant, la qualit\u00e9 de ce sommeil d\u00e9pend souvent d\u2019un \u00e9l\u00e9ment auquel nous ne pr\u00eatons pas toujours l\u2019attention qu\u2019il m\u00e9rite : l\u2019oreiller. Trop ferme, trop mou, trop \u00e9pais, ou trop fin, un oreiller mal adapt\u00e9 peut \u00eatre la source de nuits agit\u00e9es, de douleurs cervicales ou de r\u00e9veils difficiles. Alors, comment choisir cet alli\u00e9 de nos nuits pour qu\u2019il soit vraiment adapt\u00e9 \u00e0 nos besoins et \u00e0 nos habitudes de sommeil ? Dans cet article, nous vous d\u00e9voilerons nos astuces pour s\u00e9lectionner l\u2019oreiller id\u00e9al, garantissant ainsi des nuits paisibles et un r\u00e9veil en pleine forme.<\/p>\n<div id=\"ez-toc-container\" class=\"ez-toc-v2_0_82_2 counter-hierarchy ez-toc-counter ez-toc-custom ez-toc-container-direction\">\n<div class=\"ez-toc-title-container\">\n<p class=\"ez-toc-title\" style=\"cursor:inherit\">Ce que vous allez apprendre<\/p>\n<span class=\"ez-toc-title-toggle\"><\/span><\/div>\n<nav><ul class='ez-toc-list ez-toc-list-level-1 ' ><li class='ez-toc-page-1 ez-toc-heading-level-2'><a class=\"ez-toc-link ez-toc-heading-1\" href=\"https:\/\/www.mydemenageur.com\/blog\/mal-de-dos-la-nuit-nos-astuces-pour-choisir-le-bon-oreiller\/#quelques-astuces-pour-ameliorer-votre-confort-la-nuit\" >Quelques astuces pour am\u00e9liorer votre confort la nuit<\/a><\/li><li class='ez-toc-page-1 ez-toc-heading-level-2'><a class=\"ez-toc-link ez-toc-heading-2\" href=\"https:\/\/www.mydemenageur.com\/blog\/mal-de-dos-la-nuit-nos-astuces-pour-choisir-le-bon-oreiller\/#nos-astuces-pour-lutter-contre-le-mal-de-dos-la-nuit\" >Nos astuces pour lutter contre le mal de dos la nuit<\/a><\/li><li class='ez-toc-page-1 ez-toc-heading-level-2'><a class=\"ez-toc-link ez-toc-heading-3\" href=\"https:\/\/www.mydemenageur.com\/blog\/mal-de-dos-la-nuit-nos-astuces-pour-choisir-le-bon-oreiller\/#choisir-un-bon-oreiller\" >Choisir un bon oreiller<\/a><\/li><\/ul><\/nav><\/div>\n<h2><span class=\"ez-toc-section\" id=\"quelques-astuces-pour-ameliorer-votre-confort-la-nuit\"><\/span>Quelques astuces pour am\u00e9liorer votre confort la nuit<span class=\"ez-toc-section-end\"><\/span><\/h2>\n<p>Les personnes susceptibles d\u2019avoir des douleurs pendant leur sommeil doivent dormir sur le c\u00f4t\u00e9. Cela permettra de rel\u00e2cher les tensions. Le fait de dormir sur le ventre n\u2019est pas recommand\u00e9, car vous risquez de provoquer des contractions musculaires.<\/p>\n<p>Dans la mesure o\u00f9 vous n\u2019arrivez pas \u00e0 supprimer ces habitudes lorsque vous dormez, il est pr\u00e9f\u00e9rable d\u2019opter pour un oreiller moelleux et plat. Choisissez un oreiller haut et mi-ferme si vous dormez sur le c\u00f4t\u00e9. Cela vous permettra de bien caler votre cou pendant votre sommeil. Procurez-vous un oreiller \u00e9pais dans la mesure o\u00f9 vous dormez sur le dos.<\/p>\n<p>Pour toutes les situations \u00e9voqu\u00e9es, il est recommand\u00e9 d\u2019opter pour un oreiller rectangulaire. Ceux qui sont constitu\u00e9s \u00e0 partir de polyester vont \u00eatre pertinents en termes de prix. Toutefois, ils peuvent vite se tasser et vous serez amen\u00e9 \u00e0 les changer rapidement.<\/p>\n<p>Notez que la dur\u00e9e de vie d\u2019un oreiller est d\u2019environ 2 ans.<\/p>\n<p>La position sur votre oreiller a son importance, \u00e9vitez de mettre vos \u00e9paules sur le coussin. Le bon oreiller se positionne au-dessus des \u00e9paules et soutient la nuque et la t\u00eate. C\u2019est tout.<\/p>\n<p>Les mod\u00e8les en latex vous offriront un certain confort, mais ont un prix plus \u00e9lev\u00e9 que les mod\u00e8les en polyester. Vous aurez une fermet\u00e9 optimale et une bonne a\u00e9ration, id\u00e9al pour ceux qui transpirent du cuir chevelu.<\/p>\n<p>Vous pourrez \u00e9galement trouver des mod\u00e8les en mousse \u00e0 m\u00e9moire de forme. Gr\u00e2ce \u00e0 son ergonomie, vous aurez un confort ind\u00e9niable. Veillez \u00e0 la densit\u00e9 de la mousse, certains mod\u00e8les sont tr\u00e8s durs et font plus de d\u00e9g\u00e2ts qu\u2019on ne l\u2019aurait imagin\u00e9.<\/p>\n<p><iframe width=\"560\" height=\"315\" src=\"https:\/\/www.youtube.com\/embed\/zLMage0ZJvg\" title=\"YouTube video player\" frameborder=\"0\" allow=\"accelerometer; autoplay; clipboard-write; encrypted-media; gyroscope; picture-in-picture\" allowfullscreen><\/iframe><\/p>\n<h2><span class=\"ez-toc-section\" id=\"nos-astuces-pour-lutter-contre-le-mal-de-dos-la-nuit\"><\/span>Nos astuces pour lutter contre le mal de dos la nuit<span class=\"ez-toc-section-end\"><\/span><\/h2>\n<p>\u00c9videmment, il est crucial de prendre le temps de choisir le bon oreiller pour \u00e9viter toute contrainte durant le sommeil. Cependant, cela ne suffit pas. Il est aussi primordial de choisir un bon matelas et un bon sommier. Ces derniers accessoires sont tout aussi importants pour votre confort. Par exemple, le <a href=\"https:\/\/www.mydemenageur.com\/blog\/nuits-difficiles-nos-conseils-pour-choisir-le-bon-matelas\/\">matelas<\/a> ne doit pas \u00eatre trop dur, ni trop mou. Attention aux matelas qui sont vieux, pouvant parfois \u00eatre creus\u00e9s ou provoquer des allergies.<\/p>\n<p>De la m\u00eame fa\u00e7on, un sommier us\u00e9 peut grincer, ce qui ne va pas vous aider \u00e0 passer une bonne nuit. Donc, veillez \u00e0 bien choisir des mod\u00e8les adapt\u00e9s \u00e0 vos besoins. Par ailleurs, il est conseill\u00e9 de faire attention \u00e0 ses postures et \u00e0 son activit\u00e9 physique de mani\u00e8re g\u00e9n\u00e9rale. Au quotidien, il est crucial d\u2019adopter de bons gestes, \u00e0 savoir :<\/p>\n<ul>\n<li>bien r\u00e9partir les charges comme il se doit\u2009;<\/li>\n<li>lorsque vous vous asseyez, veillez \u00e0 avoir une posture droite\u2009;<\/li>\n<li>conduisez \u00e0 distance du volant\u2009;<\/li>\n<li>\u00e9vitez que votre colonne vert\u00e9brale ne soit courb\u00e9e en dormant dans l\u2019axe.<\/li>\n<\/ul>\n<p>Les causes du mal de dos sont g\u00e9n\u00e9ralement provoqu\u00e9es par le stress, le port de charges lourdes et les mauvaises habitudes de sommeil, mais \u00e9galement des mauvaises postures. Si vous \u00eates sujet \u00e0 cela, il convient de faire particuli\u00e8rement attention \u00e0 votre position lorsque vous dormez.<\/p>\n<h2><span class=\"ez-toc-section\" id=\"choisir-un-bon-oreiller\"><\/span>Choisir un bon oreiller<span class=\"ez-toc-section-end\"><\/span><\/h2>\n<p>En optant pour un mod\u00e8le d\u2019oreiller ergonomique, vous serez certain de limiter au maximum les douleurs au niveau de la nuque ainsi qu\u2019au niveau de votre colonne vert\u00e9brale. En effet, cela est permis puisque ces mod\u00e8les r\u00e9agissent \u00e0 la chaleur du corps. Ils sont plus pr\u00e9cis\u00e9ment compos\u00e9s de <a href=\"https:\/\/www.mydemenageur.com\/blog\/comment-choisir-un-matelas-memoire-de-forme\/\">mousse visco\u00e9lastique<\/a>, qui s\u2019adapte parfaitement aux contours de la t\u00eate.<\/p>\n<p>Peu importe vos habitudes de sommeil, vous aurez un confort optimal gr\u00e2ce \u00e0 ces bons oreillers. Mais, \u00e0 quoi ressemblent-ils exactement\u2009? Ces derniers ont une forme de vague et s\u2019adaptent parfaitement au creux de votre nuque. De ce fait, vos muscles seront rel\u00e2ch\u00e9s et d\u00e9contract\u00e9s. Tout est pens\u00e9 dans l\u2019ergonomie pour que vous ne ressentiez aucun point de pression.<\/p>\n<p>Si vous souffrez r\u00e9guli\u00e8rement d\u2019un mal de dos, l\u2019id\u00e9al serait d\u2019opter pour un mod\u00e8le mi-ferme. Cela vous aidera \u00e0 trouver une position dans laquelle vous serez tout \u00e0 fait \u00e0 l\u2019aise la nuit. Afin d\u2019\u00e9viter au maximum les probl\u00e8mes au niveau du dos, il est recommand\u00e9 d\u2019opter pour un mod\u00e8le ni trop ferme, ni trop moelleux, comme mentionn\u00e9 pr\u00e9c\u00e9demment. Dans le cas o\u00f9 vous optez pour un mod\u00e8le qui est trop mou, par exemple, celui-ci ne soutiendra pas suffisamment vos cervicales pendant votre sommeil. Vous risquez de vous r\u00e9veiller plusieurs fois par nuit. Adieu le sommeil r\u00e9parateur.<\/p>\n<p>Un mod\u00e8le trop souple suscitera des points de pression, ce qui va entra\u00eener des douleurs lombaires et toucher votre dos et votre colonne vert\u00e9brale. Pour cette probl\u00e9matique, les oreillers \u00e0 deux faces sont pertinents. Vous aurez une face douce et moelleuse, ce qui vous permet d\u2019apporter de la l\u00e9g\u00e8ret\u00e9 au niveau de votre nuque. L\u2019autre face, quant \u00e0 elle, est l\u00e9g\u00e8rement plus ferme, ce qui vous apporte un certain maintien. Un tel mod\u00e8le constitue votre alli\u00e9 si vous \u00eates sujet \u00e0 des douleurs r\u00e9guli\u00e8res.<\/p>\n<p>Vous l\u2019aurez compris, le mod\u00e8le mi-ferme est id\u00e9al pour ce cas de figure. Vous devez aussi choisir un matelas et un sommier de qualit\u00e9, pour un confort optimal durant votre nuit.<\/p>\n","protected":false},"excerpt":{"rendered":"<p>Nous passons pr\u00e8s d\u2019un tiers de notre vie \u00e0 dormir. C\u2019est un moment essentiel qui permet \u00e0 notre corps et<\/p>\n","protected":false},"author":9,"featured_media":29023,"comment_status":"closed","ping_status":"closed","sticky":false,"template":"","format":"standard","meta":{"_lmt_disableupdate":"no","_lmt_disable":"no","footnotes":""},"categories":[102],"tags":[],"yoast_head":"<!-- This site is optimized with the Yoast SEO Premium plugin v24.2 (Yoast SEO v24.5) - https:\/\/yoast.com\/wordpress\/plugins\/seo\/ -->\n<title>Choisir le bon oreiller : nos astuces<\/title>\n<meta name=\"description\" content=\"D\u00e9couvrez comment choisir un oreiller afin d&#039;en finir avec votre mal de dos. Une bonne position vous soulagera des douleurs persistantes.\" \/>\n<meta name=\"robots\" content=\"index, follow, max-snippet:-1, max-image-preview:large, max-video-preview:-1\" \/>\n<link rel=\"canonical\" href=\"https:\/\/www.mydemenageur.com\/blog\/mal-de-dos-la-nuit-nos-astuces-pour-choisir-le-bon-oreiller\/\" \/>\n<meta property=\"og:locale\" content=\"fr_FR\" \/>\n<meta property=\"og:type\" content=\"article\" \/>\n<meta property=\"og:title\" content=\"Choisir le bon oreiller : nos astuces\" \/>\n<meta property=\"og:description\" content=\"D\u00e9couvrez comment choisir un oreiller afin d&#039;en finir avec votre mal de dos. Une bonne position vous soulagera des douleurs persistantes.\" \/>\n<meta property=\"og:url\" content=\"https:\/\/www.mydemenageur.com\/blog\/mal-de-dos-la-nuit-nos-astuces-pour-choisir-le-bon-oreiller\/\" \/>\n<meta property=\"og:site_name\" content=\"MyDemenageur\" \/>\n<meta property=\"article:publisher\" content=\"https:\/\/www.facebook.com\/mydemenageur\" \/>\n<meta property=\"article:author\" content=\"https:\/\/fr-fr.facebook.com\/mydemenageur\/\" \/>\n<meta property=\"article:published_time\" content=\"2022-06-13T07:30:27+00:00\" \/>\n<meta property=\"article:modified_time\" content=\"2024-09-14T17:52:06+00:00\" \/>\n<meta property=\"og:image\" content=\"https:\/\/www.mydemenageur.com\/blog\/wp-content\/uploads\/2022\/06\/Sans-titre-2022-06-10T173150.445.jpg\" \/>\n\t<meta property=\"og:image:width\" content=\"1200\" \/>\n\t<meta property=\"og:image:height\" content=\"800\" \/>\n\t<meta property=\"og:image:type\" content=\"image\/jpeg\" \/>\n<meta name=\"author\" content=\"xavier\" \/>\n<meta name=\"twitter:card\" content=\"summary_large_image\" \/>\n<meta name=\"twitter:creator\" content=\"@VieuxGrizou\" \/>\n<meta name=\"twitter:site\" content=\"@mydemenageur\" \/>\n<meta name=\"twitter:label1\" content=\"\u00c9crit par\" \/>\n\t<meta name=\"twitter:data1\" content=\"xavier\" \/>\n\t<meta name=\"twitter:label2\" content=\"Dur\u00e9e de lecture estim\u00e9e\" \/>\n\t<meta name=\"twitter:data2\" content=\"6 minutes\" \/>\n<script type=\"application\/ld+json\" class=\"yoast-schema-graph\">{\"@context\":\"https:\/\/schema.org\",\"@graph\":[{\"@type\":\"Article\",\"@id\":\"https:\/\/www.mydemenageur.com\/blog\/mal-de-dos-la-nuit-nos-astuces-pour-choisir-le-bon-oreiller\/#article\",\"isPartOf\":{\"@id\":\"https:\/\/www.mydemenageur.com\/blog\/mal-de-dos-la-nuit-nos-astuces-pour-choisir-le-bon-oreiller\/\"},\"author\":{\"name\":\"xavier\",\"@id\":\"https:\/\/www.mydemenageur.com\/blog\/#\/schema\/person\/a5c62c5299ab308b8bdd1e106f3b71d6\"},\"headline\":\"Choisir le bon oreiller : nos astuces\",\"datePublished\":\"2022-06-13T07:30:27+00:00\",\"dateModified\":\"2024-09-14T17:52:06+00:00\",\"mainEntityOfPage\":{\"@id\":\"https:\/\/www.mydemenageur.com\/blog\/mal-de-dos-la-nuit-nos-astuces-pour-choisir-le-bon-oreiller\/\"},\"wordCount\":1068,\"publisher\":{\"@id\":\"https:\/\/www.mydemenageur.com\/blog\/#organization\"},\"image\":{\"@id\":\"https:\/\/www.mydemenageur.com\/blog\/mal-de-dos-la-nuit-nos-astuces-pour-choisir-le-bon-oreiller\/#primaryimage\"},\"thumbnailUrl\":\"https:\/\/www.mydemenageur.com\/blog\/wp-content\/uploads\/2022\/06\/Sans-titre-2022-06-10T173150.445.jpg\",\"articleSection\":[\"Logement\"],\"inLanguage\":\"fr-FR\"},{\"@type\":\"WebPage\",\"@id\":\"https:\/\/www.mydemenageur.com\/blog\/mal-de-dos-la-nuit-nos-astuces-pour-choisir-le-bon-oreiller\/\",\"url\":\"https:\/\/www.mydemenageur.com\/blog\/mal-de-dos-la-nuit-nos-astuces-pour-choisir-le-bon-oreiller\/\",\"name\":\"Choisir le bon oreiller : nos astuces\",\"isPartOf\":{\"@id\":\"https:\/\/www.mydemenageur.com\/blog\/#website\"},\"primaryImageOfPage\":{\"@id\":\"https:\/\/www.mydemenageur.com\/blog\/mal-de-dos-la-nuit-nos-astuces-pour-choisir-le-bon-oreiller\/#primaryimage\"},\"image\":{\"@id\":\"https:\/\/www.mydemenageur.com\/blog\/mal-de-dos-la-nuit-nos-astuces-pour-choisir-le-bon-oreiller\/#primaryimage\"},\"thumbnailUrl\":\"https:\/\/www.mydemenageur.com\/blog\/wp-content\/uploads\/2022\/06\/Sans-titre-2022-06-10T173150.445.jpg\",\"datePublished\":\"2022-06-13T07:30:27+00:00\",\"dateModified\":\"2024-09-14T17:52:06+00:00\",\"description\":\"D\u00e9couvrez comment choisir un oreiller afin d'en finir avec votre mal de dos. Une bonne position vous soulagera des douleurs persistantes.\",\"breadcrumb\":{\"@id\":\"https:\/\/www.mydemenageur.com\/blog\/mal-de-dos-la-nuit-nos-astuces-pour-choisir-le-bon-oreiller\/#breadcrumb\"},\"inLanguage\":\"fr-FR\",\"potentialAction\":[{\"@type\":\"ReadAction\",\"target\":[\"https:\/\/www.mydemenageur.com\/blog\/mal-de-dos-la-nuit-nos-astuces-pour-choisir-le-bon-oreiller\/\"]}]},{\"@type\":\"ImageObject\",\"inLanguage\":\"fr-FR\",\"@id\":\"https:\/\/www.mydemenageur.com\/blog\/mal-de-dos-la-nuit-nos-astuces-pour-choisir-le-bon-oreiller\/#primaryimage\",\"url\":\"https:\/\/www.mydemenageur.com\/blog\/wp-content\/uploads\/2022\/06\/Sans-titre-2022-06-10T173150.445.jpg\",\"contentUrl\":\"https:\/\/www.mydemenageur.com\/blog\/wp-content\/uploads\/2022\/06\/Sans-titre-2022-06-10T173150.445.jpg\",\"width\":1200,\"height\":800,\"caption\":\"Mal de dos la nuit ? Nos astuces pour choisir le bon oreiller\"},{\"@type\":\"BreadcrumbList\",\"@id\":\"https:\/\/www.mydemenageur.com\/blog\/mal-de-dos-la-nuit-nos-astuces-pour-choisir-le-bon-oreiller\/#breadcrumb\",\"itemListElement\":[{\"@type\":\"ListItem\",\"position\":1,\"name\":\"Accueil\",\"item\":\"https:\/\/www.mydemenageur.com\/blog\/\"},{\"@type\":\"ListItem\",\"position\":2,\"name\":\"Logement\",\"item\":\"https:\/\/www.mydemenageur.com\/blog\/categorie\/logement\/\"},{\"@type\":\"ListItem\",\"position\":3,\"name\":\"Choisir le bon oreiller : nos astuces\"}]},{\"@type\":\"WebSite\",\"@id\":\"https:\/\/www.mydemenageur.com\/blog\/#website\",\"url\":\"https:\/\/www.mydemenageur.com\/blog\/\",\"name\":\"MyDemenageur\",\"description\":\"Conseils d\u00e9m\u00e9ngement entre particuliers et d\u00e9m\u00e9nagement professionnel\",\"publisher\":{\"@id\":\"https:\/\/www.mydemenageur.com\/blog\/#organization\"},\"potentialAction\":[{\"@type\":\"SearchAction\",\"target\":{\"@type\":\"EntryPoint\",\"urlTemplate\":\"https:\/\/www.mydemenageur.com\/blog\/?s={search_term_string}\"},\"query-input\":{\"@type\":\"PropertyValueSpecification\",\"valueRequired\":true,\"valueName\":\"search_term_string\"}}],\"inLanguage\":\"fr-FR\"},{\"@type\":\"Organization\",\"@id\":\"https:\/\/www.mydemenageur.com\/blog\/#organization\",\"name\":\"MyDemenageur.com\",\"url\":\"https:\/\/www.mydemenageur.com\/blog\/\",\"logo\":{\"@type\":\"ImageObject\",\"inLanguage\":\"fr-FR\",\"@id\":\"https:\/\/www.mydemenageur.com\/blog\/#\/schema\/logo\/image\/\",\"url\":\"https:\/\/www.mydemenageur.com\/blog\/wp-content\/uploads\/2022\/05\/MyDemenageur_Symbol.jpg\",\"contentUrl\":\"https:\/\/www.mydemenageur.com\/blog\/wp-content\/uploads\/2022\/05\/MyDemenageur_Symbol.jpg\",\"width\":878,\"height\":877,\"caption\":\"MyDemenageur.com\"},\"image\":{\"@id\":\"https:\/\/www.mydemenageur.com\/blog\/#\/schema\/logo\/image\/\"},\"sameAs\":[\"https:\/\/www.facebook.com\/mydemenageur\",\"https:\/\/x.com\/mydemenageur\",\"https:\/\/www.pinterest.fr\/mydemenageur\/\"]},{\"@type\":\"Person\",\"@id\":\"https:\/\/www.mydemenageur.com\/blog\/#\/schema\/person\/a5c62c5299ab308b8bdd1e106f3b71d6\",\"name\":\"xavier\",\"image\":{\"@type\":\"ImageObject\",\"inLanguage\":\"fr-FR\",\"@id\":\"https:\/\/www.mydemenageur.com\/blog\/#\/schema\/person\/image\/\",\"url\":\"https:\/\/www.mydemenageur.com\/blog\/wp-content\/uploads\/letter-avatar\/d667a3da826ce784ef60b73d91ec9752.svg\",\"contentUrl\":\"https:\/\/www.mydemenageur.com\/blog\/wp-content\/uploads\/letter-avatar\/d667a3da826ce784ef60b73d91ec9752.svg\",\"caption\":\"xavier\"},\"description\":\"La d\u00e9coration est une passion depuis tr\u00e8s jeune. J\u2019ai toujours ador\u00e9 associer les couleurs, les objets pour sublimer un salon, une cuisine pour rendre ma d\u00e9coration d'int\u00e9rieure la plus sympa possible. D\u00e9couvrez ici mes id\u00e9es mais aussi les actualit\u00e9s autour du monde de la d\u00e9coration et de la maison, du d\u00e9m\u00e9nagement, des travaux !\",\"sameAs\":[\"https:\/\/fr-fr.facebook.com\/mydemenageur\/\",\"https:\/\/www.instagram.com\/mydemenageur\/\",\"https:\/\/www.linkedin.com\/in\/xavier-delahaye\/\",\"https:\/\/x.com\/@VieuxGrizou\",\"https:\/\/www.youtube.com\/channel\/UCXLzXq9rfED1LRRZQB2bQNg\",\"MyDemenageur\"],\"url\":\"https:\/\/www.mydemenageur.com\/blog\/author\/vieux_grizou\/\"}]}<\/script>\n<!-- \/ Yoast SEO Premium plugin. -->","yoast_head_json":{"title":"Choisir le bon oreiller : nos astuces","description":"D\u00e9couvrez comment choisir un oreiller afin d'en finir avec votre mal de dos. Une bonne position vous soulagera des douleurs persistantes.","robots":{"index":"index","follow":"follow","max-snippet":"max-snippet:-1","max-image-preview":"max-image-preview:large","max-video-preview":"max-video-preview:-1"},"canonical":"https:\/\/www.mydemenageur.com\/blog\/mal-de-dos-la-nuit-nos-astuces-pour-choisir-le-bon-oreiller\/","og_locale":"fr_FR","og_type":"article","og_title":"Choisir le bon oreiller : nos astuces","og_description":"D\u00e9couvrez comment choisir un oreiller afin d'en finir avec votre mal de dos. Une bonne position vous soulagera des douleurs persistantes.","og_url":"https:\/\/www.mydemenageur.com\/blog\/mal-de-dos-la-nuit-nos-astuces-pour-choisir-le-bon-oreiller\/","og_site_name":"MyDemenageur","article_publisher":"https:\/\/www.facebook.com\/mydemenageur","article_author":"https:\/\/fr-fr.facebook.com\/mydemenageur\/","article_published_time":"2022-06-13T07:30:27+00:00","article_modified_time":"2024-09-14T17:52:06+00:00","og_image":[{"width":1200,"height":800,"url":"https:\/\/www.mydemenageur.com\/blog\/wp-content\/uploads\/2022\/06\/Sans-titre-2022-06-10T173150.445.jpg","type":"image\/jpeg"}],"author":"xavier","twitter_card":"summary_large_image","twitter_creator":"@VieuxGrizou","twitter_site":"@mydemenageur","twitter_misc":{"\u00c9crit par":"xavier","Dur\u00e9e de lecture estim\u00e9e":"6 minutes"},"schema":{"@context":"https:\/\/schema.org","@graph":[{"@type":"Article","@id":"https:\/\/www.mydemenageur.com\/blog\/mal-de-dos-la-nuit-nos-astuces-pour-choisir-le-bon-oreiller\/#article","isPartOf":{"@id":"https:\/\/www.mydemenageur.com\/blog\/mal-de-dos-la-nuit-nos-astuces-pour-choisir-le-bon-oreiller\/"},"author":{"name":"xavier","@id":"https:\/\/www.mydemenageur.com\/blog\/#\/schema\/person\/a5c62c5299ab308b8bdd1e106f3b71d6"},"headline":"Choisir le bon oreiller : nos astuces","datePublished":"2022-06-13T07:30:27+00:00","dateModified":"2024-09-14T17:52:06+00:00","mainEntityOfPage":{"@id":"https:\/\/www.mydemenageur.com\/blog\/mal-de-dos-la-nuit-nos-astuces-pour-choisir-le-bon-oreiller\/"},"wordCount":1068,"publisher":{"@id":"https:\/\/www.mydemenageur.com\/blog\/#organization"},"image":{"@id":"https:\/\/www.mydemenageur.com\/blog\/mal-de-dos-la-nuit-nos-astuces-pour-choisir-le-bon-oreiller\/#primaryimage"},"thumbnailUrl":"https:\/\/www.mydemenageur.com\/blog\/wp-content\/uploads\/2022\/06\/Sans-titre-2022-06-10T173150.445.jpg","articleSection":["Logement"],"inLanguage":"fr-FR"},{"@type":"WebPage","@id":"https:\/\/www.mydemenageur.com\/blog\/mal-de-dos-la-nuit-nos-astuces-pour-choisir-le-bon-oreiller\/","url":"https:\/\/www.mydemenageur.com\/blog\/mal-de-dos-la-nuit-nos-astuces-pour-choisir-le-bon-oreiller\/","name":"Choisir le bon oreiller : nos astuces","isPartOf":{"@id":"https:\/\/www.mydemenageur.com\/blog\/#website"},"primaryImageOfPage":{"@id":"https:\/\/www.mydemenageur.com\/blog\/mal-de-dos-la-nuit-nos-astuces-pour-choisir-le-bon-oreiller\/#primaryimage"},"image":{"@id":"https:\/\/www.mydemenageur.com\/blog\/mal-de-dos-la-nuit-nos-astuces-pour-choisir-le-bon-oreiller\/#primaryimage"},"thumbnailUrl":"https:\/\/www.mydemenageur.com\/blog\/wp-content\/uploads\/2022\/06\/Sans-titre-2022-06-10T173150.445.jpg","datePublished":"2022-06-13T07:30:27+00:00","dateModified":"2024-09-14T17:52:06+00:00","description":"D\u00e9couvrez comment choisir un oreiller afin d'en finir avec votre mal de dos. Une bonne position vous soulagera des douleurs persistantes.","breadcrumb":{"@id":"https:\/\/www.mydemenageur.com\/blog\/mal-de-dos-la-nuit-nos-astuces-pour-choisir-le-bon-oreiller\/#breadcrumb"},"inLanguage":"fr-FR","potentialAction":[{"@type":"ReadAction","target":["https:\/\/www.mydemenageur.com\/blog\/mal-de-dos-la-nuit-nos-astuces-pour-choisir-le-bon-oreiller\/"]}]},{"@type":"ImageObject","inLanguage":"fr-FR","@id":"https:\/\/www.mydemenageur.com\/blog\/mal-de-dos-la-nuit-nos-astuces-pour-choisir-le-bon-oreiller\/#primaryimage","url":"https:\/\/www.mydemenageur.com\/blog\/wp-content\/uploads\/2022\/06\/Sans-titre-2022-06-10T173150.445.jpg","contentUrl":"https:\/\/www.mydemenageur.com\/blog\/wp-content\/uploads\/2022\/06\/Sans-titre-2022-06-10T173150.445.jpg","width":1200,"height":800,"caption":"Mal de dos la nuit ? Nos astuces pour choisir le bon oreiller"},{"@type":"BreadcrumbList","@id":"https:\/\/www.mydemenageur.com\/blog\/mal-de-dos-la-nuit-nos-astuces-pour-choisir-le-bon-oreiller\/#breadcrumb","itemListElement":[{"@type":"ListItem","position":1,"name":"Accueil","item":"https:\/\/www.mydemenageur.com\/blog\/"},{"@type":"ListItem","position":2,"name":"Logement","item":"https:\/\/www.mydemenageur.com\/blog\/categorie\/logement\/"},{"@type":"ListItem","position":3,"name":"Choisir le bon oreiller : nos astuces"}]},{"@type":"WebSite","@id":"https:\/\/www.mydemenageur.com\/blog\/#website","url":"https:\/\/www.mydemenageur.com\/blog\/","name":"MyDemenageur","description":"Conseils d\u00e9m\u00e9ngement entre particuliers et d\u00e9m\u00e9nagement professionnel","publisher":{"@id":"https:\/\/www.mydemenageur.com\/blog\/#organization"},"potentialAction":[{"@type":"SearchAction","target":{"@type":"EntryPoint","urlTemplate":"https:\/\/www.mydemenageur.com\/blog\/?s={search_term_string}"},"query-input":{"@type":"PropertyValueSpecification","valueRequired":true,"valueName":"search_term_string"}}],"inLanguage":"fr-FR"},{"@type":"Organization","@id":"https:\/\/www.mydemenageur.com\/blog\/#organization","name":"MyDemenageur.com","url":"https:\/\/www.mydemenageur.com\/blog\/","logo":{"@type":"ImageObject","inLanguage":"fr-FR","@id":"https:\/\/www.mydemenageur.com\/blog\/#\/schema\/logo\/image\/","url":"https:\/\/www.mydemenageur.com\/blog\/wp-content\/uploads\/2022\/05\/MyDemenageur_Symbol.jpg","contentUrl":"https:\/\/www.mydemenageur.com\/blog\/wp-content\/uploads\/2022\/05\/MyDemenageur_Symbol.jpg","width":878,"height":877,"caption":"MyDemenageur.com"},"image":{"@id":"https:\/\/www.mydemenageur.com\/blog\/#\/schema\/logo\/image\/"},"sameAs":["https:\/\/www.facebook.com\/mydemenageur","https:\/\/x.com\/mydemenageur","https:\/\/www.pinterest.fr\/mydemenageur\/"]},{"@type":"Person","@id":"https:\/\/www.mydemenageur.com\/blog\/#\/schema\/person\/a5c62c5299ab308b8bdd1e106f3b71d6","name":"xavier","image":{"@type":"ImageObject","inLanguage":"fr-FR","@id":"https:\/\/www.mydemenageur.com\/blog\/#\/schema\/person\/image\/","url":"https:\/\/www.mydemenageur.com\/blog\/wp-content\/uploads\/letter-avatar\/d667a3da826ce784ef60b73d91ec9752.svg","contentUrl":"https:\/\/www.mydemenageur.com\/blog\/wp-content\/uploads\/letter-avatar\/d667a3da826ce784ef60b73d91ec9752.svg","caption":"xavier"},"description":"La d\u00e9coration est une passion depuis tr\u00e8s jeune. J\u2019ai toujours ador\u00e9 associer les couleurs, les objets pour sublimer un salon, une cuisine pour rendre ma d\u00e9coration d'int\u00e9rieure la plus sympa possible. D\u00e9couvrez ici mes id\u00e9es mais aussi les actualit\u00e9s autour du monde de la d\u00e9coration et de la maison, du d\u00e9m\u00e9nagement, des travaux !","sameAs":["https:\/\/fr-fr.facebook.com\/mydemenageur\/","https:\/\/www.instagram.com\/mydemenageur\/","https:\/\/www.linkedin.com\/in\/xavier-delahaye\/","https:\/\/x.com\/@VieuxGrizou","https:\/\/www.youtube.com\/channel\/UCXLzXq9rfED1LRRZQB2bQNg","MyDemenageur"],"url":"https:\/\/www.mydemenageur.com\/blog\/author\/vieux_grizou\/"}]}},"modified_by":"MyDemenageur","_links":{"self":[{"href":"https:\/\/www.mydemenageur.com\/blog\/wp-json\/wp\/v2\/posts\/29019"}],"collection":[{"href":"https:\/\/www.mydemenageur.com\/blog\/wp-json\/wp\/v2\/posts"}],"about":[{"href":"https:\/\/www.mydemenageur.com\/blog\/wp-json\/wp\/v2\/types\/post"}],"author":[{"embeddable":true,"href":"https:\/\/www.mydemenageur.com\/blog\/wp-json\/wp\/v2\/users\/9"}],"replies":[{"embeddable":true,"href":"https:\/\/www.mydemenageur.com\/blog\/wp-json\/wp\/v2\/comments?post=29019"}],"version-history":[{"count":0,"href":"https:\/\/www.mydemenageur.com\/blog\/wp-json\/wp\/v2\/posts\/29019\/revisions"}],"wp:featuredmedia":[{"embeddable":true,"href":"https:\/\/www.mydemenageur.com\/blog\/wp-json\/wp\/v2\/media\/29023"}],"wp:attachment":[{"href":"https:\/\/www.mydemenageur.com\/blog\/wp-json\/wp\/v2\/media?parent=29019"}],"wp:term":[{"taxonomy":"category","embeddable":true,"href":"https:\/\/www.mydemenageur.com\/blog\/wp-json\/wp\/v2\/categories?post=29019"},{"taxonomy":"post_tag","embeddable":true,"href":"https:\/\/www.mydemenageur.com\/blog\/wp-json\/wp\/v2\/tags?post=29019"}],"curies":[{"name":"wp","href":"https:\/\/api.w.org\/{rel}","templated":true}]}}