{"id":29245,"date":"2022-06-17T05:30:37","date_gmt":"2022-06-17T05:30:37","guid":{"rendered":"https:\/\/www.mydemenageur.com\/blog\/?p=29245"},"modified":"2024-09-13T13:22:39","modified_gmt":"2024-09-13T13:22:39","slug":"douche-a-litalienne-comment-la-choisir-et-realiser-une-salle-de-bain-de-reve","status":"publish","type":"post","link":"https:\/\/www.mydemenageur.com\/blog\/douche-a-litalienne-comment-la-choisir-et-realiser-une-salle-de-bain-de-reve\/","title":{"rendered":"Douche \u00e0 l&rsquo;italienne : comment la choisir et r\u00e9aliser une salle de bain de r\u00eave"},"content":{"rendered":"<p>Elle est propos\u00e9e sous toutes ses formes, d\u00e9cor\u00e9e des plus beaux mat\u00e9riaux et cr\u00e9e son propre espace, son volume et ses ouvertures. Chacun peut personnaliser la douche \u00e0 l&rsquo;italienne pour un r\u00e9sultat unique. Cette libert\u00e9 de design permet \u00e0 chacun de cr\u00e9er une salle de bain qui lui ressemble. Avec l&rsquo;arriv\u00e9e de nouveaux produits sur le march\u00e9, il est plus facile que jamais de concevoir une salle de bain fonctionnelle et esth\u00e9tique. La douche \u00e0 l\u2019italienne est devenue une solution moderne et pris\u00e9e, capable de s&rsquo;adapter \u00e0 tous les espaces.<\/p>\n<div id=\"ez-toc-container\" class=\"ez-toc-v2_0_82_2 counter-hierarchy ez-toc-counter ez-toc-custom ez-toc-container-direction\">\n<div class=\"ez-toc-title-container\">\n<p class=\"ez-toc-title\" style=\"cursor:inherit\">Ce que vous allez apprendre<\/p>\n<span class=\"ez-toc-title-toggle\"><\/span><\/div>\n<nav><ul class='ez-toc-list ez-toc-list-level-1 ' ><li class='ez-toc-page-1 ez-toc-heading-level-2'><a class=\"ez-toc-link ez-toc-heading-1\" href=\"https:\/\/www.mydemenageur.com\/blog\/douche-a-litalienne-comment-la-choisir-et-realiser-une-salle-de-bain-de-reve\/#quest-ce-quune-douche-a-litalienne\" >Qu\u2019est-ce qu\u2019une douche \u00e0 l\u2019italienne ?<\/a><\/li><li class='ez-toc-page-1 ez-toc-heading-level-2'><a class=\"ez-toc-link ez-toc-heading-2\" href=\"https:\/\/www.mydemenageur.com\/blog\/douche-a-litalienne-comment-la-choisir-et-realiser-une-salle-de-bain-de-reve\/#les-meilleures-inspirations-pour-une-douche-a-litalienne\" >Les meilleures inspirations pour une douche \u00e0 l\u2019italienne<\/a><ul class='ez-toc-list-level-3' ><li class='ez-toc-heading-level-3'><a class=\"ez-toc-link ez-toc-heading-3\" href=\"https:\/\/www.mydemenageur.com\/blog\/douche-a-litalienne-comment-la-choisir-et-realiser-une-salle-de-bain-de-reve\/#avec-ou-sans-parois\" >Avec ou sans parois<\/a><\/li><li class='ez-toc-page-1 ez-toc-heading-level-3'><a class=\"ez-toc-link ez-toc-heading-4\" href=\"https:\/\/www.mydemenageur.com\/blog\/douche-a-litalienne-comment-la-choisir-et-realiser-une-salle-de-bain-de-reve\/#le-receveur-deau\" >Le receveur d\u2019eau<\/a><\/li><li class='ez-toc-page-1 ez-toc-heading-level-3'><a class=\"ez-toc-link ez-toc-heading-5\" href=\"https:\/\/www.mydemenageur.com\/blog\/douche-a-litalienne-comment-la-choisir-et-realiser-une-salle-de-bain-de-reve\/#le-revetement-mural\" >Le rev\u00eatement mural<\/a><\/li><\/ul><\/li><li class='ez-toc-page-1 ez-toc-heading-level-2'><a class=\"ez-toc-link ez-toc-heading-6\" href=\"https:\/\/www.mydemenageur.com\/blog\/douche-a-litalienne-comment-la-choisir-et-realiser-une-salle-de-bain-de-reve\/#comment-reussir-linstallation-dune-douche-a-litalienne\" >Comment r\u00e9ussir l\u2019installation d\u2019une douche \u00e0 l\u2019italienne ?<\/a><\/li><\/ul><\/nav><\/div>\n<h2><span class=\"ez-toc-section\" id=\"quest-ce-quune-douche-a-litalienne\"><\/span>Qu\u2019est-ce qu\u2019une douche \u00e0 l\u2019italienne ?<span class=\"ez-toc-section-end\"><\/span><\/h2>\n<p>\u00c0 l&rsquo;origine, la douche \u00e0 l&rsquo;italienne d\u00e9signait une douche sans receveur. Aujourd&rsquo;hui, elle fait r\u00e9f\u00e9rence \u00e0 une douche ouverte ou semi-ouverte, caract\u00e9ris\u00e9e par une grande surface, parfois sans marche et souvent enti\u00e8rement carrel\u00e9e du sol aux murs. Ce type de douche s&rsquo;adapte aussi bien aux grands espaces qu&rsquo;aux plus petits, offrant une solution \u00e9l\u00e9gante et pratique. Elle est particuli\u00e8rement appr\u00e9ci\u00e9e pour son accessibilit\u00e9 et son style minimaliste.<\/p>\n<ul>\n<li>Ouverte ou semi-ouverte, souvent sans plateau<\/li>\n<li>Adapt\u00e9e aux petits comme aux grands espaces<\/li>\n<li>Pas de marche, permettant une accessibilit\u00e9 facile<\/li>\n<li>Carrel\u00e9e du sol au mur pour une int\u00e9gration parfaite<\/li>\n<\/ul>\n<p>Les douches \u00e0 l&rsquo;italienne sont pris\u00e9es pour de nombreuses raisons. Elles sont non seulement pratiques et accessibles, mais apportent \u00e9galement une touche contemporaine \u00e0 la salle de bain. Elles \u00e9liminent les s\u00e9parations disgracieuses entre le sol de la douche et le reste de la salle de bain, cr\u00e9ant ainsi un espace fluide et harmonieux.<\/p>\n<ul>\n<li>Faciles d&rsquo;acc\u00e8s et s\u00e9curis\u00e9es<\/li>\n<li>Confortables \u00e0 utiliser<\/li>\n<li>Donnent une impression d\u2019espace<\/li>\n<\/ul>\n<p>La douche \u00e0 l\u2019italienne permet de supprimer les contraintes habituelles des douches traditionnelles. Elle s\u2019int\u00e8gre parfaitement \u00e0 l\u2019int\u00e9rieur, en particulier dans des salles de bain au style moderne. Elle permet \u00e9galement de personnaliser les mat\u00e9riaux, les couleurs et les finitions pour s\u2019adapter \u00e0 vos go\u00fbts et \u00e0 votre espace.<\/p>\n<h2><span class=\"ez-toc-section\" id=\"les-meilleures-inspirations-pour-une-douche-a-litalienne\"><\/span>Les meilleures inspirations pour une douche \u00e0 l\u2019italienne<span class=\"ez-toc-section-end\"><\/span><\/h2>\n<p>Si vous manquez d\u2019inspiration, voici quelques id\u00e9es de design pour vous aider \u00e0 choisir le style qui correspond \u00e0 vos envies.<\/p>\n<h3><span class=\"ez-toc-section\" id=\"avec-ou-sans-parois\"><\/span>Avec ou sans parois<span class=\"ez-toc-section-end\"><\/span><\/h3>\n<p>Dans une douche \u00e0 l\u2019italienne, tout est possible ! Vous pouvez opter pour des parois en verre d\u00e9poli, des briques de verre transparentes ou m\u00eame des parois coulissantes. La disposition peut varier en fonction de l&rsquo;espace disponible : en diagonale, en arc de cercle, ou simplement en parois fixes. Pour un look encore plus moderne, certains choisissent de ne pas installer de cloisons du tout, cr\u00e9ant ainsi une douche ouverte qui se fond parfaitement dans l\u2019espace.<\/p>\n<ul>\n<li>Parois en verre d\u00e9poli ou briques de verre<\/li>\n<li>Parois coulissantes ou fixes<\/li>\n<li>Douche sans cloisons pour une ouverture totale<\/li>\n<\/ul>\n<p>Les parois en verre peuvent \u00e9galement \u00eatre personnalis\u00e9es avec des motifs s\u00e9rigraphi\u00e9s ou des \u00e9clairages LED pour un effet visuel impressionnant. Ces ajouts apportent une touche de modernit\u00e9 et transforment la douche en un espace agr\u00e9able et relaxant.<\/p>\n<h3><span class=\"ez-toc-section\" id=\"le-receveur-deau\"><\/span>Le receveur d\u2019eau<span class=\"ez-toc-section-end\"><\/span><\/h3>\n<p>Le receveur d\u2019eau dans une douche \u00e0 l\u2019italienne peut \u00eatre int\u00e9gr\u00e9 dans le m\u00eame dallage que le sol ou personnalis\u00e9 selon vos pr\u00e9f\u00e9rences. Il est possible d&rsquo;opter pour des mat\u00e9riaux antid\u00e9rapants tels que l\u2019acrylique ou le teck, qui offrent \u00e0 la fois s\u00e9curit\u00e9 et originalit\u00e9. Ces mat\u00e9riaux permettent d&rsquo;apporter une touche naturelle et \u00e9l\u00e9gante \u00e0 la douche tout en assurant une fonctionnalit\u00e9 optimale.<\/p>\n<p>Le bon drainage est essentiel pour une douche \u00e0 l&rsquo;italienne. Il est important d&rsquo;\u00e9quiper le receveur de goutti\u00e8res ou de siphons adapt\u00e9s pour garantir un \u00e9coulement rapide et efficace de l&rsquo;eau.<\/p>\n<h3><span class=\"ez-toc-section\" id=\"le-revetement-mural\"><\/span>Le rev\u00eatement mural<span class=\"ez-toc-section-end\"><\/span><\/h3>\n<p>Carrelage, mosa\u00efque, marbre, teck ou encore b\u00e9ton cir\u00e9&#8230; Le choix des mat\u00e9riaux pour le rev\u00eatement mural d&rsquo;une douche \u00e0 l&rsquo;italienne est vaste. Les mat\u00e9riaux peuvent \u00eatre harmonis\u00e9s avec le reste de la salle de bain pour cr\u00e9er un ensemble coh\u00e9rent et apaisant. Le rev\u00eatement mural joue un r\u00f4le important dans l\u2019ambiance de la pi\u00e8ce, qu&rsquo;il soit d\u2019inspiration antique, contemporaine ou mode hammam.<\/p>\n<ul>\n<li>Style antique ou contemporain<\/li>\n<li>Mosa\u00efque fa\u00e7on hammam ou b\u00e9ton cir\u00e9<\/li>\n<li>Mat\u00e9riaux nobles comme le marbre ou le teck<\/li>\n<\/ul>\n<h2><span class=\"ez-toc-section\" id=\"comment-reussir-linstallation-dune-douche-a-litalienne\"><\/span>Comment r\u00e9ussir l\u2019installation d\u2019une douche \u00e0 l\u2019italienne ?<span class=\"ez-toc-section-end\"><\/span><\/h2>\n<p>Avant de se lancer dans l\u2019installation d\u2019une douche \u00e0 l\u2019italienne, il est important de s\u2019assurer que les am\u00e9nagements n\u00e9cessaires sont r\u00e9alisables. Ce type de douche n\u00e9cessite souvent de creuser le sol sur environ 10 cm pour installer un receveur et un syst\u00e8me de drainage. Une plomberie bien int\u00e9gr\u00e9e est \u00e9galement indispensable pour raccorder la douche \u00e0 la colonne de drainage de la maison.<\/p>\n<ul>\n<li>Creuser le sol (10 cm) pour installer le receveur<\/li>\n<li>Int\u00e9grer la plomberie dans le sol<\/li>\n<li>Assurer un bon syst\u00e8me de drainage<\/li>\n<\/ul>\n<p>L\u2019\u00e9tanch\u00e9it\u00e9 est un autre aspect crucial de l\u2019installation. Il est imp\u00e9ratif que la douche ne pr\u00e9sente aucune fuite. Des panneaux r\u00e9sistants \u00e0 l&rsquo;eau ou des tapis imperm\u00e9ables peuvent \u00eatre utilis\u00e9s pour renforcer l&rsquo;\u00e9tanch\u00e9it\u00e9 et \u00e9viter les infiltrations.<\/p>\n<p>Le canal de drainage doit \u00eatre suffisamment haut pour \u00e9viter les d\u00e9bordements, et la pente du sol doit \u00eatre correctement d\u00e9finie pour garantir un bon \u00e9coulement de l&rsquo;eau. Enfin, pour assurer la s\u00e9curit\u00e9, il est recommand\u00e9 de choisir un rev\u00eatement de sol antid\u00e9rapant.<\/p>\n<p>Si vous n\u2019avez pas l\u2019exp\u00e9rience n\u00e9cessaire pour r\u00e9aliser ce type de travaux, il est conseill\u00e9 de faire appel \u00e0 un professionnel. Ce dernier pourra vous fournir un devis d\u00e9taill\u00e9 et garantir une installation conforme aux normes de s\u00e9curit\u00e9 et de durabilit\u00e9.<\/p>\n<p>La douche \u00e0 l\u2019italienne est une solution \u00e9l\u00e9gante et pratique pour moderniser une salle de bain. Elle offre de nombreuses possibilit\u00e9s de personnalisation, que ce soit en termes de mat\u00e9riaux, de couleurs ou de disposition. Facile d\u2019entretien et accessible \u00e0 tous, elle s\u2019adapte parfaitement aux grands comme aux petits espaces. Avant de vous lancer dans l\u2019installation, il est essentiel de bien pr\u00e9parer votre projet et de faire appel \u00e0 un professionnel si n\u00e9cessaire pour garantir un r\u00e9sultat optimal et s\u00e9curis\u00e9.<\/p>\n","protected":false},"excerpt":{"rendered":"<p>Elle est propos\u00e9e sous toutes ses formes, d\u00e9cor\u00e9e des plus beaux mat\u00e9riaux et cr\u00e9e son propre espace, son volume et<\/p>\n","protected":false},"author":9,"featured_media":29247,"comment_status":"closed","ping_status":"closed","sticky":false,"template":"","format":"standard","meta":{"_lmt_disableupdate":"no","_lmt_disable":"no","footnotes":""},"categories":[127],"tags":[],"yoast_head":"<!-- This site is optimized with the Yoast SEO Premium plugin v24.2 (Yoast SEO v24.5) - https:\/\/yoast.com\/wordpress\/plugins\/seo\/ -->\n<title>Douche \u00e0 l&#039;italienne : comment la choisir et r\u00e9aliser une salle de bain de r\u00eave<\/title>\n<meta name=\"description\" content=\"%\" \/>\n<meta name=\"robots\" content=\"index, follow, max-snippet:-1, max-image-preview:large, max-video-preview:-1\" \/>\n<link rel=\"canonical\" href=\"https:\/\/www.mydemenageur.com\/blog\/douche-a-litalienne-comment-la-choisir-et-realiser-une-salle-de-bain-de-reve\/\" \/>\n<meta property=\"og:locale\" content=\"fr_FR\" \/>\n<meta property=\"og:type\" content=\"article\" \/>\n<meta property=\"og:title\" content=\"Douche \u00e0 l&#039;italienne : comment la choisir et r\u00e9aliser une salle de bain de r\u00eave\" \/>\n<meta property=\"og:description\" content=\"%\" \/>\n<meta property=\"og:url\" content=\"https:\/\/www.mydemenageur.com\/blog\/douche-a-litalienne-comment-la-choisir-et-realiser-une-salle-de-bain-de-reve\/\" \/>\n<meta property=\"og:site_name\" content=\"MyDemenageur\" \/>\n<meta property=\"article:publisher\" content=\"https:\/\/www.facebook.com\/mydemenageur\" \/>\n<meta property=\"article:author\" content=\"https:\/\/fr-fr.facebook.com\/mydemenageur\/\" \/>\n<meta property=\"article:published_time\" content=\"2022-06-17T05:30:37+00:00\" \/>\n<meta property=\"article:modified_time\" content=\"2024-09-13T13:22:39+00:00\" \/>\n<meta property=\"og:image\" content=\"https:\/\/www.mydemenageur.com\/blog\/wp-content\/uploads\/2022\/06\/Sans-titre-2022-06-17T071255.158.jpg\" \/>\n\t<meta property=\"og:image:width\" content=\"1200\" \/>\n\t<meta property=\"og:image:height\" content=\"800\" \/>\n\t<meta property=\"og:image:type\" content=\"image\/jpeg\" \/>\n<meta name=\"author\" content=\"xavier\" \/>\n<meta name=\"twitter:card\" content=\"summary_large_image\" \/>\n<meta name=\"twitter:creator\" content=\"@VieuxGrizou\" \/>\n<meta name=\"twitter:site\" content=\"@mydemenageur\" \/>\n<meta name=\"twitter:label1\" content=\"\u00c9crit par\" \/>\n\t<meta name=\"twitter:data1\" content=\"xavier\" \/>\n\t<meta name=\"twitter:label2\" content=\"Dur\u00e9e de lecture estim\u00e9e\" \/>\n\t<meta name=\"twitter:data2\" content=\"5 minutes\" \/>\n<script type=\"application\/ld+json\" class=\"yoast-schema-graph\">{\"@context\":\"https:\/\/schema.org\",\"@graph\":[{\"@type\":\"Article\",\"@id\":\"https:\/\/www.mydemenageur.com\/blog\/douche-a-litalienne-comment-la-choisir-et-realiser-une-salle-de-bain-de-reve\/#article\",\"isPartOf\":{\"@id\":\"https:\/\/www.mydemenageur.com\/blog\/douche-a-litalienne-comment-la-choisir-et-realiser-une-salle-de-bain-de-reve\/\"},\"author\":{\"name\":\"xavier\",\"@id\":\"https:\/\/www.mydemenageur.com\/blog\/#\/schema\/person\/a5c62c5299ab308b8bdd1e106f3b71d6\"},\"headline\":\"Douche \u00e0 l&rsquo;italienne : comment la choisir et r\u00e9aliser une salle de bain de r\u00eave\",\"datePublished\":\"2022-06-17T05:30:37+00:00\",\"dateModified\":\"2024-09-13T13:22:39+00:00\",\"mainEntityOfPage\":{\"@id\":\"https:\/\/www.mydemenageur.com\/blog\/douche-a-litalienne-comment-la-choisir-et-realiser-une-salle-de-bain-de-reve\/\"},\"wordCount\":1083,\"publisher\":{\"@id\":\"https:\/\/www.mydemenageur.com\/blog\/#organization\"},\"image\":{\"@id\":\"https:\/\/www.mydemenageur.com\/blog\/douche-a-litalienne-comment-la-choisir-et-realiser-une-salle-de-bain-de-reve\/#primaryimage\"},\"thumbnailUrl\":\"https:\/\/www.mydemenageur.com\/blog\/wp-content\/uploads\/2022\/06\/Sans-titre-2022-06-17T071255.158.jpg\",\"articleSection\":[\"Actualit\u00e9\"],\"inLanguage\":\"fr-FR\"},{\"@type\":\"WebPage\",\"@id\":\"https:\/\/www.mydemenageur.com\/blog\/douche-a-litalienne-comment-la-choisir-et-realiser-une-salle-de-bain-de-reve\/\",\"url\":\"https:\/\/www.mydemenageur.com\/blog\/douche-a-litalienne-comment-la-choisir-et-realiser-une-salle-de-bain-de-reve\/\",\"name\":\"Douche \u00e0 l'italienne : comment la choisir et r\u00e9aliser une salle de bain de r\u00eave\",\"isPartOf\":{\"@id\":\"https:\/\/www.mydemenageur.com\/blog\/#website\"},\"primaryImageOfPage\":{\"@id\":\"https:\/\/www.mydemenageur.com\/blog\/douche-a-litalienne-comment-la-choisir-et-realiser-une-salle-de-bain-de-reve\/#primaryimage\"},\"image\":{\"@id\":\"https:\/\/www.mydemenageur.com\/blog\/douche-a-litalienne-comment-la-choisir-et-realiser-une-salle-de-bain-de-reve\/#primaryimage\"},\"thumbnailUrl\":\"https:\/\/www.mydemenageur.com\/blog\/wp-content\/uploads\/2022\/06\/Sans-titre-2022-06-17T071255.158.jpg\",\"datePublished\":\"2022-06-17T05:30:37+00:00\",\"dateModified\":\"2024-09-13T13:22:39+00:00\",\"description\":\"%\",\"breadcrumb\":{\"@id\":\"https:\/\/www.mydemenageur.com\/blog\/douche-a-litalienne-comment-la-choisir-et-realiser-une-salle-de-bain-de-reve\/#breadcrumb\"},\"inLanguage\":\"fr-FR\",\"potentialAction\":[{\"@type\":\"ReadAction\",\"target\":[\"https:\/\/www.mydemenageur.com\/blog\/douche-a-litalienne-comment-la-choisir-et-realiser-une-salle-de-bain-de-reve\/\"]}]},{\"@type\":\"ImageObject\",\"inLanguage\":\"fr-FR\",\"@id\":\"https:\/\/www.mydemenageur.com\/blog\/douche-a-litalienne-comment-la-choisir-et-realiser-une-salle-de-bain-de-reve\/#primaryimage\",\"url\":\"https:\/\/www.mydemenageur.com\/blog\/wp-content\/uploads\/2022\/06\/Sans-titre-2022-06-17T071255.158.jpg\",\"contentUrl\":\"https:\/\/www.mydemenageur.com\/blog\/wp-content\/uploads\/2022\/06\/Sans-titre-2022-06-17T071255.158.jpg\",\"width\":1200,\"height\":800,\"caption\":\"Douche \u00e0 l'italienne : comment la choisir et r\u00e9aliser une salle de bain de r\u00eave\"},{\"@type\":\"BreadcrumbList\",\"@id\":\"https:\/\/www.mydemenageur.com\/blog\/douche-a-litalienne-comment-la-choisir-et-realiser-une-salle-de-bain-de-reve\/#breadcrumb\",\"itemListElement\":[{\"@type\":\"ListItem\",\"position\":1,\"name\":\"Accueil\",\"item\":\"https:\/\/www.mydemenageur.com\/blog\/\"},{\"@type\":\"ListItem\",\"position\":2,\"name\":\"Actualit\u00e9\",\"item\":\"https:\/\/www.mydemenageur.com\/blog\/categorie\/actualite\/\"},{\"@type\":\"ListItem\",\"position\":3,\"name\":\"Douche \u00e0 l&rsquo;italienne : comment la choisir et r\u00e9aliser une salle de bain de r\u00eave\"}]},{\"@type\":\"WebSite\",\"@id\":\"https:\/\/www.mydemenageur.com\/blog\/#website\",\"url\":\"https:\/\/www.mydemenageur.com\/blog\/\",\"name\":\"MyDemenageur\",\"description\":\"Conseils d\u00e9m\u00e9ngement entre particuliers et d\u00e9m\u00e9nagement professionnel\",\"publisher\":{\"@id\":\"https:\/\/www.mydemenageur.com\/blog\/#organization\"},\"potentialAction\":[{\"@type\":\"SearchAction\",\"target\":{\"@type\":\"EntryPoint\",\"urlTemplate\":\"https:\/\/www.mydemenageur.com\/blog\/?s={search_term_string}\"},\"query-input\":{\"@type\":\"PropertyValueSpecification\",\"valueRequired\":true,\"valueName\":\"search_term_string\"}}],\"inLanguage\":\"fr-FR\"},{\"@type\":\"Organization\",\"@id\":\"https:\/\/www.mydemenageur.com\/blog\/#organization\",\"name\":\"MyDemenageur.com\",\"url\":\"https:\/\/www.mydemenageur.com\/blog\/\",\"logo\":{\"@type\":\"ImageObject\",\"inLanguage\":\"fr-FR\",\"@id\":\"https:\/\/www.mydemenageur.com\/blog\/#\/schema\/logo\/image\/\",\"url\":\"https:\/\/www.mydemenageur.com\/blog\/wp-content\/uploads\/2022\/05\/MyDemenageur_Symbol.jpg\",\"contentUrl\":\"https:\/\/www.mydemenageur.com\/blog\/wp-content\/uploads\/2022\/05\/MyDemenageur_Symbol.jpg\",\"width\":878,\"height\":877,\"caption\":\"MyDemenageur.com\"},\"image\":{\"@id\":\"https:\/\/www.mydemenageur.com\/blog\/#\/schema\/logo\/image\/\"},\"sameAs\":[\"https:\/\/www.facebook.com\/mydemenageur\",\"https:\/\/x.com\/mydemenageur\",\"https:\/\/www.pinterest.fr\/mydemenageur\/\"]},{\"@type\":\"Person\",\"@id\":\"https:\/\/www.mydemenageur.com\/blog\/#\/schema\/person\/a5c62c5299ab308b8bdd1e106f3b71d6\",\"name\":\"xavier\",\"image\":{\"@type\":\"ImageObject\",\"inLanguage\":\"fr-FR\",\"@id\":\"https:\/\/www.mydemenageur.com\/blog\/#\/schema\/person\/image\/\",\"url\":\"https:\/\/www.mydemenageur.com\/blog\/wp-content\/uploads\/letter-avatar\/d667a3da826ce784ef60b73d91ec9752.svg\",\"contentUrl\":\"https:\/\/www.mydemenageur.com\/blog\/wp-content\/uploads\/letter-avatar\/d667a3da826ce784ef60b73d91ec9752.svg\",\"caption\":\"xavier\"},\"description\":\"La d\u00e9coration est une passion depuis tr\u00e8s jeune. J\u2019ai toujours ador\u00e9 associer les couleurs, les objets pour sublimer un salon, une cuisine pour rendre ma d\u00e9coration d'int\u00e9rieure la plus sympa possible. D\u00e9couvrez ici mes id\u00e9es mais aussi les actualit\u00e9s autour du monde de la d\u00e9coration et de la maison, du d\u00e9m\u00e9nagement, des travaux !\",\"sameAs\":[\"https:\/\/fr-fr.facebook.com\/mydemenageur\/\",\"https:\/\/www.instagram.com\/mydemenageur\/\",\"https:\/\/www.linkedin.com\/in\/xavier-delahaye\/\",\"https:\/\/x.com\/@VieuxGrizou\",\"https:\/\/www.youtube.com\/channel\/UCXLzXq9rfED1LRRZQB2bQNg\",\"MyDemenageur\"],\"url\":\"https:\/\/www.mydemenageur.com\/blog\/author\/vieux_grizou\/\"}]}<\/script>\n<!-- \/ Yoast SEO Premium plugin. -->","yoast_head_json":{"title":"Douche \u00e0 l'italienne : comment la choisir et r\u00e9aliser une salle de bain de r\u00eave","description":"%","robots":{"index":"index","follow":"follow","max-snippet":"max-snippet:-1","max-image-preview":"max-image-preview:large","max-video-preview":"max-video-preview:-1"},"canonical":"https:\/\/www.mydemenageur.com\/blog\/douche-a-litalienne-comment-la-choisir-et-realiser-une-salle-de-bain-de-reve\/","og_locale":"fr_FR","og_type":"article","og_title":"Douche \u00e0 l'italienne : comment la choisir et r\u00e9aliser une salle de bain de r\u00eave","og_description":"%","og_url":"https:\/\/www.mydemenageur.com\/blog\/douche-a-litalienne-comment-la-choisir-et-realiser-une-salle-de-bain-de-reve\/","og_site_name":"MyDemenageur","article_publisher":"https:\/\/www.facebook.com\/mydemenageur","article_author":"https:\/\/fr-fr.facebook.com\/mydemenageur\/","article_published_time":"2022-06-17T05:30:37+00:00","article_modified_time":"2024-09-13T13:22:39+00:00","og_image":[{"width":1200,"height":800,"url":"https:\/\/www.mydemenageur.com\/blog\/wp-content\/uploads\/2022\/06\/Sans-titre-2022-06-17T071255.158.jpg","type":"image\/jpeg"}],"author":"xavier","twitter_card":"summary_large_image","twitter_creator":"@VieuxGrizou","twitter_site":"@mydemenageur","twitter_misc":{"\u00c9crit par":"xavier","Dur\u00e9e de lecture estim\u00e9e":"5 minutes"},"schema":{"@context":"https:\/\/schema.org","@graph":[{"@type":"Article","@id":"https:\/\/www.mydemenageur.com\/blog\/douche-a-litalienne-comment-la-choisir-et-realiser-une-salle-de-bain-de-reve\/#article","isPartOf":{"@id":"https:\/\/www.mydemenageur.com\/blog\/douche-a-litalienne-comment-la-choisir-et-realiser-une-salle-de-bain-de-reve\/"},"author":{"name":"xavier","@id":"https:\/\/www.mydemenageur.com\/blog\/#\/schema\/person\/a5c62c5299ab308b8bdd1e106f3b71d6"},"headline":"Douche \u00e0 l&rsquo;italienne : comment la choisir et r\u00e9aliser une salle de bain de r\u00eave","datePublished":"2022-06-17T05:30:37+00:00","dateModified":"2024-09-13T13:22:39+00:00","mainEntityOfPage":{"@id":"https:\/\/www.mydemenageur.com\/blog\/douche-a-litalienne-comment-la-choisir-et-realiser-une-salle-de-bain-de-reve\/"},"wordCount":1083,"publisher":{"@id":"https:\/\/www.mydemenageur.com\/blog\/#organization"},"image":{"@id":"https:\/\/www.mydemenageur.com\/blog\/douche-a-litalienne-comment-la-choisir-et-realiser-une-salle-de-bain-de-reve\/#primaryimage"},"thumbnailUrl":"https:\/\/www.mydemenageur.com\/blog\/wp-content\/uploads\/2022\/06\/Sans-titre-2022-06-17T071255.158.jpg","articleSection":["Actualit\u00e9"],"inLanguage":"fr-FR"},{"@type":"WebPage","@id":"https:\/\/www.mydemenageur.com\/blog\/douche-a-litalienne-comment-la-choisir-et-realiser-une-salle-de-bain-de-reve\/","url":"https:\/\/www.mydemenageur.com\/blog\/douche-a-litalienne-comment-la-choisir-et-realiser-une-salle-de-bain-de-reve\/","name":"Douche \u00e0 l'italienne : comment la choisir et r\u00e9aliser une salle de bain de r\u00eave","isPartOf":{"@id":"https:\/\/www.mydemenageur.com\/blog\/#website"},"primaryImageOfPage":{"@id":"https:\/\/www.mydemenageur.com\/blog\/douche-a-litalienne-comment-la-choisir-et-realiser-une-salle-de-bain-de-reve\/#primaryimage"},"image":{"@id":"https:\/\/www.mydemenageur.com\/blog\/douche-a-litalienne-comment-la-choisir-et-realiser-une-salle-de-bain-de-reve\/#primaryimage"},"thumbnailUrl":"https:\/\/www.mydemenageur.com\/blog\/wp-content\/uploads\/2022\/06\/Sans-titre-2022-06-17T071255.158.jpg","datePublished":"2022-06-17T05:30:37+00:00","dateModified":"2024-09-13T13:22:39+00:00","description":"%","breadcrumb":{"@id":"https:\/\/www.mydemenageur.com\/blog\/douche-a-litalienne-comment-la-choisir-et-realiser-une-salle-de-bain-de-reve\/#breadcrumb"},"inLanguage":"fr-FR","potentialAction":[{"@type":"ReadAction","target":["https:\/\/www.mydemenageur.com\/blog\/douche-a-litalienne-comment-la-choisir-et-realiser-une-salle-de-bain-de-reve\/"]}]},{"@type":"ImageObject","inLanguage":"fr-FR","@id":"https:\/\/www.mydemenageur.com\/blog\/douche-a-litalienne-comment-la-choisir-et-realiser-une-salle-de-bain-de-reve\/#primaryimage","url":"https:\/\/www.mydemenageur.com\/blog\/wp-content\/uploads\/2022\/06\/Sans-titre-2022-06-17T071255.158.jpg","contentUrl":"https:\/\/www.mydemenageur.com\/blog\/wp-content\/uploads\/2022\/06\/Sans-titre-2022-06-17T071255.158.jpg","width":1200,"height":800,"caption":"Douche \u00e0 l'italienne : comment la choisir et r\u00e9aliser une salle de bain de r\u00eave"},{"@type":"BreadcrumbList","@id":"https:\/\/www.mydemenageur.com\/blog\/douche-a-litalienne-comment-la-choisir-et-realiser-une-salle-de-bain-de-reve\/#breadcrumb","itemListElement":[{"@type":"ListItem","position":1,"name":"Accueil","item":"https:\/\/www.mydemenageur.com\/blog\/"},{"@type":"ListItem","position":2,"name":"Actualit\u00e9","item":"https:\/\/www.mydemenageur.com\/blog\/categorie\/actualite\/"},{"@type":"ListItem","position":3,"name":"Douche \u00e0 l&rsquo;italienne : comment la choisir et r\u00e9aliser une salle de bain de r\u00eave"}]},{"@type":"WebSite","@id":"https:\/\/www.mydemenageur.com\/blog\/#website","url":"https:\/\/www.mydemenageur.com\/blog\/","name":"MyDemenageur","description":"Conseils d\u00e9m\u00e9ngement entre particuliers et d\u00e9m\u00e9nagement professionnel","publisher":{"@id":"https:\/\/www.mydemenageur.com\/blog\/#organization"},"potentialAction":[{"@type":"SearchAction","target":{"@type":"EntryPoint","urlTemplate":"https:\/\/www.mydemenageur.com\/blog\/?s={search_term_string}"},"query-input":{"@type":"PropertyValueSpecification","valueRequired":true,"valueName":"search_term_string"}}],"inLanguage":"fr-FR"},{"@type":"Organization","@id":"https:\/\/www.mydemenageur.com\/blog\/#organization","name":"MyDemenageur.com","url":"https:\/\/www.mydemenageur.com\/blog\/","logo":{"@type":"ImageObject","inLanguage":"fr-FR","@id":"https:\/\/www.mydemenageur.com\/blog\/#\/schema\/logo\/image\/","url":"https:\/\/www.mydemenageur.com\/blog\/wp-content\/uploads\/2022\/05\/MyDemenageur_Symbol.jpg","contentUrl":"https:\/\/www.mydemenageur.com\/blog\/wp-content\/uploads\/2022\/05\/MyDemenageur_Symbol.jpg","width":878,"height":877,"caption":"MyDemenageur.com"},"image":{"@id":"https:\/\/www.mydemenageur.com\/blog\/#\/schema\/logo\/image\/"},"sameAs":["https:\/\/www.facebook.com\/mydemenageur","https:\/\/x.com\/mydemenageur","https:\/\/www.pinterest.fr\/mydemenageur\/"]},{"@type":"Person","@id":"https:\/\/www.mydemenageur.com\/blog\/#\/schema\/person\/a5c62c5299ab308b8bdd1e106f3b71d6","name":"xavier","image":{"@type":"ImageObject","inLanguage":"fr-FR","@id":"https:\/\/www.mydemenageur.com\/blog\/#\/schema\/person\/image\/","url":"https:\/\/www.mydemenageur.com\/blog\/wp-content\/uploads\/letter-avatar\/d667a3da826ce784ef60b73d91ec9752.svg","contentUrl":"https:\/\/www.mydemenageur.com\/blog\/wp-content\/uploads\/letter-avatar\/d667a3da826ce784ef60b73d91ec9752.svg","caption":"xavier"},"description":"La d\u00e9coration est une passion depuis tr\u00e8s jeune. J\u2019ai toujours ador\u00e9 associer les couleurs, les objets pour sublimer un salon, une cuisine pour rendre ma d\u00e9coration d'int\u00e9rieure la plus sympa possible. D\u00e9couvrez ici mes id\u00e9es mais aussi les actualit\u00e9s autour du monde de la d\u00e9coration et de la maison, du d\u00e9m\u00e9nagement, des travaux !","sameAs":["https:\/\/fr-fr.facebook.com\/mydemenageur\/","https:\/\/www.instagram.com\/mydemenageur\/","https:\/\/www.linkedin.com\/in\/xavier-delahaye\/","https:\/\/x.com\/@VieuxGrizou","https:\/\/www.youtube.com\/channel\/UCXLzXq9rfED1LRRZQB2bQNg","MyDemenageur"],"url":"https:\/\/www.mydemenageur.com\/blog\/author\/vieux_grizou\/"}]}},"modified_by":"MyDemenageur","_links":{"self":[{"href":"https:\/\/www.mydemenageur.com\/blog\/wp-json\/wp\/v2\/posts\/29245"}],"collection":[{"href":"https:\/\/www.mydemenageur.com\/blog\/wp-json\/wp\/v2\/posts"}],"about":[{"href":"https:\/\/www.mydemenageur.com\/blog\/wp-json\/wp\/v2\/types\/post"}],"author":[{"embeddable":true,"href":"https:\/\/www.mydemenageur.com\/blog\/wp-json\/wp\/v2\/users\/9"}],"replies":[{"embeddable":true,"href":"https:\/\/www.mydemenageur.com\/blog\/wp-json\/wp\/v2\/comments?post=29245"}],"version-history":[{"count":0,"href":"https:\/\/www.mydemenageur.com\/blog\/wp-json\/wp\/v2\/posts\/29245\/revisions"}],"wp:featuredmedia":[{"embeddable":true,"href":"https:\/\/www.mydemenageur.com\/blog\/wp-json\/wp\/v2\/media\/29247"}],"wp:attachment":[{"href":"https:\/\/www.mydemenageur.com\/blog\/wp-json\/wp\/v2\/media?parent=29245"}],"wp:term":[{"taxonomy":"category","embeddable":true,"href":"https:\/\/www.mydemenageur.com\/blog\/wp-json\/wp\/v2\/categories?post=29245"},{"taxonomy":"post_tag","embeddable":true,"href":"https:\/\/www.mydemenageur.com\/blog\/wp-json\/wp\/v2\/tags?post=29245"}],"curies":[{"name":"wp","href":"https:\/\/api.w.org\/{rel}","templated":true}]}}