{"id":29253,"date":"2022-06-17T07:30:50","date_gmt":"2022-06-17T07:30:50","guid":{"rendered":"https:\/\/www.mydemenageur.com\/blog\/?p=29253"},"modified":"2024-09-15T14:32:06","modified_gmt":"2024-09-15T12:32:06","slug":"comment-sorganiser-pour-le-menage-quand-on-a-un-bebe","status":"publish","type":"post","link":"https:\/\/www.mydemenageur.com\/blog\/comment-sorganiser-pour-le-menage-quand-on-a-un-bebe\/","title":{"rendered":"Comment s&rsquo;organiser pour le m\u00e9nage quand on a un b\u00e9b\u00e9 ?"},"content":{"rendered":"<p>Le m\u00e9nage peut une t\u00e2che \u00eatre longue et laborieuse. En effet, si vous \u00eates parents, il peut \u00eatre tr\u00e8s compliqu\u00e9 d\u2019allier <b>l\u2019organisation et le rythme de vie d\u2019un b\u00e9b\u00e9 et de faire le m\u00e9nage \u00e0 c\u00f4t\u00e9.<\/b> De plus, ce dernier demande une grande surveillance. Pour r\u00e9ussir \u00e0 faire votre m\u00e9nage avec <b>votre b\u00e9b\u00e9 vous devez trouver une organisation sans faille <\/b>qui vous permettra de garder votre maison ordonn\u00e9e.<\/p>\n<div id=\"ez-toc-container\" class=\"ez-toc-v2_0_82_2 counter-hierarchy ez-toc-counter ez-toc-custom ez-toc-container-direction\">\n<div class=\"ez-toc-title-container\">\n<p class=\"ez-toc-title\" style=\"cursor:inherit\">Ce que vous allez apprendre<\/p>\n<span class=\"ez-toc-title-toggle\"><\/span><\/div>\n<nav><ul class='ez-toc-list ez-toc-list-level-1 ' ><li class='ez-toc-page-1 ez-toc-heading-level-2'><a class=\"ez-toc-link ez-toc-heading-1\" href=\"https:\/\/www.mydemenageur.com\/blog\/comment-sorganiser-pour-le-menage-quand-on-a-un-bebe\/#trouver-une-bonne-organisation-avec-un-bebe\" >Trouver une bonne organisation avec un b\u00e9b\u00e9<\/a><ul class='ez-toc-list-level-3' ><li class='ez-toc-heading-level-3'><a class=\"ez-toc-link ez-toc-heading-2\" href=\"https:\/\/www.mydemenageur.com\/blog\/comment-sorganiser-pour-le-menage-quand-on-a-un-bebe\/#essayez-de-maintenir-lordre\" >Essayez de maintenir l\u2019ordre<\/a><\/li><li class='ez-toc-page-1 ez-toc-heading-level-3'><a class=\"ez-toc-link ez-toc-heading-3\" href=\"https:\/\/www.mydemenageur.com\/blog\/comment-sorganiser-pour-le-menage-quand-on-a-un-bebe\/#faites-des-taches-silencieuses\" >Faites des t\u00e2ches silencieuses<\/a><\/li><\/ul><\/li><li class='ez-toc-page-1 ez-toc-heading-level-2'><a class=\"ez-toc-link ez-toc-heading-4\" href=\"https:\/\/www.mydemenageur.com\/blog\/comment-sorganiser-pour-le-menage-quand-on-a-un-bebe\/#trouver-un-moyen-dimpliquer-le-bebe\" >Trouver un moyen d\u2019impliquer le b\u00e9b\u00e9<\/a><ul class='ez-toc-list-level-3' ><li class='ez-toc-heading-level-3'><a class=\"ez-toc-link ez-toc-heading-5\" href=\"https:\/\/www.mydemenageur.com\/blog\/comment-sorganiser-pour-le-menage-quand-on-a-un-bebe\/#passez-laspirateur\" >Passez l\u2019aspirateur<\/a><\/li><li class='ez-toc-page-1 ez-toc-heading-level-3'><a class=\"ez-toc-link ez-toc-heading-6\" href=\"https:\/\/www.mydemenageur.com\/blog\/comment-sorganiser-pour-le-menage-quand-on-a-un-bebe\/#passez-la-serpillere\" >Passez la serpill\u00e8re<\/a><\/li><\/ul><\/li><\/ul><\/nav><\/div>\n<h2><span class=\"ez-toc-section\" id=\"trouver-une-bonne-organisation-avec-un-bebe\"><\/span>Trouver une bonne organisation avec un b\u00e9b\u00e9<span class=\"ez-toc-section-end\"><\/span><\/h2>\n<p>Un b\u00e9b\u00e9 vient chambouler la vie des parents. Ces derniers peuvent vite se concentrer sur celui-ci et se laisser aller. <b>Se laisser aller se remarque notamment dans le foyer ou tout devient le bazar et vite sale.<\/b> Pour pouvoir faire son m\u00e9nage avec <a href=\"https:\/\/www.mydemenageur.com\/blog\/tendance-2022-quelles-couleurs-pour-une-chambre-denfant\/\">un nourrisson \u00e0 la maison,<\/a> il convient de r\u00e9fl\u00e9chir \u00e0 deux trois astuces.<\/p>\n<h3><span class=\"ez-toc-section\" id=\"essayez-de-maintenir-lordre\"><\/span>Essayez de maintenir l\u2019ordre<span class=\"ez-toc-section-end\"><\/span><\/h3>\n<p>En effet, pour ne pas vous retrouver avec une montagne d\u2019habits qui traine, de jouets ou autre, tenter de <b>toujours faire 5 \u00e0 10 minutes dans votre journ\u00e9e de rangements.<\/b> Que cela soit sur une seule, pi\u00e8ce, c&rsquo;est d\u00e9j\u00e0 du temps de gagner pour vous. Ainsi, vous pouvez faire cela le matin t\u00f4t ou votre b\u00e9b\u00e9 est calme. Il est possible de faire cela pendant que celui-ci est <b>dans votre champ de vision dans un couffin.<\/b> Vous pouvez \u00e9galement mettre votre enfant dans le porte-b\u00e9b\u00e9 et faire cette t\u00e2che qui demande peu d\u2019efforts physiques.<\/p>\n<h3><span class=\"ez-toc-section\" id=\"faites-des-taches-silencieuses\"><\/span>Faites des t\u00e2ches silencieuses<span class=\"ez-toc-section-end\"><\/span><\/h3>\n<p>En effet, les moments o\u00f9 <b>votre enfant dort,<\/b> c&rsquo;est-\u00e0-dire en milieu de matin\u00e9e lorsqu\u2019ils sont tr\u00e8s petits ou lors d\u2019une sieste, vous pouvez faire des t\u00e2ches qui ne font pas de bruits. Ainsi, vous pouvez vous attaquer \u00e0 <b>la chambre et faire du rangement ou encore nettoyer la cuisine ou la salle de bain avec des produits adapt\u00e9s.<\/b> Ainsi, vous pouvez nettoyer :<\/p>\n<ul>\n<li>vous attaquez \u00e0 vos plaques<\/li>\n<li>votre four ou encore \u00e0 votre table de salle \u00e0 manger<\/li>\n<li>Pensez \u00e9galement \u00e0 faire vos vitres ou les surfaces lisses et transparentes qui laissent vite des traces.<\/li>\n<\/ul>\n<p>Il peut \u00eatre plus simple d\u2019attendre que votre enfant ne dorme quand vous faites ces t\u00e2ches, car les odeurs <b>des produits nettoyants peuvent \u00eatre trop fortes et trop toxiques<\/b> pour celui-ci.<\/p>\n<p>De plus, si vous nettoyez votre salle de bain, vous allez probablement avoir de la vapeur dans celle-ci. Les premiers mois, un b\u00e9b\u00e9 <b>ne peut \u00eatre expos\u00e9 \u00e0 une grosse vapeur d\u2019eau.<\/b><\/p>\n<p>Si votre machine \u00e0 laver est dans une pi\u00e8ce isol\u00e9e, vous pouvez en profiter pour lancer une machine. Il serait m\u00eame judicieux de la lancer avant que votre enfant ne s&rsquo;endorme, ainsi vous aurez le temps de l\u2019\u00e9tendre avant son r\u00e9veil. Privil\u00e9giez des programmes courts en semaine. Le week-end vous pourrez ainsi faire des programmes plus longs car vous aurez plus de temps pour vous.<\/p>\n<p><iframe title=\"\ud83c\udfe0ORGANISATION MAISON : M\u00c9NAGE AVEC B\u00c9B\u00c9 \ud83c\udf7c\" width=\"500\" height=\"281\" src=\"https:\/\/www.youtube.com\/embed\/aNqj5GISkXw?feature=oembed\" frameborder=\"0\" allow=\"accelerometer; autoplay; clipboard-write; encrypted-media; gyroscope; picture-in-picture; web-share\" referrerpolicy=\"strict-origin-when-cross-origin\" allowfullscreen><\/iframe><\/p>\n<h2><span class=\"ez-toc-section\" id=\"trouver-un-moyen-dimpliquer-le-bebe\"><\/span>Trouver un moyen d\u2019impliquer le b\u00e9b\u00e9<span class=\"ez-toc-section-end\"><\/span><\/h2>\n<p>En effet, les b\u00e9b\u00e9s n\u2019aiment pas le bruit de l\u2019aspirateur qui leur fait souvent peur. De plus, <b>certains aiment avoir une pr\u00e9sence constante pr\u00e8s d\u2019eux.<\/b> Il faut donc essayer d\u00e8s leur plus jeune \u00e2ge de les installer un peu loin du parent dans un transat balancier. Cela l\u2019habituera \u00e0 ne pas \u00eatre coll\u00e9 au parent, mais de sentir sa pr\u00e9sence. Lorsque vous faites des t\u00e2ches qui demandent <b>un peu d\u2019efforts physiques et du bruit, il faut essayer de trouver un moyen de distraire votre enfant.<\/b><\/p>\n<h3><span class=\"ez-toc-section\" id=\"passez-laspirateur\"><\/span>Passez l\u2019aspirateur<span class=\"ez-toc-section-end\"><\/span><\/h3>\n<p>Passer l\u2019aspirateur est la t\u00e2che la plus compliqu\u00e9e \u00e0 faire avec un b\u00e9b\u00e9 dans les parages. Pour cela, il faut donc essayer de lui donner de la distraction avec des lumi\u00e8res, des chansons ou encore en essayant <b>de lui montrer que cela est un jeu.<\/b> Si votre enfant n\u2019est plus un nouveau-n\u00e9, vous pouvez le placer dans un parc et lui donner plusieurs jouets divertissants. Cela vous permettra \u00e9galement de savoir que celui-ci est plus ou moins en s\u00e9curit\u00e9 et dans votre champ de vision.<\/p>\n<h3><span class=\"ez-toc-section\" id=\"passez-la-serpillere\"><\/span>Passez la serpill\u00e8re<span class=\"ez-toc-section-end\"><\/span><\/h3>\n<p>Voil\u00e0 une activit\u00e9 \u00e0 laquelle vous pouvez faire participer votre enfant en lui parlant, en mettant de la musique et en <b>lui faisant comprendre que c\u2019est un moment marrant.<\/b> En effet, ce dernier pourra donc porter toute son attention sur vous et n\u2019en profitera pas pour gigoter ou se faire mal. Vous pouvez d\u00e9placer le couffin au fur et mesure o\u00f9 vous allez dans la maison. Lorsque vous faites une t\u00e2che m\u00e9nag\u00e8re, vous pouvez parler \u00e0 votre enfant en m\u00eame temps cela lui permet d\u2019\u00eatre rassur\u00e9 et de vous permettre que celui-ci ne pleure pas.<\/p>\n<p>Vous pouvez \u00e9galement opter pour mettre votre enfant sur une chaise haute et lui donner des jouets. Vous n\u2019avez ensuite <b>qu\u2019\u00e0 faire suivre votre chaise en fonction de l\u2019endroit o\u00f9 vous irez nettoyer.<\/b><\/p>\n<p>Ainsi, vous avez toutes les astuces pour pouvoir faire votre m\u00e9nage avec votre petit b\u00e9b\u00e9. Pensez \u00e0 <b>le faire \u00e9tape par \u00e9tape dans la semaine pour ne pas en avoir trop dans le m\u00eame jour.<\/b><\/p>\n","protected":false},"excerpt":{"rendered":"<p>Le m\u00e9nage peut une t\u00e2che \u00eatre longue et laborieuse. En effet, si vous \u00eates parents, il peut \u00eatre tr\u00e8s compliqu\u00e9<\/p>\n","protected":false},"author":9,"featured_media":29255,"comment_status":"closed","ping_status":"closed","sticky":false,"template":"","format":"standard","meta":{"_lmt_disableupdate":"no","_lmt_disable":"no","footnotes":""},"categories":[127],"tags":[],"yoast_head":"<!-- This site is optimized with the Yoast SEO Premium plugin v24.2 (Yoast SEO v24.5) - https:\/\/yoast.com\/wordpress\/plugins\/seo\/ -->\n<title>Comment s&#039;organiser pour le m\u00e9nage quand on a un b\u00e9b\u00e9 ?<\/title>\n<meta name=\"description\" content=\"%\" \/>\n<meta name=\"robots\" content=\"index, follow, max-snippet:-1, max-image-preview:large, max-video-preview:-1\" \/>\n<link rel=\"canonical\" href=\"https:\/\/www.mydemenageur.com\/blog\/comment-sorganiser-pour-le-menage-quand-on-a-un-bebe\/\" \/>\n<meta property=\"og:locale\" content=\"fr_FR\" \/>\n<meta property=\"og:type\" content=\"article\" \/>\n<meta property=\"og:title\" content=\"Comment s&#039;organiser pour le m\u00e9nage quand on a un b\u00e9b\u00e9 ?\" \/>\n<meta property=\"og:description\" content=\"%\" \/>\n<meta property=\"og:url\" content=\"https:\/\/www.mydemenageur.com\/blog\/comment-sorganiser-pour-le-menage-quand-on-a-un-bebe\/\" \/>\n<meta property=\"og:site_name\" content=\"MyDemenageur\" \/>\n<meta property=\"article:publisher\" content=\"https:\/\/www.facebook.com\/mydemenageur\" \/>\n<meta property=\"article:author\" content=\"https:\/\/fr-fr.facebook.com\/mydemenageur\/\" \/>\n<meta property=\"article:published_time\" content=\"2022-06-17T07:30:50+00:00\" \/>\n<meta property=\"article:modified_time\" content=\"2024-09-15T12:32:06+00:00\" \/>\n<meta property=\"og:image\" content=\"https:\/\/www.mydemenageur.com\/blog\/wp-content\/uploads\/2022\/06\/Sans-titre-2022-06-17T072004.591.jpg\" \/>\n\t<meta property=\"og:image:width\" content=\"1200\" \/>\n\t<meta property=\"og:image:height\" content=\"800\" \/>\n\t<meta property=\"og:image:type\" content=\"image\/jpeg\" \/>\n<meta name=\"author\" content=\"xavier\" \/>\n<meta name=\"twitter:card\" content=\"summary_large_image\" \/>\n<meta name=\"twitter:creator\" content=\"@VieuxGrizou\" \/>\n<meta name=\"twitter:site\" content=\"@mydemenageur\" \/>\n<meta name=\"twitter:label1\" content=\"\u00c9crit par\" \/>\n\t<meta name=\"twitter:data1\" content=\"xavier\" \/>\n\t<meta name=\"twitter:label2\" content=\"Dur\u00e9e de lecture estim\u00e9e\" \/>\n\t<meta name=\"twitter:data2\" content=\"5 minutes\" \/>\n<script type=\"application\/ld+json\" class=\"yoast-schema-graph\">{\"@context\":\"https:\/\/schema.org\",\"@graph\":[{\"@type\":\"Article\",\"@id\":\"https:\/\/www.mydemenageur.com\/blog\/comment-sorganiser-pour-le-menage-quand-on-a-un-bebe\/#article\",\"isPartOf\":{\"@id\":\"https:\/\/www.mydemenageur.com\/blog\/comment-sorganiser-pour-le-menage-quand-on-a-un-bebe\/\"},\"author\":{\"name\":\"xavier\",\"@id\":\"https:\/\/www.mydemenageur.com\/blog\/#\/schema\/person\/a5c62c5299ab308b8bdd1e106f3b71d6\"},\"headline\":\"Comment s&rsquo;organiser pour le m\u00e9nage quand on a un b\u00e9b\u00e9 ?\",\"datePublished\":\"2022-06-17T07:30:50+00:00\",\"dateModified\":\"2024-09-15T12:32:06+00:00\",\"mainEntityOfPage\":{\"@id\":\"https:\/\/www.mydemenageur.com\/blog\/comment-sorganiser-pour-le-menage-quand-on-a-un-bebe\/\"},\"wordCount\":887,\"publisher\":{\"@id\":\"https:\/\/www.mydemenageur.com\/blog\/#organization\"},\"image\":{\"@id\":\"https:\/\/www.mydemenageur.com\/blog\/comment-sorganiser-pour-le-menage-quand-on-a-un-bebe\/#primaryimage\"},\"thumbnailUrl\":\"https:\/\/www.mydemenageur.com\/blog\/wp-content\/uploads\/2022\/06\/Sans-titre-2022-06-17T072004.591.jpg\",\"articleSection\":[\"Actualit\u00e9\"],\"inLanguage\":\"fr-FR\"},{\"@type\":\"WebPage\",\"@id\":\"https:\/\/www.mydemenageur.com\/blog\/comment-sorganiser-pour-le-menage-quand-on-a-un-bebe\/\",\"url\":\"https:\/\/www.mydemenageur.com\/blog\/comment-sorganiser-pour-le-menage-quand-on-a-un-bebe\/\",\"name\":\"Comment s'organiser pour le m\u00e9nage quand on a un b\u00e9b\u00e9 ?\",\"isPartOf\":{\"@id\":\"https:\/\/www.mydemenageur.com\/blog\/#website\"},\"primaryImageOfPage\":{\"@id\":\"https:\/\/www.mydemenageur.com\/blog\/comment-sorganiser-pour-le-menage-quand-on-a-un-bebe\/#primaryimage\"},\"image\":{\"@id\":\"https:\/\/www.mydemenageur.com\/blog\/comment-sorganiser-pour-le-menage-quand-on-a-un-bebe\/#primaryimage\"},\"thumbnailUrl\":\"https:\/\/www.mydemenageur.com\/blog\/wp-content\/uploads\/2022\/06\/Sans-titre-2022-06-17T072004.591.jpg\",\"datePublished\":\"2022-06-17T07:30:50+00:00\",\"dateModified\":\"2024-09-15T12:32:06+00:00\",\"description\":\"%\",\"breadcrumb\":{\"@id\":\"https:\/\/www.mydemenageur.com\/blog\/comment-sorganiser-pour-le-menage-quand-on-a-un-bebe\/#breadcrumb\"},\"inLanguage\":\"fr-FR\",\"potentialAction\":[{\"@type\":\"ReadAction\",\"target\":[\"https:\/\/www.mydemenageur.com\/blog\/comment-sorganiser-pour-le-menage-quand-on-a-un-bebe\/\"]}]},{\"@type\":\"ImageObject\",\"inLanguage\":\"fr-FR\",\"@id\":\"https:\/\/www.mydemenageur.com\/blog\/comment-sorganiser-pour-le-menage-quand-on-a-un-bebe\/#primaryimage\",\"url\":\"https:\/\/www.mydemenageur.com\/blog\/wp-content\/uploads\/2022\/06\/Sans-titre-2022-06-17T072004.591.jpg\",\"contentUrl\":\"https:\/\/www.mydemenageur.com\/blog\/wp-content\/uploads\/2022\/06\/Sans-titre-2022-06-17T072004.591.jpg\",\"width\":1200,\"height\":800,\"caption\":\"Comment s'organiser pour le m\u00e9nage quand on a un b\u00e9b\u00e9 ?\"},{\"@type\":\"BreadcrumbList\",\"@id\":\"https:\/\/www.mydemenageur.com\/blog\/comment-sorganiser-pour-le-menage-quand-on-a-un-bebe\/#breadcrumb\",\"itemListElement\":[{\"@type\":\"ListItem\",\"position\":1,\"name\":\"Accueil\",\"item\":\"https:\/\/www.mydemenageur.com\/blog\/\"},{\"@type\":\"ListItem\",\"position\":2,\"name\":\"Actualit\u00e9\",\"item\":\"https:\/\/www.mydemenageur.com\/blog\/categorie\/actualite\/\"},{\"@type\":\"ListItem\",\"position\":3,\"name\":\"Comment s&rsquo;organiser pour le m\u00e9nage quand on a un b\u00e9b\u00e9 ?\"}]},{\"@type\":\"WebSite\",\"@id\":\"https:\/\/www.mydemenageur.com\/blog\/#website\",\"url\":\"https:\/\/www.mydemenageur.com\/blog\/\",\"name\":\"MyDemenageur\",\"description\":\"Conseils d\u00e9m\u00e9ngement entre particuliers et d\u00e9m\u00e9nagement professionnel\",\"publisher\":{\"@id\":\"https:\/\/www.mydemenageur.com\/blog\/#organization\"},\"potentialAction\":[{\"@type\":\"SearchAction\",\"target\":{\"@type\":\"EntryPoint\",\"urlTemplate\":\"https:\/\/www.mydemenageur.com\/blog\/?s={search_term_string}\"},\"query-input\":{\"@type\":\"PropertyValueSpecification\",\"valueRequired\":true,\"valueName\":\"search_term_string\"}}],\"inLanguage\":\"fr-FR\"},{\"@type\":\"Organization\",\"@id\":\"https:\/\/www.mydemenageur.com\/blog\/#organization\",\"name\":\"MyDemenageur.com\",\"url\":\"https:\/\/www.mydemenageur.com\/blog\/\",\"logo\":{\"@type\":\"ImageObject\",\"inLanguage\":\"fr-FR\",\"@id\":\"https:\/\/www.mydemenageur.com\/blog\/#\/schema\/logo\/image\/\",\"url\":\"https:\/\/www.mydemenageur.com\/blog\/wp-content\/uploads\/2022\/05\/MyDemenageur_Symbol.jpg\",\"contentUrl\":\"https:\/\/www.mydemenageur.com\/blog\/wp-content\/uploads\/2022\/05\/MyDemenageur_Symbol.jpg\",\"width\":878,\"height\":877,\"caption\":\"MyDemenageur.com\"},\"image\":{\"@id\":\"https:\/\/www.mydemenageur.com\/blog\/#\/schema\/logo\/image\/\"},\"sameAs\":[\"https:\/\/www.facebook.com\/mydemenageur\",\"https:\/\/x.com\/mydemenageur\",\"https:\/\/www.pinterest.fr\/mydemenageur\/\"]},{\"@type\":\"Person\",\"@id\":\"https:\/\/www.mydemenageur.com\/blog\/#\/schema\/person\/a5c62c5299ab308b8bdd1e106f3b71d6\",\"name\":\"xavier\",\"image\":{\"@type\":\"ImageObject\",\"inLanguage\":\"fr-FR\",\"@id\":\"https:\/\/www.mydemenageur.com\/blog\/#\/schema\/person\/image\/\",\"url\":\"https:\/\/www.mydemenageur.com\/blog\/wp-content\/uploads\/letter-avatar\/d667a3da826ce784ef60b73d91ec9752.svg\",\"contentUrl\":\"https:\/\/www.mydemenageur.com\/blog\/wp-content\/uploads\/letter-avatar\/d667a3da826ce784ef60b73d91ec9752.svg\",\"caption\":\"xavier\"},\"description\":\"La d\u00e9coration est une passion depuis tr\u00e8s jeune. J\u2019ai toujours ador\u00e9 associer les couleurs, les objets pour sublimer un salon, une cuisine pour rendre ma d\u00e9coration d'int\u00e9rieure la plus sympa possible. D\u00e9couvrez ici mes id\u00e9es mais aussi les actualit\u00e9s autour du monde de la d\u00e9coration et de la maison, du d\u00e9m\u00e9nagement, des travaux !\",\"sameAs\":[\"https:\/\/fr-fr.facebook.com\/mydemenageur\/\",\"https:\/\/www.instagram.com\/mydemenageur\/\",\"https:\/\/www.linkedin.com\/in\/xavier-delahaye\/\",\"https:\/\/x.com\/@VieuxGrizou\",\"https:\/\/www.youtube.com\/channel\/UCXLzXq9rfED1LRRZQB2bQNg\",\"MyDemenageur\"],\"url\":\"https:\/\/www.mydemenageur.com\/blog\/author\/vieux_grizou\/\"}]}<\/script>\n<!-- \/ Yoast SEO Premium plugin. -->","yoast_head_json":{"title":"Comment s'organiser pour le m\u00e9nage quand on a un b\u00e9b\u00e9 ?","description":"%","robots":{"index":"index","follow":"follow","max-snippet":"max-snippet:-1","max-image-preview":"max-image-preview:large","max-video-preview":"max-video-preview:-1"},"canonical":"https:\/\/www.mydemenageur.com\/blog\/comment-sorganiser-pour-le-menage-quand-on-a-un-bebe\/","og_locale":"fr_FR","og_type":"article","og_title":"Comment s'organiser pour le m\u00e9nage quand on a un b\u00e9b\u00e9 ?","og_description":"%","og_url":"https:\/\/www.mydemenageur.com\/blog\/comment-sorganiser-pour-le-menage-quand-on-a-un-bebe\/","og_site_name":"MyDemenageur","article_publisher":"https:\/\/www.facebook.com\/mydemenageur","article_author":"https:\/\/fr-fr.facebook.com\/mydemenageur\/","article_published_time":"2022-06-17T07:30:50+00:00","article_modified_time":"2024-09-15T12:32:06+00:00","og_image":[{"width":1200,"height":800,"url":"https:\/\/www.mydemenageur.com\/blog\/wp-content\/uploads\/2022\/06\/Sans-titre-2022-06-17T072004.591.jpg","type":"image\/jpeg"}],"author":"xavier","twitter_card":"summary_large_image","twitter_creator":"@VieuxGrizou","twitter_site":"@mydemenageur","twitter_misc":{"\u00c9crit par":"xavier","Dur\u00e9e de lecture estim\u00e9e":"5 minutes"},"schema":{"@context":"https:\/\/schema.org","@graph":[{"@type":"Article","@id":"https:\/\/www.mydemenageur.com\/blog\/comment-sorganiser-pour-le-menage-quand-on-a-un-bebe\/#article","isPartOf":{"@id":"https:\/\/www.mydemenageur.com\/blog\/comment-sorganiser-pour-le-menage-quand-on-a-un-bebe\/"},"author":{"name":"xavier","@id":"https:\/\/www.mydemenageur.com\/blog\/#\/schema\/person\/a5c62c5299ab308b8bdd1e106f3b71d6"},"headline":"Comment s&rsquo;organiser pour le m\u00e9nage quand on a un b\u00e9b\u00e9 ?","datePublished":"2022-06-17T07:30:50+00:00","dateModified":"2024-09-15T12:32:06+00:00","mainEntityOfPage":{"@id":"https:\/\/www.mydemenageur.com\/blog\/comment-sorganiser-pour-le-menage-quand-on-a-un-bebe\/"},"wordCount":887,"publisher":{"@id":"https:\/\/www.mydemenageur.com\/blog\/#organization"},"image":{"@id":"https:\/\/www.mydemenageur.com\/blog\/comment-sorganiser-pour-le-menage-quand-on-a-un-bebe\/#primaryimage"},"thumbnailUrl":"https:\/\/www.mydemenageur.com\/blog\/wp-content\/uploads\/2022\/06\/Sans-titre-2022-06-17T072004.591.jpg","articleSection":["Actualit\u00e9"],"inLanguage":"fr-FR"},{"@type":"WebPage","@id":"https:\/\/www.mydemenageur.com\/blog\/comment-sorganiser-pour-le-menage-quand-on-a-un-bebe\/","url":"https:\/\/www.mydemenageur.com\/blog\/comment-sorganiser-pour-le-menage-quand-on-a-un-bebe\/","name":"Comment s'organiser pour le m\u00e9nage quand on a un b\u00e9b\u00e9 ?","isPartOf":{"@id":"https:\/\/www.mydemenageur.com\/blog\/#website"},"primaryImageOfPage":{"@id":"https:\/\/www.mydemenageur.com\/blog\/comment-sorganiser-pour-le-menage-quand-on-a-un-bebe\/#primaryimage"},"image":{"@id":"https:\/\/www.mydemenageur.com\/blog\/comment-sorganiser-pour-le-menage-quand-on-a-un-bebe\/#primaryimage"},"thumbnailUrl":"https:\/\/www.mydemenageur.com\/blog\/wp-content\/uploads\/2022\/06\/Sans-titre-2022-06-17T072004.591.jpg","datePublished":"2022-06-17T07:30:50+00:00","dateModified":"2024-09-15T12:32:06+00:00","description":"%","breadcrumb":{"@id":"https:\/\/www.mydemenageur.com\/blog\/comment-sorganiser-pour-le-menage-quand-on-a-un-bebe\/#breadcrumb"},"inLanguage":"fr-FR","potentialAction":[{"@type":"ReadAction","target":["https:\/\/www.mydemenageur.com\/blog\/comment-sorganiser-pour-le-menage-quand-on-a-un-bebe\/"]}]},{"@type":"ImageObject","inLanguage":"fr-FR","@id":"https:\/\/www.mydemenageur.com\/blog\/comment-sorganiser-pour-le-menage-quand-on-a-un-bebe\/#primaryimage","url":"https:\/\/www.mydemenageur.com\/blog\/wp-content\/uploads\/2022\/06\/Sans-titre-2022-06-17T072004.591.jpg","contentUrl":"https:\/\/www.mydemenageur.com\/blog\/wp-content\/uploads\/2022\/06\/Sans-titre-2022-06-17T072004.591.jpg","width":1200,"height":800,"caption":"Comment s'organiser pour le m\u00e9nage quand on a un b\u00e9b\u00e9 ?"},{"@type":"BreadcrumbList","@id":"https:\/\/www.mydemenageur.com\/blog\/comment-sorganiser-pour-le-menage-quand-on-a-un-bebe\/#breadcrumb","itemListElement":[{"@type":"ListItem","position":1,"name":"Accueil","item":"https:\/\/www.mydemenageur.com\/blog\/"},{"@type":"ListItem","position":2,"name":"Actualit\u00e9","item":"https:\/\/www.mydemenageur.com\/blog\/categorie\/actualite\/"},{"@type":"ListItem","position":3,"name":"Comment s&rsquo;organiser pour le m\u00e9nage quand on a un b\u00e9b\u00e9 ?"}]},{"@type":"WebSite","@id":"https:\/\/www.mydemenageur.com\/blog\/#website","url":"https:\/\/www.mydemenageur.com\/blog\/","name":"MyDemenageur","description":"Conseils d\u00e9m\u00e9ngement entre particuliers et d\u00e9m\u00e9nagement professionnel","publisher":{"@id":"https:\/\/www.mydemenageur.com\/blog\/#organization"},"potentialAction":[{"@type":"SearchAction","target":{"@type":"EntryPoint","urlTemplate":"https:\/\/www.mydemenageur.com\/blog\/?s={search_term_string}"},"query-input":{"@type":"PropertyValueSpecification","valueRequired":true,"valueName":"search_term_string"}}],"inLanguage":"fr-FR"},{"@type":"Organization","@id":"https:\/\/www.mydemenageur.com\/blog\/#organization","name":"MyDemenageur.com","url":"https:\/\/www.mydemenageur.com\/blog\/","logo":{"@type":"ImageObject","inLanguage":"fr-FR","@id":"https:\/\/www.mydemenageur.com\/blog\/#\/schema\/logo\/image\/","url":"https:\/\/www.mydemenageur.com\/blog\/wp-content\/uploads\/2022\/05\/MyDemenageur_Symbol.jpg","contentUrl":"https:\/\/www.mydemenageur.com\/blog\/wp-content\/uploads\/2022\/05\/MyDemenageur_Symbol.jpg","width":878,"height":877,"caption":"MyDemenageur.com"},"image":{"@id":"https:\/\/www.mydemenageur.com\/blog\/#\/schema\/logo\/image\/"},"sameAs":["https:\/\/www.facebook.com\/mydemenageur","https:\/\/x.com\/mydemenageur","https:\/\/www.pinterest.fr\/mydemenageur\/"]},{"@type":"Person","@id":"https:\/\/www.mydemenageur.com\/blog\/#\/schema\/person\/a5c62c5299ab308b8bdd1e106f3b71d6","name":"xavier","image":{"@type":"ImageObject","inLanguage":"fr-FR","@id":"https:\/\/www.mydemenageur.com\/blog\/#\/schema\/person\/image\/","url":"https:\/\/www.mydemenageur.com\/blog\/wp-content\/uploads\/letter-avatar\/d667a3da826ce784ef60b73d91ec9752.svg","contentUrl":"https:\/\/www.mydemenageur.com\/blog\/wp-content\/uploads\/letter-avatar\/d667a3da826ce784ef60b73d91ec9752.svg","caption":"xavier"},"description":"La d\u00e9coration est une passion depuis tr\u00e8s jeune. J\u2019ai toujours ador\u00e9 associer les couleurs, les objets pour sublimer un salon, une cuisine pour rendre ma d\u00e9coration d'int\u00e9rieure la plus sympa possible. D\u00e9couvrez ici mes id\u00e9es mais aussi les actualit\u00e9s autour du monde de la d\u00e9coration et de la maison, du d\u00e9m\u00e9nagement, des travaux !","sameAs":["https:\/\/fr-fr.facebook.com\/mydemenageur\/","https:\/\/www.instagram.com\/mydemenageur\/","https:\/\/www.linkedin.com\/in\/xavier-delahaye\/","https:\/\/x.com\/@VieuxGrizou","https:\/\/www.youtube.com\/channel\/UCXLzXq9rfED1LRRZQB2bQNg","MyDemenageur"],"url":"https:\/\/www.mydemenageur.com\/blog\/author\/vieux_grizou\/"}]}},"modified_by":"MyDemenageur","_links":{"self":[{"href":"https:\/\/www.mydemenageur.com\/blog\/wp-json\/wp\/v2\/posts\/29253"}],"collection":[{"href":"https:\/\/www.mydemenageur.com\/blog\/wp-json\/wp\/v2\/posts"}],"about":[{"href":"https:\/\/www.mydemenageur.com\/blog\/wp-json\/wp\/v2\/types\/post"}],"author":[{"embeddable":true,"href":"https:\/\/www.mydemenageur.com\/blog\/wp-json\/wp\/v2\/users\/9"}],"replies":[{"embeddable":true,"href":"https:\/\/www.mydemenageur.com\/blog\/wp-json\/wp\/v2\/comments?post=29253"}],"version-history":[{"count":0,"href":"https:\/\/www.mydemenageur.com\/blog\/wp-json\/wp\/v2\/posts\/29253\/revisions"}],"wp:featuredmedia":[{"embeddable":true,"href":"https:\/\/www.mydemenageur.com\/blog\/wp-json\/wp\/v2\/media\/29255"}],"wp:attachment":[{"href":"https:\/\/www.mydemenageur.com\/blog\/wp-json\/wp\/v2\/media?parent=29253"}],"wp:term":[{"taxonomy":"category","embeddable":true,"href":"https:\/\/www.mydemenageur.com\/blog\/wp-json\/wp\/v2\/categories?post=29253"},{"taxonomy":"post_tag","embeddable":true,"href":"https:\/\/www.mydemenageur.com\/blog\/wp-json\/wp\/v2\/tags?post=29253"}],"curies":[{"name":"wp","href":"https:\/\/api.w.org\/{rel}","templated":true}]}}