{"id":29257,"date":"2022-06-17T08:30:55","date_gmt":"2022-06-17T08:30:55","guid":{"rendered":"https:\/\/www.mydemenageur.com\/blog\/?p=29257"},"modified":"2024-09-14T13:54:57","modified_gmt":"2024-09-14T13:54:57","slug":"le-marc-de-cafe-ingredient-miracle-pour-votre-habitat","status":"publish","type":"post","link":"https:\/\/www.mydemenageur.com\/blog\/le-marc-de-cafe-ingredient-miracle-pour-votre-habitat\/","title":{"rendered":"Le marc de caf\u00e9 : ingr\u00e9dient miracle pour votre habitat\u00a0"},"content":{"rendered":"<p>Lorsqu\u2019il s\u2019agit d\u2019<b>utiliser des ingr\u00e9dients du quotidien \u00e0 d\u2019autres fins que leur fonction habituelle<\/b>, laissez faire les pros de la d\u00e9brouillardise et de l\u2019inventivit\u00e9. N\u2019oubliez pas que dans la vie, rien n\u2019est une finalit\u00e9 et rien ne vous oblige \u00e0 cantonner les produits dans votre maison au seul label pr\u00e9sent sur leur \u00e9tiquette. <b>Tout est transformable, renouvelable<\/b> et la plupart des ingr\u00e9dients que vous trouverez dans vos placards vous r\u00e9servent bien des secrets.<\/p>\n<p>C\u2019est-\u00e0-dire que leurs bienfaits ne sont plus \u00e0 prouver pour certains, beaucoup ont trouv\u00e9 leur place dans vos produits m\u00e9nagers ou encore vos soins cosm\u00e9tiques. <a href=\"https:\/\/www.mydemenageur.com\/blog\/les-10-produits-menagers-naturels-a-fabriquer-soi-meme\/\">Les alternatives naturelles et artisanales<\/a> sont de plus en plus populaires au sein des foyers fran\u00e7ais et du monde entier. Mais aujourd\u2019hui, c\u2019est le marc de caf\u00e9 qui nous intrigue, \u00e7a oui, produit aux multiples facettes, il fera le bonheur de votre int\u00e9rieur et de votre jardin.<\/p>\n<p><b>Solution \u00e9conomique et z\u00e9ro d\u00e9chet, le marc de caf\u00e9 est un puissant agent dont vous ne pourrez plus vous passer.<\/b> Son utilisation s\u2019inscrit dans une d\u00e9marche \u00e9cologique et respectueuse de l\u2019environnement, il suffit de r\u00e9cup\u00e9rer la mati\u00e8re dans le filtre de votre cafeti\u00e8re artisanale ou encore de vider vos capsules\u2026 La r\u00e9cup \u00e0 son paroxysme comme on dit.<\/p>\n<div id=\"ez-toc-container\" class=\"ez-toc-v2_0_82_2 counter-hierarchy ez-toc-counter ez-toc-custom ez-toc-container-direction\">\n<div class=\"ez-toc-title-container\">\n<p class=\"ez-toc-title\" style=\"cursor:inherit\">Ce que vous allez apprendre<\/p>\n<span class=\"ez-toc-title-toggle\"><\/span><\/div>\n<nav><ul class='ez-toc-list ez-toc-list-level-1 ' ><li class='ez-toc-page-1 ez-toc-heading-level-2'><a class=\"ez-toc-link ez-toc-heading-1\" href=\"https:\/\/www.mydemenageur.com\/blog\/le-marc-de-cafe-ingredient-miracle-pour-votre-habitat\/#des-utilisations-incroyables-pour-le-jardin\" >Des utilisations incroyables pour le jardin<\/a><\/li><li class='ez-toc-page-1 ez-toc-heading-level-2'><a class=\"ez-toc-link ez-toc-heading-2\" href=\"https:\/\/www.mydemenageur.com\/blog\/le-marc-de-cafe-ingredient-miracle-pour-votre-habitat\/#une-alternative-ecologique-pour-la-maison\" >Une alternative \u00e9cologique pour la maison<\/a><\/li><\/ul><\/nav><\/div>\n<h2><span class=\"ez-toc-section\" id=\"des-utilisations-incroyables-pour-le-jardin\"><\/span>Des utilisations incroyables pour le jardin<span class=\"ez-toc-section-end\"><\/span><\/h2>\n<p>Le marc de caf\u00e9 est, par d\u00e9finition, la percolation du caf\u00e9 et de ses composants. Il est depuis des d\u00e9cennies tr\u00e8s populaire en jardinage. En mati\u00e8re de jardinage, les produits fabriqu\u00e9s \u00e0 partir de composants artificiels ou transform\u00e9s peuvent \u00eatre toxiques pour la nature. Mais aussi pour la sant\u00e9 de l\u2019Homme, on y retrouve des perturbateurs endocriniens et hormonaux, mettant \u00e0 risque l\u2019\u00e9quilibre fragile de l\u2019organisme. Choisir le marc de caf\u00e9, c\u2019est opter pour des ingr\u00e9dients moins agressifs et qui ne polluent pas nos terres sur le long terme.<\/p>\n<p>Gr\u00e2ce \u00e0 sa composition, <b>il est imm\u00e9diatement compostable<\/b> et fait ainsi un engrais id\u00e9al pour plantes et potagers. C\u2019est aussi un r\u00e9pulsif naturel contre certains petits \u00eatres qui envahissent les jardins et d\u00e9truisent les plantations.<\/p>\n<ul>\n<li><b>Comme engrais,<\/b> le marc de caf\u00e9 a des effets b\u00e9n\u00e9fiques pour la pousse de certaines plantes, pouvant tripler les r\u00e9coltes. Riche en \u00e9l\u00e9ments nutritifs comme le potassium et le magn\u00e9sium facilement assimilable par les plantes, le marc de caf\u00e9 compost\u00e9 verra ses propri\u00e9t\u00e9s d\u00e9cupl\u00e9es pour un jardin en parfaite sant\u00e9.<\/li>\n<\/ul>\n<p>Mais attention, seulement pour certaines plantes. Le marc de caf\u00e9 est avant tout un inhibiteur de croissance, il vous faudra alors le laisser se d\u00e9sagr\u00e9ger un certain temps avant d\u2019utiliser son compost sans ses effets anti-repousse. Nous vous conseillons vivement de vous renseigner plus en d\u00e9tail sur les plantations r\u00e9ceptives aux bienfaits du marc de caf\u00e9.<\/p>\n<p>Le marc de caf\u00e9 est en effet un surprenant <b>inhibiteur de croissance<\/b>. \u00c0 l\u2019inverse d\u2019un engrais, plac\u00e9 autour d\u2019une certaine plante sans toucher \u00e0 cette derni\u00e8re, l\u2019acide chlorog\u00e9nique contenu dans les graines de caf\u00e9, emp\u00eachera la pousse de mauvaises herbes et autres plantes pouvant pomper l\u2019\u00e9nergie n\u00e9cessaire \u00e0 votre graine pour grandir.<\/p>\n<ul>\n<li><b>Comme r\u00e9pulsif,<\/b> si cet ingr\u00e9dient est bon pour la nature, il est redoutable contre les insectes et autres animaux invasifs pr\u00e9sents dans nos jardins. M\u00e9lang\u00e9 \u00e0 du jus de citron, il repoussera les <b>fourmis<\/b>, mais se suffisant aussi \u00e0 lui-m\u00eame, il \u00e9vitera aux quelques <b>limaces, escargots et moustiques<\/b> d\u2019envahir votre espace ext\u00e9rieur et d\u2019ab\u00eemer vos plantes, fruits et l\u00e9gumes.<\/li>\n<\/ul>\n<p>La forte odeur du compost repousse les limaces loin des salades et autres feuilles fragiles dont elles sont tr\u00e8s friandes. Tout aussi efficace contre les pucerons, disposez-le au pied de vos plantes ou encore en pulv\u00e9risation sur toute leur hauteur.<\/p>\n<p>Surprenant, vous ne jetterez plus jamais vos capsules de caf\u00e9 qui regorgent encore de richesses pouvant \u00eatre mises au profit de vos ext\u00e9rieurs.<\/p>\n<h2><span class=\"ez-toc-section\" id=\"une-alternative-ecologique-pour-la-maison\"><\/span>Une alternative \u00e9cologique pour la maison<span class=\"ez-toc-section-end\"><\/span><\/h2>\n<p>Si nous glorifions l\u2019utilisation du marc de caf\u00e9 \u00e0 des fins cosm\u00e9tiques pour ses propri\u00e9t\u00e9s exfoliantes et anti-oxydantes, peu sont ceux connaissant le <b>vrai potentiel m\u00e9nager de cet agent naturel.<\/b><\/p>\n<ul>\n<li><b>Pour nettoyer sa plomberie,<\/b> les grains du marc de caf\u00e9 se d\u00e9posent le long des parois pour un r\u00e9curage en douceur non abrasif qui n\u2019ab\u00eeme pas les surfaces. Versez le marc de caf\u00e9 avec de l\u2019eau chaude dans vos \u00e9viers, le liquide s\u2019\u00e9coulera \u00e0 travers les tuyaux. Il \u00e9liminera au fur et \u00e0 mesure les r\u00e9sidus, \u00e9vitant \u00e0 vos \u00e9viers de finir bouch\u00e9s. C\u2019est un agent d\u2019entretien efficace qui aidera \u00e0 garder votre plomberie en bon \u00e9tat et assurera son parfait fonctionnement.<\/li>\n<li><b>Pour neutraliser les mauvaises odeurs,<\/b> placez un peu de marc de caf\u00e9 dans un bol au fond des placards ou encore de votre r\u00e9frig\u00e9rateur pour absorber les odeurs les plus incommodantes.<\/li>\n<\/ul>\n<p>Autant dire que vous cesserez de jeter votre marc de caf\u00e9 \u00e0 la poubelle. C\u2019est l\u2019ingr\u00e9dient facile d\u2019utilisation par excellence, et \u00e9conomique par-dessus le march\u00e9, pour garantir une maison propre et un jardin bien entretenu.<\/p>\n","protected":false},"excerpt":{"rendered":"<p>Lorsqu\u2019il s\u2019agit d\u2019utiliser des ingr\u00e9dients du quotidien \u00e0 d\u2019autres fins que leur fonction habituelle, laissez faire les pros de la<\/p>\n","protected":false},"author":9,"featured_media":29258,"comment_status":"closed","ping_status":"closed","sticky":false,"template":"","format":"standard","meta":{"_lmt_disableupdate":"no","_lmt_disable":"no","footnotes":""},"categories":[127],"tags":[],"yoast_head":"<!-- This site is optimized with the Yoast SEO Premium plugin v24.2 (Yoast SEO v24.5) - https:\/\/yoast.com\/wordpress\/plugins\/seo\/ -->\n<title>Le marc de caf\u00e9 : ingr\u00e9dient miracle pour votre habitat\u00a0<\/title>\n<meta name=\"description\" content=\"%\" \/>\n<meta name=\"robots\" content=\"index, follow, max-snippet:-1, max-image-preview:large, max-video-preview:-1\" \/>\n<link rel=\"canonical\" href=\"https:\/\/www.mydemenageur.com\/blog\/le-marc-de-cafe-ingredient-miracle-pour-votre-habitat\/\" \/>\n<meta property=\"og:locale\" content=\"fr_FR\" \/>\n<meta property=\"og:type\" content=\"article\" \/>\n<meta property=\"og:title\" content=\"Le marc de caf\u00e9 : ingr\u00e9dient miracle pour votre habitat\u00a0\" \/>\n<meta property=\"og:description\" content=\"%\" \/>\n<meta property=\"og:url\" content=\"https:\/\/www.mydemenageur.com\/blog\/le-marc-de-cafe-ingredient-miracle-pour-votre-habitat\/\" \/>\n<meta property=\"og:site_name\" content=\"MyDemenageur\" \/>\n<meta property=\"article:publisher\" content=\"https:\/\/www.facebook.com\/mydemenageur\" \/>\n<meta property=\"article:author\" content=\"https:\/\/fr-fr.facebook.com\/mydemenageur\/\" \/>\n<meta property=\"article:published_time\" content=\"2022-06-17T08:30:55+00:00\" \/>\n<meta property=\"article:modified_time\" content=\"2024-09-14T13:54:57+00:00\" \/>\n<meta property=\"og:image\" content=\"https:\/\/www.mydemenageur.com\/blog\/wp-content\/uploads\/2022\/06\/Sans-titre-2022-06-17T072347.662.jpg\" \/>\n\t<meta property=\"og:image:width\" content=\"1200\" \/>\n\t<meta property=\"og:image:height\" content=\"800\" \/>\n\t<meta property=\"og:image:type\" content=\"image\/jpeg\" \/>\n<meta name=\"author\" content=\"xavier\" \/>\n<meta name=\"twitter:card\" content=\"summary_large_image\" \/>\n<meta name=\"twitter:creator\" content=\"@VieuxGrizou\" \/>\n<meta name=\"twitter:site\" content=\"@mydemenageur\" \/>\n<meta name=\"twitter:label1\" content=\"\u00c9crit par\" \/>\n\t<meta name=\"twitter:data1\" content=\"xavier\" \/>\n\t<meta name=\"twitter:label2\" content=\"Dur\u00e9e de lecture estim\u00e9e\" \/>\n\t<meta name=\"twitter:data2\" content=\"5 minutes\" \/>\n<script type=\"application\/ld+json\" class=\"yoast-schema-graph\">{\"@context\":\"https:\/\/schema.org\",\"@graph\":[{\"@type\":\"Article\",\"@id\":\"https:\/\/www.mydemenageur.com\/blog\/le-marc-de-cafe-ingredient-miracle-pour-votre-habitat\/#article\",\"isPartOf\":{\"@id\":\"https:\/\/www.mydemenageur.com\/blog\/le-marc-de-cafe-ingredient-miracle-pour-votre-habitat\/\"},\"author\":{\"name\":\"xavier\",\"@id\":\"https:\/\/www.mydemenageur.com\/blog\/#\/schema\/person\/a5c62c5299ab308b8bdd1e106f3b71d6\"},\"headline\":\"Le marc de caf\u00e9 : ingr\u00e9dient miracle pour votre habitat\u00a0\",\"datePublished\":\"2022-06-17T08:30:55+00:00\",\"dateModified\":\"2024-09-14T13:54:57+00:00\",\"mainEntityOfPage\":{\"@id\":\"https:\/\/www.mydemenageur.com\/blog\/le-marc-de-cafe-ingredient-miracle-pour-votre-habitat\/\"},\"wordCount\":893,\"publisher\":{\"@id\":\"https:\/\/www.mydemenageur.com\/blog\/#organization\"},\"image\":{\"@id\":\"https:\/\/www.mydemenageur.com\/blog\/le-marc-de-cafe-ingredient-miracle-pour-votre-habitat\/#primaryimage\"},\"thumbnailUrl\":\"https:\/\/www.mydemenageur.com\/blog\/wp-content\/uploads\/2022\/06\/Sans-titre-2022-06-17T072347.662.jpg\",\"articleSection\":[\"Actualit\u00e9\"],\"inLanguage\":\"fr-FR\"},{\"@type\":\"WebPage\",\"@id\":\"https:\/\/www.mydemenageur.com\/blog\/le-marc-de-cafe-ingredient-miracle-pour-votre-habitat\/\",\"url\":\"https:\/\/www.mydemenageur.com\/blog\/le-marc-de-cafe-ingredient-miracle-pour-votre-habitat\/\",\"name\":\"Le marc de caf\u00e9 : ingr\u00e9dient miracle pour votre habitat\u00a0\",\"isPartOf\":{\"@id\":\"https:\/\/www.mydemenageur.com\/blog\/#website\"},\"primaryImageOfPage\":{\"@id\":\"https:\/\/www.mydemenageur.com\/blog\/le-marc-de-cafe-ingredient-miracle-pour-votre-habitat\/#primaryimage\"},\"image\":{\"@id\":\"https:\/\/www.mydemenageur.com\/blog\/le-marc-de-cafe-ingredient-miracle-pour-votre-habitat\/#primaryimage\"},\"thumbnailUrl\":\"https:\/\/www.mydemenageur.com\/blog\/wp-content\/uploads\/2022\/06\/Sans-titre-2022-06-17T072347.662.jpg\",\"datePublished\":\"2022-06-17T08:30:55+00:00\",\"dateModified\":\"2024-09-14T13:54:57+00:00\",\"description\":\"%\",\"breadcrumb\":{\"@id\":\"https:\/\/www.mydemenageur.com\/blog\/le-marc-de-cafe-ingredient-miracle-pour-votre-habitat\/#breadcrumb\"},\"inLanguage\":\"fr-FR\",\"potentialAction\":[{\"@type\":\"ReadAction\",\"target\":[\"https:\/\/www.mydemenageur.com\/blog\/le-marc-de-cafe-ingredient-miracle-pour-votre-habitat\/\"]}]},{\"@type\":\"ImageObject\",\"inLanguage\":\"fr-FR\",\"@id\":\"https:\/\/www.mydemenageur.com\/blog\/le-marc-de-cafe-ingredient-miracle-pour-votre-habitat\/#primaryimage\",\"url\":\"https:\/\/www.mydemenageur.com\/blog\/wp-content\/uploads\/2022\/06\/Sans-titre-2022-06-17T072347.662.jpg\",\"contentUrl\":\"https:\/\/www.mydemenageur.com\/blog\/wp-content\/uploads\/2022\/06\/Sans-titre-2022-06-17T072347.662.jpg\",\"width\":1200,\"height\":800,\"caption\":\"Le marc de caf\u00e9 : ingr\u00e9dient miracle pour votre habitat\"},{\"@type\":\"BreadcrumbList\",\"@id\":\"https:\/\/www.mydemenageur.com\/blog\/le-marc-de-cafe-ingredient-miracle-pour-votre-habitat\/#breadcrumb\",\"itemListElement\":[{\"@type\":\"ListItem\",\"position\":1,\"name\":\"Accueil\",\"item\":\"https:\/\/www.mydemenageur.com\/blog\/\"},{\"@type\":\"ListItem\",\"position\":2,\"name\":\"Actualit\u00e9\",\"item\":\"https:\/\/www.mydemenageur.com\/blog\/categorie\/actualite\/\"},{\"@type\":\"ListItem\",\"position\":3,\"name\":\"Le marc de caf\u00e9 : ingr\u00e9dient miracle pour votre habitat\u00a0\"}]},{\"@type\":\"WebSite\",\"@id\":\"https:\/\/www.mydemenageur.com\/blog\/#website\",\"url\":\"https:\/\/www.mydemenageur.com\/blog\/\",\"name\":\"MyDemenageur\",\"description\":\"Conseils d\u00e9m\u00e9ngement entre particuliers et d\u00e9m\u00e9nagement professionnel\",\"publisher\":{\"@id\":\"https:\/\/www.mydemenageur.com\/blog\/#organization\"},\"potentialAction\":[{\"@type\":\"SearchAction\",\"target\":{\"@type\":\"EntryPoint\",\"urlTemplate\":\"https:\/\/www.mydemenageur.com\/blog\/?s={search_term_string}\"},\"query-input\":{\"@type\":\"PropertyValueSpecification\",\"valueRequired\":true,\"valueName\":\"search_term_string\"}}],\"inLanguage\":\"fr-FR\"},{\"@type\":\"Organization\",\"@id\":\"https:\/\/www.mydemenageur.com\/blog\/#organization\",\"name\":\"MyDemenageur.com\",\"url\":\"https:\/\/www.mydemenageur.com\/blog\/\",\"logo\":{\"@type\":\"ImageObject\",\"inLanguage\":\"fr-FR\",\"@id\":\"https:\/\/www.mydemenageur.com\/blog\/#\/schema\/logo\/image\/\",\"url\":\"https:\/\/www.mydemenageur.com\/blog\/wp-content\/uploads\/2022\/05\/MyDemenageur_Symbol.jpg\",\"contentUrl\":\"https:\/\/www.mydemenageur.com\/blog\/wp-content\/uploads\/2022\/05\/MyDemenageur_Symbol.jpg\",\"width\":878,\"height\":877,\"caption\":\"MyDemenageur.com\"},\"image\":{\"@id\":\"https:\/\/www.mydemenageur.com\/blog\/#\/schema\/logo\/image\/\"},\"sameAs\":[\"https:\/\/www.facebook.com\/mydemenageur\",\"https:\/\/x.com\/mydemenageur\",\"https:\/\/www.pinterest.fr\/mydemenageur\/\"]},{\"@type\":\"Person\",\"@id\":\"https:\/\/www.mydemenageur.com\/blog\/#\/schema\/person\/a5c62c5299ab308b8bdd1e106f3b71d6\",\"name\":\"xavier\",\"image\":{\"@type\":\"ImageObject\",\"inLanguage\":\"fr-FR\",\"@id\":\"https:\/\/www.mydemenageur.com\/blog\/#\/schema\/person\/image\/\",\"url\":\"https:\/\/www.mydemenageur.com\/blog\/wp-content\/uploads\/letter-avatar\/d667a3da826ce784ef60b73d91ec9752.svg\",\"contentUrl\":\"https:\/\/www.mydemenageur.com\/blog\/wp-content\/uploads\/letter-avatar\/d667a3da826ce784ef60b73d91ec9752.svg\",\"caption\":\"xavier\"},\"description\":\"La d\u00e9coration est une passion depuis tr\u00e8s jeune. J\u2019ai toujours ador\u00e9 associer les couleurs, les objets pour sublimer un salon, une cuisine pour rendre ma d\u00e9coration d'int\u00e9rieure la plus sympa possible. D\u00e9couvrez ici mes id\u00e9es mais aussi les actualit\u00e9s autour du monde de la d\u00e9coration et de la maison, du d\u00e9m\u00e9nagement, des travaux !\",\"sameAs\":[\"https:\/\/fr-fr.facebook.com\/mydemenageur\/\",\"https:\/\/www.instagram.com\/mydemenageur\/\",\"https:\/\/www.linkedin.com\/in\/xavier-delahaye\/\",\"https:\/\/x.com\/@VieuxGrizou\",\"https:\/\/www.youtube.com\/channel\/UCXLzXq9rfED1LRRZQB2bQNg\",\"MyDemenageur\"],\"url\":\"https:\/\/www.mydemenageur.com\/blog\/author\/vieux_grizou\/\"}]}<\/script>\n<!-- \/ Yoast SEO Premium plugin. -->","yoast_head_json":{"title":"Le marc de caf\u00e9 : ingr\u00e9dient miracle pour votre habitat\u00a0","description":"%","robots":{"index":"index","follow":"follow","max-snippet":"max-snippet:-1","max-image-preview":"max-image-preview:large","max-video-preview":"max-video-preview:-1"},"canonical":"https:\/\/www.mydemenageur.com\/blog\/le-marc-de-cafe-ingredient-miracle-pour-votre-habitat\/","og_locale":"fr_FR","og_type":"article","og_title":"Le marc de caf\u00e9 : ingr\u00e9dient miracle pour votre habitat\u00a0","og_description":"%","og_url":"https:\/\/www.mydemenageur.com\/blog\/le-marc-de-cafe-ingredient-miracle-pour-votre-habitat\/","og_site_name":"MyDemenageur","article_publisher":"https:\/\/www.facebook.com\/mydemenageur","article_author":"https:\/\/fr-fr.facebook.com\/mydemenageur\/","article_published_time":"2022-06-17T08:30:55+00:00","article_modified_time":"2024-09-14T13:54:57+00:00","og_image":[{"width":1200,"height":800,"url":"https:\/\/www.mydemenageur.com\/blog\/wp-content\/uploads\/2022\/06\/Sans-titre-2022-06-17T072347.662.jpg","type":"image\/jpeg"}],"author":"xavier","twitter_card":"summary_large_image","twitter_creator":"@VieuxGrizou","twitter_site":"@mydemenageur","twitter_misc":{"\u00c9crit par":"xavier","Dur\u00e9e de lecture estim\u00e9e":"5 minutes"},"schema":{"@context":"https:\/\/schema.org","@graph":[{"@type":"Article","@id":"https:\/\/www.mydemenageur.com\/blog\/le-marc-de-cafe-ingredient-miracle-pour-votre-habitat\/#article","isPartOf":{"@id":"https:\/\/www.mydemenageur.com\/blog\/le-marc-de-cafe-ingredient-miracle-pour-votre-habitat\/"},"author":{"name":"xavier","@id":"https:\/\/www.mydemenageur.com\/blog\/#\/schema\/person\/a5c62c5299ab308b8bdd1e106f3b71d6"},"headline":"Le marc de caf\u00e9 : ingr\u00e9dient miracle pour votre habitat\u00a0","datePublished":"2022-06-17T08:30:55+00:00","dateModified":"2024-09-14T13:54:57+00:00","mainEntityOfPage":{"@id":"https:\/\/www.mydemenageur.com\/blog\/le-marc-de-cafe-ingredient-miracle-pour-votre-habitat\/"},"wordCount":893,"publisher":{"@id":"https:\/\/www.mydemenageur.com\/blog\/#organization"},"image":{"@id":"https:\/\/www.mydemenageur.com\/blog\/le-marc-de-cafe-ingredient-miracle-pour-votre-habitat\/#primaryimage"},"thumbnailUrl":"https:\/\/www.mydemenageur.com\/blog\/wp-content\/uploads\/2022\/06\/Sans-titre-2022-06-17T072347.662.jpg","articleSection":["Actualit\u00e9"],"inLanguage":"fr-FR"},{"@type":"WebPage","@id":"https:\/\/www.mydemenageur.com\/blog\/le-marc-de-cafe-ingredient-miracle-pour-votre-habitat\/","url":"https:\/\/www.mydemenageur.com\/blog\/le-marc-de-cafe-ingredient-miracle-pour-votre-habitat\/","name":"Le marc de caf\u00e9 : ingr\u00e9dient miracle pour votre habitat\u00a0","isPartOf":{"@id":"https:\/\/www.mydemenageur.com\/blog\/#website"},"primaryImageOfPage":{"@id":"https:\/\/www.mydemenageur.com\/blog\/le-marc-de-cafe-ingredient-miracle-pour-votre-habitat\/#primaryimage"},"image":{"@id":"https:\/\/www.mydemenageur.com\/blog\/le-marc-de-cafe-ingredient-miracle-pour-votre-habitat\/#primaryimage"},"thumbnailUrl":"https:\/\/www.mydemenageur.com\/blog\/wp-content\/uploads\/2022\/06\/Sans-titre-2022-06-17T072347.662.jpg","datePublished":"2022-06-17T08:30:55+00:00","dateModified":"2024-09-14T13:54:57+00:00","description":"%","breadcrumb":{"@id":"https:\/\/www.mydemenageur.com\/blog\/le-marc-de-cafe-ingredient-miracle-pour-votre-habitat\/#breadcrumb"},"inLanguage":"fr-FR","potentialAction":[{"@type":"ReadAction","target":["https:\/\/www.mydemenageur.com\/blog\/le-marc-de-cafe-ingredient-miracle-pour-votre-habitat\/"]}]},{"@type":"ImageObject","inLanguage":"fr-FR","@id":"https:\/\/www.mydemenageur.com\/blog\/le-marc-de-cafe-ingredient-miracle-pour-votre-habitat\/#primaryimage","url":"https:\/\/www.mydemenageur.com\/blog\/wp-content\/uploads\/2022\/06\/Sans-titre-2022-06-17T072347.662.jpg","contentUrl":"https:\/\/www.mydemenageur.com\/blog\/wp-content\/uploads\/2022\/06\/Sans-titre-2022-06-17T072347.662.jpg","width":1200,"height":800,"caption":"Le marc de caf\u00e9 : ingr\u00e9dient miracle pour votre habitat"},{"@type":"BreadcrumbList","@id":"https:\/\/www.mydemenageur.com\/blog\/le-marc-de-cafe-ingredient-miracle-pour-votre-habitat\/#breadcrumb","itemListElement":[{"@type":"ListItem","position":1,"name":"Accueil","item":"https:\/\/www.mydemenageur.com\/blog\/"},{"@type":"ListItem","position":2,"name":"Actualit\u00e9","item":"https:\/\/www.mydemenageur.com\/blog\/categorie\/actualite\/"},{"@type":"ListItem","position":3,"name":"Le marc de caf\u00e9 : ingr\u00e9dient miracle pour votre habitat\u00a0"}]},{"@type":"WebSite","@id":"https:\/\/www.mydemenageur.com\/blog\/#website","url":"https:\/\/www.mydemenageur.com\/blog\/","name":"MyDemenageur","description":"Conseils d\u00e9m\u00e9ngement entre particuliers et d\u00e9m\u00e9nagement professionnel","publisher":{"@id":"https:\/\/www.mydemenageur.com\/blog\/#organization"},"potentialAction":[{"@type":"SearchAction","target":{"@type":"EntryPoint","urlTemplate":"https:\/\/www.mydemenageur.com\/blog\/?s={search_term_string}"},"query-input":{"@type":"PropertyValueSpecification","valueRequired":true,"valueName":"search_term_string"}}],"inLanguage":"fr-FR"},{"@type":"Organization","@id":"https:\/\/www.mydemenageur.com\/blog\/#organization","name":"MyDemenageur.com","url":"https:\/\/www.mydemenageur.com\/blog\/","logo":{"@type":"ImageObject","inLanguage":"fr-FR","@id":"https:\/\/www.mydemenageur.com\/blog\/#\/schema\/logo\/image\/","url":"https:\/\/www.mydemenageur.com\/blog\/wp-content\/uploads\/2022\/05\/MyDemenageur_Symbol.jpg","contentUrl":"https:\/\/www.mydemenageur.com\/blog\/wp-content\/uploads\/2022\/05\/MyDemenageur_Symbol.jpg","width":878,"height":877,"caption":"MyDemenageur.com"},"image":{"@id":"https:\/\/www.mydemenageur.com\/blog\/#\/schema\/logo\/image\/"},"sameAs":["https:\/\/www.facebook.com\/mydemenageur","https:\/\/x.com\/mydemenageur","https:\/\/www.pinterest.fr\/mydemenageur\/"]},{"@type":"Person","@id":"https:\/\/www.mydemenageur.com\/blog\/#\/schema\/person\/a5c62c5299ab308b8bdd1e106f3b71d6","name":"xavier","image":{"@type":"ImageObject","inLanguage":"fr-FR","@id":"https:\/\/www.mydemenageur.com\/blog\/#\/schema\/person\/image\/","url":"https:\/\/www.mydemenageur.com\/blog\/wp-content\/uploads\/letter-avatar\/d667a3da826ce784ef60b73d91ec9752.svg","contentUrl":"https:\/\/www.mydemenageur.com\/blog\/wp-content\/uploads\/letter-avatar\/d667a3da826ce784ef60b73d91ec9752.svg","caption":"xavier"},"description":"La d\u00e9coration est une passion depuis tr\u00e8s jeune. J\u2019ai toujours ador\u00e9 associer les couleurs, les objets pour sublimer un salon, une cuisine pour rendre ma d\u00e9coration d'int\u00e9rieure la plus sympa possible. D\u00e9couvrez ici mes id\u00e9es mais aussi les actualit\u00e9s autour du monde de la d\u00e9coration et de la maison, du d\u00e9m\u00e9nagement, des travaux !","sameAs":["https:\/\/fr-fr.facebook.com\/mydemenageur\/","https:\/\/www.instagram.com\/mydemenageur\/","https:\/\/www.linkedin.com\/in\/xavier-delahaye\/","https:\/\/x.com\/@VieuxGrizou","https:\/\/www.youtube.com\/channel\/UCXLzXq9rfED1LRRZQB2bQNg","MyDemenageur"],"url":"https:\/\/www.mydemenageur.com\/blog\/author\/vieux_grizou\/"}]}},"modified_by":"MyDemenageur","_links":{"self":[{"href":"https:\/\/www.mydemenageur.com\/blog\/wp-json\/wp\/v2\/posts\/29257"}],"collection":[{"href":"https:\/\/www.mydemenageur.com\/blog\/wp-json\/wp\/v2\/posts"}],"about":[{"href":"https:\/\/www.mydemenageur.com\/blog\/wp-json\/wp\/v2\/types\/post"}],"author":[{"embeddable":true,"href":"https:\/\/www.mydemenageur.com\/blog\/wp-json\/wp\/v2\/users\/9"}],"replies":[{"embeddable":true,"href":"https:\/\/www.mydemenageur.com\/blog\/wp-json\/wp\/v2\/comments?post=29257"}],"version-history":[{"count":0,"href":"https:\/\/www.mydemenageur.com\/blog\/wp-json\/wp\/v2\/posts\/29257\/revisions"}],"wp:featuredmedia":[{"embeddable":true,"href":"https:\/\/www.mydemenageur.com\/blog\/wp-json\/wp\/v2\/media\/29258"}],"wp:attachment":[{"href":"https:\/\/www.mydemenageur.com\/blog\/wp-json\/wp\/v2\/media?parent=29257"}],"wp:term":[{"taxonomy":"category","embeddable":true,"href":"https:\/\/www.mydemenageur.com\/blog\/wp-json\/wp\/v2\/categories?post=29257"},{"taxonomy":"post_tag","embeddable":true,"href":"https:\/\/www.mydemenageur.com\/blog\/wp-json\/wp\/v2\/tags?post=29257"}],"curies":[{"name":"wp","href":"https:\/\/api.w.org\/{rel}","templated":true}]}}