{"id":29306,"date":"2022-06-20T14:00:49","date_gmt":"2022-06-20T14:00:49","guid":{"rendered":"https:\/\/www.mydemenageur.com\/blog\/?p=29306"},"modified":"2024-09-15T14:23:18","modified_gmt":"2024-09-15T12:23:18","slug":"le-soleil-arrive-nos-conseils-pour-amenager-une-cuisine-dete","status":"publish","type":"post","link":"https:\/\/www.mydemenageur.com\/blog\/le-soleil-arrive-nos-conseils-pour-amenager-une-cuisine-dete\/","title":{"rendered":"Le soleil arrive : nos conseils pour am\u00e9nager une cuisine d&rsquo;\u00e9t\u00e9"},"content":{"rendered":"<p>\u00c7a y est ! Nous y sommes enfin, l\u2019\u00e9t\u00e9 et le soleil se sont bel et bien install\u00e9s. De quoi faire des heureux ! Vous allez enfin pouvoir organiser des d\u00e9jeuners ou encore des d\u00eeners au grand air. Encore mieux pour les plus chanceux qui disposent d\u2019un grand jardin ou d\u2019une cuisine d\u2019\u00e9t\u00e9, vous pourrez avoir un petit coin d\u2019ombres pour vous tenir au frais.<\/p>\n<p>Mais avant de pouvoir passer du temps dans cet espace a\u00e9r\u00e9 ou y inviter vos proches, il faut d\u2019abord s\u2019assurer que tout est bien install\u00e9. C\u2019est pourquoi, nous avons d\u00e9di\u00e9 cet article <a href=\"https:\/\/www.mydemenageur.com\/blog\/cuisine-blanche-nos-idees-damenagement-facile-et-pas-cher\/\">\u00e0 l\u2019am\u00e9nagement de la cuisine<\/a> Outdoor !<\/p>\n<div id=\"ez-toc-container\" class=\"ez-toc-v2_0_82_2 counter-hierarchy ez-toc-counter ez-toc-custom ez-toc-container-direction\">\n<div class=\"ez-toc-title-container\">\n<p class=\"ez-toc-title\" style=\"cursor:inherit\">Ce que vous allez apprendre<\/p>\n<span class=\"ez-toc-title-toggle\"><\/span><\/div>\n<nav><ul class='ez-toc-list ez-toc-list-level-1 ' ><li class='ez-toc-page-1 ez-toc-heading-level-2'><a class=\"ez-toc-link ez-toc-heading-1\" href=\"https:\/\/www.mydemenageur.com\/blog\/le-soleil-arrive-nos-conseils-pour-amenager-une-cuisine-dete\/#choisir-un-bon-emplacement-pour-votre-cuisine-dete\" >Choisir un bon emplacement pour votre cuisine d\u2019\u00e9t\u00e9<\/a><\/li><li class='ez-toc-page-1 ez-toc-heading-level-2'><a class=\"ez-toc-link ez-toc-heading-2\" href=\"https:\/\/www.mydemenageur.com\/blog\/le-soleil-arrive-nos-conseils-pour-amenager-une-cuisine-dete\/#quel-style-choisir-pour-votre-cuisine-outdoor\" >Quel style choisir pour votre cuisine Outdoor ?<\/a><\/li><\/ul><\/nav><\/div>\n<h2><span class=\"ez-toc-section\" id=\"choisir-un-bon-emplacement-pour-votre-cuisine-dete\"><\/span>Choisir un bon emplacement pour votre cuisine d\u2019\u00e9t\u00e9<span class=\"ez-toc-section-end\"><\/span><\/h2>\n<p>Avant de vous lancer dans la d\u00e9co ou dans vos travaux, la premi\u00e8re \u00e9tape consiste \u00e0 <b>trouver le bon emplacement<\/b>. C\u2019est une \u00e9tape importante. Cet espace doit \u00eatre <b>esth\u00e9tique<\/b>, cosy, mais aussi <b>pratique<\/b>. Vous allez y passer du temps pour savourer vos repas ou vous y reposer. Autant prendre soin que tout soit bien mis en place. Ce serait dommage de vous retrouver encombr\u00e9 par divers objets. Pour ce faire, prenez un papier et notez vos id\u00e9es. Le fait d\u2019\u00e9crire vous permettra de ne rien oublier et de mieux vous projeter.<\/p>\n<p>Posez-vous les bonnes questions. Avez-vous besoin d\u2019installer une nouvelle table ? Un barbecue ? Vous faut-il int\u00e9grer un \u00e9vier, des <b>plaques de cuisson<\/b> ou un <b>plan de travail<\/b> ? N\u2019h\u00e9sitez pas \u00e0 vous rendre \u00e0 <b>Ikea<\/b> ou encore chez Leroy Merlin. Vous pourrez vous inspirer de certaines id\u00e9es d\u00e9co. Ce sera \u00e9galement l\u2019occasion de demander conseil \u00e0 un vendeur qui pourra vous aiguiller dans le choix de vos meubles.<\/p>\n<p>Quand on est tent\u00e9 par une cuisine Outdoor, il faut prendre plusieurs facteurs en compte :<\/p>\n<ul>\n<li>l\u2019eau courante<\/li>\n<li>l\u2019\u00e9lectricit\u00e9<\/li>\n<li>l\u2019espace<\/li>\n<\/ul>\n<p>Tous ces \u00e9l\u00e9ments sont importants et il ne faut pas les n\u00e9gliger. Une cuisine doit, avant toute chose, \u00eatre fonctionnelle. Il faudra aussi penser \u00e0 faire installer une surface plate. Cette derni\u00e8re vous <b>permettra de vous d\u00e9placer en toute fluidit\u00e9<\/b>. Si vous ne savez pas o\u00f9 construire votre cuisine d\u2019\u00e9t\u00e9, nous vous sugg\u00e9rons de la <b>placer au niveau d\u2019un abri<\/b> ou d\u2019un cabanon.<\/p>\n<p>Elle sera <b>prot\u00e9g\u00e9e en cas de pluie<\/b>, de neige ou de fortes chaleurs. Si vous avez une piscine, \u00e9vitez de faire construire cet espace \u00e0 c\u00f4t\u00e9. C\u2019est bien connu, l\u2019eau et l\u2019\u00e9lectricit\u00e9, \u00e7a ne fait pas bon m\u00e9nage.<\/p>\n<p><iframe title=\"5 conseils pour l&#039;am\u00e9nagement de votre cuisine ext\u00e9rieure | Soumission R\u00e9novation\" width=\"500\" height=\"281\" src=\"https:\/\/www.youtube.com\/embed\/6GLSL83SIZY?feature=oembed\" frameborder=\"0\" allow=\"accelerometer; autoplay; clipboard-write; encrypted-media; gyroscope; picture-in-picture; web-share\" referrerpolicy=\"strict-origin-when-cross-origin\" allowfullscreen><\/iframe><\/p>\n<h2><span class=\"ez-toc-section\" id=\"quel-style-choisir-pour-votre-cuisine-outdoor\"><\/span>Quel style choisir pour votre cuisine Outdoor ?<span class=\"ez-toc-section-end\"><\/span><\/h2>\n<p>Une fois que vous avez choisi l\u2019emplacement, vous pouvez vous attarder sur <b>le style<\/b>. Vous pouvez opter pour une multitude de cuisines. Vous aurez l\u2019embarras du choix avec des styles \u00e9l\u00e9gants, <b>cocooning<\/b> ou <b>rustique<\/b>. \u00c0 vous de voir en fonction de vos go\u00fbts. Essayez de cr\u00e9er une atmosph\u00e8re en harmonie avec l\u2019ext\u00e9rieur de votre maison.<\/p>\n<p>En ce qui concerne le mobilier, pourquoi ne pas vous lancer dans des meubles fabriqu\u00e9s par vos soins ! C\u2019est une tendance : de plus en plus de personnes s\u2019y mettent et se trouvent une passion pour le bricolage. Vous pouvez prendre vos propres mains et assembler des parpaings pour le recouvrir ensuite avec du b\u00e9ton cir\u00e9. Vous pouvez aussi construire une petite table basse, etc.<\/p>\n<p>Si vous optez pour une cuisine en <b>b\u00e9ton cir\u00e9<\/b> : sachez que vous avez fait le meilleur choix. En effet, ce type de cuisine est tr\u00e8s esth\u00e9tique, mais surtout extr\u00eamement r\u00e9sistante. Vous pourrez choisir diff\u00e9rentes couleurs pour habiller votre plan de travail \u00e0 votre go\u00fbt. En ce qui concerne <b>son entretien<\/b>, nous vous conseillons de passer un petit coup de d\u00e9tergent assez souvent. Veillez \u00e0 ce que le produit ne soit pas agressif, cela risquerait de fragiliser le b\u00e9ton.<\/p>\n<p>Si cette mati\u00e8re ne vous plait pas, vous pouvez am\u00e9nager <b>une cuisine d\u2019\u00e9t\u00e9 en bois<\/b>. Le style est rustique et rappelle la campagne. Vous aurez une belle cuisine ext\u00e9rieure aux allures nordiques qui se fondra parfaitement avec le reste de votre jardin. En ce qui concerne l&rsquo;entretien du bois, la t\u00e2che est un peu plus d\u00e9licate. Le bois est une mati\u00e8re dont il faut prendre soin. <b>Assurez-vous de bien l\u2019entretenir<\/b>. Vous pouvez utiliser des produits pour le prot\u00e9ger comme un vernis, un saturateur et un d\u00e9griseur. N\u2019h\u00e9sitez pas \u00e0 aller dans un magasin de bricolage et \u00e0 demander conseil \u00e0 un vendeur.<\/p>\n<p>Qui dit cuisine d\u2019\u00e9t\u00e9, dit forc\u00e9ment <b>barbecue<\/b> ! C\u2019est l\u2019id\u00e9al pour cuisiner et <b>faire griller vos viandes ou vos poissons<\/b>. Le barbecue se d\u00e9cline sous plusieurs formes et peut s\u2019associer avec un \u00e9quipement suppl\u00e9mentaire. Niveau budget, vous trouverez de tout. Les prix varient en fonction des mod\u00e8les et des options. Sachez en tout cas que vous trouverez trois types de barbecue. Il y a les <b>mod\u00e8les \u00e9lectriques<\/b>, \u00e0 charbon ou \u00e0 gaz. Si vous habitez en ville, nous vous conseillons d\u2019\u00e9viter les mod\u00e8les \u00e0 charbon ou \u00e0 gaz. Ils sont interdits dans les milieux urbains. L\u2019odeur risquerait de g\u00eaner les voisins et cela peut \u00eatre aussi dangereux.<\/p>\n","protected":false},"excerpt":{"rendered":"<p>\u00c7a y est ! Nous y sommes enfin, l\u2019\u00e9t\u00e9 et le soleil se sont bel et bien install\u00e9s. De quoi<\/p>\n","protected":false},"author":9,"featured_media":29308,"comment_status":"closed","ping_status":"closed","sticky":false,"template":"","format":"standard","meta":{"_lmt_disableupdate":"no","_lmt_disable":"no","footnotes":""},"categories":[127],"tags":[],"yoast_head":"<!-- This site is optimized with the Yoast SEO Premium plugin v24.2 (Yoast SEO v24.5) - https:\/\/yoast.com\/wordpress\/plugins\/seo\/ -->\n<title>Le soleil arrive : nos conseils pour am\u00e9nager une cuisine d&#039;\u00e9t\u00e9<\/title>\n<meta name=\"description\" content=\"%\" \/>\n<meta name=\"robots\" content=\"index, follow, max-snippet:-1, max-image-preview:large, max-video-preview:-1\" \/>\n<link rel=\"canonical\" href=\"https:\/\/www.mydemenageur.com\/blog\/le-soleil-arrive-nos-conseils-pour-amenager-une-cuisine-dete\/\" \/>\n<meta property=\"og:locale\" content=\"fr_FR\" \/>\n<meta property=\"og:type\" content=\"article\" \/>\n<meta property=\"og:title\" content=\"Le soleil arrive : nos conseils pour am\u00e9nager une cuisine d&#039;\u00e9t\u00e9\" \/>\n<meta property=\"og:description\" content=\"%\" \/>\n<meta property=\"og:url\" content=\"https:\/\/www.mydemenageur.com\/blog\/le-soleil-arrive-nos-conseils-pour-amenager-une-cuisine-dete\/\" \/>\n<meta property=\"og:site_name\" content=\"MyDemenageur\" \/>\n<meta property=\"article:publisher\" content=\"https:\/\/www.facebook.com\/mydemenageur\" \/>\n<meta property=\"article:author\" content=\"https:\/\/fr-fr.facebook.com\/mydemenageur\/\" \/>\n<meta property=\"article:published_time\" content=\"2022-06-20T14:00:49+00:00\" \/>\n<meta property=\"article:modified_time\" content=\"2024-09-15T12:23:18+00:00\" \/>\n<meta property=\"og:image\" content=\"https:\/\/www.mydemenageur.com\/blog\/wp-content\/uploads\/2022\/06\/Sans-titre-2022-06-20T154702.822.jpg\" \/>\n\t<meta property=\"og:image:width\" content=\"1200\" \/>\n\t<meta property=\"og:image:height\" content=\"800\" \/>\n\t<meta property=\"og:image:type\" content=\"image\/jpeg\" \/>\n<meta name=\"author\" content=\"xavier\" \/>\n<meta name=\"twitter:card\" content=\"summary_large_image\" \/>\n<meta name=\"twitter:creator\" content=\"@VieuxGrizou\" \/>\n<meta name=\"twitter:site\" content=\"@mydemenageur\" \/>\n<meta name=\"twitter:label1\" content=\"\u00c9crit par\" \/>\n\t<meta name=\"twitter:data1\" content=\"xavier\" \/>\n\t<meta name=\"twitter:label2\" content=\"Dur\u00e9e de lecture estim\u00e9e\" \/>\n\t<meta name=\"twitter:data2\" content=\"5 minutes\" \/>\n<script type=\"application\/ld+json\" class=\"yoast-schema-graph\">{\"@context\":\"https:\/\/schema.org\",\"@graph\":[{\"@type\":\"Article\",\"@id\":\"https:\/\/www.mydemenageur.com\/blog\/le-soleil-arrive-nos-conseils-pour-amenager-une-cuisine-dete\/#article\",\"isPartOf\":{\"@id\":\"https:\/\/www.mydemenageur.com\/blog\/le-soleil-arrive-nos-conseils-pour-amenager-une-cuisine-dete\/\"},\"author\":{\"name\":\"xavier\",\"@id\":\"https:\/\/www.mydemenageur.com\/blog\/#\/schema\/person\/a5c62c5299ab308b8bdd1e106f3b71d6\"},\"headline\":\"Le soleil arrive : nos conseils pour am\u00e9nager une cuisine d&rsquo;\u00e9t\u00e9\",\"datePublished\":\"2022-06-20T14:00:49+00:00\",\"dateModified\":\"2024-09-15T12:23:18+00:00\",\"mainEntityOfPage\":{\"@id\":\"https:\/\/www.mydemenageur.com\/blog\/le-soleil-arrive-nos-conseils-pour-amenager-une-cuisine-dete\/\"},\"wordCount\":896,\"publisher\":{\"@id\":\"https:\/\/www.mydemenageur.com\/blog\/#organization\"},\"image\":{\"@id\":\"https:\/\/www.mydemenageur.com\/blog\/le-soleil-arrive-nos-conseils-pour-amenager-une-cuisine-dete\/#primaryimage\"},\"thumbnailUrl\":\"https:\/\/www.mydemenageur.com\/blog\/wp-content\/uploads\/2022\/06\/Sans-titre-2022-06-20T154702.822.jpg\",\"articleSection\":[\"Actualit\u00e9\"],\"inLanguage\":\"fr-FR\"},{\"@type\":\"WebPage\",\"@id\":\"https:\/\/www.mydemenageur.com\/blog\/le-soleil-arrive-nos-conseils-pour-amenager-une-cuisine-dete\/\",\"url\":\"https:\/\/www.mydemenageur.com\/blog\/le-soleil-arrive-nos-conseils-pour-amenager-une-cuisine-dete\/\",\"name\":\"Le soleil arrive : nos conseils pour am\u00e9nager une cuisine d'\u00e9t\u00e9\",\"isPartOf\":{\"@id\":\"https:\/\/www.mydemenageur.com\/blog\/#website\"},\"primaryImageOfPage\":{\"@id\":\"https:\/\/www.mydemenageur.com\/blog\/le-soleil-arrive-nos-conseils-pour-amenager-une-cuisine-dete\/#primaryimage\"},\"image\":{\"@id\":\"https:\/\/www.mydemenageur.com\/blog\/le-soleil-arrive-nos-conseils-pour-amenager-une-cuisine-dete\/#primaryimage\"},\"thumbnailUrl\":\"https:\/\/www.mydemenageur.com\/blog\/wp-content\/uploads\/2022\/06\/Sans-titre-2022-06-20T154702.822.jpg\",\"datePublished\":\"2022-06-20T14:00:49+00:00\",\"dateModified\":\"2024-09-15T12:23:18+00:00\",\"description\":\"%\",\"breadcrumb\":{\"@id\":\"https:\/\/www.mydemenageur.com\/blog\/le-soleil-arrive-nos-conseils-pour-amenager-une-cuisine-dete\/#breadcrumb\"},\"inLanguage\":\"fr-FR\",\"potentialAction\":[{\"@type\":\"ReadAction\",\"target\":[\"https:\/\/www.mydemenageur.com\/blog\/le-soleil-arrive-nos-conseils-pour-amenager-une-cuisine-dete\/\"]}]},{\"@type\":\"ImageObject\",\"inLanguage\":\"fr-FR\",\"@id\":\"https:\/\/www.mydemenageur.com\/blog\/le-soleil-arrive-nos-conseils-pour-amenager-une-cuisine-dete\/#primaryimage\",\"url\":\"https:\/\/www.mydemenageur.com\/blog\/wp-content\/uploads\/2022\/06\/Sans-titre-2022-06-20T154702.822.jpg\",\"contentUrl\":\"https:\/\/www.mydemenageur.com\/blog\/wp-content\/uploads\/2022\/06\/Sans-titre-2022-06-20T154702.822.jpg\",\"width\":1200,\"height\":800,\"caption\":\"Le soleil arrive : nos conseils pour am\u00e9nager une cuisine d'\u00e9t\u00e9\"},{\"@type\":\"BreadcrumbList\",\"@id\":\"https:\/\/www.mydemenageur.com\/blog\/le-soleil-arrive-nos-conseils-pour-amenager-une-cuisine-dete\/#breadcrumb\",\"itemListElement\":[{\"@type\":\"ListItem\",\"position\":1,\"name\":\"Accueil\",\"item\":\"https:\/\/www.mydemenageur.com\/blog\/\"},{\"@type\":\"ListItem\",\"position\":2,\"name\":\"Actualit\u00e9\",\"item\":\"https:\/\/www.mydemenageur.com\/blog\/categorie\/actualite\/\"},{\"@type\":\"ListItem\",\"position\":3,\"name\":\"Le soleil arrive : nos conseils pour am\u00e9nager une cuisine d&rsquo;\u00e9t\u00e9\"}]},{\"@type\":\"WebSite\",\"@id\":\"https:\/\/www.mydemenageur.com\/blog\/#website\",\"url\":\"https:\/\/www.mydemenageur.com\/blog\/\",\"name\":\"MyDemenageur\",\"description\":\"Conseils d\u00e9m\u00e9ngement entre particuliers et d\u00e9m\u00e9nagement professionnel\",\"publisher\":{\"@id\":\"https:\/\/www.mydemenageur.com\/blog\/#organization\"},\"potentialAction\":[{\"@type\":\"SearchAction\",\"target\":{\"@type\":\"EntryPoint\",\"urlTemplate\":\"https:\/\/www.mydemenageur.com\/blog\/?s={search_term_string}\"},\"query-input\":{\"@type\":\"PropertyValueSpecification\",\"valueRequired\":true,\"valueName\":\"search_term_string\"}}],\"inLanguage\":\"fr-FR\"},{\"@type\":\"Organization\",\"@id\":\"https:\/\/www.mydemenageur.com\/blog\/#organization\",\"name\":\"MyDemenageur.com\",\"url\":\"https:\/\/www.mydemenageur.com\/blog\/\",\"logo\":{\"@type\":\"ImageObject\",\"inLanguage\":\"fr-FR\",\"@id\":\"https:\/\/www.mydemenageur.com\/blog\/#\/schema\/logo\/image\/\",\"url\":\"https:\/\/www.mydemenageur.com\/blog\/wp-content\/uploads\/2022\/05\/MyDemenageur_Symbol.jpg\",\"contentUrl\":\"https:\/\/www.mydemenageur.com\/blog\/wp-content\/uploads\/2022\/05\/MyDemenageur_Symbol.jpg\",\"width\":878,\"height\":877,\"caption\":\"MyDemenageur.com\"},\"image\":{\"@id\":\"https:\/\/www.mydemenageur.com\/blog\/#\/schema\/logo\/image\/\"},\"sameAs\":[\"https:\/\/www.facebook.com\/mydemenageur\",\"https:\/\/x.com\/mydemenageur\",\"https:\/\/www.pinterest.fr\/mydemenageur\/\"]},{\"@type\":\"Person\",\"@id\":\"https:\/\/www.mydemenageur.com\/blog\/#\/schema\/person\/a5c62c5299ab308b8bdd1e106f3b71d6\",\"name\":\"xavier\",\"image\":{\"@type\":\"ImageObject\",\"inLanguage\":\"fr-FR\",\"@id\":\"https:\/\/www.mydemenageur.com\/blog\/#\/schema\/person\/image\/\",\"url\":\"https:\/\/www.mydemenageur.com\/blog\/wp-content\/uploads\/letter-avatar\/d667a3da826ce784ef60b73d91ec9752.svg\",\"contentUrl\":\"https:\/\/www.mydemenageur.com\/blog\/wp-content\/uploads\/letter-avatar\/d667a3da826ce784ef60b73d91ec9752.svg\",\"caption\":\"xavier\"},\"description\":\"La d\u00e9coration est une passion depuis tr\u00e8s jeune. J\u2019ai toujours ador\u00e9 associer les couleurs, les objets pour sublimer un salon, une cuisine pour rendre ma d\u00e9coration d'int\u00e9rieure la plus sympa possible. D\u00e9couvrez ici mes id\u00e9es mais aussi les actualit\u00e9s autour du monde de la d\u00e9coration et de la maison, du d\u00e9m\u00e9nagement, des travaux !\",\"sameAs\":[\"https:\/\/fr-fr.facebook.com\/mydemenageur\/\",\"https:\/\/www.instagram.com\/mydemenageur\/\",\"https:\/\/www.linkedin.com\/in\/xavier-delahaye\/\",\"https:\/\/x.com\/@VieuxGrizou\",\"https:\/\/www.youtube.com\/channel\/UCXLzXq9rfED1LRRZQB2bQNg\",\"MyDemenageur\"],\"url\":\"https:\/\/www.mydemenageur.com\/blog\/author\/vieux_grizou\/\"}]}<\/script>\n<!-- \/ Yoast SEO Premium plugin. -->","yoast_head_json":{"title":"Le soleil arrive : nos conseils pour am\u00e9nager une cuisine d'\u00e9t\u00e9","description":"%","robots":{"index":"index","follow":"follow","max-snippet":"max-snippet:-1","max-image-preview":"max-image-preview:large","max-video-preview":"max-video-preview:-1"},"canonical":"https:\/\/www.mydemenageur.com\/blog\/le-soleil-arrive-nos-conseils-pour-amenager-une-cuisine-dete\/","og_locale":"fr_FR","og_type":"article","og_title":"Le soleil arrive : nos conseils pour am\u00e9nager une cuisine d'\u00e9t\u00e9","og_description":"%","og_url":"https:\/\/www.mydemenageur.com\/blog\/le-soleil-arrive-nos-conseils-pour-amenager-une-cuisine-dete\/","og_site_name":"MyDemenageur","article_publisher":"https:\/\/www.facebook.com\/mydemenageur","article_author":"https:\/\/fr-fr.facebook.com\/mydemenageur\/","article_published_time":"2022-06-20T14:00:49+00:00","article_modified_time":"2024-09-15T12:23:18+00:00","og_image":[{"width":1200,"height":800,"url":"https:\/\/www.mydemenageur.com\/blog\/wp-content\/uploads\/2022\/06\/Sans-titre-2022-06-20T154702.822.jpg","type":"image\/jpeg"}],"author":"xavier","twitter_card":"summary_large_image","twitter_creator":"@VieuxGrizou","twitter_site":"@mydemenageur","twitter_misc":{"\u00c9crit par":"xavier","Dur\u00e9e de lecture estim\u00e9e":"5 minutes"},"schema":{"@context":"https:\/\/schema.org","@graph":[{"@type":"Article","@id":"https:\/\/www.mydemenageur.com\/blog\/le-soleil-arrive-nos-conseils-pour-amenager-une-cuisine-dete\/#article","isPartOf":{"@id":"https:\/\/www.mydemenageur.com\/blog\/le-soleil-arrive-nos-conseils-pour-amenager-une-cuisine-dete\/"},"author":{"name":"xavier","@id":"https:\/\/www.mydemenageur.com\/blog\/#\/schema\/person\/a5c62c5299ab308b8bdd1e106f3b71d6"},"headline":"Le soleil arrive : nos conseils pour am\u00e9nager une cuisine d&rsquo;\u00e9t\u00e9","datePublished":"2022-06-20T14:00:49+00:00","dateModified":"2024-09-15T12:23:18+00:00","mainEntityOfPage":{"@id":"https:\/\/www.mydemenageur.com\/blog\/le-soleil-arrive-nos-conseils-pour-amenager-une-cuisine-dete\/"},"wordCount":896,"publisher":{"@id":"https:\/\/www.mydemenageur.com\/blog\/#organization"},"image":{"@id":"https:\/\/www.mydemenageur.com\/blog\/le-soleil-arrive-nos-conseils-pour-amenager-une-cuisine-dete\/#primaryimage"},"thumbnailUrl":"https:\/\/www.mydemenageur.com\/blog\/wp-content\/uploads\/2022\/06\/Sans-titre-2022-06-20T154702.822.jpg","articleSection":["Actualit\u00e9"],"inLanguage":"fr-FR"},{"@type":"WebPage","@id":"https:\/\/www.mydemenageur.com\/blog\/le-soleil-arrive-nos-conseils-pour-amenager-une-cuisine-dete\/","url":"https:\/\/www.mydemenageur.com\/blog\/le-soleil-arrive-nos-conseils-pour-amenager-une-cuisine-dete\/","name":"Le soleil arrive : nos conseils pour am\u00e9nager une cuisine d'\u00e9t\u00e9","isPartOf":{"@id":"https:\/\/www.mydemenageur.com\/blog\/#website"},"primaryImageOfPage":{"@id":"https:\/\/www.mydemenageur.com\/blog\/le-soleil-arrive-nos-conseils-pour-amenager-une-cuisine-dete\/#primaryimage"},"image":{"@id":"https:\/\/www.mydemenageur.com\/blog\/le-soleil-arrive-nos-conseils-pour-amenager-une-cuisine-dete\/#primaryimage"},"thumbnailUrl":"https:\/\/www.mydemenageur.com\/blog\/wp-content\/uploads\/2022\/06\/Sans-titre-2022-06-20T154702.822.jpg","datePublished":"2022-06-20T14:00:49+00:00","dateModified":"2024-09-15T12:23:18+00:00","description":"%","breadcrumb":{"@id":"https:\/\/www.mydemenageur.com\/blog\/le-soleil-arrive-nos-conseils-pour-amenager-une-cuisine-dete\/#breadcrumb"},"inLanguage":"fr-FR","potentialAction":[{"@type":"ReadAction","target":["https:\/\/www.mydemenageur.com\/blog\/le-soleil-arrive-nos-conseils-pour-amenager-une-cuisine-dete\/"]}]},{"@type":"ImageObject","inLanguage":"fr-FR","@id":"https:\/\/www.mydemenageur.com\/blog\/le-soleil-arrive-nos-conseils-pour-amenager-une-cuisine-dete\/#primaryimage","url":"https:\/\/www.mydemenageur.com\/blog\/wp-content\/uploads\/2022\/06\/Sans-titre-2022-06-20T154702.822.jpg","contentUrl":"https:\/\/www.mydemenageur.com\/blog\/wp-content\/uploads\/2022\/06\/Sans-titre-2022-06-20T154702.822.jpg","width":1200,"height":800,"caption":"Le soleil arrive : nos conseils pour am\u00e9nager une cuisine d'\u00e9t\u00e9"},{"@type":"BreadcrumbList","@id":"https:\/\/www.mydemenageur.com\/blog\/le-soleil-arrive-nos-conseils-pour-amenager-une-cuisine-dete\/#breadcrumb","itemListElement":[{"@type":"ListItem","position":1,"name":"Accueil","item":"https:\/\/www.mydemenageur.com\/blog\/"},{"@type":"ListItem","position":2,"name":"Actualit\u00e9","item":"https:\/\/www.mydemenageur.com\/blog\/categorie\/actualite\/"},{"@type":"ListItem","position":3,"name":"Le soleil arrive : nos conseils pour am\u00e9nager une cuisine d&rsquo;\u00e9t\u00e9"}]},{"@type":"WebSite","@id":"https:\/\/www.mydemenageur.com\/blog\/#website","url":"https:\/\/www.mydemenageur.com\/blog\/","name":"MyDemenageur","description":"Conseils d\u00e9m\u00e9ngement entre particuliers et d\u00e9m\u00e9nagement professionnel","publisher":{"@id":"https:\/\/www.mydemenageur.com\/blog\/#organization"},"potentialAction":[{"@type":"SearchAction","target":{"@type":"EntryPoint","urlTemplate":"https:\/\/www.mydemenageur.com\/blog\/?s={search_term_string}"},"query-input":{"@type":"PropertyValueSpecification","valueRequired":true,"valueName":"search_term_string"}}],"inLanguage":"fr-FR"},{"@type":"Organization","@id":"https:\/\/www.mydemenageur.com\/blog\/#organization","name":"MyDemenageur.com","url":"https:\/\/www.mydemenageur.com\/blog\/","logo":{"@type":"ImageObject","inLanguage":"fr-FR","@id":"https:\/\/www.mydemenageur.com\/blog\/#\/schema\/logo\/image\/","url":"https:\/\/www.mydemenageur.com\/blog\/wp-content\/uploads\/2022\/05\/MyDemenageur_Symbol.jpg","contentUrl":"https:\/\/www.mydemenageur.com\/blog\/wp-content\/uploads\/2022\/05\/MyDemenageur_Symbol.jpg","width":878,"height":877,"caption":"MyDemenageur.com"},"image":{"@id":"https:\/\/www.mydemenageur.com\/blog\/#\/schema\/logo\/image\/"},"sameAs":["https:\/\/www.facebook.com\/mydemenageur","https:\/\/x.com\/mydemenageur","https:\/\/www.pinterest.fr\/mydemenageur\/"]},{"@type":"Person","@id":"https:\/\/www.mydemenageur.com\/blog\/#\/schema\/person\/a5c62c5299ab308b8bdd1e106f3b71d6","name":"xavier","image":{"@type":"ImageObject","inLanguage":"fr-FR","@id":"https:\/\/www.mydemenageur.com\/blog\/#\/schema\/person\/image\/","url":"https:\/\/www.mydemenageur.com\/blog\/wp-content\/uploads\/letter-avatar\/d667a3da826ce784ef60b73d91ec9752.svg","contentUrl":"https:\/\/www.mydemenageur.com\/blog\/wp-content\/uploads\/letter-avatar\/d667a3da826ce784ef60b73d91ec9752.svg","caption":"xavier"},"description":"La d\u00e9coration est une passion depuis tr\u00e8s jeune. J\u2019ai toujours ador\u00e9 associer les couleurs, les objets pour sublimer un salon, une cuisine pour rendre ma d\u00e9coration d'int\u00e9rieure la plus sympa possible. D\u00e9couvrez ici mes id\u00e9es mais aussi les actualit\u00e9s autour du monde de la d\u00e9coration et de la maison, du d\u00e9m\u00e9nagement, des travaux !","sameAs":["https:\/\/fr-fr.facebook.com\/mydemenageur\/","https:\/\/www.instagram.com\/mydemenageur\/","https:\/\/www.linkedin.com\/in\/xavier-delahaye\/","https:\/\/x.com\/@VieuxGrizou","https:\/\/www.youtube.com\/channel\/UCXLzXq9rfED1LRRZQB2bQNg","MyDemenageur"],"url":"https:\/\/www.mydemenageur.com\/blog\/author\/vieux_grizou\/"}]}},"modified_by":"MyDemenageur","_links":{"self":[{"href":"https:\/\/www.mydemenageur.com\/blog\/wp-json\/wp\/v2\/posts\/29306"}],"collection":[{"href":"https:\/\/www.mydemenageur.com\/blog\/wp-json\/wp\/v2\/posts"}],"about":[{"href":"https:\/\/www.mydemenageur.com\/blog\/wp-json\/wp\/v2\/types\/post"}],"author":[{"embeddable":true,"href":"https:\/\/www.mydemenageur.com\/blog\/wp-json\/wp\/v2\/users\/9"}],"replies":[{"embeddable":true,"href":"https:\/\/www.mydemenageur.com\/blog\/wp-json\/wp\/v2\/comments?post=29306"}],"version-history":[{"count":0,"href":"https:\/\/www.mydemenageur.com\/blog\/wp-json\/wp\/v2\/posts\/29306\/revisions"}],"wp:featuredmedia":[{"embeddable":true,"href":"https:\/\/www.mydemenageur.com\/blog\/wp-json\/wp\/v2\/media\/29308"}],"wp:attachment":[{"href":"https:\/\/www.mydemenageur.com\/blog\/wp-json\/wp\/v2\/media?parent=29306"}],"wp:term":[{"taxonomy":"category","embeddable":true,"href":"https:\/\/www.mydemenageur.com\/blog\/wp-json\/wp\/v2\/categories?post=29306"},{"taxonomy":"post_tag","embeddable":true,"href":"https:\/\/www.mydemenageur.com\/blog\/wp-json\/wp\/v2\/tags?post=29306"}],"curies":[{"name":"wp","href":"https:\/\/api.w.org\/{rel}","templated":true}]}}