{"id":29318,"date":"2022-06-20T15:28:25","date_gmt":"2022-06-20T15:28:25","guid":{"rendered":"https:\/\/www.mydemenageur.com\/blog\/?p=29318"},"modified":"2024-09-15T14:18:37","modified_gmt":"2024-09-15T12:18:37","slug":"comment-choisir-sa-table-a-manger-matiere-forme-couleur-on-vous-dit-tout","status":"publish","type":"post","link":"https:\/\/www.mydemenageur.com\/blog\/comment-choisir-sa-table-a-manger-matiere-forme-couleur-on-vous-dit-tout\/","title":{"rendered":"Comment choisir sa table \u00e0 manger : mati\u00e8re, forme, couleur&#8230; on vous dit tout !"},"content":{"rendered":"<p>Vous souhaitez faire quelques petits changements de d\u00e9co ? Vous pr\u00e9voyez sans doute d\u2019effectuer quelques travaux, ce qui implique l\u2019achat d\u2019un nouveau mobilier. Vous voulez changer votre salle \u00e0 manger peut-\u00eatre ? Mais, comment faire pour bien choisir ? Ce qui est s\u00fbr, ce n&rsquo;est que cela ne se choisit pas par hasard. Surtout s\u2019il s\u2019agit de votre table \u00e0 manger. Il faut prendre en compte de nombreux crit\u00e8res, tels que la couleur, la mati\u00e8re ou encore les dimensions. D\u00e9couvrez \u00e0 travers cet article, toutes les astuces pour bien choisir votre table \u00e0 manger.<\/p>\n<div id=\"ez-toc-container\" class=\"ez-toc-v2_0_82_2 counter-hierarchy ez-toc-counter ez-toc-custom ez-toc-container-direction\">\n<div class=\"ez-toc-title-container\">\n<p class=\"ez-toc-title\" style=\"cursor:inherit\">Ce que vous allez apprendre<\/p>\n<span class=\"ez-toc-title-toggle\"><\/span><\/div>\n<nav><ul class='ez-toc-list ez-toc-list-level-1 ' ><li class='ez-toc-page-1 ez-toc-heading-level-2'><a class=\"ez-toc-link ez-toc-heading-1\" href=\"https:\/\/www.mydemenageur.com\/blog\/comment-choisir-sa-table-a-manger-matiere-forme-couleur-on-vous-dit-tout\/#choisir-sa-table-a-manger-avec-les-bonnes-dimensions\" >Choisir sa table \u00e0 manger avec les bonnes dimensions<\/a><\/li><li class='ez-toc-page-1 ez-toc-heading-level-2'><a class=\"ez-toc-link ez-toc-heading-2\" href=\"https:\/\/www.mydemenageur.com\/blog\/comment-choisir-sa-table-a-manger-matiere-forme-couleur-on-vous-dit-tout\/#a-quel-endroit-installer-votre-table-a-manger\" >\u00c0 quel endroit installer votre table \u00e0 manger ?<\/a><\/li><li class='ez-toc-page-1 ez-toc-heading-level-2'><a class=\"ez-toc-link ez-toc-heading-3\" href=\"https:\/\/www.mydemenageur.com\/blog\/comment-choisir-sa-table-a-manger-matiere-forme-couleur-on-vous-dit-tout\/#quelle-forme-choisir\" >Quelle forme choisir ?<\/a><\/li><li class='ez-toc-page-1 ez-toc-heading-level-2'><a class=\"ez-toc-link ez-toc-heading-4\" href=\"https:\/\/www.mydemenageur.com\/blog\/comment-choisir-sa-table-a-manger-matiere-forme-couleur-on-vous-dit-tout\/#quelle-matiere-choisir-pour-votre-table-a-manger\" >Quelle mati\u00e8re choisir pour votre table \u00e0 manger ?<\/a><\/li><\/ul><\/nav><\/div>\n<h2><span class=\"ez-toc-section\" id=\"choisir-sa-table-a-manger-avec-les-bonnes-dimensions\"><\/span>Choisir sa table \u00e0 manger avec les bonnes dimensions<span class=\"ez-toc-section-end\"><\/span><\/h2>\n<p>Il s\u2019agit d\u2019un des crit\u00e8res les plus importants qu\u2019il ne faut pas n\u00e9gliger : <b>les dimensions<\/b>. Si vous souhaitez acheter<a href=\"https:\/\/www.mydemenageur.com\/blog\/ne-jetez-plus-astuces-pour-renover-facilement-une-table-en-bois\/\"> une nouvelle table \u00e0 manger<\/a>, il va falloir r\u00e9fl\u00e9chir \u00e0 certains points importants avant de vous lancer dans cet achat. Tout d\u2019abord, il faut voir l\u2019espace qui est disponible. Il va falloir pr\u00e9voir le nombre de personnes qui viendront \u00e0 cette table. Notre petite astuce, pour ne rien laisser au hasard : prenez un petit carnet sur lequel vous allez pouvoir noter toutes vos id\u00e9es. Cela vous aidera \u00e0 y voir plus clair et \u00e0 ne rien oublier.<\/p>\n<p>Ainsi, <b>pensez au nombre de personnes qui pourront manger autour de cette table<\/b>. Les premi\u00e8res personnes concern\u00e9es sont les personnes de votre famille. Il faudra ensuite penser aux invit\u00e9s. Est-ce que vous recevez souvent des amis \u00e0 la maison ? Posez-vous les bonnes questions pour essayer de pr\u00e9voir une surface assez grande. Une fois que la question du nombre de personnes sera d\u00e9finie, il faudra vous pencher sur <b>la place disponible<\/b> dans votre salon ou votre cuisine.<\/p>\n<p>De quel espace disposez-vous ? C\u2019est la question que vous devez vous poser. C\u2019est important, de vous le demander. Imaginez, avoir un coup de c\u0153ur \u00e0 Ikea, sur un joli mod\u00e8le scandinave. Une fois chez vous, vous vous apercevez que ce mod\u00e8le-l\u00e0 est trop petit ou trop grand pour votre pi\u00e8ce. Ce serait dommage ! Alors ne prenez pas votre temps et ne vous pr\u00e9cipitez pas. Notre conseil pour vous aider dans votre choix : si vous avez une petite pi\u00e8ce, nous vous conseillons d\u2019acheter une <b>table carr\u00e9e<\/b>. Ce type de forme vous permettra d\u2019<b>accueillir 4 personnes<\/b>. Pensez \u00e9galement \u00e0 laisser un espace libre, pour que vous puissiez circuler autour de votre table.<\/p>\n<h2><span class=\"ez-toc-section\" id=\"a-quel-endroit-installer-votre-table-a-manger\"><\/span>\u00c0 quel endroit installer votre table \u00e0 manger ?<span class=\"ez-toc-section-end\"><\/span><\/h2>\n<p>L\u2019endroit est \u00e9galement important. Vous n\u2019allez pas installer ce meuble n\u2019importe o\u00f9. Il va donc falloir faire le bon choix. <b>Si votre table est ronde<\/b>, vous n\u2019allez pas la placer dans un coin de votre pi\u00e8ce, mais plut\u00f4t au milieu. Si vous voulez que cette derni\u00e8re soit \u00e0 tout prix dans un coin, il faudra que cette derni\u00e8re soit carr\u00e9e. En parlant de carr\u00e9 et de rond, il faudra \u00e9galement penser \u00e0 la forme de votre table.<\/p>\n<h2><span class=\"ez-toc-section\" id=\"quelle-forme-choisir\"><\/span>Quelle forme choisir ?<span class=\"ez-toc-section-end\"><\/span><\/h2>\n<p>Entre vos go\u00fbts et ce qui est le plus pratique, comment faire le bon choix ? Sachez-en tout cas que vous avez l\u2019embarras du choix entre table :<\/p>\n<ul>\n<li>ronde<\/li>\n<li>rectangulaire<\/li>\n<li>ovale<\/li>\n<li>carr\u00e9e<\/li>\n<\/ul>\n<p>L\u2019essentiel est de comprendre ce qui ira le mieux avec votre pi\u00e8ce. Pour vous aider nous avons fait un petit guide. Si vous optez pour <b>une table rectangulaire<\/b>, il faut savoir que ce type de table est tr\u00e8s <b>pratique<\/b> et tr\u00e8s <b>fonctionnel<\/b>. Cette forme convient en g\u00e9n\u00e9ral \u00e0 tous les espaces.<\/p>\n<p>Si vous optez pour une forme carr\u00e9e, ne comptez pas faire un diner de 6 personnes. Souvent, ce type de table peut accueillir 2 \u00e0 4 personnes. En revanche, <b>la forme ronde est connue pour \u00eatre conviviale<\/b>. Elle pourra accueillir plus de personnes. La dimension id\u00e9ale que l\u2019on vous conseille est de 120 cm. En ce qui concerne les tables <b>ovales<\/b>, elles sont un compromis entre la table carr\u00e9e et la table ronde. Elle apporte une petite touche de design. C\u2019est \u00e0 vous de voir en fonction de votre style et votre int\u00e9rieur.<\/p>\n<h2><span class=\"ez-toc-section\" id=\"quelle-matiere-choisir-pour-votre-table-a-manger\"><\/span>Quelle mati\u00e8re choisir pour votre table \u00e0 manger ?<span class=\"ez-toc-section-end\"><\/span><\/h2>\n<p>On en vient enfin \u00e0 la mati\u00e8re. C\u2019est aussi un crit\u00e8re important. Une fois que vous aurez bien pris en compte les dimensions, vous pourrez vous pencher sur le choix du mat\u00e9riel. Sachez qu\u2019il existe diff\u00e9rentes mati\u00e8res telles que le bois, le verre, le marbre\u2026<\/p>\n<p>Si vous optez pour <b>une table en bois<\/b>, sachez que vous aurez fait le meilleur choix. Il s\u2019agit d\u2019un mat\u00e9riel <b>robuste et solide<\/b>. En plus d\u2019\u00eatre pratique, c\u2019est un mat\u00e9riau noble qui apporte du caract\u00e8re \u00e0 la d\u00e9co. Pour son entretien, nous vous conseillons de l\u2019entretenir assez souvent. Vous pouvez utiliser des couches de vernis pour le prot\u00e9ger.<\/p>\n<p>Si le bois ne vous tente pas, vous pouvez vous laisser tenter par <b>le verre<\/b>. C\u2019est un classique, on en voit presque partout des tables en verre. Le verre est connu pour \u00eatre <b>raffin\u00e9<\/b>, il pourra apporter une note de sophistication \u00e0 votre salle \u00e0 manger.<\/p>\n","protected":false},"excerpt":{"rendered":"<p>Vous souhaitez faire quelques petits changements de d\u00e9co ? Vous pr\u00e9voyez sans doute d\u2019effectuer quelques travaux, ce qui implique l\u2019achat<\/p>\n","protected":false},"author":9,"featured_media":29319,"comment_status":"closed","ping_status":"closed","sticky":false,"template":"","format":"standard","meta":{"_lmt_disableupdate":"no","_lmt_disable":"no","footnotes":""},"categories":[127],"tags":[],"yoast_head":"<!-- This site is optimized with the Yoast SEO Premium plugin v24.2 (Yoast SEO v24.5) - https:\/\/yoast.com\/wordpress\/plugins\/seo\/ -->\n<title>Comment choisir sa table \u00e0 manger : mati\u00e8re, forme, couleur... on vous dit tout !<\/title>\n<meta name=\"description\" content=\"%\" \/>\n<meta name=\"robots\" content=\"index, follow, max-snippet:-1, max-image-preview:large, max-video-preview:-1\" \/>\n<link rel=\"canonical\" href=\"https:\/\/www.mydemenageur.com\/blog\/comment-choisir-sa-table-a-manger-matiere-forme-couleur-on-vous-dit-tout\/\" \/>\n<meta property=\"og:locale\" content=\"fr_FR\" \/>\n<meta property=\"og:type\" content=\"article\" \/>\n<meta property=\"og:title\" content=\"Comment choisir sa table \u00e0 manger : mati\u00e8re, forme, couleur... on vous dit tout !\" \/>\n<meta property=\"og:description\" content=\"%\" \/>\n<meta property=\"og:url\" content=\"https:\/\/www.mydemenageur.com\/blog\/comment-choisir-sa-table-a-manger-matiere-forme-couleur-on-vous-dit-tout\/\" \/>\n<meta property=\"og:site_name\" content=\"MyDemenageur\" \/>\n<meta property=\"article:publisher\" content=\"https:\/\/www.facebook.com\/mydemenageur\" \/>\n<meta property=\"article:author\" content=\"https:\/\/fr-fr.facebook.com\/mydemenageur\/\" \/>\n<meta property=\"article:published_time\" content=\"2022-06-20T15:28:25+00:00\" \/>\n<meta property=\"article:modified_time\" content=\"2024-09-15T12:18:37+00:00\" \/>\n<meta property=\"og:image\" content=\"https:\/\/www.mydemenageur.com\/blog\/wp-content\/uploads\/2022\/06\/Sans-titre-2022-06-20T172613.404.jpg\" \/>\n\t<meta property=\"og:image:width\" content=\"1200\" \/>\n\t<meta property=\"og:image:height\" content=\"800\" \/>\n\t<meta property=\"og:image:type\" content=\"image\/jpeg\" \/>\n<meta name=\"author\" content=\"xavier\" \/>\n<meta name=\"twitter:card\" content=\"summary_large_image\" \/>\n<meta name=\"twitter:creator\" content=\"@VieuxGrizou\" \/>\n<meta name=\"twitter:site\" content=\"@mydemenageur\" \/>\n<meta name=\"twitter:label1\" content=\"\u00c9crit par\" \/>\n\t<meta name=\"twitter:data1\" content=\"xavier\" \/>\n\t<meta name=\"twitter:label2\" content=\"Dur\u00e9e de lecture estim\u00e9e\" \/>\n\t<meta name=\"twitter:data2\" content=\"5 minutes\" \/>\n<script type=\"application\/ld+json\" class=\"yoast-schema-graph\">{\"@context\":\"https:\/\/schema.org\",\"@graph\":[{\"@type\":\"Article\",\"@id\":\"https:\/\/www.mydemenageur.com\/blog\/comment-choisir-sa-table-a-manger-matiere-forme-couleur-on-vous-dit-tout\/#article\",\"isPartOf\":{\"@id\":\"https:\/\/www.mydemenageur.com\/blog\/comment-choisir-sa-table-a-manger-matiere-forme-couleur-on-vous-dit-tout\/\"},\"author\":{\"name\":\"xavier\",\"@id\":\"https:\/\/www.mydemenageur.com\/blog\/#\/schema\/person\/a5c62c5299ab308b8bdd1e106f3b71d6\"},\"headline\":\"Comment choisir sa table \u00e0 manger : mati\u00e8re, forme, couleur&#8230; on vous dit tout !\",\"datePublished\":\"2022-06-20T15:28:25+00:00\",\"dateModified\":\"2024-09-15T12:18:37+00:00\",\"mainEntityOfPage\":{\"@id\":\"https:\/\/www.mydemenageur.com\/blog\/comment-choisir-sa-table-a-manger-matiere-forme-couleur-on-vous-dit-tout\/\"},\"wordCount\":867,\"publisher\":{\"@id\":\"https:\/\/www.mydemenageur.com\/blog\/#organization\"},\"image\":{\"@id\":\"https:\/\/www.mydemenageur.com\/blog\/comment-choisir-sa-table-a-manger-matiere-forme-couleur-on-vous-dit-tout\/#primaryimage\"},\"thumbnailUrl\":\"https:\/\/www.mydemenageur.com\/blog\/wp-content\/uploads\/2022\/06\/Sans-titre-2022-06-20T172613.404.jpg\",\"articleSection\":[\"Actualit\u00e9\"],\"inLanguage\":\"fr-FR\"},{\"@type\":\"WebPage\",\"@id\":\"https:\/\/www.mydemenageur.com\/blog\/comment-choisir-sa-table-a-manger-matiere-forme-couleur-on-vous-dit-tout\/\",\"url\":\"https:\/\/www.mydemenageur.com\/blog\/comment-choisir-sa-table-a-manger-matiere-forme-couleur-on-vous-dit-tout\/\",\"name\":\"Comment choisir sa table \u00e0 manger : mati\u00e8re, forme, couleur... on vous dit tout !\",\"isPartOf\":{\"@id\":\"https:\/\/www.mydemenageur.com\/blog\/#website\"},\"primaryImageOfPage\":{\"@id\":\"https:\/\/www.mydemenageur.com\/blog\/comment-choisir-sa-table-a-manger-matiere-forme-couleur-on-vous-dit-tout\/#primaryimage\"},\"image\":{\"@id\":\"https:\/\/www.mydemenageur.com\/blog\/comment-choisir-sa-table-a-manger-matiere-forme-couleur-on-vous-dit-tout\/#primaryimage\"},\"thumbnailUrl\":\"https:\/\/www.mydemenageur.com\/blog\/wp-content\/uploads\/2022\/06\/Sans-titre-2022-06-20T172613.404.jpg\",\"datePublished\":\"2022-06-20T15:28:25+00:00\",\"dateModified\":\"2024-09-15T12:18:37+00:00\",\"description\":\"%\",\"breadcrumb\":{\"@id\":\"https:\/\/www.mydemenageur.com\/blog\/comment-choisir-sa-table-a-manger-matiere-forme-couleur-on-vous-dit-tout\/#breadcrumb\"},\"inLanguage\":\"fr-FR\",\"potentialAction\":[{\"@type\":\"ReadAction\",\"target\":[\"https:\/\/www.mydemenageur.com\/blog\/comment-choisir-sa-table-a-manger-matiere-forme-couleur-on-vous-dit-tout\/\"]}]},{\"@type\":\"ImageObject\",\"inLanguage\":\"fr-FR\",\"@id\":\"https:\/\/www.mydemenageur.com\/blog\/comment-choisir-sa-table-a-manger-matiere-forme-couleur-on-vous-dit-tout\/#primaryimage\",\"url\":\"https:\/\/www.mydemenageur.com\/blog\/wp-content\/uploads\/2022\/06\/Sans-titre-2022-06-20T172613.404.jpg\",\"contentUrl\":\"https:\/\/www.mydemenageur.com\/blog\/wp-content\/uploads\/2022\/06\/Sans-titre-2022-06-20T172613.404.jpg\",\"width\":1200,\"height\":800,\"caption\":\"Comment choisir sa table \u00e0 manger : mati\u00e8re, forme, couleur... on vous dit tout !\"},{\"@type\":\"BreadcrumbList\",\"@id\":\"https:\/\/www.mydemenageur.com\/blog\/comment-choisir-sa-table-a-manger-matiere-forme-couleur-on-vous-dit-tout\/#breadcrumb\",\"itemListElement\":[{\"@type\":\"ListItem\",\"position\":1,\"name\":\"Accueil\",\"item\":\"https:\/\/www.mydemenageur.com\/blog\/\"},{\"@type\":\"ListItem\",\"position\":2,\"name\":\"Actualit\u00e9\",\"item\":\"https:\/\/www.mydemenageur.com\/blog\/categorie\/actualite\/\"},{\"@type\":\"ListItem\",\"position\":3,\"name\":\"Comment choisir sa table \u00e0 manger : mati\u00e8re, forme, couleur&#8230; on vous dit tout !\"}]},{\"@type\":\"WebSite\",\"@id\":\"https:\/\/www.mydemenageur.com\/blog\/#website\",\"url\":\"https:\/\/www.mydemenageur.com\/blog\/\",\"name\":\"MyDemenageur\",\"description\":\"Conseils d\u00e9m\u00e9ngement entre particuliers et d\u00e9m\u00e9nagement professionnel\",\"publisher\":{\"@id\":\"https:\/\/www.mydemenageur.com\/blog\/#organization\"},\"potentialAction\":[{\"@type\":\"SearchAction\",\"target\":{\"@type\":\"EntryPoint\",\"urlTemplate\":\"https:\/\/www.mydemenageur.com\/blog\/?s={search_term_string}\"},\"query-input\":{\"@type\":\"PropertyValueSpecification\",\"valueRequired\":true,\"valueName\":\"search_term_string\"}}],\"inLanguage\":\"fr-FR\"},{\"@type\":\"Organization\",\"@id\":\"https:\/\/www.mydemenageur.com\/blog\/#organization\",\"name\":\"MyDemenageur.com\",\"url\":\"https:\/\/www.mydemenageur.com\/blog\/\",\"logo\":{\"@type\":\"ImageObject\",\"inLanguage\":\"fr-FR\",\"@id\":\"https:\/\/www.mydemenageur.com\/blog\/#\/schema\/logo\/image\/\",\"url\":\"https:\/\/www.mydemenageur.com\/blog\/wp-content\/uploads\/2022\/05\/MyDemenageur_Symbol.jpg\",\"contentUrl\":\"https:\/\/www.mydemenageur.com\/blog\/wp-content\/uploads\/2022\/05\/MyDemenageur_Symbol.jpg\",\"width\":878,\"height\":877,\"caption\":\"MyDemenageur.com\"},\"image\":{\"@id\":\"https:\/\/www.mydemenageur.com\/blog\/#\/schema\/logo\/image\/\"},\"sameAs\":[\"https:\/\/www.facebook.com\/mydemenageur\",\"https:\/\/x.com\/mydemenageur\",\"https:\/\/www.pinterest.fr\/mydemenageur\/\"]},{\"@type\":\"Person\",\"@id\":\"https:\/\/www.mydemenageur.com\/blog\/#\/schema\/person\/a5c62c5299ab308b8bdd1e106f3b71d6\",\"name\":\"xavier\",\"image\":{\"@type\":\"ImageObject\",\"inLanguage\":\"fr-FR\",\"@id\":\"https:\/\/www.mydemenageur.com\/blog\/#\/schema\/person\/image\/\",\"url\":\"https:\/\/www.mydemenageur.com\/blog\/wp-content\/uploads\/letter-avatar\/d667a3da826ce784ef60b73d91ec9752.svg\",\"contentUrl\":\"https:\/\/www.mydemenageur.com\/blog\/wp-content\/uploads\/letter-avatar\/d667a3da826ce784ef60b73d91ec9752.svg\",\"caption\":\"xavier\"},\"description\":\"La d\u00e9coration est une passion depuis tr\u00e8s jeune. J\u2019ai toujours ador\u00e9 associer les couleurs, les objets pour sublimer un salon, une cuisine pour rendre ma d\u00e9coration d'int\u00e9rieure la plus sympa possible. D\u00e9couvrez ici mes id\u00e9es mais aussi les actualit\u00e9s autour du monde de la d\u00e9coration et de la maison, du d\u00e9m\u00e9nagement, des travaux !\",\"sameAs\":[\"https:\/\/fr-fr.facebook.com\/mydemenageur\/\",\"https:\/\/www.instagram.com\/mydemenageur\/\",\"https:\/\/www.linkedin.com\/in\/xavier-delahaye\/\",\"https:\/\/x.com\/@VieuxGrizou\",\"https:\/\/www.youtube.com\/channel\/UCXLzXq9rfED1LRRZQB2bQNg\",\"MyDemenageur\"],\"url\":\"https:\/\/www.mydemenageur.com\/blog\/author\/vieux_grizou\/\"}]}<\/script>\n<!-- \/ Yoast SEO Premium plugin. -->","yoast_head_json":{"title":"Comment choisir sa table \u00e0 manger : mati\u00e8re, forme, couleur... on vous dit tout !","description":"%","robots":{"index":"index","follow":"follow","max-snippet":"max-snippet:-1","max-image-preview":"max-image-preview:large","max-video-preview":"max-video-preview:-1"},"canonical":"https:\/\/www.mydemenageur.com\/blog\/comment-choisir-sa-table-a-manger-matiere-forme-couleur-on-vous-dit-tout\/","og_locale":"fr_FR","og_type":"article","og_title":"Comment choisir sa table \u00e0 manger : mati\u00e8re, forme, couleur... on vous dit tout !","og_description":"%","og_url":"https:\/\/www.mydemenageur.com\/blog\/comment-choisir-sa-table-a-manger-matiere-forme-couleur-on-vous-dit-tout\/","og_site_name":"MyDemenageur","article_publisher":"https:\/\/www.facebook.com\/mydemenageur","article_author":"https:\/\/fr-fr.facebook.com\/mydemenageur\/","article_published_time":"2022-06-20T15:28:25+00:00","article_modified_time":"2024-09-15T12:18:37+00:00","og_image":[{"width":1200,"height":800,"url":"https:\/\/www.mydemenageur.com\/blog\/wp-content\/uploads\/2022\/06\/Sans-titre-2022-06-20T172613.404.jpg","type":"image\/jpeg"}],"author":"xavier","twitter_card":"summary_large_image","twitter_creator":"@VieuxGrizou","twitter_site":"@mydemenageur","twitter_misc":{"\u00c9crit par":"xavier","Dur\u00e9e de lecture estim\u00e9e":"5 minutes"},"schema":{"@context":"https:\/\/schema.org","@graph":[{"@type":"Article","@id":"https:\/\/www.mydemenageur.com\/blog\/comment-choisir-sa-table-a-manger-matiere-forme-couleur-on-vous-dit-tout\/#article","isPartOf":{"@id":"https:\/\/www.mydemenageur.com\/blog\/comment-choisir-sa-table-a-manger-matiere-forme-couleur-on-vous-dit-tout\/"},"author":{"name":"xavier","@id":"https:\/\/www.mydemenageur.com\/blog\/#\/schema\/person\/a5c62c5299ab308b8bdd1e106f3b71d6"},"headline":"Comment choisir sa table \u00e0 manger : mati\u00e8re, forme, couleur&#8230; on vous dit tout !","datePublished":"2022-06-20T15:28:25+00:00","dateModified":"2024-09-15T12:18:37+00:00","mainEntityOfPage":{"@id":"https:\/\/www.mydemenageur.com\/blog\/comment-choisir-sa-table-a-manger-matiere-forme-couleur-on-vous-dit-tout\/"},"wordCount":867,"publisher":{"@id":"https:\/\/www.mydemenageur.com\/blog\/#organization"},"image":{"@id":"https:\/\/www.mydemenageur.com\/blog\/comment-choisir-sa-table-a-manger-matiere-forme-couleur-on-vous-dit-tout\/#primaryimage"},"thumbnailUrl":"https:\/\/www.mydemenageur.com\/blog\/wp-content\/uploads\/2022\/06\/Sans-titre-2022-06-20T172613.404.jpg","articleSection":["Actualit\u00e9"],"inLanguage":"fr-FR"},{"@type":"WebPage","@id":"https:\/\/www.mydemenageur.com\/blog\/comment-choisir-sa-table-a-manger-matiere-forme-couleur-on-vous-dit-tout\/","url":"https:\/\/www.mydemenageur.com\/blog\/comment-choisir-sa-table-a-manger-matiere-forme-couleur-on-vous-dit-tout\/","name":"Comment choisir sa table \u00e0 manger : mati\u00e8re, forme, couleur... on vous dit tout !","isPartOf":{"@id":"https:\/\/www.mydemenageur.com\/blog\/#website"},"primaryImageOfPage":{"@id":"https:\/\/www.mydemenageur.com\/blog\/comment-choisir-sa-table-a-manger-matiere-forme-couleur-on-vous-dit-tout\/#primaryimage"},"image":{"@id":"https:\/\/www.mydemenageur.com\/blog\/comment-choisir-sa-table-a-manger-matiere-forme-couleur-on-vous-dit-tout\/#primaryimage"},"thumbnailUrl":"https:\/\/www.mydemenageur.com\/blog\/wp-content\/uploads\/2022\/06\/Sans-titre-2022-06-20T172613.404.jpg","datePublished":"2022-06-20T15:28:25+00:00","dateModified":"2024-09-15T12:18:37+00:00","description":"%","breadcrumb":{"@id":"https:\/\/www.mydemenageur.com\/blog\/comment-choisir-sa-table-a-manger-matiere-forme-couleur-on-vous-dit-tout\/#breadcrumb"},"inLanguage":"fr-FR","potentialAction":[{"@type":"ReadAction","target":["https:\/\/www.mydemenageur.com\/blog\/comment-choisir-sa-table-a-manger-matiere-forme-couleur-on-vous-dit-tout\/"]}]},{"@type":"ImageObject","inLanguage":"fr-FR","@id":"https:\/\/www.mydemenageur.com\/blog\/comment-choisir-sa-table-a-manger-matiere-forme-couleur-on-vous-dit-tout\/#primaryimage","url":"https:\/\/www.mydemenageur.com\/blog\/wp-content\/uploads\/2022\/06\/Sans-titre-2022-06-20T172613.404.jpg","contentUrl":"https:\/\/www.mydemenageur.com\/blog\/wp-content\/uploads\/2022\/06\/Sans-titre-2022-06-20T172613.404.jpg","width":1200,"height":800,"caption":"Comment choisir sa table \u00e0 manger : mati\u00e8re, forme, couleur... on vous dit tout !"},{"@type":"BreadcrumbList","@id":"https:\/\/www.mydemenageur.com\/blog\/comment-choisir-sa-table-a-manger-matiere-forme-couleur-on-vous-dit-tout\/#breadcrumb","itemListElement":[{"@type":"ListItem","position":1,"name":"Accueil","item":"https:\/\/www.mydemenageur.com\/blog\/"},{"@type":"ListItem","position":2,"name":"Actualit\u00e9","item":"https:\/\/www.mydemenageur.com\/blog\/categorie\/actualite\/"},{"@type":"ListItem","position":3,"name":"Comment choisir sa table \u00e0 manger : mati\u00e8re, forme, couleur&#8230; on vous dit tout !"}]},{"@type":"WebSite","@id":"https:\/\/www.mydemenageur.com\/blog\/#website","url":"https:\/\/www.mydemenageur.com\/blog\/","name":"MyDemenageur","description":"Conseils d\u00e9m\u00e9ngement entre particuliers et d\u00e9m\u00e9nagement professionnel","publisher":{"@id":"https:\/\/www.mydemenageur.com\/blog\/#organization"},"potentialAction":[{"@type":"SearchAction","target":{"@type":"EntryPoint","urlTemplate":"https:\/\/www.mydemenageur.com\/blog\/?s={search_term_string}"},"query-input":{"@type":"PropertyValueSpecification","valueRequired":true,"valueName":"search_term_string"}}],"inLanguage":"fr-FR"},{"@type":"Organization","@id":"https:\/\/www.mydemenageur.com\/blog\/#organization","name":"MyDemenageur.com","url":"https:\/\/www.mydemenageur.com\/blog\/","logo":{"@type":"ImageObject","inLanguage":"fr-FR","@id":"https:\/\/www.mydemenageur.com\/blog\/#\/schema\/logo\/image\/","url":"https:\/\/www.mydemenageur.com\/blog\/wp-content\/uploads\/2022\/05\/MyDemenageur_Symbol.jpg","contentUrl":"https:\/\/www.mydemenageur.com\/blog\/wp-content\/uploads\/2022\/05\/MyDemenageur_Symbol.jpg","width":878,"height":877,"caption":"MyDemenageur.com"},"image":{"@id":"https:\/\/www.mydemenageur.com\/blog\/#\/schema\/logo\/image\/"},"sameAs":["https:\/\/www.facebook.com\/mydemenageur","https:\/\/x.com\/mydemenageur","https:\/\/www.pinterest.fr\/mydemenageur\/"]},{"@type":"Person","@id":"https:\/\/www.mydemenageur.com\/blog\/#\/schema\/person\/a5c62c5299ab308b8bdd1e106f3b71d6","name":"xavier","image":{"@type":"ImageObject","inLanguage":"fr-FR","@id":"https:\/\/www.mydemenageur.com\/blog\/#\/schema\/person\/image\/","url":"https:\/\/www.mydemenageur.com\/blog\/wp-content\/uploads\/letter-avatar\/d667a3da826ce784ef60b73d91ec9752.svg","contentUrl":"https:\/\/www.mydemenageur.com\/blog\/wp-content\/uploads\/letter-avatar\/d667a3da826ce784ef60b73d91ec9752.svg","caption":"xavier"},"description":"La d\u00e9coration est une passion depuis tr\u00e8s jeune. J\u2019ai toujours ador\u00e9 associer les couleurs, les objets pour sublimer un salon, une cuisine pour rendre ma d\u00e9coration d'int\u00e9rieure la plus sympa possible. D\u00e9couvrez ici mes id\u00e9es mais aussi les actualit\u00e9s autour du monde de la d\u00e9coration et de la maison, du d\u00e9m\u00e9nagement, des travaux !","sameAs":["https:\/\/fr-fr.facebook.com\/mydemenageur\/","https:\/\/www.instagram.com\/mydemenageur\/","https:\/\/www.linkedin.com\/in\/xavier-delahaye\/","https:\/\/x.com\/@VieuxGrizou","https:\/\/www.youtube.com\/channel\/UCXLzXq9rfED1LRRZQB2bQNg","MyDemenageur"],"url":"https:\/\/www.mydemenageur.com\/blog\/author\/vieux_grizou\/"}]}},"modified_by":"MyDemenageur","_links":{"self":[{"href":"https:\/\/www.mydemenageur.com\/blog\/wp-json\/wp\/v2\/posts\/29318"}],"collection":[{"href":"https:\/\/www.mydemenageur.com\/blog\/wp-json\/wp\/v2\/posts"}],"about":[{"href":"https:\/\/www.mydemenageur.com\/blog\/wp-json\/wp\/v2\/types\/post"}],"author":[{"embeddable":true,"href":"https:\/\/www.mydemenageur.com\/blog\/wp-json\/wp\/v2\/users\/9"}],"replies":[{"embeddable":true,"href":"https:\/\/www.mydemenageur.com\/blog\/wp-json\/wp\/v2\/comments?post=29318"}],"version-history":[{"count":0,"href":"https:\/\/www.mydemenageur.com\/blog\/wp-json\/wp\/v2\/posts\/29318\/revisions"}],"wp:featuredmedia":[{"embeddable":true,"href":"https:\/\/www.mydemenageur.com\/blog\/wp-json\/wp\/v2\/media\/29319"}],"wp:attachment":[{"href":"https:\/\/www.mydemenageur.com\/blog\/wp-json\/wp\/v2\/media?parent=29318"}],"wp:term":[{"taxonomy":"category","embeddable":true,"href":"https:\/\/www.mydemenageur.com\/blog\/wp-json\/wp\/v2\/categories?post=29318"},{"taxonomy":"post_tag","embeddable":true,"href":"https:\/\/www.mydemenageur.com\/blog\/wp-json\/wp\/v2\/tags?post=29318"}],"curies":[{"name":"wp","href":"https:\/\/api.w.org\/{rel}","templated":true}]}}