{"id":29344,"date":"2022-06-20T22:00:38","date_gmt":"2022-06-20T22:00:38","guid":{"rendered":"https:\/\/www.mydemenageur.com\/blog\/?p=29344"},"modified":"2024-09-15T17:49:46","modified_gmt":"2024-09-15T15:49:46","slug":"ambiance-scandinave-comment-desencombrer-son-salon-pour-le-rendre-plus-agreable","status":"publish","type":"post","link":"https:\/\/www.mydemenageur.com\/blog\/ambiance-scandinave-comment-desencombrer-son-salon-pour-le-rendre-plus-agreable\/","title":{"rendered":"Comment d\u00e9sencombrer son salon pour le rendre plus agr\u00e9able"},"content":{"rendered":"<p>On r\u00eave tous d\u2019avoir un salon bien d\u00e9gag\u00e9 avec une d\u00e9coration \u00e9pur\u00e9e, \u00e0 la fois \u00e9l\u00e9gante et fonctionnelle. Parmi les styles les plus pris\u00e9s, le style scandinave se distingue par ses motifs graphiques subtils, ses tons pastel et son ambiance chaleureuse. Popularis\u00e9 par les magazines de d\u00e9co, ce style nordique continue de s\u00e9duire. Mais comment d\u00e9sencombrer votre salon et recr\u00e9er cette atmosph\u00e8re apaisante et lumineuse chez vous ? Dans cet article, nous vous donnons toutes les astuces pour transformer votre salon en un espace inspir\u00e9 du style scandinave.<\/p>\n<div id=\"ez-toc-container\" class=\"ez-toc-v2_0_82_2 counter-hierarchy ez-toc-counter ez-toc-custom ez-toc-container-direction\">\n<div class=\"ez-toc-title-container\">\n<p class=\"ez-toc-title\" style=\"cursor:inherit\">Ce que vous allez apprendre<\/p>\n<span class=\"ez-toc-title-toggle\"><\/span><\/div>\n<nav><ul class='ez-toc-list ez-toc-list-level-1 ' ><li class='ez-toc-page-1 ez-toc-heading-level-2'><a class=\"ez-toc-link ez-toc-heading-1\" href=\"https:\/\/www.mydemenageur.com\/blog\/ambiance-scandinave-comment-desencombrer-son-salon-pour-le-rendre-plus-agreable\/#misez-sur-la-luminosite\" >Misez sur la luminosit\u00e9<\/a><\/li><li class='ez-toc-page-1 ez-toc-heading-level-2'><a class=\"ez-toc-link ez-toc-heading-2\" href=\"https:\/\/www.mydemenageur.com\/blog\/ambiance-scandinave-comment-desencombrer-son-salon-pour-le-rendre-plus-agreable\/#des-matieres-chaleureuses-pour-une-ambiance-scandinave\" >Des mati\u00e8res chaleureuses pour une ambiance scandinave<\/a><\/li><li class='ez-toc-page-1 ez-toc-heading-level-2'><a class=\"ez-toc-link ez-toc-heading-3\" href=\"https:\/\/www.mydemenageur.com\/blog\/ambiance-scandinave-comment-desencombrer-son-salon-pour-le-rendre-plus-agreable\/#optez-pour-des-couleurs-neutres\" >Optez pour des couleurs neutres<\/a><\/li><li class='ez-toc-page-1 ez-toc-heading-level-2'><a class=\"ez-toc-link ez-toc-heading-4\" href=\"https:\/\/www.mydemenageur.com\/blog\/ambiance-scandinave-comment-desencombrer-son-salon-pour-le-rendre-plus-agreable\/#un-canape-cosy-la-piece-maitresse\" >Un canap\u00e9 cosy : la pi\u00e8ce ma\u00eetresse<\/a><\/li><li class='ez-toc-page-1 ez-toc-heading-level-2'><a class=\"ez-toc-link ez-toc-heading-5\" href=\"https:\/\/www.mydemenageur.com\/blog\/ambiance-scandinave-comment-desencombrer-son-salon-pour-le-rendre-plus-agreable\/#creez-des-espaces-fonctionnels\" >Cr\u00e9ez des espaces fonctionnels<\/a><\/li><li class='ez-toc-page-1 ez-toc-heading-level-2'><a class=\"ez-toc-link ez-toc-heading-6\" href=\"https:\/\/www.mydemenageur.com\/blog\/ambiance-scandinave-comment-desencombrer-son-salon-pour-le-rendre-plus-agreable\/#ajoutez-des-touches-personnelles\" >Ajoutez des touches personnelles<\/a><\/li><\/ul><\/nav><\/div>\n<h2><span class=\"ez-toc-section\" id=\"misez-sur-la-luminosite\"><\/span>Misez sur la luminosit\u00e9<span class=\"ez-toc-section-end\"><\/span><\/h2>\n<p>Le secret d\u2019un <strong>salon agr\u00e9able et cosy<\/strong> r\u00e9side dans une bonne gestion de la lumi\u00e8re. La lumi\u00e8re naturelle a un impact direct sur notre bien-\u00eatre, influant sur notre moral au quotidien. En hiver, par exemple, nous ressentons souvent une baisse de vitalit\u00e9 \u00e0 cause du manque de soleil. Que vous viviez dans une maison ou un appartement, il est essentiel de laisser entrer un maximum de lumi\u00e8re naturelle. Pour cela, d\u00e9gagez vos fen\u00eatres et \u00e9vitez de placer des meubles volumineux qui pourraient bloquer les rayons de soleil.<\/p>\n<p>Si votre salon manque de lumi\u00e8re naturelle, ne vous inqui\u00e9tez pas. Il existe plusieurs fa\u00e7ons d\u2019<a href=\"https:\/\/www.mydemenageur.com\/blog\/fenetre-accordeon\/\">am\u00e9liorer la luminosit\u00e9<\/a> en ajoutant des sources de lumi\u00e8re artificielle. Pensez \u00e0 installer des :<\/p>\n<ul>\n<li>Lampadaires<\/li>\n<li>Lustres design<\/li>\n<li>N\u00e9ons modernes<\/li>\n<\/ul>\n<p>Ces \u00e9l\u00e9ments apporteront non seulement de la lumi\u00e8re, mais aussi une touche de style \u00e0 votre pi\u00e8ce. En jouant avec diff\u00e9rentes sources lumineuses, vous donnerez \u00e0 votre salon l\u2019impression d\u2019\u00eatre plus spacieux et plus accueillant.<\/p>\n<h2><span class=\"ez-toc-section\" id=\"des-matieres-chaleureuses-pour-une-ambiance-scandinave\"><\/span>Des mati\u00e8res chaleureuses pour une ambiance scandinave<span class=\"ez-toc-section-end\"><\/span><\/h2>\n<p>La d\u00e9coration scandinave mise sur des mati\u00e8res douces et naturelles pour cr\u00e9er une ambiance r\u00e9confortante. L\u2019id\u00e9e est d\u2019<strong>apporter de la chaleur<\/strong> \u00e0 votre salon en jouant avec diff\u00e9rentes textures. Par exemple, un <strong>tapis marocain<\/strong> au sol, accompagn\u00e9 d\u2019un <strong>plaid en laine<\/strong> et de <strong>coussins en lin<\/strong> de diff\u00e9rentes tailles, cr\u00e9era un espace cocooning parfait pour les moments de d\u00e9tente.<\/p>\n<p>En ce qui concerne le mobilier, prenez votre temps pour choisir les pi\u00e8ces qui correspondront le mieux \u00e0 votre style. Ne vous pr\u00e9cipitez pas dans vos achats. Vous pouvez vous inspirer des magazines de d\u00e9coration ou faire un tour dans des magasins sp\u00e9cialis\u00e9s comme Ikea pour avoir une id\u00e9e pr\u00e9cise des meubles disponibles et obtenir des conseils de professionnels.<\/p>\n<p>Le style scandinave privil\u00e9gie les meubles fonctionnels et esth\u00e9tiques. Optez pour du <strong>mobilier en bois clair<\/strong>, tel que le pin ou le bouleau, qui apportera \u00e0 la fois luminosit\u00e9 et \u00e9l\u00e9gance \u00e0 votre pi\u00e8ce. Le bois est une mati\u00e8re noble, connue pour ajouter une touche naturelle et chaleureuse. Vous pouvez aussi associer le style scandinave \u00e0 des influences industrielles ou vintage, qui se marient parfaitement avec ce type de d\u00e9coration.<\/p>\n<h2><span class=\"ez-toc-section\" id=\"optez-pour-des-couleurs-neutres\"><\/span>Optez pour des couleurs neutres<span class=\"ez-toc-section-end\"><\/span><\/h2>\n<p>Outre le choix du mobilier, la s\u00e9lection des couleurs est cruciale pour r\u00e9ussir une d\u00e9coration scandinave. Ce style repose sur des tons neutres et apaisants. <strong>Privil\u00e9giez les couleurs claires<\/strong> et douces, comme le blanc, le gris ou le beige, pour cr\u00e9er un effet de l\u00e9g\u00e8ret\u00e9 et d\u2019harmonie dans votre salon.<\/p>\n<p>Pour \u00e9viter que l\u2019ensemble ne devienne monotone, vous pouvez ajouter des touches de couleur plus vives, comme le <strong>jaune moutarde<\/strong> ou le <strong>brique<\/strong>, par petites touches. Un coussin color\u00e9, un plaid ou une lampe design peuvent suffire \u00e0 donner du caract\u00e8re \u00e0 votre salon sans compromettre l\u2019\u00e9quilibre des tons neutres.<\/p>\n<h2><span class=\"ez-toc-section\" id=\"un-canape-cosy-la-piece-maitresse\"><\/span>Un canap\u00e9 cosy : la pi\u00e8ce ma\u00eetresse<span class=\"ez-toc-section-end\"><\/span><\/h2>\n<p>Le canap\u00e9 est incontestablement l\u2019\u00e9l\u00e9ment central de votre salon. C\u2019est autour de lui que s\u2019organisent les autres \u00e9l\u00e9ments de d\u00e9coration. Choisissez un <strong>canap\u00e9 confortable<\/strong>, adapt\u00e9 \u00e0 vos besoins et au style scandinave. Un canap\u00e9 en tissu avec des pieds en bois sera \u00e0 la fois tendance et pratique. Privil\u00e9giez les mod\u00e8les aux lignes \u00e9pur\u00e9es et aux designs minimalistes, dans des tons neutres comme le gris, le bleu saphir ou le jaune moutarde.<\/p>\n<p>Concernant les dimensions, assurez-vous que votre canap\u00e9 s\u2019adapte bien \u00e0 la taille de votre salon. Un mod\u00e8le trop grand risquerait d\u2019encombrer l\u2019espace. Vous pouvez aussi am\u00e9nager un <strong>coin lecture<\/strong> \u00e0 proximit\u00e9 du canap\u00e9, avec une <strong>\u00e9tag\u00e8re design en bois clair<\/strong> pour y disposer quelques livres et plantes, comme un <strong>bonza\u00ef<\/strong> ou des orchid\u00e9es, afin d\u2019ajouter une touche zen \u00e0 l\u2019ensemble.<\/p>\n<h2><span class=\"ez-toc-section\" id=\"creez-des-espaces-fonctionnels\"><\/span>Cr\u00e9ez des espaces fonctionnels<span class=\"ez-toc-section-end\"><\/span><\/h2>\n<p>Le style scandinave ne se contente pas d\u2019\u00eatre esth\u00e9tique ; il est \u00e9galement tr\u00e8s fonctionnel. Lorsque vous choisissez vos meubles, pensez \u00e0 leur utilit\u00e9 au quotidien. Chaque meuble doit avoir une fonction pr\u00e9cise. Par exemple, une <strong>table basse<\/strong> peut aussi servir de rangement suppl\u00e9mentaire avec des compartiments cach\u00e9s. Un <strong>banc d\u2019entr\u00e9e<\/strong> avec un espace de rangement int\u00e9gr\u00e9 est non seulement pratique, mais s&rsquo;int\u00e8gre \u00e9galement parfaitement dans un salon scandinave.<\/p>\n<p>De m\u00eame, \u00e9vitez d\u2019encombrer votre salon avec des objets inutiles. Optez pour des pi\u00e8ces de mobilier simples, mais pratiques, qui faciliteront votre quotidien. Le mot d\u2019ordre est la simplicit\u00e9 et la fonctionnalit\u00e9.<\/p>\n<h2><span class=\"ez-toc-section\" id=\"ajoutez-des-touches-personnelles\"><\/span>Ajoutez des touches personnelles<span class=\"ez-toc-section-end\"><\/span><\/h2>\n<p>Enfin, pour rendre votre salon unique et refl\u00e9ter votre personnalit\u00e9, n\u2019oubliez pas d\u2019y ajouter des touches personnelles. Des <strong>cadres photos<\/strong> avec des souvenirs de voyage, des <strong>objets artisanaux<\/strong> ou des <strong>plantes vertes<\/strong> feront toute la diff\u00e9rence. Vous pouvez \u00e9galement jouer sur des accessoires comme des coussins, des plaids ou des tapis pour apporter encore plus de chaleur et de convivialit\u00e9 \u00e0 votre salon.<\/p>\n<p>Am\u00e9nager un salon dans un style scandinave demande \u00e0 la fois une r\u00e9flexion sur la d\u00e9coration et sur la fonctionnalit\u00e9 de l\u2019espace. Il est essentiel de miser sur la luminosit\u00e9, d\u2019opter pour des mati\u00e8res naturelles et chaleureuses, et de choisir des meubles \u00e0 la fois esth\u00e9tiques et pratiques. Le style scandinave se veut \u00e9pur\u00e9, mais il ne doit pas \u00eatre froid. Gr\u00e2ce \u00e0 quelques astuces simples, vous pouvez cr\u00e9er un salon confortable, \u00e9l\u00e9gant et agr\u00e9able \u00e0 vivre, o\u00f9 il fait bon passer du temps, seul ou en famille.<\/p>\n","protected":false},"excerpt":{"rendered":"<p>On r\u00eave tous d\u2019avoir un salon bien d\u00e9gag\u00e9 avec une d\u00e9coration \u00e9pur\u00e9e, \u00e0 la fois \u00e9l\u00e9gante et fonctionnelle. Parmi les<\/p>\n","protected":false},"author":9,"featured_media":29347,"comment_status":"closed","ping_status":"closed","sticky":false,"template":"","format":"standard","meta":{"_lmt_disableupdate":"no","_lmt_disable":"no","footnotes":""},"categories":[127],"tags":[],"yoast_head":"<!-- This site is optimized with the Yoast SEO Premium plugin v24.2 (Yoast SEO v24.5) - https:\/\/yoast.com\/wordpress\/plugins\/seo\/ -->\n<title>Comment d\u00e9sencombrer son salon pour le rendre plus agr\u00e9able<\/title>\n<meta name=\"description\" content=\"%\" \/>\n<meta name=\"robots\" content=\"index, follow, max-snippet:-1, max-image-preview:large, max-video-preview:-1\" \/>\n<link rel=\"canonical\" href=\"https:\/\/www.mydemenageur.com\/blog\/ambiance-scandinave-comment-desencombrer-son-salon-pour-le-rendre-plus-agreable\/\" \/>\n<meta property=\"og:locale\" content=\"fr_FR\" \/>\n<meta property=\"og:type\" content=\"article\" \/>\n<meta property=\"og:title\" content=\"Comment d\u00e9sencombrer son salon pour le rendre plus agr\u00e9able\" \/>\n<meta property=\"og:description\" content=\"%\" \/>\n<meta property=\"og:url\" content=\"https:\/\/www.mydemenageur.com\/blog\/ambiance-scandinave-comment-desencombrer-son-salon-pour-le-rendre-plus-agreable\/\" \/>\n<meta property=\"og:site_name\" content=\"MyDemenageur\" \/>\n<meta property=\"article:publisher\" content=\"https:\/\/www.facebook.com\/mydemenageur\" \/>\n<meta property=\"article:author\" content=\"https:\/\/fr-fr.facebook.com\/mydemenageur\/\" \/>\n<meta property=\"article:published_time\" content=\"2022-06-20T22:00:38+00:00\" \/>\n<meta property=\"article:modified_time\" content=\"2024-09-15T15:49:46+00:00\" \/>\n<meta property=\"og:image\" content=\"https:\/\/www.mydemenageur.com\/blog\/wp-content\/uploads\/2022\/06\/Sans-titre-2022-06-20T231033.835.jpg\" \/>\n\t<meta property=\"og:image:width\" content=\"1200\" \/>\n\t<meta property=\"og:image:height\" content=\"800\" \/>\n\t<meta property=\"og:image:type\" content=\"image\/jpeg\" \/>\n<meta name=\"author\" content=\"xavier\" \/>\n<meta name=\"twitter:card\" content=\"summary_large_image\" \/>\n<meta name=\"twitter:creator\" content=\"@VieuxGrizou\" \/>\n<meta name=\"twitter:site\" content=\"@mydemenageur\" \/>\n<meta name=\"twitter:label1\" content=\"\u00c9crit par\" \/>\n\t<meta name=\"twitter:data1\" content=\"xavier\" \/>\n\t<meta name=\"twitter:label2\" content=\"Dur\u00e9e de lecture estim\u00e9e\" \/>\n\t<meta name=\"twitter:data2\" content=\"6 minutes\" \/>\n<script type=\"application\/ld+json\" class=\"yoast-schema-graph\">{\"@context\":\"https:\/\/schema.org\",\"@graph\":[{\"@type\":\"Article\",\"@id\":\"https:\/\/www.mydemenageur.com\/blog\/ambiance-scandinave-comment-desencombrer-son-salon-pour-le-rendre-plus-agreable\/#article\",\"isPartOf\":{\"@id\":\"https:\/\/www.mydemenageur.com\/blog\/ambiance-scandinave-comment-desencombrer-son-salon-pour-le-rendre-plus-agreable\/\"},\"author\":{\"name\":\"xavier\",\"@id\":\"https:\/\/www.mydemenageur.com\/blog\/#\/schema\/person\/a5c62c5299ab308b8bdd1e106f3b71d6\"},\"headline\":\"Comment d\u00e9sencombrer son salon pour le rendre plus agr\u00e9able\",\"datePublished\":\"2022-06-20T22:00:38+00:00\",\"dateModified\":\"2024-09-15T15:49:46+00:00\",\"mainEntityOfPage\":{\"@id\":\"https:\/\/www.mydemenageur.com\/blog\/ambiance-scandinave-comment-desencombrer-son-salon-pour-le-rendre-plus-agreable\/\"},\"wordCount\":1054,\"publisher\":{\"@id\":\"https:\/\/www.mydemenageur.com\/blog\/#organization\"},\"image\":{\"@id\":\"https:\/\/www.mydemenageur.com\/blog\/ambiance-scandinave-comment-desencombrer-son-salon-pour-le-rendre-plus-agreable\/#primaryimage\"},\"thumbnailUrl\":\"https:\/\/www.mydemenageur.com\/blog\/wp-content\/uploads\/2022\/06\/Sans-titre-2022-06-20T231033.835.jpg\",\"articleSection\":[\"Actualit\u00e9\"],\"inLanguage\":\"fr-FR\"},{\"@type\":\"WebPage\",\"@id\":\"https:\/\/www.mydemenageur.com\/blog\/ambiance-scandinave-comment-desencombrer-son-salon-pour-le-rendre-plus-agreable\/\",\"url\":\"https:\/\/www.mydemenageur.com\/blog\/ambiance-scandinave-comment-desencombrer-son-salon-pour-le-rendre-plus-agreable\/\",\"name\":\"Comment d\u00e9sencombrer son salon pour le rendre plus agr\u00e9able\",\"isPartOf\":{\"@id\":\"https:\/\/www.mydemenageur.com\/blog\/#website\"},\"primaryImageOfPage\":{\"@id\":\"https:\/\/www.mydemenageur.com\/blog\/ambiance-scandinave-comment-desencombrer-son-salon-pour-le-rendre-plus-agreable\/#primaryimage\"},\"image\":{\"@id\":\"https:\/\/www.mydemenageur.com\/blog\/ambiance-scandinave-comment-desencombrer-son-salon-pour-le-rendre-plus-agreable\/#primaryimage\"},\"thumbnailUrl\":\"https:\/\/www.mydemenageur.com\/blog\/wp-content\/uploads\/2022\/06\/Sans-titre-2022-06-20T231033.835.jpg\",\"datePublished\":\"2022-06-20T22:00:38+00:00\",\"dateModified\":\"2024-09-15T15:49:46+00:00\",\"description\":\"%\",\"breadcrumb\":{\"@id\":\"https:\/\/www.mydemenageur.com\/blog\/ambiance-scandinave-comment-desencombrer-son-salon-pour-le-rendre-plus-agreable\/#breadcrumb\"},\"inLanguage\":\"fr-FR\",\"potentialAction\":[{\"@type\":\"ReadAction\",\"target\":[\"https:\/\/www.mydemenageur.com\/blog\/ambiance-scandinave-comment-desencombrer-son-salon-pour-le-rendre-plus-agreable\/\"]}]},{\"@type\":\"ImageObject\",\"inLanguage\":\"fr-FR\",\"@id\":\"https:\/\/www.mydemenageur.com\/blog\/ambiance-scandinave-comment-desencombrer-son-salon-pour-le-rendre-plus-agreable\/#primaryimage\",\"url\":\"https:\/\/www.mydemenageur.com\/blog\/wp-content\/uploads\/2022\/06\/Sans-titre-2022-06-20T231033.835.jpg\",\"contentUrl\":\"https:\/\/www.mydemenageur.com\/blog\/wp-content\/uploads\/2022\/06\/Sans-titre-2022-06-20T231033.835.jpg\",\"width\":1200,\"height\":800,\"caption\":\"Ambiance scandinave : comment d\u00e9sencombrer son salon pour le rendre plus agr\u00e9able\"},{\"@type\":\"BreadcrumbList\",\"@id\":\"https:\/\/www.mydemenageur.com\/blog\/ambiance-scandinave-comment-desencombrer-son-salon-pour-le-rendre-plus-agreable\/#breadcrumb\",\"itemListElement\":[{\"@type\":\"ListItem\",\"position\":1,\"name\":\"Accueil\",\"item\":\"https:\/\/www.mydemenageur.com\/blog\/\"},{\"@type\":\"ListItem\",\"position\":2,\"name\":\"Actualit\u00e9\",\"item\":\"https:\/\/www.mydemenageur.com\/blog\/categorie\/actualite\/\"},{\"@type\":\"ListItem\",\"position\":3,\"name\":\"Comment d\u00e9sencombrer son salon pour le rendre plus agr\u00e9able\"}]},{\"@type\":\"WebSite\",\"@id\":\"https:\/\/www.mydemenageur.com\/blog\/#website\",\"url\":\"https:\/\/www.mydemenageur.com\/blog\/\",\"name\":\"MyDemenageur\",\"description\":\"Conseils d\u00e9m\u00e9ngement entre particuliers et d\u00e9m\u00e9nagement professionnel\",\"publisher\":{\"@id\":\"https:\/\/www.mydemenageur.com\/blog\/#organization\"},\"potentialAction\":[{\"@type\":\"SearchAction\",\"target\":{\"@type\":\"EntryPoint\",\"urlTemplate\":\"https:\/\/www.mydemenageur.com\/blog\/?s={search_term_string}\"},\"query-input\":{\"@type\":\"PropertyValueSpecification\",\"valueRequired\":true,\"valueName\":\"search_term_string\"}}],\"inLanguage\":\"fr-FR\"},{\"@type\":\"Organization\",\"@id\":\"https:\/\/www.mydemenageur.com\/blog\/#organization\",\"name\":\"MyDemenageur.com\",\"url\":\"https:\/\/www.mydemenageur.com\/blog\/\",\"logo\":{\"@type\":\"ImageObject\",\"inLanguage\":\"fr-FR\",\"@id\":\"https:\/\/www.mydemenageur.com\/blog\/#\/schema\/logo\/image\/\",\"url\":\"https:\/\/www.mydemenageur.com\/blog\/wp-content\/uploads\/2022\/05\/MyDemenageur_Symbol.jpg\",\"contentUrl\":\"https:\/\/www.mydemenageur.com\/blog\/wp-content\/uploads\/2022\/05\/MyDemenageur_Symbol.jpg\",\"width\":878,\"height\":877,\"caption\":\"MyDemenageur.com\"},\"image\":{\"@id\":\"https:\/\/www.mydemenageur.com\/blog\/#\/schema\/logo\/image\/\"},\"sameAs\":[\"https:\/\/www.facebook.com\/mydemenageur\",\"https:\/\/x.com\/mydemenageur\",\"https:\/\/www.pinterest.fr\/mydemenageur\/\"]},{\"@type\":\"Person\",\"@id\":\"https:\/\/www.mydemenageur.com\/blog\/#\/schema\/person\/a5c62c5299ab308b8bdd1e106f3b71d6\",\"name\":\"xavier\",\"image\":{\"@type\":\"ImageObject\",\"inLanguage\":\"fr-FR\",\"@id\":\"https:\/\/www.mydemenageur.com\/blog\/#\/schema\/person\/image\/\",\"url\":\"https:\/\/www.mydemenageur.com\/blog\/wp-content\/uploads\/letter-avatar\/d667a3da826ce784ef60b73d91ec9752.svg\",\"contentUrl\":\"https:\/\/www.mydemenageur.com\/blog\/wp-content\/uploads\/letter-avatar\/d667a3da826ce784ef60b73d91ec9752.svg\",\"caption\":\"xavier\"},\"description\":\"La d\u00e9coration est une passion depuis tr\u00e8s jeune. J\u2019ai toujours ador\u00e9 associer les couleurs, les objets pour sublimer un salon, une cuisine pour rendre ma d\u00e9coration d'int\u00e9rieure la plus sympa possible. D\u00e9couvrez ici mes id\u00e9es mais aussi les actualit\u00e9s autour du monde de la d\u00e9coration et de la maison, du d\u00e9m\u00e9nagement, des travaux !\",\"sameAs\":[\"https:\/\/fr-fr.facebook.com\/mydemenageur\/\",\"https:\/\/www.instagram.com\/mydemenageur\/\",\"https:\/\/www.linkedin.com\/in\/xavier-delahaye\/\",\"https:\/\/x.com\/@VieuxGrizou\",\"https:\/\/www.youtube.com\/channel\/UCXLzXq9rfED1LRRZQB2bQNg\",\"MyDemenageur\"],\"url\":\"https:\/\/www.mydemenageur.com\/blog\/author\/vieux_grizou\/\"}]}<\/script>\n<!-- \/ Yoast SEO Premium plugin. -->","yoast_head_json":{"title":"Comment d\u00e9sencombrer son salon pour le rendre plus agr\u00e9able","description":"%","robots":{"index":"index","follow":"follow","max-snippet":"max-snippet:-1","max-image-preview":"max-image-preview:large","max-video-preview":"max-video-preview:-1"},"canonical":"https:\/\/www.mydemenageur.com\/blog\/ambiance-scandinave-comment-desencombrer-son-salon-pour-le-rendre-plus-agreable\/","og_locale":"fr_FR","og_type":"article","og_title":"Comment d\u00e9sencombrer son salon pour le rendre plus agr\u00e9able","og_description":"%","og_url":"https:\/\/www.mydemenageur.com\/blog\/ambiance-scandinave-comment-desencombrer-son-salon-pour-le-rendre-plus-agreable\/","og_site_name":"MyDemenageur","article_publisher":"https:\/\/www.facebook.com\/mydemenageur","article_author":"https:\/\/fr-fr.facebook.com\/mydemenageur\/","article_published_time":"2022-06-20T22:00:38+00:00","article_modified_time":"2024-09-15T15:49:46+00:00","og_image":[{"width":1200,"height":800,"url":"https:\/\/www.mydemenageur.com\/blog\/wp-content\/uploads\/2022\/06\/Sans-titre-2022-06-20T231033.835.jpg","type":"image\/jpeg"}],"author":"xavier","twitter_card":"summary_large_image","twitter_creator":"@VieuxGrizou","twitter_site":"@mydemenageur","twitter_misc":{"\u00c9crit par":"xavier","Dur\u00e9e de lecture estim\u00e9e":"6 minutes"},"schema":{"@context":"https:\/\/schema.org","@graph":[{"@type":"Article","@id":"https:\/\/www.mydemenageur.com\/blog\/ambiance-scandinave-comment-desencombrer-son-salon-pour-le-rendre-plus-agreable\/#article","isPartOf":{"@id":"https:\/\/www.mydemenageur.com\/blog\/ambiance-scandinave-comment-desencombrer-son-salon-pour-le-rendre-plus-agreable\/"},"author":{"name":"xavier","@id":"https:\/\/www.mydemenageur.com\/blog\/#\/schema\/person\/a5c62c5299ab308b8bdd1e106f3b71d6"},"headline":"Comment d\u00e9sencombrer son salon pour le rendre plus agr\u00e9able","datePublished":"2022-06-20T22:00:38+00:00","dateModified":"2024-09-15T15:49:46+00:00","mainEntityOfPage":{"@id":"https:\/\/www.mydemenageur.com\/blog\/ambiance-scandinave-comment-desencombrer-son-salon-pour-le-rendre-plus-agreable\/"},"wordCount":1054,"publisher":{"@id":"https:\/\/www.mydemenageur.com\/blog\/#organization"},"image":{"@id":"https:\/\/www.mydemenageur.com\/blog\/ambiance-scandinave-comment-desencombrer-son-salon-pour-le-rendre-plus-agreable\/#primaryimage"},"thumbnailUrl":"https:\/\/www.mydemenageur.com\/blog\/wp-content\/uploads\/2022\/06\/Sans-titre-2022-06-20T231033.835.jpg","articleSection":["Actualit\u00e9"],"inLanguage":"fr-FR"},{"@type":"WebPage","@id":"https:\/\/www.mydemenageur.com\/blog\/ambiance-scandinave-comment-desencombrer-son-salon-pour-le-rendre-plus-agreable\/","url":"https:\/\/www.mydemenageur.com\/blog\/ambiance-scandinave-comment-desencombrer-son-salon-pour-le-rendre-plus-agreable\/","name":"Comment d\u00e9sencombrer son salon pour le rendre plus agr\u00e9able","isPartOf":{"@id":"https:\/\/www.mydemenageur.com\/blog\/#website"},"primaryImageOfPage":{"@id":"https:\/\/www.mydemenageur.com\/blog\/ambiance-scandinave-comment-desencombrer-son-salon-pour-le-rendre-plus-agreable\/#primaryimage"},"image":{"@id":"https:\/\/www.mydemenageur.com\/blog\/ambiance-scandinave-comment-desencombrer-son-salon-pour-le-rendre-plus-agreable\/#primaryimage"},"thumbnailUrl":"https:\/\/www.mydemenageur.com\/blog\/wp-content\/uploads\/2022\/06\/Sans-titre-2022-06-20T231033.835.jpg","datePublished":"2022-06-20T22:00:38+00:00","dateModified":"2024-09-15T15:49:46+00:00","description":"%","breadcrumb":{"@id":"https:\/\/www.mydemenageur.com\/blog\/ambiance-scandinave-comment-desencombrer-son-salon-pour-le-rendre-plus-agreable\/#breadcrumb"},"inLanguage":"fr-FR","potentialAction":[{"@type":"ReadAction","target":["https:\/\/www.mydemenageur.com\/blog\/ambiance-scandinave-comment-desencombrer-son-salon-pour-le-rendre-plus-agreable\/"]}]},{"@type":"ImageObject","inLanguage":"fr-FR","@id":"https:\/\/www.mydemenageur.com\/blog\/ambiance-scandinave-comment-desencombrer-son-salon-pour-le-rendre-plus-agreable\/#primaryimage","url":"https:\/\/www.mydemenageur.com\/blog\/wp-content\/uploads\/2022\/06\/Sans-titre-2022-06-20T231033.835.jpg","contentUrl":"https:\/\/www.mydemenageur.com\/blog\/wp-content\/uploads\/2022\/06\/Sans-titre-2022-06-20T231033.835.jpg","width":1200,"height":800,"caption":"Ambiance scandinave : comment d\u00e9sencombrer son salon pour le rendre plus agr\u00e9able"},{"@type":"BreadcrumbList","@id":"https:\/\/www.mydemenageur.com\/blog\/ambiance-scandinave-comment-desencombrer-son-salon-pour-le-rendre-plus-agreable\/#breadcrumb","itemListElement":[{"@type":"ListItem","position":1,"name":"Accueil","item":"https:\/\/www.mydemenageur.com\/blog\/"},{"@type":"ListItem","position":2,"name":"Actualit\u00e9","item":"https:\/\/www.mydemenageur.com\/blog\/categorie\/actualite\/"},{"@type":"ListItem","position":3,"name":"Comment d\u00e9sencombrer son salon pour le rendre plus agr\u00e9able"}]},{"@type":"WebSite","@id":"https:\/\/www.mydemenageur.com\/blog\/#website","url":"https:\/\/www.mydemenageur.com\/blog\/","name":"MyDemenageur","description":"Conseils d\u00e9m\u00e9ngement entre particuliers et d\u00e9m\u00e9nagement professionnel","publisher":{"@id":"https:\/\/www.mydemenageur.com\/blog\/#organization"},"potentialAction":[{"@type":"SearchAction","target":{"@type":"EntryPoint","urlTemplate":"https:\/\/www.mydemenageur.com\/blog\/?s={search_term_string}"},"query-input":{"@type":"PropertyValueSpecification","valueRequired":true,"valueName":"search_term_string"}}],"inLanguage":"fr-FR"},{"@type":"Organization","@id":"https:\/\/www.mydemenageur.com\/blog\/#organization","name":"MyDemenageur.com","url":"https:\/\/www.mydemenageur.com\/blog\/","logo":{"@type":"ImageObject","inLanguage":"fr-FR","@id":"https:\/\/www.mydemenageur.com\/blog\/#\/schema\/logo\/image\/","url":"https:\/\/www.mydemenageur.com\/blog\/wp-content\/uploads\/2022\/05\/MyDemenageur_Symbol.jpg","contentUrl":"https:\/\/www.mydemenageur.com\/blog\/wp-content\/uploads\/2022\/05\/MyDemenageur_Symbol.jpg","width":878,"height":877,"caption":"MyDemenageur.com"},"image":{"@id":"https:\/\/www.mydemenageur.com\/blog\/#\/schema\/logo\/image\/"},"sameAs":["https:\/\/www.facebook.com\/mydemenageur","https:\/\/x.com\/mydemenageur","https:\/\/www.pinterest.fr\/mydemenageur\/"]},{"@type":"Person","@id":"https:\/\/www.mydemenageur.com\/blog\/#\/schema\/person\/a5c62c5299ab308b8bdd1e106f3b71d6","name":"xavier","image":{"@type":"ImageObject","inLanguage":"fr-FR","@id":"https:\/\/www.mydemenageur.com\/blog\/#\/schema\/person\/image\/","url":"https:\/\/www.mydemenageur.com\/blog\/wp-content\/uploads\/letter-avatar\/d667a3da826ce784ef60b73d91ec9752.svg","contentUrl":"https:\/\/www.mydemenageur.com\/blog\/wp-content\/uploads\/letter-avatar\/d667a3da826ce784ef60b73d91ec9752.svg","caption":"xavier"},"description":"La d\u00e9coration est une passion depuis tr\u00e8s jeune. J\u2019ai toujours ador\u00e9 associer les couleurs, les objets pour sublimer un salon, une cuisine pour rendre ma d\u00e9coration d'int\u00e9rieure la plus sympa possible. D\u00e9couvrez ici mes id\u00e9es mais aussi les actualit\u00e9s autour du monde de la d\u00e9coration et de la maison, du d\u00e9m\u00e9nagement, des travaux !","sameAs":["https:\/\/fr-fr.facebook.com\/mydemenageur\/","https:\/\/www.instagram.com\/mydemenageur\/","https:\/\/www.linkedin.com\/in\/xavier-delahaye\/","https:\/\/x.com\/@VieuxGrizou","https:\/\/www.youtube.com\/channel\/UCXLzXq9rfED1LRRZQB2bQNg","MyDemenageur"],"url":"https:\/\/www.mydemenageur.com\/blog\/author\/vieux_grizou\/"}]}},"modified_by":"MyDemenageur","_links":{"self":[{"href":"https:\/\/www.mydemenageur.com\/blog\/wp-json\/wp\/v2\/posts\/29344"}],"collection":[{"href":"https:\/\/www.mydemenageur.com\/blog\/wp-json\/wp\/v2\/posts"}],"about":[{"href":"https:\/\/www.mydemenageur.com\/blog\/wp-json\/wp\/v2\/types\/post"}],"author":[{"embeddable":true,"href":"https:\/\/www.mydemenageur.com\/blog\/wp-json\/wp\/v2\/users\/9"}],"replies":[{"embeddable":true,"href":"https:\/\/www.mydemenageur.com\/blog\/wp-json\/wp\/v2\/comments?post=29344"}],"version-history":[{"count":0,"href":"https:\/\/www.mydemenageur.com\/blog\/wp-json\/wp\/v2\/posts\/29344\/revisions"}],"wp:featuredmedia":[{"embeddable":true,"href":"https:\/\/www.mydemenageur.com\/blog\/wp-json\/wp\/v2\/media\/29347"}],"wp:attachment":[{"href":"https:\/\/www.mydemenageur.com\/blog\/wp-json\/wp\/v2\/media?parent=29344"}],"wp:term":[{"taxonomy":"category","embeddable":true,"href":"https:\/\/www.mydemenageur.com\/blog\/wp-json\/wp\/v2\/categories?post=29344"},{"taxonomy":"post_tag","embeddable":true,"href":"https:\/\/www.mydemenageur.com\/blog\/wp-json\/wp\/v2\/tags?post=29344"}],"curies":[{"name":"wp","href":"https:\/\/api.w.org\/{rel}","templated":true}]}}