{"id":294,"date":"2015-04-16T08:10:37","date_gmt":"2015-04-16T08:10:37","guid":{"rendered":"http:\/\/www.mydemenageur.com\/blog\/?p=294"},"modified":"2021-08-27T07:40:44","modified_gmt":"2021-08-27T07:40:44","slug":"temoignage-nicolas-gros-bras","status":"publish","type":"post","link":"https:\/\/www.mydemenageur.com\/blog\/temoignage-nicolas-gros-bras\/","title":{"rendered":"T\u00e9moignage de Nicolas, gros bras donnant des coups de main"},"content":{"rendered":"<p>Pour en savoir un peu plus sur les <a href=\"\/blog\/services\/\">exp\u00e9riences de nos utilisateurs<\/a>, nous avons obtenu le t\u00e9moignage pr\u00e9cieux de Nicolas, un gros bras inscrit depuis plus d&rsquo;un an sur MyDemenageur dans le d\u00e9partement du Gard (30).<\/p>\n<p><a href=\"https:\/\/www.mydemenageur.com\/blog\/wp-content\/uploads\/2015\/04\/nicolas.jpg\"><img decoding=\"async\" class=\" size-full wp-image-296 alignleft\" src=\"\/\/www.mydemenageur.com\/blog\/wp-content\/uploads\/2015\/04\/nicolas.jpg\" alt=\"nicolas gros bras\" width=\"120\" height=\"161\" \/><\/a><strong>MyDemenageur: Bonjour Nicolas, merci pour ton t\u00e9moignage, tu es inscrit sur MyDemenageur depuis mars 2014, \u00e0 combien de d\u00e9m\u00e9nagements as-tu d\u00e9j\u00e0 particip\u00e9 ?<\/strong><\/p>\n<p><strong>Nicolas:<\/strong> Bonjour, j&rsquo;ai particip\u00e9 \u00e0 4 d\u00e9m\u00e9nagements, mais j&rsquo;ai d\u00fb d\u00e9cliner 4 autres demandes \u00e0 cause de mon travail qui ne me permettait pas d&rsquo;\u00eatre disponible aux moments o\u00f9 les personnes avaient besoin de moi.<\/p>\n<p><strong>Pourquoi as-tu d\u00e9cid\u00e9 de t&rsquo;inscrire sur MyDemenageur ? Avais-tu une exp\u00e9rience particuli\u00e8re dans le domaine ?<\/strong><\/p>\n<p>J&rsquo;aime rencontrer de nouvelles personnes et me sentir utile pour ceux qui pourraient avoir besoin d&rsquo;aide.<br \/>\nJ&rsquo;ai fais pas mal de d\u00e9m\u00e9nagements pour les amis et la famille, et lorsque j&rsquo;ai entendu parler de MyDemenageur \u00e0 travers l&rsquo;\u00e9mission \u00ab\u00a0La Quotidienne\u00a0\u00bb sur France 5, je me suis rendu compte que pour beaucoup de gens il \u00e9tait compliqu\u00e9 de trouver \u00ab\u00a0des gros bras\u00a0\u00bb pour les aider dans cette t\u00e2che.<\/p>\n<p><strong>Comment se d\u00e9roule d&rsquo;habitude la mise en relation ? Est-ce que c&rsquo;est toi qui r\u00e9ponds aux annonces de ta r\u00e9gion ou bien on te contacte en direct pour tes services ?<\/strong><\/p>\n<p>On me contacte toujours par message sur le site dans un premier temps, puis soit les \u00e9changes continuent par ce m\u00eame biais, soit par t\u00e9l\u00e9phone (surtout lorsque la personne a besoin d&rsquo;une r\u00e9ponse rapide).<\/p>\n<p><strong>En quoi consistaient les d\u00e9m\u00e9nagements pour lesquels tu es intervenu ? Qu&rsquo;attendait-on de toi ?<\/strong><\/p>\n<p>Cela d\u00e9pend beaucoup du profil de chacun, g\u00e9n\u00e9ralement, ils ont besoin de quelqu&rsquo;un pour porter des meubles lourds ou encombrants, voir en d\u00e9monter certains. Pour d&rsquo;autres les aider \u00e9galement \u00e0 conduire le camion.<br \/>\nMais ce que tous attendent, c&rsquo;est que l&rsquo;on soit soigneux avec leurs biens.<\/p>\n<p><strong>Comment vous mettez-vous d\u2019accord sur l&rsquo;organisation et la r\u00e9tribution ? Par quels moyens (email, t\u00e9l\u00e9phone) ?<\/strong><\/p>\n<p>Concernant l&rsquo;organisation je pr\u00e9f\u00e8re que cela se passe par t\u00e9l\u00e9phone, c&rsquo;est plus pratique, puis cela permet \u00e9galement un premier vrai contact avec la personne.<br \/>\nPour la r\u00e9tribution, nous nous mettons d&rsquo;accord avant le jour J, mais souvent la personne me donne selon le d\u00e9roulement de la journ\u00e9e, ce qui me convient parfaitement.<\/p>\n<p><strong>Es-tu habituellement bien re\u00e7u, bien accueilli ?<\/strong><\/p>\n<p>Oui, j&rsquo;ai toujours \u00e9tait tr\u00e8s bien re\u00e7u, la journ\u00e9e se passe dans la bonne humeur, et toutes les personnes que j&rsquo;ai aid\u00e9es ont fait attention \u00e0 ce que je ne me blesse pas et reste bien hydrat\u00e9 !<\/p>\n<p><strong>Une anecdote peut-\u00eatre pour nos lecteurs ?<\/strong><\/p>\n<p>Une dame seule qui quittait sa maison de famille pour emm\u00e9nager 200 km plus loin pr\u00e8s de N\u00eemes, a pass\u00e9 la journ\u00e9e \u00e0 chercher son chat qui avait fuit \u00e0 cause de tout ce qui se passait dans la maison. Elle ne voulait pas se r\u00e9soudre \u00e0 partir sans lui car elle ne reviendrait plus apr\u00e8s le d\u00e9m\u00e9nagement. Malheureusement, une fois tout install\u00e9 dans le camion, elle ne l&rsquo;avait toujours pas retrouv\u00e9 et il fallu se r\u00e9soudre \u00e0 partir sans lui.<\/p>\n<p>Arriv\u00e9 sur une aire de repos, j&rsquo;ai profit\u00e9 de cet arr\u00eat pour v\u00e9rifier l&rsquo;\u00e9tat du chargement. En ouvrant les portes du camion, que vois-je confortablement install\u00e9 sur le canap\u00e9 ? Le chat !<br \/>\nJe crois que je n&rsquo;ai jamais vu personne \u00eatre aussi heureux de retrouver son animal de compagnie !<\/p>\n<p><strong>Conseillerais-tu \u00e0 des amis le site mydemenageur.com (et pourquoi) ?<\/strong><\/p>\n<p>Oui bien entendu. Les personnes inscrites sur ce site sont l\u00e0 pour aider ceux qui en ont besoin et nous le faisons avec plaisir !<br \/>\nGr\u00e2ce \u00e0 MyDemenageur, ceux qui sont seuls ou dans l&rsquo;impossibilit\u00e9 de passer par des structures trop on\u00e9reuses, peuvent enfin trouver quelqu&rsquo;un pour les \u00e9pauler.<\/p>\n<p><strong>Merci Nicolas d&rsquo;avoir gentiment r\u00e9pondu \u00e0 ces quelques questions. Bonne continuation et bon courage pour tes prochains d\u00e9m\u00e9nagements !<\/strong><\/p>\n","protected":false},"excerpt":{"rendered":"<p>Pour en savoir un peu plus sur les exp\u00e9riences de nos utilisateurs, nous avons obtenu le t\u00e9moignage pr\u00e9cieux de Nicolas,<\/p>\n","protected":false},"author":11,"featured_media":22527,"comment_status":"open","ping_status":"open","sticky":false,"template":"","format":"standard","meta":{"_lmt_disableupdate":"","_lmt_disable":"","footnotes":""},"categories":[21],"tags":[107],"yoast_head":"<!-- This site is optimized with the Yoast SEO Premium plugin v24.2 (Yoast SEO v24.5) - https:\/\/yoast.com\/wordpress\/plugins\/seo\/ -->\n<title>T\u00e9moignage de Nicolas, gros bras donnant des coups de main<\/title>\n<meta name=\"description\" content=\"Retrouvez le t\u00e9moignage de Nicolas, qui est un de nos &quot;gros bras&quot; dans le d\u00e9partement du Gard depuis le mois de mars 2014.\" \/>\n<meta name=\"robots\" content=\"index, follow, max-snippet:-1, max-image-preview:large, max-video-preview:-1\" \/>\n<link rel=\"canonical\" href=\"https:\/\/www.mydemenageur.com\/blog\/temoignage-nicolas-gros-bras\/\" \/>\n<meta property=\"og:locale\" content=\"fr_FR\" \/>\n<meta property=\"og:type\" content=\"article\" \/>\n<meta property=\"og:title\" content=\"T\u00e9moignage de Nicolas, gros bras donnant des coups de main\" \/>\n<meta property=\"og:description\" content=\"Retrouvez le t\u00e9moignage de Nicolas, qui est un de nos &quot;gros bras&quot; dans le d\u00e9partement du Gard depuis le mois de mars 2014.\" \/>\n<meta property=\"og:url\" content=\"https:\/\/www.mydemenageur.com\/blog\/temoignage-nicolas-gros-bras\/\" \/>\n<meta property=\"og:site_name\" content=\"MyDemenageur\" \/>\n<meta property=\"article:publisher\" content=\"https:\/\/www.facebook.com\/mydemenageur\" \/>\n<meta property=\"article:published_time\" content=\"2015-04-16T08:10:37+00:00\" \/>\n<meta property=\"article:modified_time\" content=\"2021-08-27T07:40:44+00:00\" \/>\n<meta property=\"og:image\" content=\"https:\/\/www.mydemenageur.com\/blog\/wp-content\/uploads\/2015\/04\/temoignage-nicolas-gros-bras.jpeg\" \/>\n\t<meta property=\"og:image:width\" content=\"1000\" \/>\n\t<meta property=\"og:image:height\" content=\"666\" \/>\n\t<meta property=\"og:image:type\" content=\"image\/jpeg\" \/>\n<meta name=\"author\" content=\"Mathilde\" \/>\n<meta name=\"twitter:card\" content=\"summary_large_image\" \/>\n<meta name=\"twitter:creator\" content=\"@mydemenageur\" \/>\n<meta name=\"twitter:site\" content=\"@mydemenageur\" \/>\n<meta name=\"twitter:label1\" content=\"\u00c9crit par\" \/>\n\t<meta name=\"twitter:data1\" content=\"Mathilde\" \/>\n\t<meta name=\"twitter:label2\" content=\"Dur\u00e9e de lecture estim\u00e9e\" \/>\n\t<meta name=\"twitter:data2\" content=\"3 minutes\" \/>\n<script type=\"application\/ld+json\" class=\"yoast-schema-graph\">{\"@context\":\"https:\/\/schema.org\",\"@graph\":[{\"@type\":\"Article\",\"@id\":\"https:\/\/www.mydemenageur.com\/blog\/temoignage-nicolas-gros-bras\/#article\",\"isPartOf\":{\"@id\":\"https:\/\/www.mydemenageur.com\/blog\/temoignage-nicolas-gros-bras\/\"},\"author\":{\"name\":\"Mathilde\",\"@id\":\"https:\/\/www.mydemenageur.com\/blog\/#\/schema\/person\/4540dc333c2e7dc790f0f7bcd5b99569\"},\"headline\":\"T\u00e9moignage de Nicolas, gros bras donnant des coups de main\",\"datePublished\":\"2015-04-16T08:10:37+00:00\",\"dateModified\":\"2021-08-27T07:40:44+00:00\",\"mainEntityOfPage\":{\"@id\":\"https:\/\/www.mydemenageur.com\/blog\/temoignage-nicolas-gros-bras\/\"},\"wordCount\":702,\"commentCount\":0,\"publisher\":{\"@id\":\"https:\/\/www.mydemenageur.com\/blog\/#organization\"},\"image\":{\"@id\":\"https:\/\/www.mydemenageur.com\/blog\/temoignage-nicolas-gros-bras\/#primaryimage\"},\"thumbnailUrl\":\"https:\/\/www.mydemenageur.com\/blog\/wp-content\/uploads\/2015\/04\/temoignage-nicolas-gros-bras.jpeg\",\"keywords\":[\"Avis\"],\"articleSection\":[\"MyDemenageur\"],\"inLanguage\":\"fr-FR\",\"potentialAction\":[{\"@type\":\"CommentAction\",\"name\":\"Comment\",\"target\":[\"https:\/\/www.mydemenageur.com\/blog\/temoignage-nicolas-gros-bras\/#respond\"]}]},{\"@type\":\"WebPage\",\"@id\":\"https:\/\/www.mydemenageur.com\/blog\/temoignage-nicolas-gros-bras\/\",\"url\":\"https:\/\/www.mydemenageur.com\/blog\/temoignage-nicolas-gros-bras\/\",\"name\":\"T\u00e9moignage de Nicolas, gros bras donnant des coups de main\",\"isPartOf\":{\"@id\":\"https:\/\/www.mydemenageur.com\/blog\/#website\"},\"primaryImageOfPage\":{\"@id\":\"https:\/\/www.mydemenageur.com\/blog\/temoignage-nicolas-gros-bras\/#primaryimage\"},\"image\":{\"@id\":\"https:\/\/www.mydemenageur.com\/blog\/temoignage-nicolas-gros-bras\/#primaryimage\"},\"thumbnailUrl\":\"https:\/\/www.mydemenageur.com\/blog\/wp-content\/uploads\/2015\/04\/temoignage-nicolas-gros-bras.jpeg\",\"datePublished\":\"2015-04-16T08:10:37+00:00\",\"dateModified\":\"2021-08-27T07:40:44+00:00\",\"description\":\"Retrouvez le t\u00e9moignage de Nicolas, qui est un de nos \\\"gros bras\\\" dans le d\u00e9partement du Gard depuis le mois de mars 2014.\",\"breadcrumb\":{\"@id\":\"https:\/\/www.mydemenageur.com\/blog\/temoignage-nicolas-gros-bras\/#breadcrumb\"},\"inLanguage\":\"fr-FR\",\"potentialAction\":[{\"@type\":\"ReadAction\",\"target\":[\"https:\/\/www.mydemenageur.com\/blog\/temoignage-nicolas-gros-bras\/\"]}]},{\"@type\":\"ImageObject\",\"inLanguage\":\"fr-FR\",\"@id\":\"https:\/\/www.mydemenageur.com\/blog\/temoignage-nicolas-gros-bras\/#primaryimage\",\"url\":\"https:\/\/www.mydemenageur.com\/blog\/wp-content\/uploads\/2015\/04\/temoignage-nicolas-gros-bras.jpeg\",\"contentUrl\":\"https:\/\/www.mydemenageur.com\/blog\/wp-content\/uploads\/2015\/04\/temoignage-nicolas-gros-bras.jpeg\",\"width\":1000,\"height\":666,\"caption\":\"T\u00e9moignage de Nicolas, gros bras donnant des coups de main\"},{\"@type\":\"BreadcrumbList\",\"@id\":\"https:\/\/www.mydemenageur.com\/blog\/temoignage-nicolas-gros-bras\/#breadcrumb\",\"itemListElement\":[{\"@type\":\"ListItem\",\"position\":1,\"name\":\"Accueil\",\"item\":\"https:\/\/www.mydemenageur.com\/blog\/\"},{\"@type\":\"ListItem\",\"position\":2,\"name\":\"MyDemenageur\",\"item\":\"https:\/\/www.mydemenageur.com\/blog\/categorie\/demenagement\/\"},{\"@type\":\"ListItem\",\"position\":3,\"name\":\"T\u00e9moignage de Nicolas, gros bras donnant des coups de main\"}]},{\"@type\":\"WebSite\",\"@id\":\"https:\/\/www.mydemenageur.com\/blog\/#website\",\"url\":\"https:\/\/www.mydemenageur.com\/blog\/\",\"name\":\"MyDemenageur\",\"description\":\"Conseils d\u00e9m\u00e9ngement entre particuliers et d\u00e9m\u00e9nagement professionnel\",\"publisher\":{\"@id\":\"https:\/\/www.mydemenageur.com\/blog\/#organization\"},\"potentialAction\":[{\"@type\":\"SearchAction\",\"target\":{\"@type\":\"EntryPoint\",\"urlTemplate\":\"https:\/\/www.mydemenageur.com\/blog\/?s={search_term_string}\"},\"query-input\":{\"@type\":\"PropertyValueSpecification\",\"valueRequired\":true,\"valueName\":\"search_term_string\"}}],\"inLanguage\":\"fr-FR\"},{\"@type\":\"Organization\",\"@id\":\"https:\/\/www.mydemenageur.com\/blog\/#organization\",\"name\":\"MyDemenageur.com\",\"url\":\"https:\/\/www.mydemenageur.com\/blog\/\",\"logo\":{\"@type\":\"ImageObject\",\"inLanguage\":\"fr-FR\",\"@id\":\"https:\/\/www.mydemenageur.com\/blog\/#\/schema\/logo\/image\/\",\"url\":\"https:\/\/www.mydemenageur.com\/blog\/wp-content\/uploads\/2022\/05\/MyDemenageur_Symbol.jpg\",\"contentUrl\":\"https:\/\/www.mydemenageur.com\/blog\/wp-content\/uploads\/2022\/05\/MyDemenageur_Symbol.jpg\",\"width\":878,\"height\":877,\"caption\":\"MyDemenageur.com\"},\"image\":{\"@id\":\"https:\/\/www.mydemenageur.com\/blog\/#\/schema\/logo\/image\/\"},\"sameAs\":[\"https:\/\/www.facebook.com\/mydemenageur\",\"https:\/\/x.com\/mydemenageur\",\"https:\/\/www.pinterest.fr\/mydemenageur\/\"]},{\"@type\":\"Person\",\"@id\":\"https:\/\/www.mydemenageur.com\/blog\/#\/schema\/person\/4540dc333c2e7dc790f0f7bcd5b99569\",\"name\":\"Mathilde\",\"image\":{\"@type\":\"ImageObject\",\"inLanguage\":\"fr-FR\",\"@id\":\"https:\/\/www.mydemenageur.com\/blog\/#\/schema\/person\/image\/\",\"url\":\"https:\/\/secure.gravatar.com\/avatar\/abde069f6f70261ee6ecea93e0437d77?s=96&#038;r=g\",\"contentUrl\":\"https:\/\/secure.gravatar.com\/avatar\/abde069f6f70261ee6ecea93e0437d77?s=96&#038;r=g\",\"caption\":\"Mathilde\"},\"description\":\"L'harmonie des couleurs et des objets m'a toujours fascin\u00e9e, transformant chaque pi\u00e8ce en un lieu unique et agr\u00e9able \u00e0 vivre. Sur MyDemenageur, vous trouverez non seulement des inspirations personnelles, mais aussi des informations r\u00e9centes sur le monde de la d\u00e9coration, les projets de maison, le d\u00e9m\u00e9nagement et les travaux.\",\"url\":\"https:\/\/www.mydemenageur.com\/blog\/author\/mathilde\/\"}]}<\/script>\n<!-- \/ Yoast SEO Premium plugin. -->","yoast_head_json":{"title":"T\u00e9moignage de Nicolas, gros bras donnant des coups de main","description":"Retrouvez le t\u00e9moignage de Nicolas, qui est un de nos \"gros bras\" dans le d\u00e9partement du Gard depuis le mois de mars 2014.","robots":{"index":"index","follow":"follow","max-snippet":"max-snippet:-1","max-image-preview":"max-image-preview:large","max-video-preview":"max-video-preview:-1"},"canonical":"https:\/\/www.mydemenageur.com\/blog\/temoignage-nicolas-gros-bras\/","og_locale":"fr_FR","og_type":"article","og_title":"T\u00e9moignage de Nicolas, gros bras donnant des coups de main","og_description":"Retrouvez le t\u00e9moignage de Nicolas, qui est un de nos \"gros bras\" dans le d\u00e9partement du Gard depuis le mois de mars 2014.","og_url":"https:\/\/www.mydemenageur.com\/blog\/temoignage-nicolas-gros-bras\/","og_site_name":"MyDemenageur","article_publisher":"https:\/\/www.facebook.com\/mydemenageur","article_published_time":"2015-04-16T08:10:37+00:00","article_modified_time":"2021-08-27T07:40:44+00:00","og_image":[{"width":1000,"height":666,"url":"https:\/\/www.mydemenageur.com\/blog\/wp-content\/uploads\/2015\/04\/temoignage-nicolas-gros-bras.jpeg","type":"image\/jpeg"}],"author":"Mathilde","twitter_card":"summary_large_image","twitter_creator":"@mydemenageur","twitter_site":"@mydemenageur","twitter_misc":{"\u00c9crit par":"Mathilde","Dur\u00e9e de lecture estim\u00e9e":"3 minutes"},"schema":{"@context":"https:\/\/schema.org","@graph":[{"@type":"Article","@id":"https:\/\/www.mydemenageur.com\/blog\/temoignage-nicolas-gros-bras\/#article","isPartOf":{"@id":"https:\/\/www.mydemenageur.com\/blog\/temoignage-nicolas-gros-bras\/"},"author":{"name":"Mathilde","@id":"https:\/\/www.mydemenageur.com\/blog\/#\/schema\/person\/4540dc333c2e7dc790f0f7bcd5b99569"},"headline":"T\u00e9moignage de Nicolas, gros bras donnant des coups de main","datePublished":"2015-04-16T08:10:37+00:00","dateModified":"2021-08-27T07:40:44+00:00","mainEntityOfPage":{"@id":"https:\/\/www.mydemenageur.com\/blog\/temoignage-nicolas-gros-bras\/"},"wordCount":702,"commentCount":0,"publisher":{"@id":"https:\/\/www.mydemenageur.com\/blog\/#organization"},"image":{"@id":"https:\/\/www.mydemenageur.com\/blog\/temoignage-nicolas-gros-bras\/#primaryimage"},"thumbnailUrl":"https:\/\/www.mydemenageur.com\/blog\/wp-content\/uploads\/2015\/04\/temoignage-nicolas-gros-bras.jpeg","keywords":["Avis"],"articleSection":["MyDemenageur"],"inLanguage":"fr-FR","potentialAction":[{"@type":"CommentAction","name":"Comment","target":["https:\/\/www.mydemenageur.com\/blog\/temoignage-nicolas-gros-bras\/#respond"]}]},{"@type":"WebPage","@id":"https:\/\/www.mydemenageur.com\/blog\/temoignage-nicolas-gros-bras\/","url":"https:\/\/www.mydemenageur.com\/blog\/temoignage-nicolas-gros-bras\/","name":"T\u00e9moignage de Nicolas, gros bras donnant des coups de main","isPartOf":{"@id":"https:\/\/www.mydemenageur.com\/blog\/#website"},"primaryImageOfPage":{"@id":"https:\/\/www.mydemenageur.com\/blog\/temoignage-nicolas-gros-bras\/#primaryimage"},"image":{"@id":"https:\/\/www.mydemenageur.com\/blog\/temoignage-nicolas-gros-bras\/#primaryimage"},"thumbnailUrl":"https:\/\/www.mydemenageur.com\/blog\/wp-content\/uploads\/2015\/04\/temoignage-nicolas-gros-bras.jpeg","datePublished":"2015-04-16T08:10:37+00:00","dateModified":"2021-08-27T07:40:44+00:00","description":"Retrouvez le t\u00e9moignage de Nicolas, qui est un de nos \"gros bras\" dans le d\u00e9partement du Gard depuis le mois de mars 2014.","breadcrumb":{"@id":"https:\/\/www.mydemenageur.com\/blog\/temoignage-nicolas-gros-bras\/#breadcrumb"},"inLanguage":"fr-FR","potentialAction":[{"@type":"ReadAction","target":["https:\/\/www.mydemenageur.com\/blog\/temoignage-nicolas-gros-bras\/"]}]},{"@type":"ImageObject","inLanguage":"fr-FR","@id":"https:\/\/www.mydemenageur.com\/blog\/temoignage-nicolas-gros-bras\/#primaryimage","url":"https:\/\/www.mydemenageur.com\/blog\/wp-content\/uploads\/2015\/04\/temoignage-nicolas-gros-bras.jpeg","contentUrl":"https:\/\/www.mydemenageur.com\/blog\/wp-content\/uploads\/2015\/04\/temoignage-nicolas-gros-bras.jpeg","width":1000,"height":666,"caption":"T\u00e9moignage de Nicolas, gros bras donnant des coups de main"},{"@type":"BreadcrumbList","@id":"https:\/\/www.mydemenageur.com\/blog\/temoignage-nicolas-gros-bras\/#breadcrumb","itemListElement":[{"@type":"ListItem","position":1,"name":"Accueil","item":"https:\/\/www.mydemenageur.com\/blog\/"},{"@type":"ListItem","position":2,"name":"MyDemenageur","item":"https:\/\/www.mydemenageur.com\/blog\/categorie\/demenagement\/"},{"@type":"ListItem","position":3,"name":"T\u00e9moignage de Nicolas, gros bras donnant des coups de main"}]},{"@type":"WebSite","@id":"https:\/\/www.mydemenageur.com\/blog\/#website","url":"https:\/\/www.mydemenageur.com\/blog\/","name":"MyDemenageur","description":"Conseils d\u00e9m\u00e9ngement entre particuliers et d\u00e9m\u00e9nagement professionnel","publisher":{"@id":"https:\/\/www.mydemenageur.com\/blog\/#organization"},"potentialAction":[{"@type":"SearchAction","target":{"@type":"EntryPoint","urlTemplate":"https:\/\/www.mydemenageur.com\/blog\/?s={search_term_string}"},"query-input":{"@type":"PropertyValueSpecification","valueRequired":true,"valueName":"search_term_string"}}],"inLanguage":"fr-FR"},{"@type":"Organization","@id":"https:\/\/www.mydemenageur.com\/blog\/#organization","name":"MyDemenageur.com","url":"https:\/\/www.mydemenageur.com\/blog\/","logo":{"@type":"ImageObject","inLanguage":"fr-FR","@id":"https:\/\/www.mydemenageur.com\/blog\/#\/schema\/logo\/image\/","url":"https:\/\/www.mydemenageur.com\/blog\/wp-content\/uploads\/2022\/05\/MyDemenageur_Symbol.jpg","contentUrl":"https:\/\/www.mydemenageur.com\/blog\/wp-content\/uploads\/2022\/05\/MyDemenageur_Symbol.jpg","width":878,"height":877,"caption":"MyDemenageur.com"},"image":{"@id":"https:\/\/www.mydemenageur.com\/blog\/#\/schema\/logo\/image\/"},"sameAs":["https:\/\/www.facebook.com\/mydemenageur","https:\/\/x.com\/mydemenageur","https:\/\/www.pinterest.fr\/mydemenageur\/"]},{"@type":"Person","@id":"https:\/\/www.mydemenageur.com\/blog\/#\/schema\/person\/4540dc333c2e7dc790f0f7bcd5b99569","name":"Mathilde","image":{"@type":"ImageObject","inLanguage":"fr-FR","@id":"https:\/\/www.mydemenageur.com\/blog\/#\/schema\/person\/image\/","url":"https:\/\/secure.gravatar.com\/avatar\/abde069f6f70261ee6ecea93e0437d77?s=96&#038;r=g","contentUrl":"https:\/\/secure.gravatar.com\/avatar\/abde069f6f70261ee6ecea93e0437d77?s=96&#038;r=g","caption":"Mathilde"},"description":"L'harmonie des couleurs et des objets m'a toujours fascin\u00e9e, transformant chaque pi\u00e8ce en un lieu unique et agr\u00e9able \u00e0 vivre. Sur MyDemenageur, vous trouverez non seulement des inspirations personnelles, mais aussi des informations r\u00e9centes sur le monde de la d\u00e9coration, les projets de maison, le d\u00e9m\u00e9nagement et les travaux.","url":"https:\/\/www.mydemenageur.com\/blog\/author\/mathilde\/"}]}},"modified_by":"fabien","_links":{"self":[{"href":"https:\/\/www.mydemenageur.com\/blog\/wp-json\/wp\/v2\/posts\/294"}],"collection":[{"href":"https:\/\/www.mydemenageur.com\/blog\/wp-json\/wp\/v2\/posts"}],"about":[{"href":"https:\/\/www.mydemenageur.com\/blog\/wp-json\/wp\/v2\/types\/post"}],"author":[{"embeddable":true,"href":"https:\/\/www.mydemenageur.com\/blog\/wp-json\/wp\/v2\/users\/11"}],"replies":[{"embeddable":true,"href":"https:\/\/www.mydemenageur.com\/blog\/wp-json\/wp\/v2\/comments?post=294"}],"version-history":[{"count":0,"href":"https:\/\/www.mydemenageur.com\/blog\/wp-json\/wp\/v2\/posts\/294\/revisions"}],"wp:featuredmedia":[{"embeddable":true,"href":"https:\/\/www.mydemenageur.com\/blog\/wp-json\/wp\/v2\/media\/22527"}],"wp:attachment":[{"href":"https:\/\/www.mydemenageur.com\/blog\/wp-json\/wp\/v2\/media?parent=294"}],"wp:term":[{"taxonomy":"category","embeddable":true,"href":"https:\/\/www.mydemenageur.com\/blog\/wp-json\/wp\/v2\/categories?post=294"},{"taxonomy":"post_tag","embeddable":true,"href":"https:\/\/www.mydemenageur.com\/blog\/wp-json\/wp\/v2\/tags?post=294"}],"curies":[{"name":"wp","href":"https:\/\/api.w.org\/{rel}","templated":true}]}}